{"id":11518,"date":"2025-11-24T21:17:18","date_gmt":"2025-11-24T20:17:18","guid":{"rendered":"https:\/\/vieassociative.be\/actualites\/la-serie-de-concerts-caritatifs-noel-en-ville-2025-debute-le-30-novembre-a-leglise-paroissiale-de-kettenis\/"},"modified":"2025-11-24T21:17:18","modified_gmt":"2025-11-24T20:17:18","slug":"la-serie-de-concerts-caritatifs-noel-en-ville-2025-debute-le-30-novembre-a-leglise-paroissiale-de-kettenis","status":"publish","type":"post","link":"https:\/\/vieassociative.be\/actualites\/la-serie-de-concerts-caritatifs-noel-en-ville-2025-debute-le-30-novembre-a-leglise-paroissiale-de-kettenis\/","title":{"rendered":"La s\u00e9rie de concerts caritatifs \u00ab No\u00ebl en ville 2025 \u00bb d\u00e9bute le 30 novembre \u00e0 l&rsquo;\u00e9glise paroissiale de Kettenis."},"content":{"rendered":"<p><strong>C&rsquo;est une tradition \u00e0 Eupen-Kettenis depuis de nombreuses ann\u00e9es : la s\u00e9rie de concerts \u00ab No\u00ebl en ville \u00bb au profit des personnes dans le besoin parmi nous. L&rsquo;\u00e9dition de cette ann\u00e9e de \u00ab No\u00ebl en ville \u00bb d\u00e9bute le dimanche 30 novembre 2025 dans l&rsquo;\u00e9glise paroissiale Sainte-Catharina \u00e0 Kettenis.<\/strong><\/p>\n<p><span id=\"more-430377\"><\/span>Quatre soir\u00e9es de concerts avec dix ensembles et orchestres vocaux et instrumentaux locaux auront lieu les quatre dimanches pr\u00e9c\u00e9dant No\u00ebl dans quatre \u00e9glises paroissiales de la communaut\u00e9 d&rsquo;Eupen-Kettenis. Les concerts commencent \u00e0 19h. et l&rsquo;entr\u00e9e est gratuite. Le produit net des collectes et des dons profite \u00e0 l&rsquo;association Eupen Vinzenz, qui soutient les citoyens n\u00e9cessiteux de la ville depuis 1849.<\/p>\n<p>\u00c7a commence dimanche, le <strong>30 novembre 2025<\/strong>\u00e0 19 heures Da Capo suivi d&rsquo;un concert commun du Kgl Youth Orchestra. Harmonieorchester Eupen et Kgl. Harmonie de Kettenis.<\/p>\n<div id=\"attachment_117135\" class=\"wp-caption alignleft\" style=\"max-width: 300px\"><img fetchpriority=\"high\" decoding=\"async\" class=\"wp-image-117135 size-medium\" src=\"https:\/\/vieassociative.be\/actualites\/wp-content\/uploads\/2025\/11\/La-serie-de-concerts-caritatifs-Noel-en-ville-2025.jpeg\" alt=\"\" width=\"300\" height=\"200\"  ><\/div>\n<p>Sur <strong>7 d\u00e9cembre 2025<\/strong> suivez l&rsquo;Orchestre royal de mandolines, le C\u00e4cilienchor \u00e0 St. Nikolaus Eupen et le Royal. Ch\u0153ur d&rsquo;hommes Marienchor Eupen dans l&rsquo;\u00e9glise paroissiale Saint-Josef de la ville basse d&rsquo;Eupen.<\/p>\n<p>L&rsquo;ensemble kreuz + quer, le ch\u0153ur de femmes Voices et les Young Strings se produisent sur <strong>14 d\u00e9cembre 2025<\/strong> dans l&rsquo;\u00e9glise paroissiale Saint-Nicolas de la ville haute d&rsquo;Eupen.<\/p>\n<p>Le couronnement de la s\u00e9rie de concerts de cette ann\u00e9e a lieu <strong>21 d\u00e9cembre 2025<\/strong> dans l&rsquo;\u00e9glise du monast\u00e8re de la Rathausplatz, l&rsquo;ensemble vocal Cantabile et les cuivres de Quattro Lamiere, le public \u00e9tant invit\u00e9 pour la premi\u00e8re fois cette ann\u00e9e \u00e0 chanter.<\/p>\n<p>Les auditeurs peuvent s&rsquo;attendre \u00e0 une heure de divertissement musical et avant No\u00ebl ainsi qu&rsquo;\u00e0 la possibilit\u00e9 de faire un don pour aider \u00e0 r\u00e9duire la pauvret\u00e9 croissante de notre population.<\/p>\n<p><strong>Toutes les dates et lieux en un coup d&rsquo;\u0153il :<\/strong><\/p>\n<ul>\n<li>Dimanche 30 novembre 2025, \u00e9glise paroissiale Sainte-Catherine, Winkelstra\u00dfe Kettenis<\/li>\n<li>Dimanche 7 d\u00e9cembre 2025, \u00e9glise paroissiale Saint-Joseph, Eupen Unterstadt Haastra\u00dfe<\/li>\n<li>Dimanche 14 d\u00e9cembre 2023, \u00c9glise paroissiale Saint-Nicolas, Place du March\u00e9 d&rsquo;Eupen Oberstadt<\/li>\n<li>Dimanche 21 d\u00e9cembre 2023, \u00c9glise du Monast\u00e8re, Eupen Oberstadt Rathausplatz <\/li>\n<\/ul>\n<p>Le concert commence \u00e0 19h. La dur\u00e9e du concert est d&rsquo;environ 1 heure. L&rsquo;entr\u00e9e est gratuite &#8211; un don est demand\u00e9. Le produit net de tous les dons profite \u00e0 l&rsquo;Association Vinzenz Eupen (www.vinzenz.be). L&rsquo;organisateur est la VoG Christmas in the City, Eupen.<\/p>\n","protected":false},"excerpt":{"rendered":"<p>C&rsquo;est une tradition \u00e0 Eupen-Kettenis depuis de nombreuses ann\u00e9es : la s\u00e9rie de concerts \u00ab No\u00ebl en ville \u00bb au profit des personnes dans le<\/p>\n","protected":false},"author":1,"featured_media":11519,"comment_status":"","ping_status":"","sticky":false,"template":"","format":"standard","meta":{"footnotes":""},"categories":[298],"tags":[9348,8384,9349,4467,3649,1557,1894,9350,606,684],"class_list":["post-11518","post","type-post","status-publish","format-standard","has-post-thumbnail","hentry","category-belgique","tag-caritatifs","tag-concerts","tag-debute","tag-kettenis","tag-leglise","tag-noel","tag-novembre","tag-paroissiale","tag-serie","tag-ville","generate-columns","tablet-grid-50","mobile-grid-100","grid-parent","grid-33"],"yoast_head":"<!-- This site is optimized with the Yoast SEO plugin v24.0 - https:\/\/yoast.com\/wordpress\/plugins\/seo\/ -->\n<title>La s\u00e9rie de concerts caritatifs \u00ab No\u00ebl en ville 2025 \u00bb d\u00e9bute le 30 novembre \u00e0 l&#039;\u00e9glise paroissiale de Kettenis. | Vie Associative<\/title>\n<meta name=\"robots\" content=\"index, follow, max-snippet:-1, max-image-preview:large, max-video-preview:-1\" \/>\n<link rel=\"canonical\" href=\"https:\/\/vieassociative.be\/actualites\/la-serie-de-concerts-caritatifs-noel-en-ville-2025-debute-le-30-novembre-a-leglise-paroissiale-de-kettenis\/\" \/>\n<meta property=\"og:locale\" content=\"fr_FR\" \/>\n<meta property=\"og:type\" content=\"article\" \/>\n<meta property=\"og:title\" content=\"La s\u00e9rie de concerts caritatifs \u00ab No\u00ebl en ville 2025 \u00bb d\u00e9bute le 30 novembre \u00e0 l&#039;\u00e9glise paroissiale de Kettenis. | Vie Associative\" \/>\n<meta property=\"og:description\" content=\"C&rsquo;est une tradition \u00e0 Eupen-Kettenis depuis de nombreuses ann\u00e9es : la s\u00e9rie de concerts \u00ab No\u00ebl en ville \u00bb au profit des personnes dans le\" \/>\n<meta property=\"og:url\" content=\"https:\/\/vieassociative.be\/actualites\/la-serie-de-concerts-caritatifs-noel-en-ville-2025-debute-le-30-novembre-a-leglise-paroissiale-de-kettenis\/\" \/>\n<meta property=\"og:site_name\" content=\"Vie Associative\" \/>\n<meta property=\"article:published_time\" content=\"2025-11-24T20:17:18+00:00\" \/>\n<meta property=\"og:image\" content=\"https:\/\/vieassociative.be\/actualites\/wp-content\/uploads\/2024\/09\/header_backgroundk-01-e1726694325946.png\" \/>\n\t<meta property=\"og:image:width\" content=\"279\" \/>\n\t<meta property=\"og:image:height\" content=\"92\" \/>\n\t<meta property=\"og:image:type\" content=\"image\/png\" \/>\n<meta name=\"author\" content=\"Julien\" \/>\n<meta name=\"twitter:card\" content=\"summary_large_image\" \/>\n<meta name=\"twitter:label1\" content=\"\u00c9crit par\" \/>\n\t<meta name=\"twitter:data1\" content=\"Julien\" \/>\n\t<meta name=\"twitter:label2\" content=\"Dur\u00e9e de lecture est.\" \/>\n\t<meta name=\"twitter:data2\" content=\"2 minutes\" \/>\n<script type=\"application\/ld+json\" class=\"yoast-schema-graph\">{\"@context\":\"https:\/\/schema.org\",\"@graph\":[{\"@type\":\"Article\",\"@id\":\"https:\/\/vieassociative.be\/actualites\/la-serie-de-concerts-caritatifs-noel-en-ville-2025-debute-le-30-novembre-a-leglise-paroissiale-de-kettenis\/#article\",\"isPartOf\":{\"@id\":\"https:\/\/vieassociative.be\/actualites\/la-serie-de-concerts-caritatifs-noel-en-ville-2025-debute-le-30-novembre-a-leglise-paroissiale-de-kettenis\/\"},\"author\":{\"name\":\"Julien\",\"@id\":\"https:\/\/vieassociative.be\/actualites\/#\/schema\/person\/b87ac4f82f9d4e7b7cec7395b679edc4\"},\"headline\":\"La s\u00e9rie de concerts caritatifs \u00ab No\u00ebl en ville 2025 \u00bb d\u00e9bute le 30 novembre \u00e0 l&rsquo;\u00e9glise paroissiale de Kettenis.\",\"datePublished\":\"2025-11-24T20:17:18+00:00\",\"dateModified\":\"2025-11-24T20:17:18+00:00\",\"mainEntityOfPage\":{\"@id\":\"https:\/\/vieassociative.be\/actualites\/la-serie-de-concerts-caritatifs-noel-en-ville-2025-debute-le-30-novembre-a-leglise-paroissiale-de-kettenis\/\"},\"wordCount\":402,\"publisher\":{\"@id\":\"https:\/\/vieassociative.be\/actualites\/#organization\"},\"image\":{\"@id\":\"https:\/\/vieassociative.be\/actualites\/la-serie-de-concerts-caritatifs-noel-en-ville-2025-debute-le-30-novembre-a-leglise-paroissiale-de-kettenis\/#primaryimage\"},\"thumbnailUrl\":\"https:\/\/vieassociative.be\/actualites\/wp-content\/uploads\/2025\/11\/La-serie-de-concerts-caritatifs-Noel-en-ville-2025.jpg\",\"keywords\":[\"caritatifs\",\"concerts\",\"d\u00e9bute\",\"KETTENIS\",\"l\u00c9glise\",\"No\u00ebl\",\"novembre\",\"paroissiale\",\"s\u00e9rie\",\"ville\"],\"articleSection\":[\"Belgique\"],\"inLanguage\":\"fr-BE\"},{\"@type\":\"WebPage\",\"@id\":\"https:\/\/vieassociative.be\/actualites\/la-serie-de-concerts-caritatifs-noel-en-ville-2025-debute-le-30-novembre-a-leglise-paroissiale-de-kettenis\/\",\"url\":\"https:\/\/vieassociative.be\/actualites\/la-serie-de-concerts-caritatifs-noel-en-ville-2025-debute-le-30-novembre-a-leglise-paroissiale-de-kettenis\/\",\"name\":\"La s\u00e9rie de concerts caritatifs \u00ab No\u00ebl en ville 2025 \u00bb d\u00e9bute le 30 novembre \u00e0 l'\u00e9glise paroissiale de Kettenis. | Vie Associative\",\"isPartOf\":{\"@id\":\"https:\/\/vieassociative.be\/actualites\/#website\"},\"primaryImageOfPage\":{\"@id\":\"https:\/\/vieassociative.be\/actualites\/la-serie-de-concerts-caritatifs-noel-en-ville-2025-debute-le-30-novembre-a-leglise-paroissiale-de-kettenis\/#primaryimage\"},\"image\":{\"@id\":\"https:\/\/vieassociative.be\/actualites\/la-serie-de-concerts-caritatifs-noel-en-ville-2025-debute-le-30-novembre-a-leglise-paroissiale-de-kettenis\/#primaryimage\"},\"thumbnailUrl\":\"https:\/\/vieassociative.be\/actualites\/wp-content\/uploads\/2025\/11\/La-serie-de-concerts-caritatifs-Noel-en-ville-2025.jpg\",\"datePublished\":\"2025-11-24T20:17:18+00:00\",\"dateModified\":\"2025-11-24T20:17:18+00:00\",\"breadcrumb\":{\"@id\":\"https:\/\/vieassociative.be\/actualites\/la-serie-de-concerts-caritatifs-noel-en-ville-2025-debute-le-30-novembre-a-leglise-paroissiale-de-kettenis\/#breadcrumb\"},\"inLanguage\":\"fr-BE\",\"potentialAction\":[{\"@type\":\"ReadAction\",\"target\":[\"https:\/\/vieassociative.be\/actualites\/la-serie-de-concerts-caritatifs-noel-en-ville-2025-debute-le-30-novembre-a-leglise-paroissiale-de-kettenis\/\"]}]},{\"@type\":\"ImageObject\",\"inLanguage\":\"fr-BE\",\"@id\":\"https:\/\/vieassociative.be\/actualites\/la-serie-de-concerts-caritatifs-noel-en-ville-2025-debute-le-30-novembre-a-leglise-paroissiale-de-kettenis\/#primaryimage\",\"url\":\"https:\/\/vieassociative.be\/actualites\/wp-content\/uploads\/2025\/11\/La-serie-de-concerts-caritatifs-Noel-en-ville-2025.jpg\",\"contentUrl\":\"https:\/\/vieassociative.be\/actualites\/wp-content\/uploads\/2025\/11\/La-serie-de-concerts-caritatifs-Noel-en-ville-2025.jpg\",\"width\":900,\"height\":595,\"caption\":\"La s\u00e9rie de concerts caritatifs \u00ab No\u00ebl en ville 2025 \u00bb d\u00e9bute le 30 novembre \u00e0 l'\u00e9glise paroissiale de Kettenis.\"},{\"@type\":\"BreadcrumbList\",\"@id\":\"https:\/\/vieassociative.be\/actualites\/la-serie-de-concerts-caritatifs-noel-en-ville-2025-debute-le-30-novembre-a-leglise-paroissiale-de-kettenis\/#breadcrumb\",\"itemListElement\":[{\"@type\":\"ListItem\",\"position\":1,\"name\":\"Accueil\",\"item\":\"https:\/\/vieassociative.be\/actualites\/\"},{\"@type\":\"ListItem\",\"position\":2,\"name\":\"La s\u00e9rie de concerts caritatifs \u00ab No\u00ebl en ville 2025 \u00bb d\u00e9bute le 30 novembre \u00e0 l&rsquo;\u00e9glise paroissiale de Kettenis.\"}]},{\"@type\":\"WebSite\",\"@id\":\"https:\/\/vieassociative.be\/actualites\/#website\",\"url\":\"https:\/\/vieassociative.be\/actualites\/\",\"name\":\"Vie Associative\",\"description\":\"\",\"publisher\":{\"@id\":\"https:\/\/vieassociative.be\/actualites\/#organization\"},\"potentialAction\":[{\"@type\":\"SearchAction\",\"target\":{\"@type\":\"EntryPoint\",\"urlTemplate\":\"https:\/\/vieassociative.be\/actualites\/?s={search_term_string}\"},\"query-input\":{\"@type\":\"PropertyValueSpecification\",\"valueRequired\":true,\"valueName\":\"search_term_string\"}}],\"inLanguage\":\"fr-BE\"},{\"@type\":\"Organization\",\"@id\":\"https:\/\/vieassociative.be\/actualites\/#organization\",\"name\":\"Vie Associative\",\"url\":\"https:\/\/vieassociative.be\/actualites\/\",\"logo\":{\"@type\":\"ImageObject\",\"inLanguage\":\"fr-BE\",\"@id\":\"https:\/\/vieassociative.be\/actualites\/#\/schema\/logo\/image\/\",\"url\":\"https:\/\/vieassociative.be\/actualites\/wp-content\/uploads\/2024\/09\/cropped-vieassociative_favicon.ico.png\",\"contentUrl\":\"https:\/\/vieassociative.be\/actualites\/wp-content\/uploads\/2024\/09\/cropped-vieassociative_favicon.ico.png\",\"width\":512,\"height\":512,\"caption\":\"Vie Associative\"},\"image\":{\"@id\":\"https:\/\/vieassociative.be\/actualites\/#\/schema\/logo\/image\/\"}},{\"@type\":\"Person\",\"@id\":\"https:\/\/vieassociative.be\/actualites\/#\/schema\/person\/b87ac4f82f9d4e7b7cec7395b679edc4\",\"name\":\"Julien\",\"image\":{\"@type\":\"ImageObject\",\"inLanguage\":\"fr-BE\",\"@id\":\"https:\/\/vieassociative.be\/actualites\/#\/schema\/person\/image\/\",\"url\":\"https:\/\/vieassociative.be\/actualites\/wp-content\/uploads\/2024\/09\/vie-associative-1-150x150.jpg\",\"contentUrl\":\"https:\/\/vieassociative.be\/actualites\/wp-content\/uploads\/2024\/09\/vie-associative-1-150x150.jpg\",\"caption\":\"Julien\"},\"description\":\"Je suis Julien, r\u00e9dacteur pour Vie Associative. Passionn\u00e9 par le monde associatif depuis plus de 10 ans, j'ai \u00e0 c\u0153ur de partager des histoires inspirantes et de mettre en lumi\u00e8re les initiatives locales. Mon objectif est de sensibiliser et d'encourager l'engagement communautaire \u00e0 travers mes articles.\",\"sameAs\":[\"https:\/\/vieassociative.be\/\"]}]}<\/script>\n<!-- \/ Yoast SEO plugin. -->","yoast_head_json":{"title":"La s\u00e9rie de concerts caritatifs \u00ab No\u00ebl en ville 2025 \u00bb d\u00e9bute le 30 novembre \u00e0 l'\u00e9glise paroissiale de Kettenis. | Vie Associative","robots":{"index":"index","follow":"follow","max-snippet":"max-snippet:-1","max-image-preview":"max-image-preview:large","max-video-preview":"max-video-preview:-1"},"canonical":"https:\/\/vieassociative.be\/actualites\/la-serie-de-concerts-caritatifs-noel-en-ville-2025-debute-le-30-novembre-a-leglise-paroissiale-de-kettenis\/","og_locale":"fr_FR","og_type":"article","og_title":"La s\u00e9rie de concerts caritatifs \u00ab No\u00ebl en ville 2025 \u00bb d\u00e9bute le 30 novembre \u00e0 l'\u00e9glise paroissiale de Kettenis. | Vie Associative","og_description":"C&rsquo;est une tradition \u00e0 Eupen-Kettenis depuis de nombreuses ann\u00e9es : la s\u00e9rie de concerts \u00ab No\u00ebl en ville \u00bb au profit des personnes dans le","og_url":"https:\/\/vieassociative.be\/actualites\/la-serie-de-concerts-caritatifs-noel-en-ville-2025-debute-le-30-novembre-a-leglise-paroissiale-de-kettenis\/","og_site_name":"Vie Associative","article_published_time":"2025-11-24T20:17:18+00:00","og_image":[{"width":279,"height":92,"url":"https:\/\/vieassociative.be\/actualites\/wp-content\/uploads\/2024\/09\/header_backgroundk-01-e1726694325946.png","type":"image\/png"}],"author":"Julien","twitter_card":"summary_large_image","twitter_misc":{"\u00c9crit par":"Julien","Dur\u00e9e de lecture est.":"2 minutes"},"schema":{"@context":"https:\/\/schema.org","@graph":[{"@type":"Article","@id":"https:\/\/vieassociative.be\/actualites\/la-serie-de-concerts-caritatifs-noel-en-ville-2025-debute-le-30-novembre-a-leglise-paroissiale-de-kettenis\/#article","isPartOf":{"@id":"https:\/\/vieassociative.be\/actualites\/la-serie-de-concerts-caritatifs-noel-en-ville-2025-debute-le-30-novembre-a-leglise-paroissiale-de-kettenis\/"},"author":{"name":"Julien","@id":"https:\/\/vieassociative.be\/actualites\/#\/schema\/person\/b87ac4f82f9d4e7b7cec7395b679edc4"},"headline":"La s\u00e9rie de concerts caritatifs \u00ab No\u00ebl en ville 2025 \u00bb d\u00e9bute le 30 novembre \u00e0 l&rsquo;\u00e9glise paroissiale de Kettenis.","datePublished":"2025-11-24T20:17:18+00:00","dateModified":"2025-11-24T20:17:18+00:00","mainEntityOfPage":{"@id":"https:\/\/vieassociative.be\/actualites\/la-serie-de-concerts-caritatifs-noel-en-ville-2025-debute-le-30-novembre-a-leglise-paroissiale-de-kettenis\/"},"wordCount":402,"publisher":{"@id":"https:\/\/vieassociative.be\/actualites\/#organization"},"image":{"@id":"https:\/\/vieassociative.be\/actualites\/la-serie-de-concerts-caritatifs-noel-en-ville-2025-debute-le-30-novembre-a-leglise-paroissiale-de-kettenis\/#primaryimage"},"thumbnailUrl":"https:\/\/vieassociative.be\/actualites\/wp-content\/uploads\/2025\/11\/La-serie-de-concerts-caritatifs-Noel-en-ville-2025.jpg","keywords":["caritatifs","concerts","d\u00e9bute","KETTENIS","l\u00c9glise","No\u00ebl","novembre","paroissiale","s\u00e9rie","ville"],"articleSection":["Belgique"],"inLanguage":"fr-BE"},{"@type":"WebPage","@id":"https:\/\/vieassociative.be\/actualites\/la-serie-de-concerts-caritatifs-noel-en-ville-2025-debute-le-30-novembre-a-leglise-paroissiale-de-kettenis\/","url":"https:\/\/vieassociative.be\/actualites\/la-serie-de-concerts-caritatifs-noel-en-ville-2025-debute-le-30-novembre-a-leglise-paroissiale-de-kettenis\/","name":"La s\u00e9rie de concerts caritatifs \u00ab No\u00ebl en ville 2025 \u00bb d\u00e9bute le 30 novembre \u00e0 l'\u00e9glise paroissiale de Kettenis. | Vie Associative","isPartOf":{"@id":"https:\/\/vieassociative.be\/actualites\/#website"},"primaryImageOfPage":{"@id":"https:\/\/vieassociative.be\/actualites\/la-serie-de-concerts-caritatifs-noel-en-ville-2025-debute-le-30-novembre-a-leglise-paroissiale-de-kettenis\/#primaryimage"},"image":{"@id":"https:\/\/vieassociative.be\/actualites\/la-serie-de-concerts-caritatifs-noel-en-ville-2025-debute-le-30-novembre-a-leglise-paroissiale-de-kettenis\/#primaryimage"},"thumbnailUrl":"https:\/\/vieassociative.be\/actualites\/wp-content\/uploads\/2025\/11\/La-serie-de-concerts-caritatifs-Noel-en-ville-2025.jpg","datePublished":"2025-11-24T20:17:18+00:00","dateModified":"2025-11-24T20:17:18+00:00","breadcrumb":{"@id":"https:\/\/vieassociative.be\/actualites\/la-serie-de-concerts-caritatifs-noel-en-ville-2025-debute-le-30-novembre-a-leglise-paroissiale-de-kettenis\/#breadcrumb"},"inLanguage":"fr-BE","potentialAction":[{"@type":"ReadAction","target":["https:\/\/vieassociative.be\/actualites\/la-serie-de-concerts-caritatifs-noel-en-ville-2025-debute-le-30-novembre-a-leglise-paroissiale-de-kettenis\/"]}]},{"@type":"ImageObject","inLanguage":"fr-BE","@id":"https:\/\/vieassociative.be\/actualites\/la-serie-de-concerts-caritatifs-noel-en-ville-2025-debute-le-30-novembre-a-leglise-paroissiale-de-kettenis\/#primaryimage","url":"https:\/\/vieassociative.be\/actualites\/wp-content\/uploads\/2025\/11\/La-serie-de-concerts-caritatifs-Noel-en-ville-2025.jpg","contentUrl":"https:\/\/vieassociative.be\/actualites\/wp-content\/uploads\/2025\/11\/La-serie-de-concerts-caritatifs-Noel-en-ville-2025.jpg","width":900,"height":595,"caption":"La s\u00e9rie de concerts caritatifs \u00ab No\u00ebl en ville 2025 \u00bb d\u00e9bute le 30 novembre \u00e0 l'\u00e9glise paroissiale de Kettenis."},{"@type":"BreadcrumbList","@id":"https:\/\/vieassociative.be\/actualites\/la-serie-de-concerts-caritatifs-noel-en-ville-2025-debute-le-30-novembre-a-leglise-paroissiale-de-kettenis\/#breadcrumb","itemListElement":[{"@type":"ListItem","position":1,"name":"Accueil","item":"https:\/\/vieassociative.be\/actualites\/"},{"@type":"ListItem","position":2,"name":"La s\u00e9rie de concerts caritatifs \u00ab No\u00ebl en ville 2025 \u00bb d\u00e9bute le 30 novembre \u00e0 l&rsquo;\u00e9glise paroissiale de Kettenis."}]},{"@type":"WebSite","@id":"https:\/\/vieassociative.be\/actualites\/#website","url":"https:\/\/vieassociative.be\/actualites\/","name":"Vie Associative","description":"","publisher":{"@id":"https:\/\/vieassociative.be\/actualites\/#organization"},"potentialAction":[{"@type":"SearchAction","target":{"@type":"EntryPoint","urlTemplate":"https:\/\/vieassociative.be\/actualites\/?s={search_term_string}"},"query-input":{"@type":"PropertyValueSpecification","valueRequired":true,"valueName":"search_term_string"}}],"inLanguage":"fr-BE"},{"@type":"Organization","@id":"https:\/\/vieassociative.be\/actualites\/#organization","name":"Vie Associative","url":"https:\/\/vieassociative.be\/actualites\/","logo":{"@type":"ImageObject","inLanguage":"fr-BE","@id":"https:\/\/vieassociative.be\/actualites\/#\/schema\/logo\/image\/","url":"https:\/\/vieassociative.be\/actualites\/wp-content\/uploads\/2024\/09\/cropped-vieassociative_favicon.ico.png","contentUrl":"https:\/\/vieassociative.be\/actualites\/wp-content\/uploads\/2024\/09\/cropped-vieassociative_favicon.ico.png","width":512,"height":512,"caption":"Vie Associative"},"image":{"@id":"https:\/\/vieassociative.be\/actualites\/#\/schema\/logo\/image\/"}},{"@type":"Person","@id":"https:\/\/vieassociative.be\/actualites\/#\/schema\/person\/b87ac4f82f9d4e7b7cec7395b679edc4","name":"Julien","image":{"@type":"ImageObject","inLanguage":"fr-BE","@id":"https:\/\/vieassociative.be\/actualites\/#\/schema\/person\/image\/","url":"https:\/\/vieassociative.be\/actualites\/wp-content\/uploads\/2024\/09\/vie-associative-1-150x150.jpg","contentUrl":"https:\/\/vieassociative.be\/actualites\/wp-content\/uploads\/2024\/09\/vie-associative-1-150x150.jpg","caption":"Julien"},"description":"Je suis Julien, r\u00e9dacteur pour Vie Associative. Passionn\u00e9 par le monde associatif depuis plus de 10 ans, j'ai \u00e0 c\u0153ur de partager des histoires inspirantes et de mettre en lumi\u00e8re les initiatives locales. Mon objectif est de sensibiliser et d'encourager l'engagement communautaire \u00e0 travers mes articles.","sameAs":["https:\/\/vieassociative.be\/"]}]}},"_links":{"self":[{"href":"https:\/\/vieassociative.be\/actualites\/wp-json\/wp\/v2\/posts\/11518"}],"collection":[{"href":"https:\/\/vieassociative.be\/actualites\/wp-json\/wp\/v2\/posts"}],"about":[{"href":"https:\/\/vieassociative.be\/actualites\/wp-json\/wp\/v2\/types\/post"}],"author":[{"embeddable":true,"href":"https:\/\/vieassociative.be\/actualites\/wp-json\/wp\/v2\/users\/1"}],"replies":[{"embeddable":true,"href":"https:\/\/vieassociative.be\/actualites\/wp-json\/wp\/v2\/comments?post=11518"}],"version-history":[{"count":0,"href":"https:\/\/vieassociative.be\/actualites\/wp-json\/wp\/v2\/posts\/11518\/revisions"}],"wp:featuredmedia":[{"embeddable":true,"href":"https:\/\/vieassociative.be\/actualites\/wp-json\/wp\/v2\/media\/11519"}],"wp:attachment":[{"href":"https:\/\/vieassociative.be\/actualites\/wp-json\/wp\/v2\/media?parent=11518"}],"wp:term":[{"taxonomy":"category","embeddable":true,"href":"https:\/\/vieassociative.be\/actualites\/wp-json\/wp\/v2\/categories?post=11518"},{"taxonomy":"post_tag","embeddable":true,"href":"https:\/\/vieassociative.be\/actualites\/wp-json\/wp\/v2\/tags?post=11518"}],"curies":[{"name":"wp","href":"https:\/\/api.w.org\/{rel}","templated":true}]}}