{"id":11511,"date":"2025-11-24T15:18:29","date_gmt":"2025-11-24T14:18:29","guid":{"rendered":"https:\/\/vieassociative.be\/actualites\/le-gouvernement-parvient-a-un-accord-sur-le-budget-2026-tva-indexation-des-salaires-et-taxe-sur-les-colis\/"},"modified":"2025-11-24T15:18:29","modified_gmt":"2025-11-24T14:18:29","slug":"le-gouvernement-parvient-a-un-accord-sur-le-budget-2026-tva-indexation-des-salaires-et-taxe-sur-les-colis","status":"publish","type":"post","link":"https:\/\/vieassociative.be\/actualites\/le-gouvernement-parvient-a-un-accord-sur-le-budget-2026-tva-indexation-des-salaires-et-taxe-sur-les-colis\/","title":{"rendered":"Le gouvernement parvient \u00e0 un accord sur le budget 2026 : TVA, indexation des salaires et taxe sur les colis\u2026"},"content":{"rendered":"<p><strong>Le gouvernement f\u00e9d\u00e9ral est parvenu \u00e0 un accord sur le budget t\u00f4t le matin, mettant ainsi fin \u00e0 des semaines d&rsquo;incertitude politique. Au total, des \u00e9conomies de 9,2 milliards d\u2019euros seront r\u00e9alis\u00e9es d\u2019ici 2029, r\u00e9parties entre revenus et d\u00e9penses.<\/strong><\/p>\n<p><span id=\"more-430348\"><\/span>Les efforts d&rsquo;\u00e9conomies reposent notamment sur une modification de la TVA sur certains produits, une modification de l&rsquo;indice des salaires sup\u00e9rieurs \u00e0 4 000 euros bruts et des allocations (par exemple allocations de ch\u00f4mage) sup\u00e9rieures \u00e0 2 000 euros, une r\u00e9insertion des malades de longue dur\u00e9e sur le march\u00e9 du travail et une contribution des plus riches \u00e0 travers une augmentation de la taxe sur les comptes-titres. Le gouvernement a \u00e9galement adopt\u00e9 un certain nombre d&rsquo;accords sur la r\u00e9forme des retraites.<\/p>\n<p>Les taux de TVA de 6 pour cent, 12 pour cent et 21 pour cent resteront inchang\u00e9s, mais certains produits seront reclass\u00e9s d&rsquo;une cat\u00e9gorie \u00e0 une autre. Cela s&rsquo;applique par exemple aux nuit\u00e9es dans les h\u00f4tels et campings, aux activit\u00e9s sportives et de loisirs, aux plats \u00e0 emporter et aux boissons non alcoolis\u00e9es, qui sont d\u00e9sormais tax\u00e9es \u00e0 12 pour cent. Les colis en provenance de pays hors UE sont tax\u00e9s \u00e0 2 euros.<\/p>\n<div id=\"attachment_420581\" class=\"wp-caption alignleft\" style=\"max-width: 300px\"><img fetchpriority=\"high\" decoding=\"async\" class=\"wp-image-420581 size-medium\" src=\"https:\/\/vieassociative.be\/actualites\/wp-content\/uploads\/2025\/09\/1756865990_588_Le-gouvernement-parvient-a-laccord-Belgique-pour-la-reconnaissance-dun.jpg\" alt=\"\" width=\"300\" height=\"200\"><\/div>\n<p>Le taux de TVA sur les pesticides passe de 12 pour cent \u00e0 21 pour cent. La taxe de 10 euros sur les billets d&rsquo;avion court-courrier sera augment\u00e9e de 0,50 pour cent par an de 2027 \u00e0 2029. La taxe d&rsquo;accise (et non la TVA) sur le gaz naturel pour les m\u00e9nages priv\u00e9s sera augment\u00e9e de 6 pour cent \u00e0 12 pour cent pour anticiper un taux de TVA de 21 pour cent d&rsquo;ici 2030, conform\u00e9ment aux directives de l&rsquo;UE.<\/p>\n<p>Toutefois, la taxe \u00e0 la consommation sur l&rsquo;\u00e9lectricit\u00e9 sera r\u00e9duite. Le budget pr\u00e9voit \u00e9galement une augmentation des droits d&rsquo;accises sur le diesel et l&rsquo;essence de 50 millions d&rsquo;euros. Cette mesure permettra de r\u00e9colter environ 1,3 milliard d&rsquo;euros.<\/p>\n<p>Le m\u00e9canisme d\u2019indexation des salaires reste en place et il n\u2019y a pas de hausse de l\u2019indice. Comme auparavant, les salaires inf\u00e9rieurs \u00e0 4 000 euros seront enti\u00e8rement index\u00e9s. \u00c0 deux reprises au cours de la l\u00e9gislature, les salaires sup\u00e9rieurs \u00e0 4 000 euros bruts et les indemnit\u00e9s sup\u00e9rieures \u00e0 2 000 euros bruts sont index\u00e9s forfaitairement. Par exemple, un salaire brut de 5 000 euros est index\u00e9 comme un salaire brut de 4 000 euros. Et une allocation de 2 200 euros brut est index\u00e9e sur la base de 2 000 euros brut.<\/p>\n<p>La taxe sur les comptes-titres passera de 0,15 pour cent \u00e0 0,30 pour cent. Une taxe suppl\u00e9mentaire sur les banques rapporterait 150 millions d&rsquo;euros par an. 377 inspecteurs seront embauch\u00e9s pour 38 millions d&rsquo;euros pour lutter contre la fraude sociale et fiscale. Un parquet national financier, comme en France, sera cr\u00e9\u00e9. (cr\u00e9er)<\/p>\n","protected":false},"excerpt":{"rendered":"<p>Le gouvernement f\u00e9d\u00e9ral est parvenu \u00e0 un accord sur le budget t\u00f4t le matin, mettant ainsi fin \u00e0 des semaines d&rsquo;incertitude politique. Au total, des<\/p>\n","protected":false},"author":1,"featured_media":11512,"comment_status":"","ping_status":"","sticky":false,"template":"","format":"standard","meta":{"footnotes":""},"categories":[298],"tags":[1628,5216,9346,29,615,9344,14,3820,9345,33,7254,9343],"class_list":["post-11511","post","type-post","status-publish","format-standard","has-post-thumbnail","hentry","category-belgique","tag-accord","tag-budget","tag-colis","tag-des","tag-gouvernement","tag-indexation","tag-les","tag-parvient","tag-salaires","tag-sur","tag-taxe","tag-tva","generate-columns","tablet-grid-50","mobile-grid-100","grid-parent","grid-33"],"yoast_head":"<!-- This site is optimized with the Yoast SEO plugin v24.0 - https:\/\/yoast.com\/wordpress\/plugins\/seo\/ -->\n<title>Le gouvernement parvient \u00e0 un accord sur le budget 2026 : TVA, indexation des salaires et taxe sur les colis\u2026 | Vie Associative<\/title>\n<meta name=\"robots\" content=\"index, follow, max-snippet:-1, max-image-preview:large, max-video-preview:-1\" \/>\n<link rel=\"canonical\" href=\"https:\/\/vieassociative.be\/actualites\/le-gouvernement-parvient-a-un-accord-sur-le-budget-2026-tva-indexation-des-salaires-et-taxe-sur-les-colis\/\" \/>\n<meta property=\"og:locale\" content=\"fr_FR\" \/>\n<meta property=\"og:type\" content=\"article\" \/>\n<meta property=\"og:title\" content=\"Le gouvernement parvient \u00e0 un accord sur le budget 2026 : TVA, indexation des salaires et taxe sur les colis\u2026 | Vie Associative\" \/>\n<meta property=\"og:description\" content=\"Le gouvernement f\u00e9d\u00e9ral est parvenu \u00e0 un accord sur le budget t\u00f4t le matin, mettant ainsi fin \u00e0 des semaines d&rsquo;incertitude politique. Au total, des\" \/>\n<meta property=\"og:url\" content=\"https:\/\/vieassociative.be\/actualites\/le-gouvernement-parvient-a-un-accord-sur-le-budget-2026-tva-indexation-des-salaires-et-taxe-sur-les-colis\/\" \/>\n<meta property=\"og:site_name\" content=\"Vie Associative\" \/>\n<meta property=\"article:published_time\" content=\"2025-11-24T14:18:29+00:00\" \/>\n<meta property=\"og:image\" content=\"https:\/\/vieassociative.be\/actualites\/wp-content\/uploads\/2024\/09\/header_backgroundk-01-e1726694325946.png\" \/>\n\t<meta property=\"og:image:width\" content=\"279\" \/>\n\t<meta property=\"og:image:height\" content=\"92\" \/>\n\t<meta property=\"og:image:type\" content=\"image\/png\" \/>\n<meta name=\"author\" content=\"Julien\" \/>\n<meta name=\"twitter:card\" content=\"summary_large_image\" \/>\n<meta name=\"twitter:label1\" content=\"\u00c9crit par\" \/>\n\t<meta name=\"twitter:data1\" content=\"Julien\" \/>\n\t<meta name=\"twitter:label2\" content=\"Dur\u00e9e de lecture est.\" \/>\n\t<meta name=\"twitter:data2\" content=\"2 minutes\" \/>\n<script type=\"application\/ld+json\" class=\"yoast-schema-graph\">{\"@context\":\"https:\/\/schema.org\",\"@graph\":[{\"@type\":\"Article\",\"@id\":\"https:\/\/vieassociative.be\/actualites\/le-gouvernement-parvient-a-un-accord-sur-le-budget-2026-tva-indexation-des-salaires-et-taxe-sur-les-colis\/#article\",\"isPartOf\":{\"@id\":\"https:\/\/vieassociative.be\/actualites\/le-gouvernement-parvient-a-un-accord-sur-le-budget-2026-tva-indexation-des-salaires-et-taxe-sur-les-colis\/\"},\"author\":{\"name\":\"Julien\",\"@id\":\"https:\/\/vieassociative.be\/actualites\/#\/schema\/person\/b87ac4f82f9d4e7b7cec7395b679edc4\"},\"headline\":\"Le gouvernement parvient \u00e0 un accord sur le budget 2026 : TVA, indexation des salaires et taxe sur les colis\u2026\",\"datePublished\":\"2025-11-24T14:18:29+00:00\",\"dateModified\":\"2025-11-24T14:18:29+00:00\",\"mainEntityOfPage\":{\"@id\":\"https:\/\/vieassociative.be\/actualites\/le-gouvernement-parvient-a-un-accord-sur-le-budget-2026-tva-indexation-des-salaires-et-taxe-sur-les-colis\/\"},\"wordCount\":480,\"publisher\":{\"@id\":\"https:\/\/vieassociative.be\/actualites\/#organization\"},\"image\":{\"@id\":\"https:\/\/vieassociative.be\/actualites\/le-gouvernement-parvient-a-un-accord-sur-le-budget-2026-tva-indexation-des-salaires-et-taxe-sur-les-colis\/#primaryimage\"},\"thumbnailUrl\":\"https:\/\/vieassociative.be\/actualites\/wp-content\/uploads\/2025\/11\/Le-gouvernement-parvient-a-un-accord-sur-le-budget-2026.jpg\",\"keywords\":[\"accord\",\"budget\",\"colis\",\"Des\",\"gouvernement\",\"indexation\",\"Les\",\"parvient\",\"salaires\",\"sur\",\"taxe\",\"TVA\"],\"articleSection\":[\"Belgique\"],\"inLanguage\":\"fr-BE\"},{\"@type\":\"WebPage\",\"@id\":\"https:\/\/vieassociative.be\/actualites\/le-gouvernement-parvient-a-un-accord-sur-le-budget-2026-tva-indexation-des-salaires-et-taxe-sur-les-colis\/\",\"url\":\"https:\/\/vieassociative.be\/actualites\/le-gouvernement-parvient-a-un-accord-sur-le-budget-2026-tva-indexation-des-salaires-et-taxe-sur-les-colis\/\",\"name\":\"Le gouvernement parvient \u00e0 un accord sur le budget 2026 : TVA, indexation des salaires et taxe sur les colis\u2026 | Vie Associative\",\"isPartOf\":{\"@id\":\"https:\/\/vieassociative.be\/actualites\/#website\"},\"primaryImageOfPage\":{\"@id\":\"https:\/\/vieassociative.be\/actualites\/le-gouvernement-parvient-a-un-accord-sur-le-budget-2026-tva-indexation-des-salaires-et-taxe-sur-les-colis\/#primaryimage\"},\"image\":{\"@id\":\"https:\/\/vieassociative.be\/actualites\/le-gouvernement-parvient-a-un-accord-sur-le-budget-2026-tva-indexation-des-salaires-et-taxe-sur-les-colis\/#primaryimage\"},\"thumbnailUrl\":\"https:\/\/vieassociative.be\/actualites\/wp-content\/uploads\/2025\/11\/Le-gouvernement-parvient-a-un-accord-sur-le-budget-2026.jpg\",\"datePublished\":\"2025-11-24T14:18:29+00:00\",\"dateModified\":\"2025-11-24T14:18:29+00:00\",\"breadcrumb\":{\"@id\":\"https:\/\/vieassociative.be\/actualites\/le-gouvernement-parvient-a-un-accord-sur-le-budget-2026-tva-indexation-des-salaires-et-taxe-sur-les-colis\/#breadcrumb\"},\"inLanguage\":\"fr-BE\",\"potentialAction\":[{\"@type\":\"ReadAction\",\"target\":[\"https:\/\/vieassociative.be\/actualites\/le-gouvernement-parvient-a-un-accord-sur-le-budget-2026-tva-indexation-des-salaires-et-taxe-sur-les-colis\/\"]}]},{\"@type\":\"ImageObject\",\"inLanguage\":\"fr-BE\",\"@id\":\"https:\/\/vieassociative.be\/actualites\/le-gouvernement-parvient-a-un-accord-sur-le-budget-2026-tva-indexation-des-salaires-et-taxe-sur-les-colis\/#primaryimage\",\"url\":\"https:\/\/vieassociative.be\/actualites\/wp-content\/uploads\/2025\/11\/Le-gouvernement-parvient-a-un-accord-sur-le-budget-2026.jpg\",\"contentUrl\":\"https:\/\/vieassociative.be\/actualites\/wp-content\/uploads\/2025\/11\/Le-gouvernement-parvient-a-un-accord-sur-le-budget-2026.jpg\",\"width\":1200,\"height\":798,\"caption\":\"Le gouvernement parvient \u00e0 un accord sur le budget 2026 : TVA, indexation des salaires et taxe sur les colis\u2026\"},{\"@type\":\"BreadcrumbList\",\"@id\":\"https:\/\/vieassociative.be\/actualites\/le-gouvernement-parvient-a-un-accord-sur-le-budget-2026-tva-indexation-des-salaires-et-taxe-sur-les-colis\/#breadcrumb\",\"itemListElement\":[{\"@type\":\"ListItem\",\"position\":1,\"name\":\"Accueil\",\"item\":\"https:\/\/vieassociative.be\/actualites\/\"},{\"@type\":\"ListItem\",\"position\":2,\"name\":\"Le gouvernement parvient \u00e0 un accord sur le budget 2026 : TVA, indexation des salaires et taxe sur les colis\u2026\"}]},{\"@type\":\"WebSite\",\"@id\":\"https:\/\/vieassociative.be\/actualites\/#website\",\"url\":\"https:\/\/vieassociative.be\/actualites\/\",\"name\":\"Vie Associative\",\"description\":\"\",\"publisher\":{\"@id\":\"https:\/\/vieassociative.be\/actualites\/#organization\"},\"potentialAction\":[{\"@type\":\"SearchAction\",\"target\":{\"@type\":\"EntryPoint\",\"urlTemplate\":\"https:\/\/vieassociative.be\/actualites\/?s={search_term_string}\"},\"query-input\":{\"@type\":\"PropertyValueSpecification\",\"valueRequired\":true,\"valueName\":\"search_term_string\"}}],\"inLanguage\":\"fr-BE\"},{\"@type\":\"Organization\",\"@id\":\"https:\/\/vieassociative.be\/actualites\/#organization\",\"name\":\"Vie Associative\",\"url\":\"https:\/\/vieassociative.be\/actualites\/\",\"logo\":{\"@type\":\"ImageObject\",\"inLanguage\":\"fr-BE\",\"@id\":\"https:\/\/vieassociative.be\/actualites\/#\/schema\/logo\/image\/\",\"url\":\"https:\/\/vieassociative.be\/actualites\/wp-content\/uploads\/2024\/09\/cropped-vieassociative_favicon.ico.png\",\"contentUrl\":\"https:\/\/vieassociative.be\/actualites\/wp-content\/uploads\/2024\/09\/cropped-vieassociative_favicon.ico.png\",\"width\":512,\"height\":512,\"caption\":\"Vie Associative\"},\"image\":{\"@id\":\"https:\/\/vieassociative.be\/actualites\/#\/schema\/logo\/image\/\"}},{\"@type\":\"Person\",\"@id\":\"https:\/\/vieassociative.be\/actualites\/#\/schema\/person\/b87ac4f82f9d4e7b7cec7395b679edc4\",\"name\":\"Julien\",\"image\":{\"@type\":\"ImageObject\",\"inLanguage\":\"fr-BE\",\"@id\":\"https:\/\/vieassociative.be\/actualites\/#\/schema\/person\/image\/\",\"url\":\"https:\/\/vieassociative.be\/actualites\/wp-content\/uploads\/2024\/09\/vie-associative-1-150x150.jpg\",\"contentUrl\":\"https:\/\/vieassociative.be\/actualites\/wp-content\/uploads\/2024\/09\/vie-associative-1-150x150.jpg\",\"caption\":\"Julien\"},\"description\":\"Je suis Julien, r\u00e9dacteur pour Vie Associative. Passionn\u00e9 par le monde associatif depuis plus de 10 ans, j'ai \u00e0 c\u0153ur de partager des histoires inspirantes et de mettre en lumi\u00e8re les initiatives locales. Mon objectif est de sensibiliser et d'encourager l'engagement communautaire \u00e0 travers mes articles.\",\"sameAs\":[\"https:\/\/vieassociative.be\/\"]}]}<\/script>\n<!-- \/ Yoast SEO plugin. -->","yoast_head_json":{"title":"Le gouvernement parvient \u00e0 un accord sur le budget 2026 : TVA, indexation des salaires et taxe sur les colis\u2026 | Vie Associative","robots":{"index":"index","follow":"follow","max-snippet":"max-snippet:-1","max-image-preview":"max-image-preview:large","max-video-preview":"max-video-preview:-1"},"canonical":"https:\/\/vieassociative.be\/actualites\/le-gouvernement-parvient-a-un-accord-sur-le-budget-2026-tva-indexation-des-salaires-et-taxe-sur-les-colis\/","og_locale":"fr_FR","og_type":"article","og_title":"Le gouvernement parvient \u00e0 un accord sur le budget 2026 : TVA, indexation des salaires et taxe sur les colis\u2026 | Vie Associative","og_description":"Le gouvernement f\u00e9d\u00e9ral est parvenu \u00e0 un accord sur le budget t\u00f4t le matin, mettant ainsi fin \u00e0 des semaines d&rsquo;incertitude politique. Au total, des","og_url":"https:\/\/vieassociative.be\/actualites\/le-gouvernement-parvient-a-un-accord-sur-le-budget-2026-tva-indexation-des-salaires-et-taxe-sur-les-colis\/","og_site_name":"Vie Associative","article_published_time":"2025-11-24T14:18:29+00:00","og_image":[{"width":279,"height":92,"url":"https:\/\/vieassociative.be\/actualites\/wp-content\/uploads\/2024\/09\/header_backgroundk-01-e1726694325946.png","type":"image\/png"}],"author":"Julien","twitter_card":"summary_large_image","twitter_misc":{"\u00c9crit par":"Julien","Dur\u00e9e de lecture est.":"2 minutes"},"schema":{"@context":"https:\/\/schema.org","@graph":[{"@type":"Article","@id":"https:\/\/vieassociative.be\/actualites\/le-gouvernement-parvient-a-un-accord-sur-le-budget-2026-tva-indexation-des-salaires-et-taxe-sur-les-colis\/#article","isPartOf":{"@id":"https:\/\/vieassociative.be\/actualites\/le-gouvernement-parvient-a-un-accord-sur-le-budget-2026-tva-indexation-des-salaires-et-taxe-sur-les-colis\/"},"author":{"name":"Julien","@id":"https:\/\/vieassociative.be\/actualites\/#\/schema\/person\/b87ac4f82f9d4e7b7cec7395b679edc4"},"headline":"Le gouvernement parvient \u00e0 un accord sur le budget 2026 : TVA, indexation des salaires et taxe sur les colis\u2026","datePublished":"2025-11-24T14:18:29+00:00","dateModified":"2025-11-24T14:18:29+00:00","mainEntityOfPage":{"@id":"https:\/\/vieassociative.be\/actualites\/le-gouvernement-parvient-a-un-accord-sur-le-budget-2026-tva-indexation-des-salaires-et-taxe-sur-les-colis\/"},"wordCount":480,"publisher":{"@id":"https:\/\/vieassociative.be\/actualites\/#organization"},"image":{"@id":"https:\/\/vieassociative.be\/actualites\/le-gouvernement-parvient-a-un-accord-sur-le-budget-2026-tva-indexation-des-salaires-et-taxe-sur-les-colis\/#primaryimage"},"thumbnailUrl":"https:\/\/vieassociative.be\/actualites\/wp-content\/uploads\/2025\/11\/Le-gouvernement-parvient-a-un-accord-sur-le-budget-2026.jpg","keywords":["accord","budget","colis","Des","gouvernement","indexation","Les","parvient","salaires","sur","taxe","TVA"],"articleSection":["Belgique"],"inLanguage":"fr-BE"},{"@type":"WebPage","@id":"https:\/\/vieassociative.be\/actualites\/le-gouvernement-parvient-a-un-accord-sur-le-budget-2026-tva-indexation-des-salaires-et-taxe-sur-les-colis\/","url":"https:\/\/vieassociative.be\/actualites\/le-gouvernement-parvient-a-un-accord-sur-le-budget-2026-tva-indexation-des-salaires-et-taxe-sur-les-colis\/","name":"Le gouvernement parvient \u00e0 un accord sur le budget 2026 : TVA, indexation des salaires et taxe sur les colis\u2026 | Vie Associative","isPartOf":{"@id":"https:\/\/vieassociative.be\/actualites\/#website"},"primaryImageOfPage":{"@id":"https:\/\/vieassociative.be\/actualites\/le-gouvernement-parvient-a-un-accord-sur-le-budget-2026-tva-indexation-des-salaires-et-taxe-sur-les-colis\/#primaryimage"},"image":{"@id":"https:\/\/vieassociative.be\/actualites\/le-gouvernement-parvient-a-un-accord-sur-le-budget-2026-tva-indexation-des-salaires-et-taxe-sur-les-colis\/#primaryimage"},"thumbnailUrl":"https:\/\/vieassociative.be\/actualites\/wp-content\/uploads\/2025\/11\/Le-gouvernement-parvient-a-un-accord-sur-le-budget-2026.jpg","datePublished":"2025-11-24T14:18:29+00:00","dateModified":"2025-11-24T14:18:29+00:00","breadcrumb":{"@id":"https:\/\/vieassociative.be\/actualites\/le-gouvernement-parvient-a-un-accord-sur-le-budget-2026-tva-indexation-des-salaires-et-taxe-sur-les-colis\/#breadcrumb"},"inLanguage":"fr-BE","potentialAction":[{"@type":"ReadAction","target":["https:\/\/vieassociative.be\/actualites\/le-gouvernement-parvient-a-un-accord-sur-le-budget-2026-tva-indexation-des-salaires-et-taxe-sur-les-colis\/"]}]},{"@type":"ImageObject","inLanguage":"fr-BE","@id":"https:\/\/vieassociative.be\/actualites\/le-gouvernement-parvient-a-un-accord-sur-le-budget-2026-tva-indexation-des-salaires-et-taxe-sur-les-colis\/#primaryimage","url":"https:\/\/vieassociative.be\/actualites\/wp-content\/uploads\/2025\/11\/Le-gouvernement-parvient-a-un-accord-sur-le-budget-2026.jpg","contentUrl":"https:\/\/vieassociative.be\/actualites\/wp-content\/uploads\/2025\/11\/Le-gouvernement-parvient-a-un-accord-sur-le-budget-2026.jpg","width":1200,"height":798,"caption":"Le gouvernement parvient \u00e0 un accord sur le budget 2026 : TVA, indexation des salaires et taxe sur les colis\u2026"},{"@type":"BreadcrumbList","@id":"https:\/\/vieassociative.be\/actualites\/le-gouvernement-parvient-a-un-accord-sur-le-budget-2026-tva-indexation-des-salaires-et-taxe-sur-les-colis\/#breadcrumb","itemListElement":[{"@type":"ListItem","position":1,"name":"Accueil","item":"https:\/\/vieassociative.be\/actualites\/"},{"@type":"ListItem","position":2,"name":"Le gouvernement parvient \u00e0 un accord sur le budget 2026 : TVA, indexation des salaires et taxe sur les colis\u2026"}]},{"@type":"WebSite","@id":"https:\/\/vieassociative.be\/actualites\/#website","url":"https:\/\/vieassociative.be\/actualites\/","name":"Vie Associative","description":"","publisher":{"@id":"https:\/\/vieassociative.be\/actualites\/#organization"},"potentialAction":[{"@type":"SearchAction","target":{"@type":"EntryPoint","urlTemplate":"https:\/\/vieassociative.be\/actualites\/?s={search_term_string}"},"query-input":{"@type":"PropertyValueSpecification","valueRequired":true,"valueName":"search_term_string"}}],"inLanguage":"fr-BE"},{"@type":"Organization","@id":"https:\/\/vieassociative.be\/actualites\/#organization","name":"Vie Associative","url":"https:\/\/vieassociative.be\/actualites\/","logo":{"@type":"ImageObject","inLanguage":"fr-BE","@id":"https:\/\/vieassociative.be\/actualites\/#\/schema\/logo\/image\/","url":"https:\/\/vieassociative.be\/actualites\/wp-content\/uploads\/2024\/09\/cropped-vieassociative_favicon.ico.png","contentUrl":"https:\/\/vieassociative.be\/actualites\/wp-content\/uploads\/2024\/09\/cropped-vieassociative_favicon.ico.png","width":512,"height":512,"caption":"Vie Associative"},"image":{"@id":"https:\/\/vieassociative.be\/actualites\/#\/schema\/logo\/image\/"}},{"@type":"Person","@id":"https:\/\/vieassociative.be\/actualites\/#\/schema\/person\/b87ac4f82f9d4e7b7cec7395b679edc4","name":"Julien","image":{"@type":"ImageObject","inLanguage":"fr-BE","@id":"https:\/\/vieassociative.be\/actualites\/#\/schema\/person\/image\/","url":"https:\/\/vieassociative.be\/actualites\/wp-content\/uploads\/2024\/09\/vie-associative-1-150x150.jpg","contentUrl":"https:\/\/vieassociative.be\/actualites\/wp-content\/uploads\/2024\/09\/vie-associative-1-150x150.jpg","caption":"Julien"},"description":"Je suis Julien, r\u00e9dacteur pour Vie Associative. Passionn\u00e9 par le monde associatif depuis plus de 10 ans, j'ai \u00e0 c\u0153ur de partager des histoires inspirantes et de mettre en lumi\u00e8re les initiatives locales. Mon objectif est de sensibiliser et d'encourager l'engagement communautaire \u00e0 travers mes articles.","sameAs":["https:\/\/vieassociative.be\/"]}]}},"_links":{"self":[{"href":"https:\/\/vieassociative.be\/actualites\/wp-json\/wp\/v2\/posts\/11511"}],"collection":[{"href":"https:\/\/vieassociative.be\/actualites\/wp-json\/wp\/v2\/posts"}],"about":[{"href":"https:\/\/vieassociative.be\/actualites\/wp-json\/wp\/v2\/types\/post"}],"author":[{"embeddable":true,"href":"https:\/\/vieassociative.be\/actualites\/wp-json\/wp\/v2\/users\/1"}],"replies":[{"embeddable":true,"href":"https:\/\/vieassociative.be\/actualites\/wp-json\/wp\/v2\/comments?post=11511"}],"version-history":[{"count":0,"href":"https:\/\/vieassociative.be\/actualites\/wp-json\/wp\/v2\/posts\/11511\/revisions"}],"wp:featuredmedia":[{"embeddable":true,"href":"https:\/\/vieassociative.be\/actualites\/wp-json\/wp\/v2\/media\/11512"}],"wp:attachment":[{"href":"https:\/\/vieassociative.be\/actualites\/wp-json\/wp\/v2\/media?parent=11511"}],"wp:term":[{"taxonomy":"category","embeddable":true,"href":"https:\/\/vieassociative.be\/actualites\/wp-json\/wp\/v2\/categories?post=11511"},{"taxonomy":"post_tag","embeddable":true,"href":"https:\/\/vieassociative.be\/actualites\/wp-json\/wp\/v2\/tags?post=11511"}],"curies":[{"name":"wp","href":"https:\/\/api.w.org\/{rel}","templated":true}]}}