{"id":11505,"date":"2025-11-24T06:17:34","date_gmt":"2025-11-24T05:17:34","guid":{"rendered":"https:\/\/vieassociative.be\/actualites\/les-meilleures-offres-technologiques-du-debut-du-black-friday-disponibles-des-maintenant\/"},"modified":"2025-11-24T06:17:34","modified_gmt":"2025-11-24T05:17:34","slug":"les-meilleures-offres-technologiques-du-debut-du-black-friday-disponibles-des-maintenant","status":"publish","type":"post","link":"https:\/\/vieassociative.be\/actualites\/les-meilleures-offres-technologiques-du-debut-du-black-friday-disponibles-des-maintenant\/","title":{"rendered":"Les meilleures offres technologiques du d\u00e9but du Black Friday disponibles d\u00e8s maintenant"},"content":{"rendered":"<div class=\"mt-4 leading-6 md:mb-8\">Je suis un \u00e9diteur technique et ce sont les meilleures offres du Black Friday que j&rsquo;ai rep\u00e9r\u00e9es jusqu&rsquo;\u00e0 pr\u00e9sent.<\/div>\n<p><\/p>\n<p><em>Les ventes du Black Friday commencent officiellement le vendredi 28 novembre et se poursuivent jusqu&rsquo;au Cyber \u200b\u200bMonday, le 1er d\u00e9cembre, et Vie Associative partage les meilleures ventes bas\u00e9es sur des critiques de produits, des comparaisons et des outils de suivi des prix avant leur fin. <\/em><\/p>\n<ul>\n<li>\n<p><em>Suivez notre blog en direct<\/em><em>  pour rester au courant des meilleures ventes que nous trouvons.<\/em><\/p>\n<\/li>\n<li>\n<p><em>Parcourez les choix de nos r\u00e9dacteurs<\/em><em>  pour une liste organis\u00e9e de nos ventes pr\u00e9f\u00e9r\u00e9es sur les ordinateurs portables, les technologies de fitness, les appareils \u00e9lectrom\u00e9nagers et plus encore.<\/em><\/p>\n<\/li>\n<li>\n<p><em>Abonnez-vous \u00e0 notre newsletter shopping<\/em><em>Ajoutez au panier, pour les meilleures ventes envoy\u00e9es dans votre bo\u00eete de r\u00e9ception.<\/em><\/p>\n<\/li>\n<li>\n<p><em>Les ventes sont exactes au moment de la publication, mais les prix et les stocks sont toujours sujets \u00e0 changement. <\/em><\/p>\n<\/li>\n<\/ul>\n<hr>\n<p>Le Black Friday approche \u00e0 grands pas. Du lendemain de Thanksgiving jusqu&rsquo;au Cyber \u200b\u200b\u200b\u200bMonday, vous serez inond\u00e9 d&rsquo;offres de magasins et d&rsquo;entreprises. Mais avant m\u00eame le d\u00e9but officiel du Black Friday, les magasins proposent des r\u00e9ductions. En tant que r\u00e9dacteur technique de Vie Associative, j&rsquo;ai pass\u00e9 au peigne fin les diff\u00e9rentes offres technologiques dans des magasins comme Amazon, Best Buy et Walmart pour trouver les offres qui m\u00e9ritent r\u00e9ellement d&rsquo;\u00eatre prises en compte.  <\/p>\n<p>Bien qu&rsquo;il n&rsquo;y ait pas un grand nombre d&rsquo;excellentes offres en cours pour le moment, il y en a de bonnes dont vous pouvez profiter d\u00e8s maintenant. En fait, de nombreuses offres concernent des appareils de derni\u00e8re g\u00e9n\u00e9ration \u2013 j\u2019ai inclus celles qui valent encore la peine d\u2019\u00eatre r\u00e9cup\u00e9r\u00e9es en 2025, en particulier avec ces remises. Gardez \u00e9galement l\u2019\u0153il ouvert au cours des deux prochaines semaines\u00a0: \u00e0 mesure que nous nous rapprochons du Black Friday et du Cyber \u200b\u200b\u200b\u200bMonday, j\u2019imagine que beaucoup plus d\u2019offres commenceront \u00e0 \u00eatre d\u00e9ploy\u00e9es. <\/p>\n<h2 id=\"the-best-early-black-friday-deals-on-laptops\">Les meilleures offres du d\u00e9but du Black Friday sur les ordinateurs portables<\/h2>\n<div class=\"pogoClear mb-12 mt-10 rounded-md border-2 border-gray-100 py-7 shadow-xl md:py-6\">\n<div class=\"flex flex-wrap justify-between px-7 text-black no-underline md:flex-nowrap md:px-8\">\n<div class=\"order-1 mx-auto flex flex-col justify-center md:order-2 md:ml-4 md:w-full md:grow\">\n<div class=\"block cursor-pointer text-center font-akshar text-2xl font-medium leading-7 text-brand-green duration-200 ease-in-out hover:text-brand-green-700 md:text-left md:text-xl md:leading-6\">MacBook Air M4 (13 pouces)\n                <\/div>\n<div class=\"mt-4 hidden md:flex md:justify-between\">\n<div class=\"self-end\">\n<div class=\"mb-0 h-11 md:flex md:flex-col md:justify-center\">\n<div class=\" font-sans leading-4 text-black\">\n<div class=\"flex flex-wrap items-center justify-center gap-1 md:justify-start\">\n        <span class=\"font-bold\"><\/p>\n<p>            749,00\u00a0$<br \/>\n                            <span class=\"font-medium\">chez Best Buy<\/span><br \/>\n                    <\/span>\n            <\/div>\n<div class=\"flex items-center justify-center gap-x-1 font-bold md:justify-start\">\n            <span class=\"text-sm line-through\">999,00\u00a0$<\/span><br \/>\n            <span class=\"text-sm text-brand-green\">\u00c9conomisez 250,00\u00a0$<\/span>\n        <\/div>\n<\/p><\/div>\n<\/p><\/div>\n<\/p><\/div>\n<div class=\"w-44 self-end\">\n                            <button class=\"flex justify-center items-center w-full bg-brand-green text-white text-base font-sans font-medium rounded-md hover:bg-brand-green-700 hover:cursor-pointer md:text-sm h-11\"><\/p>\n<p>    Obtenez une offre<br \/>\n<\/button>\n                        <\/div>\n<\/p><\/div>\n<\/p><\/div>\n<div class=\"order-2 mt-5 h-auto w-full md:order-1 md:mt-0 md:hidden\">\n<div class=\"flex aspect-video items-center justify-center\">\n                                            <img decoding=\"async\" class=\"m-0 max-h-full max-w-full rounded-md\" src=\"https:\/\/vieassociative.be\/actualites\/wp-content\/uploads\/2025\/11\/Les-meilleures-offres-technologiques-du-debut-du-Black-Friday-disponibles.jpg\" alt=\"Apple MacBook M4 Puce 256 Go SSD 16 Go RAM 13,6\" laptop width=\"auto\" height=\"auto\" loading=\"lazy\">\n                                    <\/div>\n<\/p><\/div>\n<div class=\"order-2 ml-2 hidden w-32 shrink-0 items-center md:order-1 md:ml-0 md:flex\">\n<div class=\"flex aspect-video items-center justify-center\">\n                                            <img decoding=\"async\" class=\"m-0 max-h-full max-w-full rounded-md\" src=\"https:\/\/vieassociative.be\/actualites\/wp-content\/uploads\/2025\/11\/Les-meilleures-offres-technologiques-du-debut-du-Black-Friday-disponibles.jpg\" alt=\"Apple MacBook M4 Puce 256 Go SSD 16 Go RAM 13,6\" laptop width=\"auto\" height=\"auto\" loading=\"lazy\">\n                                    <\/div>\n<\/p><\/div>\n<div class=\"order-3 flex grow flex-wrap md:hidden md:grow-0\">\n<div class=\"mt-4 w-full\">\n                        <button class=\"flex justify-center items-center w-full bg-brand-green text-white text-base font-sans font-medium rounded-md hover:bg-brand-green-700 hover:cursor-pointer md:text-sm h-11\"><\/p>\n<p>    Obtenez une offre<br \/>\n<\/button>\n                    <\/div>\n<div class=\"mx-2 mt-4 w-full\">\n<div class=\" font-sans leading-4 text-black\">\n<div class=\"flex flex-wrap items-center justify-center gap-1 md:justify-start\">\n        <span class=\"font-bold\"><\/p>\n<p>            749,00\u00a0$<br \/>\n                            <span class=\"font-medium\">chez Best Buy<\/span><br \/>\n                    <\/span>\n            <\/div>\n<div class=\"flex items-center justify-center gap-x-1 font-bold md:justify-start\">\n            <span class=\"text-sm line-through\">999,00\u00a0$<\/span><br \/>\n            <span class=\"text-sm text-brand-green\">\u00c9conomisez 250,00\u00a0$<\/span>\n        <\/div>\n<\/p><\/div>\n<\/p><\/div>\n<\/p><\/div>\n<\/p><\/div>\n<\/div>\n<ul>\n<li>\n<p><strong>MacBook Air M4 (13 pouces)<\/strong>: 749 $ sur Amazon (au lieu de 999 $) : Sans aucun doute, mon offre pr\u00e9f\u00e9r\u00e9e sur les ordinateurs portables du d\u00e9but du Black Friday est cette r\u00e9duction de prix sur le MacBook Air M4. Pour 750 $, vous obtenez la derni\u00e8re puce M4, 16 Go de RAM et 256 Go de stockage. C&rsquo;est un package fantastique pour tous ceux qui ont besoin d&rsquo;un ordinateur portable pour les t\u00e2ches quotidiennes, m\u00eame si ces puces peuvent \u00eatre pouss\u00e9es plus loin que vous ne le pensez. Si vous avez besoin de RAM ou de stockage suppl\u00e9mentaire, Amazon vend le mod\u00e8le 512 Go pour 949 $ et le mod\u00e8le 512 Go\/24 Go de RAM pour 1\u00a0149 $.<\/p>\n<\/li>\n<li>\n<p><strong>MacBook Air M2 (13 pouces)<\/strong>: 649 $ chez Best Buy (au lieu de 799 $) : M\u00eame avec l&rsquo;offre actuelle du M4, le MacBook Air M2 est un excellent choix, surtout avec cette offre. Ce MacBook Air a la m\u00eame apparence et la m\u00eame sensation que le mod\u00e8le M4 et est \u00e9galement livr\u00e9 avec 16 Go de RAM et 512 Go de stockage. Cependant, vous obtenez une puce M2, qui a deux g\u00e9n\u00e9rations de retard sur la M4. Personnellement, je pense que la p\u00e9rennit\u00e9 que vous obtenez avec le M4 vaut les 100 $ suppl\u00e9mentaires, mais le MacBook Air M2 reste un ordinateur important pour son faible prix actuel. <\/p>\n<\/li>\n<li>\n<p><strong>Ordinateur Dell 16 Plus Copilot+ (16 pouces)<\/strong>: 999,99 $ chez Best Buy (au lieu de 1\u00a0599,99 $) : Malgr\u00e9 le nom du PC Copilot+, cet ordinateur portable Dell 16 Plus offre un excellent rapport qualit\u00e9-prix. Cet ordinateur portable est livr\u00e9 avec un \u00e9cran 2,5K de 16 pouces avec un taux de rafra\u00eechissement de 90 Hz, une puce Intel Core Ultra 9 Series 2 \u00e0 3,3 GHz avec 32 Go de RAM et 1 To de stockage. Best Buy offre une r\u00e9duction de 600 $ dans le cadre de sa premi\u00e8re vente du Black Friday.    <\/p>\n<\/li>\n<li>\n<p><strong>Galaxy Book4 (16 pouces)<\/strong>: 1 199,99 $ chez Best Buy (au lieu de 1 899,99 $) : Ce Galaxy Book4 est livr\u00e9 avec un panneau AMOLED de 2 880 x 1 800, avec un taux de rafra\u00eechissement de 120 Hz. Il ex\u00e9cute une puce Intel Core Ultra 7 Series 1 \u00e0 3,8 GHz avec 16 Go de RAM et 1 To de stockage. Best Buy propose actuellement une r\u00e9duction de 700 $. <\/p>\n<\/li>\n<\/ul>\n<h2 id=\"the-best-early-black-friday-deals-on-tablets\">Les meilleures offres du d\u00e9but du Black Friday sur les tablettes<\/h2>\n<div class=\"pogoClear mb-12 mt-10 rounded-md border-2 border-gray-100 py-7 shadow-xl md:py-6\">\n<div class=\"flex flex-wrap justify-between px-7 text-black no-underline md:flex-nowrap md:px-8\">\n<div class=\"order-1 mx-auto flex flex-col justify-center md:order-2 md:ml-4 md:w-full md:grow\">\n<div class=\"block cursor-pointer text-center font-akshar text-2xl font-medium leading-7 text-brand-green duration-200 ease-in-out hover:text-brand-green-700 md:text-left md:text-xl md:leading-6\">iPad A16\n                <\/div>\n<div class=\"mt-4 hidden md:flex md:justify-between\">\n<div class=\"self-end\">\n<div class=\"mb-0 h-11 md:flex md:flex-col md:justify-center\">\n<div class=\" font-sans leading-4 text-black\">\n<div class=\"flex flex-wrap items-center justify-center gap-1 md:justify-start\">\n        <span class=\"font-bold\"><\/p>\n<p>            279,00\u00a0$<br \/>\n                            <span class=\"font-medium\">chez Best Buy<\/span><br \/>\n                    <\/span>\n            <\/div>\n<div class=\"flex items-center justify-center gap-x-1 font-bold md:justify-start\">\n            <span class=\"text-sm line-through\">349,00\u00a0$<\/span><br \/>\n            <span class=\"text-sm text-brand-green\">\u00c9conomisez 70,00\u00a0$<\/span>\n        <\/div>\n<\/p><\/div>\n<\/p><\/div>\n<\/p><\/div>\n<div class=\"w-44 self-end\">\n                            <button class=\"flex justify-center items-center w-full bg-brand-green text-white text-base font-sans font-medium rounded-md hover:bg-brand-green-700 hover:cursor-pointer md:text-sm h-11\"><\/p>\n<p>    Obtenez une offre<br \/>\n<\/button>\n                        <\/div>\n<\/p><\/div>\n<\/p><\/div>\n<div class=\"order-2 mt-5 h-auto w-full md:order-1 md:mt-0 md:hidden\">\n<div class=\"flex aspect-video items-center justify-center\">\n                                            <img decoding=\"async\" class=\"m-0 max-h-full max-w-full rounded-md\" src=\"https:\/\/vieassociative.be\/actualites\/wp-content\/uploads\/2025\/11\/Je-suis-un-editeur-technique-et-ce-sont-les-meilleures.jpg\" alt=\"AppleiPad 11\" a16 wifi tablet width=\"auto\" height=\"auto\" loading=\"lazy\">\n                                    <\/div>\n<\/p><\/div>\n<div class=\"order-2 ml-2 hidden w-32 shrink-0 items-center md:order-1 md:ml-0 md:flex\">\n<div class=\"flex aspect-video items-center justify-center\">\n                                            <img decoding=\"async\" class=\"m-0 max-h-full max-w-full rounded-md\" src=\"https:\/\/vieassociative.be\/actualites\/wp-content\/uploads\/2025\/11\/Je-suis-un-editeur-technique-et-ce-sont-les-meilleures.jpg\" alt=\"AppleiPad 11\" a16 wifi tablet width=\"auto\" height=\"auto\" loading=\"lazy\">\n                                    <\/div>\n<\/p><\/div>\n<div class=\"order-3 flex grow flex-wrap md:hidden md:grow-0\">\n<div class=\"mt-4 w-full\">\n                        <button class=\"flex justify-center items-center w-full bg-brand-green text-white text-base font-sans font-medium rounded-md hover:bg-brand-green-700 hover:cursor-pointer md:text-sm h-11\"><\/p>\n<p>    Obtenez une offre<br \/>\n<\/button>\n                    <\/div>\n<div class=\"mx-2 mt-4 w-full\">\n<div class=\" font-sans leading-4 text-black\">\n<div class=\"flex flex-wrap items-center justify-center gap-1 md:justify-start\">\n        <span class=\"font-bold\"><\/p>\n<p>            279,00\u00a0$<br \/>\n                            <span class=\"font-medium\">chez Best Buy<\/span><br \/>\n                    <\/span>\n            <\/div>\n<div class=\"flex items-center justify-center gap-x-1 font-bold md:justify-start\">\n            <span class=\"text-sm line-through\">349,00\u00a0$<\/span><br \/>\n            <span class=\"text-sm text-brand-green\">\u00c9conomisez 70,00\u00a0$<\/span>\n        <\/div>\n<\/p><\/div>\n<\/p><\/div>\n<\/p><\/div>\n<\/p><\/div>\n<\/div>\n<ul>\n<li>\n<p><strong>iPad A16<\/strong>: 279,99 $ sur Amazon (au lieu de 349 $) : Apple vend beaucoup d&rsquo;iPad, mais son mod\u00e8le le plus abordable pourrait suffire \u00e0 la plupart des gens. La tablette est livr\u00e9e avec un \u00e9cran de 11 pouces, la puce A16 d&rsquo;Apple et 128 Go de stockage. Il ne sera pas aussi puissant que l&rsquo;un des iPad de la s\u00e9rie M d&rsquo;Apple, et l&rsquo;\u00e9cran ne peut pas rivaliser avec les iPad Pro OLED, mais pour 280 $, c&rsquo;est une excellente tablette.  <\/p>\n<\/li>\n<li>\n<p><strong>iPad Pro (11 pouces)<\/strong>: 899 $ chez Best Buy (au lieu de 999 $) : Si vous voulez l&rsquo;iPad le plus puissant et le plus riche en fonctionnalit\u00e9s d&rsquo;Apple, le Pro 11 pouces est actuellement \u00e0 100 $ de r\u00e9duction. Ce mod\u00e8le est livr\u00e9 avec la puce M4 d&rsquo;Apple, 256 Go de stockage et un \u00e9cran OLED. <\/p>\n<\/li>\n<li>\n<p><strong>Samsung Galaxy Tab S6 Lite<\/strong>: 159,99 $ sur Amazon (au lieu de 329 $)\u00a0: La Tab S6 Lite de Samsung est un bon choix pour tous ceux qui recherchent une tablette Android solide mais abordable. Ce mod\u00e8le est livr\u00e9 avec un \u00e9cran de 10,4 pouces, 64 Go de stockage et le S Pen de Samsung. C&rsquo;est actuellement 170 $ de r\u00e9duction sur Amazon.     <\/p>\n<\/li>\n<li>\n<p><strong>Samsung Galaxy Tab S10 FE<\/strong>: 359,99 $ sur Amazon (au lieu de 499,99 $) : la tablette S10 FE de Samsung est actuellement \u00e0 130 $ de r\u00e9duction. Il est livr\u00e9 avec un \u00e9cran de 10,9 pouces \u00e0 90 Hz, 128 Go de stockage et le S Pen de Samsung. Si vous recherchez des alternatives, Samsung propose en fait un certain nombre d&rsquo;autres tablettes en vente sur Amazon dans le cadre de sa premi\u00e8re promotion Black Friday.   <\/p>\n<\/li>\n<\/ul>\n<h2 id=\"the-best-early-black-friday-deals-on-phones\">Les meilleures offres du Black Friday sur les t\u00e9l\u00e9phones<\/h2>\n<div class=\"pogoClear mb-12 mt-10 rounded-md border-2 border-gray-100 py-7 shadow-xl md:py-6\">\n<div class=\"flex flex-wrap justify-between px-7 text-black no-underline md:flex-nowrap md:px-8\">\n<div class=\"order-1 mx-auto flex flex-col justify-center md:order-2 md:ml-4 md:w-full md:grow\">\n<div class=\"block cursor-pointer text-center font-akshar text-2xl font-medium leading-7 text-brand-green duration-200 ease-in-out hover:text-brand-green-700 md:text-left md:text-xl md:leading-6\">Samsung Galaxy S25 Ultra\n                <\/div>\n<div class=\"mt-4 hidden md:flex md:justify-between\">\n<div class=\"self-end\">\n<div class=\"mb-0 h-11 md:flex md:flex-col md:justify-center\">\n<div class=\" font-sans leading-4 text-black\">\n<div class=\"flex flex-wrap items-center justify-center gap-1 md:justify-start\">\n        <span class=\"font-bold\"><\/p>\n<p>            1\u00a0057,91\u00a0$<br \/>\n                            <span class=\"font-medium\">chez Amazon<\/span><br \/>\n                    <\/span>\n            <\/div>\n<div class=\"flex items-center justify-center gap-x-1 font-bold md:justify-start\">\n            <span class=\"text-sm line-through\">1\u00a0419,99\u00a0$<\/span><br \/>\n            <span class=\"text-sm text-brand-green\">\u00c9conomisez 362,08\u00a0$<\/span>\n        <\/div>\n<\/p><\/div>\n<\/p><\/div>\n<\/p><\/div>\n<div class=\"w-44 self-end\">\n                            <button class=\"flex justify-center items-center w-full bg-brand-green text-white text-base font-sans font-medium rounded-md hover:bg-brand-green-700 hover:cursor-pointer md:text-sm h-11\"><\/p>\n<p>    Obtenez une offre<br \/>\n<\/button>\n                        <\/div>\n<\/p><\/div>\n<\/p><\/div>\n<div class=\"order-2 mt-5 h-auto w-full md:order-1 md:mt-0 md:hidden\">\n<div class=\"flex aspect-video items-center justify-center\">\n                                            <img decoding=\"async\" class=\"m-0 max-h-full max-w-full rounded-md\" src=\"https:\/\/vieassociative.be\/actualites\/wp-content\/uploads\/2025\/11\/1763623046_762_Je-suis-un-editeur-technique-et-ce-sont-les-meilleures.jpg\" alt=\"Samsung Galaxy S25 Ultra\" width=\"auto\" height=\"auto\" loading=\"lazy\">\n                                    <\/div>\n<\/p><\/div>\n<div class=\"order-2 ml-2 hidden w-32 shrink-0 items-center md:order-1 md:ml-0 md:flex\">\n<div class=\"flex aspect-video items-center justify-center\">\n                                            <img decoding=\"async\" class=\"m-0 max-h-full max-w-full rounded-md\" src=\"https:\/\/vieassociative.be\/actualites\/wp-content\/uploads\/2025\/11\/1763623046_762_Je-suis-un-editeur-technique-et-ce-sont-les-meilleures.jpg\" alt=\"Samsung Galaxy S25 Ultra\" width=\"auto\" height=\"auto\" loading=\"lazy\">\n                                    <\/div>\n<\/p><\/div>\n<div class=\"order-3 flex grow flex-wrap md:hidden md:grow-0\">\n<div class=\"mt-4 w-full\">\n                        <button class=\"flex justify-center items-center w-full bg-brand-green text-white text-base font-sans font-medium rounded-md hover:bg-brand-green-700 hover:cursor-pointer md:text-sm h-11\"><\/p>\n<p>    Obtenez une offre<br \/>\n<\/button>\n                    <\/div>\n<div class=\"mx-2 mt-4 w-full\">\n<div class=\" font-sans leading-4 text-black\">\n<div class=\"flex flex-wrap items-center justify-center gap-1 md:justify-start\">\n        <span class=\"font-bold\"><\/p>\n<p>            1\u00a0057,91\u00a0$<br \/>\n                            <span class=\"font-medium\">chez Amazon<\/span><br \/>\n                    <\/span>\n            <\/div>\n<div class=\"flex items-center justify-center gap-x-1 font-bold md:justify-start\">\n            <span class=\"text-sm line-through\">1\u00a0419,99\u00a0$<\/span><br \/>\n            <span class=\"text-sm text-brand-green\">\u00c9conomisez 362,08\u00a0$<\/span>\n        <\/div>\n<\/p><\/div>\n<\/p><\/div>\n<\/p><\/div>\n<\/p><\/div>\n<\/div>\n<ul>\n<li>\n<p><strong>Samsung Galaxy S25 FE<\/strong>: 534,99 $ sur Amazon (au lieu de 709,99 $) : l&rsquo;appareil \u00ab \u00e9conomique \u00bb Galaxy S25 de Samsung co\u00fbte normalement plus de 700 $, mais il est actuellement \u00e0 25 % de r\u00e9duction avant le Black Friday. Le t\u00e9l\u00e9phone est livr\u00e9 avec 256 Go de stockage, une puce Exynos 2400 avec 8 Go de RAM et un \u00e9cran 1080p de 6,7 pouces. <\/p>\n<\/li>\n<li>\n<p><strong>Samsung Galaxy S25 Ultra<\/strong>: 1 057,91 $ sur Amazon (au lieu de 1 419,99 $) : le smartphone phare le plus cher de Samsung b\u00e9n\u00e9ficie \u00e9galement d&rsquo;une r\u00e9duction de 25 %, ce qui enl\u00e8ve plus de 360 \u200b\u200b$ au prix catalogue. Le S25 Ultra est livr\u00e9 avec 512 Go de stockage, une puce Snapdragon 8 Elite avec 12 Go de RAM et un \u00e9cran 1440p de 6,9 \u200b\u200bpouces. <\/p>\n<\/li>\n<li>\n<p><strong>Pixel\u00a09a<\/strong>: 399 $ sur Amazon (au lieu de 499 $)\u00a0: Le Pixel 9a de Google est un choix fantastique pour tous ceux qui recherchent un t\u00e9l\u00e9phone Android solide sans trop d\u00e9penser. Vous pouvez acheter ce t\u00e9l\u00e9phone, avec un \u00e9cran de 6,3 pouces et 128 Go de stockage, pour 20 % de r\u00e9duction sur son PDSF. <\/p>\n<\/li>\n<li>\n<p><strong>Pixel\u00a010<\/strong>: 599 $ sur Amazon (au lieu de 799 $) : le dernier smartphone phare de Google, dot\u00e9 d&rsquo;un \u00e9cran de 6,3 pouces et de 128 Go de stockage, b\u00e9n\u00e9ficie d&rsquo;une remise importante avant le Black Friday. Alors qu&rsquo;Amazon proposait auparavant le t\u00e9l\u00e9phone au prix plus t\u00f4t ce mois-ci, il reste bien inf\u00e9rieur \u00e0 celui auquel vous pourriez acheter le Pixel en septembre ou octobre. <\/p>\n<\/li>\n<li>\n<p><strong>Pixel\u00a010\u00a0Pro<\/strong>: 749 $ sur Amazon (au lieu de 999 $) : Vous pouvez \u00e9galement \u00e9conomiser 25 % sur le produit phare de Google Pro. Ce t\u00e9l\u00e9phone dispose d&rsquo;un \u00e9cran \u00ab\u00a0Super Actua\u00a0\u00bb de 6,3 pouces et de 128 Go de stockage, et m\u00eame s&rsquo;il a \u00e9galement vu ce m\u00eame prix baisser plus t\u00f4t ce mois-ci, c&rsquo;est une bonne affaire. <\/p>\n<\/li>\n<\/ul>\n<h2 id=\"the-best-early-black-friday-deals-on-smartwatches\">Les meilleures offres du Black Friday sur les montres intelligentes<\/h2>\n<div class=\"pogoClear mb-12 mt-10 rounded-md border-2 border-gray-100 py-7 shadow-xl md:py-6\">\n<div class=\"flex flex-wrap justify-between px-7 text-black no-underline md:flex-nowrap md:px-8\">\n<div class=\"order-1 mx-auto flex flex-col justify-center md:order-2 md:ml-4 md:w-full md:grow\">\n<div class=\"block cursor-pointer text-center font-akshar text-2xl font-medium leading-7 text-brand-green duration-200 ease-in-out hover:text-brand-green-700 md:text-left md:text-xl md:leading-6\">Apple Watch SE (2e g\u00e9n\u00e9ration)\n                <\/div>\n<div class=\"mt-4 hidden md:flex md:justify-between\">\n<div class=\"self-end\">\n<div class=\"mb-0 h-11 md:flex md:flex-col md:justify-center\">\n<div class=\" font-sans leading-4 text-black\">\n<div class=\"flex flex-wrap items-center justify-center gap-1 md:justify-start\">\n        <span class=\"font-bold\"><\/p>\n<p>            159,99\u00a0$<br \/>\n                            <span class=\"font-medium\">chez Walmart<\/span><br \/>\n                    <\/span>\n            <\/div>\n<div class=\"flex items-center justify-center gap-x-1 font-bold md:justify-start\">\n            <span class=\"text-sm line-through\">343,43\u00a0$<\/span><br \/>\n            <span class=\"text-sm text-brand-green\">\u00c9conomisez 183,44 $<\/span>\n        <\/div>\n<\/p><\/div>\n<\/p><\/div>\n<\/p><\/div>\n<div class=\"w-44 self-end\">\n                            <button class=\"flex justify-center items-center w-full bg-brand-green text-white text-base font-sans font-medium rounded-md hover:bg-brand-green-700 hover:cursor-pointer md:text-sm h-11\"><\/p>\n<p>    Obtenez une offre<br \/>\n<\/button>\n                        <\/div>\n<\/p><\/div>\n<\/p><\/div>\n<div class=\"order-2 mt-5 h-auto w-full md:order-1 md:mt-0 md:hidden\">\n<div class=\"flex aspect-video items-center justify-center\">\n                                            <img decoding=\"async\" class=\"m-0 max-h-full max-w-full rounded-md\" src=\"https:\/\/vieassociative.be\/actualites\/wp-content\/uploads\/2025\/11\/1763623046_384_Je-suis-un-editeur-technique-et-ce-sont-les-meilleures.jpg\" alt=\"Apple Watch SE 2e g\u00e9n\u00e9ration (GPS, 40 mm, minuit, S\/M, bracelet sport)\" width=\"auto\" height=\"auto\" loading=\"lazy\">\n                                    <\/div>\n<\/p><\/div>\n<div class=\"order-2 ml-2 hidden w-32 shrink-0 items-center md:order-1 md:ml-0 md:flex\">\n<div class=\"flex aspect-video items-center justify-center\">\n                                            <img decoding=\"async\" class=\"m-0 max-h-full max-w-full rounded-md\" src=\"https:\/\/vieassociative.be\/actualites\/wp-content\/uploads\/2025\/11\/1763623046_384_Je-suis-un-editeur-technique-et-ce-sont-les-meilleures.jpg\" alt=\"Apple Watch SE 2e g\u00e9n\u00e9ration (GPS, 40 mm, minuit, S\/M, bracelet sport)\" width=\"auto\" height=\"auto\" loading=\"lazy\">\n                                    <\/div>\n<\/p><\/div>\n<div class=\"order-3 flex grow flex-wrap md:hidden md:grow-0\">\n<div class=\"mt-4 w-full\">\n                        <button class=\"flex justify-center items-center w-full bg-brand-green text-white text-base font-sans font-medium rounded-md hover:bg-brand-green-700 hover:cursor-pointer md:text-sm h-11\"><\/p>\n<p>    Obtenez une offre<br \/>\n<\/button>\n                    <\/div>\n<div class=\"mx-2 mt-4 w-full\">\n<div class=\" font-sans leading-4 text-black\">\n<div class=\"flex flex-wrap items-center justify-center gap-1 md:justify-start\">\n        <span class=\"font-bold\"><\/p>\n<p>            159,99\u00a0$<br \/>\n                            <span class=\"font-medium\">chez Walmart<\/span><br \/>\n                    <\/span>\n            <\/div>\n<div class=\"flex items-center justify-center gap-x-1 font-bold md:justify-start\">\n            <span class=\"text-sm line-through\">343,43\u00a0$<\/span><br \/>\n            <span class=\"text-sm text-brand-green\">\u00c9conomisez 183,44 $<\/span>\n        <\/div>\n<\/p><\/div>\n<\/p><\/div>\n<\/p><\/div>\n<\/p><\/div>\n<\/div>\n<ul>\n<li>\n<p><strong>Apple Watch SE (2e g\u00e9n\u00e9ration)<\/strong>: 159 $ chez Walmart (au lieu de 249 $) : Bien qu&rsquo;Apple vende actuellement l&rsquo;Apple Watch SE de troisi\u00e8me g\u00e9n\u00e9ration, la deuxi\u00e8me g\u00e9n\u00e9ration reste une excellente montre intelligente. Walmart le propose actuellement avec une r\u00e9duction de 90 $, que vous choisissiez le mod\u00e8le GPS 40 mm ou le mod\u00e8le 44 mm. Si vous choisissez cette derni\u00e8re option, cela vous co\u00fbtera 189 $, contre 279 $.    <\/p>\n<\/li>\n<li>\n<p><strong>Apple Watch s\u00e9rie 10<\/strong>: 249 $ chez Best Buy (au lieu de 499 $) : la derni\u00e8re Apple Watch Series 11 d&rsquo;Apple est \u00e0 pr\u00e8s de 50 $ de r\u00e9duction chez Walmart. Mais vous pouvez \u00e9conomiser 100 $ suppl\u00e9mentaires en optant pour l\u2019Apple Watch Series 10 de g\u00e9n\u00e9ration pr\u00e9c\u00e9dente. <\/p>\n<\/li>\n<li>\n<p><strong>Garmin Vivoactive 5<\/strong>: 199 $ chez Best Buy (au lieu de 299 $) : Garmin est dans un bateau similaire aux montres Apple ci-dessus, car la v\u00edvoactive 5 est d\u00e9sormais un produit de derni\u00e8re g\u00e9n\u00e9ration. N\u00e9anmoins, il est livr\u00e9 avec un \u00e9cran de 42 mm, une multitude de fonctionnalit\u00e9s d&rsquo;entra\u00eenement (comme le suivi du sommeil, la fr\u00e9quence respiratoire, l&rsquo;activit\u00e9 par rapport \u00e0 l&rsquo;inactivit\u00e9) et 264 heures d&rsquo;autonomie. <\/p>\n<\/li>\n<li>\n<p><strong>Garmin Forerunner 265<\/strong>: 299,99 $ sur Amazon (au lieu de 449,99 $) : Beth Skwarecki, r\u00e9dactrice en chef de Vie Associative Health, a \u00e9t\u00e9 agr\u00e9ablement surprise de voir le Forerunner 265 en vente avant le Black Friday de cette ann\u00e9e. \u00c0 l&rsquo;heure actuelle, vous pouvez retirer la somme \u00e9norme de 150 $ sur cette montre, et si vous souhaitez augmenter un peu, vous pouvez choisir la Forerunner 965, qui co\u00fbte 449,99 $ (contre 599,99 $).<\/p>\n<\/li>\n<\/ul>\n<h2 id=\"the-best-early-black-friday-deals-on-headphones-and-earbuds\">Les meilleures offres du d\u00e9but du Black Friday sur les \u00e9couteurs et les \u00e9couteurs<\/h2>\n<div class=\"pogoClear mb-12 mt-10 rounded-md border-2 border-gray-100 py-7 shadow-xl md:py-6\">\n<div class=\"flex flex-wrap justify-between px-7 text-black no-underline md:flex-nowrap md:px-8\">\n<div class=\"order-1 mx-auto flex flex-col justify-center md:order-2 md:ml-4 md:w-full md:grow\">\n<div class=\"block cursor-pointer text-center font-akshar text-2xl font-medium leading-7 text-brand-green duration-200 ease-in-out hover:text-brand-green-700 md:text-left md:text-xl md:leading-6\">AirPods Pro 2\n                <\/div>\n<div class=\"mt-4 hidden md:flex md:justify-between\">\n<div class=\"self-end\">\n<div class=\"mb-0 h-11 md:flex md:flex-col md:justify-center\">\n<div class=\" font-sans leading-4 text-black\">\n<div class=\"flex flex-wrap items-center justify-center gap-1 md:justify-start\">\n        <span class=\"font-bold\"><\/p>\n<p>            139,00\u00a0$<br \/>\n                            <span class=\"font-medium\">chez Walmart<\/span><br \/>\n                    <\/span>\n            <\/div>\n<div class=\"flex items-center justify-center gap-x-1 font-bold md:justify-start\">\n            <span class=\"text-sm line-through\">184,79\u00a0$<\/span><br \/>\n            <span class=\"text-sm text-brand-green\">\u00c9conomisez 45,79\u00a0$<\/span>\n        <\/div>\n<\/p><\/div>\n<\/p><\/div>\n<\/p><\/div>\n<div class=\"w-44 self-end\">\n                            <button class=\"flex justify-center items-center w-full bg-brand-green text-white text-base font-sans font-medium rounded-md hover:bg-brand-green-700 hover:cursor-pointer md:text-sm h-11\"><\/p>\n<p>    Obtenez une offre<br \/>\n<\/button>\n                        <\/div>\n<\/p><\/div>\n<\/p><\/div>\n<div class=\"order-2 mt-5 h-auto w-full md:order-1 md:mt-0 md:hidden\">\n<div class=\"flex aspect-video items-center justify-center\">\n                                            <img decoding=\"async\" class=\"m-0 max-h-full max-w-full rounded-md\" src=\"https:\/\/vieassociative.be\/actualites\/wp-content\/uploads\/2025\/11\/1763623047_805_Je-suis-un-editeur-technique-et-ce-sont-les-meilleures.jpg\" alt=\"\u00c9couteurs sans fil \u00e0 r\u00e9duction de bruit Apple AirPods Pro 2\" width=\"auto\" height=\"auto\" loading=\"lazy\">\n                                    <\/div>\n<\/p><\/div>\n<div class=\"order-2 ml-2 hidden w-32 shrink-0 items-center md:order-1 md:ml-0 md:flex\">\n<div class=\"flex aspect-video items-center justify-center\">\n                                            <img decoding=\"async\" class=\"m-0 max-h-full max-w-full rounded-md\" src=\"https:\/\/vieassociative.be\/actualites\/wp-content\/uploads\/2025\/11\/1763623047_805_Je-suis-un-editeur-technique-et-ce-sont-les-meilleures.jpg\" alt=\"\u00c9couteurs sans fil \u00e0 r\u00e9duction de bruit Apple AirPods Pro 2\" width=\"auto\" height=\"auto\" loading=\"lazy\">\n                                    <\/div>\n<\/p><\/div>\n<div class=\"order-3 flex grow flex-wrap md:hidden md:grow-0\">\n<div class=\"mt-4 w-full\">\n                        <button class=\"flex justify-center items-center w-full bg-brand-green text-white text-base font-sans font-medium rounded-md hover:bg-brand-green-700 hover:cursor-pointer md:text-sm h-11\"><\/p>\n<p>    Obtenez une offre<br \/>\n<\/button>\n                    <\/div>\n<div class=\"mx-2 mt-4 w-full\">\n<div class=\" font-sans leading-4 text-black\">\n<div class=\"flex flex-wrap items-center justify-center gap-1 md:justify-start\">\n        <span class=\"font-bold\"><\/p>\n<p>            139,00\u00a0$<br \/>\n                            <span class=\"font-medium\">chez Walmart<\/span><br \/>\n                    <\/span>\n            <\/div>\n<div class=\"flex items-center justify-center gap-x-1 font-bold md:justify-start\">\n            <span class=\"text-sm line-through\">184,79\u00a0$<\/span><br \/>\n            <span class=\"text-sm text-brand-green\">\u00c9conomisez 45,79\u00a0$<\/span>\n        <\/div>\n<\/p><\/div>\n<\/p><\/div>\n<\/p><\/div>\n<\/p><\/div>\n<\/div>\n<ul>\n<li>\n<p><strong>AirPods Pro 3<\/strong>: 219,99 $ sur Amazon (au lieu de 249 $) : Je ne m&rsquo;y attendais pas, mais les derniers AirPods Pro d&rsquo;Apple sont en fait en vente avant Prime Day, mais ils le sont. Ce n&rsquo;est pas une remise \u00e9norme, avec une r\u00e9duction d&rsquo;un peu plus de 29 $, mais c&rsquo;est toujours le prix le plus bas que ces \u00e9couteurs aient jamais atteint. <\/p>\n<\/li>\n<li>\n<p><strong>AirPods Pro 2<\/strong>: 139 $ chez Walmart (au lieu de 239 $) : Si vous ne voulez pas d\u00e9penser 220 $ pour les AirPods Pro 3 d&rsquo;Apple, les Pros de deuxi\u00e8me g\u00e9n\u00e9ration sont en quelque sorte une bonne affaire \u00e0 139 $. Ils offrent toujours un son exceptionnel, une suppression du bruit et une transparence, et vous \u00e9conomisez 110 $ par rapport au dernier mod\u00e8le d&rsquo;Apple. <\/p>\n<\/li>\n<li>\n<p><strong>AirPod 4<\/strong>: 84,99 $ sur Amazon (au lieu de 129 $)\u00a0: Si les \u00e9couteurs \u00e0 embout en caoutchouc ne sont pas faits pour vous, les AirPods 4 d&rsquo;Apple sont \u00e9galement actuellement en vente. Vous pouvez soit acheter les AirPod standard pour 84,99 $ (au lieu de 129 $), soit acheter la paire avec suppression active du bruit pour 109,99 $ (au lieu de 179 $).<\/p>\n<\/li>\n<li>\n<p><strong>\u00c9couteurs QuietComfort Ultra<\/strong>: 249 $ sur Amazon (au lieu de 299 $) : Bose est connu \u00e0 la fois pour sa qualit\u00e9 sonore et sa suppression du bruit, et bien que les \u00e9couteurs QuietComfort Ultra soient un peu chers, ils sont actuellement \u00e0 50 $ de r\u00e9duction. <\/p>\n<\/li>\n<li>\n<p><strong>\u00c9couteurs JBL Tune<\/strong>: 39,95 $ sur Amazon (au lieu de 99,95 $) : Les \u00e9couteurs sans fil peuvent co\u00fbter cher, il est donc rafra\u00eechissant de b\u00e9n\u00e9ficier d&rsquo;une r\u00e9duction comme celle-ci sur les Tune Buds de JBL. Les t\u00eates co\u00fbtent normalement un peu moins de 100 $, mais avant le Black Friday, elles sont \u00e0 60 $ de r\u00e9duction.<\/p>\n<\/li>\n<li>\n<p><strong>Sony WH-1000XM5<\/strong>: 248 $ sur Amazon (au lieu de 399,99 $) : Si je n&rsquo;avais pas d\u00e9j\u00e0 une paire d&rsquo;AirPods Max, ce seraient les \u00e9couteurs que je choisirais. La s\u00e9rie WH-1000XM de Sony est l&rsquo;une des meilleures, et m\u00eame si elle n&rsquo;est pas aussi ch\u00e8re que les \u00e9couteurs supra-auriculaires d&rsquo;Apple, elle reste assez ch\u00e8re. Amazon les propose actuellement \u00e0 une r\u00e9duction de 38 %.<\/p>\n<\/li>\n<\/ul>\n<hr>\n<h2 id=\"how-long-do-black-friday-deals-really-last\">Combien de temps durent r\u00e9ellement les offres du Black Friday ?<\/h2>\n<p>Les ventes du Black Friday commencent officiellement le vendredi 28 novembre 2025 et se d\u00e9roulent tout au long de la \u00ab Cyber \u200b\u200bWeek \u00bb, la p\u00e9riode de cinq jours qui s&rsquo;\u00e9tend de Thanksgiving au Cyber \u200b\u200bMonday, le 1er d\u00e9cembre 2025. Mais les dates du Black Friday et du Cyber \u200b\u200bMonday se sont \u00e9tendues \u00e0 mesure que les d\u00e9taillants se disputent les clients. Vous pouvez b\u00e9n\u00e9ficier des m\u00eames ventes du Black Friday plus t\u00f4t et nous pr\u00e9voyons que les ventes se termineront d\u2019ici le 3 d\u00e9cembre 2025.<\/p>\n<h2 id=\"what-stores-have-the-best-sales-on-black-friday\">Quels magasins proposent les meilleures ventes le Black Friday ?<\/h2>\n<p>De nos jours, les grands d\u00e9taillants et les petites entreprises se disputent les acheteurs du Black Friday, vous pouvez donc vous attendre \u00e0 ce que pratiquement tous les magasins r\u00e9alisent des soldes jusqu&rsquo;au lundi 1er d\u00e9cembre 2025. Les \u00ab meilleures \u00bb ventes d\u00e9pendent de vos besoins, mais en g\u00e9n\u00e9ral, les remises les plus importantes ont tendance \u00e0 provenir de grands d\u00e9taillants qui peuvent se permettre des prix plus bas : pensez \u00e0 des endroits comme Amazon, Walmart, Target, Best Buy et Home Depot. Vous pouvez retrouver toutes les meilleures ventes des grands d\u00e9taillants sur notre blog en direct. <\/p>\n<h2 id=\"are-black-friday-deals-worth-it\">Les offres du Black Friday en valent-elles la peine ?<\/h2>\n<p>Bref, oui, le Black Friday propose toujours des r\u00e9ductions qui peuvent \u00eatre rares sur le reste de l&rsquo;ann\u00e9e. Si vous souhaitez acheter quelque chose ou si vous achetez des cadeaux, c&rsquo;est le bon moment pour rechercher des r\u00e9ductions sur ce dont vous avez besoin, en particulier les ventes de technologies, de fournitures de r\u00e9novation domiciliaire et de technologies de fitness. Bien s\u00fbr, si vous avez besoin d\u2019\u00e9conomiser de l\u2019argent, la meilleure fa\u00e7on d\u2019\u00e9conomiser est de ne rien acheter. <\/p>\n<h2 id=\"are-cyber-monday-deals-better-than-black-friday\">Les offres du Cyber \u200b\u200bMonday sont-elles meilleures que le Black Friday ?<\/h2>\n<p>Le Black Friday \u00e9tait autrefois r\u00e9serv\u00e9 aux grands d\u00e9taillants et aux technologies et appareils \u00e9lectrom\u00e9nagers plus chers, tandis que le Cyber \u200b\u200b\u200b\u200bMonday \u00e9tait destin\u00e9 aux technologies moins ch\u00e8res et donnait aux petites entreprises une chance de rivaliser en ligne. Mais aujourd\u2019hui, la distinction n\u2019a presque plus de sens. Tous les grands d\u00e9taillants proposeront des soldes les deux jours, et la meilleure chose \u00e0 faire est de savoir ce que vous voulez, d&rsquo;utiliser des outils de suivi des prix ou de vous r\u00e9f\u00e9rer \u00e0 des guides comme notre blog en direct qui utilisent des outils de suivi des prix pour vous, et de ne pas vous soucier de trouver le moment id\u00e9al.<\/p>\n","protected":false},"excerpt":{"rendered":"<p>Je suis un \u00e9diteur technique et ce sont les meilleures offres du Black Friday que j&rsquo;ai rep\u00e9r\u00e9es jusqu&rsquo;\u00e0 pr\u00e9sent. Les ventes du Black Friday commencent<\/p>\n","protected":false},"author":1,"featured_media":11506,"comment_status":"","ping_status":"","sticky":false,"template":"","format":"standard","meta":{"footnotes":""},"categories":[13],"tags":[73,359,29,9074,1255,14,233,79,345,2789],"class_list":["post-11505","post","type-post","status-publish","format-standard","has-post-thumbnail","hentry","category-technologie","tag-black","tag-debut","tag-des","tag-disponibles","tag-friday","tag-les","tag-maintenant","tag-meilleures","tag-offres","tag-technologiques","generate-columns","tablet-grid-50","mobile-grid-100","grid-parent","grid-33"],"yoast_head":"<!-- This site is optimized with the Yoast SEO plugin v24.0 - https:\/\/yoast.com\/wordpress\/plugins\/seo\/ -->\n<title>Les meilleures offres technologiques du d\u00e9but du Black Friday disponibles d\u00e8s maintenant | Vie Associative<\/title>\n<meta name=\"robots\" content=\"index, follow, max-snippet:-1, max-image-preview:large, max-video-preview:-1\" \/>\n<link rel=\"canonical\" href=\"https:\/\/vieassociative.be\/actualites\/les-meilleures-offres-technologiques-du-debut-du-black-friday-disponibles-des-maintenant\/\" \/>\n<meta property=\"og:locale\" content=\"fr_FR\" \/>\n<meta property=\"og:type\" content=\"article\" \/>\n<meta property=\"og:title\" content=\"Les meilleures offres technologiques du d\u00e9but du Black Friday disponibles d\u00e8s maintenant | Vie Associative\" \/>\n<meta property=\"og:description\" content=\"Je suis un \u00e9diteur technique et ce sont les meilleures offres du Black Friday que j&rsquo;ai rep\u00e9r\u00e9es jusqu&rsquo;\u00e0 pr\u00e9sent. Les ventes du Black Friday commencent\" \/>\n<meta property=\"og:url\" content=\"https:\/\/vieassociative.be\/actualites\/les-meilleures-offres-technologiques-du-debut-du-black-friday-disponibles-des-maintenant\/\" \/>\n<meta property=\"og:site_name\" content=\"Vie Associative\" \/>\n<meta property=\"article:published_time\" content=\"2025-11-24T05:17:34+00:00\" \/>\n<meta property=\"og:image\" content=\"https:\/\/vieassociative.be\/actualites\/wp-content\/uploads\/2025\/11\/Les-meilleures-offres-technologiques-du-debut-du-Black-Friday-disponibles.jpg\" \/>\n<meta name=\"author\" content=\"Julien\" \/>\n<meta name=\"twitter:card\" content=\"summary_large_image\" \/>\n<meta name=\"twitter:label1\" content=\"\u00c9crit par\" \/>\n\t<meta name=\"twitter:data1\" content=\"Julien\" \/>\n\t<meta name=\"twitter:label2\" content=\"Dur\u00e9e de lecture est.\" \/>\n\t<meta name=\"twitter:data2\" content=\"12 minutes\" \/>\n<script type=\"application\/ld+json\" class=\"yoast-schema-graph\">{\"@context\":\"https:\/\/schema.org\",\"@graph\":[{\"@type\":\"Article\",\"@id\":\"https:\/\/vieassociative.be\/actualites\/les-meilleures-offres-technologiques-du-debut-du-black-friday-disponibles-des-maintenant\/#article\",\"isPartOf\":{\"@id\":\"https:\/\/vieassociative.be\/actualites\/les-meilleures-offres-technologiques-du-debut-du-black-friday-disponibles-des-maintenant\/\"},\"author\":{\"name\":\"Julien\",\"@id\":\"https:\/\/vieassociative.be\/actualites\/#\/schema\/person\/b87ac4f82f9d4e7b7cec7395b679edc4\"},\"headline\":\"Les meilleures offres technologiques du d\u00e9but du Black Friday disponibles d\u00e8s maintenant\",\"datePublished\":\"2025-11-24T05:17:34+00:00\",\"dateModified\":\"2025-11-24T05:17:34+00:00\",\"mainEntityOfPage\":{\"@id\":\"https:\/\/vieassociative.be\/actualites\/les-meilleures-offres-technologiques-du-debut-du-black-friday-disponibles-des-maintenant\/\"},\"wordCount\":2441,\"publisher\":{\"@id\":\"https:\/\/vieassociative.be\/actualites\/#organization\"},\"image\":{\"@id\":\"https:\/\/vieassociative.be\/actualites\/les-meilleures-offres-technologiques-du-debut-du-black-friday-disponibles-des-maintenant\/#primaryimage\"},\"thumbnailUrl\":\"https:\/\/vieassociative.be\/actualites\/wp-content\/uploads\/2025\/11\/1763961455_Les-meilleures-offres-technologiques-du-debut-du-Black-Friday-disponibles.jpg\",\"keywords\":[\"Black\",\"D\u00e9but\",\"Des\",\"disponibles\",\"Friday\",\"Les\",\"maintenant\",\"meilleures\",\"offres\",\"technologiques\"],\"articleSection\":[\"Technologie\"],\"inLanguage\":\"fr-BE\"},{\"@type\":\"WebPage\",\"@id\":\"https:\/\/vieassociative.be\/actualites\/les-meilleures-offres-technologiques-du-debut-du-black-friday-disponibles-des-maintenant\/\",\"url\":\"https:\/\/vieassociative.be\/actualites\/les-meilleures-offres-technologiques-du-debut-du-black-friday-disponibles-des-maintenant\/\",\"name\":\"Les meilleures offres technologiques du d\u00e9but du Black Friday disponibles d\u00e8s maintenant | Vie Associative\",\"isPartOf\":{\"@id\":\"https:\/\/vieassociative.be\/actualites\/#website\"},\"primaryImageOfPage\":{\"@id\":\"https:\/\/vieassociative.be\/actualites\/les-meilleures-offres-technologiques-du-debut-du-black-friday-disponibles-des-maintenant\/#primaryimage\"},\"image\":{\"@id\":\"https:\/\/vieassociative.be\/actualites\/les-meilleures-offres-technologiques-du-debut-du-black-friday-disponibles-des-maintenant\/#primaryimage\"},\"thumbnailUrl\":\"https:\/\/vieassociative.be\/actualites\/wp-content\/uploads\/2025\/11\/1763961455_Les-meilleures-offres-technologiques-du-debut-du-Black-Friday-disponibles.jpg\",\"datePublished\":\"2025-11-24T05:17:34+00:00\",\"dateModified\":\"2025-11-24T05:17:34+00:00\",\"breadcrumb\":{\"@id\":\"https:\/\/vieassociative.be\/actualites\/les-meilleures-offres-technologiques-du-debut-du-black-friday-disponibles-des-maintenant\/#breadcrumb\"},\"inLanguage\":\"fr-BE\",\"potentialAction\":[{\"@type\":\"ReadAction\",\"target\":[\"https:\/\/vieassociative.be\/actualites\/les-meilleures-offres-technologiques-du-debut-du-black-friday-disponibles-des-maintenant\/\"]}]},{\"@type\":\"ImageObject\",\"inLanguage\":\"fr-BE\",\"@id\":\"https:\/\/vieassociative.be\/actualites\/les-meilleures-offres-technologiques-du-debut-du-black-friday-disponibles-des-maintenant\/#primaryimage\",\"url\":\"https:\/\/vieassociative.be\/actualites\/wp-content\/uploads\/2025\/11\/1763961455_Les-meilleures-offres-technologiques-du-debut-du-Black-Friday-disponibles.jpg\",\"contentUrl\":\"https:\/\/vieassociative.be\/actualites\/wp-content\/uploads\/2025\/11\/1763961455_Les-meilleures-offres-technologiques-du-debut-du-Black-Friday-disponibles.jpg\",\"width\":1200,\"height\":675,\"caption\":\"Les meilleures offres technologiques du d\u00e9but du Black Friday disponibles d\u00e8s maintenant\"},{\"@type\":\"BreadcrumbList\",\"@id\":\"https:\/\/vieassociative.be\/actualites\/les-meilleures-offres-technologiques-du-debut-du-black-friday-disponibles-des-maintenant\/#breadcrumb\",\"itemListElement\":[{\"@type\":\"ListItem\",\"position\":1,\"name\":\"Accueil\",\"item\":\"https:\/\/vieassociative.be\/actualites\/\"},{\"@type\":\"ListItem\",\"position\":2,\"name\":\"Les meilleures offres technologiques du d\u00e9but du Black Friday disponibles d\u00e8s maintenant\"}]},{\"@type\":\"WebSite\",\"@id\":\"https:\/\/vieassociative.be\/actualites\/#website\",\"url\":\"https:\/\/vieassociative.be\/actualites\/\",\"name\":\"Vie Associative\",\"description\":\"\",\"publisher\":{\"@id\":\"https:\/\/vieassociative.be\/actualites\/#organization\"},\"potentialAction\":[{\"@type\":\"SearchAction\",\"target\":{\"@type\":\"EntryPoint\",\"urlTemplate\":\"https:\/\/vieassociative.be\/actualites\/?s={search_term_string}\"},\"query-input\":{\"@type\":\"PropertyValueSpecification\",\"valueRequired\":true,\"valueName\":\"search_term_string\"}}],\"inLanguage\":\"fr-BE\"},{\"@type\":\"Organization\",\"@id\":\"https:\/\/vieassociative.be\/actualites\/#organization\",\"name\":\"Vie Associative\",\"url\":\"https:\/\/vieassociative.be\/actualites\/\",\"logo\":{\"@type\":\"ImageObject\",\"inLanguage\":\"fr-BE\",\"@id\":\"https:\/\/vieassociative.be\/actualites\/#\/schema\/logo\/image\/\",\"url\":\"https:\/\/vieassociative.be\/actualites\/wp-content\/uploads\/2024\/09\/cropped-vieassociative_favicon.ico.png\",\"contentUrl\":\"https:\/\/vieassociative.be\/actualites\/wp-content\/uploads\/2024\/09\/cropped-vieassociative_favicon.ico.png\",\"width\":512,\"height\":512,\"caption\":\"Vie Associative\"},\"image\":{\"@id\":\"https:\/\/vieassociative.be\/actualites\/#\/schema\/logo\/image\/\"}},{\"@type\":\"Person\",\"@id\":\"https:\/\/vieassociative.be\/actualites\/#\/schema\/person\/b87ac4f82f9d4e7b7cec7395b679edc4\",\"name\":\"Julien\",\"image\":{\"@type\":\"ImageObject\",\"inLanguage\":\"fr-BE\",\"@id\":\"https:\/\/vieassociative.be\/actualites\/#\/schema\/person\/image\/\",\"url\":\"https:\/\/vieassociative.be\/actualites\/wp-content\/uploads\/2024\/09\/vie-associative-1-150x150.jpg\",\"contentUrl\":\"https:\/\/vieassociative.be\/actualites\/wp-content\/uploads\/2024\/09\/vie-associative-1-150x150.jpg\",\"caption\":\"Julien\"},\"description\":\"Je suis Julien, r\u00e9dacteur pour Vie Associative. Passionn\u00e9 par le monde associatif depuis plus de 10 ans, j'ai \u00e0 c\u0153ur de partager des histoires inspirantes et de mettre en lumi\u00e8re les initiatives locales. Mon objectif est de sensibiliser et d'encourager l'engagement communautaire \u00e0 travers mes articles.\",\"sameAs\":[\"https:\/\/vieassociative.be\/\"]}]}<\/script>\n<!-- \/ Yoast SEO plugin. -->","yoast_head_json":{"title":"Les meilleures offres technologiques du d\u00e9but du Black Friday disponibles d\u00e8s maintenant | Vie Associative","robots":{"index":"index","follow":"follow","max-snippet":"max-snippet:-1","max-image-preview":"max-image-preview:large","max-video-preview":"max-video-preview:-1"},"canonical":"https:\/\/vieassociative.be\/actualites\/les-meilleures-offres-technologiques-du-debut-du-black-friday-disponibles-des-maintenant\/","og_locale":"fr_FR","og_type":"article","og_title":"Les meilleures offres technologiques du d\u00e9but du Black Friday disponibles d\u00e8s maintenant | Vie Associative","og_description":"Je suis un \u00e9diteur technique et ce sont les meilleures offres du Black Friday que j&rsquo;ai rep\u00e9r\u00e9es jusqu&rsquo;\u00e0 pr\u00e9sent. Les ventes du Black Friday commencent","og_url":"https:\/\/vieassociative.be\/actualites\/les-meilleures-offres-technologiques-du-debut-du-black-friday-disponibles-des-maintenant\/","og_site_name":"Vie Associative","article_published_time":"2025-11-24T05:17:34+00:00","og_image":[{"url":"https:\/\/vieassociative.be\/actualites\/wp-content\/uploads\/2025\/11\/Les-meilleures-offres-technologiques-du-debut-du-Black-Friday-disponibles.jpg","type":"","width":"","height":""}],"author":"Julien","twitter_card":"summary_large_image","twitter_misc":{"\u00c9crit par":"Julien","Dur\u00e9e de lecture est.":"12 minutes"},"schema":{"@context":"https:\/\/schema.org","@graph":[{"@type":"Article","@id":"https:\/\/vieassociative.be\/actualites\/les-meilleures-offres-technologiques-du-debut-du-black-friday-disponibles-des-maintenant\/#article","isPartOf":{"@id":"https:\/\/vieassociative.be\/actualites\/les-meilleures-offres-technologiques-du-debut-du-black-friday-disponibles-des-maintenant\/"},"author":{"name":"Julien","@id":"https:\/\/vieassociative.be\/actualites\/#\/schema\/person\/b87ac4f82f9d4e7b7cec7395b679edc4"},"headline":"Les meilleures offres technologiques du d\u00e9but du Black Friday disponibles d\u00e8s maintenant","datePublished":"2025-11-24T05:17:34+00:00","dateModified":"2025-11-24T05:17:34+00:00","mainEntityOfPage":{"@id":"https:\/\/vieassociative.be\/actualites\/les-meilleures-offres-technologiques-du-debut-du-black-friday-disponibles-des-maintenant\/"},"wordCount":2441,"publisher":{"@id":"https:\/\/vieassociative.be\/actualites\/#organization"},"image":{"@id":"https:\/\/vieassociative.be\/actualites\/les-meilleures-offres-technologiques-du-debut-du-black-friday-disponibles-des-maintenant\/#primaryimage"},"thumbnailUrl":"https:\/\/vieassociative.be\/actualites\/wp-content\/uploads\/2025\/11\/1763961455_Les-meilleures-offres-technologiques-du-debut-du-Black-Friday-disponibles.jpg","keywords":["Black","D\u00e9but","Des","disponibles","Friday","Les","maintenant","meilleures","offres","technologiques"],"articleSection":["Technologie"],"inLanguage":"fr-BE"},{"@type":"WebPage","@id":"https:\/\/vieassociative.be\/actualites\/les-meilleures-offres-technologiques-du-debut-du-black-friday-disponibles-des-maintenant\/","url":"https:\/\/vieassociative.be\/actualites\/les-meilleures-offres-technologiques-du-debut-du-black-friday-disponibles-des-maintenant\/","name":"Les meilleures offres technologiques du d\u00e9but du Black Friday disponibles d\u00e8s maintenant | Vie Associative","isPartOf":{"@id":"https:\/\/vieassociative.be\/actualites\/#website"},"primaryImageOfPage":{"@id":"https:\/\/vieassociative.be\/actualites\/les-meilleures-offres-technologiques-du-debut-du-black-friday-disponibles-des-maintenant\/#primaryimage"},"image":{"@id":"https:\/\/vieassociative.be\/actualites\/les-meilleures-offres-technologiques-du-debut-du-black-friday-disponibles-des-maintenant\/#primaryimage"},"thumbnailUrl":"https:\/\/vieassociative.be\/actualites\/wp-content\/uploads\/2025\/11\/1763961455_Les-meilleures-offres-technologiques-du-debut-du-Black-Friday-disponibles.jpg","datePublished":"2025-11-24T05:17:34+00:00","dateModified":"2025-11-24T05:17:34+00:00","breadcrumb":{"@id":"https:\/\/vieassociative.be\/actualites\/les-meilleures-offres-technologiques-du-debut-du-black-friday-disponibles-des-maintenant\/#breadcrumb"},"inLanguage":"fr-BE","potentialAction":[{"@type":"ReadAction","target":["https:\/\/vieassociative.be\/actualites\/les-meilleures-offres-technologiques-du-debut-du-black-friday-disponibles-des-maintenant\/"]}]},{"@type":"ImageObject","inLanguage":"fr-BE","@id":"https:\/\/vieassociative.be\/actualites\/les-meilleures-offres-technologiques-du-debut-du-black-friday-disponibles-des-maintenant\/#primaryimage","url":"https:\/\/vieassociative.be\/actualites\/wp-content\/uploads\/2025\/11\/1763961455_Les-meilleures-offres-technologiques-du-debut-du-Black-Friday-disponibles.jpg","contentUrl":"https:\/\/vieassociative.be\/actualites\/wp-content\/uploads\/2025\/11\/1763961455_Les-meilleures-offres-technologiques-du-debut-du-Black-Friday-disponibles.jpg","width":1200,"height":675,"caption":"Les meilleures offres technologiques du d\u00e9but du Black Friday disponibles d\u00e8s maintenant"},{"@type":"BreadcrumbList","@id":"https:\/\/vieassociative.be\/actualites\/les-meilleures-offres-technologiques-du-debut-du-black-friday-disponibles-des-maintenant\/#breadcrumb","itemListElement":[{"@type":"ListItem","position":1,"name":"Accueil","item":"https:\/\/vieassociative.be\/actualites\/"},{"@type":"ListItem","position":2,"name":"Les meilleures offres technologiques du d\u00e9but du Black Friday disponibles d\u00e8s maintenant"}]},{"@type":"WebSite","@id":"https:\/\/vieassociative.be\/actualites\/#website","url":"https:\/\/vieassociative.be\/actualites\/","name":"Vie Associative","description":"","publisher":{"@id":"https:\/\/vieassociative.be\/actualites\/#organization"},"potentialAction":[{"@type":"SearchAction","target":{"@type":"EntryPoint","urlTemplate":"https:\/\/vieassociative.be\/actualites\/?s={search_term_string}"},"query-input":{"@type":"PropertyValueSpecification","valueRequired":true,"valueName":"search_term_string"}}],"inLanguage":"fr-BE"},{"@type":"Organization","@id":"https:\/\/vieassociative.be\/actualites\/#organization","name":"Vie Associative","url":"https:\/\/vieassociative.be\/actualites\/","logo":{"@type":"ImageObject","inLanguage":"fr-BE","@id":"https:\/\/vieassociative.be\/actualites\/#\/schema\/logo\/image\/","url":"https:\/\/vieassociative.be\/actualites\/wp-content\/uploads\/2024\/09\/cropped-vieassociative_favicon.ico.png","contentUrl":"https:\/\/vieassociative.be\/actualites\/wp-content\/uploads\/2024\/09\/cropped-vieassociative_favicon.ico.png","width":512,"height":512,"caption":"Vie Associative"},"image":{"@id":"https:\/\/vieassociative.be\/actualites\/#\/schema\/logo\/image\/"}},{"@type":"Person","@id":"https:\/\/vieassociative.be\/actualites\/#\/schema\/person\/b87ac4f82f9d4e7b7cec7395b679edc4","name":"Julien","image":{"@type":"ImageObject","inLanguage":"fr-BE","@id":"https:\/\/vieassociative.be\/actualites\/#\/schema\/person\/image\/","url":"https:\/\/vieassociative.be\/actualites\/wp-content\/uploads\/2024\/09\/vie-associative-1-150x150.jpg","contentUrl":"https:\/\/vieassociative.be\/actualites\/wp-content\/uploads\/2024\/09\/vie-associative-1-150x150.jpg","caption":"Julien"},"description":"Je suis Julien, r\u00e9dacteur pour Vie Associative. Passionn\u00e9 par le monde associatif depuis plus de 10 ans, j'ai \u00e0 c\u0153ur de partager des histoires inspirantes et de mettre en lumi\u00e8re les initiatives locales. Mon objectif est de sensibiliser et d'encourager l'engagement communautaire \u00e0 travers mes articles.","sameAs":["https:\/\/vieassociative.be\/"]}]}},"_links":{"self":[{"href":"https:\/\/vieassociative.be\/actualites\/wp-json\/wp\/v2\/posts\/11505"}],"collection":[{"href":"https:\/\/vieassociative.be\/actualites\/wp-json\/wp\/v2\/posts"}],"about":[{"href":"https:\/\/vieassociative.be\/actualites\/wp-json\/wp\/v2\/types\/post"}],"author":[{"embeddable":true,"href":"https:\/\/vieassociative.be\/actualites\/wp-json\/wp\/v2\/users\/1"}],"replies":[{"embeddable":true,"href":"https:\/\/vieassociative.be\/actualites\/wp-json\/wp\/v2\/comments?post=11505"}],"version-history":[{"count":0,"href":"https:\/\/vieassociative.be\/actualites\/wp-json\/wp\/v2\/posts\/11505\/revisions"}],"wp:featuredmedia":[{"embeddable":true,"href":"https:\/\/vieassociative.be\/actualites\/wp-json\/wp\/v2\/media\/11506"}],"wp:attachment":[{"href":"https:\/\/vieassociative.be\/actualites\/wp-json\/wp\/v2\/media?parent=11505"}],"wp:term":[{"taxonomy":"category","embeddable":true,"href":"https:\/\/vieassociative.be\/actualites\/wp-json\/wp\/v2\/categories?post=11505"},{"taxonomy":"post_tag","embeddable":true,"href":"https:\/\/vieassociative.be\/actualites\/wp-json\/wp\/v2\/tags?post=11505"}],"curies":[{"name":"wp","href":"https:\/\/api.w.org\/{rel}","templated":true}]}}