{"id":11502,"date":"2025-11-23T21:17:32","date_gmt":"2025-11-23T20:17:32","guid":{"rendered":"https:\/\/vieassociative.be\/actualites\/la-grande-frenesie-dachat-fait-rage-lors-du-black-friday-les-humains-sont-des-animaux-de-troupeau-questions-et-reponses\/"},"modified":"2025-11-23T21:17:32","modified_gmt":"2025-11-23T20:17:32","slug":"la-grande-frenesie-dachat-fait-rage-lors-du-black-friday-les-humains-sont-des-animaux-de-troupeau-questions-et-reponses","status":"publish","type":"post","link":"https:\/\/vieassociative.be\/actualites\/la-grande-frenesie-dachat-fait-rage-lors-du-black-friday-les-humains-sont-des-animaux-de-troupeau-questions-et-reponses\/","title":{"rendered":"La grande fr\u00e9n\u00e9sie d\u2019achat fait rage lors du \u00ab Black Friday \u00bb : \u00ab Les humains sont des animaux de troupeau \u00bb (Questions et r\u00e9ponses)"},"content":{"rendered":"<p><strong>Cette p\u00e9riode de l&rsquo;ann\u00e9e est tr\u00e8s particuli\u00e8re pour les chasseurs de bonnes affaires : les journ\u00e9es promotionnelles autour du \u00ab Black Friday \u00bb, qui tombe cette ann\u00e9e le 28 novembre, promettent de belles r\u00e9ductions. Beaucoup de gens les utilisent pour acheter des cadeaux de No\u00ebl. Pourquoi la journ\u00e9e est-elle si lente ? Les questions et r\u00e9ponses les plus importantes.<\/strong><\/p>\n<p><span id=\"more-430332\"><\/span><strong>\u2013 Qu\u2019est-ce que le \u00ab Black Friday \u00bb ?<\/strong><\/p>\n<p>De nombreux d\u00e9taillants proposent des r\u00e9ductions lors du Black Friday. Certains font de la publicit\u00e9 avec des termes tels que Black Week ou Black Deals, car les promotions s&rsquo;\u00e9tendent souvent sur plusieurs jours. Le \u00ab Black Friday \u00bb trouve son origine aux \u00c9tats-Unis. Le lendemain de Thanksgiving, le quatri\u00e8me jeudi de novembre, est traditionnellement consid\u00e9r\u00e9 comme le d\u00e9but des affaires de No\u00ebl.<\/p>\n<p><strong>\u2013 Combien profitent de la campagne ?<\/strong><\/p>\n<p>Une enqu\u00eate YouGov men\u00e9e en septembre montre que 13 % des personnes interrog\u00e9es souhaitent absolument partir \u00e0 la chasse aux bonnes affaires, tandis que 34 % le souhaitent probablement. Le motif le plus courant : l\u2019\u00e9pargne. La cat\u00e9gorie de produits la plus populaire : v\u00eatements, mode et chaussures. Les offres dans ce domaine sont attractives pour 51 pour cent des personnes int\u00e9ress\u00e9es. Les PC, tablettes, smartphones, logiciels et applications (46 %) ainsi que les appareils \u00e9lectroniques grand public tels que les t\u00e9l\u00e9viseurs, les syst\u00e8mes audio et les consoles de jeux (41 %) sont \u00e9galement populaires. Une personne sur quatre pr\u00e9f\u00e8re faire ses achats en magasin plut\u00f4t qu\u2019en ligne.<\/p>\n<div id=\"attachment_430341\" class=\"wp-caption alignleft\" style=\"max-width: 300px\"><img fetchpriority=\"high\" decoding=\"async\" class=\"wp-image-430341 size-medium\" src=\"https:\/\/vieassociative.be\/actualites\/wp-content\/uploads\/2025\/11\/La-grande-frenesie-dachat-fait-rage-lors-du-Black.jpg\" alt=\"\" width=\"300\" height=\"210\"><\/div>\n<p>Selon une enqu\u00eate du cabinet de conseil en gestion PwC, les consommateurs qui souhaitent magasiner pendant le \u00ab Black Friday \u00bb souhaitent d\u00e9penser en moyenne 265 euros, soit un euro de plus qu&rsquo;en 2024. \u00ab Les hommes d\u00e9pensent nettement plus que les femmes, ce qui est \u00e9galement d\u00fb \u00e0 leur plus grande pr\u00e9f\u00e9rence pour l&rsquo;\u00e9lectronique et la technologie \u00bb, explique Christian Wulff, expert du commerce de d\u00e9tail de PwC.<\/p>\n<p>En raison de leur r\u00e9ticence \u00e0 acheter, les clients recherchent de plus en plus de r\u00e9ductions, rapporte l&rsquo;institut de recherche sur le commerce de d\u00e9tail IFH Cologne. De plus en plus de gens se renseignent sur les produits qu&rsquo;ils souhaitent avant les journ\u00e9es promotionnelles. \u00ab\u00a0Beaucoup de gens attendent jusqu&rsquo;en novembre pour faire des achats planifi\u00e9s de longue date, car ils savent que ce sera probablement moins cher \u00e0 ce moment-l\u00e0\u00a0\u00bb, explique Andreas Baetzgen, expert en publicit\u00e9 et professeur \u00e0 l&rsquo;Universit\u00e9 des sciences appliqu\u00e9es de Berlin.<\/p>\n<p><strong>\u2013 Pourquoi le \u00ab Black Friday \u00bb n\u2019int\u00e9resse-t-il pas tout le monde ?<\/strong><\/p>\n<p>Selon YouGov, 9 pour cent excluent cat\u00e9goriquement leur participation, 29 pour cent ne souhaitent probablement pas y participer. Les raisons : pas besoin (58 %), rejet du battage m\u00e9diatique (39 %), m\u00e9fiance \u00e0 l&rsquo;\u00e9gard des remises (38 %). Pour 23 pour cent, les prix sont trop \u00e9lev\u00e9s malgr\u00e9 la r\u00e9duction, et 20 pour cent trouvent l&rsquo;\u00e9v\u00e9nement trop stressant et d\u00e9routant. Plus des deux tiers consid\u00e8rent le Black Friday comme un moteur de surconsommation et de pollution environnementale.<\/p>\n<p><strong>\u2013 Quel effet la campagne a-t-elle sur les consommateurs ?<\/strong><\/p>\n<p>\u00ab\u00a0Le Black Friday est devenu culte et fait partie int\u00e9grante du calendrier\u00a0\u00bb, d\u00e9clare Hans Georg H\u00e4usel, chercheur sur le cerveau et psychologue de la consommation. \u00ab\u00a0Les humains sont des animaux de troupeau et s&rsquo;orientent sur les autres.\u00a0\u00bb La journ\u00e9e d\u2019action est devenue un \u00e9v\u00e9nement social et est donc difficile \u00e0 ignorer. \u00ab\u00a0Acheter est une r\u00e9compense pour les gens, c&rsquo;est pourquoi beaucoup de gens recherchent de bonnes affaires.\u00a0\u00bb Le \u00ab Black Friday \u00bb incite les gens \u00e0 acheter. H\u00e4usel compare le \u00ab Black Friday \u00bb \u00e0 un calendrier de l&rsquo;Avent. \u00ab Les gens sont impatients de voir ce que cela leur apporte. \u00bb<\/p>\n<\/p>\n<div id=\"attachment_430339\" class=\"wp-caption alignleft\" style=\"max-width: 300px\"><img decoding=\"async\" class=\"wp-image-430339 size-medium\" src=\"https:\/\/vieassociative.be\/actualites\/wp-content\/uploads\/2025\/11\/1763929052_949_La-grande-frenesie-dachat-fait-rage-lors-du-Black.jpg\" alt=\"\" width=\"300\" height=\"212\"><\/div>\n<p><strong>\u2013 Que peut-on observer cette ann\u00e9e ?<\/strong><\/p>\n<p>Le \u00ab Black Friday \u00bb n\u2019a lieu que fin novembre, mais de plus en plus de d\u00e9taillants proposent des r\u00e9ductions \u00e0 partir du milieu du mois \u2013 parfois appel\u00e9es offres anticip\u00e9es. Cela vise \u00e0 inciter les clients \u00e0 privil\u00e9gier les achats. Ailleurs, les offres ne s&rsquo;appliquent que la derni\u00e8re semaine de novembre &#8211; m\u00eame si le \u00ab Black Friday \u00bb est annonc\u00e9 depuis longtemps. Cela peut parfois \u00eatre d\u00e9routant et d\u00e9routant pour les clients, explique l&rsquo;expert en marketing Baetzgen. \u00ab\u00a0Le \u00ab\u00a0Black Friday\u00a0\u00bb prend de plus en plus d&rsquo;ampleur et avance de plus en plus. Le mois de novembre tout entier devient un blockbuster, ce qui enl\u00e8ve l&rsquo;\u00e9lan au vendredi lui-m\u00eame.\u00a0\u00bb<\/p>\n<p><strong>\u2013 Quelle est la qualit\u00e9 des r\u00e9ductions ?<\/strong><\/p>\n<p>Le portail de comparaison Idealo a analys\u00e9 cela pour 2024. Les prix d&rsquo;environ 10 000 produits de diff\u00e9rentes cat\u00e9gories ont \u00e9t\u00e9 examin\u00e9s. 73 % \u00e9taient moins chers autour du Black Friday que le mois pr\u00e9c\u00e9dent. Les \u00e9conomies moyennes \u00e9taient de 7 pour cent. Les r\u00e9ductions ont \u00e9t\u00e9 particuli\u00e8rement \u00e9lev\u00e9es sur les t\u00e9l\u00e9viseurs (-17 pour cent) et les aspirateurs (-15 pour cent). Selon une enqu\u00eate Idealo, pr\u00e8s de 70 % des consommateurs pensent que les d\u00e9taillants augmentent les prix \u00e0 l&rsquo;avance pour faire para\u00eetre les remises ult\u00e9rieures plus importantes.<\/p>\n<p>Comme le rapporte Wulff, expert de PwC, les consommateurs ont r\u00e9duit leurs attentes. \u00c0 partir d\u2019une r\u00e9duction de 36 pour cent, une remise est consid\u00e9r\u00e9e comme bonne. L&rsquo;ann\u00e9e derni\u00e8re, le seuil \u00e9tait de 50 pour cent.<\/p>\n<p><strong>\u2013 \u00c0 quoi les clients doivent-ils faire attention ?<\/strong><\/p>\n<p>Selon H\u00e4usel, chercheur sur le cerveau, la chasse aux bonnes affaires comporte des risques. L\u2019esprit s\u2019\u00e9teint souvent. \u00ab\u00a0Il faut bien r\u00e9fl\u00e9chir\u00a0: de quoi ai-je vraiment besoin\u00a0?\u00a0\u00bb Les consommateurs doivent conna\u00eetre \u00e0 l\u2019avance les prix des produits souhait\u00e9s afin de pouvoir estimer les remises. Et que faites-vous lorsque vous faites des d\u00e9couvertes spontan\u00e9es ? Son conseil : \u00ab\u00a0Attendez deux heures. Si vous voulez toujours le produit, foncez.\u00a0\u00bb<\/p>\n<div id=\"attachment_303512\" class=\"wp-caption alignleft\" style=\"max-width: 300px\"><img decoding=\"async\" class=\"wp-image-303512 size-medium\" src=\"https:\/\/vieassociative.be\/actualites\/wp-content\/uploads\/2024\/11\/Black-Friday-29-novembre-5-conseils-pour-les-campagnes.jpeg\" alt=\"\" width=\"300\" height=\"200\"><\/div>\n<p>Les d\u00e9fenseurs des consommateurs recommandent\u00a0:\u00a0Les prix doivent \u00eatre compar\u00e9s \u00e0 l\u2019aide d\u2019au moins deux moteurs de recherche. De plus, vous ne devez pas vous laisser mettre sous pression par les barres de compte \u00e0 rebours ou les horloges. Les experts d\u00e9conseillent de payer \u00e0 l\u2019avance. Il y a un avertissement concernant les fausses boutiques. Un regard sur les mentions l\u00e9gales et les avis clients peuvent apporter une s\u00e9curit\u00e9. Le centre de conseil aux consommateurs propose un faux localisateur de magasins pour v\u00e9rifier le s\u00e9rieux des prestataires.<\/p>\n<p>Selon une enqu\u00eate de la Schufa, environ une personne sur quatre dans ce pays a \u00e9t\u00e9 victime d&rsquo;une fraude en ligne. Les acheteurs doivent \u00eatre particuli\u00e8rement vigilants avant le Black Friday. Cela cr\u00e9e de nouveaux domaines d&rsquo;activit\u00e9 autour des journ\u00e9es d&rsquo;action. Les assureurs proposent une cyberassurance qui offre une protection lors des achats en ligne et contre d\u2019\u00e9ventuels dommages.<\/p>\n<p><strong>\u2013 Quelle est l\u2019importance du \u00ab Black Friday \u00bb pour le commerce de d\u00e9tail ?<\/strong><\/p>\n<p>Il est toutefois important de noter que le pic a peut-\u00eatre \u00e9t\u00e9 d\u00e9pass\u00e9. Les revenus pourraient baisser pour la premi\u00e8re fois cette ann\u00e9e. On dit que la faiblesse de la confiance des consommateurs att\u00e9nue les attentes.<\/p>\n<p>De nombreux d\u00e9taillants voient le \u00ab Black Friday \u00bb de mani\u00e8re ambivalente. Afin d\u2019accorder de bonnes r\u00e9ductions, les entreprises renon\u00e7aient souvent \u00e0 leurs b\u00e9n\u00e9fices. Il est d\u00e9conseill\u00e9 aux d\u00e9taillants sp\u00e9cialis\u00e9s d&rsquo;y participer. Cependant, la plupart des grandes cha\u00eenes y participent. \u00ab\u00a0La pression est trop forte. Les r\u00e9ductions sont comme une drogue &#8211; pour les d\u00e9taillants et les clients\u00a0\u00bb, d\u00e9clare un porte-parole de l&rsquo;Association du commerce des textiles, des chaussures et de la maroquinerie. (dpa)<\/p>\n","protected":false},"excerpt":{"rendered":"<p>Cette p\u00e9riode de l&rsquo;ann\u00e9e est tr\u00e8s particuli\u00e8re pour les chasseurs de bonnes affaires : les journ\u00e9es promotionnelles autour du \u00ab Black Friday \u00bb, qui tombe<\/p>\n","protected":false},"author":1,"featured_media":11503,"comment_status":"","ping_status":"","sticky":false,"template":"","format":"standard","meta":{"footnotes":""},"categories":[298],"tags":[221,73,5823,29,635,9337,1255,1787,9338,14,353,481,3666,1882,18,9339],"class_list":["post-11502","post","type-post","status-publish","format-standard","has-post-thumbnail","hentry","category-belgique","tag-animaux","tag-black","tag-dachat","tag-des","tag-fait","tag-frenesie","tag-friday","tag-grande","tag-humains","tag-les","tag-lors","tag-questions","tag-rage","tag-reponses","tag-sont","tag-troupeau","generate-columns","tablet-grid-50","mobile-grid-100","grid-parent","grid-33"],"yoast_head":"<!-- This site is optimized with the Yoast SEO plugin v24.0 - https:\/\/yoast.com\/wordpress\/plugins\/seo\/ -->\n<title>La grande fr\u00e9n\u00e9sie d\u2019achat fait rage lors du \u00ab Black Friday \u00bb : \u00ab Les humains sont des animaux de troupeau \u00bb (Questions et r\u00e9ponses) | Vie Associative<\/title>\n<meta name=\"robots\" content=\"index, follow, max-snippet:-1, max-image-preview:large, max-video-preview:-1\" \/>\n<link rel=\"canonical\" href=\"https:\/\/vieassociative.be\/actualites\/la-grande-frenesie-dachat-fait-rage-lors-du-black-friday-les-humains-sont-des-animaux-de-troupeau-questions-et-reponses\/\" \/>\n<meta property=\"og:locale\" content=\"fr_FR\" \/>\n<meta property=\"og:type\" content=\"article\" \/>\n<meta property=\"og:title\" content=\"La grande fr\u00e9n\u00e9sie d\u2019achat fait rage lors du \u00ab Black Friday \u00bb : \u00ab Les humains sont des animaux de troupeau \u00bb (Questions et r\u00e9ponses) | Vie Associative\" \/>\n<meta property=\"og:description\" content=\"Cette p\u00e9riode de l&rsquo;ann\u00e9e est tr\u00e8s particuli\u00e8re pour les chasseurs de bonnes affaires : les journ\u00e9es promotionnelles autour du \u00ab Black Friday \u00bb, qui tombe\" \/>\n<meta property=\"og:url\" content=\"https:\/\/vieassociative.be\/actualites\/la-grande-frenesie-dachat-fait-rage-lors-du-black-friday-les-humains-sont-des-animaux-de-troupeau-questions-et-reponses\/\" \/>\n<meta property=\"og:site_name\" content=\"Vie Associative\" \/>\n<meta property=\"article:published_time\" content=\"2025-11-23T20:17:32+00:00\" \/>\n<meta property=\"og:image\" content=\"https:\/\/vieassociative.be\/actualites\/wp-content\/uploads\/2024\/09\/header_backgroundk-01-e1726694325946.png\" \/>\n\t<meta property=\"og:image:width\" content=\"279\" \/>\n\t<meta property=\"og:image:height\" content=\"92\" \/>\n\t<meta property=\"og:image:type\" content=\"image\/png\" \/>\n<meta name=\"author\" content=\"Julien\" \/>\n<meta name=\"twitter:card\" content=\"summary_large_image\" \/>\n<meta name=\"twitter:label1\" content=\"\u00c9crit par\" \/>\n\t<meta name=\"twitter:data1\" content=\"Julien\" \/>\n\t<meta name=\"twitter:label2\" content=\"Dur\u00e9e de lecture est.\" \/>\n\t<meta name=\"twitter:data2\" content=\"6 minutes\" \/>\n<script type=\"application\/ld+json\" class=\"yoast-schema-graph\">{\"@context\":\"https:\/\/schema.org\",\"@graph\":[{\"@type\":\"Article\",\"@id\":\"https:\/\/vieassociative.be\/actualites\/la-grande-frenesie-dachat-fait-rage-lors-du-black-friday-les-humains-sont-des-animaux-de-troupeau-questions-et-reponses\/#article\",\"isPartOf\":{\"@id\":\"https:\/\/vieassociative.be\/actualites\/la-grande-frenesie-dachat-fait-rage-lors-du-black-friday-les-humains-sont-des-animaux-de-troupeau-questions-et-reponses\/\"},\"author\":{\"name\":\"Julien\",\"@id\":\"https:\/\/vieassociative.be\/actualites\/#\/schema\/person\/b87ac4f82f9d4e7b7cec7395b679edc4\"},\"headline\":\"La grande fr\u00e9n\u00e9sie d\u2019achat fait rage lors du \u00ab Black Friday \u00bb : \u00ab Les humains sont des animaux de troupeau \u00bb (Questions et r\u00e9ponses)\",\"datePublished\":\"2025-11-23T20:17:32+00:00\",\"dateModified\":\"2025-11-23T20:17:32+00:00\",\"mainEntityOfPage\":{\"@id\":\"https:\/\/vieassociative.be\/actualites\/la-grande-frenesie-dachat-fait-rage-lors-du-black-friday-les-humains-sont-des-animaux-de-troupeau-questions-et-reponses\/\"},\"wordCount\":1288,\"publisher\":{\"@id\":\"https:\/\/vieassociative.be\/actualites\/#organization\"},\"image\":{\"@id\":\"https:\/\/vieassociative.be\/actualites\/la-grande-frenesie-dachat-fait-rage-lors-du-black-friday-les-humains-sont-des-animaux-de-troupeau-questions-et-reponses\/#primaryimage\"},\"thumbnailUrl\":\"https:\/\/vieassociative.be\/actualites\/wp-content\/uploads\/2025\/11\/La-grande-frenesie-dachat-fait-rage-lors-du-Black.jpeg\",\"keywords\":[\"animaux\",\"Black\",\"dachat\",\"Des\",\"fait\",\"fr\u00e9n\u00e9sie\",\"Friday\",\"grande\",\"humains\",\"Les\",\"lors\",\"questions\",\"rage\",\"r\u00e9ponses\",\"sont\",\"troupeau\"],\"articleSection\":[\"Belgique\"],\"inLanguage\":\"fr-BE\"},{\"@type\":\"WebPage\",\"@id\":\"https:\/\/vieassociative.be\/actualites\/la-grande-frenesie-dachat-fait-rage-lors-du-black-friday-les-humains-sont-des-animaux-de-troupeau-questions-et-reponses\/\",\"url\":\"https:\/\/vieassociative.be\/actualites\/la-grande-frenesie-dachat-fait-rage-lors-du-black-friday-les-humains-sont-des-animaux-de-troupeau-questions-et-reponses\/\",\"name\":\"La grande fr\u00e9n\u00e9sie d\u2019achat fait rage lors du \u00ab Black Friday \u00bb : \u00ab Les humains sont des animaux de troupeau \u00bb (Questions et r\u00e9ponses) | Vie Associative\",\"isPartOf\":{\"@id\":\"https:\/\/vieassociative.be\/actualites\/#website\"},\"primaryImageOfPage\":{\"@id\":\"https:\/\/vieassociative.be\/actualites\/la-grande-frenesie-dachat-fait-rage-lors-du-black-friday-les-humains-sont-des-animaux-de-troupeau-questions-et-reponses\/#primaryimage\"},\"image\":{\"@id\":\"https:\/\/vieassociative.be\/actualites\/la-grande-frenesie-dachat-fait-rage-lors-du-black-friday-les-humains-sont-des-animaux-de-troupeau-questions-et-reponses\/#primaryimage\"},\"thumbnailUrl\":\"https:\/\/vieassociative.be\/actualites\/wp-content\/uploads\/2025\/11\/La-grande-frenesie-dachat-fait-rage-lors-du-Black.jpeg\",\"datePublished\":\"2025-11-23T20:17:32+00:00\",\"dateModified\":\"2025-11-23T20:17:32+00:00\",\"breadcrumb\":{\"@id\":\"https:\/\/vieassociative.be\/actualites\/la-grande-frenesie-dachat-fait-rage-lors-du-black-friday-les-humains-sont-des-animaux-de-troupeau-questions-et-reponses\/#breadcrumb\"},\"inLanguage\":\"fr-BE\",\"potentialAction\":[{\"@type\":\"ReadAction\",\"target\":[\"https:\/\/vieassociative.be\/actualites\/la-grande-frenesie-dachat-fait-rage-lors-du-black-friday-les-humains-sont-des-animaux-de-troupeau-questions-et-reponses\/\"]}]},{\"@type\":\"ImageObject\",\"inLanguage\":\"fr-BE\",\"@id\":\"https:\/\/vieassociative.be\/actualites\/la-grande-frenesie-dachat-fait-rage-lors-du-black-friday-les-humains-sont-des-animaux-de-troupeau-questions-et-reponses\/#primaryimage\",\"url\":\"https:\/\/vieassociative.be\/actualites\/wp-content\/uploads\/2025\/11\/La-grande-frenesie-dachat-fait-rage-lors-du-Black.jpeg\",\"contentUrl\":\"https:\/\/vieassociative.be\/actualites\/wp-content\/uploads\/2025\/11\/La-grande-frenesie-dachat-fait-rage-lors-du-Black.jpeg\",\"width\":1199,\"height\":755,\"caption\":\"La grande fr\u00e9n\u00e9sie d\u2019achat fait rage lors du \u00ab Black Friday \u00bb : \u00ab Les humains sont des animaux de troupeau \u00bb (Questions et r\u00e9ponses)\"},{\"@type\":\"BreadcrumbList\",\"@id\":\"https:\/\/vieassociative.be\/actualites\/la-grande-frenesie-dachat-fait-rage-lors-du-black-friday-les-humains-sont-des-animaux-de-troupeau-questions-et-reponses\/#breadcrumb\",\"itemListElement\":[{\"@type\":\"ListItem\",\"position\":1,\"name\":\"Accueil\",\"item\":\"https:\/\/vieassociative.be\/actualites\/\"},{\"@type\":\"ListItem\",\"position\":2,\"name\":\"La grande fr\u00e9n\u00e9sie d\u2019achat fait rage lors du \u00ab Black Friday \u00bb : \u00ab Les humains sont des animaux de troupeau \u00bb (Questions et r\u00e9ponses)\"}]},{\"@type\":\"WebSite\",\"@id\":\"https:\/\/vieassociative.be\/actualites\/#website\",\"url\":\"https:\/\/vieassociative.be\/actualites\/\",\"name\":\"Vie Associative\",\"description\":\"\",\"publisher\":{\"@id\":\"https:\/\/vieassociative.be\/actualites\/#organization\"},\"potentialAction\":[{\"@type\":\"SearchAction\",\"target\":{\"@type\":\"EntryPoint\",\"urlTemplate\":\"https:\/\/vieassociative.be\/actualites\/?s={search_term_string}\"},\"query-input\":{\"@type\":\"PropertyValueSpecification\",\"valueRequired\":true,\"valueName\":\"search_term_string\"}}],\"inLanguage\":\"fr-BE\"},{\"@type\":\"Organization\",\"@id\":\"https:\/\/vieassociative.be\/actualites\/#organization\",\"name\":\"Vie Associative\",\"url\":\"https:\/\/vieassociative.be\/actualites\/\",\"logo\":{\"@type\":\"ImageObject\",\"inLanguage\":\"fr-BE\",\"@id\":\"https:\/\/vieassociative.be\/actualites\/#\/schema\/logo\/image\/\",\"url\":\"https:\/\/vieassociative.be\/actualites\/wp-content\/uploads\/2024\/09\/cropped-vieassociative_favicon.ico.png\",\"contentUrl\":\"https:\/\/vieassociative.be\/actualites\/wp-content\/uploads\/2024\/09\/cropped-vieassociative_favicon.ico.png\",\"width\":512,\"height\":512,\"caption\":\"Vie Associative\"},\"image\":{\"@id\":\"https:\/\/vieassociative.be\/actualites\/#\/schema\/logo\/image\/\"}},{\"@type\":\"Person\",\"@id\":\"https:\/\/vieassociative.be\/actualites\/#\/schema\/person\/b87ac4f82f9d4e7b7cec7395b679edc4\",\"name\":\"Julien\",\"image\":{\"@type\":\"ImageObject\",\"inLanguage\":\"fr-BE\",\"@id\":\"https:\/\/vieassociative.be\/actualites\/#\/schema\/person\/image\/\",\"url\":\"https:\/\/vieassociative.be\/actualites\/wp-content\/uploads\/2024\/09\/vie-associative-1-150x150.jpg\",\"contentUrl\":\"https:\/\/vieassociative.be\/actualites\/wp-content\/uploads\/2024\/09\/vie-associative-1-150x150.jpg\",\"caption\":\"Julien\"},\"description\":\"Je suis Julien, r\u00e9dacteur pour Vie Associative. Passionn\u00e9 par le monde associatif depuis plus de 10 ans, j'ai \u00e0 c\u0153ur de partager des histoires inspirantes et de mettre en lumi\u00e8re les initiatives locales. Mon objectif est de sensibiliser et d'encourager l'engagement communautaire \u00e0 travers mes articles.\",\"sameAs\":[\"https:\/\/vieassociative.be\/\"]}]}<\/script>\n<!-- \/ Yoast SEO plugin. -->","yoast_head_json":{"title":"La grande fr\u00e9n\u00e9sie d\u2019achat fait rage lors du \u00ab Black Friday \u00bb : \u00ab Les humains sont des animaux de troupeau \u00bb (Questions et r\u00e9ponses) | Vie Associative","robots":{"index":"index","follow":"follow","max-snippet":"max-snippet:-1","max-image-preview":"max-image-preview:large","max-video-preview":"max-video-preview:-1"},"canonical":"https:\/\/vieassociative.be\/actualites\/la-grande-frenesie-dachat-fait-rage-lors-du-black-friday-les-humains-sont-des-animaux-de-troupeau-questions-et-reponses\/","og_locale":"fr_FR","og_type":"article","og_title":"La grande fr\u00e9n\u00e9sie d\u2019achat fait rage lors du \u00ab Black Friday \u00bb : \u00ab Les humains sont des animaux de troupeau \u00bb (Questions et r\u00e9ponses) | Vie Associative","og_description":"Cette p\u00e9riode de l&rsquo;ann\u00e9e est tr\u00e8s particuli\u00e8re pour les chasseurs de bonnes affaires : les journ\u00e9es promotionnelles autour du \u00ab Black Friday \u00bb, qui tombe","og_url":"https:\/\/vieassociative.be\/actualites\/la-grande-frenesie-dachat-fait-rage-lors-du-black-friday-les-humains-sont-des-animaux-de-troupeau-questions-et-reponses\/","og_site_name":"Vie Associative","article_published_time":"2025-11-23T20:17:32+00:00","og_image":[{"width":279,"height":92,"url":"https:\/\/vieassociative.be\/actualites\/wp-content\/uploads\/2024\/09\/header_backgroundk-01-e1726694325946.png","type":"image\/png"}],"author":"Julien","twitter_card":"summary_large_image","twitter_misc":{"\u00c9crit par":"Julien","Dur\u00e9e de lecture est.":"6 minutes"},"schema":{"@context":"https:\/\/schema.org","@graph":[{"@type":"Article","@id":"https:\/\/vieassociative.be\/actualites\/la-grande-frenesie-dachat-fait-rage-lors-du-black-friday-les-humains-sont-des-animaux-de-troupeau-questions-et-reponses\/#article","isPartOf":{"@id":"https:\/\/vieassociative.be\/actualites\/la-grande-frenesie-dachat-fait-rage-lors-du-black-friday-les-humains-sont-des-animaux-de-troupeau-questions-et-reponses\/"},"author":{"name":"Julien","@id":"https:\/\/vieassociative.be\/actualites\/#\/schema\/person\/b87ac4f82f9d4e7b7cec7395b679edc4"},"headline":"La grande fr\u00e9n\u00e9sie d\u2019achat fait rage lors du \u00ab Black Friday \u00bb : \u00ab Les humains sont des animaux de troupeau \u00bb (Questions et r\u00e9ponses)","datePublished":"2025-11-23T20:17:32+00:00","dateModified":"2025-11-23T20:17:32+00:00","mainEntityOfPage":{"@id":"https:\/\/vieassociative.be\/actualites\/la-grande-frenesie-dachat-fait-rage-lors-du-black-friday-les-humains-sont-des-animaux-de-troupeau-questions-et-reponses\/"},"wordCount":1288,"publisher":{"@id":"https:\/\/vieassociative.be\/actualites\/#organization"},"image":{"@id":"https:\/\/vieassociative.be\/actualites\/la-grande-frenesie-dachat-fait-rage-lors-du-black-friday-les-humains-sont-des-animaux-de-troupeau-questions-et-reponses\/#primaryimage"},"thumbnailUrl":"https:\/\/vieassociative.be\/actualites\/wp-content\/uploads\/2025\/11\/La-grande-frenesie-dachat-fait-rage-lors-du-Black.jpeg","keywords":["animaux","Black","dachat","Des","fait","fr\u00e9n\u00e9sie","Friday","grande","humains","Les","lors","questions","rage","r\u00e9ponses","sont","troupeau"],"articleSection":["Belgique"],"inLanguage":"fr-BE"},{"@type":"WebPage","@id":"https:\/\/vieassociative.be\/actualites\/la-grande-frenesie-dachat-fait-rage-lors-du-black-friday-les-humains-sont-des-animaux-de-troupeau-questions-et-reponses\/","url":"https:\/\/vieassociative.be\/actualites\/la-grande-frenesie-dachat-fait-rage-lors-du-black-friday-les-humains-sont-des-animaux-de-troupeau-questions-et-reponses\/","name":"La grande fr\u00e9n\u00e9sie d\u2019achat fait rage lors du \u00ab Black Friday \u00bb : \u00ab Les humains sont des animaux de troupeau \u00bb (Questions et r\u00e9ponses) | Vie Associative","isPartOf":{"@id":"https:\/\/vieassociative.be\/actualites\/#website"},"primaryImageOfPage":{"@id":"https:\/\/vieassociative.be\/actualites\/la-grande-frenesie-dachat-fait-rage-lors-du-black-friday-les-humains-sont-des-animaux-de-troupeau-questions-et-reponses\/#primaryimage"},"image":{"@id":"https:\/\/vieassociative.be\/actualites\/la-grande-frenesie-dachat-fait-rage-lors-du-black-friday-les-humains-sont-des-animaux-de-troupeau-questions-et-reponses\/#primaryimage"},"thumbnailUrl":"https:\/\/vieassociative.be\/actualites\/wp-content\/uploads\/2025\/11\/La-grande-frenesie-dachat-fait-rage-lors-du-Black.jpeg","datePublished":"2025-11-23T20:17:32+00:00","dateModified":"2025-11-23T20:17:32+00:00","breadcrumb":{"@id":"https:\/\/vieassociative.be\/actualites\/la-grande-frenesie-dachat-fait-rage-lors-du-black-friday-les-humains-sont-des-animaux-de-troupeau-questions-et-reponses\/#breadcrumb"},"inLanguage":"fr-BE","potentialAction":[{"@type":"ReadAction","target":["https:\/\/vieassociative.be\/actualites\/la-grande-frenesie-dachat-fait-rage-lors-du-black-friday-les-humains-sont-des-animaux-de-troupeau-questions-et-reponses\/"]}]},{"@type":"ImageObject","inLanguage":"fr-BE","@id":"https:\/\/vieassociative.be\/actualites\/la-grande-frenesie-dachat-fait-rage-lors-du-black-friday-les-humains-sont-des-animaux-de-troupeau-questions-et-reponses\/#primaryimage","url":"https:\/\/vieassociative.be\/actualites\/wp-content\/uploads\/2025\/11\/La-grande-frenesie-dachat-fait-rage-lors-du-Black.jpeg","contentUrl":"https:\/\/vieassociative.be\/actualites\/wp-content\/uploads\/2025\/11\/La-grande-frenesie-dachat-fait-rage-lors-du-Black.jpeg","width":1199,"height":755,"caption":"La grande fr\u00e9n\u00e9sie d\u2019achat fait rage lors du \u00ab Black Friday \u00bb : \u00ab Les humains sont des animaux de troupeau \u00bb (Questions et r\u00e9ponses)"},{"@type":"BreadcrumbList","@id":"https:\/\/vieassociative.be\/actualites\/la-grande-frenesie-dachat-fait-rage-lors-du-black-friday-les-humains-sont-des-animaux-de-troupeau-questions-et-reponses\/#breadcrumb","itemListElement":[{"@type":"ListItem","position":1,"name":"Accueil","item":"https:\/\/vieassociative.be\/actualites\/"},{"@type":"ListItem","position":2,"name":"La grande fr\u00e9n\u00e9sie d\u2019achat fait rage lors du \u00ab Black Friday \u00bb : \u00ab Les humains sont des animaux de troupeau \u00bb (Questions et r\u00e9ponses)"}]},{"@type":"WebSite","@id":"https:\/\/vieassociative.be\/actualites\/#website","url":"https:\/\/vieassociative.be\/actualites\/","name":"Vie Associative","description":"","publisher":{"@id":"https:\/\/vieassociative.be\/actualites\/#organization"},"potentialAction":[{"@type":"SearchAction","target":{"@type":"EntryPoint","urlTemplate":"https:\/\/vieassociative.be\/actualites\/?s={search_term_string}"},"query-input":{"@type":"PropertyValueSpecification","valueRequired":true,"valueName":"search_term_string"}}],"inLanguage":"fr-BE"},{"@type":"Organization","@id":"https:\/\/vieassociative.be\/actualites\/#organization","name":"Vie Associative","url":"https:\/\/vieassociative.be\/actualites\/","logo":{"@type":"ImageObject","inLanguage":"fr-BE","@id":"https:\/\/vieassociative.be\/actualites\/#\/schema\/logo\/image\/","url":"https:\/\/vieassociative.be\/actualites\/wp-content\/uploads\/2024\/09\/cropped-vieassociative_favicon.ico.png","contentUrl":"https:\/\/vieassociative.be\/actualites\/wp-content\/uploads\/2024\/09\/cropped-vieassociative_favicon.ico.png","width":512,"height":512,"caption":"Vie Associative"},"image":{"@id":"https:\/\/vieassociative.be\/actualites\/#\/schema\/logo\/image\/"}},{"@type":"Person","@id":"https:\/\/vieassociative.be\/actualites\/#\/schema\/person\/b87ac4f82f9d4e7b7cec7395b679edc4","name":"Julien","image":{"@type":"ImageObject","inLanguage":"fr-BE","@id":"https:\/\/vieassociative.be\/actualites\/#\/schema\/person\/image\/","url":"https:\/\/vieassociative.be\/actualites\/wp-content\/uploads\/2024\/09\/vie-associative-1-150x150.jpg","contentUrl":"https:\/\/vieassociative.be\/actualites\/wp-content\/uploads\/2024\/09\/vie-associative-1-150x150.jpg","caption":"Julien"},"description":"Je suis Julien, r\u00e9dacteur pour Vie Associative. Passionn\u00e9 par le monde associatif depuis plus de 10 ans, j'ai \u00e0 c\u0153ur de partager des histoires inspirantes et de mettre en lumi\u00e8re les initiatives locales. Mon objectif est de sensibiliser et d'encourager l'engagement communautaire \u00e0 travers mes articles.","sameAs":["https:\/\/vieassociative.be\/"]}]}},"_links":{"self":[{"href":"https:\/\/vieassociative.be\/actualites\/wp-json\/wp\/v2\/posts\/11502"}],"collection":[{"href":"https:\/\/vieassociative.be\/actualites\/wp-json\/wp\/v2\/posts"}],"about":[{"href":"https:\/\/vieassociative.be\/actualites\/wp-json\/wp\/v2\/types\/post"}],"author":[{"embeddable":true,"href":"https:\/\/vieassociative.be\/actualites\/wp-json\/wp\/v2\/users\/1"}],"replies":[{"embeddable":true,"href":"https:\/\/vieassociative.be\/actualites\/wp-json\/wp\/v2\/comments?post=11502"}],"version-history":[{"count":0,"href":"https:\/\/vieassociative.be\/actualites\/wp-json\/wp\/v2\/posts\/11502\/revisions"}],"wp:featuredmedia":[{"embeddable":true,"href":"https:\/\/vieassociative.be\/actualites\/wp-json\/wp\/v2\/media\/11503"}],"wp:attachment":[{"href":"https:\/\/vieassociative.be\/actualites\/wp-json\/wp\/v2\/media?parent=11502"}],"wp:term":[{"taxonomy":"category","embeddable":true,"href":"https:\/\/vieassociative.be\/actualites\/wp-json\/wp\/v2\/categories?post=11502"},{"taxonomy":"post_tag","embeddable":true,"href":"https:\/\/vieassociative.be\/actualites\/wp-json\/wp\/v2\/tags?post=11502"}],"curies":[{"name":"wp","href":"https:\/\/api.w.org\/{rel}","templated":true}]}}