{"id":11501,"date":"2025-11-23T20:17:18","date_gmt":"2025-11-23T19:17:18","guid":{"rendered":"https:\/\/vieassociative.be\/actualites\/definissez-des-alertes-de-prix-pour-le-black-friday-afin-de-ne-pas-depasser-votre-budget\/"},"modified":"2025-11-23T20:17:18","modified_gmt":"2025-11-23T19:17:18","slug":"definissez-des-alertes-de-prix-pour-le-black-friday-afin-de-ne-pas-depasser-votre-budget","status":"publish","type":"post","link":"https:\/\/vieassociative.be\/actualites\/definissez-des-alertes-de-prix-pour-le-black-friday-afin-de-ne-pas-depasser-votre-budget\/","title":{"rendered":"D\u00e9finissez des alertes de prix pour le Black Friday afin de ne pas d\u00e9passer votre budget"},"content":{"rendered":"<div class=\"mt-4 leading-6 md:mb-8\">R\u00e9sistez aux tactiques de manipulation des prix de d\u00e9tail en choisissant \u00e0 l\u2019avance le maximum que vous souhaitez d\u00e9penser.<\/div>\n<p><\/p>\n<p>La f\u00eate annuelle du shopping du Black Friday approche \u00e0 grands pas. Nous vous tiendrons au courant de toutes les meilleures offres tout au long de la saison des achats des F\u00eates. Mais avant d&rsquo;acheter quoi que ce soit, voici comment fixer vos propres prix pour le Black Friday et tous les deux jours. <\/p>\n<p>Si vous \u00eates un acheteur impulsif, vous savez que les \u00e9v\u00e9nements commerciaux comme le Black Friday et le Cyber \u200b\u200bMonday peuvent \u00eatre mauvais. M\u00eame si nous <em>savoir<\/em> les d\u00e9taillants utilisent toutes sortes de techniques de manipulation pour nous amener \u00e0 acheter des choses dont nous n&rsquo;avons pas besoin, cela fonctionne toujours, alors cette ann\u00e9e, essayez de fixer vos propres prix et de ne choisir que des choses dont vous avez d\u00e9j\u00e0 besoin. <em>vouloir<\/em> acheter.<\/p>\n<h2 id=\"how-to-set-your-own-prices-on-amazon\">Comment \u00ab fixer vos propres prix \u00bb sur Amazon<\/h2>\n<p>Vous ne pouvez pas obliger Amazon \u00e0 baisser ses prix \u00e0 votre guise, mais vous <em>peut<\/em> mettre en place un syst\u00e8me d&rsquo;alerte pour vous informer si le prix de quelque chose que vous souhaitez acheter baisse suffisamment pour que cela ait du sens pour vous de l&rsquo;acheter. Vous trouverez ci-dessous un guide \u00e9tape par \u00e9tape pour d\u00e9finir votre prix maximum personnel pour tout article vendu par Amazon\u00a0:<\/p>\n<ul>\n<li>\n<p>Identifiez les articles que vous souhaitez acheter et ajoutez-les \u00e0 votre liste de souhaits Amazon. Assurez-vous que votre liste de souhaits est d\u00e9finie sur \u00ab publique \u00bb.<\/p>\n<\/li>\n<li>\n<p>Visitez le site Web de suivi des prix d&rsquo;Amazon CamelCamelCamel et cr\u00e9ez un compte gratuit. Il existe d&rsquo;autres applications et sites Web de suivi des prix qui font plus ou moins la m\u00eame chose (Slick Deals, Honey, Keepa, etc.), alors consultez cet aper\u00e7u des meilleurs outils de suivi des prix si vous souhaitez les comparer. Alerte spoiler, cependant\u00a0: pour Amazon en particulier, camelCamelCamel gagne.<\/p>\n<\/li>\n<li>\n<p>Cliquez sur \u00ab importer la liste de souhaits \u00bb. (Vous devrez copier et coller l&rsquo;URL de votre liste de souhaits Amazon.)<\/p>\n<\/li>\n<li>\n<p>Une fois que vous avez fait cela, CamelCamelCamel vous permet d&rsquo;ajouter des prix maximum sp\u00e9cifiques (ou des pourcentages de baisse) pour tout ce qui figure dans votre liste de souhaits. Entrez le montant maximum que vous \u00eates pr\u00eat \u00e0 payer pour chaque article de votre liste, puis vous pourrez lui dire de vous envoyer un e-mail lorsque le prix d&rsquo;un article tombe sous votre limite de d\u00e9penses d\u00e9finie.<\/p>\n<\/li>\n<li>\n<p>Ignorez tout le battage m\u00e9diatique et attendez l&rsquo;alerte par e-mail vous informant que les articles que vous avez choisis sont devenus suffisamment bon march\u00e9 pour que vous puissiez les acheter.<\/p>\n<\/li>\n<li>\n<p>Passez le Black Friday en vous sentant suffisant et soyez d&rsquo;accord avec vous-m\u00eame sur le fait que vous <em>sont<\/em> la personne la plus intelligente du monde. Ne regardez m\u00eame pas le site Web d&rsquo;Amazon. S\u00e9rieusement. Eh bien, peut-\u00eatre juste une seconde. Cette fois, vous aurez la volont\u00e9 d&rsquo;\u00e9viter d&rsquo;acheter une autre fontaine \u00e0 chocolat ou une tasse auto-m\u00e9langeuse avec \u00ab SELF STIRRING MUG \u00bb \u00e9crit sur le c\u00f4t\u00e9, n&rsquo;est-ce pas ? Droite?<\/p>\n<\/li>\n<\/ul>\n<h2 id=\"how-to-set-price-alerts-at-non-amazon-retailers\">Comment d\u00e9finir des alertes de prix chez les d\u00e9taillants non Amazon<\/h2>\n<p>CamelaCamelCamel est un produit uniquement Amazon, mais d&rsquo;autres services de suivi des prix peuvent \u00eatre utilis\u00e9s avec d&rsquo;autres d\u00e9taillants. Honey, par exemple, est le service de vente au d\u00e9tail de PayPal. Il r\u00e9pertorie 10 000 d\u00e9taillants pris en charge. Si vous installez l&rsquo;extension de navigateur Honey, vous pouvez ajouter un article que vous souhaitez acheter chez un d\u00e9taillant \u00e0 votre liste de d\u00e9p\u00f4t et il vous avertira lorsque le prix baissera au niveau que vous avez d\u00e9fini. Vous pouvez \u00e9galement comparer le prix du m\u00eame article sur le site Web. Voici comment fixer votre propre prix\u00a0:<\/p>\n<ul>\n<li>\n<p>Cr\u00e9ez un compte avec Honey.<\/p>\n<\/li>\n<li>\n<p>Installez l&rsquo;extension de navigateur Honey. <\/p>\n<\/li>\n<li>\n<p>Trouvez l&rsquo;article que vous souhaitez acheter sur le site Web de Honey.<\/p>\n<\/li>\n<li>\n<p>Cliquez sur le bouton \u00ab\u00a0Ajouter \u00e0 la liste d\u00e9roulante\u00a0\u00bb qui appara\u00eet sur la page du produit.<\/p>\n<\/li>\n<li>\n<p>D\u00e9finissez le pourcentage de remise que vous souhaitez voir. <\/p>\n<\/li>\n<li>\n<p>  Cliquez sur \u00ab\u00a0Ajouter \u00e0 la liste d\u00e9roulante\u00a0\u00bb pour confirmer vos pr\u00e9f\u00e9rences. <\/p>\n<\/li>\n<\/ul>\n<p>Honey surveillera ensuite l&rsquo;article et vous enverra un e-mail ou une notification push une fois que le prix baissera au montant que vous avez sp\u00e9cifi\u00e9. <\/p>\n<h2 id=\"more-ideas-for-imposing-limits-on-your-spending\">Plus d\u2019id\u00e9es pour imposer des limites \u00e0 vos d\u00e9penses<\/h2>\n<p>Si vous souhaitez \u00e9tendre les garde-fous technologiques en mati\u00e8re d&rsquo;achat au-del\u00e0 du syst\u00e8me d&rsquo;alerte de base \u00ab\u00a0heure d&rsquo;achat\u00a0\u00bb d\u00e9crit ci-dessus, voici quelques id\u00e9es.<\/p>\n<ul>\n<li>\n<p><strong>Bloquer les publicit\u00e9s<\/strong>: Si vous \u00eates le genre de personne qui r\u00e9pond aux publicit\u00e9s en ligne, vous pouvez en bloquer une tonne avec un simple outil ou une application. Voici notre aper\u00e7u des meilleurs logiciels de blocage des publicit\u00e9s. <\/p>\n<\/li>\n<li>\n<p><strong>Suivez vos d\u00e9penses\u00a0:<\/strong> Que vous le fassiez avec un crayon et du papier ou que vous utilisiez une application, voir combien vous d\u00e9pensez peut \u00eatre une puissante motivation pour \u00eatre plus \u00e9conome. La budg\u00e9tisation au fil du temps peut m\u00eame vous donner un petit exc\u00e9dent, vous pouvez donc faire des folies lorsque le Black Friday arrive si vous le souhaitez.<\/p>\n<\/li>\n<li>\n<p><strong>\u00c9conomisez pour quelque chose<\/strong>: \u00c9pargner pour quelque chose dans le futur \u2013 des vacances, une planche de surf \u00e9lectrique, peu importe \u2013 peut permettre de r\u00e9sister plus facilement aux d\u00e9penses actuelles.<\/p>\n<\/li>\n<li>\n<p><strong>Appuyez sur votre bouton pause interne\u00a0:<\/strong> Si vous pouvez prendre l&rsquo;habitude d&rsquo;attendre un jour ou deux entre la pens\u00e9e \u00ab Je veux ces lunettes de soleil \u00bb et la saisie de vos num\u00e9ros de carte de cr\u00e9dit, vous pourriez d\u00e9cider que vos anciennes lunettes de soleil conviennent parfaitement.<\/p>\n<\/li>\n<li>\n<p><strong>Mettre en place un syst\u00e8me un-en-un-sortie<\/strong>: Pour tout ce que vous achetez ou acqu\u00e9rez, d\u00e9barrassez-vous d&rsquo;un objet similaire (ou plusieurs !) pour lui faire de la place. Savoir que quelque chose doit dispara\u00eetre si vous cliquez sur \u00ab\u00a0acheter maintenant\u00a0\u00bb peut vous emp\u00eacher de faire un achat impulsif, et suivre cette r\u00e8gle permet de garder votre maison moins encombr\u00e9e. Des points bonus si vous revendez un article avant d&rsquo;en obtenir un similaire. <em>Faire <\/em>l&rsquo;argent avant <em>d\u00e9penses<\/em> de l&rsquo;argent et \u00e9conomisez de l&rsquo;espace pendant que vous y \u00eates.<\/p>\n<\/li>\n<li>\n<p><strong>Envisagez l&rsquo;aide d&rsquo;un professionnel<\/strong>: Il est normal et courant d&rsquo;avoir parfois un peu de difficult\u00e9 \u00e0 contr\u00f4ler ses d\u00e9penses, mais les chercheurs affirment qu&rsquo;environ 6 % des Am\u00e9ricains souffrent d&rsquo;un trouble d&rsquo;achat compulsif qui peut faire partie d&rsquo;un probl\u00e8me psychologique plus vaste. Donc, si vos d\u00e9penses vous endettent profond\u00e9ment, si vous subissez des cons\u00e9quences r\u00e9elles en fonction de vos habitudes d&rsquo;achat, ou si vous avez simplement l&rsquo;impression que les achats pourraient \u00eatre un probl\u00e8me pour vous, parlez-en \u00e0 un professionnel. <\/p>\n<\/li>\n<\/ul>\n<hr>\n","protected":false},"excerpt":{"rendered":"<p>R\u00e9sistez aux tactiques de manipulation des prix de d\u00e9tail en choisissant \u00e0 l\u2019avance le maximum que vous souhaitez d\u00e9penser. La f\u00eate annuelle du shopping du<\/p>\n","protected":false},"author":1,"featured_media":8412,"comment_status":"","ping_status":"","sticky":false,"template":"","format":"standard","meta":{"footnotes":""},"categories":[41],"tags":[83,7445,73,5216,9336,8234,29,1255,126,81,1399,8],"class_list":["post-11501","post","type-post","status-publish","format-standard","has-post-thumbnail","hentry","category-argent","tag-afin","tag-alertes","tag-black","tag-budget","tag-definissez","tag-depasser","tag-des","tag-friday","tag-pas","tag-pour","tag-prix","tag-votre","generate-columns","tablet-grid-50","mobile-grid-100","grid-parent","grid-33"],"yoast_head":"<!-- This site is optimized with the Yoast SEO plugin v24.0 - https:\/\/yoast.com\/wordpress\/plugins\/seo\/ -->\n<title>D\u00e9finissez des alertes de prix pour le Black Friday afin de ne pas d\u00e9passer votre budget | Vie Associative<\/title>\n<meta name=\"robots\" content=\"index, follow, max-snippet:-1, max-image-preview:large, max-video-preview:-1\" \/>\n<link rel=\"canonical\" href=\"https:\/\/vieassociative.be\/actualites\/definissez-des-alertes-de-prix-pour-le-black-friday-afin-de-ne-pas-depasser-votre-budget\/\" \/>\n<meta property=\"og:locale\" content=\"fr_FR\" \/>\n<meta property=\"og:type\" content=\"article\" \/>\n<meta property=\"og:title\" content=\"D\u00e9finissez des alertes de prix pour le Black Friday afin de ne pas d\u00e9passer votre budget | Vie Associative\" \/>\n<meta property=\"og:description\" content=\"R\u00e9sistez aux tactiques de manipulation des prix de d\u00e9tail en choisissant \u00e0 l\u2019avance le maximum que vous souhaitez d\u00e9penser. La f\u00eate annuelle du shopping du\" \/>\n<meta property=\"og:url\" content=\"https:\/\/vieassociative.be\/actualites\/definissez-des-alertes-de-prix-pour-le-black-friday-afin-de-ne-pas-depasser-votre-budget\/\" \/>\n<meta property=\"og:site_name\" content=\"Vie Associative\" \/>\n<meta property=\"article:published_time\" content=\"2025-11-23T19:17:18+00:00\" \/>\n<meta property=\"og:image\" content=\"https:\/\/vieassociative.be\/actualites\/wp-content\/uploads\/2024\/09\/header_backgroundk-01-e1726694325946.png\" \/>\n\t<meta property=\"og:image:width\" content=\"279\" \/>\n\t<meta property=\"og:image:height\" content=\"92\" \/>\n\t<meta property=\"og:image:type\" content=\"image\/png\" \/>\n<meta name=\"author\" content=\"Julien\" \/>\n<meta name=\"twitter:card\" content=\"summary_large_image\" \/>\n<meta name=\"twitter:label1\" content=\"\u00c9crit par\" \/>\n\t<meta name=\"twitter:data1\" content=\"Julien\" \/>\n\t<meta name=\"twitter:label2\" content=\"Dur\u00e9e de lecture est.\" \/>\n\t<meta name=\"twitter:data2\" content=\"6 minutes\" \/>\n<script type=\"application\/ld+json\" class=\"yoast-schema-graph\">{\"@context\":\"https:\/\/schema.org\",\"@graph\":[{\"@type\":\"Article\",\"@id\":\"https:\/\/vieassociative.be\/actualites\/definissez-des-alertes-de-prix-pour-le-black-friday-afin-de-ne-pas-depasser-votre-budget\/#article\",\"isPartOf\":{\"@id\":\"https:\/\/vieassociative.be\/actualites\/definissez-des-alertes-de-prix-pour-le-black-friday-afin-de-ne-pas-depasser-votre-budget\/\"},\"author\":{\"name\":\"Julien\",\"@id\":\"https:\/\/vieassociative.be\/actualites\/#\/schema\/person\/b87ac4f82f9d4e7b7cec7395b679edc4\"},\"headline\":\"D\u00e9finissez des alertes de prix pour le Black Friday afin de ne pas d\u00e9passer votre budget\",\"datePublished\":\"2025-11-23T19:17:18+00:00\",\"dateModified\":\"2025-11-23T19:17:18+00:00\",\"mainEntityOfPage\":{\"@id\":\"https:\/\/vieassociative.be\/actualites\/definissez-des-alertes-de-prix-pour-le-black-friday-afin-de-ne-pas-depasser-votre-budget\/\"},\"wordCount\":1185,\"publisher\":{\"@id\":\"https:\/\/vieassociative.be\/actualites\/#organization\"},\"image\":{\"@id\":\"https:\/\/vieassociative.be\/actualites\/definissez-des-alertes-de-prix-pour-le-black-friday-afin-de-ne-pas-depasser-votre-budget\/#primaryimage\"},\"thumbnailUrl\":\"https:\/\/vieassociative.be\/actualites\/wp-content\/uploads\/2025\/06\/Vous-pouvez-definir-des-alertes-de-prix-pour-Prime-Day.jpg\",\"keywords\":[\"afin\",\"alertes\",\"Black\",\"budget\",\"D\u00e9finissez\",\"d\u00e9passer\",\"Des\",\"Friday\",\"pas\",\"pour\",\"prix\",\"votre\"],\"articleSection\":[\"Argent\"],\"inLanguage\":\"fr-BE\"},{\"@type\":\"WebPage\",\"@id\":\"https:\/\/vieassociative.be\/actualites\/definissez-des-alertes-de-prix-pour-le-black-friday-afin-de-ne-pas-depasser-votre-budget\/\",\"url\":\"https:\/\/vieassociative.be\/actualites\/definissez-des-alertes-de-prix-pour-le-black-friday-afin-de-ne-pas-depasser-votre-budget\/\",\"name\":\"D\u00e9finissez des alertes de prix pour le Black Friday afin de ne pas d\u00e9passer votre budget | Vie Associative\",\"isPartOf\":{\"@id\":\"https:\/\/vieassociative.be\/actualites\/#website\"},\"primaryImageOfPage\":{\"@id\":\"https:\/\/vieassociative.be\/actualites\/definissez-des-alertes-de-prix-pour-le-black-friday-afin-de-ne-pas-depasser-votre-budget\/#primaryimage\"},\"image\":{\"@id\":\"https:\/\/vieassociative.be\/actualites\/definissez-des-alertes-de-prix-pour-le-black-friday-afin-de-ne-pas-depasser-votre-budget\/#primaryimage\"},\"thumbnailUrl\":\"https:\/\/vieassociative.be\/actualites\/wp-content\/uploads\/2025\/06\/Vous-pouvez-definir-des-alertes-de-prix-pour-Prime-Day.jpg\",\"datePublished\":\"2025-11-23T19:17:18+00:00\",\"dateModified\":\"2025-11-23T19:17:18+00:00\",\"breadcrumb\":{\"@id\":\"https:\/\/vieassociative.be\/actualites\/definissez-des-alertes-de-prix-pour-le-black-friday-afin-de-ne-pas-depasser-votre-budget\/#breadcrumb\"},\"inLanguage\":\"fr-BE\",\"potentialAction\":[{\"@type\":\"ReadAction\",\"target\":[\"https:\/\/vieassociative.be\/actualites\/definissez-des-alertes-de-prix-pour-le-black-friday-afin-de-ne-pas-depasser-votre-budget\/\"]}]},{\"@type\":\"ImageObject\",\"inLanguage\":\"fr-BE\",\"@id\":\"https:\/\/vieassociative.be\/actualites\/definissez-des-alertes-de-prix-pour-le-black-friday-afin-de-ne-pas-depasser-votre-budget\/#primaryimage\",\"url\":\"https:\/\/vieassociative.be\/actualites\/wp-content\/uploads\/2025\/06\/Vous-pouvez-definir-des-alertes-de-prix-pour-Prime-Day.jpg\",\"contentUrl\":\"https:\/\/vieassociative.be\/actualites\/wp-content\/uploads\/2025\/06\/Vous-pouvez-definir-des-alertes-de-prix-pour-Prime-Day.jpg\",\"width\":1200,\"height\":675,\"caption\":\"Vous pouvez d\u00e9finir des alertes de prix pour Prime Day pour ne pas d\u00e9penser trop\"},{\"@type\":\"BreadcrumbList\",\"@id\":\"https:\/\/vieassociative.be\/actualites\/definissez-des-alertes-de-prix-pour-le-black-friday-afin-de-ne-pas-depasser-votre-budget\/#breadcrumb\",\"itemListElement\":[{\"@type\":\"ListItem\",\"position\":1,\"name\":\"Accueil\",\"item\":\"https:\/\/vieassociative.be\/actualites\/\"},{\"@type\":\"ListItem\",\"position\":2,\"name\":\"D\u00e9finissez des alertes de prix pour le Black Friday afin de ne pas d\u00e9passer votre budget\"}]},{\"@type\":\"WebSite\",\"@id\":\"https:\/\/vieassociative.be\/actualites\/#website\",\"url\":\"https:\/\/vieassociative.be\/actualites\/\",\"name\":\"Vie Associative\",\"description\":\"\",\"publisher\":{\"@id\":\"https:\/\/vieassociative.be\/actualites\/#organization\"},\"potentialAction\":[{\"@type\":\"SearchAction\",\"target\":{\"@type\":\"EntryPoint\",\"urlTemplate\":\"https:\/\/vieassociative.be\/actualites\/?s={search_term_string}\"},\"query-input\":{\"@type\":\"PropertyValueSpecification\",\"valueRequired\":true,\"valueName\":\"search_term_string\"}}],\"inLanguage\":\"fr-BE\"},{\"@type\":\"Organization\",\"@id\":\"https:\/\/vieassociative.be\/actualites\/#organization\",\"name\":\"Vie Associative\",\"url\":\"https:\/\/vieassociative.be\/actualites\/\",\"logo\":{\"@type\":\"ImageObject\",\"inLanguage\":\"fr-BE\",\"@id\":\"https:\/\/vieassociative.be\/actualites\/#\/schema\/logo\/image\/\",\"url\":\"https:\/\/vieassociative.be\/actualites\/wp-content\/uploads\/2024\/09\/cropped-vieassociative_favicon.ico.png\",\"contentUrl\":\"https:\/\/vieassociative.be\/actualites\/wp-content\/uploads\/2024\/09\/cropped-vieassociative_favicon.ico.png\",\"width\":512,\"height\":512,\"caption\":\"Vie Associative\"},\"image\":{\"@id\":\"https:\/\/vieassociative.be\/actualites\/#\/schema\/logo\/image\/\"}},{\"@type\":\"Person\",\"@id\":\"https:\/\/vieassociative.be\/actualites\/#\/schema\/person\/b87ac4f82f9d4e7b7cec7395b679edc4\",\"name\":\"Julien\",\"image\":{\"@type\":\"ImageObject\",\"inLanguage\":\"fr-BE\",\"@id\":\"https:\/\/vieassociative.be\/actualites\/#\/schema\/person\/image\/\",\"url\":\"https:\/\/vieassociative.be\/actualites\/wp-content\/uploads\/2024\/09\/vie-associative-1-150x150.jpg\",\"contentUrl\":\"https:\/\/vieassociative.be\/actualites\/wp-content\/uploads\/2024\/09\/vie-associative-1-150x150.jpg\",\"caption\":\"Julien\"},\"description\":\"Je suis Julien, r\u00e9dacteur pour Vie Associative. Passionn\u00e9 par le monde associatif depuis plus de 10 ans, j'ai \u00e0 c\u0153ur de partager des histoires inspirantes et de mettre en lumi\u00e8re les initiatives locales. Mon objectif est de sensibiliser et d'encourager l'engagement communautaire \u00e0 travers mes articles.\",\"sameAs\":[\"https:\/\/vieassociative.be\/\"]}]}<\/script>\n<!-- \/ Yoast SEO plugin. -->","yoast_head_json":{"title":"D\u00e9finissez des alertes de prix pour le Black Friday afin de ne pas d\u00e9passer votre budget | Vie Associative","robots":{"index":"index","follow":"follow","max-snippet":"max-snippet:-1","max-image-preview":"max-image-preview:large","max-video-preview":"max-video-preview:-1"},"canonical":"https:\/\/vieassociative.be\/actualites\/definissez-des-alertes-de-prix-pour-le-black-friday-afin-de-ne-pas-depasser-votre-budget\/","og_locale":"fr_FR","og_type":"article","og_title":"D\u00e9finissez des alertes de prix pour le Black Friday afin de ne pas d\u00e9passer votre budget | Vie Associative","og_description":"R\u00e9sistez aux tactiques de manipulation des prix de d\u00e9tail en choisissant \u00e0 l\u2019avance le maximum que vous souhaitez d\u00e9penser. La f\u00eate annuelle du shopping du","og_url":"https:\/\/vieassociative.be\/actualites\/definissez-des-alertes-de-prix-pour-le-black-friday-afin-de-ne-pas-depasser-votre-budget\/","og_site_name":"Vie Associative","article_published_time":"2025-11-23T19:17:18+00:00","og_image":[{"width":279,"height":92,"url":"https:\/\/vieassociative.be\/actualites\/wp-content\/uploads\/2024\/09\/header_backgroundk-01-e1726694325946.png","type":"image\/png"}],"author":"Julien","twitter_card":"summary_large_image","twitter_misc":{"\u00c9crit par":"Julien","Dur\u00e9e de lecture est.":"6 minutes"},"schema":{"@context":"https:\/\/schema.org","@graph":[{"@type":"Article","@id":"https:\/\/vieassociative.be\/actualites\/definissez-des-alertes-de-prix-pour-le-black-friday-afin-de-ne-pas-depasser-votre-budget\/#article","isPartOf":{"@id":"https:\/\/vieassociative.be\/actualites\/definissez-des-alertes-de-prix-pour-le-black-friday-afin-de-ne-pas-depasser-votre-budget\/"},"author":{"name":"Julien","@id":"https:\/\/vieassociative.be\/actualites\/#\/schema\/person\/b87ac4f82f9d4e7b7cec7395b679edc4"},"headline":"D\u00e9finissez des alertes de prix pour le Black Friday afin de ne pas d\u00e9passer votre budget","datePublished":"2025-11-23T19:17:18+00:00","dateModified":"2025-11-23T19:17:18+00:00","mainEntityOfPage":{"@id":"https:\/\/vieassociative.be\/actualites\/definissez-des-alertes-de-prix-pour-le-black-friday-afin-de-ne-pas-depasser-votre-budget\/"},"wordCount":1185,"publisher":{"@id":"https:\/\/vieassociative.be\/actualites\/#organization"},"image":{"@id":"https:\/\/vieassociative.be\/actualites\/definissez-des-alertes-de-prix-pour-le-black-friday-afin-de-ne-pas-depasser-votre-budget\/#primaryimage"},"thumbnailUrl":"https:\/\/vieassociative.be\/actualites\/wp-content\/uploads\/2025\/06\/Vous-pouvez-definir-des-alertes-de-prix-pour-Prime-Day.jpg","keywords":["afin","alertes","Black","budget","D\u00e9finissez","d\u00e9passer","Des","Friday","pas","pour","prix","votre"],"articleSection":["Argent"],"inLanguage":"fr-BE"},{"@type":"WebPage","@id":"https:\/\/vieassociative.be\/actualites\/definissez-des-alertes-de-prix-pour-le-black-friday-afin-de-ne-pas-depasser-votre-budget\/","url":"https:\/\/vieassociative.be\/actualites\/definissez-des-alertes-de-prix-pour-le-black-friday-afin-de-ne-pas-depasser-votre-budget\/","name":"D\u00e9finissez des alertes de prix pour le Black Friday afin de ne pas d\u00e9passer votre budget | Vie Associative","isPartOf":{"@id":"https:\/\/vieassociative.be\/actualites\/#website"},"primaryImageOfPage":{"@id":"https:\/\/vieassociative.be\/actualites\/definissez-des-alertes-de-prix-pour-le-black-friday-afin-de-ne-pas-depasser-votre-budget\/#primaryimage"},"image":{"@id":"https:\/\/vieassociative.be\/actualites\/definissez-des-alertes-de-prix-pour-le-black-friday-afin-de-ne-pas-depasser-votre-budget\/#primaryimage"},"thumbnailUrl":"https:\/\/vieassociative.be\/actualites\/wp-content\/uploads\/2025\/06\/Vous-pouvez-definir-des-alertes-de-prix-pour-Prime-Day.jpg","datePublished":"2025-11-23T19:17:18+00:00","dateModified":"2025-11-23T19:17:18+00:00","breadcrumb":{"@id":"https:\/\/vieassociative.be\/actualites\/definissez-des-alertes-de-prix-pour-le-black-friday-afin-de-ne-pas-depasser-votre-budget\/#breadcrumb"},"inLanguage":"fr-BE","potentialAction":[{"@type":"ReadAction","target":["https:\/\/vieassociative.be\/actualites\/definissez-des-alertes-de-prix-pour-le-black-friday-afin-de-ne-pas-depasser-votre-budget\/"]}]},{"@type":"ImageObject","inLanguage":"fr-BE","@id":"https:\/\/vieassociative.be\/actualites\/definissez-des-alertes-de-prix-pour-le-black-friday-afin-de-ne-pas-depasser-votre-budget\/#primaryimage","url":"https:\/\/vieassociative.be\/actualites\/wp-content\/uploads\/2025\/06\/Vous-pouvez-definir-des-alertes-de-prix-pour-Prime-Day.jpg","contentUrl":"https:\/\/vieassociative.be\/actualites\/wp-content\/uploads\/2025\/06\/Vous-pouvez-definir-des-alertes-de-prix-pour-Prime-Day.jpg","width":1200,"height":675,"caption":"Vous pouvez d\u00e9finir des alertes de prix pour Prime Day pour ne pas d\u00e9penser trop"},{"@type":"BreadcrumbList","@id":"https:\/\/vieassociative.be\/actualites\/definissez-des-alertes-de-prix-pour-le-black-friday-afin-de-ne-pas-depasser-votre-budget\/#breadcrumb","itemListElement":[{"@type":"ListItem","position":1,"name":"Accueil","item":"https:\/\/vieassociative.be\/actualites\/"},{"@type":"ListItem","position":2,"name":"D\u00e9finissez des alertes de prix pour le Black Friday afin de ne pas d\u00e9passer votre budget"}]},{"@type":"WebSite","@id":"https:\/\/vieassociative.be\/actualites\/#website","url":"https:\/\/vieassociative.be\/actualites\/","name":"Vie Associative","description":"","publisher":{"@id":"https:\/\/vieassociative.be\/actualites\/#organization"},"potentialAction":[{"@type":"SearchAction","target":{"@type":"EntryPoint","urlTemplate":"https:\/\/vieassociative.be\/actualites\/?s={search_term_string}"},"query-input":{"@type":"PropertyValueSpecification","valueRequired":true,"valueName":"search_term_string"}}],"inLanguage":"fr-BE"},{"@type":"Organization","@id":"https:\/\/vieassociative.be\/actualites\/#organization","name":"Vie Associative","url":"https:\/\/vieassociative.be\/actualites\/","logo":{"@type":"ImageObject","inLanguage":"fr-BE","@id":"https:\/\/vieassociative.be\/actualites\/#\/schema\/logo\/image\/","url":"https:\/\/vieassociative.be\/actualites\/wp-content\/uploads\/2024\/09\/cropped-vieassociative_favicon.ico.png","contentUrl":"https:\/\/vieassociative.be\/actualites\/wp-content\/uploads\/2024\/09\/cropped-vieassociative_favicon.ico.png","width":512,"height":512,"caption":"Vie Associative"},"image":{"@id":"https:\/\/vieassociative.be\/actualites\/#\/schema\/logo\/image\/"}},{"@type":"Person","@id":"https:\/\/vieassociative.be\/actualites\/#\/schema\/person\/b87ac4f82f9d4e7b7cec7395b679edc4","name":"Julien","image":{"@type":"ImageObject","inLanguage":"fr-BE","@id":"https:\/\/vieassociative.be\/actualites\/#\/schema\/person\/image\/","url":"https:\/\/vieassociative.be\/actualites\/wp-content\/uploads\/2024\/09\/vie-associative-1-150x150.jpg","contentUrl":"https:\/\/vieassociative.be\/actualites\/wp-content\/uploads\/2024\/09\/vie-associative-1-150x150.jpg","caption":"Julien"},"description":"Je suis Julien, r\u00e9dacteur pour Vie Associative. Passionn\u00e9 par le monde associatif depuis plus de 10 ans, j'ai \u00e0 c\u0153ur de partager des histoires inspirantes et de mettre en lumi\u00e8re les initiatives locales. Mon objectif est de sensibiliser et d'encourager l'engagement communautaire \u00e0 travers mes articles.","sameAs":["https:\/\/vieassociative.be\/"]}]}},"_links":{"self":[{"href":"https:\/\/vieassociative.be\/actualites\/wp-json\/wp\/v2\/posts\/11501"}],"collection":[{"href":"https:\/\/vieassociative.be\/actualites\/wp-json\/wp\/v2\/posts"}],"about":[{"href":"https:\/\/vieassociative.be\/actualites\/wp-json\/wp\/v2\/types\/post"}],"author":[{"embeddable":true,"href":"https:\/\/vieassociative.be\/actualites\/wp-json\/wp\/v2\/users\/1"}],"replies":[{"embeddable":true,"href":"https:\/\/vieassociative.be\/actualites\/wp-json\/wp\/v2\/comments?post=11501"}],"version-history":[{"count":0,"href":"https:\/\/vieassociative.be\/actualites\/wp-json\/wp\/v2\/posts\/11501\/revisions"}],"wp:featuredmedia":[{"embeddable":true,"href":"https:\/\/vieassociative.be\/actualites\/wp-json\/wp\/v2\/media\/8412"}],"wp:attachment":[{"href":"https:\/\/vieassociative.be\/actualites\/wp-json\/wp\/v2\/media?parent=11501"}],"wp:term":[{"taxonomy":"category","embeddable":true,"href":"https:\/\/vieassociative.be\/actualites\/wp-json\/wp\/v2\/categories?post=11501"},{"taxonomy":"post_tag","embeddable":true,"href":"https:\/\/vieassociative.be\/actualites\/wp-json\/wp\/v2\/tags?post=11501"}],"curies":[{"name":"wp","href":"https:\/\/api.w.org\/{rel}","templated":true}]}}