{"id":115,"date":"2024-09-19T17:39:55","date_gmt":"2024-09-19T15:39:55","guid":{"rendered":"https:\/\/vieassociative.be\/actualites\/10-utilisations-de-la-poudre-pour-bebe-qui-nimpliquent-pas-votre-bebe\/"},"modified":"2024-09-20T23:01:30","modified_gmt":"2024-09-20T21:01:30","slug":"10-utilisations-de-la-poudre-pour-bebe-qui-nimpliquent-pas-votre-bebe","status":"publish","type":"post","link":"https:\/\/vieassociative.be\/actualites\/10-utilisations-de-la-poudre-pour-bebe-qui-nimpliquent-pas-votre-bebe\/","title":{"rendered":"10 utilisations de la poudre pour b\u00e9b\u00e9 qui n&rsquo;impliquent pas votre b\u00e9b\u00e9"},"content":{"rendered":"<div class=\"mt-4 leading-6 md:mb-8\">Parce que pourquoi les nourrissons devraient-ils avoir tout le plaisir ?<\/div>\n<p><\/p>\n<p>C&rsquo;est un parfum unique et r\u00e9confortant aux notes famili\u00e8res qui rappellent vos premiers souvenirs. La poudre pour b\u00e9b\u00e9 (\u00e9galement appel\u00e9e talc) est un \u00e9l\u00e9ment essentiel de la pharmacie des parents. Mais saviez-vous que son utilit\u00e9 va bien au-del\u00e0 des fesses d&rsquo;un b\u00e9b\u00e9 ?<\/p>\n<p>La poudre pour b\u00e9b\u00e9 a deux qualit\u00e9s essentielles : elle absorbe l&rsquo;humidit\u00e9 et r\u00e9duit les frottements. Ces propri\u00e9t\u00e9s offrent de nombreuses autres possibilit\u00e9s d&rsquo;utilisation du produit avec tact. Voici 10 des plus utiles.<\/p>\n<h2 id=\"remove-sand-at-the-beach\">Enlever le sable de la plage<\/h2>\n<div class=\"eloquent-imagery-image\">\n<div class=\"flex justify-center\">\n<img decoding=\"async\" class=\"border border-gray-100\" src=\"https:\/\/vieassociative.be\/actualites\/wp-content\/uploads\/2024\/09\/10-utilisations-de-la-poudre-pour-bebe-qui-nimpliquent-pas.jpg\" alt=\"Image de Lifehacker\" width=\"2000\" height=\"1124\" loading=\"lazy\"  >\n<\/div>\n<\/div>\n<p>Vous pouvez nettoyer votre corps apr\u00e8s \u00eatre all\u00e9 \u00e0 la plage sans vous salir les mains en emportant avec vous un flacon de talc pour b\u00e9b\u00e9. Si vous avez du mal \u00e0 \u00e9liminer les grains de sable g\u00eanants de votre corps, saupoudrez un peu de talc pour b\u00e9b\u00e9 sur les zones sablonneuses et nettoyez-vous comme un sou neuf. Comme le talc pour b\u00e9b\u00e9 absorbe l&rsquo;humidit\u00e9 et que le sable colle \u00e0 votre peau, le sable finira par s&rsquo;enlever facilement.<\/p>\n<h2 id=\"freshen-up-your-shoes\">Rafra\u00eechissez vos chaussures<\/h2>\n<div class=\"eloquent-imagery-image\">\n<div class=\"flex justify-center\">\n<img decoding=\"async\" class=\"border border-gray-100\" src=\"https:\/\/vieassociative.be\/actualites\/wp-content\/uploads\/2024\/09\/1726760388_565_10-utilisations-de-la-poudre-pour-bebe-qui-nimpliquent-pas.jpg\" alt=\"Image de Lifehacker\" width=\"2000\" height=\"1126\" loading=\"lazy\"  >\n<\/div>\n<\/div>\n<p>Si vous avez remarqu\u00e9 des odeurs d\u00e9sagr\u00e9ables \u00e9manant de votre placard \u00e0 chaussures, il est temps d&rsquo;ajouter du talc pour b\u00e9b\u00e9 \u00e0 l&rsquo;\u00e9quation. Mettez une noisette de talc dans chaque chaussure et secouez-le pour qu&rsquo;il se r\u00e9pande sur toute la semelle, puis laissez-le reposer toute la nuit. Le matin, secouez l&rsquo;exc\u00e9dent de talc pour b\u00e9b\u00e9 et toutes les odeurs provoqu\u00e9es par la transpiration de vos pieds devraient \u00eatre \u00e9limin\u00e9es.<\/p>\n<h2 id=\"use-it-as-dry-shampoo\">Utilisez-le comme shampoing sec<\/h2>\n<div class=\"eloquent-imagery-image\">\n<div class=\"flex justify-center\">\n<img decoding=\"async\" class=\"border border-gray-100\" src=\"https:\/\/vieassociative.be\/actualites\/wp-content\/uploads\/2024\/09\/1726760389_239_10-utilisations-de-la-poudre-pour-bebe-qui-nimpliquent-pas.jpg\" alt=\"Image de Lifehacker\" width=\"2000\" height=\"1125\" loading=\"lazy\"  >\n<\/div>\n<\/div>\n<p>Si vous n&rsquo;avez pas acc\u00e8s \u00e0 une douche mais que vous souhaitez quand m\u00eame vous sentir frais, vous pouvez utiliser de la poudre pour b\u00e9b\u00e9 comme shampoing sec. Mettez-en un peu sur votre peigne ou votre brosse et r\u00e9partissez-la sur votre cuir chevelu. La poudre pour b\u00e9b\u00e9 absorbera toute la graisse ou l&rsquo;huile de vos cheveux, vous laissant un cuir chevelu passable et plus frais.<\/p>\n<h2 id=\"loosen-up-playing-cards\">D\u00e9tendez-vous avec les cartes \u00e0 jouer<\/h2>\n<div class=\"eloquent-imagery-image\">\n<div class=\"flex justify-center\">\n<img decoding=\"async\" class=\"border border-gray-100\" src=\"https:\/\/vieassociative.be\/actualites\/wp-content\/uploads\/2024\/09\/1726760390_826_10-utilisations-de-la-poudre-pour-bebe-qui-nimpliquent-pas.jpg\" alt=\"Image de Lifehacker\" width=\"2000\" height=\"1125\" loading=\"lazy\"  >\n<\/div>\n<\/div>\n<p>Ne laissez pas les cartes collantes se mettre entre vous et le Gin Rummy. Les nouveaux paquets de cartes \u00e0 jouer ont tendance \u00e0 se coller les uns aux autres. Pour surmonter cette frustration, mettez les cartes dans un sac ziplock avec un peu de talc pour b\u00e9b\u00e9. Apr\u00e8s avoir bien secou\u00e9 le sac, retirez les cartes et essuyez tout exc\u00e8s de poudre. Vous pourrez d\u00e9sormais m\u00e9langer un jeu de cartes pour votre s\u00e9ance d&rsquo;entra\u00eenement matinale. <\/p>\n<h2 id=\"cool-your-sheets\">Rafra\u00eechissez vos draps<\/h2>\n<div class=\"eloquent-imagery-image\">\n<div class=\"flex justify-center\">\n<img decoding=\"async\" class=\"border border-gray-100\" src=\"https:\/\/vieassociative.be\/actualites\/wp-content\/uploads\/2024\/09\/1726760391_696_10-utilisations-de-la-poudre-pour-bebe-qui-nimpliquent-pas.jpg\" alt=\"Image de Lifehacker\" width=\"2000\" height=\"1125\" loading=\"lazy\"  >\n<\/div>\n<\/div>\n<p>Si vous cherchez des moyens de survivre \u00e0 la chaleur lorsque vous n&rsquo;avez pas de climatisation, ajoutez ceci \u00e0 la liste : saupoudrez l\u00e9g\u00e8rement une ou deux cuill\u00e8res \u00e0 soupe de talc pour b\u00e9b\u00e9 sur vos draps avant de sauter dans votre lit pour permettre \u00e0 la poudre d&rsquo;absorber l&rsquo;humidit\u00e9 (lire : la transpiration) pendant la nuit, vous \u00e9vitant ainsi de vous r\u00e9veiller dans une flaque de votre propre transpiration. Inconv\u00e9nient : des charges de linge suppl\u00e9mentaires.<\/p>\n<h2 id=\"fix-squeaky-floors\">R\u00e9parer les planchers qui grincent<\/h2>\n<div class=\"eloquent-imagery-image\">\n<div class=\"flex justify-center\">\n<img decoding=\"async\" class=\"border border-gray-100\" src=\"https:\/\/vieassociative.be\/actualites\/wp-content\/uploads\/2024\/09\/1726760391_319_10-utilisations-de-la-poudre-pour-bebe-qui-nimpliquent-pas.jpg\" alt=\"Image de Lifehacker\" width=\"2000\" height=\"1120\" loading=\"lazy\"  >\n<\/div>\n<\/div>\n<p>Si votre parquet fait un bruit aigu \u00e0 chaque pas, saupoudrez un peu de talc sur les endroits probl\u00e9matiques et appliquez-le dans les joints. Le remplissage de ces espaces lubrifiera le bois et emp\u00eachera les lames de se frotter les unes contre les autres. Si vous avez du mal \u00e0 faire p\u00e9n\u00e9trer la poudre dans les espaces \u00e9troits, utilisez une carte en plastique (comme une carte de cr\u00e9dit) pour la coincer \u00e0 cet endroit. <\/p>\n<h2 id=\"use-as-emergency-deodorant\">Utiliser comme d\u00e9odorant d&rsquo;urgence<\/h2>\n<div class=\"eloquent-imagery-image\">\n<div class=\"flex justify-center\">\n<img decoding=\"async\" class=\"border border-gray-100\" src=\"https:\/\/vieassociative.be\/actualites\/wp-content\/uploads\/2024\/09\/1726760392_202_10-utilisations-de-la-poudre-pour-bebe-qui-nimpliquent-pas.jpg\" alt=\"Image de Lifehacker\" width=\"2000\" height=\"1120\" loading=\"lazy\"  >\n<\/div>\n<\/div>\n<p>Vous ne pouvez pas demander \u00e0 emprunter le d\u00e9odorant de quelqu&rsquo;un d&rsquo;autre, mais <em>tu peux <\/em>Demandez \u00e0 emprunter de la poudre pour b\u00e9b\u00e9. Si vous avez un probl\u00e8me d&rsquo;odeur corporelle et que vous n&rsquo;avez pas acc\u00e8s \u00e0 une douche ou \u00e0 un d\u00e9odorant, appliquez de la poudre pour b\u00e9b\u00e9 sur vos aisselles. Cela r\u00e9duira l&rsquo;humidit\u00e9 de vos aisselles et rafra\u00eechira votre odeur. Ce n&rsquo;est pas aussi efficace que de prendre une douche, mais cela suffira \u00e0 vous faire patienter jusqu&rsquo;\u00e0 ce que vous puissiez le faire.<\/p>\n<h2 id=\"untangle-jewelry\">D\u00e9m\u00ealer les bijoux<\/h2>\n<div class=\"eloquent-imagery-image\">\n<div class=\"flex justify-center\">\n<img decoding=\"async\" class=\"border border-gray-100\" src=\"https:\/\/vieassociative.be\/actualites\/wp-content\/uploads\/2024\/09\/1726760393_492_10-utilisations-de-la-poudre-pour-bebe-qui-nimpliquent-pas.jpg\" alt=\"Image de Lifehacker\" width=\"2000\" height=\"1122\" loading=\"lazy\"  >\n<\/div>\n<\/div>\n<p>Si vous avez un n\u0153ud sur un bijou que vous n&rsquo;arrivez pas \u00e0 d\u00e9faire, prenez de la poudre pour b\u00e9b\u00e9 et saupoudrez-en un peu sur le n\u0153ud et frottez doucement. Cela lubrifiera le m\u00e9tal et devrait faciliter la cr\u00e9ation d&rsquo;une certaine s\u00e9paration entre les diff\u00e9rents segments de la cha\u00eene, ce qui permettra de d\u00e9m\u00ealer le n\u0153ud. Une fois que vous avez pris soin du n\u0153ud, lavez la poudre pour b\u00e9b\u00e9 avec un savon doux.<\/p>\n<h2 id=\"remove-grease-stains\">Enlever les taches de graisse<\/h2>\n<div class=\"eloquent-imagery-image\">\n<div class=\"flex justify-center\">\n<img decoding=\"async\" class=\"border border-gray-100\" src=\"https:\/\/vieassociative.be\/actualites\/wp-content\/uploads\/2024\/09\/1726760394_135_10-utilisations-de-la-poudre-pour-bebe-qui-nimpliquent-pas.jpg\" alt=\"Image de Lifehacker\" width=\"2000\" height=\"1125\" loading=\"lazy\"  >\n<\/div>\n<\/div>\n<p>Les taches de graisse sur les v\u00eatements sont l&rsquo;un des risques que vous courez lorsque vous faites frire des aliments. Au lieu de bouder sur un v\u00eatement tach\u00e9, prenez de la poudre pour b\u00e9b\u00e9, appliquez-la sur la tache avec un coton ou une brosse \u00e0 poils doux et frottez bien. Laissez agir pendant environ 10 minutes, puis brossez doucement la poudre. R\u00e9p\u00e9tez l&rsquo;op\u00e9ration jusqu&rsquo;\u00e0 ce que la tache disparaisse. <\/p>\n<h2 id=\"repel-ants\">Repousser les fourmis<\/h2>\n<div class=\"eloquent-imagery-image\">\n<div class=\"flex justify-center\">\n<img decoding=\"async\" class=\"border border-gray-100\" src=\"https:\/\/vieassociative.be\/actualites\/wp-content\/uploads\/2024\/09\/1726760395_807_10-utilisations-de-la-poudre-pour-bebe-qui-nimpliquent-pas.jpg\" alt=\"Image de Lifehacker\" width=\"2000\" height=\"1123\" loading=\"lazy\"  >\n<\/div>\n<\/div>\n<p>N&rsquo;essayez pas de comprendre cette situation, acceptez-la telle qu&rsquo;elle est : Eric Sebring, entomologiste agr\u00e9\u00e9 pour la lutte antiparasitaire Ehrlich, explique que \u00ab l&rsquo;utilisation de talc ou de talc pour b\u00e9b\u00e9 dans les zones o\u00f9 vous avez vu des fourmis peut les dissuader de s&rsquo;y rendre. Les fourmis n&rsquo;aiment pas traverser la poudre et s&rsquo;en mettre sur le corps. Il est clair que les fourmis ont une aversion pour le talc pour b\u00e9b\u00e9, mais nous ne savons pas vraiment pourquoi. \u00bb C&rsquo;est l&rsquo;un des grands myst\u00e8res de la vie, je suppose. <\/p>\n<p><\/p>\n","protected":false},"excerpt":{"rendered":"<p>Parce que pourquoi les nourrissons devraient-ils avoir tout le plaisir ? C&rsquo;est un parfum unique et r\u00e9confortant aux notes famili\u00e8res qui rappellent vos premiers souvenirs.<\/p>\n","protected":false},"author":1,"featured_media":116,"comment_status":"closed","ping_status":"","sticky":false,"template":"","format":"standard","meta":{"footnotes":""},"categories":[40],"tags":[180,181,126,179,81,99,178,8],"class_list":["post-115","post","type-post","status-publish","format-standard","has-post-thumbnail","hentry","category-maison","tag-bebe","tag-nimpliquent","tag-pas","tag-poudre","tag-pour","tag-qui","tag-utilisations","tag-votre","generate-columns","tablet-grid-50","mobile-grid-100","grid-parent","grid-33"],"yoast_head":"<!-- This site is optimized with the Yoast SEO plugin v24.0 - https:\/\/yoast.com\/wordpress\/plugins\/seo\/ -->\n<title>10 utilisations de la poudre pour b\u00e9b\u00e9 qui n&#039;impliquent pas votre b\u00e9b\u00e9 | Vie Associative<\/title>\n<meta name=\"robots\" content=\"index, follow, max-snippet:-1, max-image-preview:large, max-video-preview:-1\" \/>\n<link rel=\"canonical\" href=\"https:\/\/vieassociative.be\/actualites\/10-utilisations-de-la-poudre-pour-bebe-qui-nimpliquent-pas-votre-bebe\/\" \/>\n<meta property=\"og:locale\" content=\"fr_FR\" \/>\n<meta property=\"og:type\" content=\"article\" \/>\n<meta property=\"og:title\" content=\"10 utilisations de la poudre pour b\u00e9b\u00e9 qui n&#039;impliquent pas votre b\u00e9b\u00e9 | Vie Associative\" \/>\n<meta property=\"og:description\" content=\"Parce que pourquoi les nourrissons devraient-ils avoir tout le plaisir ? C&rsquo;est un parfum unique et r\u00e9confortant aux notes famili\u00e8res qui rappellent vos premiers souvenirs.\" \/>\n<meta property=\"og:url\" content=\"https:\/\/vieassociative.be\/actualites\/10-utilisations-de-la-poudre-pour-bebe-qui-nimpliquent-pas-votre-bebe\/\" \/>\n<meta property=\"og:site_name\" content=\"Vie Associative\" \/>\n<meta property=\"article:published_time\" content=\"2024-09-19T15:39:55+00:00\" \/>\n<meta property=\"article:modified_time\" content=\"2024-09-20T21:01:30+00:00\" \/>\n<meta property=\"og:image\" content=\"https:\/\/vieassociative.be\/actualites\/wp-content\/uploads\/2024\/09\/1726760396_10-utilisations-de-la-poudre-pour-bebe-qui-nimpliquent-pas.jpg\" \/>\n\t<meta property=\"og:image:width\" content=\"1200\" \/>\n\t<meta property=\"og:image:height\" content=\"675\" \/>\n\t<meta property=\"og:image:type\" content=\"image\/jpeg\" \/>\n<meta name=\"author\" content=\"Julien\" \/>\n<meta name=\"twitter:card\" content=\"summary_large_image\" \/>\n<meta name=\"twitter:label1\" content=\"\u00c9crit par\" \/>\n\t<meta name=\"twitter:data1\" content=\"Julien\" \/>\n\t<meta name=\"twitter:label2\" content=\"Dur\u00e9e de lecture est.\" \/>\n\t<meta name=\"twitter:data2\" content=\"5 minutes\" \/>\n<script type=\"application\/ld+json\" class=\"yoast-schema-graph\">{\"@context\":\"https:\/\/schema.org\",\"@graph\":[{\"@type\":\"Article\",\"@id\":\"https:\/\/vieassociative.be\/actualites\/10-utilisations-de-la-poudre-pour-bebe-qui-nimpliquent-pas-votre-bebe\/#article\",\"isPartOf\":{\"@id\":\"https:\/\/vieassociative.be\/actualites\/10-utilisations-de-la-poudre-pour-bebe-qui-nimpliquent-pas-votre-bebe\/\"},\"author\":{\"name\":\"Julien\",\"@id\":\"https:\/\/vieassociative.be\/actualites\/#\/schema\/person\/b87ac4f82f9d4e7b7cec7395b679edc4\"},\"headline\":\"10 utilisations de la poudre pour b\u00e9b\u00e9 qui n&rsquo;impliquent pas votre b\u00e9b\u00e9\",\"datePublished\":\"2024-09-19T15:39:55+00:00\",\"dateModified\":\"2024-09-20T21:01:30+00:00\",\"mainEntityOfPage\":{\"@id\":\"https:\/\/vieassociative.be\/actualites\/10-utilisations-de-la-poudre-pour-bebe-qui-nimpliquent-pas-votre-bebe\/\"},\"wordCount\":991,\"publisher\":{\"@id\":\"https:\/\/vieassociative.be\/actualites\/#organization\"},\"image\":{\"@id\":\"https:\/\/vieassociative.be\/actualites\/10-utilisations-de-la-poudre-pour-bebe-qui-nimpliquent-pas-votre-bebe\/#primaryimage\"},\"thumbnailUrl\":\"https:\/\/vieassociative.be\/actualites\/wp-content\/uploads\/2024\/09\/1726760396_10-utilisations-de-la-poudre-pour-bebe-qui-nimpliquent-pas.jpg\",\"keywords\":[\"b\u00e9b\u00e9\",\"nimpliquent\",\"pas\",\"poudre\",\"pour\",\"qui\",\"utilisations\",\"votre\"],\"articleSection\":[\"Maison\"],\"inLanguage\":\"fr-BE\"},{\"@type\":\"WebPage\",\"@id\":\"https:\/\/vieassociative.be\/actualites\/10-utilisations-de-la-poudre-pour-bebe-qui-nimpliquent-pas-votre-bebe\/\",\"url\":\"https:\/\/vieassociative.be\/actualites\/10-utilisations-de-la-poudre-pour-bebe-qui-nimpliquent-pas-votre-bebe\/\",\"name\":\"10 utilisations de la poudre pour b\u00e9b\u00e9 qui n'impliquent pas votre b\u00e9b\u00e9 | Vie Associative\",\"isPartOf\":{\"@id\":\"https:\/\/vieassociative.be\/actualites\/#website\"},\"primaryImageOfPage\":{\"@id\":\"https:\/\/vieassociative.be\/actualites\/10-utilisations-de-la-poudre-pour-bebe-qui-nimpliquent-pas-votre-bebe\/#primaryimage\"},\"image\":{\"@id\":\"https:\/\/vieassociative.be\/actualites\/10-utilisations-de-la-poudre-pour-bebe-qui-nimpliquent-pas-votre-bebe\/#primaryimage\"},\"thumbnailUrl\":\"https:\/\/vieassociative.be\/actualites\/wp-content\/uploads\/2024\/09\/1726760396_10-utilisations-de-la-poudre-pour-bebe-qui-nimpliquent-pas.jpg\",\"datePublished\":\"2024-09-19T15:39:55+00:00\",\"dateModified\":\"2024-09-20T21:01:30+00:00\",\"breadcrumb\":{\"@id\":\"https:\/\/vieassociative.be\/actualites\/10-utilisations-de-la-poudre-pour-bebe-qui-nimpliquent-pas-votre-bebe\/#breadcrumb\"},\"inLanguage\":\"fr-BE\",\"potentialAction\":[{\"@type\":\"ReadAction\",\"target\":[\"https:\/\/vieassociative.be\/actualites\/10-utilisations-de-la-poudre-pour-bebe-qui-nimpliquent-pas-votre-bebe\/\"]}]},{\"@type\":\"ImageObject\",\"inLanguage\":\"fr-BE\",\"@id\":\"https:\/\/vieassociative.be\/actualites\/10-utilisations-de-la-poudre-pour-bebe-qui-nimpliquent-pas-votre-bebe\/#primaryimage\",\"url\":\"https:\/\/vieassociative.be\/actualites\/wp-content\/uploads\/2024\/09\/1726760396_10-utilisations-de-la-poudre-pour-bebe-qui-nimpliquent-pas.jpg\",\"contentUrl\":\"https:\/\/vieassociative.be\/actualites\/wp-content\/uploads\/2024\/09\/1726760396_10-utilisations-de-la-poudre-pour-bebe-qui-nimpliquent-pas.jpg\",\"width\":1200,\"height\":675,\"caption\":\"10 utilisations de la poudre pour b\u00e9b\u00e9 qui n'impliquent pas votre b\u00e9b\u00e9\"},{\"@type\":\"BreadcrumbList\",\"@id\":\"https:\/\/vieassociative.be\/actualites\/10-utilisations-de-la-poudre-pour-bebe-qui-nimpliquent-pas-votre-bebe\/#breadcrumb\",\"itemListElement\":[{\"@type\":\"ListItem\",\"position\":1,\"name\":\"Accueil\",\"item\":\"https:\/\/vieassociative.be\/actualites\/\"},{\"@type\":\"ListItem\",\"position\":2,\"name\":\"10 utilisations de la poudre pour b\u00e9b\u00e9 qui n&rsquo;impliquent pas votre b\u00e9b\u00e9\"}]},{\"@type\":\"WebSite\",\"@id\":\"https:\/\/vieassociative.be\/actualites\/#website\",\"url\":\"https:\/\/vieassociative.be\/actualites\/\",\"name\":\"Vie Associative\",\"description\":\"\",\"publisher\":{\"@id\":\"https:\/\/vieassociative.be\/actualites\/#organization\"},\"potentialAction\":[{\"@type\":\"SearchAction\",\"target\":{\"@type\":\"EntryPoint\",\"urlTemplate\":\"https:\/\/vieassociative.be\/actualites\/?s={search_term_string}\"},\"query-input\":{\"@type\":\"PropertyValueSpecification\",\"valueRequired\":true,\"valueName\":\"search_term_string\"}}],\"inLanguage\":\"fr-BE\"},{\"@type\":\"Organization\",\"@id\":\"https:\/\/vieassociative.be\/actualites\/#organization\",\"name\":\"Vie Associative\",\"url\":\"https:\/\/vieassociative.be\/actualites\/\",\"logo\":{\"@type\":\"ImageObject\",\"inLanguage\":\"fr-BE\",\"@id\":\"https:\/\/vieassociative.be\/actualites\/#\/schema\/logo\/image\/\",\"url\":\"https:\/\/vieassociative.be\/actualites\/wp-content\/uploads\/2024\/09\/cropped-vieassociative_favicon.ico.png\",\"contentUrl\":\"https:\/\/vieassociative.be\/actualites\/wp-content\/uploads\/2024\/09\/cropped-vieassociative_favicon.ico.png\",\"width\":512,\"height\":512,\"caption\":\"Vie Associative\"},\"image\":{\"@id\":\"https:\/\/vieassociative.be\/actualites\/#\/schema\/logo\/image\/\"}},{\"@type\":\"Person\",\"@id\":\"https:\/\/vieassociative.be\/actualites\/#\/schema\/person\/b87ac4f82f9d4e7b7cec7395b679edc4\",\"name\":\"Julien\",\"image\":{\"@type\":\"ImageObject\",\"inLanguage\":\"fr-BE\",\"@id\":\"https:\/\/vieassociative.be\/actualites\/#\/schema\/person\/image\/\",\"url\":\"https:\/\/vieassociative.be\/actualites\/wp-content\/uploads\/2024\/09\/vie-associative-1-150x150.jpg\",\"contentUrl\":\"https:\/\/vieassociative.be\/actualites\/wp-content\/uploads\/2024\/09\/vie-associative-1-150x150.jpg\",\"caption\":\"Julien\"},\"description\":\"Je suis Julien, r\u00e9dacteur pour Vie Associative. Passionn\u00e9 par le monde associatif depuis plus de 10 ans, j'ai \u00e0 c\u0153ur de partager des histoires inspirantes et de mettre en lumi\u00e8re les initiatives locales. Mon objectif est de sensibiliser et d'encourager l'engagement communautaire \u00e0 travers mes articles.\",\"sameAs\":[\"https:\/\/vieassociative.be\/\"]}]}<\/script>\n<!-- \/ Yoast SEO plugin. -->","yoast_head_json":{"title":"10 utilisations de la poudre pour b\u00e9b\u00e9 qui n'impliquent pas votre b\u00e9b\u00e9 | Vie Associative","robots":{"index":"index","follow":"follow","max-snippet":"max-snippet:-1","max-image-preview":"max-image-preview:large","max-video-preview":"max-video-preview:-1"},"canonical":"https:\/\/vieassociative.be\/actualites\/10-utilisations-de-la-poudre-pour-bebe-qui-nimpliquent-pas-votre-bebe\/","og_locale":"fr_FR","og_type":"article","og_title":"10 utilisations de la poudre pour b\u00e9b\u00e9 qui n'impliquent pas votre b\u00e9b\u00e9 | Vie Associative","og_description":"Parce que pourquoi les nourrissons devraient-ils avoir tout le plaisir ? C&rsquo;est un parfum unique et r\u00e9confortant aux notes famili\u00e8res qui rappellent vos premiers souvenirs.","og_url":"https:\/\/vieassociative.be\/actualites\/10-utilisations-de-la-poudre-pour-bebe-qui-nimpliquent-pas-votre-bebe\/","og_site_name":"Vie Associative","article_published_time":"2024-09-19T15:39:55+00:00","article_modified_time":"2024-09-20T21:01:30+00:00","og_image":[{"width":1200,"height":675,"url":"https:\/\/vieassociative.be\/actualites\/wp-content\/uploads\/2024\/09\/1726760396_10-utilisations-de-la-poudre-pour-bebe-qui-nimpliquent-pas.jpg","type":"image\/jpeg"}],"author":"Julien","twitter_card":"summary_large_image","twitter_misc":{"\u00c9crit par":"Julien","Dur\u00e9e de lecture est.":"5 minutes"},"schema":{"@context":"https:\/\/schema.org","@graph":[{"@type":"Article","@id":"https:\/\/vieassociative.be\/actualites\/10-utilisations-de-la-poudre-pour-bebe-qui-nimpliquent-pas-votre-bebe\/#article","isPartOf":{"@id":"https:\/\/vieassociative.be\/actualites\/10-utilisations-de-la-poudre-pour-bebe-qui-nimpliquent-pas-votre-bebe\/"},"author":{"name":"Julien","@id":"https:\/\/vieassociative.be\/actualites\/#\/schema\/person\/b87ac4f82f9d4e7b7cec7395b679edc4"},"headline":"10 utilisations de la poudre pour b\u00e9b\u00e9 qui n&rsquo;impliquent pas votre b\u00e9b\u00e9","datePublished":"2024-09-19T15:39:55+00:00","dateModified":"2024-09-20T21:01:30+00:00","mainEntityOfPage":{"@id":"https:\/\/vieassociative.be\/actualites\/10-utilisations-de-la-poudre-pour-bebe-qui-nimpliquent-pas-votre-bebe\/"},"wordCount":991,"publisher":{"@id":"https:\/\/vieassociative.be\/actualites\/#organization"},"image":{"@id":"https:\/\/vieassociative.be\/actualites\/10-utilisations-de-la-poudre-pour-bebe-qui-nimpliquent-pas-votre-bebe\/#primaryimage"},"thumbnailUrl":"https:\/\/vieassociative.be\/actualites\/wp-content\/uploads\/2024\/09\/1726760396_10-utilisations-de-la-poudre-pour-bebe-qui-nimpliquent-pas.jpg","keywords":["b\u00e9b\u00e9","nimpliquent","pas","poudre","pour","qui","utilisations","votre"],"articleSection":["Maison"],"inLanguage":"fr-BE"},{"@type":"WebPage","@id":"https:\/\/vieassociative.be\/actualites\/10-utilisations-de-la-poudre-pour-bebe-qui-nimpliquent-pas-votre-bebe\/","url":"https:\/\/vieassociative.be\/actualites\/10-utilisations-de-la-poudre-pour-bebe-qui-nimpliquent-pas-votre-bebe\/","name":"10 utilisations de la poudre pour b\u00e9b\u00e9 qui n'impliquent pas votre b\u00e9b\u00e9 | Vie Associative","isPartOf":{"@id":"https:\/\/vieassociative.be\/actualites\/#website"},"primaryImageOfPage":{"@id":"https:\/\/vieassociative.be\/actualites\/10-utilisations-de-la-poudre-pour-bebe-qui-nimpliquent-pas-votre-bebe\/#primaryimage"},"image":{"@id":"https:\/\/vieassociative.be\/actualites\/10-utilisations-de-la-poudre-pour-bebe-qui-nimpliquent-pas-votre-bebe\/#primaryimage"},"thumbnailUrl":"https:\/\/vieassociative.be\/actualites\/wp-content\/uploads\/2024\/09\/1726760396_10-utilisations-de-la-poudre-pour-bebe-qui-nimpliquent-pas.jpg","datePublished":"2024-09-19T15:39:55+00:00","dateModified":"2024-09-20T21:01:30+00:00","breadcrumb":{"@id":"https:\/\/vieassociative.be\/actualites\/10-utilisations-de-la-poudre-pour-bebe-qui-nimpliquent-pas-votre-bebe\/#breadcrumb"},"inLanguage":"fr-BE","potentialAction":[{"@type":"ReadAction","target":["https:\/\/vieassociative.be\/actualites\/10-utilisations-de-la-poudre-pour-bebe-qui-nimpliquent-pas-votre-bebe\/"]}]},{"@type":"ImageObject","inLanguage":"fr-BE","@id":"https:\/\/vieassociative.be\/actualites\/10-utilisations-de-la-poudre-pour-bebe-qui-nimpliquent-pas-votre-bebe\/#primaryimage","url":"https:\/\/vieassociative.be\/actualites\/wp-content\/uploads\/2024\/09\/1726760396_10-utilisations-de-la-poudre-pour-bebe-qui-nimpliquent-pas.jpg","contentUrl":"https:\/\/vieassociative.be\/actualites\/wp-content\/uploads\/2024\/09\/1726760396_10-utilisations-de-la-poudre-pour-bebe-qui-nimpliquent-pas.jpg","width":1200,"height":675,"caption":"10 utilisations de la poudre pour b\u00e9b\u00e9 qui n'impliquent pas votre b\u00e9b\u00e9"},{"@type":"BreadcrumbList","@id":"https:\/\/vieassociative.be\/actualites\/10-utilisations-de-la-poudre-pour-bebe-qui-nimpliquent-pas-votre-bebe\/#breadcrumb","itemListElement":[{"@type":"ListItem","position":1,"name":"Accueil","item":"https:\/\/vieassociative.be\/actualites\/"},{"@type":"ListItem","position":2,"name":"10 utilisations de la poudre pour b\u00e9b\u00e9 qui n&rsquo;impliquent pas votre b\u00e9b\u00e9"}]},{"@type":"WebSite","@id":"https:\/\/vieassociative.be\/actualites\/#website","url":"https:\/\/vieassociative.be\/actualites\/","name":"Vie Associative","description":"","publisher":{"@id":"https:\/\/vieassociative.be\/actualites\/#organization"},"potentialAction":[{"@type":"SearchAction","target":{"@type":"EntryPoint","urlTemplate":"https:\/\/vieassociative.be\/actualites\/?s={search_term_string}"},"query-input":{"@type":"PropertyValueSpecification","valueRequired":true,"valueName":"search_term_string"}}],"inLanguage":"fr-BE"},{"@type":"Organization","@id":"https:\/\/vieassociative.be\/actualites\/#organization","name":"Vie Associative","url":"https:\/\/vieassociative.be\/actualites\/","logo":{"@type":"ImageObject","inLanguage":"fr-BE","@id":"https:\/\/vieassociative.be\/actualites\/#\/schema\/logo\/image\/","url":"https:\/\/vieassociative.be\/actualites\/wp-content\/uploads\/2024\/09\/cropped-vieassociative_favicon.ico.png","contentUrl":"https:\/\/vieassociative.be\/actualites\/wp-content\/uploads\/2024\/09\/cropped-vieassociative_favicon.ico.png","width":512,"height":512,"caption":"Vie Associative"},"image":{"@id":"https:\/\/vieassociative.be\/actualites\/#\/schema\/logo\/image\/"}},{"@type":"Person","@id":"https:\/\/vieassociative.be\/actualites\/#\/schema\/person\/b87ac4f82f9d4e7b7cec7395b679edc4","name":"Julien","image":{"@type":"ImageObject","inLanguage":"fr-BE","@id":"https:\/\/vieassociative.be\/actualites\/#\/schema\/person\/image\/","url":"https:\/\/vieassociative.be\/actualites\/wp-content\/uploads\/2024\/09\/vie-associative-1-150x150.jpg","contentUrl":"https:\/\/vieassociative.be\/actualites\/wp-content\/uploads\/2024\/09\/vie-associative-1-150x150.jpg","caption":"Julien"},"description":"Je suis Julien, r\u00e9dacteur pour Vie Associative. Passionn\u00e9 par le monde associatif depuis plus de 10 ans, j'ai \u00e0 c\u0153ur de partager des histoires inspirantes et de mettre en lumi\u00e8re les initiatives locales. Mon objectif est de sensibiliser et d'encourager l'engagement communautaire \u00e0 travers mes articles.","sameAs":["https:\/\/vieassociative.be\/"]}]}},"_links":{"self":[{"href":"https:\/\/vieassociative.be\/actualites\/wp-json\/wp\/v2\/posts\/115"}],"collection":[{"href":"https:\/\/vieassociative.be\/actualites\/wp-json\/wp\/v2\/posts"}],"about":[{"href":"https:\/\/vieassociative.be\/actualites\/wp-json\/wp\/v2\/types\/post"}],"author":[{"embeddable":true,"href":"https:\/\/vieassociative.be\/actualites\/wp-json\/wp\/v2\/users\/1"}],"replies":[{"embeddable":true,"href":"https:\/\/vieassociative.be\/actualites\/wp-json\/wp\/v2\/comments?post=115"}],"version-history":[{"count":1,"href":"https:\/\/vieassociative.be\/actualites\/wp-json\/wp\/v2\/posts\/115\/revisions"}],"predecessor-version":[{"id":182,"href":"https:\/\/vieassociative.be\/actualites\/wp-json\/wp\/v2\/posts\/115\/revisions\/182"}],"wp:featuredmedia":[{"embeddable":true,"href":"https:\/\/vieassociative.be\/actualites\/wp-json\/wp\/v2\/media\/116"}],"wp:attachment":[{"href":"https:\/\/vieassociative.be\/actualites\/wp-json\/wp\/v2\/media?parent=115"}],"wp:term":[{"taxonomy":"category","embeddable":true,"href":"https:\/\/vieassociative.be\/actualites\/wp-json\/wp\/v2\/categories?post=115"},{"taxonomy":"post_tag","embeddable":true,"href":"https:\/\/vieassociative.be\/actualites\/wp-json\/wp\/v2\/tags?post=115"}],"curies":[{"name":"wp","href":"https:\/\/api.w.org\/{rel}","templated":true}]}}