{"id":11499,"date":"2025-11-23T19:17:44","date_gmt":"2025-11-23T18:17:44","guid":{"rendered":"https:\/\/vieassociative.be\/actualites\/je-ne-ferai-plus-jamais-de-renovation-sans-un-pistolet-a-calfeutrer-electrique\/"},"modified":"2025-11-23T19:17:44","modified_gmt":"2025-11-23T18:17:44","slug":"je-ne-ferai-plus-jamais-de-renovation-sans-un-pistolet-a-calfeutrer-electrique","status":"publish","type":"post","link":"https:\/\/vieassociative.be\/actualites\/je-ne-ferai-plus-jamais-de-renovation-sans-un-pistolet-a-calfeutrer-electrique\/","title":{"rendered":"Je ne ferai plus jamais de r\u00e9novation sans un pistolet \u00e0 calfeutrer \u00e9lectrique"},"content":{"rendered":"<div class=\"mt-4 leading-6 md:mb-8\">Si vous trouvez le calfeutrage aussi frustrant et fatiguant que moi, le moment est venu d\u2019investir dans de l\u2019\u00e9nergie.<\/div>\n<p><\/p>\n<p>Jusqu&rsquo;\u00e0 pr\u00e9sent, j&rsquo;ai r\u00e9alis\u00e9 trois r\u00e9novations de cuisine et deux salles de bains dans ma vie\u00a0; J&rsquo;ai refait un nombre incalculable de vieilles fen\u00eatres et portes\u00a0; J&rsquo;ai appliqu\u00e9 de la colle de construction sur beaucoup de choses. Et j&rsquo;ai toujours eu du mal avec le calfeutrage. Il est difficile d&rsquo;obtenir des lignes de calfeutrage lisses et \u00e9gales, et lors du calfeutrage de grandes surfaces, mon bras est assez fatigu\u00e9, surtout si je pousse un mat\u00e9riau \u00e9pais et lourd hors de ce tube. De plus, je finissais toujours par essuyer les accidents avec mes mains, me laissant enduit de calfeutrage.<\/p>\n<p>Apr\u00e8s des ann\u00e9es de frustration constante, j&rsquo;ai finalement pens\u00e9 que le coupable pourrait \u00eatre le pistolet \u00e0 calfeutrage manuel \u00e0 l&rsquo;ancienne que j&rsquo;utilisais depuis des d\u00e9cennies. Il est tordu, rouill\u00e9 et recouvert d&rsquo;une cro\u00fbte de vieux calfeutrage, de ciment et de salet\u00e9 ; Je ne parvenais pas \u00e0 penser \u00e0 une seule raison pour laquelle je ne l&rsquo;avais pas mis \u00e0 niveau. Quand je l\u2019ai fait, j\u2019ai d\u00e9cid\u00e9 d\u2019essayer un pistolet \u00e0 calfeutrer \u00e9lectrique, alors j\u2019ai achet\u00e9 celui-ci sans fil de DeWalt. Ce n&rsquo;est pas l&rsquo;option la moins ch\u00e8re, mais j&rsquo;adore ce truc.<\/p>\n<div class=\"pogoClear mb-12 mt-10 rounded-md border-2 border-gray-100 py-7 shadow-xl md:py-6\">\n<div class=\"flex flex-wrap justify-between px-7 text-black no-underline md:flex-nowrap md:px-8\">\n<div class=\"order-1 mx-auto flex flex-col justify-center md:order-2 md:ml-4 md:w-full md:grow\">\n<div class=\"block cursor-pointer text-center font-akshar text-2xl font-medium leading-7 text-brand-green duration-200 ease-in-out hover:text-brand-green-700 md:text-left md:text-xl md:leading-6\">Pistolet \u00e0 calfeutrer DEWALT 20V MAX\n                <\/div>\n<div class=\"mt-4 hidden md:flex md:justify-between\">\n<div class=\"self-end\">\n<div class=\"mb-0 h-11 md:flex md:flex-col md:justify-center\">\n<div class=\" font-sans leading-4 text-black\">\n<div class=\"flex flex-wrap items-center justify-center gap-1 md:justify-start\">\n        <span class=\"font-bold\"><\/p>\n<p>            160,00\u00a0$<br \/>\n                            <span class=\"font-medium\">chez Amazon<\/span><br \/>\n                    <\/span>\n            <\/div>\n<div class=\"flex items-center justify-center gap-x-1 font-bold md:justify-start\">\n            <span class=\"text-sm line-through\">256,00\u00a0$<\/span><br \/>\n            <span class=\"text-sm text-brand-green\">\u00c9conomisez 96,00\u00a0$<\/span>\n        <\/div>\n<\/p><\/div>\n<\/p><\/div>\n<\/p><\/div>\n<div class=\"w-44 self-end\">\n                            <button class=\"flex justify-center items-center w-full bg-brand-green text-white text-base font-sans font-medium rounded-md hover:bg-brand-green-700 hover:cursor-pointer md:text-sm h-11\"><\/p>\n<p>    Obtenez une offre<br \/>\n<\/button>\n                        <\/div>\n<\/p><\/div>\n<\/p><\/div>\n<div class=\"order-2 mt-5 h-auto w-full md:order-1 md:mt-0 md:hidden\">\n<div class=\"flex aspect-video items-center justify-center\">\n                                            <img decoding=\"async\" class=\"m-0 max-h-full max-w-full rounded-md\" src=\"https:\/\/vieassociative.be\/actualites\/wp-content\/uploads\/2025\/11\/Je-ne-ferai-plus-jamais-de-renovation-sans-un-pistolet.jpg\" alt=\"Pistolet \u00e0 calfeutrer DEWALT 20 V MAX, sans fil, 10 oz, g\u00e2chette \u00e0 vitesse variable, plateaux de cartouches interchangeables, outil nu uniquement (DCE560B)\" width=\"auto\" height=\"auto\" loading=\"lazy\">\n                                    <\/div>\n<\/p><\/div>\n<div class=\"order-2 ml-2 hidden w-32 shrink-0 items-center md:order-1 md:ml-0 md:flex\">\n<div class=\"flex aspect-video items-center justify-center\">\n                                            <img decoding=\"async\" class=\"m-0 max-h-full max-w-full rounded-md\" src=\"https:\/\/vieassociative.be\/actualites\/wp-content\/uploads\/2025\/11\/Je-ne-ferai-plus-jamais-de-renovation-sans-un-pistolet.jpg\" alt=\"Pistolet \u00e0 calfeutrer DEWALT 20 V MAX, sans fil, 10 oz, g\u00e2chette \u00e0 vitesse variable, plateaux de cartouches interchangeables, outil nu uniquement (DCE560B)\" width=\"auto\" height=\"auto\" loading=\"lazy\">\n                                    <\/div>\n<\/p><\/div>\n<div class=\"order-3 flex grow flex-wrap md:hidden md:grow-0\">\n<div class=\"mt-4 w-full\">\n                        <button class=\"flex justify-center items-center w-full bg-brand-green text-white text-base font-sans font-medium rounded-md hover:bg-brand-green-700 hover:cursor-pointer md:text-sm h-11\"><\/p>\n<p>    Obtenez une offre<br \/>\n<\/button>\n                    <\/div>\n<div class=\"mx-2 mt-4 w-full\">\n<div class=\" font-sans leading-4 text-black\">\n<div class=\"flex flex-wrap items-center justify-center gap-1 md:justify-start\">\n        <span class=\"font-bold\"><\/p>\n<p>            160,00\u00a0$<br \/>\n                            <span class=\"font-medium\">chez Amazon<\/span><br \/>\n                    <\/span>\n            <\/div>\n<div class=\"flex items-center justify-center gap-x-1 font-bold md:justify-start\">\n            <span class=\"text-sm line-through\">256,00\u00a0$<\/span><br \/>\n            <span class=\"text-sm text-brand-green\">\u00c9conomisez 96,00\u00a0$<\/span>\n        <\/div>\n<\/p><\/div>\n<\/p><\/div>\n<\/p><\/div>\n<\/p><\/div>\n<\/div>\n<h2 id=\"what-is-a-power-caulking-gun\">Qu&rsquo;est-ce qu&rsquo;un pistolet \u00e0 calfeutrer \u00e9lectrique\u00a0?<\/h2>\n<p>Un pistolet \u00e0 calfeutrer \u00e9lectrique est similaire \u00e0 l\u2019outil manuel standard auquel vous \u00eates habitu\u00e9. C&rsquo;est un peu plus volumineux et plus lourd, bien s\u00fbr, mais il fonctionne \u00e0 peu pr\u00e8s de la m\u00eame mani\u00e8re : vous ins\u00e9rez une cartouche (ou un tube \u00e0 saucisse si votre pistolet peut basculer entre eux), vous coupez la pointe et la tige pousse le calfeutrage ou l&rsquo;adh\u00e9sif. La principale diff\u00e9rence est que la tige avance automatiquement lorsque vous appuyez sur la g\u00e2chette\u00a0: vous n&rsquo;avez pas besoin de continuer \u00e0 exercer une force avec votre main et le calfeutrage est distribu\u00e9 en continu au lieu de vagues chaotiques que je g\u00e9rais toujours manuellement.<\/p>\n<div class=\"mx-auto mb-12 mt-5 w-full max-w-3xl rounded-md border-2 border-gray-100 p-3 shadow-md md:px-7 md:pb-7 md:pt-5\" id=\"related-video\">\n<div class=\"mb-3 flex items-center md:mb-5\">\n        <img decoding=\"async\" class=\"mr-4 mt-0 h-10 w-10 md:mr-5 md:h-12 md:w-12\" src=\"https:\/\/vieassociative.be\/actualites\/wp-content\/uploads\/2025\/09\/1757726237_608_Meta-pourrait-devoiler-une-montre-intelligente-pour-controler-ses-lunettes.jpg\" alt=\"Logo du pirate de la vie\"><\/p><\/div>\n<div class=\"aspect-video w-full overflow-hidden rounded-md\">\n<div id=\"video-container-01KARWHVCJDAMXKTDQ27RRWN8E\"><\/div>\n<\/p><\/div>\n<\/div>\n<h2 id=\"why-you-need-a-power-caulking-gun\">Pourquoi avez-vous besoin d&rsquo;un pistolet \u00e0 calfeutrer \u00e9lectrique<\/h2>\n<p>Ce qui est fantastique avec ce pistolet \u00e0 calfeutrer puissant, c&rsquo;est le niveau de contr\u00f4le. Vous pouvez d\u00e9finir avec pr\u00e9cision la vitesse maximale et minimale de l&rsquo;outil, de sorte que vous obtenez exactement le d\u00e9bit dont vous avez besoin pour votre travail, et vous pouvez facilement modifier la vitesse dans cette plage avec la g\u00e2chette. Il est livr\u00e9 avec diff\u00e9rents plateaux de cartouches pour accueillir diff\u00e9rents tubes, et il est dot\u00e9 d&rsquo;une petite lumi\u00e8re astucieuse qui vous permet de r\u00e9ellement voir ce que vous faites &#8211; quelque chose dont je n&rsquo;avais pas r\u00e9alis\u00e9 que j&rsquo;avais besoin jusqu&rsquo;\u00e0 ce que j&rsquo;en fasse l&rsquo;exp\u00e9rience. <\/p>\n<p>Une chose que j\u2019aime, c\u2019est que la tige se r\u00e9tracte lorsque vous rel\u00e2chez la g\u00e2chette, emp\u00eachant ainsi le calfeutrage ou l\u2019adh\u00e9sif de suinter du tube. Je ne peux pas vous dire combien de fois j&rsquo;ai pos\u00e9 le pistolet \u00e0 calfeutrer pour faire quelque chose et j&rsquo;ai d\u00e9couvert un joli tas de calfeutrage sur mon sol. Ce n&rsquo;est plus un probl\u00e8me.<\/p>\n<p>Il y a un peu de courbe d&rsquo;apprentissage avec cela : il faudra un moment pour avoir une id\u00e9e du flux et pour calibrer mentalement quel r\u00e9glage de vitesse convient \u00e0 quel travail. Cependant, une fois que vous avez compris, \u00eatre capable de calfeutrer une s\u00e9rie enti\u00e8re de carreaux ou de comptoirs sans vous arr\u00eater ressemble \u00e0 un super pouvoir. Et ne pas se couvrir de calfeutrage n\u2019a pas de prix.<\/p>\n","protected":false},"excerpt":{"rendered":"<p>Si vous trouvez le calfeutrage aussi frustrant et fatiguant que moi, le moment est venu d\u2019investir dans de l\u2019\u00e9nergie. Jusqu&rsquo;\u00e0 pr\u00e9sent, j&rsquo;ai r\u00e9alis\u00e9 trois r\u00e9novations<\/p>\n","protected":false},"author":1,"featured_media":11500,"comment_status":"","ping_status":"","sticky":false,"template":"","format":"standard","meta":{"footnotes":""},"categories":[40],"tags":[9335,4721,9334,851,7392,5817,130],"class_list":["post-11499","post","type-post","status-publish","format-standard","has-post-thumbnail","hentry","category-maison","tag-calfeutrer","tag-electrique","tag-ferai","tag-jamais","tag-pistolet","tag-renovation","tag-sans","generate-columns","tablet-grid-50","mobile-grid-100","grid-parent","grid-33"],"yoast_head":"<!-- This site is optimized with the Yoast SEO plugin v24.0 - https:\/\/yoast.com\/wordpress\/plugins\/seo\/ -->\n<title>Je ne ferai plus jamais de r\u00e9novation sans un pistolet \u00e0 calfeutrer \u00e9lectrique | Vie Associative<\/title>\n<meta name=\"robots\" content=\"index, follow, max-snippet:-1, max-image-preview:large, max-video-preview:-1\" \/>\n<link rel=\"canonical\" href=\"https:\/\/vieassociative.be\/actualites\/je-ne-ferai-plus-jamais-de-renovation-sans-un-pistolet-a-calfeutrer-electrique\/\" \/>\n<meta property=\"og:locale\" content=\"fr_FR\" \/>\n<meta property=\"og:type\" content=\"article\" \/>\n<meta property=\"og:title\" content=\"Je ne ferai plus jamais de r\u00e9novation sans un pistolet \u00e0 calfeutrer \u00e9lectrique | Vie Associative\" \/>\n<meta property=\"og:description\" content=\"Si vous trouvez le calfeutrage aussi frustrant et fatiguant que moi, le moment est venu d\u2019investir dans de l\u2019\u00e9nergie. Jusqu&rsquo;\u00e0 pr\u00e9sent, j&rsquo;ai r\u00e9alis\u00e9 trois r\u00e9novations\" \/>\n<meta property=\"og:url\" content=\"https:\/\/vieassociative.be\/actualites\/je-ne-ferai-plus-jamais-de-renovation-sans-un-pistolet-a-calfeutrer-electrique\/\" \/>\n<meta property=\"og:site_name\" content=\"Vie Associative\" \/>\n<meta property=\"article:published_time\" content=\"2025-11-23T18:17:44+00:00\" \/>\n<meta property=\"og:image\" content=\"https:\/\/vieassociative.be\/actualites\/wp-content\/uploads\/2025\/11\/Je-ne-ferai-plus-jamais-de-renovation-sans-un-pistolet.jpg\" \/>\n<meta name=\"author\" content=\"Julien\" \/>\n<meta name=\"twitter:card\" content=\"summary_large_image\" \/>\n<meta name=\"twitter:label1\" content=\"\u00c9crit par\" \/>\n\t<meta name=\"twitter:data1\" content=\"Julien\" \/>\n\t<meta name=\"twitter:label2\" content=\"Dur\u00e9e de lecture est.\" \/>\n\t<meta name=\"twitter:data2\" content=\"3 minutes\" \/>\n<script type=\"application\/ld+json\" class=\"yoast-schema-graph\">{\"@context\":\"https:\/\/schema.org\",\"@graph\":[{\"@type\":\"Article\",\"@id\":\"https:\/\/vieassociative.be\/actualites\/je-ne-ferai-plus-jamais-de-renovation-sans-un-pistolet-a-calfeutrer-electrique\/#article\",\"isPartOf\":{\"@id\":\"https:\/\/vieassociative.be\/actualites\/je-ne-ferai-plus-jamais-de-renovation-sans-un-pistolet-a-calfeutrer-electrique\/\"},\"author\":{\"name\":\"Julien\",\"@id\":\"https:\/\/vieassociative.be\/actualites\/#\/schema\/person\/b87ac4f82f9d4e7b7cec7395b679edc4\"},\"headline\":\"Je ne ferai plus jamais de r\u00e9novation sans un pistolet \u00e0 calfeutrer \u00e9lectrique\",\"datePublished\":\"2025-11-23T18:17:44+00:00\",\"dateModified\":\"2025-11-23T18:17:44+00:00\",\"mainEntityOfPage\":{\"@id\":\"https:\/\/vieassociative.be\/actualites\/je-ne-ferai-plus-jamais-de-renovation-sans-un-pistolet-a-calfeutrer-electrique\/\"},\"wordCount\":661,\"publisher\":{\"@id\":\"https:\/\/vieassociative.be\/actualites\/#organization\"},\"image\":{\"@id\":\"https:\/\/vieassociative.be\/actualites\/je-ne-ferai-plus-jamais-de-renovation-sans-un-pistolet-a-calfeutrer-electrique\/#primaryimage\"},\"thumbnailUrl\":\"https:\/\/vieassociative.be\/actualites\/wp-content\/uploads\/2025\/11\/Je-ne-ferai-plus-jamais-de-renovation-sans-un-pistolet.png\",\"keywords\":[\"calfeutrer\",\"\u00e9lectrique\",\"ferai\",\"jamais\",\"pistolet\",\"r\u00e9novation\",\"sans\"],\"articleSection\":[\"Maison\"],\"inLanguage\":\"fr-BE\"},{\"@type\":\"WebPage\",\"@id\":\"https:\/\/vieassociative.be\/actualites\/je-ne-ferai-plus-jamais-de-renovation-sans-un-pistolet-a-calfeutrer-electrique\/\",\"url\":\"https:\/\/vieassociative.be\/actualites\/je-ne-ferai-plus-jamais-de-renovation-sans-un-pistolet-a-calfeutrer-electrique\/\",\"name\":\"Je ne ferai plus jamais de r\u00e9novation sans un pistolet \u00e0 calfeutrer \u00e9lectrique | Vie Associative\",\"isPartOf\":{\"@id\":\"https:\/\/vieassociative.be\/actualites\/#website\"},\"primaryImageOfPage\":{\"@id\":\"https:\/\/vieassociative.be\/actualites\/je-ne-ferai-plus-jamais-de-renovation-sans-un-pistolet-a-calfeutrer-electrique\/#primaryimage\"},\"image\":{\"@id\":\"https:\/\/vieassociative.be\/actualites\/je-ne-ferai-plus-jamais-de-renovation-sans-un-pistolet-a-calfeutrer-electrique\/#primaryimage\"},\"thumbnailUrl\":\"https:\/\/vieassociative.be\/actualites\/wp-content\/uploads\/2025\/11\/Je-ne-ferai-plus-jamais-de-renovation-sans-un-pistolet.png\",\"datePublished\":\"2025-11-23T18:17:44+00:00\",\"dateModified\":\"2025-11-23T18:17:44+00:00\",\"breadcrumb\":{\"@id\":\"https:\/\/vieassociative.be\/actualites\/je-ne-ferai-plus-jamais-de-renovation-sans-un-pistolet-a-calfeutrer-electrique\/#breadcrumb\"},\"inLanguage\":\"fr-BE\",\"potentialAction\":[{\"@type\":\"ReadAction\",\"target\":[\"https:\/\/vieassociative.be\/actualites\/je-ne-ferai-plus-jamais-de-renovation-sans-un-pistolet-a-calfeutrer-electrique\/\"]}]},{\"@type\":\"ImageObject\",\"inLanguage\":\"fr-BE\",\"@id\":\"https:\/\/vieassociative.be\/actualites\/je-ne-ferai-plus-jamais-de-renovation-sans-un-pistolet-a-calfeutrer-electrique\/#primaryimage\",\"url\":\"https:\/\/vieassociative.be\/actualites\/wp-content\/uploads\/2025\/11\/Je-ne-ferai-plus-jamais-de-renovation-sans-un-pistolet.png\",\"contentUrl\":\"https:\/\/vieassociative.be\/actualites\/wp-content\/uploads\/2025\/11\/Je-ne-ferai-plus-jamais-de-renovation-sans-un-pistolet.png\",\"width\":1200,\"height\":675,\"caption\":\"Je ne ferai plus jamais de r\u00e9novation sans un pistolet \u00e0 calfeutrer \u00e9lectrique\"},{\"@type\":\"BreadcrumbList\",\"@id\":\"https:\/\/vieassociative.be\/actualites\/je-ne-ferai-plus-jamais-de-renovation-sans-un-pistolet-a-calfeutrer-electrique\/#breadcrumb\",\"itemListElement\":[{\"@type\":\"ListItem\",\"position\":1,\"name\":\"Accueil\",\"item\":\"https:\/\/vieassociative.be\/actualites\/\"},{\"@type\":\"ListItem\",\"position\":2,\"name\":\"Je ne ferai plus jamais de r\u00e9novation sans un pistolet \u00e0 calfeutrer \u00e9lectrique\"}]},{\"@type\":\"WebSite\",\"@id\":\"https:\/\/vieassociative.be\/actualites\/#website\",\"url\":\"https:\/\/vieassociative.be\/actualites\/\",\"name\":\"Vie Associative\",\"description\":\"\",\"publisher\":{\"@id\":\"https:\/\/vieassociative.be\/actualites\/#organization\"},\"potentialAction\":[{\"@type\":\"SearchAction\",\"target\":{\"@type\":\"EntryPoint\",\"urlTemplate\":\"https:\/\/vieassociative.be\/actualites\/?s={search_term_string}\"},\"query-input\":{\"@type\":\"PropertyValueSpecification\",\"valueRequired\":true,\"valueName\":\"search_term_string\"}}],\"inLanguage\":\"fr-BE\"},{\"@type\":\"Organization\",\"@id\":\"https:\/\/vieassociative.be\/actualites\/#organization\",\"name\":\"Vie Associative\",\"url\":\"https:\/\/vieassociative.be\/actualites\/\",\"logo\":{\"@type\":\"ImageObject\",\"inLanguage\":\"fr-BE\",\"@id\":\"https:\/\/vieassociative.be\/actualites\/#\/schema\/logo\/image\/\",\"url\":\"https:\/\/vieassociative.be\/actualites\/wp-content\/uploads\/2024\/09\/cropped-vieassociative_favicon.ico.png\",\"contentUrl\":\"https:\/\/vieassociative.be\/actualites\/wp-content\/uploads\/2024\/09\/cropped-vieassociative_favicon.ico.png\",\"width\":512,\"height\":512,\"caption\":\"Vie Associative\"},\"image\":{\"@id\":\"https:\/\/vieassociative.be\/actualites\/#\/schema\/logo\/image\/\"}},{\"@type\":\"Person\",\"@id\":\"https:\/\/vieassociative.be\/actualites\/#\/schema\/person\/b87ac4f82f9d4e7b7cec7395b679edc4\",\"name\":\"Julien\",\"image\":{\"@type\":\"ImageObject\",\"inLanguage\":\"fr-BE\",\"@id\":\"https:\/\/vieassociative.be\/actualites\/#\/schema\/person\/image\/\",\"url\":\"https:\/\/vieassociative.be\/actualites\/wp-content\/uploads\/2024\/09\/vie-associative-1-150x150.jpg\",\"contentUrl\":\"https:\/\/vieassociative.be\/actualites\/wp-content\/uploads\/2024\/09\/vie-associative-1-150x150.jpg\",\"caption\":\"Julien\"},\"description\":\"Je suis Julien, r\u00e9dacteur pour Vie Associative. Passionn\u00e9 par le monde associatif depuis plus de 10 ans, j'ai \u00e0 c\u0153ur de partager des histoires inspirantes et de mettre en lumi\u00e8re les initiatives locales. Mon objectif est de sensibiliser et d'encourager l'engagement communautaire \u00e0 travers mes articles.\",\"sameAs\":[\"https:\/\/vieassociative.be\/\"]}]}<\/script>\n<!-- \/ Yoast SEO plugin. -->","yoast_head_json":{"title":"Je ne ferai plus jamais de r\u00e9novation sans un pistolet \u00e0 calfeutrer \u00e9lectrique | Vie Associative","robots":{"index":"index","follow":"follow","max-snippet":"max-snippet:-1","max-image-preview":"max-image-preview:large","max-video-preview":"max-video-preview:-1"},"canonical":"https:\/\/vieassociative.be\/actualites\/je-ne-ferai-plus-jamais-de-renovation-sans-un-pistolet-a-calfeutrer-electrique\/","og_locale":"fr_FR","og_type":"article","og_title":"Je ne ferai plus jamais de r\u00e9novation sans un pistolet \u00e0 calfeutrer \u00e9lectrique | Vie Associative","og_description":"Si vous trouvez le calfeutrage aussi frustrant et fatiguant que moi, le moment est venu d\u2019investir dans de l\u2019\u00e9nergie. Jusqu&rsquo;\u00e0 pr\u00e9sent, j&rsquo;ai r\u00e9alis\u00e9 trois r\u00e9novations","og_url":"https:\/\/vieassociative.be\/actualites\/je-ne-ferai-plus-jamais-de-renovation-sans-un-pistolet-a-calfeutrer-electrique\/","og_site_name":"Vie Associative","article_published_time":"2025-11-23T18:17:44+00:00","og_image":[{"url":"https:\/\/vieassociative.be\/actualites\/wp-content\/uploads\/2025\/11\/Je-ne-ferai-plus-jamais-de-renovation-sans-un-pistolet.jpg","type":"","width":"","height":""}],"author":"Julien","twitter_card":"summary_large_image","twitter_misc":{"\u00c9crit par":"Julien","Dur\u00e9e de lecture est.":"3 minutes"},"schema":{"@context":"https:\/\/schema.org","@graph":[{"@type":"Article","@id":"https:\/\/vieassociative.be\/actualites\/je-ne-ferai-plus-jamais-de-renovation-sans-un-pistolet-a-calfeutrer-electrique\/#article","isPartOf":{"@id":"https:\/\/vieassociative.be\/actualites\/je-ne-ferai-plus-jamais-de-renovation-sans-un-pistolet-a-calfeutrer-electrique\/"},"author":{"name":"Julien","@id":"https:\/\/vieassociative.be\/actualites\/#\/schema\/person\/b87ac4f82f9d4e7b7cec7395b679edc4"},"headline":"Je ne ferai plus jamais de r\u00e9novation sans un pistolet \u00e0 calfeutrer \u00e9lectrique","datePublished":"2025-11-23T18:17:44+00:00","dateModified":"2025-11-23T18:17:44+00:00","mainEntityOfPage":{"@id":"https:\/\/vieassociative.be\/actualites\/je-ne-ferai-plus-jamais-de-renovation-sans-un-pistolet-a-calfeutrer-electrique\/"},"wordCount":661,"publisher":{"@id":"https:\/\/vieassociative.be\/actualites\/#organization"},"image":{"@id":"https:\/\/vieassociative.be\/actualites\/je-ne-ferai-plus-jamais-de-renovation-sans-un-pistolet-a-calfeutrer-electrique\/#primaryimage"},"thumbnailUrl":"https:\/\/vieassociative.be\/actualites\/wp-content\/uploads\/2025\/11\/Je-ne-ferai-plus-jamais-de-renovation-sans-un-pistolet.png","keywords":["calfeutrer","\u00e9lectrique","ferai","jamais","pistolet","r\u00e9novation","sans"],"articleSection":["Maison"],"inLanguage":"fr-BE"},{"@type":"WebPage","@id":"https:\/\/vieassociative.be\/actualites\/je-ne-ferai-plus-jamais-de-renovation-sans-un-pistolet-a-calfeutrer-electrique\/","url":"https:\/\/vieassociative.be\/actualites\/je-ne-ferai-plus-jamais-de-renovation-sans-un-pistolet-a-calfeutrer-electrique\/","name":"Je ne ferai plus jamais de r\u00e9novation sans un pistolet \u00e0 calfeutrer \u00e9lectrique | Vie Associative","isPartOf":{"@id":"https:\/\/vieassociative.be\/actualites\/#website"},"primaryImageOfPage":{"@id":"https:\/\/vieassociative.be\/actualites\/je-ne-ferai-plus-jamais-de-renovation-sans-un-pistolet-a-calfeutrer-electrique\/#primaryimage"},"image":{"@id":"https:\/\/vieassociative.be\/actualites\/je-ne-ferai-plus-jamais-de-renovation-sans-un-pistolet-a-calfeutrer-electrique\/#primaryimage"},"thumbnailUrl":"https:\/\/vieassociative.be\/actualites\/wp-content\/uploads\/2025\/11\/Je-ne-ferai-plus-jamais-de-renovation-sans-un-pistolet.png","datePublished":"2025-11-23T18:17:44+00:00","dateModified":"2025-11-23T18:17:44+00:00","breadcrumb":{"@id":"https:\/\/vieassociative.be\/actualites\/je-ne-ferai-plus-jamais-de-renovation-sans-un-pistolet-a-calfeutrer-electrique\/#breadcrumb"},"inLanguage":"fr-BE","potentialAction":[{"@type":"ReadAction","target":["https:\/\/vieassociative.be\/actualites\/je-ne-ferai-plus-jamais-de-renovation-sans-un-pistolet-a-calfeutrer-electrique\/"]}]},{"@type":"ImageObject","inLanguage":"fr-BE","@id":"https:\/\/vieassociative.be\/actualites\/je-ne-ferai-plus-jamais-de-renovation-sans-un-pistolet-a-calfeutrer-electrique\/#primaryimage","url":"https:\/\/vieassociative.be\/actualites\/wp-content\/uploads\/2025\/11\/Je-ne-ferai-plus-jamais-de-renovation-sans-un-pistolet.png","contentUrl":"https:\/\/vieassociative.be\/actualites\/wp-content\/uploads\/2025\/11\/Je-ne-ferai-plus-jamais-de-renovation-sans-un-pistolet.png","width":1200,"height":675,"caption":"Je ne ferai plus jamais de r\u00e9novation sans un pistolet \u00e0 calfeutrer \u00e9lectrique"},{"@type":"BreadcrumbList","@id":"https:\/\/vieassociative.be\/actualites\/je-ne-ferai-plus-jamais-de-renovation-sans-un-pistolet-a-calfeutrer-electrique\/#breadcrumb","itemListElement":[{"@type":"ListItem","position":1,"name":"Accueil","item":"https:\/\/vieassociative.be\/actualites\/"},{"@type":"ListItem","position":2,"name":"Je ne ferai plus jamais de r\u00e9novation sans un pistolet \u00e0 calfeutrer \u00e9lectrique"}]},{"@type":"WebSite","@id":"https:\/\/vieassociative.be\/actualites\/#website","url":"https:\/\/vieassociative.be\/actualites\/","name":"Vie Associative","description":"","publisher":{"@id":"https:\/\/vieassociative.be\/actualites\/#organization"},"potentialAction":[{"@type":"SearchAction","target":{"@type":"EntryPoint","urlTemplate":"https:\/\/vieassociative.be\/actualites\/?s={search_term_string}"},"query-input":{"@type":"PropertyValueSpecification","valueRequired":true,"valueName":"search_term_string"}}],"inLanguage":"fr-BE"},{"@type":"Organization","@id":"https:\/\/vieassociative.be\/actualites\/#organization","name":"Vie Associative","url":"https:\/\/vieassociative.be\/actualites\/","logo":{"@type":"ImageObject","inLanguage":"fr-BE","@id":"https:\/\/vieassociative.be\/actualites\/#\/schema\/logo\/image\/","url":"https:\/\/vieassociative.be\/actualites\/wp-content\/uploads\/2024\/09\/cropped-vieassociative_favicon.ico.png","contentUrl":"https:\/\/vieassociative.be\/actualites\/wp-content\/uploads\/2024\/09\/cropped-vieassociative_favicon.ico.png","width":512,"height":512,"caption":"Vie Associative"},"image":{"@id":"https:\/\/vieassociative.be\/actualites\/#\/schema\/logo\/image\/"}},{"@type":"Person","@id":"https:\/\/vieassociative.be\/actualites\/#\/schema\/person\/b87ac4f82f9d4e7b7cec7395b679edc4","name":"Julien","image":{"@type":"ImageObject","inLanguage":"fr-BE","@id":"https:\/\/vieassociative.be\/actualites\/#\/schema\/person\/image\/","url":"https:\/\/vieassociative.be\/actualites\/wp-content\/uploads\/2024\/09\/vie-associative-1-150x150.jpg","contentUrl":"https:\/\/vieassociative.be\/actualites\/wp-content\/uploads\/2024\/09\/vie-associative-1-150x150.jpg","caption":"Julien"},"description":"Je suis Julien, r\u00e9dacteur pour Vie Associative. Passionn\u00e9 par le monde associatif depuis plus de 10 ans, j'ai \u00e0 c\u0153ur de partager des histoires inspirantes et de mettre en lumi\u00e8re les initiatives locales. Mon objectif est de sensibiliser et d'encourager l'engagement communautaire \u00e0 travers mes articles.","sameAs":["https:\/\/vieassociative.be\/"]}]}},"_links":{"self":[{"href":"https:\/\/vieassociative.be\/actualites\/wp-json\/wp\/v2\/posts\/11499"}],"collection":[{"href":"https:\/\/vieassociative.be\/actualites\/wp-json\/wp\/v2\/posts"}],"about":[{"href":"https:\/\/vieassociative.be\/actualites\/wp-json\/wp\/v2\/types\/post"}],"author":[{"embeddable":true,"href":"https:\/\/vieassociative.be\/actualites\/wp-json\/wp\/v2\/users\/1"}],"replies":[{"embeddable":true,"href":"https:\/\/vieassociative.be\/actualites\/wp-json\/wp\/v2\/comments?post=11499"}],"version-history":[{"count":0,"href":"https:\/\/vieassociative.be\/actualites\/wp-json\/wp\/v2\/posts\/11499\/revisions"}],"wp:featuredmedia":[{"embeddable":true,"href":"https:\/\/vieassociative.be\/actualites\/wp-json\/wp\/v2\/media\/11500"}],"wp:attachment":[{"href":"https:\/\/vieassociative.be\/actualites\/wp-json\/wp\/v2\/media?parent=11499"}],"wp:term":[{"taxonomy":"category","embeddable":true,"href":"https:\/\/vieassociative.be\/actualites\/wp-json\/wp\/v2\/categories?post=11499"},{"taxonomy":"post_tag","embeddable":true,"href":"https:\/\/vieassociative.be\/actualites\/wp-json\/wp\/v2\/tags?post=11499"}],"curies":[{"name":"wp","href":"https:\/\/api.w.org\/{rel}","templated":true}]}}