{"id":11495,"date":"2025-11-23T15:17:06","date_gmt":"2025-11-23T14:17:06","guid":{"rendered":"https:\/\/vieassociative.be\/actualites\/de-la-litterature-dans-une-ambiance-decontractee-et-conviviale-photos-de-la-rue-side-deupen-galerie-photo\/"},"modified":"2025-11-23T15:17:06","modified_gmt":"2025-11-23T14:17:06","slug":"de-la-litterature-dans-une-ambiance-decontractee-et-conviviale-photos-de-la-rue-side-deupen-galerie-photo","status":"publish","type":"post","link":"https:\/\/vieassociative.be\/actualites\/de-la-litterature-dans-une-ambiance-decontractee-et-conviviale-photos-de-la-rue-side-deupen-galerie-photo\/","title":{"rendered":"De la litt\u00e9rature dans une ambiance d\u00e9contract\u00e9e et conviviale \u2013 photos de la \u00ab rue SIDE \u00bb d\u2019Eupen (galerie photo)"},"content":{"rendered":"<p><strong>Samedi soir, le centre-ville d&rsquo;Eupen \u00e9tait \u00e0 nouveau domin\u00e9 par la litt\u00e9rature. Lors de l&rsquo;\u00e9dition de cette ann\u00e9e de \u00ab\u00a0SEITENstra\u00dfe &#8211; Lire derri\u00e8re le comptoir\u00a0\u00bb, une trentaine de magasins et lieux publics ont \u00e9t\u00e9 transform\u00e9s en sc\u00e8nes de lecture improvis\u00e9es (voir GALERIE DE PHOTOS ci-dessous).<\/strong><\/p>\n<p><span id=\"more-430259\"><\/span>Les visiteurs ont parcouru les rues d&rsquo;Eupen pour d\u00e9couvrir la litt\u00e9rature aux formats courts et pointus dans des lieux insolites.<\/p>\n<p>Douze auteurs ont pr\u00e9sent\u00e9 des \u0153uvres nouvelles ou actuelles, accompagn\u00e9s d&rsquo;un total de 24 lecteurs et groupes de lecture qui ont pr\u00e9sent\u00e9 un large \u00e9ventail de textes : du crime r\u00e9el aux r\u00e9cits de voyage et \u00e0 la satire en passant par la po\u00e9sie, les instantan\u00e9s autobiographiques et les essais socialement critiques.<\/p>\n<p>Les lectures, d&rsquo;une dur\u00e9e de 15 \u00e0 40 minutes chacune, avaient lieu toutes les heures et invitaient le public \u00e0 un voyage litt\u00e9raire \u00e0 la d\u00e9couverte d&rsquo;Eupen.<\/p>\n<p><img decoding=\"async\" class=\"alignleft wp-image-430302 size-medium\" src=\"https:\/\/vieassociative.be\/actualites\/wp-content\/uploads\/2025\/11\/De-la-litterature-dans-une-ambiance-decontractee-et-conviviale-\u2013.jpg\" alt=\"\" width=\"300\" height=\"125\"  >Les jeunes amateurs de litt\u00e9rature en ont \u00e9galement eu pour leur argent : un programme sp\u00e9cial \u00ab Kids Special \u00bb proposait aux enfants de trois \u00e0 douze ans des histoires interactives et des lectures de contes de f\u00e9es.<\/p>\n<p>Le centre des m\u00e9dias avait d\u00e9j\u00e0 am\u00e9nag\u00e9 \u00e0 l&rsquo;avance un \u00ab coin de navigation \u00bb o\u00f9 les personnes int\u00e9ress\u00e9es pouvaient avoir un premier aper\u00e7u des textes, des extraits audio et des images du 10 novembre.<\/p>\n<p>Comme d&rsquo;habitude, l&rsquo;entr\u00e9e \u00e9tait gratuite ; Cependant, des bo\u00eetes \u00e0 dons \u00e9taient disponibles dans de nombreux endroits pour soutenir l&rsquo;\u00e9v\u00e9nement gr\u00e2ce \u00e0 des contributions volontaires.<\/p>\n<p>D\u00e8s 21 heures, l&rsquo;\u00e9v\u00e9nement s&rsquo;est termin\u00e9 dans une ambiance conviviale au bistro de l&rsquo;Ancien Abattoir, o\u00f9 invit\u00e9s et participants ont \u00e9chang\u00e9 leurs impressions autour d&rsquo;une soupe et d&rsquo;un verre.<\/p>\n<p><em><strong>Vous trouverez ci-dessous une GALERIE DE PHOTOS avec des photos du photographe Patrick von Staufenberg de l&rsquo;\u00e9v\u00e9nement \u00ab SEITENstra\u00dfe \u2013 Lecture derri\u00e8re le comptoir \u00bb le samedi 22 novembre 2025 (cliquez sur l&rsquo;image pour l&rsquo;agrandir) :<\/strong><\/em><\/p>\n<div class=\"wp-gallery row\">\n<figure class=\"column small-6 medium-3 end\"><img decoding=\"async\" src=\"https:\/\/vieassociative.be\/actualites\/wp-content\/uploads\/2025\/11\/1763907424_741_De-la-litterature-dans-une-ambiance-decontractee-et-conviviale-\u2013.jpg\" width=\"159\" height=\"159\" alt=\"\"><\/figure>\n<figure class=\"column small-6 medium-3 end\"><img decoding=\"async\" src=\"https:\/\/vieassociative.be\/actualites\/wp-content\/uploads\/2025\/11\/1763907424_116_De-la-litterature-dans-une-ambiance-decontractee-et-conviviale-\u2013.jpg\" width=\"159\" height=\"159\" alt=\"\"><\/figure>\n<figure class=\"column small-6 medium-3 end\"><img loading=\"lazy\" decoding=\"async\" src=\"https:\/\/vieassociative.be\/actualites\/wp-content\/uploads\/2025\/11\/1763907424_731_De-la-litterature-dans-une-ambiance-decontractee-et-conviviale-\u2013.jpg\" width=\"159\" height=\"159\" alt=\"\"><\/figure>\n<figure class=\"column small-6 medium-3 end\"><img loading=\"lazy\" decoding=\"async\" src=\"https:\/\/vieassociative.be\/actualites\/wp-content\/uploads\/2025\/11\/1763907424_797_De-la-litterature-dans-une-ambiance-decontractee-et-conviviale-\u2013.jpg\" width=\"159\" height=\"159\" alt=\"\"><\/figure>\n<figure class=\"column small-6 medium-3 end\"><img loading=\"lazy\" decoding=\"async\" src=\"https:\/\/vieassociative.be\/actualites\/wp-content\/uploads\/2025\/11\/1763907424_102_De-la-litterature-dans-une-ambiance-decontractee-et-conviviale-\u2013.jpg\" width=\"159\" height=\"159\" alt=\"\"><\/figure>\n<figure class=\"column small-6 medium-3 end\"><img loading=\"lazy\" decoding=\"async\" src=\"https:\/\/vieassociative.be\/actualites\/wp-content\/uploads\/2025\/11\/1763907424_29_De-la-litterature-dans-une-ambiance-decontractee-et-conviviale-\u2013.jpg\" width=\"159\" height=\"159\" alt=\"\"><\/figure>\n<figure class=\"column small-6 medium-3 end\"><img loading=\"lazy\" decoding=\"async\" src=\"https:\/\/vieassociative.be\/actualites\/wp-content\/uploads\/2025\/11\/1763907424_972_De-la-litterature-dans-une-ambiance-decontractee-et-conviviale-\u2013.jpg\" width=\"159\" height=\"159\" alt=\"\"><\/figure>\n<figure class=\"column small-6 medium-3 end\"><img loading=\"lazy\" decoding=\"async\" src=\"https:\/\/vieassociative.be\/actualites\/wp-content\/uploads\/2025\/11\/1763907424_65_De-la-litterature-dans-une-ambiance-decontractee-et-conviviale-\u2013.jpg\" width=\"159\" height=\"159\" alt=\"\"><\/figure>\n<figure class=\"column small-6 medium-3 end\"><img loading=\"lazy\" decoding=\"async\" src=\"https:\/\/vieassociative.be\/actualites\/wp-content\/uploads\/2025\/11\/1763907424_727_De-la-litterature-dans-une-ambiance-decontractee-et-conviviale-\u2013.jpg\" width=\"159\" height=\"159\" alt=\"\"><\/figure>\n<figure class=\"column small-6 medium-3 end\"><img loading=\"lazy\" decoding=\"async\" src=\"https:\/\/vieassociative.be\/actualites\/wp-content\/uploads\/2025\/11\/1763907424_758_De-la-litterature-dans-une-ambiance-decontractee-et-conviviale-\u2013.jpg\" width=\"159\" height=\"159\" alt=\"\"><\/figure>\n<figure class=\"column small-6 medium-3 end\"><img loading=\"lazy\" decoding=\"async\" src=\"https:\/\/vieassociative.be\/actualites\/wp-content\/uploads\/2025\/11\/1763907424_79_De-la-litterature-dans-une-ambiance-decontractee-et-conviviale-\u2013.jpg\" width=\"159\" height=\"159\" alt=\"\"><\/figure>\n<figure class=\"column small-6 medium-3 end\"><img loading=\"lazy\" decoding=\"async\" src=\"https:\/\/vieassociative.be\/actualites\/wp-content\/uploads\/2025\/11\/1763907424_46_De-la-litterature-dans-une-ambiance-decontractee-et-conviviale-\u2013.jpg\" width=\"159\" height=\"159\" alt=\"\"><\/figure>\n<figure class=\"column small-6 medium-3 end\"><img loading=\"lazy\" decoding=\"async\" src=\"https:\/\/vieassociative.be\/actualites\/wp-content\/uploads\/2025\/11\/1763907424_547_De-la-litterature-dans-une-ambiance-decontractee-et-conviviale-\u2013.jpg\" width=\"159\" height=\"159\" alt=\"\"><\/figure>\n<figure class=\"column small-6 medium-3 end\"><img loading=\"lazy\" decoding=\"async\" src=\"https:\/\/vieassociative.be\/actualites\/wp-content\/uploads\/2025\/11\/1763907424_463_De-la-litterature-dans-une-ambiance-decontractee-et-conviviale-\u2013.jpg\" width=\"159\" height=\"159\" alt=\"\"><\/figure>\n<figure class=\"column small-6 medium-3 end\"><img loading=\"lazy\" decoding=\"async\" src=\"https:\/\/vieassociative.be\/actualites\/wp-content\/uploads\/2025\/11\/1763907425_898_De-la-litterature-dans-une-ambiance-decontractee-et-conviviale-\u2013.jpg\" width=\"159\" height=\"159\" alt=\"\"><\/figure>\n<figure class=\"column small-6 medium-3 end\"><img loading=\"lazy\" decoding=\"async\" src=\"https:\/\/vieassociative.be\/actualites\/wp-content\/uploads\/2025\/11\/1763907425_501_De-la-litterature-dans-une-ambiance-decontractee-et-conviviale-\u2013.jpg\" width=\"159\" height=\"159\" alt=\"\"><\/figure>\n<figure class=\"column small-6 medium-3 end\"><img loading=\"lazy\" decoding=\"async\" src=\"https:\/\/vieassociative.be\/actualites\/wp-content\/uploads\/2025\/11\/1763907425_791_De-la-litterature-dans-une-ambiance-decontractee-et-conviviale-\u2013.jpg\" width=\"159\" height=\"159\" alt=\"\"><\/figure>\n<figure class=\"column small-6 medium-3 end\"><img loading=\"lazy\" decoding=\"async\" src=\"https:\/\/vieassociative.be\/actualites\/wp-content\/uploads\/2025\/11\/1763907425_322_De-la-litterature-dans-une-ambiance-decontractee-et-conviviale-\u2013.jpg\" width=\"159\" height=\"159\" alt=\"\"><\/figure>\n<figure class=\"column small-6 medium-3 end\"><img loading=\"lazy\" decoding=\"async\" src=\"https:\/\/vieassociative.be\/actualites\/wp-content\/uploads\/2025\/11\/1763907425_828_De-la-litterature-dans-une-ambiance-decontractee-et-conviviale-\u2013.jpg\" width=\"159\" height=\"159\" alt=\"\"><\/figure>\n<figure class=\"column small-6 medium-3 end\"><img loading=\"lazy\" decoding=\"async\" src=\"https:\/\/vieassociative.be\/actualites\/wp-content\/uploads\/2025\/11\/1763907425_605_De-la-litterature-dans-une-ambiance-decontractee-et-conviviale-\u2013.jpg\" width=\"159\" height=\"159\" alt=\"\"><\/figure>\n<figure class=\"column small-6 medium-3 end\"><img loading=\"lazy\" decoding=\"async\" src=\"https:\/\/vieassociative.be\/actualites\/wp-content\/uploads\/2025\/11\/1763907425_280_De-la-litterature-dans-une-ambiance-decontractee-et-conviviale-\u2013.jpg\" width=\"159\" height=\"159\" alt=\"\"><\/figure>\n<figure class=\"column small-6 medium-3 end\"><img loading=\"lazy\" decoding=\"async\" src=\"https:\/\/vieassociative.be\/actualites\/wp-content\/uploads\/2025\/11\/1763907425_127_De-la-litterature-dans-une-ambiance-decontractee-et-conviviale-\u2013.jpg\" width=\"159\" height=\"159\" alt=\"\"><\/figure>\n<figure class=\"column small-6 medium-3 end\"><img loading=\"lazy\" decoding=\"async\" src=\"https:\/\/vieassociative.be\/actualites\/wp-content\/uploads\/2025\/11\/1763907425_756_De-la-litterature-dans-une-ambiance-decontractee-et-conviviale-\u2013.jpg\" width=\"159\" height=\"159\" alt=\"\"><\/figure>\n<figure class=\"column small-6 medium-3 end\"><img loading=\"lazy\" decoding=\"async\" src=\"https:\/\/vieassociative.be\/actualites\/wp-content\/uploads\/2025\/11\/1763907425_741_De-la-litterature-dans-une-ambiance-decontractee-et-conviviale-\u2013.jpg\" width=\"159\" height=\"159\" alt=\"\"><\/figure>\n<figure class=\"column small-6 medium-3 end\"><img loading=\"lazy\" decoding=\"async\" src=\"https:\/\/vieassociative.be\/actualites\/wp-content\/uploads\/2025\/11\/1763907425_426_De-la-litterature-dans-une-ambiance-decontractee-et-conviviale-\u2013.jpg\" width=\"159\" height=\"159\" alt=\"\"><\/figure>\n<figure class=\"column small-6 medium-3 end\"><img loading=\"lazy\" decoding=\"async\" src=\"https:\/\/vieassociative.be\/actualites\/wp-content\/uploads\/2025\/11\/1763907425_213_De-la-litterature-dans-une-ambiance-decontractee-et-conviviale-\u2013.jpg\" width=\"159\" height=\"159\" alt=\"\"><\/figure>\n<figure class=\"column small-6 medium-3 end\"><img loading=\"lazy\" decoding=\"async\" src=\"https:\/\/vieassociative.be\/actualites\/wp-content\/uploads\/2025\/11\/1763907425_350_De-la-litterature-dans-une-ambiance-decontractee-et-conviviale-\u2013.jpg\" width=\"159\" height=\"159\" alt=\"\"><\/figure>\n<figure class=\"column small-6 medium-3 end\"><img loading=\"lazy\" decoding=\"async\" src=\"https:\/\/vieassociative.be\/actualites\/wp-content\/uploads\/2025\/11\/1763907425_820_De-la-litterature-dans-une-ambiance-decontractee-et-conviviale-\u2013.jpg\" width=\"159\" height=\"159\" alt=\"\"><\/figure>\n<figure class=\"column small-6 medium-3 end\"><img loading=\"lazy\" decoding=\"async\" src=\"https:\/\/vieassociative.be\/actualites\/wp-content\/uploads\/2025\/11\/1763907425_509_De-la-litterature-dans-une-ambiance-decontractee-et-conviviale-\u2013.jpg\" width=\"159\" height=\"159\" alt=\"\"><\/figure>\n<figure class=\"column small-6 medium-3 end\"><img loading=\"lazy\" decoding=\"async\" src=\"https:\/\/vieassociative.be\/actualites\/wp-content\/uploads\/2025\/11\/1763907425_394_De-la-litterature-dans-une-ambiance-decontractee-et-conviviale-\u2013.jpg\" width=\"159\" height=\"159\" alt=\"\"><\/figure>\n<figure class=\"column small-6 medium-3 end\"><img loading=\"lazy\" decoding=\"async\" src=\"https:\/\/vieassociative.be\/actualites\/wp-content\/uploads\/2025\/11\/1763907425_838_De-la-litterature-dans-une-ambiance-decontractee-et-conviviale-\u2013.jpg\" width=\"159\" height=\"159\" alt=\"\"><\/figure>\n<figure class=\"column small-6 medium-3 end\"><img loading=\"lazy\" decoding=\"async\" src=\"https:\/\/vieassociative.be\/actualites\/wp-content\/uploads\/2025\/11\/1763907425_387_De-la-litterature-dans-une-ambiance-decontractee-et-conviviale-\u2013.jpg\" width=\"159\" height=\"159\" alt=\"\"><\/figure>\n<figure class=\"column small-6 medium-3 end\"><img loading=\"lazy\" decoding=\"async\" src=\"https:\/\/vieassociative.be\/actualites\/wp-content\/uploads\/2025\/11\/1763907425_379_De-la-litterature-dans-une-ambiance-decontractee-et-conviviale-\u2013.jpg\" width=\"159\" height=\"159\" alt=\"\"><\/figure>\n<figure class=\"column small-6 medium-3 end\"><img loading=\"lazy\" decoding=\"async\" src=\"https:\/\/vieassociative.be\/actualites\/wp-content\/uploads\/2025\/11\/1763907426_517_De-la-litterature-dans-une-ambiance-decontractee-et-conviviale-\u2013.jpg\" width=\"159\" height=\"159\" alt=\"\"><\/figure>\n<figure class=\"column small-6 medium-3 end\"><img loading=\"lazy\" decoding=\"async\" src=\"https:\/\/vieassociative.be\/actualites\/wp-content\/uploads\/2025\/11\/1763907426_330_De-la-litterature-dans-une-ambiance-decontractee-et-conviviale-\u2013.jpg\" width=\"159\" height=\"159\" alt=\"\"><\/figure>\n<figure class=\"column small-6 medium-3 end\"><img loading=\"lazy\" decoding=\"async\" src=\"https:\/\/vieassociative.be\/actualites\/wp-content\/uploads\/2025\/11\/1763907426_188_De-la-litterature-dans-une-ambiance-decontractee-et-conviviale-\u2013.jpg\" width=\"159\" height=\"159\" alt=\"\"><\/figure>\n<figure class=\"column small-6 medium-3 end\"><img loading=\"lazy\" decoding=\"async\" src=\"https:\/\/vieassociative.be\/actualites\/wp-content\/uploads\/2025\/11\/1763907426_466_De-la-litterature-dans-une-ambiance-decontractee-et-conviviale-\u2013.jpg\" width=\"159\" height=\"159\" alt=\"\"><\/figure>\n<figure class=\"column small-6 medium-3 end\"><img loading=\"lazy\" decoding=\"async\" src=\"https:\/\/vieassociative.be\/actualites\/wp-content\/uploads\/2025\/11\/1763907426_594_De-la-litterature-dans-une-ambiance-decontractee-et-conviviale-\u2013.jpg\" width=\"159\" height=\"159\" alt=\"\"><\/figure>\n<figure class=\"column small-6 medium-3 end\"><img loading=\"lazy\" decoding=\"async\" src=\"https:\/\/vieassociative.be\/actualites\/wp-content\/uploads\/2025\/11\/1763907426_308_De-la-litterature-dans-une-ambiance-decontractee-et-conviviale-\u2013.jpg\" width=\"159\" height=\"159\" alt=\"\"><\/figure>\n<figure class=\"column small-6 medium-3 end\"><img loading=\"lazy\" decoding=\"async\" src=\"https:\/\/vieassociative.be\/actualites\/wp-content\/uploads\/2025\/11\/1763907426_430_De-la-litterature-dans-une-ambiance-decontractee-et-conviviale-\u2013.jpg\" width=\"159\" height=\"159\" alt=\"\"><\/figure>\n<figure class=\"column small-6 medium-3 end\"><img loading=\"lazy\" decoding=\"async\" src=\"https:\/\/vieassociative.be\/actualites\/wp-content\/uploads\/2025\/11\/1763907426_737_De-la-litterature-dans-une-ambiance-decontractee-et-conviviale-\u2013.jpg\" width=\"159\" height=\"159\" alt=\"\"><\/figure>\n<figure class=\"column small-6 medium-3 end\"><img loading=\"lazy\" decoding=\"async\" src=\"https:\/\/vieassociative.be\/actualites\/wp-content\/uploads\/2025\/11\/1763907426_522_De-la-litterature-dans-une-ambiance-decontractee-et-conviviale-\u2013.jpg\" width=\"159\" height=\"159\" alt=\"\"><\/figure>\n<figure class=\"column small-6 medium-3 end\"><img loading=\"lazy\" decoding=\"async\" src=\"https:\/\/vieassociative.be\/actualites\/wp-content\/uploads\/2025\/11\/1763907426_489_De-la-litterature-dans-une-ambiance-decontractee-et-conviviale-\u2013.jpg\" width=\"159\" height=\"159\" alt=\"\"><\/figure>\n<figure class=\"column small-6 medium-3 end\"><img loading=\"lazy\" decoding=\"async\" src=\"https:\/\/vieassociative.be\/actualites\/wp-content\/uploads\/2025\/11\/1763907426_754_De-la-litterature-dans-une-ambiance-decontractee-et-conviviale-\u2013.jpg\" width=\"159\" height=\"159\" alt=\"\"><\/figure>\n<\/div>\n","protected":false},"excerpt":{"rendered":"<p>Samedi soir, le centre-ville d&rsquo;Eupen \u00e9tait \u00e0 nouveau domin\u00e9 par la litt\u00e9rature. Lors de l&rsquo;\u00e9dition de cette ann\u00e9e de \u00ab\u00a0SEITENstra\u00dfe &#8211; Lire derri\u00e8re le comptoir\u00a0\u00bb,<\/p>\n","protected":false},"author":1,"featured_media":11496,"comment_status":"","ping_status":"","sticky":false,"template":"","format":"standard","meta":{"footnotes":""},"categories":[298],"tags":[5653,3467,166,328,2403,3257,3465,2013,283,599,9333,110],"class_list":["post-11495","post","type-post","status-publish","format-standard","has-post-thumbnail","hentry","category-belgique","tag-ambiance","tag-conviviale","tag-dans","tag-decontractee","tag-deupen","tag-galerie","tag-litterature","tag-photo","tag-photos","tag-rue","tag-side","tag-une","generate-columns","tablet-grid-50","mobile-grid-100","grid-parent","grid-33"],"yoast_head":"<!-- This site is optimized with the Yoast SEO plugin v24.0 - https:\/\/yoast.com\/wordpress\/plugins\/seo\/ -->\n<title>De la litt\u00e9rature dans une ambiance d\u00e9contract\u00e9e et conviviale \u2013 photos de la \u00ab rue SIDE \u00bb d\u2019Eupen (galerie photo) | Vie Associative<\/title>\n<meta name=\"robots\" content=\"index, follow, max-snippet:-1, max-image-preview:large, max-video-preview:-1\" \/>\n<link rel=\"canonical\" href=\"https:\/\/vieassociative.be\/actualites\/de-la-litterature-dans-une-ambiance-decontractee-et-conviviale-photos-de-la-rue-side-deupen-galerie-photo\/\" \/>\n<meta property=\"og:locale\" content=\"fr_FR\" \/>\n<meta property=\"og:type\" content=\"article\" \/>\n<meta property=\"og:title\" content=\"De la litt\u00e9rature dans une ambiance d\u00e9contract\u00e9e et conviviale \u2013 photos de la \u00ab rue SIDE \u00bb d\u2019Eupen (galerie photo) | Vie Associative\" \/>\n<meta property=\"og:description\" content=\"Samedi soir, le centre-ville d&rsquo;Eupen \u00e9tait \u00e0 nouveau domin\u00e9 par la litt\u00e9rature. Lors de l&rsquo;\u00e9dition de cette ann\u00e9e de \u00ab\u00a0SEITENstra\u00dfe &#8211; Lire derri\u00e8re le comptoir\u00a0\u00bb,\" \/>\n<meta property=\"og:url\" content=\"https:\/\/vieassociative.be\/actualites\/de-la-litterature-dans-une-ambiance-decontractee-et-conviviale-photos-de-la-rue-side-deupen-galerie-photo\/\" \/>\n<meta property=\"og:site_name\" content=\"Vie Associative\" \/>\n<meta property=\"article:published_time\" content=\"2025-11-23T14:17:06+00:00\" \/>\n<meta property=\"og:image\" content=\"https:\/\/vieassociative.be\/actualites\/wp-content\/uploads\/2024\/09\/header_backgroundk-01-e1726694325946.png\" \/>\n\t<meta property=\"og:image:width\" content=\"279\" \/>\n\t<meta property=\"og:image:height\" content=\"92\" \/>\n\t<meta property=\"og:image:type\" content=\"image\/png\" \/>\n<meta name=\"author\" content=\"Julien\" \/>\n<meta name=\"twitter:card\" content=\"summary_large_image\" \/>\n<meta name=\"twitter:label1\" content=\"\u00c9crit par\" \/>\n\t<meta name=\"twitter:data1\" content=\"Julien\" \/>\n\t<meta name=\"twitter:label2\" content=\"Dur\u00e9e de lecture est.\" \/>\n\t<meta name=\"twitter:data2\" content=\"2 minutes\" \/>\n<script type=\"application\/ld+json\" class=\"yoast-schema-graph\">{\"@context\":\"https:\/\/schema.org\",\"@graph\":[{\"@type\":\"Article\",\"@id\":\"https:\/\/vieassociative.be\/actualites\/de-la-litterature-dans-une-ambiance-decontractee-et-conviviale-photos-de-la-rue-side-deupen-galerie-photo\/#article\",\"isPartOf\":{\"@id\":\"https:\/\/vieassociative.be\/actualites\/de-la-litterature-dans-une-ambiance-decontractee-et-conviviale-photos-de-la-rue-side-deupen-galerie-photo\/\"},\"author\":{\"name\":\"Julien\",\"@id\":\"https:\/\/vieassociative.be\/actualites\/#\/schema\/person\/b87ac4f82f9d4e7b7cec7395b679edc4\"},\"headline\":\"De la litt\u00e9rature dans une ambiance d\u00e9contract\u00e9e et conviviale \u2013 photos de la \u00ab rue SIDE \u00bb d\u2019Eupen (galerie photo)\",\"datePublished\":\"2025-11-23T14:17:06+00:00\",\"dateModified\":\"2025-11-23T14:17:06+00:00\",\"mainEntityOfPage\":{\"@id\":\"https:\/\/vieassociative.be\/actualites\/de-la-litterature-dans-une-ambiance-decontractee-et-conviviale-photos-de-la-rue-side-deupen-galerie-photo\/\"},\"wordCount\":357,\"publisher\":{\"@id\":\"https:\/\/vieassociative.be\/actualites\/#organization\"},\"image\":{\"@id\":\"https:\/\/vieassociative.be\/actualites\/de-la-litterature-dans-une-ambiance-decontractee-et-conviviale-photos-de-la-rue-side-deupen-galerie-photo\/#primaryimage\"},\"thumbnailUrl\":\"https:\/\/vieassociative.be\/actualites\/wp-content\/uploads\/2025\/11\/1763907432_De-la-litterature-dans-une-ambiance-decontractee-et-conviviale-\u2013.jpg\",\"keywords\":[\"ambiance\",\"conviviale\",\"dans\",\"d\u00e9contract\u00e9e\",\"dEupen\",\"galerie\",\"litt\u00e9rature\",\"photo\",\"Photos\",\"rue\",\"SIDE\",\"une\"],\"articleSection\":[\"Belgique\"],\"inLanguage\":\"fr-BE\"},{\"@type\":\"WebPage\",\"@id\":\"https:\/\/vieassociative.be\/actualites\/de-la-litterature-dans-une-ambiance-decontractee-et-conviviale-photos-de-la-rue-side-deupen-galerie-photo\/\",\"url\":\"https:\/\/vieassociative.be\/actualites\/de-la-litterature-dans-une-ambiance-decontractee-et-conviviale-photos-de-la-rue-side-deupen-galerie-photo\/\",\"name\":\"De la litt\u00e9rature dans une ambiance d\u00e9contract\u00e9e et conviviale \u2013 photos de la \u00ab rue SIDE \u00bb d\u2019Eupen (galerie photo) | Vie Associative\",\"isPartOf\":{\"@id\":\"https:\/\/vieassociative.be\/actualites\/#website\"},\"primaryImageOfPage\":{\"@id\":\"https:\/\/vieassociative.be\/actualites\/de-la-litterature-dans-une-ambiance-decontractee-et-conviviale-photos-de-la-rue-side-deupen-galerie-photo\/#primaryimage\"},\"image\":{\"@id\":\"https:\/\/vieassociative.be\/actualites\/de-la-litterature-dans-une-ambiance-decontractee-et-conviviale-photos-de-la-rue-side-deupen-galerie-photo\/#primaryimage\"},\"thumbnailUrl\":\"https:\/\/vieassociative.be\/actualites\/wp-content\/uploads\/2025\/11\/1763907432_De-la-litterature-dans-une-ambiance-decontractee-et-conviviale-\u2013.jpg\",\"datePublished\":\"2025-11-23T14:17:06+00:00\",\"dateModified\":\"2025-11-23T14:17:06+00:00\",\"breadcrumb\":{\"@id\":\"https:\/\/vieassociative.be\/actualites\/de-la-litterature-dans-une-ambiance-decontractee-et-conviviale-photos-de-la-rue-side-deupen-galerie-photo\/#breadcrumb\"},\"inLanguage\":\"fr-BE\",\"potentialAction\":[{\"@type\":\"ReadAction\",\"target\":[\"https:\/\/vieassociative.be\/actualites\/de-la-litterature-dans-une-ambiance-decontractee-et-conviviale-photos-de-la-rue-side-deupen-galerie-photo\/\"]}]},{\"@type\":\"ImageObject\",\"inLanguage\":\"fr-BE\",\"@id\":\"https:\/\/vieassociative.be\/actualites\/de-la-litterature-dans-une-ambiance-decontractee-et-conviviale-photos-de-la-rue-side-deupen-galerie-photo\/#primaryimage\",\"url\":\"https:\/\/vieassociative.be\/actualites\/wp-content\/uploads\/2025\/11\/1763907432_De-la-litterature-dans-une-ambiance-decontractee-et-conviviale-\u2013.jpg\",\"contentUrl\":\"https:\/\/vieassociative.be\/actualites\/wp-content\/uploads\/2025\/11\/1763907432_De-la-litterature-dans-une-ambiance-decontractee-et-conviviale-\u2013.jpg\",\"width\":1200,\"height\":800,\"caption\":\"De la litt\u00e9rature dans une ambiance d\u00e9contract\u00e9e et conviviale \u2013 photos de la \u00ab rue SIDE \u00bb d\u2019Eupen (galerie photo)\"},{\"@type\":\"BreadcrumbList\",\"@id\":\"https:\/\/vieassociative.be\/actualites\/de-la-litterature-dans-une-ambiance-decontractee-et-conviviale-photos-de-la-rue-side-deupen-galerie-photo\/#breadcrumb\",\"itemListElement\":[{\"@type\":\"ListItem\",\"position\":1,\"name\":\"Accueil\",\"item\":\"https:\/\/vieassociative.be\/actualites\/\"},{\"@type\":\"ListItem\",\"position\":2,\"name\":\"De la litt\u00e9rature dans une ambiance d\u00e9contract\u00e9e et conviviale \u2013 photos de la \u00ab rue SIDE \u00bb d\u2019Eupen (galerie photo)\"}]},{\"@type\":\"WebSite\",\"@id\":\"https:\/\/vieassociative.be\/actualites\/#website\",\"url\":\"https:\/\/vieassociative.be\/actualites\/\",\"name\":\"Vie Associative\",\"description\":\"\",\"publisher\":{\"@id\":\"https:\/\/vieassociative.be\/actualites\/#organization\"},\"potentialAction\":[{\"@type\":\"SearchAction\",\"target\":{\"@type\":\"EntryPoint\",\"urlTemplate\":\"https:\/\/vieassociative.be\/actualites\/?s={search_term_string}\"},\"query-input\":{\"@type\":\"PropertyValueSpecification\",\"valueRequired\":true,\"valueName\":\"search_term_string\"}}],\"inLanguage\":\"fr-BE\"},{\"@type\":\"Organization\",\"@id\":\"https:\/\/vieassociative.be\/actualites\/#organization\",\"name\":\"Vie Associative\",\"url\":\"https:\/\/vieassociative.be\/actualites\/\",\"logo\":{\"@type\":\"ImageObject\",\"inLanguage\":\"fr-BE\",\"@id\":\"https:\/\/vieassociative.be\/actualites\/#\/schema\/logo\/image\/\",\"url\":\"https:\/\/vieassociative.be\/actualites\/wp-content\/uploads\/2024\/09\/cropped-vieassociative_favicon.ico.png\",\"contentUrl\":\"https:\/\/vieassociative.be\/actualites\/wp-content\/uploads\/2024\/09\/cropped-vieassociative_favicon.ico.png\",\"width\":512,\"height\":512,\"caption\":\"Vie Associative\"},\"image\":{\"@id\":\"https:\/\/vieassociative.be\/actualites\/#\/schema\/logo\/image\/\"}},{\"@type\":\"Person\",\"@id\":\"https:\/\/vieassociative.be\/actualites\/#\/schema\/person\/b87ac4f82f9d4e7b7cec7395b679edc4\",\"name\":\"Julien\",\"image\":{\"@type\":\"ImageObject\",\"inLanguage\":\"fr-BE\",\"@id\":\"https:\/\/vieassociative.be\/actualites\/#\/schema\/person\/image\/\",\"url\":\"https:\/\/vieassociative.be\/actualites\/wp-content\/uploads\/2024\/09\/vie-associative-1-150x150.jpg\",\"contentUrl\":\"https:\/\/vieassociative.be\/actualites\/wp-content\/uploads\/2024\/09\/vie-associative-1-150x150.jpg\",\"caption\":\"Julien\"},\"description\":\"Je suis Julien, r\u00e9dacteur pour Vie Associative. Passionn\u00e9 par le monde associatif depuis plus de 10 ans, j'ai \u00e0 c\u0153ur de partager des histoires inspirantes et de mettre en lumi\u00e8re les initiatives locales. Mon objectif est de sensibiliser et d'encourager l'engagement communautaire \u00e0 travers mes articles.\",\"sameAs\":[\"https:\/\/vieassociative.be\/\"]}]}<\/script>\n<!-- \/ Yoast SEO plugin. -->","yoast_head_json":{"title":"De la litt\u00e9rature dans une ambiance d\u00e9contract\u00e9e et conviviale \u2013 photos de la \u00ab rue SIDE \u00bb d\u2019Eupen (galerie photo) | Vie Associative","robots":{"index":"index","follow":"follow","max-snippet":"max-snippet:-1","max-image-preview":"max-image-preview:large","max-video-preview":"max-video-preview:-1"},"canonical":"https:\/\/vieassociative.be\/actualites\/de-la-litterature-dans-une-ambiance-decontractee-et-conviviale-photos-de-la-rue-side-deupen-galerie-photo\/","og_locale":"fr_FR","og_type":"article","og_title":"De la litt\u00e9rature dans une ambiance d\u00e9contract\u00e9e et conviviale \u2013 photos de la \u00ab rue SIDE \u00bb d\u2019Eupen (galerie photo) | Vie Associative","og_description":"Samedi soir, le centre-ville d&rsquo;Eupen \u00e9tait \u00e0 nouveau domin\u00e9 par la litt\u00e9rature. Lors de l&rsquo;\u00e9dition de cette ann\u00e9e de \u00ab\u00a0SEITENstra\u00dfe &#8211; Lire derri\u00e8re le comptoir\u00a0\u00bb,","og_url":"https:\/\/vieassociative.be\/actualites\/de-la-litterature-dans-une-ambiance-decontractee-et-conviviale-photos-de-la-rue-side-deupen-galerie-photo\/","og_site_name":"Vie Associative","article_published_time":"2025-11-23T14:17:06+00:00","og_image":[{"width":279,"height":92,"url":"https:\/\/vieassociative.be\/actualites\/wp-content\/uploads\/2024\/09\/header_backgroundk-01-e1726694325946.png","type":"image\/png"}],"author":"Julien","twitter_card":"summary_large_image","twitter_misc":{"\u00c9crit par":"Julien","Dur\u00e9e de lecture est.":"2 minutes"},"schema":{"@context":"https:\/\/schema.org","@graph":[{"@type":"Article","@id":"https:\/\/vieassociative.be\/actualites\/de-la-litterature-dans-une-ambiance-decontractee-et-conviviale-photos-de-la-rue-side-deupen-galerie-photo\/#article","isPartOf":{"@id":"https:\/\/vieassociative.be\/actualites\/de-la-litterature-dans-une-ambiance-decontractee-et-conviviale-photos-de-la-rue-side-deupen-galerie-photo\/"},"author":{"name":"Julien","@id":"https:\/\/vieassociative.be\/actualites\/#\/schema\/person\/b87ac4f82f9d4e7b7cec7395b679edc4"},"headline":"De la litt\u00e9rature dans une ambiance d\u00e9contract\u00e9e et conviviale \u2013 photos de la \u00ab rue SIDE \u00bb d\u2019Eupen (galerie photo)","datePublished":"2025-11-23T14:17:06+00:00","dateModified":"2025-11-23T14:17:06+00:00","mainEntityOfPage":{"@id":"https:\/\/vieassociative.be\/actualites\/de-la-litterature-dans-une-ambiance-decontractee-et-conviviale-photos-de-la-rue-side-deupen-galerie-photo\/"},"wordCount":357,"publisher":{"@id":"https:\/\/vieassociative.be\/actualites\/#organization"},"image":{"@id":"https:\/\/vieassociative.be\/actualites\/de-la-litterature-dans-une-ambiance-decontractee-et-conviviale-photos-de-la-rue-side-deupen-galerie-photo\/#primaryimage"},"thumbnailUrl":"https:\/\/vieassociative.be\/actualites\/wp-content\/uploads\/2025\/11\/1763907432_De-la-litterature-dans-une-ambiance-decontractee-et-conviviale-\u2013.jpg","keywords":["ambiance","conviviale","dans","d\u00e9contract\u00e9e","dEupen","galerie","litt\u00e9rature","photo","Photos","rue","SIDE","une"],"articleSection":["Belgique"],"inLanguage":"fr-BE"},{"@type":"WebPage","@id":"https:\/\/vieassociative.be\/actualites\/de-la-litterature-dans-une-ambiance-decontractee-et-conviviale-photos-de-la-rue-side-deupen-galerie-photo\/","url":"https:\/\/vieassociative.be\/actualites\/de-la-litterature-dans-une-ambiance-decontractee-et-conviviale-photos-de-la-rue-side-deupen-galerie-photo\/","name":"De la litt\u00e9rature dans une ambiance d\u00e9contract\u00e9e et conviviale \u2013 photos de la \u00ab rue SIDE \u00bb d\u2019Eupen (galerie photo) | Vie Associative","isPartOf":{"@id":"https:\/\/vieassociative.be\/actualites\/#website"},"primaryImageOfPage":{"@id":"https:\/\/vieassociative.be\/actualites\/de-la-litterature-dans-une-ambiance-decontractee-et-conviviale-photos-de-la-rue-side-deupen-galerie-photo\/#primaryimage"},"image":{"@id":"https:\/\/vieassociative.be\/actualites\/de-la-litterature-dans-une-ambiance-decontractee-et-conviviale-photos-de-la-rue-side-deupen-galerie-photo\/#primaryimage"},"thumbnailUrl":"https:\/\/vieassociative.be\/actualites\/wp-content\/uploads\/2025\/11\/1763907432_De-la-litterature-dans-une-ambiance-decontractee-et-conviviale-\u2013.jpg","datePublished":"2025-11-23T14:17:06+00:00","dateModified":"2025-11-23T14:17:06+00:00","breadcrumb":{"@id":"https:\/\/vieassociative.be\/actualites\/de-la-litterature-dans-une-ambiance-decontractee-et-conviviale-photos-de-la-rue-side-deupen-galerie-photo\/#breadcrumb"},"inLanguage":"fr-BE","potentialAction":[{"@type":"ReadAction","target":["https:\/\/vieassociative.be\/actualites\/de-la-litterature-dans-une-ambiance-decontractee-et-conviviale-photos-de-la-rue-side-deupen-galerie-photo\/"]}]},{"@type":"ImageObject","inLanguage":"fr-BE","@id":"https:\/\/vieassociative.be\/actualites\/de-la-litterature-dans-une-ambiance-decontractee-et-conviviale-photos-de-la-rue-side-deupen-galerie-photo\/#primaryimage","url":"https:\/\/vieassociative.be\/actualites\/wp-content\/uploads\/2025\/11\/1763907432_De-la-litterature-dans-une-ambiance-decontractee-et-conviviale-\u2013.jpg","contentUrl":"https:\/\/vieassociative.be\/actualites\/wp-content\/uploads\/2025\/11\/1763907432_De-la-litterature-dans-une-ambiance-decontractee-et-conviviale-\u2013.jpg","width":1200,"height":800,"caption":"De la litt\u00e9rature dans une ambiance d\u00e9contract\u00e9e et conviviale \u2013 photos de la \u00ab rue SIDE \u00bb d\u2019Eupen (galerie photo)"},{"@type":"BreadcrumbList","@id":"https:\/\/vieassociative.be\/actualites\/de-la-litterature-dans-une-ambiance-decontractee-et-conviviale-photos-de-la-rue-side-deupen-galerie-photo\/#breadcrumb","itemListElement":[{"@type":"ListItem","position":1,"name":"Accueil","item":"https:\/\/vieassociative.be\/actualites\/"},{"@type":"ListItem","position":2,"name":"De la litt\u00e9rature dans une ambiance d\u00e9contract\u00e9e et conviviale \u2013 photos de la \u00ab rue SIDE \u00bb d\u2019Eupen (galerie photo)"}]},{"@type":"WebSite","@id":"https:\/\/vieassociative.be\/actualites\/#website","url":"https:\/\/vieassociative.be\/actualites\/","name":"Vie Associative","description":"","publisher":{"@id":"https:\/\/vieassociative.be\/actualites\/#organization"},"potentialAction":[{"@type":"SearchAction","target":{"@type":"EntryPoint","urlTemplate":"https:\/\/vieassociative.be\/actualites\/?s={search_term_string}"},"query-input":{"@type":"PropertyValueSpecification","valueRequired":true,"valueName":"search_term_string"}}],"inLanguage":"fr-BE"},{"@type":"Organization","@id":"https:\/\/vieassociative.be\/actualites\/#organization","name":"Vie Associative","url":"https:\/\/vieassociative.be\/actualites\/","logo":{"@type":"ImageObject","inLanguage":"fr-BE","@id":"https:\/\/vieassociative.be\/actualites\/#\/schema\/logo\/image\/","url":"https:\/\/vieassociative.be\/actualites\/wp-content\/uploads\/2024\/09\/cropped-vieassociative_favicon.ico.png","contentUrl":"https:\/\/vieassociative.be\/actualites\/wp-content\/uploads\/2024\/09\/cropped-vieassociative_favicon.ico.png","width":512,"height":512,"caption":"Vie Associative"},"image":{"@id":"https:\/\/vieassociative.be\/actualites\/#\/schema\/logo\/image\/"}},{"@type":"Person","@id":"https:\/\/vieassociative.be\/actualites\/#\/schema\/person\/b87ac4f82f9d4e7b7cec7395b679edc4","name":"Julien","image":{"@type":"ImageObject","inLanguage":"fr-BE","@id":"https:\/\/vieassociative.be\/actualites\/#\/schema\/person\/image\/","url":"https:\/\/vieassociative.be\/actualites\/wp-content\/uploads\/2024\/09\/vie-associative-1-150x150.jpg","contentUrl":"https:\/\/vieassociative.be\/actualites\/wp-content\/uploads\/2024\/09\/vie-associative-1-150x150.jpg","caption":"Julien"},"description":"Je suis Julien, r\u00e9dacteur pour Vie Associative. Passionn\u00e9 par le monde associatif depuis plus de 10 ans, j'ai \u00e0 c\u0153ur de partager des histoires inspirantes et de mettre en lumi\u00e8re les initiatives locales. Mon objectif est de sensibiliser et d'encourager l'engagement communautaire \u00e0 travers mes articles.","sameAs":["https:\/\/vieassociative.be\/"]}]}},"_links":{"self":[{"href":"https:\/\/vieassociative.be\/actualites\/wp-json\/wp\/v2\/posts\/11495"}],"collection":[{"href":"https:\/\/vieassociative.be\/actualites\/wp-json\/wp\/v2\/posts"}],"about":[{"href":"https:\/\/vieassociative.be\/actualites\/wp-json\/wp\/v2\/types\/post"}],"author":[{"embeddable":true,"href":"https:\/\/vieassociative.be\/actualites\/wp-json\/wp\/v2\/users\/1"}],"replies":[{"embeddable":true,"href":"https:\/\/vieassociative.be\/actualites\/wp-json\/wp\/v2\/comments?post=11495"}],"version-history":[{"count":0,"href":"https:\/\/vieassociative.be\/actualites\/wp-json\/wp\/v2\/posts\/11495\/revisions"}],"wp:featuredmedia":[{"embeddable":true,"href":"https:\/\/vieassociative.be\/actualites\/wp-json\/wp\/v2\/media\/11496"}],"wp:attachment":[{"href":"https:\/\/vieassociative.be\/actualites\/wp-json\/wp\/v2\/media?parent=11495"}],"wp:term":[{"taxonomy":"category","embeddable":true,"href":"https:\/\/vieassociative.be\/actualites\/wp-json\/wp\/v2\/categories?post=11495"},{"taxonomy":"post_tag","embeddable":true,"href":"https:\/\/vieassociative.be\/actualites\/wp-json\/wp\/v2\/tags?post=11495"}],"curies":[{"name":"wp","href":"https:\/\/api.w.org\/{rel}","templated":true}]}}