{"id":11493,"date":"2025-11-23T14:17:07","date_gmt":"2025-11-23T13:17:07","guid":{"rendered":"https:\/\/vieassociative.be\/actualites\/mon-combo-chauffage-ventilateur-prefere-beneficie-dune-reduction-de-150-avant-le-black-friday\/"},"modified":"2025-11-23T14:17:07","modified_gmt":"2025-11-23T13:17:07","slug":"mon-combo-chauffage-ventilateur-prefere-beneficie-dune-reduction-de-150-avant-le-black-friday","status":"publish","type":"post","link":"https:\/\/vieassociative.be\/actualites\/mon-combo-chauffage-ventilateur-prefere-beneficie-dune-reduction-de-150-avant-le-black-friday\/","title":{"rendered":"Mon combo chauffage\/ventilateur pr\u00e9f\u00e9r\u00e9 b\u00e9n\u00e9ficie d&rsquo;une r\u00e9duction de 150 $ avant le Black Friday"},"content":{"rendered":"<div class=\"mt-4 leading-6 md:mb-8\">Enfin une solution de temp\u00e9rature innovante pour les petits espaces.<\/div>\n<p><\/p>\n<p><em>Les ventes du Black Friday commencent officiellement le vendredi 28 novembre et se poursuivent jusqu&rsquo;au Cyber \u200b\u200bMonday, le 1er d\u00e9cembre, et Vie Associative partage les meilleures ventes bas\u00e9es sur des critiques de produits, des comparaisons et des outils de suivi des prix avant leur fin. <\/em><\/p>\n<ul>\n<li>\n<p><em>Suivez notre blog en direct<\/em><em>  pour rester au courant des meilleures ventes que nous trouvons.<\/em><\/p>\n<\/li>\n<li>\n<p><em>Parcourez les choix de nos r\u00e9dacteurs<\/em><em>  pour une liste organis\u00e9e de nos ventes pr\u00e9f\u00e9r\u00e9es sur les ordinateurs portables, les technologies de fitness, les appareils \u00e9lectrom\u00e9nagers et plus encore.<\/em><\/p>\n<\/li>\n<li>\n<p><em>Abonnez-vous \u00e0 notre newsletter shopping<\/em><em>Ajoutez au panier, pour les meilleures ventes envoy\u00e9es dans votre bo\u00eete de r\u00e9ception.<\/em><\/p>\n<\/li>\n<li>\n<p><em>Les ventes sont exactes au moment de la publication, mais les prix et les stocks sont toujours sujets \u00e0 changement. <\/em><\/p>\n<\/li>\n<\/ul>\n<hr>\n<p>En ce qui concerne ma fa\u00e7on de vivre, il y a quelques faits de base : je vis dans un petit appartement et j&rsquo;y \u00ab travaille \u00bb constamment. Parfois, cela implique une refonte compl\u00e8te de mon syst\u00e8me organisationnel. D\u2019autres fois, je suis submerg\u00e9 par l\u2019envie soudaine de tapisser la cuisine. Je suis constamment en train de d\u00e9corer, nettoyer, r\u00e9organiser et g\u00e9n\u00e9ralement am\u00e9liorer. Derni\u00e8rement, cela a impliqu\u00e9 de nombreuses mises \u00e0 niveau technologiques et mat\u00e9rielles pour rendre mon environnement meilleur et plus fonctionnel, pas seulement agr\u00e9able \u00e0 regarder. <\/p>\n<p>L&rsquo;une des meilleures choses sur lesquelles j&rsquo;ai mis la main est le Shark TurboBlade Cool + Heat, qui est \u00e0 la fois un radiateur et un ventilateur. Je suis pointilleux sur les deux car j&rsquo;ai toujours envie d&rsquo;avoir plus chaud et j&rsquo;ai besoin d&rsquo;un radiateur, mais j&rsquo;aime aussi le bruit d&rsquo;un ventilateur la nuit pour m&rsquo;endormir (alors que je suis \u00e0 l&rsquo;abri de l&rsquo;air frais sous ma couverture). Avoir les deux en un a \u00e9t\u00e9 g\u00e9nial et, maintenant que l&rsquo;appareil est \u00e0 150 $ de r\u00e9duction avant le Black Friday, vous devriez \u00e9galement envisager d&rsquo;en acheter un. <\/p>\n<div class=\"pogoClear mb-12 mt-10 rounded-md border-2 border-gray-100 py-7 shadow-xl md:py-6\">\n<div class=\"flex flex-wrap justify-between px-7 text-black no-underline md:flex-nowrap md:px-8\">\n<div class=\"order-1 mx-auto flex flex-col justify-center md:order-2 md:ml-4 md:w-full md:grow\">\n<div class=\"block cursor-pointer text-center font-akshar text-2xl font-medium leading-7 text-brand-green duration-200 ease-in-out hover:text-brand-green-700 md:text-left md:text-xl md:leading-6\">Shark TurboBlade Cool + Chaleur\n                <\/div>\n<div class=\"mt-4 hidden md:flex md:justify-between\">\n<div class=\"self-end\">\n<div class=\"mb-0 h-11 md:flex md:flex-col md:justify-center\">\n<div class=\" font-sans leading-4 text-black\">\n<div class=\"flex flex-wrap items-center justify-center gap-1 md:justify-start\">\n        <span class=\"font-bold\"><\/p>\n<p>            249,99\u00a0$<br \/>\n                            <span class=\"font-medium\">chez Amazon<\/span><br \/>\n                    <\/span>\n            <\/div>\n<div class=\"flex items-center justify-center gap-x-1 font-bold md:justify-start\">\n            <span class=\"text-sm line-through\">399,99\u00a0$<\/span><br \/>\n            <span class=\"text-sm text-brand-green\">\u00c9conomisez 150,00\u00a0$<\/span>\n        <\/div>\n<\/p><\/div>\n<\/p><\/div>\n<\/p><\/div>\n<div class=\"w-44 self-end\">\n                            <button class=\"flex justify-center items-center w-full bg-brand-green text-white text-base font-sans font-medium rounded-md hover:bg-brand-green-700 hover:cursor-pointer md:text-sm h-11\"><\/p>\n<p>    Obtenez une offre<br \/>\n<\/button>\n                        <\/div>\n<\/p><\/div>\n<\/p><\/div>\n<div class=\"order-2 mt-5 h-auto w-full md:order-1 md:mt-0 md:hidden\">\n<div class=\"flex aspect-video items-center justify-center\">\n                                            <img decoding=\"async\" class=\"m-0 max-h-full max-w-full rounded-md\" src=\"https:\/\/vieassociative.be\/actualites\/wp-content\/uploads\/2025\/11\/Mon-combo-chauffageventilateur-prefere-beneficie-dune-reduction-de-150.jpg\" alt=\"Shark TurboBlade Cool + Heat - Ventilateur tour personnalisable 2 en 1 + chauffage pour une utilisation toute l'ann\u00e9e, sans lame, oscille jusqu'\u00e0 180\u00b0, refroidissement puissant + chauffage rapide de la pi\u00e8ce, t\u00e9l\u00e9commande, charbon de bois, TH202\" width=\"auto\" height=\"auto\" loading=\"lazy\">\n                                    <\/div>\n<\/p><\/div>\n<div class=\"order-2 ml-2 hidden w-32 shrink-0 items-center md:order-1 md:ml-0 md:flex\">\n<div class=\"flex aspect-video items-center justify-center\">\n                                            <img decoding=\"async\" class=\"m-0 max-h-full max-w-full rounded-md\" src=\"https:\/\/vieassociative.be\/actualites\/wp-content\/uploads\/2025\/11\/Mon-combo-chauffageventilateur-prefere-beneficie-dune-reduction-de-150.jpg\" alt=\"Shark TurboBlade Cool + Heat - Ventilateur tour personnalisable 2 en 1 + chauffage pour une utilisation toute l'ann\u00e9e, sans lame, oscille jusqu'\u00e0 180\u00b0, refroidissement puissant + chauffage rapide de la pi\u00e8ce, t\u00e9l\u00e9commande, charbon de bois, TH202\" width=\"auto\" height=\"auto\" loading=\"lazy\">\n                                    <\/div>\n<\/p><\/div>\n<div class=\"order-3 flex grow flex-wrap md:hidden md:grow-0\">\n<div class=\"mt-4 w-full\">\n                        <button class=\"flex justify-center items-center w-full bg-brand-green text-white text-base font-sans font-medium rounded-md hover:bg-brand-green-700 hover:cursor-pointer md:text-sm h-11\"><\/p>\n<p>    Obtenez une offre<br \/>\n<\/button>\n                    <\/div>\n<div class=\"mx-2 mt-4 w-full\">\n<div class=\" font-sans leading-4 text-black\">\n<div class=\"flex flex-wrap items-center justify-center gap-1 md:justify-start\">\n        <span class=\"font-bold\"><\/p>\n<p>            249,99\u00a0$<br \/>\n                            <span class=\"font-medium\">chez Amazon<\/span><br \/>\n                    <\/span>\n            <\/div>\n<div class=\"flex items-center justify-center gap-x-1 font-bold md:justify-start\">\n            <span class=\"text-sm line-through\">399,99\u00a0$<\/span><br \/>\n            <span class=\"text-sm text-brand-green\">\u00c9conomisez 150,00\u00a0$<\/span>\n        <\/div>\n<\/p><\/div>\n<\/p><\/div>\n<\/p><\/div>\n<\/p><\/div>\n<\/div>\n<h2 id=\"the-shark-turboblade-deal\">L\u2019offre Shark TurboBlade<\/h2>\n<p>Tout d\u2019abord, je veux toujours \u00eatre franc lorsqu\u2019une entreprise me donne quelque chose afin de pouvoir l\u2019examiner. C&rsquo;est ce qui s&rsquo;est pass\u00e9 ici. Cependant, je n&rsquo;\u00e9cris pas une bonne critique si quelque chose pue, alors me voil\u00e0 en train de dire que cette chose est extr\u00eamement utile. <\/p>\n<p>En r\u00e8gle g\u00e9n\u00e9rale, le TurboBlade Cool + Heat co\u00fbte 400 $. C&rsquo;est beaucoup, m\u00eame si cela a un sens \u00e9conomique si vous ne voulez pas d\u00e9penser beaucoup d&rsquo;argent s\u00e9par\u00e9ment pour un bon ventilateur et un bon radiateur. Cela a \u00e9galement du sens pour quelqu&rsquo;un comme moi qui vit dans un petit appartement. C&rsquo;est frustrant de devoir stocker deux gros appareils alors que je ne peux en avoir qu&rsquo;un. Pourtant, la r\u00e9duction, qui porte ce montant \u00e0 250 $ pour les vacances de shopping, est tr\u00e8s appr\u00e9ci\u00e9e. <\/p>\n<h2 id=\"the-fan\">Le ventilateur<\/h2>\n<p>Le TurboBlade Cool + Heat est sans lame et d\u2019apparence moderne, ce que j\u2019aime bien. C&rsquo;est aussi puissant. Vous pouvez l&rsquo;ajuster jusqu&rsquo;\u00e0 10 niveaux de soufflage d&rsquo;air, de sorte que vous puissiez obtenir juste une touche ou une temp\u00eate de vent enti\u00e8re. J&rsquo;opte pour une temp\u00eate de vent de niveau 10 parce que je suis particuli\u00e8rement int\u00e9ress\u00e9 par le bruit blanc \u00e0 l&rsquo;heure du coucher, mais elle est livr\u00e9e avec une petite t\u00e9l\u00e9commande pratique, donc si elle devient trop forte ou trop a\u00e9r\u00e9e, je n&rsquo;ai pas besoin de me lever pour l&rsquo;ajuster. L\u2019option de chauffage, facile \u00e0 activer, dispose de trois modes. Il y a un filtre en bas qui semble facile \u00e0 nettoyer, mais je n&rsquo;ai pas encore eu \u00e0 le faire. <\/p>\n<div class=\"eloquent-imagery-image\">\n<div class=\"flex justify-center\">\n                    <img decoding=\"async\" class=\"border border-gray-100\" src=\"https:\/\/vieassociative.be\/actualites\/wp-content\/uploads\/2025\/11\/Mon-combo-chauffageventilateur-prefere-beneficie-dune-reduction-de-150.png\" alt=\"Requin TurboBlade\" width=\"2000\" height=\"1126\" loading=\"lazy\"  >\n            <\/div>\n<\/p><\/div>\n<p>Vous pouvez faire pivoter les bouches d\u2019a\u00e9ration horizontalement ou verticalement, et elles peuvent \u00e9galement s\u2019incliner et osciller de mani\u00e8re autonome. Si vous devez payer quelques centaines de dollars pour quelque chose, cela devrait faire quelques astuces sympas, et c&rsquo;est le cas. Vous pouvez \u00e9galement att\u00e9nuer le panneau de commande, ce que je fais parce que j&rsquo;aime dormir dans l&rsquo;obscurit\u00e9 totale. <\/p>\n<p>Quelques sp\u00e9cifications techniques : il a 1\u00a0400 watts, sa capacit\u00e9 de d\u00e9bit d\u2019air est de 1\u00a0180 pieds cubes par minute et sa vitesse maximale est de 10 tr\/min. Il a une tension de 120 et p\u00e8se un peu plus de 21 livres. Je suis une personne simple, donc je ne fais attention \u00e0 aucune de ces choses <em>sauf<\/em> le poids. Il n&rsquo;est pas livr\u00e9 assembl\u00e9, alors je l&rsquo;ai b\u00eatement assembl\u00e9 au milieu de mon entr\u00e9e (ce qui \u00e9tait parfaitement facile \u00e0 faire et m&rsquo;a pris peut-\u00eatre cinq minutes), puis j&rsquo;ai d\u00fb le transporter, assembl\u00e9 et lourd, pour le placer l\u00e0 o\u00f9 je le voulais. Est-ce que 21 livres font une tonne de poids ? Non, mais c&rsquo;\u00e9tait difficile pour moi de le pousser sur l&rsquo;\u00e9chelle jusqu&rsquo;\u00e0 ma chambre en mezzanine et j&rsquo;aurais aim\u00e9 l&rsquo;assembler dans la pi\u00e8ce o\u00f9 j&rsquo;avais pr\u00e9vu de l&rsquo;utiliser. Juste un conseil. <\/p>\n<hr>\n<p><strong>Quels magasins proposent les meilleures ventes le Black Friday ?<\/strong><\/p>\n<p>De nos jours, les grands d\u00e9taillants et les petites entreprises se disputent les acheteurs du Black Friday, vous pouvez donc vous attendre \u00e0 ce que pratiquement tous les magasins r\u00e9alisent des soldes jusqu&rsquo;au lundi 1er d\u00e9cembre 2025. Les \u00ab meilleures \u00bb ventes d\u00e9pendent de vos besoins, mais en g\u00e9n\u00e9ral, les remises les plus importantes ont tendance \u00e0 provenir de grands d\u00e9taillants qui peuvent se permettre des prix plus bas : pensez \u00e0 des endroits comme Amazon, Walmart, Target, Best Buy et Home Depot. Vous pouvez retrouver toutes les meilleures ventes des grands d\u00e9taillants sur notre blog en direct. <\/p>\n<p><strong>Les offres du Black Friday en valent-elles la peine ?<\/strong><\/p>\n<p>Bref, oui, le Black Friday propose toujours des r\u00e9ductions qui peuvent \u00eatre rares sur le reste de l&rsquo;ann\u00e9e. Si vous souhaitez acheter quelque chose ou si vous achetez des cadeaux, c&rsquo;est le bon moment pour rechercher des r\u00e9ductions sur ce dont vous avez besoin, en particulier les ventes de technologies, de fournitures de r\u00e9novation domiciliaire et de technologies de fitness. Bien s\u00fbr, si vous avez besoin d\u2019\u00e9conomiser de l\u2019argent, la meilleure fa\u00e7on d\u2019\u00e9conomiser est de ne rien acheter. <\/p>\n<p><strong>Les offres du Cyber \u200b\u200bMonday sont-elles meilleures que le Black Friday ?<\/strong><\/p>\n<p>Le Black Friday \u00e9tait autrefois r\u00e9serv\u00e9 aux grands d\u00e9taillants et aux technologies et appareils \u00e9lectrom\u00e9nagers plus chers, tandis que le Cyber \u200b\u200b\u200b\u200bMonday \u00e9tait destin\u00e9 aux technologies moins ch\u00e8res et donnait aux petites entreprises une chance de rivaliser en ligne. Mais aujourd\u2019hui, la distinction n\u2019a presque plus de sens. Tous les grands d\u00e9taillants proposeront des soldes les deux jours, et la meilleure chose \u00e0 faire est de savoir ce que vous voulez, d&rsquo;utiliser des outils de suivi des prix ou de vous r\u00e9f\u00e9rer \u00e0 des guides comme notre blog en direct qui utilisent des outils de suivi des prix pour vous, et de ne pas vous soucier de trouver le moment id\u00e9al.<\/p>\n","protected":false},"excerpt":{"rendered":"<p>Enfin une solution de temp\u00e9rature innovante pour les petits espaces. Les ventes du Black Friday commencent officiellement le vendredi 28 novembre et se poursuivent jusqu&rsquo;au<\/p>\n","protected":false},"author":1,"featured_media":11494,"comment_status":"","ping_status":"","sticky":false,"template":"","format":"standard","meta":{"footnotes":""},"categories":[40],"tags":[142,3546,73,9332,1384,698,1255,49,1561,308],"class_list":["post-11493","post","type-post","status-publish","format-standard","has-post-thumbnail","hentry","category-maison","tag-avant","tag-beneficie","tag-black","tag-chauffageventilateur","tag-combo","tag-dune","tag-friday","tag-mon","tag-prefere","tag-reduction","generate-columns","tablet-grid-50","mobile-grid-100","grid-parent","grid-33"],"yoast_head":"<!-- This site is optimized with the Yoast SEO plugin v24.0 - https:\/\/yoast.com\/wordpress\/plugins\/seo\/ -->\n<title>Mon combo chauffage\/ventilateur pr\u00e9f\u00e9r\u00e9 b\u00e9n\u00e9ficie d&#039;une r\u00e9duction de 150 $ avant le Black Friday | Vie Associative<\/title>\n<meta name=\"robots\" content=\"index, follow, max-snippet:-1, max-image-preview:large, max-video-preview:-1\" \/>\n<link rel=\"canonical\" href=\"https:\/\/vieassociative.be\/actualites\/mon-combo-chauffage-ventilateur-prefere-beneficie-dune-reduction-de-150-avant-le-black-friday\/\" \/>\n<meta property=\"og:locale\" content=\"fr_FR\" \/>\n<meta property=\"og:type\" content=\"article\" \/>\n<meta property=\"og:title\" content=\"Mon combo chauffage\/ventilateur pr\u00e9f\u00e9r\u00e9 b\u00e9n\u00e9ficie d&#039;une r\u00e9duction de 150 $ avant le Black Friday | Vie Associative\" \/>\n<meta property=\"og:description\" content=\"Enfin une solution de temp\u00e9rature innovante pour les petits espaces. Les ventes du Black Friday commencent officiellement le vendredi 28 novembre et se poursuivent jusqu&rsquo;au\" \/>\n<meta property=\"og:url\" content=\"https:\/\/vieassociative.be\/actualites\/mon-combo-chauffage-ventilateur-prefere-beneficie-dune-reduction-de-150-avant-le-black-friday\/\" \/>\n<meta property=\"og:site_name\" content=\"Vie Associative\" \/>\n<meta property=\"article:published_time\" content=\"2025-11-23T13:17:07+00:00\" \/>\n<meta property=\"og:image\" content=\"https:\/\/vieassociative.be\/actualites\/wp-content\/uploads\/2025\/11\/Mon-combo-chauffageventilateur-prefere-beneficie-dune-reduction-de-150.jpg\" \/>\n<meta name=\"author\" content=\"Julien\" \/>\n<meta name=\"twitter:card\" content=\"summary_large_image\" \/>\n<meta name=\"twitter:label1\" content=\"\u00c9crit par\" \/>\n\t<meta name=\"twitter:data1\" content=\"Julien\" \/>\n\t<meta name=\"twitter:label2\" content=\"Dur\u00e9e de lecture est.\" \/>\n\t<meta name=\"twitter:data2\" content=\"6 minutes\" \/>\n<script type=\"application\/ld+json\" class=\"yoast-schema-graph\">{\"@context\":\"https:\/\/schema.org\",\"@graph\":[{\"@type\":\"Article\",\"@id\":\"https:\/\/vieassociative.be\/actualites\/mon-combo-chauffage-ventilateur-prefere-beneficie-dune-reduction-de-150-avant-le-black-friday\/#article\",\"isPartOf\":{\"@id\":\"https:\/\/vieassociative.be\/actualites\/mon-combo-chauffage-ventilateur-prefere-beneficie-dune-reduction-de-150-avant-le-black-friday\/\"},\"author\":{\"name\":\"Julien\",\"@id\":\"https:\/\/vieassociative.be\/actualites\/#\/schema\/person\/b87ac4f82f9d4e7b7cec7395b679edc4\"},\"headline\":\"Mon combo chauffage\/ventilateur pr\u00e9f\u00e9r\u00e9 b\u00e9n\u00e9ficie d&rsquo;une r\u00e9duction de 150 $ avant le Black Friday\",\"datePublished\":\"2025-11-23T13:17:07+00:00\",\"dateModified\":\"2025-11-23T13:17:07+00:00\",\"mainEntityOfPage\":{\"@id\":\"https:\/\/vieassociative.be\/actualites\/mon-combo-chauffage-ventilateur-prefere-beneficie-dune-reduction-de-150-avant-le-black-friday\/\"},\"wordCount\":1238,\"publisher\":{\"@id\":\"https:\/\/vieassociative.be\/actualites\/#organization\"},\"image\":{\"@id\":\"https:\/\/vieassociative.be\/actualites\/mon-combo-chauffage-ventilateur-prefere-beneficie-dune-reduction-de-150-avant-le-black-friday\/#primaryimage\"},\"thumbnailUrl\":\"https:\/\/vieassociative.be\/actualites\/wp-content\/uploads\/2025\/11\/1763903828_Mon-combo-chauffageventilateur-prefere-beneficie-dune-reduction-de-150.png\",\"keywords\":[\"avant\",\"b\u00e9n\u00e9ficie\",\"Black\",\"chauffageventilateur\",\"combo\",\"dune\",\"Friday\",\"Mon\",\"pr\u00e9f\u00e9r\u00e9\",\"r\u00e9duction\"],\"articleSection\":[\"Maison\"],\"inLanguage\":\"fr-BE\"},{\"@type\":\"WebPage\",\"@id\":\"https:\/\/vieassociative.be\/actualites\/mon-combo-chauffage-ventilateur-prefere-beneficie-dune-reduction-de-150-avant-le-black-friday\/\",\"url\":\"https:\/\/vieassociative.be\/actualites\/mon-combo-chauffage-ventilateur-prefere-beneficie-dune-reduction-de-150-avant-le-black-friday\/\",\"name\":\"Mon combo chauffage\/ventilateur pr\u00e9f\u00e9r\u00e9 b\u00e9n\u00e9ficie d'une r\u00e9duction de 150 $ avant le Black Friday | Vie Associative\",\"isPartOf\":{\"@id\":\"https:\/\/vieassociative.be\/actualites\/#website\"},\"primaryImageOfPage\":{\"@id\":\"https:\/\/vieassociative.be\/actualites\/mon-combo-chauffage-ventilateur-prefere-beneficie-dune-reduction-de-150-avant-le-black-friday\/#primaryimage\"},\"image\":{\"@id\":\"https:\/\/vieassociative.be\/actualites\/mon-combo-chauffage-ventilateur-prefere-beneficie-dune-reduction-de-150-avant-le-black-friday\/#primaryimage\"},\"thumbnailUrl\":\"https:\/\/vieassociative.be\/actualites\/wp-content\/uploads\/2025\/11\/1763903828_Mon-combo-chauffageventilateur-prefere-beneficie-dune-reduction-de-150.png\",\"datePublished\":\"2025-11-23T13:17:07+00:00\",\"dateModified\":\"2025-11-23T13:17:07+00:00\",\"breadcrumb\":{\"@id\":\"https:\/\/vieassociative.be\/actualites\/mon-combo-chauffage-ventilateur-prefere-beneficie-dune-reduction-de-150-avant-le-black-friday\/#breadcrumb\"},\"inLanguage\":\"fr-BE\",\"potentialAction\":[{\"@type\":\"ReadAction\",\"target\":[\"https:\/\/vieassociative.be\/actualites\/mon-combo-chauffage-ventilateur-prefere-beneficie-dune-reduction-de-150-avant-le-black-friday\/\"]}]},{\"@type\":\"ImageObject\",\"inLanguage\":\"fr-BE\",\"@id\":\"https:\/\/vieassociative.be\/actualites\/mon-combo-chauffage-ventilateur-prefere-beneficie-dune-reduction-de-150-avant-le-black-friday\/#primaryimage\",\"url\":\"https:\/\/vieassociative.be\/actualites\/wp-content\/uploads\/2025\/11\/1763903828_Mon-combo-chauffageventilateur-prefere-beneficie-dune-reduction-de-150.png\",\"contentUrl\":\"https:\/\/vieassociative.be\/actualites\/wp-content\/uploads\/2025\/11\/1763903828_Mon-combo-chauffageventilateur-prefere-beneficie-dune-reduction-de-150.png\",\"width\":1200,\"height\":675,\"caption\":\"Mon combo chauffage\/ventilateur pr\u00e9f\u00e9r\u00e9 b\u00e9n\u00e9ficie d'une r\u00e9duction de 150 $ avant le Black Friday\"},{\"@type\":\"BreadcrumbList\",\"@id\":\"https:\/\/vieassociative.be\/actualites\/mon-combo-chauffage-ventilateur-prefere-beneficie-dune-reduction-de-150-avant-le-black-friday\/#breadcrumb\",\"itemListElement\":[{\"@type\":\"ListItem\",\"position\":1,\"name\":\"Accueil\",\"item\":\"https:\/\/vieassociative.be\/actualites\/\"},{\"@type\":\"ListItem\",\"position\":2,\"name\":\"Mon combo chauffage\/ventilateur pr\u00e9f\u00e9r\u00e9 b\u00e9n\u00e9ficie d&rsquo;une r\u00e9duction de 150 $ avant le Black Friday\"}]},{\"@type\":\"WebSite\",\"@id\":\"https:\/\/vieassociative.be\/actualites\/#website\",\"url\":\"https:\/\/vieassociative.be\/actualites\/\",\"name\":\"Vie Associative\",\"description\":\"\",\"publisher\":{\"@id\":\"https:\/\/vieassociative.be\/actualites\/#organization\"},\"potentialAction\":[{\"@type\":\"SearchAction\",\"target\":{\"@type\":\"EntryPoint\",\"urlTemplate\":\"https:\/\/vieassociative.be\/actualites\/?s={search_term_string}\"},\"query-input\":{\"@type\":\"PropertyValueSpecification\",\"valueRequired\":true,\"valueName\":\"search_term_string\"}}],\"inLanguage\":\"fr-BE\"},{\"@type\":\"Organization\",\"@id\":\"https:\/\/vieassociative.be\/actualites\/#organization\",\"name\":\"Vie Associative\",\"url\":\"https:\/\/vieassociative.be\/actualites\/\",\"logo\":{\"@type\":\"ImageObject\",\"inLanguage\":\"fr-BE\",\"@id\":\"https:\/\/vieassociative.be\/actualites\/#\/schema\/logo\/image\/\",\"url\":\"https:\/\/vieassociative.be\/actualites\/wp-content\/uploads\/2024\/09\/cropped-vieassociative_favicon.ico.png\",\"contentUrl\":\"https:\/\/vieassociative.be\/actualites\/wp-content\/uploads\/2024\/09\/cropped-vieassociative_favicon.ico.png\",\"width\":512,\"height\":512,\"caption\":\"Vie Associative\"},\"image\":{\"@id\":\"https:\/\/vieassociative.be\/actualites\/#\/schema\/logo\/image\/\"}},{\"@type\":\"Person\",\"@id\":\"https:\/\/vieassociative.be\/actualites\/#\/schema\/person\/b87ac4f82f9d4e7b7cec7395b679edc4\",\"name\":\"Julien\",\"image\":{\"@type\":\"ImageObject\",\"inLanguage\":\"fr-BE\",\"@id\":\"https:\/\/vieassociative.be\/actualites\/#\/schema\/person\/image\/\",\"url\":\"https:\/\/vieassociative.be\/actualites\/wp-content\/uploads\/2024\/09\/vie-associative-1-150x150.jpg\",\"contentUrl\":\"https:\/\/vieassociative.be\/actualites\/wp-content\/uploads\/2024\/09\/vie-associative-1-150x150.jpg\",\"caption\":\"Julien\"},\"description\":\"Je suis Julien, r\u00e9dacteur pour Vie Associative. Passionn\u00e9 par le monde associatif depuis plus de 10 ans, j'ai \u00e0 c\u0153ur de partager des histoires inspirantes et de mettre en lumi\u00e8re les initiatives locales. Mon objectif est de sensibiliser et d'encourager l'engagement communautaire \u00e0 travers mes articles.\",\"sameAs\":[\"https:\/\/vieassociative.be\/\"]}]}<\/script>\n<!-- \/ Yoast SEO plugin. -->","yoast_head_json":{"title":"Mon combo chauffage\/ventilateur pr\u00e9f\u00e9r\u00e9 b\u00e9n\u00e9ficie d'une r\u00e9duction de 150 $ avant le Black Friday | Vie Associative","robots":{"index":"index","follow":"follow","max-snippet":"max-snippet:-1","max-image-preview":"max-image-preview:large","max-video-preview":"max-video-preview:-1"},"canonical":"https:\/\/vieassociative.be\/actualites\/mon-combo-chauffage-ventilateur-prefere-beneficie-dune-reduction-de-150-avant-le-black-friday\/","og_locale":"fr_FR","og_type":"article","og_title":"Mon combo chauffage\/ventilateur pr\u00e9f\u00e9r\u00e9 b\u00e9n\u00e9ficie d'une r\u00e9duction de 150 $ avant le Black Friday | Vie Associative","og_description":"Enfin une solution de temp\u00e9rature innovante pour les petits espaces. Les ventes du Black Friday commencent officiellement le vendredi 28 novembre et se poursuivent jusqu&rsquo;au","og_url":"https:\/\/vieassociative.be\/actualites\/mon-combo-chauffage-ventilateur-prefere-beneficie-dune-reduction-de-150-avant-le-black-friday\/","og_site_name":"Vie Associative","article_published_time":"2025-11-23T13:17:07+00:00","og_image":[{"url":"https:\/\/vieassociative.be\/actualites\/wp-content\/uploads\/2025\/11\/Mon-combo-chauffageventilateur-prefere-beneficie-dune-reduction-de-150.jpg","type":"","width":"","height":""}],"author":"Julien","twitter_card":"summary_large_image","twitter_misc":{"\u00c9crit par":"Julien","Dur\u00e9e de lecture est.":"6 minutes"},"schema":{"@context":"https:\/\/schema.org","@graph":[{"@type":"Article","@id":"https:\/\/vieassociative.be\/actualites\/mon-combo-chauffage-ventilateur-prefere-beneficie-dune-reduction-de-150-avant-le-black-friday\/#article","isPartOf":{"@id":"https:\/\/vieassociative.be\/actualites\/mon-combo-chauffage-ventilateur-prefere-beneficie-dune-reduction-de-150-avant-le-black-friday\/"},"author":{"name":"Julien","@id":"https:\/\/vieassociative.be\/actualites\/#\/schema\/person\/b87ac4f82f9d4e7b7cec7395b679edc4"},"headline":"Mon combo chauffage\/ventilateur pr\u00e9f\u00e9r\u00e9 b\u00e9n\u00e9ficie d&rsquo;une r\u00e9duction de 150 $ avant le Black Friday","datePublished":"2025-11-23T13:17:07+00:00","dateModified":"2025-11-23T13:17:07+00:00","mainEntityOfPage":{"@id":"https:\/\/vieassociative.be\/actualites\/mon-combo-chauffage-ventilateur-prefere-beneficie-dune-reduction-de-150-avant-le-black-friday\/"},"wordCount":1238,"publisher":{"@id":"https:\/\/vieassociative.be\/actualites\/#organization"},"image":{"@id":"https:\/\/vieassociative.be\/actualites\/mon-combo-chauffage-ventilateur-prefere-beneficie-dune-reduction-de-150-avant-le-black-friday\/#primaryimage"},"thumbnailUrl":"https:\/\/vieassociative.be\/actualites\/wp-content\/uploads\/2025\/11\/1763903828_Mon-combo-chauffageventilateur-prefere-beneficie-dune-reduction-de-150.png","keywords":["avant","b\u00e9n\u00e9ficie","Black","chauffageventilateur","combo","dune","Friday","Mon","pr\u00e9f\u00e9r\u00e9","r\u00e9duction"],"articleSection":["Maison"],"inLanguage":"fr-BE"},{"@type":"WebPage","@id":"https:\/\/vieassociative.be\/actualites\/mon-combo-chauffage-ventilateur-prefere-beneficie-dune-reduction-de-150-avant-le-black-friday\/","url":"https:\/\/vieassociative.be\/actualites\/mon-combo-chauffage-ventilateur-prefere-beneficie-dune-reduction-de-150-avant-le-black-friday\/","name":"Mon combo chauffage\/ventilateur pr\u00e9f\u00e9r\u00e9 b\u00e9n\u00e9ficie d'une r\u00e9duction de 150 $ avant le Black Friday | Vie Associative","isPartOf":{"@id":"https:\/\/vieassociative.be\/actualites\/#website"},"primaryImageOfPage":{"@id":"https:\/\/vieassociative.be\/actualites\/mon-combo-chauffage-ventilateur-prefere-beneficie-dune-reduction-de-150-avant-le-black-friday\/#primaryimage"},"image":{"@id":"https:\/\/vieassociative.be\/actualites\/mon-combo-chauffage-ventilateur-prefere-beneficie-dune-reduction-de-150-avant-le-black-friday\/#primaryimage"},"thumbnailUrl":"https:\/\/vieassociative.be\/actualites\/wp-content\/uploads\/2025\/11\/1763903828_Mon-combo-chauffageventilateur-prefere-beneficie-dune-reduction-de-150.png","datePublished":"2025-11-23T13:17:07+00:00","dateModified":"2025-11-23T13:17:07+00:00","breadcrumb":{"@id":"https:\/\/vieassociative.be\/actualites\/mon-combo-chauffage-ventilateur-prefere-beneficie-dune-reduction-de-150-avant-le-black-friday\/#breadcrumb"},"inLanguage":"fr-BE","potentialAction":[{"@type":"ReadAction","target":["https:\/\/vieassociative.be\/actualites\/mon-combo-chauffage-ventilateur-prefere-beneficie-dune-reduction-de-150-avant-le-black-friday\/"]}]},{"@type":"ImageObject","inLanguage":"fr-BE","@id":"https:\/\/vieassociative.be\/actualites\/mon-combo-chauffage-ventilateur-prefere-beneficie-dune-reduction-de-150-avant-le-black-friday\/#primaryimage","url":"https:\/\/vieassociative.be\/actualites\/wp-content\/uploads\/2025\/11\/1763903828_Mon-combo-chauffageventilateur-prefere-beneficie-dune-reduction-de-150.png","contentUrl":"https:\/\/vieassociative.be\/actualites\/wp-content\/uploads\/2025\/11\/1763903828_Mon-combo-chauffageventilateur-prefere-beneficie-dune-reduction-de-150.png","width":1200,"height":675,"caption":"Mon combo chauffage\/ventilateur pr\u00e9f\u00e9r\u00e9 b\u00e9n\u00e9ficie d'une r\u00e9duction de 150 $ avant le Black Friday"},{"@type":"BreadcrumbList","@id":"https:\/\/vieassociative.be\/actualites\/mon-combo-chauffage-ventilateur-prefere-beneficie-dune-reduction-de-150-avant-le-black-friday\/#breadcrumb","itemListElement":[{"@type":"ListItem","position":1,"name":"Accueil","item":"https:\/\/vieassociative.be\/actualites\/"},{"@type":"ListItem","position":2,"name":"Mon combo chauffage\/ventilateur pr\u00e9f\u00e9r\u00e9 b\u00e9n\u00e9ficie d&rsquo;une r\u00e9duction de 150 $ avant le Black Friday"}]},{"@type":"WebSite","@id":"https:\/\/vieassociative.be\/actualites\/#website","url":"https:\/\/vieassociative.be\/actualites\/","name":"Vie Associative","description":"","publisher":{"@id":"https:\/\/vieassociative.be\/actualites\/#organization"},"potentialAction":[{"@type":"SearchAction","target":{"@type":"EntryPoint","urlTemplate":"https:\/\/vieassociative.be\/actualites\/?s={search_term_string}"},"query-input":{"@type":"PropertyValueSpecification","valueRequired":true,"valueName":"search_term_string"}}],"inLanguage":"fr-BE"},{"@type":"Organization","@id":"https:\/\/vieassociative.be\/actualites\/#organization","name":"Vie Associative","url":"https:\/\/vieassociative.be\/actualites\/","logo":{"@type":"ImageObject","inLanguage":"fr-BE","@id":"https:\/\/vieassociative.be\/actualites\/#\/schema\/logo\/image\/","url":"https:\/\/vieassociative.be\/actualites\/wp-content\/uploads\/2024\/09\/cropped-vieassociative_favicon.ico.png","contentUrl":"https:\/\/vieassociative.be\/actualites\/wp-content\/uploads\/2024\/09\/cropped-vieassociative_favicon.ico.png","width":512,"height":512,"caption":"Vie Associative"},"image":{"@id":"https:\/\/vieassociative.be\/actualites\/#\/schema\/logo\/image\/"}},{"@type":"Person","@id":"https:\/\/vieassociative.be\/actualites\/#\/schema\/person\/b87ac4f82f9d4e7b7cec7395b679edc4","name":"Julien","image":{"@type":"ImageObject","inLanguage":"fr-BE","@id":"https:\/\/vieassociative.be\/actualites\/#\/schema\/person\/image\/","url":"https:\/\/vieassociative.be\/actualites\/wp-content\/uploads\/2024\/09\/vie-associative-1-150x150.jpg","contentUrl":"https:\/\/vieassociative.be\/actualites\/wp-content\/uploads\/2024\/09\/vie-associative-1-150x150.jpg","caption":"Julien"},"description":"Je suis Julien, r\u00e9dacteur pour Vie Associative. Passionn\u00e9 par le monde associatif depuis plus de 10 ans, j'ai \u00e0 c\u0153ur de partager des histoires inspirantes et de mettre en lumi\u00e8re les initiatives locales. Mon objectif est de sensibiliser et d'encourager l'engagement communautaire \u00e0 travers mes articles.","sameAs":["https:\/\/vieassociative.be\/"]}]}},"_links":{"self":[{"href":"https:\/\/vieassociative.be\/actualites\/wp-json\/wp\/v2\/posts\/11493"}],"collection":[{"href":"https:\/\/vieassociative.be\/actualites\/wp-json\/wp\/v2\/posts"}],"about":[{"href":"https:\/\/vieassociative.be\/actualites\/wp-json\/wp\/v2\/types\/post"}],"author":[{"embeddable":true,"href":"https:\/\/vieassociative.be\/actualites\/wp-json\/wp\/v2\/users\/1"}],"replies":[{"embeddable":true,"href":"https:\/\/vieassociative.be\/actualites\/wp-json\/wp\/v2\/comments?post=11493"}],"version-history":[{"count":0,"href":"https:\/\/vieassociative.be\/actualites\/wp-json\/wp\/v2\/posts\/11493\/revisions"}],"wp:featuredmedia":[{"embeddable":true,"href":"https:\/\/vieassociative.be\/actualites\/wp-json\/wp\/v2\/media\/11494"}],"wp:attachment":[{"href":"https:\/\/vieassociative.be\/actualites\/wp-json\/wp\/v2\/media?parent=11493"}],"wp:term":[{"taxonomy":"category","embeddable":true,"href":"https:\/\/vieassociative.be\/actualites\/wp-json\/wp\/v2\/categories?post=11493"},{"taxonomy":"post_tag","embeddable":true,"href":"https:\/\/vieassociative.be\/actualites\/wp-json\/wp\/v2\/tags?post=11493"}],"curies":[{"name":"wp","href":"https:\/\/api.w.org\/{rel}","templated":true}]}}