{"id":11489,"date":"2025-11-23T07:17:12","date_gmt":"2025-11-23T06:17:12","guid":{"rendered":"https:\/\/vieassociative.be\/actualites\/vous-devriez-vous-motiver-avec-un-pot-de-genial\/"},"modified":"2025-11-23T07:17:12","modified_gmt":"2025-11-23T06:17:12","slug":"vous-devriez-vous-motiver-avec-un-pot-de-genial","status":"publish","type":"post","link":"https:\/\/vieassociative.be\/actualites\/vous-devriez-vous-motiver-avec-un-pot-de-genial\/","title":{"rendered":"Vous devriez vous motiver avec un \u00ab pot de g\u00e9nial \u00bb"},"content":{"rendered":"<div class=\"mt-4 leading-6 md:mb-8\">Vous pouvez adapter cette astuce \u00e0 vos besoins et l&rsquo;utiliser avec ou sans pot litt\u00e9ral.<\/div>\n<p><\/p>\n<p>Lorsque vous faites le point sur ce que vous avez accompli, il est facile \u2013 et compr\u00e9hensible \u2013 de vous laisser rattraper par ce que vous n&rsquo;avez pas fait ou d&rsquo;avoir souhait\u00e9 faire mieux. Apr\u00e8s tout, c\u2019est comme \u00e7a que vous vous am\u00e9liorerez. Mais vous devez vous rappeler de reconna\u00eetre les victoires, grandes et petites, si vous esp\u00e9rez rester motiv\u00e9. <\/p>\n<p>L&rsquo;\u00e9quilibre entre le positif et le n\u00e9gatif en mati\u00e8re de productivit\u00e9 est d\u00e9licat, mais vous devez toujours faire des pauses, faire des choses que vous aimez et vous rappeler que vous faites avancer les choses, m\u00eame pendant les p\u00e9riodes de stress. C&rsquo;est pourquoi vous devriez essayer de cr\u00e9er un \u00ab pot de g\u00e9nial \u00bb. <\/p>\n<h2 id=\"what-is-a-jar-of-awesome\">Qu&rsquo;est-ce qu&rsquo;un \u00ab pot de g\u00e9nial \u00bb\u00a0?<strong> <\/strong><\/h2>\n<p>L&rsquo;id\u00e9e du \u00ab pot de g\u00e9nial \u00bb vient de Tim Ferriss <em>Les outils des titans\u00a0: les tactiques, les routines et les habitudes des milliardaires, des ic\u00f4nes et des artistes de classe mondiale<\/em> et c&rsquo;est populaire depuis un certain temps. Essentiellement, Ferriss recommande d&rsquo;\u00e9crire vos gains au fur et \u00e0 mesure qu&rsquo;ils se produisent et de mettre les bouts de papier dans un bocal. Lorsque vous avez besoin d\u2019un regain de motivation, vous pouvez les lire. Visuellement, le pot vous montre m\u00eame tout ce que vous avez accompli ces derniers temps. <\/p>\n<div class=\"mx-auto mb-12 mt-5 w-full max-w-3xl rounded-md border-2 border-gray-100 p-3 shadow-md md:px-7 md:pb-7 md:pt-5\" id=\"related-video\">\n<div class=\"mb-3 flex items-center md:mb-5\">\n        <img decoding=\"async\" class=\"mr-4 mt-0 h-10 w-10 md:mr-5 md:h-12 md:w-12\" src=\"https:\/\/vieassociative.be\/actualites\/wp-content\/uploads\/2025\/09\/1757726237_608_Meta-pourrait-devoiler-une-montre-intelligente-pour-controler-ses-lunettes.jpg\" alt=\"Logo du pirate de la vie\"><\/p><\/div>\n<div class=\"aspect-video w-full overflow-hidden rounded-md\">\n<div id=\"video-container-01KAQM1FEC1KFQKTTCEZW122VB\"><\/div>\n<\/p><\/div>\n<\/div>\n<p>L\u2019id\u00e9e est de vous aider \u00e0 vous concentrer non seulement sur tout ce qui doit \u00eatre fait, mais aussi sur ce que vous avez d\u00e9j\u00e0 fait. C&rsquo;est comme tenir un journal de vos r\u00e9alisations ou mettre \u00e0 jour votre CV chaque ann\u00e9e, m\u00eame lorsque vous n&rsquo;\u00eates pas \u00e0 la recherche d&rsquo;un emploi, dans la mesure o\u00f9 cela vous motive et cr\u00e9e un enregistrement de votre travail. Surtout, il conserve cet enregistrement en temps r\u00e9el. Il est beaucoup plus difficile de se souvenir de tout ce que vous avez accompli si vous essayez de le faire r\u00e9trospectivement ou sous la contrainte (comme le sait bien toute personne confront\u00e9e \u00e0 une \u00e9valuation de performance de fin d\u2019ann\u00e9e). Avec le pot de g\u00e9nial, si jamais vous \u00eates convoqu\u00e9 \u00e0 une r\u00e9union surprise au sujet de votre travail ou si une r\u00e9vision est imminente, vous avez d\u00e9j\u00e0 une liste de vos r\u00e9alisations pr\u00eate \u00e0 l&#8217;emploi. <\/p>\n<h2 id=\"ways-to-create-your-own-jar-of-awesome\">Fa\u00e7ons de cr\u00e9er votre propre \u00ab pot de g\u00e9nial \u00bb <\/h2>\n<p>En fait, remplir un pot avec des petits bouts de papier est une t\u00e2che un peu compliqu\u00e9e et n&rsquo;est peut-\u00eatre pas si facile \u00e0 suivre alors que nos modes de vie sont de plus en plus num\u00e9riques. Il existe de nombreuses fa\u00e7ons de cr\u00e9er un \u00ab pot \u00bb de superbes sans que votre bureau ressemble \u00e0 un mariage de 2013 inspir\u00e9 de Pinterest. Essayez de laisser une page ou deux d\u00e9di\u00e9es au suivi des gains au dos de votre agenda ou de cr\u00e9er une note d\u00e9sign\u00e9e sur votre t\u00e9l\u00e9phone. Cr\u00e9ez une source unique de v\u00e9rit\u00e9 (SSOT) ou un fichier sur votre ordinateur ou disque, d\u00e9di\u00e9 \u00e0 la compilation de votre liste de victoires et des pi\u00e8ces justificatives. (Personnellement, j&rsquo;utilise beaucoup une application de notes. Ma liste de victoires se trouve sur mon t\u00e9l\u00e9phone, o\u00f9 je peux la mettre \u00e0 jour en quelques secondes.)<\/p>\n<p>Quelle que soit la mani\u00e8re dont vous d\u00e9cidez de le faire, assurez-vous que tous les succ\u00e8s sont r\u00e9pertori\u00e9s quelque part ensemble afin que la liste s&rsquo;allonge visuellement. Le simple fait d\u2019y jeter un coup d\u2019\u0153il peut \u00eatre une motivation, sans parler de la lecture en entier. Enfin, ne vous remettez pas en question lorsque vous souhaitez ajouter quelque chose. Si vous avez fait le pressing lors d&rsquo;une journ\u00e9e stressante, si vous avez fait sortir tous les enfants de la maison \u00e0 l&rsquo;heure le matin ou si vous avez r\u00e9pondu \u00e0 tous vos e-mails \u00e0 la fin de la journ\u00e9e et que vous vous sentiez bien, jetez-le dedans. Ce n&rsquo;est pas parce que cela peut sembler petit par rapport \u00e0 une \u00e9ch\u00e9ance imminente d&rsquo;un grand projet que ce n&rsquo;\u00e9tait pas une victoire de le faire, alors dans le pot, il va. L\u2019objectif est de garder une trace de tout ce que vous accomplissez r\u00e9ellement, alors ne laissez rien de c\u00f4t\u00e9.<\/p>\n<p>Enfin, int\u00e9grez vos avis \u00e0 d\u2019autres \u00e9l\u00e9ments de votre plan de productivit\u00e9. Lorsque vous vous fixez des objectifs SMART, par exemple, en d\u00e9finissant clairement ce que vous voulez faire, pourquoi vous voulez le faire et quand vous en avez besoin, il est facile de regarder les erreurs du pass\u00e9 pour voir ce que vous devez corriger. En m\u00eame temps, revenez sur votre pot de g\u00e9nial pour voir ce qui a fonctionn\u00e9 pour vous, afin de pouvoir \u00e9galement int\u00e9grer davantage de ces \u00e9l\u00e9ments dans votre planification future.<\/p>\n","protected":false},"excerpt":{"rendered":"<p>Vous pouvez adapter cette astuce \u00e0 vos besoins et l&rsquo;utiliser avec ou sans pot litt\u00e9ral. Lorsque vous faites le point sur ce que vous avez<\/p>\n","protected":false},"author":1,"featured_media":11490,"comment_status":"","ping_status":"","sticky":false,"template":"","format":"standard","meta":{"footnotes":""},"categories":[43],"tags":[61,636,9329,2127,2278,4],"class_list":["post-11489","post","type-post","status-publish","format-standard","has-post-thumbnail","hentry","category-travail","tag-avec","tag-devriez","tag-genial","tag-motiver","tag-pot","tag-vous","generate-columns","tablet-grid-50","mobile-grid-100","grid-parent","grid-33"],"yoast_head":"<!-- This site is optimized with the Yoast SEO plugin v24.0 - https:\/\/yoast.com\/wordpress\/plugins\/seo\/ -->\n<title>Vous devriez vous motiver avec un \u00ab pot de g\u00e9nial \u00bb | Vie Associative<\/title>\n<meta name=\"robots\" content=\"index, follow, max-snippet:-1, max-image-preview:large, max-video-preview:-1\" \/>\n<link rel=\"canonical\" href=\"https:\/\/vieassociative.be\/actualites\/vous-devriez-vous-motiver-avec-un-pot-de-genial\/\" \/>\n<meta property=\"og:locale\" content=\"fr_FR\" \/>\n<meta property=\"og:type\" content=\"article\" \/>\n<meta property=\"og:title\" content=\"Vous devriez vous motiver avec un \u00ab pot de g\u00e9nial \u00bb | Vie Associative\" \/>\n<meta property=\"og:description\" content=\"Vous pouvez adapter cette astuce \u00e0 vos besoins et l&rsquo;utiliser avec ou sans pot litt\u00e9ral. Lorsque vous faites le point sur ce que vous avez\" \/>\n<meta property=\"og:url\" content=\"https:\/\/vieassociative.be\/actualites\/vous-devriez-vous-motiver-avec-un-pot-de-genial\/\" \/>\n<meta property=\"og:site_name\" content=\"Vie Associative\" \/>\n<meta property=\"article:published_time\" content=\"2025-11-23T06:17:12+00:00\" \/>\n<meta property=\"og:image\" content=\"https:\/\/vieassociative.be\/actualites\/wp-content\/uploads\/2025\/09\/1757726237_608_Meta-pourrait-devoiler-une-montre-intelligente-pour-controler-ses-lunettes.jpg\" \/>\n<meta name=\"author\" content=\"Julien\" \/>\n<meta name=\"twitter:card\" content=\"summary_large_image\" \/>\n<meta name=\"twitter:label1\" content=\"\u00c9crit par\" \/>\n\t<meta name=\"twitter:data1\" content=\"Julien\" \/>\n\t<meta name=\"twitter:label2\" content=\"Dur\u00e9e de lecture est.\" \/>\n\t<meta name=\"twitter:data2\" content=\"4 minutes\" \/>\n<script type=\"application\/ld+json\" class=\"yoast-schema-graph\">{\"@context\":\"https:\/\/schema.org\",\"@graph\":[{\"@type\":\"Article\",\"@id\":\"https:\/\/vieassociative.be\/actualites\/vous-devriez-vous-motiver-avec-un-pot-de-genial\/#article\",\"isPartOf\":{\"@id\":\"https:\/\/vieassociative.be\/actualites\/vous-devriez-vous-motiver-avec-un-pot-de-genial\/\"},\"author\":{\"name\":\"Julien\",\"@id\":\"https:\/\/vieassociative.be\/actualites\/#\/schema\/person\/b87ac4f82f9d4e7b7cec7395b679edc4\"},\"headline\":\"Vous devriez vous motiver avec un \u00ab pot de g\u00e9nial \u00bb\",\"datePublished\":\"2025-11-23T06:17:12+00:00\",\"dateModified\":\"2025-11-23T06:17:12+00:00\",\"mainEntityOfPage\":{\"@id\":\"https:\/\/vieassociative.be\/actualites\/vous-devriez-vous-motiver-avec-un-pot-de-genial\/\"},\"wordCount\":860,\"publisher\":{\"@id\":\"https:\/\/vieassociative.be\/actualites\/#organization\"},\"image\":{\"@id\":\"https:\/\/vieassociative.be\/actualites\/vous-devriez-vous-motiver-avec-un-pot-de-genial\/#primaryimage\"},\"thumbnailUrl\":\"https:\/\/vieassociative.be\/actualites\/wp-content\/uploads\/2025\/11\/Vous-devriez-vous-motiver-avec-un-pot-de-genial.png\",\"keywords\":[\"avec\",\"devriez\",\"g\u00e9nial\",\"motiver\",\"pot\",\"Vous\"],\"articleSection\":[\"Travail\"],\"inLanguage\":\"fr-BE\"},{\"@type\":\"WebPage\",\"@id\":\"https:\/\/vieassociative.be\/actualites\/vous-devriez-vous-motiver-avec-un-pot-de-genial\/\",\"url\":\"https:\/\/vieassociative.be\/actualites\/vous-devriez-vous-motiver-avec-un-pot-de-genial\/\",\"name\":\"Vous devriez vous motiver avec un \u00ab pot de g\u00e9nial \u00bb | Vie Associative\",\"isPartOf\":{\"@id\":\"https:\/\/vieassociative.be\/actualites\/#website\"},\"primaryImageOfPage\":{\"@id\":\"https:\/\/vieassociative.be\/actualites\/vous-devriez-vous-motiver-avec-un-pot-de-genial\/#primaryimage\"},\"image\":{\"@id\":\"https:\/\/vieassociative.be\/actualites\/vous-devriez-vous-motiver-avec-un-pot-de-genial\/#primaryimage\"},\"thumbnailUrl\":\"https:\/\/vieassociative.be\/actualites\/wp-content\/uploads\/2025\/11\/Vous-devriez-vous-motiver-avec-un-pot-de-genial.png\",\"datePublished\":\"2025-11-23T06:17:12+00:00\",\"dateModified\":\"2025-11-23T06:17:12+00:00\",\"breadcrumb\":{\"@id\":\"https:\/\/vieassociative.be\/actualites\/vous-devriez-vous-motiver-avec-un-pot-de-genial\/#breadcrumb\"},\"inLanguage\":\"fr-BE\",\"potentialAction\":[{\"@type\":\"ReadAction\",\"target\":[\"https:\/\/vieassociative.be\/actualites\/vous-devriez-vous-motiver-avec-un-pot-de-genial\/\"]}]},{\"@type\":\"ImageObject\",\"inLanguage\":\"fr-BE\",\"@id\":\"https:\/\/vieassociative.be\/actualites\/vous-devriez-vous-motiver-avec-un-pot-de-genial\/#primaryimage\",\"url\":\"https:\/\/vieassociative.be\/actualites\/wp-content\/uploads\/2025\/11\/Vous-devriez-vous-motiver-avec-un-pot-de-genial.png\",\"contentUrl\":\"https:\/\/vieassociative.be\/actualites\/wp-content\/uploads\/2025\/11\/Vous-devriez-vous-motiver-avec-un-pot-de-genial.png\",\"width\":1200,\"height\":675,\"caption\":\"Vous devriez vous motiver avec un \u00ab pot de g\u00e9nial \u00bb\"},{\"@type\":\"BreadcrumbList\",\"@id\":\"https:\/\/vieassociative.be\/actualites\/vous-devriez-vous-motiver-avec-un-pot-de-genial\/#breadcrumb\",\"itemListElement\":[{\"@type\":\"ListItem\",\"position\":1,\"name\":\"Accueil\",\"item\":\"https:\/\/vieassociative.be\/actualites\/\"},{\"@type\":\"ListItem\",\"position\":2,\"name\":\"Vous devriez vous motiver avec un \u00ab pot de g\u00e9nial \u00bb\"}]},{\"@type\":\"WebSite\",\"@id\":\"https:\/\/vieassociative.be\/actualites\/#website\",\"url\":\"https:\/\/vieassociative.be\/actualites\/\",\"name\":\"Vie Associative\",\"description\":\"\",\"publisher\":{\"@id\":\"https:\/\/vieassociative.be\/actualites\/#organization\"},\"potentialAction\":[{\"@type\":\"SearchAction\",\"target\":{\"@type\":\"EntryPoint\",\"urlTemplate\":\"https:\/\/vieassociative.be\/actualites\/?s={search_term_string}\"},\"query-input\":{\"@type\":\"PropertyValueSpecification\",\"valueRequired\":true,\"valueName\":\"search_term_string\"}}],\"inLanguage\":\"fr-BE\"},{\"@type\":\"Organization\",\"@id\":\"https:\/\/vieassociative.be\/actualites\/#organization\",\"name\":\"Vie Associative\",\"url\":\"https:\/\/vieassociative.be\/actualites\/\",\"logo\":{\"@type\":\"ImageObject\",\"inLanguage\":\"fr-BE\",\"@id\":\"https:\/\/vieassociative.be\/actualites\/#\/schema\/logo\/image\/\",\"url\":\"https:\/\/vieassociative.be\/actualites\/wp-content\/uploads\/2024\/09\/cropped-vieassociative_favicon.ico.png\",\"contentUrl\":\"https:\/\/vieassociative.be\/actualites\/wp-content\/uploads\/2024\/09\/cropped-vieassociative_favicon.ico.png\",\"width\":512,\"height\":512,\"caption\":\"Vie Associative\"},\"image\":{\"@id\":\"https:\/\/vieassociative.be\/actualites\/#\/schema\/logo\/image\/\"}},{\"@type\":\"Person\",\"@id\":\"https:\/\/vieassociative.be\/actualites\/#\/schema\/person\/b87ac4f82f9d4e7b7cec7395b679edc4\",\"name\":\"Julien\",\"image\":{\"@type\":\"ImageObject\",\"inLanguage\":\"fr-BE\",\"@id\":\"https:\/\/vieassociative.be\/actualites\/#\/schema\/person\/image\/\",\"url\":\"https:\/\/vieassociative.be\/actualites\/wp-content\/uploads\/2024\/09\/vie-associative-1-150x150.jpg\",\"contentUrl\":\"https:\/\/vieassociative.be\/actualites\/wp-content\/uploads\/2024\/09\/vie-associative-1-150x150.jpg\",\"caption\":\"Julien\"},\"description\":\"Je suis Julien, r\u00e9dacteur pour Vie Associative. Passionn\u00e9 par le monde associatif depuis plus de 10 ans, j'ai \u00e0 c\u0153ur de partager des histoires inspirantes et de mettre en lumi\u00e8re les initiatives locales. Mon objectif est de sensibiliser et d'encourager l'engagement communautaire \u00e0 travers mes articles.\",\"sameAs\":[\"https:\/\/vieassociative.be\/\"]}]}<\/script>\n<!-- \/ Yoast SEO plugin. -->","yoast_head_json":{"title":"Vous devriez vous motiver avec un \u00ab pot de g\u00e9nial \u00bb | Vie Associative","robots":{"index":"index","follow":"follow","max-snippet":"max-snippet:-1","max-image-preview":"max-image-preview:large","max-video-preview":"max-video-preview:-1"},"canonical":"https:\/\/vieassociative.be\/actualites\/vous-devriez-vous-motiver-avec-un-pot-de-genial\/","og_locale":"fr_FR","og_type":"article","og_title":"Vous devriez vous motiver avec un \u00ab pot de g\u00e9nial \u00bb | Vie Associative","og_description":"Vous pouvez adapter cette astuce \u00e0 vos besoins et l&rsquo;utiliser avec ou sans pot litt\u00e9ral. Lorsque vous faites le point sur ce que vous avez","og_url":"https:\/\/vieassociative.be\/actualites\/vous-devriez-vous-motiver-avec-un-pot-de-genial\/","og_site_name":"Vie Associative","article_published_time":"2025-11-23T06:17:12+00:00","og_image":[{"url":"https:\/\/vieassociative.be\/actualites\/wp-content\/uploads\/2025\/09\/1757726237_608_Meta-pourrait-devoiler-une-montre-intelligente-pour-controler-ses-lunettes.jpg","type":"","width":"","height":""}],"author":"Julien","twitter_card":"summary_large_image","twitter_misc":{"\u00c9crit par":"Julien","Dur\u00e9e de lecture est.":"4 minutes"},"schema":{"@context":"https:\/\/schema.org","@graph":[{"@type":"Article","@id":"https:\/\/vieassociative.be\/actualites\/vous-devriez-vous-motiver-avec-un-pot-de-genial\/#article","isPartOf":{"@id":"https:\/\/vieassociative.be\/actualites\/vous-devriez-vous-motiver-avec-un-pot-de-genial\/"},"author":{"name":"Julien","@id":"https:\/\/vieassociative.be\/actualites\/#\/schema\/person\/b87ac4f82f9d4e7b7cec7395b679edc4"},"headline":"Vous devriez vous motiver avec un \u00ab pot de g\u00e9nial \u00bb","datePublished":"2025-11-23T06:17:12+00:00","dateModified":"2025-11-23T06:17:12+00:00","mainEntityOfPage":{"@id":"https:\/\/vieassociative.be\/actualites\/vous-devriez-vous-motiver-avec-un-pot-de-genial\/"},"wordCount":860,"publisher":{"@id":"https:\/\/vieassociative.be\/actualites\/#organization"},"image":{"@id":"https:\/\/vieassociative.be\/actualites\/vous-devriez-vous-motiver-avec-un-pot-de-genial\/#primaryimage"},"thumbnailUrl":"https:\/\/vieassociative.be\/actualites\/wp-content\/uploads\/2025\/11\/Vous-devriez-vous-motiver-avec-un-pot-de-genial.png","keywords":["avec","devriez","g\u00e9nial","motiver","pot","Vous"],"articleSection":["Travail"],"inLanguage":"fr-BE"},{"@type":"WebPage","@id":"https:\/\/vieassociative.be\/actualites\/vous-devriez-vous-motiver-avec-un-pot-de-genial\/","url":"https:\/\/vieassociative.be\/actualites\/vous-devriez-vous-motiver-avec-un-pot-de-genial\/","name":"Vous devriez vous motiver avec un \u00ab pot de g\u00e9nial \u00bb | Vie Associative","isPartOf":{"@id":"https:\/\/vieassociative.be\/actualites\/#website"},"primaryImageOfPage":{"@id":"https:\/\/vieassociative.be\/actualites\/vous-devriez-vous-motiver-avec-un-pot-de-genial\/#primaryimage"},"image":{"@id":"https:\/\/vieassociative.be\/actualites\/vous-devriez-vous-motiver-avec-un-pot-de-genial\/#primaryimage"},"thumbnailUrl":"https:\/\/vieassociative.be\/actualites\/wp-content\/uploads\/2025\/11\/Vous-devriez-vous-motiver-avec-un-pot-de-genial.png","datePublished":"2025-11-23T06:17:12+00:00","dateModified":"2025-11-23T06:17:12+00:00","breadcrumb":{"@id":"https:\/\/vieassociative.be\/actualites\/vous-devriez-vous-motiver-avec-un-pot-de-genial\/#breadcrumb"},"inLanguage":"fr-BE","potentialAction":[{"@type":"ReadAction","target":["https:\/\/vieassociative.be\/actualites\/vous-devriez-vous-motiver-avec-un-pot-de-genial\/"]}]},{"@type":"ImageObject","inLanguage":"fr-BE","@id":"https:\/\/vieassociative.be\/actualites\/vous-devriez-vous-motiver-avec-un-pot-de-genial\/#primaryimage","url":"https:\/\/vieassociative.be\/actualites\/wp-content\/uploads\/2025\/11\/Vous-devriez-vous-motiver-avec-un-pot-de-genial.png","contentUrl":"https:\/\/vieassociative.be\/actualites\/wp-content\/uploads\/2025\/11\/Vous-devriez-vous-motiver-avec-un-pot-de-genial.png","width":1200,"height":675,"caption":"Vous devriez vous motiver avec un \u00ab pot de g\u00e9nial \u00bb"},{"@type":"BreadcrumbList","@id":"https:\/\/vieassociative.be\/actualites\/vous-devriez-vous-motiver-avec-un-pot-de-genial\/#breadcrumb","itemListElement":[{"@type":"ListItem","position":1,"name":"Accueil","item":"https:\/\/vieassociative.be\/actualites\/"},{"@type":"ListItem","position":2,"name":"Vous devriez vous motiver avec un \u00ab pot de g\u00e9nial \u00bb"}]},{"@type":"WebSite","@id":"https:\/\/vieassociative.be\/actualites\/#website","url":"https:\/\/vieassociative.be\/actualites\/","name":"Vie Associative","description":"","publisher":{"@id":"https:\/\/vieassociative.be\/actualites\/#organization"},"potentialAction":[{"@type":"SearchAction","target":{"@type":"EntryPoint","urlTemplate":"https:\/\/vieassociative.be\/actualites\/?s={search_term_string}"},"query-input":{"@type":"PropertyValueSpecification","valueRequired":true,"valueName":"search_term_string"}}],"inLanguage":"fr-BE"},{"@type":"Organization","@id":"https:\/\/vieassociative.be\/actualites\/#organization","name":"Vie Associative","url":"https:\/\/vieassociative.be\/actualites\/","logo":{"@type":"ImageObject","inLanguage":"fr-BE","@id":"https:\/\/vieassociative.be\/actualites\/#\/schema\/logo\/image\/","url":"https:\/\/vieassociative.be\/actualites\/wp-content\/uploads\/2024\/09\/cropped-vieassociative_favicon.ico.png","contentUrl":"https:\/\/vieassociative.be\/actualites\/wp-content\/uploads\/2024\/09\/cropped-vieassociative_favicon.ico.png","width":512,"height":512,"caption":"Vie Associative"},"image":{"@id":"https:\/\/vieassociative.be\/actualites\/#\/schema\/logo\/image\/"}},{"@type":"Person","@id":"https:\/\/vieassociative.be\/actualites\/#\/schema\/person\/b87ac4f82f9d4e7b7cec7395b679edc4","name":"Julien","image":{"@type":"ImageObject","inLanguage":"fr-BE","@id":"https:\/\/vieassociative.be\/actualites\/#\/schema\/person\/image\/","url":"https:\/\/vieassociative.be\/actualites\/wp-content\/uploads\/2024\/09\/vie-associative-1-150x150.jpg","contentUrl":"https:\/\/vieassociative.be\/actualites\/wp-content\/uploads\/2024\/09\/vie-associative-1-150x150.jpg","caption":"Julien"},"description":"Je suis Julien, r\u00e9dacteur pour Vie Associative. Passionn\u00e9 par le monde associatif depuis plus de 10 ans, j'ai \u00e0 c\u0153ur de partager des histoires inspirantes et de mettre en lumi\u00e8re les initiatives locales. Mon objectif est de sensibiliser et d'encourager l'engagement communautaire \u00e0 travers mes articles.","sameAs":["https:\/\/vieassociative.be\/"]}]}},"_links":{"self":[{"href":"https:\/\/vieassociative.be\/actualites\/wp-json\/wp\/v2\/posts\/11489"}],"collection":[{"href":"https:\/\/vieassociative.be\/actualites\/wp-json\/wp\/v2\/posts"}],"about":[{"href":"https:\/\/vieassociative.be\/actualites\/wp-json\/wp\/v2\/types\/post"}],"author":[{"embeddable":true,"href":"https:\/\/vieassociative.be\/actualites\/wp-json\/wp\/v2\/users\/1"}],"replies":[{"embeddable":true,"href":"https:\/\/vieassociative.be\/actualites\/wp-json\/wp\/v2\/comments?post=11489"}],"version-history":[{"count":0,"href":"https:\/\/vieassociative.be\/actualites\/wp-json\/wp\/v2\/posts\/11489\/revisions"}],"wp:featuredmedia":[{"embeddable":true,"href":"https:\/\/vieassociative.be\/actualites\/wp-json\/wp\/v2\/media\/11490"}],"wp:attachment":[{"href":"https:\/\/vieassociative.be\/actualites\/wp-json\/wp\/v2\/media?parent=11489"}],"wp:term":[{"taxonomy":"category","embeddable":true,"href":"https:\/\/vieassociative.be\/actualites\/wp-json\/wp\/v2\/categories?post=11489"},{"taxonomy":"post_tag","embeddable":true,"href":"https:\/\/vieassociative.be\/actualites\/wp-json\/wp\/v2\/tags?post=11489"}],"curies":[{"name":"wp","href":"https:\/\/api.w.org\/{rel}","templated":true}]}}