{"id":11484,"date":"2025-11-22T21:17:12","date_gmt":"2025-11-22T20:17:12","guid":{"rendered":"https:\/\/vieassociative.be\/actualites\/62-le-bayern-reussit-un-grand-gala-de-retour-apres-avoir-ete-mene-2-0\/"},"modified":"2025-11-22T21:17:12","modified_gmt":"2025-11-22T20:17:12","slug":"62-le-bayern-reussit-un-grand-gala-de-retour-apres-avoir-ete-mene-2-0","status":"publish","type":"post","link":"https:\/\/vieassociative.be\/actualites\/62-le-bayern-reussit-un-grand-gala-de-retour-apres-avoir-ete-mene-2-0\/","title":{"rendered":"6:2 \u2013 Le Bayern r\u00e9ussit un grand gala de retour apr\u00e8s avoir \u00e9t\u00e9 men\u00e9 2-0"},"content":{"rendered":"<p><strong>Le FC Bayern peut aussi faire de beaux retours. Apr\u00e8s 20 minutes de sommeil profond et un d\u00e9ficit de 2-0, les champions de football allemands, men\u00e9s par le meilleur buteur Michael Olise et la jeune star Lennart Karl, se sont ralli\u00e9s \u00e0 un score encore plus brillant 6:2 (2:2) contre le SC Fribourg.<\/strong><\/p>\n<p><span id=\"more-430245\"><\/span>Tout \u00e9tait donc normal \u00e0 la Munich Arena apr\u00e8s un apr\u00e8s-midi de Bundesliga tout sauf normal. Les buts des leaders du championnat, toujours invaincus, ont \u00e9t\u00e9 marqu\u00e9s par Karl (22e minute), Olise \u00e0 deux reprises (45e + 2\/84e), Dayot Upamecano (55e), Harry Kane (60e) et Nicolas Jackson (71e), qui a remplac\u00e9 Karl malade.<\/p>\n<div id=\"attachment_430247\" class=\"wp-caption alignleft\" style=\"max-width: 300px\"><img fetchpriority=\"high\" decoding=\"async\" class=\"wp-image-430247 size-medium\" src=\"https:\/\/vieassociative.be\/actualites\/wp-content\/uploads\/2025\/11\/62-\u2013-Le-Bayern-reussit-un-grand-gala-de-retour.jpg\" alt=\"\" width=\"300\" height=\"237\"><\/div>\n<p>Apr\u00e8s un d\u00e9but de r\u00eave, Fribourg a pu go\u00fbter \u00e0 sa premi\u00e8re victoire en Bundesliga \u00e0 Munich lors de la 26e tentative. Yuito Suzuki (12e) et Johan Manzambi (17e) ont cr\u00e9\u00e9 la surprise dans une Allianz Arena \u00e0 guichets ferm\u00e9s avec leurs buts sur corner de Jan-Niklas Beste. Qu&rsquo;est-ce qui ne va pas avec la toute-puissante \u00e9quipe munichoise, ont demand\u00e9 les 75 000 spectateurs pr\u00e9sents dans les tribunes ?<\/p>\n<p>Plus tard, s&rsquo;ils \u00e9taient sympathisants du Bayern, ils ont pu c\u00e9l\u00e9brer non seulement quatre buts et la prochaine victoire, mais aussi un autre record. L&rsquo;\u00e9quipe munichoise dirig\u00e9e par Vincent Kompany est premi\u00e8re du classement depuis 43 journ\u00e9es de match, toutes saisons confondues. Eux seuls pouvaient le faire auparavant, il y a plus de 50 ans, entre mars 1972 et juin 1973, sous Udo Lattek. (dpa)<\/p>\n","protected":false},"excerpt":{"rendered":"<p>Le FC Bayern peut aussi faire de beaux retours. Apr\u00e8s 20 minutes de sommeil profond et un d\u00e9ficit de 2-0, les champions de football allemands,<\/p>\n","protected":false},"author":1,"featured_media":11485,"comment_status":"","ping_status":"","sticky":false,"template":"","format":"standard","meta":{"footnotes":""},"categories":[298],"tags":[472,224,2298,217,4075,1119,5541,787,5744],"class_list":["post-11484","post","type-post","status-publish","format-standard","has-post-thumbnail","hentry","category-belgique","tag-apres","tag-avoir","tag-bayern","tag-ete","tag-gala","tag-grand","tag-mene","tag-retour","tag-reussit","generate-columns","tablet-grid-50","mobile-grid-100","grid-parent","grid-33"],"yoast_head":"<!-- This site is optimized with the Yoast SEO plugin v24.0 - https:\/\/yoast.com\/wordpress\/plugins\/seo\/ -->\n<title>6:2 \u2013 Le Bayern r\u00e9ussit un grand gala de retour apr\u00e8s avoir \u00e9t\u00e9 men\u00e9 2-0 | Vie Associative<\/title>\n<meta name=\"robots\" content=\"index, follow, max-snippet:-1, max-image-preview:large, max-video-preview:-1\" \/>\n<link rel=\"canonical\" href=\"https:\/\/vieassociative.be\/actualites\/62-le-bayern-reussit-un-grand-gala-de-retour-apres-avoir-ete-mene-2-0\/\" \/>\n<meta property=\"og:locale\" content=\"fr_FR\" \/>\n<meta property=\"og:type\" content=\"article\" \/>\n<meta property=\"og:title\" content=\"6:2 \u2013 Le Bayern r\u00e9ussit un grand gala de retour apr\u00e8s avoir \u00e9t\u00e9 men\u00e9 2-0 | Vie Associative\" \/>\n<meta property=\"og:description\" content=\"Le FC Bayern peut aussi faire de beaux retours. Apr\u00e8s 20 minutes de sommeil profond et un d\u00e9ficit de 2-0, les champions de football allemands,\" \/>\n<meta property=\"og:url\" content=\"https:\/\/vieassociative.be\/actualites\/62-le-bayern-reussit-un-grand-gala-de-retour-apres-avoir-ete-mene-2-0\/\" \/>\n<meta property=\"og:site_name\" content=\"Vie Associative\" \/>\n<meta property=\"article:published_time\" content=\"2025-11-22T20:17:12+00:00\" \/>\n<meta property=\"og:image\" content=\"https:\/\/vieassociative.be\/actualites\/wp-content\/uploads\/2024\/09\/header_backgroundk-01-e1726694325946.png\" \/>\n\t<meta property=\"og:image:width\" content=\"279\" \/>\n\t<meta property=\"og:image:height\" content=\"92\" \/>\n\t<meta property=\"og:image:type\" content=\"image\/png\" \/>\n<meta name=\"author\" content=\"Julien\" \/>\n<meta name=\"twitter:card\" content=\"summary_large_image\" \/>\n<meta name=\"twitter:label1\" content=\"\u00c9crit par\" \/>\n\t<meta name=\"twitter:data1\" content=\"Julien\" \/>\n\t<meta name=\"twitter:label2\" content=\"Dur\u00e9e de lecture est.\" \/>\n\t<meta name=\"twitter:data2\" content=\"1 minute\" \/>\n<script type=\"application\/ld+json\" class=\"yoast-schema-graph\">{\"@context\":\"https:\/\/schema.org\",\"@graph\":[{\"@type\":\"Article\",\"@id\":\"https:\/\/vieassociative.be\/actualites\/62-le-bayern-reussit-un-grand-gala-de-retour-apres-avoir-ete-mene-2-0\/#article\",\"isPartOf\":{\"@id\":\"https:\/\/vieassociative.be\/actualites\/62-le-bayern-reussit-un-grand-gala-de-retour-apres-avoir-ete-mene-2-0\/\"},\"author\":{\"name\":\"Julien\",\"@id\":\"https:\/\/vieassociative.be\/actualites\/#\/schema\/person\/b87ac4f82f9d4e7b7cec7395b679edc4\"},\"headline\":\"6:2 \u2013 Le Bayern r\u00e9ussit un grand gala de retour apr\u00e8s avoir \u00e9t\u00e9 men\u00e9 2-0\",\"datePublished\":\"2025-11-22T20:17:12+00:00\",\"dateModified\":\"2025-11-22T20:17:12+00:00\",\"mainEntityOfPage\":{\"@id\":\"https:\/\/vieassociative.be\/actualites\/62-le-bayern-reussit-un-grand-gala-de-retour-apres-avoir-ete-mene-2-0\/\"},\"wordCount\":260,\"publisher\":{\"@id\":\"https:\/\/vieassociative.be\/actualites\/#organization\"},\"image\":{\"@id\":\"https:\/\/vieassociative.be\/actualites\/62-le-bayern-reussit-un-grand-gala-de-retour-apres-avoir-ete-mene-2-0\/#primaryimage\"},\"thumbnailUrl\":\"https:\/\/vieassociative.be\/actualites\/wp-content\/uploads\/2025\/11\/1763842633_62-\u2013-Le-Bayern-reussit-un-grand-gala-de-retour.jpg\",\"keywords\":[\"Apr\u00e8s\",\"avoir\",\"Bayern\",\"\u00e9t\u00e9\",\"Gala\",\"grand\",\"m\u00e8ne\",\"retour\",\"r\u00e9ussit\"],\"articleSection\":[\"Belgique\"],\"inLanguage\":\"fr-BE\"},{\"@type\":\"WebPage\",\"@id\":\"https:\/\/vieassociative.be\/actualites\/62-le-bayern-reussit-un-grand-gala-de-retour-apres-avoir-ete-mene-2-0\/\",\"url\":\"https:\/\/vieassociative.be\/actualites\/62-le-bayern-reussit-un-grand-gala-de-retour-apres-avoir-ete-mene-2-0\/\",\"name\":\"6:2 \u2013 Le Bayern r\u00e9ussit un grand gala de retour apr\u00e8s avoir \u00e9t\u00e9 men\u00e9 2-0 | Vie Associative\",\"isPartOf\":{\"@id\":\"https:\/\/vieassociative.be\/actualites\/#website\"},\"primaryImageOfPage\":{\"@id\":\"https:\/\/vieassociative.be\/actualites\/62-le-bayern-reussit-un-grand-gala-de-retour-apres-avoir-ete-mene-2-0\/#primaryimage\"},\"image\":{\"@id\":\"https:\/\/vieassociative.be\/actualites\/62-le-bayern-reussit-un-grand-gala-de-retour-apres-avoir-ete-mene-2-0\/#primaryimage\"},\"thumbnailUrl\":\"https:\/\/vieassociative.be\/actualites\/wp-content\/uploads\/2025\/11\/1763842633_62-\u2013-Le-Bayern-reussit-un-grand-gala-de-retour.jpg\",\"datePublished\":\"2025-11-22T20:17:12+00:00\",\"dateModified\":\"2025-11-22T20:17:12+00:00\",\"breadcrumb\":{\"@id\":\"https:\/\/vieassociative.be\/actualites\/62-le-bayern-reussit-un-grand-gala-de-retour-apres-avoir-ete-mene-2-0\/#breadcrumb\"},\"inLanguage\":\"fr-BE\",\"potentialAction\":[{\"@type\":\"ReadAction\",\"target\":[\"https:\/\/vieassociative.be\/actualites\/62-le-bayern-reussit-un-grand-gala-de-retour-apres-avoir-ete-mene-2-0\/\"]}]},{\"@type\":\"ImageObject\",\"inLanguage\":\"fr-BE\",\"@id\":\"https:\/\/vieassociative.be\/actualites\/62-le-bayern-reussit-un-grand-gala-de-retour-apres-avoir-ete-mene-2-0\/#primaryimage\",\"url\":\"https:\/\/vieassociative.be\/actualites\/wp-content\/uploads\/2025\/11\/1763842633_62-\u2013-Le-Bayern-reussit-un-grand-gala-de-retour.jpg\",\"contentUrl\":\"https:\/\/vieassociative.be\/actualites\/wp-content\/uploads\/2025\/11\/1763842633_62-\u2013-Le-Bayern-reussit-un-grand-gala-de-retour.jpg\",\"width\":1200,\"height\":832,\"caption\":\"6:2 \u2013 Le Bayern r\u00e9ussit un grand gala de retour apr\u00e8s avoir \u00e9t\u00e9 men\u00e9 2-0\"},{\"@type\":\"BreadcrumbList\",\"@id\":\"https:\/\/vieassociative.be\/actualites\/62-le-bayern-reussit-un-grand-gala-de-retour-apres-avoir-ete-mene-2-0\/#breadcrumb\",\"itemListElement\":[{\"@type\":\"ListItem\",\"position\":1,\"name\":\"Accueil\",\"item\":\"https:\/\/vieassociative.be\/actualites\/\"},{\"@type\":\"ListItem\",\"position\":2,\"name\":\"6:2 \u2013 Le Bayern r\u00e9ussit un grand gala de retour apr\u00e8s avoir \u00e9t\u00e9 men\u00e9 2-0\"}]},{\"@type\":\"WebSite\",\"@id\":\"https:\/\/vieassociative.be\/actualites\/#website\",\"url\":\"https:\/\/vieassociative.be\/actualites\/\",\"name\":\"Vie Associative\",\"description\":\"\",\"publisher\":{\"@id\":\"https:\/\/vieassociative.be\/actualites\/#organization\"},\"potentialAction\":[{\"@type\":\"SearchAction\",\"target\":{\"@type\":\"EntryPoint\",\"urlTemplate\":\"https:\/\/vieassociative.be\/actualites\/?s={search_term_string}\"},\"query-input\":{\"@type\":\"PropertyValueSpecification\",\"valueRequired\":true,\"valueName\":\"search_term_string\"}}],\"inLanguage\":\"fr-BE\"},{\"@type\":\"Organization\",\"@id\":\"https:\/\/vieassociative.be\/actualites\/#organization\",\"name\":\"Vie Associative\",\"url\":\"https:\/\/vieassociative.be\/actualites\/\",\"logo\":{\"@type\":\"ImageObject\",\"inLanguage\":\"fr-BE\",\"@id\":\"https:\/\/vieassociative.be\/actualites\/#\/schema\/logo\/image\/\",\"url\":\"https:\/\/vieassociative.be\/actualites\/wp-content\/uploads\/2024\/09\/cropped-vieassociative_favicon.ico.png\",\"contentUrl\":\"https:\/\/vieassociative.be\/actualites\/wp-content\/uploads\/2024\/09\/cropped-vieassociative_favicon.ico.png\",\"width\":512,\"height\":512,\"caption\":\"Vie Associative\"},\"image\":{\"@id\":\"https:\/\/vieassociative.be\/actualites\/#\/schema\/logo\/image\/\"}},{\"@type\":\"Person\",\"@id\":\"https:\/\/vieassociative.be\/actualites\/#\/schema\/person\/b87ac4f82f9d4e7b7cec7395b679edc4\",\"name\":\"Julien\",\"image\":{\"@type\":\"ImageObject\",\"inLanguage\":\"fr-BE\",\"@id\":\"https:\/\/vieassociative.be\/actualites\/#\/schema\/person\/image\/\",\"url\":\"https:\/\/vieassociative.be\/actualites\/wp-content\/uploads\/2024\/09\/vie-associative-1-150x150.jpg\",\"contentUrl\":\"https:\/\/vieassociative.be\/actualites\/wp-content\/uploads\/2024\/09\/vie-associative-1-150x150.jpg\",\"caption\":\"Julien\"},\"description\":\"Je suis Julien, r\u00e9dacteur pour Vie Associative. Passionn\u00e9 par le monde associatif depuis plus de 10 ans, j'ai \u00e0 c\u0153ur de partager des histoires inspirantes et de mettre en lumi\u00e8re les initiatives locales. Mon objectif est de sensibiliser et d'encourager l'engagement communautaire \u00e0 travers mes articles.\",\"sameAs\":[\"https:\/\/vieassociative.be\/\"]}]}<\/script>\n<!-- \/ Yoast SEO plugin. -->","yoast_head_json":{"title":"6:2 \u2013 Le Bayern r\u00e9ussit un grand gala de retour apr\u00e8s avoir \u00e9t\u00e9 men\u00e9 2-0 | Vie Associative","robots":{"index":"index","follow":"follow","max-snippet":"max-snippet:-1","max-image-preview":"max-image-preview:large","max-video-preview":"max-video-preview:-1"},"canonical":"https:\/\/vieassociative.be\/actualites\/62-le-bayern-reussit-un-grand-gala-de-retour-apres-avoir-ete-mene-2-0\/","og_locale":"fr_FR","og_type":"article","og_title":"6:2 \u2013 Le Bayern r\u00e9ussit un grand gala de retour apr\u00e8s avoir \u00e9t\u00e9 men\u00e9 2-0 | Vie Associative","og_description":"Le FC Bayern peut aussi faire de beaux retours. Apr\u00e8s 20 minutes de sommeil profond et un d\u00e9ficit de 2-0, les champions de football allemands,","og_url":"https:\/\/vieassociative.be\/actualites\/62-le-bayern-reussit-un-grand-gala-de-retour-apres-avoir-ete-mene-2-0\/","og_site_name":"Vie Associative","article_published_time":"2025-11-22T20:17:12+00:00","og_image":[{"width":279,"height":92,"url":"https:\/\/vieassociative.be\/actualites\/wp-content\/uploads\/2024\/09\/header_backgroundk-01-e1726694325946.png","type":"image\/png"}],"author":"Julien","twitter_card":"summary_large_image","twitter_misc":{"\u00c9crit par":"Julien","Dur\u00e9e de lecture est.":"1 minute"},"schema":{"@context":"https:\/\/schema.org","@graph":[{"@type":"Article","@id":"https:\/\/vieassociative.be\/actualites\/62-le-bayern-reussit-un-grand-gala-de-retour-apres-avoir-ete-mene-2-0\/#article","isPartOf":{"@id":"https:\/\/vieassociative.be\/actualites\/62-le-bayern-reussit-un-grand-gala-de-retour-apres-avoir-ete-mene-2-0\/"},"author":{"name":"Julien","@id":"https:\/\/vieassociative.be\/actualites\/#\/schema\/person\/b87ac4f82f9d4e7b7cec7395b679edc4"},"headline":"6:2 \u2013 Le Bayern r\u00e9ussit un grand gala de retour apr\u00e8s avoir \u00e9t\u00e9 men\u00e9 2-0","datePublished":"2025-11-22T20:17:12+00:00","dateModified":"2025-11-22T20:17:12+00:00","mainEntityOfPage":{"@id":"https:\/\/vieassociative.be\/actualites\/62-le-bayern-reussit-un-grand-gala-de-retour-apres-avoir-ete-mene-2-0\/"},"wordCount":260,"publisher":{"@id":"https:\/\/vieassociative.be\/actualites\/#organization"},"image":{"@id":"https:\/\/vieassociative.be\/actualites\/62-le-bayern-reussit-un-grand-gala-de-retour-apres-avoir-ete-mene-2-0\/#primaryimage"},"thumbnailUrl":"https:\/\/vieassociative.be\/actualites\/wp-content\/uploads\/2025\/11\/1763842633_62-\u2013-Le-Bayern-reussit-un-grand-gala-de-retour.jpg","keywords":["Apr\u00e8s","avoir","Bayern","\u00e9t\u00e9","Gala","grand","m\u00e8ne","retour","r\u00e9ussit"],"articleSection":["Belgique"],"inLanguage":"fr-BE"},{"@type":"WebPage","@id":"https:\/\/vieassociative.be\/actualites\/62-le-bayern-reussit-un-grand-gala-de-retour-apres-avoir-ete-mene-2-0\/","url":"https:\/\/vieassociative.be\/actualites\/62-le-bayern-reussit-un-grand-gala-de-retour-apres-avoir-ete-mene-2-0\/","name":"6:2 \u2013 Le Bayern r\u00e9ussit un grand gala de retour apr\u00e8s avoir \u00e9t\u00e9 men\u00e9 2-0 | Vie Associative","isPartOf":{"@id":"https:\/\/vieassociative.be\/actualites\/#website"},"primaryImageOfPage":{"@id":"https:\/\/vieassociative.be\/actualites\/62-le-bayern-reussit-un-grand-gala-de-retour-apres-avoir-ete-mene-2-0\/#primaryimage"},"image":{"@id":"https:\/\/vieassociative.be\/actualites\/62-le-bayern-reussit-un-grand-gala-de-retour-apres-avoir-ete-mene-2-0\/#primaryimage"},"thumbnailUrl":"https:\/\/vieassociative.be\/actualites\/wp-content\/uploads\/2025\/11\/1763842633_62-\u2013-Le-Bayern-reussit-un-grand-gala-de-retour.jpg","datePublished":"2025-11-22T20:17:12+00:00","dateModified":"2025-11-22T20:17:12+00:00","breadcrumb":{"@id":"https:\/\/vieassociative.be\/actualites\/62-le-bayern-reussit-un-grand-gala-de-retour-apres-avoir-ete-mene-2-0\/#breadcrumb"},"inLanguage":"fr-BE","potentialAction":[{"@type":"ReadAction","target":["https:\/\/vieassociative.be\/actualites\/62-le-bayern-reussit-un-grand-gala-de-retour-apres-avoir-ete-mene-2-0\/"]}]},{"@type":"ImageObject","inLanguage":"fr-BE","@id":"https:\/\/vieassociative.be\/actualites\/62-le-bayern-reussit-un-grand-gala-de-retour-apres-avoir-ete-mene-2-0\/#primaryimage","url":"https:\/\/vieassociative.be\/actualites\/wp-content\/uploads\/2025\/11\/1763842633_62-\u2013-Le-Bayern-reussit-un-grand-gala-de-retour.jpg","contentUrl":"https:\/\/vieassociative.be\/actualites\/wp-content\/uploads\/2025\/11\/1763842633_62-\u2013-Le-Bayern-reussit-un-grand-gala-de-retour.jpg","width":1200,"height":832,"caption":"6:2 \u2013 Le Bayern r\u00e9ussit un grand gala de retour apr\u00e8s avoir \u00e9t\u00e9 men\u00e9 2-0"},{"@type":"BreadcrumbList","@id":"https:\/\/vieassociative.be\/actualites\/62-le-bayern-reussit-un-grand-gala-de-retour-apres-avoir-ete-mene-2-0\/#breadcrumb","itemListElement":[{"@type":"ListItem","position":1,"name":"Accueil","item":"https:\/\/vieassociative.be\/actualites\/"},{"@type":"ListItem","position":2,"name":"6:2 \u2013 Le Bayern r\u00e9ussit un grand gala de retour apr\u00e8s avoir \u00e9t\u00e9 men\u00e9 2-0"}]},{"@type":"WebSite","@id":"https:\/\/vieassociative.be\/actualites\/#website","url":"https:\/\/vieassociative.be\/actualites\/","name":"Vie Associative","description":"","publisher":{"@id":"https:\/\/vieassociative.be\/actualites\/#organization"},"potentialAction":[{"@type":"SearchAction","target":{"@type":"EntryPoint","urlTemplate":"https:\/\/vieassociative.be\/actualites\/?s={search_term_string}"},"query-input":{"@type":"PropertyValueSpecification","valueRequired":true,"valueName":"search_term_string"}}],"inLanguage":"fr-BE"},{"@type":"Organization","@id":"https:\/\/vieassociative.be\/actualites\/#organization","name":"Vie Associative","url":"https:\/\/vieassociative.be\/actualites\/","logo":{"@type":"ImageObject","inLanguage":"fr-BE","@id":"https:\/\/vieassociative.be\/actualites\/#\/schema\/logo\/image\/","url":"https:\/\/vieassociative.be\/actualites\/wp-content\/uploads\/2024\/09\/cropped-vieassociative_favicon.ico.png","contentUrl":"https:\/\/vieassociative.be\/actualites\/wp-content\/uploads\/2024\/09\/cropped-vieassociative_favicon.ico.png","width":512,"height":512,"caption":"Vie Associative"},"image":{"@id":"https:\/\/vieassociative.be\/actualites\/#\/schema\/logo\/image\/"}},{"@type":"Person","@id":"https:\/\/vieassociative.be\/actualites\/#\/schema\/person\/b87ac4f82f9d4e7b7cec7395b679edc4","name":"Julien","image":{"@type":"ImageObject","inLanguage":"fr-BE","@id":"https:\/\/vieassociative.be\/actualites\/#\/schema\/person\/image\/","url":"https:\/\/vieassociative.be\/actualites\/wp-content\/uploads\/2024\/09\/vie-associative-1-150x150.jpg","contentUrl":"https:\/\/vieassociative.be\/actualites\/wp-content\/uploads\/2024\/09\/vie-associative-1-150x150.jpg","caption":"Julien"},"description":"Je suis Julien, r\u00e9dacteur pour Vie Associative. Passionn\u00e9 par le monde associatif depuis plus de 10 ans, j'ai \u00e0 c\u0153ur de partager des histoires inspirantes et de mettre en lumi\u00e8re les initiatives locales. Mon objectif est de sensibiliser et d'encourager l'engagement communautaire \u00e0 travers mes articles.","sameAs":["https:\/\/vieassociative.be\/"]}]}},"_links":{"self":[{"href":"https:\/\/vieassociative.be\/actualites\/wp-json\/wp\/v2\/posts\/11484"}],"collection":[{"href":"https:\/\/vieassociative.be\/actualites\/wp-json\/wp\/v2\/posts"}],"about":[{"href":"https:\/\/vieassociative.be\/actualites\/wp-json\/wp\/v2\/types\/post"}],"author":[{"embeddable":true,"href":"https:\/\/vieassociative.be\/actualites\/wp-json\/wp\/v2\/users\/1"}],"replies":[{"embeddable":true,"href":"https:\/\/vieassociative.be\/actualites\/wp-json\/wp\/v2\/comments?post=11484"}],"version-history":[{"count":0,"href":"https:\/\/vieassociative.be\/actualites\/wp-json\/wp\/v2\/posts\/11484\/revisions"}],"wp:featuredmedia":[{"embeddable":true,"href":"https:\/\/vieassociative.be\/actualites\/wp-json\/wp\/v2\/media\/11485"}],"wp:attachment":[{"href":"https:\/\/vieassociative.be\/actualites\/wp-json\/wp\/v2\/media?parent=11484"}],"wp:term":[{"taxonomy":"category","embeddable":true,"href":"https:\/\/vieassociative.be\/actualites\/wp-json\/wp\/v2\/categories?post=11484"},{"taxonomy":"post_tag","embeddable":true,"href":"https:\/\/vieassociative.be\/actualites\/wp-json\/wp\/v2\/tags?post=11484"}],"curies":[{"name":"wp","href":"https:\/\/api.w.org\/{rel}","templated":true}]}}