{"id":11480,"date":"2025-11-22T19:17:57","date_gmt":"2025-11-22T18:17:57","guid":{"rendered":"https:\/\/vieassociative.be\/actualites\/comment-commencer-votre-journee-avec-une-decharge-cerebrale-peut-vous-rendre-plus-productif\/"},"modified":"2025-11-22T19:17:57","modified_gmt":"2025-11-22T18:17:57","slug":"comment-commencer-votre-journee-avec-une-decharge-cerebrale-peut-vous-rendre-plus-productif","status":"publish","type":"post","link":"https:\/\/vieassociative.be\/actualites\/comment-commencer-votre-journee-avec-une-decharge-cerebrale-peut-vous-rendre-plus-productif\/","title":{"rendered":"Comment commencer votre journ\u00e9e avec une \u00ab d\u00e9charge c\u00e9r\u00e9brale \u00bb peut vous rendre plus productif"},"content":{"rendered":"<div class=\"mt-4 leading-6 md:mb-8\">Faites cela d\u00e8s le matin pour bien commencer votre journ\u00e9e.<\/div>\n<p><\/p>\n<p>Vous \u00eates-vous d\u00e9j\u00e0 r\u00e9veill\u00e9 et avez-vous \u00e9t\u00e9 imm\u00e9diatement rempli d&rsquo;effroi parce que la journ\u00e9e qui vous attend est <em>tellement occup\u00e9<\/em>? \u00c7a m&rsquo;arrive <em>tous <\/em>l&rsquo;heure et c&rsquo;est, franchement, une fa\u00e7on mis\u00e9rable de saluer le matin, donnant un ton tout aussi mis\u00e9rable \u00e0 la journ\u00e9e. Cela ne vous pr\u00e9pare tout simplement pas \u00e0 vivre une exp\u00e9rience positive ou \u00e0 \u00eatre productif. Il existe cependant un moyen de redresser rapidement le navire et de transformer toutes ces t\u00e2ches en motivation. C&rsquo;est ce qu&rsquo;on appelle un \u00ab brain dump \u00bb et vous devriez essayer d&rsquo;en faire un le matin pour avoir une journ\u00e9e plus productive et plus paisible. <\/p>\n<h2 id=\"what-is-a-brain-dump\">Qu\u2019est-ce qu\u2019un brain dump ?<\/h2>\n<p>Un brain dump est similaire \u00e0 un brainstorming, sauf que vous videz en r\u00e9alit\u00e9 (au sens figur\u00e9) le contenu de votre cerveau. Dans ce cas, vous les d\u00e9posez dans un cahier, un agenda ou un document num\u00e9rique. Le vieux dictionnaire Merriam-Webster d\u00e9finit une d\u00e9charge c\u00e9r\u00e9brale comme \u00ab l&rsquo;acte ou l&rsquo;instance consistant \u00e0 exprimer et \u00e0 enregistrer de mani\u00e8re compl\u00e8te et sans esprit critique ses pens\u00e9es et ses id\u00e9es \u00bb. Lorsque vous le faites pour la productivit\u00e9, cette partie \u00ab sans esprit critique \u00bb est importante. Notez simplement tout ce que vous devez faire dans la journ\u00e9e. Ne cat\u00e9gorisez ni ne priorisez quoi que ce soit\u00a0; vous y arriverez. <\/p>\n<p>Une d\u00e9charge de cerveau peut inclure n&rsquo;importe quoi, de \u00ab terminer le grand projet au travail \u00bb \u00e0 \u00ab emmener le chien chez le toiletteur \u00bb en passant par \u00ab acheter les ingr\u00e9dients pour le g\u00e2teau d&rsquo;anniversaire de mon enfant \u00bb. Cela peut inclure des choses encore plus petites comme \u00ab apporter du papier toilette de remplacement \u00e0 la salle de bain \u00bb ou \u00ab appeler maman \u00bb. N&rsquo;ayez pas non plus peur de mettre de c\u00f4t\u00e9 tout ce qui vous attend dans les prochains jours, si ces choses vous pr\u00e9occupent aujourd&rsquo;hui. <\/p>\n<div class=\"mx-auto mb-12 mt-5 w-full max-w-3xl rounded-md border-2 border-gray-100 p-3 shadow-md md:px-7 md:pb-7 md:pt-5\" id=\"related-video\">\n<div class=\"mb-3 flex items-center md:mb-5\">\n        <img decoding=\"async\" class=\"mr-4 mt-0 h-10 w-10 md:mr-5 md:h-12 md:w-12\" src=\"https:\/\/vieassociative.be\/actualites\/wp-content\/uploads\/2025\/09\/1757726237_608_Meta-pourrait-devoiler-une-montre-intelligente-pour-controler-ses-lunettes.jpg\" alt=\"Logo du pirate de la vie\"><\/p><\/div>\n<div class=\"aspect-video w-full overflow-hidden rounded-md\">\n<div id=\"video-container-01KAPCG33P0NR297JJ26K6JYK5\"><\/div>\n<\/p><\/div>\n<\/div>\n<p>\u00c0 titre d&rsquo;exemple, je viens de parcourir un ancien que je conservais (plus \u00e0 ce sujet dans une minute) et j&rsquo;ai remarqu\u00e9 des t\u00e2ches dans tous les domaines de ma vie\u00a0: terminer ma liste de pr\u00e9sentations de grandes histoires (travail), faire mes ajouts \u00e0 une feuille de calcul commune (travail), envoyer mes invitations \u00e0 une f\u00eate d&rsquo;anniversaire (personnel), v\u00e9rifier le cours pour lequel je suis sur liste d&rsquo;attente (\u00e9cole), faire mes cils (personnel), pr\u00e9parer ma lessive pour le nettoyeur (personnel), envoyer mon ordinateur au magasin (travail, personnel, <em>et <\/em>\u00e9cole). Il y en avait bien plus que cela, mais vous voyez l\u2019id\u00e9e. <\/p>\n<p>Votre objectif lorsque vous effectuez un vidage c\u00e9r\u00e9bral devrait \u00eatre de voir le volume des t\u00e2ches et de sentir le poids de leur m\u00e9morisation s&rsquo;\u00e9loigner de votre cerveau. M\u00eame si vous vous arr\u00eatiez l\u00e0, avec ce fouillis de responsabilit\u00e9s et de choses \u00e0 faire, vous les auriez toutes \u00e9crites et vous pourriez arr\u00eater d&rsquo;y penser encore et encore. Mais vous n\u2019avez pas fini ici. <\/p>\n<h2 id=\"prioritize-your-brain-dump\">Donnez la priorit\u00e9 \u00e0 votre vidage c\u00e9r\u00e9bral<\/h2>\n<p>Maintenant que chaque t\u00e2che est \u00e9crite quelque part, il est temps de les hi\u00e9rarchiser. Ma m\u00e9thode de priorisation pr\u00e9f\u00e9r\u00e9e est la matrice d&rsquo;Eisenhower, qui vous oblige \u00e0 identifier quelles t\u00e2ches sont urgentes et importantes ; pas urgent mais important\u00a0; pas important mais urgent\u00a0; et ni urgent ni important. Pour ce faire, dessinez une matrice o\u00f9 l&rsquo;axe X repr\u00e9sente l&rsquo;urgence (opportunit\u00e9) et l&rsquo;axe Y repr\u00e9sente l&rsquo;importance, puis \u00e9crivez chaque t\u00e2che dans l&rsquo;un des quadrants cr\u00e9\u00e9s. <\/p>\n<p>Il existe d&rsquo;autres m\u00e9thodes de priorisation, comme transformer vos t\u00e2ches en donn\u00e9es num\u00e9riques ou leur attribuer une note alphab\u00e9tique, alors n&rsquo;h\u00e9sitez pas \u00e0 jouer avec diff\u00e9rents syst\u00e8mes jusqu&rsquo;\u00e0 ce que vous trouviez celui qui vous convient. N&rsquo;oubliez pas de prendre en compte les \u00e9l\u00e9ments humains plus subjectifs que ces techniques objectives peuvent n\u00e9gliger. Bien s\u00fbr, quelque chose pourrait \u00eatre d\u00fb dans trois semaines, donc ce n&rsquo;est pas opportun, mais si cela vous p\u00e8se lourdement et a un impact sur le travail que vous faites sur d&rsquo;autres choses en ce moment, cela vaut peut-\u00eatre la peine d&rsquo;en finir.<\/p>\n<p>Vous pouvez \u00e9galement essayer Kanban, qui vous demande de trier votre travail en cat\u00e9gories \u00ab \u00e0 faire \u00bb, \u00ab en cours \u00bb et \u00ab termin\u00e9 \u00bb. Si vous optez pour Kanban, utilisez un crayon que vous pouvez effacer ou cr\u00e9ez un grand tableau et placez les t\u00e2ches sur des notes autocollantes, afin de pouvoir les faire progresser \u00e0 travers les \u00e9tapes de r\u00e9alisation. Kanban est moins utile pour la priorisation qu&rsquo;Eisenhower, mais il vous aide \u00e0 visualiser o\u00f9 vous en \u00eates avec toutes ces t\u00e2ches, ce qui est utile de la m\u00eame mani\u00e8re que le brain dump : vous devez voir tout pr\u00e9sent\u00e9 afin de ne pas perdre votre journ\u00e9e \u00e0 essayer de vous rappeler ce qui doit \u00eatre fait et \u00e0 quelle phase il se trouve. <\/p>\n<p>Comme je l&rsquo;ai dit ci-dessus, j&rsquo;ai pu trouver une vieille d\u00e9charge c\u00e9r\u00e9brale et v\u00e9rifier ce qu&rsquo;elle contenait. C&rsquo;est parce que j&rsquo;ai adopt\u00e9 un syst\u00e8me assez fluide. J&rsquo;utilise l&rsquo;application de prise de notes de mon t\u00e9l\u00e9phone, pas un bloc-notes ni un crayon, et je ne le fais pas seulement une fois le matin. En fait, j&rsquo;ajoute des choses au fur et \u00e0 mesure que je m&rsquo;en souviens, tout au long de la journ\u00e9e. Je les coche au fur et \u00e0 mesure qu&rsquo;elles sont termin\u00e9es et, apr\u00e8s quelques semaines, lorsque le document de notes est rempli de dizaines de t\u00e2ches, je d\u00e9place celles qui sont annul\u00e9es vers un nouveau document et je recommence. Pour moi, \u00e9crire quelque chose \u00e0 la seconde o\u00f9 je me souviens que je dois le faire \u2013 comme apporter du papier toilette suppl\u00e9mentaire dans la salle de bain pour remplacer le rouleau, ce que j&rsquo;oublie toujours et qui provoque une situation difficile \u00e0 cause de cela \u2013 m&rsquo;aide \u00e9norm\u00e9ment. Cela garde les t\u00e2ches en t\u00eate, mais lorsqu&rsquo;un moment d&rsquo;arr\u00eat ou de paralysie d\u00e9cisionnelle survient, je peux \u00e9galement consulter ma note pour voir ce qui doit \u00eatre fait. Je ne suis pas un grand priorisateur. Je respecte plut\u00f4t la r\u00e8gle des deux minutes. Quand je vois quelque chose qui peut \u00eatre fait, je le fais. Maintenant c&rsquo;est fini. Avoir une liste de ces choses pr\u00eates \u00e0 partir quand j&rsquo;ai un moment libre a chang\u00e9 ma vie.<\/p>\n<h2 id=\"why-the-brain-dump-works\">Pourquoi le brain dump fonctionne<\/h2>\n<p>Le brain dump vous aide \u00e0 commencer votre journ\u00e9e en \u00e9liminant tous vos soucis, responsabilit\u00e9s et t\u00e2ches de votre t\u00eate et sur papier, afin que vous puissiez voir le volume de ce qui doit \u00eatre fait sans passer votre temps pr\u00e9cieux \u00e0 essayer de vous rappeler de quoi il s&rsquo;agit. Voir ce volume ajoute \u00e9galement un peu d&rsquo;urgence et de gravit\u00e9, mais j&rsquo;ai trouv\u00e9 que ce n&rsquo;est pas stressant car la moiti\u00e9 du travail \u2013 se souvenir et noter ce qui doit \u00eatre fait \u2013 est d\u00e9j\u00e0 fait. Je peux juste \u00eatre occup\u00e9. Et ce n&rsquo;est pas seulement moi : il est recommand\u00e9 sur tous les r\u00e9seaux sociaux et dans la blogosph\u00e8re par les personnes qui s&rsquo;en servent pour d\u00e9sencombrer leur esprit. <\/p>\n<p>Une remarque\u00a0: essayez-le de mani\u00e8re traditionnelle pendant un moment et voyez ce que vous ressentez. Si cela ne fonctionne pas correctement, envisagez de modifier votre calendrier. De la m\u00eame mani\u00e8re que j&rsquo;ai adapt\u00e9 ma technique au brain dump constamment toute la journ\u00e9e, quelques lecteurs diff\u00e9rents de Vie Associative ont d\u00e9clar\u00e9 qu&rsquo;ils pr\u00e9f\u00e9raient faire des brain dumps \u00e0 <em>nuit<\/em> \u00e0 m&rsquo;inqui\u00e9ter et \u00e0 me stresser pour le lendemain. Ceci est particuli\u00e8rement utile si vous avez du mal \u00e0 vous d\u00e9tendre ou \u00e0 dormir la nuit parce que vous pensez \u00e0 tout ce que le lendemain matin vous r\u00e9serve. Notez tout ce que vous savez devoir faire, mettez tout cela sur papier et hors de votre esprit, puis priorisez-le le matin et mettez-vous au travail. <\/p>\n<p><script async src=\"\/\/www.tiktok.com\/embed.js\"><\/script><\/p>\n","protected":false},"excerpt":{"rendered":"<p>Faites cela d\u00e8s le matin pour bien commencer votre journ\u00e9e. Vous \u00eates-vous d\u00e9j\u00e0 r\u00e9veill\u00e9 et avez-vous \u00e9t\u00e9 imm\u00e9diatement rempli d&rsquo;effroi parce que la journ\u00e9e qui<\/p>\n","protected":false},"author":1,"featured_media":11481,"comment_status":"","ping_status":"","sticky":false,"template":"","format":"standard","meta":{"footnotes":""},"categories":[43],"tags":[61,9326,1323,44,9325,2877,22,5209,465,110,8,4],"class_list":["post-11480","post","type-post","status-publish","format-standard","has-post-thumbnail","hentry","category-travail","tag-avec","tag-cerebrale","tag-commencer","tag-comment","tag-decharge","tag-journee","tag-peut","tag-productif","tag-rendre","tag-une","tag-votre","tag-vous","generate-columns","tablet-grid-50","mobile-grid-100","grid-parent","grid-33"],"yoast_head":"<!-- This site is optimized with the Yoast SEO plugin v24.0 - https:\/\/yoast.com\/wordpress\/plugins\/seo\/ -->\n<title>Comment commencer votre journ\u00e9e avec une \u00ab d\u00e9charge c\u00e9r\u00e9brale \u00bb peut vous rendre plus productif | Vie Associative<\/title>\n<meta name=\"robots\" content=\"index, follow, max-snippet:-1, max-image-preview:large, max-video-preview:-1\" \/>\n<link rel=\"canonical\" href=\"https:\/\/vieassociative.be\/actualites\/comment-commencer-votre-journee-avec-une-decharge-cerebrale-peut-vous-rendre-plus-productif\/\" \/>\n<meta property=\"og:locale\" content=\"fr_FR\" \/>\n<meta property=\"og:type\" content=\"article\" \/>\n<meta property=\"og:title\" content=\"Comment commencer votre journ\u00e9e avec une \u00ab d\u00e9charge c\u00e9r\u00e9brale \u00bb peut vous rendre plus productif | Vie Associative\" \/>\n<meta property=\"og:description\" content=\"Faites cela d\u00e8s le matin pour bien commencer votre journ\u00e9e. Vous \u00eates-vous d\u00e9j\u00e0 r\u00e9veill\u00e9 et avez-vous \u00e9t\u00e9 imm\u00e9diatement rempli d&rsquo;effroi parce que la journ\u00e9e qui\" \/>\n<meta property=\"og:url\" content=\"https:\/\/vieassociative.be\/actualites\/comment-commencer-votre-journee-avec-une-decharge-cerebrale-peut-vous-rendre-plus-productif\/\" \/>\n<meta property=\"og:site_name\" content=\"Vie Associative\" \/>\n<meta property=\"article:published_time\" content=\"2025-11-22T18:17:57+00:00\" \/>\n<meta property=\"og:image\" content=\"https:\/\/vieassociative.be\/actualites\/wp-content\/uploads\/2025\/09\/1757726237_608_Meta-pourrait-devoiler-une-montre-intelligente-pour-controler-ses-lunettes.jpg\" \/>\n<meta name=\"author\" content=\"Julien\" \/>\n<meta name=\"twitter:card\" content=\"summary_large_image\" \/>\n<meta name=\"twitter:label1\" content=\"\u00c9crit par\" \/>\n\t<meta name=\"twitter:data1\" content=\"Julien\" \/>\n\t<meta name=\"twitter:label2\" content=\"Dur\u00e9e de lecture est.\" \/>\n\t<meta name=\"twitter:data2\" content=\"7 minutes\" \/>\n<script type=\"application\/ld+json\" class=\"yoast-schema-graph\">{\"@context\":\"https:\/\/schema.org\",\"@graph\":[{\"@type\":\"Article\",\"@id\":\"https:\/\/vieassociative.be\/actualites\/comment-commencer-votre-journee-avec-une-decharge-cerebrale-peut-vous-rendre-plus-productif\/#article\",\"isPartOf\":{\"@id\":\"https:\/\/vieassociative.be\/actualites\/comment-commencer-votre-journee-avec-une-decharge-cerebrale-peut-vous-rendre-plus-productif\/\"},\"author\":{\"name\":\"Julien\",\"@id\":\"https:\/\/vieassociative.be\/actualites\/#\/schema\/person\/b87ac4f82f9d4e7b7cec7395b679edc4\"},\"headline\":\"Comment commencer votre journ\u00e9e avec une \u00ab d\u00e9charge c\u00e9r\u00e9brale \u00bb peut vous rendre plus productif\",\"datePublished\":\"2025-11-22T18:17:57+00:00\",\"dateModified\":\"2025-11-22T18:17:57+00:00\",\"mainEntityOfPage\":{\"@id\":\"https:\/\/vieassociative.be\/actualites\/comment-commencer-votre-journee-avec-une-decharge-cerebrale-peut-vous-rendre-plus-productif\/\"},\"wordCount\":1414,\"publisher\":{\"@id\":\"https:\/\/vieassociative.be\/actualites\/#organization\"},\"image\":{\"@id\":\"https:\/\/vieassociative.be\/actualites\/comment-commencer-votre-journee-avec-une-decharge-cerebrale-peut-vous-rendre-plus-productif\/#primaryimage\"},\"thumbnailUrl\":\"https:\/\/vieassociative.be\/actualites\/wp-content\/uploads\/2025\/11\/Comment-commencer-votre-journee-avec-une-decharge-cerebrale.jpg\",\"keywords\":[\"avec\",\"c\u00e9r\u00e9brale\",\"commencer\",\"Comment\",\"d\u00e9charge\",\"journ\u00e9e\",\"peut\",\"productif\",\"rendre\",\"une\",\"votre\",\"Vous\"],\"articleSection\":[\"Travail\"],\"inLanguage\":\"fr-BE\"},{\"@type\":\"WebPage\",\"@id\":\"https:\/\/vieassociative.be\/actualites\/comment-commencer-votre-journee-avec-une-decharge-cerebrale-peut-vous-rendre-plus-productif\/\",\"url\":\"https:\/\/vieassociative.be\/actualites\/comment-commencer-votre-journee-avec-une-decharge-cerebrale-peut-vous-rendre-plus-productif\/\",\"name\":\"Comment commencer votre journ\u00e9e avec une \u00ab d\u00e9charge c\u00e9r\u00e9brale \u00bb peut vous rendre plus productif | Vie Associative\",\"isPartOf\":{\"@id\":\"https:\/\/vieassociative.be\/actualites\/#website\"},\"primaryImageOfPage\":{\"@id\":\"https:\/\/vieassociative.be\/actualites\/comment-commencer-votre-journee-avec-une-decharge-cerebrale-peut-vous-rendre-plus-productif\/#primaryimage\"},\"image\":{\"@id\":\"https:\/\/vieassociative.be\/actualites\/comment-commencer-votre-journee-avec-une-decharge-cerebrale-peut-vous-rendre-plus-productif\/#primaryimage\"},\"thumbnailUrl\":\"https:\/\/vieassociative.be\/actualites\/wp-content\/uploads\/2025\/11\/Comment-commencer-votre-journee-avec-une-decharge-cerebrale.jpg\",\"datePublished\":\"2025-11-22T18:17:57+00:00\",\"dateModified\":\"2025-11-22T18:17:57+00:00\",\"breadcrumb\":{\"@id\":\"https:\/\/vieassociative.be\/actualites\/comment-commencer-votre-journee-avec-une-decharge-cerebrale-peut-vous-rendre-plus-productif\/#breadcrumb\"},\"inLanguage\":\"fr-BE\",\"potentialAction\":[{\"@type\":\"ReadAction\",\"target\":[\"https:\/\/vieassociative.be\/actualites\/comment-commencer-votre-journee-avec-une-decharge-cerebrale-peut-vous-rendre-plus-productif\/\"]}]},{\"@type\":\"ImageObject\",\"inLanguage\":\"fr-BE\",\"@id\":\"https:\/\/vieassociative.be\/actualites\/comment-commencer-votre-journee-avec-une-decharge-cerebrale-peut-vous-rendre-plus-productif\/#primaryimage\",\"url\":\"https:\/\/vieassociative.be\/actualites\/wp-content\/uploads\/2025\/11\/Comment-commencer-votre-journee-avec-une-decharge-cerebrale.jpg\",\"contentUrl\":\"https:\/\/vieassociative.be\/actualites\/wp-content\/uploads\/2025\/11\/Comment-commencer-votre-journee-avec-une-decharge-cerebrale.jpg\",\"width\":1200,\"height\":675,\"caption\":\"Comment commencer votre journ\u00e9e avec une \u00ab d\u00e9charge c\u00e9r\u00e9brale \u00bb peut vous rendre plus productif\"},{\"@type\":\"BreadcrumbList\",\"@id\":\"https:\/\/vieassociative.be\/actualites\/comment-commencer-votre-journee-avec-une-decharge-cerebrale-peut-vous-rendre-plus-productif\/#breadcrumb\",\"itemListElement\":[{\"@type\":\"ListItem\",\"position\":1,\"name\":\"Accueil\",\"item\":\"https:\/\/vieassociative.be\/actualites\/\"},{\"@type\":\"ListItem\",\"position\":2,\"name\":\"Comment commencer votre journ\u00e9e avec une \u00ab d\u00e9charge c\u00e9r\u00e9brale \u00bb peut vous rendre plus productif\"}]},{\"@type\":\"WebSite\",\"@id\":\"https:\/\/vieassociative.be\/actualites\/#website\",\"url\":\"https:\/\/vieassociative.be\/actualites\/\",\"name\":\"Vie Associative\",\"description\":\"\",\"publisher\":{\"@id\":\"https:\/\/vieassociative.be\/actualites\/#organization\"},\"potentialAction\":[{\"@type\":\"SearchAction\",\"target\":{\"@type\":\"EntryPoint\",\"urlTemplate\":\"https:\/\/vieassociative.be\/actualites\/?s={search_term_string}\"},\"query-input\":{\"@type\":\"PropertyValueSpecification\",\"valueRequired\":true,\"valueName\":\"search_term_string\"}}],\"inLanguage\":\"fr-BE\"},{\"@type\":\"Organization\",\"@id\":\"https:\/\/vieassociative.be\/actualites\/#organization\",\"name\":\"Vie Associative\",\"url\":\"https:\/\/vieassociative.be\/actualites\/\",\"logo\":{\"@type\":\"ImageObject\",\"inLanguage\":\"fr-BE\",\"@id\":\"https:\/\/vieassociative.be\/actualites\/#\/schema\/logo\/image\/\",\"url\":\"https:\/\/vieassociative.be\/actualites\/wp-content\/uploads\/2024\/09\/cropped-vieassociative_favicon.ico.png\",\"contentUrl\":\"https:\/\/vieassociative.be\/actualites\/wp-content\/uploads\/2024\/09\/cropped-vieassociative_favicon.ico.png\",\"width\":512,\"height\":512,\"caption\":\"Vie Associative\"},\"image\":{\"@id\":\"https:\/\/vieassociative.be\/actualites\/#\/schema\/logo\/image\/\"}},{\"@type\":\"Person\",\"@id\":\"https:\/\/vieassociative.be\/actualites\/#\/schema\/person\/b87ac4f82f9d4e7b7cec7395b679edc4\",\"name\":\"Julien\",\"image\":{\"@type\":\"ImageObject\",\"inLanguage\":\"fr-BE\",\"@id\":\"https:\/\/vieassociative.be\/actualites\/#\/schema\/person\/image\/\",\"url\":\"https:\/\/vieassociative.be\/actualites\/wp-content\/uploads\/2024\/09\/vie-associative-1-150x150.jpg\",\"contentUrl\":\"https:\/\/vieassociative.be\/actualites\/wp-content\/uploads\/2024\/09\/vie-associative-1-150x150.jpg\",\"caption\":\"Julien\"},\"description\":\"Je suis Julien, r\u00e9dacteur pour Vie Associative. Passionn\u00e9 par le monde associatif depuis plus de 10 ans, j'ai \u00e0 c\u0153ur de partager des histoires inspirantes et de mettre en lumi\u00e8re les initiatives locales. Mon objectif est de sensibiliser et d'encourager l'engagement communautaire \u00e0 travers mes articles.\",\"sameAs\":[\"https:\/\/vieassociative.be\/\"]}]}<\/script>\n<!-- \/ Yoast SEO plugin. -->","yoast_head_json":{"title":"Comment commencer votre journ\u00e9e avec une \u00ab d\u00e9charge c\u00e9r\u00e9brale \u00bb peut vous rendre plus productif | Vie Associative","robots":{"index":"index","follow":"follow","max-snippet":"max-snippet:-1","max-image-preview":"max-image-preview:large","max-video-preview":"max-video-preview:-1"},"canonical":"https:\/\/vieassociative.be\/actualites\/comment-commencer-votre-journee-avec-une-decharge-cerebrale-peut-vous-rendre-plus-productif\/","og_locale":"fr_FR","og_type":"article","og_title":"Comment commencer votre journ\u00e9e avec une \u00ab d\u00e9charge c\u00e9r\u00e9brale \u00bb peut vous rendre plus productif | Vie Associative","og_description":"Faites cela d\u00e8s le matin pour bien commencer votre journ\u00e9e. Vous \u00eates-vous d\u00e9j\u00e0 r\u00e9veill\u00e9 et avez-vous \u00e9t\u00e9 imm\u00e9diatement rempli d&rsquo;effroi parce que la journ\u00e9e qui","og_url":"https:\/\/vieassociative.be\/actualites\/comment-commencer-votre-journee-avec-une-decharge-cerebrale-peut-vous-rendre-plus-productif\/","og_site_name":"Vie Associative","article_published_time":"2025-11-22T18:17:57+00:00","og_image":[{"url":"https:\/\/vieassociative.be\/actualites\/wp-content\/uploads\/2025\/09\/1757726237_608_Meta-pourrait-devoiler-une-montre-intelligente-pour-controler-ses-lunettes.jpg","type":"","width":"","height":""}],"author":"Julien","twitter_card":"summary_large_image","twitter_misc":{"\u00c9crit par":"Julien","Dur\u00e9e de lecture est.":"7 minutes"},"schema":{"@context":"https:\/\/schema.org","@graph":[{"@type":"Article","@id":"https:\/\/vieassociative.be\/actualites\/comment-commencer-votre-journee-avec-une-decharge-cerebrale-peut-vous-rendre-plus-productif\/#article","isPartOf":{"@id":"https:\/\/vieassociative.be\/actualites\/comment-commencer-votre-journee-avec-une-decharge-cerebrale-peut-vous-rendre-plus-productif\/"},"author":{"name":"Julien","@id":"https:\/\/vieassociative.be\/actualites\/#\/schema\/person\/b87ac4f82f9d4e7b7cec7395b679edc4"},"headline":"Comment commencer votre journ\u00e9e avec une \u00ab d\u00e9charge c\u00e9r\u00e9brale \u00bb peut vous rendre plus productif","datePublished":"2025-11-22T18:17:57+00:00","dateModified":"2025-11-22T18:17:57+00:00","mainEntityOfPage":{"@id":"https:\/\/vieassociative.be\/actualites\/comment-commencer-votre-journee-avec-une-decharge-cerebrale-peut-vous-rendre-plus-productif\/"},"wordCount":1414,"publisher":{"@id":"https:\/\/vieassociative.be\/actualites\/#organization"},"image":{"@id":"https:\/\/vieassociative.be\/actualites\/comment-commencer-votre-journee-avec-une-decharge-cerebrale-peut-vous-rendre-plus-productif\/#primaryimage"},"thumbnailUrl":"https:\/\/vieassociative.be\/actualites\/wp-content\/uploads\/2025\/11\/Comment-commencer-votre-journee-avec-une-decharge-cerebrale.jpg","keywords":["avec","c\u00e9r\u00e9brale","commencer","Comment","d\u00e9charge","journ\u00e9e","peut","productif","rendre","une","votre","Vous"],"articleSection":["Travail"],"inLanguage":"fr-BE"},{"@type":"WebPage","@id":"https:\/\/vieassociative.be\/actualites\/comment-commencer-votre-journee-avec-une-decharge-cerebrale-peut-vous-rendre-plus-productif\/","url":"https:\/\/vieassociative.be\/actualites\/comment-commencer-votre-journee-avec-une-decharge-cerebrale-peut-vous-rendre-plus-productif\/","name":"Comment commencer votre journ\u00e9e avec une \u00ab d\u00e9charge c\u00e9r\u00e9brale \u00bb peut vous rendre plus productif | Vie Associative","isPartOf":{"@id":"https:\/\/vieassociative.be\/actualites\/#website"},"primaryImageOfPage":{"@id":"https:\/\/vieassociative.be\/actualites\/comment-commencer-votre-journee-avec-une-decharge-cerebrale-peut-vous-rendre-plus-productif\/#primaryimage"},"image":{"@id":"https:\/\/vieassociative.be\/actualites\/comment-commencer-votre-journee-avec-une-decharge-cerebrale-peut-vous-rendre-plus-productif\/#primaryimage"},"thumbnailUrl":"https:\/\/vieassociative.be\/actualites\/wp-content\/uploads\/2025\/11\/Comment-commencer-votre-journee-avec-une-decharge-cerebrale.jpg","datePublished":"2025-11-22T18:17:57+00:00","dateModified":"2025-11-22T18:17:57+00:00","breadcrumb":{"@id":"https:\/\/vieassociative.be\/actualites\/comment-commencer-votre-journee-avec-une-decharge-cerebrale-peut-vous-rendre-plus-productif\/#breadcrumb"},"inLanguage":"fr-BE","potentialAction":[{"@type":"ReadAction","target":["https:\/\/vieassociative.be\/actualites\/comment-commencer-votre-journee-avec-une-decharge-cerebrale-peut-vous-rendre-plus-productif\/"]}]},{"@type":"ImageObject","inLanguage":"fr-BE","@id":"https:\/\/vieassociative.be\/actualites\/comment-commencer-votre-journee-avec-une-decharge-cerebrale-peut-vous-rendre-plus-productif\/#primaryimage","url":"https:\/\/vieassociative.be\/actualites\/wp-content\/uploads\/2025\/11\/Comment-commencer-votre-journee-avec-une-decharge-cerebrale.jpg","contentUrl":"https:\/\/vieassociative.be\/actualites\/wp-content\/uploads\/2025\/11\/Comment-commencer-votre-journee-avec-une-decharge-cerebrale.jpg","width":1200,"height":675,"caption":"Comment commencer votre journ\u00e9e avec une \u00ab d\u00e9charge c\u00e9r\u00e9brale \u00bb peut vous rendre plus productif"},{"@type":"BreadcrumbList","@id":"https:\/\/vieassociative.be\/actualites\/comment-commencer-votre-journee-avec-une-decharge-cerebrale-peut-vous-rendre-plus-productif\/#breadcrumb","itemListElement":[{"@type":"ListItem","position":1,"name":"Accueil","item":"https:\/\/vieassociative.be\/actualites\/"},{"@type":"ListItem","position":2,"name":"Comment commencer votre journ\u00e9e avec une \u00ab d\u00e9charge c\u00e9r\u00e9brale \u00bb peut vous rendre plus productif"}]},{"@type":"WebSite","@id":"https:\/\/vieassociative.be\/actualites\/#website","url":"https:\/\/vieassociative.be\/actualites\/","name":"Vie Associative","description":"","publisher":{"@id":"https:\/\/vieassociative.be\/actualites\/#organization"},"potentialAction":[{"@type":"SearchAction","target":{"@type":"EntryPoint","urlTemplate":"https:\/\/vieassociative.be\/actualites\/?s={search_term_string}"},"query-input":{"@type":"PropertyValueSpecification","valueRequired":true,"valueName":"search_term_string"}}],"inLanguage":"fr-BE"},{"@type":"Organization","@id":"https:\/\/vieassociative.be\/actualites\/#organization","name":"Vie Associative","url":"https:\/\/vieassociative.be\/actualites\/","logo":{"@type":"ImageObject","inLanguage":"fr-BE","@id":"https:\/\/vieassociative.be\/actualites\/#\/schema\/logo\/image\/","url":"https:\/\/vieassociative.be\/actualites\/wp-content\/uploads\/2024\/09\/cropped-vieassociative_favicon.ico.png","contentUrl":"https:\/\/vieassociative.be\/actualites\/wp-content\/uploads\/2024\/09\/cropped-vieassociative_favicon.ico.png","width":512,"height":512,"caption":"Vie Associative"},"image":{"@id":"https:\/\/vieassociative.be\/actualites\/#\/schema\/logo\/image\/"}},{"@type":"Person","@id":"https:\/\/vieassociative.be\/actualites\/#\/schema\/person\/b87ac4f82f9d4e7b7cec7395b679edc4","name":"Julien","image":{"@type":"ImageObject","inLanguage":"fr-BE","@id":"https:\/\/vieassociative.be\/actualites\/#\/schema\/person\/image\/","url":"https:\/\/vieassociative.be\/actualites\/wp-content\/uploads\/2024\/09\/vie-associative-1-150x150.jpg","contentUrl":"https:\/\/vieassociative.be\/actualites\/wp-content\/uploads\/2024\/09\/vie-associative-1-150x150.jpg","caption":"Julien"},"description":"Je suis Julien, r\u00e9dacteur pour Vie Associative. Passionn\u00e9 par le monde associatif depuis plus de 10 ans, j'ai \u00e0 c\u0153ur de partager des histoires inspirantes et de mettre en lumi\u00e8re les initiatives locales. Mon objectif est de sensibiliser et d'encourager l'engagement communautaire \u00e0 travers mes articles.","sameAs":["https:\/\/vieassociative.be\/"]}]}},"_links":{"self":[{"href":"https:\/\/vieassociative.be\/actualites\/wp-json\/wp\/v2\/posts\/11480"}],"collection":[{"href":"https:\/\/vieassociative.be\/actualites\/wp-json\/wp\/v2\/posts"}],"about":[{"href":"https:\/\/vieassociative.be\/actualites\/wp-json\/wp\/v2\/types\/post"}],"author":[{"embeddable":true,"href":"https:\/\/vieassociative.be\/actualites\/wp-json\/wp\/v2\/users\/1"}],"replies":[{"embeddable":true,"href":"https:\/\/vieassociative.be\/actualites\/wp-json\/wp\/v2\/comments?post=11480"}],"version-history":[{"count":0,"href":"https:\/\/vieassociative.be\/actualites\/wp-json\/wp\/v2\/posts\/11480\/revisions"}],"wp:featuredmedia":[{"embeddable":true,"href":"https:\/\/vieassociative.be\/actualites\/wp-json\/wp\/v2\/media\/11481"}],"wp:attachment":[{"href":"https:\/\/vieassociative.be\/actualites\/wp-json\/wp\/v2\/media?parent=11480"}],"wp:term":[{"taxonomy":"category","embeddable":true,"href":"https:\/\/vieassociative.be\/actualites\/wp-json\/wp\/v2\/categories?post=11480"},{"taxonomy":"post_tag","embeddable":true,"href":"https:\/\/vieassociative.be\/actualites\/wp-json\/wp\/v2\/tags?post=11480"}],"curies":[{"name":"wp","href":"https:\/\/api.w.org\/{rel}","templated":true}]}}