{"id":11478,"date":"2025-11-22T18:17:35","date_gmt":"2025-11-22T17:17:35","guid":{"rendered":"https:\/\/vieassociative.be\/actualites\/il-y-a-une-vente-decente-du-black-friday-sur-des-ordinateurs-portables-numeriques-remarquables\/"},"modified":"2025-11-22T18:17:35","modified_gmt":"2025-11-22T17:17:35","slug":"il-y-a-une-vente-decente-du-black-friday-sur-des-ordinateurs-portables-numeriques-remarquables","status":"publish","type":"post","link":"https:\/\/vieassociative.be\/actualites\/il-y-a-une-vente-decente-du-black-friday-sur-des-ordinateurs-portables-numeriques-remarquables\/","title":{"rendered":"Il y a une vente d\u00e9cente du Black Friday sur des ordinateurs portables num\u00e9riques remarquables"},"content":{"rendered":"<div class=\"mt-4 leading-6 md:mb-8\">C&rsquo;est le moment id\u00e9al pour investir dans votre productivit\u00e9 et votre cr\u00e9ativit\u00e9.<\/div>\n<p><\/p>\n<p><em>Les ventes du Black Friday commencent officiellement le vendredi 28 novembre et se poursuivent jusqu&rsquo;au Cyber \u200b\u200bMonday, le 1er d\u00e9cembre, et Vie Associative partage les meilleures ventes bas\u00e9es sur des critiques de produits, des comparaisons et des outils de suivi des prix avant leur fin. <\/em><\/p>\n<ul>\n<li>\n<p><em>Suivez notre blog en direct<\/em><em>  pour rester au courant des meilleures ventes que nous trouvons.<\/em><\/p>\n<\/li>\n<li>\n<p><em>Parcourez les choix de nos r\u00e9dacteurs<\/em><em>  pour une liste organis\u00e9e de nos ventes pr\u00e9f\u00e9r\u00e9es sur les ordinateurs portables, les technologies de fitness, les appareils \u00e9lectrom\u00e9nagers et plus encore.<\/em><\/p>\n<\/li>\n<li>\n<p><em>Abonnez-vous \u00e0 notre newsletter shopping<\/em><em>Ajoutez au panier, pour les meilleures ventes envoy\u00e9es dans votre bo\u00eete de r\u00e9ception.<\/em><\/p>\n<\/li>\n<li>\n<p><em>Les ventes sont exactes au moment de la publication, mais les prix et les stocks sont toujours sujets \u00e0 changement. <\/em><\/p>\n<\/li>\n<\/ul>\n<hr>\n<p>S\u2019il existe un panth\u00e9on de cahiers num\u00e9riques, reMarkable a une place de fiert\u00e9. Lorsque la soci\u00e9t\u00e9 a lanc\u00e9 sa tablette et son stylet reMarkable 2 en 2020, cela a chang\u00e9 la donne gr\u00e2ce \u00e0 son design soign\u00e9 et professionnel, ses fonctionnalit\u00e9s innovantes et surtout son exp\u00e9rience d&rsquo;\u00e9criture fluide, semblable \u00e0 celle du papier. M\u00eame des ann\u00e9es plus tard, les utilisateurs du subreddit r\/reMarkableTablet le consid\u00e8rent comme le meilleur appareil de sa cat\u00e9gorie, m\u00eame s&rsquo;ils ont depuis mis \u00e0 niveau vers le nouveau reMarkable Paper Pro, qui ajoute un r\u00e9tro\u00e9clairage et un \u00e9cran couleur.<\/p>\n<p>L&rsquo;une ou l&rsquo;autre de ces tablettes est un excellent choix pour tous ceux qui recherchent un ordinateur portable num\u00e9rique \u00e0 encre \u00e9lectronique con\u00e7u pour la cr\u00e9ativit\u00e9 : contrairement \u00e0 certains concurrents, les tablettes reMarkable n&rsquo;ex\u00e9cutent pas d&rsquo;applications et n&rsquo;essaient pas de remplacer votre iPad. Comme un cahier papier, ils sont con\u00e7us pour \u00e9liminer les distractions et vous laisser seul avec une page blanche, mais contrairement \u00e0 un cahier papier, le travail que vous y effectuez peut \u00eatre facilement t\u00e9l\u00e9charg\u00e9 sur le cloud, envoy\u00e9 \u00e0 vos coll\u00e8gues et autrement int\u00e9gr\u00e9 dans votre flux de travail.<\/p>\n<p>Si vous cherchiez \u00e0 vous procurer l&rsquo;un de ces gadgets extr\u00eamement utiles, c&rsquo;est le bon moment : bien qu&rsquo;ils fassent rarement l&rsquo;objet d&rsquo;une seule vente, vous pouvez actuellement vous procurer l&rsquo;un ou l&rsquo;autre dans un pack Black Friday \u00e0 prix r\u00e9duit comprenant une couverture et un stylet.<\/p>\n<div class=\"shadow-b-2 mb-12 mt-10 rounded-md border-2 border-(#F0F0F0) px-6 py-2 shadow-lg md:px-12\" role=\"region\" aria-label=\"Products List\" x-data=\"{ showMore: false }\">\n<div class=\"flex w-full gap-x-5\">\n<div class=\"flex w-full flex-col flex-nowrap justify-center gap-2 text-black no-underline md:order-2 md:gap-y-6\">\n<div class=\"flex flex-col justify-between gap-y-2 md:w-full md:gap-y-1\">\n<div class=\"block w-fit cursor-pointer font-akshar text-lg font-medium leading-5 text-brand-green duration-200 ease-in-out hover:text-brand-green-700 md:text-xl md:leading-6\">\n<p>                            Pack d&rsquo;essentiels reMarkable\n                        <\/p><\/div>\n<\/p><\/div>\n<div class=\"hidden md:flex md:justify-between md:gap-x-4\">\n<div class=\"w-full mb-0 md:flex md:flex-col md:justify-center font-sans leading-4 text-black\">\n<div class=\"flex flex-wrap items-center justify-center gap-1 md:justify-start\">\n        <span class=\"font-bold\"><\/p>\n<p>            529,00\u00a0$<br \/>\n                            <span class=\"font-medium\">chez Amazon<\/span><br \/>\n                    <\/span>\n            <\/div>\n<div class=\"flex items-center justify-center gap-x-1 font-bold md:justify-start\">\n            <span class=\"text-sm line-through\">599,00\u00a0$<\/span><br \/>\n            <span class=\"text-sm text-brand-green\">\u00c9conomisez 70,00\u00a0$<\/span>\n        <\/div>\n<\/p><\/div>\n<p>                            <button class=\"flex justify-center items-center w-full bg-brand-green text-white text-base font-sans font-medium rounded-md hover:bg-brand-green-700 hover:cursor-pointer md:text-sm hidden self-end h-12 max-w-(10rem) duration-200 ease-in-out hover:bg-brand-green-700 md:flex md:h-10\"><\/p>\n<p>    Obtenez une offre<br \/>\n<\/button>\n                        <\/div>\n<\/p><\/div>\n<div class=\"flex aspect-video h-(90px) shrink-0 items-center justify-center self-center md:order-1\">\n                        <img decoding=\"async\" class=\"m-0 max-h-full max-w-full rounded-md\" src=\"https:\/\/vieassociative.be\/actualites\/wp-content\/uploads\/2025\/11\/Il-y-a-une-vente-decente-du-Black-Friday-sur.jpg\" alt=\"ReMarkable Essentials Bundle \u2013 Noir | tablette papier reMarkable 2 | comprend une tablette reMarkable de 10,3\u00a0pouces, un stylet Marker Plus avec gomme, un \u00e9tui folio en cuir noir et un essai de connexion gratuit d'un an\" width=\"auto\" height=\"auto\" loading=\"lazy\">\n                    <\/div>\n<\/p><\/div>\n<p>                            <button class=\"flex justify-center items-center w-full bg-brand-green text-white text-base font-sans font-medium rounded-md hover:bg-brand-green-700 hover:cursor-pointer md:text-sm w-full h-12 duration-200 ease-in-out hover:bg-brand-green-700 md:hidden md:h-10\"><\/p>\n<p>    Obtenez une offre<br \/>\n<\/button><\/p>\n<div class=\"flex flex-col items-center w-full md:hidden font-sans leading-4 text-black\">\n<div class=\"flex flex-wrap items-center justify-center gap-1 md:justify-start\">\n        <span class=\"font-bold\"><\/p>\n<p>            529,00\u00a0$<br \/>\n                            <span class=\"font-medium\">chez Amazon<\/span><br \/>\n                    <\/span>\n            <\/div>\n<div class=\"flex items-center justify-center gap-x-1 font-bold md:justify-start\">\n            <span class=\"text-sm line-through\">599,00\u00a0$<\/span><br \/>\n            <span class=\"text-sm text-brand-green\">\u00c9conomisez 70,00\u00a0$<\/span>\n        <\/div>\n<\/p><\/div>\n<div class=\"flex w-full gap-x-5\">\n<div class=\"flex w-full flex-col flex-nowrap justify-center gap-2 text-black no-underline md:order-2 md:gap-y-6\">\n<div class=\"flex flex-col justify-between gap-y-2 md:w-full md:gap-y-1\">\n<div class=\"block w-fit cursor-pointer font-akshar text-lg font-medium leading-5 text-brand-green duration-200 ease-in-out hover:text-brand-green-700 md:text-xl md:leading-6\">\n<p>                            ReMarkable Paper Pro Bundle\n                        <\/p><\/div>\n<\/p><\/div>\n<div class=\"hidden md:flex md:justify-between md:gap-x-4\">\n<div class=\"w-full mb-0 md:flex md:flex-col md:justify-center font-sans leading-4 text-black\">\n<div class=\"flex flex-wrap items-center justify-center gap-1 md:justify-start\">\n        <span class=\"font-bold\"><\/p>\n<p>            749,00\u00a0$<br \/>\n                            <span class=\"font-medium\">chez Amazon<\/span><br \/>\n                    <\/span>\n            <\/div>\n<div class=\"flex items-center justify-center gap-x-1 font-bold md:justify-start\">\n            <span class=\"text-sm line-through\">799,00\u00a0$<\/span><br \/>\n            <span class=\"text-sm text-brand-green\">\u00c9conomisez 50,00\u00a0$<\/span>\n        <\/div>\n<\/p><\/div>\n<p>                            <button class=\"flex justify-center items-center w-full bg-brand-green text-white text-base font-sans font-medium rounded-md hover:bg-brand-green-700 hover:cursor-pointer md:text-sm hidden self-end h-12 max-w-(10rem) duration-200 ease-in-out hover:bg-brand-green-700 md:flex md:h-10\"><\/p>\n<p>    Obtenez une offre<br \/>\n<\/button>\n                        <\/div>\n<\/p><\/div>\n<div class=\"flex aspect-video h-(90px) shrink-0 items-center justify-center self-center md:order-1\">\n                        <img decoding=\"async\" class=\"m-0 max-h-full max-w-full rounded-md\" src=\"https:\/\/vieassociative.be\/actualites\/wp-content\/uploads\/2025\/11\/1763831855_921_Il-y-a-une-vente-decente-du-Black-Friday-sur.jpg\" alt=\"ReMarkable Paper Pro Bundle \u2013 Cuir de qualit\u00e9 sup\u00e9rieure | Comprend une tablette papier reMarkable de 11,8 pouces, un stylo Marker Plus avec gomme et une couverture folio en cuir noir\" width=\"auto\" height=\"auto\" loading=\"lazy\">\n                    <\/div>\n<\/p><\/div>\n<p>                            <button class=\"flex justify-center items-center w-full bg-brand-green text-white text-base font-sans font-medium rounded-md hover:bg-brand-green-700 hover:cursor-pointer md:text-sm w-full h-12 duration-200 ease-in-out hover:bg-brand-green-700 md:hidden md:h-10\"><\/p>\n<p>    Obtenez une offre<br \/>\n<\/button><\/p>\n<div class=\"flex flex-col items-center w-full md:hidden font-sans leading-4 text-black\">\n<div class=\"flex flex-wrap items-center justify-center gap-1 md:justify-start\">\n        <span class=\"font-bold\"><\/p>\n<p>            749,00\u00a0$<br \/>\n                            <span class=\"font-medium\">chez Amazon<\/span><br \/>\n                    <\/span>\n            <\/div>\n<div class=\"flex items-center justify-center gap-x-1 font-bold md:justify-start\">\n            <span class=\"text-sm line-through\">799,00\u00a0$<\/span><br \/>\n            <span class=\"text-sm text-brand-green\">\u00c9conomisez 50,00\u00a0$<\/span>\n        <\/div>\n<\/p><\/div>\n<\/div>\n<h2 id=\"remarkable-essentials-bundle\">Pack d&rsquo;essentiels reMarkable <\/h2>\n<p>Ce pack comprend le reMarkable 2, un folio et le stylet Marker Plus avec gomme. Vous pouvez choisir entre un folio en cuir pour 529 $ sur Amazon (en baisse par rapport au prix habituel de 599 $) ou un folio reli\u00e9 en tissu. Si vous choisissez plut\u00f4t un folio reli\u00e9 en tissu, vous paierez 499 $, soit une remise moins impressionnante de 30 $, mais une remise tout de m\u00eame.<\/p>\n<h2 id=\"remarkable-paper-pro-bundle\">ReMarkable Paper Pro Bundle <\/h2>\n<p>Si vous souhaitez un \u00e9cran couleur et un \u00e9clairage avant, vous aurez besoin du reMarkable Paper Pro mis \u00e0 niveau. Pour la tablette fournie avec le Marker Plus avec une gomme et un folio en tissu, vous paierez 729 $ (au lieu de 779 $), ou vous pouvez opter pour l&rsquo;option folio en cuir pour 749 $ (au lieu de 799 $).<\/p>\n<hr>\n<h2 id=\"does-amazon-have-black-friday-deals\">Amazon propose-t-il des offres Black Friday ?<\/h2>\n<p>Oui, Amazon propose des ventes Black Friday, mais les prix ne sont pas toujours ce qu&rsquo;ils semblent \u00eatre. Utilisez un outil de suivi des prix pour vous assurer d&rsquo;obtenir la meilleure offre, ou reportez-vous \u00e0 des guides comme notre blog en direct qui utilisent des outils de suivi des prix pour vous. Et si vous disposez d\u2019un abonnement Amazon Prime, profitez-en.<\/p>\n<h2 id=\"what-stores-have-the-best-sales-on-black-friday\">Quels magasins proposent les meilleures ventes le Black Friday ?<\/h2>\n<p>De nos jours, les grands d\u00e9taillants et les petites entreprises se disputent les acheteurs du Black Friday, vous pouvez donc vous attendre \u00e0 ce que pratiquement tous les magasins r\u00e9alisent des soldes jusqu&rsquo;au lundi 1er d\u00e9cembre 2025. Les \u00ab meilleures \u00bb ventes d\u00e9pendent de vos besoins, mais en g\u00e9n\u00e9ral, les remises les plus importantes ont tendance \u00e0 provenir de grands d\u00e9taillants qui peuvent se permettre des prix plus bas : pensez \u00e0 des endroits comme Amazon, Walmart, Target, Best Buy et Home Depot. Vous pouvez retrouver toutes les meilleures ventes des grands d\u00e9taillants sur notre blog en direct. <\/p>\n<h2 id=\"are-black-friday-deals-worth-it\">Les offres du Black Friday en valent-elles la peine ?<\/h2>\n<p>Bref, oui, le Black Friday propose toujours des r\u00e9ductions qui peuvent \u00eatre rares sur le reste de l&rsquo;ann\u00e9e. Si vous souhaitez acheter quelque chose ou si vous achetez des cadeaux, c&rsquo;est le bon moment pour rechercher des r\u00e9ductions sur ce dont vous avez besoin, en particulier les ventes de technologies, de fournitures de r\u00e9novation domiciliaire et de technologies de fitness. Bien s\u00fbr, si vous avez besoin d\u2019\u00e9conomiser de l\u2019argent, la meilleure fa\u00e7on d\u2019\u00e9conomiser est de ne rien acheter.<\/p>\n","protected":false},"excerpt":{"rendered":"<p>C&rsquo;est le moment id\u00e9al pour investir dans votre productivit\u00e9 et votre cr\u00e9ativit\u00e9. Les ventes du Black Friday commencent officiellement le vendredi 28 novembre et se<\/p>\n","protected":false},"author":1,"featured_media":11479,"comment_status":"","ping_status":"","sticky":false,"template":"","format":"standard","meta":{"footnotes":""},"categories":[13],"tags":[73,9323,29,1255,146,3414,427,9324,33,110,223],"class_list":["post-11478","post","type-post","status-publish","format-standard","has-post-thumbnail","hentry","category-technologie","tag-black","tag-decente","tag-des","tag-friday","tag-numeriques","tag-ordinateurs","tag-portables","tag-remarquables","tag-sur","tag-une","tag-vente","generate-columns","tablet-grid-50","mobile-grid-100","grid-parent","grid-33"],"yoast_head":"<!-- This site is optimized with the Yoast SEO plugin v24.0 - https:\/\/yoast.com\/wordpress\/plugins\/seo\/ -->\n<title>Il y a une vente d\u00e9cente du Black Friday sur des ordinateurs portables num\u00e9riques remarquables | Vie Associative<\/title>\n<meta name=\"robots\" content=\"index, follow, max-snippet:-1, max-image-preview:large, max-video-preview:-1\" \/>\n<link rel=\"canonical\" href=\"https:\/\/vieassociative.be\/actualites\/il-y-a-une-vente-decente-du-black-friday-sur-des-ordinateurs-portables-numeriques-remarquables\/\" \/>\n<meta property=\"og:locale\" content=\"fr_FR\" \/>\n<meta property=\"og:type\" content=\"article\" \/>\n<meta property=\"og:title\" content=\"Il y a une vente d\u00e9cente du Black Friday sur des ordinateurs portables num\u00e9riques remarquables | Vie Associative\" \/>\n<meta property=\"og:description\" content=\"C&rsquo;est le moment id\u00e9al pour investir dans votre productivit\u00e9 et votre cr\u00e9ativit\u00e9. Les ventes du Black Friday commencent officiellement le vendredi 28 novembre et se\" \/>\n<meta property=\"og:url\" content=\"https:\/\/vieassociative.be\/actualites\/il-y-a-une-vente-decente-du-black-friday-sur-des-ordinateurs-portables-numeriques-remarquables\/\" \/>\n<meta property=\"og:site_name\" content=\"Vie Associative\" \/>\n<meta property=\"article:published_time\" content=\"2025-11-22T17:17:35+00:00\" \/>\n<meta property=\"og:image\" content=\"https:\/\/vieassociative.be\/actualites\/wp-content\/uploads\/2025\/11\/Il-y-a-une-vente-decente-du-Black-Friday-sur.jpg\" \/>\n<meta name=\"author\" content=\"Julien\" \/>\n<meta name=\"twitter:card\" content=\"summary_large_image\" \/>\n<meta name=\"twitter:label1\" content=\"\u00c9crit par\" \/>\n\t<meta name=\"twitter:data1\" content=\"Julien\" \/>\n\t<meta name=\"twitter:label2\" content=\"Dur\u00e9e de lecture est.\" \/>\n\t<meta name=\"twitter:data2\" content=\"4 minutes\" \/>\n<script type=\"application\/ld+json\" class=\"yoast-schema-graph\">{\"@context\":\"https:\/\/schema.org\",\"@graph\":[{\"@type\":\"Article\",\"@id\":\"https:\/\/vieassociative.be\/actualites\/il-y-a-une-vente-decente-du-black-friday-sur-des-ordinateurs-portables-numeriques-remarquables\/#article\",\"isPartOf\":{\"@id\":\"https:\/\/vieassociative.be\/actualites\/il-y-a-une-vente-decente-du-black-friday-sur-des-ordinateurs-portables-numeriques-remarquables\/\"},\"author\":{\"name\":\"Julien\",\"@id\":\"https:\/\/vieassociative.be\/actualites\/#\/schema\/person\/b87ac4f82f9d4e7b7cec7395b679edc4\"},\"headline\":\"Il y a une vente d\u00e9cente du Black Friday sur des ordinateurs portables num\u00e9riques remarquables\",\"datePublished\":\"2025-11-22T17:17:35+00:00\",\"dateModified\":\"2025-11-22T17:17:35+00:00\",\"mainEntityOfPage\":{\"@id\":\"https:\/\/vieassociative.be\/actualites\/il-y-a-une-vente-decente-du-black-friday-sur-des-ordinateurs-portables-numeriques-remarquables\/\"},\"wordCount\":862,\"publisher\":{\"@id\":\"https:\/\/vieassociative.be\/actualites\/#organization\"},\"image\":{\"@id\":\"https:\/\/vieassociative.be\/actualites\/il-y-a-une-vente-decente-du-black-friday-sur-des-ordinateurs-portables-numeriques-remarquables\/#primaryimage\"},\"thumbnailUrl\":\"https:\/\/vieassociative.be\/actualites\/wp-content\/uploads\/2025\/11\/Il-y-a-une-vente-decente-du-Black-Friday-sur.webp.webp\",\"keywords\":[\"Black\",\"d\u00e9cente\",\"Des\",\"Friday\",\"num\u00e9riques\",\"ordinateurs\",\"portables\",\"remarquables\",\"sur\",\"une\",\"vente\"],\"articleSection\":[\"Technologie\"],\"inLanguage\":\"fr-BE\"},{\"@type\":\"WebPage\",\"@id\":\"https:\/\/vieassociative.be\/actualites\/il-y-a-une-vente-decente-du-black-friday-sur-des-ordinateurs-portables-numeriques-remarquables\/\",\"url\":\"https:\/\/vieassociative.be\/actualites\/il-y-a-une-vente-decente-du-black-friday-sur-des-ordinateurs-portables-numeriques-remarquables\/\",\"name\":\"Il y a une vente d\u00e9cente du Black Friday sur des ordinateurs portables num\u00e9riques remarquables | Vie Associative\",\"isPartOf\":{\"@id\":\"https:\/\/vieassociative.be\/actualites\/#website\"},\"primaryImageOfPage\":{\"@id\":\"https:\/\/vieassociative.be\/actualites\/il-y-a-une-vente-decente-du-black-friday-sur-des-ordinateurs-portables-numeriques-remarquables\/#primaryimage\"},\"image\":{\"@id\":\"https:\/\/vieassociative.be\/actualites\/il-y-a-une-vente-decente-du-black-friday-sur-des-ordinateurs-portables-numeriques-remarquables\/#primaryimage\"},\"thumbnailUrl\":\"https:\/\/vieassociative.be\/actualites\/wp-content\/uploads\/2025\/11\/Il-y-a-une-vente-decente-du-Black-Friday-sur.webp.webp\",\"datePublished\":\"2025-11-22T17:17:35+00:00\",\"dateModified\":\"2025-11-22T17:17:35+00:00\",\"breadcrumb\":{\"@id\":\"https:\/\/vieassociative.be\/actualites\/il-y-a-une-vente-decente-du-black-friday-sur-des-ordinateurs-portables-numeriques-remarquables\/#breadcrumb\"},\"inLanguage\":\"fr-BE\",\"potentialAction\":[{\"@type\":\"ReadAction\",\"target\":[\"https:\/\/vieassociative.be\/actualites\/il-y-a-une-vente-decente-du-black-friday-sur-des-ordinateurs-portables-numeriques-remarquables\/\"]}]},{\"@type\":\"ImageObject\",\"inLanguage\":\"fr-BE\",\"@id\":\"https:\/\/vieassociative.be\/actualites\/il-y-a-une-vente-decente-du-black-friday-sur-des-ordinateurs-portables-numeriques-remarquables\/#primaryimage\",\"url\":\"https:\/\/vieassociative.be\/actualites\/wp-content\/uploads\/2025\/11\/Il-y-a-une-vente-decente-du-Black-Friday-sur.webp.webp\",\"contentUrl\":\"https:\/\/vieassociative.be\/actualites\/wp-content\/uploads\/2025\/11\/Il-y-a-une-vente-decente-du-Black-Friday-sur.webp.webp\",\"width\":1200,\"height\":675,\"caption\":\"Il y a une vente d\u00e9cente du Black Friday sur des ordinateurs portables num\u00e9riques remarquables\"},{\"@type\":\"BreadcrumbList\",\"@id\":\"https:\/\/vieassociative.be\/actualites\/il-y-a-une-vente-decente-du-black-friday-sur-des-ordinateurs-portables-numeriques-remarquables\/#breadcrumb\",\"itemListElement\":[{\"@type\":\"ListItem\",\"position\":1,\"name\":\"Accueil\",\"item\":\"https:\/\/vieassociative.be\/actualites\/\"},{\"@type\":\"ListItem\",\"position\":2,\"name\":\"Il y a une vente d\u00e9cente du Black Friday sur des ordinateurs portables num\u00e9riques remarquables\"}]},{\"@type\":\"WebSite\",\"@id\":\"https:\/\/vieassociative.be\/actualites\/#website\",\"url\":\"https:\/\/vieassociative.be\/actualites\/\",\"name\":\"Vie Associative\",\"description\":\"\",\"publisher\":{\"@id\":\"https:\/\/vieassociative.be\/actualites\/#organization\"},\"potentialAction\":[{\"@type\":\"SearchAction\",\"target\":{\"@type\":\"EntryPoint\",\"urlTemplate\":\"https:\/\/vieassociative.be\/actualites\/?s={search_term_string}\"},\"query-input\":{\"@type\":\"PropertyValueSpecification\",\"valueRequired\":true,\"valueName\":\"search_term_string\"}}],\"inLanguage\":\"fr-BE\"},{\"@type\":\"Organization\",\"@id\":\"https:\/\/vieassociative.be\/actualites\/#organization\",\"name\":\"Vie Associative\",\"url\":\"https:\/\/vieassociative.be\/actualites\/\",\"logo\":{\"@type\":\"ImageObject\",\"inLanguage\":\"fr-BE\",\"@id\":\"https:\/\/vieassociative.be\/actualites\/#\/schema\/logo\/image\/\",\"url\":\"https:\/\/vieassociative.be\/actualites\/wp-content\/uploads\/2024\/09\/cropped-vieassociative_favicon.ico.png\",\"contentUrl\":\"https:\/\/vieassociative.be\/actualites\/wp-content\/uploads\/2024\/09\/cropped-vieassociative_favicon.ico.png\",\"width\":512,\"height\":512,\"caption\":\"Vie Associative\"},\"image\":{\"@id\":\"https:\/\/vieassociative.be\/actualites\/#\/schema\/logo\/image\/\"}},{\"@type\":\"Person\",\"@id\":\"https:\/\/vieassociative.be\/actualites\/#\/schema\/person\/b87ac4f82f9d4e7b7cec7395b679edc4\",\"name\":\"Julien\",\"image\":{\"@type\":\"ImageObject\",\"inLanguage\":\"fr-BE\",\"@id\":\"https:\/\/vieassociative.be\/actualites\/#\/schema\/person\/image\/\",\"url\":\"https:\/\/vieassociative.be\/actualites\/wp-content\/uploads\/2024\/09\/vie-associative-1-150x150.jpg\",\"contentUrl\":\"https:\/\/vieassociative.be\/actualites\/wp-content\/uploads\/2024\/09\/vie-associative-1-150x150.jpg\",\"caption\":\"Julien\"},\"description\":\"Je suis Julien, r\u00e9dacteur pour Vie Associative. Passionn\u00e9 par le monde associatif depuis plus de 10 ans, j'ai \u00e0 c\u0153ur de partager des histoires inspirantes et de mettre en lumi\u00e8re les initiatives locales. Mon objectif est de sensibiliser et d'encourager l'engagement communautaire \u00e0 travers mes articles.\",\"sameAs\":[\"https:\/\/vieassociative.be\/\"]}]}<\/script>\n<!-- \/ Yoast SEO plugin. -->","yoast_head_json":{"title":"Il y a une vente d\u00e9cente du Black Friday sur des ordinateurs portables num\u00e9riques remarquables | Vie Associative","robots":{"index":"index","follow":"follow","max-snippet":"max-snippet:-1","max-image-preview":"max-image-preview:large","max-video-preview":"max-video-preview:-1"},"canonical":"https:\/\/vieassociative.be\/actualites\/il-y-a-une-vente-decente-du-black-friday-sur-des-ordinateurs-portables-numeriques-remarquables\/","og_locale":"fr_FR","og_type":"article","og_title":"Il y a une vente d\u00e9cente du Black Friday sur des ordinateurs portables num\u00e9riques remarquables | Vie Associative","og_description":"C&rsquo;est le moment id\u00e9al pour investir dans votre productivit\u00e9 et votre cr\u00e9ativit\u00e9. Les ventes du Black Friday commencent officiellement le vendredi 28 novembre et se","og_url":"https:\/\/vieassociative.be\/actualites\/il-y-a-une-vente-decente-du-black-friday-sur-des-ordinateurs-portables-numeriques-remarquables\/","og_site_name":"Vie Associative","article_published_time":"2025-11-22T17:17:35+00:00","og_image":[{"url":"https:\/\/vieassociative.be\/actualites\/wp-content\/uploads\/2025\/11\/Il-y-a-une-vente-decente-du-Black-Friday-sur.jpg","type":"","width":"","height":""}],"author":"Julien","twitter_card":"summary_large_image","twitter_misc":{"\u00c9crit par":"Julien","Dur\u00e9e de lecture est.":"4 minutes"},"schema":{"@context":"https:\/\/schema.org","@graph":[{"@type":"Article","@id":"https:\/\/vieassociative.be\/actualites\/il-y-a-une-vente-decente-du-black-friday-sur-des-ordinateurs-portables-numeriques-remarquables\/#article","isPartOf":{"@id":"https:\/\/vieassociative.be\/actualites\/il-y-a-une-vente-decente-du-black-friday-sur-des-ordinateurs-portables-numeriques-remarquables\/"},"author":{"name":"Julien","@id":"https:\/\/vieassociative.be\/actualites\/#\/schema\/person\/b87ac4f82f9d4e7b7cec7395b679edc4"},"headline":"Il y a une vente d\u00e9cente du Black Friday sur des ordinateurs portables num\u00e9riques remarquables","datePublished":"2025-11-22T17:17:35+00:00","dateModified":"2025-11-22T17:17:35+00:00","mainEntityOfPage":{"@id":"https:\/\/vieassociative.be\/actualites\/il-y-a-une-vente-decente-du-black-friday-sur-des-ordinateurs-portables-numeriques-remarquables\/"},"wordCount":862,"publisher":{"@id":"https:\/\/vieassociative.be\/actualites\/#organization"},"image":{"@id":"https:\/\/vieassociative.be\/actualites\/il-y-a-une-vente-decente-du-black-friday-sur-des-ordinateurs-portables-numeriques-remarquables\/#primaryimage"},"thumbnailUrl":"https:\/\/vieassociative.be\/actualites\/wp-content\/uploads\/2025\/11\/Il-y-a-une-vente-decente-du-Black-Friday-sur.webp.webp","keywords":["Black","d\u00e9cente","Des","Friday","num\u00e9riques","ordinateurs","portables","remarquables","sur","une","vente"],"articleSection":["Technologie"],"inLanguage":"fr-BE"},{"@type":"WebPage","@id":"https:\/\/vieassociative.be\/actualites\/il-y-a-une-vente-decente-du-black-friday-sur-des-ordinateurs-portables-numeriques-remarquables\/","url":"https:\/\/vieassociative.be\/actualites\/il-y-a-une-vente-decente-du-black-friday-sur-des-ordinateurs-portables-numeriques-remarquables\/","name":"Il y a une vente d\u00e9cente du Black Friday sur des ordinateurs portables num\u00e9riques remarquables | Vie Associative","isPartOf":{"@id":"https:\/\/vieassociative.be\/actualites\/#website"},"primaryImageOfPage":{"@id":"https:\/\/vieassociative.be\/actualites\/il-y-a-une-vente-decente-du-black-friday-sur-des-ordinateurs-portables-numeriques-remarquables\/#primaryimage"},"image":{"@id":"https:\/\/vieassociative.be\/actualites\/il-y-a-une-vente-decente-du-black-friday-sur-des-ordinateurs-portables-numeriques-remarquables\/#primaryimage"},"thumbnailUrl":"https:\/\/vieassociative.be\/actualites\/wp-content\/uploads\/2025\/11\/Il-y-a-une-vente-decente-du-Black-Friday-sur.webp.webp","datePublished":"2025-11-22T17:17:35+00:00","dateModified":"2025-11-22T17:17:35+00:00","breadcrumb":{"@id":"https:\/\/vieassociative.be\/actualites\/il-y-a-une-vente-decente-du-black-friday-sur-des-ordinateurs-portables-numeriques-remarquables\/#breadcrumb"},"inLanguage":"fr-BE","potentialAction":[{"@type":"ReadAction","target":["https:\/\/vieassociative.be\/actualites\/il-y-a-une-vente-decente-du-black-friday-sur-des-ordinateurs-portables-numeriques-remarquables\/"]}]},{"@type":"ImageObject","inLanguage":"fr-BE","@id":"https:\/\/vieassociative.be\/actualites\/il-y-a-une-vente-decente-du-black-friday-sur-des-ordinateurs-portables-numeriques-remarquables\/#primaryimage","url":"https:\/\/vieassociative.be\/actualites\/wp-content\/uploads\/2025\/11\/Il-y-a-une-vente-decente-du-Black-Friday-sur.webp.webp","contentUrl":"https:\/\/vieassociative.be\/actualites\/wp-content\/uploads\/2025\/11\/Il-y-a-une-vente-decente-du-Black-Friday-sur.webp.webp","width":1200,"height":675,"caption":"Il y a une vente d\u00e9cente du Black Friday sur des ordinateurs portables num\u00e9riques remarquables"},{"@type":"BreadcrumbList","@id":"https:\/\/vieassociative.be\/actualites\/il-y-a-une-vente-decente-du-black-friday-sur-des-ordinateurs-portables-numeriques-remarquables\/#breadcrumb","itemListElement":[{"@type":"ListItem","position":1,"name":"Accueil","item":"https:\/\/vieassociative.be\/actualites\/"},{"@type":"ListItem","position":2,"name":"Il y a une vente d\u00e9cente du Black Friday sur des ordinateurs portables num\u00e9riques remarquables"}]},{"@type":"WebSite","@id":"https:\/\/vieassociative.be\/actualites\/#website","url":"https:\/\/vieassociative.be\/actualites\/","name":"Vie Associative","description":"","publisher":{"@id":"https:\/\/vieassociative.be\/actualites\/#organization"},"potentialAction":[{"@type":"SearchAction","target":{"@type":"EntryPoint","urlTemplate":"https:\/\/vieassociative.be\/actualites\/?s={search_term_string}"},"query-input":{"@type":"PropertyValueSpecification","valueRequired":true,"valueName":"search_term_string"}}],"inLanguage":"fr-BE"},{"@type":"Organization","@id":"https:\/\/vieassociative.be\/actualites\/#organization","name":"Vie Associative","url":"https:\/\/vieassociative.be\/actualites\/","logo":{"@type":"ImageObject","inLanguage":"fr-BE","@id":"https:\/\/vieassociative.be\/actualites\/#\/schema\/logo\/image\/","url":"https:\/\/vieassociative.be\/actualites\/wp-content\/uploads\/2024\/09\/cropped-vieassociative_favicon.ico.png","contentUrl":"https:\/\/vieassociative.be\/actualites\/wp-content\/uploads\/2024\/09\/cropped-vieassociative_favicon.ico.png","width":512,"height":512,"caption":"Vie Associative"},"image":{"@id":"https:\/\/vieassociative.be\/actualites\/#\/schema\/logo\/image\/"}},{"@type":"Person","@id":"https:\/\/vieassociative.be\/actualites\/#\/schema\/person\/b87ac4f82f9d4e7b7cec7395b679edc4","name":"Julien","image":{"@type":"ImageObject","inLanguage":"fr-BE","@id":"https:\/\/vieassociative.be\/actualites\/#\/schema\/person\/image\/","url":"https:\/\/vieassociative.be\/actualites\/wp-content\/uploads\/2024\/09\/vie-associative-1-150x150.jpg","contentUrl":"https:\/\/vieassociative.be\/actualites\/wp-content\/uploads\/2024\/09\/vie-associative-1-150x150.jpg","caption":"Julien"},"description":"Je suis Julien, r\u00e9dacteur pour Vie Associative. Passionn\u00e9 par le monde associatif depuis plus de 10 ans, j'ai \u00e0 c\u0153ur de partager des histoires inspirantes et de mettre en lumi\u00e8re les initiatives locales. Mon objectif est de sensibiliser et d'encourager l'engagement communautaire \u00e0 travers mes articles.","sameAs":["https:\/\/vieassociative.be\/"]}]}},"_links":{"self":[{"href":"https:\/\/vieassociative.be\/actualites\/wp-json\/wp\/v2\/posts\/11478"}],"collection":[{"href":"https:\/\/vieassociative.be\/actualites\/wp-json\/wp\/v2\/posts"}],"about":[{"href":"https:\/\/vieassociative.be\/actualites\/wp-json\/wp\/v2\/types\/post"}],"author":[{"embeddable":true,"href":"https:\/\/vieassociative.be\/actualites\/wp-json\/wp\/v2\/users\/1"}],"replies":[{"embeddable":true,"href":"https:\/\/vieassociative.be\/actualites\/wp-json\/wp\/v2\/comments?post=11478"}],"version-history":[{"count":0,"href":"https:\/\/vieassociative.be\/actualites\/wp-json\/wp\/v2\/posts\/11478\/revisions"}],"wp:featuredmedia":[{"embeddable":true,"href":"https:\/\/vieassociative.be\/actualites\/wp-json\/wp\/v2\/media\/11479"}],"wp:attachment":[{"href":"https:\/\/vieassociative.be\/actualites\/wp-json\/wp\/v2\/media?parent=11478"}],"wp:term":[{"taxonomy":"category","embeddable":true,"href":"https:\/\/vieassociative.be\/actualites\/wp-json\/wp\/v2\/categories?post=11478"},{"taxonomy":"post_tag","embeddable":true,"href":"https:\/\/vieassociative.be\/actualites\/wp-json\/wp\/v2\/tags?post=11478"}],"curies":[{"name":"wp","href":"https:\/\/api.w.org\/{rel}","templated":true}]}}