{"id":11467,"date":"2025-11-22T03:19:23","date_gmt":"2025-11-22T02:19:23","guid":{"rendered":"https:\/\/vieassociative.be\/actualites\/las-eupen-obtient-un-point-precieux-des-dirigeants\/"},"modified":"2025-11-22T03:19:23","modified_gmt":"2025-11-22T02:19:23","slug":"las-eupen-obtient-un-point-precieux-des-dirigeants","status":"publish","type":"post","link":"https:\/\/vieassociative.be\/actualites\/las-eupen-obtient-un-point-precieux-des-dirigeants\/","title":{"rendered":"L&rsquo;AS Eupen obtient un point pr\u00e9cieux des dirigeants"},"content":{"rendered":"<p><strong>L&rsquo;AS Eupen a su marquer des points aupr\u00e8s des leaders. Les Noirs et Blancs ont obtenu un match nul 1-1 au SK Beveren vendredi soir.<\/strong><\/p>\n<p><span id=\"more-430165\"><\/span>Du point de vue d&rsquo;Eupen, il y avait peu d&rsquo;espoir d\u00e8s le coup d&rsquo;envoi de pouvoir obtenir quoi que ce soit de la part des leaders jusqu&rsquo;alors invaincus.<\/p>\n<p>L&rsquo;entra\u00eeneur de l&rsquo;AS, Bruno Pinheiro, n&rsquo;\u00e9tait probablement pas satisfait des performances r\u00e9centes, ce qui n&rsquo;\u00e9tait pas une surprise, et a modifi\u00e9 son onze de d\u00e9part \u00e0 six postes. Gavory a \u00e9t\u00e9 bless\u00e9 et Nurudeen, Kennedy, M\u00fcller, Bitumazala et Atteri ont \u00e9galement d\u00fb c\u00e9der la place. Hiller, Youndje, Keita, Prunier, Plastun et Delaurier-Choodet ont jou\u00e9 pour eux d\u00e8s le d\u00e9but.<\/p>\n<div id=\"attachment_406073\" class=\"wp-caption alignleft\" style=\"max-width: 300px\"><img fetchpriority=\"high\" decoding=\"async\" class=\"wp-image-406073 size-medium\" src=\"https:\/\/vieassociative.be\/actualites\/wp-content\/uploads\/2025\/04\/Comme-Eupen-perd-0-3-chez-SK-Beveren-et-na.jpg\" alt=\"\" width=\"300\" height=\"200\"><\/div>\n<p>Le onze de d\u00e9part d&rsquo;Eupen ressemblait \u00e0 ceci : Hiller \u2013 Youndje, Paeshuyse, Plastun, Van Genechten \u2013 Bar\u00e8s, Keita, M\u00f6hwald, Delaurier-Chautet \u2013 Prunier, Nuhu.<\/p>\n<p>Comme pr\u00e9vu, Christian Br\u00fcls d&rsquo;Amel \u00e9tait titulaire pour le SK Beveren. Le joueur de 37 ans a eu beaucoup de contacts avec le ballon au d\u00e9but. Cependant, son coup franc est pass\u00e9 \u00e0 c\u00f4t\u00e9 du but de Hiller et dans le filet lat\u00e9ral. En g\u00e9n\u00e9ral, les h\u00f4tes n&rsquo;ont eu aucune chance significative de marquer dans le premier quart d&rsquo;heure.<\/p>\n<p>Keita a eu un impact positif au milieu de terrain d&rsquo;Eupen. AS a \u00e9galement surv\u00e9cu sans probl\u00e8me au deuxi\u00e8me quart d&rsquo;heure. Malheureusement, cela n&rsquo;a pas dur\u00e9 tr\u00e8s longtemps, car \u00e0 la 38e minute, le SK Beveren a pris l&rsquo;avantage gr\u00e2ce \u00e0 une t\u00eate de Slegers apr\u00e8s un centre parfait de Van Hecke, 1-0. C&rsquo;est \u00e9galement Slegers qui a forc\u00e9 Hiller \u00e0 d\u00e9filer peu avant le coup de sifflet de la mi-temps. Le score \u00e0 la mi-temps \u00e9tait de 1-0.<\/p>\n<div id=\"attachment_424493\" class=\"wp-caption alignleft\" style=\"max-width: 200px\"><img decoding=\"async\" class=\"wp-image-424493 size-medium\" src=\"https:\/\/vieassociative.be\/actualites\/wp-content\/uploads\/2025\/09\/30.jpg\" alt=\"\" width=\"200\" height=\"300\"  ><\/div>\n<p>Apr\u00e8s la reprise, Beveren a d\u00e9coch\u00e9 son premier tir au but suite \u00e0 une erreur de b\u00e2ton de Van Genechten, mais heureusement pour Hiller, le tir est pass\u00e9 \u00e0 c\u00f4t\u00e9 du but. Au d\u00e9but de la seconde p\u00e9riode, les h\u00f4tes ont intensifi\u00e9 leur jeu.<\/p>\n<p>De mani\u00e8re tout \u00e0 fait surprenante, Delaurier-Choodet a \u00e9galis\u00e9 \u00e0 la 59e minute apr\u00e8s un brillant travail pr\u00e9paratoire de Youndje, 1-1.<\/p>\n<p>A la 66\u00e8me minute, l&rsquo;AS Busquets rempla\u00e7ait Keita. \u00c0 la 72e minute, Br\u00fcls tentait sa chance avec un tir lointain, mais le ballon passait largement au-dessus du but de Hiller. En g\u00e9n\u00e9ral, Br\u00fcls n&rsquo;a pas r\u00e9ussi \u00e0 convaincre lors de ce match contre son ancien club, comme d&rsquo;habitude de sa part.<\/p>\n<p>A la 73e minute, l&rsquo;AS Caliskan et Bitumazala rempla\u00e7aient Nuhu et M\u00f6hwald.<\/p>\n<p>Un quart d&rsquo;heure avant la fin, Beveren a fait intervenir la dribbleuse Margaritha, qui s&rsquo;est lanc\u00e9e sur le c\u00f4t\u00e9 gauche et a constitu\u00e9 \u00e0 deux reprises une menace pour le gardien de l&rsquo;AS Hiller avec un centre pr\u00e9cis.<\/p>\n<p>A la 80e minute, Pinheiro faisait entrer M\u00fcller et Atteri. Beveren a pouss\u00e9 pour le but vainqueur, mais les joueurs de l&rsquo;AS ont su d\u00e9fendre le match nul m\u00e9rit\u00e9.<\/p>\n<p>Vendredi prochain, AS accueillera le SK Lommel, concurrent direct dans la lutte pour une place dans le top 6 et les playoffs de promotion. La r\u00e9union a lieu dans le cadre du DG Day. (cr\u00e9er)<\/p>\n","protected":false},"excerpt":{"rendered":"<p>L&rsquo;AS Eupen a su marquer des points aupr\u00e8s des leaders. Les Noirs et Blancs ont obtenu un match nul 1-1 au SK Beveren vendredi soir.<\/p>\n","protected":false},"author":1,"featured_media":11468,"comment_status":"","ping_status":"","sticky":false,"template":"","format":"standard","meta":{"footnotes":""},"categories":[298],"tags":[29,9313,2329,2353,4304,174,2714],"class_list":["post-11467","post","type-post","status-publish","format-standard","has-post-thumbnail","hentry","category-belgique","tag-des","tag-dirigeants","tag-eupen","tag-las","tag-obtient","tag-point","tag-precieux","generate-columns","tablet-grid-50","mobile-grid-100","grid-parent","grid-33"],"yoast_head":"<!-- This site is optimized with the Yoast SEO plugin v24.0 - https:\/\/yoast.com\/wordpress\/plugins\/seo\/ -->\n<title>L&#039;AS Eupen obtient un point pr\u00e9cieux des dirigeants | Vie Associative<\/title>\n<meta name=\"robots\" content=\"index, follow, max-snippet:-1, max-image-preview:large, max-video-preview:-1\" \/>\n<link rel=\"canonical\" href=\"https:\/\/vieassociative.be\/actualites\/las-eupen-obtient-un-point-precieux-des-dirigeants\/\" \/>\n<meta property=\"og:locale\" content=\"fr_FR\" \/>\n<meta property=\"og:type\" content=\"article\" \/>\n<meta property=\"og:title\" content=\"L&#039;AS Eupen obtient un point pr\u00e9cieux des dirigeants | Vie Associative\" \/>\n<meta property=\"og:description\" content=\"L&rsquo;AS Eupen a su marquer des points aupr\u00e8s des leaders. Les Noirs et Blancs ont obtenu un match nul 1-1 au SK Beveren vendredi soir.\" \/>\n<meta property=\"og:url\" content=\"https:\/\/vieassociative.be\/actualites\/las-eupen-obtient-un-point-precieux-des-dirigeants\/\" \/>\n<meta property=\"og:site_name\" content=\"Vie Associative\" \/>\n<meta property=\"article:published_time\" content=\"2025-11-22T02:19:23+00:00\" \/>\n<meta property=\"og:image\" content=\"https:\/\/vieassociative.be\/actualites\/wp-content\/uploads\/2024\/09\/header_backgroundk-01-e1726694325946.png\" \/>\n\t<meta property=\"og:image:width\" content=\"279\" \/>\n\t<meta property=\"og:image:height\" content=\"92\" \/>\n\t<meta property=\"og:image:type\" content=\"image\/png\" \/>\n<meta name=\"author\" content=\"Julien\" \/>\n<meta name=\"twitter:card\" content=\"summary_large_image\" \/>\n<meta name=\"twitter:label1\" content=\"\u00c9crit par\" \/>\n\t<meta name=\"twitter:data1\" content=\"Julien\" \/>\n\t<meta name=\"twitter:label2\" content=\"Dur\u00e9e de lecture est.\" \/>\n\t<meta name=\"twitter:data2\" content=\"3 minutes\" \/>\n<script type=\"application\/ld+json\" class=\"yoast-schema-graph\">{\"@context\":\"https:\/\/schema.org\",\"@graph\":[{\"@type\":\"Article\",\"@id\":\"https:\/\/vieassociative.be\/actualites\/las-eupen-obtient-un-point-precieux-des-dirigeants\/#article\",\"isPartOf\":{\"@id\":\"https:\/\/vieassociative.be\/actualites\/las-eupen-obtient-un-point-precieux-des-dirigeants\/\"},\"author\":{\"name\":\"Julien\",\"@id\":\"https:\/\/vieassociative.be\/actualites\/#\/schema\/person\/b87ac4f82f9d4e7b7cec7395b679edc4\"},\"headline\":\"L&rsquo;AS Eupen obtient un point pr\u00e9cieux des dirigeants\",\"datePublished\":\"2025-11-22T02:19:23+00:00\",\"dateModified\":\"2025-11-22T02:19:23+00:00\",\"mainEntityOfPage\":{\"@id\":\"https:\/\/vieassociative.be\/actualites\/las-eupen-obtient-un-point-precieux-des-dirigeants\/\"},\"wordCount\":574,\"publisher\":{\"@id\":\"https:\/\/vieassociative.be\/actualites\/#organization\"},\"image\":{\"@id\":\"https:\/\/vieassociative.be\/actualites\/las-eupen-obtient-un-point-precieux-des-dirigeants\/#primaryimage\"},\"thumbnailUrl\":\"https:\/\/vieassociative.be\/actualites\/wp-content\/uploads\/2025\/11\/LAS-Eupen-obtient-un-point-precieux-des-dirigeants.jpg\",\"keywords\":[\"Des\",\"dirigeants\",\"Eupen\",\"lAS\",\"obtient\",\"point\",\"pr\u00e9cieux\"],\"articleSection\":[\"Belgique\"],\"inLanguage\":\"fr-BE\"},{\"@type\":\"WebPage\",\"@id\":\"https:\/\/vieassociative.be\/actualites\/las-eupen-obtient-un-point-precieux-des-dirigeants\/\",\"url\":\"https:\/\/vieassociative.be\/actualites\/las-eupen-obtient-un-point-precieux-des-dirigeants\/\",\"name\":\"L'AS Eupen obtient un point pr\u00e9cieux des dirigeants | Vie Associative\",\"isPartOf\":{\"@id\":\"https:\/\/vieassociative.be\/actualites\/#website\"},\"primaryImageOfPage\":{\"@id\":\"https:\/\/vieassociative.be\/actualites\/las-eupen-obtient-un-point-precieux-des-dirigeants\/#primaryimage\"},\"image\":{\"@id\":\"https:\/\/vieassociative.be\/actualites\/las-eupen-obtient-un-point-precieux-des-dirigeants\/#primaryimage\"},\"thumbnailUrl\":\"https:\/\/vieassociative.be\/actualites\/wp-content\/uploads\/2025\/11\/LAS-Eupen-obtient-un-point-precieux-des-dirigeants.jpg\",\"datePublished\":\"2025-11-22T02:19:23+00:00\",\"dateModified\":\"2025-11-22T02:19:23+00:00\",\"breadcrumb\":{\"@id\":\"https:\/\/vieassociative.be\/actualites\/las-eupen-obtient-un-point-precieux-des-dirigeants\/#breadcrumb\"},\"inLanguage\":\"fr-BE\",\"potentialAction\":[{\"@type\":\"ReadAction\",\"target\":[\"https:\/\/vieassociative.be\/actualites\/las-eupen-obtient-un-point-precieux-des-dirigeants\/\"]}]},{\"@type\":\"ImageObject\",\"inLanguage\":\"fr-BE\",\"@id\":\"https:\/\/vieassociative.be\/actualites\/las-eupen-obtient-un-point-precieux-des-dirigeants\/#primaryimage\",\"url\":\"https:\/\/vieassociative.be\/actualites\/wp-content\/uploads\/2025\/11\/LAS-Eupen-obtient-un-point-precieux-des-dirigeants.jpg\",\"contentUrl\":\"https:\/\/vieassociative.be\/actualites\/wp-content\/uploads\/2025\/11\/LAS-Eupen-obtient-un-point-precieux-des-dirigeants.jpg\",\"width\":1200,\"height\":800,\"caption\":\"L'AS Eupen obtient un point pr\u00e9cieux des dirigeants\"},{\"@type\":\"BreadcrumbList\",\"@id\":\"https:\/\/vieassociative.be\/actualites\/las-eupen-obtient-un-point-precieux-des-dirigeants\/#breadcrumb\",\"itemListElement\":[{\"@type\":\"ListItem\",\"position\":1,\"name\":\"Accueil\",\"item\":\"https:\/\/vieassociative.be\/actualites\/\"},{\"@type\":\"ListItem\",\"position\":2,\"name\":\"L&rsquo;AS Eupen obtient un point pr\u00e9cieux des dirigeants\"}]},{\"@type\":\"WebSite\",\"@id\":\"https:\/\/vieassociative.be\/actualites\/#website\",\"url\":\"https:\/\/vieassociative.be\/actualites\/\",\"name\":\"Vie Associative\",\"description\":\"\",\"publisher\":{\"@id\":\"https:\/\/vieassociative.be\/actualites\/#organization\"},\"potentialAction\":[{\"@type\":\"SearchAction\",\"target\":{\"@type\":\"EntryPoint\",\"urlTemplate\":\"https:\/\/vieassociative.be\/actualites\/?s={search_term_string}\"},\"query-input\":{\"@type\":\"PropertyValueSpecification\",\"valueRequired\":true,\"valueName\":\"search_term_string\"}}],\"inLanguage\":\"fr-BE\"},{\"@type\":\"Organization\",\"@id\":\"https:\/\/vieassociative.be\/actualites\/#organization\",\"name\":\"Vie Associative\",\"url\":\"https:\/\/vieassociative.be\/actualites\/\",\"logo\":{\"@type\":\"ImageObject\",\"inLanguage\":\"fr-BE\",\"@id\":\"https:\/\/vieassociative.be\/actualites\/#\/schema\/logo\/image\/\",\"url\":\"https:\/\/vieassociative.be\/actualites\/wp-content\/uploads\/2024\/09\/cropped-vieassociative_favicon.ico.png\",\"contentUrl\":\"https:\/\/vieassociative.be\/actualites\/wp-content\/uploads\/2024\/09\/cropped-vieassociative_favicon.ico.png\",\"width\":512,\"height\":512,\"caption\":\"Vie Associative\"},\"image\":{\"@id\":\"https:\/\/vieassociative.be\/actualites\/#\/schema\/logo\/image\/\"}},{\"@type\":\"Person\",\"@id\":\"https:\/\/vieassociative.be\/actualites\/#\/schema\/person\/b87ac4f82f9d4e7b7cec7395b679edc4\",\"name\":\"Julien\",\"image\":{\"@type\":\"ImageObject\",\"inLanguage\":\"fr-BE\",\"@id\":\"https:\/\/vieassociative.be\/actualites\/#\/schema\/person\/image\/\",\"url\":\"https:\/\/vieassociative.be\/actualites\/wp-content\/uploads\/2024\/09\/vie-associative-1-150x150.jpg\",\"contentUrl\":\"https:\/\/vieassociative.be\/actualites\/wp-content\/uploads\/2024\/09\/vie-associative-1-150x150.jpg\",\"caption\":\"Julien\"},\"description\":\"Je suis Julien, r\u00e9dacteur pour Vie Associative. Passionn\u00e9 par le monde associatif depuis plus de 10 ans, j'ai \u00e0 c\u0153ur de partager des histoires inspirantes et de mettre en lumi\u00e8re les initiatives locales. Mon objectif est de sensibiliser et d'encourager l'engagement communautaire \u00e0 travers mes articles.\",\"sameAs\":[\"https:\/\/vieassociative.be\/\"]}]}<\/script>\n<!-- \/ Yoast SEO plugin. -->","yoast_head_json":{"title":"L'AS Eupen obtient un point pr\u00e9cieux des dirigeants | Vie Associative","robots":{"index":"index","follow":"follow","max-snippet":"max-snippet:-1","max-image-preview":"max-image-preview:large","max-video-preview":"max-video-preview:-1"},"canonical":"https:\/\/vieassociative.be\/actualites\/las-eupen-obtient-un-point-precieux-des-dirigeants\/","og_locale":"fr_FR","og_type":"article","og_title":"L'AS Eupen obtient un point pr\u00e9cieux des dirigeants | Vie Associative","og_description":"L&rsquo;AS Eupen a su marquer des points aupr\u00e8s des leaders. Les Noirs et Blancs ont obtenu un match nul 1-1 au SK Beveren vendredi soir.","og_url":"https:\/\/vieassociative.be\/actualites\/las-eupen-obtient-un-point-precieux-des-dirigeants\/","og_site_name":"Vie Associative","article_published_time":"2025-11-22T02:19:23+00:00","og_image":[{"width":279,"height":92,"url":"https:\/\/vieassociative.be\/actualites\/wp-content\/uploads\/2024\/09\/header_backgroundk-01-e1726694325946.png","type":"image\/png"}],"author":"Julien","twitter_card":"summary_large_image","twitter_misc":{"\u00c9crit par":"Julien","Dur\u00e9e de lecture est.":"3 minutes"},"schema":{"@context":"https:\/\/schema.org","@graph":[{"@type":"Article","@id":"https:\/\/vieassociative.be\/actualites\/las-eupen-obtient-un-point-precieux-des-dirigeants\/#article","isPartOf":{"@id":"https:\/\/vieassociative.be\/actualites\/las-eupen-obtient-un-point-precieux-des-dirigeants\/"},"author":{"name":"Julien","@id":"https:\/\/vieassociative.be\/actualites\/#\/schema\/person\/b87ac4f82f9d4e7b7cec7395b679edc4"},"headline":"L&rsquo;AS Eupen obtient un point pr\u00e9cieux des dirigeants","datePublished":"2025-11-22T02:19:23+00:00","dateModified":"2025-11-22T02:19:23+00:00","mainEntityOfPage":{"@id":"https:\/\/vieassociative.be\/actualites\/las-eupen-obtient-un-point-precieux-des-dirigeants\/"},"wordCount":574,"publisher":{"@id":"https:\/\/vieassociative.be\/actualites\/#organization"},"image":{"@id":"https:\/\/vieassociative.be\/actualites\/las-eupen-obtient-un-point-precieux-des-dirigeants\/#primaryimage"},"thumbnailUrl":"https:\/\/vieassociative.be\/actualites\/wp-content\/uploads\/2025\/11\/LAS-Eupen-obtient-un-point-precieux-des-dirigeants.jpg","keywords":["Des","dirigeants","Eupen","lAS","obtient","point","pr\u00e9cieux"],"articleSection":["Belgique"],"inLanguage":"fr-BE"},{"@type":"WebPage","@id":"https:\/\/vieassociative.be\/actualites\/las-eupen-obtient-un-point-precieux-des-dirigeants\/","url":"https:\/\/vieassociative.be\/actualites\/las-eupen-obtient-un-point-precieux-des-dirigeants\/","name":"L'AS Eupen obtient un point pr\u00e9cieux des dirigeants | Vie Associative","isPartOf":{"@id":"https:\/\/vieassociative.be\/actualites\/#website"},"primaryImageOfPage":{"@id":"https:\/\/vieassociative.be\/actualites\/las-eupen-obtient-un-point-precieux-des-dirigeants\/#primaryimage"},"image":{"@id":"https:\/\/vieassociative.be\/actualites\/las-eupen-obtient-un-point-precieux-des-dirigeants\/#primaryimage"},"thumbnailUrl":"https:\/\/vieassociative.be\/actualites\/wp-content\/uploads\/2025\/11\/LAS-Eupen-obtient-un-point-precieux-des-dirigeants.jpg","datePublished":"2025-11-22T02:19:23+00:00","dateModified":"2025-11-22T02:19:23+00:00","breadcrumb":{"@id":"https:\/\/vieassociative.be\/actualites\/las-eupen-obtient-un-point-precieux-des-dirigeants\/#breadcrumb"},"inLanguage":"fr-BE","potentialAction":[{"@type":"ReadAction","target":["https:\/\/vieassociative.be\/actualites\/las-eupen-obtient-un-point-precieux-des-dirigeants\/"]}]},{"@type":"ImageObject","inLanguage":"fr-BE","@id":"https:\/\/vieassociative.be\/actualites\/las-eupen-obtient-un-point-precieux-des-dirigeants\/#primaryimage","url":"https:\/\/vieassociative.be\/actualites\/wp-content\/uploads\/2025\/11\/LAS-Eupen-obtient-un-point-precieux-des-dirigeants.jpg","contentUrl":"https:\/\/vieassociative.be\/actualites\/wp-content\/uploads\/2025\/11\/LAS-Eupen-obtient-un-point-precieux-des-dirigeants.jpg","width":1200,"height":800,"caption":"L'AS Eupen obtient un point pr\u00e9cieux des dirigeants"},{"@type":"BreadcrumbList","@id":"https:\/\/vieassociative.be\/actualites\/las-eupen-obtient-un-point-precieux-des-dirigeants\/#breadcrumb","itemListElement":[{"@type":"ListItem","position":1,"name":"Accueil","item":"https:\/\/vieassociative.be\/actualites\/"},{"@type":"ListItem","position":2,"name":"L&rsquo;AS Eupen obtient un point pr\u00e9cieux des dirigeants"}]},{"@type":"WebSite","@id":"https:\/\/vieassociative.be\/actualites\/#website","url":"https:\/\/vieassociative.be\/actualites\/","name":"Vie Associative","description":"","publisher":{"@id":"https:\/\/vieassociative.be\/actualites\/#organization"},"potentialAction":[{"@type":"SearchAction","target":{"@type":"EntryPoint","urlTemplate":"https:\/\/vieassociative.be\/actualites\/?s={search_term_string}"},"query-input":{"@type":"PropertyValueSpecification","valueRequired":true,"valueName":"search_term_string"}}],"inLanguage":"fr-BE"},{"@type":"Organization","@id":"https:\/\/vieassociative.be\/actualites\/#organization","name":"Vie Associative","url":"https:\/\/vieassociative.be\/actualites\/","logo":{"@type":"ImageObject","inLanguage":"fr-BE","@id":"https:\/\/vieassociative.be\/actualites\/#\/schema\/logo\/image\/","url":"https:\/\/vieassociative.be\/actualites\/wp-content\/uploads\/2024\/09\/cropped-vieassociative_favicon.ico.png","contentUrl":"https:\/\/vieassociative.be\/actualites\/wp-content\/uploads\/2024\/09\/cropped-vieassociative_favicon.ico.png","width":512,"height":512,"caption":"Vie Associative"},"image":{"@id":"https:\/\/vieassociative.be\/actualites\/#\/schema\/logo\/image\/"}},{"@type":"Person","@id":"https:\/\/vieassociative.be\/actualites\/#\/schema\/person\/b87ac4f82f9d4e7b7cec7395b679edc4","name":"Julien","image":{"@type":"ImageObject","inLanguage":"fr-BE","@id":"https:\/\/vieassociative.be\/actualites\/#\/schema\/person\/image\/","url":"https:\/\/vieassociative.be\/actualites\/wp-content\/uploads\/2024\/09\/vie-associative-1-150x150.jpg","contentUrl":"https:\/\/vieassociative.be\/actualites\/wp-content\/uploads\/2024\/09\/vie-associative-1-150x150.jpg","caption":"Julien"},"description":"Je suis Julien, r\u00e9dacteur pour Vie Associative. Passionn\u00e9 par le monde associatif depuis plus de 10 ans, j'ai \u00e0 c\u0153ur de partager des histoires inspirantes et de mettre en lumi\u00e8re les initiatives locales. Mon objectif est de sensibiliser et d'encourager l'engagement communautaire \u00e0 travers mes articles.","sameAs":["https:\/\/vieassociative.be\/"]}]}},"_links":{"self":[{"href":"https:\/\/vieassociative.be\/actualites\/wp-json\/wp\/v2\/posts\/11467"}],"collection":[{"href":"https:\/\/vieassociative.be\/actualites\/wp-json\/wp\/v2\/posts"}],"about":[{"href":"https:\/\/vieassociative.be\/actualites\/wp-json\/wp\/v2\/types\/post"}],"author":[{"embeddable":true,"href":"https:\/\/vieassociative.be\/actualites\/wp-json\/wp\/v2\/users\/1"}],"replies":[{"embeddable":true,"href":"https:\/\/vieassociative.be\/actualites\/wp-json\/wp\/v2\/comments?post=11467"}],"version-history":[{"count":0,"href":"https:\/\/vieassociative.be\/actualites\/wp-json\/wp\/v2\/posts\/11467\/revisions"}],"wp:featuredmedia":[{"embeddable":true,"href":"https:\/\/vieassociative.be\/actualites\/wp-json\/wp\/v2\/media\/11468"}],"wp:attachment":[{"href":"https:\/\/vieassociative.be\/actualites\/wp-json\/wp\/v2\/media?parent=11467"}],"wp:term":[{"taxonomy":"category","embeddable":true,"href":"https:\/\/vieassociative.be\/actualites\/wp-json\/wp\/v2\/categories?post=11467"},{"taxonomy":"post_tag","embeddable":true,"href":"https:\/\/vieassociative.be\/actualites\/wp-json\/wp\/v2\/tags?post=11467"}],"curies":[{"name":"wp","href":"https:\/\/api.w.org\/{rel}","templated":true}]}}