{"id":11465,"date":"2025-11-22T02:18:23","date_gmt":"2025-11-22T01:18:23","guid":{"rendered":"https:\/\/vieassociative.be\/actualites\/cette-offre-du-black-friday-reduit-de-50-un-abonnement-apple-tv-de-six-mois\/"},"modified":"2025-11-22T02:18:23","modified_gmt":"2025-11-22T01:18:23","slug":"cette-offre-du-black-friday-reduit-de-50-un-abonnement-apple-tv-de-six-mois","status":"publish","type":"post","link":"https:\/\/vieassociative.be\/actualites\/cette-offre-du-black-friday-reduit-de-50-un-abonnement-apple-tv-de-six-mois\/","title":{"rendered":"Cette offre du Black Friday r\u00e9duit de 50 % un abonnement Apple TV de six mois"},"content":{"rendered":"<div class=\"mt-4 leading-6 md:mb-8\">Diffusez \u00ab\u00a0Pluribus\u00a0\u00bb et \u00ab\u00a0Severance\u00a0\u00bb \u00e0 moindre co\u00fbt.<\/div>\n<p><\/p>\n<p><em>Les ventes du Black Friday commencent officiellement le vendredi 28 novembre et se poursuivent jusqu&rsquo;au Cyber \u200b\u200bMonday, le 1er d\u00e9cembre, et Vie Associative partage les meilleures ventes bas\u00e9es sur des critiques de produits, des comparaisons et des outils de suivi des prix avant leur fin. <\/em><\/p>\n<ul>\n<li>\n<p><em>Suivez notre blog en direct<\/em><em>  pour rester au courant des meilleures ventes que nous trouvons.<\/em><\/p>\n<\/li>\n<li>\n<p><em>Parcourez les choix de nos r\u00e9dacteurs<\/em><em>  pour une liste organis\u00e9e de nos ventes pr\u00e9f\u00e9r\u00e9es sur les ordinateurs portables, les technologies de fitness, les appareils \u00e9lectrom\u00e9nagers et plus encore.<\/em><\/p>\n<\/li>\n<li>\n<p><em>Abonnez-vous \u00e0 notre newsletter shopping<\/em><em>Ajoutez au panier, pour les meilleures ventes envoy\u00e9es dans votre bo\u00eete de r\u00e9ception.<\/em><\/p>\n<\/li>\n<li>\n<p><em>Les ventes sont exactes au moment de la publication, mais les prix et les stocks sont toujours sujets \u00e0 changement. <\/em><\/p>\n<\/li>\n<\/ul>\n<hr>\n<p>Les offres du Black Friday ne concernent pas uniquement les produits physiques. Bien que vous puissiez trouver des r\u00e9ductions sur tout, des trackers de fitness aux Kindle, les abonnements proposent \u00e9galement des ventes Black Friday. Exemple concret\u00a0: Apple TV, plus Apple TV+, remarquez. Le service d&rsquo;abonnement d&rsquo;Apple co\u00fbte g\u00e9n\u00e9ralement 12,99 $ par mois, relativement cher. Mais \u00e0 partir d&rsquo;aujourd&rsquo;hui, le 21 novembre, les nouveaux clients et les anciens clients d&rsquo;Apple TV peuvent obtenir un abonnement de six mois \u00e0 Apple TV pour 5,99 $ par mois. Cela repr\u00e9sente plus de 50 % de remise sur chaque mois (53,89 %, pour \u00eatre pr\u00e9cis). <\/p>\n<p>Vous avez un certain temps pour r\u00e9clamer cette r\u00e9duction de prix. Apr\u00e8s tout, il s&rsquo;agit d&rsquo;une offre Black Friday, vous pourrez donc vous inscrire d\u00e8s maintenant jusqu&rsquo;au 1er d\u00e9cembre \u00e0 20 h HP (Cyber \u200b\u200bMonday). Une fois que vous l&rsquo;aurez fait, vous disposerez de six mois, mais assurez-vous simplement de garder un \u0153il sur le calendrier : une fois ces six mois \u00e9coul\u00e9s, Apple recommencera \u00e0 vous facturer la totalit\u00e9 de 12,99 $. Vous devrez \u00e9galement vous abonner via une m\u00e9thode par laquelle Apple vous facture directement. Vous ne pourrez pas profiter de la r\u00e9duction si vous vous inscrivez \u00e0 Apple TV via un tiers. Enfin, vous ne serez pas \u00e9ligible si votre compte est \u00e9ligible \u00e0 un essai gratuit.<\/p>\n<p>Si vous n\u2019\u00eates pas connect\u00e9 \u00e0 Apple TV, c\u2019est le moment id\u00e9al pour le v\u00e9rifier. La plateforme propose un catalogue \u00e9tonnamment int\u00e9ressant, comprenant des \u00e9missions populaires comme <em>Rupture<\/em>, <em>Ted Lasso<\/em>et <em>Contraction<\/em>. De plus, un certain nombre d&rsquo;\u00e9missions diffusent actuellement de nouveaux \u00e9pisodes, comme <em>Pluribus<\/em>, <em>L&rsquo;\u00e9mission du matin<\/em>et <em>La derni\u00e8re fronti\u00e8re<\/em>.     <\/p>\n<p>Vous pouvez profiter de l&rsquo;offre depuis n&rsquo;importe quel appareil factur\u00e9 directement \u00e0 Apple ou depuis le site officiel d&rsquo;Apple TV.<\/p>\n<hr>\n<h2 id=\"does-apple-do-black-friday\">Apple fait-il le Black Friday ?<\/h2>\n<p>Oui, Apple participe au Black Friday, m\u00eame si vous souhaiterez peut-\u00eatre comparer ses ventes avec celles d&rsquo;autres d\u00e9taillants comme Best Buy et Walmart. Apple propose une carte-cadeau exclusive de 250 $ pour les achats \u00e9ligibles, mais jusqu&rsquo;\u00e0 pr\u00e9sent, la meilleure vente du Black Friday sur un produit Apple est le MacBook M4 en vente \u00e0 un prix moins cher que jamais.<\/p>\n<h2 id=\"are-black-friday-deals-worth-it\">Les offres du Black Friday en valent-elles la peine ?<\/h2>\n<p>Bref, oui, le Black Friday propose toujours des r\u00e9ductions qui peuvent \u00eatre rares sur le reste de l&rsquo;ann\u00e9e. Si vous souhaitez acheter quelque chose ou si vous achetez des cadeaux, c&rsquo;est le bon moment pour rechercher des r\u00e9ductions sur ce dont vous avez besoin, en particulier les ventes de technologies, de fournitures de r\u00e9novation domiciliaire et de technologies de fitness. Bien s\u00fbr, si vous avez besoin d\u2019\u00e9conomiser de l\u2019argent, la meilleure fa\u00e7on d\u2019\u00e9conomiser est de ne rien acheter. <\/p>\n<h2 id=\"are-cyber-monday-deals-better-than-black-friday\">Les offres du Cyber \u200b\u200bMonday sont-elles meilleures que le Black Friday ?<\/h2>\n<p>Le Black Friday \u00e9tait autrefois r\u00e9serv\u00e9 aux grands d\u00e9taillants et aux technologies et appareils \u00e9lectrom\u00e9nagers plus chers, tandis que le Cyber \u200b\u200b\u200b\u200bMonday \u00e9tait destin\u00e9 aux technologies moins ch\u00e8res et donnait aux petites entreprises une chance de rivaliser en ligne. Mais aujourd\u2019hui, la distinction n\u2019a presque plus de sens. Tous les grands d\u00e9taillants proposeront des soldes les deux jours, et la meilleure chose \u00e0 faire est de savoir ce que vous voulez, d&rsquo;utiliser des outils de suivi des prix ou de vous r\u00e9f\u00e9rer \u00e0 des guides comme notre blog en direct qui utilisent des outils de suivi des prix pour vous, et de ne pas vous soucier de trouver le moment id\u00e9al.<\/p>\n","protected":false},"excerpt":{"rendered":"<p>Diffusez \u00ab\u00a0Pluribus\u00a0\u00bb et \u00ab\u00a0Severance\u00a0\u00bb \u00e0 moindre co\u00fbt. Les ventes du Black Friday commencent officiellement le vendredi 28 novembre et se poursuivent jusqu&rsquo;au Cyber \u200b\u200bMonday, le<\/p>\n","protected":false},"author":1,"featured_media":11466,"comment_status":"","ping_status":"","sticky":false,"template":"","format":"standard","meta":{"footnotes":""},"categories":[13],"tags":[228,54,73,206,1255,232,50,6022],"class_list":["post-11465","post","type-post","status-publish","format-standard","has-post-thumbnail","hentry","category-technologie","tag-abonnement","tag-apple","tag-black","tag-cette","tag-friday","tag-mois","tag-offre","tag-reduit","generate-columns","tablet-grid-50","mobile-grid-100","grid-parent","grid-33"],"yoast_head":"<!-- This site is optimized with the Yoast SEO plugin v24.0 - https:\/\/yoast.com\/wordpress\/plugins\/seo\/ -->\n<title>Cette offre du Black Friday r\u00e9duit de 50 % un abonnement Apple TV de six mois | Vie Associative<\/title>\n<meta name=\"robots\" content=\"index, follow, max-snippet:-1, max-image-preview:large, max-video-preview:-1\" \/>\n<link rel=\"canonical\" href=\"https:\/\/vieassociative.be\/actualites\/cette-offre-du-black-friday-reduit-de-50-un-abonnement-apple-tv-de-six-mois\/\" \/>\n<meta property=\"og:locale\" content=\"fr_FR\" \/>\n<meta property=\"og:type\" content=\"article\" \/>\n<meta property=\"og:title\" content=\"Cette offre du Black Friday r\u00e9duit de 50 % un abonnement Apple TV de six mois | Vie Associative\" \/>\n<meta property=\"og:description\" content=\"Diffusez \u00ab\u00a0Pluribus\u00a0\u00bb et \u00ab\u00a0Severance\u00a0\u00bb \u00e0 moindre co\u00fbt. Les ventes du Black Friday commencent officiellement le vendredi 28 novembre et se poursuivent jusqu&rsquo;au Cyber \u200b\u200bMonday, le\" \/>\n<meta property=\"og:url\" content=\"https:\/\/vieassociative.be\/actualites\/cette-offre-du-black-friday-reduit-de-50-un-abonnement-apple-tv-de-six-mois\/\" \/>\n<meta property=\"og:site_name\" content=\"Vie Associative\" \/>\n<meta property=\"article:published_time\" content=\"2025-11-22T01:18:23+00:00\" \/>\n<meta property=\"og:image\" content=\"https:\/\/vieassociative.be\/actualites\/wp-content\/uploads\/2024\/09\/header_backgroundk-01-e1726694325946.png\" \/>\n\t<meta property=\"og:image:width\" content=\"279\" \/>\n\t<meta property=\"og:image:height\" content=\"92\" \/>\n\t<meta property=\"og:image:type\" content=\"image\/png\" \/>\n<meta name=\"author\" content=\"Julien\" \/>\n<meta name=\"twitter:card\" content=\"summary_large_image\" \/>\n<meta name=\"twitter:label1\" content=\"\u00c9crit par\" \/>\n\t<meta name=\"twitter:data1\" content=\"Julien\" \/>\n\t<meta name=\"twitter:label2\" content=\"Dur\u00e9e de lecture est.\" \/>\n\t<meta name=\"twitter:data2\" content=\"4 minutes\" \/>\n<script type=\"application\/ld+json\" class=\"yoast-schema-graph\">{\"@context\":\"https:\/\/schema.org\",\"@graph\":[{\"@type\":\"Article\",\"@id\":\"https:\/\/vieassociative.be\/actualites\/cette-offre-du-black-friday-reduit-de-50-un-abonnement-apple-tv-de-six-mois\/#article\",\"isPartOf\":{\"@id\":\"https:\/\/vieassociative.be\/actualites\/cette-offre-du-black-friday-reduit-de-50-un-abonnement-apple-tv-de-six-mois\/\"},\"author\":{\"name\":\"Julien\",\"@id\":\"https:\/\/vieassociative.be\/actualites\/#\/schema\/person\/b87ac4f82f9d4e7b7cec7395b679edc4\"},\"headline\":\"Cette offre du Black Friday r\u00e9duit de 50 % un abonnement Apple TV de six mois\",\"datePublished\":\"2025-11-22T01:18:23+00:00\",\"dateModified\":\"2025-11-22T01:18:23+00:00\",\"mainEntityOfPage\":{\"@id\":\"https:\/\/vieassociative.be\/actualites\/cette-offre-du-black-friday-reduit-de-50-un-abonnement-apple-tv-de-six-mois\/\"},\"wordCount\":760,\"publisher\":{\"@id\":\"https:\/\/vieassociative.be\/actualites\/#organization\"},\"image\":{\"@id\":\"https:\/\/vieassociative.be\/actualites\/cette-offre-du-black-friday-reduit-de-50-un-abonnement-apple-tv-de-six-mois\/#primaryimage\"},\"thumbnailUrl\":\"https:\/\/vieassociative.be\/actualites\/wp-content\/uploads\/2025\/11\/Cette-offre-du-Black-Friday-reduit-de-50-un.jpg\",\"keywords\":[\"abonnement\",\"Apple\",\"Black\",\"cette\",\"Friday\",\"mois\",\"offre\",\"r\u00e9duit\"],\"articleSection\":[\"Technologie\"],\"inLanguage\":\"fr-BE\"},{\"@type\":\"WebPage\",\"@id\":\"https:\/\/vieassociative.be\/actualites\/cette-offre-du-black-friday-reduit-de-50-un-abonnement-apple-tv-de-six-mois\/\",\"url\":\"https:\/\/vieassociative.be\/actualites\/cette-offre-du-black-friday-reduit-de-50-un-abonnement-apple-tv-de-six-mois\/\",\"name\":\"Cette offre du Black Friday r\u00e9duit de 50 % un abonnement Apple TV de six mois | Vie Associative\",\"isPartOf\":{\"@id\":\"https:\/\/vieassociative.be\/actualites\/#website\"},\"primaryImageOfPage\":{\"@id\":\"https:\/\/vieassociative.be\/actualites\/cette-offre-du-black-friday-reduit-de-50-un-abonnement-apple-tv-de-six-mois\/#primaryimage\"},\"image\":{\"@id\":\"https:\/\/vieassociative.be\/actualites\/cette-offre-du-black-friday-reduit-de-50-un-abonnement-apple-tv-de-six-mois\/#primaryimage\"},\"thumbnailUrl\":\"https:\/\/vieassociative.be\/actualites\/wp-content\/uploads\/2025\/11\/Cette-offre-du-Black-Friday-reduit-de-50-un.jpg\",\"datePublished\":\"2025-11-22T01:18:23+00:00\",\"dateModified\":\"2025-11-22T01:18:23+00:00\",\"breadcrumb\":{\"@id\":\"https:\/\/vieassociative.be\/actualites\/cette-offre-du-black-friday-reduit-de-50-un-abonnement-apple-tv-de-six-mois\/#breadcrumb\"},\"inLanguage\":\"fr-BE\",\"potentialAction\":[{\"@type\":\"ReadAction\",\"target\":[\"https:\/\/vieassociative.be\/actualites\/cette-offre-du-black-friday-reduit-de-50-un-abonnement-apple-tv-de-six-mois\/\"]}]},{\"@type\":\"ImageObject\",\"inLanguage\":\"fr-BE\",\"@id\":\"https:\/\/vieassociative.be\/actualites\/cette-offre-du-black-friday-reduit-de-50-un-abonnement-apple-tv-de-six-mois\/#primaryimage\",\"url\":\"https:\/\/vieassociative.be\/actualites\/wp-content\/uploads\/2025\/11\/Cette-offre-du-Black-Friday-reduit-de-50-un.jpg\",\"contentUrl\":\"https:\/\/vieassociative.be\/actualites\/wp-content\/uploads\/2025\/11\/Cette-offre-du-Black-Friday-reduit-de-50-un.jpg\",\"width\":1200,\"height\":675,\"caption\":\"Cette offre du Black Friday r\u00e9duit de 50 % un abonnement Apple TV de six mois\"},{\"@type\":\"BreadcrumbList\",\"@id\":\"https:\/\/vieassociative.be\/actualites\/cette-offre-du-black-friday-reduit-de-50-un-abonnement-apple-tv-de-six-mois\/#breadcrumb\",\"itemListElement\":[{\"@type\":\"ListItem\",\"position\":1,\"name\":\"Accueil\",\"item\":\"https:\/\/vieassociative.be\/actualites\/\"},{\"@type\":\"ListItem\",\"position\":2,\"name\":\"Cette offre du Black Friday r\u00e9duit de 50 % un abonnement Apple TV de six mois\"}]},{\"@type\":\"WebSite\",\"@id\":\"https:\/\/vieassociative.be\/actualites\/#website\",\"url\":\"https:\/\/vieassociative.be\/actualites\/\",\"name\":\"Vie Associative\",\"description\":\"\",\"publisher\":{\"@id\":\"https:\/\/vieassociative.be\/actualites\/#organization\"},\"potentialAction\":[{\"@type\":\"SearchAction\",\"target\":{\"@type\":\"EntryPoint\",\"urlTemplate\":\"https:\/\/vieassociative.be\/actualites\/?s={search_term_string}\"},\"query-input\":{\"@type\":\"PropertyValueSpecification\",\"valueRequired\":true,\"valueName\":\"search_term_string\"}}],\"inLanguage\":\"fr-BE\"},{\"@type\":\"Organization\",\"@id\":\"https:\/\/vieassociative.be\/actualites\/#organization\",\"name\":\"Vie Associative\",\"url\":\"https:\/\/vieassociative.be\/actualites\/\",\"logo\":{\"@type\":\"ImageObject\",\"inLanguage\":\"fr-BE\",\"@id\":\"https:\/\/vieassociative.be\/actualites\/#\/schema\/logo\/image\/\",\"url\":\"https:\/\/vieassociative.be\/actualites\/wp-content\/uploads\/2024\/09\/cropped-vieassociative_favicon.ico.png\",\"contentUrl\":\"https:\/\/vieassociative.be\/actualites\/wp-content\/uploads\/2024\/09\/cropped-vieassociative_favicon.ico.png\",\"width\":512,\"height\":512,\"caption\":\"Vie Associative\"},\"image\":{\"@id\":\"https:\/\/vieassociative.be\/actualites\/#\/schema\/logo\/image\/\"}},{\"@type\":\"Person\",\"@id\":\"https:\/\/vieassociative.be\/actualites\/#\/schema\/person\/b87ac4f82f9d4e7b7cec7395b679edc4\",\"name\":\"Julien\",\"image\":{\"@type\":\"ImageObject\",\"inLanguage\":\"fr-BE\",\"@id\":\"https:\/\/vieassociative.be\/actualites\/#\/schema\/person\/image\/\",\"url\":\"https:\/\/vieassociative.be\/actualites\/wp-content\/uploads\/2024\/09\/vie-associative-1-150x150.jpg\",\"contentUrl\":\"https:\/\/vieassociative.be\/actualites\/wp-content\/uploads\/2024\/09\/vie-associative-1-150x150.jpg\",\"caption\":\"Julien\"},\"description\":\"Je suis Julien, r\u00e9dacteur pour Vie Associative. Passionn\u00e9 par le monde associatif depuis plus de 10 ans, j'ai \u00e0 c\u0153ur de partager des histoires inspirantes et de mettre en lumi\u00e8re les initiatives locales. Mon objectif est de sensibiliser et d'encourager l'engagement communautaire \u00e0 travers mes articles.\",\"sameAs\":[\"https:\/\/vieassociative.be\/\"]}]}<\/script>\n<!-- \/ Yoast SEO plugin. -->","yoast_head_json":{"title":"Cette offre du Black Friday r\u00e9duit de 50 % un abonnement Apple TV de six mois | Vie Associative","robots":{"index":"index","follow":"follow","max-snippet":"max-snippet:-1","max-image-preview":"max-image-preview:large","max-video-preview":"max-video-preview:-1"},"canonical":"https:\/\/vieassociative.be\/actualites\/cette-offre-du-black-friday-reduit-de-50-un-abonnement-apple-tv-de-six-mois\/","og_locale":"fr_FR","og_type":"article","og_title":"Cette offre du Black Friday r\u00e9duit de 50 % un abonnement Apple TV de six mois | Vie Associative","og_description":"Diffusez \u00ab\u00a0Pluribus\u00a0\u00bb et \u00ab\u00a0Severance\u00a0\u00bb \u00e0 moindre co\u00fbt. Les ventes du Black Friday commencent officiellement le vendredi 28 novembre et se poursuivent jusqu&rsquo;au Cyber \u200b\u200bMonday, le","og_url":"https:\/\/vieassociative.be\/actualites\/cette-offre-du-black-friday-reduit-de-50-un-abonnement-apple-tv-de-six-mois\/","og_site_name":"Vie Associative","article_published_time":"2025-11-22T01:18:23+00:00","og_image":[{"width":279,"height":92,"url":"https:\/\/vieassociative.be\/actualites\/wp-content\/uploads\/2024\/09\/header_backgroundk-01-e1726694325946.png","type":"image\/png"}],"author":"Julien","twitter_card":"summary_large_image","twitter_misc":{"\u00c9crit par":"Julien","Dur\u00e9e de lecture est.":"4 minutes"},"schema":{"@context":"https:\/\/schema.org","@graph":[{"@type":"Article","@id":"https:\/\/vieassociative.be\/actualites\/cette-offre-du-black-friday-reduit-de-50-un-abonnement-apple-tv-de-six-mois\/#article","isPartOf":{"@id":"https:\/\/vieassociative.be\/actualites\/cette-offre-du-black-friday-reduit-de-50-un-abonnement-apple-tv-de-six-mois\/"},"author":{"name":"Julien","@id":"https:\/\/vieassociative.be\/actualites\/#\/schema\/person\/b87ac4f82f9d4e7b7cec7395b679edc4"},"headline":"Cette offre du Black Friday r\u00e9duit de 50 % un abonnement Apple TV de six mois","datePublished":"2025-11-22T01:18:23+00:00","dateModified":"2025-11-22T01:18:23+00:00","mainEntityOfPage":{"@id":"https:\/\/vieassociative.be\/actualites\/cette-offre-du-black-friday-reduit-de-50-un-abonnement-apple-tv-de-six-mois\/"},"wordCount":760,"publisher":{"@id":"https:\/\/vieassociative.be\/actualites\/#organization"},"image":{"@id":"https:\/\/vieassociative.be\/actualites\/cette-offre-du-black-friday-reduit-de-50-un-abonnement-apple-tv-de-six-mois\/#primaryimage"},"thumbnailUrl":"https:\/\/vieassociative.be\/actualites\/wp-content\/uploads\/2025\/11\/Cette-offre-du-Black-Friday-reduit-de-50-un.jpg","keywords":["abonnement","Apple","Black","cette","Friday","mois","offre","r\u00e9duit"],"articleSection":["Technologie"],"inLanguage":"fr-BE"},{"@type":"WebPage","@id":"https:\/\/vieassociative.be\/actualites\/cette-offre-du-black-friday-reduit-de-50-un-abonnement-apple-tv-de-six-mois\/","url":"https:\/\/vieassociative.be\/actualites\/cette-offre-du-black-friday-reduit-de-50-un-abonnement-apple-tv-de-six-mois\/","name":"Cette offre du Black Friday r\u00e9duit de 50 % un abonnement Apple TV de six mois | Vie Associative","isPartOf":{"@id":"https:\/\/vieassociative.be\/actualites\/#website"},"primaryImageOfPage":{"@id":"https:\/\/vieassociative.be\/actualites\/cette-offre-du-black-friday-reduit-de-50-un-abonnement-apple-tv-de-six-mois\/#primaryimage"},"image":{"@id":"https:\/\/vieassociative.be\/actualites\/cette-offre-du-black-friday-reduit-de-50-un-abonnement-apple-tv-de-six-mois\/#primaryimage"},"thumbnailUrl":"https:\/\/vieassociative.be\/actualites\/wp-content\/uploads\/2025\/11\/Cette-offre-du-Black-Friday-reduit-de-50-un.jpg","datePublished":"2025-11-22T01:18:23+00:00","dateModified":"2025-11-22T01:18:23+00:00","breadcrumb":{"@id":"https:\/\/vieassociative.be\/actualites\/cette-offre-du-black-friday-reduit-de-50-un-abonnement-apple-tv-de-six-mois\/#breadcrumb"},"inLanguage":"fr-BE","potentialAction":[{"@type":"ReadAction","target":["https:\/\/vieassociative.be\/actualites\/cette-offre-du-black-friday-reduit-de-50-un-abonnement-apple-tv-de-six-mois\/"]}]},{"@type":"ImageObject","inLanguage":"fr-BE","@id":"https:\/\/vieassociative.be\/actualites\/cette-offre-du-black-friday-reduit-de-50-un-abonnement-apple-tv-de-six-mois\/#primaryimage","url":"https:\/\/vieassociative.be\/actualites\/wp-content\/uploads\/2025\/11\/Cette-offre-du-Black-Friday-reduit-de-50-un.jpg","contentUrl":"https:\/\/vieassociative.be\/actualites\/wp-content\/uploads\/2025\/11\/Cette-offre-du-Black-Friday-reduit-de-50-un.jpg","width":1200,"height":675,"caption":"Cette offre du Black Friday r\u00e9duit de 50 % un abonnement Apple TV de six mois"},{"@type":"BreadcrumbList","@id":"https:\/\/vieassociative.be\/actualites\/cette-offre-du-black-friday-reduit-de-50-un-abonnement-apple-tv-de-six-mois\/#breadcrumb","itemListElement":[{"@type":"ListItem","position":1,"name":"Accueil","item":"https:\/\/vieassociative.be\/actualites\/"},{"@type":"ListItem","position":2,"name":"Cette offre du Black Friday r\u00e9duit de 50 % un abonnement Apple TV de six mois"}]},{"@type":"WebSite","@id":"https:\/\/vieassociative.be\/actualites\/#website","url":"https:\/\/vieassociative.be\/actualites\/","name":"Vie Associative","description":"","publisher":{"@id":"https:\/\/vieassociative.be\/actualites\/#organization"},"potentialAction":[{"@type":"SearchAction","target":{"@type":"EntryPoint","urlTemplate":"https:\/\/vieassociative.be\/actualites\/?s={search_term_string}"},"query-input":{"@type":"PropertyValueSpecification","valueRequired":true,"valueName":"search_term_string"}}],"inLanguage":"fr-BE"},{"@type":"Organization","@id":"https:\/\/vieassociative.be\/actualites\/#organization","name":"Vie Associative","url":"https:\/\/vieassociative.be\/actualites\/","logo":{"@type":"ImageObject","inLanguage":"fr-BE","@id":"https:\/\/vieassociative.be\/actualites\/#\/schema\/logo\/image\/","url":"https:\/\/vieassociative.be\/actualites\/wp-content\/uploads\/2024\/09\/cropped-vieassociative_favicon.ico.png","contentUrl":"https:\/\/vieassociative.be\/actualites\/wp-content\/uploads\/2024\/09\/cropped-vieassociative_favicon.ico.png","width":512,"height":512,"caption":"Vie Associative"},"image":{"@id":"https:\/\/vieassociative.be\/actualites\/#\/schema\/logo\/image\/"}},{"@type":"Person","@id":"https:\/\/vieassociative.be\/actualites\/#\/schema\/person\/b87ac4f82f9d4e7b7cec7395b679edc4","name":"Julien","image":{"@type":"ImageObject","inLanguage":"fr-BE","@id":"https:\/\/vieassociative.be\/actualites\/#\/schema\/person\/image\/","url":"https:\/\/vieassociative.be\/actualites\/wp-content\/uploads\/2024\/09\/vie-associative-1-150x150.jpg","contentUrl":"https:\/\/vieassociative.be\/actualites\/wp-content\/uploads\/2024\/09\/vie-associative-1-150x150.jpg","caption":"Julien"},"description":"Je suis Julien, r\u00e9dacteur pour Vie Associative. Passionn\u00e9 par le monde associatif depuis plus de 10 ans, j'ai \u00e0 c\u0153ur de partager des histoires inspirantes et de mettre en lumi\u00e8re les initiatives locales. Mon objectif est de sensibiliser et d'encourager l'engagement communautaire \u00e0 travers mes articles.","sameAs":["https:\/\/vieassociative.be\/"]}]}},"_links":{"self":[{"href":"https:\/\/vieassociative.be\/actualites\/wp-json\/wp\/v2\/posts\/11465"}],"collection":[{"href":"https:\/\/vieassociative.be\/actualites\/wp-json\/wp\/v2\/posts"}],"about":[{"href":"https:\/\/vieassociative.be\/actualites\/wp-json\/wp\/v2\/types\/post"}],"author":[{"embeddable":true,"href":"https:\/\/vieassociative.be\/actualites\/wp-json\/wp\/v2\/users\/1"}],"replies":[{"embeddable":true,"href":"https:\/\/vieassociative.be\/actualites\/wp-json\/wp\/v2\/comments?post=11465"}],"version-history":[{"count":0,"href":"https:\/\/vieassociative.be\/actualites\/wp-json\/wp\/v2\/posts\/11465\/revisions"}],"wp:featuredmedia":[{"embeddable":true,"href":"https:\/\/vieassociative.be\/actualites\/wp-json\/wp\/v2\/media\/11466"}],"wp:attachment":[{"href":"https:\/\/vieassociative.be\/actualites\/wp-json\/wp\/v2\/media?parent=11465"}],"wp:term":[{"taxonomy":"category","embeddable":true,"href":"https:\/\/vieassociative.be\/actualites\/wp-json\/wp\/v2\/categories?post=11465"},{"taxonomy":"post_tag","embeddable":true,"href":"https:\/\/vieassociative.be\/actualites\/wp-json\/wp\/v2\/tags?post=11465"}],"curies":[{"name":"wp","href":"https:\/\/api.w.org\/{rel}","templated":true}]}}