{"id":11463,"date":"2025-11-21T21:17:02","date_gmt":"2025-11-21T20:17:02","guid":{"rendered":"https:\/\/vieassociative.be\/actualites\/plus-de-securite-de-planification-la-dg-gouvernement-fixe-le-calendrier-scolaire-pour-les-trois-prochaines-annees-scolaires\/"},"modified":"2025-11-21T21:17:02","modified_gmt":"2025-11-21T20:17:02","slug":"plus-de-securite-de-planification-la-dg-gouvernement-fixe-le-calendrier-scolaire-pour-les-trois-prochaines-annees-scolaires","status":"publish","type":"post","link":"https:\/\/vieassociative.be\/actualites\/plus-de-securite-de-planification-la-dg-gouvernement-fixe-le-calendrier-scolaire-pour-les-trois-prochaines-annees-scolaires\/","title":{"rendered":"Plus de s\u00e9curit\u00e9 de planification : la DG Gouvernement fixe le calendrier scolaire pour les trois prochaines ann\u00e9es scolaires"},"content":{"rendered":"<p><strong>La DG gouvernement dispose du calendrier scolaire ainsi que du calendrier des<\/strong><br \/>\n<strong>Les ann\u00e9es universitaires 2026-2027 \u00e0 2028-2029 ont \u00e9t\u00e9 d\u00e9cid\u00e9es, comme l&rsquo;a annonc\u00e9 le ministre J\u00e9r\u00f4me Franssen.<\/strong><\/p>\n<p><span id=\"more-430146\"><\/span>Les ann\u00e9es scolaires et acad\u00e9miques 2026-2027, 2027-2028 et 2028-2029 d\u00e9butent le 1er septembre et se terminent le 30 juin.<\/p>\n<p>La ministre Franssen explique : \u00ab Le calendrier scolaire et le calendrier acad\u00e9mique de la Communaut\u00e9 germanophone seront fix\u00e9s pour trois ann\u00e9es suppl\u00e9mentaires afin de donner \u00e0 toutes les parties prenantes telles que les \u00e9coles, les familles et les institutions une s\u00e9curit\u00e9 de planification fiable. \u00bb<\/p>\n<p><em>Voici un aper\u00e7u des vacances scolaires et des jours sans \u00e9cole. Outre les vacances de la Toussaint, de No\u00ebl, du Carnaval et de P\u00e2ques, le tableau r\u00e9pertorie \u00e9galement les jours sans cours. Cliquez sur le tableau pour l&rsquo;agrandir :<\/em><\/p>\n<p><img fetchpriority=\"high\" decoding=\"async\" class=\"alignleft wp-image-430150 size-medium\" src=\"https:\/\/vieassociative.be\/actualites\/wp-content\/uploads\/2025\/11\/Plus-de-securite-de-planification-la-DG-Gouvernement-fixe.jpg\" alt=\"\" width=\"300\" height=\"257\"  ><\/p>\n","protected":false},"excerpt":{"rendered":"<p>La DG gouvernement dispose du calendrier scolaire ainsi que du calendrier des Les ann\u00e9es universitaires 2026-2027 \u00e0 2028-2029 ont \u00e9t\u00e9 d\u00e9cid\u00e9es, comme l&rsquo;a annonc\u00e9 le<\/p>\n","protected":false},"author":1,"featured_media":11464,"comment_status":"","ping_status":"","sticky":false,"template":"","format":"standard","meta":{"footnotes":""},"categories":[298],"tags":[2392,3293,8552,615,14,7149,81,8309,349,3431,151,771],"class_list":["post-11463","post","type-post","status-publish","format-standard","has-post-thumbnail","hentry","category-belgique","tag-annees","tag-calendrier","tag-fixe","tag-gouvernement","tag-les","tag-planification","tag-pour","tag-prochaines","tag-scolaire","tag-scolaires","tag-securite","tag-trois","generate-columns","tablet-grid-50","mobile-grid-100","grid-parent","grid-33"],"yoast_head":"<!-- This site is optimized with the Yoast SEO plugin v24.0 - https:\/\/yoast.com\/wordpress\/plugins\/seo\/ -->\n<title>Plus de s\u00e9curit\u00e9 de planification : la DG Gouvernement fixe le calendrier scolaire pour les trois prochaines ann\u00e9es scolaires | Vie Associative<\/title>\n<meta name=\"robots\" content=\"index, follow, max-snippet:-1, max-image-preview:large, max-video-preview:-1\" \/>\n<link rel=\"canonical\" href=\"https:\/\/vieassociative.be\/actualites\/plus-de-securite-de-planification-la-dg-gouvernement-fixe-le-calendrier-scolaire-pour-les-trois-prochaines-annees-scolaires\/\" \/>\n<meta property=\"og:locale\" content=\"fr_FR\" \/>\n<meta property=\"og:type\" content=\"article\" \/>\n<meta property=\"og:title\" content=\"Plus de s\u00e9curit\u00e9 de planification : la DG Gouvernement fixe le calendrier scolaire pour les trois prochaines ann\u00e9es scolaires | Vie Associative\" \/>\n<meta property=\"og:description\" content=\"La DG gouvernement dispose du calendrier scolaire ainsi que du calendrier des Les ann\u00e9es universitaires 2026-2027 \u00e0 2028-2029 ont \u00e9t\u00e9 d\u00e9cid\u00e9es, comme l&rsquo;a annonc\u00e9 le\" \/>\n<meta property=\"og:url\" content=\"https:\/\/vieassociative.be\/actualites\/plus-de-securite-de-planification-la-dg-gouvernement-fixe-le-calendrier-scolaire-pour-les-trois-prochaines-annees-scolaires\/\" \/>\n<meta property=\"og:site_name\" content=\"Vie Associative\" \/>\n<meta property=\"article:published_time\" content=\"2025-11-21T20:17:02+00:00\" \/>\n<meta property=\"og:image\" content=\"https:\/\/vieassociative.be\/actualites\/wp-content\/uploads\/2024\/09\/header_backgroundk-01-e1726694325946.png\" \/>\n\t<meta property=\"og:image:width\" content=\"279\" \/>\n\t<meta property=\"og:image:height\" content=\"92\" \/>\n\t<meta property=\"og:image:type\" content=\"image\/png\" \/>\n<meta name=\"author\" content=\"Julien\" \/>\n<meta name=\"twitter:card\" content=\"summary_large_image\" \/>\n<meta name=\"twitter:label1\" content=\"\u00c9crit par\" \/>\n\t<meta name=\"twitter:data1\" content=\"Julien\" \/>\n\t<meta name=\"twitter:label2\" content=\"Dur\u00e9e de lecture est.\" \/>\n\t<meta name=\"twitter:data2\" content=\"1 minute\" \/>\n<script type=\"application\/ld+json\" class=\"yoast-schema-graph\">{\"@context\":\"https:\/\/schema.org\",\"@graph\":[{\"@type\":\"Article\",\"@id\":\"https:\/\/vieassociative.be\/actualites\/plus-de-securite-de-planification-la-dg-gouvernement-fixe-le-calendrier-scolaire-pour-les-trois-prochaines-annees-scolaires\/#article\",\"isPartOf\":{\"@id\":\"https:\/\/vieassociative.be\/actualites\/plus-de-securite-de-planification-la-dg-gouvernement-fixe-le-calendrier-scolaire-pour-les-trois-prochaines-annees-scolaires\/\"},\"author\":{\"name\":\"Julien\",\"@id\":\"https:\/\/vieassociative.be\/actualites\/#\/schema\/person\/b87ac4f82f9d4e7b7cec7395b679edc4\"},\"headline\":\"Plus de s\u00e9curit\u00e9 de planification : la DG Gouvernement fixe le calendrier scolaire pour les trois prochaines ann\u00e9es scolaires\",\"datePublished\":\"2025-11-21T20:17:02+00:00\",\"dateModified\":\"2025-11-21T20:17:02+00:00\",\"mainEntityOfPage\":{\"@id\":\"https:\/\/vieassociative.be\/actualites\/plus-de-securite-de-planification-la-dg-gouvernement-fixe-le-calendrier-scolaire-pour-les-trois-prochaines-annees-scolaires\/\"},\"wordCount\":164,\"publisher\":{\"@id\":\"https:\/\/vieassociative.be\/actualites\/#organization\"},\"image\":{\"@id\":\"https:\/\/vieassociative.be\/actualites\/plus-de-securite-de-planification-la-dg-gouvernement-fixe-le-calendrier-scolaire-pour-les-trois-prochaines-annees-scolaires\/#primaryimage\"},\"thumbnailUrl\":\"https:\/\/vieassociative.be\/actualites\/wp-content\/uploads\/2025\/11\/Plus-de-securite-de-planification-la-DG-Gouvernement-fixe.jpeg\",\"keywords\":[\"ann\u00e9es\",\"calendrier\",\"fix\u00e9\",\"gouvernement\",\"Les\",\"planification\",\"pour\",\"prochaines\",\"scolaire\",\"scolaires\",\"s\u00e9curit\u00e9\",\"trois\"],\"articleSection\":[\"Belgique\"],\"inLanguage\":\"fr-BE\"},{\"@type\":\"WebPage\",\"@id\":\"https:\/\/vieassociative.be\/actualites\/plus-de-securite-de-planification-la-dg-gouvernement-fixe-le-calendrier-scolaire-pour-les-trois-prochaines-annees-scolaires\/\",\"url\":\"https:\/\/vieassociative.be\/actualites\/plus-de-securite-de-planification-la-dg-gouvernement-fixe-le-calendrier-scolaire-pour-les-trois-prochaines-annees-scolaires\/\",\"name\":\"Plus de s\u00e9curit\u00e9 de planification : la DG Gouvernement fixe le calendrier scolaire pour les trois prochaines ann\u00e9es scolaires | Vie Associative\",\"isPartOf\":{\"@id\":\"https:\/\/vieassociative.be\/actualites\/#website\"},\"primaryImageOfPage\":{\"@id\":\"https:\/\/vieassociative.be\/actualites\/plus-de-securite-de-planification-la-dg-gouvernement-fixe-le-calendrier-scolaire-pour-les-trois-prochaines-annees-scolaires\/#primaryimage\"},\"image\":{\"@id\":\"https:\/\/vieassociative.be\/actualites\/plus-de-securite-de-planification-la-dg-gouvernement-fixe-le-calendrier-scolaire-pour-les-trois-prochaines-annees-scolaires\/#primaryimage\"},\"thumbnailUrl\":\"https:\/\/vieassociative.be\/actualites\/wp-content\/uploads\/2025\/11\/Plus-de-securite-de-planification-la-DG-Gouvernement-fixe.jpeg\",\"datePublished\":\"2025-11-21T20:17:02+00:00\",\"dateModified\":\"2025-11-21T20:17:02+00:00\",\"breadcrumb\":{\"@id\":\"https:\/\/vieassociative.be\/actualites\/plus-de-securite-de-planification-la-dg-gouvernement-fixe-le-calendrier-scolaire-pour-les-trois-prochaines-annees-scolaires\/#breadcrumb\"},\"inLanguage\":\"fr-BE\",\"potentialAction\":[{\"@type\":\"ReadAction\",\"target\":[\"https:\/\/vieassociative.be\/actualites\/plus-de-securite-de-planification-la-dg-gouvernement-fixe-le-calendrier-scolaire-pour-les-trois-prochaines-annees-scolaires\/\"]}]},{\"@type\":\"ImageObject\",\"inLanguage\":\"fr-BE\",\"@id\":\"https:\/\/vieassociative.be\/actualites\/plus-de-securite-de-planification-la-dg-gouvernement-fixe-le-calendrier-scolaire-pour-les-trois-prochaines-annees-scolaires\/#primaryimage\",\"url\":\"https:\/\/vieassociative.be\/actualites\/wp-content\/uploads\/2025\/11\/Plus-de-securite-de-planification-la-DG-Gouvernement-fixe.jpeg\",\"contentUrl\":\"https:\/\/vieassociative.be\/actualites\/wp-content\/uploads\/2025\/11\/Plus-de-securite-de-planification-la-DG-Gouvernement-fixe.jpeg\",\"width\":1000,\"height\":319,\"caption\":\"Plus de s\u00e9curit\u00e9 de planification : la DG Gouvernement fixe le calendrier scolaire pour les trois prochaines ann\u00e9es scolaires\"},{\"@type\":\"BreadcrumbList\",\"@id\":\"https:\/\/vieassociative.be\/actualites\/plus-de-securite-de-planification-la-dg-gouvernement-fixe-le-calendrier-scolaire-pour-les-trois-prochaines-annees-scolaires\/#breadcrumb\",\"itemListElement\":[{\"@type\":\"ListItem\",\"position\":1,\"name\":\"Accueil\",\"item\":\"https:\/\/vieassociative.be\/actualites\/\"},{\"@type\":\"ListItem\",\"position\":2,\"name\":\"Plus de s\u00e9curit\u00e9 de planification : la DG Gouvernement fixe le calendrier scolaire pour les trois prochaines ann\u00e9es scolaires\"}]},{\"@type\":\"WebSite\",\"@id\":\"https:\/\/vieassociative.be\/actualites\/#website\",\"url\":\"https:\/\/vieassociative.be\/actualites\/\",\"name\":\"Vie Associative\",\"description\":\"\",\"publisher\":{\"@id\":\"https:\/\/vieassociative.be\/actualites\/#organization\"},\"potentialAction\":[{\"@type\":\"SearchAction\",\"target\":{\"@type\":\"EntryPoint\",\"urlTemplate\":\"https:\/\/vieassociative.be\/actualites\/?s={search_term_string}\"},\"query-input\":{\"@type\":\"PropertyValueSpecification\",\"valueRequired\":true,\"valueName\":\"search_term_string\"}}],\"inLanguage\":\"fr-BE\"},{\"@type\":\"Organization\",\"@id\":\"https:\/\/vieassociative.be\/actualites\/#organization\",\"name\":\"Vie Associative\",\"url\":\"https:\/\/vieassociative.be\/actualites\/\",\"logo\":{\"@type\":\"ImageObject\",\"inLanguage\":\"fr-BE\",\"@id\":\"https:\/\/vieassociative.be\/actualites\/#\/schema\/logo\/image\/\",\"url\":\"https:\/\/vieassociative.be\/actualites\/wp-content\/uploads\/2024\/09\/cropped-vieassociative_favicon.ico.png\",\"contentUrl\":\"https:\/\/vieassociative.be\/actualites\/wp-content\/uploads\/2024\/09\/cropped-vieassociative_favicon.ico.png\",\"width\":512,\"height\":512,\"caption\":\"Vie Associative\"},\"image\":{\"@id\":\"https:\/\/vieassociative.be\/actualites\/#\/schema\/logo\/image\/\"}},{\"@type\":\"Person\",\"@id\":\"https:\/\/vieassociative.be\/actualites\/#\/schema\/person\/b87ac4f82f9d4e7b7cec7395b679edc4\",\"name\":\"Julien\",\"image\":{\"@type\":\"ImageObject\",\"inLanguage\":\"fr-BE\",\"@id\":\"https:\/\/vieassociative.be\/actualites\/#\/schema\/person\/image\/\",\"url\":\"https:\/\/vieassociative.be\/actualites\/wp-content\/uploads\/2024\/09\/vie-associative-1-150x150.jpg\",\"contentUrl\":\"https:\/\/vieassociative.be\/actualites\/wp-content\/uploads\/2024\/09\/vie-associative-1-150x150.jpg\",\"caption\":\"Julien\"},\"description\":\"Je suis Julien, r\u00e9dacteur pour Vie Associative. Passionn\u00e9 par le monde associatif depuis plus de 10 ans, j'ai \u00e0 c\u0153ur de partager des histoires inspirantes et de mettre en lumi\u00e8re les initiatives locales. Mon objectif est de sensibiliser et d'encourager l'engagement communautaire \u00e0 travers mes articles.\",\"sameAs\":[\"https:\/\/vieassociative.be\/\"]}]}<\/script>\n<!-- \/ Yoast SEO plugin. -->","yoast_head_json":{"title":"Plus de s\u00e9curit\u00e9 de planification : la DG Gouvernement fixe le calendrier scolaire pour les trois prochaines ann\u00e9es scolaires | Vie Associative","robots":{"index":"index","follow":"follow","max-snippet":"max-snippet:-1","max-image-preview":"max-image-preview:large","max-video-preview":"max-video-preview:-1"},"canonical":"https:\/\/vieassociative.be\/actualites\/plus-de-securite-de-planification-la-dg-gouvernement-fixe-le-calendrier-scolaire-pour-les-trois-prochaines-annees-scolaires\/","og_locale":"fr_FR","og_type":"article","og_title":"Plus de s\u00e9curit\u00e9 de planification : la DG Gouvernement fixe le calendrier scolaire pour les trois prochaines ann\u00e9es scolaires | Vie Associative","og_description":"La DG gouvernement dispose du calendrier scolaire ainsi que du calendrier des Les ann\u00e9es universitaires 2026-2027 \u00e0 2028-2029 ont \u00e9t\u00e9 d\u00e9cid\u00e9es, comme l&rsquo;a annonc\u00e9 le","og_url":"https:\/\/vieassociative.be\/actualites\/plus-de-securite-de-planification-la-dg-gouvernement-fixe-le-calendrier-scolaire-pour-les-trois-prochaines-annees-scolaires\/","og_site_name":"Vie Associative","article_published_time":"2025-11-21T20:17:02+00:00","og_image":[{"width":279,"height":92,"url":"https:\/\/vieassociative.be\/actualites\/wp-content\/uploads\/2024\/09\/header_backgroundk-01-e1726694325946.png","type":"image\/png"}],"author":"Julien","twitter_card":"summary_large_image","twitter_misc":{"\u00c9crit par":"Julien","Dur\u00e9e de lecture est.":"1 minute"},"schema":{"@context":"https:\/\/schema.org","@graph":[{"@type":"Article","@id":"https:\/\/vieassociative.be\/actualites\/plus-de-securite-de-planification-la-dg-gouvernement-fixe-le-calendrier-scolaire-pour-les-trois-prochaines-annees-scolaires\/#article","isPartOf":{"@id":"https:\/\/vieassociative.be\/actualites\/plus-de-securite-de-planification-la-dg-gouvernement-fixe-le-calendrier-scolaire-pour-les-trois-prochaines-annees-scolaires\/"},"author":{"name":"Julien","@id":"https:\/\/vieassociative.be\/actualites\/#\/schema\/person\/b87ac4f82f9d4e7b7cec7395b679edc4"},"headline":"Plus de s\u00e9curit\u00e9 de planification : la DG Gouvernement fixe le calendrier scolaire pour les trois prochaines ann\u00e9es scolaires","datePublished":"2025-11-21T20:17:02+00:00","dateModified":"2025-11-21T20:17:02+00:00","mainEntityOfPage":{"@id":"https:\/\/vieassociative.be\/actualites\/plus-de-securite-de-planification-la-dg-gouvernement-fixe-le-calendrier-scolaire-pour-les-trois-prochaines-annees-scolaires\/"},"wordCount":164,"publisher":{"@id":"https:\/\/vieassociative.be\/actualites\/#organization"},"image":{"@id":"https:\/\/vieassociative.be\/actualites\/plus-de-securite-de-planification-la-dg-gouvernement-fixe-le-calendrier-scolaire-pour-les-trois-prochaines-annees-scolaires\/#primaryimage"},"thumbnailUrl":"https:\/\/vieassociative.be\/actualites\/wp-content\/uploads\/2025\/11\/Plus-de-securite-de-planification-la-DG-Gouvernement-fixe.jpeg","keywords":["ann\u00e9es","calendrier","fix\u00e9","gouvernement","Les","planification","pour","prochaines","scolaire","scolaires","s\u00e9curit\u00e9","trois"],"articleSection":["Belgique"],"inLanguage":"fr-BE"},{"@type":"WebPage","@id":"https:\/\/vieassociative.be\/actualites\/plus-de-securite-de-planification-la-dg-gouvernement-fixe-le-calendrier-scolaire-pour-les-trois-prochaines-annees-scolaires\/","url":"https:\/\/vieassociative.be\/actualites\/plus-de-securite-de-planification-la-dg-gouvernement-fixe-le-calendrier-scolaire-pour-les-trois-prochaines-annees-scolaires\/","name":"Plus de s\u00e9curit\u00e9 de planification : la DG Gouvernement fixe le calendrier scolaire pour les trois prochaines ann\u00e9es scolaires | Vie Associative","isPartOf":{"@id":"https:\/\/vieassociative.be\/actualites\/#website"},"primaryImageOfPage":{"@id":"https:\/\/vieassociative.be\/actualites\/plus-de-securite-de-planification-la-dg-gouvernement-fixe-le-calendrier-scolaire-pour-les-trois-prochaines-annees-scolaires\/#primaryimage"},"image":{"@id":"https:\/\/vieassociative.be\/actualites\/plus-de-securite-de-planification-la-dg-gouvernement-fixe-le-calendrier-scolaire-pour-les-trois-prochaines-annees-scolaires\/#primaryimage"},"thumbnailUrl":"https:\/\/vieassociative.be\/actualites\/wp-content\/uploads\/2025\/11\/Plus-de-securite-de-planification-la-DG-Gouvernement-fixe.jpeg","datePublished":"2025-11-21T20:17:02+00:00","dateModified":"2025-11-21T20:17:02+00:00","breadcrumb":{"@id":"https:\/\/vieassociative.be\/actualites\/plus-de-securite-de-planification-la-dg-gouvernement-fixe-le-calendrier-scolaire-pour-les-trois-prochaines-annees-scolaires\/#breadcrumb"},"inLanguage":"fr-BE","potentialAction":[{"@type":"ReadAction","target":["https:\/\/vieassociative.be\/actualites\/plus-de-securite-de-planification-la-dg-gouvernement-fixe-le-calendrier-scolaire-pour-les-trois-prochaines-annees-scolaires\/"]}]},{"@type":"ImageObject","inLanguage":"fr-BE","@id":"https:\/\/vieassociative.be\/actualites\/plus-de-securite-de-planification-la-dg-gouvernement-fixe-le-calendrier-scolaire-pour-les-trois-prochaines-annees-scolaires\/#primaryimage","url":"https:\/\/vieassociative.be\/actualites\/wp-content\/uploads\/2025\/11\/Plus-de-securite-de-planification-la-DG-Gouvernement-fixe.jpeg","contentUrl":"https:\/\/vieassociative.be\/actualites\/wp-content\/uploads\/2025\/11\/Plus-de-securite-de-planification-la-DG-Gouvernement-fixe.jpeg","width":1000,"height":319,"caption":"Plus de s\u00e9curit\u00e9 de planification : la DG Gouvernement fixe le calendrier scolaire pour les trois prochaines ann\u00e9es scolaires"},{"@type":"BreadcrumbList","@id":"https:\/\/vieassociative.be\/actualites\/plus-de-securite-de-planification-la-dg-gouvernement-fixe-le-calendrier-scolaire-pour-les-trois-prochaines-annees-scolaires\/#breadcrumb","itemListElement":[{"@type":"ListItem","position":1,"name":"Accueil","item":"https:\/\/vieassociative.be\/actualites\/"},{"@type":"ListItem","position":2,"name":"Plus de s\u00e9curit\u00e9 de planification : la DG Gouvernement fixe le calendrier scolaire pour les trois prochaines ann\u00e9es scolaires"}]},{"@type":"WebSite","@id":"https:\/\/vieassociative.be\/actualites\/#website","url":"https:\/\/vieassociative.be\/actualites\/","name":"Vie Associative","description":"","publisher":{"@id":"https:\/\/vieassociative.be\/actualites\/#organization"},"potentialAction":[{"@type":"SearchAction","target":{"@type":"EntryPoint","urlTemplate":"https:\/\/vieassociative.be\/actualites\/?s={search_term_string}"},"query-input":{"@type":"PropertyValueSpecification","valueRequired":true,"valueName":"search_term_string"}}],"inLanguage":"fr-BE"},{"@type":"Organization","@id":"https:\/\/vieassociative.be\/actualites\/#organization","name":"Vie Associative","url":"https:\/\/vieassociative.be\/actualites\/","logo":{"@type":"ImageObject","inLanguage":"fr-BE","@id":"https:\/\/vieassociative.be\/actualites\/#\/schema\/logo\/image\/","url":"https:\/\/vieassociative.be\/actualites\/wp-content\/uploads\/2024\/09\/cropped-vieassociative_favicon.ico.png","contentUrl":"https:\/\/vieassociative.be\/actualites\/wp-content\/uploads\/2024\/09\/cropped-vieassociative_favicon.ico.png","width":512,"height":512,"caption":"Vie Associative"},"image":{"@id":"https:\/\/vieassociative.be\/actualites\/#\/schema\/logo\/image\/"}},{"@type":"Person","@id":"https:\/\/vieassociative.be\/actualites\/#\/schema\/person\/b87ac4f82f9d4e7b7cec7395b679edc4","name":"Julien","image":{"@type":"ImageObject","inLanguage":"fr-BE","@id":"https:\/\/vieassociative.be\/actualites\/#\/schema\/person\/image\/","url":"https:\/\/vieassociative.be\/actualites\/wp-content\/uploads\/2024\/09\/vie-associative-1-150x150.jpg","contentUrl":"https:\/\/vieassociative.be\/actualites\/wp-content\/uploads\/2024\/09\/vie-associative-1-150x150.jpg","caption":"Julien"},"description":"Je suis Julien, r\u00e9dacteur pour Vie Associative. Passionn\u00e9 par le monde associatif depuis plus de 10 ans, j'ai \u00e0 c\u0153ur de partager des histoires inspirantes et de mettre en lumi\u00e8re les initiatives locales. Mon objectif est de sensibiliser et d'encourager l'engagement communautaire \u00e0 travers mes articles.","sameAs":["https:\/\/vieassociative.be\/"]}]}},"_links":{"self":[{"href":"https:\/\/vieassociative.be\/actualites\/wp-json\/wp\/v2\/posts\/11463"}],"collection":[{"href":"https:\/\/vieassociative.be\/actualites\/wp-json\/wp\/v2\/posts"}],"about":[{"href":"https:\/\/vieassociative.be\/actualites\/wp-json\/wp\/v2\/types\/post"}],"author":[{"embeddable":true,"href":"https:\/\/vieassociative.be\/actualites\/wp-json\/wp\/v2\/users\/1"}],"replies":[{"embeddable":true,"href":"https:\/\/vieassociative.be\/actualites\/wp-json\/wp\/v2\/comments?post=11463"}],"version-history":[{"count":0,"href":"https:\/\/vieassociative.be\/actualites\/wp-json\/wp\/v2\/posts\/11463\/revisions"}],"wp:featuredmedia":[{"embeddable":true,"href":"https:\/\/vieassociative.be\/actualites\/wp-json\/wp\/v2\/media\/11464"}],"wp:attachment":[{"href":"https:\/\/vieassociative.be\/actualites\/wp-json\/wp\/v2\/media?parent=11463"}],"wp:term":[{"taxonomy":"category","embeddable":true,"href":"https:\/\/vieassociative.be\/actualites\/wp-json\/wp\/v2\/categories?post=11463"},{"taxonomy":"post_tag","embeddable":true,"href":"https:\/\/vieassociative.be\/actualites\/wp-json\/wp\/v2\/tags?post=11463"}],"curies":[{"name":"wp","href":"https:\/\/api.w.org\/{rel}","templated":true}]}}