{"id":11461,"date":"2025-11-21T20:17:12","date_gmt":"2025-11-21T19:17:12","guid":{"rendered":"https:\/\/vieassociative.be\/actualites\/tous-les-kindle-paperwhites-damazon-sont-a-leurs-prix-les-plus-bas-jamais-vus-pour-le-black-friday\/"},"modified":"2025-11-21T20:17:12","modified_gmt":"2025-11-21T19:17:12","slug":"tous-les-kindle-paperwhites-damazon-sont-a-leurs-prix-les-plus-bas-jamais-vus-pour-le-black-friday","status":"publish","type":"post","link":"https:\/\/vieassociative.be\/actualites\/tous-les-kindle-paperwhites-damazon-sont-a-leurs-prix-les-plus-bas-jamais-vus-pour-le-black-friday\/","title":{"rendered":"Tous les Kindle Paperwhites d&rsquo;Amazon sont \u00e0 leurs prix les plus bas jamais vus pour le Black Friday"},"content":{"rendered":"<div class=\"mt-4 leading-6 md:mb-8\">Vous m\u00e9ritez une liseuse ce Black Friday.<\/div>\n<p><\/p>\n<p><em>Les ventes du Black Friday commencent officiellement le vendredi 28 novembre et se poursuivent jusqu&rsquo;au Cyber \u200b\u200bMonday, le 1er d\u00e9cembre, et Vie Associative partage les meilleures ventes bas\u00e9es sur des critiques de produits, des comparaisons et des outils de suivi des prix avant leur fin. <\/em><\/p>\n<ul>\n<li>\n<p><em>Suivez notre blog en direct<\/em><em>  pour rester au courant des meilleures ventes que nous trouvons.<\/em><\/p>\n<\/li>\n<li>\n<p><em>Parcourez les choix de nos r\u00e9dacteurs<\/em><em>  pour une liste organis\u00e9e de nos ventes pr\u00e9f\u00e9r\u00e9es sur les ordinateurs portables, les technologies de fitness, les appareils \u00e9lectrom\u00e9nagers et plus encore.<\/em><\/p>\n<\/li>\n<li>\n<p><em>Abonnez-vous \u00e0 notre newsletter shopping<\/em><em>Ajoutez au panier, pour les meilleures ventes envoy\u00e9es dans votre bo\u00eete de r\u00e9ception.<\/em><\/p>\n<\/li>\n<li>\n<p><em>Les ventes sont exactes au moment de la publication, mais les prix et les stocks sont toujours sujets \u00e0 changement. <\/em><\/p>\n<\/li>\n<\/ul>\n<hr>\n<p>Lors de l&rsquo;achat d&rsquo;un nouvel appareil, il me faut beaucoup de temps pour cliquer sur le bouton \u00ab acheter \u00bb. J&rsquo;ai cess\u00e9 d&rsquo;utiliser mon iPhone et mon Mac pour lire des ebooks il y a quelques ann\u00e9es, mais j&rsquo;ai attendu cette ann\u00e9e pour enfin me procurer la liseuse que je convoitais depuis 2020. Il s&rsquo;agit de la Kindle Paperwhite, que j&rsquo;ai achet\u00e9e \u00e0 prix r\u00e9duit il y a quelques mois. Je l&rsquo;adore, c&rsquo;est pourquoi je suis heureux d&rsquo;annoncer qu&rsquo;il est maintenant en vente pour le Black Friday et qu&rsquo;il est \u00e0 son prix le plus bas jamais enregistr\u00e9.<\/p>\n<div class=\"shadow-b-2 mb-12 mt-10 rounded-md border-2 border-(#F0F0F0) px-6 py-2 shadow-lg md:px-12\" role=\"region\" aria-label=\"Products List\" x-data=\"{ showMore: false }\">\n<div class=\"flex w-full gap-x-5\">\n<div class=\"flex w-full flex-col flex-nowrap justify-center gap-2 text-black no-underline md:order-2 md:gap-y-6\">\n<div class=\"flex flex-col justify-between gap-y-2 md:w-full md:gap-y-1\">\n<div class=\"block w-fit cursor-pointer font-akshar text-lg font-medium leading-5 text-brand-green duration-200 ease-in-out hover:text-brand-green-700 md:text-xl md:leading-6\">\n<p>                            Amazon Kindle Paperwhite (financ\u00e9 par la publicit\u00e9)\n                        <\/p><\/div>\n<\/p><\/div>\n<div class=\"hidden md:flex md:justify-between md:gap-x-4\">\n<div class=\"w-full mb-0 md:flex md:flex-col md:justify-center font-sans leading-4 text-black\">\n<div class=\"flex flex-wrap items-center justify-center gap-1 md:justify-start\">\n        <span class=\"font-bold\"><\/p>\n<p>            125,00\u00a0$<br \/>\n                            <span class=\"font-medium\">chez Amazon<\/span><br \/>\n                    <\/span>\n            <\/div>\n<div class=\"flex items-center justify-center gap-x-1 font-bold md:justify-start\">\n            <span class=\"text-sm line-through\">160,00\u00a0$<\/span><br \/>\n            <span class=\"text-sm text-brand-green\">\u00c9conomisez 35,00\u00a0$<\/span>\n        <\/div>\n<\/p><\/div>\n<p>                            <button class=\"flex justify-center items-center w-full bg-brand-green text-white text-base font-sans font-medium rounded-md hover:bg-brand-green-700 hover:cursor-pointer md:text-sm hidden self-end h-12 max-w-(10rem) duration-200 ease-in-out hover:bg-brand-green-700 md:flex md:h-10\"><\/p>\n<p>    Obtenez une offre<br \/>\n<\/button>\n                        <\/div>\n<\/p><\/div>\n<div class=\"flex aspect-video h-(90px) shrink-0 items-center justify-center self-center md:order-1\">\n                        <img decoding=\"async\" class=\"m-0 max-h-full max-w-full rounded-md\" src=\"https:\/\/vieassociative.be\/actualites\/wp-content\/uploads\/2025\/11\/Tous-les-Kindle-Paperwhites-dAmazon-sont-a-leurs-prix-les.jpg\" alt=\"Kindle Paperwhite en noir.\" width=\"auto\" height=\"auto\" loading=\"lazy\">\n                    <\/div>\n<\/p><\/div>\n<p>                            <button class=\"flex justify-center items-center w-full bg-brand-green text-white text-base font-sans font-medium rounded-md hover:bg-brand-green-700 hover:cursor-pointer md:text-sm w-full h-12 duration-200 ease-in-out hover:bg-brand-green-700 md:hidden md:h-10\"><\/p>\n<p>    Obtenez une offre<br \/>\n<\/button><\/p>\n<div class=\"flex flex-col items-center w-full md:hidden font-sans leading-4 text-black\">\n<div class=\"flex flex-wrap items-center justify-center gap-1 md:justify-start\">\n        <span class=\"font-bold\"><\/p>\n<p>            125,00\u00a0$<br \/>\n                            <span class=\"font-medium\">chez Amazon<\/span><br \/>\n                    <\/span>\n            <\/div>\n<div class=\"flex items-center justify-center gap-x-1 font-bold md:justify-start\">\n            <span class=\"text-sm line-through\">160,00\u00a0$<\/span><br \/>\n            <span class=\"text-sm text-brand-green\">\u00c9conomisez 35,00\u00a0$<\/span>\n        <\/div>\n<\/p><\/div>\n<div class=\"flex w-full gap-x-5\">\n<div class=\"flex w-full flex-col flex-nowrap justify-center gap-2 text-black no-underline md:order-2 md:gap-y-6\">\n<div class=\"flex flex-col justify-between gap-y-2 md:w-full md:gap-y-1\">\n<div class=\"block w-fit cursor-pointer font-akshar text-lg font-medium leading-5 text-brand-green duration-200 ease-in-out hover:text-brand-green-700 md:text-xl md:leading-6\">\n<p>                            Amazon Kindle Paperwhite (sans publicit\u00e9)\n                        <\/p><\/div>\n<\/p><\/div>\n<div class=\"hidden md:flex md:justify-between md:gap-x-4\">\n<div class=\"w-full mb-0 md:flex md:flex-col md:justify-center font-sans leading-4 text-black\">\n<div class=\"flex flex-wrap items-center justify-center gap-1 md:justify-start\">\n        <span class=\"font-bold\"><\/p>\n<p>            145,00\u00a0$<br \/>\n                            <span class=\"font-medium\">chez Amazon<\/span><br \/>\n                    <\/span>\n            <\/div>\n<div class=\"flex items-center justify-center gap-x-1 font-bold md:justify-start\">\n            <span class=\"text-sm line-through\">180,00\u00a0$<\/span><br \/>\n            <span class=\"text-sm text-brand-green\">\u00c9conomisez 35,00\u00a0$<\/span>\n        <\/div>\n<\/p><\/div>\n<p>                            <button class=\"flex justify-center items-center w-full bg-brand-green text-white text-base font-sans font-medium rounded-md hover:bg-brand-green-700 hover:cursor-pointer md:text-sm hidden self-end h-12 max-w-(10rem) duration-200 ease-in-out hover:bg-brand-green-700 md:flex md:h-10\"><\/p>\n<p>    Obtenez une offre<br \/>\n<\/button>\n                        <\/div>\n<\/p><\/div>\n<div class=\"flex aspect-video h-(90px) shrink-0 items-center justify-center self-center md:order-1\">\n                        <img decoding=\"async\" class=\"m-0 max-h-full max-w-full rounded-md\" src=\"https:\/\/vieassociative.be\/actualites\/wp-content\/uploads\/2025\/11\/Tous-les-Kindle-Paperwhites-dAmazon-sont-a-leurs-prix-les.jpg\" alt=\"Kindle Paperwhite en noir.\" width=\"auto\" height=\"auto\" loading=\"lazy\">\n                    <\/div>\n<\/p><\/div>\n<p>                            <button class=\"flex justify-center items-center w-full bg-brand-green text-white text-base font-sans font-medium rounded-md hover:bg-brand-green-700 hover:cursor-pointer md:text-sm w-full h-12 duration-200 ease-in-out hover:bg-brand-green-700 md:hidden md:h-10\"><\/p>\n<p>    Obtenez une offre<br \/>\n<\/button><\/p>\n<div class=\"flex flex-col items-center w-full md:hidden font-sans leading-4 text-black\">\n<div class=\"flex flex-wrap items-center justify-center gap-1 md:justify-start\">\n        <span class=\"font-bold\"><\/p>\n<p>            145,00\u00a0$<br \/>\n                            <span class=\"font-medium\">chez Amazon<\/span><br \/>\n                    <\/span>\n            <\/div>\n<div class=\"flex items-center justify-center gap-x-1 font-bold md:justify-start\">\n            <span class=\"text-sm line-through\">180,00\u00a0$<\/span><br \/>\n            <span class=\"text-sm text-brand-green\">\u00c9conomisez 35,00\u00a0$<\/span>\n        <\/div>\n<\/p><\/div>\n<div class=\"flex w-full gap-x-5\">\n<div class=\"flex w-full flex-col flex-nowrap justify-center gap-2 text-black no-underline md:order-2 md:gap-y-6\">\n<div class=\"flex flex-col justify-between gap-y-2 md:w-full md:gap-y-1\">\n<div class=\"block w-fit cursor-pointer font-akshar text-lg font-medium leading-5 text-brand-green duration-200 ease-in-out hover:text-brand-green-700 md:text-xl md:leading-6\">\n<p>                            Amazon Kindle Paperwhite \u00c9dition Signature\n                        <\/p><\/div>\n<\/p><\/div>\n<div class=\"hidden md:flex md:justify-between md:gap-x-4\">\n<div class=\"w-full mb-0 md:flex md:flex-col md:justify-center font-sans leading-4 text-black\">\n<div class=\"flex flex-wrap items-center justify-center gap-1 md:justify-start\">\n        <span class=\"font-bold\"><\/p>\n<p>            150,00\u00a0$<br \/>\n                            <span class=\"font-medium\">chez Amazon<\/span><br \/>\n                    <\/span>\n            <\/div>\n<div class=\"flex items-center justify-center gap-x-1 font-bold md:justify-start\">\n            <span class=\"text-sm line-through\">200,00\u00a0$<\/span><br \/>\n            <span class=\"text-sm text-brand-green\">\u00c9conomisez 50,00\u00a0$<\/span>\n        <\/div>\n<\/p><\/div>\n<p>                            <button class=\"flex justify-center items-center w-full bg-brand-green text-white text-base font-sans font-medium rounded-md hover:bg-brand-green-700 hover:cursor-pointer md:text-sm hidden self-end h-12 max-w-(10rem) duration-200 ease-in-out hover:bg-brand-green-700 md:flex md:h-10\"><\/p>\n<p>    Obtenez une offre<br \/>\n<\/button>\n                        <\/div>\n<\/p><\/div>\n<div class=\"flex aspect-video h-(90px) shrink-0 items-center justify-center self-center md:order-1\">\n                        <img decoding=\"async\" class=\"m-0 max-h-full max-w-full rounded-md\" src=\"https:\/\/vieassociative.be\/actualites\/wp-content\/uploads\/2025\/11\/1763752632_782_Tous-les-Kindle-Paperwhites-dAmazon-sont-a-leurs-prix-les.jpg\" alt=\"\u00c9dition Signature Kindle Paperwhite en Jade m\u00e9tallis\u00e9\" width=\"auto\" height=\"auto\" loading=\"lazy\">\n                    <\/div>\n<\/p><\/div>\n<p>                            <button class=\"flex justify-center items-center w-full bg-brand-green text-white text-base font-sans font-medium rounded-md hover:bg-brand-green-700 hover:cursor-pointer md:text-sm w-full h-12 duration-200 ease-in-out hover:bg-brand-green-700 md:hidden md:h-10\"><\/p>\n<p>    Obtenez une offre<br \/>\n<\/button><\/p>\n<div class=\"flex flex-col items-center w-full md:hidden font-sans leading-4 text-black\">\n<div class=\"flex flex-wrap items-center justify-center gap-1 md:justify-start\">\n        <span class=\"font-bold\"><\/p>\n<p>            150,00\u00a0$<br \/>\n                            <span class=\"font-medium\">chez Amazon<\/span><br \/>\n                    <\/span>\n            <\/div>\n<div class=\"flex items-center justify-center gap-x-1 font-bold md:justify-start\">\n            <span class=\"text-sm line-through\">200,00\u00a0$<\/span><br \/>\n            <span class=\"text-sm text-brand-green\">\u00c9conomisez 50,00\u00a0$<\/span>\n        <\/div>\n<\/p><\/div>\n<\/div>\n<p>Je sais ce que vous pourriez dire, mais acheter un Kindle ne signifie pas que vous \u00eates oblig\u00e9 d&rsquo;adh\u00e9rer \u00e0 l&rsquo;\u00e9cosyst\u00e8me de livres \u00e9lectroniques d&rsquo;Amazon. J&rsquo;ai r\u00e9ussi \u00e0 d\u00e9sAmazoner mon Kindle et tout se passe bien jusqu&rsquo;\u00e0 pr\u00e9sent. Il existe de nombreuses alternatives Amazon pour acheter des ebooks, et j&rsquo;ai profit\u00e9 de l&rsquo;occasion pour lire de nombreux ebooks sans DRM achet\u00e9s au fil des ans. Le Kindle Paperwhite lui-m\u00eame est \u00e9galement un excellent appareil. Il est assez rapide et ne pr\u00e9sente aucun probl\u00e8me de performances, m\u00eame si vous tournez de nombreuses pages cons\u00e9cutivement.<\/p>\n<p>Il est r\u00e9sistant \u00e0 l&rsquo;eau, ce qui signifie que vous pouvez l&rsquo;utiliser au bord de la piscine, \u00e0 la plage ou m\u00eame en faisant la vaisselle. Et oui, il fut un temps o\u00f9 j&rsquo;\u00e9tais tellement enferm\u00e9 dans un livre que je lisais la s\u00e9rie m\u00eame en faisant la vaisselle. C&rsquo;\u00e9tait un peu ennuyeux de s&rsquo;arr\u00eater et de tourner la page toutes les minutes environ, mais le fait est que je n&rsquo;ai jamais eu peur de causer des d\u00e9g\u00e2ts d&rsquo;eau \u00e0 mon Kindle Paperwhite.<\/p>\n<p>Oui, il existe \u00e9galement un Kindle moins cher, mais il n&rsquo;est pas r\u00e9sistant \u00e0 l&rsquo;eau et a environ la moiti\u00e9 de la dur\u00e9e de vie de la batterie d&rsquo;un Paperwhite, ce qui le rend moins attrayant pour moi. Si vous pouvez vous le permettre, je pense que l\u2019achat du Kindle Paperwhite est le choix judicieux. Mais il reste encore quelques d\u00e9cisions \u00e0 prendre en compte. L\u2019une d\u2019entre elles est la couleur. Le Paperwhite est disponible dans les couleurs noir, vert et rose et tous sont actuellement \u00e0 leur prix le plus bas jamais enregistr\u00e9. Une fois que vous avez d\u00e9termin\u00e9 votre couleur, vous devez choisir si vous achetez votre Kindle avec ou sans publicit\u00e9. Je recommande toujours de d\u00e9penser 20 dollars suppl\u00e9mentaires pour obtenir la version sans publicit\u00e9, mais si les publicit\u00e9s sur \u00e9cran de verrouillage ne vous d\u00e9rangent pas, vous pouvez obtenir le mod\u00e8le le moins cher.<\/p>\n<p>Le troisi\u00e8me et dernier choix est de savoir si vous souhaitez augmenter votre budget pour l&rsquo;\u00e9dition Kindle Paperwhite Signature. Cette variante dispose de 32 Go de stockage int\u00e9gr\u00e9 (le double de celui du Paperwhite classique), d&rsquo;un \u00e9clairage avant \u00e0 r\u00e9glage automatique et d&rsquo;une prise en charge du chargement sans fil. C&rsquo;est seulement 5 $ de plus que le Kindle Paperwhite sans publicit\u00e9 au moment de la r\u00e9daction, et il convient de rappeler que cette variante ne contient pas non plus de publicit\u00e9. <\/p>\n<p>Personnellement, je pense que le choix se situe vraiment entre un Paperwhite financ\u00e9 par la publicit\u00e9 \u00e0 125 $ ou une Paperwhite Signature Edition sans publicit\u00e9 \u00e0 150 $. Les deux sont d\u2019excellents appareils, donc quoi qu\u2019il arrive, vous ne pouvez pas vraiment vous tromper.<\/p>\n<hr>\n<p><strong>Combien de temps durent r\u00e9ellement les offres du Black Friday ?<\/strong><\/p>\n<p>Les ventes du Black Friday commencent officiellement le vendredi 28 novembre 2025 et se d\u00e9roulent tout au long de la \u00ab Cyber \u200b\u200bWeek \u00bb, la p\u00e9riode de cinq jours qui s&rsquo;\u00e9tend de Thanksgiving au Cyber \u200b\u200bMonday, le 1er d\u00e9cembre 2025. Mais les dates du Black Friday et du Cyber \u200b\u200bMonday se sont \u00e9tendues \u00e0 mesure que les d\u00e9taillants se disputent les clients. Vous pouvez b\u00e9n\u00e9ficier des m\u00eames ventes du Black Friday plus t\u00f4t et nous pr\u00e9voyons que les ventes se termineront d\u2019ici le 3 d\u00e9cembre 2025. <\/p>\n<p><strong>Amazon propose-t-il des offres Black Friday ?<\/strong><\/p>\n<p>Oui, Amazon propose des ventes Black Friday, mais les prix ne sont pas toujours ce qu&rsquo;ils semblent \u00eatre. Utilisez un outil de suivi des prix pour vous assurer d&rsquo;obtenir la meilleure offre, ou reportez-vous \u00e0 des guides comme notre blog en direct qui utilisent des outils de suivi des prix pour vous. Et si vous disposez d\u2019un abonnement Amazon Prime, profitez-en.<\/p>\n<p><strong>Les offres du Black Friday en valent-elles la peine ?<\/strong><\/p>\n<p>Bref, oui, le Black Friday propose toujours des r\u00e9ductions qui peuvent \u00eatre rares sur le reste de l&rsquo;ann\u00e9e. Si vous souhaitez acheter quelque chose ou si vous achetez des cadeaux, c&rsquo;est le bon moment pour rechercher des r\u00e9ductions sur ce dont vous avez besoin, en particulier les ventes de technologies, de fournitures de r\u00e9novation domiciliaire et de technologies de fitness. Bien s\u00fbr, si vous avez besoin d\u2019\u00e9conomiser de l\u2019argent, la meilleure fa\u00e7on d\u2019\u00e9conomiser est de ne rien acheter. <\/p>\n","protected":false},"excerpt":{"rendered":"<p>Vous m\u00e9ritez une liseuse ce Black Friday. Les ventes du Black Friday commencent officiellement le vendredi 28 novembre et se poursuivent jusqu&rsquo;au Cyber \u200b\u200bMonday, le<\/p>\n","protected":false},"author":1,"featured_media":11462,"comment_status":"","ping_status":"","sticky":false,"template":"","format":"standard","meta":{"footnotes":""},"categories":[13],"tags":[700,73,1154,1255,851,2263,14,845,9312,81,1399,18,546,4270],"class_list":["post-11461","post","type-post","status-publish","format-standard","has-post-thumbnail","hentry","category-technologie","tag-bas","tag-black","tag-damazon","tag-friday","tag-jamais","tag-kindle","tag-les","tag-leurs","tag-paperwhites","tag-pour","tag-prix","tag-sont","tag-tous","tag-vus","generate-columns","tablet-grid-50","mobile-grid-100","grid-parent","grid-33"],"yoast_head":"<!-- This site is optimized with the Yoast SEO plugin v24.0 - https:\/\/yoast.com\/wordpress\/plugins\/seo\/ -->\n<title>Tous les Kindle Paperwhites d&#039;Amazon sont \u00e0 leurs prix les plus bas jamais vus pour le Black Friday | Vie Associative<\/title>\n<meta name=\"robots\" content=\"index, follow, max-snippet:-1, max-image-preview:large, max-video-preview:-1\" \/>\n<link rel=\"canonical\" href=\"https:\/\/vieassociative.be\/actualites\/tous-les-kindle-paperwhites-damazon-sont-a-leurs-prix-les-plus-bas-jamais-vus-pour-le-black-friday\/\" \/>\n<meta property=\"og:locale\" content=\"fr_FR\" \/>\n<meta property=\"og:type\" content=\"article\" \/>\n<meta property=\"og:title\" content=\"Tous les Kindle Paperwhites d&#039;Amazon sont \u00e0 leurs prix les plus bas jamais vus pour le Black Friday | Vie Associative\" \/>\n<meta property=\"og:description\" content=\"Vous m\u00e9ritez une liseuse ce Black Friday. Les ventes du Black Friday commencent officiellement le vendredi 28 novembre et se poursuivent jusqu&rsquo;au Cyber \u200b\u200bMonday, le\" \/>\n<meta property=\"og:url\" content=\"https:\/\/vieassociative.be\/actualites\/tous-les-kindle-paperwhites-damazon-sont-a-leurs-prix-les-plus-bas-jamais-vus-pour-le-black-friday\/\" \/>\n<meta property=\"og:site_name\" content=\"Vie Associative\" \/>\n<meta property=\"article:published_time\" content=\"2025-11-21T19:17:12+00:00\" \/>\n<meta property=\"og:image\" content=\"https:\/\/vieassociative.be\/actualites\/wp-content\/uploads\/2025\/11\/Tous-les-Kindle-Paperwhites-dAmazon-sont-a-leurs-prix-les.jpg\" \/>\n<meta name=\"author\" content=\"Julien\" \/>\n<meta name=\"twitter:card\" content=\"summary_large_image\" \/>\n<meta name=\"twitter:label1\" content=\"\u00c9crit par\" \/>\n\t<meta name=\"twitter:data1\" content=\"Julien\" \/>\n\t<meta name=\"twitter:label2\" content=\"Dur\u00e9e de lecture est.\" \/>\n\t<meta name=\"twitter:data2\" content=\"5 minutes\" \/>\n<script type=\"application\/ld+json\" class=\"yoast-schema-graph\">{\"@context\":\"https:\/\/schema.org\",\"@graph\":[{\"@type\":\"Article\",\"@id\":\"https:\/\/vieassociative.be\/actualites\/tous-les-kindle-paperwhites-damazon-sont-a-leurs-prix-les-plus-bas-jamais-vus-pour-le-black-friday\/#article\",\"isPartOf\":{\"@id\":\"https:\/\/vieassociative.be\/actualites\/tous-les-kindle-paperwhites-damazon-sont-a-leurs-prix-les-plus-bas-jamais-vus-pour-le-black-friday\/\"},\"author\":{\"name\":\"Julien\",\"@id\":\"https:\/\/vieassociative.be\/actualites\/#\/schema\/person\/b87ac4f82f9d4e7b7cec7395b679edc4\"},\"headline\":\"Tous les Kindle Paperwhites d&rsquo;Amazon sont \u00e0 leurs prix les plus bas jamais vus pour le Black Friday\",\"datePublished\":\"2025-11-21T19:17:12+00:00\",\"dateModified\":\"2025-11-21T19:17:12+00:00\",\"mainEntityOfPage\":{\"@id\":\"https:\/\/vieassociative.be\/actualites\/tous-les-kindle-paperwhites-damazon-sont-a-leurs-prix-les-plus-bas-jamais-vus-pour-le-black-friday\/\"},\"wordCount\":1079,\"publisher\":{\"@id\":\"https:\/\/vieassociative.be\/actualites\/#organization\"},\"image\":{\"@id\":\"https:\/\/vieassociative.be\/actualites\/tous-les-kindle-paperwhites-damazon-sont-a-leurs-prix-les-plus-bas-jamais-vus-pour-le-black-friday\/#primaryimage\"},\"thumbnailUrl\":\"https:\/\/vieassociative.be\/actualites\/wp-content\/uploads\/2025\/11\/Tous-les-Kindle-Paperwhites-dAmazon-sont-a-leurs-prix-les.png\",\"keywords\":[\"bas\",\"Black\",\"dAmazon\",\"Friday\",\"jamais\",\"Kindle\",\"Les\",\"leurs\",\"Paperwhites\",\"pour\",\"prix\",\"sont\",\"tous\",\"vus\"],\"articleSection\":[\"Technologie\"],\"inLanguage\":\"fr-BE\"},{\"@type\":\"WebPage\",\"@id\":\"https:\/\/vieassociative.be\/actualites\/tous-les-kindle-paperwhites-damazon-sont-a-leurs-prix-les-plus-bas-jamais-vus-pour-le-black-friday\/\",\"url\":\"https:\/\/vieassociative.be\/actualites\/tous-les-kindle-paperwhites-damazon-sont-a-leurs-prix-les-plus-bas-jamais-vus-pour-le-black-friday\/\",\"name\":\"Tous les Kindle Paperwhites d'Amazon sont \u00e0 leurs prix les plus bas jamais vus pour le Black Friday | Vie Associative\",\"isPartOf\":{\"@id\":\"https:\/\/vieassociative.be\/actualites\/#website\"},\"primaryImageOfPage\":{\"@id\":\"https:\/\/vieassociative.be\/actualites\/tous-les-kindle-paperwhites-damazon-sont-a-leurs-prix-les-plus-bas-jamais-vus-pour-le-black-friday\/#primaryimage\"},\"image\":{\"@id\":\"https:\/\/vieassociative.be\/actualites\/tous-les-kindle-paperwhites-damazon-sont-a-leurs-prix-les-plus-bas-jamais-vus-pour-le-black-friday\/#primaryimage\"},\"thumbnailUrl\":\"https:\/\/vieassociative.be\/actualites\/wp-content\/uploads\/2025\/11\/Tous-les-Kindle-Paperwhites-dAmazon-sont-a-leurs-prix-les.png\",\"datePublished\":\"2025-11-21T19:17:12+00:00\",\"dateModified\":\"2025-11-21T19:17:12+00:00\",\"breadcrumb\":{\"@id\":\"https:\/\/vieassociative.be\/actualites\/tous-les-kindle-paperwhites-damazon-sont-a-leurs-prix-les-plus-bas-jamais-vus-pour-le-black-friday\/#breadcrumb\"},\"inLanguage\":\"fr-BE\",\"potentialAction\":[{\"@type\":\"ReadAction\",\"target\":[\"https:\/\/vieassociative.be\/actualites\/tous-les-kindle-paperwhites-damazon-sont-a-leurs-prix-les-plus-bas-jamais-vus-pour-le-black-friday\/\"]}]},{\"@type\":\"ImageObject\",\"inLanguage\":\"fr-BE\",\"@id\":\"https:\/\/vieassociative.be\/actualites\/tous-les-kindle-paperwhites-damazon-sont-a-leurs-prix-les-plus-bas-jamais-vus-pour-le-black-friday\/#primaryimage\",\"url\":\"https:\/\/vieassociative.be\/actualites\/wp-content\/uploads\/2025\/11\/Tous-les-Kindle-Paperwhites-dAmazon-sont-a-leurs-prix-les.png\",\"contentUrl\":\"https:\/\/vieassociative.be\/actualites\/wp-content\/uploads\/2025\/11\/Tous-les-Kindle-Paperwhites-dAmazon-sont-a-leurs-prix-les.png\",\"width\":1200,\"height\":675,\"caption\":\"Tous les Kindle Paperwhites d'Amazon sont \u00e0 leurs prix les plus bas jamais vus pour le Black Friday\"},{\"@type\":\"BreadcrumbList\",\"@id\":\"https:\/\/vieassociative.be\/actualites\/tous-les-kindle-paperwhites-damazon-sont-a-leurs-prix-les-plus-bas-jamais-vus-pour-le-black-friday\/#breadcrumb\",\"itemListElement\":[{\"@type\":\"ListItem\",\"position\":1,\"name\":\"Accueil\",\"item\":\"https:\/\/vieassociative.be\/actualites\/\"},{\"@type\":\"ListItem\",\"position\":2,\"name\":\"Tous les Kindle Paperwhites d&rsquo;Amazon sont \u00e0 leurs prix les plus bas jamais vus pour le Black Friday\"}]},{\"@type\":\"WebSite\",\"@id\":\"https:\/\/vieassociative.be\/actualites\/#website\",\"url\":\"https:\/\/vieassociative.be\/actualites\/\",\"name\":\"Vie Associative\",\"description\":\"\",\"publisher\":{\"@id\":\"https:\/\/vieassociative.be\/actualites\/#organization\"},\"potentialAction\":[{\"@type\":\"SearchAction\",\"target\":{\"@type\":\"EntryPoint\",\"urlTemplate\":\"https:\/\/vieassociative.be\/actualites\/?s={search_term_string}\"},\"query-input\":{\"@type\":\"PropertyValueSpecification\",\"valueRequired\":true,\"valueName\":\"search_term_string\"}}],\"inLanguage\":\"fr-BE\"},{\"@type\":\"Organization\",\"@id\":\"https:\/\/vieassociative.be\/actualites\/#organization\",\"name\":\"Vie Associative\",\"url\":\"https:\/\/vieassociative.be\/actualites\/\",\"logo\":{\"@type\":\"ImageObject\",\"inLanguage\":\"fr-BE\",\"@id\":\"https:\/\/vieassociative.be\/actualites\/#\/schema\/logo\/image\/\",\"url\":\"https:\/\/vieassociative.be\/actualites\/wp-content\/uploads\/2024\/09\/cropped-vieassociative_favicon.ico.png\",\"contentUrl\":\"https:\/\/vieassociative.be\/actualites\/wp-content\/uploads\/2024\/09\/cropped-vieassociative_favicon.ico.png\",\"width\":512,\"height\":512,\"caption\":\"Vie Associative\"},\"image\":{\"@id\":\"https:\/\/vieassociative.be\/actualites\/#\/schema\/logo\/image\/\"}},{\"@type\":\"Person\",\"@id\":\"https:\/\/vieassociative.be\/actualites\/#\/schema\/person\/b87ac4f82f9d4e7b7cec7395b679edc4\",\"name\":\"Julien\",\"image\":{\"@type\":\"ImageObject\",\"inLanguage\":\"fr-BE\",\"@id\":\"https:\/\/vieassociative.be\/actualites\/#\/schema\/person\/image\/\",\"url\":\"https:\/\/vieassociative.be\/actualites\/wp-content\/uploads\/2024\/09\/vie-associative-1-150x150.jpg\",\"contentUrl\":\"https:\/\/vieassociative.be\/actualites\/wp-content\/uploads\/2024\/09\/vie-associative-1-150x150.jpg\",\"caption\":\"Julien\"},\"description\":\"Je suis Julien, r\u00e9dacteur pour Vie Associative. Passionn\u00e9 par le monde associatif depuis plus de 10 ans, j'ai \u00e0 c\u0153ur de partager des histoires inspirantes et de mettre en lumi\u00e8re les initiatives locales. Mon objectif est de sensibiliser et d'encourager l'engagement communautaire \u00e0 travers mes articles.\",\"sameAs\":[\"https:\/\/vieassociative.be\/\"]}]}<\/script>\n<!-- \/ Yoast SEO plugin. -->","yoast_head_json":{"title":"Tous les Kindle Paperwhites d'Amazon sont \u00e0 leurs prix les plus bas jamais vus pour le Black Friday | Vie Associative","robots":{"index":"index","follow":"follow","max-snippet":"max-snippet:-1","max-image-preview":"max-image-preview:large","max-video-preview":"max-video-preview:-1"},"canonical":"https:\/\/vieassociative.be\/actualites\/tous-les-kindle-paperwhites-damazon-sont-a-leurs-prix-les-plus-bas-jamais-vus-pour-le-black-friday\/","og_locale":"fr_FR","og_type":"article","og_title":"Tous les Kindle Paperwhites d'Amazon sont \u00e0 leurs prix les plus bas jamais vus pour le Black Friday | Vie Associative","og_description":"Vous m\u00e9ritez une liseuse ce Black Friday. Les ventes du Black Friday commencent officiellement le vendredi 28 novembre et se poursuivent jusqu&rsquo;au Cyber \u200b\u200bMonday, le","og_url":"https:\/\/vieassociative.be\/actualites\/tous-les-kindle-paperwhites-damazon-sont-a-leurs-prix-les-plus-bas-jamais-vus-pour-le-black-friday\/","og_site_name":"Vie Associative","article_published_time":"2025-11-21T19:17:12+00:00","og_image":[{"url":"https:\/\/vieassociative.be\/actualites\/wp-content\/uploads\/2025\/11\/Tous-les-Kindle-Paperwhites-dAmazon-sont-a-leurs-prix-les.jpg","type":"","width":"","height":""}],"author":"Julien","twitter_card":"summary_large_image","twitter_misc":{"\u00c9crit par":"Julien","Dur\u00e9e de lecture est.":"5 minutes"},"schema":{"@context":"https:\/\/schema.org","@graph":[{"@type":"Article","@id":"https:\/\/vieassociative.be\/actualites\/tous-les-kindle-paperwhites-damazon-sont-a-leurs-prix-les-plus-bas-jamais-vus-pour-le-black-friday\/#article","isPartOf":{"@id":"https:\/\/vieassociative.be\/actualites\/tous-les-kindle-paperwhites-damazon-sont-a-leurs-prix-les-plus-bas-jamais-vus-pour-le-black-friday\/"},"author":{"name":"Julien","@id":"https:\/\/vieassociative.be\/actualites\/#\/schema\/person\/b87ac4f82f9d4e7b7cec7395b679edc4"},"headline":"Tous les Kindle Paperwhites d&rsquo;Amazon sont \u00e0 leurs prix les plus bas jamais vus pour le Black Friday","datePublished":"2025-11-21T19:17:12+00:00","dateModified":"2025-11-21T19:17:12+00:00","mainEntityOfPage":{"@id":"https:\/\/vieassociative.be\/actualites\/tous-les-kindle-paperwhites-damazon-sont-a-leurs-prix-les-plus-bas-jamais-vus-pour-le-black-friday\/"},"wordCount":1079,"publisher":{"@id":"https:\/\/vieassociative.be\/actualites\/#organization"},"image":{"@id":"https:\/\/vieassociative.be\/actualites\/tous-les-kindle-paperwhites-damazon-sont-a-leurs-prix-les-plus-bas-jamais-vus-pour-le-black-friday\/#primaryimage"},"thumbnailUrl":"https:\/\/vieassociative.be\/actualites\/wp-content\/uploads\/2025\/11\/Tous-les-Kindle-Paperwhites-dAmazon-sont-a-leurs-prix-les.png","keywords":["bas","Black","dAmazon","Friday","jamais","Kindle","Les","leurs","Paperwhites","pour","prix","sont","tous","vus"],"articleSection":["Technologie"],"inLanguage":"fr-BE"},{"@type":"WebPage","@id":"https:\/\/vieassociative.be\/actualites\/tous-les-kindle-paperwhites-damazon-sont-a-leurs-prix-les-plus-bas-jamais-vus-pour-le-black-friday\/","url":"https:\/\/vieassociative.be\/actualites\/tous-les-kindle-paperwhites-damazon-sont-a-leurs-prix-les-plus-bas-jamais-vus-pour-le-black-friday\/","name":"Tous les Kindle Paperwhites d'Amazon sont \u00e0 leurs prix les plus bas jamais vus pour le Black Friday | Vie Associative","isPartOf":{"@id":"https:\/\/vieassociative.be\/actualites\/#website"},"primaryImageOfPage":{"@id":"https:\/\/vieassociative.be\/actualites\/tous-les-kindle-paperwhites-damazon-sont-a-leurs-prix-les-plus-bas-jamais-vus-pour-le-black-friday\/#primaryimage"},"image":{"@id":"https:\/\/vieassociative.be\/actualites\/tous-les-kindle-paperwhites-damazon-sont-a-leurs-prix-les-plus-bas-jamais-vus-pour-le-black-friday\/#primaryimage"},"thumbnailUrl":"https:\/\/vieassociative.be\/actualites\/wp-content\/uploads\/2025\/11\/Tous-les-Kindle-Paperwhites-dAmazon-sont-a-leurs-prix-les.png","datePublished":"2025-11-21T19:17:12+00:00","dateModified":"2025-11-21T19:17:12+00:00","breadcrumb":{"@id":"https:\/\/vieassociative.be\/actualites\/tous-les-kindle-paperwhites-damazon-sont-a-leurs-prix-les-plus-bas-jamais-vus-pour-le-black-friday\/#breadcrumb"},"inLanguage":"fr-BE","potentialAction":[{"@type":"ReadAction","target":["https:\/\/vieassociative.be\/actualites\/tous-les-kindle-paperwhites-damazon-sont-a-leurs-prix-les-plus-bas-jamais-vus-pour-le-black-friday\/"]}]},{"@type":"ImageObject","inLanguage":"fr-BE","@id":"https:\/\/vieassociative.be\/actualites\/tous-les-kindle-paperwhites-damazon-sont-a-leurs-prix-les-plus-bas-jamais-vus-pour-le-black-friday\/#primaryimage","url":"https:\/\/vieassociative.be\/actualites\/wp-content\/uploads\/2025\/11\/Tous-les-Kindle-Paperwhites-dAmazon-sont-a-leurs-prix-les.png","contentUrl":"https:\/\/vieassociative.be\/actualites\/wp-content\/uploads\/2025\/11\/Tous-les-Kindle-Paperwhites-dAmazon-sont-a-leurs-prix-les.png","width":1200,"height":675,"caption":"Tous les Kindle Paperwhites d'Amazon sont \u00e0 leurs prix les plus bas jamais vus pour le Black Friday"},{"@type":"BreadcrumbList","@id":"https:\/\/vieassociative.be\/actualites\/tous-les-kindle-paperwhites-damazon-sont-a-leurs-prix-les-plus-bas-jamais-vus-pour-le-black-friday\/#breadcrumb","itemListElement":[{"@type":"ListItem","position":1,"name":"Accueil","item":"https:\/\/vieassociative.be\/actualites\/"},{"@type":"ListItem","position":2,"name":"Tous les Kindle Paperwhites d&rsquo;Amazon sont \u00e0 leurs prix les plus bas jamais vus pour le Black Friday"}]},{"@type":"WebSite","@id":"https:\/\/vieassociative.be\/actualites\/#website","url":"https:\/\/vieassociative.be\/actualites\/","name":"Vie Associative","description":"","publisher":{"@id":"https:\/\/vieassociative.be\/actualites\/#organization"},"potentialAction":[{"@type":"SearchAction","target":{"@type":"EntryPoint","urlTemplate":"https:\/\/vieassociative.be\/actualites\/?s={search_term_string}"},"query-input":{"@type":"PropertyValueSpecification","valueRequired":true,"valueName":"search_term_string"}}],"inLanguage":"fr-BE"},{"@type":"Organization","@id":"https:\/\/vieassociative.be\/actualites\/#organization","name":"Vie Associative","url":"https:\/\/vieassociative.be\/actualites\/","logo":{"@type":"ImageObject","inLanguage":"fr-BE","@id":"https:\/\/vieassociative.be\/actualites\/#\/schema\/logo\/image\/","url":"https:\/\/vieassociative.be\/actualites\/wp-content\/uploads\/2024\/09\/cropped-vieassociative_favicon.ico.png","contentUrl":"https:\/\/vieassociative.be\/actualites\/wp-content\/uploads\/2024\/09\/cropped-vieassociative_favicon.ico.png","width":512,"height":512,"caption":"Vie Associative"},"image":{"@id":"https:\/\/vieassociative.be\/actualites\/#\/schema\/logo\/image\/"}},{"@type":"Person","@id":"https:\/\/vieassociative.be\/actualites\/#\/schema\/person\/b87ac4f82f9d4e7b7cec7395b679edc4","name":"Julien","image":{"@type":"ImageObject","inLanguage":"fr-BE","@id":"https:\/\/vieassociative.be\/actualites\/#\/schema\/person\/image\/","url":"https:\/\/vieassociative.be\/actualites\/wp-content\/uploads\/2024\/09\/vie-associative-1-150x150.jpg","contentUrl":"https:\/\/vieassociative.be\/actualites\/wp-content\/uploads\/2024\/09\/vie-associative-1-150x150.jpg","caption":"Julien"},"description":"Je suis Julien, r\u00e9dacteur pour Vie Associative. Passionn\u00e9 par le monde associatif depuis plus de 10 ans, j'ai \u00e0 c\u0153ur de partager des histoires inspirantes et de mettre en lumi\u00e8re les initiatives locales. Mon objectif est de sensibiliser et d'encourager l'engagement communautaire \u00e0 travers mes articles.","sameAs":["https:\/\/vieassociative.be\/"]}]}},"_links":{"self":[{"href":"https:\/\/vieassociative.be\/actualites\/wp-json\/wp\/v2\/posts\/11461"}],"collection":[{"href":"https:\/\/vieassociative.be\/actualites\/wp-json\/wp\/v2\/posts"}],"about":[{"href":"https:\/\/vieassociative.be\/actualites\/wp-json\/wp\/v2\/types\/post"}],"author":[{"embeddable":true,"href":"https:\/\/vieassociative.be\/actualites\/wp-json\/wp\/v2\/users\/1"}],"replies":[{"embeddable":true,"href":"https:\/\/vieassociative.be\/actualites\/wp-json\/wp\/v2\/comments?post=11461"}],"version-history":[{"count":0,"href":"https:\/\/vieassociative.be\/actualites\/wp-json\/wp\/v2\/posts\/11461\/revisions"}],"wp:featuredmedia":[{"embeddable":true,"href":"https:\/\/vieassociative.be\/actualites\/wp-json\/wp\/v2\/media\/11462"}],"wp:attachment":[{"href":"https:\/\/vieassociative.be\/actualites\/wp-json\/wp\/v2\/media?parent=11461"}],"wp:term":[{"taxonomy":"category","embeddable":true,"href":"https:\/\/vieassociative.be\/actualites\/wp-json\/wp\/v2\/categories?post=11461"},{"taxonomy":"post_tag","embeddable":true,"href":"https:\/\/vieassociative.be\/actualites\/wp-json\/wp\/v2\/tags?post=11461"}],"curies":[{"name":"wp","href":"https:\/\/api.w.org\/{rel}","templated":true}]}}