{"id":11457,"date":"2025-11-21T18:17:13","date_gmt":"2025-11-21T17:17:13","guid":{"rendered":"https:\/\/vieassociative.be\/actualites\/pourquoi-jai-quitte-netflix-et-vous-devriez-aussi-2\/"},"modified":"2025-11-21T18:17:13","modified_gmt":"2025-11-21T17:17:13","slug":"pourquoi-jai-quitte-netflix-et-vous-devriez-aussi-2","status":"publish","type":"post","link":"https:\/\/vieassociative.be\/actualites\/pourquoi-jai-quitte-netflix-et-vous-devriez-aussi-2\/","title":{"rendered":"Pourquoi j&rsquo;ai quitt\u00e9 Netflix, et vous devriez aussi"},"content":{"rendered":"<div class=\"mt-4 leading-6 md:mb-8\">Au minimum, faites une pause.<\/div>\n<p><\/p>\n<p>\u00c0 ce stade avanc\u00e9 de l\u2019\u00e8re du streaming, nous sommes tous submerg\u00e9s par plus d\u2019abonnements num\u00e9riques que nous ne pouvons en suivre, des applications de fitness au stockage dans le cloud. Pourtant, il semble que Netflix soit l&rsquo;un des abonnements que les gens sont les moins susceptibles d&rsquo;abandonner, et cela est confirm\u00e9 par les chiffres.<\/p>\n<p>C&rsquo;est peut-\u00eatre parce que Netflix a \u00e9t\u00e9 la premi\u00e8re entreprise \u00e0 vraiment faire fonctionner le streaming, ou peut-\u00eatre est-ce le vaste catalogue de contenu qu&rsquo;elle a accumul\u00e9, ou peut-\u00eatre est-ce simplement d\u00fb \u00e0 <em>Choses \u00e9tranges<\/em> et <em>Jeu de calmar<\/em>. Quelle que soit la raison, le taux de d\u00e9sabonnement de Netflix est incroyablement faible. Les abonn\u00e9s s\u2019y tiennent.<\/p>\n<p>C&rsquo;est certainement quelque chose que j&rsquo;ai longtemps consid\u00e9r\u00e9 comme un pilier de mon appareil de streaming. Mais r\u00e9cemment, alors que je r\u00e9\u00e9valuais tous mes abonnements mensuels, j\u2019ai d\u00e9cid\u00e9 d\u2019\u00e9conomiser de l\u2019argent et d\u2019annuler Netflix. Tout s&rsquo;est tellement bien pass\u00e9 que je vous sugg\u00e8re de faire de m\u00eame.<\/p>\n<div class=\"mx-auto mb-12 mt-5 w-full max-w-3xl rounded-md border-2 border-gray-100 p-3 shadow-md md:px-7 md:pb-7 md:pt-5\" id=\"related-video\">\n<div class=\"mb-3 flex items-center md:mb-5\">\n        <img decoding=\"async\" class=\"mr-4 mt-0 h-10 w-10 md:mr-5 md:h-12 md:w-12\" src=\"https:\/\/vieassociative.be\/actualites\/wp-content\/uploads\/2025\/09\/1757726237_608_Meta-pourrait-devoiler-une-montre-intelligente-pour-controler-ses-lunettes.jpg\" alt=\"Logo du pirate de la vie\"><\/p><\/div>\n<div class=\"aspect-video w-full overflow-hidden rounded-md\">\n<div id=\"video-container-01KAKNC08BZHR9YHWGM4G8N11Q\"><\/div>\n<\/p><\/div>\n<\/div>\n<p>Voici ce que j\u2019ai remarqu\u00e9 depuis que ma vie est devenue sans Netflix \u2013 et je soup\u00e7onne fortement que cela pourrait aussi \u00eatre votre exp\u00e9rience. (Divulgation compl\u00e8te\u00a0: je finirai par m&rsquo;abonner \u00e0 nouveau, ne serait-ce que pour terminer <em>Choses \u00e9tranges<\/em>mais il y a des avantages \u00e0 arr\u00eater, m\u00eame si ce n&rsquo;est que temporairement.)<\/p>\n<h2 id=\"i-didnt-miss-it-as-much-as-i-thought-i-would\">Cela ne m&rsquo;a pas manqu\u00e9 autant que je le pensais<\/h2>\n<div class=\"eloquent-imagery-image\">\n<div class=\"flex justify-center\">\n                    <img decoding=\"async\" class=\"border border-gray-100\" src=\"https:\/\/vieassociative.be\/actualites\/wp-content\/uploads\/2025\/11\/1763745432_390_Pourquoi-jai-quitte-Netflix-et-vous-devriez-aussi.jpg\" alt=\"\u00c9missions Netflix\" width=\"2000\" height=\"1125\" loading=\"lazy\"  >\n            <\/div>\n<\/p><\/div>\n<p>J&rsquo;\u00e9tais un grand utilisateur de Netflix avant d&rsquo;y renoncer et je parcourais souvent la liste d&rsquo;\u00e9missions et de films recommand\u00e9s le soir et surtout le week-end. J&rsquo;ai r\u00e9cemment parcouru des \u00e9missions comme <em>Le diplomate<\/em>, <em>D\u00e9partement Q.<\/em>, <em>D\u00e9part<\/em>et <em>Le d\u00f4me de verre<\/em>. Je pouvais toujours trouver quelque chose \u00e0 regarder sur Netflix.<\/p>\n<p>Mais lorsque j\u2019ai cess\u00e9 de pouvoir acc\u00e9der \u00e0 Netflix, j\u2019ai r\u00e9alis\u00e9 que cela ne me manquait pas vraiment. Mon visionnage est pass\u00e9 \u00e0 d&rsquo;autres services de streaming, et en particulier \u00e0 des cha\u00eenes gratuites financ\u00e9es par la publicit\u00e9. Il existe en fait plus de contenu gratuit que vous ne le pensez. J&rsquo;ai m\u00eame revu de mani\u00e8re amusante des films et des \u00e9missions que j&rsquo;avais d\u00e9j\u00e0 achet\u00e9s sur diverses plateformes (car je n&rsquo;ai pas toujours envie de louer quelque chose pour la soir\u00e9e).<\/p>\n<p>J&rsquo;ai \u00e9galement pass\u00e9 moins de temps \u00e0 diffuser des vid\u00e9os en streaming en g\u00e9n\u00e9ral : une plus grande partie de mon temps a \u00e9t\u00e9 consacr\u00e9e aux jeux et \u00e0 la lecture depuis que j&rsquo;ai abandonn\u00e9 mon abonnement Netflix. Je suis m\u00eame all\u00e9 dans une vraie salle de cin\u00e9ma une ou deux fois (m\u00eame si vous ne pouvez pas voir quoi que ce soit d\u00e9velopp\u00e9 par Netflix sur grand \u00e9cran pour la plupart). <\/p>\n<h2 id=\"the-prices-keep-going-up\">Les prix continuent d&rsquo;augmenter<\/h2>\n<div class=\"eloquent-imagery-image\">\n<div class=\"flex justify-center\">\n                    <img decoding=\"async\" class=\"border border-gray-100\" src=\"https:\/\/vieassociative.be\/actualites\/wp-content\/uploads\/2025\/11\/1763731025_110_Pourquoi-jai-quitte-Netflix-et-vous-devriez-aussi.jpg\" alt=\"Paiements Netflix\" width=\"2000\" height=\"1125\" loading=\"lazy\"  >\n            <\/div>\n<\/p><\/div>\n<p>Avant de quitter Netflix, je b\u00e9n\u00e9ficiais du forfait le plus cher\u00a0: 18,99\u00a0\u00a3 par mois ici au Royaume-Uni et 24,99\u00a0$ par mois aux \u00c9tats-Unis. Cela vous permet d&rsquo;obtenir la meilleure qualit\u00e9 audio et vid\u00e9o 4K HDR, un son spatial, quatre flux simultan\u00e9s et six appareils pour t\u00e9l\u00e9charger du contenu. C\u2019est en fait l\u2019un des forfaits de streaming les plus chers qui soient, et les prix ne cessent d\u2019augmenter.<\/p>\n<p>Apr\u00e8s la grande r\u00e9pression des mots de passe de 2023, vous ne pouvez m\u00eame plus partager le compte avec quelqu&rsquo;un qui ne vit pas avec vous, du moins \u00e0 moins de payer des frais suppl\u00e9mentaires (4,99 \u00a3 ici au Royaume-Uni, 8,99 $ aux \u00c9tats-Unis). \u00c0 tous \u00e9gards, cela repr\u00e9sente une somme d\u2019argent importante. Si vous payez pour le meilleur forfait plus un membre suppl\u00e9mentaire et d\u00e9cidez de prendre six mois de cong\u00e9 sur Netflix, vous \u00e9conomiserez plus de 200 $.<\/p>\n<p>Il existe bien s\u00fbr des forfaits moins chers, si vous souhaitez regarder des publicit\u00e9s et supporter des vid\u00e9os de r\u00e9solution inf\u00e9rieure, mais je pensais que le but principal de payer pour le streaming \u00e9tait d&rsquo;\u00e9viter les publicit\u00e9s ? Il est difficile d&rsquo;imaginer que Netflix baisse un jour ses prix, c&rsquo;est donc un probl\u00e8me qui risque de s&rsquo;aggraver avec le temps.<\/p>\n<h2 id=\"your-account-will-be-preserved-for-two-years\">Votre compte sera conserv\u00e9 pendant deux ans<\/h2>\n<div class=\"eloquent-imagery-image\">\n<div class=\"flex justify-center\">\n                    <img decoding=\"async\" class=\"border border-gray-100\" src=\"https:\/\/vieassociative.be\/actualites\/wp-content\/uploads\/2025\/11\/1763745433_693_Pourquoi-jai-quitte-Netflix-et-vous-devriez-aussi.jpg\" alt=\"Histoire de Netflix\" width=\"2000\" height=\"1125\" loading=\"lazy\"  >\n            <\/div>\n<\/p><\/div>\n<p>L&rsquo;une des raisons pour lesquelles vous pourriez \u00eatre r\u00e9ticent \u00e0 annuler Netflix est que vous pensez que vous perdrez des ann\u00e9es de votre historique de visionnage et de vos recommandations personnalis\u00e9es, et que vous devrez recommencer avec une table vierge si vous d\u00e9cidez de vous r\u00e9inscrire. Mais en fait, Netflix stocke les informations de votre compte pendant 24 mois, y compris les notes, les sauvegardes de jeu et d&rsquo;autres d\u00e9tails du compte.<\/p>\n<p>Tant que vous vous r\u00e9abonnez dans quelques ann\u00e9es, vous retrouverez tout tel que vous l&rsquo;avez laiss\u00e9 (m\u00eame si vous devrez peut-\u00eatre parcourir certains r\u00e9capitulatifs de l&rsquo;intrigue pour les \u00e9missions que vous \u00e9tiez \u00e0 mi-chemin en train de regarder de mani\u00e8re excessive). Cela sugg\u00e8re que Netflix souhaite laisser ouverte la possibilit\u00e9 de se r\u00e9abonner le plus longtemps possible. D&rsquo;apr\u00e8s mon exp\u00e9rience, il vous enverra certainement de nombreux e-mails pour vous r\u00e9inscrire entre-temps.<\/p>\n<p>Je vais revenir sur Netflix un jour \u2013 il y a tout simplement trop de choses l\u00e0-bas que je veux regarder \u2013 mais apr\u00e8s des ann\u00e9es et des ann\u00e9es en tant que client, cela a \u00e9t\u00e9 une exp\u00e9rience int\u00e9ressante de voir \u00e0 quoi ressemble la vie sans Netflix. Apr\u00e8s cela, je ne craindrais certainement pas de prendre une autre pause Netflix \u00e0 l&rsquo;avenir. Lorsque je d\u00e9cide de me r\u00e9abonner, cela ne prendra que quelques clics ou pressions.<\/p>\n","protected":false},"excerpt":{"rendered":"<p>Au minimum, faites une pause. \u00c0 ce stade avanc\u00e9 de l\u2019\u00e8re du streaming, nous sommes tous submerg\u00e9s par plus d\u2019abonnements num\u00e9riques que nous ne pouvons<\/p>\n","protected":false},"author":1,"featured_media":11458,"comment_status":"","ping_status":"","sticky":false,"template":"","format":"standard","meta":{"footnotes":""},"categories":[13],"tags":[1350,636,823,842,734,9308,4],"class_list":["post-11457","post","type-post","status-publish","format-standard","has-post-thumbnail","hentry","category-technologie","tag-aussi","tag-devriez","tag-jai","tag-netflix","tag-pourquoi","tag-quitte","tag-vous","generate-columns","tablet-grid-50","mobile-grid-100","grid-parent","grid-33"],"yoast_head":"<!-- This site is optimized with the Yoast SEO plugin v24.0 - https:\/\/yoast.com\/wordpress\/plugins\/seo\/ -->\n<title>Pourquoi j&#039;ai quitt\u00e9 Netflix, et vous devriez aussi | Vie Associative<\/title>\n<meta name=\"robots\" content=\"index, follow, max-snippet:-1, max-image-preview:large, max-video-preview:-1\" \/>\n<link rel=\"canonical\" href=\"https:\/\/vieassociative.be\/actualites\/pourquoi-jai-quitte-netflix-et-vous-devriez-aussi-2\/\" \/>\n<meta property=\"og:locale\" content=\"fr_FR\" \/>\n<meta property=\"og:type\" content=\"article\" \/>\n<meta property=\"og:title\" content=\"Pourquoi j&#039;ai quitt\u00e9 Netflix, et vous devriez aussi | Vie Associative\" \/>\n<meta property=\"og:description\" content=\"Au minimum, faites une pause. \u00c0 ce stade avanc\u00e9 de l\u2019\u00e8re du streaming, nous sommes tous submerg\u00e9s par plus d\u2019abonnements num\u00e9riques que nous ne pouvons\" \/>\n<meta property=\"og:url\" content=\"https:\/\/vieassociative.be\/actualites\/pourquoi-jai-quitte-netflix-et-vous-devriez-aussi-2\/\" \/>\n<meta property=\"og:site_name\" content=\"Vie Associative\" \/>\n<meta property=\"article:published_time\" content=\"2025-11-21T17:17:13+00:00\" \/>\n<meta property=\"og:image\" content=\"https:\/\/vieassociative.be\/actualites\/wp-content\/uploads\/2025\/09\/1757726237_608_Meta-pourrait-devoiler-une-montre-intelligente-pour-controler-ses-lunettes.jpg\" \/>\n<meta name=\"author\" content=\"Julien\" \/>\n<meta name=\"twitter:card\" content=\"summary_large_image\" \/>\n<meta name=\"twitter:label1\" content=\"\u00c9crit par\" \/>\n\t<meta name=\"twitter:data1\" content=\"Julien\" \/>\n\t<meta name=\"twitter:label2\" content=\"Dur\u00e9e de lecture est.\" \/>\n\t<meta name=\"twitter:data2\" content=\"5 minutes\" \/>\n<script type=\"application\/ld+json\" class=\"yoast-schema-graph\">{\"@context\":\"https:\/\/schema.org\",\"@graph\":[{\"@type\":\"Article\",\"@id\":\"https:\/\/vieassociative.be\/actualites\/pourquoi-jai-quitte-netflix-et-vous-devriez-aussi-2\/#article\",\"isPartOf\":{\"@id\":\"https:\/\/vieassociative.be\/actualites\/pourquoi-jai-quitte-netflix-et-vous-devriez-aussi-2\/\"},\"author\":{\"name\":\"Julien\",\"@id\":\"https:\/\/vieassociative.be\/actualites\/#\/schema\/person\/b87ac4f82f9d4e7b7cec7395b679edc4\"},\"headline\":\"Pourquoi j&rsquo;ai quitt\u00e9 Netflix, et vous devriez aussi\",\"datePublished\":\"2025-11-21T17:17:13+00:00\",\"dateModified\":\"2025-11-21T17:17:13+00:00\",\"mainEntityOfPage\":{\"@id\":\"https:\/\/vieassociative.be\/actualites\/pourquoi-jai-quitte-netflix-et-vous-devriez-aussi-2\/\"},\"wordCount\":981,\"publisher\":{\"@id\":\"https:\/\/vieassociative.be\/actualites\/#organization\"},\"image\":{\"@id\":\"https:\/\/vieassociative.be\/actualites\/pourquoi-jai-quitte-netflix-et-vous-devriez-aussi-2\/#primaryimage\"},\"thumbnailUrl\":\"https:\/\/vieassociative.be\/actualites\/wp-content\/uploads\/2025\/11\/1763745435_Pourquoi-jai-quitte-Netflix-et-vous-devriez-aussi.jpg\",\"keywords\":[\"aussi\",\"devriez\",\"Jai\",\"Netflix\",\"Pourquoi\",\"quitt\u00e9\",\"Vous\"],\"articleSection\":[\"Technologie\"],\"inLanguage\":\"fr-BE\"},{\"@type\":\"WebPage\",\"@id\":\"https:\/\/vieassociative.be\/actualites\/pourquoi-jai-quitte-netflix-et-vous-devriez-aussi-2\/\",\"url\":\"https:\/\/vieassociative.be\/actualites\/pourquoi-jai-quitte-netflix-et-vous-devriez-aussi-2\/\",\"name\":\"Pourquoi j'ai quitt\u00e9 Netflix, et vous devriez aussi | Vie Associative\",\"isPartOf\":{\"@id\":\"https:\/\/vieassociative.be\/actualites\/#website\"},\"primaryImageOfPage\":{\"@id\":\"https:\/\/vieassociative.be\/actualites\/pourquoi-jai-quitte-netflix-et-vous-devriez-aussi-2\/#primaryimage\"},\"image\":{\"@id\":\"https:\/\/vieassociative.be\/actualites\/pourquoi-jai-quitte-netflix-et-vous-devriez-aussi-2\/#primaryimage\"},\"thumbnailUrl\":\"https:\/\/vieassociative.be\/actualites\/wp-content\/uploads\/2025\/11\/1763745435_Pourquoi-jai-quitte-Netflix-et-vous-devriez-aussi.jpg\",\"datePublished\":\"2025-11-21T17:17:13+00:00\",\"dateModified\":\"2025-11-21T17:17:13+00:00\",\"breadcrumb\":{\"@id\":\"https:\/\/vieassociative.be\/actualites\/pourquoi-jai-quitte-netflix-et-vous-devriez-aussi-2\/#breadcrumb\"},\"inLanguage\":\"fr-BE\",\"potentialAction\":[{\"@type\":\"ReadAction\",\"target\":[\"https:\/\/vieassociative.be\/actualites\/pourquoi-jai-quitte-netflix-et-vous-devriez-aussi-2\/\"]}]},{\"@type\":\"ImageObject\",\"inLanguage\":\"fr-BE\",\"@id\":\"https:\/\/vieassociative.be\/actualites\/pourquoi-jai-quitte-netflix-et-vous-devriez-aussi-2\/#primaryimage\",\"url\":\"https:\/\/vieassociative.be\/actualites\/wp-content\/uploads\/2025\/11\/1763745435_Pourquoi-jai-quitte-Netflix-et-vous-devriez-aussi.jpg\",\"contentUrl\":\"https:\/\/vieassociative.be\/actualites\/wp-content\/uploads\/2025\/11\/1763745435_Pourquoi-jai-quitte-Netflix-et-vous-devriez-aussi.jpg\",\"width\":1200,\"height\":675,\"caption\":\"Pourquoi j'ai quitt\u00e9 Netflix, et vous devriez aussi\"},{\"@type\":\"BreadcrumbList\",\"@id\":\"https:\/\/vieassociative.be\/actualites\/pourquoi-jai-quitte-netflix-et-vous-devriez-aussi-2\/#breadcrumb\",\"itemListElement\":[{\"@type\":\"ListItem\",\"position\":1,\"name\":\"Accueil\",\"item\":\"https:\/\/vieassociative.be\/actualites\/\"},{\"@type\":\"ListItem\",\"position\":2,\"name\":\"Pourquoi j&rsquo;ai quitt\u00e9 Netflix, et vous devriez aussi\"}]},{\"@type\":\"WebSite\",\"@id\":\"https:\/\/vieassociative.be\/actualites\/#website\",\"url\":\"https:\/\/vieassociative.be\/actualites\/\",\"name\":\"Vie Associative\",\"description\":\"\",\"publisher\":{\"@id\":\"https:\/\/vieassociative.be\/actualites\/#organization\"},\"potentialAction\":[{\"@type\":\"SearchAction\",\"target\":{\"@type\":\"EntryPoint\",\"urlTemplate\":\"https:\/\/vieassociative.be\/actualites\/?s={search_term_string}\"},\"query-input\":{\"@type\":\"PropertyValueSpecification\",\"valueRequired\":true,\"valueName\":\"search_term_string\"}}],\"inLanguage\":\"fr-BE\"},{\"@type\":\"Organization\",\"@id\":\"https:\/\/vieassociative.be\/actualites\/#organization\",\"name\":\"Vie Associative\",\"url\":\"https:\/\/vieassociative.be\/actualites\/\",\"logo\":{\"@type\":\"ImageObject\",\"inLanguage\":\"fr-BE\",\"@id\":\"https:\/\/vieassociative.be\/actualites\/#\/schema\/logo\/image\/\",\"url\":\"https:\/\/vieassociative.be\/actualites\/wp-content\/uploads\/2024\/09\/cropped-vieassociative_favicon.ico.png\",\"contentUrl\":\"https:\/\/vieassociative.be\/actualites\/wp-content\/uploads\/2024\/09\/cropped-vieassociative_favicon.ico.png\",\"width\":512,\"height\":512,\"caption\":\"Vie Associative\"},\"image\":{\"@id\":\"https:\/\/vieassociative.be\/actualites\/#\/schema\/logo\/image\/\"}},{\"@type\":\"Person\",\"@id\":\"https:\/\/vieassociative.be\/actualites\/#\/schema\/person\/b87ac4f82f9d4e7b7cec7395b679edc4\",\"name\":\"Julien\",\"image\":{\"@type\":\"ImageObject\",\"inLanguage\":\"fr-BE\",\"@id\":\"https:\/\/vieassociative.be\/actualites\/#\/schema\/person\/image\/\",\"url\":\"https:\/\/vieassociative.be\/actualites\/wp-content\/uploads\/2024\/09\/vie-associative-1-150x150.jpg\",\"contentUrl\":\"https:\/\/vieassociative.be\/actualites\/wp-content\/uploads\/2024\/09\/vie-associative-1-150x150.jpg\",\"caption\":\"Julien\"},\"description\":\"Je suis Julien, r\u00e9dacteur pour Vie Associative. Passionn\u00e9 par le monde associatif depuis plus de 10 ans, j'ai \u00e0 c\u0153ur de partager des histoires inspirantes et de mettre en lumi\u00e8re les initiatives locales. Mon objectif est de sensibiliser et d'encourager l'engagement communautaire \u00e0 travers mes articles.\",\"sameAs\":[\"https:\/\/vieassociative.be\/\"]}]}<\/script>\n<!-- \/ Yoast SEO plugin. -->","yoast_head_json":{"title":"Pourquoi j'ai quitt\u00e9 Netflix, et vous devriez aussi | Vie Associative","robots":{"index":"index","follow":"follow","max-snippet":"max-snippet:-1","max-image-preview":"max-image-preview:large","max-video-preview":"max-video-preview:-1"},"canonical":"https:\/\/vieassociative.be\/actualites\/pourquoi-jai-quitte-netflix-et-vous-devriez-aussi-2\/","og_locale":"fr_FR","og_type":"article","og_title":"Pourquoi j'ai quitt\u00e9 Netflix, et vous devriez aussi | Vie Associative","og_description":"Au minimum, faites une pause. \u00c0 ce stade avanc\u00e9 de l\u2019\u00e8re du streaming, nous sommes tous submerg\u00e9s par plus d\u2019abonnements num\u00e9riques que nous ne pouvons","og_url":"https:\/\/vieassociative.be\/actualites\/pourquoi-jai-quitte-netflix-et-vous-devriez-aussi-2\/","og_site_name":"Vie Associative","article_published_time":"2025-11-21T17:17:13+00:00","og_image":[{"url":"https:\/\/vieassociative.be\/actualites\/wp-content\/uploads\/2025\/09\/1757726237_608_Meta-pourrait-devoiler-une-montre-intelligente-pour-controler-ses-lunettes.jpg","type":"","width":"","height":""}],"author":"Julien","twitter_card":"summary_large_image","twitter_misc":{"\u00c9crit par":"Julien","Dur\u00e9e de lecture est.":"5 minutes"},"schema":{"@context":"https:\/\/schema.org","@graph":[{"@type":"Article","@id":"https:\/\/vieassociative.be\/actualites\/pourquoi-jai-quitte-netflix-et-vous-devriez-aussi-2\/#article","isPartOf":{"@id":"https:\/\/vieassociative.be\/actualites\/pourquoi-jai-quitte-netflix-et-vous-devriez-aussi-2\/"},"author":{"name":"Julien","@id":"https:\/\/vieassociative.be\/actualites\/#\/schema\/person\/b87ac4f82f9d4e7b7cec7395b679edc4"},"headline":"Pourquoi j&rsquo;ai quitt\u00e9 Netflix, et vous devriez aussi","datePublished":"2025-11-21T17:17:13+00:00","dateModified":"2025-11-21T17:17:13+00:00","mainEntityOfPage":{"@id":"https:\/\/vieassociative.be\/actualites\/pourquoi-jai-quitte-netflix-et-vous-devriez-aussi-2\/"},"wordCount":981,"publisher":{"@id":"https:\/\/vieassociative.be\/actualites\/#organization"},"image":{"@id":"https:\/\/vieassociative.be\/actualites\/pourquoi-jai-quitte-netflix-et-vous-devriez-aussi-2\/#primaryimage"},"thumbnailUrl":"https:\/\/vieassociative.be\/actualites\/wp-content\/uploads\/2025\/11\/1763745435_Pourquoi-jai-quitte-Netflix-et-vous-devriez-aussi.jpg","keywords":["aussi","devriez","Jai","Netflix","Pourquoi","quitt\u00e9","Vous"],"articleSection":["Technologie"],"inLanguage":"fr-BE"},{"@type":"WebPage","@id":"https:\/\/vieassociative.be\/actualites\/pourquoi-jai-quitte-netflix-et-vous-devriez-aussi-2\/","url":"https:\/\/vieassociative.be\/actualites\/pourquoi-jai-quitte-netflix-et-vous-devriez-aussi-2\/","name":"Pourquoi j'ai quitt\u00e9 Netflix, et vous devriez aussi | Vie Associative","isPartOf":{"@id":"https:\/\/vieassociative.be\/actualites\/#website"},"primaryImageOfPage":{"@id":"https:\/\/vieassociative.be\/actualites\/pourquoi-jai-quitte-netflix-et-vous-devriez-aussi-2\/#primaryimage"},"image":{"@id":"https:\/\/vieassociative.be\/actualites\/pourquoi-jai-quitte-netflix-et-vous-devriez-aussi-2\/#primaryimage"},"thumbnailUrl":"https:\/\/vieassociative.be\/actualites\/wp-content\/uploads\/2025\/11\/1763745435_Pourquoi-jai-quitte-Netflix-et-vous-devriez-aussi.jpg","datePublished":"2025-11-21T17:17:13+00:00","dateModified":"2025-11-21T17:17:13+00:00","breadcrumb":{"@id":"https:\/\/vieassociative.be\/actualites\/pourquoi-jai-quitte-netflix-et-vous-devriez-aussi-2\/#breadcrumb"},"inLanguage":"fr-BE","potentialAction":[{"@type":"ReadAction","target":["https:\/\/vieassociative.be\/actualites\/pourquoi-jai-quitte-netflix-et-vous-devriez-aussi-2\/"]}]},{"@type":"ImageObject","inLanguage":"fr-BE","@id":"https:\/\/vieassociative.be\/actualites\/pourquoi-jai-quitte-netflix-et-vous-devriez-aussi-2\/#primaryimage","url":"https:\/\/vieassociative.be\/actualites\/wp-content\/uploads\/2025\/11\/1763745435_Pourquoi-jai-quitte-Netflix-et-vous-devriez-aussi.jpg","contentUrl":"https:\/\/vieassociative.be\/actualites\/wp-content\/uploads\/2025\/11\/1763745435_Pourquoi-jai-quitte-Netflix-et-vous-devriez-aussi.jpg","width":1200,"height":675,"caption":"Pourquoi j'ai quitt\u00e9 Netflix, et vous devriez aussi"},{"@type":"BreadcrumbList","@id":"https:\/\/vieassociative.be\/actualites\/pourquoi-jai-quitte-netflix-et-vous-devriez-aussi-2\/#breadcrumb","itemListElement":[{"@type":"ListItem","position":1,"name":"Accueil","item":"https:\/\/vieassociative.be\/actualites\/"},{"@type":"ListItem","position":2,"name":"Pourquoi j&rsquo;ai quitt\u00e9 Netflix, et vous devriez aussi"}]},{"@type":"WebSite","@id":"https:\/\/vieassociative.be\/actualites\/#website","url":"https:\/\/vieassociative.be\/actualites\/","name":"Vie Associative","description":"","publisher":{"@id":"https:\/\/vieassociative.be\/actualites\/#organization"},"potentialAction":[{"@type":"SearchAction","target":{"@type":"EntryPoint","urlTemplate":"https:\/\/vieassociative.be\/actualites\/?s={search_term_string}"},"query-input":{"@type":"PropertyValueSpecification","valueRequired":true,"valueName":"search_term_string"}}],"inLanguage":"fr-BE"},{"@type":"Organization","@id":"https:\/\/vieassociative.be\/actualites\/#organization","name":"Vie Associative","url":"https:\/\/vieassociative.be\/actualites\/","logo":{"@type":"ImageObject","inLanguage":"fr-BE","@id":"https:\/\/vieassociative.be\/actualites\/#\/schema\/logo\/image\/","url":"https:\/\/vieassociative.be\/actualites\/wp-content\/uploads\/2024\/09\/cropped-vieassociative_favicon.ico.png","contentUrl":"https:\/\/vieassociative.be\/actualites\/wp-content\/uploads\/2024\/09\/cropped-vieassociative_favicon.ico.png","width":512,"height":512,"caption":"Vie Associative"},"image":{"@id":"https:\/\/vieassociative.be\/actualites\/#\/schema\/logo\/image\/"}},{"@type":"Person","@id":"https:\/\/vieassociative.be\/actualites\/#\/schema\/person\/b87ac4f82f9d4e7b7cec7395b679edc4","name":"Julien","image":{"@type":"ImageObject","inLanguage":"fr-BE","@id":"https:\/\/vieassociative.be\/actualites\/#\/schema\/person\/image\/","url":"https:\/\/vieassociative.be\/actualites\/wp-content\/uploads\/2024\/09\/vie-associative-1-150x150.jpg","contentUrl":"https:\/\/vieassociative.be\/actualites\/wp-content\/uploads\/2024\/09\/vie-associative-1-150x150.jpg","caption":"Julien"},"description":"Je suis Julien, r\u00e9dacteur pour Vie Associative. Passionn\u00e9 par le monde associatif depuis plus de 10 ans, j'ai \u00e0 c\u0153ur de partager des histoires inspirantes et de mettre en lumi\u00e8re les initiatives locales. Mon objectif est de sensibiliser et d'encourager l'engagement communautaire \u00e0 travers mes articles.","sameAs":["https:\/\/vieassociative.be\/"]}]}},"_links":{"self":[{"href":"https:\/\/vieassociative.be\/actualites\/wp-json\/wp\/v2\/posts\/11457"}],"collection":[{"href":"https:\/\/vieassociative.be\/actualites\/wp-json\/wp\/v2\/posts"}],"about":[{"href":"https:\/\/vieassociative.be\/actualites\/wp-json\/wp\/v2\/types\/post"}],"author":[{"embeddable":true,"href":"https:\/\/vieassociative.be\/actualites\/wp-json\/wp\/v2\/users\/1"}],"replies":[{"embeddable":true,"href":"https:\/\/vieassociative.be\/actualites\/wp-json\/wp\/v2\/comments?post=11457"}],"version-history":[{"count":0,"href":"https:\/\/vieassociative.be\/actualites\/wp-json\/wp\/v2\/posts\/11457\/revisions"}],"wp:featuredmedia":[{"embeddable":true,"href":"https:\/\/vieassociative.be\/actualites\/wp-json\/wp\/v2\/media\/11458"}],"wp:attachment":[{"href":"https:\/\/vieassociative.be\/actualites\/wp-json\/wp\/v2\/media?parent=11457"}],"wp:term":[{"taxonomy":"category","embeddable":true,"href":"https:\/\/vieassociative.be\/actualites\/wp-json\/wp\/v2\/categories?post=11457"},{"taxonomy":"post_tag","embeddable":true,"href":"https:\/\/vieassociative.be\/actualites\/wp-json\/wp\/v2\/tags?post=11457"}],"curies":[{"name":"wp","href":"https:\/\/api.w.org\/{rel}","templated":true}]}}