{"id":11446,"date":"2025-11-21T03:17:32","date_gmt":"2025-11-21T02:17:32","guid":{"rendered":"https:\/\/vieassociative.be\/actualites\/franco-est-mort-le-20-novembre-1975-nostalgie-en-espagne-a-loccasion-du-50e-anniversaire-de-sa-mort\/"},"modified":"2025-11-21T03:17:32","modified_gmt":"2025-11-21T02:17:32","slug":"franco-est-mort-le-20-novembre-1975-nostalgie-en-espagne-a-loccasion-du-50e-anniversaire-de-sa-mort","status":"publish","type":"post","link":"https:\/\/vieassociative.be\/actualites\/franco-est-mort-le-20-novembre-1975-nostalgie-en-espagne-a-loccasion-du-50e-anniversaire-de-sa-mort\/","title":{"rendered":"Franco est mort le 20 novembre 1975 : nostalgie en Espagne \u00e0 l&rsquo;occasion du 50e anniversaire de sa mort"},"content":{"rendered":"<p><strong>\u00c0 l&rsquo;occasion du 50e anniversaire de la mort de Francisco Franco, les habitants de toute l&rsquo;Espagne se rassembleront \u00e0 nouveau jeudi dans les \u00e9glises et les bars pour rendre hommage au dictateur. <\/strong><\/p>\n<p><span id=\"more-430029\"><\/span>Certains, comme souvent ces derni\u00e8res ann\u00e9es, l\u00e8veront sans vergogne leur bras droit pour un salut nazi et entonneront des hymnes au r\u00e9gime (1939-1975). Des cris comme \u00ab\u00a0Viva Franco\u00a0\u00bb et m\u00eame \u00ab\u00a0Viva Hitler\u00a0\u00bb seront certainement entendus \u00e0 nouveau dans les rues.<\/p>\n<p>Est-ce un ph\u00e9nom\u00e8ne marginal ? Sont-ils simplement des nostalgiques vieillissants de la dictature ? Non, bien au contraire. Les observateurs pr\u00e9viennent que la figure du petit et fragile Franco est plus pr\u00e9sente que jamais, un demi-si\u00e8cle apr\u00e8s sa mort le 20 novembre 1975 et la fin de la tyrannie.<\/p>\n<div id=\"attachment_430034\" class=\"wp-caption alignleft\" style=\"max-width: 199px\"><img fetchpriority=\"high\" decoding=\"async\" class=\"wp-image-430034 size-medium\" src=\"https:\/\/vieassociative.be\/actualites\/wp-content\/uploads\/2025\/11\/Franco-est-mort-le-20-novembre-1975-nostalgie-en.jpg\" alt=\"\" width=\"199\" height=\"300\"  ><\/div>\n<p><strong>\u2013 Tout a commenc\u00e9 avec la guerre civile :<\/strong> Mais revenons au d\u00e9but : le 17 juillet 1936, les troupes du g\u00e9n\u00e9ral Franco se soul\u00e8vent au Maroc espagnol contre le gouvernement d\u00e9mocratique de la Deuxi\u00e8me R\u00e9publique. Apr\u00e8s la victoire \u00e9lectorale du Front populaire de gauche en f\u00e9vrier 1936, celui-ci fut \u00e9branl\u00e9 par des assassinats politiques et des violences de rue.<\/p>\n<p>La r\u00e9publique a d&rsquo;abord r\u00e9ussi \u00e0 tenir Madrid avec l&rsquo;aide de brigades internationales et d&rsquo;armes fournies par l&rsquo;Union sovi\u00e9tique de Staline en \u00e9change d&rsquo;or. Des volontaires de nombreux pays se sont battus pour la r\u00e9publique, comme le chanteur et acteur allemand Ernst Busch et le politicien du KPD Hans Beimler. Les chroniqueurs les plus c\u00e9l\u00e8bres \u00e9taient Ernest Hemingway (\u00ab Pour qui sonne le glas \u00bb) et George Orwell (\u00ab Ma Catalogne \u00bb).<\/p>\n<p><strong>\u2013 Franco a aussi gagn\u00e9 gr\u00e2ce au soutien de l\u2019Allemagne nazie :<\/strong> Mais les luttes internes entre anarchistes, communistes et trotskystes affaiblirent la r\u00e9publique. Soutenu par l&rsquo;Italie de Mussolini et l&rsquo;Allemagne hitl\u00e9rienne, notamment par la L\u00e9gion Condor, Franco prend le dessus. En 1938, il d\u00e9truit les lignes r\u00e9publicaines sur l&rsquo;\u00c8bre, Barcelone tombe en janvier 1939 et Madrid en mars.<\/p>\n<\/p>\n<div id=\"attachment_430035\" class=\"wp-caption alignleft\" style=\"max-width: 270px\"><img decoding=\"async\" class=\"wp-image-430035 size-medium\" src=\"https:\/\/vieassociative.be\/actualites\/wp-content\/uploads\/2025\/11\/1763691452_353_Franco-est-mort-le-20-novembre-1975-nostalgie-en.jpg\" alt=\"\" width=\"270\" height=\"300\"><\/div>\n<p>Apr\u00e8s sa victoire, Franco a r\u00e9gn\u00e9 en dictateur jusqu&rsquo;\u00e0 sa mort en 1975. Il s&rsquo;est appuy\u00e9 sur l&rsquo;arm\u00e9e, la Phalange fasciste et l&rsquo;\u00c9glise catholique. Des opposants politiques ont \u00e9t\u00e9 pers\u00e9cut\u00e9s, des milliers de r\u00e9publicains ont \u00e9t\u00e9 assassin\u00e9s, emprisonn\u00e9s ou contraints \u00e0 l&rsquo;exil.<\/p>\n<p>Les partis de gauche et de droite ont conclu un \u00ab pacte de l\u2019oubli \u00bb, qui s\u2019est traduit par une loi d\u2019amnistie en 1977. Cette tentative consciente de rendre la transition sans conflit et de couvrir les anciens conflits d\u2019un voile d\u2019oubli signifiait que de nombreux repr\u00e9sentants de l\u2019ancien r\u00e9gime restaient politiquement et \u00e9conomiquement influents, m\u00eame dans une d\u00e9mocratie. Les descendants de ces vieilles \u00e9lites franquistes utilisent encore aujourd\u2019hui les r\u00e9seaux et les ressources.<\/p>\n<p><strong>\u2013 Beaucoup de jeunes Espagnols trouvent le dictateur mort cool :<\/strong> Le culte du \u00ab General\u00edsimo \u00bb conna\u00eet un essor non seulement entre les autels et les robinets, mais aussi en ligne, dans les \u00e9coles et les universit\u00e9s. \u00ab\u00a0Franco vit sur les r\u00e9seaux sociaux et est de plus en plus populaire aupr\u00e8s des jeunes\u00a0\u00bb, a analys\u00e9 la cha\u00eene de t\u00e9l\u00e9vision \u00ab\u00a0La Sexta\u00a0\u00bb. Le journal \u00ab El Pa\u00eds \u00bb d\u00e9clare : \u00ab Lors des manifestations (contre le gouvernement de gauche), on voit de plus en plus de jeunes agitant le drapeau franquiste ou levant les bras. \u00bb<\/p>\n<p>Pas plus tard que le 8 novembre, des sc\u00e8nes effrayantes ont eu lieu lors d&rsquo;un grand rassemblement n\u00e9o-nazi \u00e0 Madrid. Des centaines de manifestants, pour la plupart masqu\u00e9s et v\u00eatus de noir, ont fait le salut hitl\u00e9rien devant les cam\u00e9ras de t\u00e9l\u00e9vision, ont chant\u00e9 des chansons fascistes, brandi des banderoles avec des slogans tels que \u00ab Les vies blanches comptent \u00bb, scand\u00e9 \u00ab Viva Franco \u00bb, incendi\u00e9 des poubelles et combattu avec la police. Il n&rsquo;y a eu que trois arrestations ce soir-l\u00e0.<\/p>\n<\/p>\n<div id=\"attachment_430036\" class=\"wp-caption alignleft\" style=\"max-width: 300px\"><img decoding=\"async\" class=\"wp-image-430036 size-medium\" src=\"https:\/\/vieassociative.be\/actualites\/wp-content\/uploads\/2025\/11\/1763691452_883_Franco-est-mort-le-20-novembre-1975-nostalgie-en.jpg\" alt=\"\" width=\"300\" height=\"200\"><\/div>\n<p>Sur les r\u00e9seaux sociaux, des influenceurs, certains comptant des centaines de milliers de followers, vantent le dictateur mort. Sur TikTok, mais aussi dans la cour d&rsquo;\u00e9cole, les enfants chantent la chanson \u00ab Cara al Sol \u00bb, l&rsquo;hymne le plus important des \u00ab Franquistas \u00bb. Les parents et les enseignants rapportent sous le choc ce qu&rsquo;ils entendent lorsqu&rsquo;ils demandent pourquoi. \u00ab\u00a0Tous mes amis font \u00e7a aussi.\u00a0\u00bb<\/p>\n<p><strong>\u2013 \u00ab Nous avons un probl\u00e8me \u00bb :<\/strong> Il n&rsquo;y a pas que des citations, mais aussi des chiffres : selon une enqu\u00eate r\u00e9cente de l&rsquo;institut d&rsquo;enqu\u00eate d&rsquo;\u00c9tat CIS, 21 pour cent des citoyens consid\u00e8rent l&rsquo;\u00e8re franquiste comme \u00ab bonne \u00bb ou \u00ab tr\u00e8s bonne \u00bb. Parmi les \u00e9lecteurs du Parti populaire (PP) conservateur du chef de l&rsquo;opposition Alberto N\u00fa\u00f1ez Feij\u00f3o, ce chiffre est d&rsquo;environ 35 pour cent. \u00ab Nous avons un probl\u00e8me \u00bb, titrait le \u00ab Huffpost \u00bb espagnol. Il n\u2019est pas du tout surprenant que les politiciens du parti populiste de droite \u00e9mergent Vox fassent souvent l\u2019\u00e9loge publique de la dictature.<\/p>\n<p>Soudain, le vieux roi Juan Carlos a \u00e9galement fait l&rsquo;\u00e9loge du dictateur d&rsquo;une mani\u00e8re inhabituellement ouverte. \u00ab\u00a0Je le respectais \u00e9norm\u00e9ment, j&rsquo;appr\u00e9ciais son intelligence et son sens politique (&#8230;) Je n&rsquo;ai jamais permis \u00e0 personne de le critiquer devant moi\u00a0\u00bb, a-t-il r\u00e9v\u00e9l\u00e9 dans la biographie r\u00e9cemment publi\u00e9e \u00ab\u00a0Reconciliaci\u00f3n\u00a0\u00bb (R\u00e9conciliation).<\/p>\n<p>Les paroles de l&rsquo;homme de 87 ans arrivent \u00e0 un moment d\u00e9licat : Madrid s&rsquo;appr\u00eate \u00e0 c\u00e9l\u00e9brer le 50e anniversaire de son accession au tr\u00f4ne le 22 novembre 1975 sans Juan Carlos. C&rsquo;\u00e9tait seulement deux jours apr\u00e8s la mort de Franco, qui l&rsquo;avait nomm\u00e9 son successeur \u00e0 la t\u00eate de l&rsquo;Etat.<\/p>\n<div id=\"attachment_430041\" class=\"wp-caption alignleft\" style=\"max-width: 300px\"><img loading=\"lazy\" decoding=\"async\" class=\"wp-image-430041 size-medium\" src=\"https:\/\/vieassociative.be\/actualites\/wp-content\/uploads\/2025\/11\/1763691452_755_Franco-est-mort-le-20-novembre-1975-nostalgie-en.jpg\" alt=\"\" width=\"300\" height=\"204\"><\/div>\n<p><strong>\u2013 Des milliers de victimes de la dictature reposent toujours dans des fosses communes :<\/strong> Jusqu\u2019\u00e0 pr\u00e9sent, l\u2019Espagne n\u2019a pas fini de se r\u00e9concilier avec son pass\u00e9 traumatisant. La dictature n&rsquo;est pas un probl\u00e8me dans les \u00e9coles. Des milliers de victimes de la tyrannie reposent encore anonymement sous terre \u00e0 travers le pays.<\/p>\n<p>L\u2019Espagne est \u00ab le pays aux 6 000 charniers \u00bb, a rapport\u00e9 r\u00e9cemment la cha\u00eene de t\u00e9l\u00e9vision publique RTVE. Au cours des 25 derni\u00e8res ann\u00e9es, les restes de plus de 17 000 victimes ont \u00e9t\u00e9 retrouv\u00e9s. En 2023, avec la controvers\u00e9e \u00ab Loi de la m\u00e9moire d\u00e9mocratique \u00bb, le Parlement a fait de la recherche des victimes non encore retrouv\u00e9es un \u00ab devoir de l\u2019\u00c9tat \u00bb.<\/p>\n<p>Le Premier ministre Pedro S\u00e1nchez avait d\u00e9j\u00e0 envoy\u00e9 un signal fort avec la r\u00e9inhumation de Franco \u00e0 l&rsquo;automne 2019. Le corps a \u00e9t\u00e9 retir\u00e9 du mausol\u00e9e monumental de la \u00ab Vall\u00e9e des morts \u00bb pr\u00e8s de Madrid et transf\u00e9r\u00e9 par h\u00e9licopt\u00e8re au cimeti\u00e8re familial El Pardo-Mingorrubio.<\/p>\n<p>Le but \u00e9tait d&rsquo;\u00e9viter que le lieu continue \u00e0 servir de lieu de p\u00e8lerinage pour les \u00ab Franquistas \u00bb. Des centaines de sympathisants se sont alors rassembl\u00e9s autour du cimeti\u00e8re, ont protest\u00e9, insult\u00e9 S\u00e1nchez et cri\u00e9 \u00ab\u00a0Viva Franco\u00a0!\u00a0\u00bb et lev\u00e8rent les bras en guise de salutation. (dpa)<\/p>\n","protected":false},"excerpt":{"rendered":"<p>\u00c0 l&rsquo;occasion du 50e anniversaire de la mort de Francisco Franco, les habitants de toute l&rsquo;Espagne se rassembleront \u00e0 nouveau jeudi dans les \u00e9glises et<\/p>\n","protected":false},"author":1,"featured_media":11447,"comment_status":"","ping_status":"","sticky":false,"template":"","format":"standard","meta":{"footnotes":""},"categories":[298],"tags":[7067,4086,648,76,9307,4914,1717,754,1894],"class_list":["post-11446","post","type-post","status-publish","format-standard","has-post-thumbnail","hentry","category-belgique","tag-50e","tag-anniversaire","tag-espagne","tag-est","tag-franco","tag-loccasion","tag-mort","tag-nostalgie","tag-novembre","generate-columns","tablet-grid-50","mobile-grid-100","grid-parent","grid-33"],"yoast_head":"<!-- This site is optimized with the Yoast SEO plugin v24.0 - https:\/\/yoast.com\/wordpress\/plugins\/seo\/ -->\n<title>Franco est mort le 20 novembre 1975 : nostalgie en Espagne \u00e0 l&#039;occasion du 50e anniversaire de sa mort | Vie Associative<\/title>\n<meta name=\"robots\" content=\"index, follow, max-snippet:-1, max-image-preview:large, max-video-preview:-1\" \/>\n<link rel=\"canonical\" href=\"https:\/\/vieassociative.be\/actualites\/franco-est-mort-le-20-novembre-1975-nostalgie-en-espagne-a-loccasion-du-50e-anniversaire-de-sa-mort\/\" \/>\n<meta property=\"og:locale\" content=\"fr_FR\" \/>\n<meta property=\"og:type\" content=\"article\" \/>\n<meta property=\"og:title\" content=\"Franco est mort le 20 novembre 1975 : nostalgie en Espagne \u00e0 l&#039;occasion du 50e anniversaire de sa mort | Vie Associative\" \/>\n<meta property=\"og:description\" content=\"\u00c0 l&rsquo;occasion du 50e anniversaire de la mort de Francisco Franco, les habitants de toute l&rsquo;Espagne se rassembleront \u00e0 nouveau jeudi dans les \u00e9glises et\" \/>\n<meta property=\"og:url\" content=\"https:\/\/vieassociative.be\/actualites\/franco-est-mort-le-20-novembre-1975-nostalgie-en-espagne-a-loccasion-du-50e-anniversaire-de-sa-mort\/\" \/>\n<meta property=\"og:site_name\" content=\"Vie Associative\" \/>\n<meta property=\"article:published_time\" content=\"2025-11-21T02:17:32+00:00\" \/>\n<meta property=\"og:image\" content=\"https:\/\/vieassociative.be\/actualites\/wp-content\/uploads\/2024\/09\/header_backgroundk-01-e1726694325946.png\" \/>\n\t<meta property=\"og:image:width\" content=\"279\" \/>\n\t<meta property=\"og:image:height\" content=\"92\" \/>\n\t<meta property=\"og:image:type\" content=\"image\/png\" \/>\n<meta name=\"author\" content=\"Julien\" \/>\n<meta name=\"twitter:card\" content=\"summary_large_image\" \/>\n<meta name=\"twitter:label1\" content=\"\u00c9crit par\" \/>\n\t<meta name=\"twitter:data1\" content=\"Julien\" \/>\n\t<meta name=\"twitter:label2\" content=\"Dur\u00e9e de lecture est.\" \/>\n\t<meta name=\"twitter:data2\" content=\"6 minutes\" \/>\n<script type=\"application\/ld+json\" class=\"yoast-schema-graph\">{\"@context\":\"https:\/\/schema.org\",\"@graph\":[{\"@type\":\"Article\",\"@id\":\"https:\/\/vieassociative.be\/actualites\/franco-est-mort-le-20-novembre-1975-nostalgie-en-espagne-a-loccasion-du-50e-anniversaire-de-sa-mort\/#article\",\"isPartOf\":{\"@id\":\"https:\/\/vieassociative.be\/actualites\/franco-est-mort-le-20-novembre-1975-nostalgie-en-espagne-a-loccasion-du-50e-anniversaire-de-sa-mort\/\"},\"author\":{\"name\":\"Julien\",\"@id\":\"https:\/\/vieassociative.be\/actualites\/#\/schema\/person\/b87ac4f82f9d4e7b7cec7395b679edc4\"},\"headline\":\"Franco est mort le 20 novembre 1975 : nostalgie en Espagne \u00e0 l&rsquo;occasion du 50e anniversaire de sa mort\",\"datePublished\":\"2025-11-21T02:17:32+00:00\",\"dateModified\":\"2025-11-21T02:17:32+00:00\",\"mainEntityOfPage\":{\"@id\":\"https:\/\/vieassociative.be\/actualites\/franco-est-mort-le-20-novembre-1975-nostalgie-en-espagne-a-loccasion-du-50e-anniversaire-de-sa-mort\/\"},\"wordCount\":1181,\"publisher\":{\"@id\":\"https:\/\/vieassociative.be\/actualites\/#organization\"},\"image\":{\"@id\":\"https:\/\/vieassociative.be\/actualites\/franco-est-mort-le-20-novembre-1975-nostalgie-en-espagne-a-loccasion-du-50e-anniversaire-de-sa-mort\/#primaryimage\"},\"thumbnailUrl\":\"https:\/\/vieassociative.be\/actualites\/wp-content\/uploads\/2025\/11\/1763691453_Franco-est-mort-le-20-novembre-1975-nostalgie-en.jpg\",\"keywords\":[\"50e\",\"anniversaire\",\"Espagne\",\"est\",\"Franco\",\"loccasion\",\"mort\",\"nostalgie\",\"novembre\"],\"articleSection\":[\"Belgique\"],\"inLanguage\":\"fr-BE\"},{\"@type\":\"WebPage\",\"@id\":\"https:\/\/vieassociative.be\/actualites\/franco-est-mort-le-20-novembre-1975-nostalgie-en-espagne-a-loccasion-du-50e-anniversaire-de-sa-mort\/\",\"url\":\"https:\/\/vieassociative.be\/actualites\/franco-est-mort-le-20-novembre-1975-nostalgie-en-espagne-a-loccasion-du-50e-anniversaire-de-sa-mort\/\",\"name\":\"Franco est mort le 20 novembre 1975 : nostalgie en Espagne \u00e0 l'occasion du 50e anniversaire de sa mort | Vie Associative\",\"isPartOf\":{\"@id\":\"https:\/\/vieassociative.be\/actualites\/#website\"},\"primaryImageOfPage\":{\"@id\":\"https:\/\/vieassociative.be\/actualites\/franco-est-mort-le-20-novembre-1975-nostalgie-en-espagne-a-loccasion-du-50e-anniversaire-de-sa-mort\/#primaryimage\"},\"image\":{\"@id\":\"https:\/\/vieassociative.be\/actualites\/franco-est-mort-le-20-novembre-1975-nostalgie-en-espagne-a-loccasion-du-50e-anniversaire-de-sa-mort\/#primaryimage\"},\"thumbnailUrl\":\"https:\/\/vieassociative.be\/actualites\/wp-content\/uploads\/2025\/11\/1763691453_Franco-est-mort-le-20-novembre-1975-nostalgie-en.jpg\",\"datePublished\":\"2025-11-21T02:17:32+00:00\",\"dateModified\":\"2025-11-21T02:17:32+00:00\",\"breadcrumb\":{\"@id\":\"https:\/\/vieassociative.be\/actualites\/franco-est-mort-le-20-novembre-1975-nostalgie-en-espagne-a-loccasion-du-50e-anniversaire-de-sa-mort\/#breadcrumb\"},\"inLanguage\":\"fr-BE\",\"potentialAction\":[{\"@type\":\"ReadAction\",\"target\":[\"https:\/\/vieassociative.be\/actualites\/franco-est-mort-le-20-novembre-1975-nostalgie-en-espagne-a-loccasion-du-50e-anniversaire-de-sa-mort\/\"]}]},{\"@type\":\"ImageObject\",\"inLanguage\":\"fr-BE\",\"@id\":\"https:\/\/vieassociative.be\/actualites\/franco-est-mort-le-20-novembre-1975-nostalgie-en-espagne-a-loccasion-du-50e-anniversaire-de-sa-mort\/#primaryimage\",\"url\":\"https:\/\/vieassociative.be\/actualites\/wp-content\/uploads\/2025\/11\/1763691453_Franco-est-mort-le-20-novembre-1975-nostalgie-en.jpg\",\"contentUrl\":\"https:\/\/vieassociative.be\/actualites\/wp-content\/uploads\/2025\/11\/1763691453_Franco-est-mort-le-20-novembre-1975-nostalgie-en.jpg\",\"width\":1200,\"height\":726,\"caption\":\"Franco est mort le 20 novembre 1975 : nostalgie en Espagne \u00e0 l'occasion du 50e anniversaire de sa mort\"},{\"@type\":\"BreadcrumbList\",\"@id\":\"https:\/\/vieassociative.be\/actualites\/franco-est-mort-le-20-novembre-1975-nostalgie-en-espagne-a-loccasion-du-50e-anniversaire-de-sa-mort\/#breadcrumb\",\"itemListElement\":[{\"@type\":\"ListItem\",\"position\":1,\"name\":\"Accueil\",\"item\":\"https:\/\/vieassociative.be\/actualites\/\"},{\"@type\":\"ListItem\",\"position\":2,\"name\":\"Franco est mort le 20 novembre 1975 : nostalgie en Espagne \u00e0 l&rsquo;occasion du 50e anniversaire de sa mort\"}]},{\"@type\":\"WebSite\",\"@id\":\"https:\/\/vieassociative.be\/actualites\/#website\",\"url\":\"https:\/\/vieassociative.be\/actualites\/\",\"name\":\"Vie Associative\",\"description\":\"\",\"publisher\":{\"@id\":\"https:\/\/vieassociative.be\/actualites\/#organization\"},\"potentialAction\":[{\"@type\":\"SearchAction\",\"target\":{\"@type\":\"EntryPoint\",\"urlTemplate\":\"https:\/\/vieassociative.be\/actualites\/?s={search_term_string}\"},\"query-input\":{\"@type\":\"PropertyValueSpecification\",\"valueRequired\":true,\"valueName\":\"search_term_string\"}}],\"inLanguage\":\"fr-BE\"},{\"@type\":\"Organization\",\"@id\":\"https:\/\/vieassociative.be\/actualites\/#organization\",\"name\":\"Vie Associative\",\"url\":\"https:\/\/vieassociative.be\/actualites\/\",\"logo\":{\"@type\":\"ImageObject\",\"inLanguage\":\"fr-BE\",\"@id\":\"https:\/\/vieassociative.be\/actualites\/#\/schema\/logo\/image\/\",\"url\":\"https:\/\/vieassociative.be\/actualites\/wp-content\/uploads\/2024\/09\/cropped-vieassociative_favicon.ico.png\",\"contentUrl\":\"https:\/\/vieassociative.be\/actualites\/wp-content\/uploads\/2024\/09\/cropped-vieassociative_favicon.ico.png\",\"width\":512,\"height\":512,\"caption\":\"Vie Associative\"},\"image\":{\"@id\":\"https:\/\/vieassociative.be\/actualites\/#\/schema\/logo\/image\/\"}},{\"@type\":\"Person\",\"@id\":\"https:\/\/vieassociative.be\/actualites\/#\/schema\/person\/b87ac4f82f9d4e7b7cec7395b679edc4\",\"name\":\"Julien\",\"image\":{\"@type\":\"ImageObject\",\"inLanguage\":\"fr-BE\",\"@id\":\"https:\/\/vieassociative.be\/actualites\/#\/schema\/person\/image\/\",\"url\":\"https:\/\/vieassociative.be\/actualites\/wp-content\/uploads\/2024\/09\/vie-associative-1-150x150.jpg\",\"contentUrl\":\"https:\/\/vieassociative.be\/actualites\/wp-content\/uploads\/2024\/09\/vie-associative-1-150x150.jpg\",\"caption\":\"Julien\"},\"description\":\"Je suis Julien, r\u00e9dacteur pour Vie Associative. Passionn\u00e9 par le monde associatif depuis plus de 10 ans, j'ai \u00e0 c\u0153ur de partager des histoires inspirantes et de mettre en lumi\u00e8re les initiatives locales. Mon objectif est de sensibiliser et d'encourager l'engagement communautaire \u00e0 travers mes articles.\",\"sameAs\":[\"https:\/\/vieassociative.be\/\"]}]}<\/script>\n<!-- \/ Yoast SEO plugin. -->","yoast_head_json":{"title":"Franco est mort le 20 novembre 1975 : nostalgie en Espagne \u00e0 l'occasion du 50e anniversaire de sa mort | Vie Associative","robots":{"index":"index","follow":"follow","max-snippet":"max-snippet:-1","max-image-preview":"max-image-preview:large","max-video-preview":"max-video-preview:-1"},"canonical":"https:\/\/vieassociative.be\/actualites\/franco-est-mort-le-20-novembre-1975-nostalgie-en-espagne-a-loccasion-du-50e-anniversaire-de-sa-mort\/","og_locale":"fr_FR","og_type":"article","og_title":"Franco est mort le 20 novembre 1975 : nostalgie en Espagne \u00e0 l'occasion du 50e anniversaire de sa mort | Vie Associative","og_description":"\u00c0 l&rsquo;occasion du 50e anniversaire de la mort de Francisco Franco, les habitants de toute l&rsquo;Espagne se rassembleront \u00e0 nouveau jeudi dans les \u00e9glises et","og_url":"https:\/\/vieassociative.be\/actualites\/franco-est-mort-le-20-novembre-1975-nostalgie-en-espagne-a-loccasion-du-50e-anniversaire-de-sa-mort\/","og_site_name":"Vie Associative","article_published_time":"2025-11-21T02:17:32+00:00","og_image":[{"width":279,"height":92,"url":"https:\/\/vieassociative.be\/actualites\/wp-content\/uploads\/2024\/09\/header_backgroundk-01-e1726694325946.png","type":"image\/png"}],"author":"Julien","twitter_card":"summary_large_image","twitter_misc":{"\u00c9crit par":"Julien","Dur\u00e9e de lecture est.":"6 minutes"},"schema":{"@context":"https:\/\/schema.org","@graph":[{"@type":"Article","@id":"https:\/\/vieassociative.be\/actualites\/franco-est-mort-le-20-novembre-1975-nostalgie-en-espagne-a-loccasion-du-50e-anniversaire-de-sa-mort\/#article","isPartOf":{"@id":"https:\/\/vieassociative.be\/actualites\/franco-est-mort-le-20-novembre-1975-nostalgie-en-espagne-a-loccasion-du-50e-anniversaire-de-sa-mort\/"},"author":{"name":"Julien","@id":"https:\/\/vieassociative.be\/actualites\/#\/schema\/person\/b87ac4f82f9d4e7b7cec7395b679edc4"},"headline":"Franco est mort le 20 novembre 1975 : nostalgie en Espagne \u00e0 l&rsquo;occasion du 50e anniversaire de sa mort","datePublished":"2025-11-21T02:17:32+00:00","dateModified":"2025-11-21T02:17:32+00:00","mainEntityOfPage":{"@id":"https:\/\/vieassociative.be\/actualites\/franco-est-mort-le-20-novembre-1975-nostalgie-en-espagne-a-loccasion-du-50e-anniversaire-de-sa-mort\/"},"wordCount":1181,"publisher":{"@id":"https:\/\/vieassociative.be\/actualites\/#organization"},"image":{"@id":"https:\/\/vieassociative.be\/actualites\/franco-est-mort-le-20-novembre-1975-nostalgie-en-espagne-a-loccasion-du-50e-anniversaire-de-sa-mort\/#primaryimage"},"thumbnailUrl":"https:\/\/vieassociative.be\/actualites\/wp-content\/uploads\/2025\/11\/1763691453_Franco-est-mort-le-20-novembre-1975-nostalgie-en.jpg","keywords":["50e","anniversaire","Espagne","est","Franco","loccasion","mort","nostalgie","novembre"],"articleSection":["Belgique"],"inLanguage":"fr-BE"},{"@type":"WebPage","@id":"https:\/\/vieassociative.be\/actualites\/franco-est-mort-le-20-novembre-1975-nostalgie-en-espagne-a-loccasion-du-50e-anniversaire-de-sa-mort\/","url":"https:\/\/vieassociative.be\/actualites\/franco-est-mort-le-20-novembre-1975-nostalgie-en-espagne-a-loccasion-du-50e-anniversaire-de-sa-mort\/","name":"Franco est mort le 20 novembre 1975 : nostalgie en Espagne \u00e0 l'occasion du 50e anniversaire de sa mort | Vie Associative","isPartOf":{"@id":"https:\/\/vieassociative.be\/actualites\/#website"},"primaryImageOfPage":{"@id":"https:\/\/vieassociative.be\/actualites\/franco-est-mort-le-20-novembre-1975-nostalgie-en-espagne-a-loccasion-du-50e-anniversaire-de-sa-mort\/#primaryimage"},"image":{"@id":"https:\/\/vieassociative.be\/actualites\/franco-est-mort-le-20-novembre-1975-nostalgie-en-espagne-a-loccasion-du-50e-anniversaire-de-sa-mort\/#primaryimage"},"thumbnailUrl":"https:\/\/vieassociative.be\/actualites\/wp-content\/uploads\/2025\/11\/1763691453_Franco-est-mort-le-20-novembre-1975-nostalgie-en.jpg","datePublished":"2025-11-21T02:17:32+00:00","dateModified":"2025-11-21T02:17:32+00:00","breadcrumb":{"@id":"https:\/\/vieassociative.be\/actualites\/franco-est-mort-le-20-novembre-1975-nostalgie-en-espagne-a-loccasion-du-50e-anniversaire-de-sa-mort\/#breadcrumb"},"inLanguage":"fr-BE","potentialAction":[{"@type":"ReadAction","target":["https:\/\/vieassociative.be\/actualites\/franco-est-mort-le-20-novembre-1975-nostalgie-en-espagne-a-loccasion-du-50e-anniversaire-de-sa-mort\/"]}]},{"@type":"ImageObject","inLanguage":"fr-BE","@id":"https:\/\/vieassociative.be\/actualites\/franco-est-mort-le-20-novembre-1975-nostalgie-en-espagne-a-loccasion-du-50e-anniversaire-de-sa-mort\/#primaryimage","url":"https:\/\/vieassociative.be\/actualites\/wp-content\/uploads\/2025\/11\/1763691453_Franco-est-mort-le-20-novembre-1975-nostalgie-en.jpg","contentUrl":"https:\/\/vieassociative.be\/actualites\/wp-content\/uploads\/2025\/11\/1763691453_Franco-est-mort-le-20-novembre-1975-nostalgie-en.jpg","width":1200,"height":726,"caption":"Franco est mort le 20 novembre 1975 : nostalgie en Espagne \u00e0 l'occasion du 50e anniversaire de sa mort"},{"@type":"BreadcrumbList","@id":"https:\/\/vieassociative.be\/actualites\/franco-est-mort-le-20-novembre-1975-nostalgie-en-espagne-a-loccasion-du-50e-anniversaire-de-sa-mort\/#breadcrumb","itemListElement":[{"@type":"ListItem","position":1,"name":"Accueil","item":"https:\/\/vieassociative.be\/actualites\/"},{"@type":"ListItem","position":2,"name":"Franco est mort le 20 novembre 1975 : nostalgie en Espagne \u00e0 l&rsquo;occasion du 50e anniversaire de sa mort"}]},{"@type":"WebSite","@id":"https:\/\/vieassociative.be\/actualites\/#website","url":"https:\/\/vieassociative.be\/actualites\/","name":"Vie Associative","description":"","publisher":{"@id":"https:\/\/vieassociative.be\/actualites\/#organization"},"potentialAction":[{"@type":"SearchAction","target":{"@type":"EntryPoint","urlTemplate":"https:\/\/vieassociative.be\/actualites\/?s={search_term_string}"},"query-input":{"@type":"PropertyValueSpecification","valueRequired":true,"valueName":"search_term_string"}}],"inLanguage":"fr-BE"},{"@type":"Organization","@id":"https:\/\/vieassociative.be\/actualites\/#organization","name":"Vie Associative","url":"https:\/\/vieassociative.be\/actualites\/","logo":{"@type":"ImageObject","inLanguage":"fr-BE","@id":"https:\/\/vieassociative.be\/actualites\/#\/schema\/logo\/image\/","url":"https:\/\/vieassociative.be\/actualites\/wp-content\/uploads\/2024\/09\/cropped-vieassociative_favicon.ico.png","contentUrl":"https:\/\/vieassociative.be\/actualites\/wp-content\/uploads\/2024\/09\/cropped-vieassociative_favicon.ico.png","width":512,"height":512,"caption":"Vie Associative"},"image":{"@id":"https:\/\/vieassociative.be\/actualites\/#\/schema\/logo\/image\/"}},{"@type":"Person","@id":"https:\/\/vieassociative.be\/actualites\/#\/schema\/person\/b87ac4f82f9d4e7b7cec7395b679edc4","name":"Julien","image":{"@type":"ImageObject","inLanguage":"fr-BE","@id":"https:\/\/vieassociative.be\/actualites\/#\/schema\/person\/image\/","url":"https:\/\/vieassociative.be\/actualites\/wp-content\/uploads\/2024\/09\/vie-associative-1-150x150.jpg","contentUrl":"https:\/\/vieassociative.be\/actualites\/wp-content\/uploads\/2024\/09\/vie-associative-1-150x150.jpg","caption":"Julien"},"description":"Je suis Julien, r\u00e9dacteur pour Vie Associative. Passionn\u00e9 par le monde associatif depuis plus de 10 ans, j'ai \u00e0 c\u0153ur de partager des histoires inspirantes et de mettre en lumi\u00e8re les initiatives locales. Mon objectif est de sensibiliser et d'encourager l'engagement communautaire \u00e0 travers mes articles.","sameAs":["https:\/\/vieassociative.be\/"]}]}},"_links":{"self":[{"href":"https:\/\/vieassociative.be\/actualites\/wp-json\/wp\/v2\/posts\/11446"}],"collection":[{"href":"https:\/\/vieassociative.be\/actualites\/wp-json\/wp\/v2\/posts"}],"about":[{"href":"https:\/\/vieassociative.be\/actualites\/wp-json\/wp\/v2\/types\/post"}],"author":[{"embeddable":true,"href":"https:\/\/vieassociative.be\/actualites\/wp-json\/wp\/v2\/users\/1"}],"replies":[{"embeddable":true,"href":"https:\/\/vieassociative.be\/actualites\/wp-json\/wp\/v2\/comments?post=11446"}],"version-history":[{"count":0,"href":"https:\/\/vieassociative.be\/actualites\/wp-json\/wp\/v2\/posts\/11446\/revisions"}],"wp:featuredmedia":[{"embeddable":true,"href":"https:\/\/vieassociative.be\/actualites\/wp-json\/wp\/v2\/media\/11447"}],"wp:attachment":[{"href":"https:\/\/vieassociative.be\/actualites\/wp-json\/wp\/v2\/media?parent=11446"}],"wp:term":[{"taxonomy":"category","embeddable":true,"href":"https:\/\/vieassociative.be\/actualites\/wp-json\/wp\/v2\/categories?post=11446"},{"taxonomy":"post_tag","embeddable":true,"href":"https:\/\/vieassociative.be\/actualites\/wp-json\/wp\/v2\/tags?post=11446"}],"curies":[{"name":"wp","href":"https:\/\/api.w.org\/{rel}","templated":true}]}}