{"id":11444,"date":"2025-11-21T02:17:43","date_gmt":"2025-11-21T01:17:43","guid":{"rendered":"https:\/\/vieassociative.be\/actualites\/oura-poursuit-davantage-de-fabricants-de-bagues-intelligentes\/"},"modified":"2025-11-21T02:17:43","modified_gmt":"2025-11-21T01:17:43","slug":"oura-poursuit-davantage-de-fabricants-de-bagues-intelligentes","status":"publish","type":"post","link":"https:\/\/vieassociative.be\/actualites\/oura-poursuit-davantage-de-fabricants-de-bagues-intelligentes\/","title":{"rendered":"Oura poursuit davantage de fabricants de bagues intelligentes"},"content":{"rendered":"<div class=\"mt-4 leading-6 md:mb-8\">Il s&rsquo;agit notamment des fabricants du Samsung Galaxy Ring, du Reebok Smart Ring, de l&rsquo;Amazfit Helio Ring et du Luna Ring.<\/div>\n<p><\/p>\n<p>Il y a quelques mois \u00e0 peine, Oura a remport\u00e9 un proc\u00e8s contre les fabricants rivaux d&rsquo;anneaux intelligents Ultrahuman et RingConn. Aujourd&rsquo;hui, ils ont engag\u00e9 des poursuites contre quatre autres soci\u00e9t\u00e9s : les fabricants du Samsung Galaxy Ring, du Reebok Smart Ring, de l&rsquo;Amazfit Helio Ring et du Luna Ring. <\/p>\n<p>Oura a annonc\u00e9 sur son site Internet avoir d\u00e9pos\u00e9 une plainte aupr\u00e8s de l&rsquo;ITC contre ces quatre soci\u00e9t\u00e9s. L&rsquo;ITC est la Commission am\u00e9ricaine du commerce international, et Oura affirme que sa plainte concerne \u00ab\u00a0l&rsquo;importation et la vente ill\u00e9gales de produits qui portent atteinte \u00e0 plusieurs brevets d&rsquo;Oura\u00a0\u00bb.<\/p>\n<p>La pr\u00e9c\u00e9dente victoire d&rsquo;Oura contre Ultrahuman et RingConn a abouti \u00e0 un jugement selon lequel ces soci\u00e9t\u00e9s devaient cesser de vendre et d&rsquo;importer leurs bagues intelligentes. RingConn est finalement parvenu \u00e0 un accord avec Oura pour conc\u00e9der sous licence ses brevets et continuer \u00e0 vendre ses bagues. Circular et Omate ont conclu des accords similaires avec Oura.<\/p>\n<div class=\"mx-auto mb-12 mt-5 w-full max-w-3xl rounded-md border-2 border-gray-100 p-3 shadow-md md:px-7 md:pb-7 md:pt-5\" id=\"related-video\">\n<div class=\"mb-3 flex items-center md:mb-5\">\n        <img decoding=\"async\" class=\"mr-4 mt-0 h-10 w-10 md:mr-5 md:h-12 md:w-12\" src=\"https:\/\/vieassociative.be\/actualites\/wp-content\/uploads\/2025\/09\/1757726237_608_Meta-pourrait-devoiler-une-montre-intelligente-pour-controler-ses-lunettes.jpg\" alt=\"Logo du pirate de la vie\"><\/p><\/div>\n<div class=\"aspect-video w-full overflow-hidden rounded-md\">\n<div id=\"video-container-01KAHZJEK20D1KH3F9DY4STE02\"><\/div>\n<\/p><\/div>\n<\/div>\n<p>Ultrahuman ne vend plus sa bague aux \u00c9tats-Unis, mais travaille sur un nouveau design de bague qui permettrait d&rsquo;\u00e9viter la pr\u00e9tendue violation du brevet. Vous pouvez lire le point de vue d&rsquo;Ultrahuman sur la situation dans cet article de blog, qui comprend \u00e9galement la promesse de continuer \u00e0 soutenir les anneaux qu&rsquo;ils ont d\u00e9j\u00e0 vendus ou que les gens peuvent acheter aupr\u00e8s de revendeurs. <\/p>\n<p>Les bagues faisant l&rsquo;objet de la r\u00e9cente plainte devraient encore \u00eatre disponibles pendant un certain temps. Oura d\u00e9clare sur son blog : \u00ab\u00a0Et alors, quelle est la prochaine \u00e9tape\u00a0? Le processus de l&rsquo;ITC suivra son cours.\u00a0\u00bb Il n&rsquo;y a aucune garantie qu&rsquo;Oura gagnera leur cause, m\u00eame si le fait qu&rsquo;ils aient pu obtenir un jugement aussi radical contre d&rsquo;autres soci\u00e9t\u00e9s sugg\u00e8re que ce n&rsquo;est pas trop long. <\/p>\n<p>Alors que les communications d&rsquo;Oura sur cette question utilisent des expressions telles que \u00ab respect de la propri\u00e9t\u00e9 intellectuelle \u00bb (c&rsquo;est-\u00e0-dire la propri\u00e9t\u00e9 intellectuelle), en tant que consommateur et \u00e9valuateur, je d\u00e9teste voir un domaine technologique passionnant \u00eatre domin\u00e9 par un seul acteur ou, pire, ferm\u00e9 par cet acteur pi\u00e8ce par pi\u00e8ce. Je travaille sur une r\u00e9vision de la bague Luna, dont j&rsquo;ai d\u00e9j\u00e0 not\u00e9 qu&rsquo;elle pr\u00e9sentait de s\u00e9rieuses am\u00e9liorations potentielles par rapport aux autres bagues du march\u00e9. Esp\u00e9rons que la cat\u00e9gorie des bagues intelligentes reste dynamique \u00e0 l\u2019avenir.<\/p>\n","protected":false},"excerpt":{"rendered":"<p>Il s&rsquo;agit notamment des fabricants du Samsung Galaxy Ring, du Reebok Smart Ring, de l&rsquo;Amazfit Helio Ring et du Luna Ring. Il y a quelques<\/p>\n","protected":false},"author":1,"featured_media":11445,"comment_status":"","ping_status":"","sticky":false,"template":"","format":"standard","meta":{"footnotes":""},"categories":[38],"tags":[9306,3457,7784,2170,5459,2387],"class_list":["post-11444","post","type-post","status-publish","format-standard","has-post-thumbnail","hentry","category-sante","tag-bagues","tag-davantage","tag-fabricants","tag-intelligentes","tag-oura","tag-poursuit","generate-columns","tablet-grid-50","mobile-grid-100","grid-parent","grid-33"],"yoast_head":"<!-- This site is optimized with the Yoast SEO plugin v24.0 - https:\/\/yoast.com\/wordpress\/plugins\/seo\/ -->\n<title>Oura poursuit davantage de fabricants de bagues intelligentes | Vie Associative<\/title>\n<meta name=\"robots\" content=\"index, follow, max-snippet:-1, max-image-preview:large, max-video-preview:-1\" \/>\n<link rel=\"canonical\" href=\"https:\/\/vieassociative.be\/actualites\/oura-poursuit-davantage-de-fabricants-de-bagues-intelligentes\/\" \/>\n<meta property=\"og:locale\" content=\"fr_FR\" \/>\n<meta property=\"og:type\" content=\"article\" \/>\n<meta property=\"og:title\" content=\"Oura poursuit davantage de fabricants de bagues intelligentes | Vie Associative\" \/>\n<meta property=\"og:description\" content=\"Il s&rsquo;agit notamment des fabricants du Samsung Galaxy Ring, du Reebok Smart Ring, de l&rsquo;Amazfit Helio Ring et du Luna Ring. Il y a quelques\" \/>\n<meta property=\"og:url\" content=\"https:\/\/vieassociative.be\/actualites\/oura-poursuit-davantage-de-fabricants-de-bagues-intelligentes\/\" \/>\n<meta property=\"og:site_name\" content=\"Vie Associative\" \/>\n<meta property=\"article:published_time\" content=\"2025-11-21T01:17:43+00:00\" \/>\n<meta property=\"og:image\" content=\"https:\/\/vieassociative.be\/actualites\/wp-content\/uploads\/2025\/09\/1757726237_608_Meta-pourrait-devoiler-une-montre-intelligente-pour-controler-ses-lunettes.jpg\" \/>\n<meta name=\"author\" content=\"Julien\" \/>\n<meta name=\"twitter:card\" content=\"summary_large_image\" \/>\n<meta name=\"twitter:label1\" content=\"\u00c9crit par\" \/>\n\t<meta name=\"twitter:data1\" content=\"Julien\" \/>\n\t<meta name=\"twitter:label2\" content=\"Dur\u00e9e de lecture est.\" \/>\n\t<meta name=\"twitter:data2\" content=\"2 minutes\" \/>\n<script type=\"application\/ld+json\" class=\"yoast-schema-graph\">{\"@context\":\"https:\/\/schema.org\",\"@graph\":[{\"@type\":\"Article\",\"@id\":\"https:\/\/vieassociative.be\/actualites\/oura-poursuit-davantage-de-fabricants-de-bagues-intelligentes\/#article\",\"isPartOf\":{\"@id\":\"https:\/\/vieassociative.be\/actualites\/oura-poursuit-davantage-de-fabricants-de-bagues-intelligentes\/\"},\"author\":{\"name\":\"Julien\",\"@id\":\"https:\/\/vieassociative.be\/actualites\/#\/schema\/person\/b87ac4f82f9d4e7b7cec7395b679edc4\"},\"headline\":\"Oura poursuit davantage de fabricants de bagues intelligentes\",\"datePublished\":\"2025-11-21T01:17:43+00:00\",\"dateModified\":\"2025-11-21T01:17:43+00:00\",\"mainEntityOfPage\":{\"@id\":\"https:\/\/vieassociative.be\/actualites\/oura-poursuit-davantage-de-fabricants-de-bagues-intelligentes\/\"},\"wordCount\":454,\"publisher\":{\"@id\":\"https:\/\/vieassociative.be\/actualites\/#organization\"},\"image\":{\"@id\":\"https:\/\/vieassociative.be\/actualites\/oura-poursuit-davantage-de-fabricants-de-bagues-intelligentes\/#primaryimage\"},\"thumbnailUrl\":\"https:\/\/vieassociative.be\/actualites\/wp-content\/uploads\/2025\/11\/Oura-poursuit-davantage-de-fabricants-de-bagues-intelligentes.jpg\",\"keywords\":[\"bagues\",\"davantage\",\"fabricants\",\"intelligentes\",\"Oura\",\"poursuit\"],\"articleSection\":[\"Sant\u00e9\"],\"inLanguage\":\"fr-BE\"},{\"@type\":\"WebPage\",\"@id\":\"https:\/\/vieassociative.be\/actualites\/oura-poursuit-davantage-de-fabricants-de-bagues-intelligentes\/\",\"url\":\"https:\/\/vieassociative.be\/actualites\/oura-poursuit-davantage-de-fabricants-de-bagues-intelligentes\/\",\"name\":\"Oura poursuit davantage de fabricants de bagues intelligentes | Vie Associative\",\"isPartOf\":{\"@id\":\"https:\/\/vieassociative.be\/actualites\/#website\"},\"primaryImageOfPage\":{\"@id\":\"https:\/\/vieassociative.be\/actualites\/oura-poursuit-davantage-de-fabricants-de-bagues-intelligentes\/#primaryimage\"},\"image\":{\"@id\":\"https:\/\/vieassociative.be\/actualites\/oura-poursuit-davantage-de-fabricants-de-bagues-intelligentes\/#primaryimage\"},\"thumbnailUrl\":\"https:\/\/vieassociative.be\/actualites\/wp-content\/uploads\/2025\/11\/Oura-poursuit-davantage-de-fabricants-de-bagues-intelligentes.jpg\",\"datePublished\":\"2025-11-21T01:17:43+00:00\",\"dateModified\":\"2025-11-21T01:17:43+00:00\",\"breadcrumb\":{\"@id\":\"https:\/\/vieassociative.be\/actualites\/oura-poursuit-davantage-de-fabricants-de-bagues-intelligentes\/#breadcrumb\"},\"inLanguage\":\"fr-BE\",\"potentialAction\":[{\"@type\":\"ReadAction\",\"target\":[\"https:\/\/vieassociative.be\/actualites\/oura-poursuit-davantage-de-fabricants-de-bagues-intelligentes\/\"]}]},{\"@type\":\"ImageObject\",\"inLanguage\":\"fr-BE\",\"@id\":\"https:\/\/vieassociative.be\/actualites\/oura-poursuit-davantage-de-fabricants-de-bagues-intelligentes\/#primaryimage\",\"url\":\"https:\/\/vieassociative.be\/actualites\/wp-content\/uploads\/2025\/11\/Oura-poursuit-davantage-de-fabricants-de-bagues-intelligentes.jpg\",\"contentUrl\":\"https:\/\/vieassociative.be\/actualites\/wp-content\/uploads\/2025\/11\/Oura-poursuit-davantage-de-fabricants-de-bagues-intelligentes.jpg\",\"width\":1200,\"height\":675,\"caption\":\"Oura poursuit davantage de fabricants de bagues intelligentes\"},{\"@type\":\"BreadcrumbList\",\"@id\":\"https:\/\/vieassociative.be\/actualites\/oura-poursuit-davantage-de-fabricants-de-bagues-intelligentes\/#breadcrumb\",\"itemListElement\":[{\"@type\":\"ListItem\",\"position\":1,\"name\":\"Accueil\",\"item\":\"https:\/\/vieassociative.be\/actualites\/\"},{\"@type\":\"ListItem\",\"position\":2,\"name\":\"Oura poursuit davantage de fabricants de bagues intelligentes\"}]},{\"@type\":\"WebSite\",\"@id\":\"https:\/\/vieassociative.be\/actualites\/#website\",\"url\":\"https:\/\/vieassociative.be\/actualites\/\",\"name\":\"Vie Associative\",\"description\":\"\",\"publisher\":{\"@id\":\"https:\/\/vieassociative.be\/actualites\/#organization\"},\"potentialAction\":[{\"@type\":\"SearchAction\",\"target\":{\"@type\":\"EntryPoint\",\"urlTemplate\":\"https:\/\/vieassociative.be\/actualites\/?s={search_term_string}\"},\"query-input\":{\"@type\":\"PropertyValueSpecification\",\"valueRequired\":true,\"valueName\":\"search_term_string\"}}],\"inLanguage\":\"fr-BE\"},{\"@type\":\"Organization\",\"@id\":\"https:\/\/vieassociative.be\/actualites\/#organization\",\"name\":\"Vie Associative\",\"url\":\"https:\/\/vieassociative.be\/actualites\/\",\"logo\":{\"@type\":\"ImageObject\",\"inLanguage\":\"fr-BE\",\"@id\":\"https:\/\/vieassociative.be\/actualites\/#\/schema\/logo\/image\/\",\"url\":\"https:\/\/vieassociative.be\/actualites\/wp-content\/uploads\/2024\/09\/cropped-vieassociative_favicon.ico.png\",\"contentUrl\":\"https:\/\/vieassociative.be\/actualites\/wp-content\/uploads\/2024\/09\/cropped-vieassociative_favicon.ico.png\",\"width\":512,\"height\":512,\"caption\":\"Vie Associative\"},\"image\":{\"@id\":\"https:\/\/vieassociative.be\/actualites\/#\/schema\/logo\/image\/\"}},{\"@type\":\"Person\",\"@id\":\"https:\/\/vieassociative.be\/actualites\/#\/schema\/person\/b87ac4f82f9d4e7b7cec7395b679edc4\",\"name\":\"Julien\",\"image\":{\"@type\":\"ImageObject\",\"inLanguage\":\"fr-BE\",\"@id\":\"https:\/\/vieassociative.be\/actualites\/#\/schema\/person\/image\/\",\"url\":\"https:\/\/vieassociative.be\/actualites\/wp-content\/uploads\/2024\/09\/vie-associative-1-150x150.jpg\",\"contentUrl\":\"https:\/\/vieassociative.be\/actualites\/wp-content\/uploads\/2024\/09\/vie-associative-1-150x150.jpg\",\"caption\":\"Julien\"},\"description\":\"Je suis Julien, r\u00e9dacteur pour Vie Associative. Passionn\u00e9 par le monde associatif depuis plus de 10 ans, j'ai \u00e0 c\u0153ur de partager des histoires inspirantes et de mettre en lumi\u00e8re les initiatives locales. Mon objectif est de sensibiliser et d'encourager l'engagement communautaire \u00e0 travers mes articles.\",\"sameAs\":[\"https:\/\/vieassociative.be\/\"]}]}<\/script>\n<!-- \/ Yoast SEO plugin. -->","yoast_head_json":{"title":"Oura poursuit davantage de fabricants de bagues intelligentes | Vie Associative","robots":{"index":"index","follow":"follow","max-snippet":"max-snippet:-1","max-image-preview":"max-image-preview:large","max-video-preview":"max-video-preview:-1"},"canonical":"https:\/\/vieassociative.be\/actualites\/oura-poursuit-davantage-de-fabricants-de-bagues-intelligentes\/","og_locale":"fr_FR","og_type":"article","og_title":"Oura poursuit davantage de fabricants de bagues intelligentes | Vie Associative","og_description":"Il s&rsquo;agit notamment des fabricants du Samsung Galaxy Ring, du Reebok Smart Ring, de l&rsquo;Amazfit Helio Ring et du Luna Ring. Il y a quelques","og_url":"https:\/\/vieassociative.be\/actualites\/oura-poursuit-davantage-de-fabricants-de-bagues-intelligentes\/","og_site_name":"Vie Associative","article_published_time":"2025-11-21T01:17:43+00:00","og_image":[{"url":"https:\/\/vieassociative.be\/actualites\/wp-content\/uploads\/2025\/09\/1757726237_608_Meta-pourrait-devoiler-une-montre-intelligente-pour-controler-ses-lunettes.jpg","type":"","width":"","height":""}],"author":"Julien","twitter_card":"summary_large_image","twitter_misc":{"\u00c9crit par":"Julien","Dur\u00e9e de lecture est.":"2 minutes"},"schema":{"@context":"https:\/\/schema.org","@graph":[{"@type":"Article","@id":"https:\/\/vieassociative.be\/actualites\/oura-poursuit-davantage-de-fabricants-de-bagues-intelligentes\/#article","isPartOf":{"@id":"https:\/\/vieassociative.be\/actualites\/oura-poursuit-davantage-de-fabricants-de-bagues-intelligentes\/"},"author":{"name":"Julien","@id":"https:\/\/vieassociative.be\/actualites\/#\/schema\/person\/b87ac4f82f9d4e7b7cec7395b679edc4"},"headline":"Oura poursuit davantage de fabricants de bagues intelligentes","datePublished":"2025-11-21T01:17:43+00:00","dateModified":"2025-11-21T01:17:43+00:00","mainEntityOfPage":{"@id":"https:\/\/vieassociative.be\/actualites\/oura-poursuit-davantage-de-fabricants-de-bagues-intelligentes\/"},"wordCount":454,"publisher":{"@id":"https:\/\/vieassociative.be\/actualites\/#organization"},"image":{"@id":"https:\/\/vieassociative.be\/actualites\/oura-poursuit-davantage-de-fabricants-de-bagues-intelligentes\/#primaryimage"},"thumbnailUrl":"https:\/\/vieassociative.be\/actualites\/wp-content\/uploads\/2025\/11\/Oura-poursuit-davantage-de-fabricants-de-bagues-intelligentes.jpg","keywords":["bagues","davantage","fabricants","intelligentes","Oura","poursuit"],"articleSection":["Sant\u00e9"],"inLanguage":"fr-BE"},{"@type":"WebPage","@id":"https:\/\/vieassociative.be\/actualites\/oura-poursuit-davantage-de-fabricants-de-bagues-intelligentes\/","url":"https:\/\/vieassociative.be\/actualites\/oura-poursuit-davantage-de-fabricants-de-bagues-intelligentes\/","name":"Oura poursuit davantage de fabricants de bagues intelligentes | Vie Associative","isPartOf":{"@id":"https:\/\/vieassociative.be\/actualites\/#website"},"primaryImageOfPage":{"@id":"https:\/\/vieassociative.be\/actualites\/oura-poursuit-davantage-de-fabricants-de-bagues-intelligentes\/#primaryimage"},"image":{"@id":"https:\/\/vieassociative.be\/actualites\/oura-poursuit-davantage-de-fabricants-de-bagues-intelligentes\/#primaryimage"},"thumbnailUrl":"https:\/\/vieassociative.be\/actualites\/wp-content\/uploads\/2025\/11\/Oura-poursuit-davantage-de-fabricants-de-bagues-intelligentes.jpg","datePublished":"2025-11-21T01:17:43+00:00","dateModified":"2025-11-21T01:17:43+00:00","breadcrumb":{"@id":"https:\/\/vieassociative.be\/actualites\/oura-poursuit-davantage-de-fabricants-de-bagues-intelligentes\/#breadcrumb"},"inLanguage":"fr-BE","potentialAction":[{"@type":"ReadAction","target":["https:\/\/vieassociative.be\/actualites\/oura-poursuit-davantage-de-fabricants-de-bagues-intelligentes\/"]}]},{"@type":"ImageObject","inLanguage":"fr-BE","@id":"https:\/\/vieassociative.be\/actualites\/oura-poursuit-davantage-de-fabricants-de-bagues-intelligentes\/#primaryimage","url":"https:\/\/vieassociative.be\/actualites\/wp-content\/uploads\/2025\/11\/Oura-poursuit-davantage-de-fabricants-de-bagues-intelligentes.jpg","contentUrl":"https:\/\/vieassociative.be\/actualites\/wp-content\/uploads\/2025\/11\/Oura-poursuit-davantage-de-fabricants-de-bagues-intelligentes.jpg","width":1200,"height":675,"caption":"Oura poursuit davantage de fabricants de bagues intelligentes"},{"@type":"BreadcrumbList","@id":"https:\/\/vieassociative.be\/actualites\/oura-poursuit-davantage-de-fabricants-de-bagues-intelligentes\/#breadcrumb","itemListElement":[{"@type":"ListItem","position":1,"name":"Accueil","item":"https:\/\/vieassociative.be\/actualites\/"},{"@type":"ListItem","position":2,"name":"Oura poursuit davantage de fabricants de bagues intelligentes"}]},{"@type":"WebSite","@id":"https:\/\/vieassociative.be\/actualites\/#website","url":"https:\/\/vieassociative.be\/actualites\/","name":"Vie Associative","description":"","publisher":{"@id":"https:\/\/vieassociative.be\/actualites\/#organization"},"potentialAction":[{"@type":"SearchAction","target":{"@type":"EntryPoint","urlTemplate":"https:\/\/vieassociative.be\/actualites\/?s={search_term_string}"},"query-input":{"@type":"PropertyValueSpecification","valueRequired":true,"valueName":"search_term_string"}}],"inLanguage":"fr-BE"},{"@type":"Organization","@id":"https:\/\/vieassociative.be\/actualites\/#organization","name":"Vie Associative","url":"https:\/\/vieassociative.be\/actualites\/","logo":{"@type":"ImageObject","inLanguage":"fr-BE","@id":"https:\/\/vieassociative.be\/actualites\/#\/schema\/logo\/image\/","url":"https:\/\/vieassociative.be\/actualites\/wp-content\/uploads\/2024\/09\/cropped-vieassociative_favicon.ico.png","contentUrl":"https:\/\/vieassociative.be\/actualites\/wp-content\/uploads\/2024\/09\/cropped-vieassociative_favicon.ico.png","width":512,"height":512,"caption":"Vie Associative"},"image":{"@id":"https:\/\/vieassociative.be\/actualites\/#\/schema\/logo\/image\/"}},{"@type":"Person","@id":"https:\/\/vieassociative.be\/actualites\/#\/schema\/person\/b87ac4f82f9d4e7b7cec7395b679edc4","name":"Julien","image":{"@type":"ImageObject","inLanguage":"fr-BE","@id":"https:\/\/vieassociative.be\/actualites\/#\/schema\/person\/image\/","url":"https:\/\/vieassociative.be\/actualites\/wp-content\/uploads\/2024\/09\/vie-associative-1-150x150.jpg","contentUrl":"https:\/\/vieassociative.be\/actualites\/wp-content\/uploads\/2024\/09\/vie-associative-1-150x150.jpg","caption":"Julien"},"description":"Je suis Julien, r\u00e9dacteur pour Vie Associative. Passionn\u00e9 par le monde associatif depuis plus de 10 ans, j'ai \u00e0 c\u0153ur de partager des histoires inspirantes et de mettre en lumi\u00e8re les initiatives locales. Mon objectif est de sensibiliser et d'encourager l'engagement communautaire \u00e0 travers mes articles.","sameAs":["https:\/\/vieassociative.be\/"]}]}},"_links":{"self":[{"href":"https:\/\/vieassociative.be\/actualites\/wp-json\/wp\/v2\/posts\/11444"}],"collection":[{"href":"https:\/\/vieassociative.be\/actualites\/wp-json\/wp\/v2\/posts"}],"about":[{"href":"https:\/\/vieassociative.be\/actualites\/wp-json\/wp\/v2\/types\/post"}],"author":[{"embeddable":true,"href":"https:\/\/vieassociative.be\/actualites\/wp-json\/wp\/v2\/users\/1"}],"replies":[{"embeddable":true,"href":"https:\/\/vieassociative.be\/actualites\/wp-json\/wp\/v2\/comments?post=11444"}],"version-history":[{"count":0,"href":"https:\/\/vieassociative.be\/actualites\/wp-json\/wp\/v2\/posts\/11444\/revisions"}],"wp:featuredmedia":[{"embeddable":true,"href":"https:\/\/vieassociative.be\/actualites\/wp-json\/wp\/v2\/media\/11445"}],"wp:attachment":[{"href":"https:\/\/vieassociative.be\/actualites\/wp-json\/wp\/v2\/media?parent=11444"}],"wp:term":[{"taxonomy":"category","embeddable":true,"href":"https:\/\/vieassociative.be\/actualites\/wp-json\/wp\/v2\/categories?post=11444"},{"taxonomy":"post_tag","embeddable":true,"href":"https:\/\/vieassociative.be\/actualites\/wp-json\/wp\/v2\/tags?post=11444"}],"curies":[{"name":"wp","href":"https:\/\/api.w.org\/{rel}","templated":true}]}}