{"id":11440,"date":"2025-11-20T21:17:56","date_gmt":"2025-11-20T20:17:56","guid":{"rendered":"https:\/\/vieassociative.be\/actualites\/en-tant-que-finaliste-la-belgique-aurait-dabord-du-jouer-contre-la-bosnie-herzegovine-et-probablement-contre-litalie-en-finale\/"},"modified":"2025-11-20T21:17:56","modified_gmt":"2025-11-20T20:17:56","slug":"en-tant-que-finaliste-la-belgique-aurait-dabord-du-jouer-contre-la-bosnie-herzegovine-et-probablement-contre-litalie-en-finale","status":"publish","type":"post","link":"https:\/\/vieassociative.be\/actualites\/en-tant-que-finaliste-la-belgique-aurait-dabord-du-jouer-contre-la-bosnie-herzegovine-et-probablement-contre-litalie-en-finale\/","title":{"rendered":"En tant que finaliste, la Belgique aurait d&rsquo;abord d\u00fb jouer contre la Bosnie-Herz\u00e9govine et probablement contre l&rsquo;Italie en finale."},"content":{"rendered":"<p><strong>L&rsquo;\u00e9quipe nationale belge de football peut \u00eatre tr\u00e8s heureuse d&rsquo;avoir \u00e9t\u00e9 \u00e9pargn\u00e9e des s\u00e9ries \u00e9liminatoires, qu&rsquo;elle aurait d\u00fb disputer en tant que deuxi\u00e8me du groupe. Les Diables Rouges auraient d&rsquo;abord affront\u00e9 la Bosnie-Herz\u00e9govine en mars 2026 puis tr\u00e8s probablement l&rsquo;Italie.<\/strong><\/p>\n<p><span id=\"more-430087\"><\/span>Alors que la Belgique peut d\u00e9j\u00e0 r\u00e9server pour la Coupe du monde, l&rsquo;Italie doit s&rsquo;inqui\u00e9ter. L&rsquo;\u00e9quipe dirig\u00e9e par l&rsquo;entra\u00eeneur Gennaro Gattuso conna\u00eet un d\u00e9but de s\u00e9ries \u00e9liminatoires r\u00e9alisable, mais elle est menac\u00e9e par un sc\u00e9nario final d\u00e9licat.<\/p>\n<p>L&rsquo;\u00e9quipe de l&rsquo;entra\u00eeneur Gennaro Gattuso affrontera l&rsquo;Irlande du Nord le 26 mars, selon le slogan mod\u00e9r\u00e9 par le pr\u00e9sident Gianni Infantino au si\u00e8ge de la FIFA. L&rsquo;Italie \u00e9vite ainsi un nouveau duel avec la Su\u00e8de ou la Mac\u00e9doine du Nord. La fi\u00e8re nation du football a \u00e9chou\u00e9 lors des s\u00e9ries \u00e9liminatoires avant la Coupe du monde 2018 et la Coupe du monde 2022 \u00e0 cause de ces deux adversaires.<\/p>\n<div id=\"attachment_430096\" class=\"wp-caption alignleft\" style=\"max-width: 300px\"><img fetchpriority=\"high\" decoding=\"async\" class=\"wp-image-430096 size-medium\" src=\"https:\/\/vieassociative.be\/actualites\/wp-content\/uploads\/2025\/11\/En-tant-que-finaliste-la-Belgique-aurait-dabord-du-jouer.jpg\" alt=\"\" width=\"300\" height=\"200\"><\/div>\n<p>En finale de leur voie A des \u00e9liminatoires, les Italiens affronteront le Pays de Galles ou la Bosnie-Herz\u00e9govine s&rsquo;ils r\u00e9ussissent en demi-finale. L&rsquo;\u00e9quipe locale, qui a \u00e9galement \u00e9t\u00e9 tir\u00e9e au sort, ira au vainqueur du match entre le Pays de Galles et la Bosnie-Herz\u00e9govine en finale le 31 mars. L&rsquo;Italie affronte donc une finale d\u00e9licate \u00e0 Cardiff.<\/p>\n<p>Dans la voie B, l&rsquo;Ukraine et la Su\u00e8de ainsi que la Pologne et l&rsquo;Albanie se rencontrent en premier. La Turquie accueille la Roumanie dans la voie C avant que le vainqueur n&rsquo;affronte la Slovaquie ou le Kosovo en finale.<\/p>\n<p>Le chemin D am\u00e8ne dans un premier temps des rencontres entre le Danemark et la Mac\u00e9doine du Nord ainsi que la R\u00e9publique tch\u00e8que et l&rsquo;Irlande. Comme l&rsquo;Italie, les Turcs et les Danois devraient \u00e9galement disputer une \u00e9ventuelle finale \u00e0 l&rsquo;ext\u00e9rieur.<\/p>\n<p>En plus des quatre places pour l&rsquo;Europe, deux billets pour le tournoi intercontinental des \u00e9liminatoires seront attribu\u00e9s entre le 23 et le 31 mars. Les six \u00e9quipes seront tir\u00e9es au sort lors du tirage au sort de la Coupe du monde le 5 d\u00e9cembre (18h00\/CET) \u00e0 Washington. Les matchs pour l&rsquo;\u00e9limination intercontinentale ont \u00e9galement \u00e9t\u00e9 tir\u00e9s au sort jeudi \u00e0 Zurich.<\/p>\n<p>Dans Path 1, il y a d&rsquo;abord un duel entre la Nouvelle-Cal\u00e9donie et la Jama\u00efque. Le vainqueur affrontera le repr\u00e9sentant africain de la RD Congo en finale, et le vainqueur final ira \u00e0 la Coupe du Monde. Il en va de m\u00eame pour la voie 2, o\u00f9 la Bolivie et le Suriname se rencontrent pour la premi\u00e8re fois. Le vainqueur affrontera l&rsquo;Irak en finale. Les jeux auront lieu dans les villes mexicaines de Guadalajara et Monterrey. (dpa\/cr\u00e9)<\/p>\n<p><strong>Tirage au sort des qualifications pour la Coupe du Monde, barrages, demi-finale (26\/03\/2026) :<\/strong><\/p>\n<ul>\n<li>Italie \u2013 Irlande du Nord<\/li>\n<li>Pays de Galles \u2013 Bosnie-Herzeg.<\/li>\n<li>Ukraine \u2013 Su\u00e8de<\/li>\n<li>Pologne \u2013 Albanie<\/li>\n<li>Turquie \u2013 Roumanie<\/li>\n<li>Slovaquie \u2013 Kosovo<\/li>\n<li>Danemark \u2013 Mac\u00e9doine du Nord<\/li>\n<li>R\u00e9publique tch\u00e8que \u2013 Irlande<\/li>\n<\/ul>\n<p><strong>Tirage au sort des qualifications pour la Coupe du monde, barrages, finale (31 mars 2026) :<\/strong><\/p>\n<ul>\n<li>Pays de Galles\/Bosnie-Herz\u00e9govine \u2013 Italie\/Irlande du Nord<\/li>\n<li>Ukraine\/Su\u00e8de \u2013 Pologne\/Albanie<\/li>\n<li>Slovaquie\/Kosovo \u2013 Turquie\/Roumanie<\/li>\n<li>R\u00e9publique tch\u00e8que\/Irlande \u2013 Danemark\/Mac\u00e9doine du Nord<\/li>\n<\/ul>\n<p><em><strong>Sur le sujet, voir aussi l&rsquo;article suivant sur l&rsquo;OD :<\/strong><\/em><\/p>\n<div class=\"responsive-embed widescreen\">\n<blockquote class=\"wp-embedded-content\" data-secret=\"FuXWM0RIZq\">\n<p>Coupe du monde de football 2026\u00a0: 42 des 48 participants ont d\u00e9j\u00e0 \u00e9t\u00e9 d\u00e9termin\u00e9s \u2013 \u00e0 qui les Diables Rouges pourraient affronter (Questions et r\u00e9ponses)<\/p>\n<\/blockquote>\n<p><iframe loading=\"lazy\" class=\"wp-embedded-content\" sandbox=\"allow-scripts\" security=\"restricted\" style=\"position: absolute; visibility: hidden;\" title=\"\u201eFu\u00dfball-WM 2026: 42 der 48 Teilnehmer stehen bereits fest \u2013 Auf wen die Roten Teufel treffen k\u00f6nnten (Fragen &amp; Antworten)\u201c \u2013 Ostbelgien Direkt\" src=\"https:\/\/ostbelgiendirekt.be\/about:blank\" data-secret=\"FuXWM0RIZq\" width=\"500\" height=\"282\" frameborder=\"0\" marginwidth=\"0\" marginheight=\"0\" scrolling=\"no\" data-rocket-lazyload=\"fitvidscompatible\" data-lazy-src=\"https:\/\/ostbelgiendirekt.be\/wm-2026-fragen-antworten-429986\/embed#?secret=wlfhmx8y8v#?secret=FuXWM0RIZq\"><\/iframe><noscript><iframe class=\"wp-embedded-content\" sandbox=\"allow-scripts\" security=\"restricted\" style=\"position: absolute; visibility: hidden;\" title=\"\u201eFu\u00dfball-WM 2026: 42 der 48 Teilnehmer stehen bereits fest \u2013 Auf wen die Roten Teufel treffen k\u00f6nnten (Fragen &amp; Antworten)\u201c \u2013 Ostbelgien Direkt\" src=\"https:\/\/ostbelgiendirekt.be\/wm-2026-fragen-antworten-429986\/embed#?secret=wlfhmx8y8v#?secret=FuXWM0RIZq\" data-secret=\"FuXWM0RIZq\" width=\"500\" height=\"282\" frameborder=\"0\" marginwidth=\"0\" marginheight=\"0\" scrolling=\"no\"><\/iframe><\/noscript><\/p>\n<\/div>\n","protected":false},"excerpt":{"rendered":"<p>L&rsquo;\u00e9quipe nationale belge de football peut \u00eatre tr\u00e8s heureuse d&rsquo;avoir \u00e9t\u00e9 \u00e9pargn\u00e9e des s\u00e9ries \u00e9liminatoires, qu&rsquo;elle aurait d\u00fb disputer en tant que deuxi\u00e8me du groupe.<\/p>\n","protected":false},"author":1,"featured_media":11441,"comment_status":"","ping_status":"","sticky":false,"template":"","format":"standard","meta":{"footnotes":""},"categories":[298],"tags":[5252,383,9305,796,6645,4894,879,9304,148,3003,419,1745],"class_list":["post-11440","post","type-post","status-publish","format-standard","has-post-thumbnail","hentry","category-belgique","tag-aurait","tag-belgique","tag-bosnieherzegovine","tag-contre","tag-dabord","tag-du","tag-finale","tag-finaliste","tag-jouer","tag-litalie","tag-probablement","tag-tant","generate-columns","tablet-grid-50","mobile-grid-100","grid-parent","grid-33"],"yoast_head":"<!-- This site is optimized with the Yoast SEO plugin v24.0 - https:\/\/yoast.com\/wordpress\/plugins\/seo\/ -->\n<title>En tant que finaliste, la Belgique aurait d&#039;abord d\u00fb jouer contre la Bosnie-Herz\u00e9govine et probablement contre l&#039;Italie en finale. | Vie Associative<\/title>\n<meta name=\"robots\" content=\"index, follow, max-snippet:-1, max-image-preview:large, max-video-preview:-1\" \/>\n<link rel=\"canonical\" href=\"https:\/\/vieassociative.be\/actualites\/en-tant-que-finaliste-la-belgique-aurait-dabord-du-jouer-contre-la-bosnie-herzegovine-et-probablement-contre-litalie-en-finale\/\" \/>\n<meta property=\"og:locale\" content=\"fr_FR\" \/>\n<meta property=\"og:type\" content=\"article\" \/>\n<meta property=\"og:title\" content=\"En tant que finaliste, la Belgique aurait d&#039;abord d\u00fb jouer contre la Bosnie-Herz\u00e9govine et probablement contre l&#039;Italie en finale. | Vie Associative\" \/>\n<meta property=\"og:description\" content=\"L&rsquo;\u00e9quipe nationale belge de football peut \u00eatre tr\u00e8s heureuse d&rsquo;avoir \u00e9t\u00e9 \u00e9pargn\u00e9e des s\u00e9ries \u00e9liminatoires, qu&rsquo;elle aurait d\u00fb disputer en tant que deuxi\u00e8me du groupe.\" \/>\n<meta property=\"og:url\" content=\"https:\/\/vieassociative.be\/actualites\/en-tant-que-finaliste-la-belgique-aurait-dabord-du-jouer-contre-la-bosnie-herzegovine-et-probablement-contre-litalie-en-finale\/\" \/>\n<meta property=\"og:site_name\" content=\"Vie Associative\" \/>\n<meta property=\"article:published_time\" content=\"2025-11-20T20:17:56+00:00\" \/>\n<meta property=\"og:image\" content=\"https:\/\/vieassociative.be\/actualites\/wp-content\/uploads\/2024\/09\/header_backgroundk-01-e1726694325946.png\" \/>\n\t<meta property=\"og:image:width\" content=\"279\" \/>\n\t<meta property=\"og:image:height\" content=\"92\" \/>\n\t<meta property=\"og:image:type\" content=\"image\/png\" \/>\n<meta name=\"author\" content=\"Julien\" \/>\n<meta name=\"twitter:card\" content=\"summary_large_image\" \/>\n<meta name=\"twitter:label1\" content=\"\u00c9crit par\" \/>\n\t<meta name=\"twitter:data1\" content=\"Julien\" \/>\n\t<meta name=\"twitter:label2\" content=\"Dur\u00e9e de lecture est.\" \/>\n\t<meta name=\"twitter:data2\" content=\"3 minutes\" \/>\n<script type=\"application\/ld+json\" class=\"yoast-schema-graph\">{\"@context\":\"https:\/\/schema.org\",\"@graph\":[{\"@type\":\"Article\",\"@id\":\"https:\/\/vieassociative.be\/actualites\/en-tant-que-finaliste-la-belgique-aurait-dabord-du-jouer-contre-la-bosnie-herzegovine-et-probablement-contre-litalie-en-finale\/#article\",\"isPartOf\":{\"@id\":\"https:\/\/vieassociative.be\/actualites\/en-tant-que-finaliste-la-belgique-aurait-dabord-du-jouer-contre-la-bosnie-herzegovine-et-probablement-contre-litalie-en-finale\/\"},\"author\":{\"name\":\"Julien\",\"@id\":\"https:\/\/vieassociative.be\/actualites\/#\/schema\/person\/b87ac4f82f9d4e7b7cec7395b679edc4\"},\"headline\":\"En tant que finaliste, la Belgique aurait d&rsquo;abord d\u00fb jouer contre la Bosnie-Herz\u00e9govine et probablement contre l&rsquo;Italie en finale.\",\"datePublished\":\"2025-11-20T20:17:56+00:00\",\"dateModified\":\"2025-11-20T20:17:56+00:00\",\"mainEntityOfPage\":{\"@id\":\"https:\/\/vieassociative.be\/actualites\/en-tant-que-finaliste-la-belgique-aurait-dabord-du-jouer-contre-la-bosnie-herzegovine-et-probablement-contre-litalie-en-finale\/\"},\"wordCount\":615,\"publisher\":{\"@id\":\"https:\/\/vieassociative.be\/actualites\/#organization\"},\"image\":{\"@id\":\"https:\/\/vieassociative.be\/actualites\/en-tant-que-finaliste-la-belgique-aurait-dabord-du-jouer-contre-la-bosnie-herzegovine-et-probablement-contre-litalie-en-finale\/#primaryimage\"},\"thumbnailUrl\":\"https:\/\/vieassociative.be\/actualites\/wp-content\/uploads\/2025\/11\/1763669877_En-tant-que-finaliste-la-Belgique-aurait-dabord-du-jouer.jpg\",\"keywords\":[\"aurait\",\"Belgique\",\"BosnieHerz\u00e9govine\",\"contre\",\"dabord\",\"d\u00fb\",\"finale\",\"finaliste\",\"jouer\",\"lItalie\",\"probablement\",\"tant\"],\"articleSection\":[\"Belgique\"],\"inLanguage\":\"fr-BE\"},{\"@type\":\"WebPage\",\"@id\":\"https:\/\/vieassociative.be\/actualites\/en-tant-que-finaliste-la-belgique-aurait-dabord-du-jouer-contre-la-bosnie-herzegovine-et-probablement-contre-litalie-en-finale\/\",\"url\":\"https:\/\/vieassociative.be\/actualites\/en-tant-que-finaliste-la-belgique-aurait-dabord-du-jouer-contre-la-bosnie-herzegovine-et-probablement-contre-litalie-en-finale\/\",\"name\":\"En tant que finaliste, la Belgique aurait d'abord d\u00fb jouer contre la Bosnie-Herz\u00e9govine et probablement contre l'Italie en finale. | Vie Associative\",\"isPartOf\":{\"@id\":\"https:\/\/vieassociative.be\/actualites\/#website\"},\"primaryImageOfPage\":{\"@id\":\"https:\/\/vieassociative.be\/actualites\/en-tant-que-finaliste-la-belgique-aurait-dabord-du-jouer-contre-la-bosnie-herzegovine-et-probablement-contre-litalie-en-finale\/#primaryimage\"},\"image\":{\"@id\":\"https:\/\/vieassociative.be\/actualites\/en-tant-que-finaliste-la-belgique-aurait-dabord-du-jouer-contre-la-bosnie-herzegovine-et-probablement-contre-litalie-en-finale\/#primaryimage\"},\"thumbnailUrl\":\"https:\/\/vieassociative.be\/actualites\/wp-content\/uploads\/2025\/11\/1763669877_En-tant-que-finaliste-la-Belgique-aurait-dabord-du-jouer.jpg\",\"datePublished\":\"2025-11-20T20:17:56+00:00\",\"dateModified\":\"2025-11-20T20:17:56+00:00\",\"breadcrumb\":{\"@id\":\"https:\/\/vieassociative.be\/actualites\/en-tant-que-finaliste-la-belgique-aurait-dabord-du-jouer-contre-la-bosnie-herzegovine-et-probablement-contre-litalie-en-finale\/#breadcrumb\"},\"inLanguage\":\"fr-BE\",\"potentialAction\":[{\"@type\":\"ReadAction\",\"target\":[\"https:\/\/vieassociative.be\/actualites\/en-tant-que-finaliste-la-belgique-aurait-dabord-du-jouer-contre-la-bosnie-herzegovine-et-probablement-contre-litalie-en-finale\/\"]}]},{\"@type\":\"ImageObject\",\"inLanguage\":\"fr-BE\",\"@id\":\"https:\/\/vieassociative.be\/actualites\/en-tant-que-finaliste-la-belgique-aurait-dabord-du-jouer-contre-la-bosnie-herzegovine-et-probablement-contre-litalie-en-finale\/#primaryimage\",\"url\":\"https:\/\/vieassociative.be\/actualites\/wp-content\/uploads\/2025\/11\/1763669877_En-tant-que-finaliste-la-Belgique-aurait-dabord-du-jouer.jpg\",\"contentUrl\":\"https:\/\/vieassociative.be\/actualites\/wp-content\/uploads\/2025\/11\/1763669877_En-tant-que-finaliste-la-Belgique-aurait-dabord-du-jouer.jpg\",\"width\":1200,\"height\":800,\"caption\":\"En tant que finaliste, la Belgique aurait d'abord d\u00fb jouer contre la Bosnie-Herz\u00e9govine et probablement contre l'Italie en finale.\"},{\"@type\":\"BreadcrumbList\",\"@id\":\"https:\/\/vieassociative.be\/actualites\/en-tant-que-finaliste-la-belgique-aurait-dabord-du-jouer-contre-la-bosnie-herzegovine-et-probablement-contre-litalie-en-finale\/#breadcrumb\",\"itemListElement\":[{\"@type\":\"ListItem\",\"position\":1,\"name\":\"Accueil\",\"item\":\"https:\/\/vieassociative.be\/actualites\/\"},{\"@type\":\"ListItem\",\"position\":2,\"name\":\"En tant que finaliste, la Belgique aurait d&rsquo;abord d\u00fb jouer contre la Bosnie-Herz\u00e9govine et probablement contre l&rsquo;Italie en finale.\"}]},{\"@type\":\"WebSite\",\"@id\":\"https:\/\/vieassociative.be\/actualites\/#website\",\"url\":\"https:\/\/vieassociative.be\/actualites\/\",\"name\":\"Vie Associative\",\"description\":\"\",\"publisher\":{\"@id\":\"https:\/\/vieassociative.be\/actualites\/#organization\"},\"potentialAction\":[{\"@type\":\"SearchAction\",\"target\":{\"@type\":\"EntryPoint\",\"urlTemplate\":\"https:\/\/vieassociative.be\/actualites\/?s={search_term_string}\"},\"query-input\":{\"@type\":\"PropertyValueSpecification\",\"valueRequired\":true,\"valueName\":\"search_term_string\"}}],\"inLanguage\":\"fr-BE\"},{\"@type\":\"Organization\",\"@id\":\"https:\/\/vieassociative.be\/actualites\/#organization\",\"name\":\"Vie Associative\",\"url\":\"https:\/\/vieassociative.be\/actualites\/\",\"logo\":{\"@type\":\"ImageObject\",\"inLanguage\":\"fr-BE\",\"@id\":\"https:\/\/vieassociative.be\/actualites\/#\/schema\/logo\/image\/\",\"url\":\"https:\/\/vieassociative.be\/actualites\/wp-content\/uploads\/2024\/09\/cropped-vieassociative_favicon.ico.png\",\"contentUrl\":\"https:\/\/vieassociative.be\/actualites\/wp-content\/uploads\/2024\/09\/cropped-vieassociative_favicon.ico.png\",\"width\":512,\"height\":512,\"caption\":\"Vie Associative\"},\"image\":{\"@id\":\"https:\/\/vieassociative.be\/actualites\/#\/schema\/logo\/image\/\"}},{\"@type\":\"Person\",\"@id\":\"https:\/\/vieassociative.be\/actualites\/#\/schema\/person\/b87ac4f82f9d4e7b7cec7395b679edc4\",\"name\":\"Julien\",\"image\":{\"@type\":\"ImageObject\",\"inLanguage\":\"fr-BE\",\"@id\":\"https:\/\/vieassociative.be\/actualites\/#\/schema\/person\/image\/\",\"url\":\"https:\/\/vieassociative.be\/actualites\/wp-content\/uploads\/2024\/09\/vie-associative-1-150x150.jpg\",\"contentUrl\":\"https:\/\/vieassociative.be\/actualites\/wp-content\/uploads\/2024\/09\/vie-associative-1-150x150.jpg\",\"caption\":\"Julien\"},\"description\":\"Je suis Julien, r\u00e9dacteur pour Vie Associative. Passionn\u00e9 par le monde associatif depuis plus de 10 ans, j'ai \u00e0 c\u0153ur de partager des histoires inspirantes et de mettre en lumi\u00e8re les initiatives locales. Mon objectif est de sensibiliser et d'encourager l'engagement communautaire \u00e0 travers mes articles.\",\"sameAs\":[\"https:\/\/vieassociative.be\/\"]}]}<\/script>\n<!-- \/ Yoast SEO plugin. -->","yoast_head_json":{"title":"En tant que finaliste, la Belgique aurait d'abord d\u00fb jouer contre la Bosnie-Herz\u00e9govine et probablement contre l'Italie en finale. | Vie Associative","robots":{"index":"index","follow":"follow","max-snippet":"max-snippet:-1","max-image-preview":"max-image-preview:large","max-video-preview":"max-video-preview:-1"},"canonical":"https:\/\/vieassociative.be\/actualites\/en-tant-que-finaliste-la-belgique-aurait-dabord-du-jouer-contre-la-bosnie-herzegovine-et-probablement-contre-litalie-en-finale\/","og_locale":"fr_FR","og_type":"article","og_title":"En tant que finaliste, la Belgique aurait d'abord d\u00fb jouer contre la Bosnie-Herz\u00e9govine et probablement contre l'Italie en finale. | Vie Associative","og_description":"L&rsquo;\u00e9quipe nationale belge de football peut \u00eatre tr\u00e8s heureuse d&rsquo;avoir \u00e9t\u00e9 \u00e9pargn\u00e9e des s\u00e9ries \u00e9liminatoires, qu&rsquo;elle aurait d\u00fb disputer en tant que deuxi\u00e8me du groupe.","og_url":"https:\/\/vieassociative.be\/actualites\/en-tant-que-finaliste-la-belgique-aurait-dabord-du-jouer-contre-la-bosnie-herzegovine-et-probablement-contre-litalie-en-finale\/","og_site_name":"Vie Associative","article_published_time":"2025-11-20T20:17:56+00:00","og_image":[{"width":279,"height":92,"url":"https:\/\/vieassociative.be\/actualites\/wp-content\/uploads\/2024\/09\/header_backgroundk-01-e1726694325946.png","type":"image\/png"}],"author":"Julien","twitter_card":"summary_large_image","twitter_misc":{"\u00c9crit par":"Julien","Dur\u00e9e de lecture est.":"3 minutes"},"schema":{"@context":"https:\/\/schema.org","@graph":[{"@type":"Article","@id":"https:\/\/vieassociative.be\/actualites\/en-tant-que-finaliste-la-belgique-aurait-dabord-du-jouer-contre-la-bosnie-herzegovine-et-probablement-contre-litalie-en-finale\/#article","isPartOf":{"@id":"https:\/\/vieassociative.be\/actualites\/en-tant-que-finaliste-la-belgique-aurait-dabord-du-jouer-contre-la-bosnie-herzegovine-et-probablement-contre-litalie-en-finale\/"},"author":{"name":"Julien","@id":"https:\/\/vieassociative.be\/actualites\/#\/schema\/person\/b87ac4f82f9d4e7b7cec7395b679edc4"},"headline":"En tant que finaliste, la Belgique aurait d&rsquo;abord d\u00fb jouer contre la Bosnie-Herz\u00e9govine et probablement contre l&rsquo;Italie en finale.","datePublished":"2025-11-20T20:17:56+00:00","dateModified":"2025-11-20T20:17:56+00:00","mainEntityOfPage":{"@id":"https:\/\/vieassociative.be\/actualites\/en-tant-que-finaliste-la-belgique-aurait-dabord-du-jouer-contre-la-bosnie-herzegovine-et-probablement-contre-litalie-en-finale\/"},"wordCount":615,"publisher":{"@id":"https:\/\/vieassociative.be\/actualites\/#organization"},"image":{"@id":"https:\/\/vieassociative.be\/actualites\/en-tant-que-finaliste-la-belgique-aurait-dabord-du-jouer-contre-la-bosnie-herzegovine-et-probablement-contre-litalie-en-finale\/#primaryimage"},"thumbnailUrl":"https:\/\/vieassociative.be\/actualites\/wp-content\/uploads\/2025\/11\/1763669877_En-tant-que-finaliste-la-Belgique-aurait-dabord-du-jouer.jpg","keywords":["aurait","Belgique","BosnieHerz\u00e9govine","contre","dabord","d\u00fb","finale","finaliste","jouer","lItalie","probablement","tant"],"articleSection":["Belgique"],"inLanguage":"fr-BE"},{"@type":"WebPage","@id":"https:\/\/vieassociative.be\/actualites\/en-tant-que-finaliste-la-belgique-aurait-dabord-du-jouer-contre-la-bosnie-herzegovine-et-probablement-contre-litalie-en-finale\/","url":"https:\/\/vieassociative.be\/actualites\/en-tant-que-finaliste-la-belgique-aurait-dabord-du-jouer-contre-la-bosnie-herzegovine-et-probablement-contre-litalie-en-finale\/","name":"En tant que finaliste, la Belgique aurait d'abord d\u00fb jouer contre la Bosnie-Herz\u00e9govine et probablement contre l'Italie en finale. | Vie Associative","isPartOf":{"@id":"https:\/\/vieassociative.be\/actualites\/#website"},"primaryImageOfPage":{"@id":"https:\/\/vieassociative.be\/actualites\/en-tant-que-finaliste-la-belgique-aurait-dabord-du-jouer-contre-la-bosnie-herzegovine-et-probablement-contre-litalie-en-finale\/#primaryimage"},"image":{"@id":"https:\/\/vieassociative.be\/actualites\/en-tant-que-finaliste-la-belgique-aurait-dabord-du-jouer-contre-la-bosnie-herzegovine-et-probablement-contre-litalie-en-finale\/#primaryimage"},"thumbnailUrl":"https:\/\/vieassociative.be\/actualites\/wp-content\/uploads\/2025\/11\/1763669877_En-tant-que-finaliste-la-Belgique-aurait-dabord-du-jouer.jpg","datePublished":"2025-11-20T20:17:56+00:00","dateModified":"2025-11-20T20:17:56+00:00","breadcrumb":{"@id":"https:\/\/vieassociative.be\/actualites\/en-tant-que-finaliste-la-belgique-aurait-dabord-du-jouer-contre-la-bosnie-herzegovine-et-probablement-contre-litalie-en-finale\/#breadcrumb"},"inLanguage":"fr-BE","potentialAction":[{"@type":"ReadAction","target":["https:\/\/vieassociative.be\/actualites\/en-tant-que-finaliste-la-belgique-aurait-dabord-du-jouer-contre-la-bosnie-herzegovine-et-probablement-contre-litalie-en-finale\/"]}]},{"@type":"ImageObject","inLanguage":"fr-BE","@id":"https:\/\/vieassociative.be\/actualites\/en-tant-que-finaliste-la-belgique-aurait-dabord-du-jouer-contre-la-bosnie-herzegovine-et-probablement-contre-litalie-en-finale\/#primaryimage","url":"https:\/\/vieassociative.be\/actualites\/wp-content\/uploads\/2025\/11\/1763669877_En-tant-que-finaliste-la-Belgique-aurait-dabord-du-jouer.jpg","contentUrl":"https:\/\/vieassociative.be\/actualites\/wp-content\/uploads\/2025\/11\/1763669877_En-tant-que-finaliste-la-Belgique-aurait-dabord-du-jouer.jpg","width":1200,"height":800,"caption":"En tant que finaliste, la Belgique aurait d'abord d\u00fb jouer contre la Bosnie-Herz\u00e9govine et probablement contre l'Italie en finale."},{"@type":"BreadcrumbList","@id":"https:\/\/vieassociative.be\/actualites\/en-tant-que-finaliste-la-belgique-aurait-dabord-du-jouer-contre-la-bosnie-herzegovine-et-probablement-contre-litalie-en-finale\/#breadcrumb","itemListElement":[{"@type":"ListItem","position":1,"name":"Accueil","item":"https:\/\/vieassociative.be\/actualites\/"},{"@type":"ListItem","position":2,"name":"En tant que finaliste, la Belgique aurait d&rsquo;abord d\u00fb jouer contre la Bosnie-Herz\u00e9govine et probablement contre l&rsquo;Italie en finale."}]},{"@type":"WebSite","@id":"https:\/\/vieassociative.be\/actualites\/#website","url":"https:\/\/vieassociative.be\/actualites\/","name":"Vie Associative","description":"","publisher":{"@id":"https:\/\/vieassociative.be\/actualites\/#organization"},"potentialAction":[{"@type":"SearchAction","target":{"@type":"EntryPoint","urlTemplate":"https:\/\/vieassociative.be\/actualites\/?s={search_term_string}"},"query-input":{"@type":"PropertyValueSpecification","valueRequired":true,"valueName":"search_term_string"}}],"inLanguage":"fr-BE"},{"@type":"Organization","@id":"https:\/\/vieassociative.be\/actualites\/#organization","name":"Vie Associative","url":"https:\/\/vieassociative.be\/actualites\/","logo":{"@type":"ImageObject","inLanguage":"fr-BE","@id":"https:\/\/vieassociative.be\/actualites\/#\/schema\/logo\/image\/","url":"https:\/\/vieassociative.be\/actualites\/wp-content\/uploads\/2024\/09\/cropped-vieassociative_favicon.ico.png","contentUrl":"https:\/\/vieassociative.be\/actualites\/wp-content\/uploads\/2024\/09\/cropped-vieassociative_favicon.ico.png","width":512,"height":512,"caption":"Vie Associative"},"image":{"@id":"https:\/\/vieassociative.be\/actualites\/#\/schema\/logo\/image\/"}},{"@type":"Person","@id":"https:\/\/vieassociative.be\/actualites\/#\/schema\/person\/b87ac4f82f9d4e7b7cec7395b679edc4","name":"Julien","image":{"@type":"ImageObject","inLanguage":"fr-BE","@id":"https:\/\/vieassociative.be\/actualites\/#\/schema\/person\/image\/","url":"https:\/\/vieassociative.be\/actualites\/wp-content\/uploads\/2024\/09\/vie-associative-1-150x150.jpg","contentUrl":"https:\/\/vieassociative.be\/actualites\/wp-content\/uploads\/2024\/09\/vie-associative-1-150x150.jpg","caption":"Julien"},"description":"Je suis Julien, r\u00e9dacteur pour Vie Associative. Passionn\u00e9 par le monde associatif depuis plus de 10 ans, j'ai \u00e0 c\u0153ur de partager des histoires inspirantes et de mettre en lumi\u00e8re les initiatives locales. Mon objectif est de sensibiliser et d'encourager l'engagement communautaire \u00e0 travers mes articles.","sameAs":["https:\/\/vieassociative.be\/"]}]}},"_links":{"self":[{"href":"https:\/\/vieassociative.be\/actualites\/wp-json\/wp\/v2\/posts\/11440"}],"collection":[{"href":"https:\/\/vieassociative.be\/actualites\/wp-json\/wp\/v2\/posts"}],"about":[{"href":"https:\/\/vieassociative.be\/actualites\/wp-json\/wp\/v2\/types\/post"}],"author":[{"embeddable":true,"href":"https:\/\/vieassociative.be\/actualites\/wp-json\/wp\/v2\/users\/1"}],"replies":[{"embeddable":true,"href":"https:\/\/vieassociative.be\/actualites\/wp-json\/wp\/v2\/comments?post=11440"}],"version-history":[{"count":0,"href":"https:\/\/vieassociative.be\/actualites\/wp-json\/wp\/v2\/posts\/11440\/revisions"}],"wp:featuredmedia":[{"embeddable":true,"href":"https:\/\/vieassociative.be\/actualites\/wp-json\/wp\/v2\/media\/11441"}],"wp:attachment":[{"href":"https:\/\/vieassociative.be\/actualites\/wp-json\/wp\/v2\/media?parent=11440"}],"wp:term":[{"taxonomy":"category","embeddable":true,"href":"https:\/\/vieassociative.be\/actualites\/wp-json\/wp\/v2\/categories?post=11440"},{"taxonomy":"post_tag","embeddable":true,"href":"https:\/\/vieassociative.be\/actualites\/wp-json\/wp\/v2\/tags?post=11440"}],"curies":[{"name":"wp","href":"https:\/\/api.w.org\/{rel}","templated":true}]}}