{"id":11430,"date":"2025-11-20T09:17:24","date_gmt":"2025-11-20T08:17:24","guid":{"rendered":"https:\/\/vieassociative.be\/actualites\/les-diables-rouges-franchissent-le-dernier-obstacle-sur-la-route-vers-la-coupe-du-monde-salle-comble-aujourdhui-a-20h45-a-liege\/"},"modified":"2025-11-20T09:17:24","modified_gmt":"2025-11-20T08:17:24","slug":"les-diables-rouges-franchissent-le-dernier-obstacle-sur-la-route-vers-la-coupe-du-monde-salle-comble-aujourdhui-a-20h45-a-liege","status":"publish","type":"post","link":"https:\/\/vieassociative.be\/actualites\/les-diables-rouges-franchissent-le-dernier-obstacle-sur-la-route-vers-la-coupe-du-monde-salle-comble-aujourdhui-a-20h45-a-liege\/","title":{"rendered":"Les Diables Rouges franchissent le dernier obstacle sur la route vers la Coupe du Monde \u2013 salle comble aujourd&rsquo;hui \u00e0 20h45. \u00e0 Li\u00e8ge"},"content":{"rendered":"<p><strong>Avec une victoire ce mardi soir \u00e0 Li\u00e8ge contre le Liechtenstein, l&rsquo;\u00e9quipe nationale belge de football r\u00e9servera son billet pour la Coupe du monde 2026 aux USA, au Mexique et au Canada.<\/strong><\/p>\n<p><span id=\"more-429893\"><\/span>Lorsque Rudi Garcia a \u00e9t\u00e9 pr\u00e9sent\u00e9 comme nouvel entra\u00eeneur national des Diables Rouges en janvier, il a cit\u00e9 deux objectifs qu&rsquo;il souhaitait atteindre : rester dans la A-League de la Ligue des Nations et se qualifier pour la Coupe du monde 2026 aux \u00c9tats-Unis, au Mexique et au Canada.<\/p>\n<p>Le Fran\u00e7ais a inscrit les deux buts ce soir apr\u00e8s le dernier match de qualification \u00e0 Li\u00e8ge face au Liechtenstein (20h45 \/ en direct sur RTBF1 \u00ab La Une \u00bb).<\/p>\n<p>Leader du Groupe J avec 15 points, la Belgique devance de deux points la Mac\u00e9doine du Nord et le Pays de Galles, qui s&rsquo;affrontent \u00e0 Cardiff. Une victoire du huiti\u00e8me au classement mondial FIFA \u00e0 Li\u00e8ge contre l&rsquo;\u00e9quipe class\u00e9e 206e signifierait une qualification.<\/p>\n<div id=\"attachment_423393\" class=\"wp-caption alignleft\" style=\"max-width: 300px\"><img fetchpriority=\"high\" decoding=\"async\" class=\"wp-image-423393 size-medium\" src=\"https:\/\/vieassociative.be\/actualites\/wp-content\/uploads\/2025\/11\/Les-Diables-Rouges-franchissent-le-dernier-obstacle-sur-la-route.jpg\" alt=\"\" width=\"300\" height=\"200\"><\/div>\n<p>M\u00eame un match nul pourrait suffire \u00e0 Garcia et \u00e0 ses joueurs si les Gallois et les Mac\u00e9doniens font match nul, ou si les Gallois gagnent par moins de onze buts ou si les Mac\u00e9doniens gagnent par moins de six buts.<\/p>\n<p>La qualification serait toujours possible m\u00eame si le Pays de Galles et la Mac\u00e9doine du Nord faisaient match nul.<\/p>\n<p>Le stade Sclessin affiche complet, ambiance festive garantie. En ce qui concerne la composition de l&rsquo;\u00e9quipe belge, l&rsquo;entra\u00eeneur Garcia n&rsquo;a pas encore annonc\u00e9 ses projets, mais il a indiqu\u00e9 qu&rsquo;il apporterait quelques changements.<\/p>\n<p>Senne Lammens pourrait \u00eatre dans le but pour la premi\u00e8re fois. Maxim De Cuyper et Thomas Meunier devraient \u00e9galement d\u00e9buter au poste d&rsquo;arri\u00e8re lat\u00e9ral. Le capitaine Youri Tielemans, qui n&rsquo;\u00e9tait que rempla\u00e7ant \u00e0 Astana, vient remplacer Amadou Onana, bless\u00e9, d\u00e9j\u00e0 parti en Angleterre. Alexis Saelemaekers pourrait \u00eatre pr\u00e9f\u00e9r\u00e9 \u00e0 Leandro Trossard en attaque.<\/p>\n<p>On peut donc s&rsquo;attendre \u00e0 la formation initiale suivante : Sels (Lammens) \u2013 Meunier, De Winter (Mechele), Theate, De Cuyper \u2013 Raskin, Tielemans, Vanaken \u2013 Saelemaekers, De Ketelaere (Vermant), Doku.<\/p>\n<p><em><strong>Sur le sujet, voir aussi l&rsquo;article suivant sur l&rsquo;OD :<\/strong><\/em><\/p>\n<div class=\"responsive-embed widescreen\">\n<blockquote class=\"wp-embedded-content\" data-secret=\"8SfcMMPVkh\">\n<p>La soi-disant \u00ab g\u00e9n\u00e9ration dor\u00e9e \u00bb des Diables Rouges n\u2019\u00e9tait pas si dor\u00e9e que \u00e7a (interjection)<\/p>\n<\/blockquote>\n<p><iframe loading=\"lazy\" class=\"wp-embedded-content\" sandbox=\"allow-scripts\" security=\"restricted\" style=\"position: absolute; visibility: hidden;\" title=\"\u201eSo golden war die sogenannte \u201egoldene Generation\u201c der Roten Teufel nun auch wieder nicht (Zwischenruf)\u201c \u2013 Ostbelgien Direkt\" src=\"https:\/\/ostbelgiendirekt.be\/about:blank\" data-secret=\"8SfcMMPVkh\" width=\"500\" height=\"282\" frameborder=\"0\" marginwidth=\"0\" marginheight=\"0\" scrolling=\"no\" data-rocket-lazyload=\"fitvidscompatible\" data-lazy-src=\"https:\/\/ostbelgiendirekt.be\/ticket-fuer-die-wm-2026-429729\/embed#?secret=MUGfulqzaR#?secret=8SfcMMPVkh\"><\/iframe><noscript><iframe class=\"wp-embedded-content\" sandbox=\"allow-scripts\" security=\"restricted\" style=\"position: absolute; visibility: hidden;\" title=\"\u201eSo golden war die sogenannte \u201egoldene Generation\u201c der Roten Teufel nun auch wieder nicht (Zwischenruf)\u201c \u2013 Ostbelgien Direkt\" src=\"https:\/\/ostbelgiendirekt.be\/ticket-fuer-die-wm-2026-429729\/embed#?secret=MUGfulqzaR#?secret=8SfcMMPVkh\" data-secret=\"8SfcMMPVkh\" width=\"500\" height=\"282\" frameborder=\"0\" marginwidth=\"0\" marginheight=\"0\" scrolling=\"no\"><\/iframe><\/noscript><\/p>\n<\/div>\n","protected":false},"excerpt":{"rendered":"<p>Avec une victoire ce mardi soir \u00e0 Li\u00e8ge contre le Liechtenstein, l&rsquo;\u00e9quipe nationale belge de football r\u00e9servera son billet pour la Coupe du monde 2026<\/p>\n","protected":false},"author":1,"featured_media":9075,"comment_status":"","ping_status":"","sticky":false,"template":"","format":"standard","meta":{"footnotes":""},"categories":[298],"tags":[9301,2330,9300,2472,2682,2389,9299,14,6554,237,8140,2366,3474,194,33,2778],"class_list":["post-11430","post","type-post","status-publish","format-standard","has-post-thumbnail","hentry","category-belgique","tag-20h45","tag-aujourdhui","tag-comble","tag-coupe","tag-dernier","tag-diables","tag-franchissent","tag-les","tag-liege","tag-monde","tag-obstacle","tag-rouges","tag-route","tag-salle","tag-sur","tag-vers","generate-columns","tablet-grid-50","mobile-grid-100","grid-parent","grid-33"],"yoast_head":"<!-- This site is optimized with the Yoast SEO plugin v24.0 - https:\/\/yoast.com\/wordpress\/plugins\/seo\/ -->\n<title>Les Diables Rouges franchissent le dernier obstacle sur la route vers la Coupe du Monde \u2013 salle comble aujourd&#039;hui \u00e0 20h45. \u00e0 Li\u00e8ge | Vie Associative<\/title>\n<meta name=\"robots\" content=\"index, follow, max-snippet:-1, max-image-preview:large, max-video-preview:-1\" \/>\n<link rel=\"canonical\" href=\"https:\/\/vieassociative.be\/actualites\/les-diables-rouges-franchissent-le-dernier-obstacle-sur-la-route-vers-la-coupe-du-monde-salle-comble-aujourdhui-a-20h45-a-liege\/\" \/>\n<meta property=\"og:locale\" content=\"fr_FR\" \/>\n<meta property=\"og:type\" content=\"article\" \/>\n<meta property=\"og:title\" content=\"Les Diables Rouges franchissent le dernier obstacle sur la route vers la Coupe du Monde \u2013 salle comble aujourd&#039;hui \u00e0 20h45. \u00e0 Li\u00e8ge | Vie Associative\" \/>\n<meta property=\"og:description\" content=\"Avec une victoire ce mardi soir \u00e0 Li\u00e8ge contre le Liechtenstein, l&rsquo;\u00e9quipe nationale belge de football r\u00e9servera son billet pour la Coupe du monde 2026\" \/>\n<meta property=\"og:url\" content=\"https:\/\/vieassociative.be\/actualites\/les-diables-rouges-franchissent-le-dernier-obstacle-sur-la-route-vers-la-coupe-du-monde-salle-comble-aujourdhui-a-20h45-a-liege\/\" \/>\n<meta property=\"og:site_name\" content=\"Vie Associative\" \/>\n<meta property=\"article:published_time\" content=\"2025-11-20T08:17:24+00:00\" \/>\n<meta property=\"og:image\" content=\"https:\/\/vieassociative.be\/actualites\/wp-content\/uploads\/2024\/09\/header_backgroundk-01-e1726694325946.png\" \/>\n\t<meta property=\"og:image:width\" content=\"279\" \/>\n\t<meta property=\"og:image:height\" content=\"92\" \/>\n\t<meta property=\"og:image:type\" content=\"image\/png\" \/>\n<meta name=\"author\" content=\"Julien\" \/>\n<meta name=\"twitter:card\" content=\"summary_large_image\" \/>\n<meta name=\"twitter:label1\" content=\"\u00c9crit par\" \/>\n\t<meta name=\"twitter:data1\" content=\"Julien\" \/>\n\t<meta name=\"twitter:label2\" content=\"Dur\u00e9e de lecture est.\" \/>\n\t<meta name=\"twitter:data2\" content=\"2 minutes\" \/>\n<script type=\"application\/ld+json\" class=\"yoast-schema-graph\">{\"@context\":\"https:\/\/schema.org\",\"@graph\":[{\"@type\":\"Article\",\"@id\":\"https:\/\/vieassociative.be\/actualites\/les-diables-rouges-franchissent-le-dernier-obstacle-sur-la-route-vers-la-coupe-du-monde-salle-comble-aujourdhui-a-20h45-a-liege\/#article\",\"isPartOf\":{\"@id\":\"https:\/\/vieassociative.be\/actualites\/les-diables-rouges-franchissent-le-dernier-obstacle-sur-la-route-vers-la-coupe-du-monde-salle-comble-aujourdhui-a-20h45-a-liege\/\"},\"author\":{\"name\":\"Julien\",\"@id\":\"https:\/\/vieassociative.be\/actualites\/#\/schema\/person\/b87ac4f82f9d4e7b7cec7395b679edc4\"},\"headline\":\"Les Diables Rouges franchissent le dernier obstacle sur la route vers la Coupe du Monde \u2013 salle comble aujourd&rsquo;hui \u00e0 20h45. \u00e0 Li\u00e8ge\",\"datePublished\":\"2025-11-20T08:17:24+00:00\",\"dateModified\":\"2025-11-20T08:17:24+00:00\",\"mainEntityOfPage\":{\"@id\":\"https:\/\/vieassociative.be\/actualites\/les-diables-rouges-franchissent-le-dernier-obstacle-sur-la-route-vers-la-coupe-du-monde-salle-comble-aujourdhui-a-20h45-a-liege\/\"},\"wordCount\":398,\"publisher\":{\"@id\":\"https:\/\/vieassociative.be\/actualites\/#organization\"},\"image\":{\"@id\":\"https:\/\/vieassociative.be\/actualites\/les-diables-rouges-franchissent-le-dernier-obstacle-sur-la-route-vers-la-coupe-du-monde-salle-comble-aujourdhui-a-20h45-a-liege\/#primaryimage\"},\"thumbnailUrl\":\"https:\/\/vieassociative.be\/actualites\/wp-content\/uploads\/2025\/07\/Apres-Genk-et-Bruxelles-les-Red-Devils-jouent-leurs-trois.jpeg\",\"keywords\":[\"20h45\",\"aujourdhui\",\"comble\",\"Coupe\",\"dernier\",\"Diables\",\"franchissent\",\"Les\",\"Li\u00e8ge\",\"monde\",\"obstacle\",\"rouges\",\"route\",\"salle\",\"sur\",\"vers\"],\"articleSection\":[\"Belgique\"],\"inLanguage\":\"fr-BE\"},{\"@type\":\"WebPage\",\"@id\":\"https:\/\/vieassociative.be\/actualites\/les-diables-rouges-franchissent-le-dernier-obstacle-sur-la-route-vers-la-coupe-du-monde-salle-comble-aujourdhui-a-20h45-a-liege\/\",\"url\":\"https:\/\/vieassociative.be\/actualites\/les-diables-rouges-franchissent-le-dernier-obstacle-sur-la-route-vers-la-coupe-du-monde-salle-comble-aujourdhui-a-20h45-a-liege\/\",\"name\":\"Les Diables Rouges franchissent le dernier obstacle sur la route vers la Coupe du Monde \u2013 salle comble aujourd'hui \u00e0 20h45. \u00e0 Li\u00e8ge | Vie Associative\",\"isPartOf\":{\"@id\":\"https:\/\/vieassociative.be\/actualites\/#website\"},\"primaryImageOfPage\":{\"@id\":\"https:\/\/vieassociative.be\/actualites\/les-diables-rouges-franchissent-le-dernier-obstacle-sur-la-route-vers-la-coupe-du-monde-salle-comble-aujourdhui-a-20h45-a-liege\/#primaryimage\"},\"image\":{\"@id\":\"https:\/\/vieassociative.be\/actualites\/les-diables-rouges-franchissent-le-dernier-obstacle-sur-la-route-vers-la-coupe-du-monde-salle-comble-aujourdhui-a-20h45-a-liege\/#primaryimage\"},\"thumbnailUrl\":\"https:\/\/vieassociative.be\/actualites\/wp-content\/uploads\/2025\/07\/Apres-Genk-et-Bruxelles-les-Red-Devils-jouent-leurs-trois.jpeg\",\"datePublished\":\"2025-11-20T08:17:24+00:00\",\"dateModified\":\"2025-11-20T08:17:24+00:00\",\"breadcrumb\":{\"@id\":\"https:\/\/vieassociative.be\/actualites\/les-diables-rouges-franchissent-le-dernier-obstacle-sur-la-route-vers-la-coupe-du-monde-salle-comble-aujourdhui-a-20h45-a-liege\/#breadcrumb\"},\"inLanguage\":\"fr-BE\",\"potentialAction\":[{\"@type\":\"ReadAction\",\"target\":[\"https:\/\/vieassociative.be\/actualites\/les-diables-rouges-franchissent-le-dernier-obstacle-sur-la-route-vers-la-coupe-du-monde-salle-comble-aujourdhui-a-20h45-a-liege\/\"]}]},{\"@type\":\"ImageObject\",\"inLanguage\":\"fr-BE\",\"@id\":\"https:\/\/vieassociative.be\/actualites\/les-diables-rouges-franchissent-le-dernier-obstacle-sur-la-route-vers-la-coupe-du-monde-salle-comble-aujourdhui-a-20h45-a-liege\/#primaryimage\",\"url\":\"https:\/\/vieassociative.be\/actualites\/wp-content\/uploads\/2025\/07\/Apres-Genk-et-Bruxelles-les-Red-Devils-jouent-leurs-trois.jpeg\",\"contentUrl\":\"https:\/\/vieassociative.be\/actualites\/wp-content\/uploads\/2025\/07\/Apres-Genk-et-Bruxelles-les-Red-Devils-jouent-leurs-trois.jpeg\",\"width\":1000,\"height\":666,\"caption\":\"Apr\u00e8s Genk et Bruxelles, les Red Devils jouent leurs trois prochains matchs \u00e0 domicile \u00e0 Anderlecht, Gand et Li\u00e8ge\"},{\"@type\":\"BreadcrumbList\",\"@id\":\"https:\/\/vieassociative.be\/actualites\/les-diables-rouges-franchissent-le-dernier-obstacle-sur-la-route-vers-la-coupe-du-monde-salle-comble-aujourdhui-a-20h45-a-liege\/#breadcrumb\",\"itemListElement\":[{\"@type\":\"ListItem\",\"position\":1,\"name\":\"Accueil\",\"item\":\"https:\/\/vieassociative.be\/actualites\/\"},{\"@type\":\"ListItem\",\"position\":2,\"name\":\"Les Diables Rouges franchissent le dernier obstacle sur la route vers la Coupe du Monde \u2013 salle comble aujourd&rsquo;hui \u00e0 20h45. \u00e0 Li\u00e8ge\"}]},{\"@type\":\"WebSite\",\"@id\":\"https:\/\/vieassociative.be\/actualites\/#website\",\"url\":\"https:\/\/vieassociative.be\/actualites\/\",\"name\":\"Vie Associative\",\"description\":\"\",\"publisher\":{\"@id\":\"https:\/\/vieassociative.be\/actualites\/#organization\"},\"potentialAction\":[{\"@type\":\"SearchAction\",\"target\":{\"@type\":\"EntryPoint\",\"urlTemplate\":\"https:\/\/vieassociative.be\/actualites\/?s={search_term_string}\"},\"query-input\":{\"@type\":\"PropertyValueSpecification\",\"valueRequired\":true,\"valueName\":\"search_term_string\"}}],\"inLanguage\":\"fr-BE\"},{\"@type\":\"Organization\",\"@id\":\"https:\/\/vieassociative.be\/actualites\/#organization\",\"name\":\"Vie Associative\",\"url\":\"https:\/\/vieassociative.be\/actualites\/\",\"logo\":{\"@type\":\"ImageObject\",\"inLanguage\":\"fr-BE\",\"@id\":\"https:\/\/vieassociative.be\/actualites\/#\/schema\/logo\/image\/\",\"url\":\"https:\/\/vieassociative.be\/actualites\/wp-content\/uploads\/2024\/09\/cropped-vieassociative_favicon.ico.png\",\"contentUrl\":\"https:\/\/vieassociative.be\/actualites\/wp-content\/uploads\/2024\/09\/cropped-vieassociative_favicon.ico.png\",\"width\":512,\"height\":512,\"caption\":\"Vie Associative\"},\"image\":{\"@id\":\"https:\/\/vieassociative.be\/actualites\/#\/schema\/logo\/image\/\"}},{\"@type\":\"Person\",\"@id\":\"https:\/\/vieassociative.be\/actualites\/#\/schema\/person\/b87ac4f82f9d4e7b7cec7395b679edc4\",\"name\":\"Julien\",\"image\":{\"@type\":\"ImageObject\",\"inLanguage\":\"fr-BE\",\"@id\":\"https:\/\/vieassociative.be\/actualites\/#\/schema\/person\/image\/\",\"url\":\"https:\/\/vieassociative.be\/actualites\/wp-content\/uploads\/2024\/09\/vie-associative-1-150x150.jpg\",\"contentUrl\":\"https:\/\/vieassociative.be\/actualites\/wp-content\/uploads\/2024\/09\/vie-associative-1-150x150.jpg\",\"caption\":\"Julien\"},\"description\":\"Je suis Julien, r\u00e9dacteur pour Vie Associative. Passionn\u00e9 par le monde associatif depuis plus de 10 ans, j'ai \u00e0 c\u0153ur de partager des histoires inspirantes et de mettre en lumi\u00e8re les initiatives locales. Mon objectif est de sensibiliser et d'encourager l'engagement communautaire \u00e0 travers mes articles.\",\"sameAs\":[\"https:\/\/vieassociative.be\/\"]}]}<\/script>\n<!-- \/ Yoast SEO plugin. -->","yoast_head_json":{"title":"Les Diables Rouges franchissent le dernier obstacle sur la route vers la Coupe du Monde \u2013 salle comble aujourd'hui \u00e0 20h45. \u00e0 Li\u00e8ge | Vie Associative","robots":{"index":"index","follow":"follow","max-snippet":"max-snippet:-1","max-image-preview":"max-image-preview:large","max-video-preview":"max-video-preview:-1"},"canonical":"https:\/\/vieassociative.be\/actualites\/les-diables-rouges-franchissent-le-dernier-obstacle-sur-la-route-vers-la-coupe-du-monde-salle-comble-aujourdhui-a-20h45-a-liege\/","og_locale":"fr_FR","og_type":"article","og_title":"Les Diables Rouges franchissent le dernier obstacle sur la route vers la Coupe du Monde \u2013 salle comble aujourd'hui \u00e0 20h45. \u00e0 Li\u00e8ge | Vie Associative","og_description":"Avec une victoire ce mardi soir \u00e0 Li\u00e8ge contre le Liechtenstein, l&rsquo;\u00e9quipe nationale belge de football r\u00e9servera son billet pour la Coupe du monde 2026","og_url":"https:\/\/vieassociative.be\/actualites\/les-diables-rouges-franchissent-le-dernier-obstacle-sur-la-route-vers-la-coupe-du-monde-salle-comble-aujourdhui-a-20h45-a-liege\/","og_site_name":"Vie Associative","article_published_time":"2025-11-20T08:17:24+00:00","og_image":[{"width":279,"height":92,"url":"https:\/\/vieassociative.be\/actualites\/wp-content\/uploads\/2024\/09\/header_backgroundk-01-e1726694325946.png","type":"image\/png"}],"author":"Julien","twitter_card":"summary_large_image","twitter_misc":{"\u00c9crit par":"Julien","Dur\u00e9e de lecture est.":"2 minutes"},"schema":{"@context":"https:\/\/schema.org","@graph":[{"@type":"Article","@id":"https:\/\/vieassociative.be\/actualites\/les-diables-rouges-franchissent-le-dernier-obstacle-sur-la-route-vers-la-coupe-du-monde-salle-comble-aujourdhui-a-20h45-a-liege\/#article","isPartOf":{"@id":"https:\/\/vieassociative.be\/actualites\/les-diables-rouges-franchissent-le-dernier-obstacle-sur-la-route-vers-la-coupe-du-monde-salle-comble-aujourdhui-a-20h45-a-liege\/"},"author":{"name":"Julien","@id":"https:\/\/vieassociative.be\/actualites\/#\/schema\/person\/b87ac4f82f9d4e7b7cec7395b679edc4"},"headline":"Les Diables Rouges franchissent le dernier obstacle sur la route vers la Coupe du Monde \u2013 salle comble aujourd&rsquo;hui \u00e0 20h45. \u00e0 Li\u00e8ge","datePublished":"2025-11-20T08:17:24+00:00","dateModified":"2025-11-20T08:17:24+00:00","mainEntityOfPage":{"@id":"https:\/\/vieassociative.be\/actualites\/les-diables-rouges-franchissent-le-dernier-obstacle-sur-la-route-vers-la-coupe-du-monde-salle-comble-aujourdhui-a-20h45-a-liege\/"},"wordCount":398,"publisher":{"@id":"https:\/\/vieassociative.be\/actualites\/#organization"},"image":{"@id":"https:\/\/vieassociative.be\/actualites\/les-diables-rouges-franchissent-le-dernier-obstacle-sur-la-route-vers-la-coupe-du-monde-salle-comble-aujourdhui-a-20h45-a-liege\/#primaryimage"},"thumbnailUrl":"https:\/\/vieassociative.be\/actualites\/wp-content\/uploads\/2025\/07\/Apres-Genk-et-Bruxelles-les-Red-Devils-jouent-leurs-trois.jpeg","keywords":["20h45","aujourdhui","comble","Coupe","dernier","Diables","franchissent","Les","Li\u00e8ge","monde","obstacle","rouges","route","salle","sur","vers"],"articleSection":["Belgique"],"inLanguage":"fr-BE"},{"@type":"WebPage","@id":"https:\/\/vieassociative.be\/actualites\/les-diables-rouges-franchissent-le-dernier-obstacle-sur-la-route-vers-la-coupe-du-monde-salle-comble-aujourdhui-a-20h45-a-liege\/","url":"https:\/\/vieassociative.be\/actualites\/les-diables-rouges-franchissent-le-dernier-obstacle-sur-la-route-vers-la-coupe-du-monde-salle-comble-aujourdhui-a-20h45-a-liege\/","name":"Les Diables Rouges franchissent le dernier obstacle sur la route vers la Coupe du Monde \u2013 salle comble aujourd'hui \u00e0 20h45. \u00e0 Li\u00e8ge | Vie Associative","isPartOf":{"@id":"https:\/\/vieassociative.be\/actualites\/#website"},"primaryImageOfPage":{"@id":"https:\/\/vieassociative.be\/actualites\/les-diables-rouges-franchissent-le-dernier-obstacle-sur-la-route-vers-la-coupe-du-monde-salle-comble-aujourdhui-a-20h45-a-liege\/#primaryimage"},"image":{"@id":"https:\/\/vieassociative.be\/actualites\/les-diables-rouges-franchissent-le-dernier-obstacle-sur-la-route-vers-la-coupe-du-monde-salle-comble-aujourdhui-a-20h45-a-liege\/#primaryimage"},"thumbnailUrl":"https:\/\/vieassociative.be\/actualites\/wp-content\/uploads\/2025\/07\/Apres-Genk-et-Bruxelles-les-Red-Devils-jouent-leurs-trois.jpeg","datePublished":"2025-11-20T08:17:24+00:00","dateModified":"2025-11-20T08:17:24+00:00","breadcrumb":{"@id":"https:\/\/vieassociative.be\/actualites\/les-diables-rouges-franchissent-le-dernier-obstacle-sur-la-route-vers-la-coupe-du-monde-salle-comble-aujourdhui-a-20h45-a-liege\/#breadcrumb"},"inLanguage":"fr-BE","potentialAction":[{"@type":"ReadAction","target":["https:\/\/vieassociative.be\/actualites\/les-diables-rouges-franchissent-le-dernier-obstacle-sur-la-route-vers-la-coupe-du-monde-salle-comble-aujourdhui-a-20h45-a-liege\/"]}]},{"@type":"ImageObject","inLanguage":"fr-BE","@id":"https:\/\/vieassociative.be\/actualites\/les-diables-rouges-franchissent-le-dernier-obstacle-sur-la-route-vers-la-coupe-du-monde-salle-comble-aujourdhui-a-20h45-a-liege\/#primaryimage","url":"https:\/\/vieassociative.be\/actualites\/wp-content\/uploads\/2025\/07\/Apres-Genk-et-Bruxelles-les-Red-Devils-jouent-leurs-trois.jpeg","contentUrl":"https:\/\/vieassociative.be\/actualites\/wp-content\/uploads\/2025\/07\/Apres-Genk-et-Bruxelles-les-Red-Devils-jouent-leurs-trois.jpeg","width":1000,"height":666,"caption":"Apr\u00e8s Genk et Bruxelles, les Red Devils jouent leurs trois prochains matchs \u00e0 domicile \u00e0 Anderlecht, Gand et Li\u00e8ge"},{"@type":"BreadcrumbList","@id":"https:\/\/vieassociative.be\/actualites\/les-diables-rouges-franchissent-le-dernier-obstacle-sur-la-route-vers-la-coupe-du-monde-salle-comble-aujourdhui-a-20h45-a-liege\/#breadcrumb","itemListElement":[{"@type":"ListItem","position":1,"name":"Accueil","item":"https:\/\/vieassociative.be\/actualites\/"},{"@type":"ListItem","position":2,"name":"Les Diables Rouges franchissent le dernier obstacle sur la route vers la Coupe du Monde \u2013 salle comble aujourd&rsquo;hui \u00e0 20h45. \u00e0 Li\u00e8ge"}]},{"@type":"WebSite","@id":"https:\/\/vieassociative.be\/actualites\/#website","url":"https:\/\/vieassociative.be\/actualites\/","name":"Vie Associative","description":"","publisher":{"@id":"https:\/\/vieassociative.be\/actualites\/#organization"},"potentialAction":[{"@type":"SearchAction","target":{"@type":"EntryPoint","urlTemplate":"https:\/\/vieassociative.be\/actualites\/?s={search_term_string}"},"query-input":{"@type":"PropertyValueSpecification","valueRequired":true,"valueName":"search_term_string"}}],"inLanguage":"fr-BE"},{"@type":"Organization","@id":"https:\/\/vieassociative.be\/actualites\/#organization","name":"Vie Associative","url":"https:\/\/vieassociative.be\/actualites\/","logo":{"@type":"ImageObject","inLanguage":"fr-BE","@id":"https:\/\/vieassociative.be\/actualites\/#\/schema\/logo\/image\/","url":"https:\/\/vieassociative.be\/actualites\/wp-content\/uploads\/2024\/09\/cropped-vieassociative_favicon.ico.png","contentUrl":"https:\/\/vieassociative.be\/actualites\/wp-content\/uploads\/2024\/09\/cropped-vieassociative_favicon.ico.png","width":512,"height":512,"caption":"Vie Associative"},"image":{"@id":"https:\/\/vieassociative.be\/actualites\/#\/schema\/logo\/image\/"}},{"@type":"Person","@id":"https:\/\/vieassociative.be\/actualites\/#\/schema\/person\/b87ac4f82f9d4e7b7cec7395b679edc4","name":"Julien","image":{"@type":"ImageObject","inLanguage":"fr-BE","@id":"https:\/\/vieassociative.be\/actualites\/#\/schema\/person\/image\/","url":"https:\/\/vieassociative.be\/actualites\/wp-content\/uploads\/2024\/09\/vie-associative-1-150x150.jpg","contentUrl":"https:\/\/vieassociative.be\/actualites\/wp-content\/uploads\/2024\/09\/vie-associative-1-150x150.jpg","caption":"Julien"},"description":"Je suis Julien, r\u00e9dacteur pour Vie Associative. Passionn\u00e9 par le monde associatif depuis plus de 10 ans, j'ai \u00e0 c\u0153ur de partager des histoires inspirantes et de mettre en lumi\u00e8re les initiatives locales. Mon objectif est de sensibiliser et d'encourager l'engagement communautaire \u00e0 travers mes articles.","sameAs":["https:\/\/vieassociative.be\/"]}]}},"_links":{"self":[{"href":"https:\/\/vieassociative.be\/actualites\/wp-json\/wp\/v2\/posts\/11430"}],"collection":[{"href":"https:\/\/vieassociative.be\/actualites\/wp-json\/wp\/v2\/posts"}],"about":[{"href":"https:\/\/vieassociative.be\/actualites\/wp-json\/wp\/v2\/types\/post"}],"author":[{"embeddable":true,"href":"https:\/\/vieassociative.be\/actualites\/wp-json\/wp\/v2\/users\/1"}],"replies":[{"embeddable":true,"href":"https:\/\/vieassociative.be\/actualites\/wp-json\/wp\/v2\/comments?post=11430"}],"version-history":[{"count":0,"href":"https:\/\/vieassociative.be\/actualites\/wp-json\/wp\/v2\/posts\/11430\/revisions"}],"wp:featuredmedia":[{"embeddable":true,"href":"https:\/\/vieassociative.be\/actualites\/wp-json\/wp\/v2\/media\/9075"}],"wp:attachment":[{"href":"https:\/\/vieassociative.be\/actualites\/wp-json\/wp\/v2\/media?parent=11430"}],"wp:term":[{"taxonomy":"category","embeddable":true,"href":"https:\/\/vieassociative.be\/actualites\/wp-json\/wp\/v2\/categories?post=11430"},{"taxonomy":"post_tag","embeddable":true,"href":"https:\/\/vieassociative.be\/actualites\/wp-json\/wp\/v2\/tags?post=11430"}],"curies":[{"name":"wp","href":"https:\/\/api.w.org\/{rel}","templated":true}]}}