{"id":1143,"date":"2024-10-12T16:17:16","date_gmt":"2024-10-12T14:17:16","guid":{"rendered":"https:\/\/vieassociative.be\/actualites\/accrochez-vous-a-cette-sensation-estivale-avec-cette-boisson-au-baton-de-citron\/"},"modified":"2024-10-12T16:17:16","modified_gmt":"2024-10-12T14:17:16","slug":"accrochez-vous-a-cette-sensation-estivale-avec-cette-boisson-au-baton-de-citron","status":"publish","type":"post","link":"https:\/\/vieassociative.be\/actualites\/accrochez-vous-a-cette-sensation-estivale-avec-cette-boisson-au-baton-de-citron\/","title":{"rendered":"Accrochez-vous \u00e0 cette sensation estivale avec cette \u00ab boisson \u00bb au b\u00e2ton de citron"},"content":{"rendered":"<div class=\"mt-4 leading-6 md:mb-8\">C&rsquo;est doux sans \u00eatre \u00e9coeurant et aigre sans \u00eatre irritant.<\/div>\n<p><\/p>\n<p>L&rsquo;\u00e9t\u00e9 s&rsquo;est termin\u00e9 brusquement cette ann\u00e9e. Une minute, je transpirais abondamment, me cachant du soleil \u00e0 l&rsquo;int\u00e9rieur, et l&rsquo;instant d&rsquo;apr\u00e8s, je m&rsquo;enroulais dans des couvertures, me cachant de la pluie \u00e0 l&rsquo;int\u00e9rieur. Je n\u2019en avais pas fini avec l\u2019\u00e9t\u00e9, mais l\u2019\u00e9t\u00e9 en avait fini avec moi. En cons\u00e9quence, je me suis retrouv\u00e9 \u00e0 m&rsquo;accrocher \u00e0 des produits ensoleill\u00e9s, comme le sorbet, le caf\u00e9 glac\u00e9 et ces b\u00e2tonnets de citron menthol\u00e9s et acidul\u00e9s.<\/p>\n<p>Le b\u00e2ton de citron, \u00e9galement connu sous le nom de \u00ab b\u00e2ton de citron de Baltimore \u00bb, n&rsquo;a pas vraiment grand-chose \u00e0 voir avec l&rsquo;\u00e9t\u00e9 : il marque le d\u00e9but de la \u00ab saison de croissance \u00bb au milieu du printemps, mais il a le go\u00fbt du pur soleil. Ils sont traditionnellement vendus au march\u00e9 aux fleurs de Baltimore \u00e0 Mount Vernon, organis\u00e9 par la Women&rsquo;s Civic League, bien que les braves gens de Baltimore les pr\u00e9parent et les appr\u00e9cient tout le printemps et l&rsquo;\u00e9t\u00e9 lors de f\u00eates et de rassemblements. La friandise se situe quelque part entre les bonbons et la boisson, et a une saveur vivifiante, aigre-douce qui ressemble \u00e0 une limonade \u00e0 la menthe concentr\u00e9e.<\/p>\n<p>Les pr\u00e9parer est th\u00e9oriquement simple : coupez un citron en deux et enfoncez-y un b\u00e2ton de menthe poivr\u00e9e. C&rsquo;est simple, mais pas <em>que<\/em> simple. Une canne en bonbon ne fonctionnera pas ; ce n&rsquo;est pas assez poreux. Tu veux un <em>doux<\/em> b\u00e2ton de menthe poivr\u00e9e. Selon certains clients avis\u00e9s d&rsquo;Amazon, les meilleurs b\u00e2tons de menthe poivr\u00e9e pour cette application sont les b\u00e2tons de menthe poivr\u00e9e douce King Leo et les Sweet Stripes de Bob.<\/p>\n<p>M\u00eame avec les \u00ab bons \u00bb bonbons \u00e0 la menthe poivr\u00e9e, il y a une l\u00e9g\u00e8re courbe d\u2019apprentissage lorsqu\u2019il s\u2019agit de faire couler le jus de citron \u00e0 travers le b\u00e2ton. Heureusement, ces clients opini\u00e2tres d\u2019Amazon ont encore une fois r\u00e9ussi\u00a0:<\/p>\n<blockquote>\n<p>Ce sont des \u00ab pailles \u00bb parfaites pour la g\u00e2terie \u00e0 l\u2019ancienne consistant \u00e0 sucer le jus des oranges et des citrons. Roulez simplement le fruit sur votre plan de travail pour le ramollir, percez un trou \u00e0 mi-chemin dans le fruit avec un pic \u00e0 glace, mordez un tout petit peu \u00e0 chaque extr\u00e9mit\u00e9 du b\u00e2ton de menthe poivr\u00e9e et percez-le dans le trou que vous avez fait dans le fruit. Pressez ensuite doucement le fruit pendant que vous sucez le b\u00e2ton de menthe poivr\u00e9e. En quelques secondes, la \u00ab paille \u00bb de menthe poivr\u00e9e deviendra poreuse ; et la combinaison de saveurs, d\u00e9licieuse !\u2014Fan de Romance<\/p>\n<\/blockquote>\n<p>L&rsquo;effet est d\u00e9licieux. La menthe poivr\u00e9e sucr\u00e9e adoucit parfaitement le jus de citron acidul\u00e9. Il est \u00e9tonnamment \u00e9quilibr\u00e9 : doux sans \u00eatre \u00e9coeurant et aigre sans \u00eatre irritant. Il fait agr\u00e9able, il fait beau et cela temp\u00e8re ces ennuis saisonniers pr\u00e9coces. (Ce qui est assez impressionnant pour un fruit et un bonbon.)<\/p>\n","protected":false},"excerpt":{"rendered":"<p>C&rsquo;est doux sans \u00eatre \u00e9coeurant et aigre sans \u00eatre irritant. L&rsquo;\u00e9t\u00e9 s&rsquo;est termin\u00e9 brusquement cette ann\u00e9e. Une minute, je transpirais abondamment, me cachant du soleil<\/p>\n","protected":false},"author":1,"featured_media":1144,"comment_status":"","ping_status":"","sticky":false,"template":"","format":"standard","meta":{"footnotes":""},"categories":[39],"tags":[1708,61,1711,1710,206,1630,1049,1709],"class_list":["post-1143","post","type-post","status-publish","format-standard","has-post-thumbnail","hentry","category-gastronomie","tag-accrochezvous","tag-avec","tag-baton","tag-boisson","tag-cette","tag-citron","tag-estivale","tag-sensation","generate-columns","tablet-grid-50","mobile-grid-100","grid-parent","grid-33"],"yoast_head":"<!-- This site is optimized with the Yoast SEO plugin v24.0 - https:\/\/yoast.com\/wordpress\/plugins\/seo\/ -->\n<title>Accrochez-vous \u00e0 cette sensation estivale avec cette \u00ab boisson \u00bb au b\u00e2ton de citron | Vie Associative<\/title>\n<meta name=\"robots\" content=\"index, follow, max-snippet:-1, max-image-preview:large, max-video-preview:-1\" \/>\n<link rel=\"canonical\" href=\"https:\/\/vieassociative.be\/actualites\/accrochez-vous-a-cette-sensation-estivale-avec-cette-boisson-au-baton-de-citron\/\" \/>\n<meta property=\"og:locale\" content=\"fr_FR\" \/>\n<meta property=\"og:type\" content=\"article\" \/>\n<meta property=\"og:title\" content=\"Accrochez-vous \u00e0 cette sensation estivale avec cette \u00ab boisson \u00bb au b\u00e2ton de citron | Vie Associative\" \/>\n<meta property=\"og:description\" content=\"C&rsquo;est doux sans \u00eatre \u00e9coeurant et aigre sans \u00eatre irritant. L&rsquo;\u00e9t\u00e9 s&rsquo;est termin\u00e9 brusquement cette ann\u00e9e. Une minute, je transpirais abondamment, me cachant du soleil\" \/>\n<meta property=\"og:url\" content=\"https:\/\/vieassociative.be\/actualites\/accrochez-vous-a-cette-sensation-estivale-avec-cette-boisson-au-baton-de-citron\/\" \/>\n<meta property=\"og:site_name\" content=\"Vie Associative\" \/>\n<meta property=\"article:published_time\" content=\"2024-10-12T14:17:16+00:00\" \/>\n<meta property=\"og:image\" content=\"https:\/\/vieassociative.be\/actualites\/wp-content\/uploads\/2024\/09\/header_backgroundk-01-e1726694325946.png\" \/>\n\t<meta property=\"og:image:width\" content=\"279\" \/>\n\t<meta property=\"og:image:height\" content=\"92\" \/>\n\t<meta property=\"og:image:type\" content=\"image\/png\" \/>\n<meta name=\"author\" content=\"Julien\" \/>\n<meta name=\"twitter:card\" content=\"summary_large_image\" \/>\n<meta name=\"twitter:label1\" content=\"\u00c9crit par\" \/>\n\t<meta name=\"twitter:data1\" content=\"Julien\" \/>\n\t<meta name=\"twitter:label2\" content=\"Dur\u00e9e de lecture est.\" \/>\n\t<meta name=\"twitter:data2\" content=\"3 minutes\" \/>\n<script type=\"application\/ld+json\" class=\"yoast-schema-graph\">{\"@context\":\"https:\/\/schema.org\",\"@graph\":[{\"@type\":\"Article\",\"@id\":\"https:\/\/vieassociative.be\/actualites\/accrochez-vous-a-cette-sensation-estivale-avec-cette-boisson-au-baton-de-citron\/#article\",\"isPartOf\":{\"@id\":\"https:\/\/vieassociative.be\/actualites\/accrochez-vous-a-cette-sensation-estivale-avec-cette-boisson-au-baton-de-citron\/\"},\"author\":{\"name\":\"Julien\",\"@id\":\"https:\/\/vieassociative.be\/actualites\/#\/schema\/person\/b87ac4f82f9d4e7b7cec7395b679edc4\"},\"headline\":\"Accrochez-vous \u00e0 cette sensation estivale avec cette \u00ab boisson \u00bb au b\u00e2ton de citron\",\"datePublished\":\"2024-10-12T14:17:16+00:00\",\"dateModified\":\"2024-10-12T14:17:16+00:00\",\"mainEntityOfPage\":{\"@id\":\"https:\/\/vieassociative.be\/actualites\/accrochez-vous-a-cette-sensation-estivale-avec-cette-boisson-au-baton-de-citron\/\"},\"wordCount\":531,\"publisher\":{\"@id\":\"https:\/\/vieassociative.be\/actualites\/#organization\"},\"image\":{\"@id\":\"https:\/\/vieassociative.be\/actualites\/accrochez-vous-a-cette-sensation-estivale-avec-cette-boisson-au-baton-de-citron\/#primaryimage\"},\"thumbnailUrl\":\"https:\/\/vieassociative.be\/actualites\/wp-content\/uploads\/2024\/10\/Accrochez-vous-a-cette-sensation-estivale-avec-cette-boisson.jpg\",\"keywords\":[\"Accrochezvous\",\"avec\",\"b\u00e2ton\",\"boisson\",\"cette\",\"citron\",\"estivale\",\"sensation\"],\"articleSection\":[\"Gastronomie\"],\"inLanguage\":\"fr-BE\"},{\"@type\":\"WebPage\",\"@id\":\"https:\/\/vieassociative.be\/actualites\/accrochez-vous-a-cette-sensation-estivale-avec-cette-boisson-au-baton-de-citron\/\",\"url\":\"https:\/\/vieassociative.be\/actualites\/accrochez-vous-a-cette-sensation-estivale-avec-cette-boisson-au-baton-de-citron\/\",\"name\":\"Accrochez-vous \u00e0 cette sensation estivale avec cette \u00ab boisson \u00bb au b\u00e2ton de citron | Vie Associative\",\"isPartOf\":{\"@id\":\"https:\/\/vieassociative.be\/actualites\/#website\"},\"primaryImageOfPage\":{\"@id\":\"https:\/\/vieassociative.be\/actualites\/accrochez-vous-a-cette-sensation-estivale-avec-cette-boisson-au-baton-de-citron\/#primaryimage\"},\"image\":{\"@id\":\"https:\/\/vieassociative.be\/actualites\/accrochez-vous-a-cette-sensation-estivale-avec-cette-boisson-au-baton-de-citron\/#primaryimage\"},\"thumbnailUrl\":\"https:\/\/vieassociative.be\/actualites\/wp-content\/uploads\/2024\/10\/Accrochez-vous-a-cette-sensation-estivale-avec-cette-boisson.jpg\",\"datePublished\":\"2024-10-12T14:17:16+00:00\",\"dateModified\":\"2024-10-12T14:17:16+00:00\",\"breadcrumb\":{\"@id\":\"https:\/\/vieassociative.be\/actualites\/accrochez-vous-a-cette-sensation-estivale-avec-cette-boisson-au-baton-de-citron\/#breadcrumb\"},\"inLanguage\":\"fr-BE\",\"potentialAction\":[{\"@type\":\"ReadAction\",\"target\":[\"https:\/\/vieassociative.be\/actualites\/accrochez-vous-a-cette-sensation-estivale-avec-cette-boisson-au-baton-de-citron\/\"]}]},{\"@type\":\"ImageObject\",\"inLanguage\":\"fr-BE\",\"@id\":\"https:\/\/vieassociative.be\/actualites\/accrochez-vous-a-cette-sensation-estivale-avec-cette-boisson-au-baton-de-citron\/#primaryimage\",\"url\":\"https:\/\/vieassociative.be\/actualites\/wp-content\/uploads\/2024\/10\/Accrochez-vous-a-cette-sensation-estivale-avec-cette-boisson.jpg\",\"contentUrl\":\"https:\/\/vieassociative.be\/actualites\/wp-content\/uploads\/2024\/10\/Accrochez-vous-a-cette-sensation-estivale-avec-cette-boisson.jpg\",\"width\":1200,\"height\":675,\"caption\":\"Accrochez-vous \u00e0 cette sensation estivale avec cette \u00ab boisson \u00bb au b\u00e2ton de citron\"},{\"@type\":\"BreadcrumbList\",\"@id\":\"https:\/\/vieassociative.be\/actualites\/accrochez-vous-a-cette-sensation-estivale-avec-cette-boisson-au-baton-de-citron\/#breadcrumb\",\"itemListElement\":[{\"@type\":\"ListItem\",\"position\":1,\"name\":\"Accueil\",\"item\":\"https:\/\/vieassociative.be\/actualites\/\"},{\"@type\":\"ListItem\",\"position\":2,\"name\":\"Accrochez-vous \u00e0 cette sensation estivale avec cette \u00ab boisson \u00bb au b\u00e2ton de citron\"}]},{\"@type\":\"WebSite\",\"@id\":\"https:\/\/vieassociative.be\/actualites\/#website\",\"url\":\"https:\/\/vieassociative.be\/actualites\/\",\"name\":\"Vie Associative\",\"description\":\"\",\"publisher\":{\"@id\":\"https:\/\/vieassociative.be\/actualites\/#organization\"},\"potentialAction\":[{\"@type\":\"SearchAction\",\"target\":{\"@type\":\"EntryPoint\",\"urlTemplate\":\"https:\/\/vieassociative.be\/actualites\/?s={search_term_string}\"},\"query-input\":{\"@type\":\"PropertyValueSpecification\",\"valueRequired\":true,\"valueName\":\"search_term_string\"}}],\"inLanguage\":\"fr-BE\"},{\"@type\":\"Organization\",\"@id\":\"https:\/\/vieassociative.be\/actualites\/#organization\",\"name\":\"Vie Associative\",\"url\":\"https:\/\/vieassociative.be\/actualites\/\",\"logo\":{\"@type\":\"ImageObject\",\"inLanguage\":\"fr-BE\",\"@id\":\"https:\/\/vieassociative.be\/actualites\/#\/schema\/logo\/image\/\",\"url\":\"https:\/\/vieassociative.be\/actualites\/wp-content\/uploads\/2024\/09\/cropped-vieassociative_favicon.ico.png\",\"contentUrl\":\"https:\/\/vieassociative.be\/actualites\/wp-content\/uploads\/2024\/09\/cropped-vieassociative_favicon.ico.png\",\"width\":512,\"height\":512,\"caption\":\"Vie Associative\"},\"image\":{\"@id\":\"https:\/\/vieassociative.be\/actualites\/#\/schema\/logo\/image\/\"}},{\"@type\":\"Person\",\"@id\":\"https:\/\/vieassociative.be\/actualites\/#\/schema\/person\/b87ac4f82f9d4e7b7cec7395b679edc4\",\"name\":\"Julien\",\"image\":{\"@type\":\"ImageObject\",\"inLanguage\":\"fr-BE\",\"@id\":\"https:\/\/vieassociative.be\/actualites\/#\/schema\/person\/image\/\",\"url\":\"https:\/\/vieassociative.be\/actualites\/wp-content\/uploads\/2024\/09\/vie-associative-1-150x150.jpg\",\"contentUrl\":\"https:\/\/vieassociative.be\/actualites\/wp-content\/uploads\/2024\/09\/vie-associative-1-150x150.jpg\",\"caption\":\"Julien\"},\"description\":\"Je suis Julien, r\u00e9dacteur pour Vie Associative. Passionn\u00e9 par le monde associatif depuis plus de 10 ans, j'ai \u00e0 c\u0153ur de partager des histoires inspirantes et de mettre en lumi\u00e8re les initiatives locales. Mon objectif est de sensibiliser et d'encourager l'engagement communautaire \u00e0 travers mes articles.\",\"sameAs\":[\"https:\/\/vieassociative.be\/\"]}]}<\/script>\n<!-- \/ Yoast SEO plugin. -->","yoast_head_json":{"title":"Accrochez-vous \u00e0 cette sensation estivale avec cette \u00ab boisson \u00bb au b\u00e2ton de citron | Vie Associative","robots":{"index":"index","follow":"follow","max-snippet":"max-snippet:-1","max-image-preview":"max-image-preview:large","max-video-preview":"max-video-preview:-1"},"canonical":"https:\/\/vieassociative.be\/actualites\/accrochez-vous-a-cette-sensation-estivale-avec-cette-boisson-au-baton-de-citron\/","og_locale":"fr_FR","og_type":"article","og_title":"Accrochez-vous \u00e0 cette sensation estivale avec cette \u00ab boisson \u00bb au b\u00e2ton de citron | Vie Associative","og_description":"C&rsquo;est doux sans \u00eatre \u00e9coeurant et aigre sans \u00eatre irritant. L&rsquo;\u00e9t\u00e9 s&rsquo;est termin\u00e9 brusquement cette ann\u00e9e. Une minute, je transpirais abondamment, me cachant du soleil","og_url":"https:\/\/vieassociative.be\/actualites\/accrochez-vous-a-cette-sensation-estivale-avec-cette-boisson-au-baton-de-citron\/","og_site_name":"Vie Associative","article_published_time":"2024-10-12T14:17:16+00:00","og_image":[{"width":279,"height":92,"url":"https:\/\/vieassociative.be\/actualites\/wp-content\/uploads\/2024\/09\/header_backgroundk-01-e1726694325946.png","type":"image\/png"}],"author":"Julien","twitter_card":"summary_large_image","twitter_misc":{"\u00c9crit par":"Julien","Dur\u00e9e de lecture est.":"3 minutes"},"schema":{"@context":"https:\/\/schema.org","@graph":[{"@type":"Article","@id":"https:\/\/vieassociative.be\/actualites\/accrochez-vous-a-cette-sensation-estivale-avec-cette-boisson-au-baton-de-citron\/#article","isPartOf":{"@id":"https:\/\/vieassociative.be\/actualites\/accrochez-vous-a-cette-sensation-estivale-avec-cette-boisson-au-baton-de-citron\/"},"author":{"name":"Julien","@id":"https:\/\/vieassociative.be\/actualites\/#\/schema\/person\/b87ac4f82f9d4e7b7cec7395b679edc4"},"headline":"Accrochez-vous \u00e0 cette sensation estivale avec cette \u00ab boisson \u00bb au b\u00e2ton de citron","datePublished":"2024-10-12T14:17:16+00:00","dateModified":"2024-10-12T14:17:16+00:00","mainEntityOfPage":{"@id":"https:\/\/vieassociative.be\/actualites\/accrochez-vous-a-cette-sensation-estivale-avec-cette-boisson-au-baton-de-citron\/"},"wordCount":531,"publisher":{"@id":"https:\/\/vieassociative.be\/actualites\/#organization"},"image":{"@id":"https:\/\/vieassociative.be\/actualites\/accrochez-vous-a-cette-sensation-estivale-avec-cette-boisson-au-baton-de-citron\/#primaryimage"},"thumbnailUrl":"https:\/\/vieassociative.be\/actualites\/wp-content\/uploads\/2024\/10\/Accrochez-vous-a-cette-sensation-estivale-avec-cette-boisson.jpg","keywords":["Accrochezvous","avec","b\u00e2ton","boisson","cette","citron","estivale","sensation"],"articleSection":["Gastronomie"],"inLanguage":"fr-BE"},{"@type":"WebPage","@id":"https:\/\/vieassociative.be\/actualites\/accrochez-vous-a-cette-sensation-estivale-avec-cette-boisson-au-baton-de-citron\/","url":"https:\/\/vieassociative.be\/actualites\/accrochez-vous-a-cette-sensation-estivale-avec-cette-boisson-au-baton-de-citron\/","name":"Accrochez-vous \u00e0 cette sensation estivale avec cette \u00ab boisson \u00bb au b\u00e2ton de citron | Vie Associative","isPartOf":{"@id":"https:\/\/vieassociative.be\/actualites\/#website"},"primaryImageOfPage":{"@id":"https:\/\/vieassociative.be\/actualites\/accrochez-vous-a-cette-sensation-estivale-avec-cette-boisson-au-baton-de-citron\/#primaryimage"},"image":{"@id":"https:\/\/vieassociative.be\/actualites\/accrochez-vous-a-cette-sensation-estivale-avec-cette-boisson-au-baton-de-citron\/#primaryimage"},"thumbnailUrl":"https:\/\/vieassociative.be\/actualites\/wp-content\/uploads\/2024\/10\/Accrochez-vous-a-cette-sensation-estivale-avec-cette-boisson.jpg","datePublished":"2024-10-12T14:17:16+00:00","dateModified":"2024-10-12T14:17:16+00:00","breadcrumb":{"@id":"https:\/\/vieassociative.be\/actualites\/accrochez-vous-a-cette-sensation-estivale-avec-cette-boisson-au-baton-de-citron\/#breadcrumb"},"inLanguage":"fr-BE","potentialAction":[{"@type":"ReadAction","target":["https:\/\/vieassociative.be\/actualites\/accrochez-vous-a-cette-sensation-estivale-avec-cette-boisson-au-baton-de-citron\/"]}]},{"@type":"ImageObject","inLanguage":"fr-BE","@id":"https:\/\/vieassociative.be\/actualites\/accrochez-vous-a-cette-sensation-estivale-avec-cette-boisson-au-baton-de-citron\/#primaryimage","url":"https:\/\/vieassociative.be\/actualites\/wp-content\/uploads\/2024\/10\/Accrochez-vous-a-cette-sensation-estivale-avec-cette-boisson.jpg","contentUrl":"https:\/\/vieassociative.be\/actualites\/wp-content\/uploads\/2024\/10\/Accrochez-vous-a-cette-sensation-estivale-avec-cette-boisson.jpg","width":1200,"height":675,"caption":"Accrochez-vous \u00e0 cette sensation estivale avec cette \u00ab boisson \u00bb au b\u00e2ton de citron"},{"@type":"BreadcrumbList","@id":"https:\/\/vieassociative.be\/actualites\/accrochez-vous-a-cette-sensation-estivale-avec-cette-boisson-au-baton-de-citron\/#breadcrumb","itemListElement":[{"@type":"ListItem","position":1,"name":"Accueil","item":"https:\/\/vieassociative.be\/actualites\/"},{"@type":"ListItem","position":2,"name":"Accrochez-vous \u00e0 cette sensation estivale avec cette \u00ab boisson \u00bb au b\u00e2ton de citron"}]},{"@type":"WebSite","@id":"https:\/\/vieassociative.be\/actualites\/#website","url":"https:\/\/vieassociative.be\/actualites\/","name":"Vie Associative","description":"","publisher":{"@id":"https:\/\/vieassociative.be\/actualites\/#organization"},"potentialAction":[{"@type":"SearchAction","target":{"@type":"EntryPoint","urlTemplate":"https:\/\/vieassociative.be\/actualites\/?s={search_term_string}"},"query-input":{"@type":"PropertyValueSpecification","valueRequired":true,"valueName":"search_term_string"}}],"inLanguage":"fr-BE"},{"@type":"Organization","@id":"https:\/\/vieassociative.be\/actualites\/#organization","name":"Vie Associative","url":"https:\/\/vieassociative.be\/actualites\/","logo":{"@type":"ImageObject","inLanguage":"fr-BE","@id":"https:\/\/vieassociative.be\/actualites\/#\/schema\/logo\/image\/","url":"https:\/\/vieassociative.be\/actualites\/wp-content\/uploads\/2024\/09\/cropped-vieassociative_favicon.ico.png","contentUrl":"https:\/\/vieassociative.be\/actualites\/wp-content\/uploads\/2024\/09\/cropped-vieassociative_favicon.ico.png","width":512,"height":512,"caption":"Vie Associative"},"image":{"@id":"https:\/\/vieassociative.be\/actualites\/#\/schema\/logo\/image\/"}},{"@type":"Person","@id":"https:\/\/vieassociative.be\/actualites\/#\/schema\/person\/b87ac4f82f9d4e7b7cec7395b679edc4","name":"Julien","image":{"@type":"ImageObject","inLanguage":"fr-BE","@id":"https:\/\/vieassociative.be\/actualites\/#\/schema\/person\/image\/","url":"https:\/\/vieassociative.be\/actualites\/wp-content\/uploads\/2024\/09\/vie-associative-1-150x150.jpg","contentUrl":"https:\/\/vieassociative.be\/actualites\/wp-content\/uploads\/2024\/09\/vie-associative-1-150x150.jpg","caption":"Julien"},"description":"Je suis Julien, r\u00e9dacteur pour Vie Associative. Passionn\u00e9 par le monde associatif depuis plus de 10 ans, j'ai \u00e0 c\u0153ur de partager des histoires inspirantes et de mettre en lumi\u00e8re les initiatives locales. Mon objectif est de sensibiliser et d'encourager l'engagement communautaire \u00e0 travers mes articles.","sameAs":["https:\/\/vieassociative.be\/"]}]}},"_links":{"self":[{"href":"https:\/\/vieassociative.be\/actualites\/wp-json\/wp\/v2\/posts\/1143"}],"collection":[{"href":"https:\/\/vieassociative.be\/actualites\/wp-json\/wp\/v2\/posts"}],"about":[{"href":"https:\/\/vieassociative.be\/actualites\/wp-json\/wp\/v2\/types\/post"}],"author":[{"embeddable":true,"href":"https:\/\/vieassociative.be\/actualites\/wp-json\/wp\/v2\/users\/1"}],"replies":[{"embeddable":true,"href":"https:\/\/vieassociative.be\/actualites\/wp-json\/wp\/v2\/comments?post=1143"}],"version-history":[{"count":0,"href":"https:\/\/vieassociative.be\/actualites\/wp-json\/wp\/v2\/posts\/1143\/revisions"}],"wp:featuredmedia":[{"embeddable":true,"href":"https:\/\/vieassociative.be\/actualites\/wp-json\/wp\/v2\/media\/1144"}],"wp:attachment":[{"href":"https:\/\/vieassociative.be\/actualites\/wp-json\/wp\/v2\/media?parent=1143"}],"wp:term":[{"taxonomy":"category","embeddable":true,"href":"https:\/\/vieassociative.be\/actualites\/wp-json\/wp\/v2\/categories?post=1143"},{"taxonomy":"post_tag","embeddable":true,"href":"https:\/\/vieassociative.be\/actualites\/wp-json\/wp\/v2\/tags?post=1143"}],"curies":[{"name":"wp","href":"https:\/\/api.w.org\/{rel}","templated":true}]}}