{"id":11428,"date":"2025-11-20T08:17:27","date_gmt":"2025-11-20T07:17:27","guid":{"rendered":"https:\/\/vieassociative.be\/actualites\/je-suis-un-editeur-technique-et-ce-sont-les-meilleures-offres-technologiques-du-debut-du-black-friday-en-ce-moment\/"},"modified":"2025-11-20T08:17:27","modified_gmt":"2025-11-20T07:17:27","slug":"je-suis-un-editeur-technique-et-ce-sont-les-meilleures-offres-technologiques-du-debut-du-black-friday-en-ce-moment","status":"publish","type":"post","link":"https:\/\/vieassociative.be\/actualites\/je-suis-un-editeur-technique-et-ce-sont-les-meilleures-offres-technologiques-du-debut-du-black-friday-en-ce-moment\/","title":{"rendered":"Je suis un \u00e9diteur technique et ce sont les meilleures offres technologiques du d\u00e9but du Black Friday en ce moment"},"content":{"rendered":"<div class=\"mt-4 leading-6 md:mb-8\">Vous pouvez b\u00e9n\u00e9ficier de r\u00e9ductions int\u00e9ressantes d\u00e8s maintenant, en particulier sur les technologies de derni\u00e8re g\u00e9n\u00e9ration.<\/div>\n<p><\/p>\n<p>Le Black Friday approche \u00e0 grands pas. Du lendemain de Thanksgiving jusqu&rsquo;au Cyber \u200b\u200b\u200b\u200bMonday, vous serez inond\u00e9 d&rsquo;offres de magasins et d&rsquo;entreprises. Mais avant m\u00eame le d\u00e9but officiel du Black Friday, les magasins proposent des r\u00e9ductions. En tant que r\u00e9dacteur technique de Vie Associative, j&rsquo;ai pass\u00e9 au peigne fin les diff\u00e9rentes offres technologiques dans des magasins comme Amazon, Best Buy et Walmart pour trouver les offres qui m\u00e9ritent r\u00e9ellement d&rsquo;\u00eatre prises en compte.  <\/p>\n<p>Bien qu&rsquo;il n&rsquo;y ait pas un grand nombre d&rsquo;excellentes offres en cours pour le moment, il y en a de bonnes dont vous pouvez profiter d\u00e8s maintenant. En fait, de nombreuses offres concernent des appareils de derni\u00e8re g\u00e9n\u00e9ration \u2013 j\u2019ai inclus celles qui valent encore la peine d\u2019\u00eatre r\u00e9cup\u00e9r\u00e9es en 2025, en particulier avec ces remises. Gardez \u00e9galement l\u2019\u0153il ouvert au cours des deux prochaines semaines\u00a0: \u00e0 mesure que nous nous rapprochons du Black Friday et du Cyber \u200b\u200b\u200b\u200bMonday, j\u2019imagine que beaucoup plus d\u2019offres commenceront \u00e0 \u00eatre d\u00e9ploy\u00e9es. <\/p>\n<h2 id=\"the-best-early-black-friday-deals-on-laptops\">Les meilleures offres du d\u00e9but du Black Friday sur les ordinateurs portables<\/h2>\n<div class=\"pogoClear mb-12 mt-10 rounded-md border-2 border-gray-100 py-7 shadow-xl md:py-6\">\n<div class=\"flex flex-wrap justify-between px-7 text-black no-underline md:flex-nowrap md:px-8\">\n<div class=\"order-1 mx-auto flex flex-col justify-center md:order-2 md:ml-4 md:w-full md:grow\">\n<div class=\"block cursor-pointer text-center font-akshar text-2xl font-medium leading-7 text-brand-green duration-200 ease-in-out hover:text-brand-green-700 md:text-left md:text-xl md:leading-6\">MacBook Air M4 (13 pouces)\n                <\/div>\n<div class=\"mt-4 hidden md:flex md:justify-between\">\n<div class=\"self-end\">\n<div class=\"mb-0 h-11 md:flex md:flex-col md:justify-center\">\n<div class=\" font-sans leading-4 text-black\">\n<div class=\"flex flex-wrap items-center justify-center gap-1 md:justify-start\">\n        <span class=\"font-bold\"><\/p>\n<p>            749,00\u00a0$<br \/>\n                            <span class=\"font-medium\">chez Best Buy<\/span><br \/>\n                    <\/span>\n            <\/div>\n<div class=\"flex items-center justify-center gap-x-1 font-bold md:justify-start\">\n            <span class=\"text-sm line-through\">999,00\u00a0$<\/span><br \/>\n            <span class=\"text-sm text-brand-green\">\u00c9conomisez 250,00\u00a0$<\/span>\n        <\/div>\n<\/p><\/div>\n<\/p><\/div>\n<\/p><\/div>\n<div class=\"w-44 self-end\">\n                            <button class=\"flex justify-center items-center w-full bg-brand-green text-white text-base font-sans font-medium rounded-md hover:bg-brand-green-700 hover:cursor-pointer md:text-sm h-11\"><\/p>\n<p>    Obtenez une offre<br \/>\n<\/button>\n                        <\/div>\n<\/p><\/div>\n<\/p><\/div>\n<div class=\"order-2 mt-5 h-auto w-full md:order-1 md:mt-0 md:hidden\">\n<div class=\"flex aspect-video items-center justify-center\">\n                                            <img decoding=\"async\" class=\"m-0 max-h-full max-w-full rounded-md\" src=\"https:\/\/vieassociative.be\/actualites\/wp-content\/uploads\/2025\/11\/Ce-premier-accord-du-Black-Friday-rend-le-MacBook-Air.jpg\" alt=\"Apple MacBook M4 Puce 256 Go SSD 16 Go RAM 13,6\" laptop width=\"auto\" height=\"auto\" loading=\"lazy\">\n                                    <\/div>\n<\/p><\/div>\n<div class=\"order-2 ml-2 hidden w-32 shrink-0 items-center md:order-1 md:ml-0 md:flex\">\n<div class=\"flex aspect-video items-center justify-center\">\n                                            <img decoding=\"async\" class=\"m-0 max-h-full max-w-full rounded-md\" src=\"https:\/\/vieassociative.be\/actualites\/wp-content\/uploads\/2025\/11\/Ce-premier-accord-du-Black-Friday-rend-le-MacBook-Air.jpg\" alt=\"Apple MacBook M4 Puce 256 Go SSD 16 Go RAM 13,6\" laptop width=\"auto\" height=\"auto\" loading=\"lazy\">\n                                    <\/div>\n<\/p><\/div>\n<div class=\"order-3 flex grow flex-wrap md:hidden md:grow-0\">\n<div class=\"mt-4 w-full\">\n                        <button class=\"flex justify-center items-center w-full bg-brand-green text-white text-base font-sans font-medium rounded-md hover:bg-brand-green-700 hover:cursor-pointer md:text-sm h-11\"><\/p>\n<p>    Obtenez une offre<br \/>\n<\/button>\n                    <\/div>\n<div class=\"mx-2 mt-4 w-full\">\n<div class=\" font-sans leading-4 text-black\">\n<div class=\"flex flex-wrap items-center justify-center gap-1 md:justify-start\">\n        <span class=\"font-bold\"><\/p>\n<p>            749,00\u00a0$<br \/>\n                            <span class=\"font-medium\">chez Best Buy<\/span><br \/>\n                    <\/span>\n            <\/div>\n<div class=\"flex items-center justify-center gap-x-1 font-bold md:justify-start\">\n            <span class=\"text-sm line-through\">999,00\u00a0$<\/span><br \/>\n            <span class=\"text-sm text-brand-green\">\u00c9conomisez 250,00\u00a0$<\/span>\n        <\/div>\n<\/p><\/div>\n<\/p><\/div>\n<\/p><\/div>\n<\/p><\/div>\n<\/div>\n<ul>\n<li>\n<p><strong>MacBook Air M4 (13 pouces)<\/strong>: 749 $ sur Amazon (au lieu de 999 $) : Sans aucun doute, mon offre pr\u00e9f\u00e9r\u00e9e sur les ordinateurs portables du d\u00e9but du Black Friday est cette r\u00e9duction de prix sur le MacBook Air M4. Pour 750 $, vous obtenez la derni\u00e8re puce M4, 16 Go de RAM et 256 Go de stockage. C&rsquo;est un package fantastique pour tous ceux qui ont besoin d&rsquo;un ordinateur portable pour les t\u00e2ches quotidiennes, m\u00eame si ces puces peuvent \u00eatre pouss\u00e9es plus loin que vous ne le pensez. Si vous avez besoin de RAM ou de stockage suppl\u00e9mentaire, Amazon vend le mod\u00e8le 512 Go pour 949 $ et le mod\u00e8le 512 Go\/24 Go de RAM pour 1\u00a0149 $.<\/p>\n<\/li>\n<li>\n<p><strong>MacBook Air M2 (13 pouces)<\/strong>: 699 $ chez Best Buy (au lieu de 799 $) : Si votre budget maximum est de 700 $, le MacBook Air M2 est un excellent choix. Ce MacBook Air a la m\u00eame apparence et la m\u00eame sensation que le mod\u00e8le M4 et est \u00e9galement livr\u00e9 avec 16 Go de RAM et 512 Go de stockage. Cependant, vous obtenez une puce M2, qui a deux g\u00e9n\u00e9rations de retard sur la M4. Personnellement, je pense que la p\u00e9rennit\u00e9 que vous obtenez avec le M4 vaut les 50 $ suppl\u00e9mentaires, mais le MacBook Air M2 repr\u00e9sente encore beaucoup d&rsquo;ordinateurs pour son prix actuel. <\/p>\n<\/li>\n<li>\n<p><strong>Ordinateur Dell 16 Plus Copilot+ (16 pouces)<\/strong>: 999,99 $ chez Best Buy (au lieu de 1\u00a0599,99 $) : Malgr\u00e9 le nom du PC Copilot+, cet ordinateur portable Dell 16 Plus offre un excellent rapport qualit\u00e9-prix. Cet ordinateur portable est livr\u00e9 avec un \u00e9cran 2,5K de 16 pouces avec un taux de rafra\u00eechissement de 90 Hz, une puce Intel Core Ultra 9 Series 2 \u00e0 3,3 GHz avec 32 Go de RAM et 1 To de stockage. Best Buy offre une r\u00e9duction de 600 $ dans le cadre de sa premi\u00e8re vente du Black Friday.    <\/p>\n<\/li>\n<li>\n<p><strong>Galaxy Book4 (16 pouces)<\/strong>: 1 199,99 $ chez Best Buy (au lieu de 1 899,99 $) : Ce Galaxy Book4 est livr\u00e9 avec un panneau AMOLED de 2 880 x 1 800, avec un taux de rafra\u00eechissement de 120 Hz. Il ex\u00e9cute une puce Intel Core Ultra 7 Series 1 \u00e0 3,8 GHz avec 16 Go de RAM et 1 To de stockage. Best Buy propose actuellement une r\u00e9duction de 700 $. <\/p>\n<\/li>\n<\/ul>\n<h2 id=\"the-best-early-black-friday-deals-on-tablets\">Les meilleures offres du d\u00e9but du Black Friday sur les tablettes<\/h2>\n<div class=\"pogoClear mb-12 mt-10 rounded-md border-2 border-gray-100 py-7 shadow-xl md:py-6\">\n<div class=\"flex flex-wrap justify-between px-7 text-black no-underline md:flex-nowrap md:px-8\">\n<div class=\"order-1 mx-auto flex flex-col justify-center md:order-2 md:ml-4 md:w-full md:grow\">\n<div class=\"block cursor-pointer text-center font-akshar text-2xl font-medium leading-7 text-brand-green duration-200 ease-in-out hover:text-brand-green-700 md:text-left md:text-xl md:leading-6\">iPad A16\n                <\/div>\n<div class=\"mt-4 hidden md:flex md:justify-between\">\n<div class=\"self-end\">\n<div class=\"mb-0 h-11 md:flex md:flex-col md:justify-center\">\n<div class=\" font-sans leading-4 text-black\">\n<div class=\"flex flex-wrap items-center justify-center gap-1 md:justify-start\">\n        <span class=\"font-bold\"><\/p>\n<p>            299,00\u00a0$<br \/>\n                            <span class=\"font-medium\">chez Best Buy<\/span><br \/>\n                    <\/span>\n            <\/div>\n<div class=\"flex items-center justify-center gap-x-1 font-bold md:justify-start\">\n            <span class=\"text-sm line-through\">349,00\u00a0$<\/span><br \/>\n            <span class=\"text-sm text-brand-green\">\u00c9conomisez 50,00\u00a0$<\/span>\n        <\/div>\n<\/p><\/div>\n<\/p><\/div>\n<\/p><\/div>\n<div class=\"w-44 self-end\">\n                            <button class=\"flex justify-center items-center w-full bg-brand-green text-white text-base font-sans font-medium rounded-md hover:bg-brand-green-700 hover:cursor-pointer md:text-sm h-11\"><\/p>\n<p>    Obtenez une offre<br \/>\n<\/button>\n                        <\/div>\n<\/p><\/div>\n<\/p><\/div>\n<div class=\"order-2 mt-5 h-auto w-full md:order-1 md:mt-0 md:hidden\">\n<div class=\"flex aspect-video items-center justify-center\">\n                                            <img decoding=\"async\" class=\"m-0 max-h-full max-w-full rounded-md\" src=\"https:\/\/vieassociative.be\/actualites\/wp-content\/uploads\/2025\/11\/Je-suis-un-editeur-technique-et-ce-sont-les-meilleures.jpg\" alt=\"AppleiPad 11\" a16 wifi tablet width=\"auto\" height=\"auto\" loading=\"lazy\">\n                                    <\/div>\n<\/p><\/div>\n<div class=\"order-2 ml-2 hidden w-32 shrink-0 items-center md:order-1 md:ml-0 md:flex\">\n<div class=\"flex aspect-video items-center justify-center\">\n                                            <img decoding=\"async\" class=\"m-0 max-h-full max-w-full rounded-md\" src=\"https:\/\/vieassociative.be\/actualites\/wp-content\/uploads\/2025\/11\/Je-suis-un-editeur-technique-et-ce-sont-les-meilleures.jpg\" alt=\"AppleiPad 11\" a16 wifi tablet width=\"auto\" height=\"auto\" loading=\"lazy\">\n                                    <\/div>\n<\/p><\/div>\n<div class=\"order-3 flex grow flex-wrap md:hidden md:grow-0\">\n<div class=\"mt-4 w-full\">\n                        <button class=\"flex justify-center items-center w-full bg-brand-green text-white text-base font-sans font-medium rounded-md hover:bg-brand-green-700 hover:cursor-pointer md:text-sm h-11\"><\/p>\n<p>    Obtenez une offre<br \/>\n<\/button>\n                    <\/div>\n<div class=\"mx-2 mt-4 w-full\">\n<div class=\" font-sans leading-4 text-black\">\n<div class=\"flex flex-wrap items-center justify-center gap-1 md:justify-start\">\n        <span class=\"font-bold\"><\/p>\n<p>            299,00\u00a0$<br \/>\n                            <span class=\"font-medium\">chez Best Buy<\/span><br \/>\n                    <\/span>\n            <\/div>\n<div class=\"flex items-center justify-center gap-x-1 font-bold md:justify-start\">\n            <span class=\"text-sm line-through\">349,00\u00a0$<\/span><br \/>\n            <span class=\"text-sm text-brand-green\">\u00c9conomisez 50,00\u00a0$<\/span>\n        <\/div>\n<\/p><\/div>\n<\/p><\/div>\n<\/p><\/div>\n<\/p><\/div>\n<\/div>\n<ul>\n<li>\n<p><strong>iPad A16<\/strong>: 299 $ sur Amazon (au lieu de 349 $) : Apple vend beaucoup d&rsquo;iPad, mais son mod\u00e8le le plus abordable pourrait suffire \u00e0 la plupart des gens. La tablette est livr\u00e9e avec un \u00e9cran de 11 pouces, la puce A16 d&rsquo;Apple et 128 Go de stockage. Il ne sera pas aussi puissant que l&rsquo;un des iPad de la s\u00e9rie M d&rsquo;Apple, et l&rsquo;\u00e9cran ne peut pas rivaliser avec les iPad Pro OLED, mais pour 300 $, c&rsquo;est une excellente tablette.  <\/p>\n<\/li>\n<li>\n<p><strong>iPad Pro (11 pouces)<\/strong>: 899 $ chez Best Buy (au lieu de 999 $) : Si vous voulez l&rsquo;iPad le plus puissant et le plus riche en fonctionnalit\u00e9s d&rsquo;Apple, le Pro 11 pouces est actuellement \u00e0 100 $ de r\u00e9duction. Ce mod\u00e8le est livr\u00e9 avec la puce M4 d&rsquo;Apple, 256 Go de stockage et un \u00e9cran OLED. <\/p>\n<\/li>\n<li>\n<p><strong>Samsung Galaxy Tab S6 Lite<\/strong>: 159,99 $ sur Amazon (au lieu de 329 $)\u00a0: La Tab S6 Lite de Samsung est un bon choix pour tous ceux qui recherchent une tablette Android solide mais abordable. Ce mod\u00e8le est livr\u00e9 avec un \u00e9cran de 10,4 pouces, 64 Go de stockage et le S Pen de Samsung. C&rsquo;est actuellement 170 $ de r\u00e9duction sur Amazon.     <\/p>\n<\/li>\n<li>\n<p><strong>Samsung Galaxy Tab S10 FE<\/strong>: 359,99 $ sur Amazon (au lieu de 499,99 $) : la tablette S10 FE de Samsung est actuellement \u00e0 130 $ de r\u00e9duction. Il est livr\u00e9 avec un \u00e9cran de 10,9 pouces \u00e0 90 Hz, 128 Go de stockage et le S Pen de Samsung. Si vous recherchez des alternatives, Samsung propose en fait un certain nombre d&rsquo;autres tablettes en vente sur Amazon dans le cadre de sa premi\u00e8re promotion Black Friday.   <\/p>\n<\/li>\n<\/ul>\n<h2 id=\"the-best-early-black-friday-deals-on-phones\">Les meilleures offres du Black Friday sur les t\u00e9l\u00e9phones<\/h2>\n<div class=\"pogoClear mb-12 mt-10 rounded-md border-2 border-gray-100 py-7 shadow-xl md:py-6\">\n<div class=\"flex flex-wrap justify-between px-7 text-black no-underline md:flex-nowrap md:px-8\">\n<div class=\"order-1 mx-auto flex flex-col justify-center md:order-2 md:ml-4 md:w-full md:grow\">\n<div class=\"block cursor-pointer text-center font-akshar text-2xl font-medium leading-7 text-brand-green duration-200 ease-in-out hover:text-brand-green-700 md:text-left md:text-xl md:leading-6\">Samsung Galaxy S25 Ultra\n                <\/div>\n<div class=\"mt-4 hidden md:flex md:justify-between\">\n<div class=\"self-end\">\n<div class=\"mb-0 h-11 md:flex md:flex-col md:justify-center\">\n<div class=\" font-sans leading-4 text-black\">\n<div class=\"flex flex-wrap items-center justify-center gap-1 md:justify-start\">\n        <span class=\"font-bold\"><\/p>\n<p>            1\u00a0057,91\u00a0$<br \/>\n                            <span class=\"font-medium\">chez Amazon<\/span><br \/>\n                    <\/span>\n            <\/div>\n<div class=\"flex items-center justify-center gap-x-1 font-bold md:justify-start\">\n            <span class=\"text-sm line-through\">1\u00a0419,99\u00a0$<\/span><br \/>\n            <span class=\"text-sm text-brand-green\">\u00c9conomisez 362,08\u00a0$<\/span>\n        <\/div>\n<\/p><\/div>\n<\/p><\/div>\n<\/p><\/div>\n<div class=\"w-44 self-end\">\n                            <button class=\"flex justify-center items-center w-full bg-brand-green text-white text-base font-sans font-medium rounded-md hover:bg-brand-green-700 hover:cursor-pointer md:text-sm h-11\"><\/p>\n<p>    Obtenez une offre<br \/>\n<\/button>\n                        <\/div>\n<\/p><\/div>\n<\/p><\/div>\n<div class=\"order-2 mt-5 h-auto w-full md:order-1 md:mt-0 md:hidden\">\n<div class=\"flex aspect-video items-center justify-center\">\n                                            <img decoding=\"async\" class=\"m-0 max-h-full max-w-full rounded-md\" src=\"https:\/\/vieassociative.be\/actualites\/wp-content\/uploads\/2025\/11\/1763623046_762_Je-suis-un-editeur-technique-et-ce-sont-les-meilleures.jpg\" alt=\"Samsung Galaxy S25 Ultra\" width=\"auto\" height=\"auto\" loading=\"lazy\">\n                                    <\/div>\n<\/p><\/div>\n<div class=\"order-2 ml-2 hidden w-32 shrink-0 items-center md:order-1 md:ml-0 md:flex\">\n<div class=\"flex aspect-video items-center justify-center\">\n                                            <img decoding=\"async\" class=\"m-0 max-h-full max-w-full rounded-md\" src=\"https:\/\/vieassociative.be\/actualites\/wp-content\/uploads\/2025\/11\/1763623046_762_Je-suis-un-editeur-technique-et-ce-sont-les-meilleures.jpg\" alt=\"Samsung Galaxy S25 Ultra\" width=\"auto\" height=\"auto\" loading=\"lazy\">\n                                    <\/div>\n<\/p><\/div>\n<div class=\"order-3 flex grow flex-wrap md:hidden md:grow-0\">\n<div class=\"mt-4 w-full\">\n                        <button class=\"flex justify-center items-center w-full bg-brand-green text-white text-base font-sans font-medium rounded-md hover:bg-brand-green-700 hover:cursor-pointer md:text-sm h-11\"><\/p>\n<p>    Obtenez une offre<br \/>\n<\/button>\n                    <\/div>\n<div class=\"mx-2 mt-4 w-full\">\n<div class=\" font-sans leading-4 text-black\">\n<div class=\"flex flex-wrap items-center justify-center gap-1 md:justify-start\">\n        <span class=\"font-bold\"><\/p>\n<p>            1\u00a0057,91\u00a0$<br \/>\n                            <span class=\"font-medium\">chez Amazon<\/span><br \/>\n                    <\/span>\n            <\/div>\n<div class=\"flex items-center justify-center gap-x-1 font-bold md:justify-start\">\n            <span class=\"text-sm line-through\">1\u00a0419,99\u00a0$<\/span><br \/>\n            <span class=\"text-sm text-brand-green\">\u00c9conomisez 362,08\u00a0$<\/span>\n        <\/div>\n<\/p><\/div>\n<\/p><\/div>\n<\/p><\/div>\n<\/p><\/div>\n<\/div>\n<ul>\n<li>\n<p><strong>Samsung Galaxy S25 FE<\/strong>: 534,99 $ sur Amazon (au lieu de 709,99 $) : l&rsquo;appareil \u00ab \u00e9conomique \u00bb Galaxy S25 de Samsung co\u00fbte normalement plus de 700 $, mais il est actuellement \u00e0 25 % de r\u00e9duction avant le Black Friday. Le t\u00e9l\u00e9phone est livr\u00e9 avec 256 Go de stockage, une puce Exynos 2400 avec 8 Go de RAM et un \u00e9cran 1080p de 6,7 pouces. <\/p>\n<\/li>\n<li>\n<p><strong>Samsung Galaxy S25 Ultra<\/strong>: 1 057,91 $ sur Amazon (au lieu de 1 419,99 $) : le smartphone phare le plus cher de Samsung b\u00e9n\u00e9ficie \u00e9galement d&rsquo;une r\u00e9duction de 25 %, ce qui enl\u00e8ve plus de 360 \u200b\u200b$ au prix catalogue. Le S25 Ultra est livr\u00e9 avec 512 Go de stockage, une puce Snapdragon 8 Elite avec 12 Go de RAM et un \u00e9cran 1440p de 6,9 \u200b\u200bpouces. <\/p>\n<\/li>\n<\/ul>\n<h2 id=\"the-best-early-black-friday-deals-on-smartwatches\">Les meilleures offres du Black Friday sur les montres intelligentes<\/h2>\n<div class=\"pogoClear mb-12 mt-10 rounded-md border-2 border-gray-100 py-7 shadow-xl md:py-6\">\n<div class=\"flex flex-wrap justify-between px-7 text-black no-underline md:flex-nowrap md:px-8\">\n<div class=\"order-1 mx-auto flex flex-col justify-center md:order-2 md:ml-4 md:w-full md:grow\">\n<div class=\"block cursor-pointer text-center font-akshar text-2xl font-medium leading-7 text-brand-green duration-200 ease-in-out hover:text-brand-green-700 md:text-left md:text-xl md:leading-6\">Apple Watch SE (2e g\u00e9n\u00e9ration)\n                <\/div>\n<div class=\"mt-4 hidden md:flex md:justify-between\">\n<div class=\"self-end\">\n<div class=\"mb-0 h-11 md:flex md:flex-col md:justify-center\">\n<div class=\" font-sans leading-4 text-black\">\n<div class=\"flex flex-wrap items-center justify-center gap-1 md:justify-start\">\n        <span class=\"font-bold\"><\/p>\n<p>            159,99\u00a0$<br \/>\n                            <span class=\"font-medium\">chez Amazon<\/span><br \/>\n                    <\/span>\n            <\/div>\n<div class=\"flex items-center justify-center gap-x-1 font-bold md:justify-start\">\n            <span class=\"text-sm line-through\">249,00\u00a0$<\/span><br \/>\n            <span class=\"text-sm text-brand-green\">\u00c9conomisez 89,01\u00a0$<\/span>\n        <\/div>\n<\/p><\/div>\n<\/p><\/div>\n<\/p><\/div>\n<div class=\"w-44 self-end\">\n                            <button class=\"flex justify-center items-center w-full bg-brand-green text-white text-base font-sans font-medium rounded-md hover:bg-brand-green-700 hover:cursor-pointer md:text-sm h-11\"><\/p>\n<p>    Obtenez une offre<br \/>\n<\/button>\n                        <\/div>\n<\/p><\/div>\n<\/p><\/div>\n<div class=\"order-2 mt-5 h-auto w-full md:order-1 md:mt-0 md:hidden\">\n<div class=\"flex aspect-video items-center justify-center\">\n                                            <img decoding=\"async\" class=\"m-0 max-h-full max-w-full rounded-md\" src=\"https:\/\/vieassociative.be\/actualites\/wp-content\/uploads\/2025\/11\/1763623046_384_Je-suis-un-editeur-technique-et-ce-sont-les-meilleures.jpg\" alt=\"Apple Watch SE 2e g\u00e9n\u00e9ration (GPS, 40 mm, minuit, S\/M, bracelet sport)\" width=\"auto\" height=\"auto\" loading=\"lazy\">\n                                    <\/div>\n<\/p><\/div>\n<div class=\"order-2 ml-2 hidden w-32 shrink-0 items-center md:order-1 md:ml-0 md:flex\">\n<div class=\"flex aspect-video items-center justify-center\">\n                                            <img decoding=\"async\" class=\"m-0 max-h-full max-w-full rounded-md\" src=\"https:\/\/vieassociative.be\/actualites\/wp-content\/uploads\/2025\/11\/1763623046_384_Je-suis-un-editeur-technique-et-ce-sont-les-meilleures.jpg\" alt=\"Apple Watch SE 2e g\u00e9n\u00e9ration (GPS, 40 mm, minuit, S\/M, bracelet sport)\" width=\"auto\" height=\"auto\" loading=\"lazy\">\n                                    <\/div>\n<\/p><\/div>\n<div class=\"order-3 flex grow flex-wrap md:hidden md:grow-0\">\n<div class=\"mt-4 w-full\">\n                        <button class=\"flex justify-center items-center w-full bg-brand-green text-white text-base font-sans font-medium rounded-md hover:bg-brand-green-700 hover:cursor-pointer md:text-sm h-11\"><\/p>\n<p>    Obtenez une offre<br \/>\n<\/button>\n                    <\/div>\n<div class=\"mx-2 mt-4 w-full\">\n<div class=\" font-sans leading-4 text-black\">\n<div class=\"flex flex-wrap items-center justify-center gap-1 md:justify-start\">\n        <span class=\"font-bold\"><\/p>\n<p>            159,99\u00a0$<br \/>\n                            <span class=\"font-medium\">chez Amazon<\/span><br \/>\n                    <\/span>\n            <\/div>\n<div class=\"flex items-center justify-center gap-x-1 font-bold md:justify-start\">\n            <span class=\"text-sm line-through\">249,00\u00a0$<\/span><br \/>\n            <span class=\"text-sm text-brand-green\">\u00c9conomisez 89,01\u00a0$<\/span>\n        <\/div>\n<\/p><\/div>\n<\/p><\/div>\n<\/p><\/div>\n<\/p><\/div>\n<\/div>\n<ul>\n<li>\n<p><strong>Apple Watch SE (2e g\u00e9n\u00e9ration)<\/strong>: 169 $ chez Walmart (au lieu de 249 $) : Bien qu&rsquo;Apple vende actuellement l&rsquo;Apple Watch SE de troisi\u00e8me g\u00e9n\u00e9ration, la deuxi\u00e8me g\u00e9n\u00e9ration reste une excellente montre intelligente. Walmart le propose actuellement avec une r\u00e9duction de 80 $, que vous choisissiez le mod\u00e8le GPS 40 mm ou le mod\u00e8le 44 mm. Si vous choisissez cette derni\u00e8re option, cela vous co\u00fbtera 199 $, contre 279 $ auparavant.    <\/p>\n<\/li>\n<li>\n<p><strong>Apple Watch Ultra2<\/strong>: 699 $ chez Best Buy (au lieu de 799 $) : De m\u00eame, vous pouvez \u00e9conomiser 100 $ sur l&rsquo;Apple Watch Ultra 2 de deuxi\u00e8me g\u00e9n\u00e9ration, si cela ne vous d\u00e9range pas qu&rsquo;Apple vend actuellement une Apple Watch Ultra 3, mais cela vous co\u00fbtera au moins 180 $ de plus pour le moment. L&rsquo;Ultra 2 vous offre un grand \u00e9cran de 49 mm avec une luminosit\u00e9 allant jusqu&rsquo;\u00e0 3 000 nits. Il est \u00e9galement dot\u00e9 de fonctionnalit\u00e9s \u00ab professionnelles \u00bb telles qu&rsquo;une r\u00e9sistance \u00e0 l&rsquo;eau de 100 m et une jauge de profondeur de 40 m con\u00e7ue pour la plong\u00e9e sous-marine et en apn\u00e9e, ainsi qu&rsquo;une autonomie de batterie allant jusqu&rsquo;\u00e0 36 heures. <\/p>\n<\/li>\n<li>\n<p><strong>Apple Watch s\u00e9rie 10<\/strong>: 249 $ chez Best Buy (au lieu de 499 $) : la derni\u00e8re Apple Watch Series 11 d&rsquo;Apple est \u00e0 pr\u00e8s de 50 $ de r\u00e9duction chez Walmart. Mais vous pouvez \u00e9conomiser 100 $ suppl\u00e9mentaires en optant pour l\u2019Apple Watch Series 10 de g\u00e9n\u00e9ration pr\u00e9c\u00e9dente. <\/p>\n<\/li>\n<li>\n<p><strong>Garmin Vivoactive 5<\/strong>: 199 $ chez Best Buy (au lieu de 299 $) : Garmin est dans un bateau similaire aux montres Apple ci-dessus, car la v\u00edvoactive 5 est d\u00e9sormais un produit de derni\u00e8re g\u00e9n\u00e9ration. N\u00e9anmoins, il est livr\u00e9 avec un \u00e9cran de 42 mm, une multitude de fonctionnalit\u00e9s d&rsquo;entra\u00eenement (comme le suivi du sommeil, la fr\u00e9quence respiratoire, l&rsquo;activit\u00e9 par rapport \u00e0 l&rsquo;inactivit\u00e9) et 264 heures d&rsquo;autonomie. <\/p>\n<\/li>\n<\/ul>\n<h2 id=\"the-best-early-black-friday-deals-on-headphones-and-earbuds\">Les meilleures offres du d\u00e9but du Black Friday sur les \u00e9couteurs et les \u00e9couteurs<\/h2>\n<div class=\"pogoClear mb-12 mt-10 rounded-md border-2 border-gray-100 py-7 shadow-xl md:py-6\">\n<div class=\"flex flex-wrap justify-between px-7 text-black no-underline md:flex-nowrap md:px-8\">\n<div class=\"order-1 mx-auto flex flex-col justify-center md:order-2 md:ml-4 md:w-full md:grow\">\n<div class=\"block cursor-pointer text-center font-akshar text-2xl font-medium leading-7 text-brand-green duration-200 ease-in-out hover:text-brand-green-700 md:text-left md:text-xl md:leading-6\">AirPods Pro 2\n                <\/div>\n<div class=\"mt-4 hidden md:flex md:justify-between\">\n<div class=\"self-end\">\n<div class=\"mb-0 h-11 md:flex md:flex-col md:justify-center\">\n<div class=\" font-sans leading-4 text-black\">\n<div class=\"flex flex-wrap items-center justify-center gap-1 md:justify-start\">\n        <span class=\"font-bold\"><\/p>\n<p>            139,00\u00a0$<br \/>\n                            <span class=\"font-medium\">chez Walmart<\/span><br \/>\n                    <\/span>\n            <\/div>\n<div class=\"flex items-center justify-center gap-x-1 font-bold md:justify-start\">\n            <span class=\"text-sm line-through\">184,79\u00a0$<\/span><br \/>\n            <span class=\"text-sm text-brand-green\">\u00c9conomisez 45,79\u00a0$<\/span>\n        <\/div>\n<\/p><\/div>\n<\/p><\/div>\n<\/p><\/div>\n<div class=\"w-44 self-end\">\n                            <button class=\"flex justify-center items-center w-full bg-brand-green text-white text-base font-sans font-medium rounded-md hover:bg-brand-green-700 hover:cursor-pointer md:text-sm h-11\"><\/p>\n<p>    Obtenez une offre<br \/>\n<\/button>\n                        <\/div>\n<\/p><\/div>\n<\/p><\/div>\n<div class=\"order-2 mt-5 h-auto w-full md:order-1 md:mt-0 md:hidden\">\n<div class=\"flex aspect-video items-center justify-center\">\n                                            <img decoding=\"async\" class=\"m-0 max-h-full max-w-full rounded-md\" src=\"https:\/\/vieassociative.be\/actualites\/wp-content\/uploads\/2025\/11\/1763623047_805_Je-suis-un-editeur-technique-et-ce-sont-les-meilleures.jpg\" alt=\"\u00c9couteurs sans fil \u00e0 r\u00e9duction de bruit Apple AirPods Pro 2\" width=\"auto\" height=\"auto\" loading=\"lazy\">\n                                    <\/div>\n<\/p><\/div>\n<div class=\"order-2 ml-2 hidden w-32 shrink-0 items-center md:order-1 md:ml-0 md:flex\">\n<div class=\"flex aspect-video items-center justify-center\">\n                                            <img decoding=\"async\" class=\"m-0 max-h-full max-w-full rounded-md\" src=\"https:\/\/vieassociative.be\/actualites\/wp-content\/uploads\/2025\/11\/1763623047_805_Je-suis-un-editeur-technique-et-ce-sont-les-meilleures.jpg\" alt=\"\u00c9couteurs sans fil \u00e0 r\u00e9duction de bruit Apple AirPods Pro 2\" width=\"auto\" height=\"auto\" loading=\"lazy\">\n                                    <\/div>\n<\/p><\/div>\n<div class=\"order-3 flex grow flex-wrap md:hidden md:grow-0\">\n<div class=\"mt-4 w-full\">\n                        <button class=\"flex justify-center items-center w-full bg-brand-green text-white text-base font-sans font-medium rounded-md hover:bg-brand-green-700 hover:cursor-pointer md:text-sm h-11\"><\/p>\n<p>    Obtenez une offre<br \/>\n<\/button>\n                    <\/div>\n<div class=\"mx-2 mt-4 w-full\">\n<div class=\" font-sans leading-4 text-black\">\n<div class=\"flex flex-wrap items-center justify-center gap-1 md:justify-start\">\n        <span class=\"font-bold\"><\/p>\n<p>            139,00\u00a0$<br \/>\n                            <span class=\"font-medium\">chez Walmart<\/span><br \/>\n                    <\/span>\n            <\/div>\n<div class=\"flex items-center justify-center gap-x-1 font-bold md:justify-start\">\n            <span class=\"text-sm line-through\">184,79\u00a0$<\/span><br \/>\n            <span class=\"text-sm text-brand-green\">\u00c9conomisez 45,79\u00a0$<\/span>\n        <\/div>\n<\/p><\/div>\n<\/p><\/div>\n<\/p><\/div>\n<\/p><\/div>\n<\/div>\n<ul>\n<li>\n<p><strong>AirPods Pro 2<\/strong>: 139 $ chez Walmart (au lieu de 239 $) : Si vous ne voulez pas d\u00e9penser 249 $ pour les AirPods Pro 3 d&rsquo;Apple, les Pros de deuxi\u00e8me g\u00e9n\u00e9ration sont en quelque sorte une bonne affaire \u00e0 139 $. Ils offrent toujours un son exceptionnel, une suppression du bruit et une transparence, et vous \u00e9conomisez 110 $ par rapport au dernier mod\u00e8le d&rsquo;Apple. <\/p>\n<\/li>\n<li>\n<p><strong>\u00c9couteurs QuietComfort Ultra<\/strong>: 249 $ sur Amazon (au lieu de 299 $) : Bose est connu \u00e0 la fois pour sa qualit\u00e9 sonore et sa suppression du bruit, et bien que les \u00e9couteurs QuietComfort Ultra soient un peu chers, ils sont actuellement \u00e0 50 $ de r\u00e9duction. <\/p>\n<\/li>\n<li>\n<p><strong>\u00c9couteurs JBL Tune<\/strong>: 39,95 $ sur Amazon (au lieu de 99,95 $) : Les \u00e9couteurs sans fil peuvent co\u00fbter cher, il est donc rafra\u00eechissant de b\u00e9n\u00e9ficier d&rsquo;une r\u00e9duction comme celle-ci sur les Tune Buds de JBL. Les t\u00eates co\u00fbtent normalement un peu moins de 100 $, mais avant le Black Friday, elles sont \u00e0 60 $ de r\u00e9duction.<\/p>\n<\/li>\n<li>\n<p><strong>Sony WH-1000XM5<\/strong>: 248 $ sur Amazon (au lieu de 399,99 $) : Si je n&rsquo;avais pas d\u00e9j\u00e0 une paire d&rsquo;AirPods Max, ce seraient les \u00e9couteurs que je choisirais. La s\u00e9rie WH-1000XM de Sony est l&rsquo;une des meilleures, et m\u00eame si elle n&rsquo;est pas aussi ch\u00e8re que les \u00e9couteurs supra-auriculaires d&rsquo;Apple, elle reste assez ch\u00e8re. Amazon les propose actuellement \u00e0 une r\u00e9duction de 38 %.<\/p>\n<\/li>\n<\/ul>\n","protected":false},"excerpt":{"rendered":"<p>Vous pouvez b\u00e9n\u00e9ficier de r\u00e9ductions int\u00e9ressantes d\u00e8s maintenant, en particulier sur les technologies de derni\u00e8re g\u00e9n\u00e9ration. Le Black Friday approche \u00e0 grands pas. Du lendemain<\/p>\n","protected":false},"author":1,"featured_media":11429,"comment_status":"","ping_status":"","sticky":false,"template":"","format":"standard","meta":{"footnotes":""},"categories":[13],"tags":[73,359,9298,1255,14,79,1429,345,18,2985,3724,2789],"class_list":["post-11428","post","type-post","status-publish","format-standard","has-post-thumbnail","hentry","category-technologie","tag-black","tag-debut","tag-editeur","tag-friday","tag-les","tag-meilleures","tag-moment","tag-offres","tag-sont","tag-suis","tag-technique","tag-technologiques","generate-columns","tablet-grid-50","mobile-grid-100","grid-parent","grid-33"],"yoast_head":"<!-- This site is optimized with the Yoast SEO plugin v24.0 - https:\/\/yoast.com\/wordpress\/plugins\/seo\/ -->\n<title>Je suis un \u00e9diteur technique et ce sont les meilleures offres technologiques du d\u00e9but du Black Friday en ce moment | Vie Associative<\/title>\n<meta name=\"robots\" content=\"index, follow, max-snippet:-1, max-image-preview:large, max-video-preview:-1\" \/>\n<link rel=\"canonical\" href=\"https:\/\/vieassociative.be\/actualites\/je-suis-un-editeur-technique-et-ce-sont-les-meilleures-offres-technologiques-du-debut-du-black-friday-en-ce-moment\/\" \/>\n<meta property=\"og:locale\" content=\"fr_FR\" \/>\n<meta property=\"og:type\" content=\"article\" \/>\n<meta property=\"og:title\" content=\"Je suis un \u00e9diteur technique et ce sont les meilleures offres technologiques du d\u00e9but du Black Friday en ce moment | Vie Associative\" \/>\n<meta property=\"og:description\" content=\"Vous pouvez b\u00e9n\u00e9ficier de r\u00e9ductions int\u00e9ressantes d\u00e8s maintenant, en particulier sur les technologies de derni\u00e8re g\u00e9n\u00e9ration. Le Black Friday approche \u00e0 grands pas. Du lendemain\" \/>\n<meta property=\"og:url\" content=\"https:\/\/vieassociative.be\/actualites\/je-suis-un-editeur-technique-et-ce-sont-les-meilleures-offres-technologiques-du-debut-du-black-friday-en-ce-moment\/\" \/>\n<meta property=\"og:site_name\" content=\"Vie Associative\" \/>\n<meta property=\"article:published_time\" content=\"2025-11-20T07:17:27+00:00\" \/>\n<meta property=\"og:image\" content=\"https:\/\/vieassociative.be\/actualites\/wp-content\/uploads\/2025\/11\/Ce-premier-accord-du-Black-Friday-rend-le-MacBook-Air.jpg\" \/>\n<meta name=\"author\" content=\"Julien\" \/>\n<meta name=\"twitter:card\" content=\"summary_large_image\" \/>\n<meta name=\"twitter:label1\" content=\"\u00c9crit par\" \/>\n\t<meta name=\"twitter:data1\" content=\"Julien\" \/>\n\t<meta name=\"twitter:label2\" content=\"Dur\u00e9e de lecture est.\" \/>\n\t<meta name=\"twitter:data2\" content=\"8 minutes\" \/>\n<script type=\"application\/ld+json\" class=\"yoast-schema-graph\">{\"@context\":\"https:\/\/schema.org\",\"@graph\":[{\"@type\":\"Article\",\"@id\":\"https:\/\/vieassociative.be\/actualites\/je-suis-un-editeur-technique-et-ce-sont-les-meilleures-offres-technologiques-du-debut-du-black-friday-en-ce-moment\/#article\",\"isPartOf\":{\"@id\":\"https:\/\/vieassociative.be\/actualites\/je-suis-un-editeur-technique-et-ce-sont-les-meilleures-offres-technologiques-du-debut-du-black-friday-en-ce-moment\/\"},\"author\":{\"name\":\"Julien\",\"@id\":\"https:\/\/vieassociative.be\/actualites\/#\/schema\/person\/b87ac4f82f9d4e7b7cec7395b679edc4\"},\"headline\":\"Je suis un \u00e9diteur technique et ce sont les meilleures offres technologiques du d\u00e9but du Black Friday en ce moment\",\"datePublished\":\"2025-11-20T07:17:27+00:00\",\"dateModified\":\"2025-11-20T07:17:27+00:00\",\"mainEntityOfPage\":{\"@id\":\"https:\/\/vieassociative.be\/actualites\/je-suis-un-editeur-technique-et-ce-sont-les-meilleures-offres-technologiques-du-debut-du-black-friday-en-ce-moment\/\"},\"wordCount\":1626,\"publisher\":{\"@id\":\"https:\/\/vieassociative.be\/actualites\/#organization\"},\"image\":{\"@id\":\"https:\/\/vieassociative.be\/actualites\/je-suis-un-editeur-technique-et-ce-sont-les-meilleures-offres-technologiques-du-debut-du-black-friday-en-ce-moment\/#primaryimage\"},\"thumbnailUrl\":\"https:\/\/vieassociative.be\/actualites\/wp-content\/uploads\/2025\/11\/1763623048_Je-suis-un-editeur-technique-et-ce-sont-les-meilleures.jpg\",\"keywords\":[\"Black\",\"D\u00e9but\",\"\u00e9diteur\",\"Friday\",\"Les\",\"meilleures\",\"moment\",\"offres\",\"sont\",\"suis\",\"technique\",\"technologiques\"],\"articleSection\":[\"Technologie\"],\"inLanguage\":\"fr-BE\"},{\"@type\":\"WebPage\",\"@id\":\"https:\/\/vieassociative.be\/actualites\/je-suis-un-editeur-technique-et-ce-sont-les-meilleures-offres-technologiques-du-debut-du-black-friday-en-ce-moment\/\",\"url\":\"https:\/\/vieassociative.be\/actualites\/je-suis-un-editeur-technique-et-ce-sont-les-meilleures-offres-technologiques-du-debut-du-black-friday-en-ce-moment\/\",\"name\":\"Je suis un \u00e9diteur technique et ce sont les meilleures offres technologiques du d\u00e9but du Black Friday en ce moment | Vie Associative\",\"isPartOf\":{\"@id\":\"https:\/\/vieassociative.be\/actualites\/#website\"},\"primaryImageOfPage\":{\"@id\":\"https:\/\/vieassociative.be\/actualites\/je-suis-un-editeur-technique-et-ce-sont-les-meilleures-offres-technologiques-du-debut-du-black-friday-en-ce-moment\/#primaryimage\"},\"image\":{\"@id\":\"https:\/\/vieassociative.be\/actualites\/je-suis-un-editeur-technique-et-ce-sont-les-meilleures-offres-technologiques-du-debut-du-black-friday-en-ce-moment\/#primaryimage\"},\"thumbnailUrl\":\"https:\/\/vieassociative.be\/actualites\/wp-content\/uploads\/2025\/11\/1763623048_Je-suis-un-editeur-technique-et-ce-sont-les-meilleures.jpg\",\"datePublished\":\"2025-11-20T07:17:27+00:00\",\"dateModified\":\"2025-11-20T07:17:27+00:00\",\"breadcrumb\":{\"@id\":\"https:\/\/vieassociative.be\/actualites\/je-suis-un-editeur-technique-et-ce-sont-les-meilleures-offres-technologiques-du-debut-du-black-friday-en-ce-moment\/#breadcrumb\"},\"inLanguage\":\"fr-BE\",\"potentialAction\":[{\"@type\":\"ReadAction\",\"target\":[\"https:\/\/vieassociative.be\/actualites\/je-suis-un-editeur-technique-et-ce-sont-les-meilleures-offres-technologiques-du-debut-du-black-friday-en-ce-moment\/\"]}]},{\"@type\":\"ImageObject\",\"inLanguage\":\"fr-BE\",\"@id\":\"https:\/\/vieassociative.be\/actualites\/je-suis-un-editeur-technique-et-ce-sont-les-meilleures-offres-technologiques-du-debut-du-black-friday-en-ce-moment\/#primaryimage\",\"url\":\"https:\/\/vieassociative.be\/actualites\/wp-content\/uploads\/2025\/11\/1763623048_Je-suis-un-editeur-technique-et-ce-sont-les-meilleures.jpg\",\"contentUrl\":\"https:\/\/vieassociative.be\/actualites\/wp-content\/uploads\/2025\/11\/1763623048_Je-suis-un-editeur-technique-et-ce-sont-les-meilleures.jpg\",\"width\":1200,\"height\":675,\"caption\":\"Je suis un \u00e9diteur technique et ce sont les meilleures offres technologiques du d\u00e9but du Black Friday en ce moment\"},{\"@type\":\"BreadcrumbList\",\"@id\":\"https:\/\/vieassociative.be\/actualites\/je-suis-un-editeur-technique-et-ce-sont-les-meilleures-offres-technologiques-du-debut-du-black-friday-en-ce-moment\/#breadcrumb\",\"itemListElement\":[{\"@type\":\"ListItem\",\"position\":1,\"name\":\"Accueil\",\"item\":\"https:\/\/vieassociative.be\/actualites\/\"},{\"@type\":\"ListItem\",\"position\":2,\"name\":\"Je suis un \u00e9diteur technique et ce sont les meilleures offres technologiques du d\u00e9but du Black Friday en ce moment\"}]},{\"@type\":\"WebSite\",\"@id\":\"https:\/\/vieassociative.be\/actualites\/#website\",\"url\":\"https:\/\/vieassociative.be\/actualites\/\",\"name\":\"Vie Associative\",\"description\":\"\",\"publisher\":{\"@id\":\"https:\/\/vieassociative.be\/actualites\/#organization\"},\"potentialAction\":[{\"@type\":\"SearchAction\",\"target\":{\"@type\":\"EntryPoint\",\"urlTemplate\":\"https:\/\/vieassociative.be\/actualites\/?s={search_term_string}\"},\"query-input\":{\"@type\":\"PropertyValueSpecification\",\"valueRequired\":true,\"valueName\":\"search_term_string\"}}],\"inLanguage\":\"fr-BE\"},{\"@type\":\"Organization\",\"@id\":\"https:\/\/vieassociative.be\/actualites\/#organization\",\"name\":\"Vie Associative\",\"url\":\"https:\/\/vieassociative.be\/actualites\/\",\"logo\":{\"@type\":\"ImageObject\",\"inLanguage\":\"fr-BE\",\"@id\":\"https:\/\/vieassociative.be\/actualites\/#\/schema\/logo\/image\/\",\"url\":\"https:\/\/vieassociative.be\/actualites\/wp-content\/uploads\/2024\/09\/cropped-vieassociative_favicon.ico.png\",\"contentUrl\":\"https:\/\/vieassociative.be\/actualites\/wp-content\/uploads\/2024\/09\/cropped-vieassociative_favicon.ico.png\",\"width\":512,\"height\":512,\"caption\":\"Vie Associative\"},\"image\":{\"@id\":\"https:\/\/vieassociative.be\/actualites\/#\/schema\/logo\/image\/\"}},{\"@type\":\"Person\",\"@id\":\"https:\/\/vieassociative.be\/actualites\/#\/schema\/person\/b87ac4f82f9d4e7b7cec7395b679edc4\",\"name\":\"Julien\",\"image\":{\"@type\":\"ImageObject\",\"inLanguage\":\"fr-BE\",\"@id\":\"https:\/\/vieassociative.be\/actualites\/#\/schema\/person\/image\/\",\"url\":\"https:\/\/vieassociative.be\/actualites\/wp-content\/uploads\/2024\/09\/vie-associative-1-150x150.jpg\",\"contentUrl\":\"https:\/\/vieassociative.be\/actualites\/wp-content\/uploads\/2024\/09\/vie-associative-1-150x150.jpg\",\"caption\":\"Julien\"},\"description\":\"Je suis Julien, r\u00e9dacteur pour Vie Associative. Passionn\u00e9 par le monde associatif depuis plus de 10 ans, j'ai \u00e0 c\u0153ur de partager des histoires inspirantes et de mettre en lumi\u00e8re les initiatives locales. Mon objectif est de sensibiliser et d'encourager l'engagement communautaire \u00e0 travers mes articles.\",\"sameAs\":[\"https:\/\/vieassociative.be\/\"]}]}<\/script>\n<!-- \/ Yoast SEO plugin. -->","yoast_head_json":{"title":"Je suis un \u00e9diteur technique et ce sont les meilleures offres technologiques du d\u00e9but du Black Friday en ce moment | Vie Associative","robots":{"index":"index","follow":"follow","max-snippet":"max-snippet:-1","max-image-preview":"max-image-preview:large","max-video-preview":"max-video-preview:-1"},"canonical":"https:\/\/vieassociative.be\/actualites\/je-suis-un-editeur-technique-et-ce-sont-les-meilleures-offres-technologiques-du-debut-du-black-friday-en-ce-moment\/","og_locale":"fr_FR","og_type":"article","og_title":"Je suis un \u00e9diteur technique et ce sont les meilleures offres technologiques du d\u00e9but du Black Friday en ce moment | Vie Associative","og_description":"Vous pouvez b\u00e9n\u00e9ficier de r\u00e9ductions int\u00e9ressantes d\u00e8s maintenant, en particulier sur les technologies de derni\u00e8re g\u00e9n\u00e9ration. Le Black Friday approche \u00e0 grands pas. Du lendemain","og_url":"https:\/\/vieassociative.be\/actualites\/je-suis-un-editeur-technique-et-ce-sont-les-meilleures-offres-technologiques-du-debut-du-black-friday-en-ce-moment\/","og_site_name":"Vie Associative","article_published_time":"2025-11-20T07:17:27+00:00","og_image":[{"url":"https:\/\/vieassociative.be\/actualites\/wp-content\/uploads\/2025\/11\/Ce-premier-accord-du-Black-Friday-rend-le-MacBook-Air.jpg","type":"","width":"","height":""}],"author":"Julien","twitter_card":"summary_large_image","twitter_misc":{"\u00c9crit par":"Julien","Dur\u00e9e de lecture est.":"8 minutes"},"schema":{"@context":"https:\/\/schema.org","@graph":[{"@type":"Article","@id":"https:\/\/vieassociative.be\/actualites\/je-suis-un-editeur-technique-et-ce-sont-les-meilleures-offres-technologiques-du-debut-du-black-friday-en-ce-moment\/#article","isPartOf":{"@id":"https:\/\/vieassociative.be\/actualites\/je-suis-un-editeur-technique-et-ce-sont-les-meilleures-offres-technologiques-du-debut-du-black-friday-en-ce-moment\/"},"author":{"name":"Julien","@id":"https:\/\/vieassociative.be\/actualites\/#\/schema\/person\/b87ac4f82f9d4e7b7cec7395b679edc4"},"headline":"Je suis un \u00e9diteur technique et ce sont les meilleures offres technologiques du d\u00e9but du Black Friday en ce moment","datePublished":"2025-11-20T07:17:27+00:00","dateModified":"2025-11-20T07:17:27+00:00","mainEntityOfPage":{"@id":"https:\/\/vieassociative.be\/actualites\/je-suis-un-editeur-technique-et-ce-sont-les-meilleures-offres-technologiques-du-debut-du-black-friday-en-ce-moment\/"},"wordCount":1626,"publisher":{"@id":"https:\/\/vieassociative.be\/actualites\/#organization"},"image":{"@id":"https:\/\/vieassociative.be\/actualites\/je-suis-un-editeur-technique-et-ce-sont-les-meilleures-offres-technologiques-du-debut-du-black-friday-en-ce-moment\/#primaryimage"},"thumbnailUrl":"https:\/\/vieassociative.be\/actualites\/wp-content\/uploads\/2025\/11\/1763623048_Je-suis-un-editeur-technique-et-ce-sont-les-meilleures.jpg","keywords":["Black","D\u00e9but","\u00e9diteur","Friday","Les","meilleures","moment","offres","sont","suis","technique","technologiques"],"articleSection":["Technologie"],"inLanguage":"fr-BE"},{"@type":"WebPage","@id":"https:\/\/vieassociative.be\/actualites\/je-suis-un-editeur-technique-et-ce-sont-les-meilleures-offres-technologiques-du-debut-du-black-friday-en-ce-moment\/","url":"https:\/\/vieassociative.be\/actualites\/je-suis-un-editeur-technique-et-ce-sont-les-meilleures-offres-technologiques-du-debut-du-black-friday-en-ce-moment\/","name":"Je suis un \u00e9diteur technique et ce sont les meilleures offres technologiques du d\u00e9but du Black Friday en ce moment | Vie Associative","isPartOf":{"@id":"https:\/\/vieassociative.be\/actualites\/#website"},"primaryImageOfPage":{"@id":"https:\/\/vieassociative.be\/actualites\/je-suis-un-editeur-technique-et-ce-sont-les-meilleures-offres-technologiques-du-debut-du-black-friday-en-ce-moment\/#primaryimage"},"image":{"@id":"https:\/\/vieassociative.be\/actualites\/je-suis-un-editeur-technique-et-ce-sont-les-meilleures-offres-technologiques-du-debut-du-black-friday-en-ce-moment\/#primaryimage"},"thumbnailUrl":"https:\/\/vieassociative.be\/actualites\/wp-content\/uploads\/2025\/11\/1763623048_Je-suis-un-editeur-technique-et-ce-sont-les-meilleures.jpg","datePublished":"2025-11-20T07:17:27+00:00","dateModified":"2025-11-20T07:17:27+00:00","breadcrumb":{"@id":"https:\/\/vieassociative.be\/actualites\/je-suis-un-editeur-technique-et-ce-sont-les-meilleures-offres-technologiques-du-debut-du-black-friday-en-ce-moment\/#breadcrumb"},"inLanguage":"fr-BE","potentialAction":[{"@type":"ReadAction","target":["https:\/\/vieassociative.be\/actualites\/je-suis-un-editeur-technique-et-ce-sont-les-meilleures-offres-technologiques-du-debut-du-black-friday-en-ce-moment\/"]}]},{"@type":"ImageObject","inLanguage":"fr-BE","@id":"https:\/\/vieassociative.be\/actualites\/je-suis-un-editeur-technique-et-ce-sont-les-meilleures-offres-technologiques-du-debut-du-black-friday-en-ce-moment\/#primaryimage","url":"https:\/\/vieassociative.be\/actualites\/wp-content\/uploads\/2025\/11\/1763623048_Je-suis-un-editeur-technique-et-ce-sont-les-meilleures.jpg","contentUrl":"https:\/\/vieassociative.be\/actualites\/wp-content\/uploads\/2025\/11\/1763623048_Je-suis-un-editeur-technique-et-ce-sont-les-meilleures.jpg","width":1200,"height":675,"caption":"Je suis un \u00e9diteur technique et ce sont les meilleures offres technologiques du d\u00e9but du Black Friday en ce moment"},{"@type":"BreadcrumbList","@id":"https:\/\/vieassociative.be\/actualites\/je-suis-un-editeur-technique-et-ce-sont-les-meilleures-offres-technologiques-du-debut-du-black-friday-en-ce-moment\/#breadcrumb","itemListElement":[{"@type":"ListItem","position":1,"name":"Accueil","item":"https:\/\/vieassociative.be\/actualites\/"},{"@type":"ListItem","position":2,"name":"Je suis un \u00e9diteur technique et ce sont les meilleures offres technologiques du d\u00e9but du Black Friday en ce moment"}]},{"@type":"WebSite","@id":"https:\/\/vieassociative.be\/actualites\/#website","url":"https:\/\/vieassociative.be\/actualites\/","name":"Vie Associative","description":"","publisher":{"@id":"https:\/\/vieassociative.be\/actualites\/#organization"},"potentialAction":[{"@type":"SearchAction","target":{"@type":"EntryPoint","urlTemplate":"https:\/\/vieassociative.be\/actualites\/?s={search_term_string}"},"query-input":{"@type":"PropertyValueSpecification","valueRequired":true,"valueName":"search_term_string"}}],"inLanguage":"fr-BE"},{"@type":"Organization","@id":"https:\/\/vieassociative.be\/actualites\/#organization","name":"Vie Associative","url":"https:\/\/vieassociative.be\/actualites\/","logo":{"@type":"ImageObject","inLanguage":"fr-BE","@id":"https:\/\/vieassociative.be\/actualites\/#\/schema\/logo\/image\/","url":"https:\/\/vieassociative.be\/actualites\/wp-content\/uploads\/2024\/09\/cropped-vieassociative_favicon.ico.png","contentUrl":"https:\/\/vieassociative.be\/actualites\/wp-content\/uploads\/2024\/09\/cropped-vieassociative_favicon.ico.png","width":512,"height":512,"caption":"Vie Associative"},"image":{"@id":"https:\/\/vieassociative.be\/actualites\/#\/schema\/logo\/image\/"}},{"@type":"Person","@id":"https:\/\/vieassociative.be\/actualites\/#\/schema\/person\/b87ac4f82f9d4e7b7cec7395b679edc4","name":"Julien","image":{"@type":"ImageObject","inLanguage":"fr-BE","@id":"https:\/\/vieassociative.be\/actualites\/#\/schema\/person\/image\/","url":"https:\/\/vieassociative.be\/actualites\/wp-content\/uploads\/2024\/09\/vie-associative-1-150x150.jpg","contentUrl":"https:\/\/vieassociative.be\/actualites\/wp-content\/uploads\/2024\/09\/vie-associative-1-150x150.jpg","caption":"Julien"},"description":"Je suis Julien, r\u00e9dacteur pour Vie Associative. Passionn\u00e9 par le monde associatif depuis plus de 10 ans, j'ai \u00e0 c\u0153ur de partager des histoires inspirantes et de mettre en lumi\u00e8re les initiatives locales. Mon objectif est de sensibiliser et d'encourager l'engagement communautaire \u00e0 travers mes articles.","sameAs":["https:\/\/vieassociative.be\/"]}]}},"_links":{"self":[{"href":"https:\/\/vieassociative.be\/actualites\/wp-json\/wp\/v2\/posts\/11428"}],"collection":[{"href":"https:\/\/vieassociative.be\/actualites\/wp-json\/wp\/v2\/posts"}],"about":[{"href":"https:\/\/vieassociative.be\/actualites\/wp-json\/wp\/v2\/types\/post"}],"author":[{"embeddable":true,"href":"https:\/\/vieassociative.be\/actualites\/wp-json\/wp\/v2\/users\/1"}],"replies":[{"embeddable":true,"href":"https:\/\/vieassociative.be\/actualites\/wp-json\/wp\/v2\/comments?post=11428"}],"version-history":[{"count":0,"href":"https:\/\/vieassociative.be\/actualites\/wp-json\/wp\/v2\/posts\/11428\/revisions"}],"wp:featuredmedia":[{"embeddable":true,"href":"https:\/\/vieassociative.be\/actualites\/wp-json\/wp\/v2\/media\/11429"}],"wp:attachment":[{"href":"https:\/\/vieassociative.be\/actualites\/wp-json\/wp\/v2\/media?parent=11428"}],"wp:term":[{"taxonomy":"category","embeddable":true,"href":"https:\/\/vieassociative.be\/actualites\/wp-json\/wp\/v2\/categories?post=11428"},{"taxonomy":"post_tag","embeddable":true,"href":"https:\/\/vieassociative.be\/actualites\/wp-json\/wp\/v2\/tags?post=11428"}],"curies":[{"name":"wp","href":"https:\/\/api.w.org\/{rel}","templated":true}]}}