{"id":11412,"date":"2025-11-19T15:17:51","date_gmt":"2025-11-19T14:17:51","guid":{"rendered":"https:\/\/vieassociative.be\/actualites\/police-encore-des-cas-de-fraude-par-telephone-et-en-ligne\/"},"modified":"2025-11-19T15:17:51","modified_gmt":"2025-11-19T14:17:51","slug":"police-encore-des-cas-de-fraude-par-telephone-et-en-ligne","status":"publish","type":"post","link":"https:\/\/vieassociative.be\/actualites\/police-encore-des-cas-de-fraude-par-telephone-et-en-ligne\/","title":{"rendered":"Police : Encore des cas de fraude par t\u00e9l\u00e9phone et en ligne"},"content":{"rendered":"<p><strong>La zone de police de Weser-G\u00f6hl a enregistr\u00e9 quelques cas de fraude t\u00e9l\u00e9phonique et en ligne entre le mardi 18 novembre 2025, \u00e0 7 heures, et le mercredi 19 novembre 2025, \u00e0 7 heures.<\/strong><\/p>\n<p><span id=\"more-429999\"><\/span>\u2013 Le 18 novembre vers 10 heures, un homme \u00e2g\u00e9 de Raeren a signal\u00e9 qu&rsquo;il avait \u00e9t\u00e9 victime d&rsquo;une fraude via la plateforme d&rsquo;achat en ligne \u00ab Ebay Kleinanzeigen \u00bb. Il a annonc\u00e9 un article \u00e0 vendre et une personne int\u00e9ress\u00e9e l&rsquo;a contact\u00e9. Celui-ci lui demandait de cliquer sur un lien pour recevoir le paiement. Le Raerener a suivi les instructions et a saisi ses coordonn\u00e9es bancaires. Il a d\u00e9couvert par la suite qu&rsquo;une somme \u00e0 quatre chiffres avait \u00e9t\u00e9 transf\u00e9r\u00e9e de son compte vers un compte chypriote.<\/p>\n<div id=\"attachment_29429\" class=\"wp-caption alignleft\" style=\"max-width: 300px\"><img fetchpriority=\"high\" decoding=\"async\" class=\"wp-image-29429 size-medium\" src=\"https:\/\/vieassociative.be\/actualites\/wp-content\/uploads\/2025\/08\/Planiteurs-de-poesie-aveugles-du-soleil-Collision-avec-une-voiture.jpg\" alt=\"\" width=\"300\" height=\"200\"  ><\/div>\n<p>\u2013 Le m\u00eame jour vers 10h30, un Vervi\u00e9tois signale avoir \u00e9t\u00e9 tromp\u00e9 sur la plateforme d&rsquo;achat en ligne \u00ab Facebook Marketplace \u00bb. Il voulait y acheter un v\u00e9hicule, mais le vendeur exigeait que de plus en plus d&rsquo;argent soit transf\u00e9r\u00e9 sur un compte fran\u00e7ais. Entre le 8 et le 15 novembre, le total des d\u00e9g\u00e2ts \u00e9tait de l&rsquo;ordre de quatre chiffres.<\/p>\n<p>\u2013 Peu de temps apr\u00e8s, une femme \u00e2g\u00e9e de Kelmis a signal\u00e9 qu&rsquo;elle avait \u00e9galement \u00e9t\u00e9 victime d&rsquo;une fraude. Elle a \u00e9t\u00e9 appel\u00e9e par une personne qui s&rsquo;est fait passer pour une salari\u00e9e de la caisse de retraite et lui a promis une pension compl\u00e9mentaire de 800 euros. Pour effectuer ce paiement, la femme a suivi les instructions de l&rsquo;appelant et a saisi trois fois son code PIN \u00e0 l&rsquo;aide du lecteur de carte. Elle a ensuite remarqu\u00e9 qu&rsquo;une somme \u00e0 quatre chiffres avait \u00e9t\u00e9 retir\u00e9e de son compte. Elle a fait bloquer sa carte via CardStop, a signal\u00e9 la fraude \u00e0 sa banque et a port\u00e9 plainte \u00e0 la police.<\/p>\n","protected":false},"excerpt":{"rendered":"<p>La zone de police de Weser-G\u00f6hl a enregistr\u00e9 quelques cas de fraude t\u00e9l\u00e9phonique et en ligne entre le mardi 18 novembre 2025, \u00e0 7 heures,<\/p>\n","protected":false},"author":1,"featured_media":11413,"comment_status":"","ping_status":"","sticky":false,"template":"","format":"standard","meta":{"footnotes":""},"categories":[298],"tags":[2691,29,592,1577,11,676,2741,542],"class_list":["post-11412","post","type-post","status-publish","format-standard","has-post-thumbnail","hentry","category-belgique","tag-cas","tag-des","tag-encore","tag-fraude","tag-ligne","tag-par","tag-police","tag-telephone","generate-columns","tablet-grid-50","mobile-grid-100","grid-parent","grid-33"],"yoast_head":"<!-- This site is optimized with the Yoast SEO plugin v24.0 - https:\/\/yoast.com\/wordpress\/plugins\/seo\/ -->\n<title>Police : Encore des cas de fraude par t\u00e9l\u00e9phone et en ligne | Vie Associative<\/title>\n<meta name=\"robots\" content=\"index, follow, max-snippet:-1, max-image-preview:large, max-video-preview:-1\" \/>\n<link rel=\"canonical\" href=\"https:\/\/vieassociative.be\/actualites\/police-encore-des-cas-de-fraude-par-telephone-et-en-ligne\/\" \/>\n<meta property=\"og:locale\" content=\"fr_FR\" \/>\n<meta property=\"og:type\" content=\"article\" \/>\n<meta property=\"og:title\" content=\"Police : Encore des cas de fraude par t\u00e9l\u00e9phone et en ligne | Vie Associative\" \/>\n<meta property=\"og:description\" content=\"La zone de police de Weser-G\u00f6hl a enregistr\u00e9 quelques cas de fraude t\u00e9l\u00e9phonique et en ligne entre le mardi 18 novembre 2025, \u00e0 7 heures,\" \/>\n<meta property=\"og:url\" content=\"https:\/\/vieassociative.be\/actualites\/police-encore-des-cas-de-fraude-par-telephone-et-en-ligne\/\" \/>\n<meta property=\"og:site_name\" content=\"Vie Associative\" \/>\n<meta property=\"article:published_time\" content=\"2025-11-19T14:17:51+00:00\" \/>\n<meta property=\"og:image\" content=\"https:\/\/vieassociative.be\/actualites\/wp-content\/uploads\/2024\/09\/header_backgroundk-01-e1726694325946.png\" \/>\n\t<meta property=\"og:image:width\" content=\"279\" \/>\n\t<meta property=\"og:image:height\" content=\"92\" \/>\n\t<meta property=\"og:image:type\" content=\"image\/png\" \/>\n<meta name=\"author\" content=\"Julien\" \/>\n<meta name=\"twitter:card\" content=\"summary_large_image\" \/>\n<meta name=\"twitter:label1\" content=\"\u00c9crit par\" \/>\n\t<meta name=\"twitter:data1\" content=\"Julien\" \/>\n\t<meta name=\"twitter:label2\" content=\"Dur\u00e9e de lecture est.\" \/>\n\t<meta name=\"twitter:data2\" content=\"1 minute\" \/>\n<script type=\"application\/ld+json\" class=\"yoast-schema-graph\">{\"@context\":\"https:\/\/schema.org\",\"@graph\":[{\"@type\":\"Article\",\"@id\":\"https:\/\/vieassociative.be\/actualites\/police-encore-des-cas-de-fraude-par-telephone-et-en-ligne\/#article\",\"isPartOf\":{\"@id\":\"https:\/\/vieassociative.be\/actualites\/police-encore-des-cas-de-fraude-par-telephone-et-en-ligne\/\"},\"author\":{\"name\":\"Julien\",\"@id\":\"https:\/\/vieassociative.be\/actualites\/#\/schema\/person\/b87ac4f82f9d4e7b7cec7395b679edc4\"},\"headline\":\"Police : Encore des cas de fraude par t\u00e9l\u00e9phone et en ligne\",\"datePublished\":\"2025-11-19T14:17:51+00:00\",\"dateModified\":\"2025-11-19T14:17:51+00:00\",\"mainEntityOfPage\":{\"@id\":\"https:\/\/vieassociative.be\/actualites\/police-encore-des-cas-de-fraude-par-telephone-et-en-ligne\/\"},\"wordCount\":317,\"publisher\":{\"@id\":\"https:\/\/vieassociative.be\/actualites\/#organization\"},\"image\":{\"@id\":\"https:\/\/vieassociative.be\/actualites\/police-encore-des-cas-de-fraude-par-telephone-et-en-ligne\/#primaryimage\"},\"thumbnailUrl\":\"https:\/\/vieassociative.be\/actualites\/wp-content\/uploads\/2025\/11\/Police-Encore-des-cas-de-fraude-par-telephone-et.jpg\",\"keywords\":[\"cas\",\"Des\",\"encore\",\"fraude\",\"ligne\",\"par\",\"police\",\"t\u00e9l\u00e9phone\"],\"articleSection\":[\"Belgique\"],\"inLanguage\":\"fr-BE\"},{\"@type\":\"WebPage\",\"@id\":\"https:\/\/vieassociative.be\/actualites\/police-encore-des-cas-de-fraude-par-telephone-et-en-ligne\/\",\"url\":\"https:\/\/vieassociative.be\/actualites\/police-encore-des-cas-de-fraude-par-telephone-et-en-ligne\/\",\"name\":\"Police : Encore des cas de fraude par t\u00e9l\u00e9phone et en ligne | Vie Associative\",\"isPartOf\":{\"@id\":\"https:\/\/vieassociative.be\/actualites\/#website\"},\"primaryImageOfPage\":{\"@id\":\"https:\/\/vieassociative.be\/actualites\/police-encore-des-cas-de-fraude-par-telephone-et-en-ligne\/#primaryimage\"},\"image\":{\"@id\":\"https:\/\/vieassociative.be\/actualites\/police-encore-des-cas-de-fraude-par-telephone-et-en-ligne\/#primaryimage\"},\"thumbnailUrl\":\"https:\/\/vieassociative.be\/actualites\/wp-content\/uploads\/2025\/11\/Police-Encore-des-cas-de-fraude-par-telephone-et.jpg\",\"datePublished\":\"2025-11-19T14:17:51+00:00\",\"dateModified\":\"2025-11-19T14:17:51+00:00\",\"breadcrumb\":{\"@id\":\"https:\/\/vieassociative.be\/actualites\/police-encore-des-cas-de-fraude-par-telephone-et-en-ligne\/#breadcrumb\"},\"inLanguage\":\"fr-BE\",\"potentialAction\":[{\"@type\":\"ReadAction\",\"target\":[\"https:\/\/vieassociative.be\/actualites\/police-encore-des-cas-de-fraude-par-telephone-et-en-ligne\/\"]}]},{\"@type\":\"ImageObject\",\"inLanguage\":\"fr-BE\",\"@id\":\"https:\/\/vieassociative.be\/actualites\/police-encore-des-cas-de-fraude-par-telephone-et-en-ligne\/#primaryimage\",\"url\":\"https:\/\/vieassociative.be\/actualites\/wp-content\/uploads\/2025\/11\/Police-Encore-des-cas-de-fraude-par-telephone-et.jpg\",\"contentUrl\":\"https:\/\/vieassociative.be\/actualites\/wp-content\/uploads\/2025\/11\/Police-Encore-des-cas-de-fraude-par-telephone-et.jpg\",\"width\":1000,\"height\":667,\"caption\":\"Police : Encore des cas de fraude par t\u00e9l\u00e9phone et en ligne\"},{\"@type\":\"BreadcrumbList\",\"@id\":\"https:\/\/vieassociative.be\/actualites\/police-encore-des-cas-de-fraude-par-telephone-et-en-ligne\/#breadcrumb\",\"itemListElement\":[{\"@type\":\"ListItem\",\"position\":1,\"name\":\"Accueil\",\"item\":\"https:\/\/vieassociative.be\/actualites\/\"},{\"@type\":\"ListItem\",\"position\":2,\"name\":\"Police : Encore des cas de fraude par t\u00e9l\u00e9phone et en ligne\"}]},{\"@type\":\"WebSite\",\"@id\":\"https:\/\/vieassociative.be\/actualites\/#website\",\"url\":\"https:\/\/vieassociative.be\/actualites\/\",\"name\":\"Vie Associative\",\"description\":\"\",\"publisher\":{\"@id\":\"https:\/\/vieassociative.be\/actualites\/#organization\"},\"potentialAction\":[{\"@type\":\"SearchAction\",\"target\":{\"@type\":\"EntryPoint\",\"urlTemplate\":\"https:\/\/vieassociative.be\/actualites\/?s={search_term_string}\"},\"query-input\":{\"@type\":\"PropertyValueSpecification\",\"valueRequired\":true,\"valueName\":\"search_term_string\"}}],\"inLanguage\":\"fr-BE\"},{\"@type\":\"Organization\",\"@id\":\"https:\/\/vieassociative.be\/actualites\/#organization\",\"name\":\"Vie Associative\",\"url\":\"https:\/\/vieassociative.be\/actualites\/\",\"logo\":{\"@type\":\"ImageObject\",\"inLanguage\":\"fr-BE\",\"@id\":\"https:\/\/vieassociative.be\/actualites\/#\/schema\/logo\/image\/\",\"url\":\"https:\/\/vieassociative.be\/actualites\/wp-content\/uploads\/2024\/09\/cropped-vieassociative_favicon.ico.png\",\"contentUrl\":\"https:\/\/vieassociative.be\/actualites\/wp-content\/uploads\/2024\/09\/cropped-vieassociative_favicon.ico.png\",\"width\":512,\"height\":512,\"caption\":\"Vie Associative\"},\"image\":{\"@id\":\"https:\/\/vieassociative.be\/actualites\/#\/schema\/logo\/image\/\"}},{\"@type\":\"Person\",\"@id\":\"https:\/\/vieassociative.be\/actualites\/#\/schema\/person\/b87ac4f82f9d4e7b7cec7395b679edc4\",\"name\":\"Julien\",\"image\":{\"@type\":\"ImageObject\",\"inLanguage\":\"fr-BE\",\"@id\":\"https:\/\/vieassociative.be\/actualites\/#\/schema\/person\/image\/\",\"url\":\"https:\/\/vieassociative.be\/actualites\/wp-content\/uploads\/2024\/09\/vie-associative-1-150x150.jpg\",\"contentUrl\":\"https:\/\/vieassociative.be\/actualites\/wp-content\/uploads\/2024\/09\/vie-associative-1-150x150.jpg\",\"caption\":\"Julien\"},\"description\":\"Je suis Julien, r\u00e9dacteur pour Vie Associative. Passionn\u00e9 par le monde associatif depuis plus de 10 ans, j'ai \u00e0 c\u0153ur de partager des histoires inspirantes et de mettre en lumi\u00e8re les initiatives locales. Mon objectif est de sensibiliser et d'encourager l'engagement communautaire \u00e0 travers mes articles.\",\"sameAs\":[\"https:\/\/vieassociative.be\/\"]}]}<\/script>\n<!-- \/ Yoast SEO plugin. -->","yoast_head_json":{"title":"Police : Encore des cas de fraude par t\u00e9l\u00e9phone et en ligne | Vie Associative","robots":{"index":"index","follow":"follow","max-snippet":"max-snippet:-1","max-image-preview":"max-image-preview:large","max-video-preview":"max-video-preview:-1"},"canonical":"https:\/\/vieassociative.be\/actualites\/police-encore-des-cas-de-fraude-par-telephone-et-en-ligne\/","og_locale":"fr_FR","og_type":"article","og_title":"Police : Encore des cas de fraude par t\u00e9l\u00e9phone et en ligne | Vie Associative","og_description":"La zone de police de Weser-G\u00f6hl a enregistr\u00e9 quelques cas de fraude t\u00e9l\u00e9phonique et en ligne entre le mardi 18 novembre 2025, \u00e0 7 heures,","og_url":"https:\/\/vieassociative.be\/actualites\/police-encore-des-cas-de-fraude-par-telephone-et-en-ligne\/","og_site_name":"Vie Associative","article_published_time":"2025-11-19T14:17:51+00:00","og_image":[{"width":279,"height":92,"url":"https:\/\/vieassociative.be\/actualites\/wp-content\/uploads\/2024\/09\/header_backgroundk-01-e1726694325946.png","type":"image\/png"}],"author":"Julien","twitter_card":"summary_large_image","twitter_misc":{"\u00c9crit par":"Julien","Dur\u00e9e de lecture est.":"1 minute"},"schema":{"@context":"https:\/\/schema.org","@graph":[{"@type":"Article","@id":"https:\/\/vieassociative.be\/actualites\/police-encore-des-cas-de-fraude-par-telephone-et-en-ligne\/#article","isPartOf":{"@id":"https:\/\/vieassociative.be\/actualites\/police-encore-des-cas-de-fraude-par-telephone-et-en-ligne\/"},"author":{"name":"Julien","@id":"https:\/\/vieassociative.be\/actualites\/#\/schema\/person\/b87ac4f82f9d4e7b7cec7395b679edc4"},"headline":"Police : Encore des cas de fraude par t\u00e9l\u00e9phone et en ligne","datePublished":"2025-11-19T14:17:51+00:00","dateModified":"2025-11-19T14:17:51+00:00","mainEntityOfPage":{"@id":"https:\/\/vieassociative.be\/actualites\/police-encore-des-cas-de-fraude-par-telephone-et-en-ligne\/"},"wordCount":317,"publisher":{"@id":"https:\/\/vieassociative.be\/actualites\/#organization"},"image":{"@id":"https:\/\/vieassociative.be\/actualites\/police-encore-des-cas-de-fraude-par-telephone-et-en-ligne\/#primaryimage"},"thumbnailUrl":"https:\/\/vieassociative.be\/actualites\/wp-content\/uploads\/2025\/11\/Police-Encore-des-cas-de-fraude-par-telephone-et.jpg","keywords":["cas","Des","encore","fraude","ligne","par","police","t\u00e9l\u00e9phone"],"articleSection":["Belgique"],"inLanguage":"fr-BE"},{"@type":"WebPage","@id":"https:\/\/vieassociative.be\/actualites\/police-encore-des-cas-de-fraude-par-telephone-et-en-ligne\/","url":"https:\/\/vieassociative.be\/actualites\/police-encore-des-cas-de-fraude-par-telephone-et-en-ligne\/","name":"Police : Encore des cas de fraude par t\u00e9l\u00e9phone et en ligne | Vie Associative","isPartOf":{"@id":"https:\/\/vieassociative.be\/actualites\/#website"},"primaryImageOfPage":{"@id":"https:\/\/vieassociative.be\/actualites\/police-encore-des-cas-de-fraude-par-telephone-et-en-ligne\/#primaryimage"},"image":{"@id":"https:\/\/vieassociative.be\/actualites\/police-encore-des-cas-de-fraude-par-telephone-et-en-ligne\/#primaryimage"},"thumbnailUrl":"https:\/\/vieassociative.be\/actualites\/wp-content\/uploads\/2025\/11\/Police-Encore-des-cas-de-fraude-par-telephone-et.jpg","datePublished":"2025-11-19T14:17:51+00:00","dateModified":"2025-11-19T14:17:51+00:00","breadcrumb":{"@id":"https:\/\/vieassociative.be\/actualites\/police-encore-des-cas-de-fraude-par-telephone-et-en-ligne\/#breadcrumb"},"inLanguage":"fr-BE","potentialAction":[{"@type":"ReadAction","target":["https:\/\/vieassociative.be\/actualites\/police-encore-des-cas-de-fraude-par-telephone-et-en-ligne\/"]}]},{"@type":"ImageObject","inLanguage":"fr-BE","@id":"https:\/\/vieassociative.be\/actualites\/police-encore-des-cas-de-fraude-par-telephone-et-en-ligne\/#primaryimage","url":"https:\/\/vieassociative.be\/actualites\/wp-content\/uploads\/2025\/11\/Police-Encore-des-cas-de-fraude-par-telephone-et.jpg","contentUrl":"https:\/\/vieassociative.be\/actualites\/wp-content\/uploads\/2025\/11\/Police-Encore-des-cas-de-fraude-par-telephone-et.jpg","width":1000,"height":667,"caption":"Police : Encore des cas de fraude par t\u00e9l\u00e9phone et en ligne"},{"@type":"BreadcrumbList","@id":"https:\/\/vieassociative.be\/actualites\/police-encore-des-cas-de-fraude-par-telephone-et-en-ligne\/#breadcrumb","itemListElement":[{"@type":"ListItem","position":1,"name":"Accueil","item":"https:\/\/vieassociative.be\/actualites\/"},{"@type":"ListItem","position":2,"name":"Police : Encore des cas de fraude par t\u00e9l\u00e9phone et en ligne"}]},{"@type":"WebSite","@id":"https:\/\/vieassociative.be\/actualites\/#website","url":"https:\/\/vieassociative.be\/actualites\/","name":"Vie Associative","description":"","publisher":{"@id":"https:\/\/vieassociative.be\/actualites\/#organization"},"potentialAction":[{"@type":"SearchAction","target":{"@type":"EntryPoint","urlTemplate":"https:\/\/vieassociative.be\/actualites\/?s={search_term_string}"},"query-input":{"@type":"PropertyValueSpecification","valueRequired":true,"valueName":"search_term_string"}}],"inLanguage":"fr-BE"},{"@type":"Organization","@id":"https:\/\/vieassociative.be\/actualites\/#organization","name":"Vie Associative","url":"https:\/\/vieassociative.be\/actualites\/","logo":{"@type":"ImageObject","inLanguage":"fr-BE","@id":"https:\/\/vieassociative.be\/actualites\/#\/schema\/logo\/image\/","url":"https:\/\/vieassociative.be\/actualites\/wp-content\/uploads\/2024\/09\/cropped-vieassociative_favicon.ico.png","contentUrl":"https:\/\/vieassociative.be\/actualites\/wp-content\/uploads\/2024\/09\/cropped-vieassociative_favicon.ico.png","width":512,"height":512,"caption":"Vie Associative"},"image":{"@id":"https:\/\/vieassociative.be\/actualites\/#\/schema\/logo\/image\/"}},{"@type":"Person","@id":"https:\/\/vieassociative.be\/actualites\/#\/schema\/person\/b87ac4f82f9d4e7b7cec7395b679edc4","name":"Julien","image":{"@type":"ImageObject","inLanguage":"fr-BE","@id":"https:\/\/vieassociative.be\/actualites\/#\/schema\/person\/image\/","url":"https:\/\/vieassociative.be\/actualites\/wp-content\/uploads\/2024\/09\/vie-associative-1-150x150.jpg","contentUrl":"https:\/\/vieassociative.be\/actualites\/wp-content\/uploads\/2024\/09\/vie-associative-1-150x150.jpg","caption":"Julien"},"description":"Je suis Julien, r\u00e9dacteur pour Vie Associative. Passionn\u00e9 par le monde associatif depuis plus de 10 ans, j'ai \u00e0 c\u0153ur de partager des histoires inspirantes et de mettre en lumi\u00e8re les initiatives locales. Mon objectif est de sensibiliser et d'encourager l'engagement communautaire \u00e0 travers mes articles.","sameAs":["https:\/\/vieassociative.be\/"]}]}},"_links":{"self":[{"href":"https:\/\/vieassociative.be\/actualites\/wp-json\/wp\/v2\/posts\/11412"}],"collection":[{"href":"https:\/\/vieassociative.be\/actualites\/wp-json\/wp\/v2\/posts"}],"about":[{"href":"https:\/\/vieassociative.be\/actualites\/wp-json\/wp\/v2\/types\/post"}],"author":[{"embeddable":true,"href":"https:\/\/vieassociative.be\/actualites\/wp-json\/wp\/v2\/users\/1"}],"replies":[{"embeddable":true,"href":"https:\/\/vieassociative.be\/actualites\/wp-json\/wp\/v2\/comments?post=11412"}],"version-history":[{"count":0,"href":"https:\/\/vieassociative.be\/actualites\/wp-json\/wp\/v2\/posts\/11412\/revisions"}],"wp:featuredmedia":[{"embeddable":true,"href":"https:\/\/vieassociative.be\/actualites\/wp-json\/wp\/v2\/media\/11413"}],"wp:attachment":[{"href":"https:\/\/vieassociative.be\/actualites\/wp-json\/wp\/v2\/media?parent=11412"}],"wp:term":[{"taxonomy":"category","embeddable":true,"href":"https:\/\/vieassociative.be\/actualites\/wp-json\/wp\/v2\/categories?post=11412"},{"taxonomy":"post_tag","embeddable":true,"href":"https:\/\/vieassociative.be\/actualites\/wp-json\/wp\/v2\/tags?post=11412"}],"curies":[{"name":"wp","href":"https:\/\/api.w.org\/{rel}","templated":true}]}}