{"id":11408,"date":"2025-11-19T09:17:53","date_gmt":"2025-11-19T08:17:53","guid":{"rendered":"https:\/\/vieassociative.be\/actualites\/le-premier-ministre-de-wever-n-va-enterre-le-senat-depuis-2014-ce-nest-quune-sorte-dergotherapie\/"},"modified":"2025-11-19T09:17:53","modified_gmt":"2025-11-19T08:17:53","slug":"le-premier-ministre-de-wever-n-va-enterre-le-senat-depuis-2014-ce-nest-quune-sorte-dergotherapie","status":"publish","type":"post","link":"https:\/\/vieassociative.be\/actualites\/le-premier-ministre-de-wever-n-va-enterre-le-senat-depuis-2014-ce-nest-quune-sorte-dergotherapie\/","title":{"rendered":"Le Premier ministre De Wever (N-VA) enterre le S\u00e9nat \u2013 depuis 2014, ce n\u2019est qu\u2019une \u00ab sorte d\u2019ergoth\u00e9rapie \u00bb"},"content":{"rendered":"<p><strong>Pour Bart De Wever (N-VA), le S\u00e9nat \u00ab ne joue plus un r\u00f4le important dans notre syst\u00e8me politique \u00bb et doit donc \u00ab enfin devenir une chose du pass\u00e9 \u00bb.<\/strong><\/p>\n<p><span id=\"more-429917\"><\/span>Le Premier ministre l&rsquo;a d\u00e9clar\u00e9 lundi devant la commission des affaires institutionnelles du S\u00e9nat, o\u00f9 un premier pas a \u00e9t\u00e9 franchi vers l&rsquo;\u00e9ventuelle suppression de la deuxi\u00e8me chambre du Parlement. Cependant, il n&rsquo;y a pas encore eu de vote.<\/p>\n<p>La commission des Affaires institutionnelles du S\u00e9nat a examin\u00e9 pour la premi\u00e8re fois lundi apr\u00e8s-midi une proposition de modification de l&rsquo;article 195 de la Constitution, pr\u00e9sent\u00e9e par les cinq partis de l&rsquo;Arizona (N-VA, MR, Vooruit, Les Engag\u00e9s et CD&#038;V) et l&rsquo;Open Vld. <\/p>\n<p>Il s&rsquo;agissait de la premi\u00e8re \u00e9tape vers l&rsquo;abolition du S\u00e9nat avant les prochaines \u00e9lections g\u00e9n\u00e9rales. De Wever s&rsquo;est rendu lui-m\u00eame au S\u00e9nat pour l&rsquo;occasion et n&rsquo;a pas m\u00e2ch\u00e9 ses mots.<\/p>\n<div id=\"attachment_217716\" class=\"wp-caption alignleft\" style=\"max-width: 300px\"><img fetchpriority=\"high\" decoding=\"async\" class=\"wp-image-217716 size-medium\" src=\"https:\/\/vieassociative.be\/actualites\/wp-content\/uploads\/2025\/11\/Le-Premier-ministre-De-Wever-N-VA-enterre-le-Senat.jpeg\" alt=\"\" width=\"300\" height=\"200\"  ><\/div>\n<p>Le Premier ministre n&rsquo;a pas manqu\u00e9 d&rsquo;expliquer l&rsquo;histoire du syst\u00e8me bicam\u00e9ral actuel, qui remonte \u00e0 1815, avant l&rsquo;ind\u00e9pendance de la Belgique. Depuis 2014, apr\u00e8s que la sixi\u00e8me r\u00e9forme de l\u2019\u00c9tat a encore restreint les pouvoirs du S\u00e9nat, ce r\u00f4le est \u00ab de nature presque exclusivement constitutionnelle \u00bb.<\/p>\n<p>De Wever \u00e9tait apparemment le seul membre de la commission \u00e0 avoir \u00e9t\u00e9 \u00e9lu directement s\u00e9nateur alors que cela \u00e9tait encore possible en 2010. \u00ab M\u00eame si le S\u00e9nat a sans aucun doute jou\u00e9 son r\u00f4le dans la transformation de l\u2019\u00c9tat unitaire en \u00c9tat f\u00e9d\u00e9ral, nous devons reconna\u00eetre que le S\u00e9nat en tant qu\u2019institution ne d\u00e9montre plus son utilit\u00e9 d\u00e9mocratique \u00bb, a d\u00e9clar\u00e9 De Wever. \u00ab L\u2019\u00e9rosion des pouvoirs contraint le S\u00e9nat \u00e0 une sorte d\u2019ergoth\u00e9rapie. \u00bb<\/p>\n<p>Le Premier ministre, conscient de ses propos durs, a ensuite cit\u00e9 une version cr\u00e9ative d&rsquo;un \u00e9loge fun\u00e8bre prononc\u00e9 par Marcus Antonius pour Jules C\u00e9sar dans une pi\u00e8ce de William Shakespeare. \u00ab\u00a0Je ne suis pas venu pour faire l&rsquo;\u00e9loge du S\u00e9nat, mais pour l&rsquo;enterrer\u00a0\u00bb, a d\u00e9clar\u00e9 De Wever.<\/p>\n<p>Selon lui, le S\u00e9nat aurait d\u00fb trouver un \u00ab second souffle \u00bb en tant qu\u2019organe consultatif entre les \u00c9tats, mais cela \u00ab n\u2019est jamais vraiment devenu une r\u00e9alit\u00e9 \u00bb. Le S\u00e9nat n\u2019a pas r\u00e9ussi \u00e0 devenir une institution capable d\u2019apporter la paix, a d\u00e9clar\u00e9 De Wever. Pour De Wever, la Chambre est d\u00e9j\u00e0 en pratique \u00ab le reflet des diff\u00e9rents Etats du pays \u00bb.<\/p>\n<div id=\"attachment_391717\" class=\"wp-caption alignleft\" style=\"max-width: 300px\"><img decoding=\"async\" class=\"wp-image-391717 size-medium\" src=\"https:\/\/vieassociative.be\/actualites\/wp-content\/uploads\/2025\/02\/Le-gouvernement-de-De-Wever-veut-abolir-le-Senat.jpg\" alt=\"\" width=\"300\" height=\"211\"><\/div>\n<p>\u00ab\u00a0Maintenir une institution qui a perdu sa raison d&rsquo;\u00eatre ne ferait qu&rsquo;engendrer une nouvelle confusion et une complexit\u00e9 inutile. Nous devons accepter la r\u00e9alit\u00e9 institutionnelle. Cette institution ne joue plus un r\u00f4le pertinent dans notre syst\u00e8me politique et doit donc enfin appartenir au pass\u00e9.\u00a0\u00bb<\/p>\n<p>De Wever a d\u00e9crit le processus (complexe) de suppression du S\u00e9nat. Un certain nombre d&rsquo;articles constitutionnels doivent \u00eatre modifi\u00e9s. La plupart d&rsquo;entre eux ont \u00e9t\u00e9 inclus \u00e0 la fin de la derni\u00e8re l\u00e9gislature dans la liste des articles constitutionnels d\u00e9clar\u00e9s pour r\u00e9vision, qui a \u00e9t\u00e9 approuv\u00e9e par la Chambre, le S\u00e9nat et le Gouvernement f\u00e9d\u00e9ral. Cependant, cinq articles constitutionnels manquaient.<\/p>\n<p>C&rsquo;est pourquoi une disposition transitoire est d\u00e9sormais ajout\u00e9e \u00e0 l&rsquo;article 195, qui d\u00e9finit la proc\u00e9dure de r\u00e9vision de la Constitution et figure sur la liste des articles constitutionnels \u00e0 r\u00e9viser, afin de mettre pleinement en \u0153uvre la suppression du S\u00e9nat.<\/p>\n<p>Apr\u00e8s la prise de parole des diff\u00e9rents partis en commission institutionnelle lundi apr\u00e8s-midi, la proposition de modification de l&rsquo;article 195 n&rsquo;a toujours pas \u00e9t\u00e9 vot\u00e9e.<\/p>\n<p>Le chemin vers la majorit\u00e9 requise des deux tiers pour l\u2019abolition est difficile : il existe de grandes diff\u00e9rences d\u2019enthousiasme pour l\u2019abolition au sein de la majorit\u00e9.<\/p>\n<div id=\"attachment_345625\" class=\"wp-caption alignleft\" style=\"max-width: 300px\"><img decoding=\"async\" class=\"wp-image-345625 size-medium\" src=\"https:\/\/vieassociative.be\/actualites\/wp-content\/uploads\/2025\/05\/Pensions-remuneration-de-vacances-bonus-dadieu-Cammer-frappe-un-certain.jpeg\" alt=\"\" width=\"300\" height=\"200\"  ><\/div>\n<p>La s\u00e9natrice de l&rsquo;Est de la Belgique Liesa Scholzen (ProDG) a soulign\u00e9 la n\u00e9cessit\u00e9 d&rsquo;une repr\u00e9sentation garantie de la communaut\u00e9 germanophone au niveau f\u00e9d\u00e9ral, comme c&rsquo;est actuellement le cas au S\u00e9nat.<\/p>\n<p>Le soutien du PS est \u00e9galement n\u00e9cessaire pour modifier la constitution, car le gouvernement ne veut pas compter sur les voix d\u2019extr\u00eame gauche et d\u2019extr\u00eame droite. Les socialistes francophones soutiennent l&rsquo;abolition mais critiquent le ton \u00ab d\u00e9sobligeant \u00bb du Premier ministre : \u00ab un manque total d&rsquo;appr\u00e9ciation \u00bb. La s\u00e9natrice PS Anne Lambelin a \u00e9galement r\u00e9clam\u00e9 des auditions d&rsquo;experts. C&rsquo;est \u00ab une condition non n\u00e9gociable de notre soutien \u00bb.<\/p>\n<p>Il a \u00e9t\u00e9 d\u00e9cid\u00e9 de poursuivre le d\u00e9bat lors d&rsquo;une prochaine r\u00e9union, toujours en pr\u00e9sence du Premier ministre. Les demandes de modifications de la proposition devraient \u00e9galement \u00eatre trait\u00e9es.<\/p>\n<p>Lorsque la commission passe enfin au vote, l&rsquo;\u00e9tape suivante consiste pour l&rsquo;ensemble du S\u00e9nat \u00e0 formuler \u00e9galement ses commentaires, apr\u00e8s quoi toute la proc\u00e9dure est r\u00e9p\u00e9t\u00e9e dans la chambre. Ce processus doit \u00e9galement \u00eatre achev\u00e9 pour les autres articles constitutionnels avant que le S\u00e9nat ne devienne un objet du pass\u00e9 en 2029 et que cette institution soit effectivement enterr\u00e9e. (cr\u00e9er)<\/p>\n","protected":false},"excerpt":{"rendered":"<p>Pour Bart De Wever (N-VA), le S\u00e9nat \u00ab ne joue plus un r\u00f4le important dans notre syst\u00e8me politique \u00bb et doit donc \u00ab enfin devenir<\/p>\n","protected":false},"author":1,"featured_media":11390,"comment_status":"","ping_status":"","sticky":false,"template":"","format":"standard","meta":{"footnotes":""},"categories":[298],"tags":[1824,9291,9282,1245,1082,5088,443,2983,5149,1062,2755],"class_list":["post-11408","post","type-post","status-publish","format-standard","has-post-thumbnail","hentry","category-belgique","tag-depuis","tag-dergotherapie","tag-enterre","tag-ministre","tag-nest","tag-nva","tag-premier","tag-quune","tag-senat","tag-sorte","tag-wever","generate-columns","tablet-grid-50","mobile-grid-100","grid-parent","grid-33"],"yoast_head":"<!-- This site is optimized with the Yoast SEO plugin v24.0 - https:\/\/yoast.com\/wordpress\/plugins\/seo\/ -->\n<title>Le Premier ministre De Wever (N-VA) enterre le S\u00e9nat \u2013 depuis 2014, ce n\u2019est qu\u2019une \u00ab sorte d\u2019ergoth\u00e9rapie \u00bb | Vie Associative<\/title>\n<meta name=\"robots\" content=\"index, follow, max-snippet:-1, max-image-preview:large, max-video-preview:-1\" \/>\n<link rel=\"canonical\" href=\"https:\/\/vieassociative.be\/actualites\/le-premier-ministre-de-wever-n-va-enterre-le-senat-depuis-2014-ce-nest-quune-sorte-dergotherapie\/\" \/>\n<meta property=\"og:locale\" content=\"fr_FR\" \/>\n<meta property=\"og:type\" content=\"article\" \/>\n<meta property=\"og:title\" content=\"Le Premier ministre De Wever (N-VA) enterre le S\u00e9nat \u2013 depuis 2014, ce n\u2019est qu\u2019une \u00ab sorte d\u2019ergoth\u00e9rapie \u00bb | Vie Associative\" \/>\n<meta property=\"og:description\" content=\"Pour Bart De Wever (N-VA), le S\u00e9nat \u00ab ne joue plus un r\u00f4le important dans notre syst\u00e8me politique \u00bb et doit donc \u00ab enfin devenir\" \/>\n<meta property=\"og:url\" content=\"https:\/\/vieassociative.be\/actualites\/le-premier-ministre-de-wever-n-va-enterre-le-senat-depuis-2014-ce-nest-quune-sorte-dergotherapie\/\" \/>\n<meta property=\"og:site_name\" content=\"Vie Associative\" \/>\n<meta property=\"article:published_time\" content=\"2025-11-19T08:17:53+00:00\" \/>\n<meta property=\"og:image\" content=\"https:\/\/vieassociative.be\/actualites\/wp-content\/uploads\/2024\/09\/header_backgroundk-01-e1726694325946.png\" \/>\n\t<meta property=\"og:image:width\" content=\"279\" \/>\n\t<meta property=\"og:image:height\" content=\"92\" \/>\n\t<meta property=\"og:image:type\" content=\"image\/png\" \/>\n<meta name=\"author\" content=\"Julien\" \/>\n<meta name=\"twitter:card\" content=\"summary_large_image\" \/>\n<meta name=\"twitter:label1\" content=\"\u00c9crit par\" \/>\n\t<meta name=\"twitter:data1\" content=\"Julien\" \/>\n\t<meta name=\"twitter:label2\" content=\"Dur\u00e9e de lecture est.\" \/>\n\t<meta name=\"twitter:data2\" content=\"4 minutes\" \/>\n<script type=\"application\/ld+json\" class=\"yoast-schema-graph\">{\"@context\":\"https:\/\/schema.org\",\"@graph\":[{\"@type\":\"Article\",\"@id\":\"https:\/\/vieassociative.be\/actualites\/le-premier-ministre-de-wever-n-va-enterre-le-senat-depuis-2014-ce-nest-quune-sorte-dergotherapie\/#article\",\"isPartOf\":{\"@id\":\"https:\/\/vieassociative.be\/actualites\/le-premier-ministre-de-wever-n-va-enterre-le-senat-depuis-2014-ce-nest-quune-sorte-dergotherapie\/\"},\"author\":{\"name\":\"Julien\",\"@id\":\"https:\/\/vieassociative.be\/actualites\/#\/schema\/person\/b87ac4f82f9d4e7b7cec7395b679edc4\"},\"headline\":\"Le Premier ministre De Wever (N-VA) enterre le S\u00e9nat \u2013 depuis 2014, ce n\u2019est qu\u2019une \u00ab sorte d\u2019ergoth\u00e9rapie \u00bb\",\"datePublished\":\"2025-11-19T08:17:53+00:00\",\"dateModified\":\"2025-11-19T08:17:53+00:00\",\"mainEntityOfPage\":{\"@id\":\"https:\/\/vieassociative.be\/actualites\/le-premier-ministre-de-wever-n-va-enterre-le-senat-depuis-2014-ce-nest-quune-sorte-dergotherapie\/\"},\"wordCount\":901,\"publisher\":{\"@id\":\"https:\/\/vieassociative.be\/actualites\/#organization\"},\"image\":{\"@id\":\"https:\/\/vieassociative.be\/actualites\/le-premier-ministre-de-wever-n-va-enterre-le-senat-depuis-2014-ce-nest-quune-sorte-dergotherapie\/#primaryimage\"},\"thumbnailUrl\":\"https:\/\/vieassociative.be\/actualites\/wp-content\/uploads\/2025\/11\/Le-Premier-ministre-De-Wever-N-VA-enterre-le-Senat.jpg\",\"keywords\":[\"depuis\",\"dergoth\u00e9rapie\",\"enterre\",\"ministre\",\"nest\",\"NVA\",\"premier\",\"quune\",\"S\u00e9nat\",\"sorte\",\"Wever\"],\"articleSection\":[\"Belgique\"],\"inLanguage\":\"fr-BE\"},{\"@type\":\"WebPage\",\"@id\":\"https:\/\/vieassociative.be\/actualites\/le-premier-ministre-de-wever-n-va-enterre-le-senat-depuis-2014-ce-nest-quune-sorte-dergotherapie\/\",\"url\":\"https:\/\/vieassociative.be\/actualites\/le-premier-ministre-de-wever-n-va-enterre-le-senat-depuis-2014-ce-nest-quune-sorte-dergotherapie\/\",\"name\":\"Le Premier ministre De Wever (N-VA) enterre le S\u00e9nat \u2013 depuis 2014, ce n\u2019est qu\u2019une \u00ab sorte d\u2019ergoth\u00e9rapie \u00bb | Vie Associative\",\"isPartOf\":{\"@id\":\"https:\/\/vieassociative.be\/actualites\/#website\"},\"primaryImageOfPage\":{\"@id\":\"https:\/\/vieassociative.be\/actualites\/le-premier-ministre-de-wever-n-va-enterre-le-senat-depuis-2014-ce-nest-quune-sorte-dergotherapie\/#primaryimage\"},\"image\":{\"@id\":\"https:\/\/vieassociative.be\/actualites\/le-premier-ministre-de-wever-n-va-enterre-le-senat-depuis-2014-ce-nest-quune-sorte-dergotherapie\/#primaryimage\"},\"thumbnailUrl\":\"https:\/\/vieassociative.be\/actualites\/wp-content\/uploads\/2025\/11\/Le-Premier-ministre-De-Wever-N-VA-enterre-le-Senat.jpg\",\"datePublished\":\"2025-11-19T08:17:53+00:00\",\"dateModified\":\"2025-11-19T08:17:53+00:00\",\"breadcrumb\":{\"@id\":\"https:\/\/vieassociative.be\/actualites\/le-premier-ministre-de-wever-n-va-enterre-le-senat-depuis-2014-ce-nest-quune-sorte-dergotherapie\/#breadcrumb\"},\"inLanguage\":\"fr-BE\",\"potentialAction\":[{\"@type\":\"ReadAction\",\"target\":[\"https:\/\/vieassociative.be\/actualites\/le-premier-ministre-de-wever-n-va-enterre-le-senat-depuis-2014-ce-nest-quune-sorte-dergotherapie\/\"]}]},{\"@type\":\"ImageObject\",\"inLanguage\":\"fr-BE\",\"@id\":\"https:\/\/vieassociative.be\/actualites\/le-premier-ministre-de-wever-n-va-enterre-le-senat-depuis-2014-ce-nest-quune-sorte-dergotherapie\/#primaryimage\",\"url\":\"https:\/\/vieassociative.be\/actualites\/wp-content\/uploads\/2025\/11\/Le-Premier-ministre-De-Wever-N-VA-enterre-le-Senat.jpg\",\"contentUrl\":\"https:\/\/vieassociative.be\/actualites\/wp-content\/uploads\/2025\/11\/Le-Premier-ministre-De-Wever-N-VA-enterre-le-Senat.jpg\",\"width\":1248,\"height\":701,\"caption\":\"Le Premier ministre De Wever (N-VA) enterre le S\u00e9nat : \u00ab Il ne joue plus de r\u00f4le dans notre syst\u00e8me \u00bb\"},{\"@type\":\"BreadcrumbList\",\"@id\":\"https:\/\/vieassociative.be\/actualites\/le-premier-ministre-de-wever-n-va-enterre-le-senat-depuis-2014-ce-nest-quune-sorte-dergotherapie\/#breadcrumb\",\"itemListElement\":[{\"@type\":\"ListItem\",\"position\":1,\"name\":\"Accueil\",\"item\":\"https:\/\/vieassociative.be\/actualites\/\"},{\"@type\":\"ListItem\",\"position\":2,\"name\":\"Le Premier ministre De Wever (N-VA) enterre le S\u00e9nat \u2013 depuis 2014, ce n\u2019est qu\u2019une \u00ab sorte d\u2019ergoth\u00e9rapie \u00bb\"}]},{\"@type\":\"WebSite\",\"@id\":\"https:\/\/vieassociative.be\/actualites\/#website\",\"url\":\"https:\/\/vieassociative.be\/actualites\/\",\"name\":\"Vie Associative\",\"description\":\"\",\"publisher\":{\"@id\":\"https:\/\/vieassociative.be\/actualites\/#organization\"},\"potentialAction\":[{\"@type\":\"SearchAction\",\"target\":{\"@type\":\"EntryPoint\",\"urlTemplate\":\"https:\/\/vieassociative.be\/actualites\/?s={search_term_string}\"},\"query-input\":{\"@type\":\"PropertyValueSpecification\",\"valueRequired\":true,\"valueName\":\"search_term_string\"}}],\"inLanguage\":\"fr-BE\"},{\"@type\":\"Organization\",\"@id\":\"https:\/\/vieassociative.be\/actualites\/#organization\",\"name\":\"Vie Associative\",\"url\":\"https:\/\/vieassociative.be\/actualites\/\",\"logo\":{\"@type\":\"ImageObject\",\"inLanguage\":\"fr-BE\",\"@id\":\"https:\/\/vieassociative.be\/actualites\/#\/schema\/logo\/image\/\",\"url\":\"https:\/\/vieassociative.be\/actualites\/wp-content\/uploads\/2024\/09\/cropped-vieassociative_favicon.ico.png\",\"contentUrl\":\"https:\/\/vieassociative.be\/actualites\/wp-content\/uploads\/2024\/09\/cropped-vieassociative_favicon.ico.png\",\"width\":512,\"height\":512,\"caption\":\"Vie Associative\"},\"image\":{\"@id\":\"https:\/\/vieassociative.be\/actualites\/#\/schema\/logo\/image\/\"}},{\"@type\":\"Person\",\"@id\":\"https:\/\/vieassociative.be\/actualites\/#\/schema\/person\/b87ac4f82f9d4e7b7cec7395b679edc4\",\"name\":\"Julien\",\"image\":{\"@type\":\"ImageObject\",\"inLanguage\":\"fr-BE\",\"@id\":\"https:\/\/vieassociative.be\/actualites\/#\/schema\/person\/image\/\",\"url\":\"https:\/\/vieassociative.be\/actualites\/wp-content\/uploads\/2024\/09\/vie-associative-1-150x150.jpg\",\"contentUrl\":\"https:\/\/vieassociative.be\/actualites\/wp-content\/uploads\/2024\/09\/vie-associative-1-150x150.jpg\",\"caption\":\"Julien\"},\"description\":\"Je suis Julien, r\u00e9dacteur pour Vie Associative. Passionn\u00e9 par le monde associatif depuis plus de 10 ans, j'ai \u00e0 c\u0153ur de partager des histoires inspirantes et de mettre en lumi\u00e8re les initiatives locales. Mon objectif est de sensibiliser et d'encourager l'engagement communautaire \u00e0 travers mes articles.\",\"sameAs\":[\"https:\/\/vieassociative.be\/\"]}]}<\/script>\n<!-- \/ Yoast SEO plugin. -->","yoast_head_json":{"title":"Le Premier ministre De Wever (N-VA) enterre le S\u00e9nat \u2013 depuis 2014, ce n\u2019est qu\u2019une \u00ab sorte d\u2019ergoth\u00e9rapie \u00bb | Vie Associative","robots":{"index":"index","follow":"follow","max-snippet":"max-snippet:-1","max-image-preview":"max-image-preview:large","max-video-preview":"max-video-preview:-1"},"canonical":"https:\/\/vieassociative.be\/actualites\/le-premier-ministre-de-wever-n-va-enterre-le-senat-depuis-2014-ce-nest-quune-sorte-dergotherapie\/","og_locale":"fr_FR","og_type":"article","og_title":"Le Premier ministre De Wever (N-VA) enterre le S\u00e9nat \u2013 depuis 2014, ce n\u2019est qu\u2019une \u00ab sorte d\u2019ergoth\u00e9rapie \u00bb | Vie Associative","og_description":"Pour Bart De Wever (N-VA), le S\u00e9nat \u00ab ne joue plus un r\u00f4le important dans notre syst\u00e8me politique \u00bb et doit donc \u00ab enfin devenir","og_url":"https:\/\/vieassociative.be\/actualites\/le-premier-ministre-de-wever-n-va-enterre-le-senat-depuis-2014-ce-nest-quune-sorte-dergotherapie\/","og_site_name":"Vie Associative","article_published_time":"2025-11-19T08:17:53+00:00","og_image":[{"width":279,"height":92,"url":"https:\/\/vieassociative.be\/actualites\/wp-content\/uploads\/2024\/09\/header_backgroundk-01-e1726694325946.png","type":"image\/png"}],"author":"Julien","twitter_card":"summary_large_image","twitter_misc":{"\u00c9crit par":"Julien","Dur\u00e9e de lecture est.":"4 minutes"},"schema":{"@context":"https:\/\/schema.org","@graph":[{"@type":"Article","@id":"https:\/\/vieassociative.be\/actualites\/le-premier-ministre-de-wever-n-va-enterre-le-senat-depuis-2014-ce-nest-quune-sorte-dergotherapie\/#article","isPartOf":{"@id":"https:\/\/vieassociative.be\/actualites\/le-premier-ministre-de-wever-n-va-enterre-le-senat-depuis-2014-ce-nest-quune-sorte-dergotherapie\/"},"author":{"name":"Julien","@id":"https:\/\/vieassociative.be\/actualites\/#\/schema\/person\/b87ac4f82f9d4e7b7cec7395b679edc4"},"headline":"Le Premier ministre De Wever (N-VA) enterre le S\u00e9nat \u2013 depuis 2014, ce n\u2019est qu\u2019une \u00ab sorte d\u2019ergoth\u00e9rapie \u00bb","datePublished":"2025-11-19T08:17:53+00:00","dateModified":"2025-11-19T08:17:53+00:00","mainEntityOfPage":{"@id":"https:\/\/vieassociative.be\/actualites\/le-premier-ministre-de-wever-n-va-enterre-le-senat-depuis-2014-ce-nest-quune-sorte-dergotherapie\/"},"wordCount":901,"publisher":{"@id":"https:\/\/vieassociative.be\/actualites\/#organization"},"image":{"@id":"https:\/\/vieassociative.be\/actualites\/le-premier-ministre-de-wever-n-va-enterre-le-senat-depuis-2014-ce-nest-quune-sorte-dergotherapie\/#primaryimage"},"thumbnailUrl":"https:\/\/vieassociative.be\/actualites\/wp-content\/uploads\/2025\/11\/Le-Premier-ministre-De-Wever-N-VA-enterre-le-Senat.jpg","keywords":["depuis","dergoth\u00e9rapie","enterre","ministre","nest","NVA","premier","quune","S\u00e9nat","sorte","Wever"],"articleSection":["Belgique"],"inLanguage":"fr-BE"},{"@type":"WebPage","@id":"https:\/\/vieassociative.be\/actualites\/le-premier-ministre-de-wever-n-va-enterre-le-senat-depuis-2014-ce-nest-quune-sorte-dergotherapie\/","url":"https:\/\/vieassociative.be\/actualites\/le-premier-ministre-de-wever-n-va-enterre-le-senat-depuis-2014-ce-nest-quune-sorte-dergotherapie\/","name":"Le Premier ministre De Wever (N-VA) enterre le S\u00e9nat \u2013 depuis 2014, ce n\u2019est qu\u2019une \u00ab sorte d\u2019ergoth\u00e9rapie \u00bb | Vie Associative","isPartOf":{"@id":"https:\/\/vieassociative.be\/actualites\/#website"},"primaryImageOfPage":{"@id":"https:\/\/vieassociative.be\/actualites\/le-premier-ministre-de-wever-n-va-enterre-le-senat-depuis-2014-ce-nest-quune-sorte-dergotherapie\/#primaryimage"},"image":{"@id":"https:\/\/vieassociative.be\/actualites\/le-premier-ministre-de-wever-n-va-enterre-le-senat-depuis-2014-ce-nest-quune-sorte-dergotherapie\/#primaryimage"},"thumbnailUrl":"https:\/\/vieassociative.be\/actualites\/wp-content\/uploads\/2025\/11\/Le-Premier-ministre-De-Wever-N-VA-enterre-le-Senat.jpg","datePublished":"2025-11-19T08:17:53+00:00","dateModified":"2025-11-19T08:17:53+00:00","breadcrumb":{"@id":"https:\/\/vieassociative.be\/actualites\/le-premier-ministre-de-wever-n-va-enterre-le-senat-depuis-2014-ce-nest-quune-sorte-dergotherapie\/#breadcrumb"},"inLanguage":"fr-BE","potentialAction":[{"@type":"ReadAction","target":["https:\/\/vieassociative.be\/actualites\/le-premier-ministre-de-wever-n-va-enterre-le-senat-depuis-2014-ce-nest-quune-sorte-dergotherapie\/"]}]},{"@type":"ImageObject","inLanguage":"fr-BE","@id":"https:\/\/vieassociative.be\/actualites\/le-premier-ministre-de-wever-n-va-enterre-le-senat-depuis-2014-ce-nest-quune-sorte-dergotherapie\/#primaryimage","url":"https:\/\/vieassociative.be\/actualites\/wp-content\/uploads\/2025\/11\/Le-Premier-ministre-De-Wever-N-VA-enterre-le-Senat.jpg","contentUrl":"https:\/\/vieassociative.be\/actualites\/wp-content\/uploads\/2025\/11\/Le-Premier-ministre-De-Wever-N-VA-enterre-le-Senat.jpg","width":1248,"height":701,"caption":"Le Premier ministre De Wever (N-VA) enterre le S\u00e9nat : \u00ab Il ne joue plus de r\u00f4le dans notre syst\u00e8me \u00bb"},{"@type":"BreadcrumbList","@id":"https:\/\/vieassociative.be\/actualites\/le-premier-ministre-de-wever-n-va-enterre-le-senat-depuis-2014-ce-nest-quune-sorte-dergotherapie\/#breadcrumb","itemListElement":[{"@type":"ListItem","position":1,"name":"Accueil","item":"https:\/\/vieassociative.be\/actualites\/"},{"@type":"ListItem","position":2,"name":"Le Premier ministre De Wever (N-VA) enterre le S\u00e9nat \u2013 depuis 2014, ce n\u2019est qu\u2019une \u00ab sorte d\u2019ergoth\u00e9rapie \u00bb"}]},{"@type":"WebSite","@id":"https:\/\/vieassociative.be\/actualites\/#website","url":"https:\/\/vieassociative.be\/actualites\/","name":"Vie Associative","description":"","publisher":{"@id":"https:\/\/vieassociative.be\/actualites\/#organization"},"potentialAction":[{"@type":"SearchAction","target":{"@type":"EntryPoint","urlTemplate":"https:\/\/vieassociative.be\/actualites\/?s={search_term_string}"},"query-input":{"@type":"PropertyValueSpecification","valueRequired":true,"valueName":"search_term_string"}}],"inLanguage":"fr-BE"},{"@type":"Organization","@id":"https:\/\/vieassociative.be\/actualites\/#organization","name":"Vie Associative","url":"https:\/\/vieassociative.be\/actualites\/","logo":{"@type":"ImageObject","inLanguage":"fr-BE","@id":"https:\/\/vieassociative.be\/actualites\/#\/schema\/logo\/image\/","url":"https:\/\/vieassociative.be\/actualites\/wp-content\/uploads\/2024\/09\/cropped-vieassociative_favicon.ico.png","contentUrl":"https:\/\/vieassociative.be\/actualites\/wp-content\/uploads\/2024\/09\/cropped-vieassociative_favicon.ico.png","width":512,"height":512,"caption":"Vie Associative"},"image":{"@id":"https:\/\/vieassociative.be\/actualites\/#\/schema\/logo\/image\/"}},{"@type":"Person","@id":"https:\/\/vieassociative.be\/actualites\/#\/schema\/person\/b87ac4f82f9d4e7b7cec7395b679edc4","name":"Julien","image":{"@type":"ImageObject","inLanguage":"fr-BE","@id":"https:\/\/vieassociative.be\/actualites\/#\/schema\/person\/image\/","url":"https:\/\/vieassociative.be\/actualites\/wp-content\/uploads\/2024\/09\/vie-associative-1-150x150.jpg","contentUrl":"https:\/\/vieassociative.be\/actualites\/wp-content\/uploads\/2024\/09\/vie-associative-1-150x150.jpg","caption":"Julien"},"description":"Je suis Julien, r\u00e9dacteur pour Vie Associative. Passionn\u00e9 par le monde associatif depuis plus de 10 ans, j'ai \u00e0 c\u0153ur de partager des histoires inspirantes et de mettre en lumi\u00e8re les initiatives locales. Mon objectif est de sensibiliser et d'encourager l'engagement communautaire \u00e0 travers mes articles.","sameAs":["https:\/\/vieassociative.be\/"]}]}},"_links":{"self":[{"href":"https:\/\/vieassociative.be\/actualites\/wp-json\/wp\/v2\/posts\/11408"}],"collection":[{"href":"https:\/\/vieassociative.be\/actualites\/wp-json\/wp\/v2\/posts"}],"about":[{"href":"https:\/\/vieassociative.be\/actualites\/wp-json\/wp\/v2\/types\/post"}],"author":[{"embeddable":true,"href":"https:\/\/vieassociative.be\/actualites\/wp-json\/wp\/v2\/users\/1"}],"replies":[{"embeddable":true,"href":"https:\/\/vieassociative.be\/actualites\/wp-json\/wp\/v2\/comments?post=11408"}],"version-history":[{"count":0,"href":"https:\/\/vieassociative.be\/actualites\/wp-json\/wp\/v2\/posts\/11408\/revisions"}],"wp:featuredmedia":[{"embeddable":true,"href":"https:\/\/vieassociative.be\/actualites\/wp-json\/wp\/v2\/media\/11390"}],"wp:attachment":[{"href":"https:\/\/vieassociative.be\/actualites\/wp-json\/wp\/v2\/media?parent=11408"}],"wp:term":[{"taxonomy":"category","embeddable":true,"href":"https:\/\/vieassociative.be\/actualites\/wp-json\/wp\/v2\/categories?post=11408"},{"taxonomy":"post_tag","embeddable":true,"href":"https:\/\/vieassociative.be\/actualites\/wp-json\/wp\/v2\/tags?post=11408"}],"curies":[{"name":"wp","href":"https:\/\/api.w.org\/{rel}","templated":true}]}}