{"id":11402,"date":"2025-11-19T03:17:51","date_gmt":"2025-11-19T02:17:51","guid":{"rendered":"https:\/\/vieassociative.be\/actualites\/les-diables-rouges-gagnent-7-0-contre-le-liechtenstein-la-belgique-participe-a-la-coupe-du-monde-pour-la-quatrieme-fois-consecutive\/"},"modified":"2025-11-19T03:17:51","modified_gmt":"2025-11-19T02:17:51","slug":"les-diables-rouges-gagnent-7-0-contre-le-liechtenstein-la-belgique-participe-a-la-coupe-du-monde-pour-la-quatrieme-fois-consecutive","status":"publish","type":"post","link":"https:\/\/vieassociative.be\/actualites\/les-diables-rouges-gagnent-7-0-contre-le-liechtenstein-la-belgique-participe-a-la-coupe-du-monde-pour-la-quatrieme-fois-consecutive\/","title":{"rendered":"Les Diables Rouges gagnent 7-0 contre le Liechtenstein \u2013 La Belgique participe \u00e0 la Coupe du Monde pour la quatri\u00e8me fois cons\u00e9cutive"},"content":{"rendered":"<p><strong>Comme pr\u00e9vu, l&rsquo;\u00e9quipe nationale belge de football n&rsquo;a rien laiss\u00e9 mal lors de son dernier match de qualification pour la Coupe du Monde 2026. Les Diables Rouges se sont impos\u00e9s mardi 7-0 contre le Liechtenstein \u00e0 Li\u00e8ge et sont donc qualifi\u00e9s pour le tournoi de l&rsquo;ann\u00e9e prochaine aux \u00c9tats-Unis, au Mexique et au Canada.<\/strong><\/p>\n<p><span id=\"more-429952\"><\/span>Pour cet ultime et d\u00e9cisif match de qualification pour la Coupe du Monde 2016, le s\u00e9lectionneur belge Rudi Garcia a proc\u00e9d\u00e9 \u00e0 quelques changements par rapport au match au Kazakhstan (1-1), \u00e0 commencer par la position du gardien.<\/p>\n<p>Cette fois, Senne Lammens a eu sa chance, d&rsquo;autant plus que Matz Sels n&rsquo;a pas fait la meilleure impression en encaissant un but \u00e0 Astana et ne joue pas aussi bien \u00e0 Nottingham Forest cette saison que l&rsquo;ann\u00e9e derni\u00e8re.<\/p>\n<div id=\"attachment_429967\" class=\"wp-caption alignleft\" style=\"max-width: 300px\"><img fetchpriority=\"high\" decoding=\"async\" class=\"wp-image-429967 size-medium\" src=\"https:\/\/vieassociative.be\/actualites\/wp-content\/uploads\/2025\/11\/Les-Diables-Rouges-gagnent-7-0-contre-le-Liechtenstein-\u2013-La.jpg\" alt=\"\" width=\"300\" height=\"200\"><\/div>\n<p>De plus, Thomas Meunier, Brandon Mechele, Youri Tielemans et Alexis Saelemaekers ont rejoint le onze de d\u00e9part.<\/p>\n<p>Onze de d\u00e9part des Diables Rouges : Lammens \u2013 Meunier, Mechele, Theate, Castagne \u2013 Raskin, Tielemans, Vanaken \u2013 Saelemaekers, De Ketelaere, Doku.<\/p>\n<p>Apr\u00e8s seulement trois minutes, Vanaken a marqu\u00e9 le premier but apr\u00e8s un centre de Tielemans, mal d\u00e9gag\u00e9 par la d\u00e9fense du Liechtenstein. Sa t\u00eate ne laissait aucune chance \u00e0 B\u00fcchel, qui pouvait reprocher \u00e0 sa d\u00e9fense de ne pas avoir r\u00e9ussi \u00e0 bloquer le centre du capitaine des Diables Rouges.<\/p>\n<div id=\"attachment_429975\" class=\"wp-caption alignleft\" style=\"max-width: 300px\"><img decoding=\"async\" class=\"wp-image-429975 size-medium\" src=\"https:\/\/vieassociative.be\/actualites\/wp-content\/uploads\/2025\/11\/1763518671_321_Les-Diables-Rouges-gagnent-7-0-contre-le-Liechtenstein-\u2013-La.jpg\" alt=\"\" width=\"300\" height=\"200\"><\/div>\n<p>Peu apr\u00e8s un quart d&rsquo;heure, les Diables Rouges auraient d\u00fb marquer gr\u00e2ce \u00e0 De Ketelaere et Vanaken. Apr\u00e8s un excellent centre de Meunier, l&rsquo;ancien joueur du FC Bruges manquait le but. L&rsquo;actuel capitaine des \u00ab Blauw en Zwart \u00bb est venu par derri\u00e8re et a tent\u00e9 de marquer un doubl\u00e9, mais son tir a \u00e9t\u00e9 d\u00e9vi\u00e9 en corner.<\/p>\n<p>Les Diables Rouges ont assi\u00e9g\u00e9 le but du Liechtenstein et ont finalement r\u00e9ussi \u00e0 inscrire leur deuxi\u00e8me but dix minutes avant le coup de sifflet de la mi-temps. Apr\u00e8s une avance de Saelemaekers sur la droite, il entre dans la surface de r\u00e9paration et r\u00e9pond \u00e0 Doku. L&rsquo;ailier gauche de Manchester City n&rsquo;a pas manqu\u00e9 l&rsquo;occasion de porter le score \u00e0 2-0 d&rsquo;une frappe \u00e0 ras de terre (34e).<\/p>\n<p>Le festival du documentaire venait de commencer : sept minutes apr\u00e8s son premier but, le Belge r\u00e9cup\u00e9rait un ballon au milieu, dribblait deux joueurs du Liechtenstein et trompait le gardien d&rsquo;une frappe dans la lucarne la plus \u00e9loign\u00e9e (3-0, 41e).<\/p>\n<div id=\"attachment_429979\" class=\"wp-caption alignleft\" style=\"max-width: 300px\"><img decoding=\"async\" class=\"wp-image-429979 size-medium\" src=\"https:\/\/vieassociative.be\/actualites\/wp-content\/uploads\/2025\/11\/1763518671_365_Les-Diables-Rouges-gagnent-7-0-contre-le-Liechtenstein-\u2013-La.jpg\" alt=\"\" width=\"300\" height=\"182\"  ><\/div>\n<p>D\u00e8s le retour des vestiaires, la Belgique aurait pu inscrire son quatri\u00e8me but. Mais la t\u00eate de Meunier n&rsquo;atteignait que le poteau de B\u00fcchel. Mais cela n&rsquo;a \u00e9t\u00e9 que report\u00e9 car apr\u00e8s seulement 7 minutes de la seconde p\u00e9riode, Mechele a d\u00e9vi\u00e9 dans les filets un centre d\u00e9vi\u00e9 par De Ketelaere (4-0, 52&prime;).<\/p>\n<p>C&rsquo;\u00e9tait le d\u00e9but de sept minutes compl\u00e8tement folles. Apr\u00e8s le but de Mechele, Saelemaekers se joignait \u00e0 la fr\u00e9n\u00e9sie des buts (5-0, 55e). L&rsquo;ancien joueur d&rsquo;Anderlecht \u00e9tait pr\u00e9sent lorsque le gardien a bloqu\u00e9 un tir de Tielemans.<\/p>\n<p>De Ketelaere a ensuite marqu\u00e9 un doubl\u00e9 en deux minutes. Apr\u00e8s une bonne passe de Doku, l&rsquo;ancien Brugeois a marqu\u00e9 d&rsquo;un tir du pied droit (6-0, 57e) avant de transformer une t\u00eate de Meunier (7-0, 59e).<\/p>\n<p>Rudi Garcia a ensuite proc\u00e9d\u00e9 \u00e0 plusieurs remplacements en faisant entrer Axel Witsel, c\u00e9l\u00e9br\u00e9 avec enthousiasme par le public de Sclessin, Diego Moreira, Dodi Lukebakio et Lo\u00efs Openda. Mais avec tous ces remplacements, le rythme a baiss\u00e9 et aucun autre but n&rsquo;a \u00e9t\u00e9 marqu\u00e9. (cr\u00e9er)<\/p>\n","protected":false},"excerpt":{"rendered":"<p>Comme pr\u00e9vu, l&rsquo;\u00e9quipe nationale belge de football n&rsquo;a rien laiss\u00e9 mal lors de son dernier match de qualification pour la Coupe du Monde 2026. Les<\/p>\n","protected":false},"author":1,"featured_media":11403,"comment_status":"","ping_status":"","sticky":false,"template":"","format":"standard","meta":{"footnotes":""},"categories":[298],"tags":[383,4809,796,2472,2389,774,7783,14,3999,237,3263,81,7154,2366],"class_list":["post-11402","post","type-post","status-publish","format-standard","has-post-thumbnail","hentry","category-belgique","tag-belgique","tag-consecutive","tag-contre","tag-coupe","tag-diables","tag-fois","tag-gagnent","tag-les","tag-liechtenstein","tag-monde","tag-participe","tag-pour","tag-quatrieme","tag-rouges","generate-columns","tablet-grid-50","mobile-grid-100","grid-parent","grid-33"],"yoast_head":"<!-- This site is optimized with the Yoast SEO plugin v24.0 - https:\/\/yoast.com\/wordpress\/plugins\/seo\/ -->\n<title>Les Diables Rouges gagnent 7-0 contre le Liechtenstein \u2013 La Belgique participe \u00e0 la Coupe du Monde pour la quatri\u00e8me fois cons\u00e9cutive | Vie Associative<\/title>\n<meta name=\"robots\" content=\"index, follow, max-snippet:-1, max-image-preview:large, max-video-preview:-1\" \/>\n<link rel=\"canonical\" href=\"https:\/\/vieassociative.be\/actualites\/les-diables-rouges-gagnent-7-0-contre-le-liechtenstein-la-belgique-participe-a-la-coupe-du-monde-pour-la-quatrieme-fois-consecutive\/\" \/>\n<meta property=\"og:locale\" content=\"fr_FR\" \/>\n<meta property=\"og:type\" content=\"article\" \/>\n<meta property=\"og:title\" content=\"Les Diables Rouges gagnent 7-0 contre le Liechtenstein \u2013 La Belgique participe \u00e0 la Coupe du Monde pour la quatri\u00e8me fois cons\u00e9cutive | Vie Associative\" \/>\n<meta property=\"og:description\" content=\"Comme pr\u00e9vu, l&rsquo;\u00e9quipe nationale belge de football n&rsquo;a rien laiss\u00e9 mal lors de son dernier match de qualification pour la Coupe du Monde 2026. Les\" \/>\n<meta property=\"og:url\" content=\"https:\/\/vieassociative.be\/actualites\/les-diables-rouges-gagnent-7-0-contre-le-liechtenstein-la-belgique-participe-a-la-coupe-du-monde-pour-la-quatrieme-fois-consecutive\/\" \/>\n<meta property=\"og:site_name\" content=\"Vie Associative\" \/>\n<meta property=\"article:published_time\" content=\"2025-11-19T02:17:51+00:00\" \/>\n<meta property=\"og:image\" content=\"https:\/\/vieassociative.be\/actualites\/wp-content\/uploads\/2024\/09\/header_backgroundk-01-e1726694325946.png\" \/>\n\t<meta property=\"og:image:width\" content=\"279\" \/>\n\t<meta property=\"og:image:height\" content=\"92\" \/>\n\t<meta property=\"og:image:type\" content=\"image\/png\" \/>\n<meta name=\"author\" content=\"Julien\" \/>\n<meta name=\"twitter:card\" content=\"summary_large_image\" \/>\n<meta name=\"twitter:label1\" content=\"\u00c9crit par\" \/>\n\t<meta name=\"twitter:data1\" content=\"Julien\" \/>\n\t<meta name=\"twitter:label2\" content=\"Dur\u00e9e de lecture est.\" \/>\n\t<meta name=\"twitter:data2\" content=\"3 minutes\" \/>\n<script type=\"application\/ld+json\" class=\"yoast-schema-graph\">{\"@context\":\"https:\/\/schema.org\",\"@graph\":[{\"@type\":\"Article\",\"@id\":\"https:\/\/vieassociative.be\/actualites\/les-diables-rouges-gagnent-7-0-contre-le-liechtenstein-la-belgique-participe-a-la-coupe-du-monde-pour-la-quatrieme-fois-consecutive\/#article\",\"isPartOf\":{\"@id\":\"https:\/\/vieassociative.be\/actualites\/les-diables-rouges-gagnent-7-0-contre-le-liechtenstein-la-belgique-participe-a-la-coupe-du-monde-pour-la-quatrieme-fois-consecutive\/\"},\"author\":{\"name\":\"Julien\",\"@id\":\"https:\/\/vieassociative.be\/actualites\/#\/schema\/person\/b87ac4f82f9d4e7b7cec7395b679edc4\"},\"headline\":\"Les Diables Rouges gagnent 7-0 contre le Liechtenstein \u2013 La Belgique participe \u00e0 la Coupe du Monde pour la quatri\u00e8me fois cons\u00e9cutive\",\"datePublished\":\"2025-11-19T02:17:51+00:00\",\"dateModified\":\"2025-11-19T02:17:51+00:00\",\"mainEntityOfPage\":{\"@id\":\"https:\/\/vieassociative.be\/actualites\/les-diables-rouges-gagnent-7-0-contre-le-liechtenstein-la-belgique-participe-a-la-coupe-du-monde-pour-la-quatrieme-fois-consecutive\/\"},\"wordCount\":632,\"publisher\":{\"@id\":\"https:\/\/vieassociative.be\/actualites\/#organization\"},\"image\":{\"@id\":\"https:\/\/vieassociative.be\/actualites\/les-diables-rouges-gagnent-7-0-contre-le-liechtenstein-la-belgique-participe-a-la-coupe-du-monde-pour-la-quatrieme-fois-consecutive\/#primaryimage\"},\"thumbnailUrl\":\"https:\/\/vieassociative.be\/actualites\/wp-content\/uploads\/2025\/11\/1763518671_Les-Diables-Rouges-gagnent-7-0-contre-le-Liechtenstein-\u2013-La.jpg\",\"keywords\":[\"Belgique\",\"cons\u00e9cutive\",\"contre\",\"Coupe\",\"Diables\",\"fois\",\"gagnent\",\"Les\",\"Liechtenstein\",\"monde\",\"participe\",\"pour\",\"quatri\u00e8me\",\"rouges\"],\"articleSection\":[\"Belgique\"],\"inLanguage\":\"fr-BE\"},{\"@type\":\"WebPage\",\"@id\":\"https:\/\/vieassociative.be\/actualites\/les-diables-rouges-gagnent-7-0-contre-le-liechtenstein-la-belgique-participe-a-la-coupe-du-monde-pour-la-quatrieme-fois-consecutive\/\",\"url\":\"https:\/\/vieassociative.be\/actualites\/les-diables-rouges-gagnent-7-0-contre-le-liechtenstein-la-belgique-participe-a-la-coupe-du-monde-pour-la-quatrieme-fois-consecutive\/\",\"name\":\"Les Diables Rouges gagnent 7-0 contre le Liechtenstein \u2013 La Belgique participe \u00e0 la Coupe du Monde pour la quatri\u00e8me fois cons\u00e9cutive | Vie Associative\",\"isPartOf\":{\"@id\":\"https:\/\/vieassociative.be\/actualites\/#website\"},\"primaryImageOfPage\":{\"@id\":\"https:\/\/vieassociative.be\/actualites\/les-diables-rouges-gagnent-7-0-contre-le-liechtenstein-la-belgique-participe-a-la-coupe-du-monde-pour-la-quatrieme-fois-consecutive\/#primaryimage\"},\"image\":{\"@id\":\"https:\/\/vieassociative.be\/actualites\/les-diables-rouges-gagnent-7-0-contre-le-liechtenstein-la-belgique-participe-a-la-coupe-du-monde-pour-la-quatrieme-fois-consecutive\/#primaryimage\"},\"thumbnailUrl\":\"https:\/\/vieassociative.be\/actualites\/wp-content\/uploads\/2025\/11\/1763518671_Les-Diables-Rouges-gagnent-7-0-contre-le-Liechtenstein-\u2013-La.jpg\",\"datePublished\":\"2025-11-19T02:17:51+00:00\",\"dateModified\":\"2025-11-19T02:17:51+00:00\",\"breadcrumb\":{\"@id\":\"https:\/\/vieassociative.be\/actualites\/les-diables-rouges-gagnent-7-0-contre-le-liechtenstein-la-belgique-participe-a-la-coupe-du-monde-pour-la-quatrieme-fois-consecutive\/#breadcrumb\"},\"inLanguage\":\"fr-BE\",\"potentialAction\":[{\"@type\":\"ReadAction\",\"target\":[\"https:\/\/vieassociative.be\/actualites\/les-diables-rouges-gagnent-7-0-contre-le-liechtenstein-la-belgique-participe-a-la-coupe-du-monde-pour-la-quatrieme-fois-consecutive\/\"]}]},{\"@type\":\"ImageObject\",\"inLanguage\":\"fr-BE\",\"@id\":\"https:\/\/vieassociative.be\/actualites\/les-diables-rouges-gagnent-7-0-contre-le-liechtenstein-la-belgique-participe-a-la-coupe-du-monde-pour-la-quatrieme-fois-consecutive\/#primaryimage\",\"url\":\"https:\/\/vieassociative.be\/actualites\/wp-content\/uploads\/2025\/11\/1763518671_Les-Diables-Rouges-gagnent-7-0-contre-le-Liechtenstein-\u2013-La.jpg\",\"contentUrl\":\"https:\/\/vieassociative.be\/actualites\/wp-content\/uploads\/2025\/11\/1763518671_Les-Diables-Rouges-gagnent-7-0-contre-le-Liechtenstein-\u2013-La.jpg\",\"width\":2560,\"height\":1707,\"caption\":\"Les Diables Rouges gagnent 7-0 contre le Liechtenstein \u2013 La Belgique participe \u00e0 la Coupe du Monde pour la quatri\u00e8me fois cons\u00e9cutive\"},{\"@type\":\"BreadcrumbList\",\"@id\":\"https:\/\/vieassociative.be\/actualites\/les-diables-rouges-gagnent-7-0-contre-le-liechtenstein-la-belgique-participe-a-la-coupe-du-monde-pour-la-quatrieme-fois-consecutive\/#breadcrumb\",\"itemListElement\":[{\"@type\":\"ListItem\",\"position\":1,\"name\":\"Accueil\",\"item\":\"https:\/\/vieassociative.be\/actualites\/\"},{\"@type\":\"ListItem\",\"position\":2,\"name\":\"Les Diables Rouges gagnent 7-0 contre le Liechtenstein \u2013 La Belgique participe \u00e0 la Coupe du Monde pour la quatri\u00e8me fois cons\u00e9cutive\"}]},{\"@type\":\"WebSite\",\"@id\":\"https:\/\/vieassociative.be\/actualites\/#website\",\"url\":\"https:\/\/vieassociative.be\/actualites\/\",\"name\":\"Vie Associative\",\"description\":\"\",\"publisher\":{\"@id\":\"https:\/\/vieassociative.be\/actualites\/#organization\"},\"potentialAction\":[{\"@type\":\"SearchAction\",\"target\":{\"@type\":\"EntryPoint\",\"urlTemplate\":\"https:\/\/vieassociative.be\/actualites\/?s={search_term_string}\"},\"query-input\":{\"@type\":\"PropertyValueSpecification\",\"valueRequired\":true,\"valueName\":\"search_term_string\"}}],\"inLanguage\":\"fr-BE\"},{\"@type\":\"Organization\",\"@id\":\"https:\/\/vieassociative.be\/actualites\/#organization\",\"name\":\"Vie Associative\",\"url\":\"https:\/\/vieassociative.be\/actualites\/\",\"logo\":{\"@type\":\"ImageObject\",\"inLanguage\":\"fr-BE\",\"@id\":\"https:\/\/vieassociative.be\/actualites\/#\/schema\/logo\/image\/\",\"url\":\"https:\/\/vieassociative.be\/actualites\/wp-content\/uploads\/2024\/09\/cropped-vieassociative_favicon.ico.png\",\"contentUrl\":\"https:\/\/vieassociative.be\/actualites\/wp-content\/uploads\/2024\/09\/cropped-vieassociative_favicon.ico.png\",\"width\":512,\"height\":512,\"caption\":\"Vie Associative\"},\"image\":{\"@id\":\"https:\/\/vieassociative.be\/actualites\/#\/schema\/logo\/image\/\"}},{\"@type\":\"Person\",\"@id\":\"https:\/\/vieassociative.be\/actualites\/#\/schema\/person\/b87ac4f82f9d4e7b7cec7395b679edc4\",\"name\":\"Julien\",\"image\":{\"@type\":\"ImageObject\",\"inLanguage\":\"fr-BE\",\"@id\":\"https:\/\/vieassociative.be\/actualites\/#\/schema\/person\/image\/\",\"url\":\"https:\/\/vieassociative.be\/actualites\/wp-content\/uploads\/2024\/09\/vie-associative-1-150x150.jpg\",\"contentUrl\":\"https:\/\/vieassociative.be\/actualites\/wp-content\/uploads\/2024\/09\/vie-associative-1-150x150.jpg\",\"caption\":\"Julien\"},\"description\":\"Je suis Julien, r\u00e9dacteur pour Vie Associative. Passionn\u00e9 par le monde associatif depuis plus de 10 ans, j'ai \u00e0 c\u0153ur de partager des histoires inspirantes et de mettre en lumi\u00e8re les initiatives locales. Mon objectif est de sensibiliser et d'encourager l'engagement communautaire \u00e0 travers mes articles.\",\"sameAs\":[\"https:\/\/vieassociative.be\/\"]}]}<\/script>\n<!-- \/ Yoast SEO plugin. -->","yoast_head_json":{"title":"Les Diables Rouges gagnent 7-0 contre le Liechtenstein \u2013 La Belgique participe \u00e0 la Coupe du Monde pour la quatri\u00e8me fois cons\u00e9cutive | Vie Associative","robots":{"index":"index","follow":"follow","max-snippet":"max-snippet:-1","max-image-preview":"max-image-preview:large","max-video-preview":"max-video-preview:-1"},"canonical":"https:\/\/vieassociative.be\/actualites\/les-diables-rouges-gagnent-7-0-contre-le-liechtenstein-la-belgique-participe-a-la-coupe-du-monde-pour-la-quatrieme-fois-consecutive\/","og_locale":"fr_FR","og_type":"article","og_title":"Les Diables Rouges gagnent 7-0 contre le Liechtenstein \u2013 La Belgique participe \u00e0 la Coupe du Monde pour la quatri\u00e8me fois cons\u00e9cutive | Vie Associative","og_description":"Comme pr\u00e9vu, l&rsquo;\u00e9quipe nationale belge de football n&rsquo;a rien laiss\u00e9 mal lors de son dernier match de qualification pour la Coupe du Monde 2026. Les","og_url":"https:\/\/vieassociative.be\/actualites\/les-diables-rouges-gagnent-7-0-contre-le-liechtenstein-la-belgique-participe-a-la-coupe-du-monde-pour-la-quatrieme-fois-consecutive\/","og_site_name":"Vie Associative","article_published_time":"2025-11-19T02:17:51+00:00","og_image":[{"width":279,"height":92,"url":"https:\/\/vieassociative.be\/actualites\/wp-content\/uploads\/2024\/09\/header_backgroundk-01-e1726694325946.png","type":"image\/png"}],"author":"Julien","twitter_card":"summary_large_image","twitter_misc":{"\u00c9crit par":"Julien","Dur\u00e9e de lecture est.":"3 minutes"},"schema":{"@context":"https:\/\/schema.org","@graph":[{"@type":"Article","@id":"https:\/\/vieassociative.be\/actualites\/les-diables-rouges-gagnent-7-0-contre-le-liechtenstein-la-belgique-participe-a-la-coupe-du-monde-pour-la-quatrieme-fois-consecutive\/#article","isPartOf":{"@id":"https:\/\/vieassociative.be\/actualites\/les-diables-rouges-gagnent-7-0-contre-le-liechtenstein-la-belgique-participe-a-la-coupe-du-monde-pour-la-quatrieme-fois-consecutive\/"},"author":{"name":"Julien","@id":"https:\/\/vieassociative.be\/actualites\/#\/schema\/person\/b87ac4f82f9d4e7b7cec7395b679edc4"},"headline":"Les Diables Rouges gagnent 7-0 contre le Liechtenstein \u2013 La Belgique participe \u00e0 la Coupe du Monde pour la quatri\u00e8me fois cons\u00e9cutive","datePublished":"2025-11-19T02:17:51+00:00","dateModified":"2025-11-19T02:17:51+00:00","mainEntityOfPage":{"@id":"https:\/\/vieassociative.be\/actualites\/les-diables-rouges-gagnent-7-0-contre-le-liechtenstein-la-belgique-participe-a-la-coupe-du-monde-pour-la-quatrieme-fois-consecutive\/"},"wordCount":632,"publisher":{"@id":"https:\/\/vieassociative.be\/actualites\/#organization"},"image":{"@id":"https:\/\/vieassociative.be\/actualites\/les-diables-rouges-gagnent-7-0-contre-le-liechtenstein-la-belgique-participe-a-la-coupe-du-monde-pour-la-quatrieme-fois-consecutive\/#primaryimage"},"thumbnailUrl":"https:\/\/vieassociative.be\/actualites\/wp-content\/uploads\/2025\/11\/1763518671_Les-Diables-Rouges-gagnent-7-0-contre-le-Liechtenstein-\u2013-La.jpg","keywords":["Belgique","cons\u00e9cutive","contre","Coupe","Diables","fois","gagnent","Les","Liechtenstein","monde","participe","pour","quatri\u00e8me","rouges"],"articleSection":["Belgique"],"inLanguage":"fr-BE"},{"@type":"WebPage","@id":"https:\/\/vieassociative.be\/actualites\/les-diables-rouges-gagnent-7-0-contre-le-liechtenstein-la-belgique-participe-a-la-coupe-du-monde-pour-la-quatrieme-fois-consecutive\/","url":"https:\/\/vieassociative.be\/actualites\/les-diables-rouges-gagnent-7-0-contre-le-liechtenstein-la-belgique-participe-a-la-coupe-du-monde-pour-la-quatrieme-fois-consecutive\/","name":"Les Diables Rouges gagnent 7-0 contre le Liechtenstein \u2013 La Belgique participe \u00e0 la Coupe du Monde pour la quatri\u00e8me fois cons\u00e9cutive | Vie Associative","isPartOf":{"@id":"https:\/\/vieassociative.be\/actualites\/#website"},"primaryImageOfPage":{"@id":"https:\/\/vieassociative.be\/actualites\/les-diables-rouges-gagnent-7-0-contre-le-liechtenstein-la-belgique-participe-a-la-coupe-du-monde-pour-la-quatrieme-fois-consecutive\/#primaryimage"},"image":{"@id":"https:\/\/vieassociative.be\/actualites\/les-diables-rouges-gagnent-7-0-contre-le-liechtenstein-la-belgique-participe-a-la-coupe-du-monde-pour-la-quatrieme-fois-consecutive\/#primaryimage"},"thumbnailUrl":"https:\/\/vieassociative.be\/actualites\/wp-content\/uploads\/2025\/11\/1763518671_Les-Diables-Rouges-gagnent-7-0-contre-le-Liechtenstein-\u2013-La.jpg","datePublished":"2025-11-19T02:17:51+00:00","dateModified":"2025-11-19T02:17:51+00:00","breadcrumb":{"@id":"https:\/\/vieassociative.be\/actualites\/les-diables-rouges-gagnent-7-0-contre-le-liechtenstein-la-belgique-participe-a-la-coupe-du-monde-pour-la-quatrieme-fois-consecutive\/#breadcrumb"},"inLanguage":"fr-BE","potentialAction":[{"@type":"ReadAction","target":["https:\/\/vieassociative.be\/actualites\/les-diables-rouges-gagnent-7-0-contre-le-liechtenstein-la-belgique-participe-a-la-coupe-du-monde-pour-la-quatrieme-fois-consecutive\/"]}]},{"@type":"ImageObject","inLanguage":"fr-BE","@id":"https:\/\/vieassociative.be\/actualites\/les-diables-rouges-gagnent-7-0-contre-le-liechtenstein-la-belgique-participe-a-la-coupe-du-monde-pour-la-quatrieme-fois-consecutive\/#primaryimage","url":"https:\/\/vieassociative.be\/actualites\/wp-content\/uploads\/2025\/11\/1763518671_Les-Diables-Rouges-gagnent-7-0-contre-le-Liechtenstein-\u2013-La.jpg","contentUrl":"https:\/\/vieassociative.be\/actualites\/wp-content\/uploads\/2025\/11\/1763518671_Les-Diables-Rouges-gagnent-7-0-contre-le-Liechtenstein-\u2013-La.jpg","width":2560,"height":1707,"caption":"Les Diables Rouges gagnent 7-0 contre le Liechtenstein \u2013 La Belgique participe \u00e0 la Coupe du Monde pour la quatri\u00e8me fois cons\u00e9cutive"},{"@type":"BreadcrumbList","@id":"https:\/\/vieassociative.be\/actualites\/les-diables-rouges-gagnent-7-0-contre-le-liechtenstein-la-belgique-participe-a-la-coupe-du-monde-pour-la-quatrieme-fois-consecutive\/#breadcrumb","itemListElement":[{"@type":"ListItem","position":1,"name":"Accueil","item":"https:\/\/vieassociative.be\/actualites\/"},{"@type":"ListItem","position":2,"name":"Les Diables Rouges gagnent 7-0 contre le Liechtenstein \u2013 La Belgique participe \u00e0 la Coupe du Monde pour la quatri\u00e8me fois cons\u00e9cutive"}]},{"@type":"WebSite","@id":"https:\/\/vieassociative.be\/actualites\/#website","url":"https:\/\/vieassociative.be\/actualites\/","name":"Vie Associative","description":"","publisher":{"@id":"https:\/\/vieassociative.be\/actualites\/#organization"},"potentialAction":[{"@type":"SearchAction","target":{"@type":"EntryPoint","urlTemplate":"https:\/\/vieassociative.be\/actualites\/?s={search_term_string}"},"query-input":{"@type":"PropertyValueSpecification","valueRequired":true,"valueName":"search_term_string"}}],"inLanguage":"fr-BE"},{"@type":"Organization","@id":"https:\/\/vieassociative.be\/actualites\/#organization","name":"Vie Associative","url":"https:\/\/vieassociative.be\/actualites\/","logo":{"@type":"ImageObject","inLanguage":"fr-BE","@id":"https:\/\/vieassociative.be\/actualites\/#\/schema\/logo\/image\/","url":"https:\/\/vieassociative.be\/actualites\/wp-content\/uploads\/2024\/09\/cropped-vieassociative_favicon.ico.png","contentUrl":"https:\/\/vieassociative.be\/actualites\/wp-content\/uploads\/2024\/09\/cropped-vieassociative_favicon.ico.png","width":512,"height":512,"caption":"Vie Associative"},"image":{"@id":"https:\/\/vieassociative.be\/actualites\/#\/schema\/logo\/image\/"}},{"@type":"Person","@id":"https:\/\/vieassociative.be\/actualites\/#\/schema\/person\/b87ac4f82f9d4e7b7cec7395b679edc4","name":"Julien","image":{"@type":"ImageObject","inLanguage":"fr-BE","@id":"https:\/\/vieassociative.be\/actualites\/#\/schema\/person\/image\/","url":"https:\/\/vieassociative.be\/actualites\/wp-content\/uploads\/2024\/09\/vie-associative-1-150x150.jpg","contentUrl":"https:\/\/vieassociative.be\/actualites\/wp-content\/uploads\/2024\/09\/vie-associative-1-150x150.jpg","caption":"Julien"},"description":"Je suis Julien, r\u00e9dacteur pour Vie Associative. Passionn\u00e9 par le monde associatif depuis plus de 10 ans, j'ai \u00e0 c\u0153ur de partager des histoires inspirantes et de mettre en lumi\u00e8re les initiatives locales. Mon objectif est de sensibiliser et d'encourager l'engagement communautaire \u00e0 travers mes articles.","sameAs":["https:\/\/vieassociative.be\/"]}]}},"_links":{"self":[{"href":"https:\/\/vieassociative.be\/actualites\/wp-json\/wp\/v2\/posts\/11402"}],"collection":[{"href":"https:\/\/vieassociative.be\/actualites\/wp-json\/wp\/v2\/posts"}],"about":[{"href":"https:\/\/vieassociative.be\/actualites\/wp-json\/wp\/v2\/types\/post"}],"author":[{"embeddable":true,"href":"https:\/\/vieassociative.be\/actualites\/wp-json\/wp\/v2\/users\/1"}],"replies":[{"embeddable":true,"href":"https:\/\/vieassociative.be\/actualites\/wp-json\/wp\/v2\/comments?post=11402"}],"version-history":[{"count":0,"href":"https:\/\/vieassociative.be\/actualites\/wp-json\/wp\/v2\/posts\/11402\/revisions"}],"wp:featuredmedia":[{"embeddable":true,"href":"https:\/\/vieassociative.be\/actualites\/wp-json\/wp\/v2\/media\/11403"}],"wp:attachment":[{"href":"https:\/\/vieassociative.be\/actualites\/wp-json\/wp\/v2\/media?parent=11402"}],"wp:term":[{"taxonomy":"category","embeddable":true,"href":"https:\/\/vieassociative.be\/actualites\/wp-json\/wp\/v2\/categories?post=11402"},{"taxonomy":"post_tag","embeddable":true,"href":"https:\/\/vieassociative.be\/actualites\/wp-json\/wp\/v2\/tags?post=11402"}],"curies":[{"name":"wp","href":"https:\/\/api.w.org\/{rel}","templated":true}]}}