{"id":11396,"date":"2025-11-19T00:17:31","date_gmt":"2025-11-18T23:17:31","guid":{"rendered":"https:\/\/vieassociative.be\/actualites\/pourquoi-je-possede-une-mini-tronconneuse-et-peut-etre-que-vous-devriez-aussi\/"},"modified":"2025-11-19T00:17:31","modified_gmt":"2025-11-18T23:17:31","slug":"pourquoi-je-possede-une-mini-tronconneuse-et-peut-etre-que-vous-devriez-aussi","status":"publish","type":"post","link":"https:\/\/vieassociative.be\/actualites\/pourquoi-je-possede-une-mini-tronconneuse-et-peut-etre-que-vous-devriez-aussi\/","title":{"rendered":"Pourquoi je poss\u00e8de une mini tron\u00e7onneuse (et peut-\u00eatre que vous devriez aussi)"},"content":{"rendered":"<div class=\"mt-4 leading-6 md:mb-8\">C&rsquo;est un outil incroyablement utile, m\u00eame si vous ne coupez jamais votre propre bois de chauffage.<\/div>\n<p><\/p>\n<p>\u00c0 peine plongez-vous dans le terrier du lapin de r\u00e9paration et d\u2019entretien de la maison de bricolage (un trou bord\u00e9 de tout l\u2019argent que vous \u00e9conomiserez !) que vous commencez \u00e0 collecter des outils. Certains d\u2019entre eux seront des objets \u00e0 usage unique que vous stockerez dans votre garage ou votre remise \u00e0 outils pendant des d\u00e9cennies, comme une exposition de mus\u00e9e. Mais parfois, m\u00eame ces outils peuvent vous surprendre en \u00e9tant bien plus utiles que vous ne l\u2019imaginiez au d\u00e9part.<\/p>\n<p>Pour moi, la mini tron\u00e7onneuse faisait partie de ces outils. Celui-ci, en particulier (j&rsquo;en ai envisag\u00e9 d&rsquo;autres, mais je voulais vraiment une option sans fil \u00e0 une main parce que je vis dans une petite maison urbaine, pas dans une ferme tentaculaire qui fonctionne au bois de chauffage et \u00e0 la vapeur). Je l&rsquo;ai achet\u00e9 sp\u00e9cifiquement pour les t\u00e2ches d&rsquo;am\u00e9nagement paysager et d&rsquo;\u00e9lagage, mais il s&rsquo;est rapidement av\u00e9r\u00e9 \u00eatre l&rsquo;un des petits outils les plus utiles que je poss\u00e8de \u2013 si utile, en fait, que je pense que chaque bricoleur devrait en avoir un. Voici quelques fa\u00e7ons dont je l\u2019utilise \u00e0 bon escient.<\/p>\n<div class=\"pogoClear mb-12 mt-10 rounded-md border-2 border-gray-100 py-7 shadow-xl md:py-6\">\n<div class=\"flex flex-wrap justify-between px-7 text-black no-underline md:flex-nowrap md:px-8\">\n<div class=\"order-1 mx-auto flex flex-col justify-center md:order-2 md:ml-4 md:w-full md:grow\">\n<div class=\"block cursor-pointer text-center font-akshar text-2xl font-medium leading-7 text-brand-green duration-200 ease-in-out hover:text-brand-green-700 md:text-left md:text-xl md:leading-6\">Mini tron\u00e7onneuse sans balais Greenworks 24 V\n                <\/div>\n<div class=\"mt-4 hidden md:flex md:justify-between\">\n<div class=\"self-end\">\n<div class=\"mb-0 h-11 md:flex md:flex-col md:justify-center\">\n<div class=\" font-sans leading-4 text-black\">\n<div class=\"flex flex-wrap items-center justify-center gap-1 md:justify-start\">\n        <span class=\"font-bold\"><\/p>\n<p>            90,99\u00a0$<br \/>\n                            <span class=\"font-medium\">chez Amazon<\/span><br \/>\n                    <\/span>\n            <\/div>\n<div class=\"flex items-center justify-center gap-x-1 font-bold md:justify-start\">\n            <span class=\"text-sm line-through\">99,99\u00a0$<\/span><br \/>\n            <span class=\"text-sm text-brand-green\">\u00c9conomisez 9,00\u00a0$<\/span>\n        <\/div>\n<\/p><\/div>\n<\/p><\/div>\n<\/p><\/div>\n<div class=\"w-44 self-end\">\n                            <button class=\"flex justify-center items-center w-full bg-brand-green text-white text-base font-sans font-medium rounded-md hover:bg-brand-green-700 hover:cursor-pointer md:text-sm h-11\"><\/p>\n<p>    Achetez maintenant<br \/>\n<\/button>\n                        <\/div>\n<\/p><\/div>\n<\/p><\/div>\n<div class=\"order-2 mt-5 h-auto w-full md:order-1 md:mt-0 md:hidden\">\n<div class=\"flex aspect-video items-center justify-center\">\n                                            <img decoding=\"async\" class=\"m-0 max-h-full max-w-full rounded-md\" src=\"https:\/\/vieassociative.be\/actualites\/wp-content\/uploads\/2025\/11\/Pourquoi-je-possede-une-mini-tronconneuse-et-peut-etre-que-vous.jpg\" alt=\"Travaux verts 24V 6\" brushless mini chainsaw small cordless handheld saw battery and charger included width=\"auto\" height=\"auto\" loading=\"lazy\">\n                                    <\/div>\n<\/p><\/div>\n<div class=\"order-2 ml-2 hidden w-32 shrink-0 items-center md:order-1 md:ml-0 md:flex\">\n<div class=\"flex aspect-video items-center justify-center\">\n                                            <img decoding=\"async\" class=\"m-0 max-h-full max-w-full rounded-md\" src=\"https:\/\/vieassociative.be\/actualites\/wp-content\/uploads\/2025\/11\/Pourquoi-je-possede-une-mini-tronconneuse-et-peut-etre-que-vous.jpg\" alt=\"Travaux verts 24V 6\" brushless mini chainsaw small cordless handheld saw battery and charger included width=\"auto\" height=\"auto\" loading=\"lazy\">\n                                    <\/div>\n<\/p><\/div>\n<div class=\"order-3 flex grow flex-wrap md:hidden md:grow-0\">\n<div class=\"mt-4 w-full\">\n                        <button class=\"flex justify-center items-center w-full bg-brand-green text-white text-base font-sans font-medium rounded-md hover:bg-brand-green-700 hover:cursor-pointer md:text-sm h-11\"><\/p>\n<p>    Achetez maintenant<br \/>\n<\/button>\n                    <\/div>\n<div class=\"mx-2 mt-4 w-full\">\n<div class=\" font-sans leading-4 text-black\">\n<div class=\"flex flex-wrap items-center justify-center gap-1 md:justify-start\">\n        <span class=\"font-bold\"><\/p>\n<p>            90,99\u00a0$<br \/>\n                            <span class=\"font-medium\">chez Amazon<\/span><br \/>\n                    <\/span>\n            <\/div>\n<div class=\"flex items-center justify-center gap-x-1 font-bold md:justify-start\">\n            <span class=\"text-sm line-through\">99,99\u00a0$<\/span><br \/>\n            <span class=\"text-sm text-brand-green\">\u00c9conomisez 9,00\u00a0$<\/span>\n        <\/div>\n<\/p><\/div>\n<\/p><\/div>\n<\/p><\/div>\n<\/p><\/div>\n<\/div>\n<h2 id=\"pruning\">Taille<\/h2>\n<p>Le cas d&rsquo;utilisation initial de la mini-tron\u00e7onneuse \u00e9tait pour tailler les branches et les vignes envahissantes du jardin de mon voisin, qui est presque sensible dans sa d\u00e9termination \u00e0 coloniser ma propri\u00e9t\u00e9. J&rsquo;aime mes voisins, et ce n&rsquo;est pas un sujet de conflit, mais si je ne reste pas au courant de cette situation, toute ma maison sera envelopp\u00e9e par une vigne rampante qui colonise leur yrad depuis si longtemps qu&rsquo;elle en est presque structurelle, et je ne reverrais plus jamais le soleil \u00e0 cause des branches envahissantes des arbres de leur jardin. La mini tron\u00e7onneuse est parfaite pour ce travail. Il tranche \u00e0 travers les vignes (\u00e9tonnamment \u00e9paisses et robustes), ainsi que les branches des arbres. Comme il s&rsquo;agit d&rsquo;un outil \u00e0 une main, je peux l&rsquo;utiliser en toute s\u00e9curit\u00e9 depuis une \u00e9chelle sans risquer mes doigts (ou des parties du corps plus critiques).<\/p>\n<div class=\"mx-auto mb-12 mt-5 w-full max-w-3xl rounded-md border-2 border-gray-100 p-3 shadow-md md:px-7 md:pb-7 md:pt-5\" id=\"related-video\">\n<div class=\"mb-3 flex items-center md:mb-5\">\n        <img decoding=\"async\" class=\"mr-4 mt-0 h-10 w-10 md:mr-5 md:h-12 md:w-12\" src=\"https:\/\/vieassociative.be\/actualites\/wp-content\/uploads\/2025\/09\/1757726237_608_Meta-pourrait-devoiler-une-montre-intelligente-pour-controler-ses-lunettes.jpg\" alt=\"Logo du pirate de la vie\"><\/p><\/div>\n<div class=\"aspect-video w-full overflow-hidden rounded-md\">\n<div id=\"video-container-01KACHM1F5Y7Z23PSZXFKMHWD9\"><\/div>\n<\/p><\/div>\n<\/div>\n<h2 id=\"cutting-through-more-than-just-branches\">Couper bien plus que de simples branches<\/h2>\n<p>Si vous pensez que vous n&rsquo;utilisez des scies \u00e0 cha\u00eene que sur du bois, pour couper du bois de chauffage ou pour d\u00e9gager des arbres tomb\u00e9s, vous vous trompez. Ce qui est g\u00e9nial avec une tron\u00e7onneuse en g\u00e9n\u00e9ral, c&rsquo;est qu&rsquo;elle coupe facilement des mat\u00e9riaux denses et \u00e9pais comme celui-ci. J&rsquo;ai utilis\u00e9 le mien pour couper des objets comme le PVC lors de travaux mineurs de plomberie dans la maison, et cela a fonctionn\u00e9 \u00e0 merveille.<\/p>\n<p>C&rsquo;est \u00e9galement id\u00e9al pour les coupes rapides sur le bois. M\u00eame si je n&rsquo;utiliserais pas de tron\u00e7onneuse \u00e0 la place d&rsquo;une scie circulaire ou d&rsquo;une scie \u00e0 table pour des coupes de pr\u00e9cision, cela m&rsquo;a fait gagner beaucoup de temps de simplement couper un peu ici et l\u00e0, surtout apr\u00e8s avoir fix\u00e9 un 2&#215;4 en place avec des vis pour me rendre compte que j&rsquo;avais mal calcul\u00e9 la coupe initiale d&rsquo;un quart de pouce. La mini tron\u00e7onneuse coupe simplement l&rsquo;exc\u00e9dent sans drame.<\/p>\n<p>Certaines personnes en ligne affirment avoir utilis\u00e9 des mini-tron\u00e7onneuses pour effectuer des coupes rapides dans les cloisons s\u00e8ches, mais je ne suis pas s\u00fbr de vouloir essayer cela. Je suis s\u00fbr que cela fonctionne, mais cela semble \u00eatre une exag\u00e9ration inutile.<\/p>\n<h2 id=\"demo-work\">Travail de d\u00e9monstration<\/h2>\n<p>Chaque projet de bricolage commence par une d\u00e9monstration et un d\u00e9montage, et une mini tron\u00e7onneuse est devenue un outil essentiel. Par exemple, lorsque j&rsquo;ai refait une terrasse r\u00e9cemment, j&rsquo;ai d\u00fb retirer et retirer toutes les vieilles planches et structures. La mini tron\u00e7onneuse m&rsquo;a permis de tout couper facilement \u00e0 une taille plus g\u00e9rable, ce qui m&rsquo;a permis de ne pas naviguer sur des planches de 10 pieds dans la maison. C&rsquo;\u00e9tait un moyen rapide et simple de r\u00e9duire beaucoup de d\u00e9chets encombrants et d&rsquo;\u00e9viter un peu les dommages in\u00e9vitables que je causais (\u00e0 mon dos ainsi qu&rsquo;\u00e0 ma maison).<\/p>\n<h2 id=\"having-fun-while-diying\">S&rsquo;amuser en bricolant<\/h2>\n<p>Ce n&rsquo;est pas vraiment un cas d&rsquo;utilisation, mais cela vaut quand m\u00eame la peine de le mentionner : les mini tron\u00e7onneuses sont <em>amusant<\/em> \u00e0 utiliser. La possibilit\u00e9 d\u2019appuyer simplement sur un bouton et de supprimer tout ce qui vous irrite vaut \u00e0 elle seule son prix. (Si vous \u00eates comme moi, la possibilit\u00e9 de faire vos propres bruits de tron\u00e7onneuse pendant que vous l&rsquo;utilisez n&rsquo;est qu&rsquo;un bonus suppl\u00e9mentaire et inutile.)<\/p>\n","protected":false},"excerpt":{"rendered":"<p>C&rsquo;est un outil incroyablement utile, m\u00eame si vous ne coupez jamais votre propre bois de chauffage. \u00c0 peine plongez-vous dans le terrier du lapin de<\/p>\n","protected":false},"author":1,"featured_media":11397,"comment_status":"","ping_status":"","sticky":false,"template":"","format":"standard","meta":{"footnotes":""},"categories":[40],"tags":[1350,636,1529,1262,7696,734,9287,110,4],"class_list":["post-11396","post","type-post","status-publish","format-standard","has-post-thumbnail","hentry","category-maison","tag-aussi","tag-devriez","tag-mini","tag-peutetre","tag-possede","tag-pourquoi","tag-tronconneuse","tag-une","tag-vous","generate-columns","tablet-grid-50","mobile-grid-100","grid-parent","grid-33"],"yoast_head":"<!-- This site is optimized with the Yoast SEO plugin v24.0 - https:\/\/yoast.com\/wordpress\/plugins\/seo\/ -->\n<title>Pourquoi je poss\u00e8de une mini tron\u00e7onneuse (et peut-\u00eatre que vous devriez aussi) | Vie Associative<\/title>\n<meta name=\"robots\" content=\"index, follow, max-snippet:-1, max-image-preview:large, max-video-preview:-1\" \/>\n<link rel=\"canonical\" href=\"https:\/\/vieassociative.be\/actualites\/pourquoi-je-possede-une-mini-tronconneuse-et-peut-etre-que-vous-devriez-aussi\/\" \/>\n<meta property=\"og:locale\" content=\"fr_FR\" \/>\n<meta property=\"og:type\" content=\"article\" \/>\n<meta property=\"og:title\" content=\"Pourquoi je poss\u00e8de une mini tron\u00e7onneuse (et peut-\u00eatre que vous devriez aussi) | Vie Associative\" \/>\n<meta property=\"og:description\" content=\"C&rsquo;est un outil incroyablement utile, m\u00eame si vous ne coupez jamais votre propre bois de chauffage. \u00c0 peine plongez-vous dans le terrier du lapin de\" \/>\n<meta property=\"og:url\" content=\"https:\/\/vieassociative.be\/actualites\/pourquoi-je-possede-une-mini-tronconneuse-et-peut-etre-que-vous-devriez-aussi\/\" \/>\n<meta property=\"og:site_name\" content=\"Vie Associative\" \/>\n<meta property=\"article:published_time\" content=\"2025-11-18T23:17:31+00:00\" \/>\n<meta property=\"og:image\" content=\"https:\/\/vieassociative.be\/actualites\/wp-content\/uploads\/2025\/11\/Pourquoi-je-possede-une-mini-tronconneuse-et-peut-etre-que-vous.jpg\" \/>\n<meta name=\"author\" content=\"Julien\" \/>\n<meta name=\"twitter:card\" content=\"summary_large_image\" \/>\n<meta name=\"twitter:label1\" content=\"\u00c9crit par\" \/>\n\t<meta name=\"twitter:data1\" content=\"Julien\" \/>\n\t<meta name=\"twitter:label2\" content=\"Dur\u00e9e de lecture est.\" \/>\n\t<meta name=\"twitter:data2\" content=\"4 minutes\" \/>\n<script type=\"application\/ld+json\" class=\"yoast-schema-graph\">{\"@context\":\"https:\/\/schema.org\",\"@graph\":[{\"@type\":\"Article\",\"@id\":\"https:\/\/vieassociative.be\/actualites\/pourquoi-je-possede-une-mini-tronconneuse-et-peut-etre-que-vous-devriez-aussi\/#article\",\"isPartOf\":{\"@id\":\"https:\/\/vieassociative.be\/actualites\/pourquoi-je-possede-une-mini-tronconneuse-et-peut-etre-que-vous-devriez-aussi\/\"},\"author\":{\"name\":\"Julien\",\"@id\":\"https:\/\/vieassociative.be\/actualites\/#\/schema\/person\/b87ac4f82f9d4e7b7cec7395b679edc4\"},\"headline\":\"Pourquoi je poss\u00e8de une mini tron\u00e7onneuse (et peut-\u00eatre que vous devriez aussi)\",\"datePublished\":\"2025-11-18T23:17:31+00:00\",\"dateModified\":\"2025-11-18T23:17:31+00:00\",\"mainEntityOfPage\":{\"@id\":\"https:\/\/vieassociative.be\/actualites\/pourquoi-je-possede-une-mini-tronconneuse-et-peut-etre-que-vous-devriez-aussi\/\"},\"wordCount\":833,\"publisher\":{\"@id\":\"https:\/\/vieassociative.be\/actualites\/#organization\"},\"image\":{\"@id\":\"https:\/\/vieassociative.be\/actualites\/pourquoi-je-possede-une-mini-tronconneuse-et-peut-etre-que-vous-devriez-aussi\/#primaryimage\"},\"thumbnailUrl\":\"https:\/\/vieassociative.be\/actualites\/wp-content\/uploads\/2025\/11\/Pourquoi-je-possede-une-mini-tronconneuse-et-peut-etre-que-vous.png\",\"keywords\":[\"aussi\",\"devriez\",\"Mini\",\"Peut\u00eatre\",\"poss\u00e9d\u00e9\",\"Pourquoi\",\"tron\u00e7onneuse\",\"une\",\"Vous\"],\"articleSection\":[\"Maison\"],\"inLanguage\":\"fr-BE\"},{\"@type\":\"WebPage\",\"@id\":\"https:\/\/vieassociative.be\/actualites\/pourquoi-je-possede-une-mini-tronconneuse-et-peut-etre-que-vous-devriez-aussi\/\",\"url\":\"https:\/\/vieassociative.be\/actualites\/pourquoi-je-possede-une-mini-tronconneuse-et-peut-etre-que-vous-devriez-aussi\/\",\"name\":\"Pourquoi je poss\u00e8de une mini tron\u00e7onneuse (et peut-\u00eatre que vous devriez aussi) | Vie Associative\",\"isPartOf\":{\"@id\":\"https:\/\/vieassociative.be\/actualites\/#website\"},\"primaryImageOfPage\":{\"@id\":\"https:\/\/vieassociative.be\/actualites\/pourquoi-je-possede-une-mini-tronconneuse-et-peut-etre-que-vous-devriez-aussi\/#primaryimage\"},\"image\":{\"@id\":\"https:\/\/vieassociative.be\/actualites\/pourquoi-je-possede-une-mini-tronconneuse-et-peut-etre-que-vous-devriez-aussi\/#primaryimage\"},\"thumbnailUrl\":\"https:\/\/vieassociative.be\/actualites\/wp-content\/uploads\/2025\/11\/Pourquoi-je-possede-une-mini-tronconneuse-et-peut-etre-que-vous.png\",\"datePublished\":\"2025-11-18T23:17:31+00:00\",\"dateModified\":\"2025-11-18T23:17:31+00:00\",\"breadcrumb\":{\"@id\":\"https:\/\/vieassociative.be\/actualites\/pourquoi-je-possede-une-mini-tronconneuse-et-peut-etre-que-vous-devriez-aussi\/#breadcrumb\"},\"inLanguage\":\"fr-BE\",\"potentialAction\":[{\"@type\":\"ReadAction\",\"target\":[\"https:\/\/vieassociative.be\/actualites\/pourquoi-je-possede-une-mini-tronconneuse-et-peut-etre-que-vous-devriez-aussi\/\"]}]},{\"@type\":\"ImageObject\",\"inLanguage\":\"fr-BE\",\"@id\":\"https:\/\/vieassociative.be\/actualites\/pourquoi-je-possede-une-mini-tronconneuse-et-peut-etre-que-vous-devriez-aussi\/#primaryimage\",\"url\":\"https:\/\/vieassociative.be\/actualites\/wp-content\/uploads\/2025\/11\/Pourquoi-je-possede-une-mini-tronconneuse-et-peut-etre-que-vous.png\",\"contentUrl\":\"https:\/\/vieassociative.be\/actualites\/wp-content\/uploads\/2025\/11\/Pourquoi-je-possede-une-mini-tronconneuse-et-peut-etre-que-vous.png\",\"width\":1200,\"height\":675,\"caption\":\"Pourquoi je poss\u00e8de une mini tron\u00e7onneuse (et peut-\u00eatre que vous devriez aussi)\"},{\"@type\":\"BreadcrumbList\",\"@id\":\"https:\/\/vieassociative.be\/actualites\/pourquoi-je-possede-une-mini-tronconneuse-et-peut-etre-que-vous-devriez-aussi\/#breadcrumb\",\"itemListElement\":[{\"@type\":\"ListItem\",\"position\":1,\"name\":\"Accueil\",\"item\":\"https:\/\/vieassociative.be\/actualites\/\"},{\"@type\":\"ListItem\",\"position\":2,\"name\":\"Pourquoi je poss\u00e8de une mini tron\u00e7onneuse (et peut-\u00eatre que vous devriez aussi)\"}]},{\"@type\":\"WebSite\",\"@id\":\"https:\/\/vieassociative.be\/actualites\/#website\",\"url\":\"https:\/\/vieassociative.be\/actualites\/\",\"name\":\"Vie Associative\",\"description\":\"\",\"publisher\":{\"@id\":\"https:\/\/vieassociative.be\/actualites\/#organization\"},\"potentialAction\":[{\"@type\":\"SearchAction\",\"target\":{\"@type\":\"EntryPoint\",\"urlTemplate\":\"https:\/\/vieassociative.be\/actualites\/?s={search_term_string}\"},\"query-input\":{\"@type\":\"PropertyValueSpecification\",\"valueRequired\":true,\"valueName\":\"search_term_string\"}}],\"inLanguage\":\"fr-BE\"},{\"@type\":\"Organization\",\"@id\":\"https:\/\/vieassociative.be\/actualites\/#organization\",\"name\":\"Vie Associative\",\"url\":\"https:\/\/vieassociative.be\/actualites\/\",\"logo\":{\"@type\":\"ImageObject\",\"inLanguage\":\"fr-BE\",\"@id\":\"https:\/\/vieassociative.be\/actualites\/#\/schema\/logo\/image\/\",\"url\":\"https:\/\/vieassociative.be\/actualites\/wp-content\/uploads\/2024\/09\/cropped-vieassociative_favicon.ico.png\",\"contentUrl\":\"https:\/\/vieassociative.be\/actualites\/wp-content\/uploads\/2024\/09\/cropped-vieassociative_favicon.ico.png\",\"width\":512,\"height\":512,\"caption\":\"Vie Associative\"},\"image\":{\"@id\":\"https:\/\/vieassociative.be\/actualites\/#\/schema\/logo\/image\/\"}},{\"@type\":\"Person\",\"@id\":\"https:\/\/vieassociative.be\/actualites\/#\/schema\/person\/b87ac4f82f9d4e7b7cec7395b679edc4\",\"name\":\"Julien\",\"image\":{\"@type\":\"ImageObject\",\"inLanguage\":\"fr-BE\",\"@id\":\"https:\/\/vieassociative.be\/actualites\/#\/schema\/person\/image\/\",\"url\":\"https:\/\/vieassociative.be\/actualites\/wp-content\/uploads\/2024\/09\/vie-associative-1-150x150.jpg\",\"contentUrl\":\"https:\/\/vieassociative.be\/actualites\/wp-content\/uploads\/2024\/09\/vie-associative-1-150x150.jpg\",\"caption\":\"Julien\"},\"description\":\"Je suis Julien, r\u00e9dacteur pour Vie Associative. Passionn\u00e9 par le monde associatif depuis plus de 10 ans, j'ai \u00e0 c\u0153ur de partager des histoires inspirantes et de mettre en lumi\u00e8re les initiatives locales. Mon objectif est de sensibiliser et d'encourager l'engagement communautaire \u00e0 travers mes articles.\",\"sameAs\":[\"https:\/\/vieassociative.be\/\"]}]}<\/script>\n<!-- \/ Yoast SEO plugin. -->","yoast_head_json":{"title":"Pourquoi je poss\u00e8de une mini tron\u00e7onneuse (et peut-\u00eatre que vous devriez aussi) | Vie Associative","robots":{"index":"index","follow":"follow","max-snippet":"max-snippet:-1","max-image-preview":"max-image-preview:large","max-video-preview":"max-video-preview:-1"},"canonical":"https:\/\/vieassociative.be\/actualites\/pourquoi-je-possede-une-mini-tronconneuse-et-peut-etre-que-vous-devriez-aussi\/","og_locale":"fr_FR","og_type":"article","og_title":"Pourquoi je poss\u00e8de une mini tron\u00e7onneuse (et peut-\u00eatre que vous devriez aussi) | Vie Associative","og_description":"C&rsquo;est un outil incroyablement utile, m\u00eame si vous ne coupez jamais votre propre bois de chauffage. \u00c0 peine plongez-vous dans le terrier du lapin de","og_url":"https:\/\/vieassociative.be\/actualites\/pourquoi-je-possede-une-mini-tronconneuse-et-peut-etre-que-vous-devriez-aussi\/","og_site_name":"Vie Associative","article_published_time":"2025-11-18T23:17:31+00:00","og_image":[{"url":"https:\/\/vieassociative.be\/actualites\/wp-content\/uploads\/2025\/11\/Pourquoi-je-possede-une-mini-tronconneuse-et-peut-etre-que-vous.jpg","type":"","width":"","height":""}],"author":"Julien","twitter_card":"summary_large_image","twitter_misc":{"\u00c9crit par":"Julien","Dur\u00e9e de lecture est.":"4 minutes"},"schema":{"@context":"https:\/\/schema.org","@graph":[{"@type":"Article","@id":"https:\/\/vieassociative.be\/actualites\/pourquoi-je-possede-une-mini-tronconneuse-et-peut-etre-que-vous-devriez-aussi\/#article","isPartOf":{"@id":"https:\/\/vieassociative.be\/actualites\/pourquoi-je-possede-une-mini-tronconneuse-et-peut-etre-que-vous-devriez-aussi\/"},"author":{"name":"Julien","@id":"https:\/\/vieassociative.be\/actualites\/#\/schema\/person\/b87ac4f82f9d4e7b7cec7395b679edc4"},"headline":"Pourquoi je poss\u00e8de une mini tron\u00e7onneuse (et peut-\u00eatre que vous devriez aussi)","datePublished":"2025-11-18T23:17:31+00:00","dateModified":"2025-11-18T23:17:31+00:00","mainEntityOfPage":{"@id":"https:\/\/vieassociative.be\/actualites\/pourquoi-je-possede-une-mini-tronconneuse-et-peut-etre-que-vous-devriez-aussi\/"},"wordCount":833,"publisher":{"@id":"https:\/\/vieassociative.be\/actualites\/#organization"},"image":{"@id":"https:\/\/vieassociative.be\/actualites\/pourquoi-je-possede-une-mini-tronconneuse-et-peut-etre-que-vous-devriez-aussi\/#primaryimage"},"thumbnailUrl":"https:\/\/vieassociative.be\/actualites\/wp-content\/uploads\/2025\/11\/Pourquoi-je-possede-une-mini-tronconneuse-et-peut-etre-que-vous.png","keywords":["aussi","devriez","Mini","Peut\u00eatre","poss\u00e9d\u00e9","Pourquoi","tron\u00e7onneuse","une","Vous"],"articleSection":["Maison"],"inLanguage":"fr-BE"},{"@type":"WebPage","@id":"https:\/\/vieassociative.be\/actualites\/pourquoi-je-possede-une-mini-tronconneuse-et-peut-etre-que-vous-devriez-aussi\/","url":"https:\/\/vieassociative.be\/actualites\/pourquoi-je-possede-une-mini-tronconneuse-et-peut-etre-que-vous-devriez-aussi\/","name":"Pourquoi je poss\u00e8de une mini tron\u00e7onneuse (et peut-\u00eatre que vous devriez aussi) | Vie Associative","isPartOf":{"@id":"https:\/\/vieassociative.be\/actualites\/#website"},"primaryImageOfPage":{"@id":"https:\/\/vieassociative.be\/actualites\/pourquoi-je-possede-une-mini-tronconneuse-et-peut-etre-que-vous-devriez-aussi\/#primaryimage"},"image":{"@id":"https:\/\/vieassociative.be\/actualites\/pourquoi-je-possede-une-mini-tronconneuse-et-peut-etre-que-vous-devriez-aussi\/#primaryimage"},"thumbnailUrl":"https:\/\/vieassociative.be\/actualites\/wp-content\/uploads\/2025\/11\/Pourquoi-je-possede-une-mini-tronconneuse-et-peut-etre-que-vous.png","datePublished":"2025-11-18T23:17:31+00:00","dateModified":"2025-11-18T23:17:31+00:00","breadcrumb":{"@id":"https:\/\/vieassociative.be\/actualites\/pourquoi-je-possede-une-mini-tronconneuse-et-peut-etre-que-vous-devriez-aussi\/#breadcrumb"},"inLanguage":"fr-BE","potentialAction":[{"@type":"ReadAction","target":["https:\/\/vieassociative.be\/actualites\/pourquoi-je-possede-une-mini-tronconneuse-et-peut-etre-que-vous-devriez-aussi\/"]}]},{"@type":"ImageObject","inLanguage":"fr-BE","@id":"https:\/\/vieassociative.be\/actualites\/pourquoi-je-possede-une-mini-tronconneuse-et-peut-etre-que-vous-devriez-aussi\/#primaryimage","url":"https:\/\/vieassociative.be\/actualites\/wp-content\/uploads\/2025\/11\/Pourquoi-je-possede-une-mini-tronconneuse-et-peut-etre-que-vous.png","contentUrl":"https:\/\/vieassociative.be\/actualites\/wp-content\/uploads\/2025\/11\/Pourquoi-je-possede-une-mini-tronconneuse-et-peut-etre-que-vous.png","width":1200,"height":675,"caption":"Pourquoi je poss\u00e8de une mini tron\u00e7onneuse (et peut-\u00eatre que vous devriez aussi)"},{"@type":"BreadcrumbList","@id":"https:\/\/vieassociative.be\/actualites\/pourquoi-je-possede-une-mini-tronconneuse-et-peut-etre-que-vous-devriez-aussi\/#breadcrumb","itemListElement":[{"@type":"ListItem","position":1,"name":"Accueil","item":"https:\/\/vieassociative.be\/actualites\/"},{"@type":"ListItem","position":2,"name":"Pourquoi je poss\u00e8de une mini tron\u00e7onneuse (et peut-\u00eatre que vous devriez aussi)"}]},{"@type":"WebSite","@id":"https:\/\/vieassociative.be\/actualites\/#website","url":"https:\/\/vieassociative.be\/actualites\/","name":"Vie Associative","description":"","publisher":{"@id":"https:\/\/vieassociative.be\/actualites\/#organization"},"potentialAction":[{"@type":"SearchAction","target":{"@type":"EntryPoint","urlTemplate":"https:\/\/vieassociative.be\/actualites\/?s={search_term_string}"},"query-input":{"@type":"PropertyValueSpecification","valueRequired":true,"valueName":"search_term_string"}}],"inLanguage":"fr-BE"},{"@type":"Organization","@id":"https:\/\/vieassociative.be\/actualites\/#organization","name":"Vie Associative","url":"https:\/\/vieassociative.be\/actualites\/","logo":{"@type":"ImageObject","inLanguage":"fr-BE","@id":"https:\/\/vieassociative.be\/actualites\/#\/schema\/logo\/image\/","url":"https:\/\/vieassociative.be\/actualites\/wp-content\/uploads\/2024\/09\/cropped-vieassociative_favicon.ico.png","contentUrl":"https:\/\/vieassociative.be\/actualites\/wp-content\/uploads\/2024\/09\/cropped-vieassociative_favicon.ico.png","width":512,"height":512,"caption":"Vie Associative"},"image":{"@id":"https:\/\/vieassociative.be\/actualites\/#\/schema\/logo\/image\/"}},{"@type":"Person","@id":"https:\/\/vieassociative.be\/actualites\/#\/schema\/person\/b87ac4f82f9d4e7b7cec7395b679edc4","name":"Julien","image":{"@type":"ImageObject","inLanguage":"fr-BE","@id":"https:\/\/vieassociative.be\/actualites\/#\/schema\/person\/image\/","url":"https:\/\/vieassociative.be\/actualites\/wp-content\/uploads\/2024\/09\/vie-associative-1-150x150.jpg","contentUrl":"https:\/\/vieassociative.be\/actualites\/wp-content\/uploads\/2024\/09\/vie-associative-1-150x150.jpg","caption":"Julien"},"description":"Je suis Julien, r\u00e9dacteur pour Vie Associative. Passionn\u00e9 par le monde associatif depuis plus de 10 ans, j'ai \u00e0 c\u0153ur de partager des histoires inspirantes et de mettre en lumi\u00e8re les initiatives locales. Mon objectif est de sensibiliser et d'encourager l'engagement communautaire \u00e0 travers mes articles.","sameAs":["https:\/\/vieassociative.be\/"]}]}},"_links":{"self":[{"href":"https:\/\/vieassociative.be\/actualites\/wp-json\/wp\/v2\/posts\/11396"}],"collection":[{"href":"https:\/\/vieassociative.be\/actualites\/wp-json\/wp\/v2\/posts"}],"about":[{"href":"https:\/\/vieassociative.be\/actualites\/wp-json\/wp\/v2\/types\/post"}],"author":[{"embeddable":true,"href":"https:\/\/vieassociative.be\/actualites\/wp-json\/wp\/v2\/users\/1"}],"replies":[{"embeddable":true,"href":"https:\/\/vieassociative.be\/actualites\/wp-json\/wp\/v2\/comments?post=11396"}],"version-history":[{"count":0,"href":"https:\/\/vieassociative.be\/actualites\/wp-json\/wp\/v2\/posts\/11396\/revisions"}],"wp:featuredmedia":[{"embeddable":true,"href":"https:\/\/vieassociative.be\/actualites\/wp-json\/wp\/v2\/media\/11397"}],"wp:attachment":[{"href":"https:\/\/vieassociative.be\/actualites\/wp-json\/wp\/v2\/media?parent=11396"}],"wp:term":[{"taxonomy":"category","embeddable":true,"href":"https:\/\/vieassociative.be\/actualites\/wp-json\/wp\/v2\/categories?post=11396"},{"taxonomy":"post_tag","embeddable":true,"href":"https:\/\/vieassociative.be\/actualites\/wp-json\/wp\/v2\/tags?post=11396"}],"curies":[{"name":"wp","href":"https:\/\/api.w.org\/{rel}","templated":true}]}}