{"id":11395,"date":"2025-11-18T21:17:58","date_gmt":"2025-11-18T20:17:58","guid":{"rendered":"https:\/\/vieassociative.be\/actualites\/debut-de-reve-pour-le-tennis-belge-en-finale-de-la-coupe-davis-collignon-remporte-son-premier-match-contre-la-france\/"},"modified":"2025-11-18T21:17:58","modified_gmt":"2025-11-18T20:17:58","slug":"debut-de-reve-pour-le-tennis-belge-en-finale-de-la-coupe-davis-collignon-remporte-son-premier-match-contre-la-france","status":"publish","type":"post","link":"https:\/\/vieassociative.be\/actualites\/debut-de-reve-pour-le-tennis-belge-en-finale-de-la-coupe-davis-collignon-remporte-son-premier-match-contre-la-france\/","title":{"rendered":"D\u00e9but de r\u00eave pour le tennis belge en finale de la Coupe Davis : Collignon remporte son premier match contre la France"},"content":{"rendered":"<p><strong>Du mardi 18 novembre au dimanche 23 novembre, la finale de la Coupe Davis aura lieu \u00e0 Bologne, en Italie. Les tennismen belges, finalistes en 2015 et 2017, sont de retour. L&rsquo;\u00e9quipe de Steve Darcis a connu un d\u00e9part de r\u00eave.<\/strong><\/p>\n<p><span id=\"more-429851\"><\/span>La ronde finale des huit meilleures nations de tennis du monde se d\u00e9roulera dans la \u00ab Super Tennis Arena \u00bb de BolognaFiere, une salle d&rsquo;exposition pouvant accueillir plus de 10 000 spectateurs. Les \u00e9quipes sont : l&rsquo;Italie (h\u00f4te, champion en titre), la France, la Belgique, l&rsquo;Autriche, l&rsquo;Espagne, la R\u00e9publique tch\u00e8que, l&rsquo;Argentine et l&rsquo;Allemagne.<\/p>\n<p>La Belgique s&rsquo;est qualifi\u00e9e pour la finale de la Coupe Davis \u00e0 la mi-septembre apr\u00e8s une victoire impressionnante en Australie.<\/p>\n<p>Le jeu se joue en mode tournoi. Chaque match se compose de deux simples + un double, les doubles n&rsquo;\u00e9tant jou\u00e9s que si le score est de 1\u00a0:\u00a01 apr\u00e8s les simples.<\/p>\n<p>Rapha\u00ebl Collignon (ATP 86) a remport\u00e9 le premier match de la Belgique contre la France et Corentin Moutet (ATP 35) en quarts de finale de la Coupe Davis. Le Belge a eu du mal \u00e0 rentrer dans le match. Moutet menait rapidement 4-0 et comptait deux breaks d&rsquo;avance. <\/p>\n<\/p>\n<div id=\"attachment_154692\" class=\"wp-caption alignleft\" style=\"max-width: 300px\"><img fetchpriority=\"high\" decoding=\"async\" class=\"wp-image-154692 size-medium\" src=\"https:\/\/vieassociative.be\/actualites\/wp-content\/uploads\/2025\/11\/Debut-de-reve-pour-le-tennis-belge-en-finale-de.jpeg\" alt=\"\" width=\"300\" height=\"200\"  ><\/div>\n<p>Le Li\u00e9geois a finalement trouv\u00e9 son rythme d\u00e8s le cinqui\u00e8me jeu et a m\u00eame obtenu plusieurs balles de break lors des jeux de service suivants de son adversaire. Mais il n\u2019a pas r\u00e9ussi \u00e0 le convertir et a perdu le premier set 6-2.<\/p>\n<p>Le deuxi\u00e8me set \u00e9tait beaucoup plus \u00e9quilibr\u00e9. Collignon est le premier \u00e0 prendre le break, mais perd imm\u00e9diatement son service. En fin de compte, tout s\u2019est d\u00e9cid\u00e9 lors des derniers matchs. A 5:5, Collignon a repouss\u00e9 une balle de break et a finalement r\u00e9ussi un break contre Moutet pour remporter le deuxi\u00e8me set 7:5.<\/p>\n<p>Dans le set d\u00e9cisif, les deux joueurs ont tenu le service&#8230; jusqu&rsquo;\u00e0 6:5, lorsque Raphael Collignon a break\u00e9 Moutet et a remport\u00e9 le premier jeu. La Belgique m\u00e8ne 1-0.<\/p>\n<p>Dans le deuxi\u00e8me simple, Zizou Bergs (ATP 43) rencontre Arthur Rinderknech (ATP 29). Un match qui pourrait d\u00e9j\u00e0 assurer le ticket de la Belgique pour les demi-finales de la Coupe Davis. Si la France remporte le deuxi\u00e8me simple et \u00e9galise ainsi, Sander Gill\u00e9 et Joran Veilen affronteront Pierre-Hugues Herbert et Benjamin Bonzi.<\/p>\n<p>Les matchs avec participation belge seront diffus\u00e9s sur RTL Club. (cr\u00e9er)<\/p>\n<p><strong>Horaire et mode<\/strong><\/p>\n<p>Quarts de finale\u00a0: 18-20 novembre.<\/p>\n<ul>\n<li>18 novembre : France contre Belgique<\/li>\n<li>19 novembre : Italie contre Autriche<\/li>\n<li>20 novembre : Espagne contre R\u00e9publique tch\u00e8que<\/li>\n<li>20 novembre : Argentine contre Allemagne<\/li>\n<li>Demi-finales : 21 et 22 novembre.<\/li>\n<li>Finale le 23 novembre<\/li>\n<\/ul>\n","protected":false},"excerpt":{"rendered":"<p>Du mardi 18 novembre au dimanche 23 novembre, la finale de la Coupe Davis aura lieu \u00e0 Bologne, en Italie. Les tennismen belges, finalistes en<\/p>\n","protected":false},"author":1,"featured_media":10044,"comment_status":"","ping_status":"","sticky":false,"template":"","format":"standard","meta":{"footnotes":""},"categories":[298],"tags":[410,8555,796,2472,5126,359,879,2444,2685,81,443,2809,3206,800,5124],"class_list":["post-11395","post","type-post","status-publish","format-standard","has-post-thumbnail","hentry","category-belgique","tag-belge","tag-collignon","tag-contre","tag-coupe","tag-davis","tag-debut","tag-finale","tag-france","tag-match","tag-pour","tag-premier","tag-remporte","tag-reve","tag-son","tag-tennis","generate-columns","tablet-grid-50","mobile-grid-100","grid-parent","grid-33"],"yoast_head":"<!-- This site is optimized with the Yoast SEO plugin v24.0 - https:\/\/yoast.com\/wordpress\/plugins\/seo\/ -->\n<title>D\u00e9but de r\u00eave pour le tennis belge en finale de la Coupe Davis : Collignon remporte son premier match contre la France | Vie Associative<\/title>\n<meta name=\"robots\" content=\"index, follow, max-snippet:-1, max-image-preview:large, max-video-preview:-1\" \/>\n<link rel=\"canonical\" href=\"https:\/\/vieassociative.be\/actualites\/debut-de-reve-pour-le-tennis-belge-en-finale-de-la-coupe-davis-collignon-remporte-son-premier-match-contre-la-france\/\" \/>\n<meta property=\"og:locale\" content=\"fr_FR\" \/>\n<meta property=\"og:type\" content=\"article\" \/>\n<meta property=\"og:title\" content=\"D\u00e9but de r\u00eave pour le tennis belge en finale de la Coupe Davis : Collignon remporte son premier match contre la France | Vie Associative\" \/>\n<meta property=\"og:description\" content=\"Du mardi 18 novembre au dimanche 23 novembre, la finale de la Coupe Davis aura lieu \u00e0 Bologne, en Italie. Les tennismen belges, finalistes en\" \/>\n<meta property=\"og:url\" content=\"https:\/\/vieassociative.be\/actualites\/debut-de-reve-pour-le-tennis-belge-en-finale-de-la-coupe-davis-collignon-remporte-son-premier-match-contre-la-france\/\" \/>\n<meta property=\"og:site_name\" content=\"Vie Associative\" \/>\n<meta property=\"article:published_time\" content=\"2025-11-18T20:17:58+00:00\" \/>\n<meta property=\"og:image\" content=\"https:\/\/vieassociative.be\/actualites\/wp-content\/uploads\/2024\/09\/header_backgroundk-01-e1726694325946.png\" \/>\n\t<meta property=\"og:image:width\" content=\"279\" \/>\n\t<meta property=\"og:image:height\" content=\"92\" \/>\n\t<meta property=\"og:image:type\" content=\"image\/png\" \/>\n<meta name=\"author\" content=\"Julien\" \/>\n<meta name=\"twitter:card\" content=\"summary_large_image\" \/>\n<meta name=\"twitter:label1\" content=\"\u00c9crit par\" \/>\n\t<meta name=\"twitter:data1\" content=\"Julien\" \/>\n\t<meta name=\"twitter:label2\" content=\"Dur\u00e9e de lecture est.\" \/>\n\t<meta name=\"twitter:data2\" content=\"2 minutes\" \/>\n<script type=\"application\/ld+json\" class=\"yoast-schema-graph\">{\"@context\":\"https:\/\/schema.org\",\"@graph\":[{\"@type\":\"Article\",\"@id\":\"https:\/\/vieassociative.be\/actualites\/debut-de-reve-pour-le-tennis-belge-en-finale-de-la-coupe-davis-collignon-remporte-son-premier-match-contre-la-france\/#article\",\"isPartOf\":{\"@id\":\"https:\/\/vieassociative.be\/actualites\/debut-de-reve-pour-le-tennis-belge-en-finale-de-la-coupe-davis-collignon-remporte-son-premier-match-contre-la-france\/\"},\"author\":{\"name\":\"Julien\",\"@id\":\"https:\/\/vieassociative.be\/actualites\/#\/schema\/person\/b87ac4f82f9d4e7b7cec7395b679edc4\"},\"headline\":\"D\u00e9but de r\u00eave pour le tennis belge en finale de la Coupe Davis : Collignon remporte son premier match contre la France\",\"datePublished\":\"2025-11-18T20:17:58+00:00\",\"dateModified\":\"2025-11-18T20:17:58+00:00\",\"mainEntityOfPage\":{\"@id\":\"https:\/\/vieassociative.be\/actualites\/debut-de-reve-pour-le-tennis-belge-en-finale-de-la-coupe-davis-collignon-remporte-son-premier-match-contre-la-france\/\"},\"wordCount\":455,\"publisher\":{\"@id\":\"https:\/\/vieassociative.be\/actualites\/#organization\"},\"image\":{\"@id\":\"https:\/\/vieassociative.be\/actualites\/debut-de-reve-pour-le-tennis-belge-en-finale-de-la-coupe-davis-collignon-remporte-son-premier-match-contre-la-france\/#primaryimage\"},\"thumbnailUrl\":\"https:\/\/vieassociative.be\/actualites\/wp-content\/uploads\/2025\/09\/1757902706_Sensation-dans-le-tennis-la-Belgique-gagne-en-Australie-et.jpg\",\"keywords\":[\"belge\",\"Collignon\",\"contre\",\"Coupe\",\"Davis\",\"D\u00e9but\",\"finale\",\"France\",\"match\",\"pour\",\"premier\",\"remport\u00e9\",\"r\u00eave\",\"son\",\"Tennis\"],\"articleSection\":[\"Belgique\"],\"inLanguage\":\"fr-BE\"},{\"@type\":\"WebPage\",\"@id\":\"https:\/\/vieassociative.be\/actualites\/debut-de-reve-pour-le-tennis-belge-en-finale-de-la-coupe-davis-collignon-remporte-son-premier-match-contre-la-france\/\",\"url\":\"https:\/\/vieassociative.be\/actualites\/debut-de-reve-pour-le-tennis-belge-en-finale-de-la-coupe-davis-collignon-remporte-son-premier-match-contre-la-france\/\",\"name\":\"D\u00e9but de r\u00eave pour le tennis belge en finale de la Coupe Davis : Collignon remporte son premier match contre la France | Vie Associative\",\"isPartOf\":{\"@id\":\"https:\/\/vieassociative.be\/actualites\/#website\"},\"primaryImageOfPage\":{\"@id\":\"https:\/\/vieassociative.be\/actualites\/debut-de-reve-pour-le-tennis-belge-en-finale-de-la-coupe-davis-collignon-remporte-son-premier-match-contre-la-france\/#primaryimage\"},\"image\":{\"@id\":\"https:\/\/vieassociative.be\/actualites\/debut-de-reve-pour-le-tennis-belge-en-finale-de-la-coupe-davis-collignon-remporte-son-premier-match-contre-la-france\/#primaryimage\"},\"thumbnailUrl\":\"https:\/\/vieassociative.be\/actualites\/wp-content\/uploads\/2025\/09\/1757902706_Sensation-dans-le-tennis-la-Belgique-gagne-en-Australie-et.jpg\",\"datePublished\":\"2025-11-18T20:17:58+00:00\",\"dateModified\":\"2025-11-18T20:17:58+00:00\",\"breadcrumb\":{\"@id\":\"https:\/\/vieassociative.be\/actualites\/debut-de-reve-pour-le-tennis-belge-en-finale-de-la-coupe-davis-collignon-remporte-son-premier-match-contre-la-france\/#breadcrumb\"},\"inLanguage\":\"fr-BE\",\"potentialAction\":[{\"@type\":\"ReadAction\",\"target\":[\"https:\/\/vieassociative.be\/actualites\/debut-de-reve-pour-le-tennis-belge-en-finale-de-la-coupe-davis-collignon-remporte-son-premier-match-contre-la-france\/\"]}]},{\"@type\":\"ImageObject\",\"inLanguage\":\"fr-BE\",\"@id\":\"https:\/\/vieassociative.be\/actualites\/debut-de-reve-pour-le-tennis-belge-en-finale-de-la-coupe-davis-collignon-remporte-son-premier-match-contre-la-france\/#primaryimage\",\"url\":\"https:\/\/vieassociative.be\/actualites\/wp-content\/uploads\/2025\/09\/1757902706_Sensation-dans-le-tennis-la-Belgique-gagne-en-Australie-et.jpg\",\"contentUrl\":\"https:\/\/vieassociative.be\/actualites\/wp-content\/uploads\/2025\/09\/1757902706_Sensation-dans-le-tennis-la-Belgique-gagne-en-Australie-et.jpg\",\"width\":1200,\"height\":800,\"caption\":\"Sensation dans le tennis: la Belgique gagne en Australie et atteint le tour final de la Davis Cup - Rapha\u00ebl Collignon est le h\u00e9ros\"},{\"@type\":\"BreadcrumbList\",\"@id\":\"https:\/\/vieassociative.be\/actualites\/debut-de-reve-pour-le-tennis-belge-en-finale-de-la-coupe-davis-collignon-remporte-son-premier-match-contre-la-france\/#breadcrumb\",\"itemListElement\":[{\"@type\":\"ListItem\",\"position\":1,\"name\":\"Accueil\",\"item\":\"https:\/\/vieassociative.be\/actualites\/\"},{\"@type\":\"ListItem\",\"position\":2,\"name\":\"D\u00e9but de r\u00eave pour le tennis belge en finale de la Coupe Davis : Collignon remporte son premier match contre la France\"}]},{\"@type\":\"WebSite\",\"@id\":\"https:\/\/vieassociative.be\/actualites\/#website\",\"url\":\"https:\/\/vieassociative.be\/actualites\/\",\"name\":\"Vie Associative\",\"description\":\"\",\"publisher\":{\"@id\":\"https:\/\/vieassociative.be\/actualites\/#organization\"},\"potentialAction\":[{\"@type\":\"SearchAction\",\"target\":{\"@type\":\"EntryPoint\",\"urlTemplate\":\"https:\/\/vieassociative.be\/actualites\/?s={search_term_string}\"},\"query-input\":{\"@type\":\"PropertyValueSpecification\",\"valueRequired\":true,\"valueName\":\"search_term_string\"}}],\"inLanguage\":\"fr-BE\"},{\"@type\":\"Organization\",\"@id\":\"https:\/\/vieassociative.be\/actualites\/#organization\",\"name\":\"Vie Associative\",\"url\":\"https:\/\/vieassociative.be\/actualites\/\",\"logo\":{\"@type\":\"ImageObject\",\"inLanguage\":\"fr-BE\",\"@id\":\"https:\/\/vieassociative.be\/actualites\/#\/schema\/logo\/image\/\",\"url\":\"https:\/\/vieassociative.be\/actualites\/wp-content\/uploads\/2024\/09\/cropped-vieassociative_favicon.ico.png\",\"contentUrl\":\"https:\/\/vieassociative.be\/actualites\/wp-content\/uploads\/2024\/09\/cropped-vieassociative_favicon.ico.png\",\"width\":512,\"height\":512,\"caption\":\"Vie Associative\"},\"image\":{\"@id\":\"https:\/\/vieassociative.be\/actualites\/#\/schema\/logo\/image\/\"}},{\"@type\":\"Person\",\"@id\":\"https:\/\/vieassociative.be\/actualites\/#\/schema\/person\/b87ac4f82f9d4e7b7cec7395b679edc4\",\"name\":\"Julien\",\"image\":{\"@type\":\"ImageObject\",\"inLanguage\":\"fr-BE\",\"@id\":\"https:\/\/vieassociative.be\/actualites\/#\/schema\/person\/image\/\",\"url\":\"https:\/\/vieassociative.be\/actualites\/wp-content\/uploads\/2024\/09\/vie-associative-1-150x150.jpg\",\"contentUrl\":\"https:\/\/vieassociative.be\/actualites\/wp-content\/uploads\/2024\/09\/vie-associative-1-150x150.jpg\",\"caption\":\"Julien\"},\"description\":\"Je suis Julien, r\u00e9dacteur pour Vie Associative. Passionn\u00e9 par le monde associatif depuis plus de 10 ans, j'ai \u00e0 c\u0153ur de partager des histoires inspirantes et de mettre en lumi\u00e8re les initiatives locales. Mon objectif est de sensibiliser et d'encourager l'engagement communautaire \u00e0 travers mes articles.\",\"sameAs\":[\"https:\/\/vieassociative.be\/\"]}]}<\/script>\n<!-- \/ Yoast SEO plugin. -->","yoast_head_json":{"title":"D\u00e9but de r\u00eave pour le tennis belge en finale de la Coupe Davis : Collignon remporte son premier match contre la France | Vie Associative","robots":{"index":"index","follow":"follow","max-snippet":"max-snippet:-1","max-image-preview":"max-image-preview:large","max-video-preview":"max-video-preview:-1"},"canonical":"https:\/\/vieassociative.be\/actualites\/debut-de-reve-pour-le-tennis-belge-en-finale-de-la-coupe-davis-collignon-remporte-son-premier-match-contre-la-france\/","og_locale":"fr_FR","og_type":"article","og_title":"D\u00e9but de r\u00eave pour le tennis belge en finale de la Coupe Davis : Collignon remporte son premier match contre la France | Vie Associative","og_description":"Du mardi 18 novembre au dimanche 23 novembre, la finale de la Coupe Davis aura lieu \u00e0 Bologne, en Italie. Les tennismen belges, finalistes en","og_url":"https:\/\/vieassociative.be\/actualites\/debut-de-reve-pour-le-tennis-belge-en-finale-de-la-coupe-davis-collignon-remporte-son-premier-match-contre-la-france\/","og_site_name":"Vie Associative","article_published_time":"2025-11-18T20:17:58+00:00","og_image":[{"width":279,"height":92,"url":"https:\/\/vieassociative.be\/actualites\/wp-content\/uploads\/2024\/09\/header_backgroundk-01-e1726694325946.png","type":"image\/png"}],"author":"Julien","twitter_card":"summary_large_image","twitter_misc":{"\u00c9crit par":"Julien","Dur\u00e9e de lecture est.":"2 minutes"},"schema":{"@context":"https:\/\/schema.org","@graph":[{"@type":"Article","@id":"https:\/\/vieassociative.be\/actualites\/debut-de-reve-pour-le-tennis-belge-en-finale-de-la-coupe-davis-collignon-remporte-son-premier-match-contre-la-france\/#article","isPartOf":{"@id":"https:\/\/vieassociative.be\/actualites\/debut-de-reve-pour-le-tennis-belge-en-finale-de-la-coupe-davis-collignon-remporte-son-premier-match-contre-la-france\/"},"author":{"name":"Julien","@id":"https:\/\/vieassociative.be\/actualites\/#\/schema\/person\/b87ac4f82f9d4e7b7cec7395b679edc4"},"headline":"D\u00e9but de r\u00eave pour le tennis belge en finale de la Coupe Davis : Collignon remporte son premier match contre la France","datePublished":"2025-11-18T20:17:58+00:00","dateModified":"2025-11-18T20:17:58+00:00","mainEntityOfPage":{"@id":"https:\/\/vieassociative.be\/actualites\/debut-de-reve-pour-le-tennis-belge-en-finale-de-la-coupe-davis-collignon-remporte-son-premier-match-contre-la-france\/"},"wordCount":455,"publisher":{"@id":"https:\/\/vieassociative.be\/actualites\/#organization"},"image":{"@id":"https:\/\/vieassociative.be\/actualites\/debut-de-reve-pour-le-tennis-belge-en-finale-de-la-coupe-davis-collignon-remporte-son-premier-match-contre-la-france\/#primaryimage"},"thumbnailUrl":"https:\/\/vieassociative.be\/actualites\/wp-content\/uploads\/2025\/09\/1757902706_Sensation-dans-le-tennis-la-Belgique-gagne-en-Australie-et.jpg","keywords":["belge","Collignon","contre","Coupe","Davis","D\u00e9but","finale","France","match","pour","premier","remport\u00e9","r\u00eave","son","Tennis"],"articleSection":["Belgique"],"inLanguage":"fr-BE"},{"@type":"WebPage","@id":"https:\/\/vieassociative.be\/actualites\/debut-de-reve-pour-le-tennis-belge-en-finale-de-la-coupe-davis-collignon-remporte-son-premier-match-contre-la-france\/","url":"https:\/\/vieassociative.be\/actualites\/debut-de-reve-pour-le-tennis-belge-en-finale-de-la-coupe-davis-collignon-remporte-son-premier-match-contre-la-france\/","name":"D\u00e9but de r\u00eave pour le tennis belge en finale de la Coupe Davis : Collignon remporte son premier match contre la France | Vie Associative","isPartOf":{"@id":"https:\/\/vieassociative.be\/actualites\/#website"},"primaryImageOfPage":{"@id":"https:\/\/vieassociative.be\/actualites\/debut-de-reve-pour-le-tennis-belge-en-finale-de-la-coupe-davis-collignon-remporte-son-premier-match-contre-la-france\/#primaryimage"},"image":{"@id":"https:\/\/vieassociative.be\/actualites\/debut-de-reve-pour-le-tennis-belge-en-finale-de-la-coupe-davis-collignon-remporte-son-premier-match-contre-la-france\/#primaryimage"},"thumbnailUrl":"https:\/\/vieassociative.be\/actualites\/wp-content\/uploads\/2025\/09\/1757902706_Sensation-dans-le-tennis-la-Belgique-gagne-en-Australie-et.jpg","datePublished":"2025-11-18T20:17:58+00:00","dateModified":"2025-11-18T20:17:58+00:00","breadcrumb":{"@id":"https:\/\/vieassociative.be\/actualites\/debut-de-reve-pour-le-tennis-belge-en-finale-de-la-coupe-davis-collignon-remporte-son-premier-match-contre-la-france\/#breadcrumb"},"inLanguage":"fr-BE","potentialAction":[{"@type":"ReadAction","target":["https:\/\/vieassociative.be\/actualites\/debut-de-reve-pour-le-tennis-belge-en-finale-de-la-coupe-davis-collignon-remporte-son-premier-match-contre-la-france\/"]}]},{"@type":"ImageObject","inLanguage":"fr-BE","@id":"https:\/\/vieassociative.be\/actualites\/debut-de-reve-pour-le-tennis-belge-en-finale-de-la-coupe-davis-collignon-remporte-son-premier-match-contre-la-france\/#primaryimage","url":"https:\/\/vieassociative.be\/actualites\/wp-content\/uploads\/2025\/09\/1757902706_Sensation-dans-le-tennis-la-Belgique-gagne-en-Australie-et.jpg","contentUrl":"https:\/\/vieassociative.be\/actualites\/wp-content\/uploads\/2025\/09\/1757902706_Sensation-dans-le-tennis-la-Belgique-gagne-en-Australie-et.jpg","width":1200,"height":800,"caption":"Sensation dans le tennis: la Belgique gagne en Australie et atteint le tour final de la Davis Cup - Rapha\u00ebl Collignon est le h\u00e9ros"},{"@type":"BreadcrumbList","@id":"https:\/\/vieassociative.be\/actualites\/debut-de-reve-pour-le-tennis-belge-en-finale-de-la-coupe-davis-collignon-remporte-son-premier-match-contre-la-france\/#breadcrumb","itemListElement":[{"@type":"ListItem","position":1,"name":"Accueil","item":"https:\/\/vieassociative.be\/actualites\/"},{"@type":"ListItem","position":2,"name":"D\u00e9but de r\u00eave pour le tennis belge en finale de la Coupe Davis : Collignon remporte son premier match contre la France"}]},{"@type":"WebSite","@id":"https:\/\/vieassociative.be\/actualites\/#website","url":"https:\/\/vieassociative.be\/actualites\/","name":"Vie Associative","description":"","publisher":{"@id":"https:\/\/vieassociative.be\/actualites\/#organization"},"potentialAction":[{"@type":"SearchAction","target":{"@type":"EntryPoint","urlTemplate":"https:\/\/vieassociative.be\/actualites\/?s={search_term_string}"},"query-input":{"@type":"PropertyValueSpecification","valueRequired":true,"valueName":"search_term_string"}}],"inLanguage":"fr-BE"},{"@type":"Organization","@id":"https:\/\/vieassociative.be\/actualites\/#organization","name":"Vie Associative","url":"https:\/\/vieassociative.be\/actualites\/","logo":{"@type":"ImageObject","inLanguage":"fr-BE","@id":"https:\/\/vieassociative.be\/actualites\/#\/schema\/logo\/image\/","url":"https:\/\/vieassociative.be\/actualites\/wp-content\/uploads\/2024\/09\/cropped-vieassociative_favicon.ico.png","contentUrl":"https:\/\/vieassociative.be\/actualites\/wp-content\/uploads\/2024\/09\/cropped-vieassociative_favicon.ico.png","width":512,"height":512,"caption":"Vie Associative"},"image":{"@id":"https:\/\/vieassociative.be\/actualites\/#\/schema\/logo\/image\/"}},{"@type":"Person","@id":"https:\/\/vieassociative.be\/actualites\/#\/schema\/person\/b87ac4f82f9d4e7b7cec7395b679edc4","name":"Julien","image":{"@type":"ImageObject","inLanguage":"fr-BE","@id":"https:\/\/vieassociative.be\/actualites\/#\/schema\/person\/image\/","url":"https:\/\/vieassociative.be\/actualites\/wp-content\/uploads\/2024\/09\/vie-associative-1-150x150.jpg","contentUrl":"https:\/\/vieassociative.be\/actualites\/wp-content\/uploads\/2024\/09\/vie-associative-1-150x150.jpg","caption":"Julien"},"description":"Je suis Julien, r\u00e9dacteur pour Vie Associative. Passionn\u00e9 par le monde associatif depuis plus de 10 ans, j'ai \u00e0 c\u0153ur de partager des histoires inspirantes et de mettre en lumi\u00e8re les initiatives locales. Mon objectif est de sensibiliser et d'encourager l'engagement communautaire \u00e0 travers mes articles.","sameAs":["https:\/\/vieassociative.be\/"]}]}},"_links":{"self":[{"href":"https:\/\/vieassociative.be\/actualites\/wp-json\/wp\/v2\/posts\/11395"}],"collection":[{"href":"https:\/\/vieassociative.be\/actualites\/wp-json\/wp\/v2\/posts"}],"about":[{"href":"https:\/\/vieassociative.be\/actualites\/wp-json\/wp\/v2\/types\/post"}],"author":[{"embeddable":true,"href":"https:\/\/vieassociative.be\/actualites\/wp-json\/wp\/v2\/users\/1"}],"replies":[{"embeddable":true,"href":"https:\/\/vieassociative.be\/actualites\/wp-json\/wp\/v2\/comments?post=11395"}],"version-history":[{"count":0,"href":"https:\/\/vieassociative.be\/actualites\/wp-json\/wp\/v2\/posts\/11395\/revisions"}],"wp:featuredmedia":[{"embeddable":true,"href":"https:\/\/vieassociative.be\/actualites\/wp-json\/wp\/v2\/media\/10044"}],"wp:attachment":[{"href":"https:\/\/vieassociative.be\/actualites\/wp-json\/wp\/v2\/media?parent=11395"}],"wp:term":[{"taxonomy":"category","embeddable":true,"href":"https:\/\/vieassociative.be\/actualites\/wp-json\/wp\/v2\/categories?post=11395"},{"taxonomy":"post_tag","embeddable":true,"href":"https:\/\/vieassociative.be\/actualites\/wp-json\/wp\/v2\/tags?post=11395"}],"curies":[{"name":"wp","href":"https:\/\/api.w.org\/{rel}","templated":true}]}}