{"id":11391,"date":"2025-11-18T19:18:57","date_gmt":"2025-11-18T18:18:57","guid":{"rendered":"https:\/\/vieassociative.be\/actualites\/nous-savons-maintenant-ce-qui-a-cause-la-panne-de-cloudflare-mardi-matin\/"},"modified":"2025-11-18T19:18:57","modified_gmt":"2025-11-18T18:18:57","slug":"nous-savons-maintenant-ce-qui-a-cause-la-panne-de-cloudflare-mardi-matin","status":"publish","type":"post","link":"https:\/\/vieassociative.be\/actualites\/nous-savons-maintenant-ce-qui-a-cause-la-panne-de-cloudflare-mardi-matin\/","title":{"rendered":"Nous savons maintenant ce qui a caus\u00e9 la panne de Cloudflare mardi matin"},"content":{"rendered":"<div class=\"mt-4 leading-6 md:mb-8\">Il ne semble pas s&rsquo;agir d&rsquo;une cyberattaque.<\/div>\n<p><\/p>\n<p>Mardi matin, nous avons brutalement rappel\u00e9 \u00e0 quel point l\u2019Internet mondial est fragile. Les sites Web de X \u00e0 ChatGPT ont \u00e9t\u00e9 mis hors ligne car Cloudflare, la soci\u00e9t\u00e9 sur laquelle ils s&rsquo;appuient pour les services d&rsquo;infrastructure Web, a connu une panne massive. Un grand nombre de sites et de services \u00e0 travers le monde font appel \u00e0 Cloudflare pour les protections de cybers\u00e9curit\u00e9, ainsi que pour acheminer le trafic via des serveurs locaux pour chaque utilisateur, le tout au nom de la performance et de la fiabilit\u00e9. Ironique, bien s\u00fbr, compte tenu des \u00e9v\u00e9nements d&rsquo;aujourd&rsquo;hui.<\/p>\n<p>Lorsque le public subit une panne d\u2019Internet aussi massive, les sp\u00e9culations tournent mal. Qu&rsquo;est-ce qui a caus\u00e9 cela ? \u00c9tait-ce un simple bug de la part de Cloudflare, ou quelque chose de malveillant ? Des acteurs malveillants attaquent-ils Cloudflare et les sites qui en d\u00e9pendent\u00a0? Mais il s\u2019av\u00e8re que la raison semble \u00eatre plus proche de la premi\u00e8re que de la seconde.<\/p>\n<h2 id=\"cloudflares-outage-was-a-glitch\">La panne de Cloudflare \u00e9tait un probl\u00e8me<\/h2>\n<p>Dans une d\u00e9claration \u00e0 Mashable, Cloudflare a confirm\u00e9 que la soci\u00e9t\u00e9 avait identifi\u00e9 la cause du probl\u00e8me et avait d\u00e9ploy\u00e9 un correctif pour le corriger. De plus, Cloudflare insiste sur le fait qu\u2019il n\u2019y a aucune raison de croire qu\u2019une cyberattaque soit \u00e0 l\u2019origine de cette panne. Voici la d\u00e9claration compl\u00e8te\u00a0: <\/p>\n<div class=\"mx-auto mb-12 mt-5 w-full max-w-3xl rounded-md border-2 border-gray-100 p-3 shadow-md md:px-7 md:pb-7 md:pt-5\" id=\"related-video\">\n<div class=\"mb-3 flex items-center md:mb-5\">\n        <img decoding=\"async\" class=\"mr-4 mt-0 h-10 w-10 md:mr-5 md:h-12 md:w-12\" src=\"https:\/\/vieassociative.be\/actualites\/wp-content\/uploads\/2025\/09\/1757726237_608_Meta-pourrait-devoiler-une-montre-intelligente-pour-controler-ses-lunettes.jpg\" alt=\"Logo du pirate de la vie\"><\/p><\/div>\n<div class=\"aspect-video w-full overflow-hidden rounded-md\">\n<div id=\"video-container-01KAC24AG8BXGS949E9GHFRH89\"><\/div>\n<\/p><\/div>\n<\/div>\n<p>\u00ab\u00a0De nombreux services de Cloudflare ont connu une panne importante aujourd&rsquo;hui \u00e0 partir de 11h20 UTC. Elle a \u00e9t\u00e9 enti\u00e8rement r\u00e9solue \u00e0 14h30 UTC. La cause premi\u00e8re de la panne \u00e9tait un fichier de configuration g\u00e9n\u00e9r\u00e9 automatiquement pour g\u00e9rer le trafic des menaces. Le fichier a d\u00e9pass\u00e9 la taille attendue des entr\u00e9es et a d\u00e9clench\u00e9 un crash dans le syst\u00e8me logiciel qui g\u00e8re le trafic pour un certain nombre de services de Cloudflare.<\/p>\n<p><strong>Pour \u00eatre clair, rien ne prouve que cela soit le r\u00e9sultat d\u2019une attaque ou d\u2019une activit\u00e9 malveillante. <\/strong>Nous nous attendons \u00e0 ce que certains services Cloudflare soient bri\u00e8vement d\u00e9grad\u00e9s \u00e0 mesure que le trafic augmente naturellement apr\u00e8s l&rsquo;incident, mais nous pr\u00e9voyons que tous les services reviennent \u00e0 la normale dans les prochaines heures. Une explication d\u00e9taill\u00e9e sera bient\u00f4t publi\u00e9e sur blog.cloudflare.com. Compte tenu de l&rsquo;importance des services de Cloudflare, toute panne est inacceptable. Nous nous excusons aupr\u00e8s de nos clients et d&rsquo;Internet en g\u00e9n\u00e9ral de vous avoir laiss\u00e9 tomber aujourd&rsquo;hui. Nous allons tirer les le\u00e7ons de l&rsquo;incident d&rsquo;aujourd&rsquo;hui et nous am\u00e9liorer.\u00a0\u00bb <\/p>\n<p>Il semble que la raison de la panne soit une mesure pr\u00e9ventive destin\u00e9e \u00e0 bloquer une potentielle cyberattaque. Bien que cet objectif soit \u00e9videmment important, il montre \u00e0 quel point ces syst\u00e8mes sont complexes : un probl\u00e8me avec un protocole de cybers\u00e9curit\u00e9 est devenu incontr\u00f4lable et a d\u00e9truit le r\u00e9seau en masse.  <\/p>\n","protected":false},"excerpt":{"rendered":"<p>Il ne semble pas s&rsquo;agir d&rsquo;une cyberattaque. Mardi matin, nous avons brutalement rappel\u00e9 \u00e0 quel point l\u2019Internet mondial est fragile. Les sites Web de X<\/p>\n","protected":false},"author":1,"featured_media":11392,"comment_status":"","ping_status":"","sticky":false,"template":"","format":"standard","meta":{"footnotes":""},"categories":[13],"tags":[9283,9284,233,643,2005,393,1137,99,4320],"class_list":["post-11391","post","type-post","status-publish","format-standard","has-post-thumbnail","hentry","category-technologie","tag-cause","tag-cloudflare","tag-maintenant","tag-mardi","tag-matin","tag-nous","tag-panne","tag-qui","tag-savons","generate-columns","tablet-grid-50","mobile-grid-100","grid-parent","grid-33"],"yoast_head":"<!-- This site is optimized with the Yoast SEO plugin v24.0 - https:\/\/yoast.com\/wordpress\/plugins\/seo\/ -->\n<title>Nous savons maintenant ce qui a caus\u00e9 la panne de Cloudflare mardi matin | Vie Associative<\/title>\n<meta name=\"robots\" content=\"index, follow, max-snippet:-1, max-image-preview:large, max-video-preview:-1\" \/>\n<link rel=\"canonical\" href=\"https:\/\/vieassociative.be\/actualites\/nous-savons-maintenant-ce-qui-a-cause-la-panne-de-cloudflare-mardi-matin\/\" \/>\n<meta property=\"og:locale\" content=\"fr_FR\" \/>\n<meta property=\"og:type\" content=\"article\" \/>\n<meta property=\"og:title\" content=\"Nous savons maintenant ce qui a caus\u00e9 la panne de Cloudflare mardi matin | Vie Associative\" \/>\n<meta property=\"og:description\" content=\"Il ne semble pas s&rsquo;agir d&rsquo;une cyberattaque. Mardi matin, nous avons brutalement rappel\u00e9 \u00e0 quel point l\u2019Internet mondial est fragile. Les sites Web de X\" \/>\n<meta property=\"og:url\" content=\"https:\/\/vieassociative.be\/actualites\/nous-savons-maintenant-ce-qui-a-cause-la-panne-de-cloudflare-mardi-matin\/\" \/>\n<meta property=\"og:site_name\" content=\"Vie Associative\" \/>\n<meta property=\"article:published_time\" content=\"2025-11-18T18:18:57+00:00\" \/>\n<meta property=\"og:image\" content=\"https:\/\/vieassociative.be\/actualites\/wp-content\/uploads\/2025\/09\/1757726237_608_Meta-pourrait-devoiler-une-montre-intelligente-pour-controler-ses-lunettes.jpg\" \/>\n<meta name=\"author\" content=\"Julien\" \/>\n<meta name=\"twitter:card\" content=\"summary_large_image\" \/>\n<meta name=\"twitter:label1\" content=\"\u00c9crit par\" \/>\n\t<meta name=\"twitter:data1\" content=\"Julien\" \/>\n\t<meta name=\"twitter:label2\" content=\"Dur\u00e9e de lecture est.\" \/>\n\t<meta name=\"twitter:data2\" content=\"2 minutes\" \/>\n<script type=\"application\/ld+json\" class=\"yoast-schema-graph\">{\"@context\":\"https:\/\/schema.org\",\"@graph\":[{\"@type\":\"Article\",\"@id\":\"https:\/\/vieassociative.be\/actualites\/nous-savons-maintenant-ce-qui-a-cause-la-panne-de-cloudflare-mardi-matin\/#article\",\"isPartOf\":{\"@id\":\"https:\/\/vieassociative.be\/actualites\/nous-savons-maintenant-ce-qui-a-cause-la-panne-de-cloudflare-mardi-matin\/\"},\"author\":{\"name\":\"Julien\",\"@id\":\"https:\/\/vieassociative.be\/actualites\/#\/schema\/person\/b87ac4f82f9d4e7b7cec7395b679edc4\"},\"headline\":\"Nous savons maintenant ce qui a caus\u00e9 la panne de Cloudflare mardi matin\",\"datePublished\":\"2025-11-18T18:18:57+00:00\",\"dateModified\":\"2025-11-18T18:18:57+00:00\",\"mainEntityOfPage\":{\"@id\":\"https:\/\/vieassociative.be\/actualites\/nous-savons-maintenant-ce-qui-a-cause-la-panne-de-cloudflare-mardi-matin\/\"},\"wordCount\":521,\"publisher\":{\"@id\":\"https:\/\/vieassociative.be\/actualites\/#organization\"},\"image\":{\"@id\":\"https:\/\/vieassociative.be\/actualites\/nous-savons-maintenant-ce-qui-a-cause-la-panne-de-cloudflare-mardi-matin\/#primaryimage\"},\"thumbnailUrl\":\"https:\/\/vieassociative.be\/actualites\/wp-content\/uploads\/2025\/11\/Nous-savons-maintenant-ce-qui-a-cause-la-panne-de.jpg\",\"keywords\":[\"caus\u00e9\",\"Cloudflare\",\"maintenant\",\"mardi\",\"matin\",\"nous\",\"panne\",\"qui\",\"savons\"],\"articleSection\":[\"Technologie\"],\"inLanguage\":\"fr-BE\"},{\"@type\":\"WebPage\",\"@id\":\"https:\/\/vieassociative.be\/actualites\/nous-savons-maintenant-ce-qui-a-cause-la-panne-de-cloudflare-mardi-matin\/\",\"url\":\"https:\/\/vieassociative.be\/actualites\/nous-savons-maintenant-ce-qui-a-cause-la-panne-de-cloudflare-mardi-matin\/\",\"name\":\"Nous savons maintenant ce qui a caus\u00e9 la panne de Cloudflare mardi matin | Vie Associative\",\"isPartOf\":{\"@id\":\"https:\/\/vieassociative.be\/actualites\/#website\"},\"primaryImageOfPage\":{\"@id\":\"https:\/\/vieassociative.be\/actualites\/nous-savons-maintenant-ce-qui-a-cause-la-panne-de-cloudflare-mardi-matin\/#primaryimage\"},\"image\":{\"@id\":\"https:\/\/vieassociative.be\/actualites\/nous-savons-maintenant-ce-qui-a-cause-la-panne-de-cloudflare-mardi-matin\/#primaryimage\"},\"thumbnailUrl\":\"https:\/\/vieassociative.be\/actualites\/wp-content\/uploads\/2025\/11\/Nous-savons-maintenant-ce-qui-a-cause-la-panne-de.jpg\",\"datePublished\":\"2025-11-18T18:18:57+00:00\",\"dateModified\":\"2025-11-18T18:18:57+00:00\",\"breadcrumb\":{\"@id\":\"https:\/\/vieassociative.be\/actualites\/nous-savons-maintenant-ce-qui-a-cause-la-panne-de-cloudflare-mardi-matin\/#breadcrumb\"},\"inLanguage\":\"fr-BE\",\"potentialAction\":[{\"@type\":\"ReadAction\",\"target\":[\"https:\/\/vieassociative.be\/actualites\/nous-savons-maintenant-ce-qui-a-cause-la-panne-de-cloudflare-mardi-matin\/\"]}]},{\"@type\":\"ImageObject\",\"inLanguage\":\"fr-BE\",\"@id\":\"https:\/\/vieassociative.be\/actualites\/nous-savons-maintenant-ce-qui-a-cause-la-panne-de-cloudflare-mardi-matin\/#primaryimage\",\"url\":\"https:\/\/vieassociative.be\/actualites\/wp-content\/uploads\/2025\/11\/Nous-savons-maintenant-ce-qui-a-cause-la-panne-de.jpg\",\"contentUrl\":\"https:\/\/vieassociative.be\/actualites\/wp-content\/uploads\/2025\/11\/Nous-savons-maintenant-ce-qui-a-cause-la-panne-de.jpg\",\"width\":1200,\"height\":675,\"caption\":\"Nous savons maintenant ce qui a caus\u00e9 la panne de Cloudflare mardi matin\"},{\"@type\":\"BreadcrumbList\",\"@id\":\"https:\/\/vieassociative.be\/actualites\/nous-savons-maintenant-ce-qui-a-cause-la-panne-de-cloudflare-mardi-matin\/#breadcrumb\",\"itemListElement\":[{\"@type\":\"ListItem\",\"position\":1,\"name\":\"Accueil\",\"item\":\"https:\/\/vieassociative.be\/actualites\/\"},{\"@type\":\"ListItem\",\"position\":2,\"name\":\"Nous savons maintenant ce qui a caus\u00e9 la panne de Cloudflare mardi matin\"}]},{\"@type\":\"WebSite\",\"@id\":\"https:\/\/vieassociative.be\/actualites\/#website\",\"url\":\"https:\/\/vieassociative.be\/actualites\/\",\"name\":\"Vie Associative\",\"description\":\"\",\"publisher\":{\"@id\":\"https:\/\/vieassociative.be\/actualites\/#organization\"},\"potentialAction\":[{\"@type\":\"SearchAction\",\"target\":{\"@type\":\"EntryPoint\",\"urlTemplate\":\"https:\/\/vieassociative.be\/actualites\/?s={search_term_string}\"},\"query-input\":{\"@type\":\"PropertyValueSpecification\",\"valueRequired\":true,\"valueName\":\"search_term_string\"}}],\"inLanguage\":\"fr-BE\"},{\"@type\":\"Organization\",\"@id\":\"https:\/\/vieassociative.be\/actualites\/#organization\",\"name\":\"Vie Associative\",\"url\":\"https:\/\/vieassociative.be\/actualites\/\",\"logo\":{\"@type\":\"ImageObject\",\"inLanguage\":\"fr-BE\",\"@id\":\"https:\/\/vieassociative.be\/actualites\/#\/schema\/logo\/image\/\",\"url\":\"https:\/\/vieassociative.be\/actualites\/wp-content\/uploads\/2024\/09\/cropped-vieassociative_favicon.ico.png\",\"contentUrl\":\"https:\/\/vieassociative.be\/actualites\/wp-content\/uploads\/2024\/09\/cropped-vieassociative_favicon.ico.png\",\"width\":512,\"height\":512,\"caption\":\"Vie Associative\"},\"image\":{\"@id\":\"https:\/\/vieassociative.be\/actualites\/#\/schema\/logo\/image\/\"}},{\"@type\":\"Person\",\"@id\":\"https:\/\/vieassociative.be\/actualites\/#\/schema\/person\/b87ac4f82f9d4e7b7cec7395b679edc4\",\"name\":\"Julien\",\"image\":{\"@type\":\"ImageObject\",\"inLanguage\":\"fr-BE\",\"@id\":\"https:\/\/vieassociative.be\/actualites\/#\/schema\/person\/image\/\",\"url\":\"https:\/\/vieassociative.be\/actualites\/wp-content\/uploads\/2024\/09\/vie-associative-1-150x150.jpg\",\"contentUrl\":\"https:\/\/vieassociative.be\/actualites\/wp-content\/uploads\/2024\/09\/vie-associative-1-150x150.jpg\",\"caption\":\"Julien\"},\"description\":\"Je suis Julien, r\u00e9dacteur pour Vie Associative. Passionn\u00e9 par le monde associatif depuis plus de 10 ans, j'ai \u00e0 c\u0153ur de partager des histoires inspirantes et de mettre en lumi\u00e8re les initiatives locales. Mon objectif est de sensibiliser et d'encourager l'engagement communautaire \u00e0 travers mes articles.\",\"sameAs\":[\"https:\/\/vieassociative.be\/\"]}]}<\/script>\n<!-- \/ Yoast SEO plugin. -->","yoast_head_json":{"title":"Nous savons maintenant ce qui a caus\u00e9 la panne de Cloudflare mardi matin | Vie Associative","robots":{"index":"index","follow":"follow","max-snippet":"max-snippet:-1","max-image-preview":"max-image-preview:large","max-video-preview":"max-video-preview:-1"},"canonical":"https:\/\/vieassociative.be\/actualites\/nous-savons-maintenant-ce-qui-a-cause-la-panne-de-cloudflare-mardi-matin\/","og_locale":"fr_FR","og_type":"article","og_title":"Nous savons maintenant ce qui a caus\u00e9 la panne de Cloudflare mardi matin | Vie Associative","og_description":"Il ne semble pas s&rsquo;agir d&rsquo;une cyberattaque. Mardi matin, nous avons brutalement rappel\u00e9 \u00e0 quel point l\u2019Internet mondial est fragile. Les sites Web de X","og_url":"https:\/\/vieassociative.be\/actualites\/nous-savons-maintenant-ce-qui-a-cause-la-panne-de-cloudflare-mardi-matin\/","og_site_name":"Vie Associative","article_published_time":"2025-11-18T18:18:57+00:00","og_image":[{"url":"https:\/\/vieassociative.be\/actualites\/wp-content\/uploads\/2025\/09\/1757726237_608_Meta-pourrait-devoiler-une-montre-intelligente-pour-controler-ses-lunettes.jpg","type":"","width":"","height":""}],"author":"Julien","twitter_card":"summary_large_image","twitter_misc":{"\u00c9crit par":"Julien","Dur\u00e9e de lecture est.":"2 minutes"},"schema":{"@context":"https:\/\/schema.org","@graph":[{"@type":"Article","@id":"https:\/\/vieassociative.be\/actualites\/nous-savons-maintenant-ce-qui-a-cause-la-panne-de-cloudflare-mardi-matin\/#article","isPartOf":{"@id":"https:\/\/vieassociative.be\/actualites\/nous-savons-maintenant-ce-qui-a-cause-la-panne-de-cloudflare-mardi-matin\/"},"author":{"name":"Julien","@id":"https:\/\/vieassociative.be\/actualites\/#\/schema\/person\/b87ac4f82f9d4e7b7cec7395b679edc4"},"headline":"Nous savons maintenant ce qui a caus\u00e9 la panne de Cloudflare mardi matin","datePublished":"2025-11-18T18:18:57+00:00","dateModified":"2025-11-18T18:18:57+00:00","mainEntityOfPage":{"@id":"https:\/\/vieassociative.be\/actualites\/nous-savons-maintenant-ce-qui-a-cause-la-panne-de-cloudflare-mardi-matin\/"},"wordCount":521,"publisher":{"@id":"https:\/\/vieassociative.be\/actualites\/#organization"},"image":{"@id":"https:\/\/vieassociative.be\/actualites\/nous-savons-maintenant-ce-qui-a-cause-la-panne-de-cloudflare-mardi-matin\/#primaryimage"},"thumbnailUrl":"https:\/\/vieassociative.be\/actualites\/wp-content\/uploads\/2025\/11\/Nous-savons-maintenant-ce-qui-a-cause-la-panne-de.jpg","keywords":["caus\u00e9","Cloudflare","maintenant","mardi","matin","nous","panne","qui","savons"],"articleSection":["Technologie"],"inLanguage":"fr-BE"},{"@type":"WebPage","@id":"https:\/\/vieassociative.be\/actualites\/nous-savons-maintenant-ce-qui-a-cause-la-panne-de-cloudflare-mardi-matin\/","url":"https:\/\/vieassociative.be\/actualites\/nous-savons-maintenant-ce-qui-a-cause-la-panne-de-cloudflare-mardi-matin\/","name":"Nous savons maintenant ce qui a caus\u00e9 la panne de Cloudflare mardi matin | Vie Associative","isPartOf":{"@id":"https:\/\/vieassociative.be\/actualites\/#website"},"primaryImageOfPage":{"@id":"https:\/\/vieassociative.be\/actualites\/nous-savons-maintenant-ce-qui-a-cause-la-panne-de-cloudflare-mardi-matin\/#primaryimage"},"image":{"@id":"https:\/\/vieassociative.be\/actualites\/nous-savons-maintenant-ce-qui-a-cause-la-panne-de-cloudflare-mardi-matin\/#primaryimage"},"thumbnailUrl":"https:\/\/vieassociative.be\/actualites\/wp-content\/uploads\/2025\/11\/Nous-savons-maintenant-ce-qui-a-cause-la-panne-de.jpg","datePublished":"2025-11-18T18:18:57+00:00","dateModified":"2025-11-18T18:18:57+00:00","breadcrumb":{"@id":"https:\/\/vieassociative.be\/actualites\/nous-savons-maintenant-ce-qui-a-cause-la-panne-de-cloudflare-mardi-matin\/#breadcrumb"},"inLanguage":"fr-BE","potentialAction":[{"@type":"ReadAction","target":["https:\/\/vieassociative.be\/actualites\/nous-savons-maintenant-ce-qui-a-cause-la-panne-de-cloudflare-mardi-matin\/"]}]},{"@type":"ImageObject","inLanguage":"fr-BE","@id":"https:\/\/vieassociative.be\/actualites\/nous-savons-maintenant-ce-qui-a-cause-la-panne-de-cloudflare-mardi-matin\/#primaryimage","url":"https:\/\/vieassociative.be\/actualites\/wp-content\/uploads\/2025\/11\/Nous-savons-maintenant-ce-qui-a-cause-la-panne-de.jpg","contentUrl":"https:\/\/vieassociative.be\/actualites\/wp-content\/uploads\/2025\/11\/Nous-savons-maintenant-ce-qui-a-cause-la-panne-de.jpg","width":1200,"height":675,"caption":"Nous savons maintenant ce qui a caus\u00e9 la panne de Cloudflare mardi matin"},{"@type":"BreadcrumbList","@id":"https:\/\/vieassociative.be\/actualites\/nous-savons-maintenant-ce-qui-a-cause-la-panne-de-cloudflare-mardi-matin\/#breadcrumb","itemListElement":[{"@type":"ListItem","position":1,"name":"Accueil","item":"https:\/\/vieassociative.be\/actualites\/"},{"@type":"ListItem","position":2,"name":"Nous savons maintenant ce qui a caus\u00e9 la panne de Cloudflare mardi matin"}]},{"@type":"WebSite","@id":"https:\/\/vieassociative.be\/actualites\/#website","url":"https:\/\/vieassociative.be\/actualites\/","name":"Vie Associative","description":"","publisher":{"@id":"https:\/\/vieassociative.be\/actualites\/#organization"},"potentialAction":[{"@type":"SearchAction","target":{"@type":"EntryPoint","urlTemplate":"https:\/\/vieassociative.be\/actualites\/?s={search_term_string}"},"query-input":{"@type":"PropertyValueSpecification","valueRequired":true,"valueName":"search_term_string"}}],"inLanguage":"fr-BE"},{"@type":"Organization","@id":"https:\/\/vieassociative.be\/actualites\/#organization","name":"Vie Associative","url":"https:\/\/vieassociative.be\/actualites\/","logo":{"@type":"ImageObject","inLanguage":"fr-BE","@id":"https:\/\/vieassociative.be\/actualites\/#\/schema\/logo\/image\/","url":"https:\/\/vieassociative.be\/actualites\/wp-content\/uploads\/2024\/09\/cropped-vieassociative_favicon.ico.png","contentUrl":"https:\/\/vieassociative.be\/actualites\/wp-content\/uploads\/2024\/09\/cropped-vieassociative_favicon.ico.png","width":512,"height":512,"caption":"Vie Associative"},"image":{"@id":"https:\/\/vieassociative.be\/actualites\/#\/schema\/logo\/image\/"}},{"@type":"Person","@id":"https:\/\/vieassociative.be\/actualites\/#\/schema\/person\/b87ac4f82f9d4e7b7cec7395b679edc4","name":"Julien","image":{"@type":"ImageObject","inLanguage":"fr-BE","@id":"https:\/\/vieassociative.be\/actualites\/#\/schema\/person\/image\/","url":"https:\/\/vieassociative.be\/actualites\/wp-content\/uploads\/2024\/09\/vie-associative-1-150x150.jpg","contentUrl":"https:\/\/vieassociative.be\/actualites\/wp-content\/uploads\/2024\/09\/vie-associative-1-150x150.jpg","caption":"Julien"},"description":"Je suis Julien, r\u00e9dacteur pour Vie Associative. Passionn\u00e9 par le monde associatif depuis plus de 10 ans, j'ai \u00e0 c\u0153ur de partager des histoires inspirantes et de mettre en lumi\u00e8re les initiatives locales. Mon objectif est de sensibiliser et d'encourager l'engagement communautaire \u00e0 travers mes articles.","sameAs":["https:\/\/vieassociative.be\/"]}]}},"_links":{"self":[{"href":"https:\/\/vieassociative.be\/actualites\/wp-json\/wp\/v2\/posts\/11391"}],"collection":[{"href":"https:\/\/vieassociative.be\/actualites\/wp-json\/wp\/v2\/posts"}],"about":[{"href":"https:\/\/vieassociative.be\/actualites\/wp-json\/wp\/v2\/types\/post"}],"author":[{"embeddable":true,"href":"https:\/\/vieassociative.be\/actualites\/wp-json\/wp\/v2\/users\/1"}],"replies":[{"embeddable":true,"href":"https:\/\/vieassociative.be\/actualites\/wp-json\/wp\/v2\/comments?post=11391"}],"version-history":[{"count":0,"href":"https:\/\/vieassociative.be\/actualites\/wp-json\/wp\/v2\/posts\/11391\/revisions"}],"wp:featuredmedia":[{"embeddable":true,"href":"https:\/\/vieassociative.be\/actualites\/wp-json\/wp\/v2\/media\/11392"}],"wp:attachment":[{"href":"https:\/\/vieassociative.be\/actualites\/wp-json\/wp\/v2\/media?parent=11391"}],"wp:term":[{"taxonomy":"category","embeddable":true,"href":"https:\/\/vieassociative.be\/actualites\/wp-json\/wp\/v2\/categories?post=11391"},{"taxonomy":"post_tag","embeddable":true,"href":"https:\/\/vieassociative.be\/actualites\/wp-json\/wp\/v2\/tags?post=11391"}],"curies":[{"name":"wp","href":"https:\/\/api.w.org\/{rel}","templated":true}]}}