{"id":11383,"date":"2025-11-18T09:18:36","date_gmt":"2025-11-18T08:18:36","guid":{"rendered":"https:\/\/vieassociative.be\/actualites\/previsions-dautomne-de-la-commission-europeenne-la-belgique-se-dirige-vers-le-plus-grand-deficit-budgetaire-de-la-zone-euro\/"},"modified":"2025-11-18T09:18:36","modified_gmt":"2025-11-18T08:18:36","slug":"previsions-dautomne-de-la-commission-europeenne-la-belgique-se-dirige-vers-le-plus-grand-deficit-budgetaire-de-la-zone-euro","status":"publish","type":"post","link":"https:\/\/vieassociative.be\/actualites\/previsions-dautomne-de-la-commission-europeenne-la-belgique-se-dirige-vers-le-plus-grand-deficit-budgetaire-de-la-zone-euro\/","title":{"rendered":"Pr\u00e9visions d&rsquo;automne de la Commission europ\u00e9enne : la Belgique se dirige vers le plus grand d\u00e9ficit budg\u00e9taire de la zone euro"},"content":{"rendered":"<p><strong>Selon la Commission europ\u00e9enne, la Belgique se dirige vers un d\u00e9ficit de 5,9 pour cent en 2027.<\/strong><\/p>\n<p><span id=\"more-429858\"><\/span>Selon les pr\u00e9visions d&rsquo;automne de la Commission europ\u00e9enne pr\u00e9sent\u00e9es lundi, le d\u00e9ficit de la Belgique devrait atteindre 5,3 pour cent du produit int\u00e9rieur brut (PIB) cette ann\u00e9e en 2025 et 5,5 pour cent l&rsquo;ann\u00e9e prochaine. En 2027, notre pays devrait avoir un d\u00e9ficit de 5,9 pour cent du PIB. Ce serait le plus \u00e9lev\u00e9 de toute la zone euro.<\/p>\n<p>L\u2019ann\u00e9e derni\u00e8re, cela \u00e9tait d\u00fb en grande partie \u00e0 une baisse des recettes (0,3 pour cent du PIB) due \u00e0 une \u00ab diminution des autres recettes courantes et transferts de capitaux \u00bb, tandis que l\u2019augmentation des d\u00e9penses de d\u00e9fense (+0,2 pour cent du PIB) et des d\u00e9penses d\u2019int\u00e9r\u00eats (+0,2 pour cent du PIB) a \u00e9t\u00e9 largement compens\u00e9e par une baisse des prestations sociales.<\/p>\n<div id=\"attachment_426150\" class=\"wp-caption alignleft\" style=\"max-width: 300px\"><img fetchpriority=\"high\" decoding=\"async\" class=\"wp-image-426150 size-medium\" src=\"https:\/\/vieassociative.be\/actualites\/wp-content\/uploads\/2025\/10\/1759652271_974_La-Belgique-met-en-garde-contre-le-plan-de-Merz.jpg\" alt=\"\" width=\"300\" height=\"200\"><\/div>\n<p>La Belgique fait d\u00e9j\u00e0 l&rsquo;objet d&rsquo;une proc\u00e9dure pour d\u00e9ficit excessif car elle s&rsquo;est fortement \u00e9cart\u00e9e de la politique du Pacte de stabilit\u00e9 et de croissance, qui stipule que le d\u00e9ficit ne doit pas d\u00e9passer 3 pour cent du PIB.<\/p>\n<p>Dans ce contexte, le Conseil recommande \u00e0 la Belgique de r\u00e9duire son d\u00e9ficit \u00ab excessif \u00bb d&rsquo;ici 2029. Toutefois, les partenaires de l&rsquo;Arizona ne sont pas encore parvenus \u00e0 se mettre d&rsquo;accord sur une orientation budg\u00e9taire qui m\u00e8nerait \u00e0 ce point.<\/p>\n<p>Dans ses pr\u00e9visions d&rsquo;automne, la Commission europ\u00e9enne estime la dette brute de la Belgique \u00e0 107,1 pour cent du PIB en 2025, 109,9 pour cent l&rsquo;ann\u00e9e prochaine et 112,2 pour cent en 2027. La croissance serait limit\u00e9e \u00e0 1 pour cent en 2025 avant de remonter lentement \u00e0 1,1 pour cent puis \u00e0 1,3 pour cent (2027).<\/p>\n<p>La Belgique obtiendrait donc de moins bons r\u00e9sultats que l\u2019UE et la zone euro. L\u2019Union s\u2019attend \u00e0 une croissance du PIB r\u00e9el de 1,4 % pour 2025 et 2026 et de 1,5 % pour 2027. Une croissance de 1,3 % en 2025, 1,2 % en 2026 et 1,4 % en 2027 est pr\u00e9vue pour la zone euro.<\/p>\n<p>L\u2019inflation de la zone euro a \u00e9t\u00e9 r\u00e9vis\u00e9e \u00e0 la hausse par rapport aux pr\u00e9visions du printemps, en grande partie en raison des prix de l\u2019\u00e9nergie, mais elle se stabilise globalement autour de 2 % pour 2026-2027. (cr\u00e9er)<\/p>\n","protected":false},"excerpt":{"rendered":"<p>Selon la Commission europ\u00e9enne, la Belgique se dirige vers un d\u00e9ficit de 5,9 pour cent en 2027. Selon les pr\u00e9visions d&rsquo;automne de la Commission europ\u00e9enne<\/p>\n","protected":false},"author":1,"featured_media":11384,"comment_status":"","ping_status":"","sticky":false,"template":"","format":"standard","meta":{"footnotes":""},"categories":[298],"tags":[383,7039,3560,849,9280,5087,9281,3561,1119,9279,2778,4291],"class_list":["post-11383","post","type-post","status-publish","format-standard","has-post-thumbnail","hentry","category-belgique","tag-belgique","tag-budgetaire","tag-commission","tag-dautomne","tag-deficit","tag-dirige","tag-euro","tag-europeenne","tag-grand","tag-previsions","tag-vers","tag-zone","generate-columns","tablet-grid-50","mobile-grid-100","grid-parent","grid-33"],"yoast_head":"<!-- This site is optimized with the Yoast SEO plugin v24.0 - https:\/\/yoast.com\/wordpress\/plugins\/seo\/ -->\n<title>Pr\u00e9visions d&#039;automne de la Commission europ\u00e9enne : la Belgique se dirige vers le plus grand d\u00e9ficit budg\u00e9taire de la zone euro | Vie Associative<\/title>\n<meta name=\"robots\" content=\"index, follow, max-snippet:-1, max-image-preview:large, max-video-preview:-1\" \/>\n<link rel=\"canonical\" href=\"https:\/\/vieassociative.be\/actualites\/previsions-dautomne-de-la-commission-europeenne-la-belgique-se-dirige-vers-le-plus-grand-deficit-budgetaire-de-la-zone-euro\/\" \/>\n<meta property=\"og:locale\" content=\"fr_FR\" \/>\n<meta property=\"og:type\" content=\"article\" \/>\n<meta property=\"og:title\" content=\"Pr\u00e9visions d&#039;automne de la Commission europ\u00e9enne : la Belgique se dirige vers le plus grand d\u00e9ficit budg\u00e9taire de la zone euro | Vie Associative\" \/>\n<meta property=\"og:description\" content=\"Selon la Commission europ\u00e9enne, la Belgique se dirige vers un d\u00e9ficit de 5,9 pour cent en 2027. Selon les pr\u00e9visions d&rsquo;automne de la Commission europ\u00e9enne\" \/>\n<meta property=\"og:url\" content=\"https:\/\/vieassociative.be\/actualites\/previsions-dautomne-de-la-commission-europeenne-la-belgique-se-dirige-vers-le-plus-grand-deficit-budgetaire-de-la-zone-euro\/\" \/>\n<meta property=\"og:site_name\" content=\"Vie Associative\" \/>\n<meta property=\"article:published_time\" content=\"2025-11-18T08:18:36+00:00\" \/>\n<meta property=\"og:image\" content=\"https:\/\/vieassociative.be\/actualites\/wp-content\/uploads\/2024\/09\/header_backgroundk-01-e1726694325946.png\" \/>\n\t<meta property=\"og:image:width\" content=\"279\" \/>\n\t<meta property=\"og:image:height\" content=\"92\" \/>\n\t<meta property=\"og:image:type\" content=\"image\/png\" \/>\n<meta name=\"author\" content=\"Julien\" \/>\n<meta name=\"twitter:card\" content=\"summary_large_image\" \/>\n<meta name=\"twitter:label1\" content=\"\u00c9crit par\" \/>\n\t<meta name=\"twitter:data1\" content=\"Julien\" \/>\n\t<meta name=\"twitter:label2\" content=\"Dur\u00e9e de lecture est.\" \/>\n\t<meta name=\"twitter:data2\" content=\"2 minutes\" \/>\n<script type=\"application\/ld+json\" class=\"yoast-schema-graph\">{\"@context\":\"https:\/\/schema.org\",\"@graph\":[{\"@type\":\"Article\",\"@id\":\"https:\/\/vieassociative.be\/actualites\/previsions-dautomne-de-la-commission-europeenne-la-belgique-se-dirige-vers-le-plus-grand-deficit-budgetaire-de-la-zone-euro\/#article\",\"isPartOf\":{\"@id\":\"https:\/\/vieassociative.be\/actualites\/previsions-dautomne-de-la-commission-europeenne-la-belgique-se-dirige-vers-le-plus-grand-deficit-budgetaire-de-la-zone-euro\/\"},\"author\":{\"name\":\"Julien\",\"@id\":\"https:\/\/vieassociative.be\/actualites\/#\/schema\/person\/b87ac4f82f9d4e7b7cec7395b679edc4\"},\"headline\":\"Pr\u00e9visions d&rsquo;automne de la Commission europ\u00e9enne : la Belgique se dirige vers le plus grand d\u00e9ficit budg\u00e9taire de la zone euro\",\"datePublished\":\"2025-11-18T08:18:36+00:00\",\"dateModified\":\"2025-11-18T08:18:36+00:00\",\"mainEntityOfPage\":{\"@id\":\"https:\/\/vieassociative.be\/actualites\/previsions-dautomne-de-la-commission-europeenne-la-belgique-se-dirige-vers-le-plus-grand-deficit-budgetaire-de-la-zone-euro\/\"},\"wordCount\":399,\"publisher\":{\"@id\":\"https:\/\/vieassociative.be\/actualites\/#organization\"},\"image\":{\"@id\":\"https:\/\/vieassociative.be\/actualites\/previsions-dautomne-de-la-commission-europeenne-la-belgique-se-dirige-vers-le-plus-grand-deficit-budgetaire-de-la-zone-euro\/#primaryimage\"},\"thumbnailUrl\":\"https:\/\/vieassociative.be\/actualites\/wp-content\/uploads\/2025\/11\/Previsions-dautomne-de-la-Commission-europeenne-la-Belgique-se.jpg\",\"keywords\":[\"Belgique\",\"budg\u00e9taire\",\"Commission\",\"dautomne\",\"d\u00e9ficit\",\"dirig\u00e9\",\"euro\",\"europ\u00e9enne\",\"grand\",\"Pr\u00e9visions\",\"vers\",\"zone\"],\"articleSection\":[\"Belgique\"],\"inLanguage\":\"fr-BE\"},{\"@type\":\"WebPage\",\"@id\":\"https:\/\/vieassociative.be\/actualites\/previsions-dautomne-de-la-commission-europeenne-la-belgique-se-dirige-vers-le-plus-grand-deficit-budgetaire-de-la-zone-euro\/\",\"url\":\"https:\/\/vieassociative.be\/actualites\/previsions-dautomne-de-la-commission-europeenne-la-belgique-se-dirige-vers-le-plus-grand-deficit-budgetaire-de-la-zone-euro\/\",\"name\":\"Pr\u00e9visions d'automne de la Commission europ\u00e9enne : la Belgique se dirige vers le plus grand d\u00e9ficit budg\u00e9taire de la zone euro | Vie Associative\",\"isPartOf\":{\"@id\":\"https:\/\/vieassociative.be\/actualites\/#website\"},\"primaryImageOfPage\":{\"@id\":\"https:\/\/vieassociative.be\/actualites\/previsions-dautomne-de-la-commission-europeenne-la-belgique-se-dirige-vers-le-plus-grand-deficit-budgetaire-de-la-zone-euro\/#primaryimage\"},\"image\":{\"@id\":\"https:\/\/vieassociative.be\/actualites\/previsions-dautomne-de-la-commission-europeenne-la-belgique-se-dirige-vers-le-plus-grand-deficit-budgetaire-de-la-zone-euro\/#primaryimage\"},\"thumbnailUrl\":\"https:\/\/vieassociative.be\/actualites\/wp-content\/uploads\/2025\/11\/Previsions-dautomne-de-la-Commission-europeenne-la-Belgique-se.jpg\",\"datePublished\":\"2025-11-18T08:18:36+00:00\",\"dateModified\":\"2025-11-18T08:18:36+00:00\",\"breadcrumb\":{\"@id\":\"https:\/\/vieassociative.be\/actualites\/previsions-dautomne-de-la-commission-europeenne-la-belgique-se-dirige-vers-le-plus-grand-deficit-budgetaire-de-la-zone-euro\/#breadcrumb\"},\"inLanguage\":\"fr-BE\",\"potentialAction\":[{\"@type\":\"ReadAction\",\"target\":[\"https:\/\/vieassociative.be\/actualites\/previsions-dautomne-de-la-commission-europeenne-la-belgique-se-dirige-vers-le-plus-grand-deficit-budgetaire-de-la-zone-euro\/\"]}]},{\"@type\":\"ImageObject\",\"inLanguage\":\"fr-BE\",\"@id\":\"https:\/\/vieassociative.be\/actualites\/previsions-dautomne-de-la-commission-europeenne-la-belgique-se-dirige-vers-le-plus-grand-deficit-budgetaire-de-la-zone-euro\/#primaryimage\",\"url\":\"https:\/\/vieassociative.be\/actualites\/wp-content\/uploads\/2025\/11\/Previsions-dautomne-de-la-Commission-europeenne-la-Belgique-se.jpg\",\"contentUrl\":\"https:\/\/vieassociative.be\/actualites\/wp-content\/uploads\/2025\/11\/Previsions-dautomne-de-la-Commission-europeenne-la-Belgique-se.jpg\",\"width\":2560,\"height\":1877,\"caption\":\"Pr\u00e9visions d'automne de la Commission europ\u00e9enne : la Belgique se dirige vers le plus grand d\u00e9ficit budg\u00e9taire de la zone euro\"},{\"@type\":\"BreadcrumbList\",\"@id\":\"https:\/\/vieassociative.be\/actualites\/previsions-dautomne-de-la-commission-europeenne-la-belgique-se-dirige-vers-le-plus-grand-deficit-budgetaire-de-la-zone-euro\/#breadcrumb\",\"itemListElement\":[{\"@type\":\"ListItem\",\"position\":1,\"name\":\"Accueil\",\"item\":\"https:\/\/vieassociative.be\/actualites\/\"},{\"@type\":\"ListItem\",\"position\":2,\"name\":\"Pr\u00e9visions d&rsquo;automne de la Commission europ\u00e9enne : la Belgique se dirige vers le plus grand d\u00e9ficit budg\u00e9taire de la zone euro\"}]},{\"@type\":\"WebSite\",\"@id\":\"https:\/\/vieassociative.be\/actualites\/#website\",\"url\":\"https:\/\/vieassociative.be\/actualites\/\",\"name\":\"Vie Associative\",\"description\":\"\",\"publisher\":{\"@id\":\"https:\/\/vieassociative.be\/actualites\/#organization\"},\"potentialAction\":[{\"@type\":\"SearchAction\",\"target\":{\"@type\":\"EntryPoint\",\"urlTemplate\":\"https:\/\/vieassociative.be\/actualites\/?s={search_term_string}\"},\"query-input\":{\"@type\":\"PropertyValueSpecification\",\"valueRequired\":true,\"valueName\":\"search_term_string\"}}],\"inLanguage\":\"fr-BE\"},{\"@type\":\"Organization\",\"@id\":\"https:\/\/vieassociative.be\/actualites\/#organization\",\"name\":\"Vie Associative\",\"url\":\"https:\/\/vieassociative.be\/actualites\/\",\"logo\":{\"@type\":\"ImageObject\",\"inLanguage\":\"fr-BE\",\"@id\":\"https:\/\/vieassociative.be\/actualites\/#\/schema\/logo\/image\/\",\"url\":\"https:\/\/vieassociative.be\/actualites\/wp-content\/uploads\/2024\/09\/cropped-vieassociative_favicon.ico.png\",\"contentUrl\":\"https:\/\/vieassociative.be\/actualites\/wp-content\/uploads\/2024\/09\/cropped-vieassociative_favicon.ico.png\",\"width\":512,\"height\":512,\"caption\":\"Vie Associative\"},\"image\":{\"@id\":\"https:\/\/vieassociative.be\/actualites\/#\/schema\/logo\/image\/\"}},{\"@type\":\"Person\",\"@id\":\"https:\/\/vieassociative.be\/actualites\/#\/schema\/person\/b87ac4f82f9d4e7b7cec7395b679edc4\",\"name\":\"Julien\",\"image\":{\"@type\":\"ImageObject\",\"inLanguage\":\"fr-BE\",\"@id\":\"https:\/\/vieassociative.be\/actualites\/#\/schema\/person\/image\/\",\"url\":\"https:\/\/vieassociative.be\/actualites\/wp-content\/uploads\/2024\/09\/vie-associative-1-150x150.jpg\",\"contentUrl\":\"https:\/\/vieassociative.be\/actualites\/wp-content\/uploads\/2024\/09\/vie-associative-1-150x150.jpg\",\"caption\":\"Julien\"},\"description\":\"Je suis Julien, r\u00e9dacteur pour Vie Associative. Passionn\u00e9 par le monde associatif depuis plus de 10 ans, j'ai \u00e0 c\u0153ur de partager des histoires inspirantes et de mettre en lumi\u00e8re les initiatives locales. Mon objectif est de sensibiliser et d'encourager l'engagement communautaire \u00e0 travers mes articles.\",\"sameAs\":[\"https:\/\/vieassociative.be\/\"]}]}<\/script>\n<!-- \/ Yoast SEO plugin. -->","yoast_head_json":{"title":"Pr\u00e9visions d'automne de la Commission europ\u00e9enne : la Belgique se dirige vers le plus grand d\u00e9ficit budg\u00e9taire de la zone euro | Vie Associative","robots":{"index":"index","follow":"follow","max-snippet":"max-snippet:-1","max-image-preview":"max-image-preview:large","max-video-preview":"max-video-preview:-1"},"canonical":"https:\/\/vieassociative.be\/actualites\/previsions-dautomne-de-la-commission-europeenne-la-belgique-se-dirige-vers-le-plus-grand-deficit-budgetaire-de-la-zone-euro\/","og_locale":"fr_FR","og_type":"article","og_title":"Pr\u00e9visions d'automne de la Commission europ\u00e9enne : la Belgique se dirige vers le plus grand d\u00e9ficit budg\u00e9taire de la zone euro | Vie Associative","og_description":"Selon la Commission europ\u00e9enne, la Belgique se dirige vers un d\u00e9ficit de 5,9 pour cent en 2027. Selon les pr\u00e9visions d&rsquo;automne de la Commission europ\u00e9enne","og_url":"https:\/\/vieassociative.be\/actualites\/previsions-dautomne-de-la-commission-europeenne-la-belgique-se-dirige-vers-le-plus-grand-deficit-budgetaire-de-la-zone-euro\/","og_site_name":"Vie Associative","article_published_time":"2025-11-18T08:18:36+00:00","og_image":[{"width":279,"height":92,"url":"https:\/\/vieassociative.be\/actualites\/wp-content\/uploads\/2024\/09\/header_backgroundk-01-e1726694325946.png","type":"image\/png"}],"author":"Julien","twitter_card":"summary_large_image","twitter_misc":{"\u00c9crit par":"Julien","Dur\u00e9e de lecture est.":"2 minutes"},"schema":{"@context":"https:\/\/schema.org","@graph":[{"@type":"Article","@id":"https:\/\/vieassociative.be\/actualites\/previsions-dautomne-de-la-commission-europeenne-la-belgique-se-dirige-vers-le-plus-grand-deficit-budgetaire-de-la-zone-euro\/#article","isPartOf":{"@id":"https:\/\/vieassociative.be\/actualites\/previsions-dautomne-de-la-commission-europeenne-la-belgique-se-dirige-vers-le-plus-grand-deficit-budgetaire-de-la-zone-euro\/"},"author":{"name":"Julien","@id":"https:\/\/vieassociative.be\/actualites\/#\/schema\/person\/b87ac4f82f9d4e7b7cec7395b679edc4"},"headline":"Pr\u00e9visions d&rsquo;automne de la Commission europ\u00e9enne : la Belgique se dirige vers le plus grand d\u00e9ficit budg\u00e9taire de la zone euro","datePublished":"2025-11-18T08:18:36+00:00","dateModified":"2025-11-18T08:18:36+00:00","mainEntityOfPage":{"@id":"https:\/\/vieassociative.be\/actualites\/previsions-dautomne-de-la-commission-europeenne-la-belgique-se-dirige-vers-le-plus-grand-deficit-budgetaire-de-la-zone-euro\/"},"wordCount":399,"publisher":{"@id":"https:\/\/vieassociative.be\/actualites\/#organization"},"image":{"@id":"https:\/\/vieassociative.be\/actualites\/previsions-dautomne-de-la-commission-europeenne-la-belgique-se-dirige-vers-le-plus-grand-deficit-budgetaire-de-la-zone-euro\/#primaryimage"},"thumbnailUrl":"https:\/\/vieassociative.be\/actualites\/wp-content\/uploads\/2025\/11\/Previsions-dautomne-de-la-Commission-europeenne-la-Belgique-se.jpg","keywords":["Belgique","budg\u00e9taire","Commission","dautomne","d\u00e9ficit","dirig\u00e9","euro","europ\u00e9enne","grand","Pr\u00e9visions","vers","zone"],"articleSection":["Belgique"],"inLanguage":"fr-BE"},{"@type":"WebPage","@id":"https:\/\/vieassociative.be\/actualites\/previsions-dautomne-de-la-commission-europeenne-la-belgique-se-dirige-vers-le-plus-grand-deficit-budgetaire-de-la-zone-euro\/","url":"https:\/\/vieassociative.be\/actualites\/previsions-dautomne-de-la-commission-europeenne-la-belgique-se-dirige-vers-le-plus-grand-deficit-budgetaire-de-la-zone-euro\/","name":"Pr\u00e9visions d'automne de la Commission europ\u00e9enne : la Belgique se dirige vers le plus grand d\u00e9ficit budg\u00e9taire de la zone euro | Vie Associative","isPartOf":{"@id":"https:\/\/vieassociative.be\/actualites\/#website"},"primaryImageOfPage":{"@id":"https:\/\/vieassociative.be\/actualites\/previsions-dautomne-de-la-commission-europeenne-la-belgique-se-dirige-vers-le-plus-grand-deficit-budgetaire-de-la-zone-euro\/#primaryimage"},"image":{"@id":"https:\/\/vieassociative.be\/actualites\/previsions-dautomne-de-la-commission-europeenne-la-belgique-se-dirige-vers-le-plus-grand-deficit-budgetaire-de-la-zone-euro\/#primaryimage"},"thumbnailUrl":"https:\/\/vieassociative.be\/actualites\/wp-content\/uploads\/2025\/11\/Previsions-dautomne-de-la-Commission-europeenne-la-Belgique-se.jpg","datePublished":"2025-11-18T08:18:36+00:00","dateModified":"2025-11-18T08:18:36+00:00","breadcrumb":{"@id":"https:\/\/vieassociative.be\/actualites\/previsions-dautomne-de-la-commission-europeenne-la-belgique-se-dirige-vers-le-plus-grand-deficit-budgetaire-de-la-zone-euro\/#breadcrumb"},"inLanguage":"fr-BE","potentialAction":[{"@type":"ReadAction","target":["https:\/\/vieassociative.be\/actualites\/previsions-dautomne-de-la-commission-europeenne-la-belgique-se-dirige-vers-le-plus-grand-deficit-budgetaire-de-la-zone-euro\/"]}]},{"@type":"ImageObject","inLanguage":"fr-BE","@id":"https:\/\/vieassociative.be\/actualites\/previsions-dautomne-de-la-commission-europeenne-la-belgique-se-dirige-vers-le-plus-grand-deficit-budgetaire-de-la-zone-euro\/#primaryimage","url":"https:\/\/vieassociative.be\/actualites\/wp-content\/uploads\/2025\/11\/Previsions-dautomne-de-la-Commission-europeenne-la-Belgique-se.jpg","contentUrl":"https:\/\/vieassociative.be\/actualites\/wp-content\/uploads\/2025\/11\/Previsions-dautomne-de-la-Commission-europeenne-la-Belgique-se.jpg","width":2560,"height":1877,"caption":"Pr\u00e9visions d'automne de la Commission europ\u00e9enne : la Belgique se dirige vers le plus grand d\u00e9ficit budg\u00e9taire de la zone euro"},{"@type":"BreadcrumbList","@id":"https:\/\/vieassociative.be\/actualites\/previsions-dautomne-de-la-commission-europeenne-la-belgique-se-dirige-vers-le-plus-grand-deficit-budgetaire-de-la-zone-euro\/#breadcrumb","itemListElement":[{"@type":"ListItem","position":1,"name":"Accueil","item":"https:\/\/vieassociative.be\/actualites\/"},{"@type":"ListItem","position":2,"name":"Pr\u00e9visions d&rsquo;automne de la Commission europ\u00e9enne : la Belgique se dirige vers le plus grand d\u00e9ficit budg\u00e9taire de la zone euro"}]},{"@type":"WebSite","@id":"https:\/\/vieassociative.be\/actualites\/#website","url":"https:\/\/vieassociative.be\/actualites\/","name":"Vie Associative","description":"","publisher":{"@id":"https:\/\/vieassociative.be\/actualites\/#organization"},"potentialAction":[{"@type":"SearchAction","target":{"@type":"EntryPoint","urlTemplate":"https:\/\/vieassociative.be\/actualites\/?s={search_term_string}"},"query-input":{"@type":"PropertyValueSpecification","valueRequired":true,"valueName":"search_term_string"}}],"inLanguage":"fr-BE"},{"@type":"Organization","@id":"https:\/\/vieassociative.be\/actualites\/#organization","name":"Vie Associative","url":"https:\/\/vieassociative.be\/actualites\/","logo":{"@type":"ImageObject","inLanguage":"fr-BE","@id":"https:\/\/vieassociative.be\/actualites\/#\/schema\/logo\/image\/","url":"https:\/\/vieassociative.be\/actualites\/wp-content\/uploads\/2024\/09\/cropped-vieassociative_favicon.ico.png","contentUrl":"https:\/\/vieassociative.be\/actualites\/wp-content\/uploads\/2024\/09\/cropped-vieassociative_favicon.ico.png","width":512,"height":512,"caption":"Vie Associative"},"image":{"@id":"https:\/\/vieassociative.be\/actualites\/#\/schema\/logo\/image\/"}},{"@type":"Person","@id":"https:\/\/vieassociative.be\/actualites\/#\/schema\/person\/b87ac4f82f9d4e7b7cec7395b679edc4","name":"Julien","image":{"@type":"ImageObject","inLanguage":"fr-BE","@id":"https:\/\/vieassociative.be\/actualites\/#\/schema\/person\/image\/","url":"https:\/\/vieassociative.be\/actualites\/wp-content\/uploads\/2024\/09\/vie-associative-1-150x150.jpg","contentUrl":"https:\/\/vieassociative.be\/actualites\/wp-content\/uploads\/2024\/09\/vie-associative-1-150x150.jpg","caption":"Julien"},"description":"Je suis Julien, r\u00e9dacteur pour Vie Associative. Passionn\u00e9 par le monde associatif depuis plus de 10 ans, j'ai \u00e0 c\u0153ur de partager des histoires inspirantes et de mettre en lumi\u00e8re les initiatives locales. Mon objectif est de sensibiliser et d'encourager l'engagement communautaire \u00e0 travers mes articles.","sameAs":["https:\/\/vieassociative.be\/"]}]}},"_links":{"self":[{"href":"https:\/\/vieassociative.be\/actualites\/wp-json\/wp\/v2\/posts\/11383"}],"collection":[{"href":"https:\/\/vieassociative.be\/actualites\/wp-json\/wp\/v2\/posts"}],"about":[{"href":"https:\/\/vieassociative.be\/actualites\/wp-json\/wp\/v2\/types\/post"}],"author":[{"embeddable":true,"href":"https:\/\/vieassociative.be\/actualites\/wp-json\/wp\/v2\/users\/1"}],"replies":[{"embeddable":true,"href":"https:\/\/vieassociative.be\/actualites\/wp-json\/wp\/v2\/comments?post=11383"}],"version-history":[{"count":0,"href":"https:\/\/vieassociative.be\/actualites\/wp-json\/wp\/v2\/posts\/11383\/revisions"}],"wp:featuredmedia":[{"embeddable":true,"href":"https:\/\/vieassociative.be\/actualites\/wp-json\/wp\/v2\/media\/11384"}],"wp:attachment":[{"href":"https:\/\/vieassociative.be\/actualites\/wp-json\/wp\/v2\/media?parent=11383"}],"wp:term":[{"taxonomy":"category","embeddable":true,"href":"https:\/\/vieassociative.be\/actualites\/wp-json\/wp\/v2\/categories?post=11383"},{"taxonomy":"post_tag","embeddable":true,"href":"https:\/\/vieassociative.be\/actualites\/wp-json\/wp\/v2\/tags?post=11383"}],"curies":[{"name":"wp","href":"https:\/\/api.w.org\/{rel}","templated":true}]}}