{"id":11378,"date":"2025-11-18T03:17:06","date_gmt":"2025-11-18T02:17:06","guid":{"rendered":"https:\/\/vieassociative.be\/actualites\/6-0-contre-la-slovaquie-le-spectacle-de-la-dfb-rapporte-un-ticket-pour-la-coupe-du-monde\/"},"modified":"2025-11-18T03:17:06","modified_gmt":"2025-11-18T02:17:06","slug":"6-0-contre-la-slovaquie-le-spectacle-de-la-dfb-rapporte-un-ticket-pour-la-coupe-du-monde","status":"publish","type":"post","link":"https:\/\/vieassociative.be\/actualites\/6-0-contre-la-slovaquie-le-spectacle-de-la-dfb-rapporte-un-ticket-pour-la-coupe-du-monde\/","title":{"rendered":"6-0 contre la Slovaquie : le spectacle de la DFB rapporte un ticket pour la Coupe du Monde"},"content":{"rendered":"<p><strong>L\u2019\u00e9quipe DFB obtient son ticket pour la Coupe du monde 2026 gr\u00e2ce \u00e0 un spectacle de football. Lors de la victoire 6-0 contre la Slovaquie, leur engagement et leur efficacit\u00e9 ont \u00e9t\u00e9 justifi\u00e9s. Une \u00e9quipe nationale allemande transform\u00e9e a montr\u00e9 toutes les critiques et a rendu parfaite la qualification pour la Coupe du monde 2026 avec une f\u00eate du football manqu\u00e9e depuis longtemps.<\/strong><\/p>\n<p><span id=\"more-429882\"><\/span>\u00c0 la fr\u00e9n\u00e9sie de buts lors de la victoire 6-0 (4-0) contre la Slovaquie, a succ\u00e9d\u00e9 l&rsquo;hymne de f\u00eate \u00ab Major Tom \u00bb, connu des Championnats d&rsquo;Europe, qui \u00ab compl\u00e8tement d\u00e9tach\u00e9 \u00bb symbolisait la l\u00e9g\u00e8ret\u00e9 d&rsquo;une soir\u00e9e parfaite.<\/p>\n<p>\u00ab\u00a0L&rsquo;entra\u00eeneur nous a parfaitement pr\u00e9par\u00e9s. Au final, ce fut un match tr\u00e8s, tr\u00e8s fort\u00a0\u00bb, a d\u00e9clar\u00e9 le capitaine Joshua Kimmich sur ZDF. \u00ab\u00a0La Coupe du monde est la chose la plus importante qui soit. En Allemagne, on n&rsquo;a pas l&rsquo;habitude que cela soit en jeu. C&rsquo;est pourquoi je suis tr\u00e8s, tr\u00e8s heureux.<\/p>\n<div id=\"attachment_429885\" class=\"wp-caption alignleft\" style=\"max-width: 300px\"><img fetchpriority=\"high\" decoding=\"async\" class=\"wp-image-429885 size-medium\" src=\"https:\/\/vieassociative.be\/actualites\/wp-content\/uploads\/2025\/11\/6-0-contre-la-Slovaquie-le-spectacle-de-la-DFB.jpg\" alt=\"\" width=\"300\" height=\"200\"><\/div>\n<p>Le doubleur lib\u00e9r\u00e9 Leroy San\u00e9 (36e\/41e minute), le buteur en s\u00e9rie Nick Woltemade (18e) et Serge Gnabry (29e) ont \u00e9limin\u00e9 tous les doutes en premi\u00e8re mi-temps &#8211; et ont lib\u00e9r\u00e9 l&rsquo;entra\u00eeneur national Nagelsmann de toutes les craintes des s\u00e9ries \u00e9liminatoires.<\/p>\n<p>Ridle Bakou (67&prime;) et le nouveau venu Assan Ou\u00e9draogo (79&prime;) deux minutes seulement apr\u00e8s son remplacement ont am\u00e9lior\u00e9 le r\u00e9sultat lors de leur match \u00e0 domicile \u00e0 Leipzig contre leurs poursuivants slovaques impuissants avec une diff\u00e9rence de six buts.<\/p>\n<p>Le directeur sportif de la DFB, V\u00f6ller, a applaudi avec enthousiasme lors du festival de tir devant 40 120 spectateurs. \u00ab\u00a0Nous avons tr\u00e8s, tr\u00e8s bien jou\u00e9. Nous avons \u00e9t\u00e9 cr\u00e9atifs, actifs. Nous sommes heureux d&rsquo;avoir pu proposer un match comme celui-l\u00e0\u00a0\u00bb, a d\u00e9clar\u00e9 le buteur Woltemade sur ZDF.<\/p>\n<p>Apr\u00e8s la plus grande victoire et de loin la meilleure performance lors d&rsquo;un tour de qualification qui lui a demand\u00e9 beaucoup de nerfs et d&rsquo;\u00e9nergie, Nagelsmann peut d\u00e9sormais s&rsquo;attaquer \u00e0 ses grands objectifs de Coupe du monde. La douloureuse d\u00e9faite 2-0 contre les Slovaques en septembre reste une note secondaire dans l&rsquo;histoire du quadruple champion du monde. L&rsquo;\u00e9quipe DFB a enfin c\u00e9l\u00e9br\u00e9 \u00e0 nouveau, comme elle l&rsquo;avait fait lors des Championnats d&rsquo;Europe \u00e0 domicile, avec ses fans chanteurs. Conform\u00e9ment \u00e0 la destination, \u00ab Take me home, Country Roads \u00bb de John Denver a \u00e9t\u00e9 jou\u00e9 pendant le tour d&rsquo;honneur.<\/p>\n<div id=\"attachment_429886\" class=\"wp-caption alignleft\" style=\"max-width: 300px\"><img decoding=\"async\" class=\"wp-image-429886 size-medium\" src=\"https:\/\/vieassociative.be\/actualites\/wp-content\/uploads\/2025\/11\/1763432226_740_6-0-contre-la-Slovaquie-le-spectacle-de-la-DFB.jpg\" alt=\"\" width=\"300\" height=\"176\"><\/div>\n<p>Malgr\u00e9 toute la c\u00e9l\u00e9bration de la victoire obtenue avec esprit d&rsquo;\u00e9quipe, d\u00e9termination et beaucoup de plaisir, les d\u00e9ficits des derniers mois n&rsquo;ont pas \u00e9t\u00e9 oubli\u00e9s. Afin de pouvoir r\u00e9ellement rivaliser dans sept mois avec les favoris de la Coupe du monde comme l&rsquo;Argentine, l&rsquo;Espagne et la France, Nagelsmann doit encore faire beaucoup de travail.<\/p>\n<p>Dernier acte officiel majeur de l&rsquo;ann\u00e9e, l&rsquo;entra\u00eeneur national se rendra \u00e0 Washington pour le tirage au sort des groupes le 5 d\u00e9cembre. Ensuite, il sera d\u00e9termin\u00e9 qui seront les trois adversaires lors du tour pr\u00e9liminaire du m\u00e9ga tournoi \u00e0 48 \u00e9quipes qui se d\u00e9roulera du 11 juin au 19 juillet aux \u00c9tats-Unis, au Mexique et au Canada. L&rsquo;Allemagne ne pouvait tout simplement pas manquer \u00e0 la Coupe du Monde XXL.<\/p>\n<p>L&rsquo;association mondiale FIFA n&rsquo;a pas encore officiellement confirm\u00e9 la proc\u00e9dure de tirage au sort. Dans l&rsquo;\u00e9tat actuel des choses, on peut supposer que la s\u00e9lection DFB fera partie des douze \u00e9quipes du pot 1. Les duels de groupe avec des adversaires craquants sont donc exclus, au grand soulagement de Nagelsmann. (dpa)<\/p>\n","protected":false},"excerpt":{"rendered":"<p>L\u2019\u00e9quipe DFB obtient son ticket pour la Coupe du monde 2026 gr\u00e2ce \u00e0 un spectacle de football. Lors de la victoire 6-0 contre la Slovaquie,<\/p>\n","protected":false},"author":1,"featured_media":11379,"comment_status":"","ping_status":"","sticky":false,"template":"","format":"standard","meta":{"footnotes":""},"categories":[298],"tags":[796,2472,2473,237,81,5506,8414,5101,8915],"class_list":["post-11378","post","type-post","status-publish","format-standard","has-post-thumbnail","hentry","category-belgique","tag-contre","tag-coupe","tag-dfb","tag-monde","tag-pour","tag-rapporte","tag-slovaquie","tag-spectacle","tag-ticket","generate-columns","tablet-grid-50","mobile-grid-100","grid-parent","grid-33"],"yoast_head":"<!-- This site is optimized with the Yoast SEO plugin v24.0 - https:\/\/yoast.com\/wordpress\/plugins\/seo\/ -->\n<title>6-0 contre la Slovaquie : le spectacle de la DFB rapporte un ticket pour la Coupe du Monde | Vie Associative<\/title>\n<meta name=\"robots\" content=\"index, follow, max-snippet:-1, max-image-preview:large, max-video-preview:-1\" \/>\n<link rel=\"canonical\" href=\"https:\/\/vieassociative.be\/actualites\/6-0-contre-la-slovaquie-le-spectacle-de-la-dfb-rapporte-un-ticket-pour-la-coupe-du-monde\/\" \/>\n<meta property=\"og:locale\" content=\"fr_FR\" \/>\n<meta property=\"og:type\" content=\"article\" \/>\n<meta property=\"og:title\" content=\"6-0 contre la Slovaquie : le spectacle de la DFB rapporte un ticket pour la Coupe du Monde | Vie Associative\" \/>\n<meta property=\"og:description\" content=\"L\u2019\u00e9quipe DFB obtient son ticket pour la Coupe du monde 2026 gr\u00e2ce \u00e0 un spectacle de football. Lors de la victoire 6-0 contre la Slovaquie,\" \/>\n<meta property=\"og:url\" content=\"https:\/\/vieassociative.be\/actualites\/6-0-contre-la-slovaquie-le-spectacle-de-la-dfb-rapporte-un-ticket-pour-la-coupe-du-monde\/\" \/>\n<meta property=\"og:site_name\" content=\"Vie Associative\" \/>\n<meta property=\"article:published_time\" content=\"2025-11-18T02:17:06+00:00\" \/>\n<meta property=\"og:image\" content=\"https:\/\/vieassociative.be\/actualites\/wp-content\/uploads\/2024\/09\/header_backgroundk-01-e1726694325946.png\" \/>\n\t<meta property=\"og:image:width\" content=\"279\" \/>\n\t<meta property=\"og:image:height\" content=\"92\" \/>\n\t<meta property=\"og:image:type\" content=\"image\/png\" \/>\n<meta name=\"author\" content=\"Julien\" \/>\n<meta name=\"twitter:card\" content=\"summary_large_image\" \/>\n<meta name=\"twitter:label1\" content=\"\u00c9crit par\" \/>\n\t<meta name=\"twitter:data1\" content=\"Julien\" \/>\n\t<meta name=\"twitter:label2\" content=\"Dur\u00e9e de lecture est.\" \/>\n\t<meta name=\"twitter:data2\" content=\"3 minutes\" \/>\n<script type=\"application\/ld+json\" class=\"yoast-schema-graph\">{\"@context\":\"https:\/\/schema.org\",\"@graph\":[{\"@type\":\"Article\",\"@id\":\"https:\/\/vieassociative.be\/actualites\/6-0-contre-la-slovaquie-le-spectacle-de-la-dfb-rapporte-un-ticket-pour-la-coupe-du-monde\/#article\",\"isPartOf\":{\"@id\":\"https:\/\/vieassociative.be\/actualites\/6-0-contre-la-slovaquie-le-spectacle-de-la-dfb-rapporte-un-ticket-pour-la-coupe-du-monde\/\"},\"author\":{\"name\":\"Julien\",\"@id\":\"https:\/\/vieassociative.be\/actualites\/#\/schema\/person\/b87ac4f82f9d4e7b7cec7395b679edc4\"},\"headline\":\"6-0 contre la Slovaquie : le spectacle de la DFB rapporte un ticket pour la Coupe du Monde\",\"datePublished\":\"2025-11-18T02:17:06+00:00\",\"dateModified\":\"2025-11-18T02:17:06+00:00\",\"mainEntityOfPage\":{\"@id\":\"https:\/\/vieassociative.be\/actualites\/6-0-contre-la-slovaquie-le-spectacle-de-la-dfb-rapporte-un-ticket-pour-la-coupe-du-monde\/\"},\"wordCount\":631,\"publisher\":{\"@id\":\"https:\/\/vieassociative.be\/actualites\/#organization\"},\"image\":{\"@id\":\"https:\/\/vieassociative.be\/actualites\/6-0-contre-la-slovaquie-le-spectacle-de-la-dfb-rapporte-un-ticket-pour-la-coupe-du-monde\/#primaryimage\"},\"thumbnailUrl\":\"https:\/\/vieassociative.be\/actualites\/wp-content\/uploads\/2025\/11\/1763432226_6-0-contre-la-Slovaquie-le-spectacle-de-la-DFB.jpg\",\"keywords\":[\"contre\",\"Coupe\",\"DFB\",\"monde\",\"pour\",\"rapporte\",\"Slovaquie\",\"Spectacle\",\"ticket\"],\"articleSection\":[\"Belgique\"],\"inLanguage\":\"fr-BE\"},{\"@type\":\"WebPage\",\"@id\":\"https:\/\/vieassociative.be\/actualites\/6-0-contre-la-slovaquie-le-spectacle-de-la-dfb-rapporte-un-ticket-pour-la-coupe-du-monde\/\",\"url\":\"https:\/\/vieassociative.be\/actualites\/6-0-contre-la-slovaquie-le-spectacle-de-la-dfb-rapporte-un-ticket-pour-la-coupe-du-monde\/\",\"name\":\"6-0 contre la Slovaquie : le spectacle de la DFB rapporte un ticket pour la Coupe du Monde | Vie Associative\",\"isPartOf\":{\"@id\":\"https:\/\/vieassociative.be\/actualites\/#website\"},\"primaryImageOfPage\":{\"@id\":\"https:\/\/vieassociative.be\/actualites\/6-0-contre-la-slovaquie-le-spectacle-de-la-dfb-rapporte-un-ticket-pour-la-coupe-du-monde\/#primaryimage\"},\"image\":{\"@id\":\"https:\/\/vieassociative.be\/actualites\/6-0-contre-la-slovaquie-le-spectacle-de-la-dfb-rapporte-un-ticket-pour-la-coupe-du-monde\/#primaryimage\"},\"thumbnailUrl\":\"https:\/\/vieassociative.be\/actualites\/wp-content\/uploads\/2025\/11\/1763432226_6-0-contre-la-Slovaquie-le-spectacle-de-la-DFB.jpg\",\"datePublished\":\"2025-11-18T02:17:06+00:00\",\"dateModified\":\"2025-11-18T02:17:06+00:00\",\"breadcrumb\":{\"@id\":\"https:\/\/vieassociative.be\/actualites\/6-0-contre-la-slovaquie-le-spectacle-de-la-dfb-rapporte-un-ticket-pour-la-coupe-du-monde\/#breadcrumb\"},\"inLanguage\":\"fr-BE\",\"potentialAction\":[{\"@type\":\"ReadAction\",\"target\":[\"https:\/\/vieassociative.be\/actualites\/6-0-contre-la-slovaquie-le-spectacle-de-la-dfb-rapporte-un-ticket-pour-la-coupe-du-monde\/\"]}]},{\"@type\":\"ImageObject\",\"inLanguage\":\"fr-BE\",\"@id\":\"https:\/\/vieassociative.be\/actualites\/6-0-contre-la-slovaquie-le-spectacle-de-la-dfb-rapporte-un-ticket-pour-la-coupe-du-monde\/#primaryimage\",\"url\":\"https:\/\/vieassociative.be\/actualites\/wp-content\/uploads\/2025\/11\/1763432226_6-0-contre-la-Slovaquie-le-spectacle-de-la-DFB.jpg\",\"contentUrl\":\"https:\/\/vieassociative.be\/actualites\/wp-content\/uploads\/2025\/11\/1763432226_6-0-contre-la-Slovaquie-le-spectacle-de-la-DFB.jpg\",\"width\":1200,\"height\":800,\"caption\":\"6-0 contre la Slovaquie : le spectacle de la DFB rapporte un ticket pour la Coupe du Monde\"},{\"@type\":\"BreadcrumbList\",\"@id\":\"https:\/\/vieassociative.be\/actualites\/6-0-contre-la-slovaquie-le-spectacle-de-la-dfb-rapporte-un-ticket-pour-la-coupe-du-monde\/#breadcrumb\",\"itemListElement\":[{\"@type\":\"ListItem\",\"position\":1,\"name\":\"Accueil\",\"item\":\"https:\/\/vieassociative.be\/actualites\/\"},{\"@type\":\"ListItem\",\"position\":2,\"name\":\"6-0 contre la Slovaquie : le spectacle de la DFB rapporte un ticket pour la Coupe du Monde\"}]},{\"@type\":\"WebSite\",\"@id\":\"https:\/\/vieassociative.be\/actualites\/#website\",\"url\":\"https:\/\/vieassociative.be\/actualites\/\",\"name\":\"Vie Associative\",\"description\":\"\",\"publisher\":{\"@id\":\"https:\/\/vieassociative.be\/actualites\/#organization\"},\"potentialAction\":[{\"@type\":\"SearchAction\",\"target\":{\"@type\":\"EntryPoint\",\"urlTemplate\":\"https:\/\/vieassociative.be\/actualites\/?s={search_term_string}\"},\"query-input\":{\"@type\":\"PropertyValueSpecification\",\"valueRequired\":true,\"valueName\":\"search_term_string\"}}],\"inLanguage\":\"fr-BE\"},{\"@type\":\"Organization\",\"@id\":\"https:\/\/vieassociative.be\/actualites\/#organization\",\"name\":\"Vie Associative\",\"url\":\"https:\/\/vieassociative.be\/actualites\/\",\"logo\":{\"@type\":\"ImageObject\",\"inLanguage\":\"fr-BE\",\"@id\":\"https:\/\/vieassociative.be\/actualites\/#\/schema\/logo\/image\/\",\"url\":\"https:\/\/vieassociative.be\/actualites\/wp-content\/uploads\/2024\/09\/cropped-vieassociative_favicon.ico.png\",\"contentUrl\":\"https:\/\/vieassociative.be\/actualites\/wp-content\/uploads\/2024\/09\/cropped-vieassociative_favicon.ico.png\",\"width\":512,\"height\":512,\"caption\":\"Vie Associative\"},\"image\":{\"@id\":\"https:\/\/vieassociative.be\/actualites\/#\/schema\/logo\/image\/\"}},{\"@type\":\"Person\",\"@id\":\"https:\/\/vieassociative.be\/actualites\/#\/schema\/person\/b87ac4f82f9d4e7b7cec7395b679edc4\",\"name\":\"Julien\",\"image\":{\"@type\":\"ImageObject\",\"inLanguage\":\"fr-BE\",\"@id\":\"https:\/\/vieassociative.be\/actualites\/#\/schema\/person\/image\/\",\"url\":\"https:\/\/vieassociative.be\/actualites\/wp-content\/uploads\/2024\/09\/vie-associative-1-150x150.jpg\",\"contentUrl\":\"https:\/\/vieassociative.be\/actualites\/wp-content\/uploads\/2024\/09\/vie-associative-1-150x150.jpg\",\"caption\":\"Julien\"},\"description\":\"Je suis Julien, r\u00e9dacteur pour Vie Associative. Passionn\u00e9 par le monde associatif depuis plus de 10 ans, j'ai \u00e0 c\u0153ur de partager des histoires inspirantes et de mettre en lumi\u00e8re les initiatives locales. Mon objectif est de sensibiliser et d'encourager l'engagement communautaire \u00e0 travers mes articles.\",\"sameAs\":[\"https:\/\/vieassociative.be\/\"]}]}<\/script>\n<!-- \/ Yoast SEO plugin. -->","yoast_head_json":{"title":"6-0 contre la Slovaquie : le spectacle de la DFB rapporte un ticket pour la Coupe du Monde | Vie Associative","robots":{"index":"index","follow":"follow","max-snippet":"max-snippet:-1","max-image-preview":"max-image-preview:large","max-video-preview":"max-video-preview:-1"},"canonical":"https:\/\/vieassociative.be\/actualites\/6-0-contre-la-slovaquie-le-spectacle-de-la-dfb-rapporte-un-ticket-pour-la-coupe-du-monde\/","og_locale":"fr_FR","og_type":"article","og_title":"6-0 contre la Slovaquie : le spectacle de la DFB rapporte un ticket pour la Coupe du Monde | Vie Associative","og_description":"L\u2019\u00e9quipe DFB obtient son ticket pour la Coupe du monde 2026 gr\u00e2ce \u00e0 un spectacle de football. Lors de la victoire 6-0 contre la Slovaquie,","og_url":"https:\/\/vieassociative.be\/actualites\/6-0-contre-la-slovaquie-le-spectacle-de-la-dfb-rapporte-un-ticket-pour-la-coupe-du-monde\/","og_site_name":"Vie Associative","article_published_time":"2025-11-18T02:17:06+00:00","og_image":[{"width":279,"height":92,"url":"https:\/\/vieassociative.be\/actualites\/wp-content\/uploads\/2024\/09\/header_backgroundk-01-e1726694325946.png","type":"image\/png"}],"author":"Julien","twitter_card":"summary_large_image","twitter_misc":{"\u00c9crit par":"Julien","Dur\u00e9e de lecture est.":"3 minutes"},"schema":{"@context":"https:\/\/schema.org","@graph":[{"@type":"Article","@id":"https:\/\/vieassociative.be\/actualites\/6-0-contre-la-slovaquie-le-spectacle-de-la-dfb-rapporte-un-ticket-pour-la-coupe-du-monde\/#article","isPartOf":{"@id":"https:\/\/vieassociative.be\/actualites\/6-0-contre-la-slovaquie-le-spectacle-de-la-dfb-rapporte-un-ticket-pour-la-coupe-du-monde\/"},"author":{"name":"Julien","@id":"https:\/\/vieassociative.be\/actualites\/#\/schema\/person\/b87ac4f82f9d4e7b7cec7395b679edc4"},"headline":"6-0 contre la Slovaquie : le spectacle de la DFB rapporte un ticket pour la Coupe du Monde","datePublished":"2025-11-18T02:17:06+00:00","dateModified":"2025-11-18T02:17:06+00:00","mainEntityOfPage":{"@id":"https:\/\/vieassociative.be\/actualites\/6-0-contre-la-slovaquie-le-spectacle-de-la-dfb-rapporte-un-ticket-pour-la-coupe-du-monde\/"},"wordCount":631,"publisher":{"@id":"https:\/\/vieassociative.be\/actualites\/#organization"},"image":{"@id":"https:\/\/vieassociative.be\/actualites\/6-0-contre-la-slovaquie-le-spectacle-de-la-dfb-rapporte-un-ticket-pour-la-coupe-du-monde\/#primaryimage"},"thumbnailUrl":"https:\/\/vieassociative.be\/actualites\/wp-content\/uploads\/2025\/11\/1763432226_6-0-contre-la-Slovaquie-le-spectacle-de-la-DFB.jpg","keywords":["contre","Coupe","DFB","monde","pour","rapporte","Slovaquie","Spectacle","ticket"],"articleSection":["Belgique"],"inLanguage":"fr-BE"},{"@type":"WebPage","@id":"https:\/\/vieassociative.be\/actualites\/6-0-contre-la-slovaquie-le-spectacle-de-la-dfb-rapporte-un-ticket-pour-la-coupe-du-monde\/","url":"https:\/\/vieassociative.be\/actualites\/6-0-contre-la-slovaquie-le-spectacle-de-la-dfb-rapporte-un-ticket-pour-la-coupe-du-monde\/","name":"6-0 contre la Slovaquie : le spectacle de la DFB rapporte un ticket pour la Coupe du Monde | Vie Associative","isPartOf":{"@id":"https:\/\/vieassociative.be\/actualites\/#website"},"primaryImageOfPage":{"@id":"https:\/\/vieassociative.be\/actualites\/6-0-contre-la-slovaquie-le-spectacle-de-la-dfb-rapporte-un-ticket-pour-la-coupe-du-monde\/#primaryimage"},"image":{"@id":"https:\/\/vieassociative.be\/actualites\/6-0-contre-la-slovaquie-le-spectacle-de-la-dfb-rapporte-un-ticket-pour-la-coupe-du-monde\/#primaryimage"},"thumbnailUrl":"https:\/\/vieassociative.be\/actualites\/wp-content\/uploads\/2025\/11\/1763432226_6-0-contre-la-Slovaquie-le-spectacle-de-la-DFB.jpg","datePublished":"2025-11-18T02:17:06+00:00","dateModified":"2025-11-18T02:17:06+00:00","breadcrumb":{"@id":"https:\/\/vieassociative.be\/actualites\/6-0-contre-la-slovaquie-le-spectacle-de-la-dfb-rapporte-un-ticket-pour-la-coupe-du-monde\/#breadcrumb"},"inLanguage":"fr-BE","potentialAction":[{"@type":"ReadAction","target":["https:\/\/vieassociative.be\/actualites\/6-0-contre-la-slovaquie-le-spectacle-de-la-dfb-rapporte-un-ticket-pour-la-coupe-du-monde\/"]}]},{"@type":"ImageObject","inLanguage":"fr-BE","@id":"https:\/\/vieassociative.be\/actualites\/6-0-contre-la-slovaquie-le-spectacle-de-la-dfb-rapporte-un-ticket-pour-la-coupe-du-monde\/#primaryimage","url":"https:\/\/vieassociative.be\/actualites\/wp-content\/uploads\/2025\/11\/1763432226_6-0-contre-la-Slovaquie-le-spectacle-de-la-DFB.jpg","contentUrl":"https:\/\/vieassociative.be\/actualites\/wp-content\/uploads\/2025\/11\/1763432226_6-0-contre-la-Slovaquie-le-spectacle-de-la-DFB.jpg","width":1200,"height":800,"caption":"6-0 contre la Slovaquie : le spectacle de la DFB rapporte un ticket pour la Coupe du Monde"},{"@type":"BreadcrumbList","@id":"https:\/\/vieassociative.be\/actualites\/6-0-contre-la-slovaquie-le-spectacle-de-la-dfb-rapporte-un-ticket-pour-la-coupe-du-monde\/#breadcrumb","itemListElement":[{"@type":"ListItem","position":1,"name":"Accueil","item":"https:\/\/vieassociative.be\/actualites\/"},{"@type":"ListItem","position":2,"name":"6-0 contre la Slovaquie : le spectacle de la DFB rapporte un ticket pour la Coupe du Monde"}]},{"@type":"WebSite","@id":"https:\/\/vieassociative.be\/actualites\/#website","url":"https:\/\/vieassociative.be\/actualites\/","name":"Vie Associative","description":"","publisher":{"@id":"https:\/\/vieassociative.be\/actualites\/#organization"},"potentialAction":[{"@type":"SearchAction","target":{"@type":"EntryPoint","urlTemplate":"https:\/\/vieassociative.be\/actualites\/?s={search_term_string}"},"query-input":{"@type":"PropertyValueSpecification","valueRequired":true,"valueName":"search_term_string"}}],"inLanguage":"fr-BE"},{"@type":"Organization","@id":"https:\/\/vieassociative.be\/actualites\/#organization","name":"Vie Associative","url":"https:\/\/vieassociative.be\/actualites\/","logo":{"@type":"ImageObject","inLanguage":"fr-BE","@id":"https:\/\/vieassociative.be\/actualites\/#\/schema\/logo\/image\/","url":"https:\/\/vieassociative.be\/actualites\/wp-content\/uploads\/2024\/09\/cropped-vieassociative_favicon.ico.png","contentUrl":"https:\/\/vieassociative.be\/actualites\/wp-content\/uploads\/2024\/09\/cropped-vieassociative_favicon.ico.png","width":512,"height":512,"caption":"Vie Associative"},"image":{"@id":"https:\/\/vieassociative.be\/actualites\/#\/schema\/logo\/image\/"}},{"@type":"Person","@id":"https:\/\/vieassociative.be\/actualites\/#\/schema\/person\/b87ac4f82f9d4e7b7cec7395b679edc4","name":"Julien","image":{"@type":"ImageObject","inLanguage":"fr-BE","@id":"https:\/\/vieassociative.be\/actualites\/#\/schema\/person\/image\/","url":"https:\/\/vieassociative.be\/actualites\/wp-content\/uploads\/2024\/09\/vie-associative-1-150x150.jpg","contentUrl":"https:\/\/vieassociative.be\/actualites\/wp-content\/uploads\/2024\/09\/vie-associative-1-150x150.jpg","caption":"Julien"},"description":"Je suis Julien, r\u00e9dacteur pour Vie Associative. Passionn\u00e9 par le monde associatif depuis plus de 10 ans, j'ai \u00e0 c\u0153ur de partager des histoires inspirantes et de mettre en lumi\u00e8re les initiatives locales. Mon objectif est de sensibiliser et d'encourager l'engagement communautaire \u00e0 travers mes articles.","sameAs":["https:\/\/vieassociative.be\/"]}]}},"_links":{"self":[{"href":"https:\/\/vieassociative.be\/actualites\/wp-json\/wp\/v2\/posts\/11378"}],"collection":[{"href":"https:\/\/vieassociative.be\/actualites\/wp-json\/wp\/v2\/posts"}],"about":[{"href":"https:\/\/vieassociative.be\/actualites\/wp-json\/wp\/v2\/types\/post"}],"author":[{"embeddable":true,"href":"https:\/\/vieassociative.be\/actualites\/wp-json\/wp\/v2\/users\/1"}],"replies":[{"embeddable":true,"href":"https:\/\/vieassociative.be\/actualites\/wp-json\/wp\/v2\/comments?post=11378"}],"version-history":[{"count":0,"href":"https:\/\/vieassociative.be\/actualites\/wp-json\/wp\/v2\/posts\/11378\/revisions"}],"wp:featuredmedia":[{"embeddable":true,"href":"https:\/\/vieassociative.be\/actualites\/wp-json\/wp\/v2\/media\/11379"}],"wp:attachment":[{"href":"https:\/\/vieassociative.be\/actualites\/wp-json\/wp\/v2\/media?parent=11378"}],"wp:term":[{"taxonomy":"category","embeddable":true,"href":"https:\/\/vieassociative.be\/actualites\/wp-json\/wp\/v2\/categories?post=11378"},{"taxonomy":"post_tag","embeddable":true,"href":"https:\/\/vieassociative.be\/actualites\/wp-json\/wp\/v2\/tags?post=11378"}],"curies":[{"name":"wp","href":"https:\/\/api.w.org\/{rel}","templated":true}]}}