{"id":11372,"date":"2025-11-17T21:17:21","date_gmt":"2025-11-17T20:17:21","guid":{"rendered":"https:\/\/vieassociative.be\/actualites\/vecu-ensemble-et-mort-ensemble-le-monde-des-emissions-de-varietes-pleure-les-jumeaux-kessler\/"},"modified":"2025-11-17T21:17:21","modified_gmt":"2025-11-17T20:17:21","slug":"vecu-ensemble-et-mort-ensemble-le-monde-des-emissions-de-varietes-pleure-les-jumeaux-kessler","status":"publish","type":"post","link":"https:\/\/vieassociative.be\/actualites\/vecu-ensemble-et-mort-ensemble-le-monde-des-emissions-de-varietes-pleure-les-jumeaux-kessler\/","title":{"rendered":"V\u00e9cu ensemble et mort ensemble &#8211; le monde des \u00e9missions de vari\u00e9t\u00e9s pleure les jumeaux Kessler"},"content":{"rendered":"<p><strong>Les jumeaux Kessler ont tout fait ensemble, sont mont\u00e9s sur les sc\u00e8nes du monde entier et ont jou\u00e9 avec des stars comme Frank Sinatra. Maintenant, ils sont tous les deux morts.<\/strong><\/p>\n<p><span id=\"more-429873\"><\/span>Alice sans Ellen ou Ellen sans Alice ? Presque impensable ! Les deux jumeaux Kessler ont toujours \u00e9t\u00e9 ensemble tout au long de leur vie, sont apparus ensemble sur les plus grandes sc\u00e8nes de spectacles du monde et ont partag\u00e9 une villa. Et m\u00eame la mort ne pourrait pas les s\u00e9parer.<\/p>\n<p>Comme l&rsquo;a appris l&rsquo;agence de presse allemande (dpa), les s\u0153urs sont mortes ensemble dans leur maison de Gr\u00fcnwald. La police a confirm\u00e9 une op\u00e9ration dans la commune proche de Munich, sans donner de d\u00e9tails. Toute n\u00e9gligence de tiers est exclue.<\/p>\n<div id=\"attachment_429877\" class=\"wp-caption alignleft\" style=\"max-width: 203px\"><img fetchpriority=\"high\" decoding=\"async\" class=\"wp-image-429877 size-medium\" src=\"https:\/\/vieassociative.be\/actualites\/wp-content\/uploads\/2025\/11\/Vecu-ensemble-et-mort-ensemble-le-monde-des-emissions.jpg\" alt=\"\" width=\"203\" height=\"300\"><\/div>\n<p>Les hommes de 89 ans avaient r\u00e9cemment cess\u00e9 d&rsquo;appara\u00eetre. Au Deutsches Theater de Munich, ils figuraient encore r\u00e9guli\u00e8rement sur la liste des invit\u00e9s et inspectaient de mani\u00e8re experte ce qui se passait sur sc\u00e8ne.<\/p>\n<p>Leur vie sous les projecteurs a amen\u00e9 les s\u0153urs allemandes aux quatre coins du monde. Que ce soit \u00e0 New York, Las Vegas, Sydney, Hong Kong, Monte Carlo ou Rome : Alice et Ellen Kessler ont fait sensation. Les blondes aux longues jambes n&rsquo;avaient m\u00eame pas 20 ans lorsqu&rsquo;elles ont d\u00e9but\u00e9 leur carri\u00e8re internationale dans l&rsquo;\u00e9mission de vari\u00e9t\u00e9s du Lido \u00e0 Paris.<\/p>\n<p>Les danseurs de ballet ont eu leur premier engagement alors qu&rsquo;ils \u00e9taient adolescents \u00e0 D\u00fcsseldorf, o\u00f9 la famille des artistes, n\u00e9e pr\u00e8s de Leipzig, avait fui la RDA.<\/p>\n<p>Selon leur propre description, les jumeaux entretenaient une relation tr\u00e8s difficile avec leur p\u00e8re. En tant que buveur, il a battu et humili\u00e9 leur m\u00e8re et a forc\u00e9 les deux filles \u00e0 jouer de l&rsquo;accord\u00e9on et \u00e0 chanter dans les bars, ont-ils d\u00e9clar\u00e9 dans une interview \u00e0 \u00ab Bunten \u00bb l&rsquo;ann\u00e9e derni\u00e8re.<\/p>\n<p>Mais il l&rsquo;a aussi encourag\u00e9e \u00e0 danser. Le directeur du c\u00e9l\u00e8bre Lido les d\u00e9couvre sur la sc\u00e8ne de D\u00fcsseldorf, et un peu plus tard les deux s\u0153urs font partie de la c\u00e9l\u00e8bre revue-th\u00e9\u00e2tre des Champs-Elys\u00e9es.<\/p>\n<p><strong>\u2013 Apparitions avec Fred Astaire et Frank Sinatra :<\/strong> Dans les ann\u00e9es 1960, les jumeaux Kessler tournent dans le monde entier, s&rsquo;installent \u00e0 Rome et se produisent avec Fred Astaire, Frank Sinatra et Harry Belafonte. On vous a \u00e9galement propos\u00e9 de jouer avec Elvis Presley dans le film \u00ab Viva Las Vegas \u00bb. Mais ils l&rsquo;ont annul\u00e9, de peur de se limiter \u00e9galement aux films musicaux aux \u00c9tats-Unis.<\/p>\n<div id=\"attachment_429878\" class=\"wp-caption alignleft\" style=\"max-width: 300px\"><img decoding=\"async\" class=\"wp-image-429878 size-medium\" src=\"https:\/\/vieassociative.be\/actualites\/wp-content\/uploads\/2025\/11\/1763410641_141_Vecu-ensemble-et-mort-ensemble-le-monde-des-emissions.jpg\" alt=\"\" width=\"300\" height=\"200\"  ><\/div>\n<p>Ils consid\u00e8rent comme leur plus grand succ\u00e8s la com\u00e9die musicale \u00ab Viola violino viola d&rsquo;amore \u00bb, avec laquelle ils effectuent une tourn\u00e9e en Italie. \u00ab\u00a0Personne ne pensait que nous pouvions faire \u00e7a \u00e0 l&rsquo;\u00e9poque. Et puis c&rsquo;est devenu un \u00e9norme succ\u00e8s\u00a0\u00bb, a d\u00e9clar\u00e9 Alice Kessler. \u00c0 l\u2019\u00e9poque, les deux hommes \u00e9taient plus souvent sur sc\u00e8ne en Italie qu\u2019en Allemagne.<\/p>\n<p>Les s\u0153urs, qui ne se sont jamais mari\u00e9es malgr\u00e9 un grand nombre de pr\u00e9tendants, ont v\u00e9cu ensemble ces derni\u00e8res d\u00e9cennies dans une maison de Gr\u00fcnwald, un quartier c\u00e9l\u00e8bre de Munich, s\u00e9par\u00e9es seulement par une porte coulissante. Ils pouvaient donc se voir \u00e0 tout moment \u2013 \u200b\u200bou pas. Ils n&rsquo;auraient probablement pas pu rester seuls sur sc\u00e8ne aussi longtemps, a d\u00e9clar\u00e9 Alice peu avant son 80e anniversaire. \u00ab\u00a0\u00catre en double pack n&rsquo;a que des avantages. Ensemble, vous \u00eates plus forts.\u00a0\u00bb<\/p>\n<p><strong>\u2013 Toujours sur sc\u00e8ne \u00e0 80 ans :<\/strong> Les deux danseurs et chanteurs \u00e9taient pr\u00e9sents en public jusqu&rsquo;\u00e0 un \u00e2ge avanc\u00e9 et \u00e9taient des invit\u00e9s bienvenus sur les tapis rouges du pays. A 80 ans, ils \u00e9taient encore sur sc\u00e8ne pour la com\u00e9die musicale d&rsquo;Udo J\u00fcrgens \u00ab Je ne suis jamais all\u00e9 \u00e0 New York \u00bb.<\/p>\n<p>\u00c0 l&rsquo;\u00e2ge de 86 ans, ils ont pr\u00e9sent\u00e9 avec charme et gr\u00e2ce leurs anciennes tenues de sc\u00e8ne, qu&rsquo;ils ont vendues aux ench\u00e8res au profit des victimes des inondations dans la vall\u00e9e de l&rsquo;Ahr &#8211; m\u00eame si les costumes de taille XS 34 leur auraient encore convenu. \u00c0 88 ans, ils disaient qu\u2019ils pouvaient encore faire le grand \u00e9cart.<\/p>\n<p>Interrog\u00e9e sur le secret de son succ\u00e8s, Alice Kessler a un jour cit\u00e9 quatre points : \u00ab\u00a0La discipline. Chaque jour. La gratitude. Encore et encore. L&rsquo;humilit\u00e9 au lieu de l&rsquo;arrogance. Et l&rsquo;unit\u00e9. Jusqu&rsquo;\u00e0 la mort.\u00a0\u00bb Il y a quelque temps, les jumeaux ont d\u00e9cid\u00e9 dans leur testament qu&rsquo;ils reposeraient \u00e9ternellement dans la m\u00eame urne. (dpa)<\/p>\n","protected":false},"excerpt":{"rendered":"<p>Les jumeaux Kessler ont tout fait ensemble, sont mont\u00e9s sur les sc\u00e8nes du monde entier et ont jou\u00e9 avec des stars comme Frank Sinatra. Maintenant,<\/p>\n","protected":false},"author":1,"featured_media":11373,"comment_status":"","ping_status":"","sticky":false,"template":"","format":"standard","meta":{"footnotes":""},"categories":[298],"tags":[29,1931,1921,9276,9277,14,237,1717,9275,9274,9273],"class_list":["post-11372","post","type-post","status-publish","format-standard","has-post-thumbnail","hentry","category-belgique","tag-des","tag-emissions","tag-ensemble","tag-jumeaux","tag-kessler","tag-les","tag-monde","tag-mort","tag-pleure","tag-varietes","tag-vecu","generate-columns","tablet-grid-50","mobile-grid-100","grid-parent","grid-33"],"yoast_head":"<!-- This site is optimized with the Yoast SEO plugin v24.0 - https:\/\/yoast.com\/wordpress\/plugins\/seo\/ -->\n<title>V\u00e9cu ensemble et mort ensemble - le monde des \u00e9missions de vari\u00e9t\u00e9s pleure les jumeaux Kessler | Vie Associative<\/title>\n<meta name=\"robots\" content=\"index, follow, max-snippet:-1, max-image-preview:large, max-video-preview:-1\" \/>\n<link rel=\"canonical\" href=\"https:\/\/vieassociative.be\/actualites\/vecu-ensemble-et-mort-ensemble-le-monde-des-emissions-de-varietes-pleure-les-jumeaux-kessler\/\" \/>\n<meta property=\"og:locale\" content=\"fr_FR\" \/>\n<meta property=\"og:type\" content=\"article\" \/>\n<meta property=\"og:title\" content=\"V\u00e9cu ensemble et mort ensemble - le monde des \u00e9missions de vari\u00e9t\u00e9s pleure les jumeaux Kessler | Vie Associative\" \/>\n<meta property=\"og:description\" content=\"Les jumeaux Kessler ont tout fait ensemble, sont mont\u00e9s sur les sc\u00e8nes du monde entier et ont jou\u00e9 avec des stars comme Frank Sinatra. Maintenant,\" \/>\n<meta property=\"og:url\" content=\"https:\/\/vieassociative.be\/actualites\/vecu-ensemble-et-mort-ensemble-le-monde-des-emissions-de-varietes-pleure-les-jumeaux-kessler\/\" \/>\n<meta property=\"og:site_name\" content=\"Vie Associative\" \/>\n<meta property=\"article:published_time\" content=\"2025-11-17T20:17:21+00:00\" \/>\n<meta property=\"og:image\" content=\"https:\/\/vieassociative.be\/actualites\/wp-content\/uploads\/2024\/09\/header_backgroundk-01-e1726694325946.png\" \/>\n\t<meta property=\"og:image:width\" content=\"279\" \/>\n\t<meta property=\"og:image:height\" content=\"92\" \/>\n\t<meta property=\"og:image:type\" content=\"image\/png\" \/>\n<meta name=\"author\" content=\"Julien\" \/>\n<meta name=\"twitter:card\" content=\"summary_large_image\" \/>\n<meta name=\"twitter:label1\" content=\"\u00c9crit par\" \/>\n\t<meta name=\"twitter:data1\" content=\"Julien\" \/>\n\t<meta name=\"twitter:label2\" content=\"Dur\u00e9e de lecture est.\" \/>\n\t<meta name=\"twitter:data2\" content=\"4 minutes\" \/>\n<script type=\"application\/ld+json\" class=\"yoast-schema-graph\">{\"@context\":\"https:\/\/schema.org\",\"@graph\":[{\"@type\":\"Article\",\"@id\":\"https:\/\/vieassociative.be\/actualites\/vecu-ensemble-et-mort-ensemble-le-monde-des-emissions-de-varietes-pleure-les-jumeaux-kessler\/#article\",\"isPartOf\":{\"@id\":\"https:\/\/vieassociative.be\/actualites\/vecu-ensemble-et-mort-ensemble-le-monde-des-emissions-de-varietes-pleure-les-jumeaux-kessler\/\"},\"author\":{\"name\":\"Julien\",\"@id\":\"https:\/\/vieassociative.be\/actualites\/#\/schema\/person\/b87ac4f82f9d4e7b7cec7395b679edc4\"},\"headline\":\"V\u00e9cu ensemble et mort ensemble &#8211; le monde des \u00e9missions de vari\u00e9t\u00e9s pleure les jumeaux Kessler\",\"datePublished\":\"2025-11-17T20:17:21+00:00\",\"dateModified\":\"2025-11-17T20:17:21+00:00\",\"mainEntityOfPage\":{\"@id\":\"https:\/\/vieassociative.be\/actualites\/vecu-ensemble-et-mort-ensemble-le-monde-des-emissions-de-varietes-pleure-les-jumeaux-kessler\/\"},\"wordCount\":796,\"publisher\":{\"@id\":\"https:\/\/vieassociative.be\/actualites\/#organization\"},\"image\":{\"@id\":\"https:\/\/vieassociative.be\/actualites\/vecu-ensemble-et-mort-ensemble-le-monde-des-emissions-de-varietes-pleure-les-jumeaux-kessler\/#primaryimage\"},\"thumbnailUrl\":\"https:\/\/vieassociative.be\/actualites\/wp-content\/uploads\/2025\/11\/1763410642_Vecu-ensemble-et-mort-ensemble-le-monde-des-emissions.jpg\",\"keywords\":[\"Des\",\"\u00e9missions\",\"ensemble\",\"jumeaux\",\"Kessler\",\"Les\",\"monde\",\"mort\",\"pleure\",\"vari\u00e9t\u00e9s\",\"V\u00e9cu\"],\"articleSection\":[\"Belgique\"],\"inLanguage\":\"fr-BE\"},{\"@type\":\"WebPage\",\"@id\":\"https:\/\/vieassociative.be\/actualites\/vecu-ensemble-et-mort-ensemble-le-monde-des-emissions-de-varietes-pleure-les-jumeaux-kessler\/\",\"url\":\"https:\/\/vieassociative.be\/actualites\/vecu-ensemble-et-mort-ensemble-le-monde-des-emissions-de-varietes-pleure-les-jumeaux-kessler\/\",\"name\":\"V\u00e9cu ensemble et mort ensemble - le monde des \u00e9missions de vari\u00e9t\u00e9s pleure les jumeaux Kessler | Vie Associative\",\"isPartOf\":{\"@id\":\"https:\/\/vieassociative.be\/actualites\/#website\"},\"primaryImageOfPage\":{\"@id\":\"https:\/\/vieassociative.be\/actualites\/vecu-ensemble-et-mort-ensemble-le-monde-des-emissions-de-varietes-pleure-les-jumeaux-kessler\/#primaryimage\"},\"image\":{\"@id\":\"https:\/\/vieassociative.be\/actualites\/vecu-ensemble-et-mort-ensemble-le-monde-des-emissions-de-varietes-pleure-les-jumeaux-kessler\/#primaryimage\"},\"thumbnailUrl\":\"https:\/\/vieassociative.be\/actualites\/wp-content\/uploads\/2025\/11\/1763410642_Vecu-ensemble-et-mort-ensemble-le-monde-des-emissions.jpg\",\"datePublished\":\"2025-11-17T20:17:21+00:00\",\"dateModified\":\"2025-11-17T20:17:21+00:00\",\"breadcrumb\":{\"@id\":\"https:\/\/vieassociative.be\/actualites\/vecu-ensemble-et-mort-ensemble-le-monde-des-emissions-de-varietes-pleure-les-jumeaux-kessler\/#breadcrumb\"},\"inLanguage\":\"fr-BE\",\"potentialAction\":[{\"@type\":\"ReadAction\",\"target\":[\"https:\/\/vieassociative.be\/actualites\/vecu-ensemble-et-mort-ensemble-le-monde-des-emissions-de-varietes-pleure-les-jumeaux-kessler\/\"]}]},{\"@type\":\"ImageObject\",\"inLanguage\":\"fr-BE\",\"@id\":\"https:\/\/vieassociative.be\/actualites\/vecu-ensemble-et-mort-ensemble-le-monde-des-emissions-de-varietes-pleure-les-jumeaux-kessler\/#primaryimage\",\"url\":\"https:\/\/vieassociative.be\/actualites\/wp-content\/uploads\/2025\/11\/1763410642_Vecu-ensemble-et-mort-ensemble-le-monde-des-emissions.jpg\",\"contentUrl\":\"https:\/\/vieassociative.be\/actualites\/wp-content\/uploads\/2025\/11\/1763410642_Vecu-ensemble-et-mort-ensemble-le-monde-des-emissions.jpg\",\"width\":1200,\"height\":849,\"caption\":\"V\u00e9cu ensemble et mort ensemble - le monde des \u00e9missions de vari\u00e9t\u00e9s pleure les jumeaux Kessler\"},{\"@type\":\"BreadcrumbList\",\"@id\":\"https:\/\/vieassociative.be\/actualites\/vecu-ensemble-et-mort-ensemble-le-monde-des-emissions-de-varietes-pleure-les-jumeaux-kessler\/#breadcrumb\",\"itemListElement\":[{\"@type\":\"ListItem\",\"position\":1,\"name\":\"Accueil\",\"item\":\"https:\/\/vieassociative.be\/actualites\/\"},{\"@type\":\"ListItem\",\"position\":2,\"name\":\"V\u00e9cu ensemble et mort ensemble &#8211; le monde des \u00e9missions de vari\u00e9t\u00e9s pleure les jumeaux Kessler\"}]},{\"@type\":\"WebSite\",\"@id\":\"https:\/\/vieassociative.be\/actualites\/#website\",\"url\":\"https:\/\/vieassociative.be\/actualites\/\",\"name\":\"Vie Associative\",\"description\":\"\",\"publisher\":{\"@id\":\"https:\/\/vieassociative.be\/actualites\/#organization\"},\"potentialAction\":[{\"@type\":\"SearchAction\",\"target\":{\"@type\":\"EntryPoint\",\"urlTemplate\":\"https:\/\/vieassociative.be\/actualites\/?s={search_term_string}\"},\"query-input\":{\"@type\":\"PropertyValueSpecification\",\"valueRequired\":true,\"valueName\":\"search_term_string\"}}],\"inLanguage\":\"fr-BE\"},{\"@type\":\"Organization\",\"@id\":\"https:\/\/vieassociative.be\/actualites\/#organization\",\"name\":\"Vie Associative\",\"url\":\"https:\/\/vieassociative.be\/actualites\/\",\"logo\":{\"@type\":\"ImageObject\",\"inLanguage\":\"fr-BE\",\"@id\":\"https:\/\/vieassociative.be\/actualites\/#\/schema\/logo\/image\/\",\"url\":\"https:\/\/vieassociative.be\/actualites\/wp-content\/uploads\/2024\/09\/cropped-vieassociative_favicon.ico.png\",\"contentUrl\":\"https:\/\/vieassociative.be\/actualites\/wp-content\/uploads\/2024\/09\/cropped-vieassociative_favicon.ico.png\",\"width\":512,\"height\":512,\"caption\":\"Vie Associative\"},\"image\":{\"@id\":\"https:\/\/vieassociative.be\/actualites\/#\/schema\/logo\/image\/\"}},{\"@type\":\"Person\",\"@id\":\"https:\/\/vieassociative.be\/actualites\/#\/schema\/person\/b87ac4f82f9d4e7b7cec7395b679edc4\",\"name\":\"Julien\",\"image\":{\"@type\":\"ImageObject\",\"inLanguage\":\"fr-BE\",\"@id\":\"https:\/\/vieassociative.be\/actualites\/#\/schema\/person\/image\/\",\"url\":\"https:\/\/vieassociative.be\/actualites\/wp-content\/uploads\/2024\/09\/vie-associative-1-150x150.jpg\",\"contentUrl\":\"https:\/\/vieassociative.be\/actualites\/wp-content\/uploads\/2024\/09\/vie-associative-1-150x150.jpg\",\"caption\":\"Julien\"},\"description\":\"Je suis Julien, r\u00e9dacteur pour Vie Associative. Passionn\u00e9 par le monde associatif depuis plus de 10 ans, j'ai \u00e0 c\u0153ur de partager des histoires inspirantes et de mettre en lumi\u00e8re les initiatives locales. Mon objectif est de sensibiliser et d'encourager l'engagement communautaire \u00e0 travers mes articles.\",\"sameAs\":[\"https:\/\/vieassociative.be\/\"]}]}<\/script>\n<!-- \/ Yoast SEO plugin. -->","yoast_head_json":{"title":"V\u00e9cu ensemble et mort ensemble - le monde des \u00e9missions de vari\u00e9t\u00e9s pleure les jumeaux Kessler | Vie Associative","robots":{"index":"index","follow":"follow","max-snippet":"max-snippet:-1","max-image-preview":"max-image-preview:large","max-video-preview":"max-video-preview:-1"},"canonical":"https:\/\/vieassociative.be\/actualites\/vecu-ensemble-et-mort-ensemble-le-monde-des-emissions-de-varietes-pleure-les-jumeaux-kessler\/","og_locale":"fr_FR","og_type":"article","og_title":"V\u00e9cu ensemble et mort ensemble - le monde des \u00e9missions de vari\u00e9t\u00e9s pleure les jumeaux Kessler | Vie Associative","og_description":"Les jumeaux Kessler ont tout fait ensemble, sont mont\u00e9s sur les sc\u00e8nes du monde entier et ont jou\u00e9 avec des stars comme Frank Sinatra. Maintenant,","og_url":"https:\/\/vieassociative.be\/actualites\/vecu-ensemble-et-mort-ensemble-le-monde-des-emissions-de-varietes-pleure-les-jumeaux-kessler\/","og_site_name":"Vie Associative","article_published_time":"2025-11-17T20:17:21+00:00","og_image":[{"width":279,"height":92,"url":"https:\/\/vieassociative.be\/actualites\/wp-content\/uploads\/2024\/09\/header_backgroundk-01-e1726694325946.png","type":"image\/png"}],"author":"Julien","twitter_card":"summary_large_image","twitter_misc":{"\u00c9crit par":"Julien","Dur\u00e9e de lecture est.":"4 minutes"},"schema":{"@context":"https:\/\/schema.org","@graph":[{"@type":"Article","@id":"https:\/\/vieassociative.be\/actualites\/vecu-ensemble-et-mort-ensemble-le-monde-des-emissions-de-varietes-pleure-les-jumeaux-kessler\/#article","isPartOf":{"@id":"https:\/\/vieassociative.be\/actualites\/vecu-ensemble-et-mort-ensemble-le-monde-des-emissions-de-varietes-pleure-les-jumeaux-kessler\/"},"author":{"name":"Julien","@id":"https:\/\/vieassociative.be\/actualites\/#\/schema\/person\/b87ac4f82f9d4e7b7cec7395b679edc4"},"headline":"V\u00e9cu ensemble et mort ensemble &#8211; le monde des \u00e9missions de vari\u00e9t\u00e9s pleure les jumeaux Kessler","datePublished":"2025-11-17T20:17:21+00:00","dateModified":"2025-11-17T20:17:21+00:00","mainEntityOfPage":{"@id":"https:\/\/vieassociative.be\/actualites\/vecu-ensemble-et-mort-ensemble-le-monde-des-emissions-de-varietes-pleure-les-jumeaux-kessler\/"},"wordCount":796,"publisher":{"@id":"https:\/\/vieassociative.be\/actualites\/#organization"},"image":{"@id":"https:\/\/vieassociative.be\/actualites\/vecu-ensemble-et-mort-ensemble-le-monde-des-emissions-de-varietes-pleure-les-jumeaux-kessler\/#primaryimage"},"thumbnailUrl":"https:\/\/vieassociative.be\/actualites\/wp-content\/uploads\/2025\/11\/1763410642_Vecu-ensemble-et-mort-ensemble-le-monde-des-emissions.jpg","keywords":["Des","\u00e9missions","ensemble","jumeaux","Kessler","Les","monde","mort","pleure","vari\u00e9t\u00e9s","V\u00e9cu"],"articleSection":["Belgique"],"inLanguage":"fr-BE"},{"@type":"WebPage","@id":"https:\/\/vieassociative.be\/actualites\/vecu-ensemble-et-mort-ensemble-le-monde-des-emissions-de-varietes-pleure-les-jumeaux-kessler\/","url":"https:\/\/vieassociative.be\/actualites\/vecu-ensemble-et-mort-ensemble-le-monde-des-emissions-de-varietes-pleure-les-jumeaux-kessler\/","name":"V\u00e9cu ensemble et mort ensemble - le monde des \u00e9missions de vari\u00e9t\u00e9s pleure les jumeaux Kessler | Vie Associative","isPartOf":{"@id":"https:\/\/vieassociative.be\/actualites\/#website"},"primaryImageOfPage":{"@id":"https:\/\/vieassociative.be\/actualites\/vecu-ensemble-et-mort-ensemble-le-monde-des-emissions-de-varietes-pleure-les-jumeaux-kessler\/#primaryimage"},"image":{"@id":"https:\/\/vieassociative.be\/actualites\/vecu-ensemble-et-mort-ensemble-le-monde-des-emissions-de-varietes-pleure-les-jumeaux-kessler\/#primaryimage"},"thumbnailUrl":"https:\/\/vieassociative.be\/actualites\/wp-content\/uploads\/2025\/11\/1763410642_Vecu-ensemble-et-mort-ensemble-le-monde-des-emissions.jpg","datePublished":"2025-11-17T20:17:21+00:00","dateModified":"2025-11-17T20:17:21+00:00","breadcrumb":{"@id":"https:\/\/vieassociative.be\/actualites\/vecu-ensemble-et-mort-ensemble-le-monde-des-emissions-de-varietes-pleure-les-jumeaux-kessler\/#breadcrumb"},"inLanguage":"fr-BE","potentialAction":[{"@type":"ReadAction","target":["https:\/\/vieassociative.be\/actualites\/vecu-ensemble-et-mort-ensemble-le-monde-des-emissions-de-varietes-pleure-les-jumeaux-kessler\/"]}]},{"@type":"ImageObject","inLanguage":"fr-BE","@id":"https:\/\/vieassociative.be\/actualites\/vecu-ensemble-et-mort-ensemble-le-monde-des-emissions-de-varietes-pleure-les-jumeaux-kessler\/#primaryimage","url":"https:\/\/vieassociative.be\/actualites\/wp-content\/uploads\/2025\/11\/1763410642_Vecu-ensemble-et-mort-ensemble-le-monde-des-emissions.jpg","contentUrl":"https:\/\/vieassociative.be\/actualites\/wp-content\/uploads\/2025\/11\/1763410642_Vecu-ensemble-et-mort-ensemble-le-monde-des-emissions.jpg","width":1200,"height":849,"caption":"V\u00e9cu ensemble et mort ensemble - le monde des \u00e9missions de vari\u00e9t\u00e9s pleure les jumeaux Kessler"},{"@type":"BreadcrumbList","@id":"https:\/\/vieassociative.be\/actualites\/vecu-ensemble-et-mort-ensemble-le-monde-des-emissions-de-varietes-pleure-les-jumeaux-kessler\/#breadcrumb","itemListElement":[{"@type":"ListItem","position":1,"name":"Accueil","item":"https:\/\/vieassociative.be\/actualites\/"},{"@type":"ListItem","position":2,"name":"V\u00e9cu ensemble et mort ensemble &#8211; le monde des \u00e9missions de vari\u00e9t\u00e9s pleure les jumeaux Kessler"}]},{"@type":"WebSite","@id":"https:\/\/vieassociative.be\/actualites\/#website","url":"https:\/\/vieassociative.be\/actualites\/","name":"Vie Associative","description":"","publisher":{"@id":"https:\/\/vieassociative.be\/actualites\/#organization"},"potentialAction":[{"@type":"SearchAction","target":{"@type":"EntryPoint","urlTemplate":"https:\/\/vieassociative.be\/actualites\/?s={search_term_string}"},"query-input":{"@type":"PropertyValueSpecification","valueRequired":true,"valueName":"search_term_string"}}],"inLanguage":"fr-BE"},{"@type":"Organization","@id":"https:\/\/vieassociative.be\/actualites\/#organization","name":"Vie Associative","url":"https:\/\/vieassociative.be\/actualites\/","logo":{"@type":"ImageObject","inLanguage":"fr-BE","@id":"https:\/\/vieassociative.be\/actualites\/#\/schema\/logo\/image\/","url":"https:\/\/vieassociative.be\/actualites\/wp-content\/uploads\/2024\/09\/cropped-vieassociative_favicon.ico.png","contentUrl":"https:\/\/vieassociative.be\/actualites\/wp-content\/uploads\/2024\/09\/cropped-vieassociative_favicon.ico.png","width":512,"height":512,"caption":"Vie Associative"},"image":{"@id":"https:\/\/vieassociative.be\/actualites\/#\/schema\/logo\/image\/"}},{"@type":"Person","@id":"https:\/\/vieassociative.be\/actualites\/#\/schema\/person\/b87ac4f82f9d4e7b7cec7395b679edc4","name":"Julien","image":{"@type":"ImageObject","inLanguage":"fr-BE","@id":"https:\/\/vieassociative.be\/actualites\/#\/schema\/person\/image\/","url":"https:\/\/vieassociative.be\/actualites\/wp-content\/uploads\/2024\/09\/vie-associative-1-150x150.jpg","contentUrl":"https:\/\/vieassociative.be\/actualites\/wp-content\/uploads\/2024\/09\/vie-associative-1-150x150.jpg","caption":"Julien"},"description":"Je suis Julien, r\u00e9dacteur pour Vie Associative. Passionn\u00e9 par le monde associatif depuis plus de 10 ans, j'ai \u00e0 c\u0153ur de partager des histoires inspirantes et de mettre en lumi\u00e8re les initiatives locales. Mon objectif est de sensibiliser et d'encourager l'engagement communautaire \u00e0 travers mes articles.","sameAs":["https:\/\/vieassociative.be\/"]}]}},"_links":{"self":[{"href":"https:\/\/vieassociative.be\/actualites\/wp-json\/wp\/v2\/posts\/11372"}],"collection":[{"href":"https:\/\/vieassociative.be\/actualites\/wp-json\/wp\/v2\/posts"}],"about":[{"href":"https:\/\/vieassociative.be\/actualites\/wp-json\/wp\/v2\/types\/post"}],"author":[{"embeddable":true,"href":"https:\/\/vieassociative.be\/actualites\/wp-json\/wp\/v2\/users\/1"}],"replies":[{"embeddable":true,"href":"https:\/\/vieassociative.be\/actualites\/wp-json\/wp\/v2\/comments?post=11372"}],"version-history":[{"count":0,"href":"https:\/\/vieassociative.be\/actualites\/wp-json\/wp\/v2\/posts\/11372\/revisions"}],"wp:featuredmedia":[{"embeddable":true,"href":"https:\/\/vieassociative.be\/actualites\/wp-json\/wp\/v2\/media\/11373"}],"wp:attachment":[{"href":"https:\/\/vieassociative.be\/actualites\/wp-json\/wp\/v2\/media?parent=11372"}],"wp:term":[{"taxonomy":"category","embeddable":true,"href":"https:\/\/vieassociative.be\/actualites\/wp-json\/wp\/v2\/categories?post=11372"},{"taxonomy":"post_tag","embeddable":true,"href":"https:\/\/vieassociative.be\/actualites\/wp-json\/wp\/v2\/tags?post=11372"}],"curies":[{"name":"wp","href":"https:\/\/api.w.org\/{rel}","templated":true}]}}