{"id":1137,"date":"2024-10-12T12:18:38","date_gmt":"2024-10-12T10:18:38","guid":{"rendered":"https:\/\/vieassociative.be\/actualites\/comment-arreter-de-crier-autant-apres-vos-enfants\/"},"modified":"2024-10-12T12:18:38","modified_gmt":"2024-10-12T10:18:38","slug":"comment-arreter-de-crier-autant-apres-vos-enfants","status":"publish","type":"post","link":"https:\/\/vieassociative.be\/actualites\/comment-arreter-de-crier-autant-apres-vos-enfants\/","title":{"rendered":"Comment arr\u00eater de crier autant apr\u00e8s vos enfants"},"content":{"rendered":"<div class=\"mt-4 leading-6 md:mb-8\">Cela commence par r\u00e9guler vos propres \u00e9motions et rechercher d\u2019autres moyens de vous connecter.<\/div>\n<p><\/p>\n<p>La plupart des parents crient apr\u00e8s leurs enfants de temps en temps. Parfois, c&rsquo;est par frustration, et parfois, c&rsquo;est instinctif sur le moment pour les emp\u00eacher de se faire du mal ou de faire du mal \u00e0 quelqu&rsquo;un d&rsquo;autre. Mais au fond, crier est une question de contr\u00f4le, et cela peut \u00eatre \u00e9puisant, non seulement pour vous mais aussi pour vos enfants. Cela peut \u00e9galement les effrayer et entra\u00eener une d\u00e9t\u00e9rioration de votre relation avec eux au fil du temps.<\/p>\n<p>\u00ab\u00a0La parentalit\u00e9 conventionnelle est punitive et bas\u00e9e sur la peur, et les pr\u00e9f\u00e9rences des adultes sont prioritaires\u00a0\u00bb, d\u00e9clare Sarah Rosensweet, coach parentale paisible et animatrice du podcast Peaceful Parenting.<\/p>\n<p>La parentalit\u00e9 paisible vise \u00e0 soutenir les enfants en leur fournissant les conseils dont ils ont besoin pour r\u00e9pondre \u00e0 nos attentes. Il repose sur trois composantes :<\/p>\n<ol>\n<li>\n<p>Le parent s\u2019engage \u00e0 autor\u00e9guler ses propres \u00e9motions.<\/p>\n<\/li>\n<li>\n<p>Le parent donne la priorit\u00e9 au maintien et au renforcement du lien parent-enfant.<\/p>\n<\/li>\n<li>\n<p>Le parent coache l&rsquo;enfant.<\/p>\n<\/li>\n<\/ol>\n<p>Mettre ces id\u00e9es en pratique sur le terrain est plus facile \u00e0 dire qu&rsquo;\u00e0 faire, j&rsquo;ai donc parl\u00e9 \u00e0 Rosensweet de quelques fa\u00e7ons simples dont les gardiens peuvent mettre en \u0153uvre cette approche plus calme pour \u00e9lever des enfants. <\/p>\n<h2 id=\"keep-your-own-emotions-in-check\">Gardez vos propres \u00e9motions sous contr\u00f4le<\/h2>\n<p>Il arrive un moment o\u00f9 m\u00eame le parent le plus \u00e9quilibr\u00e9 perd son sang-froid. Cela peut \u00eatre le matin, quand il est temps de partir pour l&rsquo;\u00e9cole et que tout le monde avance \u00e0 une vitesse diff\u00e9rente. C&rsquo;est peut-\u00eatre juste avant le d\u00e9jeuner, lorsque vos enfants ont \u00ab faim \u00bb et commencent \u00e0 pleurnicher excessivement. Peu importe le moment de la journ\u00e9e o\u00f9 votre compteur de frustration passe au rouge, \u00e9lever la voix effraiera votre enfant, et la peur ne devrait pas \u00eatre une composante de la relation parent-enfant. Rosensweet dit que nous sommes humains, donc la col\u00e8re est une r\u00e9action normale. <\/p>\n<p>\u00ab Ce n&rsquo;est pas qu&rsquo;on ne se met pas en col\u00e8re \u00bb, dit-elle. \u00ab C&rsquo;est quand tu <em>sont<\/em> en col\u00e8re, vous reconnaissez que vous \u00eates en col\u00e8re. Prenez soin de vous pour ne pas crier \u00e0 votre enfant.<\/p>\n<p>Selon Rosensweet, le moyen le plus simple d\u2019\u00e9viter d\u2019\u00e9lever la voix est de faire une pause et d\u2019essayer de \u00ab s\u2019arr\u00eater, de baisser et de respirer \u00bb. Cela pourrait signifier faire quelque chose d\u2019aussi simple que de prendre une profonde inspiration. Lorsque ces moments se produiront avec mes gar\u00e7ons, je leur demanderai de respirer avec moi. Vous pouvez \u00e9galement essayer quelque chose de r\u00e9confortant, comme mettre votre main sur votre c\u0153ur ou vous visualiser en train d&rsquo;avoir une r\u00e9action diff\u00e9rente. <\/p>\n<h2 id=\"be-a-strong-leader\">Soyez un leader fort<\/h2>\n<p>Nos enfants comptent sur nous pour assurer leur s\u00e9curit\u00e9. Ainsi, lorsqu\u2019ils agissent contre leur meilleur int\u00e9r\u00eat, nous devons \u00eatre honn\u00eates et francs avec eux, m\u00eame si cela les rend malheureux. Un exemple utilis\u00e9 par Rosensweet est une simple ex\u00e9cution Target. Vous dites \u00e0 votre enfant que vous recevez seulement un cadeau d&rsquo;anniversaire \u00e0 apporter \u00e0 la f\u00eate de son ami, mais vous vous retrouvez plus tard \u00e0 acheter un jouet \u00e0 votre enfant parce qu&rsquo;il s&rsquo;est effondr\u00e9.<\/p>\n<p>\u00ab\u00a0Vous c\u00e9dez parce que soit vous avez l&rsquo;impression que vous ne pouvez pas tol\u00e9rer que votre enfant soit m\u00e9content de vous, soit que vous ne pouvez pas tol\u00e9rer ses sentiments\u00a0\u00bb, dit-elle. <\/p>\n<p>Il existe diff\u00e9rentes fa\u00e7ons pacifiques de g\u00e9rer cette situation qui n&rsquo;impliquent pas d&rsquo;acheter le jouet, comme le laisser acheter quelque chose avec son propre argent, s&rsquo;asseoir et le r\u00e9conforter pendant sa crise, ou m\u00eame prendre une photo du jouet et le mettre. leur liste de souhaits d\u2019anniversaire ou de vacances. Cela pourrait aussi signifier ne pas les emmener du tout au magasin. Soyez fort et trouvez une solution qui peut fonctionner pour vous deux.<\/p>\n<h2 id=\"dont-resort-to-punishments\">Ne recourez pas aux punitions<\/h2>\n<p>Lorsqu\u2019un enfant s\u2019effondre ou se comporte mal, ce n\u2019est pas parce qu\u2019il veut \u00eatre un mauvais enfant. Ils ont des difficult\u00e9s avec quelque chose, comme avoir faim, \u00eatre fatigu\u00e9s ou se sentir d\u00e9connect\u00e9s de vous. Ils pourraient avoir besoin d\u2019aide pour comprendre ce que vous demandez car, en raison de leur jeune \u00e2ge, ils manquent de recul. Les punir r\u00e9duira lentement votre relation. Rosensweet recommande qu&rsquo;au lieu d&rsquo;imposer de la discipline, essayez de comprendre pourquoi votre enfant a agi. En trouvant la cause sous-jacente, nous pouvons les soutenir si cela se reproduit.<\/p>\n<h2 id=\"carve-out-some-one-on-one-time\">R\u00e9servez-vous du temps en t\u00eate-\u00e0-t\u00eate<\/h2>\n<p>\u00catre parent paisible consiste \u00e0 coacher votre enfant et \u00e0 renforcer votre relation avec lui afin qu&rsquo;il se sente vu et sache qu&rsquo;il compte pour nous &#8211; et vous pouvez y parvenir en passant du temps de qualit\u00e9 avec lui, m\u00eame si ce n&rsquo;est pas un probl\u00e8me. <em>parcelle<\/em> du temps. Rosensweet sugg\u00e8re de trouver 15 minutes \u00e0 passer avec chaque enfant de mani\u00e8re non structur\u00e9e et dirig\u00e9e par l&rsquo;enfant, sans \u00e9crans ni distractions. <\/p>\n<p>Pendant ce temps, vous faites travailler vos muscles de jeu depuis longtemps endormis et construisez avec des LEGO ou imaginez une aventure avec leurs super-h\u00e9ros pr\u00e9f\u00e9r\u00e9s. Si vous ne pouvez pas vous accorder un moment pendant votre semaine charg\u00e9e ou si un jeune fr\u00e8re ou s\u0153ur a besoin d&rsquo;attention, trouvez des moyens de modifier ce moment sp\u00e9cial en fonction de votre emploi du temps.<\/p>\n<p>Elle sugg\u00e8re \u00e9galement de chercher des fa\u00e7ons de ravir votre enfant, cela peut \u00eatre aussi simple qu&rsquo;un sourire pendant que tout le monde se pr\u00e9pare pour sa journ\u00e9e ou trouve un moment de connexion apr\u00e8s l&rsquo;\u00e9cole. Rosensweet appelle ces petits moments de la journ\u00e9e les moments o\u00f9 ce que vous ressentez dans votre c\u0153ur se refl\u00e8te sur votre visage.<\/p>\n<h2 id=\"peaceful-parenting-isnt-about-your-kids\">La parentalit\u00e9 paisible ne concerne pas vos enfants<\/h2>\n<p>Rosensweet a constat\u00e9 que de nombreux parents qu&rsquo;elle coache se rendent compte que le processus les concerne, pas leurs enfants. <\/p>\n<p>\u00ab\u00a0Si vous aviez des parents r\u00e9actifs, vous auriez peut-\u00eatre eu l&rsquo;impression qu&rsquo;il n&rsquo;y avait pas de place pour exprimer des sentiments\u00a0\u00bb, dit-elle. \u00ab\u00a0Il y a des d\u00e9clencheurs internes que nous portons en raison de la fa\u00e7on dont nous avons \u00e9t\u00e9 \u00e9lev\u00e9s et qui ne se manifestent vraiment que lorsque nous avons nos propres enfants.\u00a0\u00bb<\/p>\n","protected":false},"excerpt":{"rendered":"<p>Cela commence par r\u00e9guler vos propres \u00e9motions et rechercher d\u2019autres moyens de vous connecter. La plupart des parents crient apr\u00e8s leurs enfants de temps en<\/p>\n","protected":false},"author":1,"featured_media":1138,"comment_status":"","ping_status":"","sticky":false,"template":"","format":"standard","meta":{"footnotes":""},"categories":[37],"tags":[472,1575,1700,44,1699,324,27],"class_list":["post-1137","post","type-post","status-publish","format-standard","has-post-thumbnail","hentry","category-famille","tag-apres","tag-arreter","tag-autant","tag-comment","tag-crier","tag-enfants","tag-vos","generate-columns","tablet-grid-50","mobile-grid-100","grid-parent","grid-33"],"yoast_head":"<!-- This site is optimized with the Yoast SEO plugin v24.0 - https:\/\/yoast.com\/wordpress\/plugins\/seo\/ -->\n<title>Comment arr\u00eater de crier autant apr\u00e8s vos enfants | Vie Associative<\/title>\n<meta name=\"robots\" content=\"index, follow, max-snippet:-1, max-image-preview:large, max-video-preview:-1\" \/>\n<link rel=\"canonical\" href=\"https:\/\/vieassociative.be\/actualites\/comment-arreter-de-crier-autant-apres-vos-enfants\/\" \/>\n<meta property=\"og:locale\" content=\"fr_FR\" \/>\n<meta property=\"og:type\" content=\"article\" \/>\n<meta property=\"og:title\" content=\"Comment arr\u00eater de crier autant apr\u00e8s vos enfants | Vie Associative\" \/>\n<meta property=\"og:description\" content=\"Cela commence par r\u00e9guler vos propres \u00e9motions et rechercher d\u2019autres moyens de vous connecter. La plupart des parents crient apr\u00e8s leurs enfants de temps en\" \/>\n<meta property=\"og:url\" content=\"https:\/\/vieassociative.be\/actualites\/comment-arreter-de-crier-autant-apres-vos-enfants\/\" \/>\n<meta property=\"og:site_name\" content=\"Vie Associative\" \/>\n<meta property=\"article:published_time\" content=\"2024-10-12T10:18:38+00:00\" \/>\n<meta property=\"og:image\" content=\"https:\/\/vieassociative.be\/actualites\/wp-content\/uploads\/2024\/09\/header_backgroundk-01-e1726694325946.png\" \/>\n\t<meta property=\"og:image:width\" content=\"279\" \/>\n\t<meta property=\"og:image:height\" content=\"92\" \/>\n\t<meta property=\"og:image:type\" content=\"image\/png\" \/>\n<meta name=\"author\" content=\"Julien\" \/>\n<meta name=\"twitter:card\" content=\"summary_large_image\" \/>\n<meta name=\"twitter:label1\" content=\"\u00c9crit par\" \/>\n\t<meta name=\"twitter:data1\" content=\"Julien\" \/>\n\t<meta name=\"twitter:label2\" content=\"Dur\u00e9e de lecture est.\" \/>\n\t<meta name=\"twitter:data2\" content=\"5 minutes\" \/>\n<script type=\"application\/ld+json\" class=\"yoast-schema-graph\">{\"@context\":\"https:\/\/schema.org\",\"@graph\":[{\"@type\":\"Article\",\"@id\":\"https:\/\/vieassociative.be\/actualites\/comment-arreter-de-crier-autant-apres-vos-enfants\/#article\",\"isPartOf\":{\"@id\":\"https:\/\/vieassociative.be\/actualites\/comment-arreter-de-crier-autant-apres-vos-enfants\/\"},\"author\":{\"name\":\"Julien\",\"@id\":\"https:\/\/vieassociative.be\/actualites\/#\/schema\/person\/b87ac4f82f9d4e7b7cec7395b679edc4\"},\"headline\":\"Comment arr\u00eater de crier autant apr\u00e8s vos enfants\",\"datePublished\":\"2024-10-12T10:18:38+00:00\",\"dateModified\":\"2024-10-12T10:18:38+00:00\",\"mainEntityOfPage\":{\"@id\":\"https:\/\/vieassociative.be\/actualites\/comment-arreter-de-crier-autant-apres-vos-enfants\/\"},\"wordCount\":1121,\"publisher\":{\"@id\":\"https:\/\/vieassociative.be\/actualites\/#organization\"},\"image\":{\"@id\":\"https:\/\/vieassociative.be\/actualites\/comment-arreter-de-crier-autant-apres-vos-enfants\/#primaryimage\"},\"thumbnailUrl\":\"https:\/\/vieassociative.be\/actualites\/wp-content\/uploads\/2024\/10\/Comment-arreter-de-crier-autant-apres-vos-enfants.jpg\",\"keywords\":[\"Apr\u00e8s\",\"arr\u00eater\",\"autant\",\"Comment\",\"crier\",\"enfants\",\"vos\"],\"articleSection\":[\"Famille\"],\"inLanguage\":\"fr-BE\"},{\"@type\":\"WebPage\",\"@id\":\"https:\/\/vieassociative.be\/actualites\/comment-arreter-de-crier-autant-apres-vos-enfants\/\",\"url\":\"https:\/\/vieassociative.be\/actualites\/comment-arreter-de-crier-autant-apres-vos-enfants\/\",\"name\":\"Comment arr\u00eater de crier autant apr\u00e8s vos enfants | Vie Associative\",\"isPartOf\":{\"@id\":\"https:\/\/vieassociative.be\/actualites\/#website\"},\"primaryImageOfPage\":{\"@id\":\"https:\/\/vieassociative.be\/actualites\/comment-arreter-de-crier-autant-apres-vos-enfants\/#primaryimage\"},\"image\":{\"@id\":\"https:\/\/vieassociative.be\/actualites\/comment-arreter-de-crier-autant-apres-vos-enfants\/#primaryimage\"},\"thumbnailUrl\":\"https:\/\/vieassociative.be\/actualites\/wp-content\/uploads\/2024\/10\/Comment-arreter-de-crier-autant-apres-vos-enfants.jpg\",\"datePublished\":\"2024-10-12T10:18:38+00:00\",\"dateModified\":\"2024-10-12T10:18:38+00:00\",\"breadcrumb\":{\"@id\":\"https:\/\/vieassociative.be\/actualites\/comment-arreter-de-crier-autant-apres-vos-enfants\/#breadcrumb\"},\"inLanguage\":\"fr-BE\",\"potentialAction\":[{\"@type\":\"ReadAction\",\"target\":[\"https:\/\/vieassociative.be\/actualites\/comment-arreter-de-crier-autant-apres-vos-enfants\/\"]}]},{\"@type\":\"ImageObject\",\"inLanguage\":\"fr-BE\",\"@id\":\"https:\/\/vieassociative.be\/actualites\/comment-arreter-de-crier-autant-apres-vos-enfants\/#primaryimage\",\"url\":\"https:\/\/vieassociative.be\/actualites\/wp-content\/uploads\/2024\/10\/Comment-arreter-de-crier-autant-apres-vos-enfants.jpg\",\"contentUrl\":\"https:\/\/vieassociative.be\/actualites\/wp-content\/uploads\/2024\/10\/Comment-arreter-de-crier-autant-apres-vos-enfants.jpg\",\"width\":1200,\"height\":675,\"caption\":\"Comment arr\u00eater de crier autant apr\u00e8s vos enfants\"},{\"@type\":\"BreadcrumbList\",\"@id\":\"https:\/\/vieassociative.be\/actualites\/comment-arreter-de-crier-autant-apres-vos-enfants\/#breadcrumb\",\"itemListElement\":[{\"@type\":\"ListItem\",\"position\":1,\"name\":\"Accueil\",\"item\":\"https:\/\/vieassociative.be\/actualites\/\"},{\"@type\":\"ListItem\",\"position\":2,\"name\":\"Comment arr\u00eater de crier autant apr\u00e8s vos enfants\"}]},{\"@type\":\"WebSite\",\"@id\":\"https:\/\/vieassociative.be\/actualites\/#website\",\"url\":\"https:\/\/vieassociative.be\/actualites\/\",\"name\":\"Vie Associative\",\"description\":\"\",\"publisher\":{\"@id\":\"https:\/\/vieassociative.be\/actualites\/#organization\"},\"potentialAction\":[{\"@type\":\"SearchAction\",\"target\":{\"@type\":\"EntryPoint\",\"urlTemplate\":\"https:\/\/vieassociative.be\/actualites\/?s={search_term_string}\"},\"query-input\":{\"@type\":\"PropertyValueSpecification\",\"valueRequired\":true,\"valueName\":\"search_term_string\"}}],\"inLanguage\":\"fr-BE\"},{\"@type\":\"Organization\",\"@id\":\"https:\/\/vieassociative.be\/actualites\/#organization\",\"name\":\"Vie Associative\",\"url\":\"https:\/\/vieassociative.be\/actualites\/\",\"logo\":{\"@type\":\"ImageObject\",\"inLanguage\":\"fr-BE\",\"@id\":\"https:\/\/vieassociative.be\/actualites\/#\/schema\/logo\/image\/\",\"url\":\"https:\/\/vieassociative.be\/actualites\/wp-content\/uploads\/2024\/09\/cropped-vieassociative_favicon.ico.png\",\"contentUrl\":\"https:\/\/vieassociative.be\/actualites\/wp-content\/uploads\/2024\/09\/cropped-vieassociative_favicon.ico.png\",\"width\":512,\"height\":512,\"caption\":\"Vie Associative\"},\"image\":{\"@id\":\"https:\/\/vieassociative.be\/actualites\/#\/schema\/logo\/image\/\"}},{\"@type\":\"Person\",\"@id\":\"https:\/\/vieassociative.be\/actualites\/#\/schema\/person\/b87ac4f82f9d4e7b7cec7395b679edc4\",\"name\":\"Julien\",\"image\":{\"@type\":\"ImageObject\",\"inLanguage\":\"fr-BE\",\"@id\":\"https:\/\/vieassociative.be\/actualites\/#\/schema\/person\/image\/\",\"url\":\"https:\/\/vieassociative.be\/actualites\/wp-content\/uploads\/2024\/09\/vie-associative-1-150x150.jpg\",\"contentUrl\":\"https:\/\/vieassociative.be\/actualites\/wp-content\/uploads\/2024\/09\/vie-associative-1-150x150.jpg\",\"caption\":\"Julien\"},\"description\":\"Je suis Julien, r\u00e9dacteur pour Vie Associative. Passionn\u00e9 par le monde associatif depuis plus de 10 ans, j'ai \u00e0 c\u0153ur de partager des histoires inspirantes et de mettre en lumi\u00e8re les initiatives locales. Mon objectif est de sensibiliser et d'encourager l'engagement communautaire \u00e0 travers mes articles.\",\"sameAs\":[\"https:\/\/vieassociative.be\/\"]}]}<\/script>\n<!-- \/ Yoast SEO plugin. -->","yoast_head_json":{"title":"Comment arr\u00eater de crier autant apr\u00e8s vos enfants | Vie Associative","robots":{"index":"index","follow":"follow","max-snippet":"max-snippet:-1","max-image-preview":"max-image-preview:large","max-video-preview":"max-video-preview:-1"},"canonical":"https:\/\/vieassociative.be\/actualites\/comment-arreter-de-crier-autant-apres-vos-enfants\/","og_locale":"fr_FR","og_type":"article","og_title":"Comment arr\u00eater de crier autant apr\u00e8s vos enfants | Vie Associative","og_description":"Cela commence par r\u00e9guler vos propres \u00e9motions et rechercher d\u2019autres moyens de vous connecter. La plupart des parents crient apr\u00e8s leurs enfants de temps en","og_url":"https:\/\/vieassociative.be\/actualites\/comment-arreter-de-crier-autant-apres-vos-enfants\/","og_site_name":"Vie Associative","article_published_time":"2024-10-12T10:18:38+00:00","og_image":[{"width":279,"height":92,"url":"https:\/\/vieassociative.be\/actualites\/wp-content\/uploads\/2024\/09\/header_backgroundk-01-e1726694325946.png","type":"image\/png"}],"author":"Julien","twitter_card":"summary_large_image","twitter_misc":{"\u00c9crit par":"Julien","Dur\u00e9e de lecture est.":"5 minutes"},"schema":{"@context":"https:\/\/schema.org","@graph":[{"@type":"Article","@id":"https:\/\/vieassociative.be\/actualites\/comment-arreter-de-crier-autant-apres-vos-enfants\/#article","isPartOf":{"@id":"https:\/\/vieassociative.be\/actualites\/comment-arreter-de-crier-autant-apres-vos-enfants\/"},"author":{"name":"Julien","@id":"https:\/\/vieassociative.be\/actualites\/#\/schema\/person\/b87ac4f82f9d4e7b7cec7395b679edc4"},"headline":"Comment arr\u00eater de crier autant apr\u00e8s vos enfants","datePublished":"2024-10-12T10:18:38+00:00","dateModified":"2024-10-12T10:18:38+00:00","mainEntityOfPage":{"@id":"https:\/\/vieassociative.be\/actualites\/comment-arreter-de-crier-autant-apres-vos-enfants\/"},"wordCount":1121,"publisher":{"@id":"https:\/\/vieassociative.be\/actualites\/#organization"},"image":{"@id":"https:\/\/vieassociative.be\/actualites\/comment-arreter-de-crier-autant-apres-vos-enfants\/#primaryimage"},"thumbnailUrl":"https:\/\/vieassociative.be\/actualites\/wp-content\/uploads\/2024\/10\/Comment-arreter-de-crier-autant-apres-vos-enfants.jpg","keywords":["Apr\u00e8s","arr\u00eater","autant","Comment","crier","enfants","vos"],"articleSection":["Famille"],"inLanguage":"fr-BE"},{"@type":"WebPage","@id":"https:\/\/vieassociative.be\/actualites\/comment-arreter-de-crier-autant-apres-vos-enfants\/","url":"https:\/\/vieassociative.be\/actualites\/comment-arreter-de-crier-autant-apres-vos-enfants\/","name":"Comment arr\u00eater de crier autant apr\u00e8s vos enfants | Vie Associative","isPartOf":{"@id":"https:\/\/vieassociative.be\/actualites\/#website"},"primaryImageOfPage":{"@id":"https:\/\/vieassociative.be\/actualites\/comment-arreter-de-crier-autant-apres-vos-enfants\/#primaryimage"},"image":{"@id":"https:\/\/vieassociative.be\/actualites\/comment-arreter-de-crier-autant-apres-vos-enfants\/#primaryimage"},"thumbnailUrl":"https:\/\/vieassociative.be\/actualites\/wp-content\/uploads\/2024\/10\/Comment-arreter-de-crier-autant-apres-vos-enfants.jpg","datePublished":"2024-10-12T10:18:38+00:00","dateModified":"2024-10-12T10:18:38+00:00","breadcrumb":{"@id":"https:\/\/vieassociative.be\/actualites\/comment-arreter-de-crier-autant-apres-vos-enfants\/#breadcrumb"},"inLanguage":"fr-BE","potentialAction":[{"@type":"ReadAction","target":["https:\/\/vieassociative.be\/actualites\/comment-arreter-de-crier-autant-apres-vos-enfants\/"]}]},{"@type":"ImageObject","inLanguage":"fr-BE","@id":"https:\/\/vieassociative.be\/actualites\/comment-arreter-de-crier-autant-apres-vos-enfants\/#primaryimage","url":"https:\/\/vieassociative.be\/actualites\/wp-content\/uploads\/2024\/10\/Comment-arreter-de-crier-autant-apres-vos-enfants.jpg","contentUrl":"https:\/\/vieassociative.be\/actualites\/wp-content\/uploads\/2024\/10\/Comment-arreter-de-crier-autant-apres-vos-enfants.jpg","width":1200,"height":675,"caption":"Comment arr\u00eater de crier autant apr\u00e8s vos enfants"},{"@type":"BreadcrumbList","@id":"https:\/\/vieassociative.be\/actualites\/comment-arreter-de-crier-autant-apres-vos-enfants\/#breadcrumb","itemListElement":[{"@type":"ListItem","position":1,"name":"Accueil","item":"https:\/\/vieassociative.be\/actualites\/"},{"@type":"ListItem","position":2,"name":"Comment arr\u00eater de crier autant apr\u00e8s vos enfants"}]},{"@type":"WebSite","@id":"https:\/\/vieassociative.be\/actualites\/#website","url":"https:\/\/vieassociative.be\/actualites\/","name":"Vie Associative","description":"","publisher":{"@id":"https:\/\/vieassociative.be\/actualites\/#organization"},"potentialAction":[{"@type":"SearchAction","target":{"@type":"EntryPoint","urlTemplate":"https:\/\/vieassociative.be\/actualites\/?s={search_term_string}"},"query-input":{"@type":"PropertyValueSpecification","valueRequired":true,"valueName":"search_term_string"}}],"inLanguage":"fr-BE"},{"@type":"Organization","@id":"https:\/\/vieassociative.be\/actualites\/#organization","name":"Vie Associative","url":"https:\/\/vieassociative.be\/actualites\/","logo":{"@type":"ImageObject","inLanguage":"fr-BE","@id":"https:\/\/vieassociative.be\/actualites\/#\/schema\/logo\/image\/","url":"https:\/\/vieassociative.be\/actualites\/wp-content\/uploads\/2024\/09\/cropped-vieassociative_favicon.ico.png","contentUrl":"https:\/\/vieassociative.be\/actualites\/wp-content\/uploads\/2024\/09\/cropped-vieassociative_favicon.ico.png","width":512,"height":512,"caption":"Vie Associative"},"image":{"@id":"https:\/\/vieassociative.be\/actualites\/#\/schema\/logo\/image\/"}},{"@type":"Person","@id":"https:\/\/vieassociative.be\/actualites\/#\/schema\/person\/b87ac4f82f9d4e7b7cec7395b679edc4","name":"Julien","image":{"@type":"ImageObject","inLanguage":"fr-BE","@id":"https:\/\/vieassociative.be\/actualites\/#\/schema\/person\/image\/","url":"https:\/\/vieassociative.be\/actualites\/wp-content\/uploads\/2024\/09\/vie-associative-1-150x150.jpg","contentUrl":"https:\/\/vieassociative.be\/actualites\/wp-content\/uploads\/2024\/09\/vie-associative-1-150x150.jpg","caption":"Julien"},"description":"Je suis Julien, r\u00e9dacteur pour Vie Associative. Passionn\u00e9 par le monde associatif depuis plus de 10 ans, j'ai \u00e0 c\u0153ur de partager des histoires inspirantes et de mettre en lumi\u00e8re les initiatives locales. Mon objectif est de sensibiliser et d'encourager l'engagement communautaire \u00e0 travers mes articles.","sameAs":["https:\/\/vieassociative.be\/"]}]}},"_links":{"self":[{"href":"https:\/\/vieassociative.be\/actualites\/wp-json\/wp\/v2\/posts\/1137"}],"collection":[{"href":"https:\/\/vieassociative.be\/actualites\/wp-json\/wp\/v2\/posts"}],"about":[{"href":"https:\/\/vieassociative.be\/actualites\/wp-json\/wp\/v2\/types\/post"}],"author":[{"embeddable":true,"href":"https:\/\/vieassociative.be\/actualites\/wp-json\/wp\/v2\/users\/1"}],"replies":[{"embeddable":true,"href":"https:\/\/vieassociative.be\/actualites\/wp-json\/wp\/v2\/comments?post=1137"}],"version-history":[{"count":0,"href":"https:\/\/vieassociative.be\/actualites\/wp-json\/wp\/v2\/posts\/1137\/revisions"}],"wp:featuredmedia":[{"embeddable":true,"href":"https:\/\/vieassociative.be\/actualites\/wp-json\/wp\/v2\/media\/1138"}],"wp:attachment":[{"href":"https:\/\/vieassociative.be\/actualites\/wp-json\/wp\/v2\/media?parent=1137"}],"wp:term":[{"taxonomy":"category","embeddable":true,"href":"https:\/\/vieassociative.be\/actualites\/wp-json\/wp\/v2\/categories?post=1137"},{"taxonomy":"post_tag","embeddable":true,"href":"https:\/\/vieassociative.be\/actualites\/wp-json\/wp\/v2\/tags?post=1137"}],"curies":[{"name":"wp","href":"https:\/\/api.w.org\/{rel}","templated":true}]}}