{"id":11364,"date":"2025-11-17T15:17:19","date_gmt":"2025-11-17T14:17:19","guid":{"rendered":"https:\/\/vieassociative.be\/actualites\/zelensky-a-paris-lukraine-veut-acheter-jusqua-100-avions-de-combat-rafale-macron-une-belle-journee\/"},"modified":"2025-11-17T15:17:19","modified_gmt":"2025-11-17T14:17:19","slug":"zelensky-a-paris-lukraine-veut-acheter-jusqua-100-avions-de-combat-rafale-macron-une-belle-journee","status":"publish","type":"post","link":"https:\/\/vieassociative.be\/actualites\/zelensky-a-paris-lukraine-veut-acheter-jusqua-100-avions-de-combat-rafale-macron-une-belle-journee\/","title":{"rendered":"Zelensky \u00e0 Paris : l\u2019Ukraine veut acheter jusqu\u2019\u00e0 100 avions de combat Rafale \u2013 Macron : \u00ab Une belle journ\u00e9e \u00bb"},"content":{"rendered":"<p><strong>Kyiv souhaite augmenter sa flotte a\u00e9rienne avec des Rafale fran\u00e7ais. Le pr\u00e9sident ukrainien Volodymyr Zelenskyj signe une d\u00e9claration \u00e0 Paris.<\/strong><\/p>\n<p><span id=\"more-429838\"><\/span>Selon des informations fran\u00e7aises, l&rsquo;Ukraine souhaite acheter \u00e0 la France des dizaines d&rsquo;avions de combat Rafale. Le pr\u00e9sident ukrainien Volodymyr Zelensky et le dirigeant fran\u00e7ais Emmanuel Macron ont sign\u00e9 une lettre d&rsquo;intention permettant \u00e0 Kiev d&rsquo;acheter jusqu&rsquo;\u00e0 100 avions, a confirm\u00e9 l&rsquo;Elys\u00e9e \u00e0 Paris. Il devrait \u00e9galement s&rsquo;agir du syst\u00e8me de d\u00e9fense a\u00e9rienne SAMP\/T. Au d\u00e9part, aucun d\u00e9tail suppl\u00e9mentaire n\u2019\u00e9tait connu.<\/p>\n<p>Macron a \u00e9crit sur X \u00e0 propos d\u2019un \u00ab grand jour \u00bb. Zelensky est actuellement en France pour sa neuvi\u00e8me visite depuis le d\u00e9but de la guerre d&rsquo;agression russe contre son pays.<\/p>\n<p>Ce n\u2019est que fin octobre que Zelenskyj a sign\u00e9 une d\u00e9claration d\u2019intention similaire en Su\u00e8de pour l\u2019achat futur d\u2019un maximum de 150 avions de combat su\u00e9dois Gripen. Kyiv souhaite construire une flotte a\u00e9rienne d\u2019au moins 250 avions modernes. Cependant, le financement de ces achats d\u2019un milliard de dollars reste totalement flou. (dpa)<\/p>\n","protected":false},"excerpt":{"rendered":"<p>Kyiv souhaite augmenter sa flotte a\u00e9rienne avec des Rafale fran\u00e7ais. Le pr\u00e9sident ukrainien Volodymyr Zelenskyj signe une d\u00e9claration \u00e0 Paris. Selon des informations fran\u00e7aises, l&rsquo;Ukraine<\/p>\n","protected":false},"author":1,"featured_media":11365,"comment_status":"","ping_status":"","sticky":false,"template":"","format":"standard","meta":{"footnotes":""},"categories":[298],"tags":[428,7262,9270,5197,2877,1269,3403,3988,2447,9269,110,2635,9268],"class_list":["post-11364","post","type-post","status-publish","format-standard","has-post-thumbnail","hentry","category-belgique","tag-acheter","tag-avions","tag-belle","tag-combat","tag-journee","tag-jusqua","tag-lukraine","tag-macron","tag-paris","tag-rafale","tag-une","tag-veut","tag-zelensky","generate-columns","tablet-grid-50","mobile-grid-100","grid-parent","grid-33"],"yoast_head":"<!-- This site is optimized with the Yoast SEO plugin v24.0 - https:\/\/yoast.com\/wordpress\/plugins\/seo\/ -->\n<title>Zelensky \u00e0 Paris : l\u2019Ukraine veut acheter jusqu\u2019\u00e0 100 avions de combat Rafale \u2013 Macron : \u00ab Une belle journ\u00e9e \u00bb | Vie Associative<\/title>\n<meta name=\"robots\" content=\"index, follow, max-snippet:-1, max-image-preview:large, max-video-preview:-1\" \/>\n<link rel=\"canonical\" href=\"https:\/\/vieassociative.be\/actualites\/zelensky-a-paris-lukraine-veut-acheter-jusqua-100-avions-de-combat-rafale-macron-une-belle-journee\/\" \/>\n<meta property=\"og:locale\" content=\"fr_FR\" \/>\n<meta property=\"og:type\" content=\"article\" \/>\n<meta property=\"og:title\" content=\"Zelensky \u00e0 Paris : l\u2019Ukraine veut acheter jusqu\u2019\u00e0 100 avions de combat Rafale \u2013 Macron : \u00ab Une belle journ\u00e9e \u00bb | Vie Associative\" \/>\n<meta property=\"og:description\" content=\"Kyiv souhaite augmenter sa flotte a\u00e9rienne avec des Rafale fran\u00e7ais. Le pr\u00e9sident ukrainien Volodymyr Zelenskyj signe une d\u00e9claration \u00e0 Paris. Selon des informations fran\u00e7aises, l&rsquo;Ukraine\" \/>\n<meta property=\"og:url\" content=\"https:\/\/vieassociative.be\/actualites\/zelensky-a-paris-lukraine-veut-acheter-jusqua-100-avions-de-combat-rafale-macron-une-belle-journee\/\" \/>\n<meta property=\"og:site_name\" content=\"Vie Associative\" \/>\n<meta property=\"article:published_time\" content=\"2025-11-17T14:17:19+00:00\" \/>\n<meta property=\"og:image\" content=\"https:\/\/vieassociative.be\/actualites\/wp-content\/uploads\/2024\/09\/header_backgroundk-01-e1726694325946.png\" \/>\n\t<meta property=\"og:image:width\" content=\"279\" \/>\n\t<meta property=\"og:image:height\" content=\"92\" \/>\n\t<meta property=\"og:image:type\" content=\"image\/png\" \/>\n<meta name=\"author\" content=\"Julien\" \/>\n<meta name=\"twitter:card\" content=\"summary_large_image\" \/>\n<meta name=\"twitter:label1\" content=\"\u00c9crit par\" \/>\n\t<meta name=\"twitter:data1\" content=\"Julien\" \/>\n\t<meta name=\"twitter:label2\" content=\"Dur\u00e9e de lecture est.\" \/>\n\t<meta name=\"twitter:data2\" content=\"1 minute\" \/>\n<script type=\"application\/ld+json\" class=\"yoast-schema-graph\">{\"@context\":\"https:\/\/schema.org\",\"@graph\":[{\"@type\":\"Article\",\"@id\":\"https:\/\/vieassociative.be\/actualites\/zelensky-a-paris-lukraine-veut-acheter-jusqua-100-avions-de-combat-rafale-macron-une-belle-journee\/#article\",\"isPartOf\":{\"@id\":\"https:\/\/vieassociative.be\/actualites\/zelensky-a-paris-lukraine-veut-acheter-jusqua-100-avions-de-combat-rafale-macron-une-belle-journee\/\"},\"author\":{\"name\":\"Julien\",\"@id\":\"https:\/\/vieassociative.be\/actualites\/#\/schema\/person\/b87ac4f82f9d4e7b7cec7395b679edc4\"},\"headline\":\"Zelensky \u00e0 Paris : l\u2019Ukraine veut acheter jusqu\u2019\u00e0 100 avions de combat Rafale \u2013 Macron : \u00ab Une belle journ\u00e9e \u00bb\",\"datePublished\":\"2025-11-17T14:17:19+00:00\",\"dateModified\":\"2025-11-17T14:17:19+00:00\",\"mainEntityOfPage\":{\"@id\":\"https:\/\/vieassociative.be\/actualites\/zelensky-a-paris-lukraine-veut-acheter-jusqua-100-avions-de-combat-rafale-macron-une-belle-journee\/\"},\"wordCount\":207,\"publisher\":{\"@id\":\"https:\/\/vieassociative.be\/actualites\/#organization\"},\"image\":{\"@id\":\"https:\/\/vieassociative.be\/actualites\/zelensky-a-paris-lukraine-veut-acheter-jusqua-100-avions-de-combat-rafale-macron-une-belle-journee\/#primaryimage\"},\"thumbnailUrl\":\"https:\/\/vieassociative.be\/actualites\/wp-content\/uploads\/2025\/11\/Zelensky-a-Paris-lUkraine-veut-acheter-jusqua-100-avions.jpg\",\"keywords\":[\"acheter\",\"avions\",\"belle\",\"combat\",\"journ\u00e9e\",\"jusqu\u00e0\",\"lUkraine\",\"Macron\",\"Paris\",\"Rafale\",\"une\",\"veut\",\"Zelensky\"],\"articleSection\":[\"Belgique\"],\"inLanguage\":\"fr-BE\"},{\"@type\":\"WebPage\",\"@id\":\"https:\/\/vieassociative.be\/actualites\/zelensky-a-paris-lukraine-veut-acheter-jusqua-100-avions-de-combat-rafale-macron-une-belle-journee\/\",\"url\":\"https:\/\/vieassociative.be\/actualites\/zelensky-a-paris-lukraine-veut-acheter-jusqua-100-avions-de-combat-rafale-macron-une-belle-journee\/\",\"name\":\"Zelensky \u00e0 Paris : l\u2019Ukraine veut acheter jusqu\u2019\u00e0 100 avions de combat Rafale \u2013 Macron : \u00ab Une belle journ\u00e9e \u00bb | Vie Associative\",\"isPartOf\":{\"@id\":\"https:\/\/vieassociative.be\/actualites\/#website\"},\"primaryImageOfPage\":{\"@id\":\"https:\/\/vieassociative.be\/actualites\/zelensky-a-paris-lukraine-veut-acheter-jusqua-100-avions-de-combat-rafale-macron-une-belle-journee\/#primaryimage\"},\"image\":{\"@id\":\"https:\/\/vieassociative.be\/actualites\/zelensky-a-paris-lukraine-veut-acheter-jusqua-100-avions-de-combat-rafale-macron-une-belle-journee\/#primaryimage\"},\"thumbnailUrl\":\"https:\/\/vieassociative.be\/actualites\/wp-content\/uploads\/2025\/11\/Zelensky-a-Paris-lUkraine-veut-acheter-jusqua-100-avions.jpg\",\"datePublished\":\"2025-11-17T14:17:19+00:00\",\"dateModified\":\"2025-11-17T14:17:19+00:00\",\"breadcrumb\":{\"@id\":\"https:\/\/vieassociative.be\/actualites\/zelensky-a-paris-lukraine-veut-acheter-jusqua-100-avions-de-combat-rafale-macron-une-belle-journee\/#breadcrumb\"},\"inLanguage\":\"fr-BE\",\"potentialAction\":[{\"@type\":\"ReadAction\",\"target\":[\"https:\/\/vieassociative.be\/actualites\/zelensky-a-paris-lukraine-veut-acheter-jusqua-100-avions-de-combat-rafale-macron-une-belle-journee\/\"]}]},{\"@type\":\"ImageObject\",\"inLanguage\":\"fr-BE\",\"@id\":\"https:\/\/vieassociative.be\/actualites\/zelensky-a-paris-lukraine-veut-acheter-jusqua-100-avions-de-combat-rafale-macron-une-belle-journee\/#primaryimage\",\"url\":\"https:\/\/vieassociative.be\/actualites\/wp-content\/uploads\/2025\/11\/Zelensky-a-Paris-lUkraine-veut-acheter-jusqua-100-avions.jpg\",\"contentUrl\":\"https:\/\/vieassociative.be\/actualites\/wp-content\/uploads\/2025\/11\/Zelensky-a-Paris-lUkraine-veut-acheter-jusqua-100-avions.jpg\",\"width\":1200,\"height\":800,\"caption\":\"Zelensky \u00e0 Paris : l\u2019Ukraine veut acheter jusqu\u2019\u00e0 100 avions de combat Rafale \u2013 Macron : \u00ab Une belle journ\u00e9e \u00bb\"},{\"@type\":\"BreadcrumbList\",\"@id\":\"https:\/\/vieassociative.be\/actualites\/zelensky-a-paris-lukraine-veut-acheter-jusqua-100-avions-de-combat-rafale-macron-une-belle-journee\/#breadcrumb\",\"itemListElement\":[{\"@type\":\"ListItem\",\"position\":1,\"name\":\"Accueil\",\"item\":\"https:\/\/vieassociative.be\/actualites\/\"},{\"@type\":\"ListItem\",\"position\":2,\"name\":\"Zelensky \u00e0 Paris : l\u2019Ukraine veut acheter jusqu\u2019\u00e0 100 avions de combat Rafale \u2013 Macron : \u00ab Une belle journ\u00e9e \u00bb\"}]},{\"@type\":\"WebSite\",\"@id\":\"https:\/\/vieassociative.be\/actualites\/#website\",\"url\":\"https:\/\/vieassociative.be\/actualites\/\",\"name\":\"Vie Associative\",\"description\":\"\",\"publisher\":{\"@id\":\"https:\/\/vieassociative.be\/actualites\/#organization\"},\"potentialAction\":[{\"@type\":\"SearchAction\",\"target\":{\"@type\":\"EntryPoint\",\"urlTemplate\":\"https:\/\/vieassociative.be\/actualites\/?s={search_term_string}\"},\"query-input\":{\"@type\":\"PropertyValueSpecification\",\"valueRequired\":true,\"valueName\":\"search_term_string\"}}],\"inLanguage\":\"fr-BE\"},{\"@type\":\"Organization\",\"@id\":\"https:\/\/vieassociative.be\/actualites\/#organization\",\"name\":\"Vie Associative\",\"url\":\"https:\/\/vieassociative.be\/actualites\/\",\"logo\":{\"@type\":\"ImageObject\",\"inLanguage\":\"fr-BE\",\"@id\":\"https:\/\/vieassociative.be\/actualites\/#\/schema\/logo\/image\/\",\"url\":\"https:\/\/vieassociative.be\/actualites\/wp-content\/uploads\/2024\/09\/cropped-vieassociative_favicon.ico.png\",\"contentUrl\":\"https:\/\/vieassociative.be\/actualites\/wp-content\/uploads\/2024\/09\/cropped-vieassociative_favicon.ico.png\",\"width\":512,\"height\":512,\"caption\":\"Vie Associative\"},\"image\":{\"@id\":\"https:\/\/vieassociative.be\/actualites\/#\/schema\/logo\/image\/\"}},{\"@type\":\"Person\",\"@id\":\"https:\/\/vieassociative.be\/actualites\/#\/schema\/person\/b87ac4f82f9d4e7b7cec7395b679edc4\",\"name\":\"Julien\",\"image\":{\"@type\":\"ImageObject\",\"inLanguage\":\"fr-BE\",\"@id\":\"https:\/\/vieassociative.be\/actualites\/#\/schema\/person\/image\/\",\"url\":\"https:\/\/vieassociative.be\/actualites\/wp-content\/uploads\/2024\/09\/vie-associative-1-150x150.jpg\",\"contentUrl\":\"https:\/\/vieassociative.be\/actualites\/wp-content\/uploads\/2024\/09\/vie-associative-1-150x150.jpg\",\"caption\":\"Julien\"},\"description\":\"Je suis Julien, r\u00e9dacteur pour Vie Associative. Passionn\u00e9 par le monde associatif depuis plus de 10 ans, j'ai \u00e0 c\u0153ur de partager des histoires inspirantes et de mettre en lumi\u00e8re les initiatives locales. Mon objectif est de sensibiliser et d'encourager l'engagement communautaire \u00e0 travers mes articles.\",\"sameAs\":[\"https:\/\/vieassociative.be\/\"]}]}<\/script>\n<!-- \/ Yoast SEO plugin. -->","yoast_head_json":{"title":"Zelensky \u00e0 Paris : l\u2019Ukraine veut acheter jusqu\u2019\u00e0 100 avions de combat Rafale \u2013 Macron : \u00ab Une belle journ\u00e9e \u00bb | Vie Associative","robots":{"index":"index","follow":"follow","max-snippet":"max-snippet:-1","max-image-preview":"max-image-preview:large","max-video-preview":"max-video-preview:-1"},"canonical":"https:\/\/vieassociative.be\/actualites\/zelensky-a-paris-lukraine-veut-acheter-jusqua-100-avions-de-combat-rafale-macron-une-belle-journee\/","og_locale":"fr_FR","og_type":"article","og_title":"Zelensky \u00e0 Paris : l\u2019Ukraine veut acheter jusqu\u2019\u00e0 100 avions de combat Rafale \u2013 Macron : \u00ab Une belle journ\u00e9e \u00bb | Vie Associative","og_description":"Kyiv souhaite augmenter sa flotte a\u00e9rienne avec des Rafale fran\u00e7ais. Le pr\u00e9sident ukrainien Volodymyr Zelenskyj signe une d\u00e9claration \u00e0 Paris. Selon des informations fran\u00e7aises, l&rsquo;Ukraine","og_url":"https:\/\/vieassociative.be\/actualites\/zelensky-a-paris-lukraine-veut-acheter-jusqua-100-avions-de-combat-rafale-macron-une-belle-journee\/","og_site_name":"Vie Associative","article_published_time":"2025-11-17T14:17:19+00:00","og_image":[{"width":279,"height":92,"url":"https:\/\/vieassociative.be\/actualites\/wp-content\/uploads\/2024\/09\/header_backgroundk-01-e1726694325946.png","type":"image\/png"}],"author":"Julien","twitter_card":"summary_large_image","twitter_misc":{"\u00c9crit par":"Julien","Dur\u00e9e de lecture est.":"1 minute"},"schema":{"@context":"https:\/\/schema.org","@graph":[{"@type":"Article","@id":"https:\/\/vieassociative.be\/actualites\/zelensky-a-paris-lukraine-veut-acheter-jusqua-100-avions-de-combat-rafale-macron-une-belle-journee\/#article","isPartOf":{"@id":"https:\/\/vieassociative.be\/actualites\/zelensky-a-paris-lukraine-veut-acheter-jusqua-100-avions-de-combat-rafale-macron-une-belle-journee\/"},"author":{"name":"Julien","@id":"https:\/\/vieassociative.be\/actualites\/#\/schema\/person\/b87ac4f82f9d4e7b7cec7395b679edc4"},"headline":"Zelensky \u00e0 Paris : l\u2019Ukraine veut acheter jusqu\u2019\u00e0 100 avions de combat Rafale \u2013 Macron : \u00ab Une belle journ\u00e9e \u00bb","datePublished":"2025-11-17T14:17:19+00:00","dateModified":"2025-11-17T14:17:19+00:00","mainEntityOfPage":{"@id":"https:\/\/vieassociative.be\/actualites\/zelensky-a-paris-lukraine-veut-acheter-jusqua-100-avions-de-combat-rafale-macron-une-belle-journee\/"},"wordCount":207,"publisher":{"@id":"https:\/\/vieassociative.be\/actualites\/#organization"},"image":{"@id":"https:\/\/vieassociative.be\/actualites\/zelensky-a-paris-lukraine-veut-acheter-jusqua-100-avions-de-combat-rafale-macron-une-belle-journee\/#primaryimage"},"thumbnailUrl":"https:\/\/vieassociative.be\/actualites\/wp-content\/uploads\/2025\/11\/Zelensky-a-Paris-lUkraine-veut-acheter-jusqua-100-avions.jpg","keywords":["acheter","avions","belle","combat","journ\u00e9e","jusqu\u00e0","lUkraine","Macron","Paris","Rafale","une","veut","Zelensky"],"articleSection":["Belgique"],"inLanguage":"fr-BE"},{"@type":"WebPage","@id":"https:\/\/vieassociative.be\/actualites\/zelensky-a-paris-lukraine-veut-acheter-jusqua-100-avions-de-combat-rafale-macron-une-belle-journee\/","url":"https:\/\/vieassociative.be\/actualites\/zelensky-a-paris-lukraine-veut-acheter-jusqua-100-avions-de-combat-rafale-macron-une-belle-journee\/","name":"Zelensky \u00e0 Paris : l\u2019Ukraine veut acheter jusqu\u2019\u00e0 100 avions de combat Rafale \u2013 Macron : \u00ab Une belle journ\u00e9e \u00bb | Vie Associative","isPartOf":{"@id":"https:\/\/vieassociative.be\/actualites\/#website"},"primaryImageOfPage":{"@id":"https:\/\/vieassociative.be\/actualites\/zelensky-a-paris-lukraine-veut-acheter-jusqua-100-avions-de-combat-rafale-macron-une-belle-journee\/#primaryimage"},"image":{"@id":"https:\/\/vieassociative.be\/actualites\/zelensky-a-paris-lukraine-veut-acheter-jusqua-100-avions-de-combat-rafale-macron-une-belle-journee\/#primaryimage"},"thumbnailUrl":"https:\/\/vieassociative.be\/actualites\/wp-content\/uploads\/2025\/11\/Zelensky-a-Paris-lUkraine-veut-acheter-jusqua-100-avions.jpg","datePublished":"2025-11-17T14:17:19+00:00","dateModified":"2025-11-17T14:17:19+00:00","breadcrumb":{"@id":"https:\/\/vieassociative.be\/actualites\/zelensky-a-paris-lukraine-veut-acheter-jusqua-100-avions-de-combat-rafale-macron-une-belle-journee\/#breadcrumb"},"inLanguage":"fr-BE","potentialAction":[{"@type":"ReadAction","target":["https:\/\/vieassociative.be\/actualites\/zelensky-a-paris-lukraine-veut-acheter-jusqua-100-avions-de-combat-rafale-macron-une-belle-journee\/"]}]},{"@type":"ImageObject","inLanguage":"fr-BE","@id":"https:\/\/vieassociative.be\/actualites\/zelensky-a-paris-lukraine-veut-acheter-jusqua-100-avions-de-combat-rafale-macron-une-belle-journee\/#primaryimage","url":"https:\/\/vieassociative.be\/actualites\/wp-content\/uploads\/2025\/11\/Zelensky-a-Paris-lUkraine-veut-acheter-jusqua-100-avions.jpg","contentUrl":"https:\/\/vieassociative.be\/actualites\/wp-content\/uploads\/2025\/11\/Zelensky-a-Paris-lUkraine-veut-acheter-jusqua-100-avions.jpg","width":1200,"height":800,"caption":"Zelensky \u00e0 Paris : l\u2019Ukraine veut acheter jusqu\u2019\u00e0 100 avions de combat Rafale \u2013 Macron : \u00ab Une belle journ\u00e9e \u00bb"},{"@type":"BreadcrumbList","@id":"https:\/\/vieassociative.be\/actualites\/zelensky-a-paris-lukraine-veut-acheter-jusqua-100-avions-de-combat-rafale-macron-une-belle-journee\/#breadcrumb","itemListElement":[{"@type":"ListItem","position":1,"name":"Accueil","item":"https:\/\/vieassociative.be\/actualites\/"},{"@type":"ListItem","position":2,"name":"Zelensky \u00e0 Paris : l\u2019Ukraine veut acheter jusqu\u2019\u00e0 100 avions de combat Rafale \u2013 Macron : \u00ab Une belle journ\u00e9e \u00bb"}]},{"@type":"WebSite","@id":"https:\/\/vieassociative.be\/actualites\/#website","url":"https:\/\/vieassociative.be\/actualites\/","name":"Vie Associative","description":"","publisher":{"@id":"https:\/\/vieassociative.be\/actualites\/#organization"},"potentialAction":[{"@type":"SearchAction","target":{"@type":"EntryPoint","urlTemplate":"https:\/\/vieassociative.be\/actualites\/?s={search_term_string}"},"query-input":{"@type":"PropertyValueSpecification","valueRequired":true,"valueName":"search_term_string"}}],"inLanguage":"fr-BE"},{"@type":"Organization","@id":"https:\/\/vieassociative.be\/actualites\/#organization","name":"Vie Associative","url":"https:\/\/vieassociative.be\/actualites\/","logo":{"@type":"ImageObject","inLanguage":"fr-BE","@id":"https:\/\/vieassociative.be\/actualites\/#\/schema\/logo\/image\/","url":"https:\/\/vieassociative.be\/actualites\/wp-content\/uploads\/2024\/09\/cropped-vieassociative_favicon.ico.png","contentUrl":"https:\/\/vieassociative.be\/actualites\/wp-content\/uploads\/2024\/09\/cropped-vieassociative_favicon.ico.png","width":512,"height":512,"caption":"Vie Associative"},"image":{"@id":"https:\/\/vieassociative.be\/actualites\/#\/schema\/logo\/image\/"}},{"@type":"Person","@id":"https:\/\/vieassociative.be\/actualites\/#\/schema\/person\/b87ac4f82f9d4e7b7cec7395b679edc4","name":"Julien","image":{"@type":"ImageObject","inLanguage":"fr-BE","@id":"https:\/\/vieassociative.be\/actualites\/#\/schema\/person\/image\/","url":"https:\/\/vieassociative.be\/actualites\/wp-content\/uploads\/2024\/09\/vie-associative-1-150x150.jpg","contentUrl":"https:\/\/vieassociative.be\/actualites\/wp-content\/uploads\/2024\/09\/vie-associative-1-150x150.jpg","caption":"Julien"},"description":"Je suis Julien, r\u00e9dacteur pour Vie Associative. Passionn\u00e9 par le monde associatif depuis plus de 10 ans, j'ai \u00e0 c\u0153ur de partager des histoires inspirantes et de mettre en lumi\u00e8re les initiatives locales. Mon objectif est de sensibiliser et d'encourager l'engagement communautaire \u00e0 travers mes articles.","sameAs":["https:\/\/vieassociative.be\/"]}]}},"_links":{"self":[{"href":"https:\/\/vieassociative.be\/actualites\/wp-json\/wp\/v2\/posts\/11364"}],"collection":[{"href":"https:\/\/vieassociative.be\/actualites\/wp-json\/wp\/v2\/posts"}],"about":[{"href":"https:\/\/vieassociative.be\/actualites\/wp-json\/wp\/v2\/types\/post"}],"author":[{"embeddable":true,"href":"https:\/\/vieassociative.be\/actualites\/wp-json\/wp\/v2\/users\/1"}],"replies":[{"embeddable":true,"href":"https:\/\/vieassociative.be\/actualites\/wp-json\/wp\/v2\/comments?post=11364"}],"version-history":[{"count":0,"href":"https:\/\/vieassociative.be\/actualites\/wp-json\/wp\/v2\/posts\/11364\/revisions"}],"wp:featuredmedia":[{"embeddable":true,"href":"https:\/\/vieassociative.be\/actualites\/wp-json\/wp\/v2\/media\/11365"}],"wp:attachment":[{"href":"https:\/\/vieassociative.be\/actualites\/wp-json\/wp\/v2\/media?parent=11364"}],"wp:term":[{"taxonomy":"category","embeddable":true,"href":"https:\/\/vieassociative.be\/actualites\/wp-json\/wp\/v2\/categories?post=11364"},{"taxonomy":"post_tag","embeddable":true,"href":"https:\/\/vieassociative.be\/actualites\/wp-json\/wp\/v2\/tags?post=11364"}],"curies":[{"name":"wp","href":"https:\/\/api.w.org\/{rel}","templated":true}]}}