{"id":11363,"date":"2025-11-17T14:17:06","date_gmt":"2025-11-17T13:17:06","guid":{"rendered":"https:\/\/vieassociative.be\/actualites\/theme-chaque-journee-de-travail-pour-une-semaine-plus-productive-2\/"},"modified":"2025-11-17T14:17:06","modified_gmt":"2025-11-17T13:17:06","slug":"theme-chaque-journee-de-travail-pour-une-semaine-plus-productive-2","status":"publish","type":"post","link":"https:\/\/vieassociative.be\/actualites\/theme-chaque-journee-de-travail-pour-une-semaine-plus-productive-2\/","title":{"rendered":"\u00ab\u00a0Th\u00e8me\u00a0\u00bb chaque journ\u00e9e de travail pour une semaine plus productive"},"content":{"rendered":"<div class=\"mt-4 leading-6 md:mb-8\">Chaque jour devrait avoir un objectif sp\u00e9cifique lorsque vous travaillez sur quelque chose de grand.<\/div>\n<p><\/p>\n<p>Planifier votre journ\u00e9e est un \u00e9l\u00e9ment important pour \u00eatre productif. Vous pouvez (et devriez) hi\u00e9rarchiser vos t\u00e2ches en fonction de l&rsquo;actualit\u00e9 et du calendrier pour obtenir un calendrier d\u00e9taill\u00e9 et charg\u00e9, mais la gestion du temps ne se r\u00e9sume pas \u00e0 cela. Vous devriez \u00e9galement envisager de diviser non seulement votre journ\u00e9e, mais aussi votre semaine dans son ensemble, pour maximiser la productivit\u00e9. L&rsquo;astuce ici est de <em>th\u00e8me<\/em> vos journ\u00e9es de travail. <\/p>\n<p>Au lieu de passer d&rsquo;une t\u00e2che \u00e0 l&rsquo;autre un jour donn\u00e9, essayez de regrouper toutes les t\u00e2ches similaires et de les garer un jour sp\u00e9cifique, lorsque votre emploi du temps le permet. En regroupant des t\u00e2ches similaires le m\u00eame jour, vous resterez plus longtemps dans cette \u00ab zone \u00bb, en vous concentrant uniquement sur ce qui doit y \u00eatre fait. Si toutes les choses que vous avez \u00e0 faire ont quelque chose en commun, vous resterez concentr\u00e9 sur le th\u00e8me central du travail de la journ\u00e9e au fur et \u00e0 mesure que vous passerez d&rsquo;une t\u00e2che \u00e0 l&rsquo;autre.<\/p>\n<h2 id=\"how-to-divvy-up-themed-days-for-productivity\">Comment diviser les journ\u00e9es th\u00e9matiques pour la productivit\u00e9<\/h2>\n<p>Tout d\u2019abord, commencez par r\u00e9fl\u00e9chir aux raisons pour lesquelles vous voulez faire ce que vous faites. Je ne veux pas dire que vous devez faire preuve de philosophie, mais ajouter un \u00ab\u00a0pourquoi\u00a0\u00bb \u00e0 votre liste de choses \u00e0 faire est pr\u00e9cieux. Vous ne voulez pas seulement nettoyer votre maison parce que vous le devez, mais parce que vous voulez un espace s\u00fbr et confortable ou parce que votre m\u00e8re vient vous dire pour une semaine et vous voulez qu&rsquo;elle se sente \u00e0 l&rsquo;aise (et ne vous harc\u00e8le pas \u00e0 propos de toute poussi\u00e8re persistante). Vous ne voulez pas seulement terminer votre grand projet au travail parce qu&rsquo;il vous a \u00e9t\u00e9 confi\u00e9, mais parce que vous souhaitez \u00e9voluer dans votre carri\u00e8re, conserver votre emploi ou obtenir une promotion. Si penser de cette fa\u00e7on vous semble exag\u00e9r\u00e9, essayez de fixer des objectifs SMART autour de vos t\u00e2ches. Les objectifs SMART sont sp\u00e9cifiques, mesurables, exploitables, pertinents et limit\u00e9s dans le temps (conform\u00e9ment \u00e0 l&rsquo;acronyme) et ils vous aident \u00e0 rester concentr\u00e9 sur la raison pour laquelle vous faites ce que vous faites, ainsi que sur la mani\u00e8re dont vous allez le faire.<\/p>\n<div class=\"mx-auto mb-12 mt-5 w-full max-w-3xl rounded-md border-2 border-gray-100 p-3 shadow-md md:px-7 md:pb-7 md:pt-5\" id=\"related-video\">\n<div class=\"mb-3 flex items-center md:mb-5\">\n        <img decoding=\"async\" class=\"mr-4 mt-0 h-10 w-10 md:mr-5 md:h-12 md:w-12\" src=\"https:\/\/vieassociative.be\/actualites\/wp-content\/uploads\/2025\/09\/1757726237_608_Meta-pourrait-devoiler-une-montre-intelligente-pour-controler-ses-lunettes.jpg\" alt=\"Logo du pirate de la vie\"><\/p><\/div>\n<div class=\"aspect-video w-full overflow-hidden rounded-md\">\n<div id=\"video-container-01KA8Z3TB0YEY11N16EJ911GNW\"><\/div>\n<\/p><\/div>\n<\/div>\n<p>D\u00e9finissez ces intentions pour que vous ayez l\u2019impression d\u2019avoir quelque chose sur lequel travailler. C&rsquo;est l\u00e0 que les th\u00e8mes quotidiens entrent en jeu. Si vous accomplissez des t\u00e2ches similaires au cours d&rsquo;une journ\u00e9e, vous vous efforcez d&rsquo;atteindre une intention (atteindre l&rsquo;objectif que vous vous \u00eates fix\u00e9 pour le th\u00e8me de cette journ\u00e9e) et de rester concentr\u00e9 dessus d&rsquo;une t\u00e2che \u00e0 l&rsquo;autre.<\/p>\n<p>Disons que vous avez un grand projet au travail. Voici \u00e0 quoi pourraient ressembler vos trois premiers jours\u00a0: Pensez \u00e0 effectuer tous les travaux administratifs le lundi. D\u00e9signez des lundis pour r\u00e9pondre aux e-mails, en envoyer de nouveaux, prendre des appels ou planifier des r\u00e9unions. Assurez-vous de profiter de cette journ\u00e9e pour demander toutes les ressources, d\u00e9tails ou r\u00e9ponses dont vous avez besoin aux autres personnes impliqu\u00e9es dans le projet, afin d&rsquo;avoir tout ce dont vous avez besoin pour les jours suivants. Les activit\u00e9s cr\u00e9atives, comme le brainstorming ou la conception, pourraient \u00eatre g\u00e9r\u00e9es le mardi, tandis que le mercredi pourrait \u00eatre consacr\u00e9 \u00e0 la recherche.<\/p>\n<p>Vous pouvez \u00e9galement th\u00e9matiser vos journ\u00e9es par projet, selon Leonard Alexandru, directeur de l&rsquo;ing\u00e9nierie chez Deloitte, qui a \u00e9crit sur la valeur des journ\u00e9es th\u00e9matiques. Au lieu de consacrer du temps chaque jour \u00e0 plusieurs projets, envisagez d&rsquo;attribuer \u00e0 chaque projet son propre jour de la semaine pour travailler, de sorte qu&rsquo;un projet qui n\u00e9cessite une grande concentration sur la gestion devrait prendre une journ\u00e9e enti\u00e8re tandis qu&rsquo;un projet qui n\u00e9cessite que vous vous concentriez sur le marketing, les communications, les ventes ou quoi que ce soit d&rsquo;autre devrait l&rsquo;\u00eatre sur un autre.<\/p>\n<h2 id=\"why-this-works-and-what-to-keep-in-mind\">Pourquoi cela fonctionne (et ce qu&rsquo;il faut garder \u00e0 l&rsquo;esprit)<\/h2>\n<p>Je fais cela autour de mon appartement : un jour est consacr\u00e9 au nettoyage de ma chambre, l\u2019autre au salon et un autre \u00e0 la cuisine. C&rsquo;est aussi simple que cela et largement applicable au-del\u00e0 de votre travail. Bon sang, si vous faites de la musculation, vous faites probablement d\u00e9j\u00e0 une journ\u00e9e pour les bras, le dos, les jambes, etc. Vous ne feriez pas de tirage lat\u00e9ral le jour des jambes car cela n&rsquo;aurait pas de sens d&rsquo;\u00e9puiser tout votre corps, ni de d\u00e9tourner votre concentration de vos fessiers et de vos quadriceps. <\/p>\n<p>La raison pour laquelle cela fonctionne est la m\u00eame raison pour laquelle la r\u00e9partition des journ\u00e9es de gym fonctionne. Lorsque vous vous concentrez enti\u00e8rement sur une chose, vous y parvenez mieux, ce qui vous rend plus productif. Lorsque vous jetez tout dans le mixeur m\u00e9taphorique, vous perdez cette concentration. De plus, le stress de savoir quoi faire \u00e0 un moment donn\u00e9 a disparu, vous laissant libre de simplement vous rendre au travail. Vous pouvez \u00ab manger la grenouille \u00bb (c&rsquo;est-\u00e0-dire vous attaquer en premier \u00e0 votre t\u00e2che la plus importante) ou travailler selon un syst\u00e8me comme 1-3-5, qui vous demande de vous occuper d&rsquo;une t\u00e2che majeure, de trois t\u00e2ches de taille moyenne et de cinq plus petites. Avec un groupe th\u00e9matique, vous n&rsquo;avez pas \u00e0 d\u00e9cider de quoi il s&rsquo;agit\u00a0; allez-y.<\/p>\n<p>Essayez de d\u00e9finir le th\u00e8me de chaque journ\u00e9e comme un \u00e9v\u00e9nement d&rsquo;une journ\u00e9e enti\u00e8re sur le logiciel de calendrier que vous utilisez, afin d&rsquo;avoir un rappel en haut de la page sur les sujets sur lesquels vous devez vous concentrer chaque jour. Le simple fait de savoir que vos jeudis sont r\u00e9serv\u00e9s aux r\u00e9unions avec les clients, par exemple, vous soulage de l&rsquo;anxi\u00e9t\u00e9 li\u00e9e au fait de d\u00e9cider quoi donner la priorit\u00e9 ce jour-l\u00e0 ou quand planifier ces r\u00e9unions. Il \u00e9limine la fatigue d\u00e9cisionnelle et vous permet de rester concentr\u00e9 sur votre t\u00e2che sans que vous ayez \u00e0 trop r\u00e9fl\u00e9chir \u00e0 quelle activit\u00e9 devrait avoir lieu \u00e0 quel cr\u00e9neau au cours de votre semaine charg\u00e9e. <\/p>\n<p>\u00c9videmment, une r\u00e9union n\u00e9cessaire ou urgente pourrait survenir un jour autre que jeudi. C&rsquo;est bien de le prendre, bien s\u00fbr, mais essayez de garder le cadre g\u00e9n\u00e9ral des journ\u00e9es \u00e0 th\u00e8me chaque fois que vous le pouvez. <\/p>\n","protected":false},"excerpt":{"rendered":"<p>Chaque jour devrait avoir un objectif sp\u00e9cifique lorsque vous travaillez sur quelque chose de grand. Planifier votre journ\u00e9e est un \u00e9l\u00e9ment important pour \u00eatre productif.<\/p>\n","protected":false},"author":1,"featured_media":2141,"comment_status":"","ping_status":"","sticky":false,"template":"","format":"standard","meta":{"footnotes":""},"categories":[43],"tags":[90,2877,81,2878,1348,2541,504,110],"class_list":["post-11363","post","type-post","status-publish","format-standard","has-post-thumbnail","hentry","category-travail","tag-chaque","tag-journee","tag-pour","tag-productive","tag-semaine","tag-theme","tag-travail","tag-une","generate-columns","tablet-grid-50","mobile-grid-100","grid-parent","grid-33"],"yoast_head":"<!-- This site is optimized with the Yoast SEO plugin v24.0 - https:\/\/yoast.com\/wordpress\/plugins\/seo\/ -->\n<title>\u00ab\u00a0Th\u00e8me\u00a0\u00bb chaque journ\u00e9e de travail pour une semaine plus productive | Vie Associative<\/title>\n<meta name=\"robots\" content=\"index, follow, max-snippet:-1, max-image-preview:large, max-video-preview:-1\" \/>\n<link rel=\"canonical\" href=\"https:\/\/vieassociative.be\/actualites\/theme-chaque-journee-de-travail-pour-une-semaine-plus-productive-2\/\" \/>\n<meta property=\"og:locale\" content=\"fr_FR\" \/>\n<meta property=\"og:type\" content=\"article\" \/>\n<meta property=\"og:title\" content=\"\u00ab\u00a0Th\u00e8me\u00a0\u00bb chaque journ\u00e9e de travail pour une semaine plus productive | Vie Associative\" \/>\n<meta property=\"og:description\" content=\"Chaque jour devrait avoir un objectif sp\u00e9cifique lorsque vous travaillez sur quelque chose de grand. Planifier votre journ\u00e9e est un \u00e9l\u00e9ment important pour \u00eatre productif.\" \/>\n<meta property=\"og:url\" content=\"https:\/\/vieassociative.be\/actualites\/theme-chaque-journee-de-travail-pour-une-semaine-plus-productive-2\/\" \/>\n<meta property=\"og:site_name\" content=\"Vie Associative\" \/>\n<meta property=\"article:published_time\" content=\"2025-11-17T13:17:06+00:00\" \/>\n<meta property=\"og:image\" content=\"https:\/\/vieassociative.be\/actualites\/wp-content\/uploads\/2025\/09\/1757726237_608_Meta-pourrait-devoiler-une-montre-intelligente-pour-controler-ses-lunettes.jpg\" \/>\n<meta name=\"author\" content=\"Julien\" \/>\n<meta name=\"twitter:card\" content=\"summary_large_image\" \/>\n<meta name=\"twitter:label1\" content=\"\u00c9crit par\" \/>\n\t<meta name=\"twitter:data1\" content=\"Julien\" \/>\n\t<meta name=\"twitter:label2\" content=\"Dur\u00e9e de lecture est.\" \/>\n\t<meta name=\"twitter:data2\" content=\"6 minutes\" \/>\n<script type=\"application\/ld+json\" class=\"yoast-schema-graph\">{\"@context\":\"https:\/\/schema.org\",\"@graph\":[{\"@type\":\"Article\",\"@id\":\"https:\/\/vieassociative.be\/actualites\/theme-chaque-journee-de-travail-pour-une-semaine-plus-productive-2\/#article\",\"isPartOf\":{\"@id\":\"https:\/\/vieassociative.be\/actualites\/theme-chaque-journee-de-travail-pour-une-semaine-plus-productive-2\/\"},\"author\":{\"name\":\"Julien\",\"@id\":\"https:\/\/vieassociative.be\/actualites\/#\/schema\/person\/b87ac4f82f9d4e7b7cec7395b679edc4\"},\"headline\":\"\u00ab\u00a0Th\u00e8me\u00a0\u00bb chaque journ\u00e9e de travail pour une semaine plus productive\",\"datePublished\":\"2025-11-17T13:17:06+00:00\",\"dateModified\":\"2025-11-17T13:17:06+00:00\",\"mainEntityOfPage\":{\"@id\":\"https:\/\/vieassociative.be\/actualites\/theme-chaque-journee-de-travail-pour-une-semaine-plus-productive-2\/\"},\"wordCount\":1154,\"publisher\":{\"@id\":\"https:\/\/vieassociative.be\/actualites\/#organization\"},\"image\":{\"@id\":\"https:\/\/vieassociative.be\/actualites\/theme-chaque-journee-de-travail-pour-une-semaine-plus-productive-2\/#primaryimage\"},\"thumbnailUrl\":\"https:\/\/vieassociative.be\/actualites\/wp-content\/uploads\/2024\/11\/Theme-chaque-journee-de-travail-pour-une-semaine-plus-productive.jpg\",\"keywords\":[\"chaque\",\"journ\u00e9e\",\"pour\",\"productive\",\"semaine\",\"th\u00e8me\",\"travail\",\"une\"],\"articleSection\":[\"Travail\"],\"inLanguage\":\"fr-BE\"},{\"@type\":\"WebPage\",\"@id\":\"https:\/\/vieassociative.be\/actualites\/theme-chaque-journee-de-travail-pour-une-semaine-plus-productive-2\/\",\"url\":\"https:\/\/vieassociative.be\/actualites\/theme-chaque-journee-de-travail-pour-une-semaine-plus-productive-2\/\",\"name\":\"\u00ab\u00a0Th\u00e8me\u00a0\u00bb chaque journ\u00e9e de travail pour une semaine plus productive | Vie Associative\",\"isPartOf\":{\"@id\":\"https:\/\/vieassociative.be\/actualites\/#website\"},\"primaryImageOfPage\":{\"@id\":\"https:\/\/vieassociative.be\/actualites\/theme-chaque-journee-de-travail-pour-une-semaine-plus-productive-2\/#primaryimage\"},\"image\":{\"@id\":\"https:\/\/vieassociative.be\/actualites\/theme-chaque-journee-de-travail-pour-une-semaine-plus-productive-2\/#primaryimage\"},\"thumbnailUrl\":\"https:\/\/vieassociative.be\/actualites\/wp-content\/uploads\/2024\/11\/Theme-chaque-journee-de-travail-pour-une-semaine-plus-productive.jpg\",\"datePublished\":\"2025-11-17T13:17:06+00:00\",\"dateModified\":\"2025-11-17T13:17:06+00:00\",\"breadcrumb\":{\"@id\":\"https:\/\/vieassociative.be\/actualites\/theme-chaque-journee-de-travail-pour-une-semaine-plus-productive-2\/#breadcrumb\"},\"inLanguage\":\"fr-BE\",\"potentialAction\":[{\"@type\":\"ReadAction\",\"target\":[\"https:\/\/vieassociative.be\/actualites\/theme-chaque-journee-de-travail-pour-une-semaine-plus-productive-2\/\"]}]},{\"@type\":\"ImageObject\",\"inLanguage\":\"fr-BE\",\"@id\":\"https:\/\/vieassociative.be\/actualites\/theme-chaque-journee-de-travail-pour-une-semaine-plus-productive-2\/#primaryimage\",\"url\":\"https:\/\/vieassociative.be\/actualites\/wp-content\/uploads\/2024\/11\/Theme-chaque-journee-de-travail-pour-une-semaine-plus-productive.jpg\",\"contentUrl\":\"https:\/\/vieassociative.be\/actualites\/wp-content\/uploads\/2024\/11\/Theme-chaque-journee-de-travail-pour-une-semaine-plus-productive.jpg\",\"width\":1200,\"height\":675,\"caption\":\"\u00ab\u00a0Th\u00e8me\u00a0\u00bb chaque journ\u00e9e de travail pour une semaine plus productive\"},{\"@type\":\"BreadcrumbList\",\"@id\":\"https:\/\/vieassociative.be\/actualites\/theme-chaque-journee-de-travail-pour-une-semaine-plus-productive-2\/#breadcrumb\",\"itemListElement\":[{\"@type\":\"ListItem\",\"position\":1,\"name\":\"Accueil\",\"item\":\"https:\/\/vieassociative.be\/actualites\/\"},{\"@type\":\"ListItem\",\"position\":2,\"name\":\"\u00ab\u00a0Th\u00e8me\u00a0\u00bb chaque journ\u00e9e de travail pour une semaine plus productive\"}]},{\"@type\":\"WebSite\",\"@id\":\"https:\/\/vieassociative.be\/actualites\/#website\",\"url\":\"https:\/\/vieassociative.be\/actualites\/\",\"name\":\"Vie Associative\",\"description\":\"\",\"publisher\":{\"@id\":\"https:\/\/vieassociative.be\/actualites\/#organization\"},\"potentialAction\":[{\"@type\":\"SearchAction\",\"target\":{\"@type\":\"EntryPoint\",\"urlTemplate\":\"https:\/\/vieassociative.be\/actualites\/?s={search_term_string}\"},\"query-input\":{\"@type\":\"PropertyValueSpecification\",\"valueRequired\":true,\"valueName\":\"search_term_string\"}}],\"inLanguage\":\"fr-BE\"},{\"@type\":\"Organization\",\"@id\":\"https:\/\/vieassociative.be\/actualites\/#organization\",\"name\":\"Vie Associative\",\"url\":\"https:\/\/vieassociative.be\/actualites\/\",\"logo\":{\"@type\":\"ImageObject\",\"inLanguage\":\"fr-BE\",\"@id\":\"https:\/\/vieassociative.be\/actualites\/#\/schema\/logo\/image\/\",\"url\":\"https:\/\/vieassociative.be\/actualites\/wp-content\/uploads\/2024\/09\/cropped-vieassociative_favicon.ico.png\",\"contentUrl\":\"https:\/\/vieassociative.be\/actualites\/wp-content\/uploads\/2024\/09\/cropped-vieassociative_favicon.ico.png\",\"width\":512,\"height\":512,\"caption\":\"Vie Associative\"},\"image\":{\"@id\":\"https:\/\/vieassociative.be\/actualites\/#\/schema\/logo\/image\/\"}},{\"@type\":\"Person\",\"@id\":\"https:\/\/vieassociative.be\/actualites\/#\/schema\/person\/b87ac4f82f9d4e7b7cec7395b679edc4\",\"name\":\"Julien\",\"image\":{\"@type\":\"ImageObject\",\"inLanguage\":\"fr-BE\",\"@id\":\"https:\/\/vieassociative.be\/actualites\/#\/schema\/person\/image\/\",\"url\":\"https:\/\/vieassociative.be\/actualites\/wp-content\/uploads\/2024\/09\/vie-associative-1-150x150.jpg\",\"contentUrl\":\"https:\/\/vieassociative.be\/actualites\/wp-content\/uploads\/2024\/09\/vie-associative-1-150x150.jpg\",\"caption\":\"Julien\"},\"description\":\"Je suis Julien, r\u00e9dacteur pour Vie Associative. Passionn\u00e9 par le monde associatif depuis plus de 10 ans, j'ai \u00e0 c\u0153ur de partager des histoires inspirantes et de mettre en lumi\u00e8re les initiatives locales. Mon objectif est de sensibiliser et d'encourager l'engagement communautaire \u00e0 travers mes articles.\",\"sameAs\":[\"https:\/\/vieassociative.be\/\"]}]}<\/script>\n<!-- \/ Yoast SEO plugin. -->","yoast_head_json":{"title":"\u00ab\u00a0Th\u00e8me\u00a0\u00bb chaque journ\u00e9e de travail pour une semaine plus productive | Vie Associative","robots":{"index":"index","follow":"follow","max-snippet":"max-snippet:-1","max-image-preview":"max-image-preview:large","max-video-preview":"max-video-preview:-1"},"canonical":"https:\/\/vieassociative.be\/actualites\/theme-chaque-journee-de-travail-pour-une-semaine-plus-productive-2\/","og_locale":"fr_FR","og_type":"article","og_title":"\u00ab\u00a0Th\u00e8me\u00a0\u00bb chaque journ\u00e9e de travail pour une semaine plus productive | Vie Associative","og_description":"Chaque jour devrait avoir un objectif sp\u00e9cifique lorsque vous travaillez sur quelque chose de grand. Planifier votre journ\u00e9e est un \u00e9l\u00e9ment important pour \u00eatre productif.","og_url":"https:\/\/vieassociative.be\/actualites\/theme-chaque-journee-de-travail-pour-une-semaine-plus-productive-2\/","og_site_name":"Vie Associative","article_published_time":"2025-11-17T13:17:06+00:00","og_image":[{"url":"https:\/\/vieassociative.be\/actualites\/wp-content\/uploads\/2025\/09\/1757726237_608_Meta-pourrait-devoiler-une-montre-intelligente-pour-controler-ses-lunettes.jpg","type":"","width":"","height":""}],"author":"Julien","twitter_card":"summary_large_image","twitter_misc":{"\u00c9crit par":"Julien","Dur\u00e9e de lecture est.":"6 minutes"},"schema":{"@context":"https:\/\/schema.org","@graph":[{"@type":"Article","@id":"https:\/\/vieassociative.be\/actualites\/theme-chaque-journee-de-travail-pour-une-semaine-plus-productive-2\/#article","isPartOf":{"@id":"https:\/\/vieassociative.be\/actualites\/theme-chaque-journee-de-travail-pour-une-semaine-plus-productive-2\/"},"author":{"name":"Julien","@id":"https:\/\/vieassociative.be\/actualites\/#\/schema\/person\/b87ac4f82f9d4e7b7cec7395b679edc4"},"headline":"\u00ab\u00a0Th\u00e8me\u00a0\u00bb chaque journ\u00e9e de travail pour une semaine plus productive","datePublished":"2025-11-17T13:17:06+00:00","dateModified":"2025-11-17T13:17:06+00:00","mainEntityOfPage":{"@id":"https:\/\/vieassociative.be\/actualites\/theme-chaque-journee-de-travail-pour-une-semaine-plus-productive-2\/"},"wordCount":1154,"publisher":{"@id":"https:\/\/vieassociative.be\/actualites\/#organization"},"image":{"@id":"https:\/\/vieassociative.be\/actualites\/theme-chaque-journee-de-travail-pour-une-semaine-plus-productive-2\/#primaryimage"},"thumbnailUrl":"https:\/\/vieassociative.be\/actualites\/wp-content\/uploads\/2024\/11\/Theme-chaque-journee-de-travail-pour-une-semaine-plus-productive.jpg","keywords":["chaque","journ\u00e9e","pour","productive","semaine","th\u00e8me","travail","une"],"articleSection":["Travail"],"inLanguage":"fr-BE"},{"@type":"WebPage","@id":"https:\/\/vieassociative.be\/actualites\/theme-chaque-journee-de-travail-pour-une-semaine-plus-productive-2\/","url":"https:\/\/vieassociative.be\/actualites\/theme-chaque-journee-de-travail-pour-une-semaine-plus-productive-2\/","name":"\u00ab\u00a0Th\u00e8me\u00a0\u00bb chaque journ\u00e9e de travail pour une semaine plus productive | Vie Associative","isPartOf":{"@id":"https:\/\/vieassociative.be\/actualites\/#website"},"primaryImageOfPage":{"@id":"https:\/\/vieassociative.be\/actualites\/theme-chaque-journee-de-travail-pour-une-semaine-plus-productive-2\/#primaryimage"},"image":{"@id":"https:\/\/vieassociative.be\/actualites\/theme-chaque-journee-de-travail-pour-une-semaine-plus-productive-2\/#primaryimage"},"thumbnailUrl":"https:\/\/vieassociative.be\/actualites\/wp-content\/uploads\/2024\/11\/Theme-chaque-journee-de-travail-pour-une-semaine-plus-productive.jpg","datePublished":"2025-11-17T13:17:06+00:00","dateModified":"2025-11-17T13:17:06+00:00","breadcrumb":{"@id":"https:\/\/vieassociative.be\/actualites\/theme-chaque-journee-de-travail-pour-une-semaine-plus-productive-2\/#breadcrumb"},"inLanguage":"fr-BE","potentialAction":[{"@type":"ReadAction","target":["https:\/\/vieassociative.be\/actualites\/theme-chaque-journee-de-travail-pour-une-semaine-plus-productive-2\/"]}]},{"@type":"ImageObject","inLanguage":"fr-BE","@id":"https:\/\/vieassociative.be\/actualites\/theme-chaque-journee-de-travail-pour-une-semaine-plus-productive-2\/#primaryimage","url":"https:\/\/vieassociative.be\/actualites\/wp-content\/uploads\/2024\/11\/Theme-chaque-journee-de-travail-pour-une-semaine-plus-productive.jpg","contentUrl":"https:\/\/vieassociative.be\/actualites\/wp-content\/uploads\/2024\/11\/Theme-chaque-journee-de-travail-pour-une-semaine-plus-productive.jpg","width":1200,"height":675,"caption":"\u00ab\u00a0Th\u00e8me\u00a0\u00bb chaque journ\u00e9e de travail pour une semaine plus productive"},{"@type":"BreadcrumbList","@id":"https:\/\/vieassociative.be\/actualites\/theme-chaque-journee-de-travail-pour-une-semaine-plus-productive-2\/#breadcrumb","itemListElement":[{"@type":"ListItem","position":1,"name":"Accueil","item":"https:\/\/vieassociative.be\/actualites\/"},{"@type":"ListItem","position":2,"name":"\u00ab\u00a0Th\u00e8me\u00a0\u00bb chaque journ\u00e9e de travail pour une semaine plus productive"}]},{"@type":"WebSite","@id":"https:\/\/vieassociative.be\/actualites\/#website","url":"https:\/\/vieassociative.be\/actualites\/","name":"Vie Associative","description":"","publisher":{"@id":"https:\/\/vieassociative.be\/actualites\/#organization"},"potentialAction":[{"@type":"SearchAction","target":{"@type":"EntryPoint","urlTemplate":"https:\/\/vieassociative.be\/actualites\/?s={search_term_string}"},"query-input":{"@type":"PropertyValueSpecification","valueRequired":true,"valueName":"search_term_string"}}],"inLanguage":"fr-BE"},{"@type":"Organization","@id":"https:\/\/vieassociative.be\/actualites\/#organization","name":"Vie Associative","url":"https:\/\/vieassociative.be\/actualites\/","logo":{"@type":"ImageObject","inLanguage":"fr-BE","@id":"https:\/\/vieassociative.be\/actualites\/#\/schema\/logo\/image\/","url":"https:\/\/vieassociative.be\/actualites\/wp-content\/uploads\/2024\/09\/cropped-vieassociative_favicon.ico.png","contentUrl":"https:\/\/vieassociative.be\/actualites\/wp-content\/uploads\/2024\/09\/cropped-vieassociative_favicon.ico.png","width":512,"height":512,"caption":"Vie Associative"},"image":{"@id":"https:\/\/vieassociative.be\/actualites\/#\/schema\/logo\/image\/"}},{"@type":"Person","@id":"https:\/\/vieassociative.be\/actualites\/#\/schema\/person\/b87ac4f82f9d4e7b7cec7395b679edc4","name":"Julien","image":{"@type":"ImageObject","inLanguage":"fr-BE","@id":"https:\/\/vieassociative.be\/actualites\/#\/schema\/person\/image\/","url":"https:\/\/vieassociative.be\/actualites\/wp-content\/uploads\/2024\/09\/vie-associative-1-150x150.jpg","contentUrl":"https:\/\/vieassociative.be\/actualites\/wp-content\/uploads\/2024\/09\/vie-associative-1-150x150.jpg","caption":"Julien"},"description":"Je suis Julien, r\u00e9dacteur pour Vie Associative. Passionn\u00e9 par le monde associatif depuis plus de 10 ans, j'ai \u00e0 c\u0153ur de partager des histoires inspirantes et de mettre en lumi\u00e8re les initiatives locales. Mon objectif est de sensibiliser et d'encourager l'engagement communautaire \u00e0 travers mes articles.","sameAs":["https:\/\/vieassociative.be\/"]}]}},"_links":{"self":[{"href":"https:\/\/vieassociative.be\/actualites\/wp-json\/wp\/v2\/posts\/11363"}],"collection":[{"href":"https:\/\/vieassociative.be\/actualites\/wp-json\/wp\/v2\/posts"}],"about":[{"href":"https:\/\/vieassociative.be\/actualites\/wp-json\/wp\/v2\/types\/post"}],"author":[{"embeddable":true,"href":"https:\/\/vieassociative.be\/actualites\/wp-json\/wp\/v2\/users\/1"}],"replies":[{"embeddable":true,"href":"https:\/\/vieassociative.be\/actualites\/wp-json\/wp\/v2\/comments?post=11363"}],"version-history":[{"count":0,"href":"https:\/\/vieassociative.be\/actualites\/wp-json\/wp\/v2\/posts\/11363\/revisions"}],"wp:featuredmedia":[{"embeddable":true,"href":"https:\/\/vieassociative.be\/actualites\/wp-json\/wp\/v2\/media\/2141"}],"wp:attachment":[{"href":"https:\/\/vieassociative.be\/actualites\/wp-json\/wp\/v2\/media?parent=11363"}],"wp:term":[{"taxonomy":"category","embeddable":true,"href":"https:\/\/vieassociative.be\/actualites\/wp-json\/wp\/v2\/categories?post=11363"},{"taxonomy":"post_tag","embeddable":true,"href":"https:\/\/vieassociative.be\/actualites\/wp-json\/wp\/v2\/tags?post=11363"}],"curies":[{"name":"wp","href":"https:\/\/api.w.org\/{rel}","templated":true}]}}