{"id":11360,"date":"2025-11-17T08:17:32","date_gmt":"2025-11-17T07:17:32","guid":{"rendered":"https:\/\/vieassociative.be\/actualites\/quatre-facons-non-officielles-de-personnaliser-macos\/"},"modified":"2025-11-17T08:17:32","modified_gmt":"2025-11-17T07:17:32","slug":"quatre-facons-non-officielles-de-personnaliser-macos","status":"publish","type":"post","link":"https:\/\/vieassociative.be\/actualites\/quatre-facons-non-officielles-de-personnaliser-macos\/","title":{"rendered":"Quatre fa\u00e7ons non officielles de personnaliser MacOS"},"content":{"rendered":"<div class=\"mt-4 leading-6 md:mb-8\">Des curseurs de souris personnalis\u00e9s aux bureaux anim\u00e9s, personnalisez votre Mac.<\/div>\n<p><\/p>\n<p>MacOS est g\u00e9nial \u00e0 bien des \u00e9gards, mais il est loin d&rsquo;\u00eatre le syst\u00e8me d&rsquo;exploitation le plus personnalisable du march\u00e9. Bien s\u00fbr, il n&rsquo;est pas verrouill\u00e9 dans la mesure o\u00f9 iOS et iPadOS le sont, mais compar\u00e9 \u00e0 Linux et m\u00eame \u00e0 Windows, macOS ne vous permet vraiment pas de changer beaucoup l&rsquo;apparence.<\/p>\n<p>Mais cela ne veut pas dire qu\u2019il n\u2019y a pas de place pour modifier le syst\u00e8me d\u2019exploitation pour le rendre comme vous le souhaitez, si vous savez o\u00f9 chercher. Voici quelques outils tiers qui vous permettent de vous approprier macOS.<\/p>\n<h2 id=\"use-a-custom-cursor\">Utiliser un curseur personnalis\u00e9<\/h2>\n<p>Il est assez simple de modifier l&rsquo;apparence du pointeur de la souris sous Windows et Linux : il vous suffit de fouiller dans les param\u00e8tres. Sur macOS, vous pouvez uniquement modifier la taille du pointeur.<\/p>\n<div class=\"mx-auto mb-12 mt-5 w-full max-w-3xl rounded-md border-2 border-gray-100 p-3 shadow-md md:px-7 md:pb-7 md:pt-5\" id=\"related-video\">\n<div class=\"mb-3 flex items-center md:mb-5\">\n        <img decoding=\"async\" class=\"mr-4 mt-0 h-10 w-10 md:mr-5 md:h-12 md:w-12\" src=\"https:\/\/vieassociative.be\/actualites\/wp-content\/uploads\/2025\/09\/1757726237_608_Meta-pourrait-devoiler-une-montre-intelligente-pour-controler-ses-lunettes.jpg\" alt=\"Logo du pirate de la vie\"><\/p><\/div>\n<div class=\"aspect-video w-full overflow-hidden rounded-md\">\n<div id=\"video-container-01KA89NDJ7XVARGR5Y9HZJHX9H\"><\/div>\n<\/p><\/div>\n<\/div>\n<p>\u00c0 moins que vous n\u2019installiez Mousecape gratuit et open source. Cette application vous permet de cr\u00e9er un curseur, puis de l&rsquo;utiliser \u00e0 la place de ceux par d\u00e9faut du syst\u00e8me. Vous pouvez \u00e9galement installer des curseurs cr\u00e9\u00e9s par d&rsquo;autres. Il n&rsquo;y a malheureusement pas de collection centralis\u00e9e de curseurs pour cela, mais j&rsquo;ai trouv\u00e9 une main amusante sur Github, des curseurs Wii et une collection d\u00e9cente sur DeviantArt. Vous pouvez \u00e9galement essayer de cr\u00e9er votre propre ensemble.<\/p>\n<p>Notez que les utilisateurs de Tahoe devront t\u00e9l\u00e9charger un fork mis \u00e0 jour pour pouvoir utiliser Mousecape \u2013 la version principale ne fonctionne pas pour le moment. Vous devrez installer un t\u00e9l\u00e9chargement pr\u00e9liminaire au moment d&rsquo;\u00e9crire ces lignes.<\/p>\n<h2 id=\"use-any-website-as-your-wallpaper\">Utilisez n\u2019importe quel site Web comme fond d\u2019\u00e9cran<\/h2>\n<div class=\"eloquent-imagery-image\">\n<div class=\"flex justify-center\">\n                    <img decoding=\"async\" class=\"border border-gray-100\" src=\"https:\/\/vieassociative.be\/actualites\/wp-content\/uploads\/2025\/11\/Quatre-facons-non-officielles-de-personnaliser-MacOS.webp.webp\" alt=\"Un fond d\u2019\u00e9cran cyberpunk pixel art derri\u00e8re le bureau macOS standard\" width=\"2000\" height=\"1125\" loading=\"lazy\"  >\n            <\/div>\n<\/p><\/div>\n<p>De superbes fonds d&rsquo;\u00e9cran, notamment dynamiques, sont inclus avec macOS. Il existe \u00e9galement la possibilit\u00e9 d&rsquo;utiliser vos propres photos. Mais ce que macOS n&rsquo;offre pas, ce sont des fonds d&rsquo;\u00e9cran anim\u00e9s personnalis\u00e9s.<\/p>\n<p>Entrez Plash. Cette application gratuite vous permet de transformer n&rsquo;importe quel site Web en fond d&rsquo;\u00e9cran macOS, ce qui ouvre toutes sortes de possibilit\u00e9s interactives. Quelques sites inclus vous permettent de regarder par la fen\u00eatre d&rsquo;un inconnu au hasard, de voir des donn\u00e9es m\u00e9t\u00e9orologiques en temps r\u00e9el ou d&rsquo;admirer du pixel art anim\u00e9, mais vous pouvez utiliser n&rsquo;importe quel site Web auquel vous pouvez penser. C&rsquo;est tr\u00e8s amusant de jouer avec.<\/p>\n<h2 id=\"clean-up-the-menu-bar\">Nettoyer la barre de menu<\/h2>\n<div class=\"eloquent-imagery-image\">\n<div class=\"flex justify-center\">\n                    <img decoding=\"async\" class=\"border border-gray-100\" src=\"https:\/\/vieassociative.be\/actualites\/wp-content\/uploads\/2025\/11\/1763363851_100_Quatre-facons-non-officielles-de-personnaliser-MacOS.webp.webp\" alt=\"Ice fonctionnant sur un Mac, masquant la plupart des ic\u00f4nes qui autrement obstrueraient la barre de menus\" width=\"2000\" height=\"950\" loading=\"lazy\"  >\n            <\/div>\n<\/p><\/div>\n<p>La barre de menus de macOS est un peu en d\u00e9sordre. Windows permet de masquer relativement facilement les ic\u00f4nes en les faisant glisser vers une zone secondaire. Apple n&rsquo;avait rien propos\u00e9 de tel jusqu&rsquo;\u00e0 Tahoe, qui a ajout\u00e9 un moyen de d\u00e9sactiver n&rsquo;importe quelle ic\u00f4ne dans les param\u00e8tres. Le probl\u00e8me : c&rsquo;est tout ou rien. Cachez une ic\u00f4ne dans les param\u00e8tres et il n&rsquo;y a pas de moyen rapide d&rsquo;y acc\u00e9der autre que de revenir dans les param\u00e8tres et de la r\u00e9activer.<\/p>\n<p>Pour cela, vous aurez besoin d&rsquo;une application tierce. Je recommande personnellement Ice, qui est la meilleure application gratuite pour nettoyer votre barre de menus. Mon coll\u00e8gue Pranay recommande Barbee, une autre excellente option. Les deux facilitent le masquage des ic\u00f4nes de la barre de menus dans une barre secondaire accessible en appuyant sur une ic\u00f4ne, de la m\u00eame mani\u00e8re que cela fonctionne sous Windows. Chaque utilisateur de Mac devrait installer une sorte d&rsquo;outil comme celui-ci.<\/p>\n<h2 id=\"change-your-folder-icons\">Changez les ic\u00f4nes de vos dossiers<\/h2>\n<div class=\"eloquent-imagery-image\">\n<div class=\"flex justify-center\">\n                    <img decoding=\"async\" class=\"border border-gray-100\" src=\"https:\/\/vieassociative.be\/actualites\/wp-content\/uploads\/2025\/11\/1763363852_590_Quatre-facons-non-officielles-de-personnaliser-MacOS.webp.webp\" alt=\"Dossiers fantaisie fonctionnant sur macOS cr\u00e9ant un dossier violet avec les lettres \" jhp on theml. width=\"2000\" height=\"1584\" loading=\"lazy\"  >\n            <\/div>\n<\/p><\/div>\n<p>Celui-ci n\u2019est pas exactement officieux, mais il est tellement enterr\u00e9 qu\u2019il pourrait tout aussi bien l\u2019\u00eatre. Vous pouvez modifier l&rsquo;ic\u00f4ne de n&rsquo;importe quel dossier, document ou m\u00eame application en cliquant dessus avec le bouton droit, en cliquant sur \u00ab\u00a0Obtenir des informations\u00a0\u00bb, puis en faisant glisser une image vers l&rsquo;ic\u00f4ne dans la fen\u00eatre qui s&rsquo;ouvre. Bizarre, non ? Mais cela fonctionne, ce qui signifie que vous pouvez personnaliser les dossiers pour qu&rsquo;ils aient l&rsquo;apparence que vous souhaitez. J&rsquo;en ai parl\u00e9 dans un article avec plus de d\u00e9tails.<\/p>\n<p>Cela devient vraiment amusant si vous installez Fancy Folders, une application gratuite vue dans l&rsquo;image ci-dessus qui vous permet de cr\u00e9er des ic\u00f4nes de dossier dans la couleur de votre choix, compl\u00e9t\u00e9es par le texte ou l&rsquo;ic\u00f4ne de votre choix. C&rsquo;est tr\u00e8s amusant \u00e0 jouer et peut \u00eatre tr\u00e8s utile pour garder les choses visuellement organis\u00e9es.<\/p>\n","protected":false},"excerpt":{"rendered":"<p>Des curseurs de souris personnalis\u00e9s aux bureaux anim\u00e9s, personnalisez votre Mac. MacOS est g\u00e9nial \u00e0 bien des \u00e9gards, mais il est loin d&rsquo;\u00eatre le syst\u00e8me<\/p>\n","protected":false},"author":1,"featured_media":11361,"comment_status":"","ping_status":"","sticky":false,"template":"","format":"standard","meta":{"footnotes":""},"categories":[13],"tags":[119,7388,9267,281,1435],"class_list":["post-11360","post","type-post","status-publish","format-standard","has-post-thumbnail","hentry","category-technologie","tag-facons","tag-macos","tag-officielles","tag-personnaliser","tag-quatre","generate-columns","tablet-grid-50","mobile-grid-100","grid-parent","grid-33"],"yoast_head":"<!-- This site is optimized with the Yoast SEO plugin v24.0 - https:\/\/yoast.com\/wordpress\/plugins\/seo\/ -->\n<title>Quatre fa\u00e7ons non officielles de personnaliser MacOS | Vie Associative<\/title>\n<meta name=\"robots\" content=\"index, follow, max-snippet:-1, max-image-preview:large, max-video-preview:-1\" \/>\n<link rel=\"canonical\" href=\"https:\/\/vieassociative.be\/actualites\/quatre-facons-non-officielles-de-personnaliser-macos\/\" \/>\n<meta property=\"og:locale\" content=\"fr_FR\" \/>\n<meta property=\"og:type\" content=\"article\" \/>\n<meta property=\"og:title\" content=\"Quatre fa\u00e7ons non officielles de personnaliser MacOS | Vie Associative\" \/>\n<meta property=\"og:description\" content=\"Des curseurs de souris personnalis\u00e9s aux bureaux anim\u00e9s, personnalisez votre Mac. MacOS est g\u00e9nial \u00e0 bien des \u00e9gards, mais il est loin d&rsquo;\u00eatre le syst\u00e8me\" \/>\n<meta property=\"og:url\" content=\"https:\/\/vieassociative.be\/actualites\/quatre-facons-non-officielles-de-personnaliser-macos\/\" \/>\n<meta property=\"og:site_name\" content=\"Vie Associative\" \/>\n<meta property=\"article:published_time\" content=\"2025-11-17T07:17:32+00:00\" \/>\n<meta property=\"og:image\" content=\"https:\/\/vieassociative.be\/actualites\/wp-content\/uploads\/2025\/09\/1757726237_608_Meta-pourrait-devoiler-une-montre-intelligente-pour-controler-ses-lunettes.jpg\" \/>\n<meta name=\"author\" content=\"Julien\" \/>\n<meta name=\"twitter:card\" content=\"summary_large_image\" \/>\n<meta name=\"twitter:label1\" content=\"\u00c9crit par\" \/>\n\t<meta name=\"twitter:data1\" content=\"Julien\" \/>\n\t<meta name=\"twitter:label2\" content=\"Dur\u00e9e de lecture est.\" \/>\n\t<meta name=\"twitter:data2\" content=\"4 minutes\" \/>\n<script type=\"application\/ld+json\" class=\"yoast-schema-graph\">{\"@context\":\"https:\/\/schema.org\",\"@graph\":[{\"@type\":\"Article\",\"@id\":\"https:\/\/vieassociative.be\/actualites\/quatre-facons-non-officielles-de-personnaliser-macos\/#article\",\"isPartOf\":{\"@id\":\"https:\/\/vieassociative.be\/actualites\/quatre-facons-non-officielles-de-personnaliser-macos\/\"},\"author\":{\"name\":\"Julien\",\"@id\":\"https:\/\/vieassociative.be\/actualites\/#\/schema\/person\/b87ac4f82f9d4e7b7cec7395b679edc4\"},\"headline\":\"Quatre fa\u00e7ons non officielles de personnaliser MacOS\",\"datePublished\":\"2025-11-17T07:17:32+00:00\",\"dateModified\":\"2025-11-17T07:17:32+00:00\",\"mainEntityOfPage\":{\"@id\":\"https:\/\/vieassociative.be\/actualites\/quatre-facons-non-officielles-de-personnaliser-macos\/\"},\"wordCount\":781,\"publisher\":{\"@id\":\"https:\/\/vieassociative.be\/actualites\/#organization\"},\"image\":{\"@id\":\"https:\/\/vieassociative.be\/actualites\/quatre-facons-non-officielles-de-personnaliser-macos\/#primaryimage\"},\"thumbnailUrl\":\"https:\/\/vieassociative.be\/actualites\/wp-content\/uploads\/2025\/11\/Quatre-facons-non-officielles-de-personnaliser-MacOS.png\",\"keywords\":[\"fa\u00e7ons\",\"MacOS\",\"officielles\",\"personnaliser\",\"Quatre\"],\"articleSection\":[\"Technologie\"],\"inLanguage\":\"fr-BE\"},{\"@type\":\"WebPage\",\"@id\":\"https:\/\/vieassociative.be\/actualites\/quatre-facons-non-officielles-de-personnaliser-macos\/\",\"url\":\"https:\/\/vieassociative.be\/actualites\/quatre-facons-non-officielles-de-personnaliser-macos\/\",\"name\":\"Quatre fa\u00e7ons non officielles de personnaliser MacOS | Vie Associative\",\"isPartOf\":{\"@id\":\"https:\/\/vieassociative.be\/actualites\/#website\"},\"primaryImageOfPage\":{\"@id\":\"https:\/\/vieassociative.be\/actualites\/quatre-facons-non-officielles-de-personnaliser-macos\/#primaryimage\"},\"image\":{\"@id\":\"https:\/\/vieassociative.be\/actualites\/quatre-facons-non-officielles-de-personnaliser-macos\/#primaryimage\"},\"thumbnailUrl\":\"https:\/\/vieassociative.be\/actualites\/wp-content\/uploads\/2025\/11\/Quatre-facons-non-officielles-de-personnaliser-MacOS.png\",\"datePublished\":\"2025-11-17T07:17:32+00:00\",\"dateModified\":\"2025-11-17T07:17:32+00:00\",\"breadcrumb\":{\"@id\":\"https:\/\/vieassociative.be\/actualites\/quatre-facons-non-officielles-de-personnaliser-macos\/#breadcrumb\"},\"inLanguage\":\"fr-BE\",\"potentialAction\":[{\"@type\":\"ReadAction\",\"target\":[\"https:\/\/vieassociative.be\/actualites\/quatre-facons-non-officielles-de-personnaliser-macos\/\"]}]},{\"@type\":\"ImageObject\",\"inLanguage\":\"fr-BE\",\"@id\":\"https:\/\/vieassociative.be\/actualites\/quatre-facons-non-officielles-de-personnaliser-macos\/#primaryimage\",\"url\":\"https:\/\/vieassociative.be\/actualites\/wp-content\/uploads\/2025\/11\/Quatre-facons-non-officielles-de-personnaliser-MacOS.png\",\"contentUrl\":\"https:\/\/vieassociative.be\/actualites\/wp-content\/uploads\/2025\/11\/Quatre-facons-non-officielles-de-personnaliser-MacOS.png\",\"width\":1200,\"height\":675,\"caption\":\"Quatre fa\u00e7ons non officielles de personnaliser MacOS\"},{\"@type\":\"BreadcrumbList\",\"@id\":\"https:\/\/vieassociative.be\/actualites\/quatre-facons-non-officielles-de-personnaliser-macos\/#breadcrumb\",\"itemListElement\":[{\"@type\":\"ListItem\",\"position\":1,\"name\":\"Accueil\",\"item\":\"https:\/\/vieassociative.be\/actualites\/\"},{\"@type\":\"ListItem\",\"position\":2,\"name\":\"Quatre fa\u00e7ons non officielles de personnaliser MacOS\"}]},{\"@type\":\"WebSite\",\"@id\":\"https:\/\/vieassociative.be\/actualites\/#website\",\"url\":\"https:\/\/vieassociative.be\/actualites\/\",\"name\":\"Vie Associative\",\"description\":\"\",\"publisher\":{\"@id\":\"https:\/\/vieassociative.be\/actualites\/#organization\"},\"potentialAction\":[{\"@type\":\"SearchAction\",\"target\":{\"@type\":\"EntryPoint\",\"urlTemplate\":\"https:\/\/vieassociative.be\/actualites\/?s={search_term_string}\"},\"query-input\":{\"@type\":\"PropertyValueSpecification\",\"valueRequired\":true,\"valueName\":\"search_term_string\"}}],\"inLanguage\":\"fr-BE\"},{\"@type\":\"Organization\",\"@id\":\"https:\/\/vieassociative.be\/actualites\/#organization\",\"name\":\"Vie Associative\",\"url\":\"https:\/\/vieassociative.be\/actualites\/\",\"logo\":{\"@type\":\"ImageObject\",\"inLanguage\":\"fr-BE\",\"@id\":\"https:\/\/vieassociative.be\/actualites\/#\/schema\/logo\/image\/\",\"url\":\"https:\/\/vieassociative.be\/actualites\/wp-content\/uploads\/2024\/09\/cropped-vieassociative_favicon.ico.png\",\"contentUrl\":\"https:\/\/vieassociative.be\/actualites\/wp-content\/uploads\/2024\/09\/cropped-vieassociative_favicon.ico.png\",\"width\":512,\"height\":512,\"caption\":\"Vie Associative\"},\"image\":{\"@id\":\"https:\/\/vieassociative.be\/actualites\/#\/schema\/logo\/image\/\"}},{\"@type\":\"Person\",\"@id\":\"https:\/\/vieassociative.be\/actualites\/#\/schema\/person\/b87ac4f82f9d4e7b7cec7395b679edc4\",\"name\":\"Julien\",\"image\":{\"@type\":\"ImageObject\",\"inLanguage\":\"fr-BE\",\"@id\":\"https:\/\/vieassociative.be\/actualites\/#\/schema\/person\/image\/\",\"url\":\"https:\/\/vieassociative.be\/actualites\/wp-content\/uploads\/2024\/09\/vie-associative-1-150x150.jpg\",\"contentUrl\":\"https:\/\/vieassociative.be\/actualites\/wp-content\/uploads\/2024\/09\/vie-associative-1-150x150.jpg\",\"caption\":\"Julien\"},\"description\":\"Je suis Julien, r\u00e9dacteur pour Vie Associative. Passionn\u00e9 par le monde associatif depuis plus de 10 ans, j'ai \u00e0 c\u0153ur de partager des histoires inspirantes et de mettre en lumi\u00e8re les initiatives locales. Mon objectif est de sensibiliser et d'encourager l'engagement communautaire \u00e0 travers mes articles.\",\"sameAs\":[\"https:\/\/vieassociative.be\/\"]}]}<\/script>\n<!-- \/ Yoast SEO plugin. -->","yoast_head_json":{"title":"Quatre fa\u00e7ons non officielles de personnaliser MacOS | Vie Associative","robots":{"index":"index","follow":"follow","max-snippet":"max-snippet:-1","max-image-preview":"max-image-preview:large","max-video-preview":"max-video-preview:-1"},"canonical":"https:\/\/vieassociative.be\/actualites\/quatre-facons-non-officielles-de-personnaliser-macos\/","og_locale":"fr_FR","og_type":"article","og_title":"Quatre fa\u00e7ons non officielles de personnaliser MacOS | Vie Associative","og_description":"Des curseurs de souris personnalis\u00e9s aux bureaux anim\u00e9s, personnalisez votre Mac. MacOS est g\u00e9nial \u00e0 bien des \u00e9gards, mais il est loin d&rsquo;\u00eatre le syst\u00e8me","og_url":"https:\/\/vieassociative.be\/actualites\/quatre-facons-non-officielles-de-personnaliser-macos\/","og_site_name":"Vie Associative","article_published_time":"2025-11-17T07:17:32+00:00","og_image":[{"url":"https:\/\/vieassociative.be\/actualites\/wp-content\/uploads\/2025\/09\/1757726237_608_Meta-pourrait-devoiler-une-montre-intelligente-pour-controler-ses-lunettes.jpg","type":"","width":"","height":""}],"author":"Julien","twitter_card":"summary_large_image","twitter_misc":{"\u00c9crit par":"Julien","Dur\u00e9e de lecture est.":"4 minutes"},"schema":{"@context":"https:\/\/schema.org","@graph":[{"@type":"Article","@id":"https:\/\/vieassociative.be\/actualites\/quatre-facons-non-officielles-de-personnaliser-macos\/#article","isPartOf":{"@id":"https:\/\/vieassociative.be\/actualites\/quatre-facons-non-officielles-de-personnaliser-macos\/"},"author":{"name":"Julien","@id":"https:\/\/vieassociative.be\/actualites\/#\/schema\/person\/b87ac4f82f9d4e7b7cec7395b679edc4"},"headline":"Quatre fa\u00e7ons non officielles de personnaliser MacOS","datePublished":"2025-11-17T07:17:32+00:00","dateModified":"2025-11-17T07:17:32+00:00","mainEntityOfPage":{"@id":"https:\/\/vieassociative.be\/actualites\/quatre-facons-non-officielles-de-personnaliser-macos\/"},"wordCount":781,"publisher":{"@id":"https:\/\/vieassociative.be\/actualites\/#organization"},"image":{"@id":"https:\/\/vieassociative.be\/actualites\/quatre-facons-non-officielles-de-personnaliser-macos\/#primaryimage"},"thumbnailUrl":"https:\/\/vieassociative.be\/actualites\/wp-content\/uploads\/2025\/11\/Quatre-facons-non-officielles-de-personnaliser-MacOS.png","keywords":["fa\u00e7ons","MacOS","officielles","personnaliser","Quatre"],"articleSection":["Technologie"],"inLanguage":"fr-BE"},{"@type":"WebPage","@id":"https:\/\/vieassociative.be\/actualites\/quatre-facons-non-officielles-de-personnaliser-macos\/","url":"https:\/\/vieassociative.be\/actualites\/quatre-facons-non-officielles-de-personnaliser-macos\/","name":"Quatre fa\u00e7ons non officielles de personnaliser MacOS | Vie Associative","isPartOf":{"@id":"https:\/\/vieassociative.be\/actualites\/#website"},"primaryImageOfPage":{"@id":"https:\/\/vieassociative.be\/actualites\/quatre-facons-non-officielles-de-personnaliser-macos\/#primaryimage"},"image":{"@id":"https:\/\/vieassociative.be\/actualites\/quatre-facons-non-officielles-de-personnaliser-macos\/#primaryimage"},"thumbnailUrl":"https:\/\/vieassociative.be\/actualites\/wp-content\/uploads\/2025\/11\/Quatre-facons-non-officielles-de-personnaliser-MacOS.png","datePublished":"2025-11-17T07:17:32+00:00","dateModified":"2025-11-17T07:17:32+00:00","breadcrumb":{"@id":"https:\/\/vieassociative.be\/actualites\/quatre-facons-non-officielles-de-personnaliser-macos\/#breadcrumb"},"inLanguage":"fr-BE","potentialAction":[{"@type":"ReadAction","target":["https:\/\/vieassociative.be\/actualites\/quatre-facons-non-officielles-de-personnaliser-macos\/"]}]},{"@type":"ImageObject","inLanguage":"fr-BE","@id":"https:\/\/vieassociative.be\/actualites\/quatre-facons-non-officielles-de-personnaliser-macos\/#primaryimage","url":"https:\/\/vieassociative.be\/actualites\/wp-content\/uploads\/2025\/11\/Quatre-facons-non-officielles-de-personnaliser-MacOS.png","contentUrl":"https:\/\/vieassociative.be\/actualites\/wp-content\/uploads\/2025\/11\/Quatre-facons-non-officielles-de-personnaliser-MacOS.png","width":1200,"height":675,"caption":"Quatre fa\u00e7ons non officielles de personnaliser MacOS"},{"@type":"BreadcrumbList","@id":"https:\/\/vieassociative.be\/actualites\/quatre-facons-non-officielles-de-personnaliser-macos\/#breadcrumb","itemListElement":[{"@type":"ListItem","position":1,"name":"Accueil","item":"https:\/\/vieassociative.be\/actualites\/"},{"@type":"ListItem","position":2,"name":"Quatre fa\u00e7ons non officielles de personnaliser MacOS"}]},{"@type":"WebSite","@id":"https:\/\/vieassociative.be\/actualites\/#website","url":"https:\/\/vieassociative.be\/actualites\/","name":"Vie Associative","description":"","publisher":{"@id":"https:\/\/vieassociative.be\/actualites\/#organization"},"potentialAction":[{"@type":"SearchAction","target":{"@type":"EntryPoint","urlTemplate":"https:\/\/vieassociative.be\/actualites\/?s={search_term_string}"},"query-input":{"@type":"PropertyValueSpecification","valueRequired":true,"valueName":"search_term_string"}}],"inLanguage":"fr-BE"},{"@type":"Organization","@id":"https:\/\/vieassociative.be\/actualites\/#organization","name":"Vie Associative","url":"https:\/\/vieassociative.be\/actualites\/","logo":{"@type":"ImageObject","inLanguage":"fr-BE","@id":"https:\/\/vieassociative.be\/actualites\/#\/schema\/logo\/image\/","url":"https:\/\/vieassociative.be\/actualites\/wp-content\/uploads\/2024\/09\/cropped-vieassociative_favicon.ico.png","contentUrl":"https:\/\/vieassociative.be\/actualites\/wp-content\/uploads\/2024\/09\/cropped-vieassociative_favicon.ico.png","width":512,"height":512,"caption":"Vie Associative"},"image":{"@id":"https:\/\/vieassociative.be\/actualites\/#\/schema\/logo\/image\/"}},{"@type":"Person","@id":"https:\/\/vieassociative.be\/actualites\/#\/schema\/person\/b87ac4f82f9d4e7b7cec7395b679edc4","name":"Julien","image":{"@type":"ImageObject","inLanguage":"fr-BE","@id":"https:\/\/vieassociative.be\/actualites\/#\/schema\/person\/image\/","url":"https:\/\/vieassociative.be\/actualites\/wp-content\/uploads\/2024\/09\/vie-associative-1-150x150.jpg","contentUrl":"https:\/\/vieassociative.be\/actualites\/wp-content\/uploads\/2024\/09\/vie-associative-1-150x150.jpg","caption":"Julien"},"description":"Je suis Julien, r\u00e9dacteur pour Vie Associative. Passionn\u00e9 par le monde associatif depuis plus de 10 ans, j'ai \u00e0 c\u0153ur de partager des histoires inspirantes et de mettre en lumi\u00e8re les initiatives locales. Mon objectif est de sensibiliser et d'encourager l'engagement communautaire \u00e0 travers mes articles.","sameAs":["https:\/\/vieassociative.be\/"]}]}},"_links":{"self":[{"href":"https:\/\/vieassociative.be\/actualites\/wp-json\/wp\/v2\/posts\/11360"}],"collection":[{"href":"https:\/\/vieassociative.be\/actualites\/wp-json\/wp\/v2\/posts"}],"about":[{"href":"https:\/\/vieassociative.be\/actualites\/wp-json\/wp\/v2\/types\/post"}],"author":[{"embeddable":true,"href":"https:\/\/vieassociative.be\/actualites\/wp-json\/wp\/v2\/users\/1"}],"replies":[{"embeddable":true,"href":"https:\/\/vieassociative.be\/actualites\/wp-json\/wp\/v2\/comments?post=11360"}],"version-history":[{"count":0,"href":"https:\/\/vieassociative.be\/actualites\/wp-json\/wp\/v2\/posts\/11360\/revisions"}],"wp:featuredmedia":[{"embeddable":true,"href":"https:\/\/vieassociative.be\/actualites\/wp-json\/wp\/v2\/media\/11361"}],"wp:attachment":[{"href":"https:\/\/vieassociative.be\/actualites\/wp-json\/wp\/v2\/media?parent=11360"}],"wp:term":[{"taxonomy":"category","embeddable":true,"href":"https:\/\/vieassociative.be\/actualites\/wp-json\/wp\/v2\/categories?post=11360"},{"taxonomy":"post_tag","embeddable":true,"href":"https:\/\/vieassociative.be\/actualites\/wp-json\/wp\/v2\/tags?post=11360"}],"curies":[{"name":"wp","href":"https:\/\/api.w.org\/{rel}","templated":true}]}}