{"id":11355,"date":"2025-11-16T20:18:05","date_gmt":"2025-11-16T19:18:05","guid":{"rendered":"https:\/\/vieassociative.be\/actualites\/les-garmin-forerunner-265-et-965-nont-jamais-ete-vendus-a-un-prix-aussi-bas\/"},"modified":"2025-11-16T20:18:05","modified_gmt":"2025-11-16T19:18:05","slug":"les-garmin-forerunner-265-et-965-nont-jamais-ete-vendus-a-un-prix-aussi-bas","status":"publish","type":"post","link":"https:\/\/vieassociative.be\/actualites\/les-garmin-forerunner-265-et-965-nont-jamais-ete-vendus-a-un-prix-aussi-bas\/","title":{"rendered":"Les Garmin Forerunner 265 et 965 n&rsquo;ont jamais \u00e9t\u00e9 vendus \u00e0 un prix aussi bas"},"content":{"rendered":"<div class=\"mt-4 leading-6 md:mb-8\">\u00c0 299 $ et 449 $, ces deux montres b\u00e9n\u00e9ficient d&rsquo;une r\u00e9duction de 150 $, avant le Black Friday.<\/div>\n<p><\/p>\n<p>Pendant que je r\u00e9fl\u00e9chissais aux prix de vente que nous pourrions voir lors du Black Friday, Garmin vient de baisser les prix de plusieurs de ses montres. Les Forerunner 265 et 965 sont \u00e0 leurs prix les plus bas jamais vus, tous deux de 150 $. Plusieurs autres montres connaissent \u00e9galement des ventes \u00e9tonnamment bonnes. <\/p>\n<div class=\"shadow-b-2 mb-12 mt-10 rounded-md border-2 border-(#F0F0F0) px-6 py-2 shadow-lg md:px-12\" role=\"region\" aria-label=\"Products List\" x-data=\"{ showMore: false }\">\n<div class=\"flex w-full gap-x-5\">\n<div class=\"flex w-full flex-col flex-nowrap justify-center gap-2 text-black no-underline md:order-2 md:gap-y-6\">\n<div class=\"flex flex-col justify-between gap-y-2 md:w-full md:gap-y-1\">\n<div class=\"block w-fit cursor-pointer font-akshar text-lg font-medium leading-5 text-brand-green duration-200 ease-in-out hover:text-brand-green-700 md:text-xl md:leading-6\">\n<p>                            Montre intelligente de course Garmin Forerunner 265\n                        <\/p><\/div>\n<\/p><\/div>\n<div class=\"hidden md:flex md:justify-between md:gap-x-4\">\n<div class=\"w-full mb-0 md:flex md:flex-col md:justify-center font-sans leading-4 text-black\">\n<div class=\"flex flex-wrap items-center justify-center gap-1 md:justify-start\">\n        <span class=\"font-bold\"><\/p>\n<p>            299,99\u00a0$<br \/>\n                            <span class=\"font-medium\">chez Amazon<\/span><br \/>\n                    <\/span>\n            <\/div>\n<div class=\"flex items-center justify-center gap-x-1 font-bold md:justify-start\">\n            <span class=\"text-sm line-through\">449,99\u00a0$<\/span><br \/>\n            <span class=\"text-sm text-brand-green\">\u00c9conomisez 150,00\u00a0$<\/span>\n        <\/div>\n<\/p><\/div>\n<p>                            <button class=\"flex justify-center items-center w-full bg-brand-green text-white text-base font-sans font-medium rounded-md hover:bg-brand-green-700 hover:cursor-pointer md:text-sm hidden self-end h-12 max-w-(10rem) duration-200 ease-in-out hover:bg-brand-green-700 md:flex md:h-10\"><\/p>\n<p>    Obtenez une offre<br \/>\n<\/button>\n                        <\/div>\n<\/p><\/div>\n<div class=\"flex aspect-video h-(90px) shrink-0 items-center justify-center self-center md:order-1\">\n                        <img decoding=\"async\" class=\"m-0 max-h-full max-w-full rounded-md\" src=\"https:\/\/vieassociative.be\/actualites\/wp-content\/uploads\/2025\/05\/Le-Garmin-Forerunner-265-est-de-100-de-rabais.jpg\" alt=\"Montre intelligente de course Garmin Forerunner 265\" width=\"auto\" height=\"auto\" loading=\"lazy\">\n                    <\/div>\n<\/p><\/div>\n<p>                            <button class=\"flex justify-center items-center w-full bg-brand-green text-white text-base font-sans font-medium rounded-md hover:bg-brand-green-700 hover:cursor-pointer md:text-sm w-full h-12 duration-200 ease-in-out hover:bg-brand-green-700 md:hidden md:h-10\"><\/p>\n<p>    Obtenez une offre<br \/>\n<\/button><\/p>\n<div class=\"flex flex-col items-center w-full md:hidden font-sans leading-4 text-black\">\n<div class=\"flex flex-wrap items-center justify-center gap-1 md:justify-start\">\n        <span class=\"font-bold\"><\/p>\n<p>            299,99\u00a0$<br \/>\n                            <span class=\"font-medium\">chez Amazon<\/span><br \/>\n                    <\/span>\n            <\/div>\n<div class=\"flex items-center justify-center gap-x-1 font-bold md:justify-start\">\n            <span class=\"text-sm line-through\">449,99\u00a0$<\/span><br \/>\n            <span class=\"text-sm text-brand-green\">\u00c9conomisez 150,00\u00a0$<\/span>\n        <\/div>\n<\/p><\/div>\n<div class=\"flex w-full gap-x-5\">\n<div class=\"flex w-full flex-col flex-nowrap justify-center gap-2 text-black no-underline md:order-2 md:gap-y-6\">\n<div class=\"flex flex-col justify-between gap-y-2 md:w-full md:gap-y-1\">\n<div class=\"block w-fit cursor-pointer font-akshar text-lg font-medium leading-5 text-brand-green duration-200 ease-in-out hover:text-brand-green-700 md:text-xl md:leading-6\">\n<p>                            Montre intelligente de course Garmin Forerunner 265S, \u00e9cran AMOLED color\u00e9, mesures d&rsquo;entra\u00eenement et informations de r\u00e9cup\u00e9ration, rose clair et gris poudr\u00e9\n                        <\/p><\/div>\n<\/p><\/div>\n<div class=\"hidden md:flex md:justify-between md:gap-x-4\">\n<div class=\"w-full mb-0 md:flex md:flex-col md:justify-center font-sans leading-4 text-black\">\n<div class=\"flex flex-wrap items-center justify-center gap-1 md:justify-start\">\n        <span class=\"font-bold\"><\/p>\n<p>            299,99\u00a0$<br \/>\n                            <span class=\"font-medium\">chez Amazon<\/span><br \/>\n                    <\/span>\n            <\/div>\n<div class=\"flex items-center justify-center gap-x-1 font-bold md:justify-start\">\n            <span class=\"text-sm line-through\">449,99\u00a0$<\/span><br \/>\n            <span class=\"text-sm text-brand-green\">\u00c9conomisez 150,00\u00a0$<\/span>\n        <\/div>\n<\/p><\/div>\n<p>                            <button class=\"flex justify-center items-center w-full bg-brand-green text-white text-base font-sans font-medium rounded-md hover:bg-brand-green-700 hover:cursor-pointer md:text-sm hidden self-end h-12 max-w-(10rem) duration-200 ease-in-out hover:bg-brand-green-700 md:flex md:h-10\"><\/p>\n<p>    Obtenez une offre<br \/>\n<\/button>\n                        <\/div>\n<\/p><\/div>\n<div class=\"flex aspect-video h-(90px) shrink-0 items-center justify-center self-center md:order-1\">\n                        <img decoding=\"async\" class=\"m-0 max-h-full max-w-full rounded-md\" src=\"https:\/\/vieassociative.be\/actualites\/wp-content\/uploads\/2025\/11\/Les-Garmin-Forerunner-265-et-965-nont-jamais-ete-vendus.jpg\" alt=\"Montre intelligente de course Garmin Forerunner 265S, \u00e9cran AMOLED color\u00e9, mesures d'entra\u00eenement et informations de r\u00e9cup\u00e9ration, rose clair et gris poudr\u00e9\" width=\"auto\" height=\"auto\" loading=\"lazy\">\n                    <\/div>\n<\/p><\/div>\n<p>                            <button class=\"flex justify-center items-center w-full bg-brand-green text-white text-base font-sans font-medium rounded-md hover:bg-brand-green-700 hover:cursor-pointer md:text-sm w-full h-12 duration-200 ease-in-out hover:bg-brand-green-700 md:hidden md:h-10\"><\/p>\n<p>    Obtenez une offre<br \/>\n<\/button><\/p>\n<div class=\"flex flex-col items-center w-full md:hidden font-sans leading-4 text-black\">\n<div class=\"flex flex-wrap items-center justify-center gap-1 md:justify-start\">\n        <span class=\"font-bold\"><\/p>\n<p>            299,99\u00a0$<br \/>\n                            <span class=\"font-medium\">chez Amazon<\/span><br \/>\n                    <\/span>\n            <\/div>\n<div class=\"flex items-center justify-center gap-x-1 font-bold md:justify-start\">\n            <span class=\"text-sm line-through\">449,99\u00a0$<\/span><br \/>\n            <span class=\"text-sm text-brand-green\">\u00c9conomisez 150,00\u00a0$<\/span>\n        <\/div>\n<\/p><\/div>\n<div class=\"flex w-full gap-x-5\">\n<div class=\"flex w-full flex-col flex-nowrap justify-center gap-2 text-black no-underline md:order-2 md:gap-y-6\">\n<div class=\"flex flex-col justify-between gap-y-2 md:w-full md:gap-y-1\">\n<div class=\"block w-fit cursor-pointer font-akshar text-lg font-medium leading-5 text-brand-green duration-200 ease-in-out hover:text-brand-green-700 md:text-xl md:leading-6\">\n<p>                            Montre intelligente de course Garmin Forerunner\u00ae 965, \u00e9cran AMOLED color\u00e9, mesures d&rsquo;entra\u00eenement et informations de r\u00e9cup\u00e9ration, jaune et noir\n                        <\/p><\/div>\n<\/p><\/div>\n<div class=\"hidden md:flex md:justify-between md:gap-x-4\">\n<div class=\"w-full mb-0 md:flex md:flex-col md:justify-center font-sans leading-4 text-black\">\n<div class=\"flex flex-wrap items-center justify-center gap-1 md:justify-start\">\n        <span class=\"font-bold\"><\/p>\n<p>            449,99\u00a0$<br \/>\n                            <span class=\"font-medium\">chez Amazon<\/span><br \/>\n                    <\/span>\n            <\/div>\n<div class=\"flex items-center justify-center gap-x-1 font-bold md:justify-start\">\n            <span class=\"text-sm line-through\">599,99\u00a0$<\/span><br \/>\n            <span class=\"text-sm text-brand-green\">\u00c9conomisez 150,00\u00a0$<\/span>\n        <\/div>\n<\/p><\/div>\n<p>                            <button class=\"flex justify-center items-center w-full bg-brand-green text-white text-base font-sans font-medium rounded-md hover:bg-brand-green-700 hover:cursor-pointer md:text-sm hidden self-end h-12 max-w-(10rem) duration-200 ease-in-out hover:bg-brand-green-700 md:flex md:h-10\"><\/p>\n<p>    Obtenez une offre<br \/>\n<\/button>\n                        <\/div>\n<\/p><\/div>\n<div class=\"flex aspect-video h-(90px) shrink-0 items-center justify-center self-center md:order-1\">\n                        <img decoding=\"async\" class=\"m-0 max-h-full max-w-full rounded-md\" src=\"https:\/\/vieassociative.be\/actualites\/wp-content\/uploads\/2025\/11\/1763320685_290_Les-Garmin-Forerunner-265-et-965-nont-jamais-ete-vendus.jpg\" alt=\"Montre intelligente de course Garmin Forerunner\u00ae 965, \u00e9cran AMOLED color\u00e9, mesures d'entra\u00eenement et informations de r\u00e9cup\u00e9ration, jaune et noir\" width=\"auto\" height=\"auto\" loading=\"lazy\">\n                    <\/div>\n<\/p><\/div>\n<p>                            <button class=\"flex justify-center items-center w-full bg-brand-green text-white text-base font-sans font-medium rounded-md hover:bg-brand-green-700 hover:cursor-pointer md:text-sm w-full h-12 duration-200 ease-in-out hover:bg-brand-green-700 md:hidden md:h-10\"><\/p>\n<p>    Obtenez une offre<br \/>\n<\/button><\/p>\n<div class=\"flex flex-col items-center w-full md:hidden font-sans leading-4 text-black\">\n<div class=\"flex flex-wrap items-center justify-center gap-1 md:justify-start\">\n        <span class=\"font-bold\"><\/p>\n<p>            449,99\u00a0$<br \/>\n                            <span class=\"font-medium\">chez Amazon<\/span><br \/>\n                    <\/span>\n            <\/div>\n<div class=\"flex items-center justify-center gap-x-1 font-bold md:justify-start\">\n            <span class=\"text-sm line-through\">599,99\u00a0$<\/span><br \/>\n            <span class=\"text-sm text-brand-green\">\u00c9conomisez 150,00\u00a0$<\/span>\n        <\/div>\n<\/p><\/div>\n<\/div>\n<p>La Garmin Forerunner 265 est l\u2019une de mes montres de course pr\u00e9f\u00e9r\u00e9es, et vous pouvez lire ma critique ici. Elle dispose d&rsquo;un \u00e9cran AMOLED, de toutes sortes de mesures d&rsquo;entra\u00eenement avanc\u00e9es, d&rsquo;un GPS double bande et peut se connecter \u00e0 un capteur de puissance de v\u00e9lo, pour ne citer que quelques-unes des fonctionnalit\u00e9s qui la distinguent des autres montres. J&rsquo;en poss\u00e8de un moi-m\u00eame et je le recommande vivement. Son prix initial \u00e9tait de 449,99 $, mais il est parfois en vente \u00e0 50 $ ou 100 $ de r\u00e9duction. C&rsquo;\u00e9tait 100 $ de r\u00e9duction pour le Black Friday de l&rsquo;ann\u00e9e derni\u00e8re, et il a parfois baiss\u00e9 jusqu&rsquo;\u00e0 ce prix depuis la sortie du Forerunner 570 cette ann\u00e9e. (Le 570 propose essentiellement plus de 265 fonctionnalit\u00e9s vocales, et il n&rsquo;est pas encore en vente cette ann\u00e9e\u00a0?)<\/p>\n<p>Les deux tailles sont d\u00e9sormais en vente : le 265 de 46 millim\u00e8tres et la version plus petite, le 265S de 42 millim\u00e8tres (S pour \u00ab plus petit \u00bb). Les deux sont au m\u00eame prix \u00e0 299,99 $. <\/p>\n<p>Le Forerunner 965 poss\u00e8de les m\u00eames fonctionnalit\u00e9s que le 265, plus quelques extras, dont le plus important concerne les cartes. Normalement 599,99 $, le 965 est en vente au prix de 449,99 $.<\/p>\n<p>Amazon les a marqu\u00e9s comme une \u00ab offre \u00e0 dur\u00e9e limit\u00e9e \u00bb, mais Garmin les a dans son \u00ab guide des cadeaux de vacances \u00bb, sugg\u00e9rant qu&rsquo;il pourrait s&rsquo;agir du prix du Black Friday qui appara\u00eet t\u00f4t. <\/p>\n<p>Egalement en vente : <\/p>\n<ul>\n<li>\n<p>Garmin Forerunner 165\u00a0: 199,99 $ (50 $ de rabais) et 165 Music\u00a0: 249,99 $ (50 $ de rabais)<\/p>\n<\/li>\n<li>\n<p>Garmin Vivoactive 6\u00a0: 249,99 $ (50 $ de rabais). Voir mon avis sur le Garmin Vivoactive 6. <\/p>\n<\/li>\n<\/ul>\n","protected":false},"excerpt":{"rendered":"<p>\u00c0 299 $ et 449 $, ces deux montres b\u00e9n\u00e9ficient d&rsquo;une r\u00e9duction de 150 $, avant le Black Friday. Pendant que je r\u00e9fl\u00e9chissais aux prix<\/p>\n","protected":false},"author":1,"featured_media":11356,"comment_status":"","ping_status":"","sticky":false,"template":"","format":"standard","meta":{"footnotes":""},"categories":[38],"tags":[1350,700,217,6754,3685,851,14,4345,1399,7834],"class_list":["post-11355","post","type-post","status-publish","format-standard","has-post-thumbnail","hentry","category-sante","tag-aussi","tag-bas","tag-ete","tag-forerunner","tag-garmin","tag-jamais","tag-les","tag-nont","tag-prix","tag-vendus","generate-columns","tablet-grid-50","mobile-grid-100","grid-parent","grid-33"],"yoast_head":"<!-- This site is optimized with the Yoast SEO plugin v24.0 - https:\/\/yoast.com\/wordpress\/plugins\/seo\/ -->\n<title>Les Garmin Forerunner 265 et 965 n&#039;ont jamais \u00e9t\u00e9 vendus \u00e0 un prix aussi bas | Vie Associative<\/title>\n<meta name=\"robots\" content=\"index, follow, max-snippet:-1, max-image-preview:large, max-video-preview:-1\" \/>\n<link rel=\"canonical\" href=\"https:\/\/vieassociative.be\/actualites\/les-garmin-forerunner-265-et-965-nont-jamais-ete-vendus-a-un-prix-aussi-bas\/\" \/>\n<meta property=\"og:locale\" content=\"fr_FR\" \/>\n<meta property=\"og:type\" content=\"article\" \/>\n<meta property=\"og:title\" content=\"Les Garmin Forerunner 265 et 965 n&#039;ont jamais \u00e9t\u00e9 vendus \u00e0 un prix aussi bas | Vie Associative\" \/>\n<meta property=\"og:description\" content=\"\u00c0 299 $ et 449 $, ces deux montres b\u00e9n\u00e9ficient d&rsquo;une r\u00e9duction de 150 $, avant le Black Friday. Pendant que je r\u00e9fl\u00e9chissais aux prix\" \/>\n<meta property=\"og:url\" content=\"https:\/\/vieassociative.be\/actualites\/les-garmin-forerunner-265-et-965-nont-jamais-ete-vendus-a-un-prix-aussi-bas\/\" \/>\n<meta property=\"og:site_name\" content=\"Vie Associative\" \/>\n<meta property=\"article:published_time\" content=\"2025-11-16T19:18:05+00:00\" \/>\n<meta property=\"og:image\" content=\"https:\/\/vieassociative.be\/actualites\/wp-content\/uploads\/2025\/05\/Le-Garmin-Forerunner-265-est-de-100-de-rabais.jpg\" \/>\n<meta name=\"author\" content=\"Julien\" \/>\n<meta name=\"twitter:card\" content=\"summary_large_image\" \/>\n<meta name=\"twitter:label1\" content=\"\u00c9crit par\" \/>\n\t<meta name=\"twitter:data1\" content=\"Julien\" \/>\n\t<meta name=\"twitter:label2\" content=\"Dur\u00e9e de lecture est.\" \/>\n\t<meta name=\"twitter:data2\" content=\"2 minutes\" \/>\n<script type=\"application\/ld+json\" class=\"yoast-schema-graph\">{\"@context\":\"https:\/\/schema.org\",\"@graph\":[{\"@type\":\"Article\",\"@id\":\"https:\/\/vieassociative.be\/actualites\/les-garmin-forerunner-265-et-965-nont-jamais-ete-vendus-a-un-prix-aussi-bas\/#article\",\"isPartOf\":{\"@id\":\"https:\/\/vieassociative.be\/actualites\/les-garmin-forerunner-265-et-965-nont-jamais-ete-vendus-a-un-prix-aussi-bas\/\"},\"author\":{\"name\":\"Julien\",\"@id\":\"https:\/\/vieassociative.be\/actualites\/#\/schema\/person\/b87ac4f82f9d4e7b7cec7395b679edc4\"},\"headline\":\"Les Garmin Forerunner 265 et 965 n&rsquo;ont jamais \u00e9t\u00e9 vendus \u00e0 un prix aussi bas\",\"datePublished\":\"2025-11-16T19:18:05+00:00\",\"dateModified\":\"2025-11-16T19:18:05+00:00\",\"mainEntityOfPage\":{\"@id\":\"https:\/\/vieassociative.be\/actualites\/les-garmin-forerunner-265-et-965-nont-jamais-ete-vendus-a-un-prix-aussi-bas\/\"},\"wordCount\":439,\"publisher\":{\"@id\":\"https:\/\/vieassociative.be\/actualites\/#organization\"},\"image\":{\"@id\":\"https:\/\/vieassociative.be\/actualites\/les-garmin-forerunner-265-et-965-nont-jamais-ete-vendus-a-un-prix-aussi-bas\/#primaryimage\"},\"thumbnailUrl\":\"https:\/\/vieassociative.be\/actualites\/wp-content\/uploads\/2025\/11\/Les-Garmin-Forerunner-265-et-965-nont-jamais-ete-vendus.png\",\"keywords\":[\"aussi\",\"bas\",\"\u00e9t\u00e9\",\"Forerunner\",\"Garmin\",\"jamais\",\"Les\",\"nont\",\"prix\",\"vendus\"],\"articleSection\":[\"Sant\u00e9\"],\"inLanguage\":\"fr-BE\"},{\"@type\":\"WebPage\",\"@id\":\"https:\/\/vieassociative.be\/actualites\/les-garmin-forerunner-265-et-965-nont-jamais-ete-vendus-a-un-prix-aussi-bas\/\",\"url\":\"https:\/\/vieassociative.be\/actualites\/les-garmin-forerunner-265-et-965-nont-jamais-ete-vendus-a-un-prix-aussi-bas\/\",\"name\":\"Les Garmin Forerunner 265 et 965 n'ont jamais \u00e9t\u00e9 vendus \u00e0 un prix aussi bas | Vie Associative\",\"isPartOf\":{\"@id\":\"https:\/\/vieassociative.be\/actualites\/#website\"},\"primaryImageOfPage\":{\"@id\":\"https:\/\/vieassociative.be\/actualites\/les-garmin-forerunner-265-et-965-nont-jamais-ete-vendus-a-un-prix-aussi-bas\/#primaryimage\"},\"image\":{\"@id\":\"https:\/\/vieassociative.be\/actualites\/les-garmin-forerunner-265-et-965-nont-jamais-ete-vendus-a-un-prix-aussi-bas\/#primaryimage\"},\"thumbnailUrl\":\"https:\/\/vieassociative.be\/actualites\/wp-content\/uploads\/2025\/11\/Les-Garmin-Forerunner-265-et-965-nont-jamais-ete-vendus.png\",\"datePublished\":\"2025-11-16T19:18:05+00:00\",\"dateModified\":\"2025-11-16T19:18:05+00:00\",\"breadcrumb\":{\"@id\":\"https:\/\/vieassociative.be\/actualites\/les-garmin-forerunner-265-et-965-nont-jamais-ete-vendus-a-un-prix-aussi-bas\/#breadcrumb\"},\"inLanguage\":\"fr-BE\",\"potentialAction\":[{\"@type\":\"ReadAction\",\"target\":[\"https:\/\/vieassociative.be\/actualites\/les-garmin-forerunner-265-et-965-nont-jamais-ete-vendus-a-un-prix-aussi-bas\/\"]}]},{\"@type\":\"ImageObject\",\"inLanguage\":\"fr-BE\",\"@id\":\"https:\/\/vieassociative.be\/actualites\/les-garmin-forerunner-265-et-965-nont-jamais-ete-vendus-a-un-prix-aussi-bas\/#primaryimage\",\"url\":\"https:\/\/vieassociative.be\/actualites\/wp-content\/uploads\/2025\/11\/Les-Garmin-Forerunner-265-et-965-nont-jamais-ete-vendus.png\",\"contentUrl\":\"https:\/\/vieassociative.be\/actualites\/wp-content\/uploads\/2025\/11\/Les-Garmin-Forerunner-265-et-965-nont-jamais-ete-vendus.png\",\"width\":1200,\"height\":675,\"caption\":\"Les Garmin Forerunner 265 et 965 n'ont jamais \u00e9t\u00e9 vendus \u00e0 un prix aussi bas\"},{\"@type\":\"BreadcrumbList\",\"@id\":\"https:\/\/vieassociative.be\/actualites\/les-garmin-forerunner-265-et-965-nont-jamais-ete-vendus-a-un-prix-aussi-bas\/#breadcrumb\",\"itemListElement\":[{\"@type\":\"ListItem\",\"position\":1,\"name\":\"Accueil\",\"item\":\"https:\/\/vieassociative.be\/actualites\/\"},{\"@type\":\"ListItem\",\"position\":2,\"name\":\"Les Garmin Forerunner 265 et 965 n&rsquo;ont jamais \u00e9t\u00e9 vendus \u00e0 un prix aussi bas\"}]},{\"@type\":\"WebSite\",\"@id\":\"https:\/\/vieassociative.be\/actualites\/#website\",\"url\":\"https:\/\/vieassociative.be\/actualites\/\",\"name\":\"Vie Associative\",\"description\":\"\",\"publisher\":{\"@id\":\"https:\/\/vieassociative.be\/actualites\/#organization\"},\"potentialAction\":[{\"@type\":\"SearchAction\",\"target\":{\"@type\":\"EntryPoint\",\"urlTemplate\":\"https:\/\/vieassociative.be\/actualites\/?s={search_term_string}\"},\"query-input\":{\"@type\":\"PropertyValueSpecification\",\"valueRequired\":true,\"valueName\":\"search_term_string\"}}],\"inLanguage\":\"fr-BE\"},{\"@type\":\"Organization\",\"@id\":\"https:\/\/vieassociative.be\/actualites\/#organization\",\"name\":\"Vie Associative\",\"url\":\"https:\/\/vieassociative.be\/actualites\/\",\"logo\":{\"@type\":\"ImageObject\",\"inLanguage\":\"fr-BE\",\"@id\":\"https:\/\/vieassociative.be\/actualites\/#\/schema\/logo\/image\/\",\"url\":\"https:\/\/vieassociative.be\/actualites\/wp-content\/uploads\/2024\/09\/cropped-vieassociative_favicon.ico.png\",\"contentUrl\":\"https:\/\/vieassociative.be\/actualites\/wp-content\/uploads\/2024\/09\/cropped-vieassociative_favicon.ico.png\",\"width\":512,\"height\":512,\"caption\":\"Vie Associative\"},\"image\":{\"@id\":\"https:\/\/vieassociative.be\/actualites\/#\/schema\/logo\/image\/\"}},{\"@type\":\"Person\",\"@id\":\"https:\/\/vieassociative.be\/actualites\/#\/schema\/person\/b87ac4f82f9d4e7b7cec7395b679edc4\",\"name\":\"Julien\",\"image\":{\"@type\":\"ImageObject\",\"inLanguage\":\"fr-BE\",\"@id\":\"https:\/\/vieassociative.be\/actualites\/#\/schema\/person\/image\/\",\"url\":\"https:\/\/vieassociative.be\/actualites\/wp-content\/uploads\/2024\/09\/vie-associative-1-150x150.jpg\",\"contentUrl\":\"https:\/\/vieassociative.be\/actualites\/wp-content\/uploads\/2024\/09\/vie-associative-1-150x150.jpg\",\"caption\":\"Julien\"},\"description\":\"Je suis Julien, r\u00e9dacteur pour Vie Associative. Passionn\u00e9 par le monde associatif depuis plus de 10 ans, j'ai \u00e0 c\u0153ur de partager des histoires inspirantes et de mettre en lumi\u00e8re les initiatives locales. Mon objectif est de sensibiliser et d'encourager l'engagement communautaire \u00e0 travers mes articles.\",\"sameAs\":[\"https:\/\/vieassociative.be\/\"]}]}<\/script>\n<!-- \/ Yoast SEO plugin. -->","yoast_head_json":{"title":"Les Garmin Forerunner 265 et 965 n'ont jamais \u00e9t\u00e9 vendus \u00e0 un prix aussi bas | Vie Associative","robots":{"index":"index","follow":"follow","max-snippet":"max-snippet:-1","max-image-preview":"max-image-preview:large","max-video-preview":"max-video-preview:-1"},"canonical":"https:\/\/vieassociative.be\/actualites\/les-garmin-forerunner-265-et-965-nont-jamais-ete-vendus-a-un-prix-aussi-bas\/","og_locale":"fr_FR","og_type":"article","og_title":"Les Garmin Forerunner 265 et 965 n'ont jamais \u00e9t\u00e9 vendus \u00e0 un prix aussi bas | Vie Associative","og_description":"\u00c0 299 $ et 449 $, ces deux montres b\u00e9n\u00e9ficient d&rsquo;une r\u00e9duction de 150 $, avant le Black Friday. Pendant que je r\u00e9fl\u00e9chissais aux prix","og_url":"https:\/\/vieassociative.be\/actualites\/les-garmin-forerunner-265-et-965-nont-jamais-ete-vendus-a-un-prix-aussi-bas\/","og_site_name":"Vie Associative","article_published_time":"2025-11-16T19:18:05+00:00","og_image":[{"url":"https:\/\/vieassociative.be\/actualites\/wp-content\/uploads\/2025\/05\/Le-Garmin-Forerunner-265-est-de-100-de-rabais.jpg","type":"","width":"","height":""}],"author":"Julien","twitter_card":"summary_large_image","twitter_misc":{"\u00c9crit par":"Julien","Dur\u00e9e de lecture est.":"2 minutes"},"schema":{"@context":"https:\/\/schema.org","@graph":[{"@type":"Article","@id":"https:\/\/vieassociative.be\/actualites\/les-garmin-forerunner-265-et-965-nont-jamais-ete-vendus-a-un-prix-aussi-bas\/#article","isPartOf":{"@id":"https:\/\/vieassociative.be\/actualites\/les-garmin-forerunner-265-et-965-nont-jamais-ete-vendus-a-un-prix-aussi-bas\/"},"author":{"name":"Julien","@id":"https:\/\/vieassociative.be\/actualites\/#\/schema\/person\/b87ac4f82f9d4e7b7cec7395b679edc4"},"headline":"Les Garmin Forerunner 265 et 965 n&rsquo;ont jamais \u00e9t\u00e9 vendus \u00e0 un prix aussi bas","datePublished":"2025-11-16T19:18:05+00:00","dateModified":"2025-11-16T19:18:05+00:00","mainEntityOfPage":{"@id":"https:\/\/vieassociative.be\/actualites\/les-garmin-forerunner-265-et-965-nont-jamais-ete-vendus-a-un-prix-aussi-bas\/"},"wordCount":439,"publisher":{"@id":"https:\/\/vieassociative.be\/actualites\/#organization"},"image":{"@id":"https:\/\/vieassociative.be\/actualites\/les-garmin-forerunner-265-et-965-nont-jamais-ete-vendus-a-un-prix-aussi-bas\/#primaryimage"},"thumbnailUrl":"https:\/\/vieassociative.be\/actualites\/wp-content\/uploads\/2025\/11\/Les-Garmin-Forerunner-265-et-965-nont-jamais-ete-vendus.png","keywords":["aussi","bas","\u00e9t\u00e9","Forerunner","Garmin","jamais","Les","nont","prix","vendus"],"articleSection":["Sant\u00e9"],"inLanguage":"fr-BE"},{"@type":"WebPage","@id":"https:\/\/vieassociative.be\/actualites\/les-garmin-forerunner-265-et-965-nont-jamais-ete-vendus-a-un-prix-aussi-bas\/","url":"https:\/\/vieassociative.be\/actualites\/les-garmin-forerunner-265-et-965-nont-jamais-ete-vendus-a-un-prix-aussi-bas\/","name":"Les Garmin Forerunner 265 et 965 n'ont jamais \u00e9t\u00e9 vendus \u00e0 un prix aussi bas | Vie Associative","isPartOf":{"@id":"https:\/\/vieassociative.be\/actualites\/#website"},"primaryImageOfPage":{"@id":"https:\/\/vieassociative.be\/actualites\/les-garmin-forerunner-265-et-965-nont-jamais-ete-vendus-a-un-prix-aussi-bas\/#primaryimage"},"image":{"@id":"https:\/\/vieassociative.be\/actualites\/les-garmin-forerunner-265-et-965-nont-jamais-ete-vendus-a-un-prix-aussi-bas\/#primaryimage"},"thumbnailUrl":"https:\/\/vieassociative.be\/actualites\/wp-content\/uploads\/2025\/11\/Les-Garmin-Forerunner-265-et-965-nont-jamais-ete-vendus.png","datePublished":"2025-11-16T19:18:05+00:00","dateModified":"2025-11-16T19:18:05+00:00","breadcrumb":{"@id":"https:\/\/vieassociative.be\/actualites\/les-garmin-forerunner-265-et-965-nont-jamais-ete-vendus-a-un-prix-aussi-bas\/#breadcrumb"},"inLanguage":"fr-BE","potentialAction":[{"@type":"ReadAction","target":["https:\/\/vieassociative.be\/actualites\/les-garmin-forerunner-265-et-965-nont-jamais-ete-vendus-a-un-prix-aussi-bas\/"]}]},{"@type":"ImageObject","inLanguage":"fr-BE","@id":"https:\/\/vieassociative.be\/actualites\/les-garmin-forerunner-265-et-965-nont-jamais-ete-vendus-a-un-prix-aussi-bas\/#primaryimage","url":"https:\/\/vieassociative.be\/actualites\/wp-content\/uploads\/2025\/11\/Les-Garmin-Forerunner-265-et-965-nont-jamais-ete-vendus.png","contentUrl":"https:\/\/vieassociative.be\/actualites\/wp-content\/uploads\/2025\/11\/Les-Garmin-Forerunner-265-et-965-nont-jamais-ete-vendus.png","width":1200,"height":675,"caption":"Les Garmin Forerunner 265 et 965 n'ont jamais \u00e9t\u00e9 vendus \u00e0 un prix aussi bas"},{"@type":"BreadcrumbList","@id":"https:\/\/vieassociative.be\/actualites\/les-garmin-forerunner-265-et-965-nont-jamais-ete-vendus-a-un-prix-aussi-bas\/#breadcrumb","itemListElement":[{"@type":"ListItem","position":1,"name":"Accueil","item":"https:\/\/vieassociative.be\/actualites\/"},{"@type":"ListItem","position":2,"name":"Les Garmin Forerunner 265 et 965 n&rsquo;ont jamais \u00e9t\u00e9 vendus \u00e0 un prix aussi bas"}]},{"@type":"WebSite","@id":"https:\/\/vieassociative.be\/actualites\/#website","url":"https:\/\/vieassociative.be\/actualites\/","name":"Vie Associative","description":"","publisher":{"@id":"https:\/\/vieassociative.be\/actualites\/#organization"},"potentialAction":[{"@type":"SearchAction","target":{"@type":"EntryPoint","urlTemplate":"https:\/\/vieassociative.be\/actualites\/?s={search_term_string}"},"query-input":{"@type":"PropertyValueSpecification","valueRequired":true,"valueName":"search_term_string"}}],"inLanguage":"fr-BE"},{"@type":"Organization","@id":"https:\/\/vieassociative.be\/actualites\/#organization","name":"Vie Associative","url":"https:\/\/vieassociative.be\/actualites\/","logo":{"@type":"ImageObject","inLanguage":"fr-BE","@id":"https:\/\/vieassociative.be\/actualites\/#\/schema\/logo\/image\/","url":"https:\/\/vieassociative.be\/actualites\/wp-content\/uploads\/2024\/09\/cropped-vieassociative_favicon.ico.png","contentUrl":"https:\/\/vieassociative.be\/actualites\/wp-content\/uploads\/2024\/09\/cropped-vieassociative_favicon.ico.png","width":512,"height":512,"caption":"Vie Associative"},"image":{"@id":"https:\/\/vieassociative.be\/actualites\/#\/schema\/logo\/image\/"}},{"@type":"Person","@id":"https:\/\/vieassociative.be\/actualites\/#\/schema\/person\/b87ac4f82f9d4e7b7cec7395b679edc4","name":"Julien","image":{"@type":"ImageObject","inLanguage":"fr-BE","@id":"https:\/\/vieassociative.be\/actualites\/#\/schema\/person\/image\/","url":"https:\/\/vieassociative.be\/actualites\/wp-content\/uploads\/2024\/09\/vie-associative-1-150x150.jpg","contentUrl":"https:\/\/vieassociative.be\/actualites\/wp-content\/uploads\/2024\/09\/vie-associative-1-150x150.jpg","caption":"Julien"},"description":"Je suis Julien, r\u00e9dacteur pour Vie Associative. Passionn\u00e9 par le monde associatif depuis plus de 10 ans, j'ai \u00e0 c\u0153ur de partager des histoires inspirantes et de mettre en lumi\u00e8re les initiatives locales. Mon objectif est de sensibiliser et d'encourager l'engagement communautaire \u00e0 travers mes articles.","sameAs":["https:\/\/vieassociative.be\/"]}]}},"_links":{"self":[{"href":"https:\/\/vieassociative.be\/actualites\/wp-json\/wp\/v2\/posts\/11355"}],"collection":[{"href":"https:\/\/vieassociative.be\/actualites\/wp-json\/wp\/v2\/posts"}],"about":[{"href":"https:\/\/vieassociative.be\/actualites\/wp-json\/wp\/v2\/types\/post"}],"author":[{"embeddable":true,"href":"https:\/\/vieassociative.be\/actualites\/wp-json\/wp\/v2\/users\/1"}],"replies":[{"embeddable":true,"href":"https:\/\/vieassociative.be\/actualites\/wp-json\/wp\/v2\/comments?post=11355"}],"version-history":[{"count":0,"href":"https:\/\/vieassociative.be\/actualites\/wp-json\/wp\/v2\/posts\/11355\/revisions"}],"wp:featuredmedia":[{"embeddable":true,"href":"https:\/\/vieassociative.be\/actualites\/wp-json\/wp\/v2\/media\/11356"}],"wp:attachment":[{"href":"https:\/\/vieassociative.be\/actualites\/wp-json\/wp\/v2\/media?parent=11355"}],"wp:term":[{"taxonomy":"category","embeddable":true,"href":"https:\/\/vieassociative.be\/actualites\/wp-json\/wp\/v2\/categories?post=11355"},{"taxonomy":"post_tag","embeddable":true,"href":"https:\/\/vieassociative.be\/actualites\/wp-json\/wp\/v2\/tags?post=11355"}],"curies":[{"name":"wp","href":"https:\/\/api.w.org\/{rel}","templated":true}]}}