{"id":11351,"date":"2025-11-16T15:17:39","date_gmt":"2025-11-16T14:17:39","guid":{"rendered":"https:\/\/vieassociative.be\/actualites\/ecolo-east-belgium-sur-la-loi-europeenne-sur-la-supply-chain-arimont-est-du-cote-des-multinationales\/"},"modified":"2025-11-16T15:17:39","modified_gmt":"2025-11-16T14:17:39","slug":"ecolo-east-belgium-sur-la-loi-europeenne-sur-la-supply-chain-arimont-est-du-cote-des-multinationales","status":"publish","type":"post","link":"https:\/\/vieassociative.be\/actualites\/ecolo-east-belgium-sur-la-loi-europeenne-sur-la-supply-chain-arimont-est-du-cote-des-multinationales\/","title":{"rendered":"Ecolo East Belgium sur la loi europ\u00e9enne sur la supply chain : \u00ab Arimont est du c\u00f4t\u00e9 des multinationales \u00bb"},"content":{"rendered":"<p><strong>La l\u00e9gislation europ\u00e9enne sur la cha\u00eene d\u2019approvisionnement ne devrait s\u2019appliquer qu\u2019\u00e0 quelques grandes entreprises. La majorit\u00e9 au Parlement europ\u00e9en vient de l\u2019extr\u00eame droite \u2013 le pare-feu est-il tomb\u00e9 ? Pour Ecolo Ostbelgien, il est clair que l&rsquo;eurod\u00e9put\u00e9 de l&rsquo;Est de la Belgique Pascal Arimont (PPE) soutient \u00e9galement \u00ab l&rsquo;affaiblissement des normes cl\u00e9s en mati\u00e8re d&rsquo;environnement et de droits de l&rsquo;homme \u00bb.<\/strong><\/p>\n<p><span id=\"more-429763\"><\/span>Le groupe du Parti populaire europ\u00e9en (PPE) au Parlement europ\u00e9en a ouvert la voie \u00e0 un affaiblissement de la loi sur la cha\u00eene d&rsquo;approvisionnement avec le soutien des partis de droite et d&rsquo;extr\u00eame droite. <\/p>\n<p>Entre autres choses, les exigences ne s\u2019appliqueront \u00e0 l\u2019avenir qu\u2019\u00e0 quelques tr\u00e8s grandes entreprises. Il ne devrait y avoir aucune obligation d\u2019\u00e9laborer des plans d\u2019action pour atteindre les objectifs climatiques. Le Parlement peut d\u00e9sormais entamer les n\u00e9gociations finales avec les \u00c9tats de l&rsquo;UE sur le projet.<\/p>\n<p>Concr\u00e8tement, la majorit\u00e9 est venue de membres du groupe parlementaire PPE et du parti conservateur de droite EKR, auquel appartient le parti de la Premi\u00e8re ministre italienne de droite Giorgia Meloni. <\/p>\n<\/p>\n<div id=\"attachment_199257\" class=\"wp-caption alignleft\" style=\"max-width: 300px\"><img fetchpriority=\"high\" decoding=\"async\" class=\"wp-image-199257 size-medium\" src=\"https:\/\/vieassociative.be\/actualites\/wp-content\/uploads\/2025\/11\/Ecolo-East-Belgium-sur-la-loi-europeenne-sur-la-supply.jpeg\" alt=\"\" width=\"300\" height=\"200\"  ><\/div>\n<p>Les membres de l&rsquo;alliance d&rsquo;extr\u00eame droite PfE autour du Premier ministre hongrois Viktor Orban et du Rassemblement national (RN) de la populiste de droite fran\u00e7aise Marine Le Pen ainsi que du groupe parlementaire ESN, qui comprend entre autres l&rsquo;AfD, se sont \u00e9galement prononc\u00e9s en faveur de ce projet.<\/p>\n<p>\u00ab\u00a0Aujourd&rsquo;hui est un bon jour pour la comp\u00e9titivit\u00e9 de l&rsquo;Europe\u00a0\u00bb, a d\u00e9clar\u00e9 le pr\u00e9sident du groupe PPE Manfred Weber (CSU) apr\u00e8s le vote. Certains critiquent le fait que le PPE ne s&rsquo;est pas appuy\u00e9 sur la majorit\u00e9 habituelle qu&rsquo;il tente habituellement de former avec les sociaux-d\u00e9mocrates et les lib\u00e9raux.<\/p>\n<p>Avec la chute du pare-feu, une majorit\u00e9 de droite a r\u00e9ussi \u00e0 affaiblir la l\u00e9gislation climatique n\u00e9faste et \u00e0 apporter une aide urgente \u00e0 nos entreprises, a d\u00e9clar\u00e9 la d\u00e9put\u00e9e de l&rsquo;AfD Mary Khan.<\/p>\n<p>Au Parlement europ\u00e9en, il existe ce qu&rsquo;on appelle un cordon sanitaire &#8211; une sorte d&rsquo;accord informel entre le PPE, le S&#038;D, les Lib\u00e9raux et les Verts pour ne pas travailler avec les extr\u00e9mistes de droite et, par exemple, pour ne pas soutenir les motions du PfE et de l&rsquo;ESN.<\/p>\n<p>Les lib\u00e9raux, les sociaux-d\u00e9mocrates et le PPE se sont effectivement mis d&rsquo;accord sur un compromis en commission. Cependant, lors d&rsquo;un vote secret il y a trois semaines, cette proposition n&rsquo;a pas r\u00e9ussi \u00e0 trouver une majorit\u00e9.<\/p>\n<p>Gr\u00e2ce aux assouplissements d\u00e9cid\u00e9s, la loi s&rsquo;appliquera \u00e0 l&rsquo;avenir \u00e0 un nombre nettement moins important d&rsquo;entreprises que pr\u00e9vu initialement. Ces exigences ne devraient s&rsquo;appliquer qu&rsquo;aux grandes entreprises comptant plus de 5 000 salari\u00e9s et un chiffre d&rsquo;affaires annuel d&rsquo;au moins 1,5 milliard d&rsquo;euros. La limite initiale \u00e9tait de 1 000 salari\u00e9s et un chiffre d&rsquo;affaires de 450 millions d&rsquo;euros.<\/p>\n<div id=\"attachment_417751\" class=\"wp-caption alignleft\" style=\"max-width: 300px\"><img decoding=\"async\" class=\"wp-image-417751 size-medium\" src=\"https:\/\/vieassociative.be\/actualites\/wp-content\/uploads\/2025\/09\/Quy-a-t-il-dautre-La-faction-Ecolo-a-une-forte-critique.jpg\" alt=\"\" width=\"300\" height=\"225\"><\/div>\n<p>La loi europ\u00e9enne sur la cha\u00eene d\u2019approvisionnement a effectivement \u00e9t\u00e9 adopt\u00e9e l\u2019ann\u00e9e derni\u00e8re. L\u2019objectif est de renforcer les droits de l\u2019homme dans le monde. Les grandes entreprises devraient \u00eatre tenues pour responsables si elles profitent de violations des droits de l\u2019homme, comme le travail des enfants ou le travail forc\u00e9. La d\u00e9cision du Parlement est bien accueillie par les entreprises.<\/p>\n<p>Ecolo Ostbelgien est particuli\u00e8rement critique \u00e0 l&rsquo;\u00e9gard du comportement \u00e9lectoral du d\u00e9put\u00e9 europ\u00e9en de l&rsquo;Est de la Belgique Pascal Arimont (CSP-PPE). \u00ab\u00a0En disant non \u00e0 la directive initiale, les d\u00e9put\u00e9s conservateurs et de droite ont fait un v\u00e9ritable cadeau aux multinationales, en particulier au secteur de la fast fashion\u00a0\u00bb, critique la copr\u00e9sidente Fabienne Colling : \u00ab\u00a0Elles peuvent d\u00e9sormais continuer \u00e0 exploiter les travailleurs, \u00e0 provoquer une pollution effr\u00e9n\u00e9e de l&rsquo;environnement et \u00e0 rendre la vie difficile aux entreprises europ\u00e9ennes \u00e9quitables.\u00a0\u00bb<\/p>\n<p>Le communiqu\u00e9 des Verts de l&rsquo;Est de la Belgique poursuit : \u00ab\u00a0Pour le DG, notre repr\u00e9sentant au Parlement europ\u00e9en, Pascal Arimont, a soutenu ce d\u00e9mant\u00e8lement de la directive ; contraire aux int\u00e9r\u00eats des g\u00e9n\u00e9rations futures. Ce faisant, il utilise les arguments des climato-sceptiques et se range du c\u00f4t\u00e9 des soci\u00e9t\u00e9s multinationales qui continuent de faire leurs profits aux d\u00e9pens de notre plan\u00e8te et de notre avenir. Il s&rsquo;agit d&rsquo;un grand pas en arri\u00e8re pour l&rsquo;UE, ses entreprises et ses citoyens.\u00a0\u00bb (dpa\/cr\u00e9)<\/p>\n","protected":false},"excerpt":{"rendered":"<p>La l\u00e9gislation europ\u00e9enne sur la cha\u00eene d\u2019approvisionnement ne devrait s\u2019appliquer qu\u2019\u00e0 quelques grandes entreprises. La majorit\u00e9 au Parlement europ\u00e9en vient de l\u2019extr\u00eame droite \u2013 le<\/p>\n","protected":false},"author":1,"featured_media":11352,"comment_status":"","ping_status":"","sticky":false,"template":"","format":"standard","meta":{"footnotes":""},"categories":[298],"tags":[2890,9164,9265,511,29,9263,2607,76,3561,5077,9266,9264,33],"class_list":["post-11351","post","type-post","status-publish","format-standard","has-post-thumbnail","hentry","category-belgique","tag-arimont","tag-belgium","tag-chain","tag-cote","tag-des","tag-east","tag-ecolo","tag-est","tag-europeenne","tag-loi","tag-multinationales","tag-supply","tag-sur","generate-columns","tablet-grid-50","mobile-grid-100","grid-parent","grid-33"],"yoast_head":"<!-- This site is optimized with the Yoast SEO plugin v24.0 - https:\/\/yoast.com\/wordpress\/plugins\/seo\/ -->\n<title>Ecolo East Belgium sur la loi europ\u00e9enne sur la supply chain : \u00ab Arimont est du c\u00f4t\u00e9 des multinationales \u00bb | Vie Associative<\/title>\n<meta name=\"robots\" content=\"index, follow, max-snippet:-1, max-image-preview:large, max-video-preview:-1\" \/>\n<link rel=\"canonical\" href=\"https:\/\/vieassociative.be\/actualites\/ecolo-east-belgium-sur-la-loi-europeenne-sur-la-supply-chain-arimont-est-du-cote-des-multinationales\/\" \/>\n<meta property=\"og:locale\" content=\"fr_FR\" \/>\n<meta property=\"og:type\" content=\"article\" \/>\n<meta property=\"og:title\" content=\"Ecolo East Belgium sur la loi europ\u00e9enne sur la supply chain : \u00ab Arimont est du c\u00f4t\u00e9 des multinationales \u00bb | Vie Associative\" \/>\n<meta property=\"og:description\" content=\"La l\u00e9gislation europ\u00e9enne sur la cha\u00eene d\u2019approvisionnement ne devrait s\u2019appliquer qu\u2019\u00e0 quelques grandes entreprises. La majorit\u00e9 au Parlement europ\u00e9en vient de l\u2019extr\u00eame droite \u2013 le\" \/>\n<meta property=\"og:url\" content=\"https:\/\/vieassociative.be\/actualites\/ecolo-east-belgium-sur-la-loi-europeenne-sur-la-supply-chain-arimont-est-du-cote-des-multinationales\/\" \/>\n<meta property=\"og:site_name\" content=\"Vie Associative\" \/>\n<meta property=\"article:published_time\" content=\"2025-11-16T14:17:39+00:00\" \/>\n<meta property=\"og:image\" content=\"https:\/\/vieassociative.be\/actualites\/wp-content\/uploads\/2024\/09\/header_backgroundk-01-e1726694325946.png\" \/>\n\t<meta property=\"og:image:width\" content=\"279\" \/>\n\t<meta property=\"og:image:height\" content=\"92\" \/>\n\t<meta property=\"og:image:type\" content=\"image\/png\" \/>\n<meta name=\"author\" content=\"Julien\" \/>\n<meta name=\"twitter:card\" content=\"summary_large_image\" \/>\n<meta name=\"twitter:label1\" content=\"\u00c9crit par\" \/>\n\t<meta name=\"twitter:data1\" content=\"Julien\" \/>\n\t<meta name=\"twitter:label2\" content=\"Dur\u00e9e de lecture est.\" \/>\n\t<meta name=\"twitter:data2\" content=\"4 minutes\" \/>\n<script type=\"application\/ld+json\" class=\"yoast-schema-graph\">{\"@context\":\"https:\/\/schema.org\",\"@graph\":[{\"@type\":\"Article\",\"@id\":\"https:\/\/vieassociative.be\/actualites\/ecolo-east-belgium-sur-la-loi-europeenne-sur-la-supply-chain-arimont-est-du-cote-des-multinationales\/#article\",\"isPartOf\":{\"@id\":\"https:\/\/vieassociative.be\/actualites\/ecolo-east-belgium-sur-la-loi-europeenne-sur-la-supply-chain-arimont-est-du-cote-des-multinationales\/\"},\"author\":{\"name\":\"Julien\",\"@id\":\"https:\/\/vieassociative.be\/actualites\/#\/schema\/person\/b87ac4f82f9d4e7b7cec7395b679edc4\"},\"headline\":\"Ecolo East Belgium sur la loi europ\u00e9enne sur la supply chain : \u00ab Arimont est du c\u00f4t\u00e9 des multinationales \u00bb\",\"datePublished\":\"2025-11-16T14:17:39+00:00\",\"dateModified\":\"2025-11-16T14:17:39+00:00\",\"mainEntityOfPage\":{\"@id\":\"https:\/\/vieassociative.be\/actualites\/ecolo-east-belgium-sur-la-loi-europeenne-sur-la-supply-chain-arimont-est-du-cote-des-multinationales\/\"},\"wordCount\":789,\"publisher\":{\"@id\":\"https:\/\/vieassociative.be\/actualites\/#organization\"},\"image\":{\"@id\":\"https:\/\/vieassociative.be\/actualites\/ecolo-east-belgium-sur-la-loi-europeenne-sur-la-supply-chain-arimont-est-du-cote-des-multinationales\/#primaryimage\"},\"thumbnailUrl\":\"https:\/\/vieassociative.be\/actualites\/wp-content\/uploads\/2025\/11\/Ecolo-East-Belgium-sur-la-loi-europeenne-sur-la-supply.jpg\",\"keywords\":[\"Arimont\",\"Belgium\",\"chain\",\"cote\",\"Des\",\"East\",\"Ecolo\",\"est\",\"europ\u00e9enne\",\"loi\",\"multinationales\",\"supply\",\"sur\"],\"articleSection\":[\"Belgique\"],\"inLanguage\":\"fr-BE\"},{\"@type\":\"WebPage\",\"@id\":\"https:\/\/vieassociative.be\/actualites\/ecolo-east-belgium-sur-la-loi-europeenne-sur-la-supply-chain-arimont-est-du-cote-des-multinationales\/\",\"url\":\"https:\/\/vieassociative.be\/actualites\/ecolo-east-belgium-sur-la-loi-europeenne-sur-la-supply-chain-arimont-est-du-cote-des-multinationales\/\",\"name\":\"Ecolo East Belgium sur la loi europ\u00e9enne sur la supply chain : \u00ab Arimont est du c\u00f4t\u00e9 des multinationales \u00bb | Vie Associative\",\"isPartOf\":{\"@id\":\"https:\/\/vieassociative.be\/actualites\/#website\"},\"primaryImageOfPage\":{\"@id\":\"https:\/\/vieassociative.be\/actualites\/ecolo-east-belgium-sur-la-loi-europeenne-sur-la-supply-chain-arimont-est-du-cote-des-multinationales\/#primaryimage\"},\"image\":{\"@id\":\"https:\/\/vieassociative.be\/actualites\/ecolo-east-belgium-sur-la-loi-europeenne-sur-la-supply-chain-arimont-est-du-cote-des-multinationales\/#primaryimage\"},\"thumbnailUrl\":\"https:\/\/vieassociative.be\/actualites\/wp-content\/uploads\/2025\/11\/Ecolo-East-Belgium-sur-la-loi-europeenne-sur-la-supply.jpg\",\"datePublished\":\"2025-11-16T14:17:39+00:00\",\"dateModified\":\"2025-11-16T14:17:39+00:00\",\"breadcrumb\":{\"@id\":\"https:\/\/vieassociative.be\/actualites\/ecolo-east-belgium-sur-la-loi-europeenne-sur-la-supply-chain-arimont-est-du-cote-des-multinationales\/#breadcrumb\"},\"inLanguage\":\"fr-BE\",\"potentialAction\":[{\"@type\":\"ReadAction\",\"target\":[\"https:\/\/vieassociative.be\/actualites\/ecolo-east-belgium-sur-la-loi-europeenne-sur-la-supply-chain-arimont-est-du-cote-des-multinationales\/\"]}]},{\"@type\":\"ImageObject\",\"inLanguage\":\"fr-BE\",\"@id\":\"https:\/\/vieassociative.be\/actualites\/ecolo-east-belgium-sur-la-loi-europeenne-sur-la-supply-chain-arimont-est-du-cote-des-multinationales\/#primaryimage\",\"url\":\"https:\/\/vieassociative.be\/actualites\/wp-content\/uploads\/2025\/11\/Ecolo-East-Belgium-sur-la-loi-europeenne-sur-la-supply.jpg\",\"contentUrl\":\"https:\/\/vieassociative.be\/actualites\/wp-content\/uploads\/2025\/11\/Ecolo-East-Belgium-sur-la-loi-europeenne-sur-la-supply.jpg\",\"width\":2000,\"height\":848,\"caption\":\"Ecolo East Belgium sur la loi europ\u00e9enne sur la supply chain : \u00ab Arimont est du c\u00f4t\u00e9 des multinationales \u00bb\"},{\"@type\":\"BreadcrumbList\",\"@id\":\"https:\/\/vieassociative.be\/actualites\/ecolo-east-belgium-sur-la-loi-europeenne-sur-la-supply-chain-arimont-est-du-cote-des-multinationales\/#breadcrumb\",\"itemListElement\":[{\"@type\":\"ListItem\",\"position\":1,\"name\":\"Accueil\",\"item\":\"https:\/\/vieassociative.be\/actualites\/\"},{\"@type\":\"ListItem\",\"position\":2,\"name\":\"Ecolo East Belgium sur la loi europ\u00e9enne sur la supply chain : \u00ab Arimont est du c\u00f4t\u00e9 des multinationales \u00bb\"}]},{\"@type\":\"WebSite\",\"@id\":\"https:\/\/vieassociative.be\/actualites\/#website\",\"url\":\"https:\/\/vieassociative.be\/actualites\/\",\"name\":\"Vie Associative\",\"description\":\"\",\"publisher\":{\"@id\":\"https:\/\/vieassociative.be\/actualites\/#organization\"},\"potentialAction\":[{\"@type\":\"SearchAction\",\"target\":{\"@type\":\"EntryPoint\",\"urlTemplate\":\"https:\/\/vieassociative.be\/actualites\/?s={search_term_string}\"},\"query-input\":{\"@type\":\"PropertyValueSpecification\",\"valueRequired\":true,\"valueName\":\"search_term_string\"}}],\"inLanguage\":\"fr-BE\"},{\"@type\":\"Organization\",\"@id\":\"https:\/\/vieassociative.be\/actualites\/#organization\",\"name\":\"Vie Associative\",\"url\":\"https:\/\/vieassociative.be\/actualites\/\",\"logo\":{\"@type\":\"ImageObject\",\"inLanguage\":\"fr-BE\",\"@id\":\"https:\/\/vieassociative.be\/actualites\/#\/schema\/logo\/image\/\",\"url\":\"https:\/\/vieassociative.be\/actualites\/wp-content\/uploads\/2024\/09\/cropped-vieassociative_favicon.ico.png\",\"contentUrl\":\"https:\/\/vieassociative.be\/actualites\/wp-content\/uploads\/2024\/09\/cropped-vieassociative_favicon.ico.png\",\"width\":512,\"height\":512,\"caption\":\"Vie Associative\"},\"image\":{\"@id\":\"https:\/\/vieassociative.be\/actualites\/#\/schema\/logo\/image\/\"}},{\"@type\":\"Person\",\"@id\":\"https:\/\/vieassociative.be\/actualites\/#\/schema\/person\/b87ac4f82f9d4e7b7cec7395b679edc4\",\"name\":\"Julien\",\"image\":{\"@type\":\"ImageObject\",\"inLanguage\":\"fr-BE\",\"@id\":\"https:\/\/vieassociative.be\/actualites\/#\/schema\/person\/image\/\",\"url\":\"https:\/\/vieassociative.be\/actualites\/wp-content\/uploads\/2024\/09\/vie-associative-1-150x150.jpg\",\"contentUrl\":\"https:\/\/vieassociative.be\/actualites\/wp-content\/uploads\/2024\/09\/vie-associative-1-150x150.jpg\",\"caption\":\"Julien\"},\"description\":\"Je suis Julien, r\u00e9dacteur pour Vie Associative. Passionn\u00e9 par le monde associatif depuis plus de 10 ans, j'ai \u00e0 c\u0153ur de partager des histoires inspirantes et de mettre en lumi\u00e8re les initiatives locales. Mon objectif est de sensibiliser et d'encourager l'engagement communautaire \u00e0 travers mes articles.\",\"sameAs\":[\"https:\/\/vieassociative.be\/\"]}]}<\/script>\n<!-- \/ Yoast SEO plugin. -->","yoast_head_json":{"title":"Ecolo East Belgium sur la loi europ\u00e9enne sur la supply chain : \u00ab Arimont est du c\u00f4t\u00e9 des multinationales \u00bb | Vie Associative","robots":{"index":"index","follow":"follow","max-snippet":"max-snippet:-1","max-image-preview":"max-image-preview:large","max-video-preview":"max-video-preview:-1"},"canonical":"https:\/\/vieassociative.be\/actualites\/ecolo-east-belgium-sur-la-loi-europeenne-sur-la-supply-chain-arimont-est-du-cote-des-multinationales\/","og_locale":"fr_FR","og_type":"article","og_title":"Ecolo East Belgium sur la loi europ\u00e9enne sur la supply chain : \u00ab Arimont est du c\u00f4t\u00e9 des multinationales \u00bb | Vie Associative","og_description":"La l\u00e9gislation europ\u00e9enne sur la cha\u00eene d\u2019approvisionnement ne devrait s\u2019appliquer qu\u2019\u00e0 quelques grandes entreprises. La majorit\u00e9 au Parlement europ\u00e9en vient de l\u2019extr\u00eame droite \u2013 le","og_url":"https:\/\/vieassociative.be\/actualites\/ecolo-east-belgium-sur-la-loi-europeenne-sur-la-supply-chain-arimont-est-du-cote-des-multinationales\/","og_site_name":"Vie Associative","article_published_time":"2025-11-16T14:17:39+00:00","og_image":[{"width":279,"height":92,"url":"https:\/\/vieassociative.be\/actualites\/wp-content\/uploads\/2024\/09\/header_backgroundk-01-e1726694325946.png","type":"image\/png"}],"author":"Julien","twitter_card":"summary_large_image","twitter_misc":{"\u00c9crit par":"Julien","Dur\u00e9e de lecture est.":"4 minutes"},"schema":{"@context":"https:\/\/schema.org","@graph":[{"@type":"Article","@id":"https:\/\/vieassociative.be\/actualites\/ecolo-east-belgium-sur-la-loi-europeenne-sur-la-supply-chain-arimont-est-du-cote-des-multinationales\/#article","isPartOf":{"@id":"https:\/\/vieassociative.be\/actualites\/ecolo-east-belgium-sur-la-loi-europeenne-sur-la-supply-chain-arimont-est-du-cote-des-multinationales\/"},"author":{"name":"Julien","@id":"https:\/\/vieassociative.be\/actualites\/#\/schema\/person\/b87ac4f82f9d4e7b7cec7395b679edc4"},"headline":"Ecolo East Belgium sur la loi europ\u00e9enne sur la supply chain : \u00ab Arimont est du c\u00f4t\u00e9 des multinationales \u00bb","datePublished":"2025-11-16T14:17:39+00:00","dateModified":"2025-11-16T14:17:39+00:00","mainEntityOfPage":{"@id":"https:\/\/vieassociative.be\/actualites\/ecolo-east-belgium-sur-la-loi-europeenne-sur-la-supply-chain-arimont-est-du-cote-des-multinationales\/"},"wordCount":789,"publisher":{"@id":"https:\/\/vieassociative.be\/actualites\/#organization"},"image":{"@id":"https:\/\/vieassociative.be\/actualites\/ecolo-east-belgium-sur-la-loi-europeenne-sur-la-supply-chain-arimont-est-du-cote-des-multinationales\/#primaryimage"},"thumbnailUrl":"https:\/\/vieassociative.be\/actualites\/wp-content\/uploads\/2025\/11\/Ecolo-East-Belgium-sur-la-loi-europeenne-sur-la-supply.jpg","keywords":["Arimont","Belgium","chain","cote","Des","East","Ecolo","est","europ\u00e9enne","loi","multinationales","supply","sur"],"articleSection":["Belgique"],"inLanguage":"fr-BE"},{"@type":"WebPage","@id":"https:\/\/vieassociative.be\/actualites\/ecolo-east-belgium-sur-la-loi-europeenne-sur-la-supply-chain-arimont-est-du-cote-des-multinationales\/","url":"https:\/\/vieassociative.be\/actualites\/ecolo-east-belgium-sur-la-loi-europeenne-sur-la-supply-chain-arimont-est-du-cote-des-multinationales\/","name":"Ecolo East Belgium sur la loi europ\u00e9enne sur la supply chain : \u00ab Arimont est du c\u00f4t\u00e9 des multinationales \u00bb | Vie Associative","isPartOf":{"@id":"https:\/\/vieassociative.be\/actualites\/#website"},"primaryImageOfPage":{"@id":"https:\/\/vieassociative.be\/actualites\/ecolo-east-belgium-sur-la-loi-europeenne-sur-la-supply-chain-arimont-est-du-cote-des-multinationales\/#primaryimage"},"image":{"@id":"https:\/\/vieassociative.be\/actualites\/ecolo-east-belgium-sur-la-loi-europeenne-sur-la-supply-chain-arimont-est-du-cote-des-multinationales\/#primaryimage"},"thumbnailUrl":"https:\/\/vieassociative.be\/actualites\/wp-content\/uploads\/2025\/11\/Ecolo-East-Belgium-sur-la-loi-europeenne-sur-la-supply.jpg","datePublished":"2025-11-16T14:17:39+00:00","dateModified":"2025-11-16T14:17:39+00:00","breadcrumb":{"@id":"https:\/\/vieassociative.be\/actualites\/ecolo-east-belgium-sur-la-loi-europeenne-sur-la-supply-chain-arimont-est-du-cote-des-multinationales\/#breadcrumb"},"inLanguage":"fr-BE","potentialAction":[{"@type":"ReadAction","target":["https:\/\/vieassociative.be\/actualites\/ecolo-east-belgium-sur-la-loi-europeenne-sur-la-supply-chain-arimont-est-du-cote-des-multinationales\/"]}]},{"@type":"ImageObject","inLanguage":"fr-BE","@id":"https:\/\/vieassociative.be\/actualites\/ecolo-east-belgium-sur-la-loi-europeenne-sur-la-supply-chain-arimont-est-du-cote-des-multinationales\/#primaryimage","url":"https:\/\/vieassociative.be\/actualites\/wp-content\/uploads\/2025\/11\/Ecolo-East-Belgium-sur-la-loi-europeenne-sur-la-supply.jpg","contentUrl":"https:\/\/vieassociative.be\/actualites\/wp-content\/uploads\/2025\/11\/Ecolo-East-Belgium-sur-la-loi-europeenne-sur-la-supply.jpg","width":2000,"height":848,"caption":"Ecolo East Belgium sur la loi europ\u00e9enne sur la supply chain : \u00ab Arimont est du c\u00f4t\u00e9 des multinationales \u00bb"},{"@type":"BreadcrumbList","@id":"https:\/\/vieassociative.be\/actualites\/ecolo-east-belgium-sur-la-loi-europeenne-sur-la-supply-chain-arimont-est-du-cote-des-multinationales\/#breadcrumb","itemListElement":[{"@type":"ListItem","position":1,"name":"Accueil","item":"https:\/\/vieassociative.be\/actualites\/"},{"@type":"ListItem","position":2,"name":"Ecolo East Belgium sur la loi europ\u00e9enne sur la supply chain : \u00ab Arimont est du c\u00f4t\u00e9 des multinationales \u00bb"}]},{"@type":"WebSite","@id":"https:\/\/vieassociative.be\/actualites\/#website","url":"https:\/\/vieassociative.be\/actualites\/","name":"Vie Associative","description":"","publisher":{"@id":"https:\/\/vieassociative.be\/actualites\/#organization"},"potentialAction":[{"@type":"SearchAction","target":{"@type":"EntryPoint","urlTemplate":"https:\/\/vieassociative.be\/actualites\/?s={search_term_string}"},"query-input":{"@type":"PropertyValueSpecification","valueRequired":true,"valueName":"search_term_string"}}],"inLanguage":"fr-BE"},{"@type":"Organization","@id":"https:\/\/vieassociative.be\/actualites\/#organization","name":"Vie Associative","url":"https:\/\/vieassociative.be\/actualites\/","logo":{"@type":"ImageObject","inLanguage":"fr-BE","@id":"https:\/\/vieassociative.be\/actualites\/#\/schema\/logo\/image\/","url":"https:\/\/vieassociative.be\/actualites\/wp-content\/uploads\/2024\/09\/cropped-vieassociative_favicon.ico.png","contentUrl":"https:\/\/vieassociative.be\/actualites\/wp-content\/uploads\/2024\/09\/cropped-vieassociative_favicon.ico.png","width":512,"height":512,"caption":"Vie Associative"},"image":{"@id":"https:\/\/vieassociative.be\/actualites\/#\/schema\/logo\/image\/"}},{"@type":"Person","@id":"https:\/\/vieassociative.be\/actualites\/#\/schema\/person\/b87ac4f82f9d4e7b7cec7395b679edc4","name":"Julien","image":{"@type":"ImageObject","inLanguage":"fr-BE","@id":"https:\/\/vieassociative.be\/actualites\/#\/schema\/person\/image\/","url":"https:\/\/vieassociative.be\/actualites\/wp-content\/uploads\/2024\/09\/vie-associative-1-150x150.jpg","contentUrl":"https:\/\/vieassociative.be\/actualites\/wp-content\/uploads\/2024\/09\/vie-associative-1-150x150.jpg","caption":"Julien"},"description":"Je suis Julien, r\u00e9dacteur pour Vie Associative. Passionn\u00e9 par le monde associatif depuis plus de 10 ans, j'ai \u00e0 c\u0153ur de partager des histoires inspirantes et de mettre en lumi\u00e8re les initiatives locales. Mon objectif est de sensibiliser et d'encourager l'engagement communautaire \u00e0 travers mes articles.","sameAs":["https:\/\/vieassociative.be\/"]}]}},"_links":{"self":[{"href":"https:\/\/vieassociative.be\/actualites\/wp-json\/wp\/v2\/posts\/11351"}],"collection":[{"href":"https:\/\/vieassociative.be\/actualites\/wp-json\/wp\/v2\/posts"}],"about":[{"href":"https:\/\/vieassociative.be\/actualites\/wp-json\/wp\/v2\/types\/post"}],"author":[{"embeddable":true,"href":"https:\/\/vieassociative.be\/actualites\/wp-json\/wp\/v2\/users\/1"}],"replies":[{"embeddable":true,"href":"https:\/\/vieassociative.be\/actualites\/wp-json\/wp\/v2\/comments?post=11351"}],"version-history":[{"count":0,"href":"https:\/\/vieassociative.be\/actualites\/wp-json\/wp\/v2\/posts\/11351\/revisions"}],"wp:featuredmedia":[{"embeddable":true,"href":"https:\/\/vieassociative.be\/actualites\/wp-json\/wp\/v2\/media\/11352"}],"wp:attachment":[{"href":"https:\/\/vieassociative.be\/actualites\/wp-json\/wp\/v2\/media?parent=11351"}],"wp:term":[{"taxonomy":"category","embeddable":true,"href":"https:\/\/vieassociative.be\/actualites\/wp-json\/wp\/v2\/categories?post=11351"},{"taxonomy":"post_tag","embeddable":true,"href":"https:\/\/vieassociative.be\/actualites\/wp-json\/wp\/v2\/tags?post=11351"}],"curies":[{"name":"wp","href":"https:\/\/api.w.org\/{rel}","templated":true}]}}