{"id":11349,"date":"2025-11-16T14:17:21","date_gmt":"2025-11-16T13:17:21","guid":{"rendered":"https:\/\/vieassociative.be\/actualites\/vous-pouvez-enfin-voir-lhistorique-du-presse-papiers-de-votre-mac-dans-spotlight\/"},"modified":"2025-11-16T14:17:21","modified_gmt":"2025-11-16T13:17:21","slug":"vous-pouvez-enfin-voir-lhistorique-du-presse-papiers-de-votre-mac-dans-spotlight","status":"publish","type":"post","link":"https:\/\/vieassociative.be\/actualites\/vous-pouvez-enfin-voir-lhistorique-du-presse-papiers-de-votre-mac-dans-spotlight\/","title":{"rendered":"Vous pouvez enfin voir l&rsquo;historique du Presse-papiers de votre Mac dans Spotlight"},"content":{"rendered":"<div class=\"mt-4 leading-6 md:mb-8\">Consultez l\u2019int\u00e9gralit\u00e9 de l\u2019historique de votre presse-papiers.<\/div>\n<p><\/p>\n<p>\u00c9tonnamment, votre Mac vient tout juste d&rsquo;acqu\u00e9rir la capacit\u00e9 de vous montrer une liste compl\u00e8te de ce que vous avez copi\u00e9. macOS vous a toujours permis de copier et coller des \u00e9l\u00e9ments, mais si vous copiiez plusieurs \u00e9l\u00e9ments dos \u00e0 dos, il n&rsquo;y avait aucun moyen d&rsquo;afficher les premiers \u00e9l\u00e9ments que vous aviez ajout\u00e9s \u00e0 votre presse-papiers. Bien s\u00fbr, les applications tierces comblent cette lacune depuis de nombreuses ann\u00e9es maintenant, mais macOS lui-m\u00eame ne vous permettait pas jusqu&rsquo;\u00e0 pr\u00e9sent d&rsquo;afficher facilement plusieurs \u00e9l\u00e9ments stock\u00e9s dans le presse-papiers. Avec macOS 26 Tahoe, la recherche Spotlight de votre Mac a ajout\u00e9 la prise en charge de l&rsquo;historique du presse-papiers, ce qui signifie que vous pouvez afficher \u00e0 peu pr\u00e8s tout ce que vous avez copi\u00e9 au cours des 30 derniers jours. Voici comment configurer et utiliser l\u2019historique du presse-papiers sur votre Mac.<\/p>\n<h2 id=\"how-to-enable-clipboard-history-on-your-mac\">Comment activer l&rsquo;historique du presse-papiers sur votre Mac<\/h2>\n<div class=\"eloquent-imagery-image\">\n<div class=\"flex justify-center\">\n                    <img decoding=\"async\" class=\"border border-gray-100\" src=\"https:\/\/vieassociative.be\/actualites\/wp-content\/uploads\/2025\/11\/Vous-pouvez-enfin-voir-lhistorique-du-Presse-papiers-de-votre-Mac.png\" alt=\"Activation de l'historique du presse-papiers dans macOS Tahoe.\" width=\"2000\" height=\"1127\" loading=\"lazy\"  >\n            <\/div>\n<\/p><\/div>\n<p>L&rsquo;historique du Presse-papiers est d\u00e9sactiv\u00e9 par d\u00e9faut sur macOS Tahoe, vous devrez donc d&rsquo;abord l&rsquo;activer. Pour ce faire, cliquez sur le logo Apple dans le coin sup\u00e9rieur gauche de l&rsquo;\u00e9cran de votre Mac et s\u00e9lectionnez <strong>Param\u00e8tres syst\u00e8me<\/strong>. Maintenant, allez \u00e0 <strong>Mettre en lumi\u00e8re<\/strong> et faites d\u00e9filer vers le bas dans le volet de droite. Activer <strong>R\u00e9sultats du Presse-papiers<\/strong>puis cliquez sur le menu d\u00e9roulant en dessous. Cela vous permet de choisir la dur\u00e9e pendant laquelle vous souhaitez conserver l&rsquo;historique de votre presse-papiers. Apple vous propose trois choix\u00a0: 8 heures, 7 jours ou 30 jours. Une fois que vous aurez fait votre choix, vous serez pr\u00eat \u00e0 utiliser l&rsquo;historique du presse-papiers sur votre Mac.<\/p>\n<p>Si vous copiez tr\u00e8s souvent des \u00e9l\u00e9ments sensibles dans le presse-papiers, vous devriez probablement \u00e9viter d&rsquo;activer cette fonctionnalit\u00e9. Je connais de nombreuses personnes qui, d\u2019une mani\u00e8re ou d\u2019une autre, stockent encore des mots de passe, des informations de carte de cr\u00e9dit et d\u2019autres informations bancaires dans les discussions WhatsApp ou dans des fichiers texte brut. D\u00e8s que vous copiez des donn\u00e9es sensibles \u00e0 partir d\u2019emplacements non s\u00e9curis\u00e9s, elles sont ajout\u00e9es \u00e0 l\u2019historique de votre presse-papiers, ce qui n\u2019est pas id\u00e9al. La bonne nouvelle est que si vous copiez des mots de passe depuis Apple Passwords ou d&rsquo;autres applications de gestion de mots de passe, ils n&rsquo;apparaissent pas dans l&rsquo;historique du presse-papiers de votre Mac.<\/p>\n<div class=\"mx-auto mb-12 mt-5 w-full max-w-3xl rounded-md border-2 border-gray-100 p-3 shadow-md md:px-7 md:pb-7 md:pt-5\" id=\"related-video\">\n<div class=\"mb-3 flex items-center md:mb-5\">\n        <img decoding=\"async\" class=\"mr-4 mt-0 h-10 w-10 md:mr-5 md:h-12 md:w-12\" src=\"https:\/\/vieassociative.be\/actualites\/wp-content\/uploads\/2025\/09\/1757726237_608_Meta-pourrait-devoiler-une-montre-intelligente-pour-controler-ses-lunettes.jpg\" alt=\"Logo du pirate de la vie\"><\/p><\/div>\n<div class=\"aspect-video w-full overflow-hidden rounded-md\">\n<div id=\"video-container-01KA6BEGHPQMXFES1P484ZK2GC\"><\/div>\n<\/p><\/div>\n<\/div>\n<h2 id=\"accessing-and-using-clipboard-history-on-your-mac\">Acc\u00e9der et utiliser l&rsquo;historique du presse-papiers sur votre Mac<\/h2>\n<div class=\"eloquent-imagery-image\">\n<div class=\"flex justify-center\">\n                    <img decoding=\"async\" class=\"border border-gray-100\" src=\"https:\/\/vieassociative.be\/actualites\/wp-content\/uploads\/2025\/11\/1763299041_518_Vous-pouvez-enfin-voir-lhistorique-du-Presse-papiers-de-votre-Mac.png\" alt=\"Affichage de l'historique du presse-papiers dans macOS Tahoe.\" width=\"2000\" height=\"1126\" loading=\"lazy\"  >\n            <\/div>\n<\/p><\/div>\n<p>Vous pouvez acc\u00e9der \u00e0 l&rsquo;historique du presse-papiers de votre Mac \u00e0 l&rsquo;aide de la recherche Spotlight de macOS Tahoe. Tout d\u2019abord, copiez quelques \u00e9l\u00e9ments dans votre presse-papiers. Il peut s&rsquo;agir de texte, de photos ou d&rsquo;autres fichiers. Utilisez le <strong>Espace de commande<\/strong> raccourci clavier (ou cliquez sur la loupe dans le coin sup\u00e9rieur droit de votre Mac) pour ouvrir Spotlight, puis appuyez sur <strong>Commande-4<\/strong>. Cela ouvrira l&rsquo;historique du presse-papiers de votre Mac, o\u00f9 vous pourrez voir tous les fichiers que vous avez copi\u00e9s r\u00e9cemment.<\/p>\n<p>Pour voir les \u00e9l\u00e9ments plus anciens, faites d\u00e9filer vers le bas. \u00c0 c\u00f4t\u00e9 de chaque \u00e9l\u00e9ment, vous verrez un petit bouton de copie, que vous pouvez utiliser pour copier \u00e0 nouveau cet \u00e9l\u00e9ment dans votre presse-papiers. Ceci est utile si vous avez copi\u00e9 plusieurs \u00e9l\u00e9ments \u00e0 la suite, mais que vous avez oubli\u00e9 de coller les premiers. Vous pouvez \u00e9galement s\u00e9lectionner n&rsquo;importe quel \u00e9l\u00e9ment dans la liste de l&rsquo;historique du presse-papiers et appuyer sur la touche Retour de votre clavier pour coller cet \u00e9l\u00e9ment dans l&rsquo;application qui se trouve au premier plan. <\/p>\n<p>Si vous souhaitez effacer rapidement l&rsquo;historique de votre presse-papiers, lancez Spotlight (Commande-Espace), suivi de la page de l&rsquo;historique du presse-papiers (Commande-4), et s\u00e9lectionnez le bouton \u00e0 trois points \u00e0 droite. S\u00e9lectionner <strong>Effacer l&rsquo;historique<\/strong> ici pour effacer tout votre presse-papiers. Ou vous pouvez simplement attendre : Apple effacera automatiquement tout ce qui se trouve dans votre presse-papiers apr\u00e8s le d\u00e9lai pr\u00e9d\u00e9fini (entre 8 heures et 30 jours, selon ce que vous avez choisi dans les param\u00e8tres syst\u00e8me).<\/p>\n<h2 id=\"third-party-clipboard-management-apps-are-better\">Les applications tierces de gestion du presse-papiers sont meilleures<\/h2>\n<div class=\"eloquent-imagery-image\">\n<div class=\"flex justify-center\">\n                    <img decoding=\"async\" class=\"border border-gray-100\" src=\"https:\/\/vieassociative.be\/actualites\/wp-content\/uploads\/2025\/11\/1763299041_91_Vous-pouvez-enfin-voir-lhistorique-du-Presse-papiers-de-votre-Mac.png\" alt=\"Affichage de l'historique du presse-papiers dans Raycast, qui est une alternative \u00e0 Spotlight.\" width=\"2000\" height=\"1126\" loading=\"lazy\"  >\n            <\/div>\n<\/p><\/div>\n<p>Je suis conscient que certaines personnes n&rsquo;utilisent pas du tout Spotlight, au profit de meilleures alternatives comme Raycast ou Alfred. Heureusement, ces applications sont \u00e9galement dot\u00e9es de gestionnaires de presse-papiers int\u00e9gr\u00e9s. L&rsquo;impl\u00e9mentation de Spotlight est suffisante pour les cas d&rsquo;utilisation de base, mais elle n\u00e9cessite un moyen plus rapide d&rsquo;acc\u00e9der et de coller \u00e0 partir de l&rsquo;historique de votre presse-papiers. Bien que l&rsquo;historique du presse-papiers dans Spotlight soit une mise \u00e0 niveau int\u00e9ressante, je pense toujours que si vous \u00eates s\u00e9rieux au sujet de la gestion du presse-papiers, les alternatives tierces sont la voie \u00e0 suivre. <\/p>\n<p>Les meilleurs gestionnaires de presse-papiers pour Mac vous permettront de synchroniser l&rsquo;historique de votre presse-papiers sur plusieurs appareils, d&rsquo;exclure certaines applications de votre historique de presse-papiers, de filtrer les \u00e9l\u00e9ments du presse-papiers par type (liens, texte, images, etc.), de copier plusieurs \u00e9l\u00e9ments et de les coller s\u00e9quentiellement (utile pour remplir des formulaires r\u00e9p\u00e9titifs), d&rsquo;extraire et de copier du texte \u00e0 partir d&rsquo;images, et bien plus encore. <\/p>\n","protected":false},"excerpt":{"rendered":"<p>Consultez l\u2019int\u00e9gralit\u00e9 de l\u2019historique de votre presse-papiers. \u00c9tonnamment, votre Mac vient tout juste d&rsquo;acqu\u00e9rir la capacit\u00e9 de vous montrer une liste compl\u00e8te de ce que<\/p>\n","protected":false},"author":1,"featured_media":11350,"comment_status":"","ping_status":"","sticky":false,"template":"","format":"standard","meta":{"footnotes":""},"categories":[13],"tags":[166,545,9261,1112,5,9262,2740,486,8,4],"class_list":["post-11349","post","type-post","status-publish","format-standard","has-post-thumbnail","hentry","category-technologie","tag-dans","tag-enfin","tag-lhistorique","tag-mac","tag-pouvez","tag-pressepapiers","tag-spotlight","tag-voir","tag-votre","tag-vous","generate-columns","tablet-grid-50","mobile-grid-100","grid-parent","grid-33"],"yoast_head":"<!-- This site is optimized with the Yoast SEO plugin v24.0 - https:\/\/yoast.com\/wordpress\/plugins\/seo\/ -->\n<title>Vous pouvez enfin voir l&#039;historique du Presse-papiers de votre Mac dans Spotlight | Vie Associative<\/title>\n<meta name=\"robots\" content=\"index, follow, max-snippet:-1, max-image-preview:large, max-video-preview:-1\" \/>\n<link rel=\"canonical\" href=\"https:\/\/vieassociative.be\/actualites\/vous-pouvez-enfin-voir-lhistorique-du-presse-papiers-de-votre-mac-dans-spotlight\/\" \/>\n<meta property=\"og:locale\" content=\"fr_FR\" \/>\n<meta property=\"og:type\" content=\"article\" \/>\n<meta property=\"og:title\" content=\"Vous pouvez enfin voir l&#039;historique du Presse-papiers de votre Mac dans Spotlight | Vie Associative\" \/>\n<meta property=\"og:description\" content=\"Consultez l\u2019int\u00e9gralit\u00e9 de l\u2019historique de votre presse-papiers. \u00c9tonnamment, votre Mac vient tout juste d&rsquo;acqu\u00e9rir la capacit\u00e9 de vous montrer une liste compl\u00e8te de ce que\" \/>\n<meta property=\"og:url\" content=\"https:\/\/vieassociative.be\/actualites\/vous-pouvez-enfin-voir-lhistorique-du-presse-papiers-de-votre-mac-dans-spotlight\/\" \/>\n<meta property=\"og:site_name\" content=\"Vie Associative\" \/>\n<meta property=\"article:published_time\" content=\"2025-11-16T13:17:21+00:00\" \/>\n<meta property=\"og:image\" content=\"https:\/\/vieassociative.be\/actualites\/wp-content\/uploads\/2025\/11\/Vous-pouvez-enfin-voir-lhistorique-du-Presse-papiers-de-votre-Mac.png\" \/>\n<meta name=\"author\" content=\"Julien\" \/>\n<meta name=\"twitter:card\" content=\"summary_large_image\" \/>\n<meta name=\"twitter:label1\" content=\"\u00c9crit par\" \/>\n\t<meta name=\"twitter:data1\" content=\"Julien\" \/>\n\t<meta name=\"twitter:label2\" content=\"Dur\u00e9e de lecture est.\" \/>\n\t<meta name=\"twitter:data2\" content=\"4 minutes\" \/>\n<script type=\"application\/ld+json\" class=\"yoast-schema-graph\">{\"@context\":\"https:\/\/schema.org\",\"@graph\":[{\"@type\":\"Article\",\"@id\":\"https:\/\/vieassociative.be\/actualites\/vous-pouvez-enfin-voir-lhistorique-du-presse-papiers-de-votre-mac-dans-spotlight\/#article\",\"isPartOf\":{\"@id\":\"https:\/\/vieassociative.be\/actualites\/vous-pouvez-enfin-voir-lhistorique-du-presse-papiers-de-votre-mac-dans-spotlight\/\"},\"author\":{\"name\":\"Julien\",\"@id\":\"https:\/\/vieassociative.be\/actualites\/#\/schema\/person\/b87ac4f82f9d4e7b7cec7395b679edc4\"},\"headline\":\"Vous pouvez enfin voir l&rsquo;historique du Presse-papiers de votre Mac dans Spotlight\",\"datePublished\":\"2025-11-16T13:17:21+00:00\",\"dateModified\":\"2025-11-16T13:17:21+00:00\",\"mainEntityOfPage\":{\"@id\":\"https:\/\/vieassociative.be\/actualites\/vous-pouvez-enfin-voir-lhistorique-du-presse-papiers-de-votre-mac-dans-spotlight\/\"},\"wordCount\":920,\"publisher\":{\"@id\":\"https:\/\/vieassociative.be\/actualites\/#organization\"},\"image\":{\"@id\":\"https:\/\/vieassociative.be\/actualites\/vous-pouvez-enfin-voir-lhistorique-du-presse-papiers-de-votre-mac-dans-spotlight\/#primaryimage\"},\"thumbnailUrl\":\"https:\/\/vieassociative.be\/actualites\/wp-content\/uploads\/2025\/11\/1763299042_Vous-pouvez-enfin-voir-lhistorique-du-Presse-papiers-de-votre-Mac.png\",\"keywords\":[\"dans\",\"enfin\",\"lhistorique\",\"Mac\",\"pouvez\",\"Pressepapiers\",\"Spotlight\",\"voir\",\"votre\",\"Vous\"],\"articleSection\":[\"Technologie\"],\"inLanguage\":\"fr-BE\"},{\"@type\":\"WebPage\",\"@id\":\"https:\/\/vieassociative.be\/actualites\/vous-pouvez-enfin-voir-lhistorique-du-presse-papiers-de-votre-mac-dans-spotlight\/\",\"url\":\"https:\/\/vieassociative.be\/actualites\/vous-pouvez-enfin-voir-lhistorique-du-presse-papiers-de-votre-mac-dans-spotlight\/\",\"name\":\"Vous pouvez enfin voir l'historique du Presse-papiers de votre Mac dans Spotlight | Vie Associative\",\"isPartOf\":{\"@id\":\"https:\/\/vieassociative.be\/actualites\/#website\"},\"primaryImageOfPage\":{\"@id\":\"https:\/\/vieassociative.be\/actualites\/vous-pouvez-enfin-voir-lhistorique-du-presse-papiers-de-votre-mac-dans-spotlight\/#primaryimage\"},\"image\":{\"@id\":\"https:\/\/vieassociative.be\/actualites\/vous-pouvez-enfin-voir-lhistorique-du-presse-papiers-de-votre-mac-dans-spotlight\/#primaryimage\"},\"thumbnailUrl\":\"https:\/\/vieassociative.be\/actualites\/wp-content\/uploads\/2025\/11\/1763299042_Vous-pouvez-enfin-voir-lhistorique-du-Presse-papiers-de-votre-Mac.png\",\"datePublished\":\"2025-11-16T13:17:21+00:00\",\"dateModified\":\"2025-11-16T13:17:21+00:00\",\"breadcrumb\":{\"@id\":\"https:\/\/vieassociative.be\/actualites\/vous-pouvez-enfin-voir-lhistorique-du-presse-papiers-de-votre-mac-dans-spotlight\/#breadcrumb\"},\"inLanguage\":\"fr-BE\",\"potentialAction\":[{\"@type\":\"ReadAction\",\"target\":[\"https:\/\/vieassociative.be\/actualites\/vous-pouvez-enfin-voir-lhistorique-du-presse-papiers-de-votre-mac-dans-spotlight\/\"]}]},{\"@type\":\"ImageObject\",\"inLanguage\":\"fr-BE\",\"@id\":\"https:\/\/vieassociative.be\/actualites\/vous-pouvez-enfin-voir-lhistorique-du-presse-papiers-de-votre-mac-dans-spotlight\/#primaryimage\",\"url\":\"https:\/\/vieassociative.be\/actualites\/wp-content\/uploads\/2025\/11\/1763299042_Vous-pouvez-enfin-voir-lhistorique-du-Presse-papiers-de-votre-Mac.png\",\"contentUrl\":\"https:\/\/vieassociative.be\/actualites\/wp-content\/uploads\/2025\/11\/1763299042_Vous-pouvez-enfin-voir-lhistorique-du-Presse-papiers-de-votre-Mac.png\",\"width\":1200,\"height\":675,\"caption\":\"Vous pouvez enfin voir l'historique du Presse-papiers de votre Mac dans Spotlight\"},{\"@type\":\"BreadcrumbList\",\"@id\":\"https:\/\/vieassociative.be\/actualites\/vous-pouvez-enfin-voir-lhistorique-du-presse-papiers-de-votre-mac-dans-spotlight\/#breadcrumb\",\"itemListElement\":[{\"@type\":\"ListItem\",\"position\":1,\"name\":\"Accueil\",\"item\":\"https:\/\/vieassociative.be\/actualites\/\"},{\"@type\":\"ListItem\",\"position\":2,\"name\":\"Vous pouvez enfin voir l&rsquo;historique du Presse-papiers de votre Mac dans Spotlight\"}]},{\"@type\":\"WebSite\",\"@id\":\"https:\/\/vieassociative.be\/actualites\/#website\",\"url\":\"https:\/\/vieassociative.be\/actualites\/\",\"name\":\"Vie Associative\",\"description\":\"\",\"publisher\":{\"@id\":\"https:\/\/vieassociative.be\/actualites\/#organization\"},\"potentialAction\":[{\"@type\":\"SearchAction\",\"target\":{\"@type\":\"EntryPoint\",\"urlTemplate\":\"https:\/\/vieassociative.be\/actualites\/?s={search_term_string}\"},\"query-input\":{\"@type\":\"PropertyValueSpecification\",\"valueRequired\":true,\"valueName\":\"search_term_string\"}}],\"inLanguage\":\"fr-BE\"},{\"@type\":\"Organization\",\"@id\":\"https:\/\/vieassociative.be\/actualites\/#organization\",\"name\":\"Vie Associative\",\"url\":\"https:\/\/vieassociative.be\/actualites\/\",\"logo\":{\"@type\":\"ImageObject\",\"inLanguage\":\"fr-BE\",\"@id\":\"https:\/\/vieassociative.be\/actualites\/#\/schema\/logo\/image\/\",\"url\":\"https:\/\/vieassociative.be\/actualites\/wp-content\/uploads\/2024\/09\/cropped-vieassociative_favicon.ico.png\",\"contentUrl\":\"https:\/\/vieassociative.be\/actualites\/wp-content\/uploads\/2024\/09\/cropped-vieassociative_favicon.ico.png\",\"width\":512,\"height\":512,\"caption\":\"Vie Associative\"},\"image\":{\"@id\":\"https:\/\/vieassociative.be\/actualites\/#\/schema\/logo\/image\/\"}},{\"@type\":\"Person\",\"@id\":\"https:\/\/vieassociative.be\/actualites\/#\/schema\/person\/b87ac4f82f9d4e7b7cec7395b679edc4\",\"name\":\"Julien\",\"image\":{\"@type\":\"ImageObject\",\"inLanguage\":\"fr-BE\",\"@id\":\"https:\/\/vieassociative.be\/actualites\/#\/schema\/person\/image\/\",\"url\":\"https:\/\/vieassociative.be\/actualites\/wp-content\/uploads\/2024\/09\/vie-associative-1-150x150.jpg\",\"contentUrl\":\"https:\/\/vieassociative.be\/actualites\/wp-content\/uploads\/2024\/09\/vie-associative-1-150x150.jpg\",\"caption\":\"Julien\"},\"description\":\"Je suis Julien, r\u00e9dacteur pour Vie Associative. Passionn\u00e9 par le monde associatif depuis plus de 10 ans, j'ai \u00e0 c\u0153ur de partager des histoires inspirantes et de mettre en lumi\u00e8re les initiatives locales. Mon objectif est de sensibiliser et d'encourager l'engagement communautaire \u00e0 travers mes articles.\",\"sameAs\":[\"https:\/\/vieassociative.be\/\"]}]}<\/script>\n<!-- \/ Yoast SEO plugin. -->","yoast_head_json":{"title":"Vous pouvez enfin voir l'historique du Presse-papiers de votre Mac dans Spotlight | Vie Associative","robots":{"index":"index","follow":"follow","max-snippet":"max-snippet:-1","max-image-preview":"max-image-preview:large","max-video-preview":"max-video-preview:-1"},"canonical":"https:\/\/vieassociative.be\/actualites\/vous-pouvez-enfin-voir-lhistorique-du-presse-papiers-de-votre-mac-dans-spotlight\/","og_locale":"fr_FR","og_type":"article","og_title":"Vous pouvez enfin voir l'historique du Presse-papiers de votre Mac dans Spotlight | Vie Associative","og_description":"Consultez l\u2019int\u00e9gralit\u00e9 de l\u2019historique de votre presse-papiers. \u00c9tonnamment, votre Mac vient tout juste d&rsquo;acqu\u00e9rir la capacit\u00e9 de vous montrer une liste compl\u00e8te de ce que","og_url":"https:\/\/vieassociative.be\/actualites\/vous-pouvez-enfin-voir-lhistorique-du-presse-papiers-de-votre-mac-dans-spotlight\/","og_site_name":"Vie Associative","article_published_time":"2025-11-16T13:17:21+00:00","og_image":[{"url":"https:\/\/vieassociative.be\/actualites\/wp-content\/uploads\/2025\/11\/Vous-pouvez-enfin-voir-lhistorique-du-Presse-papiers-de-votre-Mac.png","type":"","width":"","height":""}],"author":"Julien","twitter_card":"summary_large_image","twitter_misc":{"\u00c9crit par":"Julien","Dur\u00e9e de lecture est.":"4 minutes"},"schema":{"@context":"https:\/\/schema.org","@graph":[{"@type":"Article","@id":"https:\/\/vieassociative.be\/actualites\/vous-pouvez-enfin-voir-lhistorique-du-presse-papiers-de-votre-mac-dans-spotlight\/#article","isPartOf":{"@id":"https:\/\/vieassociative.be\/actualites\/vous-pouvez-enfin-voir-lhistorique-du-presse-papiers-de-votre-mac-dans-spotlight\/"},"author":{"name":"Julien","@id":"https:\/\/vieassociative.be\/actualites\/#\/schema\/person\/b87ac4f82f9d4e7b7cec7395b679edc4"},"headline":"Vous pouvez enfin voir l&rsquo;historique du Presse-papiers de votre Mac dans Spotlight","datePublished":"2025-11-16T13:17:21+00:00","dateModified":"2025-11-16T13:17:21+00:00","mainEntityOfPage":{"@id":"https:\/\/vieassociative.be\/actualites\/vous-pouvez-enfin-voir-lhistorique-du-presse-papiers-de-votre-mac-dans-spotlight\/"},"wordCount":920,"publisher":{"@id":"https:\/\/vieassociative.be\/actualites\/#organization"},"image":{"@id":"https:\/\/vieassociative.be\/actualites\/vous-pouvez-enfin-voir-lhistorique-du-presse-papiers-de-votre-mac-dans-spotlight\/#primaryimage"},"thumbnailUrl":"https:\/\/vieassociative.be\/actualites\/wp-content\/uploads\/2025\/11\/1763299042_Vous-pouvez-enfin-voir-lhistorique-du-Presse-papiers-de-votre-Mac.png","keywords":["dans","enfin","lhistorique","Mac","pouvez","Pressepapiers","Spotlight","voir","votre","Vous"],"articleSection":["Technologie"],"inLanguage":"fr-BE"},{"@type":"WebPage","@id":"https:\/\/vieassociative.be\/actualites\/vous-pouvez-enfin-voir-lhistorique-du-presse-papiers-de-votre-mac-dans-spotlight\/","url":"https:\/\/vieassociative.be\/actualites\/vous-pouvez-enfin-voir-lhistorique-du-presse-papiers-de-votre-mac-dans-spotlight\/","name":"Vous pouvez enfin voir l'historique du Presse-papiers de votre Mac dans Spotlight | Vie Associative","isPartOf":{"@id":"https:\/\/vieassociative.be\/actualites\/#website"},"primaryImageOfPage":{"@id":"https:\/\/vieassociative.be\/actualites\/vous-pouvez-enfin-voir-lhistorique-du-presse-papiers-de-votre-mac-dans-spotlight\/#primaryimage"},"image":{"@id":"https:\/\/vieassociative.be\/actualites\/vous-pouvez-enfin-voir-lhistorique-du-presse-papiers-de-votre-mac-dans-spotlight\/#primaryimage"},"thumbnailUrl":"https:\/\/vieassociative.be\/actualites\/wp-content\/uploads\/2025\/11\/1763299042_Vous-pouvez-enfin-voir-lhistorique-du-Presse-papiers-de-votre-Mac.png","datePublished":"2025-11-16T13:17:21+00:00","dateModified":"2025-11-16T13:17:21+00:00","breadcrumb":{"@id":"https:\/\/vieassociative.be\/actualites\/vous-pouvez-enfin-voir-lhistorique-du-presse-papiers-de-votre-mac-dans-spotlight\/#breadcrumb"},"inLanguage":"fr-BE","potentialAction":[{"@type":"ReadAction","target":["https:\/\/vieassociative.be\/actualites\/vous-pouvez-enfin-voir-lhistorique-du-presse-papiers-de-votre-mac-dans-spotlight\/"]}]},{"@type":"ImageObject","inLanguage":"fr-BE","@id":"https:\/\/vieassociative.be\/actualites\/vous-pouvez-enfin-voir-lhistorique-du-presse-papiers-de-votre-mac-dans-spotlight\/#primaryimage","url":"https:\/\/vieassociative.be\/actualites\/wp-content\/uploads\/2025\/11\/1763299042_Vous-pouvez-enfin-voir-lhistorique-du-Presse-papiers-de-votre-Mac.png","contentUrl":"https:\/\/vieassociative.be\/actualites\/wp-content\/uploads\/2025\/11\/1763299042_Vous-pouvez-enfin-voir-lhistorique-du-Presse-papiers-de-votre-Mac.png","width":1200,"height":675,"caption":"Vous pouvez enfin voir l'historique du Presse-papiers de votre Mac dans Spotlight"},{"@type":"BreadcrumbList","@id":"https:\/\/vieassociative.be\/actualites\/vous-pouvez-enfin-voir-lhistorique-du-presse-papiers-de-votre-mac-dans-spotlight\/#breadcrumb","itemListElement":[{"@type":"ListItem","position":1,"name":"Accueil","item":"https:\/\/vieassociative.be\/actualites\/"},{"@type":"ListItem","position":2,"name":"Vous pouvez enfin voir l&rsquo;historique du Presse-papiers de votre Mac dans Spotlight"}]},{"@type":"WebSite","@id":"https:\/\/vieassociative.be\/actualites\/#website","url":"https:\/\/vieassociative.be\/actualites\/","name":"Vie Associative","description":"","publisher":{"@id":"https:\/\/vieassociative.be\/actualites\/#organization"},"potentialAction":[{"@type":"SearchAction","target":{"@type":"EntryPoint","urlTemplate":"https:\/\/vieassociative.be\/actualites\/?s={search_term_string}"},"query-input":{"@type":"PropertyValueSpecification","valueRequired":true,"valueName":"search_term_string"}}],"inLanguage":"fr-BE"},{"@type":"Organization","@id":"https:\/\/vieassociative.be\/actualites\/#organization","name":"Vie Associative","url":"https:\/\/vieassociative.be\/actualites\/","logo":{"@type":"ImageObject","inLanguage":"fr-BE","@id":"https:\/\/vieassociative.be\/actualites\/#\/schema\/logo\/image\/","url":"https:\/\/vieassociative.be\/actualites\/wp-content\/uploads\/2024\/09\/cropped-vieassociative_favicon.ico.png","contentUrl":"https:\/\/vieassociative.be\/actualites\/wp-content\/uploads\/2024\/09\/cropped-vieassociative_favicon.ico.png","width":512,"height":512,"caption":"Vie Associative"},"image":{"@id":"https:\/\/vieassociative.be\/actualites\/#\/schema\/logo\/image\/"}},{"@type":"Person","@id":"https:\/\/vieassociative.be\/actualites\/#\/schema\/person\/b87ac4f82f9d4e7b7cec7395b679edc4","name":"Julien","image":{"@type":"ImageObject","inLanguage":"fr-BE","@id":"https:\/\/vieassociative.be\/actualites\/#\/schema\/person\/image\/","url":"https:\/\/vieassociative.be\/actualites\/wp-content\/uploads\/2024\/09\/vie-associative-1-150x150.jpg","contentUrl":"https:\/\/vieassociative.be\/actualites\/wp-content\/uploads\/2024\/09\/vie-associative-1-150x150.jpg","caption":"Julien"},"description":"Je suis Julien, r\u00e9dacteur pour Vie Associative. Passionn\u00e9 par le monde associatif depuis plus de 10 ans, j'ai \u00e0 c\u0153ur de partager des histoires inspirantes et de mettre en lumi\u00e8re les initiatives locales. Mon objectif est de sensibiliser et d'encourager l'engagement communautaire \u00e0 travers mes articles.","sameAs":["https:\/\/vieassociative.be\/"]}]}},"_links":{"self":[{"href":"https:\/\/vieassociative.be\/actualites\/wp-json\/wp\/v2\/posts\/11349"}],"collection":[{"href":"https:\/\/vieassociative.be\/actualites\/wp-json\/wp\/v2\/posts"}],"about":[{"href":"https:\/\/vieassociative.be\/actualites\/wp-json\/wp\/v2\/types\/post"}],"author":[{"embeddable":true,"href":"https:\/\/vieassociative.be\/actualites\/wp-json\/wp\/v2\/users\/1"}],"replies":[{"embeddable":true,"href":"https:\/\/vieassociative.be\/actualites\/wp-json\/wp\/v2\/comments?post=11349"}],"version-history":[{"count":0,"href":"https:\/\/vieassociative.be\/actualites\/wp-json\/wp\/v2\/posts\/11349\/revisions"}],"wp:featuredmedia":[{"embeddable":true,"href":"https:\/\/vieassociative.be\/actualites\/wp-json\/wp\/v2\/media\/11350"}],"wp:attachment":[{"href":"https:\/\/vieassociative.be\/actualites\/wp-json\/wp\/v2\/media?parent=11349"}],"wp:term":[{"taxonomy":"category","embeddable":true,"href":"https:\/\/vieassociative.be\/actualites\/wp-json\/wp\/v2\/categories?post=11349"},{"taxonomy":"post_tag","embeddable":true,"href":"https:\/\/vieassociative.be\/actualites\/wp-json\/wp\/v2\/tags?post=11349"}],"curies":[{"name":"wp","href":"https:\/\/api.w.org\/{rel}","templated":true}]}}