{"id":11345,"date":"2025-11-16T08:17:42","date_gmt":"2025-11-16T07:17:42","guid":{"rendered":"https:\/\/vieassociative.be\/actualites\/la-vigne-est-de-retour\/"},"modified":"2025-11-16T08:17:42","modified_gmt":"2025-11-16T07:17:42","slug":"la-vigne-est-de-retour","status":"publish","type":"post","link":"https:\/\/vieassociative.be\/actualites\/la-vigne-est-de-retour\/","title":{"rendered":"La vigne est de retour"},"content":{"rendered":"<div class=\"mt-4 leading-6 md:mb-8\">D&rsquo;une mani\u00e8re ou d&rsquo;une autre, Vine fait son retour, et il est exempt d&rsquo;IA.<\/div>\n<p><\/p>\n<p>Aujourd&rsquo;hui, les vid\u00e9os courtes dominent notre temps libre (et notre temps de travail, en plus) \u2013 mais cela n&rsquo;a pas toujours \u00e9t\u00e9 le cas. Avant TikTok et Instagram Reels, le contenu vid\u00e9o en ligne \u00e9tait plus long qu\u2019autrement. Cela aurait pu sembler court par rapport aux normes de la t\u00e9l\u00e9vision par c\u00e2ble, mais de nombreuses vid\u00e9os sur des plateformes comme YouTube duraient r\u00e9guli\u00e8rement entre deux et dix minutes, voire plus. <\/p>\n<p>La premi\u00e8re plate-forme \u00e0 vraiment populariser le contenu court tel que nous le pensons aujourd&rsquo;hui a \u00e9t\u00e9 Vine. Ces vid\u00e9os \u00e9taient <em>court<\/em>-un <em>maximum<\/em> de six secondes \u00e0 la fois, ce qui aurait d\u00fb sonner le glas de la plate-forme. Qui aurait envie de regarder ces petites vid\u00e9os l\u2019une apr\u00e8s l\u2019autre pendant des heures\u00a0? Beaucoup d\u2019entre nous, apparemment. Les compilations Vine recueillent des millions (voire des dizaines de millions) de vues sur YouTube. M\u00eame si la plateforme appartenant \u00e0 Twitter n\u2019a dur\u00e9 qu\u2019environ cinq ans, elle s\u2019est impos\u00e9e comme un v\u00e9ritable ph\u00e9nom\u00e8ne culturel. Citez la premi\u00e8re moiti\u00e9 d&rsquo;une vigne populaire \u00e0 un groupe de jeunes mill\u00e9naires ou de la g\u00e9n\u00e9ration Z, et il y a de fortes chances qu&rsquo;ils terminent la ligne. <\/p>\n<p>Depuis des ann\u00e9es, nous, fans de Vine, aspirions \u00e0 ce que quelqu&rsquo;un ram\u00e8ne l&rsquo;application. Bien s\u00fbr, la vid\u00e9o courte n\u2019a jamais \u00e9t\u00e9 aussi addictive, mais ce n\u2019est tout simplement pas la m\u00eame chose. Les vid\u00e9os sur Vine avaient une sensation tr\u00e8s diff\u00e9rente de la plupart du contenu que vous voyez sur TikTok. C&rsquo;\u00e9tait peut-\u00eatre la dur\u00e9e d&rsquo;ex\u00e9cution limit\u00e9e\u00a0; c&rsquo;\u00e9tait peut-\u00eatre l&rsquo;interface d&rsquo;enregistrement simplifi\u00e9e. Mais pour moi, Vine ressemble aux premiers YouTube\u00a0: fait maison, ind\u00e9pendant et amusant.<\/p>\n<div class=\"mx-auto mb-12 mt-5 w-full max-w-3xl rounded-md border-2 border-gray-100 p-3 shadow-md md:px-7 md:pb-7 md:pt-5\" id=\"related-video\">\n<div class=\"mb-3 flex items-center md:mb-5\">\n        <img decoding=\"async\" class=\"mr-4 mt-0 h-10 w-10 md:mr-5 md:h-12 md:w-12\" src=\"https:\/\/vieassociative.be\/actualites\/wp-content\/uploads\/2025\/09\/1757726237_608_Meta-pourrait-devoiler-une-montre-intelligente-pour-controler-ses-lunettes.jpg\" alt=\"Logo du pirate de la vie\"><\/p><\/div>\n<div class=\"aspect-video w-full overflow-hidden rounded-md\">\n<div id=\"video-container-01KA5RAM5J2TCH4ACE5FGVEXZN\"><\/div>\n<\/p><\/div>\n<\/div>\n<h2 id=\"divine-is-the-new-vine\">Divine est la nouvelle vigne<\/h2>\n<p>Il semble que l\u2019exp\u00e9rience soit en train de faire son retour. Une nouvelle application, Divine, tente de recr\u00e9er la magie de ces boucles de six secondes. Divine, construit par l&rsquo;ancien employ\u00e9 de Twitter Evan Henshaw-Plath et financ\u00e9 par le co-fondateur de Twitter Jack Dorsey, est cens\u00e9 \u00eatre une plate-forme permettant de partager des vignes anciennes et nouvelles. Bien s\u00fbr, vous pouvez t\u00e9l\u00e9charger de nouveaux clips de six secondes, mais l&rsquo;application proposera \u00e9galement 150 000 \u00e0 200 000 vignes \u00ab archiv\u00e9es \u00bb provenant d&rsquo;environ 60 000 cr\u00e9ateurs. Vous n&rsquo;aurez plus besoin de compter sur ces compilations Vine\u00a0: vous pouvez regarder ces clips classiques directement sur Divine. <\/p>\n<p>Ces vid\u00e9os ne sont pas non plus extraites des compilations YouTube. Selon TechCrunch, la biblioth\u00e8que originale de Vine \u00e9tait stock\u00e9e par l&rsquo;organisation \u00ab\u00a0Archive Team\u00a0\u00bb dans une archive immense mais largement inaccessible. Henshaw-Plath a \u00e9tudi\u00e9 la biblioth\u00e8que, extrayant autant de donn\u00e9es que possible pour cr\u00e9er des profils pour les comptes Vine d&rsquo;origine et afficher des mesures telles que les vues et les commentaires originaux. Bien que toutes les Vines n&rsquo;aient pas \u00e9t\u00e9 archiv\u00e9es, y compris \u00ab des millions de vid\u00e9os ax\u00e9es sur la K-pop \u00bb, Henshaw-Plath estime qu&rsquo;\u00ab un bon pourcentage \u00bb sont disponibles sur Divine. Les cr\u00e9ateurs de Vine peuvent choisir de supprimer leurs vid\u00e9os de Divine ou de reprendre leurs profils sur l&rsquo;application, \u00e0 condition qu&rsquo;ils prouvent leur identit\u00e9. <\/p>\n<p>Divine est \u00e9galement une plateforme de m\u00e9dias sociaux d\u00e9centralis\u00e9e fonctionnant sur le protocole Nostr. Cela signifie qu\u2019aucune entreprise n\u2019en est propri\u00e9taire, ce qui signifie que votre contenu est votre contenu. Lorsque vous publiez, vos vid\u00e9os vous sont li\u00e9es via des cl\u00e9s priv\u00e9es, vous pouvez donc toujours en prouver la propri\u00e9t\u00e9. De plus, il n\u2019existe pas d\u2019algorithmes sp\u00e9cifiques \u00e0 l\u2019utilisateur. Vous devez choisir ce que vous voulez regarder ou vous lancer dans un algorithme cr\u00e9\u00e9 par la communaut\u00e9 Divine. <\/p>\n<p>Mais ma partie pr\u00e9f\u00e9r\u00e9e de cette exp\u00e9rience\u00a0? Pas d&rsquo;IA. \u00c0 une \u00e9poque o\u00f9 d\u2019autres plateformes de m\u00e9dias sociaux sont inond\u00e9es de vid\u00e9os hyperr\u00e9alistes provenant de g\u00e9n\u00e9rateurs comme Sora, Divine a une politique stricte de non-IA. Divine utilise la technologie du Guardian Project pour confirmer si une vid\u00e9o a \u00e9t\u00e9 film\u00e9e sur un smartphone. Si le syst\u00e8me d\u00e9tecte qu\u2019une vid\u00e9o est artificielle, elle est supprim\u00e9e. De quoi faire verser une larme (de joie) \u00e0 cet \u00e9diteur technique. <\/p>\n<h2 id=\"how-to-join-divine\">Comment rejoindre Divine<\/h2>\n<p>Comme vous vous en doutez, il y a une forte demande pour essayer Divine au lancement. Pour le moment, la soci\u00e9t\u00e9 affirme que son test b\u00eata est termin\u00e9. Cependant, vous pouvez vous inscrire sur la liste d&rsquo;attente pour \u00eatre averti lorsque de nouvelles places se lib\u00e8rent. Vous pouvez \u00e9galement parcourir des clips sur l&rsquo;application Web de la plateforme d\u00e8s maintenant, m\u00eame sans compte, mais j&rsquo;ai trouv\u00e9 cela un peu probl\u00e9matique.<\/p>\n","protected":false},"excerpt":{"rendered":"<p>D&rsquo;une mani\u00e8re ou d&rsquo;une autre, Vine fait son retour, et il est exempt d&rsquo;IA. Aujourd&rsquo;hui, les vid\u00e9os courtes dominent notre temps libre (et notre temps<\/p>\n","protected":false},"author":1,"featured_media":11346,"comment_status":"","ping_status":"","sticky":false,"template":"","format":"standard","meta":{"footnotes":""},"categories":[13],"tags":[76,787,9260],"class_list":["post-11345","post","type-post","status-publish","format-standard","has-post-thumbnail","hentry","category-technologie","tag-est","tag-retour","tag-vigne","generate-columns","tablet-grid-50","mobile-grid-100","grid-parent","grid-33"],"yoast_head":"<!-- This site is optimized with the Yoast SEO plugin v24.0 - https:\/\/yoast.com\/wordpress\/plugins\/seo\/ -->\n<title>La vigne est de retour | Vie Associative<\/title>\n<meta name=\"robots\" content=\"index, follow, max-snippet:-1, max-image-preview:large, max-video-preview:-1\" \/>\n<link rel=\"canonical\" href=\"https:\/\/vieassociative.be\/actualites\/la-vigne-est-de-retour\/\" \/>\n<meta property=\"og:locale\" content=\"fr_FR\" \/>\n<meta property=\"og:type\" content=\"article\" \/>\n<meta property=\"og:title\" content=\"La vigne est de retour | Vie Associative\" \/>\n<meta property=\"og:description\" content=\"D&rsquo;une mani\u00e8re ou d&rsquo;une autre, Vine fait son retour, et il est exempt d&rsquo;IA. Aujourd&rsquo;hui, les vid\u00e9os courtes dominent notre temps libre (et notre temps\" \/>\n<meta property=\"og:url\" content=\"https:\/\/vieassociative.be\/actualites\/la-vigne-est-de-retour\/\" \/>\n<meta property=\"og:site_name\" content=\"Vie Associative\" \/>\n<meta property=\"article:published_time\" content=\"2025-11-16T07:17:42+00:00\" \/>\n<meta property=\"og:image\" content=\"https:\/\/vieassociative.be\/actualites\/wp-content\/uploads\/2025\/09\/1757726237_608_Meta-pourrait-devoiler-une-montre-intelligente-pour-controler-ses-lunettes.jpg\" \/>\n<meta name=\"author\" content=\"Julien\" \/>\n<meta name=\"twitter:card\" content=\"summary_large_image\" \/>\n<meta name=\"twitter:label1\" content=\"\u00c9crit par\" \/>\n\t<meta name=\"twitter:data1\" content=\"Julien\" \/>\n\t<meta name=\"twitter:label2\" content=\"Dur\u00e9e de lecture est.\" \/>\n\t<meta name=\"twitter:data2\" content=\"4 minutes\" \/>\n<script type=\"application\/ld+json\" class=\"yoast-schema-graph\">{\"@context\":\"https:\/\/schema.org\",\"@graph\":[{\"@type\":\"Article\",\"@id\":\"https:\/\/vieassociative.be\/actualites\/la-vigne-est-de-retour\/#article\",\"isPartOf\":{\"@id\":\"https:\/\/vieassociative.be\/actualites\/la-vigne-est-de-retour\/\"},\"author\":{\"name\":\"Julien\",\"@id\":\"https:\/\/vieassociative.be\/actualites\/#\/schema\/person\/b87ac4f82f9d4e7b7cec7395b679edc4\"},\"headline\":\"La vigne est de retour\",\"datePublished\":\"2025-11-16T07:17:42+00:00\",\"dateModified\":\"2025-11-16T07:17:42+00:00\",\"mainEntityOfPage\":{\"@id\":\"https:\/\/vieassociative.be\/actualites\/la-vigne-est-de-retour\/\"},\"wordCount\":853,\"publisher\":{\"@id\":\"https:\/\/vieassociative.be\/actualites\/#organization\"},\"image\":{\"@id\":\"https:\/\/vieassociative.be\/actualites\/la-vigne-est-de-retour\/#primaryimage\"},\"thumbnailUrl\":\"https:\/\/vieassociative.be\/actualites\/wp-content\/uploads\/2025\/11\/La-vigne-est-de-retour.jpg\",\"keywords\":[\"est\",\"retour\",\"vigne\"],\"articleSection\":[\"Technologie\"],\"inLanguage\":\"fr-BE\"},{\"@type\":\"WebPage\",\"@id\":\"https:\/\/vieassociative.be\/actualites\/la-vigne-est-de-retour\/\",\"url\":\"https:\/\/vieassociative.be\/actualites\/la-vigne-est-de-retour\/\",\"name\":\"La vigne est de retour | Vie Associative\",\"isPartOf\":{\"@id\":\"https:\/\/vieassociative.be\/actualites\/#website\"},\"primaryImageOfPage\":{\"@id\":\"https:\/\/vieassociative.be\/actualites\/la-vigne-est-de-retour\/#primaryimage\"},\"image\":{\"@id\":\"https:\/\/vieassociative.be\/actualites\/la-vigne-est-de-retour\/#primaryimage\"},\"thumbnailUrl\":\"https:\/\/vieassociative.be\/actualites\/wp-content\/uploads\/2025\/11\/La-vigne-est-de-retour.jpg\",\"datePublished\":\"2025-11-16T07:17:42+00:00\",\"dateModified\":\"2025-11-16T07:17:42+00:00\",\"breadcrumb\":{\"@id\":\"https:\/\/vieassociative.be\/actualites\/la-vigne-est-de-retour\/#breadcrumb\"},\"inLanguage\":\"fr-BE\",\"potentialAction\":[{\"@type\":\"ReadAction\",\"target\":[\"https:\/\/vieassociative.be\/actualites\/la-vigne-est-de-retour\/\"]}]},{\"@type\":\"ImageObject\",\"inLanguage\":\"fr-BE\",\"@id\":\"https:\/\/vieassociative.be\/actualites\/la-vigne-est-de-retour\/#primaryimage\",\"url\":\"https:\/\/vieassociative.be\/actualites\/wp-content\/uploads\/2025\/11\/La-vigne-est-de-retour.jpg\",\"contentUrl\":\"https:\/\/vieassociative.be\/actualites\/wp-content\/uploads\/2025\/11\/La-vigne-est-de-retour.jpg\",\"width\":1200,\"height\":675,\"caption\":\"La vigne est de retour\"},{\"@type\":\"BreadcrumbList\",\"@id\":\"https:\/\/vieassociative.be\/actualites\/la-vigne-est-de-retour\/#breadcrumb\",\"itemListElement\":[{\"@type\":\"ListItem\",\"position\":1,\"name\":\"Accueil\",\"item\":\"https:\/\/vieassociative.be\/actualites\/\"},{\"@type\":\"ListItem\",\"position\":2,\"name\":\"La vigne est de retour\"}]},{\"@type\":\"WebSite\",\"@id\":\"https:\/\/vieassociative.be\/actualites\/#website\",\"url\":\"https:\/\/vieassociative.be\/actualites\/\",\"name\":\"Vie Associative\",\"description\":\"\",\"publisher\":{\"@id\":\"https:\/\/vieassociative.be\/actualites\/#organization\"},\"potentialAction\":[{\"@type\":\"SearchAction\",\"target\":{\"@type\":\"EntryPoint\",\"urlTemplate\":\"https:\/\/vieassociative.be\/actualites\/?s={search_term_string}\"},\"query-input\":{\"@type\":\"PropertyValueSpecification\",\"valueRequired\":true,\"valueName\":\"search_term_string\"}}],\"inLanguage\":\"fr-BE\"},{\"@type\":\"Organization\",\"@id\":\"https:\/\/vieassociative.be\/actualites\/#organization\",\"name\":\"Vie Associative\",\"url\":\"https:\/\/vieassociative.be\/actualites\/\",\"logo\":{\"@type\":\"ImageObject\",\"inLanguage\":\"fr-BE\",\"@id\":\"https:\/\/vieassociative.be\/actualites\/#\/schema\/logo\/image\/\",\"url\":\"https:\/\/vieassociative.be\/actualites\/wp-content\/uploads\/2024\/09\/cropped-vieassociative_favicon.ico.png\",\"contentUrl\":\"https:\/\/vieassociative.be\/actualites\/wp-content\/uploads\/2024\/09\/cropped-vieassociative_favicon.ico.png\",\"width\":512,\"height\":512,\"caption\":\"Vie Associative\"},\"image\":{\"@id\":\"https:\/\/vieassociative.be\/actualites\/#\/schema\/logo\/image\/\"}},{\"@type\":\"Person\",\"@id\":\"https:\/\/vieassociative.be\/actualites\/#\/schema\/person\/b87ac4f82f9d4e7b7cec7395b679edc4\",\"name\":\"Julien\",\"image\":{\"@type\":\"ImageObject\",\"inLanguage\":\"fr-BE\",\"@id\":\"https:\/\/vieassociative.be\/actualites\/#\/schema\/person\/image\/\",\"url\":\"https:\/\/vieassociative.be\/actualites\/wp-content\/uploads\/2024\/09\/vie-associative-1-150x150.jpg\",\"contentUrl\":\"https:\/\/vieassociative.be\/actualites\/wp-content\/uploads\/2024\/09\/vie-associative-1-150x150.jpg\",\"caption\":\"Julien\"},\"description\":\"Je suis Julien, r\u00e9dacteur pour Vie Associative. Passionn\u00e9 par le monde associatif depuis plus de 10 ans, j'ai \u00e0 c\u0153ur de partager des histoires inspirantes et de mettre en lumi\u00e8re les initiatives locales. Mon objectif est de sensibiliser et d'encourager l'engagement communautaire \u00e0 travers mes articles.\",\"sameAs\":[\"https:\/\/vieassociative.be\/\"]}]}<\/script>\n<!-- \/ Yoast SEO plugin. -->","yoast_head_json":{"title":"La vigne est de retour | Vie Associative","robots":{"index":"index","follow":"follow","max-snippet":"max-snippet:-1","max-image-preview":"max-image-preview:large","max-video-preview":"max-video-preview:-1"},"canonical":"https:\/\/vieassociative.be\/actualites\/la-vigne-est-de-retour\/","og_locale":"fr_FR","og_type":"article","og_title":"La vigne est de retour | Vie Associative","og_description":"D&rsquo;une mani\u00e8re ou d&rsquo;une autre, Vine fait son retour, et il est exempt d&rsquo;IA. Aujourd&rsquo;hui, les vid\u00e9os courtes dominent notre temps libre (et notre temps","og_url":"https:\/\/vieassociative.be\/actualites\/la-vigne-est-de-retour\/","og_site_name":"Vie Associative","article_published_time":"2025-11-16T07:17:42+00:00","og_image":[{"url":"https:\/\/vieassociative.be\/actualites\/wp-content\/uploads\/2025\/09\/1757726237_608_Meta-pourrait-devoiler-une-montre-intelligente-pour-controler-ses-lunettes.jpg","type":"","width":"","height":""}],"author":"Julien","twitter_card":"summary_large_image","twitter_misc":{"\u00c9crit par":"Julien","Dur\u00e9e de lecture est.":"4 minutes"},"schema":{"@context":"https:\/\/schema.org","@graph":[{"@type":"Article","@id":"https:\/\/vieassociative.be\/actualites\/la-vigne-est-de-retour\/#article","isPartOf":{"@id":"https:\/\/vieassociative.be\/actualites\/la-vigne-est-de-retour\/"},"author":{"name":"Julien","@id":"https:\/\/vieassociative.be\/actualites\/#\/schema\/person\/b87ac4f82f9d4e7b7cec7395b679edc4"},"headline":"La vigne est de retour","datePublished":"2025-11-16T07:17:42+00:00","dateModified":"2025-11-16T07:17:42+00:00","mainEntityOfPage":{"@id":"https:\/\/vieassociative.be\/actualites\/la-vigne-est-de-retour\/"},"wordCount":853,"publisher":{"@id":"https:\/\/vieassociative.be\/actualites\/#organization"},"image":{"@id":"https:\/\/vieassociative.be\/actualites\/la-vigne-est-de-retour\/#primaryimage"},"thumbnailUrl":"https:\/\/vieassociative.be\/actualites\/wp-content\/uploads\/2025\/11\/La-vigne-est-de-retour.jpg","keywords":["est","retour","vigne"],"articleSection":["Technologie"],"inLanguage":"fr-BE"},{"@type":"WebPage","@id":"https:\/\/vieassociative.be\/actualites\/la-vigne-est-de-retour\/","url":"https:\/\/vieassociative.be\/actualites\/la-vigne-est-de-retour\/","name":"La vigne est de retour | Vie Associative","isPartOf":{"@id":"https:\/\/vieassociative.be\/actualites\/#website"},"primaryImageOfPage":{"@id":"https:\/\/vieassociative.be\/actualites\/la-vigne-est-de-retour\/#primaryimage"},"image":{"@id":"https:\/\/vieassociative.be\/actualites\/la-vigne-est-de-retour\/#primaryimage"},"thumbnailUrl":"https:\/\/vieassociative.be\/actualites\/wp-content\/uploads\/2025\/11\/La-vigne-est-de-retour.jpg","datePublished":"2025-11-16T07:17:42+00:00","dateModified":"2025-11-16T07:17:42+00:00","breadcrumb":{"@id":"https:\/\/vieassociative.be\/actualites\/la-vigne-est-de-retour\/#breadcrumb"},"inLanguage":"fr-BE","potentialAction":[{"@type":"ReadAction","target":["https:\/\/vieassociative.be\/actualites\/la-vigne-est-de-retour\/"]}]},{"@type":"ImageObject","inLanguage":"fr-BE","@id":"https:\/\/vieassociative.be\/actualites\/la-vigne-est-de-retour\/#primaryimage","url":"https:\/\/vieassociative.be\/actualites\/wp-content\/uploads\/2025\/11\/La-vigne-est-de-retour.jpg","contentUrl":"https:\/\/vieassociative.be\/actualites\/wp-content\/uploads\/2025\/11\/La-vigne-est-de-retour.jpg","width":1200,"height":675,"caption":"La vigne est de retour"},{"@type":"BreadcrumbList","@id":"https:\/\/vieassociative.be\/actualites\/la-vigne-est-de-retour\/#breadcrumb","itemListElement":[{"@type":"ListItem","position":1,"name":"Accueil","item":"https:\/\/vieassociative.be\/actualites\/"},{"@type":"ListItem","position":2,"name":"La vigne est de retour"}]},{"@type":"WebSite","@id":"https:\/\/vieassociative.be\/actualites\/#website","url":"https:\/\/vieassociative.be\/actualites\/","name":"Vie Associative","description":"","publisher":{"@id":"https:\/\/vieassociative.be\/actualites\/#organization"},"potentialAction":[{"@type":"SearchAction","target":{"@type":"EntryPoint","urlTemplate":"https:\/\/vieassociative.be\/actualites\/?s={search_term_string}"},"query-input":{"@type":"PropertyValueSpecification","valueRequired":true,"valueName":"search_term_string"}}],"inLanguage":"fr-BE"},{"@type":"Organization","@id":"https:\/\/vieassociative.be\/actualites\/#organization","name":"Vie Associative","url":"https:\/\/vieassociative.be\/actualites\/","logo":{"@type":"ImageObject","inLanguage":"fr-BE","@id":"https:\/\/vieassociative.be\/actualites\/#\/schema\/logo\/image\/","url":"https:\/\/vieassociative.be\/actualites\/wp-content\/uploads\/2024\/09\/cropped-vieassociative_favicon.ico.png","contentUrl":"https:\/\/vieassociative.be\/actualites\/wp-content\/uploads\/2024\/09\/cropped-vieassociative_favicon.ico.png","width":512,"height":512,"caption":"Vie Associative"},"image":{"@id":"https:\/\/vieassociative.be\/actualites\/#\/schema\/logo\/image\/"}},{"@type":"Person","@id":"https:\/\/vieassociative.be\/actualites\/#\/schema\/person\/b87ac4f82f9d4e7b7cec7395b679edc4","name":"Julien","image":{"@type":"ImageObject","inLanguage":"fr-BE","@id":"https:\/\/vieassociative.be\/actualites\/#\/schema\/person\/image\/","url":"https:\/\/vieassociative.be\/actualites\/wp-content\/uploads\/2024\/09\/vie-associative-1-150x150.jpg","contentUrl":"https:\/\/vieassociative.be\/actualites\/wp-content\/uploads\/2024\/09\/vie-associative-1-150x150.jpg","caption":"Julien"},"description":"Je suis Julien, r\u00e9dacteur pour Vie Associative. Passionn\u00e9 par le monde associatif depuis plus de 10 ans, j'ai \u00e0 c\u0153ur de partager des histoires inspirantes et de mettre en lumi\u00e8re les initiatives locales. Mon objectif est de sensibiliser et d'encourager l'engagement communautaire \u00e0 travers mes articles.","sameAs":["https:\/\/vieassociative.be\/"]}]}},"_links":{"self":[{"href":"https:\/\/vieassociative.be\/actualites\/wp-json\/wp\/v2\/posts\/11345"}],"collection":[{"href":"https:\/\/vieassociative.be\/actualites\/wp-json\/wp\/v2\/posts"}],"about":[{"href":"https:\/\/vieassociative.be\/actualites\/wp-json\/wp\/v2\/types\/post"}],"author":[{"embeddable":true,"href":"https:\/\/vieassociative.be\/actualites\/wp-json\/wp\/v2\/users\/1"}],"replies":[{"embeddable":true,"href":"https:\/\/vieassociative.be\/actualites\/wp-json\/wp\/v2\/comments?post=11345"}],"version-history":[{"count":0,"href":"https:\/\/vieassociative.be\/actualites\/wp-json\/wp\/v2\/posts\/11345\/revisions"}],"wp:featuredmedia":[{"embeddable":true,"href":"https:\/\/vieassociative.be\/actualites\/wp-json\/wp\/v2\/media\/11346"}],"wp:attachment":[{"href":"https:\/\/vieassociative.be\/actualites\/wp-json\/wp\/v2\/media?parent=11345"}],"wp:term":[{"taxonomy":"category","embeddable":true,"href":"https:\/\/vieassociative.be\/actualites\/wp-json\/wp\/v2\/categories?post=11345"},{"taxonomy":"post_tag","embeddable":true,"href":"https:\/\/vieassociative.be\/actualites\/wp-json\/wp\/v2\/tags?post=11345"}],"curies":[{"name":"wp","href":"https:\/\/api.w.org\/{rel}","templated":true}]}}