{"id":11342,"date":"2025-11-16T02:17:44","date_gmt":"2025-11-16T01:17:44","guid":{"rendered":"https:\/\/vieassociative.be\/actualites\/comment-annuler-votre-abonnement-amazon-prime-apres-la-fin-du-black-friday\/"},"modified":"2025-11-16T02:17:44","modified_gmt":"2025-11-16T01:17:44","slug":"comment-annuler-votre-abonnement-amazon-prime-apres-la-fin-du-black-friday","status":"publish","type":"post","link":"https:\/\/vieassociative.be\/actualites\/comment-annuler-votre-abonnement-amazon-prime-apres-la-fin-du-black-friday\/","title":{"rendered":"Comment annuler votre abonnement Amazon Prime apr\u00e8s la fin du Black Friday"},"content":{"rendered":"<div class=\"mt-4 leading-6 md:mb-8\">L&rsquo;annulation de votre abonnement Prime peut prendre quelques clics.<\/div>\n<p><\/p>\n<p>L&rsquo;une des plus grosses ventes de l&rsquo;ann\u00e9e sur Amazon, le Black Friday, devrait d\u00e9buter le 20 novembre, mais de nombreuses premi\u00e8res transactions sont d\u00e9j\u00e0 en cours, comme par le pass\u00e9. Pour profiter de tout ce que la vente a \u00e0 offrir, vous devrez \u00eatre membre Prime. Si vous cr\u00e9ez un compte Amazon Prime pour profiter du Black Friday mais d\u00e9cidez que vous ne souhaitez pas payer pour un abonnement en cours, vous devrez annuler votre abonnement avant la fin de votre essai gratuit. <\/p>\n<h2 id=\"how-to-cancel-your-amazon-prime-membership\">Comment annuler votre abonnement Amazon Prime<\/h2>\n<p>Vous pouvez annuler votre abonnement Prime via le navigateur en vous connectant d&rsquo;abord \u00e0 votre compte Amazon. Amazon dispose d&rsquo;un bouton Mettre fin \u00e0 votre abonnement Prime sur sa page d&rsquo;assistance pour lancer le processus, ou vous pouvez suivre les \u00e9tapes d\u00e9taill\u00e9es sur la page d&rsquo;Amazon\u00a0: <\/p>\n<ol>\n<li>\n<p>Rendez-vous sur Amazon.com dans votre navigateur Web.<\/p>\n<\/li>\n<li>\n<p>Survolez le <strong>Comptes et listes <\/strong>en haut \u00e0 droite de la fen\u00eatre, puis s\u00e9lectionnez le <strong>Adh\u00e9sion privil\u00e9gi\u00e9e<\/strong> option.<\/p>\n<\/li>\n<li>\n<p>Cliquez sur le <strong>Aide<\/strong> en haut au centre de l\u2019\u00e9cran.<\/p>\n<\/li>\n<li>\n<p>Appuyez ensuite sur le <strong>Mettez fin \u00e0 votre abonnement Amazon Prime<\/strong> et enfin cliquez sur le bouton <strong>Annulez votre abonnement Prime<\/strong> bouton orange.<\/p>\n<\/li>\n<li>\n<p>Suivez les instructions \u00e0 l&rsquo;\u00e9cran pour proc\u00e9der \u00e0 l&rsquo;annulation de votre abonnement Prime.<\/p>\n<\/li>\n<\/ol>\n<p>Notez qu&rsquo;Amazon n\u00e9cessite de nombreux clics pour finaliser votre annulation, ce qui vous donne de nombreuses \u00ab\u00a0opportunit\u00e9s\u00a0\u00bb de changer d&rsquo;avis. <\/p>\n<h2 id=\"how-to-cancel-amazon-prime-via-mobile-app\">Comment annuler Amazon Prime via l&rsquo;application mobile<\/h2>\n<p>Amazon disposait auparavant d&rsquo;un moyen d&rsquo;annuler votre abonnement Prime sur son application, mais au moment d&rsquo;\u00e9crire ces lignes, il ne semble y avoir aucun moyen de le faire. L&rsquo;option G\u00e9rer mon adh\u00e9sion sous vos avantages Prime semble vous ramener \u00e0 la page Avantages Prime, au lieu de vous amener \u00e0 la fen\u00eatre suivante. Si et quand Amazon corrige le bug ou propose un autre moyen d&rsquo;annuler votre abonnement \u00e0 l&rsquo;application, nous vous tiendrons au courant ici. Sinon, vous devrez le faire sur votre ordinateur.<\/p>\n<h2 id=\"what-to-know-when-canceling-your-prime-membership\">Ce qu&rsquo;il faut savoir lors de l&rsquo;annulation de votre abonnement Prime<\/h2>\n<p>Comme mentionn\u00e9, la fermeture de votre compte mettra imm\u00e9diatement fin \u00e0 votre acc\u00e8s. Amazon vous offre \u00e9galement la possibilit\u00e9 de suspendre temporairement vos avantages et votre facturation au lieu de les annuler compl\u00e8tement. Quoi qu&rsquo;il en soit, votre compte Amazon est toujours actif : vous n&rsquo;aurez tout simplement pas d&rsquo;avantages Prime. <\/p>\n<p>Enfin, si vous disposez d\u2019autres abonnements connect\u00e9s \u00e0 votre compte Prime, ceux-ci prendront fin lorsque votre facturation sera termin\u00e9e. Et si vous vous \u00eates inscrit \u00e0 Prime via l&rsquo;application d&rsquo;achat mobile Android ou l&rsquo;application Prime Video Android, vous devrez passer par l&rsquo;abonnement Google pour g\u00e9rer votre abonnement. <\/p>\n<hr>\n","protected":false},"excerpt":{"rendered":"<p>L&rsquo;annulation de votre abonnement Prime peut prendre quelques clics. L&rsquo;une des plus grosses ventes de l&rsquo;ann\u00e9e sur Amazon, le Black Friday, devrait d\u00e9buter le 20<\/p>\n","protected":false},"author":1,"featured_media":11343,"comment_status":"","ping_status":"","sticky":false,"template":"","format":"standard","meta":{"footnotes":""},"categories":[41],"tags":[228,51,2838,472,73,44,1908,1255,346,8],"class_list":["post-11342","post","type-post","status-publish","format-standard","has-post-thumbnail","hentry","category-argent","tag-abonnement","tag-amazon","tag-annuler","tag-apres","tag-black","tag-comment","tag-fin","tag-friday","tag-prime","tag-votre","generate-columns","tablet-grid-50","mobile-grid-100","grid-parent","grid-33"],"yoast_head":"<!-- This site is optimized with the Yoast SEO plugin v24.0 - https:\/\/yoast.com\/wordpress\/plugins\/seo\/ -->\n<title>Comment annuler votre abonnement Amazon Prime apr\u00e8s la fin du Black Friday | Vie Associative<\/title>\n<meta name=\"robots\" content=\"index, follow, max-snippet:-1, max-image-preview:large, max-video-preview:-1\" \/>\n<link rel=\"canonical\" href=\"https:\/\/vieassociative.be\/actualites\/comment-annuler-votre-abonnement-amazon-prime-apres-la-fin-du-black-friday\/\" \/>\n<meta property=\"og:locale\" content=\"fr_FR\" \/>\n<meta property=\"og:type\" content=\"article\" \/>\n<meta property=\"og:title\" content=\"Comment annuler votre abonnement Amazon Prime apr\u00e8s la fin du Black Friday | Vie Associative\" \/>\n<meta property=\"og:description\" content=\"L&rsquo;annulation de votre abonnement Prime peut prendre quelques clics. L&rsquo;une des plus grosses ventes de l&rsquo;ann\u00e9e sur Amazon, le Black Friday, devrait d\u00e9buter le 20\" \/>\n<meta property=\"og:url\" content=\"https:\/\/vieassociative.be\/actualites\/comment-annuler-votre-abonnement-amazon-prime-apres-la-fin-du-black-friday\/\" \/>\n<meta property=\"og:site_name\" content=\"Vie Associative\" \/>\n<meta property=\"article:published_time\" content=\"2025-11-16T01:17:44+00:00\" \/>\n<meta property=\"og:image\" content=\"https:\/\/vieassociative.be\/actualites\/wp-content\/uploads\/2024\/09\/header_backgroundk-01-e1726694325946.png\" \/>\n\t<meta property=\"og:image:width\" content=\"279\" \/>\n\t<meta property=\"og:image:height\" content=\"92\" \/>\n\t<meta property=\"og:image:type\" content=\"image\/png\" \/>\n<meta name=\"author\" content=\"Julien\" \/>\n<meta name=\"twitter:card\" content=\"summary_large_image\" \/>\n<meta name=\"twitter:label1\" content=\"\u00c9crit par\" \/>\n\t<meta name=\"twitter:data1\" content=\"Julien\" \/>\n\t<meta name=\"twitter:label2\" content=\"Dur\u00e9e de lecture est.\" \/>\n\t<meta name=\"twitter:data2\" content=\"2 minutes\" \/>\n<script type=\"application\/ld+json\" class=\"yoast-schema-graph\">{\"@context\":\"https:\/\/schema.org\",\"@graph\":[{\"@type\":\"Article\",\"@id\":\"https:\/\/vieassociative.be\/actualites\/comment-annuler-votre-abonnement-amazon-prime-apres-la-fin-du-black-friday\/#article\",\"isPartOf\":{\"@id\":\"https:\/\/vieassociative.be\/actualites\/comment-annuler-votre-abonnement-amazon-prime-apres-la-fin-du-black-friday\/\"},\"author\":{\"name\":\"Julien\",\"@id\":\"https:\/\/vieassociative.be\/actualites\/#\/schema\/person\/b87ac4f82f9d4e7b7cec7395b679edc4\"},\"headline\":\"Comment annuler votre abonnement Amazon Prime apr\u00e8s la fin du Black Friday\",\"datePublished\":\"2025-11-16T01:17:44+00:00\",\"dateModified\":\"2025-11-16T01:17:44+00:00\",\"mainEntityOfPage\":{\"@id\":\"https:\/\/vieassociative.be\/actualites\/comment-annuler-votre-abonnement-amazon-prime-apres-la-fin-du-black-friday\/\"},\"wordCount\":488,\"publisher\":{\"@id\":\"https:\/\/vieassociative.be\/actualites\/#organization\"},\"image\":{\"@id\":\"https:\/\/vieassociative.be\/actualites\/comment-annuler-votre-abonnement-amazon-prime-apres-la-fin-du-black-friday\/#primaryimage\"},\"thumbnailUrl\":\"https:\/\/vieassociative.be\/actualites\/wp-content\/uploads\/2025\/11\/Comment-annuler-votre-abonnement-Amazon-Prime-apres-la-fin-du.jpg\",\"keywords\":[\"abonnement\",\"Amazon\",\"annuler\",\"Apr\u00e8s\",\"Black\",\"Comment\",\"fin\",\"Friday\",\"Prime\",\"votre\"],\"articleSection\":[\"Argent\"],\"inLanguage\":\"fr-BE\"},{\"@type\":\"WebPage\",\"@id\":\"https:\/\/vieassociative.be\/actualites\/comment-annuler-votre-abonnement-amazon-prime-apres-la-fin-du-black-friday\/\",\"url\":\"https:\/\/vieassociative.be\/actualites\/comment-annuler-votre-abonnement-amazon-prime-apres-la-fin-du-black-friday\/\",\"name\":\"Comment annuler votre abonnement Amazon Prime apr\u00e8s la fin du Black Friday | Vie Associative\",\"isPartOf\":{\"@id\":\"https:\/\/vieassociative.be\/actualites\/#website\"},\"primaryImageOfPage\":{\"@id\":\"https:\/\/vieassociative.be\/actualites\/comment-annuler-votre-abonnement-amazon-prime-apres-la-fin-du-black-friday\/#primaryimage\"},\"image\":{\"@id\":\"https:\/\/vieassociative.be\/actualites\/comment-annuler-votre-abonnement-amazon-prime-apres-la-fin-du-black-friday\/#primaryimage\"},\"thumbnailUrl\":\"https:\/\/vieassociative.be\/actualites\/wp-content\/uploads\/2025\/11\/Comment-annuler-votre-abonnement-Amazon-Prime-apres-la-fin-du.jpg\",\"datePublished\":\"2025-11-16T01:17:44+00:00\",\"dateModified\":\"2025-11-16T01:17:44+00:00\",\"breadcrumb\":{\"@id\":\"https:\/\/vieassociative.be\/actualites\/comment-annuler-votre-abonnement-amazon-prime-apres-la-fin-du-black-friday\/#breadcrumb\"},\"inLanguage\":\"fr-BE\",\"potentialAction\":[{\"@type\":\"ReadAction\",\"target\":[\"https:\/\/vieassociative.be\/actualites\/comment-annuler-votre-abonnement-amazon-prime-apres-la-fin-du-black-friday\/\"]}]},{\"@type\":\"ImageObject\",\"inLanguage\":\"fr-BE\",\"@id\":\"https:\/\/vieassociative.be\/actualites\/comment-annuler-votre-abonnement-amazon-prime-apres-la-fin-du-black-friday\/#primaryimage\",\"url\":\"https:\/\/vieassociative.be\/actualites\/wp-content\/uploads\/2025\/11\/Comment-annuler-votre-abonnement-Amazon-Prime-apres-la-fin-du.jpg\",\"contentUrl\":\"https:\/\/vieassociative.be\/actualites\/wp-content\/uploads\/2025\/11\/Comment-annuler-votre-abonnement-Amazon-Prime-apres-la-fin-du.jpg\",\"width\":1200,\"height\":675,\"caption\":\"Comment annuler votre abonnement Amazon Prime apr\u00e8s la fin du Black Friday\"},{\"@type\":\"BreadcrumbList\",\"@id\":\"https:\/\/vieassociative.be\/actualites\/comment-annuler-votre-abonnement-amazon-prime-apres-la-fin-du-black-friday\/#breadcrumb\",\"itemListElement\":[{\"@type\":\"ListItem\",\"position\":1,\"name\":\"Accueil\",\"item\":\"https:\/\/vieassociative.be\/actualites\/\"},{\"@type\":\"ListItem\",\"position\":2,\"name\":\"Comment annuler votre abonnement Amazon Prime apr\u00e8s la fin du Black Friday\"}]},{\"@type\":\"WebSite\",\"@id\":\"https:\/\/vieassociative.be\/actualites\/#website\",\"url\":\"https:\/\/vieassociative.be\/actualites\/\",\"name\":\"Vie Associative\",\"description\":\"\",\"publisher\":{\"@id\":\"https:\/\/vieassociative.be\/actualites\/#organization\"},\"potentialAction\":[{\"@type\":\"SearchAction\",\"target\":{\"@type\":\"EntryPoint\",\"urlTemplate\":\"https:\/\/vieassociative.be\/actualites\/?s={search_term_string}\"},\"query-input\":{\"@type\":\"PropertyValueSpecification\",\"valueRequired\":true,\"valueName\":\"search_term_string\"}}],\"inLanguage\":\"fr-BE\"},{\"@type\":\"Organization\",\"@id\":\"https:\/\/vieassociative.be\/actualites\/#organization\",\"name\":\"Vie Associative\",\"url\":\"https:\/\/vieassociative.be\/actualites\/\",\"logo\":{\"@type\":\"ImageObject\",\"inLanguage\":\"fr-BE\",\"@id\":\"https:\/\/vieassociative.be\/actualites\/#\/schema\/logo\/image\/\",\"url\":\"https:\/\/vieassociative.be\/actualites\/wp-content\/uploads\/2024\/09\/cropped-vieassociative_favicon.ico.png\",\"contentUrl\":\"https:\/\/vieassociative.be\/actualites\/wp-content\/uploads\/2024\/09\/cropped-vieassociative_favicon.ico.png\",\"width\":512,\"height\":512,\"caption\":\"Vie Associative\"},\"image\":{\"@id\":\"https:\/\/vieassociative.be\/actualites\/#\/schema\/logo\/image\/\"}},{\"@type\":\"Person\",\"@id\":\"https:\/\/vieassociative.be\/actualites\/#\/schema\/person\/b87ac4f82f9d4e7b7cec7395b679edc4\",\"name\":\"Julien\",\"image\":{\"@type\":\"ImageObject\",\"inLanguage\":\"fr-BE\",\"@id\":\"https:\/\/vieassociative.be\/actualites\/#\/schema\/person\/image\/\",\"url\":\"https:\/\/vieassociative.be\/actualites\/wp-content\/uploads\/2024\/09\/vie-associative-1-150x150.jpg\",\"contentUrl\":\"https:\/\/vieassociative.be\/actualites\/wp-content\/uploads\/2024\/09\/vie-associative-1-150x150.jpg\",\"caption\":\"Julien\"},\"description\":\"Je suis Julien, r\u00e9dacteur pour Vie Associative. Passionn\u00e9 par le monde associatif depuis plus de 10 ans, j'ai \u00e0 c\u0153ur de partager des histoires inspirantes et de mettre en lumi\u00e8re les initiatives locales. Mon objectif est de sensibiliser et d'encourager l'engagement communautaire \u00e0 travers mes articles.\",\"sameAs\":[\"https:\/\/vieassociative.be\/\"]}]}<\/script>\n<!-- \/ Yoast SEO plugin. -->","yoast_head_json":{"title":"Comment annuler votre abonnement Amazon Prime apr\u00e8s la fin du Black Friday | Vie Associative","robots":{"index":"index","follow":"follow","max-snippet":"max-snippet:-1","max-image-preview":"max-image-preview:large","max-video-preview":"max-video-preview:-1"},"canonical":"https:\/\/vieassociative.be\/actualites\/comment-annuler-votre-abonnement-amazon-prime-apres-la-fin-du-black-friday\/","og_locale":"fr_FR","og_type":"article","og_title":"Comment annuler votre abonnement Amazon Prime apr\u00e8s la fin du Black Friday | Vie Associative","og_description":"L&rsquo;annulation de votre abonnement Prime peut prendre quelques clics. L&rsquo;une des plus grosses ventes de l&rsquo;ann\u00e9e sur Amazon, le Black Friday, devrait d\u00e9buter le 20","og_url":"https:\/\/vieassociative.be\/actualites\/comment-annuler-votre-abonnement-amazon-prime-apres-la-fin-du-black-friday\/","og_site_name":"Vie Associative","article_published_time":"2025-11-16T01:17:44+00:00","og_image":[{"width":279,"height":92,"url":"https:\/\/vieassociative.be\/actualites\/wp-content\/uploads\/2024\/09\/header_backgroundk-01-e1726694325946.png","type":"image\/png"}],"author":"Julien","twitter_card":"summary_large_image","twitter_misc":{"\u00c9crit par":"Julien","Dur\u00e9e de lecture est.":"2 minutes"},"schema":{"@context":"https:\/\/schema.org","@graph":[{"@type":"Article","@id":"https:\/\/vieassociative.be\/actualites\/comment-annuler-votre-abonnement-amazon-prime-apres-la-fin-du-black-friday\/#article","isPartOf":{"@id":"https:\/\/vieassociative.be\/actualites\/comment-annuler-votre-abonnement-amazon-prime-apres-la-fin-du-black-friday\/"},"author":{"name":"Julien","@id":"https:\/\/vieassociative.be\/actualites\/#\/schema\/person\/b87ac4f82f9d4e7b7cec7395b679edc4"},"headline":"Comment annuler votre abonnement Amazon Prime apr\u00e8s la fin du Black Friday","datePublished":"2025-11-16T01:17:44+00:00","dateModified":"2025-11-16T01:17:44+00:00","mainEntityOfPage":{"@id":"https:\/\/vieassociative.be\/actualites\/comment-annuler-votre-abonnement-amazon-prime-apres-la-fin-du-black-friday\/"},"wordCount":488,"publisher":{"@id":"https:\/\/vieassociative.be\/actualites\/#organization"},"image":{"@id":"https:\/\/vieassociative.be\/actualites\/comment-annuler-votre-abonnement-amazon-prime-apres-la-fin-du-black-friday\/#primaryimage"},"thumbnailUrl":"https:\/\/vieassociative.be\/actualites\/wp-content\/uploads\/2025\/11\/Comment-annuler-votre-abonnement-Amazon-Prime-apres-la-fin-du.jpg","keywords":["abonnement","Amazon","annuler","Apr\u00e8s","Black","Comment","fin","Friday","Prime","votre"],"articleSection":["Argent"],"inLanguage":"fr-BE"},{"@type":"WebPage","@id":"https:\/\/vieassociative.be\/actualites\/comment-annuler-votre-abonnement-amazon-prime-apres-la-fin-du-black-friday\/","url":"https:\/\/vieassociative.be\/actualites\/comment-annuler-votre-abonnement-amazon-prime-apres-la-fin-du-black-friday\/","name":"Comment annuler votre abonnement Amazon Prime apr\u00e8s la fin du Black Friday | Vie Associative","isPartOf":{"@id":"https:\/\/vieassociative.be\/actualites\/#website"},"primaryImageOfPage":{"@id":"https:\/\/vieassociative.be\/actualites\/comment-annuler-votre-abonnement-amazon-prime-apres-la-fin-du-black-friday\/#primaryimage"},"image":{"@id":"https:\/\/vieassociative.be\/actualites\/comment-annuler-votre-abonnement-amazon-prime-apres-la-fin-du-black-friday\/#primaryimage"},"thumbnailUrl":"https:\/\/vieassociative.be\/actualites\/wp-content\/uploads\/2025\/11\/Comment-annuler-votre-abonnement-Amazon-Prime-apres-la-fin-du.jpg","datePublished":"2025-11-16T01:17:44+00:00","dateModified":"2025-11-16T01:17:44+00:00","breadcrumb":{"@id":"https:\/\/vieassociative.be\/actualites\/comment-annuler-votre-abonnement-amazon-prime-apres-la-fin-du-black-friday\/#breadcrumb"},"inLanguage":"fr-BE","potentialAction":[{"@type":"ReadAction","target":["https:\/\/vieassociative.be\/actualites\/comment-annuler-votre-abonnement-amazon-prime-apres-la-fin-du-black-friday\/"]}]},{"@type":"ImageObject","inLanguage":"fr-BE","@id":"https:\/\/vieassociative.be\/actualites\/comment-annuler-votre-abonnement-amazon-prime-apres-la-fin-du-black-friday\/#primaryimage","url":"https:\/\/vieassociative.be\/actualites\/wp-content\/uploads\/2025\/11\/Comment-annuler-votre-abonnement-Amazon-Prime-apres-la-fin-du.jpg","contentUrl":"https:\/\/vieassociative.be\/actualites\/wp-content\/uploads\/2025\/11\/Comment-annuler-votre-abonnement-Amazon-Prime-apres-la-fin-du.jpg","width":1200,"height":675,"caption":"Comment annuler votre abonnement Amazon Prime apr\u00e8s la fin du Black Friday"},{"@type":"BreadcrumbList","@id":"https:\/\/vieassociative.be\/actualites\/comment-annuler-votre-abonnement-amazon-prime-apres-la-fin-du-black-friday\/#breadcrumb","itemListElement":[{"@type":"ListItem","position":1,"name":"Accueil","item":"https:\/\/vieassociative.be\/actualites\/"},{"@type":"ListItem","position":2,"name":"Comment annuler votre abonnement Amazon Prime apr\u00e8s la fin du Black Friday"}]},{"@type":"WebSite","@id":"https:\/\/vieassociative.be\/actualites\/#website","url":"https:\/\/vieassociative.be\/actualites\/","name":"Vie Associative","description":"","publisher":{"@id":"https:\/\/vieassociative.be\/actualites\/#organization"},"potentialAction":[{"@type":"SearchAction","target":{"@type":"EntryPoint","urlTemplate":"https:\/\/vieassociative.be\/actualites\/?s={search_term_string}"},"query-input":{"@type":"PropertyValueSpecification","valueRequired":true,"valueName":"search_term_string"}}],"inLanguage":"fr-BE"},{"@type":"Organization","@id":"https:\/\/vieassociative.be\/actualites\/#organization","name":"Vie Associative","url":"https:\/\/vieassociative.be\/actualites\/","logo":{"@type":"ImageObject","inLanguage":"fr-BE","@id":"https:\/\/vieassociative.be\/actualites\/#\/schema\/logo\/image\/","url":"https:\/\/vieassociative.be\/actualites\/wp-content\/uploads\/2024\/09\/cropped-vieassociative_favicon.ico.png","contentUrl":"https:\/\/vieassociative.be\/actualites\/wp-content\/uploads\/2024\/09\/cropped-vieassociative_favicon.ico.png","width":512,"height":512,"caption":"Vie Associative"},"image":{"@id":"https:\/\/vieassociative.be\/actualites\/#\/schema\/logo\/image\/"}},{"@type":"Person","@id":"https:\/\/vieassociative.be\/actualites\/#\/schema\/person\/b87ac4f82f9d4e7b7cec7395b679edc4","name":"Julien","image":{"@type":"ImageObject","inLanguage":"fr-BE","@id":"https:\/\/vieassociative.be\/actualites\/#\/schema\/person\/image\/","url":"https:\/\/vieassociative.be\/actualites\/wp-content\/uploads\/2024\/09\/vie-associative-1-150x150.jpg","contentUrl":"https:\/\/vieassociative.be\/actualites\/wp-content\/uploads\/2024\/09\/vie-associative-1-150x150.jpg","caption":"Julien"},"description":"Je suis Julien, r\u00e9dacteur pour Vie Associative. Passionn\u00e9 par le monde associatif depuis plus de 10 ans, j'ai \u00e0 c\u0153ur de partager des histoires inspirantes et de mettre en lumi\u00e8re les initiatives locales. Mon objectif est de sensibiliser et d'encourager l'engagement communautaire \u00e0 travers mes articles.","sameAs":["https:\/\/vieassociative.be\/"]}]}},"_links":{"self":[{"href":"https:\/\/vieassociative.be\/actualites\/wp-json\/wp\/v2\/posts\/11342"}],"collection":[{"href":"https:\/\/vieassociative.be\/actualites\/wp-json\/wp\/v2\/posts"}],"about":[{"href":"https:\/\/vieassociative.be\/actualites\/wp-json\/wp\/v2\/types\/post"}],"author":[{"embeddable":true,"href":"https:\/\/vieassociative.be\/actualites\/wp-json\/wp\/v2\/users\/1"}],"replies":[{"embeddable":true,"href":"https:\/\/vieassociative.be\/actualites\/wp-json\/wp\/v2\/comments?post=11342"}],"version-history":[{"count":0,"href":"https:\/\/vieassociative.be\/actualites\/wp-json\/wp\/v2\/posts\/11342\/revisions"}],"wp:featuredmedia":[{"embeddable":true,"href":"https:\/\/vieassociative.be\/actualites\/wp-json\/wp\/v2\/media\/11343"}],"wp:attachment":[{"href":"https:\/\/vieassociative.be\/actualites\/wp-json\/wp\/v2\/media?parent=11342"}],"wp:term":[{"taxonomy":"category","embeddable":true,"href":"https:\/\/vieassociative.be\/actualites\/wp-json\/wp\/v2\/categories?post=11342"},{"taxonomy":"post_tag","embeddable":true,"href":"https:\/\/vieassociative.be\/actualites\/wp-json\/wp\/v2\/tags?post=11342"}],"curies":[{"name":"wp","href":"https:\/\/api.w.org\/{rel}","templated":true}]}}