{"id":11340,"date":"2025-11-16T01:20:28","date_gmt":"2025-11-16T00:20:28","guid":{"rendered":"https:\/\/vieassociative.be\/actualites\/ce-televiseur-sony-oled-de-77-pouces-est-a-1-200-de-reduction-en-ce-moment-2\/"},"modified":"2025-11-16T01:20:28","modified_gmt":"2025-11-16T00:20:28","slug":"ce-televiseur-sony-oled-de-77-pouces-est-a-1-200-de-reduction-en-ce-moment-2","status":"publish","type":"post","link":"https:\/\/vieassociative.be\/actualites\/ce-televiseur-sony-oled-de-77-pouces-est-a-1-200-de-reduction-en-ce-moment-2\/","title":{"rendered":"Ce t\u00e9l\u00e9viseur Sony OLED de 77 pouces est \u00e0 1 200 $ de r\u00e9duction en ce moment"},"content":{"rendered":"<div class=\"mt-4 leading-6 md:mb-8\">Il s&rsquo;agit d&rsquo;un \u00e9norme t\u00e9l\u00e9viseur QD-OLED avec des couleurs r\u00e9alistes, Dolby Vision HDR et des blocs parfaits.<\/div>\n<p><\/p>\n<p>Si vous recherchez un nouveau t\u00e9l\u00e9viseur QD-OLED avec une qualit\u00e9 d&rsquo;image fantastique d&rsquo;une marque r\u00e9put\u00e9e, la s\u00e9rie Sony QD-OLED 77&Prime; Bravia XR A95L co\u00fbte actuellement 3 798 $ (4 999,99 \u00e0 l&rsquo;origine), ramenant ce t\u00e9l\u00e9viseur populaire \u00e0 son prix le plus bas jamais vu, selon les trackers de prix. <\/p>\n<div class=\"pogoClear mb-12 mt-10 rounded-md border-2 border-gray-100 py-7 shadow-xl md:py-6\">\n<div class=\"flex flex-wrap justify-between px-7 text-black no-underline md:flex-nowrap md:px-8\">\n<div class=\"order-1 mx-auto flex flex-col justify-center md:order-2 md:ml-4 md:w-full md:grow\">\n<div class=\"block cursor-pointer text-center font-akshar text-2xl font-medium leading-7 text-brand-green duration-200 ease-in-out hover:text-brand-green-700 md:text-left md:text-xl md:leading-6\">T\u00e9l\u00e9viseur Sony QD-OLED 77 pouces Bravia XR A95L s\u00e9rie 4K Ultra HD\n                <\/div>\n<div class=\"mt-4 hidden md:flex md:justify-between\">\n<div class=\"self-end\">\n<div class=\"mb-0 h-11 md:flex md:flex-col md:justify-center\">\n<div class=\" font-sans leading-4 text-black\">\n<div class=\"flex flex-wrap items-center justify-center gap-1 md:justify-start\">\n        <span class=\"font-bold\"><\/p>\n<p>            3\u00a0798,00\u00a0$<br \/>\n                            <span class=\"font-medium\">chez Amazon<\/span><br \/>\n                    <\/span>\n            <\/div>\n<div class=\"flex items-center justify-center gap-x-1 font-bold md:justify-start\">\n            <span class=\"text-sm line-through\">4\u00a0999,99\u00a0$<\/span><br \/>\n            <span class=\"text-sm text-brand-green\">\u00c9conomisez 1 201,99\u00a0$<\/span>\n        <\/div>\n<\/p><\/div>\n<\/p><\/div>\n<\/p><\/div>\n<div class=\"w-44 self-end\">\n                            <button class=\"flex justify-center items-center w-full bg-brand-green text-white text-base font-sans font-medium rounded-md hover:bg-brand-green-700 hover:cursor-pointer md:text-sm h-11\"><\/p>\n<p>    Obtenez une offre<br \/>\n<\/button>\n                        <\/div>\n<\/p><\/div>\n<\/p><\/div>\n<div class=\"order-2 mt-5 h-auto w-full md:order-1 md:mt-0 md:hidden\">\n<div class=\"flex aspect-video items-center justify-center\">\n                                            <img decoding=\"async\" class=\"m-0 max-h-full max-w-full rounded-md\" src=\"https:\/\/vieassociative.be\/actualites\/wp-content\/uploads\/2025\/11\/Ce-televiseur-Sony-OLED-de-77-pouces-est-a-1.jpg\" alt=\"Sony QD-OLED 77\" bravia xr a95l series width=\"auto\" height=\"auto\" loading=\"lazy\">\n                                    <\/div>\n<\/p><\/div>\n<div class=\"order-2 ml-2 hidden w-32 shrink-0 items-center md:order-1 md:ml-0 md:flex\">\n<div class=\"flex aspect-video items-center justify-center\">\n                                            <img decoding=\"async\" class=\"m-0 max-h-full max-w-full rounded-md\" src=\"https:\/\/vieassociative.be\/actualites\/wp-content\/uploads\/2025\/11\/Ce-televiseur-Sony-OLED-de-77-pouces-est-a-1.jpg\" alt=\"Sony QD-OLED 77\" bravia xr a95l series width=\"auto\" height=\"auto\" loading=\"lazy\">\n                                    <\/div>\n<\/p><\/div>\n<div class=\"order-3 flex grow flex-wrap md:hidden md:grow-0\">\n<div class=\"mt-4 w-full\">\n                        <button class=\"flex justify-center items-center w-full bg-brand-green text-white text-base font-sans font-medium rounded-md hover:bg-brand-green-700 hover:cursor-pointer md:text-sm h-11\"><\/p>\n<p>    Obtenez une offre<br \/>\n<\/button>\n                    <\/div>\n<div class=\"mx-2 mt-4 w-full\">\n<div class=\" font-sans leading-4 text-black\">\n<div class=\"flex flex-wrap items-center justify-center gap-1 md:justify-start\">\n        <span class=\"font-bold\"><\/p>\n<p>            3\u00a0798,00\u00a0$<br \/>\n                            <span class=\"font-medium\">chez Amazon<\/span><br \/>\n                    <\/span>\n            <\/div>\n<div class=\"flex items-center justify-center gap-x-1 font-bold md:justify-start\">\n            <span class=\"text-sm line-through\">4\u00a0999,99\u00a0$<\/span><br \/>\n            <span class=\"text-sm text-brand-green\">\u00c9conomisez 1 201,99\u00a0$<\/span>\n        <\/div>\n<\/p><\/div>\n<\/p><\/div>\n<\/p><\/div>\n<\/p><\/div>\n<\/div>\n<p>Ce t\u00e9l\u00e9viseur offre une large gamme de couleurs et des couleurs exceptionnelles et r\u00e9alistes gr\u00e2ce \u00e0 la dalle QD-OLED, qui offre \u00e9galement des noirs OLED parfaits sans aucun flou. Pour les acheteurs disposant d\u2019une grande pi\u00e8ce ou ceux qui regardent la t\u00e9l\u00e9vision de mani\u00e8re d\u00e9centr\u00e9e, l\u2019angle de vision ultra large est un avantage majeur. <\/p>\n<p>Une avanc\u00e9e par rapport \u00e0 l&rsquo;A95L (examin\u00e9 dans PCMag), le Dolby Vision HDR de ce t\u00e9l\u00e9viseur intelligent fonctionne bien et g\u00e8re facilement les reflets et l&rsquo;\u00e9blouissement. Par rapport \u00e0 l&rsquo;A95L, il g\u00e8re mieux les sc\u00e8nes lumineuses, offre des visuels plus raffin\u00e9s et offre une meilleure exp\u00e9rience de jeu, prenant en charge la 4K \u00e0 120 Hz, le VRR, le mode Auto Low Latency et la bande passante HDMI 2.1. Il comprend \u00e9galement un menu de jeu qui conserve les param\u00e8tres de votre image de jeu et les param\u00e8tres d&rsquo;assistance dans une interface facilement accessible. Pour les propri\u00e9taires de PlayStation 5, il d\u00e9verrouille le mappage automatique des tons HDR et le mode image de genre automatique pour une qualit\u00e9 d\u2019image optimis\u00e9e.<\/p>\n<p>Cela dit, l\u2019A95L ne dispose que de deux ports HDMI, donc si vous devez connecter plusieurs appareils \u00e0 large bande passante, ce n\u2019est peut-\u00eatre pas id\u00e9al. Cependant, les critiques notent que par rapport \u00e0 des t\u00e9l\u00e9viseurs similaires, sa pr\u00e9cision d&rsquo;\u00e9talonnage pr\u00eate \u00e0 l&#8217;emploi est impressionnante. <\/p>\n<p>Si vous recherchez l&rsquo;une des exp\u00e9riences d&rsquo;image t\u00e9l\u00e9vis\u00e9e les plus immersives du march\u00e9 avec une fid\u00e9lit\u00e9 d&rsquo;image, une profondeur et une richesse de couleurs haut de gamme (et que les ports HDMI 2.1 limit\u00e9s ne vous d\u00e9rangent pas), la s\u00e9rie Sony QD-OLED 77&Prime; Bravia XR A95L est une option grand \u00e9cran solide avec une valeur exceptionnelle, en particulier avec une remise de 1 200 $.<\/p>\n","protected":false},"excerpt":{"rendered":"<p>Il s&rsquo;agit d&rsquo;un \u00e9norme t\u00e9l\u00e9viseur QD-OLED avec des couleurs r\u00e9alistes, Dolby Vision HDR et des blocs parfaits. Si vous recherchez un nouveau t\u00e9l\u00e9viseur QD-OLED avec<\/p>\n","protected":false},"author":1,"featured_media":11341,"comment_status":"","ping_status":"","sticky":false,"template":"","format":"standard","meta":{"footnotes":""},"categories":[13],"tags":[76,1429,2558,1980,308,2243,1978],"class_list":["post-11340","post","type-post","status-publish","format-standard","has-post-thumbnail","hentry","category-technologie","tag-est","tag-moment","tag-oled","tag-pouces","tag-reduction","tag-sony","tag-televiseur","generate-columns","tablet-grid-50","mobile-grid-100","grid-parent","grid-33"],"yoast_head":"<!-- This site is optimized with the Yoast SEO plugin v24.0 - https:\/\/yoast.com\/wordpress\/plugins\/seo\/ -->\n<title>Ce t\u00e9l\u00e9viseur Sony OLED de 77 pouces est \u00e0 1 200 $ de r\u00e9duction en ce moment | Vie Associative<\/title>\n<meta name=\"robots\" content=\"index, follow, max-snippet:-1, max-image-preview:large, max-video-preview:-1\" \/>\n<link rel=\"canonical\" href=\"https:\/\/vieassociative.be\/actualites\/ce-televiseur-sony-oled-de-77-pouces-est-a-1-200-de-reduction-en-ce-moment-2\/\" \/>\n<meta property=\"og:locale\" content=\"fr_FR\" \/>\n<meta property=\"og:type\" content=\"article\" \/>\n<meta property=\"og:title\" content=\"Ce t\u00e9l\u00e9viseur Sony OLED de 77 pouces est \u00e0 1 200 $ de r\u00e9duction en ce moment | Vie Associative\" \/>\n<meta property=\"og:description\" content=\"Il s&rsquo;agit d&rsquo;un \u00e9norme t\u00e9l\u00e9viseur QD-OLED avec des couleurs r\u00e9alistes, Dolby Vision HDR et des blocs parfaits. Si vous recherchez un nouveau t\u00e9l\u00e9viseur QD-OLED avec\" \/>\n<meta property=\"og:url\" content=\"https:\/\/vieassociative.be\/actualites\/ce-televiseur-sony-oled-de-77-pouces-est-a-1-200-de-reduction-en-ce-moment-2\/\" \/>\n<meta property=\"og:site_name\" content=\"Vie Associative\" \/>\n<meta property=\"article:published_time\" content=\"2025-11-16T00:20:28+00:00\" \/>\n<meta property=\"og:image\" content=\"https:\/\/vieassociative.be\/actualites\/wp-content\/uploads\/2025\/11\/Ce-televiseur-Sony-OLED-de-77-pouces-est-a-1.jpg\" \/>\n<meta name=\"author\" content=\"Julien\" \/>\n<meta name=\"twitter:card\" content=\"summary_large_image\" \/>\n<meta name=\"twitter:label1\" content=\"\u00c9crit par\" \/>\n\t<meta name=\"twitter:data1\" content=\"Julien\" \/>\n\t<meta name=\"twitter:label2\" content=\"Dur\u00e9e de lecture est.\" \/>\n\t<meta name=\"twitter:data2\" content=\"2 minutes\" \/>\n<script type=\"application\/ld+json\" class=\"yoast-schema-graph\">{\"@context\":\"https:\/\/schema.org\",\"@graph\":[{\"@type\":\"Article\",\"@id\":\"https:\/\/vieassociative.be\/actualites\/ce-televiseur-sony-oled-de-77-pouces-est-a-1-200-de-reduction-en-ce-moment-2\/#article\",\"isPartOf\":{\"@id\":\"https:\/\/vieassociative.be\/actualites\/ce-televiseur-sony-oled-de-77-pouces-est-a-1-200-de-reduction-en-ce-moment-2\/\"},\"author\":{\"name\":\"Julien\",\"@id\":\"https:\/\/vieassociative.be\/actualites\/#\/schema\/person\/b87ac4f82f9d4e7b7cec7395b679edc4\"},\"headline\":\"Ce t\u00e9l\u00e9viseur Sony OLED de 77 pouces est \u00e0 1 200 $ de r\u00e9duction en ce moment\",\"datePublished\":\"2025-11-16T00:20:28+00:00\",\"dateModified\":\"2025-11-16T00:20:28+00:00\",\"mainEntityOfPage\":{\"@id\":\"https:\/\/vieassociative.be\/actualites\/ce-televiseur-sony-oled-de-77-pouces-est-a-1-200-de-reduction-en-ce-moment-2\/\"},\"wordCount\":441,\"publisher\":{\"@id\":\"https:\/\/vieassociative.be\/actualites\/#organization\"},\"image\":{\"@id\":\"https:\/\/vieassociative.be\/actualites\/ce-televiseur-sony-oled-de-77-pouces-est-a-1-200-de-reduction-en-ce-moment-2\/#primaryimage\"},\"thumbnailUrl\":\"https:\/\/vieassociative.be\/actualites\/wp-content\/uploads\/2025\/11\/1763252431_Ce-televiseur-Sony-OLED-de-77-pouces-est-a-1.png\",\"keywords\":[\"est\",\"moment\",\"OLED\",\"pouces\",\"r\u00e9duction\",\"Sony\",\"t\u00e9l\u00e9viseur\"],\"articleSection\":[\"Technologie\"],\"inLanguage\":\"fr-BE\"},{\"@type\":\"WebPage\",\"@id\":\"https:\/\/vieassociative.be\/actualites\/ce-televiseur-sony-oled-de-77-pouces-est-a-1-200-de-reduction-en-ce-moment-2\/\",\"url\":\"https:\/\/vieassociative.be\/actualites\/ce-televiseur-sony-oled-de-77-pouces-est-a-1-200-de-reduction-en-ce-moment-2\/\",\"name\":\"Ce t\u00e9l\u00e9viseur Sony OLED de 77 pouces est \u00e0 1 200 $ de r\u00e9duction en ce moment | Vie Associative\",\"isPartOf\":{\"@id\":\"https:\/\/vieassociative.be\/actualites\/#website\"},\"primaryImageOfPage\":{\"@id\":\"https:\/\/vieassociative.be\/actualites\/ce-televiseur-sony-oled-de-77-pouces-est-a-1-200-de-reduction-en-ce-moment-2\/#primaryimage\"},\"image\":{\"@id\":\"https:\/\/vieassociative.be\/actualites\/ce-televiseur-sony-oled-de-77-pouces-est-a-1-200-de-reduction-en-ce-moment-2\/#primaryimage\"},\"thumbnailUrl\":\"https:\/\/vieassociative.be\/actualites\/wp-content\/uploads\/2025\/11\/1763252431_Ce-televiseur-Sony-OLED-de-77-pouces-est-a-1.png\",\"datePublished\":\"2025-11-16T00:20:28+00:00\",\"dateModified\":\"2025-11-16T00:20:28+00:00\",\"breadcrumb\":{\"@id\":\"https:\/\/vieassociative.be\/actualites\/ce-televiseur-sony-oled-de-77-pouces-est-a-1-200-de-reduction-en-ce-moment-2\/#breadcrumb\"},\"inLanguage\":\"fr-BE\",\"potentialAction\":[{\"@type\":\"ReadAction\",\"target\":[\"https:\/\/vieassociative.be\/actualites\/ce-televiseur-sony-oled-de-77-pouces-est-a-1-200-de-reduction-en-ce-moment-2\/\"]}]},{\"@type\":\"ImageObject\",\"inLanguage\":\"fr-BE\",\"@id\":\"https:\/\/vieassociative.be\/actualites\/ce-televiseur-sony-oled-de-77-pouces-est-a-1-200-de-reduction-en-ce-moment-2\/#primaryimage\",\"url\":\"https:\/\/vieassociative.be\/actualites\/wp-content\/uploads\/2025\/11\/1763252431_Ce-televiseur-Sony-OLED-de-77-pouces-est-a-1.png\",\"contentUrl\":\"https:\/\/vieassociative.be\/actualites\/wp-content\/uploads\/2025\/11\/1763252431_Ce-televiseur-Sony-OLED-de-77-pouces-est-a-1.png\",\"width\":1200,\"height\":675,\"caption\":\"Ce t\u00e9l\u00e9viseur Sony OLED de 77 pouces est \u00e0 1 200 $ de r\u00e9duction en ce moment\"},{\"@type\":\"BreadcrumbList\",\"@id\":\"https:\/\/vieassociative.be\/actualites\/ce-televiseur-sony-oled-de-77-pouces-est-a-1-200-de-reduction-en-ce-moment-2\/#breadcrumb\",\"itemListElement\":[{\"@type\":\"ListItem\",\"position\":1,\"name\":\"Accueil\",\"item\":\"https:\/\/vieassociative.be\/actualites\/\"},{\"@type\":\"ListItem\",\"position\":2,\"name\":\"Ce t\u00e9l\u00e9viseur Sony OLED de 77 pouces est \u00e0 1 200 $ de r\u00e9duction en ce moment\"}]},{\"@type\":\"WebSite\",\"@id\":\"https:\/\/vieassociative.be\/actualites\/#website\",\"url\":\"https:\/\/vieassociative.be\/actualites\/\",\"name\":\"Vie Associative\",\"description\":\"\",\"publisher\":{\"@id\":\"https:\/\/vieassociative.be\/actualites\/#organization\"},\"potentialAction\":[{\"@type\":\"SearchAction\",\"target\":{\"@type\":\"EntryPoint\",\"urlTemplate\":\"https:\/\/vieassociative.be\/actualites\/?s={search_term_string}\"},\"query-input\":{\"@type\":\"PropertyValueSpecification\",\"valueRequired\":true,\"valueName\":\"search_term_string\"}}],\"inLanguage\":\"fr-BE\"},{\"@type\":\"Organization\",\"@id\":\"https:\/\/vieassociative.be\/actualites\/#organization\",\"name\":\"Vie Associative\",\"url\":\"https:\/\/vieassociative.be\/actualites\/\",\"logo\":{\"@type\":\"ImageObject\",\"inLanguage\":\"fr-BE\",\"@id\":\"https:\/\/vieassociative.be\/actualites\/#\/schema\/logo\/image\/\",\"url\":\"https:\/\/vieassociative.be\/actualites\/wp-content\/uploads\/2024\/09\/cropped-vieassociative_favicon.ico.png\",\"contentUrl\":\"https:\/\/vieassociative.be\/actualites\/wp-content\/uploads\/2024\/09\/cropped-vieassociative_favicon.ico.png\",\"width\":512,\"height\":512,\"caption\":\"Vie Associative\"},\"image\":{\"@id\":\"https:\/\/vieassociative.be\/actualites\/#\/schema\/logo\/image\/\"}},{\"@type\":\"Person\",\"@id\":\"https:\/\/vieassociative.be\/actualites\/#\/schema\/person\/b87ac4f82f9d4e7b7cec7395b679edc4\",\"name\":\"Julien\",\"image\":{\"@type\":\"ImageObject\",\"inLanguage\":\"fr-BE\",\"@id\":\"https:\/\/vieassociative.be\/actualites\/#\/schema\/person\/image\/\",\"url\":\"https:\/\/vieassociative.be\/actualites\/wp-content\/uploads\/2024\/09\/vie-associative-1-150x150.jpg\",\"contentUrl\":\"https:\/\/vieassociative.be\/actualites\/wp-content\/uploads\/2024\/09\/vie-associative-1-150x150.jpg\",\"caption\":\"Julien\"},\"description\":\"Je suis Julien, r\u00e9dacteur pour Vie Associative. Passionn\u00e9 par le monde associatif depuis plus de 10 ans, j'ai \u00e0 c\u0153ur de partager des histoires inspirantes et de mettre en lumi\u00e8re les initiatives locales. Mon objectif est de sensibiliser et d'encourager l'engagement communautaire \u00e0 travers mes articles.\",\"sameAs\":[\"https:\/\/vieassociative.be\/\"]}]}<\/script>\n<!-- \/ Yoast SEO plugin. -->","yoast_head_json":{"title":"Ce t\u00e9l\u00e9viseur Sony OLED de 77 pouces est \u00e0 1 200 $ de r\u00e9duction en ce moment | Vie Associative","robots":{"index":"index","follow":"follow","max-snippet":"max-snippet:-1","max-image-preview":"max-image-preview:large","max-video-preview":"max-video-preview:-1"},"canonical":"https:\/\/vieassociative.be\/actualites\/ce-televiseur-sony-oled-de-77-pouces-est-a-1-200-de-reduction-en-ce-moment-2\/","og_locale":"fr_FR","og_type":"article","og_title":"Ce t\u00e9l\u00e9viseur Sony OLED de 77 pouces est \u00e0 1 200 $ de r\u00e9duction en ce moment | Vie Associative","og_description":"Il s&rsquo;agit d&rsquo;un \u00e9norme t\u00e9l\u00e9viseur QD-OLED avec des couleurs r\u00e9alistes, Dolby Vision HDR et des blocs parfaits. Si vous recherchez un nouveau t\u00e9l\u00e9viseur QD-OLED avec","og_url":"https:\/\/vieassociative.be\/actualites\/ce-televiseur-sony-oled-de-77-pouces-est-a-1-200-de-reduction-en-ce-moment-2\/","og_site_name":"Vie Associative","article_published_time":"2025-11-16T00:20:28+00:00","og_image":[{"url":"https:\/\/vieassociative.be\/actualites\/wp-content\/uploads\/2025\/11\/Ce-televiseur-Sony-OLED-de-77-pouces-est-a-1.jpg","type":"","width":"","height":""}],"author":"Julien","twitter_card":"summary_large_image","twitter_misc":{"\u00c9crit par":"Julien","Dur\u00e9e de lecture est.":"2 minutes"},"schema":{"@context":"https:\/\/schema.org","@graph":[{"@type":"Article","@id":"https:\/\/vieassociative.be\/actualites\/ce-televiseur-sony-oled-de-77-pouces-est-a-1-200-de-reduction-en-ce-moment-2\/#article","isPartOf":{"@id":"https:\/\/vieassociative.be\/actualites\/ce-televiseur-sony-oled-de-77-pouces-est-a-1-200-de-reduction-en-ce-moment-2\/"},"author":{"name":"Julien","@id":"https:\/\/vieassociative.be\/actualites\/#\/schema\/person\/b87ac4f82f9d4e7b7cec7395b679edc4"},"headline":"Ce t\u00e9l\u00e9viseur Sony OLED de 77 pouces est \u00e0 1 200 $ de r\u00e9duction en ce moment","datePublished":"2025-11-16T00:20:28+00:00","dateModified":"2025-11-16T00:20:28+00:00","mainEntityOfPage":{"@id":"https:\/\/vieassociative.be\/actualites\/ce-televiseur-sony-oled-de-77-pouces-est-a-1-200-de-reduction-en-ce-moment-2\/"},"wordCount":441,"publisher":{"@id":"https:\/\/vieassociative.be\/actualites\/#organization"},"image":{"@id":"https:\/\/vieassociative.be\/actualites\/ce-televiseur-sony-oled-de-77-pouces-est-a-1-200-de-reduction-en-ce-moment-2\/#primaryimage"},"thumbnailUrl":"https:\/\/vieassociative.be\/actualites\/wp-content\/uploads\/2025\/11\/1763252431_Ce-televiseur-Sony-OLED-de-77-pouces-est-a-1.png","keywords":["est","moment","OLED","pouces","r\u00e9duction","Sony","t\u00e9l\u00e9viseur"],"articleSection":["Technologie"],"inLanguage":"fr-BE"},{"@type":"WebPage","@id":"https:\/\/vieassociative.be\/actualites\/ce-televiseur-sony-oled-de-77-pouces-est-a-1-200-de-reduction-en-ce-moment-2\/","url":"https:\/\/vieassociative.be\/actualites\/ce-televiseur-sony-oled-de-77-pouces-est-a-1-200-de-reduction-en-ce-moment-2\/","name":"Ce t\u00e9l\u00e9viseur Sony OLED de 77 pouces est \u00e0 1 200 $ de r\u00e9duction en ce moment | Vie Associative","isPartOf":{"@id":"https:\/\/vieassociative.be\/actualites\/#website"},"primaryImageOfPage":{"@id":"https:\/\/vieassociative.be\/actualites\/ce-televiseur-sony-oled-de-77-pouces-est-a-1-200-de-reduction-en-ce-moment-2\/#primaryimage"},"image":{"@id":"https:\/\/vieassociative.be\/actualites\/ce-televiseur-sony-oled-de-77-pouces-est-a-1-200-de-reduction-en-ce-moment-2\/#primaryimage"},"thumbnailUrl":"https:\/\/vieassociative.be\/actualites\/wp-content\/uploads\/2025\/11\/1763252431_Ce-televiseur-Sony-OLED-de-77-pouces-est-a-1.png","datePublished":"2025-11-16T00:20:28+00:00","dateModified":"2025-11-16T00:20:28+00:00","breadcrumb":{"@id":"https:\/\/vieassociative.be\/actualites\/ce-televiseur-sony-oled-de-77-pouces-est-a-1-200-de-reduction-en-ce-moment-2\/#breadcrumb"},"inLanguage":"fr-BE","potentialAction":[{"@type":"ReadAction","target":["https:\/\/vieassociative.be\/actualites\/ce-televiseur-sony-oled-de-77-pouces-est-a-1-200-de-reduction-en-ce-moment-2\/"]}]},{"@type":"ImageObject","inLanguage":"fr-BE","@id":"https:\/\/vieassociative.be\/actualites\/ce-televiseur-sony-oled-de-77-pouces-est-a-1-200-de-reduction-en-ce-moment-2\/#primaryimage","url":"https:\/\/vieassociative.be\/actualites\/wp-content\/uploads\/2025\/11\/1763252431_Ce-televiseur-Sony-OLED-de-77-pouces-est-a-1.png","contentUrl":"https:\/\/vieassociative.be\/actualites\/wp-content\/uploads\/2025\/11\/1763252431_Ce-televiseur-Sony-OLED-de-77-pouces-est-a-1.png","width":1200,"height":675,"caption":"Ce t\u00e9l\u00e9viseur Sony OLED de 77 pouces est \u00e0 1 200 $ de r\u00e9duction en ce moment"},{"@type":"BreadcrumbList","@id":"https:\/\/vieassociative.be\/actualites\/ce-televiseur-sony-oled-de-77-pouces-est-a-1-200-de-reduction-en-ce-moment-2\/#breadcrumb","itemListElement":[{"@type":"ListItem","position":1,"name":"Accueil","item":"https:\/\/vieassociative.be\/actualites\/"},{"@type":"ListItem","position":2,"name":"Ce t\u00e9l\u00e9viseur Sony OLED de 77 pouces est \u00e0 1 200 $ de r\u00e9duction en ce moment"}]},{"@type":"WebSite","@id":"https:\/\/vieassociative.be\/actualites\/#website","url":"https:\/\/vieassociative.be\/actualites\/","name":"Vie Associative","description":"","publisher":{"@id":"https:\/\/vieassociative.be\/actualites\/#organization"},"potentialAction":[{"@type":"SearchAction","target":{"@type":"EntryPoint","urlTemplate":"https:\/\/vieassociative.be\/actualites\/?s={search_term_string}"},"query-input":{"@type":"PropertyValueSpecification","valueRequired":true,"valueName":"search_term_string"}}],"inLanguage":"fr-BE"},{"@type":"Organization","@id":"https:\/\/vieassociative.be\/actualites\/#organization","name":"Vie Associative","url":"https:\/\/vieassociative.be\/actualites\/","logo":{"@type":"ImageObject","inLanguage":"fr-BE","@id":"https:\/\/vieassociative.be\/actualites\/#\/schema\/logo\/image\/","url":"https:\/\/vieassociative.be\/actualites\/wp-content\/uploads\/2024\/09\/cropped-vieassociative_favicon.ico.png","contentUrl":"https:\/\/vieassociative.be\/actualites\/wp-content\/uploads\/2024\/09\/cropped-vieassociative_favicon.ico.png","width":512,"height":512,"caption":"Vie Associative"},"image":{"@id":"https:\/\/vieassociative.be\/actualites\/#\/schema\/logo\/image\/"}},{"@type":"Person","@id":"https:\/\/vieassociative.be\/actualites\/#\/schema\/person\/b87ac4f82f9d4e7b7cec7395b679edc4","name":"Julien","image":{"@type":"ImageObject","inLanguage":"fr-BE","@id":"https:\/\/vieassociative.be\/actualites\/#\/schema\/person\/image\/","url":"https:\/\/vieassociative.be\/actualites\/wp-content\/uploads\/2024\/09\/vie-associative-1-150x150.jpg","contentUrl":"https:\/\/vieassociative.be\/actualites\/wp-content\/uploads\/2024\/09\/vie-associative-1-150x150.jpg","caption":"Julien"},"description":"Je suis Julien, r\u00e9dacteur pour Vie Associative. Passionn\u00e9 par le monde associatif depuis plus de 10 ans, j'ai \u00e0 c\u0153ur de partager des histoires inspirantes et de mettre en lumi\u00e8re les initiatives locales. Mon objectif est de sensibiliser et d'encourager l'engagement communautaire \u00e0 travers mes articles.","sameAs":["https:\/\/vieassociative.be\/"]}]}},"_links":{"self":[{"href":"https:\/\/vieassociative.be\/actualites\/wp-json\/wp\/v2\/posts\/11340"}],"collection":[{"href":"https:\/\/vieassociative.be\/actualites\/wp-json\/wp\/v2\/posts"}],"about":[{"href":"https:\/\/vieassociative.be\/actualites\/wp-json\/wp\/v2\/types\/post"}],"author":[{"embeddable":true,"href":"https:\/\/vieassociative.be\/actualites\/wp-json\/wp\/v2\/users\/1"}],"replies":[{"embeddable":true,"href":"https:\/\/vieassociative.be\/actualites\/wp-json\/wp\/v2\/comments?post=11340"}],"version-history":[{"count":0,"href":"https:\/\/vieassociative.be\/actualites\/wp-json\/wp\/v2\/posts\/11340\/revisions"}],"wp:featuredmedia":[{"embeddable":true,"href":"https:\/\/vieassociative.be\/actualites\/wp-json\/wp\/v2\/media\/11341"}],"wp:attachment":[{"href":"https:\/\/vieassociative.be\/actualites\/wp-json\/wp\/v2\/media?parent=11340"}],"wp:term":[{"taxonomy":"category","embeddable":true,"href":"https:\/\/vieassociative.be\/actualites\/wp-json\/wp\/v2\/categories?post=11340"},{"taxonomy":"post_tag","embeddable":true,"href":"https:\/\/vieassociative.be\/actualites\/wp-json\/wp\/v2\/tags?post=11340"}],"curies":[{"name":"wp","href":"https:\/\/api.w.org\/{rel}","templated":true}]}}