{"id":11332,"date":"2025-11-15T15:17:58","date_gmt":"2025-11-15T14:17:58","guid":{"rendered":"https:\/\/vieassociative.be\/actualites\/bonne-nouvelle-pour-les-cinephiles-de-la-region-frontaliere-le-kapuziner-karree-a-aix-la-chapelle-restera-a-long-terme-un-lieu-de-cinema\/"},"modified":"2025-11-15T15:17:58","modified_gmt":"2025-11-15T14:17:58","slug":"bonne-nouvelle-pour-les-cinephiles-de-la-region-frontaliere-le-kapuziner-karree-a-aix-la-chapelle-restera-a-long-terme-un-lieu-de-cinema","status":"publish","type":"post","link":"https:\/\/vieassociative.be\/actualites\/bonne-nouvelle-pour-les-cinephiles-de-la-region-frontaliere-le-kapuziner-karree-a-aix-la-chapelle-restera-a-long-terme-un-lieu-de-cinema\/","title":{"rendered":"Bonne nouvelle pour les cin\u00e9philes de la r\u00e9gion frontali\u00e8re : le Kapuziner Karree \u00e0 Aix-la-Chapelle restera \u00e0 long terme un lieu de cin\u00e9ma"},"content":{"rendered":"<p><strong>Le cin\u00e9ma de Kapuziner Karree ou Alten Posthof &#8211; connu par de nombreux cin\u00e9philes d&rsquo;Aix-la-Chapelle et des environs sous le nom de Cinekarree ou Cineplex &#8211; traverse actuellement une phase de changements majeurs. Pendant longtemps, il a \u00e9t\u00e9 incertain que le cin\u00e9ma multiplexe traditionnel puisse continuer \u00e0 exister sous sa forme actuelle. Cependant, de nombreux \u00e9l\u00e9ments indiquent d\u00e9sormais que le site sera conserv\u00e9, quoique dans de nouvelles circonstances.<\/strong><\/p>\n<p><span id=\"more-429705\"><\/span>Au printemps 2025, la famille d&rsquo;exploitation St\u00fcrtz, propri\u00e9taire du Capitole et de l&rsquo;Eden \u00e0 Aix-la-Chapelle ainsi que des Cineplex d&rsquo;Alsdorf et d&rsquo;Aix-la-Chapelle, a r\u00e9sili\u00e9 le contrat de location du Cineplex fin 2026. Les raisons invoqu\u00e9es \u00e9taient une forte augmentation des co\u00fbts d&rsquo;exploitation et une clause d&rsquo;ajustement dynamique des loyers, qui augmentait le risque \u00e9conomique de la poursuite de l&rsquo;exploitation. Cette d\u00e9cision a suscit\u00e9 de vives inqui\u00e9tudes \u00e0 Aix-la-Chapelle, car le Cinekarree est le grand cin\u00e9ma central de la ville.<\/p>\n<p>Parall\u00e8lement, St\u00fcrtz \u00e9tudie depuis lors des sites alternatifs \u00e0 Aix-la-Chapelle afin de pouvoir continuer \u00e0 exploiter son propre cin\u00e9ma \u00e0 vocation r\u00e9gionale.<\/p>\n<div id=\"attachment_429707\" class=\"wp-caption alignleft\" style=\"max-width: 300px\"><img fetchpriority=\"high\" decoding=\"async\" class=\"wp-image-429707 size-medium\" src=\"https:\/\/vieassociative.be\/actualites\/wp-content\/uploads\/2025\/11\/Bonne-nouvelle-pour-les-cinephiles-de-la-region-frontaliere.jpg\" alt=\"\" width=\"300\" height=\"225\"><\/div>\n<p>Le propri\u00e9taire du complexe immobilier est l&rsquo;entrepreneur de D\u00fcsseldorf Maximilian Overdiek. Il a pr\u00e9sent\u00e9 \u00e0 la ville des plans pr\u00e9voyant une conversion fondamentale du b\u00e2timent : plus de 200 micro-appartements, une garderie et un espace commercial suppl\u00e9mentaire. Ces projets auraient impliqu\u00e9 un investissement pouvant atteindre 50 millions d&rsquo;euros. Cependant, le projet a \u00e9t\u00e9 accueilli avec scepticisme au sein de la municipalit\u00e9 d&rsquo;Aix-la-Chapelle, car la perte du cin\u00e9ma aurait entra\u00een\u00e9 une perte culturelle importante.<\/p>\n<p>\u00c0 l\u2019automne 2025, une annonce surprenante a \u00e9t\u00e9 faite, qui a soulag\u00e9 de nombreux cin\u00e9philes : \u00e0 partir de janvier 2027, CinemaxX reprendra l\u2019exploitation des cin\u00e9mas du Cinekarree. Un accord \u00e0 long terme a \u00e9t\u00e9 conclu entre le propri\u00e9taire et CinemaxX, qui pr\u00e9voit explicitement la pr\u00e9servation du lieu de cin\u00e9ma.<\/p>\n<p>CinemaxX pr\u00e9voit plusieurs modernisations, notamment\u00a0: une technologie de projection laser, une salle grand format haut de gamme, de nouveaux si\u00e8ges de cin\u00e9ma luxueux et un concept de restauration \u00e9largi. L&rsquo;objectif est d&rsquo;\u00e9lever le cin\u00e9ma \u00e0 un niveau contemporain en termes de technologie et d&rsquo;ambiance.<\/p>\n<div id=\"attachment_429708\" class=\"wp-caption alignleft\" style=\"max-width: 300px\"><img decoding=\"async\" class=\"wp-image-429708 size-medium\" src=\"https:\/\/vieassociative.be\/actualites\/wp-content\/uploads\/2025\/11\/1763216278_975_Bonne-nouvelle-pour-les-cinephiles-de-la-region-frontaliere.jpg\" alt=\"\" width=\"300\" height=\"200\"><\/div>\n<p>Avec l&rsquo;arriv\u00e9e de CinemaxX, la disparition compl\u00e8te du cin\u00e9ma semble avoir \u00e9t\u00e9 \u00e9vit\u00e9e. M\u00eame si les projets de transformation du b\u00e2timent du propri\u00e9taire restent une option \u00e0 long terme, ils deviennent moins urgents face au nouvel exploitant.<\/p>\n<p>La pr\u00e9servation d&rsquo;un grand cin\u00e9ma moderne est culturellement importante pour Aix-la-Chapelle et la r\u00e9gion frontali\u00e8re, y compris l&rsquo;Est de la Belgique : elle sert de lieu central pour les sorties de films, les festivals, les \u00e9v\u00e9nements scolaires et les projets culturels urbains.<\/p>\n<p>Des ajustements structurels ou op\u00e9rationnels pourraient \u00eatre n\u00e9cessaires pour la phase de transition 2026\/2027. On ne sait toujours pas si cela entra\u00eenera une fermeture temporaire de certaines salles ou de l&rsquo;ensemble du cin\u00e9ma. \u00c0 long terme, l&rsquo;\u00e9volution s&rsquo;oriente cependant vers la continuit\u00e9 : le lieu du cin\u00e9ma devrait rester, \u00eatre modernis\u00e9 et r\u00e9am\u00e9nag\u00e9, au lieu de c\u00e9der la place \u00e0 des appartements ou des bureaux. Cela r\u00e9pond au souhait souvent exprim\u00e9 par la population et les hommes politiques de pr\u00e9server l&rsquo;offre culturelle du centre-ville. (cr\u00e9er)<\/p>\n","protected":false},"excerpt":{"rendered":"<p>Le cin\u00e9ma de Kapuziner Karree ou Alten Posthof &#8211; connu par de nombreux cin\u00e9philes d&rsquo;Aix-la-Chapelle et des environs sous le nom de Cinekarree ou Cineplex<\/p>\n","protected":false},"author":1,"featured_media":11333,"comment_status":"","ping_status":"","sticky":false,"template":"","format":"standard","meta":{"footnotes":""},"categories":[298],"tags":[3440,680,98,9254,9255,9256,9257,14,1541,1070,491,81,4041,3804,633],"class_list":["post-11332","post","type-post","status-publish","format-standard","has-post-thumbnail","hentry","category-belgique","tag-aixlachapelle","tag-bonne","tag-cinema","tag-cinephiles","tag-frontaliere","tag-kapuziner","tag-karree","tag-les","tag-lieu","tag-long","tag-nouvelle","tag-pour","tag-region","tag-restera","tag-terme","generate-columns","tablet-grid-50","mobile-grid-100","grid-parent","grid-33"],"yoast_head":"<!-- This site is optimized with the Yoast SEO plugin v24.0 - https:\/\/yoast.com\/wordpress\/plugins\/seo\/ -->\n<title>Bonne nouvelle pour les cin\u00e9philes de la r\u00e9gion frontali\u00e8re : le Kapuziner Karree \u00e0 Aix-la-Chapelle restera \u00e0 long terme un lieu de cin\u00e9ma | Vie Associative<\/title>\n<meta name=\"robots\" content=\"index, follow, max-snippet:-1, max-image-preview:large, max-video-preview:-1\" \/>\n<link rel=\"canonical\" href=\"https:\/\/vieassociative.be\/actualites\/bonne-nouvelle-pour-les-cinephiles-de-la-region-frontaliere-le-kapuziner-karree-a-aix-la-chapelle-restera-a-long-terme-un-lieu-de-cinema\/\" \/>\n<meta property=\"og:locale\" content=\"fr_FR\" \/>\n<meta property=\"og:type\" content=\"article\" \/>\n<meta property=\"og:title\" content=\"Bonne nouvelle pour les cin\u00e9philes de la r\u00e9gion frontali\u00e8re : le Kapuziner Karree \u00e0 Aix-la-Chapelle restera \u00e0 long terme un lieu de cin\u00e9ma | Vie Associative\" \/>\n<meta property=\"og:description\" content=\"Le cin\u00e9ma de Kapuziner Karree ou Alten Posthof &#8211; connu par de nombreux cin\u00e9philes d&rsquo;Aix-la-Chapelle et des environs sous le nom de Cinekarree ou Cineplex\" \/>\n<meta property=\"og:url\" content=\"https:\/\/vieassociative.be\/actualites\/bonne-nouvelle-pour-les-cinephiles-de-la-region-frontaliere-le-kapuziner-karree-a-aix-la-chapelle-restera-a-long-terme-un-lieu-de-cinema\/\" \/>\n<meta property=\"og:site_name\" content=\"Vie Associative\" \/>\n<meta property=\"article:published_time\" content=\"2025-11-15T14:17:58+00:00\" \/>\n<meta property=\"og:image\" content=\"https:\/\/vieassociative.be\/actualites\/wp-content\/uploads\/2024\/09\/header_backgroundk-01-e1726694325946.png\" \/>\n\t<meta property=\"og:image:width\" content=\"279\" \/>\n\t<meta property=\"og:image:height\" content=\"92\" \/>\n\t<meta property=\"og:image:type\" content=\"image\/png\" \/>\n<meta name=\"author\" content=\"Julien\" \/>\n<meta name=\"twitter:card\" content=\"summary_large_image\" \/>\n<meta name=\"twitter:label1\" content=\"\u00c9crit par\" \/>\n\t<meta name=\"twitter:data1\" content=\"Julien\" \/>\n\t<meta name=\"twitter:label2\" content=\"Dur\u00e9e de lecture est.\" \/>\n\t<meta name=\"twitter:data2\" content=\"3 minutes\" \/>\n<script type=\"application\/ld+json\" class=\"yoast-schema-graph\">{\"@context\":\"https:\/\/schema.org\",\"@graph\":[{\"@type\":\"Article\",\"@id\":\"https:\/\/vieassociative.be\/actualites\/bonne-nouvelle-pour-les-cinephiles-de-la-region-frontaliere-le-kapuziner-karree-a-aix-la-chapelle-restera-a-long-terme-un-lieu-de-cinema\/#article\",\"isPartOf\":{\"@id\":\"https:\/\/vieassociative.be\/actualites\/bonne-nouvelle-pour-les-cinephiles-de-la-region-frontaliere-le-kapuziner-karree-a-aix-la-chapelle-restera-a-long-terme-un-lieu-de-cinema\/\"},\"author\":{\"name\":\"Julien\",\"@id\":\"https:\/\/vieassociative.be\/actualites\/#\/schema\/person\/b87ac4f82f9d4e7b7cec7395b679edc4\"},\"headline\":\"Bonne nouvelle pour les cin\u00e9philes de la r\u00e9gion frontali\u00e8re : le Kapuziner Karree \u00e0 Aix-la-Chapelle restera \u00e0 long terme un lieu de cin\u00e9ma\",\"datePublished\":\"2025-11-15T14:17:58+00:00\",\"dateModified\":\"2025-11-15T14:17:58+00:00\",\"mainEntityOfPage\":{\"@id\":\"https:\/\/vieassociative.be\/actualites\/bonne-nouvelle-pour-les-cinephiles-de-la-region-frontaliere-le-kapuziner-karree-a-aix-la-chapelle-restera-a-long-terme-un-lieu-de-cinema\/\"},\"wordCount\":580,\"publisher\":{\"@id\":\"https:\/\/vieassociative.be\/actualites\/#organization\"},\"image\":{\"@id\":\"https:\/\/vieassociative.be\/actualites\/bonne-nouvelle-pour-les-cinephiles-de-la-region-frontaliere-le-kapuziner-karree-a-aix-la-chapelle-restera-a-long-terme-un-lieu-de-cinema\/#primaryimage\"},\"thumbnailUrl\":\"https:\/\/vieassociative.be\/actualites\/wp-content\/uploads\/2025\/11\/1763216278_Bonne-nouvelle-pour-les-cinephiles-de-la-region-frontaliere.jpg\",\"keywords\":[\"AixlaChapelle\",\"bonne\",\"cin\u00e9ma\",\"cin\u00e9philes\",\"frontali\u00e8re\",\"Kapuziner\",\"Karree\",\"Les\",\"lieu\",\"long\",\"nouvelle\",\"pour\",\"R\u00e9gion\",\"restera\",\"terme\"],\"articleSection\":[\"Belgique\"],\"inLanguage\":\"fr-BE\"},{\"@type\":\"WebPage\",\"@id\":\"https:\/\/vieassociative.be\/actualites\/bonne-nouvelle-pour-les-cinephiles-de-la-region-frontaliere-le-kapuziner-karree-a-aix-la-chapelle-restera-a-long-terme-un-lieu-de-cinema\/\",\"url\":\"https:\/\/vieassociative.be\/actualites\/bonne-nouvelle-pour-les-cinephiles-de-la-region-frontaliere-le-kapuziner-karree-a-aix-la-chapelle-restera-a-long-terme-un-lieu-de-cinema\/\",\"name\":\"Bonne nouvelle pour les cin\u00e9philes de la r\u00e9gion frontali\u00e8re : le Kapuziner Karree \u00e0 Aix-la-Chapelle restera \u00e0 long terme un lieu de cin\u00e9ma | Vie Associative\",\"isPartOf\":{\"@id\":\"https:\/\/vieassociative.be\/actualites\/#website\"},\"primaryImageOfPage\":{\"@id\":\"https:\/\/vieassociative.be\/actualites\/bonne-nouvelle-pour-les-cinephiles-de-la-region-frontaliere-le-kapuziner-karree-a-aix-la-chapelle-restera-a-long-terme-un-lieu-de-cinema\/#primaryimage\"},\"image\":{\"@id\":\"https:\/\/vieassociative.be\/actualites\/bonne-nouvelle-pour-les-cinephiles-de-la-region-frontaliere-le-kapuziner-karree-a-aix-la-chapelle-restera-a-long-terme-un-lieu-de-cinema\/#primaryimage\"},\"thumbnailUrl\":\"https:\/\/vieassociative.be\/actualites\/wp-content\/uploads\/2025\/11\/1763216278_Bonne-nouvelle-pour-les-cinephiles-de-la-region-frontaliere.jpg\",\"datePublished\":\"2025-11-15T14:17:58+00:00\",\"dateModified\":\"2025-11-15T14:17:58+00:00\",\"breadcrumb\":{\"@id\":\"https:\/\/vieassociative.be\/actualites\/bonne-nouvelle-pour-les-cinephiles-de-la-region-frontaliere-le-kapuziner-karree-a-aix-la-chapelle-restera-a-long-terme-un-lieu-de-cinema\/#breadcrumb\"},\"inLanguage\":\"fr-BE\",\"potentialAction\":[{\"@type\":\"ReadAction\",\"target\":[\"https:\/\/vieassociative.be\/actualites\/bonne-nouvelle-pour-les-cinephiles-de-la-region-frontaliere-le-kapuziner-karree-a-aix-la-chapelle-restera-a-long-terme-un-lieu-de-cinema\/\"]}]},{\"@type\":\"ImageObject\",\"inLanguage\":\"fr-BE\",\"@id\":\"https:\/\/vieassociative.be\/actualites\/bonne-nouvelle-pour-les-cinephiles-de-la-region-frontaliere-le-kapuziner-karree-a-aix-la-chapelle-restera-a-long-terme-un-lieu-de-cinema\/#primaryimage\",\"url\":\"https:\/\/vieassociative.be\/actualites\/wp-content\/uploads\/2025\/11\/1763216278_Bonne-nouvelle-pour-les-cinephiles-de-la-region-frontaliere.jpg\",\"contentUrl\":\"https:\/\/vieassociative.be\/actualites\/wp-content\/uploads\/2025\/11\/1763216278_Bonne-nouvelle-pour-les-cinephiles-de-la-region-frontaliere.jpg\",\"width\":1200,\"height\":800,\"caption\":\"Bonne nouvelle pour les cin\u00e9philes de la r\u00e9gion frontali\u00e8re : le Kapuziner Karree \u00e0 Aix-la-Chapelle restera \u00e0 long terme un lieu de cin\u00e9ma\"},{\"@type\":\"BreadcrumbList\",\"@id\":\"https:\/\/vieassociative.be\/actualites\/bonne-nouvelle-pour-les-cinephiles-de-la-region-frontaliere-le-kapuziner-karree-a-aix-la-chapelle-restera-a-long-terme-un-lieu-de-cinema\/#breadcrumb\",\"itemListElement\":[{\"@type\":\"ListItem\",\"position\":1,\"name\":\"Accueil\",\"item\":\"https:\/\/vieassociative.be\/actualites\/\"},{\"@type\":\"ListItem\",\"position\":2,\"name\":\"Bonne nouvelle pour les cin\u00e9philes de la r\u00e9gion frontali\u00e8re : le Kapuziner Karree \u00e0 Aix-la-Chapelle restera \u00e0 long terme un lieu de cin\u00e9ma\"}]},{\"@type\":\"WebSite\",\"@id\":\"https:\/\/vieassociative.be\/actualites\/#website\",\"url\":\"https:\/\/vieassociative.be\/actualites\/\",\"name\":\"Vie Associative\",\"description\":\"\",\"publisher\":{\"@id\":\"https:\/\/vieassociative.be\/actualites\/#organization\"},\"potentialAction\":[{\"@type\":\"SearchAction\",\"target\":{\"@type\":\"EntryPoint\",\"urlTemplate\":\"https:\/\/vieassociative.be\/actualites\/?s={search_term_string}\"},\"query-input\":{\"@type\":\"PropertyValueSpecification\",\"valueRequired\":true,\"valueName\":\"search_term_string\"}}],\"inLanguage\":\"fr-BE\"},{\"@type\":\"Organization\",\"@id\":\"https:\/\/vieassociative.be\/actualites\/#organization\",\"name\":\"Vie Associative\",\"url\":\"https:\/\/vieassociative.be\/actualites\/\",\"logo\":{\"@type\":\"ImageObject\",\"inLanguage\":\"fr-BE\",\"@id\":\"https:\/\/vieassociative.be\/actualites\/#\/schema\/logo\/image\/\",\"url\":\"https:\/\/vieassociative.be\/actualites\/wp-content\/uploads\/2024\/09\/cropped-vieassociative_favicon.ico.png\",\"contentUrl\":\"https:\/\/vieassociative.be\/actualites\/wp-content\/uploads\/2024\/09\/cropped-vieassociative_favicon.ico.png\",\"width\":512,\"height\":512,\"caption\":\"Vie Associative\"},\"image\":{\"@id\":\"https:\/\/vieassociative.be\/actualites\/#\/schema\/logo\/image\/\"}},{\"@type\":\"Person\",\"@id\":\"https:\/\/vieassociative.be\/actualites\/#\/schema\/person\/b87ac4f82f9d4e7b7cec7395b679edc4\",\"name\":\"Julien\",\"image\":{\"@type\":\"ImageObject\",\"inLanguage\":\"fr-BE\",\"@id\":\"https:\/\/vieassociative.be\/actualites\/#\/schema\/person\/image\/\",\"url\":\"https:\/\/vieassociative.be\/actualites\/wp-content\/uploads\/2024\/09\/vie-associative-1-150x150.jpg\",\"contentUrl\":\"https:\/\/vieassociative.be\/actualites\/wp-content\/uploads\/2024\/09\/vie-associative-1-150x150.jpg\",\"caption\":\"Julien\"},\"description\":\"Je suis Julien, r\u00e9dacteur pour Vie Associative. Passionn\u00e9 par le monde associatif depuis plus de 10 ans, j'ai \u00e0 c\u0153ur de partager des histoires inspirantes et de mettre en lumi\u00e8re les initiatives locales. Mon objectif est de sensibiliser et d'encourager l'engagement communautaire \u00e0 travers mes articles.\",\"sameAs\":[\"https:\/\/vieassociative.be\/\"]}]}<\/script>\n<!-- \/ Yoast SEO plugin. -->","yoast_head_json":{"title":"Bonne nouvelle pour les cin\u00e9philes de la r\u00e9gion frontali\u00e8re : le Kapuziner Karree \u00e0 Aix-la-Chapelle restera \u00e0 long terme un lieu de cin\u00e9ma | Vie Associative","robots":{"index":"index","follow":"follow","max-snippet":"max-snippet:-1","max-image-preview":"max-image-preview:large","max-video-preview":"max-video-preview:-1"},"canonical":"https:\/\/vieassociative.be\/actualites\/bonne-nouvelle-pour-les-cinephiles-de-la-region-frontaliere-le-kapuziner-karree-a-aix-la-chapelle-restera-a-long-terme-un-lieu-de-cinema\/","og_locale":"fr_FR","og_type":"article","og_title":"Bonne nouvelle pour les cin\u00e9philes de la r\u00e9gion frontali\u00e8re : le Kapuziner Karree \u00e0 Aix-la-Chapelle restera \u00e0 long terme un lieu de cin\u00e9ma | Vie Associative","og_description":"Le cin\u00e9ma de Kapuziner Karree ou Alten Posthof &#8211; connu par de nombreux cin\u00e9philes d&rsquo;Aix-la-Chapelle et des environs sous le nom de Cinekarree ou Cineplex","og_url":"https:\/\/vieassociative.be\/actualites\/bonne-nouvelle-pour-les-cinephiles-de-la-region-frontaliere-le-kapuziner-karree-a-aix-la-chapelle-restera-a-long-terme-un-lieu-de-cinema\/","og_site_name":"Vie Associative","article_published_time":"2025-11-15T14:17:58+00:00","og_image":[{"width":279,"height":92,"url":"https:\/\/vieassociative.be\/actualites\/wp-content\/uploads\/2024\/09\/header_backgroundk-01-e1726694325946.png","type":"image\/png"}],"author":"Julien","twitter_card":"summary_large_image","twitter_misc":{"\u00c9crit par":"Julien","Dur\u00e9e de lecture est.":"3 minutes"},"schema":{"@context":"https:\/\/schema.org","@graph":[{"@type":"Article","@id":"https:\/\/vieassociative.be\/actualites\/bonne-nouvelle-pour-les-cinephiles-de-la-region-frontaliere-le-kapuziner-karree-a-aix-la-chapelle-restera-a-long-terme-un-lieu-de-cinema\/#article","isPartOf":{"@id":"https:\/\/vieassociative.be\/actualites\/bonne-nouvelle-pour-les-cinephiles-de-la-region-frontaliere-le-kapuziner-karree-a-aix-la-chapelle-restera-a-long-terme-un-lieu-de-cinema\/"},"author":{"name":"Julien","@id":"https:\/\/vieassociative.be\/actualites\/#\/schema\/person\/b87ac4f82f9d4e7b7cec7395b679edc4"},"headline":"Bonne nouvelle pour les cin\u00e9philes de la r\u00e9gion frontali\u00e8re : le Kapuziner Karree \u00e0 Aix-la-Chapelle restera \u00e0 long terme un lieu de cin\u00e9ma","datePublished":"2025-11-15T14:17:58+00:00","dateModified":"2025-11-15T14:17:58+00:00","mainEntityOfPage":{"@id":"https:\/\/vieassociative.be\/actualites\/bonne-nouvelle-pour-les-cinephiles-de-la-region-frontaliere-le-kapuziner-karree-a-aix-la-chapelle-restera-a-long-terme-un-lieu-de-cinema\/"},"wordCount":580,"publisher":{"@id":"https:\/\/vieassociative.be\/actualites\/#organization"},"image":{"@id":"https:\/\/vieassociative.be\/actualites\/bonne-nouvelle-pour-les-cinephiles-de-la-region-frontaliere-le-kapuziner-karree-a-aix-la-chapelle-restera-a-long-terme-un-lieu-de-cinema\/#primaryimage"},"thumbnailUrl":"https:\/\/vieassociative.be\/actualites\/wp-content\/uploads\/2025\/11\/1763216278_Bonne-nouvelle-pour-les-cinephiles-de-la-region-frontaliere.jpg","keywords":["AixlaChapelle","bonne","cin\u00e9ma","cin\u00e9philes","frontali\u00e8re","Kapuziner","Karree","Les","lieu","long","nouvelle","pour","R\u00e9gion","restera","terme"],"articleSection":["Belgique"],"inLanguage":"fr-BE"},{"@type":"WebPage","@id":"https:\/\/vieassociative.be\/actualites\/bonne-nouvelle-pour-les-cinephiles-de-la-region-frontaliere-le-kapuziner-karree-a-aix-la-chapelle-restera-a-long-terme-un-lieu-de-cinema\/","url":"https:\/\/vieassociative.be\/actualites\/bonne-nouvelle-pour-les-cinephiles-de-la-region-frontaliere-le-kapuziner-karree-a-aix-la-chapelle-restera-a-long-terme-un-lieu-de-cinema\/","name":"Bonne nouvelle pour les cin\u00e9philes de la r\u00e9gion frontali\u00e8re : le Kapuziner Karree \u00e0 Aix-la-Chapelle restera \u00e0 long terme un lieu de cin\u00e9ma | Vie Associative","isPartOf":{"@id":"https:\/\/vieassociative.be\/actualites\/#website"},"primaryImageOfPage":{"@id":"https:\/\/vieassociative.be\/actualites\/bonne-nouvelle-pour-les-cinephiles-de-la-region-frontaliere-le-kapuziner-karree-a-aix-la-chapelle-restera-a-long-terme-un-lieu-de-cinema\/#primaryimage"},"image":{"@id":"https:\/\/vieassociative.be\/actualites\/bonne-nouvelle-pour-les-cinephiles-de-la-region-frontaliere-le-kapuziner-karree-a-aix-la-chapelle-restera-a-long-terme-un-lieu-de-cinema\/#primaryimage"},"thumbnailUrl":"https:\/\/vieassociative.be\/actualites\/wp-content\/uploads\/2025\/11\/1763216278_Bonne-nouvelle-pour-les-cinephiles-de-la-region-frontaliere.jpg","datePublished":"2025-11-15T14:17:58+00:00","dateModified":"2025-11-15T14:17:58+00:00","breadcrumb":{"@id":"https:\/\/vieassociative.be\/actualites\/bonne-nouvelle-pour-les-cinephiles-de-la-region-frontaliere-le-kapuziner-karree-a-aix-la-chapelle-restera-a-long-terme-un-lieu-de-cinema\/#breadcrumb"},"inLanguage":"fr-BE","potentialAction":[{"@type":"ReadAction","target":["https:\/\/vieassociative.be\/actualites\/bonne-nouvelle-pour-les-cinephiles-de-la-region-frontaliere-le-kapuziner-karree-a-aix-la-chapelle-restera-a-long-terme-un-lieu-de-cinema\/"]}]},{"@type":"ImageObject","inLanguage":"fr-BE","@id":"https:\/\/vieassociative.be\/actualites\/bonne-nouvelle-pour-les-cinephiles-de-la-region-frontaliere-le-kapuziner-karree-a-aix-la-chapelle-restera-a-long-terme-un-lieu-de-cinema\/#primaryimage","url":"https:\/\/vieassociative.be\/actualites\/wp-content\/uploads\/2025\/11\/1763216278_Bonne-nouvelle-pour-les-cinephiles-de-la-region-frontaliere.jpg","contentUrl":"https:\/\/vieassociative.be\/actualites\/wp-content\/uploads\/2025\/11\/1763216278_Bonne-nouvelle-pour-les-cinephiles-de-la-region-frontaliere.jpg","width":1200,"height":800,"caption":"Bonne nouvelle pour les cin\u00e9philes de la r\u00e9gion frontali\u00e8re : le Kapuziner Karree \u00e0 Aix-la-Chapelle restera \u00e0 long terme un lieu de cin\u00e9ma"},{"@type":"BreadcrumbList","@id":"https:\/\/vieassociative.be\/actualites\/bonne-nouvelle-pour-les-cinephiles-de-la-region-frontaliere-le-kapuziner-karree-a-aix-la-chapelle-restera-a-long-terme-un-lieu-de-cinema\/#breadcrumb","itemListElement":[{"@type":"ListItem","position":1,"name":"Accueil","item":"https:\/\/vieassociative.be\/actualites\/"},{"@type":"ListItem","position":2,"name":"Bonne nouvelle pour les cin\u00e9philes de la r\u00e9gion frontali\u00e8re : le Kapuziner Karree \u00e0 Aix-la-Chapelle restera \u00e0 long terme un lieu de cin\u00e9ma"}]},{"@type":"WebSite","@id":"https:\/\/vieassociative.be\/actualites\/#website","url":"https:\/\/vieassociative.be\/actualites\/","name":"Vie Associative","description":"","publisher":{"@id":"https:\/\/vieassociative.be\/actualites\/#organization"},"potentialAction":[{"@type":"SearchAction","target":{"@type":"EntryPoint","urlTemplate":"https:\/\/vieassociative.be\/actualites\/?s={search_term_string}"},"query-input":{"@type":"PropertyValueSpecification","valueRequired":true,"valueName":"search_term_string"}}],"inLanguage":"fr-BE"},{"@type":"Organization","@id":"https:\/\/vieassociative.be\/actualites\/#organization","name":"Vie Associative","url":"https:\/\/vieassociative.be\/actualites\/","logo":{"@type":"ImageObject","inLanguage":"fr-BE","@id":"https:\/\/vieassociative.be\/actualites\/#\/schema\/logo\/image\/","url":"https:\/\/vieassociative.be\/actualites\/wp-content\/uploads\/2024\/09\/cropped-vieassociative_favicon.ico.png","contentUrl":"https:\/\/vieassociative.be\/actualites\/wp-content\/uploads\/2024\/09\/cropped-vieassociative_favicon.ico.png","width":512,"height":512,"caption":"Vie Associative"},"image":{"@id":"https:\/\/vieassociative.be\/actualites\/#\/schema\/logo\/image\/"}},{"@type":"Person","@id":"https:\/\/vieassociative.be\/actualites\/#\/schema\/person\/b87ac4f82f9d4e7b7cec7395b679edc4","name":"Julien","image":{"@type":"ImageObject","inLanguage":"fr-BE","@id":"https:\/\/vieassociative.be\/actualites\/#\/schema\/person\/image\/","url":"https:\/\/vieassociative.be\/actualites\/wp-content\/uploads\/2024\/09\/vie-associative-1-150x150.jpg","contentUrl":"https:\/\/vieassociative.be\/actualites\/wp-content\/uploads\/2024\/09\/vie-associative-1-150x150.jpg","caption":"Julien"},"description":"Je suis Julien, r\u00e9dacteur pour Vie Associative. Passionn\u00e9 par le monde associatif depuis plus de 10 ans, j'ai \u00e0 c\u0153ur de partager des histoires inspirantes et de mettre en lumi\u00e8re les initiatives locales. Mon objectif est de sensibiliser et d'encourager l'engagement communautaire \u00e0 travers mes articles.","sameAs":["https:\/\/vieassociative.be\/"]}]}},"_links":{"self":[{"href":"https:\/\/vieassociative.be\/actualites\/wp-json\/wp\/v2\/posts\/11332"}],"collection":[{"href":"https:\/\/vieassociative.be\/actualites\/wp-json\/wp\/v2\/posts"}],"about":[{"href":"https:\/\/vieassociative.be\/actualites\/wp-json\/wp\/v2\/types\/post"}],"author":[{"embeddable":true,"href":"https:\/\/vieassociative.be\/actualites\/wp-json\/wp\/v2\/users\/1"}],"replies":[{"embeddable":true,"href":"https:\/\/vieassociative.be\/actualites\/wp-json\/wp\/v2\/comments?post=11332"}],"version-history":[{"count":0,"href":"https:\/\/vieassociative.be\/actualites\/wp-json\/wp\/v2\/posts\/11332\/revisions"}],"wp:featuredmedia":[{"embeddable":true,"href":"https:\/\/vieassociative.be\/actualites\/wp-json\/wp\/v2\/media\/11333"}],"wp:attachment":[{"href":"https:\/\/vieassociative.be\/actualites\/wp-json\/wp\/v2\/media?parent=11332"}],"wp:term":[{"taxonomy":"category","embeddable":true,"href":"https:\/\/vieassociative.be\/actualites\/wp-json\/wp\/v2\/categories?post=11332"},{"taxonomy":"post_tag","embeddable":true,"href":"https:\/\/vieassociative.be\/actualites\/wp-json\/wp\/v2\/tags?post=11332"}],"curies":[{"name":"wp","href":"https:\/\/api.w.org\/{rel}","templated":true}]}}