{"id":1133,"date":"2024-10-12T09:27:18","date_gmt":"2024-10-12T07:27:18","guid":{"rendered":"https:\/\/vieassociative.be\/actualites\/vous-pouvez-obtenir-windows-11-pro-pour-18-des-maintenant\/"},"modified":"2024-10-12T09:27:18","modified_gmt":"2024-10-12T07:27:18","slug":"vous-pouvez-obtenir-windows-11-pro-pour-18-des-maintenant","status":"publish","type":"post","link":"https:\/\/vieassociative.be\/actualites\/vous-pouvez-obtenir-windows-11-pro-pour-18-des-maintenant\/","title":{"rendered":"Vous pouvez obtenir Windows 11 Pro pour 18 $ d\u00e8s maintenant"},"content":{"rendered":"<div class=\"mt-4 leading-6 md:mb-8\">C&rsquo;est le prix le plus bas pour le dernier syst\u00e8me d&rsquo;exploitation Windows.<\/div>\n<p><\/p>\n<p>Si vous souhaitez mettre \u00e0 niveau le syst\u00e8me d&rsquo;exploitation de votre PC, vous pouvez d\u00e9sormais acheter Windows 11 Pro au prix de 17,97 $, contre 199 $ auparavant, soit son prix le plus bas jamais vu. La vente se prolonge jusqu&rsquo;au 6 octobre.<\/p>\n<p>Ce prix vous donne un code d&rsquo;activation pour mettre \u00e0 niveau deux PC compatibles et d\u00e9bloque la nouvelle conception utilisateur et les fonctionnalit\u00e9s Windows Copilot. L&rsquo;assistant Copilot AI utilise une version avanc\u00e9e de GPT-4, et cette version Pro de Windows poss\u00e8de \u00e9galement des fonctionnalit\u00e9s introuvables sur la version gratuite Home, comme le bureau \u00e0 distance, le cryptage des appareils BitLocker, Azure AD, Hyper-V, l&rsquo;acc\u00e8s attribu\u00e9 et Windows. Bac \u00e0 sable. La configuration syst\u00e8me requise inclut un minimum de 4 Go de RAM et 64 Go de stockage disponible.<\/p>\n<p>Obtenez Windows 11 Pro pour 17,97 $ jusqu&rsquo;au 6 octobre \u00e0 23 h 59 (heure du Pacifique), bien que les prix puissent changer \u00e0 tout moment. <\/p>\n<p><em>StackSocial<\/em><em>  prix sujets \u00e0 changement.<\/em><\/p>\n","protected":false},"excerpt":{"rendered":"<p>C&rsquo;est le prix le plus bas pour le dernier syst\u00e8me d&rsquo;exploitation Windows. Si vous souhaitez mettre \u00e0 niveau le syst\u00e8me d&rsquo;exploitation de votre PC, vous<\/p>\n","protected":false},"author":1,"featured_media":1134,"comment_status":"","ping_status":"","sticky":false,"template":"","format":"standard","meta":{"footnotes":""},"categories":[13],"tags":[29,233,227,81,5,630,4,171],"class_list":["post-1133","post","type-post","status-publish","format-standard","has-post-thumbnail","hentry","category-technologie","tag-des","tag-maintenant","tag-obtenir","tag-pour","tag-pouvez","tag-pro","tag-vous","tag-windows","generate-columns","tablet-grid-50","mobile-grid-100","grid-parent","grid-33"],"yoast_head":"<!-- This site is optimized with the Yoast SEO plugin v24.0 - https:\/\/yoast.com\/wordpress\/plugins\/seo\/ -->\n<title>Vous pouvez obtenir Windows 11 Pro pour 18 $ d\u00e8s maintenant | Vie Associative<\/title>\n<meta name=\"robots\" content=\"index, follow, max-snippet:-1, max-image-preview:large, max-video-preview:-1\" \/>\n<link rel=\"canonical\" href=\"https:\/\/vieassociative.be\/actualites\/vous-pouvez-obtenir-windows-11-pro-pour-18-des-maintenant\/\" \/>\n<meta property=\"og:locale\" content=\"fr_FR\" \/>\n<meta property=\"og:type\" content=\"article\" \/>\n<meta property=\"og:title\" content=\"Vous pouvez obtenir Windows 11 Pro pour 18 $ d\u00e8s maintenant | Vie Associative\" \/>\n<meta property=\"og:description\" content=\"C&rsquo;est le prix le plus bas pour le dernier syst\u00e8me d&rsquo;exploitation Windows. Si vous souhaitez mettre \u00e0 niveau le syst\u00e8me d&rsquo;exploitation de votre PC, vous\" \/>\n<meta property=\"og:url\" content=\"https:\/\/vieassociative.be\/actualites\/vous-pouvez-obtenir-windows-11-pro-pour-18-des-maintenant\/\" \/>\n<meta property=\"og:site_name\" content=\"Vie Associative\" \/>\n<meta property=\"article:published_time\" content=\"2024-10-12T07:27:18+00:00\" \/>\n<meta property=\"og:image\" content=\"https:\/\/vieassociative.be\/actualites\/wp-content\/uploads\/2024\/09\/header_backgroundk-01-e1726694325946.png\" \/>\n\t<meta property=\"og:image:width\" content=\"279\" \/>\n\t<meta property=\"og:image:height\" content=\"92\" \/>\n\t<meta property=\"og:image:type\" content=\"image\/png\" \/>\n<meta name=\"author\" content=\"Julien\" \/>\n<meta name=\"twitter:card\" content=\"summary_large_image\" \/>\n<meta name=\"twitter:label1\" content=\"\u00c9crit par\" \/>\n\t<meta name=\"twitter:data1\" content=\"Julien\" \/>\n\t<meta name=\"twitter:label2\" content=\"Dur\u00e9e de lecture est.\" \/>\n\t<meta name=\"twitter:data2\" content=\"1 minute\" \/>\n<script type=\"application\/ld+json\" class=\"yoast-schema-graph\">{\"@context\":\"https:\/\/schema.org\",\"@graph\":[{\"@type\":\"Article\",\"@id\":\"https:\/\/vieassociative.be\/actualites\/vous-pouvez-obtenir-windows-11-pro-pour-18-des-maintenant\/#article\",\"isPartOf\":{\"@id\":\"https:\/\/vieassociative.be\/actualites\/vous-pouvez-obtenir-windows-11-pro-pour-18-des-maintenant\/\"},\"author\":{\"name\":\"Julien\",\"@id\":\"https:\/\/vieassociative.be\/actualites\/#\/schema\/person\/b87ac4f82f9d4e7b7cec7395b679edc4\"},\"headline\":\"Vous pouvez obtenir Windows 11 Pro pour 18 $ d\u00e8s maintenant\",\"datePublished\":\"2024-10-12T07:27:18+00:00\",\"dateModified\":\"2024-10-12T07:27:18+00:00\",\"mainEntityOfPage\":{\"@id\":\"https:\/\/vieassociative.be\/actualites\/vous-pouvez-obtenir-windows-11-pro-pour-18-des-maintenant\/\"},\"wordCount\":180,\"publisher\":{\"@id\":\"https:\/\/vieassociative.be\/actualites\/#organization\"},\"image\":{\"@id\":\"https:\/\/vieassociative.be\/actualites\/vous-pouvez-obtenir-windows-11-pro-pour-18-des-maintenant\/#primaryimage\"},\"thumbnailUrl\":\"https:\/\/vieassociative.be\/actualites\/wp-content\/uploads\/2024\/10\/Vous-pouvez-obtenir-Windows-11-Pro-pour-18-des.png\",\"keywords\":[\"Des\",\"maintenant\",\"obtenir\",\"pour\",\"pouvez\",\"Pro\",\"Vous\",\"Windows\"],\"articleSection\":[\"Technologie\"],\"inLanguage\":\"fr-BE\"},{\"@type\":\"WebPage\",\"@id\":\"https:\/\/vieassociative.be\/actualites\/vous-pouvez-obtenir-windows-11-pro-pour-18-des-maintenant\/\",\"url\":\"https:\/\/vieassociative.be\/actualites\/vous-pouvez-obtenir-windows-11-pro-pour-18-des-maintenant\/\",\"name\":\"Vous pouvez obtenir Windows 11 Pro pour 18 $ d\u00e8s maintenant | Vie Associative\",\"isPartOf\":{\"@id\":\"https:\/\/vieassociative.be\/actualites\/#website\"},\"primaryImageOfPage\":{\"@id\":\"https:\/\/vieassociative.be\/actualites\/vous-pouvez-obtenir-windows-11-pro-pour-18-des-maintenant\/#primaryimage\"},\"image\":{\"@id\":\"https:\/\/vieassociative.be\/actualites\/vous-pouvez-obtenir-windows-11-pro-pour-18-des-maintenant\/#primaryimage\"},\"thumbnailUrl\":\"https:\/\/vieassociative.be\/actualites\/wp-content\/uploads\/2024\/10\/Vous-pouvez-obtenir-Windows-11-Pro-pour-18-des.png\",\"datePublished\":\"2024-10-12T07:27:18+00:00\",\"dateModified\":\"2024-10-12T07:27:18+00:00\",\"breadcrumb\":{\"@id\":\"https:\/\/vieassociative.be\/actualites\/vous-pouvez-obtenir-windows-11-pro-pour-18-des-maintenant\/#breadcrumb\"},\"inLanguage\":\"fr-BE\",\"potentialAction\":[{\"@type\":\"ReadAction\",\"target\":[\"https:\/\/vieassociative.be\/actualites\/vous-pouvez-obtenir-windows-11-pro-pour-18-des-maintenant\/\"]}]},{\"@type\":\"ImageObject\",\"inLanguage\":\"fr-BE\",\"@id\":\"https:\/\/vieassociative.be\/actualites\/vous-pouvez-obtenir-windows-11-pro-pour-18-des-maintenant\/#primaryimage\",\"url\":\"https:\/\/vieassociative.be\/actualites\/wp-content\/uploads\/2024\/10\/Vous-pouvez-obtenir-Windows-11-Pro-pour-18-des.png\",\"contentUrl\":\"https:\/\/vieassociative.be\/actualites\/wp-content\/uploads\/2024\/10\/Vous-pouvez-obtenir-Windows-11-Pro-pour-18-des.png\",\"width\":1200,\"height\":675,\"caption\":\"Vous pouvez obtenir Windows 11 Pro pour 18 $ d\u00e8s maintenant\"},{\"@type\":\"BreadcrumbList\",\"@id\":\"https:\/\/vieassociative.be\/actualites\/vous-pouvez-obtenir-windows-11-pro-pour-18-des-maintenant\/#breadcrumb\",\"itemListElement\":[{\"@type\":\"ListItem\",\"position\":1,\"name\":\"Accueil\",\"item\":\"https:\/\/vieassociative.be\/actualites\/\"},{\"@type\":\"ListItem\",\"position\":2,\"name\":\"Vous pouvez obtenir Windows 11 Pro pour 18 $ d\u00e8s maintenant\"}]},{\"@type\":\"WebSite\",\"@id\":\"https:\/\/vieassociative.be\/actualites\/#website\",\"url\":\"https:\/\/vieassociative.be\/actualites\/\",\"name\":\"Vie Associative\",\"description\":\"\",\"publisher\":{\"@id\":\"https:\/\/vieassociative.be\/actualites\/#organization\"},\"potentialAction\":[{\"@type\":\"SearchAction\",\"target\":{\"@type\":\"EntryPoint\",\"urlTemplate\":\"https:\/\/vieassociative.be\/actualites\/?s={search_term_string}\"},\"query-input\":{\"@type\":\"PropertyValueSpecification\",\"valueRequired\":true,\"valueName\":\"search_term_string\"}}],\"inLanguage\":\"fr-BE\"},{\"@type\":\"Organization\",\"@id\":\"https:\/\/vieassociative.be\/actualites\/#organization\",\"name\":\"Vie Associative\",\"url\":\"https:\/\/vieassociative.be\/actualites\/\",\"logo\":{\"@type\":\"ImageObject\",\"inLanguage\":\"fr-BE\",\"@id\":\"https:\/\/vieassociative.be\/actualites\/#\/schema\/logo\/image\/\",\"url\":\"https:\/\/vieassociative.be\/actualites\/wp-content\/uploads\/2024\/09\/cropped-vieassociative_favicon.ico.png\",\"contentUrl\":\"https:\/\/vieassociative.be\/actualites\/wp-content\/uploads\/2024\/09\/cropped-vieassociative_favicon.ico.png\",\"width\":512,\"height\":512,\"caption\":\"Vie Associative\"},\"image\":{\"@id\":\"https:\/\/vieassociative.be\/actualites\/#\/schema\/logo\/image\/\"}},{\"@type\":\"Person\",\"@id\":\"https:\/\/vieassociative.be\/actualites\/#\/schema\/person\/b87ac4f82f9d4e7b7cec7395b679edc4\",\"name\":\"Julien\",\"image\":{\"@type\":\"ImageObject\",\"inLanguage\":\"fr-BE\",\"@id\":\"https:\/\/vieassociative.be\/actualites\/#\/schema\/person\/image\/\",\"url\":\"https:\/\/vieassociative.be\/actualites\/wp-content\/uploads\/2024\/09\/vie-associative-1-150x150.jpg\",\"contentUrl\":\"https:\/\/vieassociative.be\/actualites\/wp-content\/uploads\/2024\/09\/vie-associative-1-150x150.jpg\",\"caption\":\"Julien\"},\"description\":\"Je suis Julien, r\u00e9dacteur pour Vie Associative. Passionn\u00e9 par le monde associatif depuis plus de 10 ans, j'ai \u00e0 c\u0153ur de partager des histoires inspirantes et de mettre en lumi\u00e8re les initiatives locales. Mon objectif est de sensibiliser et d'encourager l'engagement communautaire \u00e0 travers mes articles.\",\"sameAs\":[\"https:\/\/vieassociative.be\/\"]}]}<\/script>\n<!-- \/ Yoast SEO plugin. -->","yoast_head_json":{"title":"Vous pouvez obtenir Windows 11 Pro pour 18 $ d\u00e8s maintenant | Vie Associative","robots":{"index":"index","follow":"follow","max-snippet":"max-snippet:-1","max-image-preview":"max-image-preview:large","max-video-preview":"max-video-preview:-1"},"canonical":"https:\/\/vieassociative.be\/actualites\/vous-pouvez-obtenir-windows-11-pro-pour-18-des-maintenant\/","og_locale":"fr_FR","og_type":"article","og_title":"Vous pouvez obtenir Windows 11 Pro pour 18 $ d\u00e8s maintenant | Vie Associative","og_description":"C&rsquo;est le prix le plus bas pour le dernier syst\u00e8me d&rsquo;exploitation Windows. Si vous souhaitez mettre \u00e0 niveau le syst\u00e8me d&rsquo;exploitation de votre PC, vous","og_url":"https:\/\/vieassociative.be\/actualites\/vous-pouvez-obtenir-windows-11-pro-pour-18-des-maintenant\/","og_site_name":"Vie Associative","article_published_time":"2024-10-12T07:27:18+00:00","og_image":[{"width":279,"height":92,"url":"https:\/\/vieassociative.be\/actualites\/wp-content\/uploads\/2024\/09\/header_backgroundk-01-e1726694325946.png","type":"image\/png"}],"author":"Julien","twitter_card":"summary_large_image","twitter_misc":{"\u00c9crit par":"Julien","Dur\u00e9e de lecture est.":"1 minute"},"schema":{"@context":"https:\/\/schema.org","@graph":[{"@type":"Article","@id":"https:\/\/vieassociative.be\/actualites\/vous-pouvez-obtenir-windows-11-pro-pour-18-des-maintenant\/#article","isPartOf":{"@id":"https:\/\/vieassociative.be\/actualites\/vous-pouvez-obtenir-windows-11-pro-pour-18-des-maintenant\/"},"author":{"name":"Julien","@id":"https:\/\/vieassociative.be\/actualites\/#\/schema\/person\/b87ac4f82f9d4e7b7cec7395b679edc4"},"headline":"Vous pouvez obtenir Windows 11 Pro pour 18 $ d\u00e8s maintenant","datePublished":"2024-10-12T07:27:18+00:00","dateModified":"2024-10-12T07:27:18+00:00","mainEntityOfPage":{"@id":"https:\/\/vieassociative.be\/actualites\/vous-pouvez-obtenir-windows-11-pro-pour-18-des-maintenant\/"},"wordCount":180,"publisher":{"@id":"https:\/\/vieassociative.be\/actualites\/#organization"},"image":{"@id":"https:\/\/vieassociative.be\/actualites\/vous-pouvez-obtenir-windows-11-pro-pour-18-des-maintenant\/#primaryimage"},"thumbnailUrl":"https:\/\/vieassociative.be\/actualites\/wp-content\/uploads\/2024\/10\/Vous-pouvez-obtenir-Windows-11-Pro-pour-18-des.png","keywords":["Des","maintenant","obtenir","pour","pouvez","Pro","Vous","Windows"],"articleSection":["Technologie"],"inLanguage":"fr-BE"},{"@type":"WebPage","@id":"https:\/\/vieassociative.be\/actualites\/vous-pouvez-obtenir-windows-11-pro-pour-18-des-maintenant\/","url":"https:\/\/vieassociative.be\/actualites\/vous-pouvez-obtenir-windows-11-pro-pour-18-des-maintenant\/","name":"Vous pouvez obtenir Windows 11 Pro pour 18 $ d\u00e8s maintenant | Vie Associative","isPartOf":{"@id":"https:\/\/vieassociative.be\/actualites\/#website"},"primaryImageOfPage":{"@id":"https:\/\/vieassociative.be\/actualites\/vous-pouvez-obtenir-windows-11-pro-pour-18-des-maintenant\/#primaryimage"},"image":{"@id":"https:\/\/vieassociative.be\/actualites\/vous-pouvez-obtenir-windows-11-pro-pour-18-des-maintenant\/#primaryimage"},"thumbnailUrl":"https:\/\/vieassociative.be\/actualites\/wp-content\/uploads\/2024\/10\/Vous-pouvez-obtenir-Windows-11-Pro-pour-18-des.png","datePublished":"2024-10-12T07:27:18+00:00","dateModified":"2024-10-12T07:27:18+00:00","breadcrumb":{"@id":"https:\/\/vieassociative.be\/actualites\/vous-pouvez-obtenir-windows-11-pro-pour-18-des-maintenant\/#breadcrumb"},"inLanguage":"fr-BE","potentialAction":[{"@type":"ReadAction","target":["https:\/\/vieassociative.be\/actualites\/vous-pouvez-obtenir-windows-11-pro-pour-18-des-maintenant\/"]}]},{"@type":"ImageObject","inLanguage":"fr-BE","@id":"https:\/\/vieassociative.be\/actualites\/vous-pouvez-obtenir-windows-11-pro-pour-18-des-maintenant\/#primaryimage","url":"https:\/\/vieassociative.be\/actualites\/wp-content\/uploads\/2024\/10\/Vous-pouvez-obtenir-Windows-11-Pro-pour-18-des.png","contentUrl":"https:\/\/vieassociative.be\/actualites\/wp-content\/uploads\/2024\/10\/Vous-pouvez-obtenir-Windows-11-Pro-pour-18-des.png","width":1200,"height":675,"caption":"Vous pouvez obtenir Windows 11 Pro pour 18 $ d\u00e8s maintenant"},{"@type":"BreadcrumbList","@id":"https:\/\/vieassociative.be\/actualites\/vous-pouvez-obtenir-windows-11-pro-pour-18-des-maintenant\/#breadcrumb","itemListElement":[{"@type":"ListItem","position":1,"name":"Accueil","item":"https:\/\/vieassociative.be\/actualites\/"},{"@type":"ListItem","position":2,"name":"Vous pouvez obtenir Windows 11 Pro pour 18 $ d\u00e8s maintenant"}]},{"@type":"WebSite","@id":"https:\/\/vieassociative.be\/actualites\/#website","url":"https:\/\/vieassociative.be\/actualites\/","name":"Vie Associative","description":"","publisher":{"@id":"https:\/\/vieassociative.be\/actualites\/#organization"},"potentialAction":[{"@type":"SearchAction","target":{"@type":"EntryPoint","urlTemplate":"https:\/\/vieassociative.be\/actualites\/?s={search_term_string}"},"query-input":{"@type":"PropertyValueSpecification","valueRequired":true,"valueName":"search_term_string"}}],"inLanguage":"fr-BE"},{"@type":"Organization","@id":"https:\/\/vieassociative.be\/actualites\/#organization","name":"Vie Associative","url":"https:\/\/vieassociative.be\/actualites\/","logo":{"@type":"ImageObject","inLanguage":"fr-BE","@id":"https:\/\/vieassociative.be\/actualites\/#\/schema\/logo\/image\/","url":"https:\/\/vieassociative.be\/actualites\/wp-content\/uploads\/2024\/09\/cropped-vieassociative_favicon.ico.png","contentUrl":"https:\/\/vieassociative.be\/actualites\/wp-content\/uploads\/2024\/09\/cropped-vieassociative_favicon.ico.png","width":512,"height":512,"caption":"Vie Associative"},"image":{"@id":"https:\/\/vieassociative.be\/actualites\/#\/schema\/logo\/image\/"}},{"@type":"Person","@id":"https:\/\/vieassociative.be\/actualites\/#\/schema\/person\/b87ac4f82f9d4e7b7cec7395b679edc4","name":"Julien","image":{"@type":"ImageObject","inLanguage":"fr-BE","@id":"https:\/\/vieassociative.be\/actualites\/#\/schema\/person\/image\/","url":"https:\/\/vieassociative.be\/actualites\/wp-content\/uploads\/2024\/09\/vie-associative-1-150x150.jpg","contentUrl":"https:\/\/vieassociative.be\/actualites\/wp-content\/uploads\/2024\/09\/vie-associative-1-150x150.jpg","caption":"Julien"},"description":"Je suis Julien, r\u00e9dacteur pour Vie Associative. Passionn\u00e9 par le monde associatif depuis plus de 10 ans, j'ai \u00e0 c\u0153ur de partager des histoires inspirantes et de mettre en lumi\u00e8re les initiatives locales. Mon objectif est de sensibiliser et d'encourager l'engagement communautaire \u00e0 travers mes articles.","sameAs":["https:\/\/vieassociative.be\/"]}]}},"_links":{"self":[{"href":"https:\/\/vieassociative.be\/actualites\/wp-json\/wp\/v2\/posts\/1133"}],"collection":[{"href":"https:\/\/vieassociative.be\/actualites\/wp-json\/wp\/v2\/posts"}],"about":[{"href":"https:\/\/vieassociative.be\/actualites\/wp-json\/wp\/v2\/types\/post"}],"author":[{"embeddable":true,"href":"https:\/\/vieassociative.be\/actualites\/wp-json\/wp\/v2\/users\/1"}],"replies":[{"embeddable":true,"href":"https:\/\/vieassociative.be\/actualites\/wp-json\/wp\/v2\/comments?post=1133"}],"version-history":[{"count":0,"href":"https:\/\/vieassociative.be\/actualites\/wp-json\/wp\/v2\/posts\/1133\/revisions"}],"wp:featuredmedia":[{"embeddable":true,"href":"https:\/\/vieassociative.be\/actualites\/wp-json\/wp\/v2\/media\/1134"}],"wp:attachment":[{"href":"https:\/\/vieassociative.be\/actualites\/wp-json\/wp\/v2\/media?parent=1133"}],"wp:term":[{"taxonomy":"category","embeddable":true,"href":"https:\/\/vieassociative.be\/actualites\/wp-json\/wp\/v2\/categories?post=1133"},{"taxonomy":"post_tag","embeddable":true,"href":"https:\/\/vieassociative.be\/actualites\/wp-json\/wp\/v2\/tags?post=1133"}],"curies":[{"name":"wp","href":"https:\/\/api.w.org\/{rel}","templated":true}]}}