{"id":11324,"date":"2025-11-15T08:17:14","date_gmt":"2025-11-15T07:17:14","guid":{"rendered":"https:\/\/vieassociative.be\/actualites\/comment-configurer-les-alertes-de-liste-de-souhaits-alexa-pour-le-black-friday\/"},"modified":"2025-11-15T08:17:14","modified_gmt":"2025-11-15T07:17:14","slug":"comment-configurer-les-alertes-de-liste-de-souhaits-alexa-pour-le-black-friday","status":"publish","type":"post","link":"https:\/\/vieassociative.be\/actualites\/comment-configurer-les-alertes-de-liste-de-souhaits-alexa-pour-le-black-friday\/","title":{"rendered":"Comment configurer les alertes de liste de souhaits Alexa pour le Black Friday"},"content":{"rendered":"<div class=\"mt-4 leading-6 md:mb-8\">Alors que le Black Friday commence, vous pouvez demander \u00e0 Alexa de vous informer des articles que vous savez d\u00e9j\u00e0 vouloir acheter.<\/div>\n<p><\/p>\n<p>Les soldes du Black Friday d&rsquo;Amazon commencent officiellement le 20 novembre et les premi\u00e8res offres sont d\u00e9j\u00e0 en cours, mais suivre les meilleures remises \u00e0 venir et d\u00e9terminer quelles offres valent la peine peut \u00eatre un d\u00e9fi. Comme alternative, vous pouvez demander \u00e0 Alexa de vous informer des offres sur les produits que vous savez d\u00e9j\u00e0 que vous souhaitez acheter, afin que vous n&rsquo;ayez pas \u00e0 passer du temps \u00e0 trier le bruit.<\/p>\n<p>Les abonn\u00e9s Amazon Prime aux \u00c9tats-Unis qui disposent \u00e9galement de haut-parleurs intelligents Echo peuvent activer les alertes d&rsquo;offres pour recevoir des notifications 24 heures avant la mise en ligne des remises et m\u00eame demander \u00e0 votre Alexa d&rsquo;acheter ces articles pour vous. Voici comment proc\u00e9der. <\/p>\n<h2 id=\"how-to-set-up-alexa-deal-alerts\">Comment configurer les alertes d&rsquo;offre Alexa<\/h2>\n<p>Tout d&rsquo;abord, ouvrez l&rsquo;application Amazon Shopping ou acc\u00e9dez au site Web d&rsquo;Amazon via un navigateur et ajoutez les produits pour lesquels vous souhaitez recevoir des alertes \u00e0 votre liste de souhaits, \u00e0 votre panier ou \u00e0 une liste Enregistr\u00e9 pour plus tard.<\/p>\n<p>Rendez-vous ensuite sur l&rsquo;application mobile Alexa et acc\u00e9dez \u00e0 <strong>Plus <\/strong>><strong> Param\u00e8tres <\/strong>><strong> Notifications <\/strong>><strong> Achats sur Amazon<\/strong> et activez <strong>Recommandations de transaction<\/strong> sous les options Recommandations d&rsquo;achat. Cela garantit que vous recevrez des notifications pour les articles qui apparaissent dans votre activit\u00e9 d&rsquo;achat. <\/p>\n<p>Si Alexa trouve une offre \u00e0 venir sur quelque chose dans votre Enregistr\u00e9 pour plus tard, votre liste de souhaits ou dans votre panier, vous recevrez une alerte contextuelle sur votre \u00e9cran Echo Show ou verrez un anneau lumineux jaune sur votre haut-parleur Echo. Vous pouvez \u00e9galement demander\u00a0: \u00ab\u00a0Alexa, quelles sont mes notifications\u00a0?\u00a0\u00bb pour entendre une liste des offres qu&rsquo;il a compil\u00e9es jusqu&rsquo;\u00e0 pr\u00e9sent. <\/p>\n<p>Alexa peut d\u00e9tecter les offres jusqu&rsquo;\u00e0 24 heures \u00e0 l&rsquo;avance, vous pouvez donc lui demander de vous rappeler \u00e0 nouveau le d\u00e9but d&rsquo;une offre ou lui demander d&rsquo;acheter l&rsquo;article lorsque l&rsquo;offre sera mise en ligne. Dites simplement \u00abAlexa, ach\u00e8te-le pour moi\u00bb, et le paiement par d\u00e9faut sera factur\u00e9 et l&rsquo;article sera envoy\u00e9 \u00e0 l&rsquo;adresse de livraison par d\u00e9faut indiqu\u00e9e sur votre compte. <\/p>\n<p>Voici quelques options de haut-parleurs intelligents Alexa\u00a0:<\/p>\n<div class=\"shadow-b-2 mb-12 mt-10 rounded-md border-2 border-(#F0F0F0) px-6 py-2 shadow-lg md:px-12\" role=\"region\" aria-label=\"Products List\" x-data=\"{ showMore: false }\">\n<div class=\"flex w-full gap-x-5\">\n<div class=\"flex w-full flex-col flex-nowrap justify-center gap-2 text-black no-underline md:order-2 md:gap-y-6\">\n<div class=\"flex flex-col justify-between gap-y-2 md:w-full md:gap-y-1\">\n<div class=\"block font-sans text-xs font-semibold capitalize leading-3 text-gray-900 md:leading-4\">Enceinte intelligente compacte avec un son complet avec Alexa<\/div>\n<div class=\"block w-fit cursor-pointer font-akshar text-lg font-medium leading-5 text-brand-green duration-200 ease-in-out hover:text-brand-green-700 md:text-xl md:leading-6\">\n<p>                            Amazon Echo Pop\n                        <\/p><\/div>\n<\/p><\/div>\n<div class=\"hidden md:flex md:justify-between md:gap-x-4\">\n<div class=\"w-full mb-0 md:flex md:flex-col md:justify-center font-sans leading-4 text-black\">\n<div class=\"flex flex-wrap items-center justify-center gap-1 md:justify-start\">\n        <span class=\"font-bold\"><\/p>\n<p>            39,99\u00a0$<br \/>\n                            <span class=\"font-medium\">chez Amazon<\/span><br \/>\n                    <\/span>\n            <\/div>\n<\/p><\/div>\n<p>                            <button class=\"flex justify-center items-center w-full bg-brand-green text-white text-base font-sans font-medium rounded-md hover:bg-brand-green-700 hover:cursor-pointer md:text-sm hidden self-end h-12 max-w-(10rem) duration-200 ease-in-out hover:bg-brand-green-700 md:flex md:h-10\"><\/p>\n<p>    Obtenez une offre<br \/>\n<\/button>\n                        <\/div>\n<\/p><\/div>\n<div class=\"flex aspect-video h-(90px) shrink-0 items-center justify-center self-center md:order-1\">\n                        <img decoding=\"async\" class=\"m-0 max-h-full max-w-full rounded-md\" src=\"https:\/\/vieassociative.be\/actualites\/wp-content\/uploads\/2025\/11\/Comment-configurer-les-alertes-de-liste-de-souhaits-Alexa-pour.jpg\" alt=\"Amazon Echo Pop | Enceinte intelligente compacte avec son complet avec Alexa | Blanc glacier\" width=\"auto\" height=\"auto\" loading=\"lazy\">\n                    <\/div>\n<\/p><\/div>\n<p>                            <button class=\"flex justify-center items-center w-full bg-brand-green text-white text-base font-sans font-medium rounded-md hover:bg-brand-green-700 hover:cursor-pointer md:text-sm w-full h-12 duration-200 ease-in-out hover:bg-brand-green-700 md:hidden md:h-10\"><\/p>\n<p>    Obtenez une offre<br \/>\n<\/button><\/p>\n<div class=\"flex flex-col items-center w-full md:hidden font-sans leading-4 text-black\">\n<div class=\"flex flex-wrap items-center justify-center gap-1 md:justify-start\">\n        <span class=\"font-bold\"><\/p>\n<p>            39,99\u00a0$<br \/>\n                            <span class=\"font-medium\">chez Amazon<\/span><br \/>\n                    <\/span>\n            <\/div>\n<\/p><\/div>\n<div class=\"flex w-full gap-x-5\">\n<div class=\"flex w-full flex-col flex-nowrap justify-center gap-2 text-black no-underline md:order-2 md:gap-y-6\">\n<div class=\"flex flex-col justify-between gap-y-2 md:w-full md:gap-y-1\">\n<div class=\"block font-sans text-xs font-semibold capitalize leading-3 text-gray-900 md:leading-4\">Avec un son plus vibrant, des routines utiles et Alexa<\/div>\n<div class=\"block w-fit cursor-pointer font-akshar text-lg font-medium leading-5 text-brand-green duration-200 ease-in-out hover:text-brand-green-700 md:text-xl md:leading-6\">\n<p>                            Echo Dot (5e g\u00e9n\u00e9ration, version 2022)\n                        <\/p><\/div>\n<\/p><\/div>\n<div class=\"hidden md:flex md:justify-between md:gap-x-4\">\n<div class=\"w-full mb-0 md:flex md:flex-col md:justify-center font-sans leading-4 text-black\">\n<div class=\"flex flex-wrap items-center justify-center gap-1 md:justify-start\">\n        <span class=\"font-bold\"><\/p>\n<p>            49,99\u00a0$<br \/>\n                            <span class=\"font-medium\">chez Amazon<\/span><br \/>\n                    <\/span>\n            <\/div>\n<\/p><\/div>\n<p>                            <button class=\"flex justify-center items-center w-full bg-brand-green text-white text-base font-sans font-medium rounded-md hover:bg-brand-green-700 hover:cursor-pointer md:text-sm hidden self-end h-12 max-w-(10rem) duration-200 ease-in-out hover:bg-brand-green-700 md:flex md:h-10\"><\/p>\n<p>    Obtenez une offre<br \/>\n<\/button>\n                        <\/div>\n<\/p><\/div>\n<div class=\"flex aspect-video h-(90px) shrink-0 items-center justify-center self-center md:order-1\">\n                        <img decoding=\"async\" class=\"m-0 max-h-full max-w-full rounded-md\" src=\"https:\/\/vieassociative.be\/actualites\/wp-content\/uploads\/2025\/11\/Comment-configurer-les-alertes-de-liste-de-souhaits-Alexa-pour.png\" alt=\"Amazon Echo Dot (5e g\u00e9n\u00e9ration, version 2022)\" width=\"auto\" height=\"auto\" loading=\"lazy\">\n                    <\/div>\n<\/p><\/div>\n<p>                            <button class=\"flex justify-center items-center w-full bg-brand-green text-white text-base font-sans font-medium rounded-md hover:bg-brand-green-700 hover:cursor-pointer md:text-sm w-full h-12 duration-200 ease-in-out hover:bg-brand-green-700 md:hidden md:h-10\"><\/p>\n<p>    Obtenez une offre<br \/>\n<\/button><\/p>\n<div class=\"flex flex-col items-center w-full md:hidden font-sans leading-4 text-black\">\n<div class=\"flex flex-wrap items-center justify-center gap-1 md:justify-start\">\n        <span class=\"font-bold\"><\/p>\n<p>            49,99\u00a0$<br \/>\n                            <span class=\"font-medium\">chez Amazon<\/span><br \/>\n                    <\/span>\n            <\/div>\n<\/p><\/div>\n<div class=\"flex w-full gap-x-5\">\n<div class=\"flex w-full flex-col flex-nowrap justify-center gap-2 text-black no-underline md:order-2 md:gap-y-6\">\n<div class=\"flex flex-col justify-between gap-y-2 md:w-full md:gap-y-1\">\n<div class=\"block font-sans text-xs font-semibold capitalize leading-3 text-gray-900 md:leading-4\">\u00c9cran intelligent avec 2 fois plus de basses et un son plus clair<\/div>\n<div class=\"block w-fit cursor-pointer font-akshar text-lg font-medium leading-5 text-brand-green duration-200 ease-in-out hover:text-brand-green-700 md:text-xl md:leading-6\">\n<p>                            Echo Show 5 (3e g\u00e9n\u00e9ration, version 2023)\n                        <\/p><\/div>\n<\/p><\/div>\n<div class=\"hidden md:flex md:justify-between md:gap-x-4\">\n<div class=\"w-full mb-0 md:flex md:flex-col md:justify-center font-sans leading-4 text-black\">\n<div class=\"flex flex-wrap items-center justify-center gap-1 md:justify-start\">\n        <span class=\"font-bold\"><\/p>\n<p>            89,99\u00a0$<br \/>\n                            <span class=\"font-medium\">chez Amazon<\/span><br \/>\n                    <\/span>\n            <\/div>\n<\/p><\/div>\n<p>                            <button class=\"flex justify-center items-center w-full bg-brand-green text-white text-base font-sans font-medium rounded-md hover:bg-brand-green-700 hover:cursor-pointer md:text-sm hidden self-end h-12 max-w-(10rem) duration-200 ease-in-out hover:bg-brand-green-700 md:flex md:h-10\"><\/p>\n<p>    Obtenez une offre<br \/>\n<\/button>\n                        <\/div>\n<\/p><\/div>\n<div class=\"flex aspect-video h-(90px) shrink-0 items-center justify-center self-center md:order-1\">\n                        <img decoding=\"async\" class=\"m-0 max-h-full max-w-full rounded-md\" src=\"https:\/\/vieassociative.be\/actualites\/wp-content\/uploads\/2025\/11\/1763191034_311_Comment-configurer-les-alertes-de-liste-de-souhaits-Alexa-pour.jpg\" alt=\"\u00c9cran intelligent Amazon Echo Show 5 (3e g\u00e9n\u00e9ration, version 2023)\" width=\"auto\" height=\"auto\" loading=\"lazy\">\n                    <\/div>\n<\/p><\/div>\n<p>                            <button class=\"flex justify-center items-center w-full bg-brand-green text-white text-base font-sans font-medium rounded-md hover:bg-brand-green-700 hover:cursor-pointer md:text-sm w-full h-12 duration-200 ease-in-out hover:bg-brand-green-700 md:hidden md:h-10\"><\/p>\n<p>    Obtenez une offre<br \/>\n<\/button><\/p>\n<div class=\"flex flex-col items-center w-full md:hidden font-sans leading-4 text-black\">\n<div class=\"flex flex-wrap items-center justify-center gap-1 md:justify-start\">\n        <span class=\"font-bold\"><\/p>\n<p>            89,99\u00a0$<br \/>\n                            <span class=\"font-medium\">chez Amazon<\/span><br \/>\n                    <\/span>\n            <\/div>\n<\/p><\/div>\n<\/div>\n<hr>\n","protected":false},"excerpt":{"rendered":"<p>Alors que le Black Friday commence, vous pouvez demander \u00e0 Alexa de vous informer des articles que vous savez d\u00e9j\u00e0 vouloir acheter. Les soldes du<\/p>\n","protected":false},"author":1,"featured_media":11325,"comment_status":"","ping_status":"","sticky":false,"template":"","format":"standard","meta":{"footnotes":""},"categories":[41],"tags":[7445,3492,73,44,1785,1255,14,2987,81,9250],"class_list":["post-11324","post","type-post","status-publish","format-standard","has-post-thumbnail","hentry","category-argent","tag-alertes","tag-alexa","tag-black","tag-comment","tag-configurer","tag-friday","tag-les","tag-liste","tag-pour","tag-souhaits","generate-columns","tablet-grid-50","mobile-grid-100","grid-parent","grid-33"],"yoast_head":"<!-- This site is optimized with the Yoast SEO plugin v24.0 - https:\/\/yoast.com\/wordpress\/plugins\/seo\/ -->\n<title>Comment configurer les alertes de liste de souhaits Alexa pour le Black Friday | Vie Associative<\/title>\n<meta name=\"robots\" content=\"index, follow, max-snippet:-1, max-image-preview:large, max-video-preview:-1\" \/>\n<link rel=\"canonical\" href=\"https:\/\/vieassociative.be\/actualites\/comment-configurer-les-alertes-de-liste-de-souhaits-alexa-pour-le-black-friday\/\" \/>\n<meta property=\"og:locale\" content=\"fr_FR\" \/>\n<meta property=\"og:type\" content=\"article\" \/>\n<meta property=\"og:title\" content=\"Comment configurer les alertes de liste de souhaits Alexa pour le Black Friday | Vie Associative\" \/>\n<meta property=\"og:description\" content=\"Alors que le Black Friday commence, vous pouvez demander \u00e0 Alexa de vous informer des articles que vous savez d\u00e9j\u00e0 vouloir acheter. Les soldes du\" \/>\n<meta property=\"og:url\" content=\"https:\/\/vieassociative.be\/actualites\/comment-configurer-les-alertes-de-liste-de-souhaits-alexa-pour-le-black-friday\/\" \/>\n<meta property=\"og:site_name\" content=\"Vie Associative\" \/>\n<meta property=\"article:published_time\" content=\"2025-11-15T07:17:14+00:00\" \/>\n<meta property=\"og:image\" content=\"https:\/\/vieassociative.be\/actualites\/wp-content\/uploads\/2025\/11\/Comment-configurer-les-alertes-de-liste-de-souhaits-Alexa-pour.jpg\" \/>\n<meta name=\"author\" content=\"Julien\" \/>\n<meta name=\"twitter:card\" content=\"summary_large_image\" \/>\n<meta name=\"twitter:label1\" content=\"\u00c9crit par\" \/>\n\t<meta name=\"twitter:data1\" content=\"Julien\" \/>\n\t<meta name=\"twitter:label2\" content=\"Dur\u00e9e de lecture est.\" \/>\n\t<meta name=\"twitter:data2\" content=\"2 minutes\" \/>\n<script type=\"application\/ld+json\" class=\"yoast-schema-graph\">{\"@context\":\"https:\/\/schema.org\",\"@graph\":[{\"@type\":\"Article\",\"@id\":\"https:\/\/vieassociative.be\/actualites\/comment-configurer-les-alertes-de-liste-de-souhaits-alexa-pour-le-black-friday\/#article\",\"isPartOf\":{\"@id\":\"https:\/\/vieassociative.be\/actualites\/comment-configurer-les-alertes-de-liste-de-souhaits-alexa-pour-le-black-friday\/\"},\"author\":{\"name\":\"Julien\",\"@id\":\"https:\/\/vieassociative.be\/actualites\/#\/schema\/person\/b87ac4f82f9d4e7b7cec7395b679edc4\"},\"headline\":\"Comment configurer les alertes de liste de souhaits Alexa pour le Black Friday\",\"datePublished\":\"2025-11-15T07:17:14+00:00\",\"dateModified\":\"2025-11-15T07:17:14+00:00\",\"mainEntityOfPage\":{\"@id\":\"https:\/\/vieassociative.be\/actualites\/comment-configurer-les-alertes-de-liste-de-souhaits-alexa-pour-le-black-friday\/\"},\"wordCount\":475,\"publisher\":{\"@id\":\"https:\/\/vieassociative.be\/actualites\/#organization\"},\"image\":{\"@id\":\"https:\/\/vieassociative.be\/actualites\/comment-configurer-les-alertes-de-liste-de-souhaits-alexa-pour-le-black-friday\/#primaryimage\"},\"thumbnailUrl\":\"https:\/\/vieassociative.be\/actualites\/wp-content\/uploads\/2025\/11\/1763191036_Comment-configurer-les-alertes-de-liste-de-souhaits-Alexa-pour.jpg\",\"keywords\":[\"alertes\",\"Alexa\",\"Black\",\"Comment\",\"configurer\",\"Friday\",\"Les\",\"liste\",\"pour\",\"souhaits\"],\"articleSection\":[\"Argent\"],\"inLanguage\":\"fr-BE\"},{\"@type\":\"WebPage\",\"@id\":\"https:\/\/vieassociative.be\/actualites\/comment-configurer-les-alertes-de-liste-de-souhaits-alexa-pour-le-black-friday\/\",\"url\":\"https:\/\/vieassociative.be\/actualites\/comment-configurer-les-alertes-de-liste-de-souhaits-alexa-pour-le-black-friday\/\",\"name\":\"Comment configurer les alertes de liste de souhaits Alexa pour le Black Friday | Vie Associative\",\"isPartOf\":{\"@id\":\"https:\/\/vieassociative.be\/actualites\/#website\"},\"primaryImageOfPage\":{\"@id\":\"https:\/\/vieassociative.be\/actualites\/comment-configurer-les-alertes-de-liste-de-souhaits-alexa-pour-le-black-friday\/#primaryimage\"},\"image\":{\"@id\":\"https:\/\/vieassociative.be\/actualites\/comment-configurer-les-alertes-de-liste-de-souhaits-alexa-pour-le-black-friday\/#primaryimage\"},\"thumbnailUrl\":\"https:\/\/vieassociative.be\/actualites\/wp-content\/uploads\/2025\/11\/1763191036_Comment-configurer-les-alertes-de-liste-de-souhaits-Alexa-pour.jpg\",\"datePublished\":\"2025-11-15T07:17:14+00:00\",\"dateModified\":\"2025-11-15T07:17:14+00:00\",\"breadcrumb\":{\"@id\":\"https:\/\/vieassociative.be\/actualites\/comment-configurer-les-alertes-de-liste-de-souhaits-alexa-pour-le-black-friday\/#breadcrumb\"},\"inLanguage\":\"fr-BE\",\"potentialAction\":[{\"@type\":\"ReadAction\",\"target\":[\"https:\/\/vieassociative.be\/actualites\/comment-configurer-les-alertes-de-liste-de-souhaits-alexa-pour-le-black-friday\/\"]}]},{\"@type\":\"ImageObject\",\"inLanguage\":\"fr-BE\",\"@id\":\"https:\/\/vieassociative.be\/actualites\/comment-configurer-les-alertes-de-liste-de-souhaits-alexa-pour-le-black-friday\/#primaryimage\",\"url\":\"https:\/\/vieassociative.be\/actualites\/wp-content\/uploads\/2025\/11\/1763191036_Comment-configurer-les-alertes-de-liste-de-souhaits-Alexa-pour.jpg\",\"contentUrl\":\"https:\/\/vieassociative.be\/actualites\/wp-content\/uploads\/2025\/11\/1763191036_Comment-configurer-les-alertes-de-liste-de-souhaits-Alexa-pour.jpg\",\"width\":1200,\"height\":675,\"caption\":\"Comment configurer les alertes de liste de souhaits Alexa pour le Black Friday\"},{\"@type\":\"BreadcrumbList\",\"@id\":\"https:\/\/vieassociative.be\/actualites\/comment-configurer-les-alertes-de-liste-de-souhaits-alexa-pour-le-black-friday\/#breadcrumb\",\"itemListElement\":[{\"@type\":\"ListItem\",\"position\":1,\"name\":\"Accueil\",\"item\":\"https:\/\/vieassociative.be\/actualites\/\"},{\"@type\":\"ListItem\",\"position\":2,\"name\":\"Comment configurer les alertes de liste de souhaits Alexa pour le Black Friday\"}]},{\"@type\":\"WebSite\",\"@id\":\"https:\/\/vieassociative.be\/actualites\/#website\",\"url\":\"https:\/\/vieassociative.be\/actualites\/\",\"name\":\"Vie Associative\",\"description\":\"\",\"publisher\":{\"@id\":\"https:\/\/vieassociative.be\/actualites\/#organization\"},\"potentialAction\":[{\"@type\":\"SearchAction\",\"target\":{\"@type\":\"EntryPoint\",\"urlTemplate\":\"https:\/\/vieassociative.be\/actualites\/?s={search_term_string}\"},\"query-input\":{\"@type\":\"PropertyValueSpecification\",\"valueRequired\":true,\"valueName\":\"search_term_string\"}}],\"inLanguage\":\"fr-BE\"},{\"@type\":\"Organization\",\"@id\":\"https:\/\/vieassociative.be\/actualites\/#organization\",\"name\":\"Vie Associative\",\"url\":\"https:\/\/vieassociative.be\/actualites\/\",\"logo\":{\"@type\":\"ImageObject\",\"inLanguage\":\"fr-BE\",\"@id\":\"https:\/\/vieassociative.be\/actualites\/#\/schema\/logo\/image\/\",\"url\":\"https:\/\/vieassociative.be\/actualites\/wp-content\/uploads\/2024\/09\/cropped-vieassociative_favicon.ico.png\",\"contentUrl\":\"https:\/\/vieassociative.be\/actualites\/wp-content\/uploads\/2024\/09\/cropped-vieassociative_favicon.ico.png\",\"width\":512,\"height\":512,\"caption\":\"Vie Associative\"},\"image\":{\"@id\":\"https:\/\/vieassociative.be\/actualites\/#\/schema\/logo\/image\/\"}},{\"@type\":\"Person\",\"@id\":\"https:\/\/vieassociative.be\/actualites\/#\/schema\/person\/b87ac4f82f9d4e7b7cec7395b679edc4\",\"name\":\"Julien\",\"image\":{\"@type\":\"ImageObject\",\"inLanguage\":\"fr-BE\",\"@id\":\"https:\/\/vieassociative.be\/actualites\/#\/schema\/person\/image\/\",\"url\":\"https:\/\/vieassociative.be\/actualites\/wp-content\/uploads\/2024\/09\/vie-associative-1-150x150.jpg\",\"contentUrl\":\"https:\/\/vieassociative.be\/actualites\/wp-content\/uploads\/2024\/09\/vie-associative-1-150x150.jpg\",\"caption\":\"Julien\"},\"description\":\"Je suis Julien, r\u00e9dacteur pour Vie Associative. Passionn\u00e9 par le monde associatif depuis plus de 10 ans, j'ai \u00e0 c\u0153ur de partager des histoires inspirantes et de mettre en lumi\u00e8re les initiatives locales. Mon objectif est de sensibiliser et d'encourager l'engagement communautaire \u00e0 travers mes articles.\",\"sameAs\":[\"https:\/\/vieassociative.be\/\"]}]}<\/script>\n<!-- \/ Yoast SEO plugin. -->","yoast_head_json":{"title":"Comment configurer les alertes de liste de souhaits Alexa pour le Black Friday | Vie Associative","robots":{"index":"index","follow":"follow","max-snippet":"max-snippet:-1","max-image-preview":"max-image-preview:large","max-video-preview":"max-video-preview:-1"},"canonical":"https:\/\/vieassociative.be\/actualites\/comment-configurer-les-alertes-de-liste-de-souhaits-alexa-pour-le-black-friday\/","og_locale":"fr_FR","og_type":"article","og_title":"Comment configurer les alertes de liste de souhaits Alexa pour le Black Friday | Vie Associative","og_description":"Alors que le Black Friday commence, vous pouvez demander \u00e0 Alexa de vous informer des articles que vous savez d\u00e9j\u00e0 vouloir acheter. Les soldes du","og_url":"https:\/\/vieassociative.be\/actualites\/comment-configurer-les-alertes-de-liste-de-souhaits-alexa-pour-le-black-friday\/","og_site_name":"Vie Associative","article_published_time":"2025-11-15T07:17:14+00:00","og_image":[{"url":"https:\/\/vieassociative.be\/actualites\/wp-content\/uploads\/2025\/11\/Comment-configurer-les-alertes-de-liste-de-souhaits-Alexa-pour.jpg","type":"","width":"","height":""}],"author":"Julien","twitter_card":"summary_large_image","twitter_misc":{"\u00c9crit par":"Julien","Dur\u00e9e de lecture est.":"2 minutes"},"schema":{"@context":"https:\/\/schema.org","@graph":[{"@type":"Article","@id":"https:\/\/vieassociative.be\/actualites\/comment-configurer-les-alertes-de-liste-de-souhaits-alexa-pour-le-black-friday\/#article","isPartOf":{"@id":"https:\/\/vieassociative.be\/actualites\/comment-configurer-les-alertes-de-liste-de-souhaits-alexa-pour-le-black-friday\/"},"author":{"name":"Julien","@id":"https:\/\/vieassociative.be\/actualites\/#\/schema\/person\/b87ac4f82f9d4e7b7cec7395b679edc4"},"headline":"Comment configurer les alertes de liste de souhaits Alexa pour le Black Friday","datePublished":"2025-11-15T07:17:14+00:00","dateModified":"2025-11-15T07:17:14+00:00","mainEntityOfPage":{"@id":"https:\/\/vieassociative.be\/actualites\/comment-configurer-les-alertes-de-liste-de-souhaits-alexa-pour-le-black-friday\/"},"wordCount":475,"publisher":{"@id":"https:\/\/vieassociative.be\/actualites\/#organization"},"image":{"@id":"https:\/\/vieassociative.be\/actualites\/comment-configurer-les-alertes-de-liste-de-souhaits-alexa-pour-le-black-friday\/#primaryimage"},"thumbnailUrl":"https:\/\/vieassociative.be\/actualites\/wp-content\/uploads\/2025\/11\/1763191036_Comment-configurer-les-alertes-de-liste-de-souhaits-Alexa-pour.jpg","keywords":["alertes","Alexa","Black","Comment","configurer","Friday","Les","liste","pour","souhaits"],"articleSection":["Argent"],"inLanguage":"fr-BE"},{"@type":"WebPage","@id":"https:\/\/vieassociative.be\/actualites\/comment-configurer-les-alertes-de-liste-de-souhaits-alexa-pour-le-black-friday\/","url":"https:\/\/vieassociative.be\/actualites\/comment-configurer-les-alertes-de-liste-de-souhaits-alexa-pour-le-black-friday\/","name":"Comment configurer les alertes de liste de souhaits Alexa pour le Black Friday | Vie Associative","isPartOf":{"@id":"https:\/\/vieassociative.be\/actualites\/#website"},"primaryImageOfPage":{"@id":"https:\/\/vieassociative.be\/actualites\/comment-configurer-les-alertes-de-liste-de-souhaits-alexa-pour-le-black-friday\/#primaryimage"},"image":{"@id":"https:\/\/vieassociative.be\/actualites\/comment-configurer-les-alertes-de-liste-de-souhaits-alexa-pour-le-black-friday\/#primaryimage"},"thumbnailUrl":"https:\/\/vieassociative.be\/actualites\/wp-content\/uploads\/2025\/11\/1763191036_Comment-configurer-les-alertes-de-liste-de-souhaits-Alexa-pour.jpg","datePublished":"2025-11-15T07:17:14+00:00","dateModified":"2025-11-15T07:17:14+00:00","breadcrumb":{"@id":"https:\/\/vieassociative.be\/actualites\/comment-configurer-les-alertes-de-liste-de-souhaits-alexa-pour-le-black-friday\/#breadcrumb"},"inLanguage":"fr-BE","potentialAction":[{"@type":"ReadAction","target":["https:\/\/vieassociative.be\/actualites\/comment-configurer-les-alertes-de-liste-de-souhaits-alexa-pour-le-black-friday\/"]}]},{"@type":"ImageObject","inLanguage":"fr-BE","@id":"https:\/\/vieassociative.be\/actualites\/comment-configurer-les-alertes-de-liste-de-souhaits-alexa-pour-le-black-friday\/#primaryimage","url":"https:\/\/vieassociative.be\/actualites\/wp-content\/uploads\/2025\/11\/1763191036_Comment-configurer-les-alertes-de-liste-de-souhaits-Alexa-pour.jpg","contentUrl":"https:\/\/vieassociative.be\/actualites\/wp-content\/uploads\/2025\/11\/1763191036_Comment-configurer-les-alertes-de-liste-de-souhaits-Alexa-pour.jpg","width":1200,"height":675,"caption":"Comment configurer les alertes de liste de souhaits Alexa pour le Black Friday"},{"@type":"BreadcrumbList","@id":"https:\/\/vieassociative.be\/actualites\/comment-configurer-les-alertes-de-liste-de-souhaits-alexa-pour-le-black-friday\/#breadcrumb","itemListElement":[{"@type":"ListItem","position":1,"name":"Accueil","item":"https:\/\/vieassociative.be\/actualites\/"},{"@type":"ListItem","position":2,"name":"Comment configurer les alertes de liste de souhaits Alexa pour le Black Friday"}]},{"@type":"WebSite","@id":"https:\/\/vieassociative.be\/actualites\/#website","url":"https:\/\/vieassociative.be\/actualites\/","name":"Vie Associative","description":"","publisher":{"@id":"https:\/\/vieassociative.be\/actualites\/#organization"},"potentialAction":[{"@type":"SearchAction","target":{"@type":"EntryPoint","urlTemplate":"https:\/\/vieassociative.be\/actualites\/?s={search_term_string}"},"query-input":{"@type":"PropertyValueSpecification","valueRequired":true,"valueName":"search_term_string"}}],"inLanguage":"fr-BE"},{"@type":"Organization","@id":"https:\/\/vieassociative.be\/actualites\/#organization","name":"Vie Associative","url":"https:\/\/vieassociative.be\/actualites\/","logo":{"@type":"ImageObject","inLanguage":"fr-BE","@id":"https:\/\/vieassociative.be\/actualites\/#\/schema\/logo\/image\/","url":"https:\/\/vieassociative.be\/actualites\/wp-content\/uploads\/2024\/09\/cropped-vieassociative_favicon.ico.png","contentUrl":"https:\/\/vieassociative.be\/actualites\/wp-content\/uploads\/2024\/09\/cropped-vieassociative_favicon.ico.png","width":512,"height":512,"caption":"Vie Associative"},"image":{"@id":"https:\/\/vieassociative.be\/actualites\/#\/schema\/logo\/image\/"}},{"@type":"Person","@id":"https:\/\/vieassociative.be\/actualites\/#\/schema\/person\/b87ac4f82f9d4e7b7cec7395b679edc4","name":"Julien","image":{"@type":"ImageObject","inLanguage":"fr-BE","@id":"https:\/\/vieassociative.be\/actualites\/#\/schema\/person\/image\/","url":"https:\/\/vieassociative.be\/actualites\/wp-content\/uploads\/2024\/09\/vie-associative-1-150x150.jpg","contentUrl":"https:\/\/vieassociative.be\/actualites\/wp-content\/uploads\/2024\/09\/vie-associative-1-150x150.jpg","caption":"Julien"},"description":"Je suis Julien, r\u00e9dacteur pour Vie Associative. Passionn\u00e9 par le monde associatif depuis plus de 10 ans, j'ai \u00e0 c\u0153ur de partager des histoires inspirantes et de mettre en lumi\u00e8re les initiatives locales. Mon objectif est de sensibiliser et d'encourager l'engagement communautaire \u00e0 travers mes articles.","sameAs":["https:\/\/vieassociative.be\/"]}]}},"_links":{"self":[{"href":"https:\/\/vieassociative.be\/actualites\/wp-json\/wp\/v2\/posts\/11324"}],"collection":[{"href":"https:\/\/vieassociative.be\/actualites\/wp-json\/wp\/v2\/posts"}],"about":[{"href":"https:\/\/vieassociative.be\/actualites\/wp-json\/wp\/v2\/types\/post"}],"author":[{"embeddable":true,"href":"https:\/\/vieassociative.be\/actualites\/wp-json\/wp\/v2\/users\/1"}],"replies":[{"embeddable":true,"href":"https:\/\/vieassociative.be\/actualites\/wp-json\/wp\/v2\/comments?post=11324"}],"version-history":[{"count":0,"href":"https:\/\/vieassociative.be\/actualites\/wp-json\/wp\/v2\/posts\/11324\/revisions"}],"wp:featuredmedia":[{"embeddable":true,"href":"https:\/\/vieassociative.be\/actualites\/wp-json\/wp\/v2\/media\/11325"}],"wp:attachment":[{"href":"https:\/\/vieassociative.be\/actualites\/wp-json\/wp\/v2\/media?parent=11324"}],"wp:term":[{"taxonomy":"category","embeddable":true,"href":"https:\/\/vieassociative.be\/actualites\/wp-json\/wp\/v2\/categories?post=11324"},{"taxonomy":"post_tag","embeddable":true,"href":"https:\/\/vieassociative.be\/actualites\/wp-json\/wp\/v2\/tags?post=11324"}],"curies":[{"name":"wp","href":"https:\/\/api.w.org\/{rel}","templated":true}]}}