{"id":11322,"date":"2025-11-15T07:17:26","date_gmt":"2025-11-15T06:17:26","guid":{"rendered":"https:\/\/vieassociative.be\/actualites\/voici-quand-les-objectifs-smart-ne-sont-pas-une-bonne-idee-et-quoi-utiliser-a-la-place\/"},"modified":"2025-11-15T07:17:26","modified_gmt":"2025-11-15T06:17:26","slug":"voici-quand-les-objectifs-smart-ne-sont-pas-une-bonne-idee-et-quoi-utiliser-a-la-place","status":"publish","type":"post","link":"https:\/\/vieassociative.be\/actualites\/voici-quand-les-objectifs-smart-ne-sont-pas-une-bonne-idee-et-quoi-utiliser-a-la-place\/","title":{"rendered":"Voici quand les objectifs SMART ne sont pas une bonne id\u00e9e (et quoi utiliser \u00e0 la place)"},"content":{"rendered":"<div class=\"mt-4 leading-6 md:mb-8\">Les objectifs SMART sont une pratique courante en entreprise, mais ils peuvent \u00eatre limitants.<\/div>\n<p><\/p>\n<p>Les objectifs SMART sont un moyen utile de transformer vos id\u00e9es et vos t\u00e2ches en plans d&rsquo;action pour un avenir proche et lointain, mais ils ne constituent pas toujours la meilleure approche. Si vous travaillez dans une \u00e9quipe plus grande ou si vous avez besoin de suivre des objectifs tr\u00e8s ambitieux \u00e0 long terme, par exemple, SMART n&rsquo;est peut-\u00eatre pas la meilleure m\u00e9thode vers laquelle vous tourner. D&rsquo;autres m\u00e9thodes de suivi des objectifs, comme FAST et PACT, peuvent \u00eatre mieux adapt\u00e9es. Vous devrez commencer par vous familiariser avec ces m\u00e9thodes alternatives, mais une fois que vous l&rsquo;aurez fait, vous verrez qu&rsquo;elles sont plus adapt\u00e9es \u00e0 des besoins sp\u00e9cifiques et pourraient bien \u00eatre votre meilleure option.<\/p>\n<h2 id=\"when-should-you-use-smart-goals\">Quand devriez-vous utiliser les objectifs SMART\u00a0?<\/h2>\n<p>Les objectifs SMART sont sp\u00e9cifiques, mesurables, r\u00e9alisables, pertinents et limit\u00e9s dans le temps \u2013 c&rsquo;est ce que l&rsquo;acronyme indique. Lorsque vous les \u00e9tablissez, vous vous assurez que votre objectif respecte ces cinq exigences, en l&rsquo;\u00e9crivant g\u00e9n\u00e9ralement dans une phrase comme celle-ci : \u00ab D&rsquo;ici la fin du mois, j&rsquo;aurai r\u00e9ussi trois quiz pratiques pour pr\u00e9parer mon test de chimie. \u00bb Il est sp\u00e9cifique parce qu&rsquo;il indique ce que vous allez faire et pourquoi, mesurable parce que vous fixez un nombre de quiz et la note attendue pour chacun, r\u00e9alisable parce que cela peut raisonnablement \u00eatre fait, pertinent parce qu&rsquo;il a \u00e0 voir avec un besoin urgent et limit\u00e9 dans le temps parce qu&rsquo;il est li\u00e9 \u00e0 une date limite \u00e0 venir.<\/p>\n<p>Parce qu&rsquo;ils sont tr\u00e8s personnalisables, les objectifs SMART sont utilis\u00e9s par les \u00e9tudiants, les travailleurs et toute personne ayant besoin de d\u00e9composer leur liste de t\u00e2ches en actions g\u00e9rables, mais ils peuvent \u00eatre limitants pour les m\u00eames raisons pour lesquelles ils fonctionnent si bien au niveau individuel. Par exemple, ils peuvent \u00eatre trop sp\u00e9cifiques pour \u00eatre largement applicables. Ainsi, si vous devez effectuer le m\u00eame type de t\u00e2che au travail chaque mois, vous refaireez l&rsquo;objectif SMART \u00e0 chaque fois au lieu de cr\u00e9er un processus \u00e0 suivre. Ils ne sont pas non plus id\u00e9aux pour la collaboration, car m\u00eame si vous pouvez partager un objectif SMART avec d&rsquo;autres, cela ne laisse pas beaucoup de place pour \u00eatre concis et faire autorit\u00e9 sur qui doit faire quoi pour atteindre l&rsquo;objectif. <\/p>\n<div class=\"mx-auto mb-12 mt-5 w-full max-w-3xl rounded-md border-2 border-gray-100 p-3 shadow-md md:px-7 md:pb-7 md:pt-5\" id=\"related-video\">\n<div class=\"mb-3 flex items-center md:mb-5\">\n        <img decoding=\"async\" class=\"mr-4 mt-0 h-10 w-10 md:mr-5 md:h-12 md:w-12\" src=\"https:\/\/vieassociative.be\/actualites\/wp-content\/uploads\/2025\/09\/1757726237_608_Meta-pourrait-devoiler-une-montre-intelligente-pour-controler-ses-lunettes.jpg\" alt=\"Logo du pirate de la vie\"><\/p><\/div>\n<div class=\"aspect-video w-full overflow-hidden rounded-md\">\n<div id=\"video-container-01KA31BQ88QZTDF5SVNAJC31MV\"><\/div>\n<\/p><\/div>\n<\/div>\n<h2 id=\"when-fast-goals-make-sense\">Quand les objectifs FAST ont du sens<\/h2>\n<p>La premi\u00e8re alternative utile aux objectifs SMART est l\u2019objectif FAST, qui est particuli\u00e8rement utile si vous \u00eates en mesure de diriger ou de d\u00e9l\u00e9guer, mais qui est g\u00e9n\u00e9ralement bon pour les \u00e9quipes dans leur ensemble. FAST signifie ce qui suit\u00a0: <\/p>\n<ul>\n<li>\n<p><strong>F<\/strong>discussions fr\u00e9quentes<\/p>\n<\/li>\n<li>\n<p><strong>UN<\/strong>port\u00e9e ambitieuse<\/p>\n<\/li>\n<li>\n<p><strong>S<\/strong>mesures sp\u00e9cifiques<\/p>\n<\/li>\n<li>\n<p><strong>T<\/strong>transparent<\/p>\n<\/li>\n<\/ul>\n<p>Lorsque vous utilisez des objectifs SMART, vous analysez le r\u00e9sultat final souhait\u00e9 en fonction de sa faisabilit\u00e9 et du moment o\u00f9 vous l&rsquo;aurez atteint. Avec un objectif RAPIDE, vous regardez moins les \u00e9l\u00e9ments qui d\u00e9finissent le produit final et davantage la mani\u00e8re dont vous collaborerez pour y parvenir. Les objectifs FAST permettent aux \u00e9quipes de s&rsquo;adapter et d&rsquo;\u00e9voluer au fur et \u00e0 mesure que le projet avance car ils n\u00e9cessitent des discussions fr\u00e9quentes et de la transparence sur ce qu&rsquo;est l&rsquo;objectif ambitieux et comment son succ\u00e8s sera d\u00e9fini. N\u00e9anmoins, vous devez avoir un plan en place pour suivre l\u2019objectif RAPIDE, car il est un peu vague. Que sont les discussions \u00ab fr\u00e9quentes \u00bb, par exemple ? Vous devez d\u00e9finir cela avec l&rsquo;\u00e9quipe et d\u00e9finir un objectif dictant ce que signifie la fr\u00e9quence et la mani\u00e8re dont vous conduirez ces r\u00e9unions.<\/p>\n<p>Supposons que votre \u00e9quipe au travail doive \u00e9tablir un rapport pour la fin du trimestre. Vous savez d\u00e9j\u00e0 quand cela doit \u00eatre fait, vous n&rsquo;avez donc pas besoin d&rsquo;int\u00e9grer la rapidit\u00e9, comme vous le feriez avec un objectif SMART. Au lieu de cela, consid\u00e9rez la t\u00e2che sous l&rsquo;angle RAPIDE, en fixant des horaires r\u00e9guliers pour se rencontrer et en discuter et en cr\u00e9ant des canaux de communication clairs afin que tout le monde puisse rester sur la m\u00eame longueur d&rsquo;onde. Le succ\u00e8s du projet peut \u00eatre mesur\u00e9 par les commentaires des responsables, la r\u00e9ponse des clients, l&rsquo;am\u00e9lioration des processus ou l&rsquo;augmentation des ventes\u00a0; vous devez d\u00e9finir d\u00e8s le d\u00e9but \u00e0 quoi ressemblera le \u00ab succ\u00e8s \u00bb, mais rester communicatif et transparent vous aidera et vous permettra de rendre l&rsquo;objectif final ambitieux. <\/p>\n<p>Ici, je recommanderais d&rsquo;incorporer une source unique de v\u00e9rit\u00e9, ou SSOT. Il s\u2019agit essentiellement d\u2019un dossier auquel tout le monde a acc\u00e8s et qui comprend toutes les ressources dont chacun pourrait avoir besoin. Pour le projet hypoth\u00e9tique du rapport de fin de trimestre, votre SSOT peut inclure des rapports mensuels, un mod\u00e8le pour le rapport plus important, les coordonn\u00e9es des clients dont les donn\u00e9es appara\u00eetront sur le rapport, etc. Le premier document du SSOT devrait \u00eatre un document d\u00e9crivant l&rsquo;objectif FAST en fixant des exigences pour les discussions fr\u00e9quentes, en d\u00e9taillant la port\u00e9e, en d\u00e9finissant les mesures sp\u00e9cifiques de succ\u00e8s et, de par sa nature, en \u00e9tant transparent. <\/p>\n<h2 id=\"when-to-use-pact-goals\">Quand utiliser les objectifs PACT<\/h2>\n<p>Les objectifs PACT, comme les objectifs FAST, se concentrent davantage sur le processus permettant d&rsquo;atteindre un r\u00e9sultat souhait\u00e9 que sur les mesures du r\u00e9sultat lui-m\u00eame. Voici ce que signifie PACT\u00a0: <\/p>\n<ul>\n<li>\n<p><strong>P.<\/strong>utile<\/p>\n<\/li>\n<li>\n<p><strong>UN<\/strong>actionnable<\/p>\n<\/li>\n<li>\n<p><strong>C<\/strong>continu<\/p>\n<\/li>\n<li>\n<p><strong>T<\/strong>rackable<\/p>\n<\/li>\n<\/ul>\n<p>Tout comme un objectif SMART, PACT fonctionne bien si vous abordez quelque chose par vous-m\u00eame, mais il est davantage ax\u00e9 sur les processus. Disons que votre objectif est de vous mettre en forme. Avec un objectif SMART, vous devrez peut-\u00eatre le d\u00e9finir comme\u00a0:\u00a0\u00ab\u00a0D\u00e8s le premier jour de l\u2019\u00e9t\u00e9, j\u2019aurai travaill\u00e9 cinq heures par semaine, perdu 20 livres et augment\u00e9 ma masse musculaire de 5\u00a0%.\u00a0\u00bb C&rsquo;est sp\u00e9cifique, mesurable, r\u00e9alisable, pertinent et limit\u00e9 dans le temps, mais une fois que vous l&rsquo;avez \u00e9crit, vous \u00eates seul \u00e0 vous frayer un chemin jusqu&rsquo;\u00e0 la ligne d&rsquo;arriv\u00e9e. Un objectif PACT pourrait ressembler davantage \u00e0\u00a0:\u00a0\u00ab\u00a0Pour \u00eatre en meilleure forme et am\u00e9liorer ma sant\u00e9, je vais m\u2019entra\u00eener cinq fois par semaine et surveiller ma perte de poids et ma prise de muscle \u00e0 l\u2019aide de ma balance intelligente.\u00a0\u00bb Au lieu d&rsquo;\u00eatre limit\u00e9e dans le temps, cette approche prend en consid\u00e9ration le processus lui-m\u00eame, mais int\u00e8gre \u00e9galement la d\u00e9termination, vous rappelant pourquoi vous faites ce que vous faites. Vous continuez \u00e0 prendre des mesures et \u00e0 suivre des mesures, mais l&rsquo;objectif est ancr\u00e9 dans un objectif et repose sur la continuit\u00e9 et non sur un r\u00e9sultat final d\u00e9fini. <\/p>\n<p>Il est important de garder l&rsquo;objectif au premier plan, car cela vous aide \u00e0 rester motiv\u00e9 et vous rappelle ce vers quoi vous travaillez r\u00e9ellement. Si vous r\u00e9digez un rapport au travail, vous pouvez vous retrouver pris dans l&rsquo;absolutisme de savoir que c&rsquo;est la t\u00e2che qui vous est assign\u00e9e et que vous devez l&rsquo;accomplir, ce qui peut vous faire perdre de vue la raison pour laquelle vous travaillez r\u00e9ellement. Si vous gardez \u00e0 l&rsquo;esprit que vous cr\u00e9ez le rapport pour que votre entreprise puisse attirer plus de clients ou am\u00e9liorer ses op\u00e9rations internes, vous vous souvenez que cela pourrait conduire \u00e0 plus d&rsquo;affaires, \u00e0 des distinctions ou m\u00eame \u00e0 une augmentation pour vous. Suivre vos progr\u00e8s est \u00e9galement essentiel pour rester motiv\u00e9 et progresser vers un objectif final, m\u00eame s&rsquo;il n&rsquo;est pas d\u00e9fini de mani\u00e8re aussi rigide qu&rsquo;un objectif SMART. <\/p>\n<p>Encore une fois, vous aurez besoin d\u2019un document d\u00e9crivant tout cela. Pensez-y comme \u00e0 un \u00e9nonc\u00e9 de mission et collez-le dans le SSOT. Ici, cela pourrait ressembler \u00e0 ceci : \u00ab Notre \u00e9quipe compilera le rapport en y consacrant chacun une heure par jour pendant le mois suivant, en saisissant nos heures de travail et nos r\u00e9alisations dans la feuille de calcul ci-jointe et en se r\u00e9unissant tous les vendredis pour discuter des progr\u00e8s. <\/p>\n","protected":false},"excerpt":{"rendered":"<p>Les objectifs SMART sont une pratique courante en entreprise, mais ils peuvent \u00eatre limitants. Les objectifs SMART sont un moyen utile de transformer vos id\u00e9es<\/p>\n","protected":false},"author":1,"featured_media":11323,"comment_status":"","ping_status":"","sticky":false,"template":"","format":"standard","meta":{"footnotes":""},"categories":[43],"tags":[680,6162,14,4396,126,204,123,202,4246,18,110,239,529],"class_list":["post-11322","post","type-post","status-publish","format-standard","has-post-thumbnail","hentry","category-travail","tag-bonne","tag-idee","tag-les","tag-objectifs","tag-pas","tag-place","tag-quand","tag-quoi","tag-smart","tag-sont","tag-une","tag-utiliser","tag-voici","generate-columns","tablet-grid-50","mobile-grid-100","grid-parent","grid-33"],"yoast_head":"<!-- This site is optimized with the Yoast SEO plugin v24.0 - https:\/\/yoast.com\/wordpress\/plugins\/seo\/ -->\n<title>Voici quand les objectifs SMART ne sont pas une bonne id\u00e9e (et quoi utiliser \u00e0 la place) | Vie Associative<\/title>\n<meta name=\"robots\" content=\"index, follow, max-snippet:-1, max-image-preview:large, max-video-preview:-1\" \/>\n<link rel=\"canonical\" href=\"https:\/\/vieassociative.be\/actualites\/voici-quand-les-objectifs-smart-ne-sont-pas-une-bonne-idee-et-quoi-utiliser-a-la-place\/\" \/>\n<meta property=\"og:locale\" content=\"fr_FR\" \/>\n<meta property=\"og:type\" content=\"article\" \/>\n<meta property=\"og:title\" content=\"Voici quand les objectifs SMART ne sont pas une bonne id\u00e9e (et quoi utiliser \u00e0 la place) | Vie Associative\" \/>\n<meta property=\"og:description\" content=\"Les objectifs SMART sont une pratique courante en entreprise, mais ils peuvent \u00eatre limitants. Les objectifs SMART sont un moyen utile de transformer vos id\u00e9es\" \/>\n<meta property=\"og:url\" content=\"https:\/\/vieassociative.be\/actualites\/voici-quand-les-objectifs-smart-ne-sont-pas-une-bonne-idee-et-quoi-utiliser-a-la-place\/\" \/>\n<meta property=\"og:site_name\" content=\"Vie Associative\" \/>\n<meta property=\"article:published_time\" content=\"2025-11-15T06:17:26+00:00\" \/>\n<meta property=\"og:image\" content=\"https:\/\/vieassociative.be\/actualites\/wp-content\/uploads\/2025\/09\/1757726237_608_Meta-pourrait-devoiler-une-montre-intelligente-pour-controler-ses-lunettes.jpg\" \/>\n<meta name=\"author\" content=\"Julien\" \/>\n<meta name=\"twitter:card\" content=\"summary_large_image\" \/>\n<meta name=\"twitter:label1\" content=\"\u00c9crit par\" \/>\n\t<meta name=\"twitter:data1\" content=\"Julien\" \/>\n\t<meta name=\"twitter:label2\" content=\"Dur\u00e9e de lecture est.\" \/>\n\t<meta name=\"twitter:data2\" content=\"7 minutes\" \/>\n<script type=\"application\/ld+json\" class=\"yoast-schema-graph\">{\"@context\":\"https:\/\/schema.org\",\"@graph\":[{\"@type\":\"Article\",\"@id\":\"https:\/\/vieassociative.be\/actualites\/voici-quand-les-objectifs-smart-ne-sont-pas-une-bonne-idee-et-quoi-utiliser-a-la-place\/#article\",\"isPartOf\":{\"@id\":\"https:\/\/vieassociative.be\/actualites\/voici-quand-les-objectifs-smart-ne-sont-pas-une-bonne-idee-et-quoi-utiliser-a-la-place\/\"},\"author\":{\"name\":\"Julien\",\"@id\":\"https:\/\/vieassociative.be\/actualites\/#\/schema\/person\/b87ac4f82f9d4e7b7cec7395b679edc4\"},\"headline\":\"Voici quand les objectifs SMART ne sont pas une bonne id\u00e9e (et quoi utiliser \u00e0 la place)\",\"datePublished\":\"2025-11-15T06:17:26+00:00\",\"dateModified\":\"2025-11-15T06:17:26+00:00\",\"mainEntityOfPage\":{\"@id\":\"https:\/\/vieassociative.be\/actualites\/voici-quand-les-objectifs-smart-ne-sont-pas-une-bonne-idee-et-quoi-utiliser-a-la-place\/\"},\"wordCount\":1423,\"publisher\":{\"@id\":\"https:\/\/vieassociative.be\/actualites\/#organization\"},\"image\":{\"@id\":\"https:\/\/vieassociative.be\/actualites\/voici-quand-les-objectifs-smart-ne-sont-pas-une-bonne-idee-et-quoi-utiliser-a-la-place\/#primaryimage\"},\"thumbnailUrl\":\"https:\/\/vieassociative.be\/actualites\/wp-content\/uploads\/2025\/11\/Voici-quand-les-objectifs-SMART-ne-sont-pas-une-bonne.png\",\"keywords\":[\"bonne\",\"id\u00e9e\",\"Les\",\"objectifs\",\"pas\",\"place\",\"Quand\",\"quoi\",\"Smart\",\"sont\",\"une\",\"utiliser\",\"Voici\"],\"articleSection\":[\"Travail\"],\"inLanguage\":\"fr-BE\"},{\"@type\":\"WebPage\",\"@id\":\"https:\/\/vieassociative.be\/actualites\/voici-quand-les-objectifs-smart-ne-sont-pas-une-bonne-idee-et-quoi-utiliser-a-la-place\/\",\"url\":\"https:\/\/vieassociative.be\/actualites\/voici-quand-les-objectifs-smart-ne-sont-pas-une-bonne-idee-et-quoi-utiliser-a-la-place\/\",\"name\":\"Voici quand les objectifs SMART ne sont pas une bonne id\u00e9e (et quoi utiliser \u00e0 la place) | Vie Associative\",\"isPartOf\":{\"@id\":\"https:\/\/vieassociative.be\/actualites\/#website\"},\"primaryImageOfPage\":{\"@id\":\"https:\/\/vieassociative.be\/actualites\/voici-quand-les-objectifs-smart-ne-sont-pas-une-bonne-idee-et-quoi-utiliser-a-la-place\/#primaryimage\"},\"image\":{\"@id\":\"https:\/\/vieassociative.be\/actualites\/voici-quand-les-objectifs-smart-ne-sont-pas-une-bonne-idee-et-quoi-utiliser-a-la-place\/#primaryimage\"},\"thumbnailUrl\":\"https:\/\/vieassociative.be\/actualites\/wp-content\/uploads\/2025\/11\/Voici-quand-les-objectifs-SMART-ne-sont-pas-une-bonne.png\",\"datePublished\":\"2025-11-15T06:17:26+00:00\",\"dateModified\":\"2025-11-15T06:17:26+00:00\",\"breadcrumb\":{\"@id\":\"https:\/\/vieassociative.be\/actualites\/voici-quand-les-objectifs-smart-ne-sont-pas-une-bonne-idee-et-quoi-utiliser-a-la-place\/#breadcrumb\"},\"inLanguage\":\"fr-BE\",\"potentialAction\":[{\"@type\":\"ReadAction\",\"target\":[\"https:\/\/vieassociative.be\/actualites\/voici-quand-les-objectifs-smart-ne-sont-pas-une-bonne-idee-et-quoi-utiliser-a-la-place\/\"]}]},{\"@type\":\"ImageObject\",\"inLanguage\":\"fr-BE\",\"@id\":\"https:\/\/vieassociative.be\/actualites\/voici-quand-les-objectifs-smart-ne-sont-pas-une-bonne-idee-et-quoi-utiliser-a-la-place\/#primaryimage\",\"url\":\"https:\/\/vieassociative.be\/actualites\/wp-content\/uploads\/2025\/11\/Voici-quand-les-objectifs-SMART-ne-sont-pas-une-bonne.png\",\"contentUrl\":\"https:\/\/vieassociative.be\/actualites\/wp-content\/uploads\/2025\/11\/Voici-quand-les-objectifs-SMART-ne-sont-pas-une-bonne.png\",\"width\":1200,\"height\":675,\"caption\":\"Voici quand les objectifs SMART ne sont pas une bonne id\u00e9e (et quoi utiliser \u00e0 la place)\"},{\"@type\":\"BreadcrumbList\",\"@id\":\"https:\/\/vieassociative.be\/actualites\/voici-quand-les-objectifs-smart-ne-sont-pas-une-bonne-idee-et-quoi-utiliser-a-la-place\/#breadcrumb\",\"itemListElement\":[{\"@type\":\"ListItem\",\"position\":1,\"name\":\"Accueil\",\"item\":\"https:\/\/vieassociative.be\/actualites\/\"},{\"@type\":\"ListItem\",\"position\":2,\"name\":\"Voici quand les objectifs SMART ne sont pas une bonne id\u00e9e (et quoi utiliser \u00e0 la place)\"}]},{\"@type\":\"WebSite\",\"@id\":\"https:\/\/vieassociative.be\/actualites\/#website\",\"url\":\"https:\/\/vieassociative.be\/actualites\/\",\"name\":\"Vie Associative\",\"description\":\"\",\"publisher\":{\"@id\":\"https:\/\/vieassociative.be\/actualites\/#organization\"},\"potentialAction\":[{\"@type\":\"SearchAction\",\"target\":{\"@type\":\"EntryPoint\",\"urlTemplate\":\"https:\/\/vieassociative.be\/actualites\/?s={search_term_string}\"},\"query-input\":{\"@type\":\"PropertyValueSpecification\",\"valueRequired\":true,\"valueName\":\"search_term_string\"}}],\"inLanguage\":\"fr-BE\"},{\"@type\":\"Organization\",\"@id\":\"https:\/\/vieassociative.be\/actualites\/#organization\",\"name\":\"Vie Associative\",\"url\":\"https:\/\/vieassociative.be\/actualites\/\",\"logo\":{\"@type\":\"ImageObject\",\"inLanguage\":\"fr-BE\",\"@id\":\"https:\/\/vieassociative.be\/actualites\/#\/schema\/logo\/image\/\",\"url\":\"https:\/\/vieassociative.be\/actualites\/wp-content\/uploads\/2024\/09\/cropped-vieassociative_favicon.ico.png\",\"contentUrl\":\"https:\/\/vieassociative.be\/actualites\/wp-content\/uploads\/2024\/09\/cropped-vieassociative_favicon.ico.png\",\"width\":512,\"height\":512,\"caption\":\"Vie Associative\"},\"image\":{\"@id\":\"https:\/\/vieassociative.be\/actualites\/#\/schema\/logo\/image\/\"}},{\"@type\":\"Person\",\"@id\":\"https:\/\/vieassociative.be\/actualites\/#\/schema\/person\/b87ac4f82f9d4e7b7cec7395b679edc4\",\"name\":\"Julien\",\"image\":{\"@type\":\"ImageObject\",\"inLanguage\":\"fr-BE\",\"@id\":\"https:\/\/vieassociative.be\/actualites\/#\/schema\/person\/image\/\",\"url\":\"https:\/\/vieassociative.be\/actualites\/wp-content\/uploads\/2024\/09\/vie-associative-1-150x150.jpg\",\"contentUrl\":\"https:\/\/vieassociative.be\/actualites\/wp-content\/uploads\/2024\/09\/vie-associative-1-150x150.jpg\",\"caption\":\"Julien\"},\"description\":\"Je suis Julien, r\u00e9dacteur pour Vie Associative. Passionn\u00e9 par le monde associatif depuis plus de 10 ans, j'ai \u00e0 c\u0153ur de partager des histoires inspirantes et de mettre en lumi\u00e8re les initiatives locales. Mon objectif est de sensibiliser et d'encourager l'engagement communautaire \u00e0 travers mes articles.\",\"sameAs\":[\"https:\/\/vieassociative.be\/\"]}]}<\/script>\n<!-- \/ Yoast SEO plugin. -->","yoast_head_json":{"title":"Voici quand les objectifs SMART ne sont pas une bonne id\u00e9e (et quoi utiliser \u00e0 la place) | Vie Associative","robots":{"index":"index","follow":"follow","max-snippet":"max-snippet:-1","max-image-preview":"max-image-preview:large","max-video-preview":"max-video-preview:-1"},"canonical":"https:\/\/vieassociative.be\/actualites\/voici-quand-les-objectifs-smart-ne-sont-pas-une-bonne-idee-et-quoi-utiliser-a-la-place\/","og_locale":"fr_FR","og_type":"article","og_title":"Voici quand les objectifs SMART ne sont pas une bonne id\u00e9e (et quoi utiliser \u00e0 la place) | Vie Associative","og_description":"Les objectifs SMART sont une pratique courante en entreprise, mais ils peuvent \u00eatre limitants. Les objectifs SMART sont un moyen utile de transformer vos id\u00e9es","og_url":"https:\/\/vieassociative.be\/actualites\/voici-quand-les-objectifs-smart-ne-sont-pas-une-bonne-idee-et-quoi-utiliser-a-la-place\/","og_site_name":"Vie Associative","article_published_time":"2025-11-15T06:17:26+00:00","og_image":[{"url":"https:\/\/vieassociative.be\/actualites\/wp-content\/uploads\/2025\/09\/1757726237_608_Meta-pourrait-devoiler-une-montre-intelligente-pour-controler-ses-lunettes.jpg","type":"","width":"","height":""}],"author":"Julien","twitter_card":"summary_large_image","twitter_misc":{"\u00c9crit par":"Julien","Dur\u00e9e de lecture est.":"7 minutes"},"schema":{"@context":"https:\/\/schema.org","@graph":[{"@type":"Article","@id":"https:\/\/vieassociative.be\/actualites\/voici-quand-les-objectifs-smart-ne-sont-pas-une-bonne-idee-et-quoi-utiliser-a-la-place\/#article","isPartOf":{"@id":"https:\/\/vieassociative.be\/actualites\/voici-quand-les-objectifs-smart-ne-sont-pas-une-bonne-idee-et-quoi-utiliser-a-la-place\/"},"author":{"name":"Julien","@id":"https:\/\/vieassociative.be\/actualites\/#\/schema\/person\/b87ac4f82f9d4e7b7cec7395b679edc4"},"headline":"Voici quand les objectifs SMART ne sont pas une bonne id\u00e9e (et quoi utiliser \u00e0 la place)","datePublished":"2025-11-15T06:17:26+00:00","dateModified":"2025-11-15T06:17:26+00:00","mainEntityOfPage":{"@id":"https:\/\/vieassociative.be\/actualites\/voici-quand-les-objectifs-smart-ne-sont-pas-une-bonne-idee-et-quoi-utiliser-a-la-place\/"},"wordCount":1423,"publisher":{"@id":"https:\/\/vieassociative.be\/actualites\/#organization"},"image":{"@id":"https:\/\/vieassociative.be\/actualites\/voici-quand-les-objectifs-smart-ne-sont-pas-une-bonne-idee-et-quoi-utiliser-a-la-place\/#primaryimage"},"thumbnailUrl":"https:\/\/vieassociative.be\/actualites\/wp-content\/uploads\/2025\/11\/Voici-quand-les-objectifs-SMART-ne-sont-pas-une-bonne.png","keywords":["bonne","id\u00e9e","Les","objectifs","pas","place","Quand","quoi","Smart","sont","une","utiliser","Voici"],"articleSection":["Travail"],"inLanguage":"fr-BE"},{"@type":"WebPage","@id":"https:\/\/vieassociative.be\/actualites\/voici-quand-les-objectifs-smart-ne-sont-pas-une-bonne-idee-et-quoi-utiliser-a-la-place\/","url":"https:\/\/vieassociative.be\/actualites\/voici-quand-les-objectifs-smart-ne-sont-pas-une-bonne-idee-et-quoi-utiliser-a-la-place\/","name":"Voici quand les objectifs SMART ne sont pas une bonne id\u00e9e (et quoi utiliser \u00e0 la place) | Vie Associative","isPartOf":{"@id":"https:\/\/vieassociative.be\/actualites\/#website"},"primaryImageOfPage":{"@id":"https:\/\/vieassociative.be\/actualites\/voici-quand-les-objectifs-smart-ne-sont-pas-une-bonne-idee-et-quoi-utiliser-a-la-place\/#primaryimage"},"image":{"@id":"https:\/\/vieassociative.be\/actualites\/voici-quand-les-objectifs-smart-ne-sont-pas-une-bonne-idee-et-quoi-utiliser-a-la-place\/#primaryimage"},"thumbnailUrl":"https:\/\/vieassociative.be\/actualites\/wp-content\/uploads\/2025\/11\/Voici-quand-les-objectifs-SMART-ne-sont-pas-une-bonne.png","datePublished":"2025-11-15T06:17:26+00:00","dateModified":"2025-11-15T06:17:26+00:00","breadcrumb":{"@id":"https:\/\/vieassociative.be\/actualites\/voici-quand-les-objectifs-smart-ne-sont-pas-une-bonne-idee-et-quoi-utiliser-a-la-place\/#breadcrumb"},"inLanguage":"fr-BE","potentialAction":[{"@type":"ReadAction","target":["https:\/\/vieassociative.be\/actualites\/voici-quand-les-objectifs-smart-ne-sont-pas-une-bonne-idee-et-quoi-utiliser-a-la-place\/"]}]},{"@type":"ImageObject","inLanguage":"fr-BE","@id":"https:\/\/vieassociative.be\/actualites\/voici-quand-les-objectifs-smart-ne-sont-pas-une-bonne-idee-et-quoi-utiliser-a-la-place\/#primaryimage","url":"https:\/\/vieassociative.be\/actualites\/wp-content\/uploads\/2025\/11\/Voici-quand-les-objectifs-SMART-ne-sont-pas-une-bonne.png","contentUrl":"https:\/\/vieassociative.be\/actualites\/wp-content\/uploads\/2025\/11\/Voici-quand-les-objectifs-SMART-ne-sont-pas-une-bonne.png","width":1200,"height":675,"caption":"Voici quand les objectifs SMART ne sont pas une bonne id\u00e9e (et quoi utiliser \u00e0 la place)"},{"@type":"BreadcrumbList","@id":"https:\/\/vieassociative.be\/actualites\/voici-quand-les-objectifs-smart-ne-sont-pas-une-bonne-idee-et-quoi-utiliser-a-la-place\/#breadcrumb","itemListElement":[{"@type":"ListItem","position":1,"name":"Accueil","item":"https:\/\/vieassociative.be\/actualites\/"},{"@type":"ListItem","position":2,"name":"Voici quand les objectifs SMART ne sont pas une bonne id\u00e9e (et quoi utiliser \u00e0 la place)"}]},{"@type":"WebSite","@id":"https:\/\/vieassociative.be\/actualites\/#website","url":"https:\/\/vieassociative.be\/actualites\/","name":"Vie Associative","description":"","publisher":{"@id":"https:\/\/vieassociative.be\/actualites\/#organization"},"potentialAction":[{"@type":"SearchAction","target":{"@type":"EntryPoint","urlTemplate":"https:\/\/vieassociative.be\/actualites\/?s={search_term_string}"},"query-input":{"@type":"PropertyValueSpecification","valueRequired":true,"valueName":"search_term_string"}}],"inLanguage":"fr-BE"},{"@type":"Organization","@id":"https:\/\/vieassociative.be\/actualites\/#organization","name":"Vie Associative","url":"https:\/\/vieassociative.be\/actualites\/","logo":{"@type":"ImageObject","inLanguage":"fr-BE","@id":"https:\/\/vieassociative.be\/actualites\/#\/schema\/logo\/image\/","url":"https:\/\/vieassociative.be\/actualites\/wp-content\/uploads\/2024\/09\/cropped-vieassociative_favicon.ico.png","contentUrl":"https:\/\/vieassociative.be\/actualites\/wp-content\/uploads\/2024\/09\/cropped-vieassociative_favicon.ico.png","width":512,"height":512,"caption":"Vie Associative"},"image":{"@id":"https:\/\/vieassociative.be\/actualites\/#\/schema\/logo\/image\/"}},{"@type":"Person","@id":"https:\/\/vieassociative.be\/actualites\/#\/schema\/person\/b87ac4f82f9d4e7b7cec7395b679edc4","name":"Julien","image":{"@type":"ImageObject","inLanguage":"fr-BE","@id":"https:\/\/vieassociative.be\/actualites\/#\/schema\/person\/image\/","url":"https:\/\/vieassociative.be\/actualites\/wp-content\/uploads\/2024\/09\/vie-associative-1-150x150.jpg","contentUrl":"https:\/\/vieassociative.be\/actualites\/wp-content\/uploads\/2024\/09\/vie-associative-1-150x150.jpg","caption":"Julien"},"description":"Je suis Julien, r\u00e9dacteur pour Vie Associative. Passionn\u00e9 par le monde associatif depuis plus de 10 ans, j'ai \u00e0 c\u0153ur de partager des histoires inspirantes et de mettre en lumi\u00e8re les initiatives locales. Mon objectif est de sensibiliser et d'encourager l'engagement communautaire \u00e0 travers mes articles.","sameAs":["https:\/\/vieassociative.be\/"]}]}},"_links":{"self":[{"href":"https:\/\/vieassociative.be\/actualites\/wp-json\/wp\/v2\/posts\/11322"}],"collection":[{"href":"https:\/\/vieassociative.be\/actualites\/wp-json\/wp\/v2\/posts"}],"about":[{"href":"https:\/\/vieassociative.be\/actualites\/wp-json\/wp\/v2\/types\/post"}],"author":[{"embeddable":true,"href":"https:\/\/vieassociative.be\/actualites\/wp-json\/wp\/v2\/users\/1"}],"replies":[{"embeddable":true,"href":"https:\/\/vieassociative.be\/actualites\/wp-json\/wp\/v2\/comments?post=11322"}],"version-history":[{"count":0,"href":"https:\/\/vieassociative.be\/actualites\/wp-json\/wp\/v2\/posts\/11322\/revisions"}],"wp:featuredmedia":[{"embeddable":true,"href":"https:\/\/vieassociative.be\/actualites\/wp-json\/wp\/v2\/media\/11323"}],"wp:attachment":[{"href":"https:\/\/vieassociative.be\/actualites\/wp-json\/wp\/v2\/media?parent=11322"}],"wp:term":[{"taxonomy":"category","embeddable":true,"href":"https:\/\/vieassociative.be\/actualites\/wp-json\/wp\/v2\/categories?post=11322"},{"taxonomy":"post_tag","embeddable":true,"href":"https:\/\/vieassociative.be\/actualites\/wp-json\/wp\/v2\/tags?post=11322"}],"curies":[{"name":"wp","href":"https:\/\/api.w.org\/{rel}","templated":true}]}}