{"id":11318,"date":"2025-11-15T03:18:03","date_gmt":"2025-11-15T02:18:03","guid":{"rendered":"https:\/\/vieassociative.be\/actualites\/le-chio-daix-la-chapelle-sagrandit-encore\/"},"modified":"2025-11-15T03:18:03","modified_gmt":"2025-11-15T02:18:03","slug":"le-chio-daix-la-chapelle-sagrandit-encore","status":"publish","type":"post","link":"https:\/\/vieassociative.be\/actualites\/le-chio-daix-la-chapelle-sagrandit-encore\/","title":{"rendered":"Le CHIO d&rsquo;Aix-la-Chapelle s&rsquo;agrandit encore"},"content":{"rendered":"<p><strong>Le plus grand tournoi \u00e9questre au monde prend encore plus d&rsquo;ampleur. Le CHIO d&rsquo;Aix-la-Chapelle sera \u00e9largi au para-riding et comprendra de nouveaux travaux de construction dans l&rsquo;Allianz Park. <\/strong><\/p>\n<p><span id=\"more-429653\"><\/span>Le para-dressage fera partie du CHIO dans deux ans. Les nouveaux b\u00e2timents pr\u00e9vus comprennent un man\u00e8ge et un stade para et jeunesse, comme cela a \u00e9t\u00e9 annonc\u00e9 lors de la pr\u00e9sentation. Ils font partie du parc o\u00f9 se d\u00e9rouleront \u00e0 partir de 2007 les comp\u00e9titions de dressage, de voltige, d&rsquo;attelage et, \u00e0 l&rsquo;avenir, de para. Le stade principal d&rsquo;environ 40 000 places ne fait pas partie de l&rsquo;Allianz Park.<\/p>\n<p>Il s&rsquo;agit du deuxi\u00e8me investissement le plus important apr\u00e8s les agrandissements li\u00e9s \u00e0 la Coupe du monde 2006 \u00e0 Aix-la-Chapelle. \u00c0 cette \u00e9poque, entre autres choses, un syst\u00e8me de projecteurs pour le stade principal agrandi, de nouvelles \u00e9curies et un nouveau stade de dressage ont \u00e9t\u00e9 construits.<\/p>\n<p>Le tournoi du Aachen Soers s&rsquo;appelle CHIO car il propose des Coupes des Nations dans plusieurs disciplines. Les Coupes des Nations sont des comp\u00e9titions pour \u00e9quipes nationales et sont donc \u00e9galement appel\u00e9es jeux \u00e9questres internationaux. Il n&rsquo;y aura pas de CHIO l&rsquo;ann\u00e9e prochaine puisque les Championnats du monde dans plusieurs disciplines auront lieu \u00e0 Aix-la-Chapelle. (dpa)<\/p>\n","protected":false},"excerpt":{"rendered":"<p>Le plus grand tournoi \u00e9questre au monde prend encore plus d&rsquo;ampleur. Le CHIO d&rsquo;Aix-la-Chapelle sera \u00e9largi au para-riding et comprendra de nouveaux travaux de construction<\/p>\n","protected":false},"author":1,"featured_media":11319,"comment_status":"","ping_status":"","sticky":false,"template":"","format":"standard","meta":{"footnotes":""},"categories":[298],"tags":[9248,2742,592,9249],"class_list":["post-11318","post","type-post","status-publish","format-standard","has-post-thumbnail","hentry","category-belgique","tag-chio","tag-daixlachapelle","tag-encore","tag-sagrandit","generate-columns","tablet-grid-50","mobile-grid-100","grid-parent","grid-33"],"yoast_head":"<!-- This site is optimized with the Yoast SEO plugin v24.0 - https:\/\/yoast.com\/wordpress\/plugins\/seo\/ -->\n<title>Le CHIO d&#039;Aix-la-Chapelle s&#039;agrandit encore | Vie Associative<\/title>\n<meta name=\"robots\" content=\"index, follow, max-snippet:-1, max-image-preview:large, max-video-preview:-1\" \/>\n<link rel=\"canonical\" href=\"https:\/\/vieassociative.be\/actualites\/le-chio-daix-la-chapelle-sagrandit-encore\/\" \/>\n<meta property=\"og:locale\" content=\"fr_FR\" \/>\n<meta property=\"og:type\" content=\"article\" \/>\n<meta property=\"og:title\" content=\"Le CHIO d&#039;Aix-la-Chapelle s&#039;agrandit encore | Vie Associative\" \/>\n<meta property=\"og:description\" content=\"Le plus grand tournoi \u00e9questre au monde prend encore plus d&rsquo;ampleur. Le CHIO d&rsquo;Aix-la-Chapelle sera \u00e9largi au para-riding et comprendra de nouveaux travaux de construction\" \/>\n<meta property=\"og:url\" content=\"https:\/\/vieassociative.be\/actualites\/le-chio-daix-la-chapelle-sagrandit-encore\/\" \/>\n<meta property=\"og:site_name\" content=\"Vie Associative\" \/>\n<meta property=\"article:published_time\" content=\"2025-11-15T02:18:03+00:00\" \/>\n<meta property=\"og:image\" content=\"https:\/\/vieassociative.be\/actualites\/wp-content\/uploads\/2024\/09\/header_backgroundk-01-e1726694325946.png\" \/>\n\t<meta property=\"og:image:width\" content=\"279\" \/>\n\t<meta property=\"og:image:height\" content=\"92\" \/>\n\t<meta property=\"og:image:type\" content=\"image\/png\" \/>\n<meta name=\"author\" content=\"Julien\" \/>\n<meta name=\"twitter:card\" content=\"summary_large_image\" \/>\n<meta name=\"twitter:label1\" content=\"\u00c9crit par\" \/>\n\t<meta name=\"twitter:data1\" content=\"Julien\" \/>\n\t<meta name=\"twitter:label2\" content=\"Dur\u00e9e de lecture est.\" \/>\n\t<meta name=\"twitter:data2\" content=\"1 minute\" \/>\n<script type=\"application\/ld+json\" class=\"yoast-schema-graph\">{\"@context\":\"https:\/\/schema.org\",\"@graph\":[{\"@type\":\"Article\",\"@id\":\"https:\/\/vieassociative.be\/actualites\/le-chio-daix-la-chapelle-sagrandit-encore\/#article\",\"isPartOf\":{\"@id\":\"https:\/\/vieassociative.be\/actualites\/le-chio-daix-la-chapelle-sagrandit-encore\/\"},\"author\":{\"name\":\"Julien\",\"@id\":\"https:\/\/vieassociative.be\/actualites\/#\/schema\/person\/b87ac4f82f9d4e7b7cec7395b679edc4\"},\"headline\":\"Le CHIO d&rsquo;Aix-la-Chapelle s&rsquo;agrandit encore\",\"datePublished\":\"2025-11-15T02:18:03+00:00\",\"dateModified\":\"2025-11-15T02:18:03+00:00\",\"mainEntityOfPage\":{\"@id\":\"https:\/\/vieassociative.be\/actualites\/le-chio-daix-la-chapelle-sagrandit-encore\/\"},\"wordCount\":221,\"publisher\":{\"@id\":\"https:\/\/vieassociative.be\/actualites\/#organization\"},\"image\":{\"@id\":\"https:\/\/vieassociative.be\/actualites\/le-chio-daix-la-chapelle-sagrandit-encore\/#primaryimage\"},\"thumbnailUrl\":\"https:\/\/vieassociative.be\/actualites\/wp-content\/uploads\/2025\/11\/Le-CHIO-dAix-la-Chapelle-sagrandit-encore.jpg\",\"keywords\":[\"CHIO\",\"dAixlaChapelle\",\"encore\",\"sagrandit\"],\"articleSection\":[\"Belgique\"],\"inLanguage\":\"fr-BE\"},{\"@type\":\"WebPage\",\"@id\":\"https:\/\/vieassociative.be\/actualites\/le-chio-daix-la-chapelle-sagrandit-encore\/\",\"url\":\"https:\/\/vieassociative.be\/actualites\/le-chio-daix-la-chapelle-sagrandit-encore\/\",\"name\":\"Le CHIO d'Aix-la-Chapelle s'agrandit encore | Vie Associative\",\"isPartOf\":{\"@id\":\"https:\/\/vieassociative.be\/actualites\/#website\"},\"primaryImageOfPage\":{\"@id\":\"https:\/\/vieassociative.be\/actualites\/le-chio-daix-la-chapelle-sagrandit-encore\/#primaryimage\"},\"image\":{\"@id\":\"https:\/\/vieassociative.be\/actualites\/le-chio-daix-la-chapelle-sagrandit-encore\/#primaryimage\"},\"thumbnailUrl\":\"https:\/\/vieassociative.be\/actualites\/wp-content\/uploads\/2025\/11\/Le-CHIO-dAix-la-Chapelle-sagrandit-encore.jpg\",\"datePublished\":\"2025-11-15T02:18:03+00:00\",\"dateModified\":\"2025-11-15T02:18:03+00:00\",\"breadcrumb\":{\"@id\":\"https:\/\/vieassociative.be\/actualites\/le-chio-daix-la-chapelle-sagrandit-encore\/#breadcrumb\"},\"inLanguage\":\"fr-BE\",\"potentialAction\":[{\"@type\":\"ReadAction\",\"target\":[\"https:\/\/vieassociative.be\/actualites\/le-chio-daix-la-chapelle-sagrandit-encore\/\"]}]},{\"@type\":\"ImageObject\",\"inLanguage\":\"fr-BE\",\"@id\":\"https:\/\/vieassociative.be\/actualites\/le-chio-daix-la-chapelle-sagrandit-encore\/#primaryimage\",\"url\":\"https:\/\/vieassociative.be\/actualites\/wp-content\/uploads\/2025\/11\/Le-CHIO-dAix-la-Chapelle-sagrandit-encore.jpg\",\"contentUrl\":\"https:\/\/vieassociative.be\/actualites\/wp-content\/uploads\/2025\/11\/Le-CHIO-dAix-la-Chapelle-sagrandit-encore.jpg\",\"width\":1200,\"height\":800,\"caption\":\"Le CHIO d'Aix-la-Chapelle s'agrandit encore\"},{\"@type\":\"BreadcrumbList\",\"@id\":\"https:\/\/vieassociative.be\/actualites\/le-chio-daix-la-chapelle-sagrandit-encore\/#breadcrumb\",\"itemListElement\":[{\"@type\":\"ListItem\",\"position\":1,\"name\":\"Accueil\",\"item\":\"https:\/\/vieassociative.be\/actualites\/\"},{\"@type\":\"ListItem\",\"position\":2,\"name\":\"Le CHIO d&rsquo;Aix-la-Chapelle s&rsquo;agrandit encore\"}]},{\"@type\":\"WebSite\",\"@id\":\"https:\/\/vieassociative.be\/actualites\/#website\",\"url\":\"https:\/\/vieassociative.be\/actualites\/\",\"name\":\"Vie Associative\",\"description\":\"\",\"publisher\":{\"@id\":\"https:\/\/vieassociative.be\/actualites\/#organization\"},\"potentialAction\":[{\"@type\":\"SearchAction\",\"target\":{\"@type\":\"EntryPoint\",\"urlTemplate\":\"https:\/\/vieassociative.be\/actualites\/?s={search_term_string}\"},\"query-input\":{\"@type\":\"PropertyValueSpecification\",\"valueRequired\":true,\"valueName\":\"search_term_string\"}}],\"inLanguage\":\"fr-BE\"},{\"@type\":\"Organization\",\"@id\":\"https:\/\/vieassociative.be\/actualites\/#organization\",\"name\":\"Vie Associative\",\"url\":\"https:\/\/vieassociative.be\/actualites\/\",\"logo\":{\"@type\":\"ImageObject\",\"inLanguage\":\"fr-BE\",\"@id\":\"https:\/\/vieassociative.be\/actualites\/#\/schema\/logo\/image\/\",\"url\":\"https:\/\/vieassociative.be\/actualites\/wp-content\/uploads\/2024\/09\/cropped-vieassociative_favicon.ico.png\",\"contentUrl\":\"https:\/\/vieassociative.be\/actualites\/wp-content\/uploads\/2024\/09\/cropped-vieassociative_favicon.ico.png\",\"width\":512,\"height\":512,\"caption\":\"Vie Associative\"},\"image\":{\"@id\":\"https:\/\/vieassociative.be\/actualites\/#\/schema\/logo\/image\/\"}},{\"@type\":\"Person\",\"@id\":\"https:\/\/vieassociative.be\/actualites\/#\/schema\/person\/b87ac4f82f9d4e7b7cec7395b679edc4\",\"name\":\"Julien\",\"image\":{\"@type\":\"ImageObject\",\"inLanguage\":\"fr-BE\",\"@id\":\"https:\/\/vieassociative.be\/actualites\/#\/schema\/person\/image\/\",\"url\":\"https:\/\/vieassociative.be\/actualites\/wp-content\/uploads\/2024\/09\/vie-associative-1-150x150.jpg\",\"contentUrl\":\"https:\/\/vieassociative.be\/actualites\/wp-content\/uploads\/2024\/09\/vie-associative-1-150x150.jpg\",\"caption\":\"Julien\"},\"description\":\"Je suis Julien, r\u00e9dacteur pour Vie Associative. Passionn\u00e9 par le monde associatif depuis plus de 10 ans, j'ai \u00e0 c\u0153ur de partager des histoires inspirantes et de mettre en lumi\u00e8re les initiatives locales. Mon objectif est de sensibiliser et d'encourager l'engagement communautaire \u00e0 travers mes articles.\",\"sameAs\":[\"https:\/\/vieassociative.be\/\"]}]}<\/script>\n<!-- \/ Yoast SEO plugin. -->","yoast_head_json":{"title":"Le CHIO d'Aix-la-Chapelle s'agrandit encore | Vie Associative","robots":{"index":"index","follow":"follow","max-snippet":"max-snippet:-1","max-image-preview":"max-image-preview:large","max-video-preview":"max-video-preview:-1"},"canonical":"https:\/\/vieassociative.be\/actualites\/le-chio-daix-la-chapelle-sagrandit-encore\/","og_locale":"fr_FR","og_type":"article","og_title":"Le CHIO d'Aix-la-Chapelle s'agrandit encore | Vie Associative","og_description":"Le plus grand tournoi \u00e9questre au monde prend encore plus d&rsquo;ampleur. Le CHIO d&rsquo;Aix-la-Chapelle sera \u00e9largi au para-riding et comprendra de nouveaux travaux de construction","og_url":"https:\/\/vieassociative.be\/actualites\/le-chio-daix-la-chapelle-sagrandit-encore\/","og_site_name":"Vie Associative","article_published_time":"2025-11-15T02:18:03+00:00","og_image":[{"width":279,"height":92,"url":"https:\/\/vieassociative.be\/actualites\/wp-content\/uploads\/2024\/09\/header_backgroundk-01-e1726694325946.png","type":"image\/png"}],"author":"Julien","twitter_card":"summary_large_image","twitter_misc":{"\u00c9crit par":"Julien","Dur\u00e9e de lecture est.":"1 minute"},"schema":{"@context":"https:\/\/schema.org","@graph":[{"@type":"Article","@id":"https:\/\/vieassociative.be\/actualites\/le-chio-daix-la-chapelle-sagrandit-encore\/#article","isPartOf":{"@id":"https:\/\/vieassociative.be\/actualites\/le-chio-daix-la-chapelle-sagrandit-encore\/"},"author":{"name":"Julien","@id":"https:\/\/vieassociative.be\/actualites\/#\/schema\/person\/b87ac4f82f9d4e7b7cec7395b679edc4"},"headline":"Le CHIO d&rsquo;Aix-la-Chapelle s&rsquo;agrandit encore","datePublished":"2025-11-15T02:18:03+00:00","dateModified":"2025-11-15T02:18:03+00:00","mainEntityOfPage":{"@id":"https:\/\/vieassociative.be\/actualites\/le-chio-daix-la-chapelle-sagrandit-encore\/"},"wordCount":221,"publisher":{"@id":"https:\/\/vieassociative.be\/actualites\/#organization"},"image":{"@id":"https:\/\/vieassociative.be\/actualites\/le-chio-daix-la-chapelle-sagrandit-encore\/#primaryimage"},"thumbnailUrl":"https:\/\/vieassociative.be\/actualites\/wp-content\/uploads\/2025\/11\/Le-CHIO-dAix-la-Chapelle-sagrandit-encore.jpg","keywords":["CHIO","dAixlaChapelle","encore","sagrandit"],"articleSection":["Belgique"],"inLanguage":"fr-BE"},{"@type":"WebPage","@id":"https:\/\/vieassociative.be\/actualites\/le-chio-daix-la-chapelle-sagrandit-encore\/","url":"https:\/\/vieassociative.be\/actualites\/le-chio-daix-la-chapelle-sagrandit-encore\/","name":"Le CHIO d'Aix-la-Chapelle s'agrandit encore | Vie Associative","isPartOf":{"@id":"https:\/\/vieassociative.be\/actualites\/#website"},"primaryImageOfPage":{"@id":"https:\/\/vieassociative.be\/actualites\/le-chio-daix-la-chapelle-sagrandit-encore\/#primaryimage"},"image":{"@id":"https:\/\/vieassociative.be\/actualites\/le-chio-daix-la-chapelle-sagrandit-encore\/#primaryimage"},"thumbnailUrl":"https:\/\/vieassociative.be\/actualites\/wp-content\/uploads\/2025\/11\/Le-CHIO-dAix-la-Chapelle-sagrandit-encore.jpg","datePublished":"2025-11-15T02:18:03+00:00","dateModified":"2025-11-15T02:18:03+00:00","breadcrumb":{"@id":"https:\/\/vieassociative.be\/actualites\/le-chio-daix-la-chapelle-sagrandit-encore\/#breadcrumb"},"inLanguage":"fr-BE","potentialAction":[{"@type":"ReadAction","target":["https:\/\/vieassociative.be\/actualites\/le-chio-daix-la-chapelle-sagrandit-encore\/"]}]},{"@type":"ImageObject","inLanguage":"fr-BE","@id":"https:\/\/vieassociative.be\/actualites\/le-chio-daix-la-chapelle-sagrandit-encore\/#primaryimage","url":"https:\/\/vieassociative.be\/actualites\/wp-content\/uploads\/2025\/11\/Le-CHIO-dAix-la-Chapelle-sagrandit-encore.jpg","contentUrl":"https:\/\/vieassociative.be\/actualites\/wp-content\/uploads\/2025\/11\/Le-CHIO-dAix-la-Chapelle-sagrandit-encore.jpg","width":1200,"height":800,"caption":"Le CHIO d'Aix-la-Chapelle s'agrandit encore"},{"@type":"BreadcrumbList","@id":"https:\/\/vieassociative.be\/actualites\/le-chio-daix-la-chapelle-sagrandit-encore\/#breadcrumb","itemListElement":[{"@type":"ListItem","position":1,"name":"Accueil","item":"https:\/\/vieassociative.be\/actualites\/"},{"@type":"ListItem","position":2,"name":"Le CHIO d&rsquo;Aix-la-Chapelle s&rsquo;agrandit encore"}]},{"@type":"WebSite","@id":"https:\/\/vieassociative.be\/actualites\/#website","url":"https:\/\/vieassociative.be\/actualites\/","name":"Vie Associative","description":"","publisher":{"@id":"https:\/\/vieassociative.be\/actualites\/#organization"},"potentialAction":[{"@type":"SearchAction","target":{"@type":"EntryPoint","urlTemplate":"https:\/\/vieassociative.be\/actualites\/?s={search_term_string}"},"query-input":{"@type":"PropertyValueSpecification","valueRequired":true,"valueName":"search_term_string"}}],"inLanguage":"fr-BE"},{"@type":"Organization","@id":"https:\/\/vieassociative.be\/actualites\/#organization","name":"Vie Associative","url":"https:\/\/vieassociative.be\/actualites\/","logo":{"@type":"ImageObject","inLanguage":"fr-BE","@id":"https:\/\/vieassociative.be\/actualites\/#\/schema\/logo\/image\/","url":"https:\/\/vieassociative.be\/actualites\/wp-content\/uploads\/2024\/09\/cropped-vieassociative_favicon.ico.png","contentUrl":"https:\/\/vieassociative.be\/actualites\/wp-content\/uploads\/2024\/09\/cropped-vieassociative_favicon.ico.png","width":512,"height":512,"caption":"Vie Associative"},"image":{"@id":"https:\/\/vieassociative.be\/actualites\/#\/schema\/logo\/image\/"}},{"@type":"Person","@id":"https:\/\/vieassociative.be\/actualites\/#\/schema\/person\/b87ac4f82f9d4e7b7cec7395b679edc4","name":"Julien","image":{"@type":"ImageObject","inLanguage":"fr-BE","@id":"https:\/\/vieassociative.be\/actualites\/#\/schema\/person\/image\/","url":"https:\/\/vieassociative.be\/actualites\/wp-content\/uploads\/2024\/09\/vie-associative-1-150x150.jpg","contentUrl":"https:\/\/vieassociative.be\/actualites\/wp-content\/uploads\/2024\/09\/vie-associative-1-150x150.jpg","caption":"Julien"},"description":"Je suis Julien, r\u00e9dacteur pour Vie Associative. Passionn\u00e9 par le monde associatif depuis plus de 10 ans, j'ai \u00e0 c\u0153ur de partager des histoires inspirantes et de mettre en lumi\u00e8re les initiatives locales. Mon objectif est de sensibiliser et d'encourager l'engagement communautaire \u00e0 travers mes articles.","sameAs":["https:\/\/vieassociative.be\/"]}]}},"_links":{"self":[{"href":"https:\/\/vieassociative.be\/actualites\/wp-json\/wp\/v2\/posts\/11318"}],"collection":[{"href":"https:\/\/vieassociative.be\/actualites\/wp-json\/wp\/v2\/posts"}],"about":[{"href":"https:\/\/vieassociative.be\/actualites\/wp-json\/wp\/v2\/types\/post"}],"author":[{"embeddable":true,"href":"https:\/\/vieassociative.be\/actualites\/wp-json\/wp\/v2\/users\/1"}],"replies":[{"embeddable":true,"href":"https:\/\/vieassociative.be\/actualites\/wp-json\/wp\/v2\/comments?post=11318"}],"version-history":[{"count":0,"href":"https:\/\/vieassociative.be\/actualites\/wp-json\/wp\/v2\/posts\/11318\/revisions"}],"wp:featuredmedia":[{"embeddable":true,"href":"https:\/\/vieassociative.be\/actualites\/wp-json\/wp\/v2\/media\/11319"}],"wp:attachment":[{"href":"https:\/\/vieassociative.be\/actualites\/wp-json\/wp\/v2\/media?parent=11318"}],"wp:term":[{"taxonomy":"category","embeddable":true,"href":"https:\/\/vieassociative.be\/actualites\/wp-json\/wp\/v2\/categories?post=11318"},{"taxonomy":"post_tag","embeddable":true,"href":"https:\/\/vieassociative.be\/actualites\/wp-json\/wp\/v2\/tags?post=11318"}],"curies":[{"name":"wp","href":"https:\/\/api.w.org\/{rel}","templated":true}]}}