{"id":11314,"date":"2025-11-14T21:18:57","date_gmt":"2025-11-14T20:18:57","guid":{"rendered":"https:\/\/vieassociative.be\/actualites\/un-homme-sans-domicile-raye-une-vingtaine-de-vehicules-a-eupen\/"},"modified":"2025-11-14T21:18:57","modified_gmt":"2025-11-14T20:18:57","slug":"un-homme-sans-domicile-raye-une-vingtaine-de-vehicules-a-eupen","status":"publish","type":"post","link":"https:\/\/vieassociative.be\/actualites\/un-homme-sans-domicile-raye-une-vingtaine-de-vehicules-a-eupen\/","title":{"rendered":"Un homme sans domicile raye une vingtaine de v\u00e9hicules \u00e0 Eupen"},"content":{"rendered":"<p><strong>Le jeudi 13 novembre, une vingtaine de dommages aux v\u00e9hicules sous forme d&rsquo;\u00e9raflures ont \u00e9t\u00e9 signal\u00e9s \u00e0 la zone de police de Weser-G\u00f6hl.<\/strong><\/p>\n<p><span id=\"more-429662\"><\/span>Aux petites heures du matin du 13 novembre. Les voitures en question ont \u00e9t\u00e9 endommag\u00e9es dans le quartier de l&rsquo;Aachener Stra\u00dfe, de la Bahnhofstra\u00dfe et de la Bahnhofsgasse \u00e0 Eupen.<\/p>\n<p>Gr\u00e2ce aux mesures d&rsquo;enqu\u00eate prises en temps opportun par la zone de police de Weser-G\u00f6hl, le suspect a \u00e9t\u00e9 identifi\u00e9 gr\u00e2ce aux images de la cam\u00e9ra et a \u00e9t\u00e9 appr\u00e9hend\u00e9 dans l&rsquo;apr\u00e8s-midi dans le cadre d&rsquo;une chasse \u00e0 l&rsquo;homme.<\/p>\n<p>La police judiciaire locale a \u00e9t\u00e9 charg\u00e9e de poursuivre le traitement du dossier. Apr\u00e8s interrogatoire et v\u00e9rification du fondement l\u00e9gal, le suspect a \u00e9t\u00e9 rel\u00e2ch\u00e9. \u00c9tant donn\u00e9 que l&rsquo;homme, bien connu de la police, n&rsquo;a plus de domicile, l&rsquo;\u00d6SHZ a trouv\u00e9 des possibilit\u00e9s de logement.<\/p>\n<p>Si quelqu&rsquo;un constate des dommages similaires ou autres sur son v\u00e9hicule, il doit le signaler \u00e0 l&rsquo;un des commissariats de police.<\/p>\n","protected":false},"excerpt":{"rendered":"<p>Le jeudi 13 novembre, une vingtaine de dommages aux v\u00e9hicules sous forme d&rsquo;\u00e9raflures ont \u00e9t\u00e9 signal\u00e9s \u00e0 la zone de police de Weser-G\u00f6hl. Aux petites<\/p>\n","protected":false},"author":1,"featured_media":11315,"comment_status":"","ping_status":"","sticky":false,"template":"","format":"standard","meta":{"footnotes":""},"categories":[298],"tags":[2351,2329,4555,9246,130,110,3623,9247],"class_list":["post-11314","post","type-post","status-publish","format-standard","has-post-thumbnail","hentry","category-belgique","tag-domicile","tag-eupen","tag-homme","tag-raye","tag-sans","tag-une","tag-vehicules","tag-vingtaine","generate-columns","tablet-grid-50","mobile-grid-100","grid-parent","grid-33"],"yoast_head":"<!-- This site is optimized with the Yoast SEO plugin v24.0 - https:\/\/yoast.com\/wordpress\/plugins\/seo\/ -->\n<title>Un homme sans domicile raye une vingtaine de v\u00e9hicules \u00e0 Eupen | Vie Associative<\/title>\n<meta name=\"robots\" content=\"index, follow, max-snippet:-1, max-image-preview:large, max-video-preview:-1\" \/>\n<link rel=\"canonical\" href=\"https:\/\/vieassociative.be\/actualites\/un-homme-sans-domicile-raye-une-vingtaine-de-vehicules-a-eupen\/\" \/>\n<meta property=\"og:locale\" content=\"fr_FR\" \/>\n<meta property=\"og:type\" content=\"article\" \/>\n<meta property=\"og:title\" content=\"Un homme sans domicile raye une vingtaine de v\u00e9hicules \u00e0 Eupen | Vie Associative\" \/>\n<meta property=\"og:description\" content=\"Le jeudi 13 novembre, une vingtaine de dommages aux v\u00e9hicules sous forme d&rsquo;\u00e9raflures ont \u00e9t\u00e9 signal\u00e9s \u00e0 la zone de police de Weser-G\u00f6hl. Aux petites\" \/>\n<meta property=\"og:url\" content=\"https:\/\/vieassociative.be\/actualites\/un-homme-sans-domicile-raye-une-vingtaine-de-vehicules-a-eupen\/\" \/>\n<meta property=\"og:site_name\" content=\"Vie Associative\" \/>\n<meta property=\"article:published_time\" content=\"2025-11-14T20:18:57+00:00\" \/>\n<meta property=\"og:image\" content=\"https:\/\/vieassociative.be\/actualites\/wp-content\/uploads\/2024\/09\/header_backgroundk-01-e1726694325946.png\" \/>\n\t<meta property=\"og:image:width\" content=\"279\" \/>\n\t<meta property=\"og:image:height\" content=\"92\" \/>\n\t<meta property=\"og:image:type\" content=\"image\/png\" \/>\n<meta name=\"author\" content=\"Julien\" \/>\n<meta name=\"twitter:card\" content=\"summary_large_image\" \/>\n<meta name=\"twitter:label1\" content=\"\u00c9crit par\" \/>\n\t<meta name=\"twitter:data1\" content=\"Julien\" \/>\n\t<meta name=\"twitter:label2\" content=\"Dur\u00e9e de lecture est.\" \/>\n\t<meta name=\"twitter:data2\" content=\"1 minute\" \/>\n<script type=\"application\/ld+json\" class=\"yoast-schema-graph\">{\"@context\":\"https:\/\/schema.org\",\"@graph\":[{\"@type\":\"Article\",\"@id\":\"https:\/\/vieassociative.be\/actualites\/un-homme-sans-domicile-raye-une-vingtaine-de-vehicules-a-eupen\/#article\",\"isPartOf\":{\"@id\":\"https:\/\/vieassociative.be\/actualites\/un-homme-sans-domicile-raye-une-vingtaine-de-vehicules-a-eupen\/\"},\"author\":{\"name\":\"Julien\",\"@id\":\"https:\/\/vieassociative.be\/actualites\/#\/schema\/person\/b87ac4f82f9d4e7b7cec7395b679edc4\"},\"headline\":\"Un homme sans domicile raye une vingtaine de v\u00e9hicules \u00e0 Eupen\",\"datePublished\":\"2025-11-14T20:18:57+00:00\",\"dateModified\":\"2025-11-14T20:18:57+00:00\",\"mainEntityOfPage\":{\"@id\":\"https:\/\/vieassociative.be\/actualites\/un-homme-sans-domicile-raye-une-vingtaine-de-vehicules-a-eupen\/\"},\"wordCount\":194,\"publisher\":{\"@id\":\"https:\/\/vieassociative.be\/actualites\/#organization\"},\"image\":{\"@id\":\"https:\/\/vieassociative.be\/actualites\/un-homme-sans-domicile-raye-une-vingtaine-de-vehicules-a-eupen\/#primaryimage\"},\"thumbnailUrl\":\"https:\/\/vieassociative.be\/actualites\/wp-content\/uploads\/2025\/11\/Un-homme-sans-domicile-raye-une-vingtaine-de-vehicules-a.jpg\",\"keywords\":[\"domicile\",\"Eupen\",\"homme\",\"raye\",\"sans\",\"une\",\"v\u00e9hicules\",\"vingtaine\"],\"articleSection\":[\"Belgique\"],\"inLanguage\":\"fr-BE\"},{\"@type\":\"WebPage\",\"@id\":\"https:\/\/vieassociative.be\/actualites\/un-homme-sans-domicile-raye-une-vingtaine-de-vehicules-a-eupen\/\",\"url\":\"https:\/\/vieassociative.be\/actualites\/un-homme-sans-domicile-raye-une-vingtaine-de-vehicules-a-eupen\/\",\"name\":\"Un homme sans domicile raye une vingtaine de v\u00e9hicules \u00e0 Eupen | Vie Associative\",\"isPartOf\":{\"@id\":\"https:\/\/vieassociative.be\/actualites\/#website\"},\"primaryImageOfPage\":{\"@id\":\"https:\/\/vieassociative.be\/actualites\/un-homme-sans-domicile-raye-une-vingtaine-de-vehicules-a-eupen\/#primaryimage\"},\"image\":{\"@id\":\"https:\/\/vieassociative.be\/actualites\/un-homme-sans-domicile-raye-une-vingtaine-de-vehicules-a-eupen\/#primaryimage\"},\"thumbnailUrl\":\"https:\/\/vieassociative.be\/actualites\/wp-content\/uploads\/2025\/11\/Un-homme-sans-domicile-raye-une-vingtaine-de-vehicules-a.jpg\",\"datePublished\":\"2025-11-14T20:18:57+00:00\",\"dateModified\":\"2025-11-14T20:18:57+00:00\",\"breadcrumb\":{\"@id\":\"https:\/\/vieassociative.be\/actualites\/un-homme-sans-domicile-raye-une-vingtaine-de-vehicules-a-eupen\/#breadcrumb\"},\"inLanguage\":\"fr-BE\",\"potentialAction\":[{\"@type\":\"ReadAction\",\"target\":[\"https:\/\/vieassociative.be\/actualites\/un-homme-sans-domicile-raye-une-vingtaine-de-vehicules-a-eupen\/\"]}]},{\"@type\":\"ImageObject\",\"inLanguage\":\"fr-BE\",\"@id\":\"https:\/\/vieassociative.be\/actualites\/un-homme-sans-domicile-raye-une-vingtaine-de-vehicules-a-eupen\/#primaryimage\",\"url\":\"https:\/\/vieassociative.be\/actualites\/wp-content\/uploads\/2025\/11\/Un-homme-sans-domicile-raye-une-vingtaine-de-vehicules-a.jpg\",\"contentUrl\":\"https:\/\/vieassociative.be\/actualites\/wp-content\/uploads\/2025\/11\/Un-homme-sans-domicile-raye-une-vingtaine-de-vehicules-a.jpg\",\"width\":1200,\"height\":600,\"caption\":\"Un homme sans domicile raye une vingtaine de v\u00e9hicules \u00e0 Eupen\"},{\"@type\":\"BreadcrumbList\",\"@id\":\"https:\/\/vieassociative.be\/actualites\/un-homme-sans-domicile-raye-une-vingtaine-de-vehicules-a-eupen\/#breadcrumb\",\"itemListElement\":[{\"@type\":\"ListItem\",\"position\":1,\"name\":\"Accueil\",\"item\":\"https:\/\/vieassociative.be\/actualites\/\"},{\"@type\":\"ListItem\",\"position\":2,\"name\":\"Un homme sans domicile raye une vingtaine de v\u00e9hicules \u00e0 Eupen\"}]},{\"@type\":\"WebSite\",\"@id\":\"https:\/\/vieassociative.be\/actualites\/#website\",\"url\":\"https:\/\/vieassociative.be\/actualites\/\",\"name\":\"Vie Associative\",\"description\":\"\",\"publisher\":{\"@id\":\"https:\/\/vieassociative.be\/actualites\/#organization\"},\"potentialAction\":[{\"@type\":\"SearchAction\",\"target\":{\"@type\":\"EntryPoint\",\"urlTemplate\":\"https:\/\/vieassociative.be\/actualites\/?s={search_term_string}\"},\"query-input\":{\"@type\":\"PropertyValueSpecification\",\"valueRequired\":true,\"valueName\":\"search_term_string\"}}],\"inLanguage\":\"fr-BE\"},{\"@type\":\"Organization\",\"@id\":\"https:\/\/vieassociative.be\/actualites\/#organization\",\"name\":\"Vie Associative\",\"url\":\"https:\/\/vieassociative.be\/actualites\/\",\"logo\":{\"@type\":\"ImageObject\",\"inLanguage\":\"fr-BE\",\"@id\":\"https:\/\/vieassociative.be\/actualites\/#\/schema\/logo\/image\/\",\"url\":\"https:\/\/vieassociative.be\/actualites\/wp-content\/uploads\/2024\/09\/cropped-vieassociative_favicon.ico.png\",\"contentUrl\":\"https:\/\/vieassociative.be\/actualites\/wp-content\/uploads\/2024\/09\/cropped-vieassociative_favicon.ico.png\",\"width\":512,\"height\":512,\"caption\":\"Vie Associative\"},\"image\":{\"@id\":\"https:\/\/vieassociative.be\/actualites\/#\/schema\/logo\/image\/\"}},{\"@type\":\"Person\",\"@id\":\"https:\/\/vieassociative.be\/actualites\/#\/schema\/person\/b87ac4f82f9d4e7b7cec7395b679edc4\",\"name\":\"Julien\",\"image\":{\"@type\":\"ImageObject\",\"inLanguage\":\"fr-BE\",\"@id\":\"https:\/\/vieassociative.be\/actualites\/#\/schema\/person\/image\/\",\"url\":\"https:\/\/vieassociative.be\/actualites\/wp-content\/uploads\/2024\/09\/vie-associative-1-150x150.jpg\",\"contentUrl\":\"https:\/\/vieassociative.be\/actualites\/wp-content\/uploads\/2024\/09\/vie-associative-1-150x150.jpg\",\"caption\":\"Julien\"},\"description\":\"Je suis Julien, r\u00e9dacteur pour Vie Associative. Passionn\u00e9 par le monde associatif depuis plus de 10 ans, j'ai \u00e0 c\u0153ur de partager des histoires inspirantes et de mettre en lumi\u00e8re les initiatives locales. Mon objectif est de sensibiliser et d'encourager l'engagement communautaire \u00e0 travers mes articles.\",\"sameAs\":[\"https:\/\/vieassociative.be\/\"]}]}<\/script>\n<!-- \/ Yoast SEO plugin. -->","yoast_head_json":{"title":"Un homme sans domicile raye une vingtaine de v\u00e9hicules \u00e0 Eupen | Vie Associative","robots":{"index":"index","follow":"follow","max-snippet":"max-snippet:-1","max-image-preview":"max-image-preview:large","max-video-preview":"max-video-preview:-1"},"canonical":"https:\/\/vieassociative.be\/actualites\/un-homme-sans-domicile-raye-une-vingtaine-de-vehicules-a-eupen\/","og_locale":"fr_FR","og_type":"article","og_title":"Un homme sans domicile raye une vingtaine de v\u00e9hicules \u00e0 Eupen | Vie Associative","og_description":"Le jeudi 13 novembre, une vingtaine de dommages aux v\u00e9hicules sous forme d&rsquo;\u00e9raflures ont \u00e9t\u00e9 signal\u00e9s \u00e0 la zone de police de Weser-G\u00f6hl. Aux petites","og_url":"https:\/\/vieassociative.be\/actualites\/un-homme-sans-domicile-raye-une-vingtaine-de-vehicules-a-eupen\/","og_site_name":"Vie Associative","article_published_time":"2025-11-14T20:18:57+00:00","og_image":[{"width":279,"height":92,"url":"https:\/\/vieassociative.be\/actualites\/wp-content\/uploads\/2024\/09\/header_backgroundk-01-e1726694325946.png","type":"image\/png"}],"author":"Julien","twitter_card":"summary_large_image","twitter_misc":{"\u00c9crit par":"Julien","Dur\u00e9e de lecture est.":"1 minute"},"schema":{"@context":"https:\/\/schema.org","@graph":[{"@type":"Article","@id":"https:\/\/vieassociative.be\/actualites\/un-homme-sans-domicile-raye-une-vingtaine-de-vehicules-a-eupen\/#article","isPartOf":{"@id":"https:\/\/vieassociative.be\/actualites\/un-homme-sans-domicile-raye-une-vingtaine-de-vehicules-a-eupen\/"},"author":{"name":"Julien","@id":"https:\/\/vieassociative.be\/actualites\/#\/schema\/person\/b87ac4f82f9d4e7b7cec7395b679edc4"},"headline":"Un homme sans domicile raye une vingtaine de v\u00e9hicules \u00e0 Eupen","datePublished":"2025-11-14T20:18:57+00:00","dateModified":"2025-11-14T20:18:57+00:00","mainEntityOfPage":{"@id":"https:\/\/vieassociative.be\/actualites\/un-homme-sans-domicile-raye-une-vingtaine-de-vehicules-a-eupen\/"},"wordCount":194,"publisher":{"@id":"https:\/\/vieassociative.be\/actualites\/#organization"},"image":{"@id":"https:\/\/vieassociative.be\/actualites\/un-homme-sans-domicile-raye-une-vingtaine-de-vehicules-a-eupen\/#primaryimage"},"thumbnailUrl":"https:\/\/vieassociative.be\/actualites\/wp-content\/uploads\/2025\/11\/Un-homme-sans-domicile-raye-une-vingtaine-de-vehicules-a.jpg","keywords":["domicile","Eupen","homme","raye","sans","une","v\u00e9hicules","vingtaine"],"articleSection":["Belgique"],"inLanguage":"fr-BE"},{"@type":"WebPage","@id":"https:\/\/vieassociative.be\/actualites\/un-homme-sans-domicile-raye-une-vingtaine-de-vehicules-a-eupen\/","url":"https:\/\/vieassociative.be\/actualites\/un-homme-sans-domicile-raye-une-vingtaine-de-vehicules-a-eupen\/","name":"Un homme sans domicile raye une vingtaine de v\u00e9hicules \u00e0 Eupen | Vie Associative","isPartOf":{"@id":"https:\/\/vieassociative.be\/actualites\/#website"},"primaryImageOfPage":{"@id":"https:\/\/vieassociative.be\/actualites\/un-homme-sans-domicile-raye-une-vingtaine-de-vehicules-a-eupen\/#primaryimage"},"image":{"@id":"https:\/\/vieassociative.be\/actualites\/un-homme-sans-domicile-raye-une-vingtaine-de-vehicules-a-eupen\/#primaryimage"},"thumbnailUrl":"https:\/\/vieassociative.be\/actualites\/wp-content\/uploads\/2025\/11\/Un-homme-sans-domicile-raye-une-vingtaine-de-vehicules-a.jpg","datePublished":"2025-11-14T20:18:57+00:00","dateModified":"2025-11-14T20:18:57+00:00","breadcrumb":{"@id":"https:\/\/vieassociative.be\/actualites\/un-homme-sans-domicile-raye-une-vingtaine-de-vehicules-a-eupen\/#breadcrumb"},"inLanguage":"fr-BE","potentialAction":[{"@type":"ReadAction","target":["https:\/\/vieassociative.be\/actualites\/un-homme-sans-domicile-raye-une-vingtaine-de-vehicules-a-eupen\/"]}]},{"@type":"ImageObject","inLanguage":"fr-BE","@id":"https:\/\/vieassociative.be\/actualites\/un-homme-sans-domicile-raye-une-vingtaine-de-vehicules-a-eupen\/#primaryimage","url":"https:\/\/vieassociative.be\/actualites\/wp-content\/uploads\/2025\/11\/Un-homme-sans-domicile-raye-une-vingtaine-de-vehicules-a.jpg","contentUrl":"https:\/\/vieassociative.be\/actualites\/wp-content\/uploads\/2025\/11\/Un-homme-sans-domicile-raye-une-vingtaine-de-vehicules-a.jpg","width":1200,"height":600,"caption":"Un homme sans domicile raye une vingtaine de v\u00e9hicules \u00e0 Eupen"},{"@type":"BreadcrumbList","@id":"https:\/\/vieassociative.be\/actualites\/un-homme-sans-domicile-raye-une-vingtaine-de-vehicules-a-eupen\/#breadcrumb","itemListElement":[{"@type":"ListItem","position":1,"name":"Accueil","item":"https:\/\/vieassociative.be\/actualites\/"},{"@type":"ListItem","position":2,"name":"Un homme sans domicile raye une vingtaine de v\u00e9hicules \u00e0 Eupen"}]},{"@type":"WebSite","@id":"https:\/\/vieassociative.be\/actualites\/#website","url":"https:\/\/vieassociative.be\/actualites\/","name":"Vie Associative","description":"","publisher":{"@id":"https:\/\/vieassociative.be\/actualites\/#organization"},"potentialAction":[{"@type":"SearchAction","target":{"@type":"EntryPoint","urlTemplate":"https:\/\/vieassociative.be\/actualites\/?s={search_term_string}"},"query-input":{"@type":"PropertyValueSpecification","valueRequired":true,"valueName":"search_term_string"}}],"inLanguage":"fr-BE"},{"@type":"Organization","@id":"https:\/\/vieassociative.be\/actualites\/#organization","name":"Vie Associative","url":"https:\/\/vieassociative.be\/actualites\/","logo":{"@type":"ImageObject","inLanguage":"fr-BE","@id":"https:\/\/vieassociative.be\/actualites\/#\/schema\/logo\/image\/","url":"https:\/\/vieassociative.be\/actualites\/wp-content\/uploads\/2024\/09\/cropped-vieassociative_favicon.ico.png","contentUrl":"https:\/\/vieassociative.be\/actualites\/wp-content\/uploads\/2024\/09\/cropped-vieassociative_favicon.ico.png","width":512,"height":512,"caption":"Vie Associative"},"image":{"@id":"https:\/\/vieassociative.be\/actualites\/#\/schema\/logo\/image\/"}},{"@type":"Person","@id":"https:\/\/vieassociative.be\/actualites\/#\/schema\/person\/b87ac4f82f9d4e7b7cec7395b679edc4","name":"Julien","image":{"@type":"ImageObject","inLanguage":"fr-BE","@id":"https:\/\/vieassociative.be\/actualites\/#\/schema\/person\/image\/","url":"https:\/\/vieassociative.be\/actualites\/wp-content\/uploads\/2024\/09\/vie-associative-1-150x150.jpg","contentUrl":"https:\/\/vieassociative.be\/actualites\/wp-content\/uploads\/2024\/09\/vie-associative-1-150x150.jpg","caption":"Julien"},"description":"Je suis Julien, r\u00e9dacteur pour Vie Associative. Passionn\u00e9 par le monde associatif depuis plus de 10 ans, j'ai \u00e0 c\u0153ur de partager des histoires inspirantes et de mettre en lumi\u00e8re les initiatives locales. Mon objectif est de sensibiliser et d'encourager l'engagement communautaire \u00e0 travers mes articles.","sameAs":["https:\/\/vieassociative.be\/"]}]}},"_links":{"self":[{"href":"https:\/\/vieassociative.be\/actualites\/wp-json\/wp\/v2\/posts\/11314"}],"collection":[{"href":"https:\/\/vieassociative.be\/actualites\/wp-json\/wp\/v2\/posts"}],"about":[{"href":"https:\/\/vieassociative.be\/actualites\/wp-json\/wp\/v2\/types\/post"}],"author":[{"embeddable":true,"href":"https:\/\/vieassociative.be\/actualites\/wp-json\/wp\/v2\/users\/1"}],"replies":[{"embeddable":true,"href":"https:\/\/vieassociative.be\/actualites\/wp-json\/wp\/v2\/comments?post=11314"}],"version-history":[{"count":0,"href":"https:\/\/vieassociative.be\/actualites\/wp-json\/wp\/v2\/posts\/11314\/revisions"}],"wp:featuredmedia":[{"embeddable":true,"href":"https:\/\/vieassociative.be\/actualites\/wp-json\/wp\/v2\/media\/11315"}],"wp:attachment":[{"href":"https:\/\/vieassociative.be\/actualites\/wp-json\/wp\/v2\/media?parent=11314"}],"wp:term":[{"taxonomy":"category","embeddable":true,"href":"https:\/\/vieassociative.be\/actualites\/wp-json\/wp\/v2\/categories?post=11314"},{"taxonomy":"post_tag","embeddable":true,"href":"https:\/\/vieassociative.be\/actualites\/wp-json\/wp\/v2\/tags?post=11314"}],"curies":[{"name":"wp","href":"https:\/\/api.w.org\/{rel}","templated":true}]}}