{"id":11310,"date":"2025-11-14T15:18:19","date_gmt":"2025-11-14T14:18:19","guid":{"rendered":"https:\/\/vieassociative.be\/actualites\/la-belgique-soutient-une-initiative-contre-les-negationnistes-du-climat\/"},"modified":"2025-11-14T15:18:19","modified_gmt":"2025-11-14T14:18:19","slug":"la-belgique-soutient-une-initiative-contre-les-negationnistes-du-climat","status":"publish","type":"post","link":"https:\/\/vieassociative.be\/actualites\/la-belgique-soutient-une-initiative-contre-les-negationnistes-du-climat\/","title":{"rendered":"La Belgique soutient une initiative contre les n\u00e9gationnistes du climat"},"content":{"rendered":"<p><strong>Les chercheurs et les journalistes sont la cible des n\u00e9gationnistes du changement climatique et des n\u00e9gationnistes du changement climatique. La Belgique et d\u2019autres pays travaillent ensemble pour lutter contre les attaques cibl\u00e9es et la d\u00e9sinformation.<\/strong><\/p>\n<p><span id=\"more-429668\"><\/span>La Belgique soutient une initiative br\u00e9silienne visant \u00e0 lutter contre la d\u00e9sinformation autour de la crise climatique. Une d\u00e9claration faite lors de la conf\u00e9rence des Nations Unies sur le climat au Br\u00e9sil appelle les gouvernements, la soci\u00e9t\u00e9 civile, les universit\u00e9s et les donateurs \u00e0 lutter contre la d\u00e9sinformation, le d\u00e9ni et les attaques cibl\u00e9es contre les journalistes environnementaux, les militants pour le climat et les chercheurs. Dans le cas contraire, la protection climatique, indispensable d\u2019urgence, risque d\u2019\u00eatre compromise et la stabilit\u00e9 sociale menac\u00e9e.<\/p>\n<div id=\"attachment_429672\" class=\"wp-caption alignleft\" style=\"max-width: 300px\"><img fetchpriority=\"high\" decoding=\"async\" class=\"wp-image-429672 size-medium\" src=\"https:\/\/vieassociative.be\/actualites\/wp-content\/uploads\/2025\/11\/La-Belgique-soutient-une-initiative-contre-les-negationnistes-du-climat.jpg\" alt=\"\" width=\"300\" height=\"200\"><\/div>\n<p>Le secr\u00e9taire g\u00e9n\u00e9ral de l&rsquo;ONU, Ant\u00f3nio Guterres, est \u00e9galement \u00e0 l&rsquo;origine du projet. \u00ab Les scientifiques ne devraient jamais avoir peur de dire la v\u00e9rit\u00e9 \u00bb, a-t-il d\u00e9clar\u00e9, cit\u00e9 par l&rsquo;initiative.<\/p>\n<p>La Belgique, le Canada, la Finlande et l&rsquo;Allemagne sont de nouveaux membres, selon l&rsquo;annonce. Parmi eux figurent la France, l&rsquo;Espagne et le Canada, ainsi que le Chili, l&rsquo;Uruguay et la Su\u00e8de. Les signataires s&rsquo;engagent \u00e0 prot\u00e9ger l&rsquo;int\u00e9grit\u00e9 des informations sur le changement climatique.<\/p>\n<p>Au d\u00e9but de la conf\u00e9rence mondiale sur le climat COP30, qui s&rsquo;est tenue au Br\u00e9sil, le pr\u00e9sident br\u00e9silien Luiz In\u00e1cio Lula da Silva a \u00e9galement d\u00e9clar\u00e9 la guerre aux n\u00e9gationnistes du r\u00e9chauffement climatique. Cette \u00ab Conf\u00e9rence de la v\u00e9rit\u00e9 \u00bb vise \u00e9galement \u00e0 lutter contre la d\u00e9sinformation, a d\u00e9clar\u00e9 l\u2019homme politique de gauche.<\/p>\n<div id=\"attachment_429673\" class=\"wp-caption alignnone\" style=\"max-width: 300px\"><img decoding=\"async\" class=\"size-medium wp-image-429673\" src=\"https:\/\/vieassociative.be\/actualites\/wp-content\/uploads\/2025\/11\/1763129899_743_La-Belgique-soutient-une-initiative-contre-les-negationnistes-du-climat.jpg\" alt=\"\" width=\"300\" height=\"200\"><\/div>\n<p>Le pr\u00e9sident am\u00e9ricain Donald Trump a notamment qualifi\u00e9 le r\u00e9chauffement climatique de \u00ab canular \u00bb. Imm\u00e9diatement apr\u00e8s son entr\u00e9e en fonction en janvier, il a \u00e9galement annonc\u00e9 le retrait de son pays de l&rsquo;Accord de Paris sur le climat, qui vise \u00e0 limiter la hausse de la temp\u00e9rature mondiale bien en dessous de deux degr\u00e9s. La sortie entrera en vigueur d\u00e9but 2026. Les \u00c9tats-Unis avaient d\u00e9j\u00e0 tourn\u00e9 le dos \u00e0 l\u2019accord lors du premier mandat de Trump (2017 \u00e0 2021).<\/p>\n<p>Cependant, les \u00c9tats-Unis ne semblent pas unis, mais sont une nation divis\u00e9e en mati\u00e8re de protection du climat : en guise de signe contre Trump, plus d&rsquo;une centaine de repr\u00e9sentants d&rsquo;\u00c9tats et de localit\u00e9s am\u00e9ricaines participent \u00e0 la COP30. Le gouverneur de Californie Gavin Newsom veut surtout faire campagne pour la protection du climat \u00e0 Bel\u00e9m ; il se pr\u00e9sente depuis des mois comme l\u2019anti-Trump. La Californie veut devenir \u00ab climatiquement neutre \u00bb d\u2019ici 2045, c\u2019est-\u00e0-dire ne pas \u00e9mettre plus de gaz \u00e0 effet de serre qu\u2019elle ne peut compenser. (dpa\/cr\u00e9)<\/p>\n<p><em><strong>Sur le sujet, voir aussi l&rsquo;article suivant sur l&rsquo;OD :<\/strong><\/em><\/p>\n<div class=\"responsive-embed widescreen\">\n<blockquote class=\"wp-embedded-content\" data-secret=\"4ha4z0PsqR\">\n<p>L\u2019Amazonie en toile de fond : qu\u2019apportera la COP30 ? \u2013 Conf\u00e9rence mondiale sur le climat \u00e0 Bel\u00e9m (Questions et r\u00e9ponses)<\/p>\n<\/blockquote>\n<p><iframe loading=\"lazy\" class=\"wp-embedded-content\" sandbox=\"allow-scripts\" security=\"restricted\" style=\"position: absolute; visibility: hidden;\" title=\"\u201eDie Amazonas als Kulisse: Was bringt die COP30? \u2013 Weltklimakonferenz in Bel\u00e9m (Fragen &amp; Antworten)\u201c \u2014 Ostbelgien Direkt\" src=\"https:\/\/ostbelgiendirekt.be\/about:blank\" data-secret=\"4ha4z0PsqR\" width=\"500\" height=\"282\" frameborder=\"0\" marginwidth=\"0\" marginheight=\"0\" scrolling=\"no\" data-rocket-lazyload=\"fitvidscompatible\" data-lazy-src=\"https:\/\/ostbelgiendirekt.be\/amazonas-cop30-weltklimakonferenz-429175\/embed#?secret=3UJuUoRL4P#?secret=4ha4z0PsqR\"><\/iframe><noscript><iframe class=\"wp-embedded-content\" sandbox=\"allow-scripts\" security=\"restricted\" style=\"position: absolute; visibility: hidden;\" title=\"\u201eDie Amazonas als Kulisse: Was bringt die COP30? \u2013 Weltklimakonferenz in Bel\u00e9m (Fragen &amp; Antworten)\u201c \u2014 Ostbelgien Direkt\" src=\"https:\/\/ostbelgiendirekt.be\/amazonas-cop30-weltklimakonferenz-429175\/embed#?secret=3UJuUoRL4P#?secret=4ha4z0PsqR\" data-secret=\"4ha4z0PsqR\" width=\"500\" height=\"282\" frameborder=\"0\" marginwidth=\"0\" marginheight=\"0\" scrolling=\"no\"><\/iframe><\/noscript><\/p>\n<\/div>\n","protected":false},"excerpt":{"rendered":"<p>Les chercheurs et les journalistes sont la cible des n\u00e9gationnistes du changement climatique et des n\u00e9gationnistes du changement climatique. La Belgique et d\u2019autres pays travaillent<\/p>\n","protected":false},"author":1,"featured_media":11311,"comment_status":"","ping_status":"","sticky":false,"template":"","format":"standard","meta":{"footnotes":""},"categories":[298],"tags":[383,2991,796,9244,14,9245,5293,110],"class_list":["post-11310","post","type-post","status-publish","format-standard","has-post-thumbnail","hentry","category-belgique","tag-belgique","tag-climat","tag-contre","tag-initiative","tag-les","tag-negationnistes","tag-soutient","tag-une","generate-columns","tablet-grid-50","mobile-grid-100","grid-parent","grid-33"],"yoast_head":"<!-- This site is optimized with the Yoast SEO plugin v24.0 - https:\/\/yoast.com\/wordpress\/plugins\/seo\/ -->\n<title>La Belgique soutient une initiative contre les n\u00e9gationnistes du climat | Vie Associative<\/title>\n<meta name=\"robots\" content=\"index, follow, max-snippet:-1, max-image-preview:large, max-video-preview:-1\" \/>\n<link rel=\"canonical\" href=\"https:\/\/vieassociative.be\/actualites\/la-belgique-soutient-une-initiative-contre-les-negationnistes-du-climat\/\" \/>\n<meta property=\"og:locale\" content=\"fr_FR\" \/>\n<meta property=\"og:type\" content=\"article\" \/>\n<meta property=\"og:title\" content=\"La Belgique soutient une initiative contre les n\u00e9gationnistes du climat | Vie Associative\" \/>\n<meta property=\"og:description\" content=\"Les chercheurs et les journalistes sont la cible des n\u00e9gationnistes du changement climatique et des n\u00e9gationnistes du changement climatique. La Belgique et d\u2019autres pays travaillent\" \/>\n<meta property=\"og:url\" content=\"https:\/\/vieassociative.be\/actualites\/la-belgique-soutient-une-initiative-contre-les-negationnistes-du-climat\/\" \/>\n<meta property=\"og:site_name\" content=\"Vie Associative\" \/>\n<meta property=\"article:published_time\" content=\"2025-11-14T14:18:19+00:00\" \/>\n<meta property=\"og:image\" content=\"https:\/\/vieassociative.be\/actualites\/wp-content\/uploads\/2024\/09\/header_backgroundk-01-e1726694325946.png\" \/>\n\t<meta property=\"og:image:width\" content=\"279\" \/>\n\t<meta property=\"og:image:height\" content=\"92\" \/>\n\t<meta property=\"og:image:type\" content=\"image\/png\" \/>\n<meta name=\"author\" content=\"Julien\" \/>\n<meta name=\"twitter:card\" content=\"summary_large_image\" \/>\n<meta name=\"twitter:label1\" content=\"\u00c9crit par\" \/>\n\t<meta name=\"twitter:data1\" content=\"Julien\" \/>\n\t<meta name=\"twitter:label2\" content=\"Dur\u00e9e de lecture est.\" \/>\n\t<meta name=\"twitter:data2\" content=\"2 minutes\" \/>\n<script type=\"application\/ld+json\" class=\"yoast-schema-graph\">{\"@context\":\"https:\/\/schema.org\",\"@graph\":[{\"@type\":\"Article\",\"@id\":\"https:\/\/vieassociative.be\/actualites\/la-belgique-soutient-une-initiative-contre-les-negationnistes-du-climat\/#article\",\"isPartOf\":{\"@id\":\"https:\/\/vieassociative.be\/actualites\/la-belgique-soutient-une-initiative-contre-les-negationnistes-du-climat\/\"},\"author\":{\"name\":\"Julien\",\"@id\":\"https:\/\/vieassociative.be\/actualites\/#\/schema\/person\/b87ac4f82f9d4e7b7cec7395b679edc4\"},\"headline\":\"La Belgique soutient une initiative contre les n\u00e9gationnistes du climat\",\"datePublished\":\"2025-11-14T14:18:19+00:00\",\"dateModified\":\"2025-11-14T14:18:19+00:00\",\"mainEntityOfPage\":{\"@id\":\"https:\/\/vieassociative.be\/actualites\/la-belgique-soutient-une-initiative-contre-les-negationnistes-du-climat\/\"},\"wordCount\":513,\"publisher\":{\"@id\":\"https:\/\/vieassociative.be\/actualites\/#organization\"},\"image\":{\"@id\":\"https:\/\/vieassociative.be\/actualites\/la-belgique-soutient-une-initiative-contre-les-negationnistes-du-climat\/#primaryimage\"},\"thumbnailUrl\":\"https:\/\/vieassociative.be\/actualites\/wp-content\/uploads\/2025\/11\/1763129900_La-Belgique-soutient-une-initiative-contre-les-negationnistes-du-climat.jpg\",\"keywords\":[\"Belgique\",\"climat\",\"contre\",\"initiative\",\"Les\",\"n\u00e9gationnistes\",\"soutient\",\"une\"],\"articleSection\":[\"Belgique\"],\"inLanguage\":\"fr-BE\"},{\"@type\":\"WebPage\",\"@id\":\"https:\/\/vieassociative.be\/actualites\/la-belgique-soutient-une-initiative-contre-les-negationnistes-du-climat\/\",\"url\":\"https:\/\/vieassociative.be\/actualites\/la-belgique-soutient-une-initiative-contre-les-negationnistes-du-climat\/\",\"name\":\"La Belgique soutient une initiative contre les n\u00e9gationnistes du climat | Vie Associative\",\"isPartOf\":{\"@id\":\"https:\/\/vieassociative.be\/actualites\/#website\"},\"primaryImageOfPage\":{\"@id\":\"https:\/\/vieassociative.be\/actualites\/la-belgique-soutient-une-initiative-contre-les-negationnistes-du-climat\/#primaryimage\"},\"image\":{\"@id\":\"https:\/\/vieassociative.be\/actualites\/la-belgique-soutient-une-initiative-contre-les-negationnistes-du-climat\/#primaryimage\"},\"thumbnailUrl\":\"https:\/\/vieassociative.be\/actualites\/wp-content\/uploads\/2025\/11\/1763129900_La-Belgique-soutient-une-initiative-contre-les-negationnistes-du-climat.jpg\",\"datePublished\":\"2025-11-14T14:18:19+00:00\",\"dateModified\":\"2025-11-14T14:18:19+00:00\",\"breadcrumb\":{\"@id\":\"https:\/\/vieassociative.be\/actualites\/la-belgique-soutient-une-initiative-contre-les-negationnistes-du-climat\/#breadcrumb\"},\"inLanguage\":\"fr-BE\",\"potentialAction\":[{\"@type\":\"ReadAction\",\"target\":[\"https:\/\/vieassociative.be\/actualites\/la-belgique-soutient-une-initiative-contre-les-negationnistes-du-climat\/\"]}]},{\"@type\":\"ImageObject\",\"inLanguage\":\"fr-BE\",\"@id\":\"https:\/\/vieassociative.be\/actualites\/la-belgique-soutient-une-initiative-contre-les-negationnistes-du-climat\/#primaryimage\",\"url\":\"https:\/\/vieassociative.be\/actualites\/wp-content\/uploads\/2025\/11\/1763129900_La-Belgique-soutient-une-initiative-contre-les-negationnistes-du-climat.jpg\",\"contentUrl\":\"https:\/\/vieassociative.be\/actualites\/wp-content\/uploads\/2025\/11\/1763129900_La-Belgique-soutient-une-initiative-contre-les-negationnistes-du-climat.jpg\",\"width\":2561,\"height\":1849,\"caption\":\"La Belgique soutient une initiative contre les n\u00e9gationnistes du climat\"},{\"@type\":\"BreadcrumbList\",\"@id\":\"https:\/\/vieassociative.be\/actualites\/la-belgique-soutient-une-initiative-contre-les-negationnistes-du-climat\/#breadcrumb\",\"itemListElement\":[{\"@type\":\"ListItem\",\"position\":1,\"name\":\"Accueil\",\"item\":\"https:\/\/vieassociative.be\/actualites\/\"},{\"@type\":\"ListItem\",\"position\":2,\"name\":\"La Belgique soutient une initiative contre les n\u00e9gationnistes du climat\"}]},{\"@type\":\"WebSite\",\"@id\":\"https:\/\/vieassociative.be\/actualites\/#website\",\"url\":\"https:\/\/vieassociative.be\/actualites\/\",\"name\":\"Vie Associative\",\"description\":\"\",\"publisher\":{\"@id\":\"https:\/\/vieassociative.be\/actualites\/#organization\"},\"potentialAction\":[{\"@type\":\"SearchAction\",\"target\":{\"@type\":\"EntryPoint\",\"urlTemplate\":\"https:\/\/vieassociative.be\/actualites\/?s={search_term_string}\"},\"query-input\":{\"@type\":\"PropertyValueSpecification\",\"valueRequired\":true,\"valueName\":\"search_term_string\"}}],\"inLanguage\":\"fr-BE\"},{\"@type\":\"Organization\",\"@id\":\"https:\/\/vieassociative.be\/actualites\/#organization\",\"name\":\"Vie Associative\",\"url\":\"https:\/\/vieassociative.be\/actualites\/\",\"logo\":{\"@type\":\"ImageObject\",\"inLanguage\":\"fr-BE\",\"@id\":\"https:\/\/vieassociative.be\/actualites\/#\/schema\/logo\/image\/\",\"url\":\"https:\/\/vieassociative.be\/actualites\/wp-content\/uploads\/2024\/09\/cropped-vieassociative_favicon.ico.png\",\"contentUrl\":\"https:\/\/vieassociative.be\/actualites\/wp-content\/uploads\/2024\/09\/cropped-vieassociative_favicon.ico.png\",\"width\":512,\"height\":512,\"caption\":\"Vie Associative\"},\"image\":{\"@id\":\"https:\/\/vieassociative.be\/actualites\/#\/schema\/logo\/image\/\"}},{\"@type\":\"Person\",\"@id\":\"https:\/\/vieassociative.be\/actualites\/#\/schema\/person\/b87ac4f82f9d4e7b7cec7395b679edc4\",\"name\":\"Julien\",\"image\":{\"@type\":\"ImageObject\",\"inLanguage\":\"fr-BE\",\"@id\":\"https:\/\/vieassociative.be\/actualites\/#\/schema\/person\/image\/\",\"url\":\"https:\/\/vieassociative.be\/actualites\/wp-content\/uploads\/2024\/09\/vie-associative-1-150x150.jpg\",\"contentUrl\":\"https:\/\/vieassociative.be\/actualites\/wp-content\/uploads\/2024\/09\/vie-associative-1-150x150.jpg\",\"caption\":\"Julien\"},\"description\":\"Je suis Julien, r\u00e9dacteur pour Vie Associative. Passionn\u00e9 par le monde associatif depuis plus de 10 ans, j'ai \u00e0 c\u0153ur de partager des histoires inspirantes et de mettre en lumi\u00e8re les initiatives locales. Mon objectif est de sensibiliser et d'encourager l'engagement communautaire \u00e0 travers mes articles.\",\"sameAs\":[\"https:\/\/vieassociative.be\/\"]}]}<\/script>\n<!-- \/ Yoast SEO plugin. -->","yoast_head_json":{"title":"La Belgique soutient une initiative contre les n\u00e9gationnistes du climat | Vie Associative","robots":{"index":"index","follow":"follow","max-snippet":"max-snippet:-1","max-image-preview":"max-image-preview:large","max-video-preview":"max-video-preview:-1"},"canonical":"https:\/\/vieassociative.be\/actualites\/la-belgique-soutient-une-initiative-contre-les-negationnistes-du-climat\/","og_locale":"fr_FR","og_type":"article","og_title":"La Belgique soutient une initiative contre les n\u00e9gationnistes du climat | Vie Associative","og_description":"Les chercheurs et les journalistes sont la cible des n\u00e9gationnistes du changement climatique et des n\u00e9gationnistes du changement climatique. La Belgique et d\u2019autres pays travaillent","og_url":"https:\/\/vieassociative.be\/actualites\/la-belgique-soutient-une-initiative-contre-les-negationnistes-du-climat\/","og_site_name":"Vie Associative","article_published_time":"2025-11-14T14:18:19+00:00","og_image":[{"width":279,"height":92,"url":"https:\/\/vieassociative.be\/actualites\/wp-content\/uploads\/2024\/09\/header_backgroundk-01-e1726694325946.png","type":"image\/png"}],"author":"Julien","twitter_card":"summary_large_image","twitter_misc":{"\u00c9crit par":"Julien","Dur\u00e9e de lecture est.":"2 minutes"},"schema":{"@context":"https:\/\/schema.org","@graph":[{"@type":"Article","@id":"https:\/\/vieassociative.be\/actualites\/la-belgique-soutient-une-initiative-contre-les-negationnistes-du-climat\/#article","isPartOf":{"@id":"https:\/\/vieassociative.be\/actualites\/la-belgique-soutient-une-initiative-contre-les-negationnistes-du-climat\/"},"author":{"name":"Julien","@id":"https:\/\/vieassociative.be\/actualites\/#\/schema\/person\/b87ac4f82f9d4e7b7cec7395b679edc4"},"headline":"La Belgique soutient une initiative contre les n\u00e9gationnistes du climat","datePublished":"2025-11-14T14:18:19+00:00","dateModified":"2025-11-14T14:18:19+00:00","mainEntityOfPage":{"@id":"https:\/\/vieassociative.be\/actualites\/la-belgique-soutient-une-initiative-contre-les-negationnistes-du-climat\/"},"wordCount":513,"publisher":{"@id":"https:\/\/vieassociative.be\/actualites\/#organization"},"image":{"@id":"https:\/\/vieassociative.be\/actualites\/la-belgique-soutient-une-initiative-contre-les-negationnistes-du-climat\/#primaryimage"},"thumbnailUrl":"https:\/\/vieassociative.be\/actualites\/wp-content\/uploads\/2025\/11\/1763129900_La-Belgique-soutient-une-initiative-contre-les-negationnistes-du-climat.jpg","keywords":["Belgique","climat","contre","initiative","Les","n\u00e9gationnistes","soutient","une"],"articleSection":["Belgique"],"inLanguage":"fr-BE"},{"@type":"WebPage","@id":"https:\/\/vieassociative.be\/actualites\/la-belgique-soutient-une-initiative-contre-les-negationnistes-du-climat\/","url":"https:\/\/vieassociative.be\/actualites\/la-belgique-soutient-une-initiative-contre-les-negationnistes-du-climat\/","name":"La Belgique soutient une initiative contre les n\u00e9gationnistes du climat | Vie Associative","isPartOf":{"@id":"https:\/\/vieassociative.be\/actualites\/#website"},"primaryImageOfPage":{"@id":"https:\/\/vieassociative.be\/actualites\/la-belgique-soutient-une-initiative-contre-les-negationnistes-du-climat\/#primaryimage"},"image":{"@id":"https:\/\/vieassociative.be\/actualites\/la-belgique-soutient-une-initiative-contre-les-negationnistes-du-climat\/#primaryimage"},"thumbnailUrl":"https:\/\/vieassociative.be\/actualites\/wp-content\/uploads\/2025\/11\/1763129900_La-Belgique-soutient-une-initiative-contre-les-negationnistes-du-climat.jpg","datePublished":"2025-11-14T14:18:19+00:00","dateModified":"2025-11-14T14:18:19+00:00","breadcrumb":{"@id":"https:\/\/vieassociative.be\/actualites\/la-belgique-soutient-une-initiative-contre-les-negationnistes-du-climat\/#breadcrumb"},"inLanguage":"fr-BE","potentialAction":[{"@type":"ReadAction","target":["https:\/\/vieassociative.be\/actualites\/la-belgique-soutient-une-initiative-contre-les-negationnistes-du-climat\/"]}]},{"@type":"ImageObject","inLanguage":"fr-BE","@id":"https:\/\/vieassociative.be\/actualites\/la-belgique-soutient-une-initiative-contre-les-negationnistes-du-climat\/#primaryimage","url":"https:\/\/vieassociative.be\/actualites\/wp-content\/uploads\/2025\/11\/1763129900_La-Belgique-soutient-une-initiative-contre-les-negationnistes-du-climat.jpg","contentUrl":"https:\/\/vieassociative.be\/actualites\/wp-content\/uploads\/2025\/11\/1763129900_La-Belgique-soutient-une-initiative-contre-les-negationnistes-du-climat.jpg","width":2561,"height":1849,"caption":"La Belgique soutient une initiative contre les n\u00e9gationnistes du climat"},{"@type":"BreadcrumbList","@id":"https:\/\/vieassociative.be\/actualites\/la-belgique-soutient-une-initiative-contre-les-negationnistes-du-climat\/#breadcrumb","itemListElement":[{"@type":"ListItem","position":1,"name":"Accueil","item":"https:\/\/vieassociative.be\/actualites\/"},{"@type":"ListItem","position":2,"name":"La Belgique soutient une initiative contre les n\u00e9gationnistes du climat"}]},{"@type":"WebSite","@id":"https:\/\/vieassociative.be\/actualites\/#website","url":"https:\/\/vieassociative.be\/actualites\/","name":"Vie Associative","description":"","publisher":{"@id":"https:\/\/vieassociative.be\/actualites\/#organization"},"potentialAction":[{"@type":"SearchAction","target":{"@type":"EntryPoint","urlTemplate":"https:\/\/vieassociative.be\/actualites\/?s={search_term_string}"},"query-input":{"@type":"PropertyValueSpecification","valueRequired":true,"valueName":"search_term_string"}}],"inLanguage":"fr-BE"},{"@type":"Organization","@id":"https:\/\/vieassociative.be\/actualites\/#organization","name":"Vie Associative","url":"https:\/\/vieassociative.be\/actualites\/","logo":{"@type":"ImageObject","inLanguage":"fr-BE","@id":"https:\/\/vieassociative.be\/actualites\/#\/schema\/logo\/image\/","url":"https:\/\/vieassociative.be\/actualites\/wp-content\/uploads\/2024\/09\/cropped-vieassociative_favicon.ico.png","contentUrl":"https:\/\/vieassociative.be\/actualites\/wp-content\/uploads\/2024\/09\/cropped-vieassociative_favicon.ico.png","width":512,"height":512,"caption":"Vie Associative"},"image":{"@id":"https:\/\/vieassociative.be\/actualites\/#\/schema\/logo\/image\/"}},{"@type":"Person","@id":"https:\/\/vieassociative.be\/actualites\/#\/schema\/person\/b87ac4f82f9d4e7b7cec7395b679edc4","name":"Julien","image":{"@type":"ImageObject","inLanguage":"fr-BE","@id":"https:\/\/vieassociative.be\/actualites\/#\/schema\/person\/image\/","url":"https:\/\/vieassociative.be\/actualites\/wp-content\/uploads\/2024\/09\/vie-associative-1-150x150.jpg","contentUrl":"https:\/\/vieassociative.be\/actualites\/wp-content\/uploads\/2024\/09\/vie-associative-1-150x150.jpg","caption":"Julien"},"description":"Je suis Julien, r\u00e9dacteur pour Vie Associative. Passionn\u00e9 par le monde associatif depuis plus de 10 ans, j'ai \u00e0 c\u0153ur de partager des histoires inspirantes et de mettre en lumi\u00e8re les initiatives locales. Mon objectif est de sensibiliser et d'encourager l'engagement communautaire \u00e0 travers mes articles.","sameAs":["https:\/\/vieassociative.be\/"]}]}},"_links":{"self":[{"href":"https:\/\/vieassociative.be\/actualites\/wp-json\/wp\/v2\/posts\/11310"}],"collection":[{"href":"https:\/\/vieassociative.be\/actualites\/wp-json\/wp\/v2\/posts"}],"about":[{"href":"https:\/\/vieassociative.be\/actualites\/wp-json\/wp\/v2\/types\/post"}],"author":[{"embeddable":true,"href":"https:\/\/vieassociative.be\/actualites\/wp-json\/wp\/v2\/users\/1"}],"replies":[{"embeddable":true,"href":"https:\/\/vieassociative.be\/actualites\/wp-json\/wp\/v2\/comments?post=11310"}],"version-history":[{"count":0,"href":"https:\/\/vieassociative.be\/actualites\/wp-json\/wp\/v2\/posts\/11310\/revisions"}],"wp:featuredmedia":[{"embeddable":true,"href":"https:\/\/vieassociative.be\/actualites\/wp-json\/wp\/v2\/media\/11311"}],"wp:attachment":[{"href":"https:\/\/vieassociative.be\/actualites\/wp-json\/wp\/v2\/media?parent=11310"}],"wp:term":[{"taxonomy":"category","embeddable":true,"href":"https:\/\/vieassociative.be\/actualites\/wp-json\/wp\/v2\/categories?post=11310"},{"taxonomy":"post_tag","embeddable":true,"href":"https:\/\/vieassociative.be\/actualites\/wp-json\/wp\/v2\/tags?post=11310"}],"curies":[{"name":"wp","href":"https:\/\/api.w.org\/{rel}","templated":true}]}}